{"id":17840,"date":"2019-02-01T12:57:30","date_gmt":"2019-02-01T15:57:30","guid":{"rendered":"https:\/\/ubirataonline.com.br\/?p=17840"},"modified":"2019-02-01T13:15:51","modified_gmt":"2019-02-01T16:15:51","slug":"visita-a-setores-do-governo-marcou-viagem-do-prefeito-baco-a-curitiba","status":"publish","type":"post","link":"https:\/\/ubirataonline.com.br\/en\/visita-a-setores-do-governo-marcou-viagem-do-prefeito-baco-a-curitiba\/","title":{"rendered":"Visita a setores do governo marcou viagem do prefeito Baco a Curitiba"},"content":{"rendered":"<figure class=\"wp-block-image\"><img decoding=\"async\" src=\"https:\/\/ubirataonline.com.br\/wp-content\/uploads\/2019\/02\/2.jpg\" alt=\"\" class=\"wp-image-17841\"\/><\/figure>\n\n\n\n<p class=\"wp-block-paragraph\">Com o objetivo de conquistar novos recursos para mais obras\ne a\u00e7\u00f5es no munic\u00edpio e tamb\u00e9m para dar mais agilidade em projetos j\u00e1 andamento,\no prefeito Haroldo Fernandes Duarte \u2013 Baco, acompanhado do chefe de Gabinete,\nOsmar Pires da Silva e do assessor de Conv\u00eanios, Marcio Vanderlinde, cumpriu uma\nvasta agenda de trabalho essa semana em Curitiba.<\/p>\n\n\n\n<figure class=\"wp-block-image\"><img decoding=\"async\" src=\"https:\/\/ubirataonline.com.br\/wp-content\/uploads\/2019\/02\/3.jpg\" alt=\"\" class=\"wp-image-17842\"\/><\/figure>\n\n\n\n<p class=\"wp-block-paragraph\">No SEAB \u2013 Secretaria de Estado da Agricultura e\nAbastecimento, os ubiratanense foram atendidos pela chefe de Gabinete do\nsecret\u00e1rio Ortigara, a Vera e pelo t\u00e9cnico Jos\u00e9 Tarso. L\u00e1 a pauta consistiu na entrega\na complementa\u00e7\u00e3o do projeto de pavimenta\u00e7\u00e3o poli\u00e9drica nas subidas e descidas\nde estradas rurais no munic\u00edpio. O prefeito Baco tamb\u00e9m esteve com Jorge Lange,\npresidente da Cohapar onde solicitou mais habita\u00e7\u00f5es para Ubirat\u00e3 e tratado do\nconv\u00eanio entre a Cohapar e a Itaipu sobre as 20 unidades habitacionais que\nser\u00e3o constru\u00eddas em breve no munic\u00edpio. <\/p>\n\n\n\n<figure class=\"wp-block-image\"><img decoding=\"async\" src=\"https:\/\/ubirataonline.com.br\/wp-content\/uploads\/2019\/02\/4.jpg\" alt=\"\" class=\"wp-image-17843\"\/><\/figure>\n\n\n\n<p class=\"wp-block-paragraph\">Na SEDU &#8211; Secretaria de Estado de Desenvolvimento Urbano, o prefeito e assessores foram recebidos pelo Diretor Geral, Chico Santos e tamb\u00e9m pelo secret\u00e1rio Jo\u00e3o Carlos Ortega. Foram tratados os conv\u00eanios firmados com o Governo do Estado sendo eles a opera\u00e7\u00e3o de cr\u00e9dito para pavimenta\u00e7\u00e3o asf\u00e1ltica na Avenida Jo\u00e3o Medeiros e Rua Vereador Jorge Ant\u00f4nio de Oliveira, Programa Meu Campinho, bem como outros conv\u00eanios como para aquisi\u00e7\u00e3o de dois ve\u00edculos e a finaliza\u00e7\u00e3o da atualiza\u00e7\u00e3o do Plano Diretor Municipal de Ubirat\u00e3. O prefeito tamb\u00e9m visitou a Secretaria de Meio Ambiente, que ser\u00e1 comandada pelo deputado M\u00e1rcio Nunes e a Secretaria de Esporte que nesse novo governo foi integrada a Secretaria de Educa\u00e7\u00e3o. <\/p>\n\n\n\n<figure class=\"wp-block-image\"><img decoding=\"async\" src=\"https:\/\/ubirataonline.com.br\/wp-content\/uploads\/2019\/02\/5.jpg\" alt=\"\" class=\"wp-image-17844\"\/><\/figure>\n\n\n\n<p class=\"wp-block-paragraph\">Os ubiratanense tamb\u00e9m fizeram uma visita de cortesia ao\nnovo diretor do Detran Paran\u00e1, coronel Cesar Vinicius Kogut e ao seu chefe de\nGabinete coronel Puchetti para conhecer os diretores e sua equipe. O prefeito\ntamb\u00e9m visitou o gabinete do Deputado Estadual Tiago Amaral para tratar de\ndiversos outros assuntos relacionados a novas conquistas para Ubirat\u00e3. As\nassessoras do deputado Tiago, Laura e Marlene acompanhou a comitiva de Ubirat\u00e3\nem todos os setores do governo que foram visitados. <\/p>\n\n\n\n<figure class=\"wp-block-image\"><img decoding=\"async\" src=\"https:\/\/ubirataonline.com.br\/wp-content\/uploads\/2019\/02\/6.jpg\" alt=\"\" class=\"wp-image-17845\"\/><\/figure>\n\n\n\n<p class=\"wp-block-paragraph\">Na tarde desta sexta-feira (01), na Assembleia Legislativa do Estado do Paran\u00e1, o prefeito Baco, vereadores e assessores participam da solenidade de posse dos novos deputados estaduais. <\/p>\n\n\n\n<ul class=\"wp-block-gallery columns-2 is-cropped wp-block-gallery-1 is-layout-flex wp-block-gallery-is-layout-flex\"><li class=\"blocks-gallery-item\"><figure><a href=\"https:\/\/ubirataonline.com.br\/wp-content\/uploads\/2019\/02\/7-840x648.jpg\"><img decoding=\"async\" src=\"https:\/\/ubirataonline.com.br\/wp-content\/uploads\/2019\/02\/7-840x648.jpg\" alt=\"\" data-id=\"17846\" data-link=\"https:\/\/ubirataonline.com.br\/?attachment_id=17846\" class=\"wp-image-17846\"\/><\/a><\/figure><\/li><li class=\"blocks-gallery-item\"><figure><a href=\"https:\/\/ubirataonline.com.br\/wp-content\/uploads\/2019\/02\/8-840x648.jpg\"><img decoding=\"async\" src=\"https:\/\/ubirataonline.com.br\/wp-content\/uploads\/2019\/02\/8-840x648.jpg\" alt=\"\" data-id=\"17847\" data-link=\"https:\/\/ubirataonline.com.br\/?attachment_id=17847\" class=\"wp-image-17847\"\/><\/a><\/figure><\/li><li class=\"blocks-gallery-item\"><figure><a href=\"https:\/\/ubirataonline.com.br\/wp-content\/uploads\/2019\/02\/9-840x648.jpg\"><img decoding=\"async\" src=\"https:\/\/ubirataonline.com.br\/wp-content\/uploads\/2019\/02\/9-840x648.jpg\" alt=\"\" data-id=\"17848\" data-link=\"https:\/\/ubirataonline.com.br\/?attachment_id=17848\" class=\"wp-image-17848\"\/><\/a><\/figure><\/li><li class=\"blocks-gallery-item\"><figure><a href=\"https:\/\/ubirataonline.com.br\/wp-content\/uploads\/2019\/02\/11-840x560.jpg\"><img decoding=\"async\" src=\"https:\/\/ubirataonline.com.br\/wp-content\/uploads\/2019\/02\/11-840x560.jpg\" alt=\"\" data-id=\"17849\" data-link=\"https:\/\/ubirataonline.com.br\/?attachment_id=17849\" class=\"wp-image-17849\"\/><\/a><\/figure><\/li><li class=\"blocks-gallery-item\"><figure><a href=\"https:\/\/ubirataonline.com.br\/wp-content\/uploads\/2019\/02\/12-840x560.jpg\"><img decoding=\"async\" src=\"https:\/\/ubirataonline.com.br\/wp-content\/uploads\/2019\/02\/12-840x560.jpg\" alt=\"\" data-id=\"17850\" data-link=\"https:\/\/ubirataonline.com.br\/?attachment_id=17850\" class=\"wp-image-17850\"\/><\/a><\/figure><\/li><li class=\"blocks-gallery-item\"><figure><a href=\"https:\/\/ubirataonline.com.br\/wp-content\/uploads\/2019\/02\/13-840x560.jpg\"><img decoding=\"async\" src=\"https:\/\/ubirataonline.com.br\/wp-content\/uploads\/2019\/02\/13-840x560.jpg\" alt=\"\" data-id=\"17851\" data-link=\"https:\/\/ubirataonline.com.br\/?attachment_id=17851\" class=\"wp-image-17851\"\/><\/a><\/figure><\/li><li class=\"blocks-gallery-item\"><figure><a href=\"https:\/\/ubirataonline.com.br\/wp-content\/uploads\/2019\/02\/14-840x560.jpg\"><img decoding=\"async\" src=\"https:\/\/ubirataonline.com.br\/wp-content\/uploads\/2019\/02\/14-840x560.jpg\" alt=\"\" data-id=\"17852\" data-link=\"https:\/\/ubirataonline.com.br\/?attachment_id=17852\" class=\"wp-image-17852\"\/><\/a><\/figure><\/li><li class=\"blocks-gallery-item\"><figure><a href=\"https:\/\/ubirataonline.com.br\/wp-content\/uploads\/2019\/02\/15-840x648.jpg\"><img decoding=\"async\" src=\"https:\/\/ubirataonline.com.br\/wp-content\/uploads\/2019\/02\/15-840x648.jpg\" alt=\"\" data-id=\"17853\" data-link=\"https:\/\/ubirataonline.com.br\/?attachment_id=17853\" class=\"wp-image-17853\"\/><\/a><\/figure><\/li><li class=\"blocks-gallery-item\"><figure><a href=\"blob:https:\/\/ubirataonline.com.br\/746f40bf-b0cd-47e8-8620-bb1aed1651e5\"><img decoding=\"async\" src=\"blob:https:\/\/ubirataonline.com.br\/746f40bf-b0cd-47e8-8620-bb1aed1651e5\"\/><\/a><\/figure><\/li><li class=\"blocks-gallery-item\"><figure><a href=\"blob:https:\/\/ubirataonline.com.br\/53caf02e-d61c-4954-a701-2b7259e03926\"><img decoding=\"async\" src=\"blob:https:\/\/ubirataonline.com.br\/53caf02e-d61c-4954-a701-2b7259e03926\"\/><\/a><\/figure><\/li><li class=\"blocks-gallery-item\"><figure><a href=\"blob:https:\/\/ubirataonline.com.br\/6f03219d-71ac-44b7-b39c-4a2b2e16068e\"><img decoding=\"async\" src=\"blob:https:\/\/ubirataonline.com.br\/6f03219d-71ac-44b7-b39c-4a2b2e16068e\"\/><\/a><\/figure><\/li><li class=\"blocks-gallery-item\"><figure><a href=\"https:\/\/ubirataonline.com.br\/wp-content\/uploads\/2019\/02\/a4-840x712.jpg\"><img decoding=\"async\" src=\"https:\/\/ubirataonline.com.br\/wp-content\/uploads\/2019\/02\/a4-840x712.jpg\" alt=\"\" data-id=\"17862\" data-link=\"https:\/\/ubirataonline.com.br\/2019\/02\/01\/visita-a-setores-do-governo-marcou-viagem-do-prefeito-baco-a-curitiba\/a4-10\/\" class=\"wp-image-17862\"\/><\/a><\/figure><\/li><\/ul>","protected":false},"excerpt":{"rendered":"<p>Com o objetivo de conquistar novos recursos para mais obras e a\u00e7\u00f5es no munic\u00edpio e tamb\u00e9m para dar mais agilidade em projetos j\u00e1 andamento, o prefeito Haroldo Fernandes Duarte \u2013 Baco, acompanhado do chefe de Gabinete, Osmar Pires da Silva e do assessor de Conv\u00eanios, Marcio Vanderlinde, cumpriu uma vasta agenda de trabalho essa semana [&hellip;]<\/p>\n","protected":false},"author":1,"featured_media":0,"comment_status":"closed","ping_status":"closed","sticky":false,"template":"","format":"standard","meta":{"googlesitekit_rrm_CAow2JLhCw:productID":"","_gspb_post_css":"","maa_idioma":"","maa_pais":"","footnotes":""},"categories":[1],"tags":[],"class_list":["post-17840","post","type-post","status-publish","format-standard","hentry","category-ubirata"],"blocksy_meta":[],"yoast_head":"<!-- This site is optimized with the Yoast SEO Premium plugin v27.6 (Yoast SEO v27.6) - https:\/\/yoast.com\/product\/yoast-seo-premium-wordpress\/ -->\n<title>Visita a setores do governo marcou viagem do prefeito Baco a Curitiba - Ubirat\u00e3 Online Not\u00edcias - A realidade ao seu alcance!<\/title>\n<meta name=\"description\" content=\"Com o objetivo de conquistar novos recursos para mais obras e a\u00e7\u00f5es no munic\u00edpio e tamb\u00e9m para dar mais agilidade em projetos j\u00e1 andamento, o prefeito\" \/>\n<meta name=\"robots\" content=\"index, follow, max-snippet:-1, max-image-preview:large, max-video-preview:-1\" \/>\n<link rel=\"canonical\" href=\"https:\/\/ubirataonline.com.br\/en\/visita-a-setores-do-governo-marcou-viagem-do-prefeito-baco-a-curitiba\/\" \/>\n<meta property=\"og:locale\" content=\"en_US\" \/>\n<meta property=\"og:type\" content=\"article\" \/>\n<meta property=\"og:title\" content=\"Visita a setores do governo marcou viagem do prefeito Baco a Curitiba\" \/>\n<meta property=\"og:description\" content=\"Com o objetivo de conquistar novos recursos para mais obras e a\u00e7\u00f5es no munic\u00edpio e tamb\u00e9m para dar mais agilidade em projetos j\u00e1 andamento, o prefeito\" \/>\n<meta property=\"og:url\" content=\"https:\/\/ubirataonline.com.br\/en\/visita-a-setores-do-governo-marcou-viagem-do-prefeito-baco-a-curitiba\/\" \/>\n<meta property=\"og:site_name\" content=\"Ubirat\u00e3 Online Not\u00edcias - A realidade ao seu alcance!\" \/>\n<meta property=\"article:publisher\" content=\"https:\/\/www.facebook.com\/portalubirataonline\" \/>\n<meta property=\"article:author\" content=\"https:\/\/www.facebook.com\/portalubirataonline\" \/>\n<meta property=\"article:published_time\" content=\"2019-02-01T15:57:30+00:00\" \/>\n<meta property=\"article:modified_time\" content=\"2019-02-01T16:15:51+00:00\" \/>\n<meta property=\"og:image\" content=\"https:\/\/ubirataonline.com.br\/wp-content\/uploads\/2019\/02\/2.jpg\" \/>\n<meta name=\"author\" content=\"REDA\u00c7\u00c3O: UBIRAT\u00c3 ONLINE - F\u00c1BIO AUGUSTO CELESTINO\" \/>\n<meta name=\"twitter:card\" content=\"summary_large_image\" \/>\n<meta name=\"twitter:creator\" content=\"@x.com\/ubirataonline\" \/>\n<meta name=\"twitter:site\" content=\"@ubirataonline\" \/>\n<meta name=\"twitter:label1\" content=\"Written by\" \/>\n\t<meta name=\"twitter:data1\" content=\"REDA\u00c7\u00c3O: UBIRAT\u00c3 ONLINE - F\u00c1BIO AUGUSTO CELESTINO\" \/>\n\t<meta name=\"twitter:label2\" content=\"Est. reading time\" \/>\n\t<meta name=\"twitter:data2\" content=\"2 minutes\" \/>\n<script type=\"application\/ld+json\" class=\"yoast-schema-graph\">{\"@context\":\"https:\\\/\\\/schema.org\",\"@graph\":[{\"@type\":\"NewsArticle\",\"@id\":\"https:\\\/\\\/ubirataonline.com.br\\\/visita-a-setores-do-governo-marcou-viagem-do-prefeito-baco-a-curitiba\\\/#article\",\"isPartOf\":{\"@id\":\"https:\\\/\\\/ubirataonline.com.br\\\/visita-a-setores-do-governo-marcou-viagem-do-prefeito-baco-a-curitiba\\\/\"},\"author\":{\"name\":\"REDA\u00c7\u00c3O: UBIRAT\u00c3 ONLINE - F\u00c1BIO AUGUSTO CELESTINO\",\"@id\":\"https:\\\/\\\/ubirataonline.com.br\\\/#\\\/schema\\\/person\\\/372f87bbd3fdd79b8556b84c98d0bc1c\"},\"headline\":\"Visita a setores do governo marcou viagem do prefeito Baco a Curitiba\",\"datePublished\":\"2019-02-01T15:57:30+00:00\",\"dateModified\":\"2019-02-01T16:15:51+00:00\",\"mainEntityOfPage\":{\"@id\":\"https:\\\/\\\/ubirataonline.com.br\\\/visita-a-setores-do-governo-marcou-viagem-do-prefeito-baco-a-curitiba\\\/\"},\"wordCount\":407,\"publisher\":{\"@id\":\"https:\\\/\\\/ubirataonline.com.br\\\/#organization\"},\"image\":{\"@id\":\"https:\\\/\\\/ubirataonline.com.br\\\/visita-a-setores-do-governo-marcou-viagem-do-prefeito-baco-a-curitiba\\\/#primaryimage\"},\"thumbnailUrl\":\"https:\\\/\\\/ubirataonline.com.br\\\/wp-content\\\/uploads\\\/2019\\\/02\\\/2.jpg\",\"articleSection\":[\"Ubirat\u00e3\"],\"inLanguage\":\"en-US\",\"copyrightYear\":\"2019\",\"copyrightHolder\":{\"@id\":\"https:\\\/\\\/ubirataonline.com.br\\\/en\\\/#organization\"}},{\"@type\":\"WebPage\",\"@id\":\"https:\\\/\\\/ubirataonline.com.br\\\/visita-a-setores-do-governo-marcou-viagem-do-prefeito-baco-a-curitiba\\\/\",\"url\":\"https:\\\/\\\/ubirataonline.com.br\\\/visita-a-setores-do-governo-marcou-viagem-do-prefeito-baco-a-curitiba\\\/\",\"name\":\"Visita a setores do governo marcou viagem do prefeito Baco a Curitiba - Ubirat\u00e3 Online Not\u00edcias - A realidade ao seu alcance!\",\"isPartOf\":{\"@id\":\"https:\\\/\\\/ubirataonline.com.br\\\/#website\"},\"primaryImageOfPage\":{\"@id\":\"https:\\\/\\\/ubirataonline.com.br\\\/visita-a-setores-do-governo-marcou-viagem-do-prefeito-baco-a-curitiba\\\/#primaryimage\"},\"image\":{\"@id\":\"https:\\\/\\\/ubirataonline.com.br\\\/visita-a-setores-do-governo-marcou-viagem-do-prefeito-baco-a-curitiba\\\/#primaryimage\"},\"thumbnailUrl\":\"https:\\\/\\\/ubirataonline.com.br\\\/wp-content\\\/uploads\\\/2019\\\/02\\\/2.jpg\",\"datePublished\":\"2019-02-01T15:57:30+00:00\",\"dateModified\":\"2019-02-01T16:15:51+00:00\",\"description\":\"Com o objetivo de conquistar novos recursos para mais obras e a\u00e7\u00f5es no munic\u00edpio e tamb\u00e9m para dar mais agilidade em projetos j\u00e1 andamento, o prefeito\",\"breadcrumb\":{\"@id\":\"https:\\\/\\\/ubirataonline.com.br\\\/visita-a-setores-do-governo-marcou-viagem-do-prefeito-baco-a-curitiba\\\/#breadcrumb\"},\"inLanguage\":\"en-US\",\"potentialAction\":[{\"@type\":\"ReadAction\",\"target\":[\"https:\\\/\\\/ubirataonline.com.br\\\/visita-a-setores-do-governo-marcou-viagem-do-prefeito-baco-a-curitiba\\\/\"]}]},{\"@type\":\"ImageObject\",\"inLanguage\":\"en-US\",\"@id\":\"https:\\\/\\\/ubirataonline.com.br\\\/visita-a-setores-do-governo-marcou-viagem-do-prefeito-baco-a-curitiba\\\/#primaryimage\",\"url\":\"https:\\\/\\\/ubirataonline.com.br\\\/wp-content\\\/uploads\\\/2019\\\/02\\\/2.jpg\",\"contentUrl\":\"https:\\\/\\\/ubirataonline.com.br\\\/wp-content\\\/uploads\\\/2019\\\/02\\\/2.jpg\"},{\"@type\":\"BreadcrumbList\",\"@id\":\"https:\\\/\\\/ubirataonline.com.br\\\/visita-a-setores-do-governo-marcou-viagem-do-prefeito-baco-a-curitiba\\\/#breadcrumb\",\"itemListElement\":[{\"@type\":\"ListItem\",\"position\":1,\"name\":\"In\u00edcio\",\"item\":\"https:\\\/\\\/ubirataonline.com.br\\\/\"},{\"@type\":\"ListItem\",\"position\":2,\"name\":\"Visita a setores do governo marcou viagem do prefeito Baco a Curitiba\"}]},{\"@type\":\"WebSite\",\"@id\":\"https:\\\/\\\/ubirataonline.com.br\\\/#website\",\"url\":\"https:\\\/\\\/ubirataonline.com.br\\\/\",\"name\":\"Ubirat\u00e3 Online Not\u00edcias\",\"description\":\"Not\u00edcias de Ubirat\u00e3, regi\u00e3o, Brasil e mundo, com informa\u00e7\u00e3o atualizada e compromisso com o leitor.\",\"publisher\":{\"@id\":\"https:\\\/\\\/ubirataonline.com.br\\\/#organization\"},\"alternateName\":\"Ubirat\u00e3 Online\",\"potentialAction\":[{\"@type\":\"SearchAction\",\"target\":{\"@type\":\"EntryPoint\",\"urlTemplate\":\"https:\\\/\\\/ubirataonline.com.br\\\/?s={search_term_string}\"},\"query-input\":{\"@type\":\"PropertyValueSpecification\",\"valueRequired\":true,\"valueName\":\"search_term_string\"}}],\"inLanguage\":\"en-US\"},{\"@type\":[\"Organization\",\"Place\"],\"@id\":\"https:\\\/\\\/ubirataonline.com.br\\\/#organization\",\"name\":\"Ubirat\u00e3 Online Not\u00edcias\",\"alternateName\":\"Ubirat\u00e3 Online\",\"url\":\"https:\\\/\\\/ubirataonline.com.br\\\/\",\"logo\":{\"@id\":\"https:\\\/\\\/ubirataonline.com.br\\\/visita-a-setores-do-governo-marcou-viagem-do-prefeito-baco-a-curitiba\\\/#local-main-organization-logo\"},\"image\":{\"@id\":\"https:\\\/\\\/ubirataonline.com.br\\\/visita-a-setores-do-governo-marcou-viagem-do-prefeito-baco-a-curitiba\\\/#local-main-organization-logo\"},\"sameAs\":[\"https:\\\/\\\/www.facebook.com\\\/portalubirataonline\",\"https:\\\/\\\/x.com\\\/ubirataonline\",\"https:\\\/\\\/mastodon.social\\\/@ubirataonline\",\"https:\\\/\\\/www.facebook.com\\\/groups\\\/311144672285604\",\"https:\\\/\\\/www.facebook.com\\\/UBTAOnline\",\"https:\\\/\\\/www.instagram.com\\\/portalubirataonline\\\/\",\"https:\\\/\\\/twitter.com\\\/ubirataonline\"],\"description\":\"Somos um portal de not\u00edcias independente, criado em 5 de janeiro de 2009, com o objetivo de informar, conectar e valorizar a nossa comunidade de Ubirat\u00e3 e toda aregi\u00e3o. Com conte\u00fado atualizado, confi\u00e1vel e relevante, o Ubirat\u00e3 Online \u00e9 o seu espa\u00e7o para ficar por dentro dos principais acontecimentos locais, regionais, Brasil, Mundo e de interesse geral. Nosso compromisso \u00e9 com a verdade, a transpar\u00eancia e o respeito ao leitor.\",\"legalName\":\"UBIRATA ONLINE NOT\u00cdCIAS\",\"foundingDate\":\"2009-01-05\",\"numberOfEmployees\":{\"@type\":\"QuantitativeValue\",\"minValue\":\"1\",\"maxValue\":\"10\"},\"publishingPrinciples\":\"https:\\\/\\\/ubirataonline.com.br\\\/faq\\\/\",\"address\":{\"@id\":\"https:\\\/\\\/ubirataonline.com.br\\\/visita-a-setores-do-governo-marcou-viagem-do-prefeito-baco-a-curitiba\\\/#local-main-place-address\"},\"geo\":{\"@type\":\"GeoCoordinates\",\"latitude\":\"-24.5361401\",\"longitude\":\"-52.9921776\"},\"telephone\":[\"+5544998308235\"],\"contactPoint\":{\"@type\":\"ContactPoint\",\"email\":\"contato@ubirataonline.com.br\"},\"openingHoursSpecification\":{\"@type\":\"OpeningHoursSpecification\",\"dayOfWeek\":[\"Monday\",\"Tuesday\",\"Wednesday\",\"Thursday\",\"Friday\",\"Saturday\",\"Sunday\"],\"opens\":\"00:00\",\"closes\":\"23:59\"},\"email\":\"contato@ubirataonline.com.br\",\"vatID\":\"47.621.418\\\/0001-80\"},{\"@type\":\"Person\",\"@id\":\"https:\\\/\\\/ubirataonline.com.br\\\/#\\\/schema\\\/person\\\/372f87bbd3fdd79b8556b84c98d0bc1c\",\"name\":\"REDA\u00c7\u00c3O: UBIRAT\u00c3 ONLINE - F\u00c1BIO AUGUSTO CELESTINO\",\"pronouns\":\"Ele\",\"description\":\"Desde 2003 trabalhando com not\u00edcias.\",\"sameAs\":[\"http:\\\/\\\/ubirataoline.com.br\",\"https:\\\/\\\/www.facebook.com\\\/portalubirataonline\",\"https:\\\/\\\/www.instagram.com\\\/ubirataonline_oficial\",\"https:\\\/\\\/x.com\\\/x.com\\\/ubirataonline\"],\"honorificPrefix\":\"Mr.\",\"honorificSuffix\":\"MD\",\"birthDate\":\"1980-06-16\",\"gender\":\"masculino\",\"award\":[\"V\u00e1rios pr\u00eamios de melhor portal da cidade\"],\"jobTitle\":\"Diretor\",\"url\":\"https:\\\/\\\/ubirataonline.com.br\\\/en\\\/author\\\/ubirataonline\\\/\"},{\"@type\":\"PostalAddress\",\"@id\":\"https:\\\/\\\/ubirataonline.com.br\\\/visita-a-setores-do-governo-marcou-viagem-do-prefeito-baco-a-curitiba\\\/#local-main-place-address\",\"streetAddress\":\"Rua dos Coqueiros, 104 - Bairro Boa Vista, Rua dos Coqueiros, 104 Bairro Boa Vista\",\"addressLocality\":\"UBIRATA\",\"postalCode\":\"85440-000\",\"addressRegion\":\"PR\",\"addressCountry\":\"BR\"},{\"@type\":\"ImageObject\",\"inLanguage\":\"en-US\",\"@id\":\"https:\\\/\\\/ubirataonline.com.br\\\/visita-a-setores-do-governo-marcou-viagem-do-prefeito-baco-a-curitiba\\\/#local-main-organization-logo\",\"url\":\"https:\\\/\\\/ubirataonline.com.br\\\/wp-content\\\/uploads\\\/2026\\\/06\\\/logoubirataonline-1.webp\",\"contentUrl\":\"https:\\\/\\\/ubirataonline.com.br\\\/wp-content\\\/uploads\\\/2026\\\/06\\\/logoubirataonline-1.webp\",\"width\":500,\"height\":500,\"caption\":\"Ubirat\u00e3 Online Not\u00edcias\"}]}<\/script>\n<meta name=\"geo.placename\" content=\"UBIRATA\" \/>\n<meta name=\"geo.position\" content=\"-24.5361401;-52.9921776\" \/>\n<meta name=\"geo.region\" content=\"Brazil\" \/>\n<!-- \/ Yoast SEO Premium plugin. -->","yoast_head_json":{"title":"Visita a setores do governo marcou viagem do prefeito Baco a Curitiba - Ubirat\u00e3 Online Not\u00edcias - A realidade ao seu alcance!","description":"Com o objetivo de conquistar novos recursos para mais obras e a\u00e7\u00f5es no munic\u00edpio e tamb\u00e9m para dar mais agilidade em projetos j\u00e1 andamento, o prefeito","robots":{"index":"index","follow":"follow","max-snippet":"max-snippet:-1","max-image-preview":"max-image-preview:large","max-video-preview":"max-video-preview:-1"},"canonical":"https:\/\/ubirataonline.com.br\/en\/visita-a-setores-do-governo-marcou-viagem-do-prefeito-baco-a-curitiba\/","og_locale":"en_US","og_type":"article","og_title":"Visita a setores do governo marcou viagem do prefeito Baco a Curitiba","og_description":"Com o objetivo de conquistar novos recursos para mais obras e a\u00e7\u00f5es no munic\u00edpio e tamb\u00e9m para dar mais agilidade em projetos j\u00e1 andamento, o prefeito","og_url":"https:\/\/ubirataonline.com.br\/en\/visita-a-setores-do-governo-marcou-viagem-do-prefeito-baco-a-curitiba\/","og_site_name":"Ubirat\u00e3 Online Not\u00edcias - A realidade ao seu alcance!","article_publisher":"https:\/\/www.facebook.com\/portalubirataonline","article_author":"https:\/\/www.facebook.com\/portalubirataonline","article_published_time":"2019-02-01T15:57:30+00:00","article_modified_time":"2019-02-01T16:15:51+00:00","og_image":[{"url":"https:\/\/ubirataonline.com.br\/wp-content\/uploads\/2019\/02\/2.jpg","type":"","width":"","height":""}],"author":"REDA\u00c7\u00c3O: UBIRAT\u00c3 ONLINE - F\u00c1BIO AUGUSTO CELESTINO","twitter_card":"summary_large_image","twitter_creator":"@x.com\/ubirataonline","twitter_site":"@ubirataonline","twitter_misc":{"Written by":"REDA\u00c7\u00c3O: UBIRAT\u00c3 ONLINE - F\u00c1BIO AUGUSTO CELESTINO","Est. reading time":"2 minutes"},"schema":{"@context":"https:\/\/schema.org","@graph":[{"@type":"NewsArticle","@id":"https:\/\/ubirataonline.com.br\/visita-a-setores-do-governo-marcou-viagem-do-prefeito-baco-a-curitiba\/#article","isPartOf":{"@id":"https:\/\/ubirataonline.com.br\/visita-a-setores-do-governo-marcou-viagem-do-prefeito-baco-a-curitiba\/"},"author":{"name":"REDA\u00c7\u00c3O: UBIRAT\u00c3 ONLINE - F\u00c1BIO AUGUSTO CELESTINO","@id":"https:\/\/ubirataonline.com.br\/#\/schema\/person\/372f87bbd3fdd79b8556b84c98d0bc1c"},"headline":"Visita a setores do governo marcou viagem do prefeito Baco a Curitiba","datePublished":"2019-02-01T15:57:30+00:00","dateModified":"2019-02-01T16:15:51+00:00","mainEntityOfPage":{"@id":"https:\/\/ubirataonline.com.br\/visita-a-setores-do-governo-marcou-viagem-do-prefeito-baco-a-curitiba\/"},"wordCount":407,"publisher":{"@id":"https:\/\/ubirataonline.com.br\/#organization"},"image":{"@id":"https:\/\/ubirataonline.com.br\/visita-a-setores-do-governo-marcou-viagem-do-prefeito-baco-a-curitiba\/#primaryimage"},"thumbnailUrl":"https:\/\/ubirataonline.com.br\/wp-content\/uploads\/2019\/02\/2.jpg","articleSection":["Ubirat\u00e3"],"inLanguage":"en-US","copyrightYear":"2019","copyrightHolder":{"@id":"https:\/\/ubirataonline.com.br\/en\/#organization"}},{"@type":"WebPage","@id":"https:\/\/ubirataonline.com.br\/visita-a-setores-do-governo-marcou-viagem-do-prefeito-baco-a-curitiba\/","url":"https:\/\/ubirataonline.com.br\/visita-a-setores-do-governo-marcou-viagem-do-prefeito-baco-a-curitiba\/","name":"Visita a setores do governo marcou viagem do prefeito Baco a Curitiba - Ubirat\u00e3 Online Not\u00edcias - A realidade ao seu alcance!","isPartOf":{"@id":"https:\/\/ubirataonline.com.br\/#website"},"primaryImageOfPage":{"@id":"https:\/\/ubirataonline.com.br\/visita-a-setores-do-governo-marcou-viagem-do-prefeito-baco-a-curitiba\/#primaryimage"},"image":{"@id":"https:\/\/ubirataonline.com.br\/visita-a-setores-do-governo-marcou-viagem-do-prefeito-baco-a-curitiba\/#primaryimage"},"thumbnailUrl":"https:\/\/ubirataonline.com.br\/wp-content\/uploads\/2019\/02\/2.jpg","datePublished":"2019-02-01T15:57:30+00:00","dateModified":"2019-02-01T16:15:51+00:00","description":"Com o objetivo de conquistar novos recursos para mais obras e a\u00e7\u00f5es no munic\u00edpio e tamb\u00e9m para dar mais agilidade em projetos j\u00e1 andamento, o prefeito","breadcrumb":{"@id":"https:\/\/ubirataonline.com.br\/visita-a-setores-do-governo-marcou-viagem-do-prefeito-baco-a-curitiba\/#breadcrumb"},"inLanguage":"en-US","potentialAction":[{"@type":"ReadAction","target":["https:\/\/ubirataonline.com.br\/visita-a-setores-do-governo-marcou-viagem-do-prefeito-baco-a-curitiba\/"]}]},{"@type":"ImageObject","inLanguage":"en-US","@id":"https:\/\/ubirataonline.com.br\/visita-a-setores-do-governo-marcou-viagem-do-prefeito-baco-a-curitiba\/#primaryimage","url":"https:\/\/ubirataonline.com.br\/wp-content\/uploads\/2019\/02\/2.jpg","contentUrl":"https:\/\/ubirataonline.com.br\/wp-content\/uploads\/2019\/02\/2.jpg"},{"@type":"BreadcrumbList","@id":"https:\/\/ubirataonline.com.br\/visita-a-setores-do-governo-marcou-viagem-do-prefeito-baco-a-curitiba\/#breadcrumb","itemListElement":[{"@type":"ListItem","position":1,"name":"In\u00edcio","item":"https:\/\/ubirataonline.com.br\/"},{"@type":"ListItem","position":2,"name":"Visita a setores do governo marcou viagem do prefeito Baco a Curitiba"}]},{"@type":"WebSite","@id":"https:\/\/ubirataonline.com.br\/#website","url":"https:\/\/ubirataonline.com.br\/","name":"Ubirat\u00e3 Online Not\u00edcias","description":"Not\u00edcias de Ubirat\u00e3, regi\u00e3o, Brasil e mundo, com informa\u00e7\u00e3o atualizada e compromisso com o leitor.","publisher":{"@id":"https:\/\/ubirataonline.com.br\/#organization"},"alternateName":"Ubirat\u00e3 Online","potentialAction":[{"@type":"SearchAction","target":{"@type":"EntryPoint","urlTemplate":"https:\/\/ubirataonline.com.br\/?s={search_term_string}"},"query-input":{"@type":"PropertyValueSpecification","valueRequired":true,"valueName":"search_term_string"}}],"inLanguage":"en-US"},{"@type":["Organization","Place"],"@id":"https:\/\/ubirataonline.com.br\/#organization","name":"Ubirat\u00e3 Online Not\u00edcias","alternateName":"Ubirat\u00e3 Online","url":"https:\/\/ubirataonline.com.br\/","logo":{"@id":"https:\/\/ubirataonline.com.br\/visita-a-setores-do-governo-marcou-viagem-do-prefeito-baco-a-curitiba\/#local-main-organization-logo"},"image":{"@id":"https:\/\/ubirataonline.com.br\/visita-a-setores-do-governo-marcou-viagem-do-prefeito-baco-a-curitiba\/#local-main-organization-logo"},"sameAs":["https:\/\/www.facebook.com\/portalubirataonline","https:\/\/x.com\/ubirataonline","https:\/\/mastodon.social\/@ubirataonline","https:\/\/www.facebook.com\/groups\/311144672285604","https:\/\/www.facebook.com\/UBTAOnline","https:\/\/www.instagram.com\/portalubirataonline\/","https:\/\/twitter.com\/ubirataonline"],"description":"Somos um portal de not\u00edcias independente, criado em 5 de janeiro de 2009, com o objetivo de informar, conectar e valorizar a nossa comunidade de Ubirat\u00e3 e toda aregi\u00e3o. Com conte\u00fado atualizado, confi\u00e1vel e relevante, o Ubirat\u00e3 Online \u00e9 o seu espa\u00e7o para ficar por dentro dos principais acontecimentos locais, regionais, Brasil, Mundo e de interesse geral. Nosso compromisso \u00e9 com a verdade, a transpar\u00eancia e o respeito ao leitor.","legalName":"UBIRATA ONLINE NOT\u00cdCIAS","foundingDate":"2009-01-05","numberOfEmployees":{"@type":"QuantitativeValue","minValue":"1","maxValue":"10"},"publishingPrinciples":"https:\/\/ubirataonline.com.br\/faq\/","address":{"@id":"https:\/\/ubirataonline.com.br\/visita-a-setores-do-governo-marcou-viagem-do-prefeito-baco-a-curitiba\/#local-main-place-address"},"geo":{"@type":"GeoCoordinates","latitude":"-24.5361401","longitude":"-52.9921776"},"telephone":["+5544998308235"],"contactPoint":{"@type":"ContactPoint","email":"contato@ubirataonline.com.br"},"openingHoursSpecification":{"@type":"OpeningHoursSpecification","dayOfWeek":["Monday","Tuesday","Wednesday","Thursday","Friday","Saturday","Sunday"],"opens":"00:00","closes":"23:59"},"email":"contato@ubirataonline.com.br","vatID":"47.621.418\/0001-80"},{"@type":"Person","@id":"https:\/\/ubirataonline.com.br\/#\/schema\/person\/372f87bbd3fdd79b8556b84c98d0bc1c","name":"REDA\u00c7\u00c3O: UBIRAT\u00c3 ONLINE - F\u00c1BIO AUGUSTO CELESTINO","pronouns":"Ele","description":"Desde 2003 trabalhando com not\u00edcias.","sameAs":["http:\/\/ubirataoline.com.br","https:\/\/www.facebook.com\/portalubirataonline","https:\/\/www.instagram.com\/ubirataonline_oficial","https:\/\/x.com\/x.com\/ubirataonline"],"honorificPrefix":"Mr.","honorificSuffix":"MD","birthDate":"1980-06-16","gender":"masculino","award":["V\u00e1rios pr\u00eamios de melhor portal da cidade"],"jobTitle":"Diretor","url":"https:\/\/ubirataonline.com.br\/en\/author\/ubirataonline\/"},{"@type":"PostalAddress","@id":"https:\/\/ubirataonline.com.br\/visita-a-setores-do-governo-marcou-viagem-do-prefeito-baco-a-curitiba\/#local-main-place-address","streetAddress":"Rua dos Coqueiros, 104 - Bairro Boa Vista, Rua dos Coqueiros, 104 Bairro Boa Vista","addressLocality":"UBIRATA","postalCode":"85440-000","addressRegion":"PR","addressCountry":"BR"},{"@type":"ImageObject","inLanguage":"en-US","@id":"https:\/\/ubirataonline.com.br\/visita-a-setores-do-governo-marcou-viagem-do-prefeito-baco-a-curitiba\/#local-main-organization-logo","url":"https:\/\/ubirataonline.com.br\/wp-content\/uploads\/2026\/06\/logoubirataonline-1.webp","contentUrl":"https:\/\/ubirataonline.com.br\/wp-content\/uploads\/2026\/06\/logoubirataonline-1.webp","width":500,"height":500,"caption":"Ubirat\u00e3 Online Not\u00edcias"}]},"geo.placename":"UBIRATA","geo.position":{"lat":"-24.5361401","long":"-52.9921776"},"geo.region":"Brazil"},"_links":{"self":[{"href":"https:\/\/ubirataonline.com.br\/en\/wp-json\/wp\/v2\/posts\/17840","targetHints":{"allow":["GET"]}}],"collection":[{"href":"https:\/\/ubirataonline.com.br\/en\/wp-json\/wp\/v2\/posts"}],"about":[{"href":"https:\/\/ubirataonline.com.br\/en\/wp-json\/wp\/v2\/types\/post"}],"author":[{"embeddable":true,"href":"https:\/\/ubirataonline.com.br\/en\/wp-json\/wp\/v2\/users\/1"}],"replies":[{"embeddable":true,"href":"https:\/\/ubirataonline.com.br\/en\/wp-json\/wp\/v2\/comments?post=17840"}],"version-history":[{"count":0,"href":"https:\/\/ubirataonline.com.br\/en\/wp-json\/wp\/v2\/posts\/17840\/revisions"}],"wp:attachment":[{"href":"https:\/\/ubirataonline.com.br\/en\/wp-json\/wp\/v2\/media?parent=17840"}],"wp:term":[{"taxonomy":"category","embeddable":true,"href":"https:\/\/ubirataonline.com.br\/en\/wp-json\/wp\/v2\/categories?post=17840"},{"taxonomy":"post_tag","embeddable":true,"href":"https:\/\/ubirataonline.com.br\/en\/wp-json\/wp\/v2\/tags?post=17840"}],"curies":[{"name":"wp","href":"https:\/\/api.w.org\/{rel}","templated":true}]}}