{"id":19288,"date":"2019-03-08T08:15:47","date_gmt":"2019-03-08T11:15:47","guid":{"rendered":"https:\/\/ubirataonline.com.br\/?p=19288"},"modified":"2019-03-08T08:15:51","modified_gmt":"2019-03-08T11:15:51","slug":"ubiratanenses-participam-da-etapa-de-mundo-novo-do-torneio-mais-verao-itaipu-de-volei-de-praia","status":"publish","type":"post","link":"https:\/\/ubirataonline.com.br\/en\/ubiratanenses-participam-da-etapa-de-mundo-novo-do-torneio-mais-verao-itaipu-de-volei-de-praia\/","title":{"rendered":"Ubiratanenses participam da etapa de Mundo Novo do Torneio Mais Ver\u00e3o Itaipu de V\u00f4lei de Praia"},"content":{"rendered":"<figure class=\"wp-block-image\"><img decoding=\"async\" src=\"https:\/\/ubirataonline.com.br\/wp-content\/uploads\/2019\/03\/2-8-1280x840.jpg\" alt=\"\" class=\"wp-image-19289\"\/><\/figure>\n\n\n\n<p class=\"wp-block-paragraph\">Nos dias 02 e 03 de mar\u00e7o de 2019 foi a vez da cidade de\nMundo Novo \u2013 Mato Grosso do Sul \u2013 sediar a \u00faltima etapa do Torneio Mais Ver\u00e3o\nItaipu de V\u00f4lei de Praia. Com um total de 24 duplas inscritas, os atletas de\nUbirat\u00e3 se destacaram ocupando dois lugares no p\u00f3dio. O 2\u00ba lugar ficou com a\ndupla Allyson Pereira e \u00c9lisson Crepusculi e o 3\u00ba lugar com a dupla Rafael\nMenon e Pedro Molina. A dupla Carlos Eduardo e Gustavo Rocha tamb\u00e9m\nparticiparam, mas acabaram caindo nas oitavas de final.<\/p>\n\n\n\n<figure class=\"wp-block-image\"><img decoding=\"async\" src=\"https:\/\/ubirataonline.com.br\/wp-content\/uploads\/2019\/03\/3-8.jpg\" alt=\"\" class=\"wp-image-19290\"\/><\/figure>\n\n\n\n<p class=\"wp-block-paragraph\">Neste torneio se reuniram atletas das cidades de Ubirat\u00e3,\nIguatemi, Amambai, Dois Vizinhos, Campo Grande, Marechal Candido Rondon, Gua\u00edra\ne Mundo Novo que por ser um torneio com premia\u00e7\u00e3o em dinheiro atraiu diversos\natletas de alto n\u00edvel da regi\u00e3o e tamb\u00e9m de cidades mais distantes.<\/p>\n\n\n\n<figure class=\"wp-block-image\"><img decoding=\"async\" src=\"https:\/\/ubirataonline.com.br\/wp-content\/uploads\/2019\/03\/4-8.jpg\" alt=\"\" class=\"wp-image-19291\"\/><\/figure>\n\n\n\n<p class=\"wp-block-paragraph\">O t\u00e9cnico Rafael Menon destaca seu orgulho pelo desempenho\nde seus atletas, por conseguirem desenvolver todo trabalho feito nos\ntreinamentos anteriores, e que agora o foco \u00e9 no Campeonato Paranaense que ser\u00e1\nrealizado em Ubirat\u00e3\/PR neste fim de semana 09 e 10\/03, torneio a qual a equipe\nparticipar\u00e1 nas categorias Masculino e Feminino Sub 17\/ Sub 19 e Adulto.<\/p>\n\n\n\n<p class=\"wp-block-paragraph\">A Pedreira Ubirata\/Unicesumar V\u00f4lei de Praia agradece a\nequipe organizadora do evento por todo o espet\u00e1culo, ao prefeito de Mundo\nNovo\/MS Valdomiro Sobrinho e ao prefeito Baco de Ubirat\u00e3, aos patrocinadores:\nPEDREIRA UBIRAT\u00c3\/ ERIKO KOIKE, UNICESUMAR, BARBEARIA DO GA\u00daCHO e PREFEITURA DE\nUBIRAT\u00c3 pela ajuda e confian\u00e7a que vem proporcionando e agradece tamb\u00e9m\ngrandemente \u00e0 Fam\u00edlia Crepusculi que acolheu os atletas com todo carinho e\naten\u00e7\u00e3o neste fim de semana agitado.<\/p>","protected":false},"excerpt":{"rendered":"<p>Nos dias 02 e 03 de mar\u00e7o de 2019 foi a vez da cidade de Mundo Novo \u2013 Mato Grosso do Sul \u2013 sediar a \u00faltima etapa do Torneio Mais Ver\u00e3o Itaipu de V\u00f4lei de Praia. Com um total de 24 duplas inscritas, os atletas de Ubirat\u00e3 se destacaram ocupando dois lugares no p\u00f3dio. O [&hellip;]<\/p>\n","protected":false},"author":1,"featured_media":0,"comment_status":"closed","ping_status":"closed","sticky":false,"template":"","format":"standard","meta":{"googlesitekit_rrm_CAow2JLhCw:productID":"","_gspb_post_css":"","maa_idioma":"","maa_pais":"","footnotes":""},"categories":[1],"tags":[],"class_list":["post-19288","post","type-post","status-publish","format-standard","hentry","category-ubirata"],"blocksy_meta":[],"yoast_head":"<!-- This site is optimized with the Yoast SEO Premium plugin v27.6 (Yoast SEO v27.6) - https:\/\/yoast.com\/product\/yoast-seo-premium-wordpress\/ -->\n<title>Ubiratanenses participam da etapa de Mundo Novo do Torneio Mais Ver\u00e3o Itaipu de V\u00f4lei de Praia - Ubirat\u00e3 Online Not\u00edcias - A realidade ao seu alcance!<\/title>\n<meta name=\"description\" content=\"Nos dias 02 e 03 de mar\u00e7o de 2019 foi a vez da cidade de Mundo Novo \u2013 Mato Grosso do Sul \u2013 sediar a \u00faltima etapa do Torneio Mais Ver\u00e3o Itaipu de V\u00f4lei de\" \/>\n<meta name=\"robots\" content=\"index, follow, max-snippet:-1, max-image-preview:large, max-video-preview:-1\" \/>\n<link rel=\"canonical\" href=\"https:\/\/ubirataonline.com.br\/en\/ubiratanenses-participam-da-etapa-de-mundo-novo-do-torneio-mais-verao-itaipu-de-volei-de-praia\/\" \/>\n<meta property=\"og:locale\" content=\"en_US\" \/>\n<meta property=\"og:type\" content=\"article\" \/>\n<meta property=\"og:title\" content=\"Ubiratanenses participam da etapa de Mundo Novo do Torneio Mais Ver\u00e3o Itaipu de V\u00f4lei de Praia\" \/>\n<meta property=\"og:description\" content=\"Nos dias 02 e 03 de mar\u00e7o de 2019 foi a vez da cidade de Mundo Novo \u2013 Mato Grosso do Sul \u2013 sediar a \u00faltima etapa do Torneio Mais Ver\u00e3o Itaipu de V\u00f4lei de\" \/>\n<meta property=\"og:url\" content=\"https:\/\/ubirataonline.com.br\/en\/ubiratanenses-participam-da-etapa-de-mundo-novo-do-torneio-mais-verao-itaipu-de-volei-de-praia\/\" \/>\n<meta property=\"og:site_name\" content=\"Ubirat\u00e3 Online Not\u00edcias - A realidade ao seu alcance!\" \/>\n<meta property=\"article:publisher\" content=\"https:\/\/www.facebook.com\/portalubirataonline\" \/>\n<meta property=\"article:author\" content=\"https:\/\/www.facebook.com\/portalubirataonline\" \/>\n<meta property=\"article:published_time\" content=\"2019-03-08T11:15:47+00:00\" \/>\n<meta property=\"article:modified_time\" content=\"2019-03-08T11:15:51+00:00\" \/>\n<meta property=\"og:image\" content=\"https:\/\/ubirataonline.com.br\/wp-content\/uploads\/2019\/03\/2-8-1280x840.jpg\" \/>\n<meta name=\"author\" content=\"REDA\u00c7\u00c3O: UBIRAT\u00c3 ONLINE - F\u00c1BIO AUGUSTO CELESTINO\" \/>\n<meta name=\"twitter:card\" content=\"summary_large_image\" \/>\n<meta name=\"twitter:creator\" content=\"@x.com\/ubirataonline\" \/>\n<meta name=\"twitter:site\" content=\"@ubirataonline\" \/>\n<meta name=\"twitter:label1\" content=\"Written by\" \/>\n\t<meta name=\"twitter:data1\" content=\"REDA\u00c7\u00c3O: UBIRAT\u00c3 ONLINE - F\u00c1BIO AUGUSTO CELESTINO\" \/>\n\t<meta name=\"twitter:label2\" content=\"Est. reading time\" \/>\n\t<meta name=\"twitter:data2\" content=\"1 minute\" \/>\n<script type=\"application\/ld+json\" class=\"yoast-schema-graph\">{\"@context\":\"https:\\\/\\\/schema.org\",\"@graph\":[{\"@type\":\"NewsArticle\",\"@id\":\"https:\\\/\\\/ubirataonline.com.br\\\/ubiratanenses-participam-da-etapa-de-mundo-novo-do-torneio-mais-verao-itaipu-de-volei-de-praia\\\/#article\",\"isPartOf\":{\"@id\":\"https:\\\/\\\/ubirataonline.com.br\\\/ubiratanenses-participam-da-etapa-de-mundo-novo-do-torneio-mais-verao-itaipu-de-volei-de-praia\\\/\"},\"author\":{\"name\":\"REDA\u00c7\u00c3O: UBIRAT\u00c3 ONLINE - F\u00c1BIO AUGUSTO CELESTINO\",\"@id\":\"https:\\\/\\\/ubirataonline.com.br\\\/#\\\/schema\\\/person\\\/372f87bbd3fdd79b8556b84c98d0bc1c\"},\"headline\":\"Ubiratanenses participam da etapa de Mundo Novo do Torneio Mais Ver\u00e3o Itaipu de V\u00f4lei de Praia\",\"datePublished\":\"2019-03-08T11:15:47+00:00\",\"dateModified\":\"2019-03-08T11:15:51+00:00\",\"mainEntityOfPage\":{\"@id\":\"https:\\\/\\\/ubirataonline.com.br\\\/ubiratanenses-participam-da-etapa-de-mundo-novo-do-torneio-mais-verao-itaipu-de-volei-de-praia\\\/\"},\"wordCount\":294,\"publisher\":{\"@id\":\"https:\\\/\\\/ubirataonline.com.br\\\/#organization\"},\"image\":{\"@id\":\"https:\\\/\\\/ubirataonline.com.br\\\/ubiratanenses-participam-da-etapa-de-mundo-novo-do-torneio-mais-verao-itaipu-de-volei-de-praia\\\/#primaryimage\"},\"thumbnailUrl\":\"https:\\\/\\\/ubirataonline.com.br\\\/wp-content\\\/uploads\\\/2019\\\/03\\\/2-8-1280x840.jpg\",\"articleSection\":[\"Ubirat\u00e3\"],\"inLanguage\":\"en-US\",\"copyrightYear\":\"2019\",\"copyrightHolder\":{\"@id\":\"https:\\\/\\\/ubirataonline.com.br\\\/en\\\/#organization\"}},{\"@type\":\"WebPage\",\"@id\":\"https:\\\/\\\/ubirataonline.com.br\\\/ubiratanenses-participam-da-etapa-de-mundo-novo-do-torneio-mais-verao-itaipu-de-volei-de-praia\\\/\",\"url\":\"https:\\\/\\\/ubirataonline.com.br\\\/ubiratanenses-participam-da-etapa-de-mundo-novo-do-torneio-mais-verao-itaipu-de-volei-de-praia\\\/\",\"name\":\"Ubiratanenses participam da etapa de Mundo Novo do Torneio Mais Ver\u00e3o Itaipu de V\u00f4lei de Praia - Ubirat\u00e3 Online Not\u00edcias - A realidade ao seu alcance!\",\"isPartOf\":{\"@id\":\"https:\\\/\\\/ubirataonline.com.br\\\/#website\"},\"primaryImageOfPage\":{\"@id\":\"https:\\\/\\\/ubirataonline.com.br\\\/ubiratanenses-participam-da-etapa-de-mundo-novo-do-torneio-mais-verao-itaipu-de-volei-de-praia\\\/#primaryimage\"},\"image\":{\"@id\":\"https:\\\/\\\/ubirataonline.com.br\\\/ubiratanenses-participam-da-etapa-de-mundo-novo-do-torneio-mais-verao-itaipu-de-volei-de-praia\\\/#primaryimage\"},\"thumbnailUrl\":\"https:\\\/\\\/ubirataonline.com.br\\\/wp-content\\\/uploads\\\/2019\\\/03\\\/2-8-1280x840.jpg\",\"datePublished\":\"2019-03-08T11:15:47+00:00\",\"dateModified\":\"2019-03-08T11:15:51+00:00\",\"description\":\"Nos dias 02 e 03 de mar\u00e7o de 2019 foi a vez da cidade de Mundo Novo \u2013 Mato Grosso do Sul \u2013 sediar a \u00faltima etapa do Torneio Mais Ver\u00e3o Itaipu de V\u00f4lei de\",\"breadcrumb\":{\"@id\":\"https:\\\/\\\/ubirataonline.com.br\\\/ubiratanenses-participam-da-etapa-de-mundo-novo-do-torneio-mais-verao-itaipu-de-volei-de-praia\\\/#breadcrumb\"},\"inLanguage\":\"en-US\",\"potentialAction\":[{\"@type\":\"ReadAction\",\"target\":[\"https:\\\/\\\/ubirataonline.com.br\\\/ubiratanenses-participam-da-etapa-de-mundo-novo-do-torneio-mais-verao-itaipu-de-volei-de-praia\\\/\"]}]},{\"@type\":\"ImageObject\",\"inLanguage\":\"en-US\",\"@id\":\"https:\\\/\\\/ubirataonline.com.br\\\/ubiratanenses-participam-da-etapa-de-mundo-novo-do-torneio-mais-verao-itaipu-de-volei-de-praia\\\/#primaryimage\",\"url\":\"https:\\\/\\\/ubirataonline.com.br\\\/wp-content\\\/uploads\\\/2019\\\/03\\\/2-8-1280x840.jpg\",\"contentUrl\":\"https:\\\/\\\/ubirataonline.com.br\\\/wp-content\\\/uploads\\\/2019\\\/03\\\/2-8-1280x840.jpg\"},{\"@type\":\"BreadcrumbList\",\"@id\":\"https:\\\/\\\/ubirataonline.com.br\\\/ubiratanenses-participam-da-etapa-de-mundo-novo-do-torneio-mais-verao-itaipu-de-volei-de-praia\\\/#breadcrumb\",\"itemListElement\":[{\"@type\":\"ListItem\",\"position\":1,\"name\":\"In\u00edcio\",\"item\":\"https:\\\/\\\/ubirataonline.com.br\\\/\"},{\"@type\":\"ListItem\",\"position\":2,\"name\":\"Ubiratanenses participam da etapa de Mundo Novo do Torneio Mais Ver\u00e3o Itaipu de V\u00f4lei de Praia\"}]},{\"@type\":\"WebSite\",\"@id\":\"https:\\\/\\\/ubirataonline.com.br\\\/#website\",\"url\":\"https:\\\/\\\/ubirataonline.com.br\\\/\",\"name\":\"Ubirat\u00e3 Online Not\u00edcias\",\"description\":\"Not\u00edcias de Ubirat\u00e3, regi\u00e3o, Brasil e mundo, com informa\u00e7\u00e3o atualizada e compromisso com o leitor.\",\"publisher\":{\"@id\":\"https:\\\/\\\/ubirataonline.com.br\\\/#organization\"},\"alternateName\":\"Ubirat\u00e3 Online\",\"potentialAction\":[{\"@type\":\"SearchAction\",\"target\":{\"@type\":\"EntryPoint\",\"urlTemplate\":\"https:\\\/\\\/ubirataonline.com.br\\\/?s={search_term_string}\"},\"query-input\":{\"@type\":\"PropertyValueSpecification\",\"valueRequired\":true,\"valueName\":\"search_term_string\"}}],\"inLanguage\":\"en-US\"},{\"@type\":[\"Organization\",\"Place\"],\"@id\":\"https:\\\/\\\/ubirataonline.com.br\\\/#organization\",\"name\":\"Ubirat\u00e3 Online Not\u00edcias\",\"alternateName\":\"Ubirat\u00e3 Online\",\"url\":\"https:\\\/\\\/ubirataonline.com.br\\\/\",\"logo\":{\"@id\":\"https:\\\/\\\/ubirataonline.com.br\\\/ubiratanenses-participam-da-etapa-de-mundo-novo-do-torneio-mais-verao-itaipu-de-volei-de-praia\\\/#local-main-organization-logo\"},\"image\":{\"@id\":\"https:\\\/\\\/ubirataonline.com.br\\\/ubiratanenses-participam-da-etapa-de-mundo-novo-do-torneio-mais-verao-itaipu-de-volei-de-praia\\\/#local-main-organization-logo\"},\"sameAs\":[\"https:\\\/\\\/www.facebook.com\\\/portalubirataonline\",\"https:\\\/\\\/x.com\\\/ubirataonline\",\"https:\\\/\\\/mastodon.social\\\/@ubirataonline\",\"https:\\\/\\\/www.facebook.com\\\/groups\\\/311144672285604\",\"https:\\\/\\\/www.facebook.com\\\/UBTAOnline\",\"https:\\\/\\\/www.instagram.com\\\/portalubirataonline\\\/\",\"https:\\\/\\\/twitter.com\\\/ubirataonline\"],\"description\":\"Somos um portal de not\u00edcias independente, criado em 5 de janeiro de 2009, com o objetivo de informar, conectar e valorizar a nossa comunidade de Ubirat\u00e3 e toda aregi\u00e3o. Com conte\u00fado atualizado, confi\u00e1vel e relevante, o Ubirat\u00e3 Online \u00e9 o seu espa\u00e7o para ficar por dentro dos principais acontecimentos locais, regionais, Brasil, Mundo e de interesse geral. Nosso compromisso \u00e9 com a verdade, a transpar\u00eancia e o respeito ao leitor.\",\"legalName\":\"UBIRATA ONLINE NOT\u00cdCIAS\",\"foundingDate\":\"2009-01-05\",\"numberOfEmployees\":{\"@type\":\"QuantitativeValue\",\"minValue\":\"1\",\"maxValue\":\"10\"},\"publishingPrinciples\":\"https:\\\/\\\/ubirataonline.com.br\\\/faq\\\/\",\"address\":{\"@id\":\"https:\\\/\\\/ubirataonline.com.br\\\/ubiratanenses-participam-da-etapa-de-mundo-novo-do-torneio-mais-verao-itaipu-de-volei-de-praia\\\/#local-main-place-address\"},\"geo\":{\"@type\":\"GeoCoordinates\",\"latitude\":\"-24.5361401\",\"longitude\":\"-52.9921776\"},\"telephone\":[\"+5544998308235\"],\"contactPoint\":{\"@type\":\"ContactPoint\",\"email\":\"contato@ubirataonline.com.br\"},\"openingHoursSpecification\":{\"@type\":\"OpeningHoursSpecification\",\"dayOfWeek\":[\"Monday\",\"Tuesday\",\"Wednesday\",\"Thursday\",\"Friday\",\"Saturday\",\"Sunday\"],\"opens\":\"00:00\",\"closes\":\"23:59\"},\"email\":\"contato@ubirataonline.com.br\",\"vatID\":\"47.621.418\\\/0001-80\"},{\"@type\":\"Person\",\"@id\":\"https:\\\/\\\/ubirataonline.com.br\\\/#\\\/schema\\\/person\\\/372f87bbd3fdd79b8556b84c98d0bc1c\",\"name\":\"REDA\u00c7\u00c3O: UBIRAT\u00c3 ONLINE - F\u00c1BIO AUGUSTO CELESTINO\",\"pronouns\":\"Ele\",\"description\":\"Desde 2003 trabalhando com not\u00edcias.\",\"sameAs\":[\"http:\\\/\\\/ubirataoline.com.br\",\"https:\\\/\\\/www.facebook.com\\\/portalubirataonline\",\"https:\\\/\\\/www.instagram.com\\\/ubirataonline_oficial\",\"https:\\\/\\\/x.com\\\/x.com\\\/ubirataonline\"],\"honorificPrefix\":\"Mr.\",\"honorificSuffix\":\"MD\",\"birthDate\":\"1980-06-16\",\"gender\":\"masculino\",\"award\":[\"V\u00e1rios pr\u00eamios de melhor portal da cidade\"],\"jobTitle\":\"Diretor\",\"url\":\"https:\\\/\\\/ubirataonline.com.br\\\/en\\\/author\\\/ubirataonline\\\/\"},{\"@type\":\"PostalAddress\",\"@id\":\"https:\\\/\\\/ubirataonline.com.br\\\/ubiratanenses-participam-da-etapa-de-mundo-novo-do-torneio-mais-verao-itaipu-de-volei-de-praia\\\/#local-main-place-address\",\"streetAddress\":\"Rua dos Coqueiros, 104 - Bairro Boa Vista, Rua dos Coqueiros, 104 Bairro Boa Vista\",\"addressLocality\":\"UBIRATA\",\"postalCode\":\"85440-000\",\"addressRegion\":\"PR\",\"addressCountry\":\"BR\"},{\"@type\":\"ImageObject\",\"inLanguage\":\"en-US\",\"@id\":\"https:\\\/\\\/ubirataonline.com.br\\\/ubiratanenses-participam-da-etapa-de-mundo-novo-do-torneio-mais-verao-itaipu-de-volei-de-praia\\\/#local-main-organization-logo\",\"url\":\"https:\\\/\\\/ubirataonline.com.br\\\/wp-content\\\/uploads\\\/2026\\\/06\\\/logoubirataonline-1.webp\",\"contentUrl\":\"https:\\\/\\\/ubirataonline.com.br\\\/wp-content\\\/uploads\\\/2026\\\/06\\\/logoubirataonline-1.webp\",\"width\":500,\"height\":500,\"caption\":\"Ubirat\u00e3 Online Not\u00edcias\"}]}<\/script>\n<meta name=\"geo.placename\" content=\"UBIRATA\" \/>\n<meta name=\"geo.position\" content=\"-24.5361401;-52.9921776\" \/>\n<meta name=\"geo.region\" content=\"Brazil\" \/>\n<!-- \/ Yoast SEO Premium plugin. -->","yoast_head_json":{"title":"Ubiratanenses participam da etapa de Mundo Novo do Torneio Mais Ver\u00e3o Itaipu de V\u00f4lei de Praia - Ubirat\u00e3 Online Not\u00edcias - A realidade ao seu alcance!","description":"Nos dias 02 e 03 de mar\u00e7o de 2019 foi a vez da cidade de Mundo Novo \u2013 Mato Grosso do Sul \u2013 sediar a \u00faltima etapa do Torneio Mais Ver\u00e3o Itaipu de V\u00f4lei de","robots":{"index":"index","follow":"follow","max-snippet":"max-snippet:-1","max-image-preview":"max-image-preview:large","max-video-preview":"max-video-preview:-1"},"canonical":"https:\/\/ubirataonline.com.br\/en\/ubiratanenses-participam-da-etapa-de-mundo-novo-do-torneio-mais-verao-itaipu-de-volei-de-praia\/","og_locale":"en_US","og_type":"article","og_title":"Ubiratanenses participam da etapa de Mundo Novo do Torneio Mais Ver\u00e3o Itaipu de V\u00f4lei de Praia","og_description":"Nos dias 02 e 03 de mar\u00e7o de 2019 foi a vez da cidade de Mundo Novo \u2013 Mato Grosso do Sul \u2013 sediar a \u00faltima etapa do Torneio Mais Ver\u00e3o Itaipu de V\u00f4lei de","og_url":"https:\/\/ubirataonline.com.br\/en\/ubiratanenses-participam-da-etapa-de-mundo-novo-do-torneio-mais-verao-itaipu-de-volei-de-praia\/","og_site_name":"Ubirat\u00e3 Online Not\u00edcias - A realidade ao seu alcance!","article_publisher":"https:\/\/www.facebook.com\/portalubirataonline","article_author":"https:\/\/www.facebook.com\/portalubirataonline","article_published_time":"2019-03-08T11:15:47+00:00","article_modified_time":"2019-03-08T11:15:51+00:00","og_image":[{"url":"https:\/\/ubirataonline.com.br\/wp-content\/uploads\/2019\/03\/2-8-1280x840.jpg","type":"","width":"","height":""}],"author":"REDA\u00c7\u00c3O: UBIRAT\u00c3 ONLINE - F\u00c1BIO AUGUSTO CELESTINO","twitter_card":"summary_large_image","twitter_creator":"@x.com\/ubirataonline","twitter_site":"@ubirataonline","twitter_misc":{"Written by":"REDA\u00c7\u00c3O: UBIRAT\u00c3 ONLINE - F\u00c1BIO AUGUSTO CELESTINO","Est. reading time":"1 minute"},"schema":{"@context":"https:\/\/schema.org","@graph":[{"@type":"NewsArticle","@id":"https:\/\/ubirataonline.com.br\/ubiratanenses-participam-da-etapa-de-mundo-novo-do-torneio-mais-verao-itaipu-de-volei-de-praia\/#article","isPartOf":{"@id":"https:\/\/ubirataonline.com.br\/ubiratanenses-participam-da-etapa-de-mundo-novo-do-torneio-mais-verao-itaipu-de-volei-de-praia\/"},"author":{"name":"REDA\u00c7\u00c3O: UBIRAT\u00c3 ONLINE - F\u00c1BIO AUGUSTO CELESTINO","@id":"https:\/\/ubirataonline.com.br\/#\/schema\/person\/372f87bbd3fdd79b8556b84c98d0bc1c"},"headline":"Ubiratanenses participam da etapa de Mundo Novo do Torneio Mais Ver\u00e3o Itaipu de V\u00f4lei de Praia","datePublished":"2019-03-08T11:15:47+00:00","dateModified":"2019-03-08T11:15:51+00:00","mainEntityOfPage":{"@id":"https:\/\/ubirataonline.com.br\/ubiratanenses-participam-da-etapa-de-mundo-novo-do-torneio-mais-verao-itaipu-de-volei-de-praia\/"},"wordCount":294,"publisher":{"@id":"https:\/\/ubirataonline.com.br\/#organization"},"image":{"@id":"https:\/\/ubirataonline.com.br\/ubiratanenses-participam-da-etapa-de-mundo-novo-do-torneio-mais-verao-itaipu-de-volei-de-praia\/#primaryimage"},"thumbnailUrl":"https:\/\/ubirataonline.com.br\/wp-content\/uploads\/2019\/03\/2-8-1280x840.jpg","articleSection":["Ubirat\u00e3"],"inLanguage":"en-US","copyrightYear":"2019","copyrightHolder":{"@id":"https:\/\/ubirataonline.com.br\/en\/#organization"}},{"@type":"WebPage","@id":"https:\/\/ubirataonline.com.br\/ubiratanenses-participam-da-etapa-de-mundo-novo-do-torneio-mais-verao-itaipu-de-volei-de-praia\/","url":"https:\/\/ubirataonline.com.br\/ubiratanenses-participam-da-etapa-de-mundo-novo-do-torneio-mais-verao-itaipu-de-volei-de-praia\/","name":"Ubiratanenses participam da etapa de Mundo Novo do Torneio Mais Ver\u00e3o Itaipu de V\u00f4lei de Praia - Ubirat\u00e3 Online Not\u00edcias - A realidade ao seu alcance!","isPartOf":{"@id":"https:\/\/ubirataonline.com.br\/#website"},"primaryImageOfPage":{"@id":"https:\/\/ubirataonline.com.br\/ubiratanenses-participam-da-etapa-de-mundo-novo-do-torneio-mais-verao-itaipu-de-volei-de-praia\/#primaryimage"},"image":{"@id":"https:\/\/ubirataonline.com.br\/ubiratanenses-participam-da-etapa-de-mundo-novo-do-torneio-mais-verao-itaipu-de-volei-de-praia\/#primaryimage"},"thumbnailUrl":"https:\/\/ubirataonline.com.br\/wp-content\/uploads\/2019\/03\/2-8-1280x840.jpg","datePublished":"2019-03-08T11:15:47+00:00","dateModified":"2019-03-08T11:15:51+00:00","description":"Nos dias 02 e 03 de mar\u00e7o de 2019 foi a vez da cidade de Mundo Novo \u2013 Mato Grosso do Sul \u2013 sediar a \u00faltima etapa do Torneio Mais Ver\u00e3o Itaipu de V\u00f4lei de","breadcrumb":{"@id":"https:\/\/ubirataonline.com.br\/ubiratanenses-participam-da-etapa-de-mundo-novo-do-torneio-mais-verao-itaipu-de-volei-de-praia\/#breadcrumb"},"inLanguage":"en-US","potentialAction":[{"@type":"ReadAction","target":["https:\/\/ubirataonline.com.br\/ubiratanenses-participam-da-etapa-de-mundo-novo-do-torneio-mais-verao-itaipu-de-volei-de-praia\/"]}]},{"@type":"ImageObject","inLanguage":"en-US","@id":"https:\/\/ubirataonline.com.br\/ubiratanenses-participam-da-etapa-de-mundo-novo-do-torneio-mais-verao-itaipu-de-volei-de-praia\/#primaryimage","url":"https:\/\/ubirataonline.com.br\/wp-content\/uploads\/2019\/03\/2-8-1280x840.jpg","contentUrl":"https:\/\/ubirataonline.com.br\/wp-content\/uploads\/2019\/03\/2-8-1280x840.jpg"},{"@type":"BreadcrumbList","@id":"https:\/\/ubirataonline.com.br\/ubiratanenses-participam-da-etapa-de-mundo-novo-do-torneio-mais-verao-itaipu-de-volei-de-praia\/#breadcrumb","itemListElement":[{"@type":"ListItem","position":1,"name":"In\u00edcio","item":"https:\/\/ubirataonline.com.br\/"},{"@type":"ListItem","position":2,"name":"Ubiratanenses participam da etapa de Mundo Novo do Torneio Mais Ver\u00e3o Itaipu de V\u00f4lei de Praia"}]},{"@type":"WebSite","@id":"https:\/\/ubirataonline.com.br\/#website","url":"https:\/\/ubirataonline.com.br\/","name":"Ubirat\u00e3 Online Not\u00edcias","description":"Not\u00edcias de Ubirat\u00e3, regi\u00e3o, Brasil e mundo, com informa\u00e7\u00e3o atualizada e compromisso com o leitor.","publisher":{"@id":"https:\/\/ubirataonline.com.br\/#organization"},"alternateName":"Ubirat\u00e3 Online","potentialAction":[{"@type":"SearchAction","target":{"@type":"EntryPoint","urlTemplate":"https:\/\/ubirataonline.com.br\/?s={search_term_string}"},"query-input":{"@type":"PropertyValueSpecification","valueRequired":true,"valueName":"search_term_string"}}],"inLanguage":"en-US"},{"@type":["Organization","Place"],"@id":"https:\/\/ubirataonline.com.br\/#organization","name":"Ubirat\u00e3 Online Not\u00edcias","alternateName":"Ubirat\u00e3 Online","url":"https:\/\/ubirataonline.com.br\/","logo":{"@id":"https:\/\/ubirataonline.com.br\/ubiratanenses-participam-da-etapa-de-mundo-novo-do-torneio-mais-verao-itaipu-de-volei-de-praia\/#local-main-organization-logo"},"image":{"@id":"https:\/\/ubirataonline.com.br\/ubiratanenses-participam-da-etapa-de-mundo-novo-do-torneio-mais-verao-itaipu-de-volei-de-praia\/#local-main-organization-logo"},"sameAs":["https:\/\/www.facebook.com\/portalubirataonline","https:\/\/x.com\/ubirataonline","https:\/\/mastodon.social\/@ubirataonline","https:\/\/www.facebook.com\/groups\/311144672285604","https:\/\/www.facebook.com\/UBTAOnline","https:\/\/www.instagram.com\/portalubirataonline\/","https:\/\/twitter.com\/ubirataonline"],"description":"Somos um portal de not\u00edcias independente, criado em 5 de janeiro de 2009, com o objetivo de informar, conectar e valorizar a nossa comunidade de Ubirat\u00e3 e toda aregi\u00e3o. Com conte\u00fado atualizado, confi\u00e1vel e relevante, o Ubirat\u00e3 Online \u00e9 o seu espa\u00e7o para ficar por dentro dos principais acontecimentos locais, regionais, Brasil, Mundo e de interesse geral. Nosso compromisso \u00e9 com a verdade, a transpar\u00eancia e o respeito ao leitor.","legalName":"UBIRATA ONLINE NOT\u00cdCIAS","foundingDate":"2009-01-05","numberOfEmployees":{"@type":"QuantitativeValue","minValue":"1","maxValue":"10"},"publishingPrinciples":"https:\/\/ubirataonline.com.br\/faq\/","address":{"@id":"https:\/\/ubirataonline.com.br\/ubiratanenses-participam-da-etapa-de-mundo-novo-do-torneio-mais-verao-itaipu-de-volei-de-praia\/#local-main-place-address"},"geo":{"@type":"GeoCoordinates","latitude":"-24.5361401","longitude":"-52.9921776"},"telephone":["+5544998308235"],"contactPoint":{"@type":"ContactPoint","email":"contato@ubirataonline.com.br"},"openingHoursSpecification":{"@type":"OpeningHoursSpecification","dayOfWeek":["Monday","Tuesday","Wednesday","Thursday","Friday","Saturday","Sunday"],"opens":"00:00","closes":"23:59"},"email":"contato@ubirataonline.com.br","vatID":"47.621.418\/0001-80"},{"@type":"Person","@id":"https:\/\/ubirataonline.com.br\/#\/schema\/person\/372f87bbd3fdd79b8556b84c98d0bc1c","name":"REDA\u00c7\u00c3O: UBIRAT\u00c3 ONLINE - F\u00c1BIO AUGUSTO CELESTINO","pronouns":"Ele","description":"Desde 2003 trabalhando com not\u00edcias.","sameAs":["http:\/\/ubirataoline.com.br","https:\/\/www.facebook.com\/portalubirataonline","https:\/\/www.instagram.com\/ubirataonline_oficial","https:\/\/x.com\/x.com\/ubirataonline"],"honorificPrefix":"Mr.","honorificSuffix":"MD","birthDate":"1980-06-16","gender":"masculino","award":["V\u00e1rios pr\u00eamios de melhor portal da cidade"],"jobTitle":"Diretor","url":"https:\/\/ubirataonline.com.br\/en\/author\/ubirataonline\/"},{"@type":"PostalAddress","@id":"https:\/\/ubirataonline.com.br\/ubiratanenses-participam-da-etapa-de-mundo-novo-do-torneio-mais-verao-itaipu-de-volei-de-praia\/#local-main-place-address","streetAddress":"Rua dos Coqueiros, 104 - Bairro Boa Vista, Rua dos Coqueiros, 104 Bairro Boa Vista","addressLocality":"UBIRATA","postalCode":"85440-000","addressRegion":"PR","addressCountry":"BR"},{"@type":"ImageObject","inLanguage":"en-US","@id":"https:\/\/ubirataonline.com.br\/ubiratanenses-participam-da-etapa-de-mundo-novo-do-torneio-mais-verao-itaipu-de-volei-de-praia\/#local-main-organization-logo","url":"https:\/\/ubirataonline.com.br\/wp-content\/uploads\/2026\/06\/logoubirataonline-1.webp","contentUrl":"https:\/\/ubirataonline.com.br\/wp-content\/uploads\/2026\/06\/logoubirataonline-1.webp","width":500,"height":500,"caption":"Ubirat\u00e3 Online Not\u00edcias"}]},"geo.placename":"UBIRATA","geo.position":{"lat":"-24.5361401","long":"-52.9921776"},"geo.region":"Brazil"},"_links":{"self":[{"href":"https:\/\/ubirataonline.com.br\/en\/wp-json\/wp\/v2\/posts\/19288","targetHints":{"allow":["GET"]}}],"collection":[{"href":"https:\/\/ubirataonline.com.br\/en\/wp-json\/wp\/v2\/posts"}],"about":[{"href":"https:\/\/ubirataonline.com.br\/en\/wp-json\/wp\/v2\/types\/post"}],"author":[{"embeddable":true,"href":"https:\/\/ubirataonline.com.br\/en\/wp-json\/wp\/v2\/users\/1"}],"replies":[{"embeddable":true,"href":"https:\/\/ubirataonline.com.br\/en\/wp-json\/wp\/v2\/comments?post=19288"}],"version-history":[{"count":0,"href":"https:\/\/ubirataonline.com.br\/en\/wp-json\/wp\/v2\/posts\/19288\/revisions"}],"wp:attachment":[{"href":"https:\/\/ubirataonline.com.br\/en\/wp-json\/wp\/v2\/media?parent=19288"}],"wp:term":[{"taxonomy":"category","embeddable":true,"href":"https:\/\/ubirataonline.com.br\/en\/wp-json\/wp\/v2\/categories?post=19288"},{"taxonomy":"post_tag","embeddable":true,"href":"https:\/\/ubirataonline.com.br\/en\/wp-json\/wp\/v2\/tags?post=19288"}],"curies":[{"name":"wp","href":"https:\/\/api.w.org\/{rel}","templated":true}]}}