{"id":19565,"date":"2019-03-13T09:38:26","date_gmt":"2019-03-13T12:38:26","guid":{"rendered":"https:\/\/ubirataonline.com.br\/?p=19565"},"modified":"2019-03-13T09:38:33","modified_gmt":"2019-03-13T12:38:33","slug":"festa-do-futebol-no-claudinao-colocou-lado-a-lado-idolos-do-brasil-e-esportistas-de-ubirata","status":"publish","type":"post","link":"https:\/\/ubirataonline.com.br\/en\/festa-do-futebol-no-claudinao-colocou-lado-a-lado-idolos-do-brasil-e-esportistas-de-ubirata\/","title":{"rendered":"Festa do futebol no Claudin\u00e3o colocou lado a lado \u00eddolos do Brasil e esportistas de Ubirat\u00e3"},"content":{"rendered":"<figure class=\"wp-block-embed\"><div class=\"wp-block-embed__wrapper\">\nhttps:\/\/www.facebook.com\/prefeituraubirata\/videos\/634851283636776\/\n<\/div><\/figure>\n\n\n\n<p class=\"wp-block-paragraph\">Jogadores que fizeram hist\u00f3ria, marcaram seus nomes na\nmemoria do torcedor, emocionaram e alegraram diversas torcidas de grandes\nclubes brasileiros e do exterior e honraram a camisa verde e amarela como\nEdilson Capetinha, Tulio maravilha, Amaral, Donizete Pantera, Narciso, Macedo,\nGustavo Neri, Alcindo, Axel, Toninho Carlos, R\u00f3bson, entre outros,\nproporcionaram um belo e inesquec\u00edvel espet\u00e1culo do futebol em Ubirat\u00e3. O dia\nhist\u00f3rico: 10 de mar\u00e7o. O palco: Est\u00e1dio Claudin\u00e3o. O jogo do ano: Sele\u00e7\u00e3o\nBrasileira Master contra um selecionado de grandes jogadores que fizeram a\nhist\u00f3ria do futebol de Ubirat\u00e3. O resultado de tudo isso: um dia que ser\u00e1\nlembrado pra sempre na mem\u00f3ria esportiva de Ubirat\u00e3 e de milhares de pessoas\nque compareceram ao est\u00e1dio para prestigiar a grande festa do futebol. &nbsp;<\/p>\n\n\n\n<p class=\"wp-block-paragraph\">No final, o resultado de 5 para Sele\u00e7\u00e3o Brasileira Master e 3 para Sele\u00e7\u00e3o de Ubirat\u00e3 foi o que menos importou. Com esse time de craques foi uma verdadeira goleada de alegria. O evento foi uma realiza\u00e7\u00e3o do Provopar Ubiratanense e a arrecada\u00e7\u00e3o de alimentos ser\u00e1 destinada a entidades assistenciais do munic\u00edpio. O prefeito Baco, acompanhado da primeira-dama Eliane Omori Duarte \u2013 Makie, o secret\u00e1rio de Esporte, Nicanor Kimura, vereadores de Ubirat\u00e3 e prefeitos e vice-prefeitos da regi\u00e3o prestigiaram o evento esportivo do ano em Ubirat\u00e3. <\/p>\n\n\n\n<ul class=\"wp-block-gallery columns-2 wp-block-gallery-1 is-layout-flex wp-block-gallery-is-layout-flex\"><li class=\"blocks-gallery-item\"><figure><a href=\"https:\/\/ubirataonline.com.br\/wp-content\/uploads\/2019\/03\/2-17-1600x840.jpg\"><img decoding=\"async\" src=\"https:\/\/ubirataonline.com.br\/wp-content\/uploads\/2019\/03\/2-17-1600x840.jpg\" alt=\"\" data-id=\"19566\" data-link=\"https:\/\/ubirataonline.com.br\/?attachment_id=19566\" class=\"wp-image-19566\"\/><\/a><\/figure><\/li><li class=\"blocks-gallery-item\"><figure><a href=\"https:\/\/ubirataonline.com.br\/wp-content\/uploads\/2019\/03\/3-15-1600x840.jpg\"><img decoding=\"async\" src=\"https:\/\/ubirataonline.com.br\/wp-content\/uploads\/2019\/03\/3-15-1600x840.jpg\" alt=\"\" data-id=\"19567\" data-link=\"https:\/\/ubirataonline.com.br\/?attachment_id=19567\" class=\"wp-image-19567\"\/><\/a><\/figure><\/li><li class=\"blocks-gallery-item\"><figure><a href=\"https:\/\/ubirataonline.com.br\/wp-content\/uploads\/2019\/03\/4-15-1600x840.jpg\"><img decoding=\"async\" src=\"https:\/\/ubirataonline.com.br\/wp-content\/uploads\/2019\/03\/4-15-1600x840.jpg\" alt=\"\" data-id=\"19568\" data-link=\"https:\/\/ubirataonline.com.br\/?attachment_id=19568\" class=\"wp-image-19568\"\/><\/a><\/figure><\/li><li class=\"blocks-gallery-item\"><figure><a href=\"https:\/\/ubirataonline.com.br\/wp-content\/uploads\/2019\/03\/5-13-1600x840.jpg\"><img decoding=\"async\" src=\"https:\/\/ubirataonline.com.br\/wp-content\/uploads\/2019\/03\/5-13-1600x840.jpg\" alt=\"\" data-id=\"19570\" data-link=\"https:\/\/ubirataonline.com.br\/?attachment_id=19570\" class=\"wp-image-19570\"\/><\/a><\/figure><\/li><li class=\"blocks-gallery-item\"><figure><a href=\"https:\/\/ubirataonline.com.br\/wp-content\/uploads\/2019\/03\/6-12-1600x840.jpg\"><img decoding=\"async\" src=\"https:\/\/ubirataonline.com.br\/wp-content\/uploads\/2019\/03\/6-12-1600x840.jpg\" alt=\"\" data-id=\"19571\" data-link=\"https:\/\/ubirataonline.com.br\/?attachment_id=19571\" class=\"wp-image-19571\"\/><\/a><\/figure><\/li><li class=\"blocks-gallery-item\"><figure><a href=\"https:\/\/ubirataonline.com.br\/wp-content\/uploads\/2019\/03\/7-13-1600x840.jpg\"><img decoding=\"async\" src=\"https:\/\/ubirataonline.com.br\/wp-content\/uploads\/2019\/03\/7-13-1600x840.jpg\" alt=\"\" data-id=\"19572\" data-link=\"https:\/\/ubirataonline.com.br\/?attachment_id=19572\" class=\"wp-image-19572\"\/><\/a><\/figure><\/li><li class=\"blocks-gallery-item\"><figure><a href=\"https:\/\/ubirataonline.com.br\/wp-content\/uploads\/2019\/03\/8-12-1600x840.jpg\"><img decoding=\"async\" src=\"https:\/\/ubirataonline.com.br\/wp-content\/uploads\/2019\/03\/8-12-1600x840.jpg\" alt=\"\" data-id=\"19573\" data-link=\"https:\/\/ubirataonline.com.br\/?attachment_id=19573\" class=\"wp-image-19573\"\/><\/a><\/figure><\/li><li class=\"blocks-gallery-item\"><figure><a href=\"https:\/\/ubirataonline.com.br\/wp-content\/uploads\/2019\/03\/9-10-1600x840.jpg\"><img decoding=\"async\" src=\"https:\/\/ubirataonline.com.br\/wp-content\/uploads\/2019\/03\/9-10-1600x840.jpg\" alt=\"\" data-id=\"19574\" data-link=\"https:\/\/ubirataonline.com.br\/?attachment_id=19574\" class=\"wp-image-19574\"\/><\/a><\/figure><\/li><li class=\"blocks-gallery-item\"><figure><a href=\"https:\/\/ubirataonline.com.br\/wp-content\/uploads\/2019\/03\/10-10-1600x840.jpg\"><img decoding=\"async\" src=\"https:\/\/ubirataonline.com.br\/wp-content\/uploads\/2019\/03\/10-10-1600x840.jpg\" alt=\"\" data-id=\"19575\" data-link=\"https:\/\/ubirataonline.com.br\/?attachment_id=19575\" class=\"wp-image-19575\"\/><\/a><\/figure><\/li><li class=\"blocks-gallery-item\"><figure><a href=\"https:\/\/ubirataonline.com.br\/wp-content\/uploads\/2019\/03\/11-10-1600x840.jpg\"><img decoding=\"async\" src=\"https:\/\/ubirataonline.com.br\/wp-content\/uploads\/2019\/03\/11-10-1600x840.jpg\" alt=\"\" data-id=\"19576\" data-link=\"https:\/\/ubirataonline.com.br\/?attachment_id=19576\" class=\"wp-image-19576\"\/><\/a><\/figure><\/li><li class=\"blocks-gallery-item\"><figure><a href=\"https:\/\/ubirataonline.com.br\/wp-content\/uploads\/2019\/03\/12-10-1600x840.jpg\"><img decoding=\"async\" src=\"https:\/\/ubirataonline.com.br\/wp-content\/uploads\/2019\/03\/12-10-1600x840.jpg\" alt=\"\" data-id=\"19577\" data-link=\"https:\/\/ubirataonline.com.br\/?attachment_id=19577\" class=\"wp-image-19577\"\/><\/a><\/figure><\/li><li class=\"blocks-gallery-item\"><figure><a href=\"https:\/\/ubirataonline.com.br\/wp-content\/uploads\/2019\/03\/13-10-1600x840.jpg\"><img decoding=\"async\" src=\"https:\/\/ubirataonline.com.br\/wp-content\/uploads\/2019\/03\/13-10-1600x840.jpg\" alt=\"\" data-id=\"19578\" data-link=\"https:\/\/ubirataonline.com.br\/?attachment_id=19578\" class=\"wp-image-19578\"\/><\/a><\/figure><\/li><li class=\"blocks-gallery-item\"><figure><a href=\"https:\/\/ubirataonline.com.br\/wp-content\/uploads\/2019\/03\/14-9-1600x840.jpg\"><img decoding=\"async\" src=\"https:\/\/ubirataonline.com.br\/wp-content\/uploads\/2019\/03\/14-9-1600x840.jpg\" alt=\"\" data-id=\"19579\" data-link=\"https:\/\/ubirataonline.com.br\/?attachment_id=19579\" class=\"wp-image-19579\"\/><\/a><\/figure><\/li><li class=\"blocks-gallery-item\"><figure><a href=\"https:\/\/ubirataonline.com.br\/wp-content\/uploads\/2019\/03\/15-9-1600x840.jpg\"><img decoding=\"async\" src=\"https:\/\/ubirataonline.com.br\/wp-content\/uploads\/2019\/03\/15-9-1600x840.jpg\" alt=\"\" data-id=\"19580\" data-link=\"https:\/\/ubirataonline.com.br\/?attachment_id=19580\" class=\"wp-image-19580\"\/><\/a><\/figure><\/li><li class=\"blocks-gallery-item\"><figure><a href=\"https:\/\/ubirataonline.com.br\/wp-content\/uploads\/2019\/03\/16-8-1600x840.jpg\"><img decoding=\"async\" src=\"https:\/\/ubirataonline.com.br\/wp-content\/uploads\/2019\/03\/16-8-1600x840.jpg\" alt=\"\" data-id=\"19581\" data-link=\"https:\/\/ubirataonline.com.br\/?attachment_id=19581\" class=\"wp-image-19581\"\/><\/a><\/figure><\/li><li class=\"blocks-gallery-item\"><figure><a href=\"https:\/\/ubirataonline.com.br\/wp-content\/uploads\/2019\/03\/17-8-1600x840.jpg\"><img decoding=\"async\" src=\"https:\/\/ubirataonline.com.br\/wp-content\/uploads\/2019\/03\/17-8-1600x840.jpg\" alt=\"\" data-id=\"19582\" data-link=\"https:\/\/ubirataonline.com.br\/?attachment_id=19582\" class=\"wp-image-19582\"\/><\/a><\/figure><\/li><li class=\"blocks-gallery-item\"><figure><a href=\"https:\/\/ubirataonline.com.br\/wp-content\/uploads\/2019\/03\/18-8-1600x840.jpg\"><img decoding=\"async\" src=\"https:\/\/ubirataonline.com.br\/wp-content\/uploads\/2019\/03\/18-8-1600x840.jpg\" alt=\"\" data-id=\"19583\" data-link=\"https:\/\/ubirataonline.com.br\/?attachment_id=19583\" class=\"wp-image-19583\"\/><\/a><\/figure><\/li><li class=\"blocks-gallery-item\"><figure><a href=\"https:\/\/ubirataonline.com.br\/wp-content\/uploads\/2019\/03\/19-8-1600x840.jpg\"><img decoding=\"async\" src=\"https:\/\/ubirataonline.com.br\/wp-content\/uploads\/2019\/03\/19-8-1600x840.jpg\" alt=\"\" data-id=\"19584\" data-link=\"https:\/\/ubirataonline.com.br\/?attachment_id=19584\" class=\"wp-image-19584\"\/><\/a><\/figure><\/li><li class=\"blocks-gallery-item\"><figure><a href=\"https:\/\/ubirataonline.com.br\/wp-content\/uploads\/2019\/03\/20-8-1600x840.jpg\"><img decoding=\"async\" src=\"https:\/\/ubirataonline.com.br\/wp-content\/uploads\/2019\/03\/20-8-1600x840.jpg\" alt=\"\" data-id=\"19585\" data-link=\"https:\/\/ubirataonline.com.br\/?attachment_id=19585\" class=\"wp-image-19585\"\/><\/a><\/figure><\/li><\/ul>","protected":false},"excerpt":{"rendered":"<p>Jogadores que fizeram hist\u00f3ria, marcaram seus nomes na memoria do torcedor, emocionaram e alegraram diversas torcidas de grandes clubes brasileiros e do exterior e honraram a camisa verde e amarela como Edilson Capetinha, Tulio maravilha, Amaral, Donizete Pantera, Narciso, Macedo, Gustavo Neri, Alcindo, Axel, Toninho Carlos, R\u00f3bson, entre outros, proporcionaram um belo e inesquec\u00edvel espet\u00e1culo [&hellip;]<\/p>\n","protected":false},"author":1,"featured_media":0,"comment_status":"closed","ping_status":"closed","sticky":false,"template":"","format":"standard","meta":{"googlesitekit_rrm_CAow2JLhCw:productID":"","_gspb_post_css":"","maa_idioma":"","maa_pais":"","footnotes":""},"categories":[1],"tags":[],"class_list":["post-19565","post","type-post","status-publish","format-standard","hentry","category-ubirata"],"blocksy_meta":[],"yoast_head":"<!-- This site is optimized with the Yoast SEO Premium plugin v27.6 (Yoast SEO v27.6) - https:\/\/yoast.com\/product\/yoast-seo-premium-wordpress\/ -->\n<title>Festa do futebol no Claudin\u00e3o colocou lado a lado \u00eddolos do Brasil e esportistas de Ubirat\u00e3 - Ubirat\u00e3 Online Not\u00edcias - A realidade ao seu alcance!<\/title>\n<meta name=\"description\" content=\"https:\/\/www.facebook.com\/prefeituraubirata\/videos\/634851283636776\/ Jogadores que fizeram hist\u00f3ria, marcaram seus nomes na memoria do torcedor, emocionaram\" \/>\n<meta name=\"robots\" content=\"index, follow, max-snippet:-1, max-image-preview:large, max-video-preview:-1\" \/>\n<link rel=\"canonical\" href=\"https:\/\/ubirataonline.com.br\/en\/festa-do-futebol-no-claudinao-colocou-lado-a-lado-idolos-do-brasil-e-esportistas-de-ubirata\/\" \/>\n<meta property=\"og:locale\" content=\"en_US\" \/>\n<meta property=\"og:type\" content=\"article\" \/>\n<meta property=\"og:title\" content=\"Festa do futebol no Claudin\u00e3o colocou lado a lado \u00eddolos do Brasil e esportistas de Ubirat\u00e3\" \/>\n<meta property=\"og:description\" content=\"https:\/\/www.facebook.com\/prefeituraubirata\/videos\/634851283636776\/ Jogadores que fizeram hist\u00f3ria, marcaram seus nomes na memoria do torcedor, emocionaram\" \/>\n<meta property=\"og:url\" content=\"https:\/\/ubirataonline.com.br\/en\/festa-do-futebol-no-claudinao-colocou-lado-a-lado-idolos-do-brasil-e-esportistas-de-ubirata\/\" \/>\n<meta property=\"og:site_name\" content=\"Ubirat\u00e3 Online Not\u00edcias - A realidade ao seu alcance!\" \/>\n<meta property=\"article:publisher\" content=\"https:\/\/www.facebook.com\/portalubirataonline\" \/>\n<meta property=\"article:author\" content=\"https:\/\/www.facebook.com\/portalubirataonline\" \/>\n<meta property=\"article:published_time\" content=\"2019-03-13T12:38:26+00:00\" \/>\n<meta property=\"article:modified_time\" content=\"2019-03-13T12:38:33+00:00\" \/>\n<meta property=\"og:image\" content=\"https:\/\/ubirataonline.com.br\/wp-content\/uploads\/2019\/03\/2-17-1600x840.jpg\" \/>\n<meta name=\"author\" content=\"REDA\u00c7\u00c3O: UBIRAT\u00c3 ONLINE - F\u00c1BIO AUGUSTO CELESTINO\" \/>\n<meta name=\"twitter:card\" content=\"summary_large_image\" \/>\n<meta name=\"twitter:creator\" content=\"@x.com\/ubirataonline\" \/>\n<meta name=\"twitter:site\" content=\"@ubirataonline\" \/>\n<meta name=\"twitter:label1\" content=\"Written by\" \/>\n\t<meta name=\"twitter:data1\" content=\"REDA\u00c7\u00c3O: UBIRAT\u00c3 ONLINE - F\u00c1BIO AUGUSTO CELESTINO\" \/>\n\t<meta name=\"twitter:label2\" content=\"Est. reading time\" \/>\n\t<meta name=\"twitter:data2\" content=\"1 minute\" \/>\n<script type=\"application\/ld+json\" class=\"yoast-schema-graph\">{\"@context\":\"https:\\\/\\\/schema.org\",\"@graph\":[{\"@type\":\"NewsArticle\",\"@id\":\"https:\\\/\\\/ubirataonline.com.br\\\/festa-do-futebol-no-claudinao-colocou-lado-a-lado-idolos-do-brasil-e-esportistas-de-ubirata\\\/#article\",\"isPartOf\":{\"@id\":\"https:\\\/\\\/ubirataonline.com.br\\\/festa-do-futebol-no-claudinao-colocou-lado-a-lado-idolos-do-brasil-e-esportistas-de-ubirata\\\/\"},\"author\":{\"name\":\"REDA\u00c7\u00c3O: UBIRAT\u00c3 ONLINE - F\u00c1BIO AUGUSTO CELESTINO\",\"@id\":\"https:\\\/\\\/ubirataonline.com.br\\\/#\\\/schema\\\/person\\\/372f87bbd3fdd79b8556b84c98d0bc1c\"},\"headline\":\"Festa do futebol no Claudin\u00e3o colocou lado a lado \u00eddolos do Brasil e esportistas de Ubirat\u00e3\",\"datePublished\":\"2019-03-13T12:38:26+00:00\",\"dateModified\":\"2019-03-13T12:38:33+00:00\",\"mainEntityOfPage\":{\"@id\":\"https:\\\/\\\/ubirataonline.com.br\\\/festa-do-futebol-no-claudinao-colocou-lado-a-lado-idolos-do-brasil-e-esportistas-de-ubirata\\\/\"},\"wordCount\":248,\"publisher\":{\"@id\":\"https:\\\/\\\/ubirataonline.com.br\\\/#organization\"},\"image\":{\"@id\":\"https:\\\/\\\/ubirataonline.com.br\\\/festa-do-futebol-no-claudinao-colocou-lado-a-lado-idolos-do-brasil-e-esportistas-de-ubirata\\\/#primaryimage\"},\"thumbnailUrl\":\"https:\\\/\\\/ubirataonline.com.br\\\/wp-content\\\/uploads\\\/2019\\\/03\\\/2-17-1600x840.jpg\",\"articleSection\":[\"Ubirat\u00e3\"],\"inLanguage\":\"en-US\",\"copyrightYear\":\"2019\",\"copyrightHolder\":{\"@id\":\"https:\\\/\\\/ubirataonline.com.br\\\/en\\\/#organization\"}},{\"@type\":\"WebPage\",\"@id\":\"https:\\\/\\\/ubirataonline.com.br\\\/festa-do-futebol-no-claudinao-colocou-lado-a-lado-idolos-do-brasil-e-esportistas-de-ubirata\\\/\",\"url\":\"https:\\\/\\\/ubirataonline.com.br\\\/festa-do-futebol-no-claudinao-colocou-lado-a-lado-idolos-do-brasil-e-esportistas-de-ubirata\\\/\",\"name\":\"Festa do futebol no Claudin\u00e3o colocou lado a lado \u00eddolos do Brasil e esportistas de Ubirat\u00e3 - Ubirat\u00e3 Online Not\u00edcias - A realidade ao seu alcance!\",\"isPartOf\":{\"@id\":\"https:\\\/\\\/ubirataonline.com.br\\\/#website\"},\"primaryImageOfPage\":{\"@id\":\"https:\\\/\\\/ubirataonline.com.br\\\/festa-do-futebol-no-claudinao-colocou-lado-a-lado-idolos-do-brasil-e-esportistas-de-ubirata\\\/#primaryimage\"},\"image\":{\"@id\":\"https:\\\/\\\/ubirataonline.com.br\\\/festa-do-futebol-no-claudinao-colocou-lado-a-lado-idolos-do-brasil-e-esportistas-de-ubirata\\\/#primaryimage\"},\"thumbnailUrl\":\"https:\\\/\\\/ubirataonline.com.br\\\/wp-content\\\/uploads\\\/2019\\\/03\\\/2-17-1600x840.jpg\",\"datePublished\":\"2019-03-13T12:38:26+00:00\",\"dateModified\":\"2019-03-13T12:38:33+00:00\",\"description\":\"https:\\\/\\\/www.facebook.com\\\/prefeituraubirata\\\/videos\\\/634851283636776\\\/ Jogadores que fizeram hist\u00f3ria, marcaram seus nomes na memoria do torcedor, emocionaram\",\"breadcrumb\":{\"@id\":\"https:\\\/\\\/ubirataonline.com.br\\\/festa-do-futebol-no-claudinao-colocou-lado-a-lado-idolos-do-brasil-e-esportistas-de-ubirata\\\/#breadcrumb\"},\"inLanguage\":\"en-US\",\"potentialAction\":[{\"@type\":\"ReadAction\",\"target\":[\"https:\\\/\\\/ubirataonline.com.br\\\/festa-do-futebol-no-claudinao-colocou-lado-a-lado-idolos-do-brasil-e-esportistas-de-ubirata\\\/\"]}]},{\"@type\":\"ImageObject\",\"inLanguage\":\"en-US\",\"@id\":\"https:\\\/\\\/ubirataonline.com.br\\\/festa-do-futebol-no-claudinao-colocou-lado-a-lado-idolos-do-brasil-e-esportistas-de-ubirata\\\/#primaryimage\",\"url\":\"https:\\\/\\\/ubirataonline.com.br\\\/wp-content\\\/uploads\\\/2019\\\/03\\\/2-17-1600x840.jpg\",\"contentUrl\":\"https:\\\/\\\/ubirataonline.com.br\\\/wp-content\\\/uploads\\\/2019\\\/03\\\/2-17-1600x840.jpg\"},{\"@type\":\"BreadcrumbList\",\"@id\":\"https:\\\/\\\/ubirataonline.com.br\\\/festa-do-futebol-no-claudinao-colocou-lado-a-lado-idolos-do-brasil-e-esportistas-de-ubirata\\\/#breadcrumb\",\"itemListElement\":[{\"@type\":\"ListItem\",\"position\":1,\"name\":\"In\u00edcio\",\"item\":\"https:\\\/\\\/ubirataonline.com.br\\\/\"},{\"@type\":\"ListItem\",\"position\":2,\"name\":\"Festa do futebol no Claudin\u00e3o colocou lado a lado \u00eddolos do Brasil e esportistas de Ubirat\u00e3\"}]},{\"@type\":\"WebSite\",\"@id\":\"https:\\\/\\\/ubirataonline.com.br\\\/#website\",\"url\":\"https:\\\/\\\/ubirataonline.com.br\\\/\",\"name\":\"Ubirat\u00e3 Online Not\u00edcias\",\"description\":\"Not\u00edcias de Ubirat\u00e3, regi\u00e3o, Brasil e mundo, com informa\u00e7\u00e3o atualizada e compromisso com o leitor.\",\"publisher\":{\"@id\":\"https:\\\/\\\/ubirataonline.com.br\\\/#organization\"},\"alternateName\":\"Ubirat\u00e3 Online\",\"potentialAction\":[{\"@type\":\"SearchAction\",\"target\":{\"@type\":\"EntryPoint\",\"urlTemplate\":\"https:\\\/\\\/ubirataonline.com.br\\\/?s={search_term_string}\"},\"query-input\":{\"@type\":\"PropertyValueSpecification\",\"valueRequired\":true,\"valueName\":\"search_term_string\"}}],\"inLanguage\":\"en-US\"},{\"@type\":[\"Organization\",\"Place\"],\"@id\":\"https:\\\/\\\/ubirataonline.com.br\\\/#organization\",\"name\":\"Ubirat\u00e3 Online Not\u00edcias\",\"alternateName\":\"Ubirat\u00e3 Online\",\"url\":\"https:\\\/\\\/ubirataonline.com.br\\\/\",\"logo\":{\"@id\":\"https:\\\/\\\/ubirataonline.com.br\\\/festa-do-futebol-no-claudinao-colocou-lado-a-lado-idolos-do-brasil-e-esportistas-de-ubirata\\\/#local-main-organization-logo\"},\"image\":{\"@id\":\"https:\\\/\\\/ubirataonline.com.br\\\/festa-do-futebol-no-claudinao-colocou-lado-a-lado-idolos-do-brasil-e-esportistas-de-ubirata\\\/#local-main-organization-logo\"},\"sameAs\":[\"https:\\\/\\\/www.facebook.com\\\/portalubirataonline\",\"https:\\\/\\\/x.com\\\/ubirataonline\",\"https:\\\/\\\/mastodon.social\\\/@ubirataonline\",\"https:\\\/\\\/www.facebook.com\\\/groups\\\/311144672285604\",\"https:\\\/\\\/www.facebook.com\\\/UBTAOnline\",\"https:\\\/\\\/www.instagram.com\\\/portalubirataonline\\\/\",\"https:\\\/\\\/twitter.com\\\/ubirataonline\"],\"description\":\"Somos um portal de not\u00edcias independente, criado em 5 de janeiro de 2009, com o objetivo de informar, conectar e valorizar a nossa comunidade de Ubirat\u00e3 e toda aregi\u00e3o. Com conte\u00fado atualizado, confi\u00e1vel e relevante, o Ubirat\u00e3 Online \u00e9 o seu espa\u00e7o para ficar por dentro dos principais acontecimentos locais, regionais, Brasil, Mundo e de interesse geral. Nosso compromisso \u00e9 com a verdade, a transpar\u00eancia e o respeito ao leitor.\",\"legalName\":\"UBIRATA ONLINE NOT\u00cdCIAS\",\"foundingDate\":\"2009-01-05\",\"numberOfEmployees\":{\"@type\":\"QuantitativeValue\",\"minValue\":\"1\",\"maxValue\":\"10\"},\"publishingPrinciples\":\"https:\\\/\\\/ubirataonline.com.br\\\/faq\\\/\",\"address\":{\"@id\":\"https:\\\/\\\/ubirataonline.com.br\\\/festa-do-futebol-no-claudinao-colocou-lado-a-lado-idolos-do-brasil-e-esportistas-de-ubirata\\\/#local-main-place-address\"},\"geo\":{\"@type\":\"GeoCoordinates\",\"latitude\":\"-24.5361401\",\"longitude\":\"-52.9921776\"},\"telephone\":[\"+5544998308235\"],\"contactPoint\":{\"@type\":\"ContactPoint\",\"email\":\"contato@ubirataonline.com.br\"},\"openingHoursSpecification\":{\"@type\":\"OpeningHoursSpecification\",\"dayOfWeek\":[\"Monday\",\"Tuesday\",\"Wednesday\",\"Thursday\",\"Friday\",\"Saturday\",\"Sunday\"],\"opens\":\"00:00\",\"closes\":\"23:59\"},\"email\":\"contato@ubirataonline.com.br\",\"vatID\":\"47.621.418\\\/0001-80\"},{\"@type\":\"Person\",\"@id\":\"https:\\\/\\\/ubirataonline.com.br\\\/#\\\/schema\\\/person\\\/372f87bbd3fdd79b8556b84c98d0bc1c\",\"name\":\"REDA\u00c7\u00c3O: UBIRAT\u00c3 ONLINE - F\u00c1BIO AUGUSTO CELESTINO\",\"pronouns\":\"Ele\",\"description\":\"Desde 2003 trabalhando com not\u00edcias.\",\"sameAs\":[\"http:\\\/\\\/ubirataoline.com.br\",\"https:\\\/\\\/www.facebook.com\\\/portalubirataonline\",\"https:\\\/\\\/www.instagram.com\\\/ubirataonline_oficial\",\"https:\\\/\\\/x.com\\\/x.com\\\/ubirataonline\"],\"honorificPrefix\":\"Mr.\",\"honorificSuffix\":\"MD\",\"birthDate\":\"1980-06-16\",\"gender\":\"masculino\",\"award\":[\"V\u00e1rios pr\u00eamios de melhor portal da cidade\"],\"jobTitle\":\"Diretor\",\"url\":\"https:\\\/\\\/ubirataonline.com.br\\\/en\\\/author\\\/ubirataonline\\\/\"},{\"@type\":\"PostalAddress\",\"@id\":\"https:\\\/\\\/ubirataonline.com.br\\\/festa-do-futebol-no-claudinao-colocou-lado-a-lado-idolos-do-brasil-e-esportistas-de-ubirata\\\/#local-main-place-address\",\"streetAddress\":\"Rua dos Coqueiros, 104 - Bairro Boa Vista, Rua dos Coqueiros, 104 Bairro Boa Vista\",\"addressLocality\":\"UBIRATA\",\"postalCode\":\"85440-000\",\"addressRegion\":\"PR\",\"addressCountry\":\"BR\"},{\"@type\":\"ImageObject\",\"inLanguage\":\"en-US\",\"@id\":\"https:\\\/\\\/ubirataonline.com.br\\\/festa-do-futebol-no-claudinao-colocou-lado-a-lado-idolos-do-brasil-e-esportistas-de-ubirata\\\/#local-main-organization-logo\",\"url\":\"https:\\\/\\\/ubirataonline.com.br\\\/wp-content\\\/uploads\\\/2026\\\/06\\\/logoubirataonline-1.webp\",\"contentUrl\":\"https:\\\/\\\/ubirataonline.com.br\\\/wp-content\\\/uploads\\\/2026\\\/06\\\/logoubirataonline-1.webp\",\"width\":500,\"height\":500,\"caption\":\"Ubirat\u00e3 Online Not\u00edcias\"}]}<\/script>\n<meta name=\"geo.placename\" content=\"UBIRATA\" \/>\n<meta name=\"geo.position\" content=\"-24.5361401;-52.9921776\" \/>\n<meta name=\"geo.region\" content=\"Brazil\" \/>\n<!-- \/ Yoast SEO Premium plugin. -->","yoast_head_json":{"title":"Festa do futebol no Claudin\u00e3o colocou lado a lado \u00eddolos do Brasil e esportistas de Ubirat\u00e3 - Ubirat\u00e3 Online Not\u00edcias - A realidade ao seu alcance!","description":"https:\/\/www.facebook.com\/prefeituraubirata\/videos\/634851283636776\/ Jogadores que fizeram hist\u00f3ria, marcaram seus nomes na memoria do torcedor, emocionaram","robots":{"index":"index","follow":"follow","max-snippet":"max-snippet:-1","max-image-preview":"max-image-preview:large","max-video-preview":"max-video-preview:-1"},"canonical":"https:\/\/ubirataonline.com.br\/en\/festa-do-futebol-no-claudinao-colocou-lado-a-lado-idolos-do-brasil-e-esportistas-de-ubirata\/","og_locale":"en_US","og_type":"article","og_title":"Festa do futebol no Claudin\u00e3o colocou lado a lado \u00eddolos do Brasil e esportistas de Ubirat\u00e3","og_description":"https:\/\/www.facebook.com\/prefeituraubirata\/videos\/634851283636776\/ Jogadores que fizeram hist\u00f3ria, marcaram seus nomes na memoria do torcedor, emocionaram","og_url":"https:\/\/ubirataonline.com.br\/en\/festa-do-futebol-no-claudinao-colocou-lado-a-lado-idolos-do-brasil-e-esportistas-de-ubirata\/","og_site_name":"Ubirat\u00e3 Online Not\u00edcias - A realidade ao seu alcance!","article_publisher":"https:\/\/www.facebook.com\/portalubirataonline","article_author":"https:\/\/www.facebook.com\/portalubirataonline","article_published_time":"2019-03-13T12:38:26+00:00","article_modified_time":"2019-03-13T12:38:33+00:00","og_image":[{"url":"https:\/\/ubirataonline.com.br\/wp-content\/uploads\/2019\/03\/2-17-1600x840.jpg","type":"","width":"","height":""}],"author":"REDA\u00c7\u00c3O: UBIRAT\u00c3 ONLINE - F\u00c1BIO AUGUSTO CELESTINO","twitter_card":"summary_large_image","twitter_creator":"@x.com\/ubirataonline","twitter_site":"@ubirataonline","twitter_misc":{"Written by":"REDA\u00c7\u00c3O: UBIRAT\u00c3 ONLINE - F\u00c1BIO AUGUSTO CELESTINO","Est. reading time":"1 minute"},"schema":{"@context":"https:\/\/schema.org","@graph":[{"@type":"NewsArticle","@id":"https:\/\/ubirataonline.com.br\/festa-do-futebol-no-claudinao-colocou-lado-a-lado-idolos-do-brasil-e-esportistas-de-ubirata\/#article","isPartOf":{"@id":"https:\/\/ubirataonline.com.br\/festa-do-futebol-no-claudinao-colocou-lado-a-lado-idolos-do-brasil-e-esportistas-de-ubirata\/"},"author":{"name":"REDA\u00c7\u00c3O: UBIRAT\u00c3 ONLINE - F\u00c1BIO AUGUSTO CELESTINO","@id":"https:\/\/ubirataonline.com.br\/#\/schema\/person\/372f87bbd3fdd79b8556b84c98d0bc1c"},"headline":"Festa do futebol no Claudin\u00e3o colocou lado a lado \u00eddolos do Brasil e esportistas de Ubirat\u00e3","datePublished":"2019-03-13T12:38:26+00:00","dateModified":"2019-03-13T12:38:33+00:00","mainEntityOfPage":{"@id":"https:\/\/ubirataonline.com.br\/festa-do-futebol-no-claudinao-colocou-lado-a-lado-idolos-do-brasil-e-esportistas-de-ubirata\/"},"wordCount":248,"publisher":{"@id":"https:\/\/ubirataonline.com.br\/#organization"},"image":{"@id":"https:\/\/ubirataonline.com.br\/festa-do-futebol-no-claudinao-colocou-lado-a-lado-idolos-do-brasil-e-esportistas-de-ubirata\/#primaryimage"},"thumbnailUrl":"https:\/\/ubirataonline.com.br\/wp-content\/uploads\/2019\/03\/2-17-1600x840.jpg","articleSection":["Ubirat\u00e3"],"inLanguage":"en-US","copyrightYear":"2019","copyrightHolder":{"@id":"https:\/\/ubirataonline.com.br\/en\/#organization"}},{"@type":"WebPage","@id":"https:\/\/ubirataonline.com.br\/festa-do-futebol-no-claudinao-colocou-lado-a-lado-idolos-do-brasil-e-esportistas-de-ubirata\/","url":"https:\/\/ubirataonline.com.br\/festa-do-futebol-no-claudinao-colocou-lado-a-lado-idolos-do-brasil-e-esportistas-de-ubirata\/","name":"Festa do futebol no Claudin\u00e3o colocou lado a lado \u00eddolos do Brasil e esportistas de Ubirat\u00e3 - Ubirat\u00e3 Online Not\u00edcias - A realidade ao seu alcance!","isPartOf":{"@id":"https:\/\/ubirataonline.com.br\/#website"},"primaryImageOfPage":{"@id":"https:\/\/ubirataonline.com.br\/festa-do-futebol-no-claudinao-colocou-lado-a-lado-idolos-do-brasil-e-esportistas-de-ubirata\/#primaryimage"},"image":{"@id":"https:\/\/ubirataonline.com.br\/festa-do-futebol-no-claudinao-colocou-lado-a-lado-idolos-do-brasil-e-esportistas-de-ubirata\/#primaryimage"},"thumbnailUrl":"https:\/\/ubirataonline.com.br\/wp-content\/uploads\/2019\/03\/2-17-1600x840.jpg","datePublished":"2019-03-13T12:38:26+00:00","dateModified":"2019-03-13T12:38:33+00:00","description":"https:\/\/www.facebook.com\/prefeituraubirata\/videos\/634851283636776\/ Jogadores que fizeram hist\u00f3ria, marcaram seus nomes na memoria do torcedor, emocionaram","breadcrumb":{"@id":"https:\/\/ubirataonline.com.br\/festa-do-futebol-no-claudinao-colocou-lado-a-lado-idolos-do-brasil-e-esportistas-de-ubirata\/#breadcrumb"},"inLanguage":"en-US","potentialAction":[{"@type":"ReadAction","target":["https:\/\/ubirataonline.com.br\/festa-do-futebol-no-claudinao-colocou-lado-a-lado-idolos-do-brasil-e-esportistas-de-ubirata\/"]}]},{"@type":"ImageObject","inLanguage":"en-US","@id":"https:\/\/ubirataonline.com.br\/festa-do-futebol-no-claudinao-colocou-lado-a-lado-idolos-do-brasil-e-esportistas-de-ubirata\/#primaryimage","url":"https:\/\/ubirataonline.com.br\/wp-content\/uploads\/2019\/03\/2-17-1600x840.jpg","contentUrl":"https:\/\/ubirataonline.com.br\/wp-content\/uploads\/2019\/03\/2-17-1600x840.jpg"},{"@type":"BreadcrumbList","@id":"https:\/\/ubirataonline.com.br\/festa-do-futebol-no-claudinao-colocou-lado-a-lado-idolos-do-brasil-e-esportistas-de-ubirata\/#breadcrumb","itemListElement":[{"@type":"ListItem","position":1,"name":"In\u00edcio","item":"https:\/\/ubirataonline.com.br\/"},{"@type":"ListItem","position":2,"name":"Festa do futebol no Claudin\u00e3o colocou lado a lado \u00eddolos do Brasil e esportistas de Ubirat\u00e3"}]},{"@type":"WebSite","@id":"https:\/\/ubirataonline.com.br\/#website","url":"https:\/\/ubirataonline.com.br\/","name":"Ubirat\u00e3 Online Not\u00edcias","description":"Not\u00edcias de Ubirat\u00e3, regi\u00e3o, Brasil e mundo, com informa\u00e7\u00e3o atualizada e compromisso com o leitor.","publisher":{"@id":"https:\/\/ubirataonline.com.br\/#organization"},"alternateName":"Ubirat\u00e3 Online","potentialAction":[{"@type":"SearchAction","target":{"@type":"EntryPoint","urlTemplate":"https:\/\/ubirataonline.com.br\/?s={search_term_string}"},"query-input":{"@type":"PropertyValueSpecification","valueRequired":true,"valueName":"search_term_string"}}],"inLanguage":"en-US"},{"@type":["Organization","Place"],"@id":"https:\/\/ubirataonline.com.br\/#organization","name":"Ubirat\u00e3 Online Not\u00edcias","alternateName":"Ubirat\u00e3 Online","url":"https:\/\/ubirataonline.com.br\/","logo":{"@id":"https:\/\/ubirataonline.com.br\/festa-do-futebol-no-claudinao-colocou-lado-a-lado-idolos-do-brasil-e-esportistas-de-ubirata\/#local-main-organization-logo"},"image":{"@id":"https:\/\/ubirataonline.com.br\/festa-do-futebol-no-claudinao-colocou-lado-a-lado-idolos-do-brasil-e-esportistas-de-ubirata\/#local-main-organization-logo"},"sameAs":["https:\/\/www.facebook.com\/portalubirataonline","https:\/\/x.com\/ubirataonline","https:\/\/mastodon.social\/@ubirataonline","https:\/\/www.facebook.com\/groups\/311144672285604","https:\/\/www.facebook.com\/UBTAOnline","https:\/\/www.instagram.com\/portalubirataonline\/","https:\/\/twitter.com\/ubirataonline"],"description":"Somos um portal de not\u00edcias independente, criado em 5 de janeiro de 2009, com o objetivo de informar, conectar e valorizar a nossa comunidade de Ubirat\u00e3 e toda aregi\u00e3o. Com conte\u00fado atualizado, confi\u00e1vel e relevante, o Ubirat\u00e3 Online \u00e9 o seu espa\u00e7o para ficar por dentro dos principais acontecimentos locais, regionais, Brasil, Mundo e de interesse geral. Nosso compromisso \u00e9 com a verdade, a transpar\u00eancia e o respeito ao leitor.","legalName":"UBIRATA ONLINE NOT\u00cdCIAS","foundingDate":"2009-01-05","numberOfEmployees":{"@type":"QuantitativeValue","minValue":"1","maxValue":"10"},"publishingPrinciples":"https:\/\/ubirataonline.com.br\/faq\/","address":{"@id":"https:\/\/ubirataonline.com.br\/festa-do-futebol-no-claudinao-colocou-lado-a-lado-idolos-do-brasil-e-esportistas-de-ubirata\/#local-main-place-address"},"geo":{"@type":"GeoCoordinates","latitude":"-24.5361401","longitude":"-52.9921776"},"telephone":["+5544998308235"],"contactPoint":{"@type":"ContactPoint","email":"contato@ubirataonline.com.br"},"openingHoursSpecification":{"@type":"OpeningHoursSpecification","dayOfWeek":["Monday","Tuesday","Wednesday","Thursday","Friday","Saturday","Sunday"],"opens":"00:00","closes":"23:59"},"email":"contato@ubirataonline.com.br","vatID":"47.621.418\/0001-80"},{"@type":"Person","@id":"https:\/\/ubirataonline.com.br\/#\/schema\/person\/372f87bbd3fdd79b8556b84c98d0bc1c","name":"REDA\u00c7\u00c3O: UBIRAT\u00c3 ONLINE - F\u00c1BIO AUGUSTO CELESTINO","pronouns":"Ele","description":"Desde 2003 trabalhando com not\u00edcias.","sameAs":["http:\/\/ubirataoline.com.br","https:\/\/www.facebook.com\/portalubirataonline","https:\/\/www.instagram.com\/ubirataonline_oficial","https:\/\/x.com\/x.com\/ubirataonline"],"honorificPrefix":"Mr.","honorificSuffix":"MD","birthDate":"1980-06-16","gender":"masculino","award":["V\u00e1rios pr\u00eamios de melhor portal da cidade"],"jobTitle":"Diretor","url":"https:\/\/ubirataonline.com.br\/en\/author\/ubirataonline\/"},{"@type":"PostalAddress","@id":"https:\/\/ubirataonline.com.br\/festa-do-futebol-no-claudinao-colocou-lado-a-lado-idolos-do-brasil-e-esportistas-de-ubirata\/#local-main-place-address","streetAddress":"Rua dos Coqueiros, 104 - Bairro Boa Vista, Rua dos Coqueiros, 104 Bairro Boa Vista","addressLocality":"UBIRATA","postalCode":"85440-000","addressRegion":"PR","addressCountry":"BR"},{"@type":"ImageObject","inLanguage":"en-US","@id":"https:\/\/ubirataonline.com.br\/festa-do-futebol-no-claudinao-colocou-lado-a-lado-idolos-do-brasil-e-esportistas-de-ubirata\/#local-main-organization-logo","url":"https:\/\/ubirataonline.com.br\/wp-content\/uploads\/2026\/06\/logoubirataonline-1.webp","contentUrl":"https:\/\/ubirataonline.com.br\/wp-content\/uploads\/2026\/06\/logoubirataonline-1.webp","width":500,"height":500,"caption":"Ubirat\u00e3 Online Not\u00edcias"}]},"geo.placename":"UBIRATA","geo.position":{"lat":"-24.5361401","long":"-52.9921776"},"geo.region":"Brazil"},"_links":{"self":[{"href":"https:\/\/ubirataonline.com.br\/en\/wp-json\/wp\/v2\/posts\/19565","targetHints":{"allow":["GET"]}}],"collection":[{"href":"https:\/\/ubirataonline.com.br\/en\/wp-json\/wp\/v2\/posts"}],"about":[{"href":"https:\/\/ubirataonline.com.br\/en\/wp-json\/wp\/v2\/types\/post"}],"author":[{"embeddable":true,"href":"https:\/\/ubirataonline.com.br\/en\/wp-json\/wp\/v2\/users\/1"}],"replies":[{"embeddable":true,"href":"https:\/\/ubirataonline.com.br\/en\/wp-json\/wp\/v2\/comments?post=19565"}],"version-history":[{"count":0,"href":"https:\/\/ubirataonline.com.br\/en\/wp-json\/wp\/v2\/posts\/19565\/revisions"}],"wp:attachment":[{"href":"https:\/\/ubirataonline.com.br\/en\/wp-json\/wp\/v2\/media?parent=19565"}],"wp:term":[{"taxonomy":"category","embeddable":true,"href":"https:\/\/ubirataonline.com.br\/en\/wp-json\/wp\/v2\/categories?post=19565"},{"taxonomy":"post_tag","embeddable":true,"href":"https:\/\/ubirataonline.com.br\/en\/wp-json\/wp\/v2\/tags?post=19565"}],"curies":[{"name":"wp","href":"https:\/\/api.w.org\/{rel}","templated":true}]}}