{"id":2043,"date":"2017-03-13T19:42:38","date_gmt":"2017-03-13T22:42:38","guid":{"rendered":"https:\/\/ubirataonline.com.br\/?p=2043"},"modified":"2017-03-13T19:42:38","modified_gmt":"2017-03-13T22:42:38","slug":"quantos-nasceram-e-quantos-morreram-em-ubirata-no-ano-de-2016","status":"publish","type":"post","link":"https:\/\/ubirataonline.com.br\/en\/quantos-nasceram-e-quantos-morreram-em-ubirata-no-ano-de-2016\/","title":{"rendered":"Quantos nasceram e quantos morreram em Ubirat\u00e3 no ano de 2016?"},"content":{"rendered":"<p>O setor de Vigil\u00e2ncia Epidemiol\u00f3gica de Ubirat\u00e3, vinculado a Secretaria de Sa\u00fade, divulgou esta semana, o relat\u00f3rio das atividades referentes ao exerc\u00edcio 2016. Nos n\u00fameros apresentados destaque para uma coincid\u00eancia: assim como em 2015, no ano passado foram registrados no munic\u00edpio 285 nascimentos, dois a mais do que em 2014. Em 2016, registou-se uma crian\u00e7a nascida de m\u00e3e menor de 14 anos; 32 beb\u00eas de m\u00e3es com idade entre 15 a 19 anos; 211 atrav\u00e9s de m\u00e3es com idade entre 20 a 34 anos e 41 crian\u00e7as de m\u00e3es com mais de 35 anos.<\/p>\n<p>Por outro lado, o n\u00famero de falecimentos ocorridos no munic\u00edpio de Ubirat\u00e3 aumentou no ano passado. Somente em 2016, foram contabilizados 182 \u00f3bitos contra 159 \u00f3bitos registrados em 2015, por\u00e9m menos que em 2014 quando foram 187 mortes. As maiores causas de mortes em Ubirat\u00e3 em 2016 foram por problemas relacionados a doen\u00e7a do aparelho circulat\u00f3rio; Neoplasias (tumores); e doen\u00e7a do aparelho respirat\u00f3rio.<\/p>","protected":false},"excerpt":{"rendered":"<p>O setor de Vigil\u00e2ncia Epidemiol\u00f3gica de Ubirat\u00e3, vinculado a Secretaria de Sa\u00fade, divulgou esta semana, o relat\u00f3rio das atividades referentes ao exerc\u00edcio 2016. Nos n\u00fameros apresentados destaque para uma coincid\u00eancia: assim como em 2015, no ano passado foram registrados no munic\u00edpio 285 nascimentos, dois a mais do que em 2014. Em 2016, registou-se uma crian\u00e7a [&hellip;]<\/p>\n","protected":false},"author":2,"featured_media":0,"comment_status":"closed","ping_status":"closed","sticky":false,"template":"","format":"standard","meta":{"googlesitekit_rrm_CAow2JLhCw:productID":"","_gspb_post_css":"","maa_idioma":"","maa_pais":"","footnotes":""},"categories":[],"tags":[],"class_list":["post-2043","post","type-post","status-publish","format-standard","hentry"],"blocksy_meta":[],"yoast_head":"<!-- This site is optimized with the Yoast SEO Premium plugin v27.6 (Yoast SEO v27.6) - https:\/\/yoast.com\/product\/yoast-seo-premium-wordpress\/ -->\n<title>Quantos nasceram e quantos morreram em Ubirat\u00e3 no ano de 2016? - Ubirat\u00e3 Online Not\u00edcias - A realidade ao seu alcance!<\/title>\n<meta name=\"description\" content=\"O setor de Vigil\u00e2ncia Epidemiol\u00f3gica de Ubirat\u00e3, vinculado a Secretaria de Sa\u00fade, divulgou esta semana, o relat\u00f3rio das atividades referentes ao exerc\u00edcio\" \/>\n<meta name=\"robots\" content=\"index, follow, max-snippet:-1, max-image-preview:large, max-video-preview:-1\" \/>\n<link rel=\"canonical\" href=\"https:\/\/ubirataonline.com.br\/en\/quantos-nasceram-e-quantos-morreram-em-ubirata-no-ano-de-2016\/\" \/>\n<meta property=\"og:locale\" content=\"en_US\" \/>\n<meta property=\"og:type\" content=\"article\" \/>\n<meta property=\"og:title\" content=\"Quantos nasceram e quantos morreram em Ubirat\u00e3 no ano de 2016?\" \/>\n<meta property=\"og:description\" content=\"O setor de Vigil\u00e2ncia Epidemiol\u00f3gica de Ubirat\u00e3, vinculado a Secretaria de Sa\u00fade, divulgou esta semana, o relat\u00f3rio das atividades referentes ao exerc\u00edcio\" \/>\n<meta property=\"og:url\" content=\"https:\/\/ubirataonline.com.br\/en\/quantos-nasceram-e-quantos-morreram-em-ubirata-no-ano-de-2016\/\" \/>\n<meta property=\"og:site_name\" content=\"Ubirat\u00e3 Online Not\u00edcias - A realidade ao seu alcance!\" \/>\n<meta property=\"article:publisher\" content=\"https:\/\/www.facebook.com\/portalubirataonline\" \/>\n<meta property=\"article:published_time\" content=\"2017-03-13T22:42:38+00:00\" \/>\n<meta property=\"og:image\" content=\"https:\/\/ubirataonline.com.br\/wp-content\/uploads\/2026\/05\/logo2026.webp\" \/>\n\t<meta property=\"og:image:width\" content=\"1531\" \/>\n\t<meta property=\"og:image:height\" content=\"418\" \/>\n\t<meta property=\"og:image:type\" content=\"image\/webp\" \/>\n<meta name=\"author\" content=\"Vampeta\" \/>\n<meta name=\"twitter:card\" content=\"summary_large_image\" \/>\n<meta name=\"twitter:creator\" content=\"@ubirataonline\" \/>\n<meta name=\"twitter:site\" content=\"@ubirataonline\" \/>\n<meta name=\"twitter:label1\" content=\"Written by\" \/>\n\t<meta name=\"twitter:data1\" content=\"Vampeta\" \/>\n\t<meta name=\"twitter:label2\" content=\"Est. reading time\" \/>\n\t<meta name=\"twitter:data2\" content=\"1 minute\" \/>\n<script type=\"application\/ld+json\" class=\"yoast-schema-graph\">{\"@context\":\"https:\\\/\\\/schema.org\",\"@graph\":[{\"@type\":\"NewsArticle\",\"@id\":\"https:\\\/\\\/ubirataonline.com.br\\\/quantos-nasceram-e-quantos-morreram-em-ubirata-no-ano-de-2016\\\/#article\",\"isPartOf\":{\"@id\":\"https:\\\/\\\/ubirataonline.com.br\\\/quantos-nasceram-e-quantos-morreram-em-ubirata-no-ano-de-2016\\\/\"},\"author\":{\"name\":\"Vampeta\",\"@id\":\"https:\\\/\\\/ubirataonline.com.br\\\/#\\\/schema\\\/person\\\/09f7a474bd1834b50dea8d1c197e976f\"},\"headline\":\"Quantos nasceram e quantos morreram em Ubirat\u00e3 no ano de 2016?\",\"datePublished\":\"2017-03-13T22:42:38+00:00\",\"mainEntityOfPage\":{\"@id\":\"https:\\\/\\\/ubirataonline.com.br\\\/quantos-nasceram-e-quantos-morreram-em-ubirata-no-ano-de-2016\\\/\"},\"wordCount\":169,\"publisher\":{\"@id\":\"https:\\\/\\\/ubirataonline.com.br\\\/#organization\"},\"inLanguage\":\"en-US\",\"copyrightYear\":\"2017\",\"copyrightHolder\":{\"@id\":\"https:\\\/\\\/ubirataonline.com.br\\\/en\\\/#organization\"}},{\"@type\":\"WebPage\",\"@id\":\"https:\\\/\\\/ubirataonline.com.br\\\/quantos-nasceram-e-quantos-morreram-em-ubirata-no-ano-de-2016\\\/\",\"url\":\"https:\\\/\\\/ubirataonline.com.br\\\/quantos-nasceram-e-quantos-morreram-em-ubirata-no-ano-de-2016\\\/\",\"name\":\"Quantos nasceram e quantos morreram em Ubirat\u00e3 no ano de 2016? - Ubirat\u00e3 Online Not\u00edcias - A realidade ao seu alcance!\",\"isPartOf\":{\"@id\":\"https:\\\/\\\/ubirataonline.com.br\\\/#website\"},\"datePublished\":\"2017-03-13T22:42:38+00:00\",\"description\":\"O setor de Vigil\u00e2ncia Epidemiol\u00f3gica de Ubirat\u00e3, vinculado a Secretaria de Sa\u00fade, divulgou esta semana, o relat\u00f3rio das atividades referentes ao exerc\u00edcio\",\"breadcrumb\":{\"@id\":\"https:\\\/\\\/ubirataonline.com.br\\\/quantos-nasceram-e-quantos-morreram-em-ubirata-no-ano-de-2016\\\/#breadcrumb\"},\"inLanguage\":\"en-US\",\"potentialAction\":[{\"@type\":\"ReadAction\",\"target\":[\"https:\\\/\\\/ubirataonline.com.br\\\/quantos-nasceram-e-quantos-morreram-em-ubirata-no-ano-de-2016\\\/\"]}]},{\"@type\":\"BreadcrumbList\",\"@id\":\"https:\\\/\\\/ubirataonline.com.br\\\/quantos-nasceram-e-quantos-morreram-em-ubirata-no-ano-de-2016\\\/#breadcrumb\",\"itemListElement\":[{\"@type\":\"ListItem\",\"position\":1,\"name\":\"In\u00edcio\",\"item\":\"https:\\\/\\\/ubirataonline.com.br\\\/\"},{\"@type\":\"ListItem\",\"position\":2,\"name\":\"Quantos nasceram e quantos morreram em Ubirat\u00e3 no ano de 2016?\"}]},{\"@type\":\"WebSite\",\"@id\":\"https:\\\/\\\/ubirataonline.com.br\\\/#website\",\"url\":\"https:\\\/\\\/ubirataonline.com.br\\\/\",\"name\":\"Ubirat\u00e3 Online Not\u00edcias\",\"description\":\"Not\u00edcias de Ubirat\u00e3, regi\u00e3o, Brasil e mundo, com informa\u00e7\u00e3o atualizada e compromisso com o leitor.\",\"publisher\":{\"@id\":\"https:\\\/\\\/ubirataonline.com.br\\\/#organization\"},\"alternateName\":\"Ubirat\u00e3 Online\",\"potentialAction\":[{\"@type\":\"SearchAction\",\"target\":{\"@type\":\"EntryPoint\",\"urlTemplate\":\"https:\\\/\\\/ubirataonline.com.br\\\/?s={search_term_string}\"},\"query-input\":{\"@type\":\"PropertyValueSpecification\",\"valueRequired\":true,\"valueName\":\"search_term_string\"}}],\"inLanguage\":\"en-US\"},{\"@type\":[\"Organization\",\"Place\"],\"@id\":\"https:\\\/\\\/ubirataonline.com.br\\\/#organization\",\"name\":\"Ubirat\u00e3 Online Not\u00edcias\",\"alternateName\":\"Ubirat\u00e3 Online\",\"url\":\"https:\\\/\\\/ubirataonline.com.br\\\/\",\"logo\":{\"@id\":\"https:\\\/\\\/ubirataonline.com.br\\\/quantos-nasceram-e-quantos-morreram-em-ubirata-no-ano-de-2016\\\/#local-main-organization-logo\"},\"image\":{\"@id\":\"https:\\\/\\\/ubirataonline.com.br\\\/quantos-nasceram-e-quantos-morreram-em-ubirata-no-ano-de-2016\\\/#local-main-organization-logo\"},\"sameAs\":[\"https:\\\/\\\/www.facebook.com\\\/portalubirataonline\",\"https:\\\/\\\/x.com\\\/ubirataonline\",\"https:\\\/\\\/mastodon.social\\\/@ubirataonline\",\"https:\\\/\\\/www.facebook.com\\\/groups\\\/311144672285604\",\"https:\\\/\\\/www.facebook.com\\\/UBTAOnline\",\"https:\\\/\\\/www.instagram.com\\\/portalubirataonline\\\/\",\"https:\\\/\\\/twitter.com\\\/ubirataonline\"],\"description\":\"Somos um portal de not\u00edcias independente, criado em 5 de janeiro de 2009, com o objetivo de informar, conectar e valorizar a nossa comunidade de Ubirat\u00e3 e toda aregi\u00e3o. Com conte\u00fado atualizado, confi\u00e1vel e relevante, o Ubirat\u00e3 Online \u00e9 o seu espa\u00e7o para ficar por dentro dos principais acontecimentos locais, regionais, Brasil, Mundo e de interesse geral. Nosso compromisso \u00e9 com a verdade, a transpar\u00eancia e o respeito ao leitor.\",\"legalName\":\"UBIRATA ONLINE NOT\u00cdCIAS\",\"foundingDate\":\"2009-01-05\",\"numberOfEmployees\":{\"@type\":\"QuantitativeValue\",\"minValue\":\"1\",\"maxValue\":\"10\"},\"publishingPrinciples\":\"https:\\\/\\\/ubirataonline.com.br\\\/faq\\\/\",\"address\":{\"@id\":\"https:\\\/\\\/ubirataonline.com.br\\\/quantos-nasceram-e-quantos-morreram-em-ubirata-no-ano-de-2016\\\/#local-main-place-address\"},\"geo\":{\"@type\":\"GeoCoordinates\",\"latitude\":\"-24.5361401\",\"longitude\":\"-52.9921776\"},\"telephone\":[\"+5544998308235\"],\"contactPoint\":{\"@type\":\"ContactPoint\",\"email\":\"contato@ubirataonline.com.br\"},\"openingHoursSpecification\":{\"@type\":\"OpeningHoursSpecification\",\"dayOfWeek\":[\"Monday\",\"Tuesday\",\"Wednesday\",\"Thursday\",\"Friday\",\"Saturday\",\"Sunday\"],\"opens\":\"00:00\",\"closes\":\"23:59\"},\"email\":\"contato@ubirataonline.com.br\",\"vatID\":\"47.621.418\\\/0001-80\"},{\"@type\":\"Person\",\"@id\":\"https:\\\/\\\/ubirataonline.com.br\\\/#\\\/schema\\\/person\\\/09f7a474bd1834b50dea8d1c197e976f\",\"name\":\"Vampeta\",\"sameAs\":[\"https:\\\/\\\/ubirataonline.com.br\"],\"url\":\"https:\\\/\\\/ubirataonline.com.br\\\/en\\\/author\\\/vampeta\\\/\"},{\"@type\":\"PostalAddress\",\"@id\":\"https:\\\/\\\/ubirataonline.com.br\\\/quantos-nasceram-e-quantos-morreram-em-ubirata-no-ano-de-2016\\\/#local-main-place-address\",\"streetAddress\":\"Rua dos Coqueiros, 104 - Bairro Boa Vista, Rua dos Coqueiros, 104 Bairro Boa Vista\",\"addressLocality\":\"UBIRATA\",\"postalCode\":\"85440-000\",\"addressRegion\":\"PR\",\"addressCountry\":\"BR\"},{\"@type\":\"ImageObject\",\"inLanguage\":\"en-US\",\"@id\":\"https:\\\/\\\/ubirataonline.com.br\\\/quantos-nasceram-e-quantos-morreram-em-ubirata-no-ano-de-2016\\\/#local-main-organization-logo\",\"url\":\"https:\\\/\\\/ubirataonline.com.br\\\/wp-content\\\/uploads\\\/2026\\\/06\\\/logoubirataonline-1.webp\",\"contentUrl\":\"https:\\\/\\\/ubirataonline.com.br\\\/wp-content\\\/uploads\\\/2026\\\/06\\\/logoubirataonline-1.webp\",\"width\":500,\"height\":500,\"caption\":\"Ubirat\u00e3 Online Not\u00edcias\"}]}<\/script>\n<meta name=\"geo.placename\" content=\"UBIRATA\" \/>\n<meta name=\"geo.position\" content=\"-24.5361401;-52.9921776\" \/>\n<meta name=\"geo.region\" content=\"Brazil\" \/>\n<!-- \/ Yoast SEO Premium plugin. -->","yoast_head_json":{"title":"Quantos nasceram e quantos morreram em Ubirat\u00e3 no ano de 2016? - Ubirat\u00e3 Online Not\u00edcias - A realidade ao seu alcance!","description":"O setor de Vigil\u00e2ncia Epidemiol\u00f3gica de Ubirat\u00e3, vinculado a Secretaria de Sa\u00fade, divulgou esta semana, o relat\u00f3rio das atividades referentes ao exerc\u00edcio","robots":{"index":"index","follow":"follow","max-snippet":"max-snippet:-1","max-image-preview":"max-image-preview:large","max-video-preview":"max-video-preview:-1"},"canonical":"https:\/\/ubirataonline.com.br\/en\/quantos-nasceram-e-quantos-morreram-em-ubirata-no-ano-de-2016\/","og_locale":"en_US","og_type":"article","og_title":"Quantos nasceram e quantos morreram em Ubirat\u00e3 no ano de 2016?","og_description":"O setor de Vigil\u00e2ncia Epidemiol\u00f3gica de Ubirat\u00e3, vinculado a Secretaria de Sa\u00fade, divulgou esta semana, o relat\u00f3rio das atividades referentes ao exerc\u00edcio","og_url":"https:\/\/ubirataonline.com.br\/en\/quantos-nasceram-e-quantos-morreram-em-ubirata-no-ano-de-2016\/","og_site_name":"Ubirat\u00e3 Online Not\u00edcias - A realidade ao seu alcance!","article_publisher":"https:\/\/www.facebook.com\/portalubirataonline","article_published_time":"2017-03-13T22:42:38+00:00","og_image":[{"width":1531,"height":418,"url":"https:\/\/ubirataonline.com.br\/wp-content\/uploads\/2026\/05\/logo2026.webp","type":"image\/webp"}],"author":"Vampeta","twitter_card":"summary_large_image","twitter_creator":"@ubirataonline","twitter_site":"@ubirataonline","twitter_misc":{"Written by":"Vampeta","Est. reading time":"1 minute"},"schema":{"@context":"https:\/\/schema.org","@graph":[{"@type":"NewsArticle","@id":"https:\/\/ubirataonline.com.br\/quantos-nasceram-e-quantos-morreram-em-ubirata-no-ano-de-2016\/#article","isPartOf":{"@id":"https:\/\/ubirataonline.com.br\/quantos-nasceram-e-quantos-morreram-em-ubirata-no-ano-de-2016\/"},"author":{"name":"Vampeta","@id":"https:\/\/ubirataonline.com.br\/#\/schema\/person\/09f7a474bd1834b50dea8d1c197e976f"},"headline":"Quantos nasceram e quantos morreram em Ubirat\u00e3 no ano de 2016?","datePublished":"2017-03-13T22:42:38+00:00","mainEntityOfPage":{"@id":"https:\/\/ubirataonline.com.br\/quantos-nasceram-e-quantos-morreram-em-ubirata-no-ano-de-2016\/"},"wordCount":169,"publisher":{"@id":"https:\/\/ubirataonline.com.br\/#organization"},"inLanguage":"en-US","copyrightYear":"2017","copyrightHolder":{"@id":"https:\/\/ubirataonline.com.br\/en\/#organization"}},{"@type":"WebPage","@id":"https:\/\/ubirataonline.com.br\/quantos-nasceram-e-quantos-morreram-em-ubirata-no-ano-de-2016\/","url":"https:\/\/ubirataonline.com.br\/quantos-nasceram-e-quantos-morreram-em-ubirata-no-ano-de-2016\/","name":"Quantos nasceram e quantos morreram em Ubirat\u00e3 no ano de 2016? - Ubirat\u00e3 Online Not\u00edcias - A realidade ao seu alcance!","isPartOf":{"@id":"https:\/\/ubirataonline.com.br\/#website"},"datePublished":"2017-03-13T22:42:38+00:00","description":"O setor de Vigil\u00e2ncia Epidemiol\u00f3gica de Ubirat\u00e3, vinculado a Secretaria de Sa\u00fade, divulgou esta semana, o relat\u00f3rio das atividades referentes ao exerc\u00edcio","breadcrumb":{"@id":"https:\/\/ubirataonline.com.br\/quantos-nasceram-e-quantos-morreram-em-ubirata-no-ano-de-2016\/#breadcrumb"},"inLanguage":"en-US","potentialAction":[{"@type":"ReadAction","target":["https:\/\/ubirataonline.com.br\/quantos-nasceram-e-quantos-morreram-em-ubirata-no-ano-de-2016\/"]}]},{"@type":"BreadcrumbList","@id":"https:\/\/ubirataonline.com.br\/quantos-nasceram-e-quantos-morreram-em-ubirata-no-ano-de-2016\/#breadcrumb","itemListElement":[{"@type":"ListItem","position":1,"name":"In\u00edcio","item":"https:\/\/ubirataonline.com.br\/"},{"@type":"ListItem","position":2,"name":"Quantos nasceram e quantos morreram em Ubirat\u00e3 no ano de 2016?"}]},{"@type":"WebSite","@id":"https:\/\/ubirataonline.com.br\/#website","url":"https:\/\/ubirataonline.com.br\/","name":"Ubirat\u00e3 Online Not\u00edcias","description":"Not\u00edcias de Ubirat\u00e3, regi\u00e3o, Brasil e mundo, com informa\u00e7\u00e3o atualizada e compromisso com o leitor.","publisher":{"@id":"https:\/\/ubirataonline.com.br\/#organization"},"alternateName":"Ubirat\u00e3 Online","potentialAction":[{"@type":"SearchAction","target":{"@type":"EntryPoint","urlTemplate":"https:\/\/ubirataonline.com.br\/?s={search_term_string}"},"query-input":{"@type":"PropertyValueSpecification","valueRequired":true,"valueName":"search_term_string"}}],"inLanguage":"en-US"},{"@type":["Organization","Place"],"@id":"https:\/\/ubirataonline.com.br\/#organization","name":"Ubirat\u00e3 Online Not\u00edcias","alternateName":"Ubirat\u00e3 Online","url":"https:\/\/ubirataonline.com.br\/","logo":{"@id":"https:\/\/ubirataonline.com.br\/quantos-nasceram-e-quantos-morreram-em-ubirata-no-ano-de-2016\/#local-main-organization-logo"},"image":{"@id":"https:\/\/ubirataonline.com.br\/quantos-nasceram-e-quantos-morreram-em-ubirata-no-ano-de-2016\/#local-main-organization-logo"},"sameAs":["https:\/\/www.facebook.com\/portalubirataonline","https:\/\/x.com\/ubirataonline","https:\/\/mastodon.social\/@ubirataonline","https:\/\/www.facebook.com\/groups\/311144672285604","https:\/\/www.facebook.com\/UBTAOnline","https:\/\/www.instagram.com\/portalubirataonline\/","https:\/\/twitter.com\/ubirataonline"],"description":"Somos um portal de not\u00edcias independente, criado em 5 de janeiro de 2009, com o objetivo de informar, conectar e valorizar a nossa comunidade de Ubirat\u00e3 e toda aregi\u00e3o. Com conte\u00fado atualizado, confi\u00e1vel e relevante, o Ubirat\u00e3 Online \u00e9 o seu espa\u00e7o para ficar por dentro dos principais acontecimentos locais, regionais, Brasil, Mundo e de interesse geral. Nosso compromisso \u00e9 com a verdade, a transpar\u00eancia e o respeito ao leitor.","legalName":"UBIRATA ONLINE NOT\u00cdCIAS","foundingDate":"2009-01-05","numberOfEmployees":{"@type":"QuantitativeValue","minValue":"1","maxValue":"10"},"publishingPrinciples":"https:\/\/ubirataonline.com.br\/faq\/","address":{"@id":"https:\/\/ubirataonline.com.br\/quantos-nasceram-e-quantos-morreram-em-ubirata-no-ano-de-2016\/#local-main-place-address"},"geo":{"@type":"GeoCoordinates","latitude":"-24.5361401","longitude":"-52.9921776"},"telephone":["+5544998308235"],"contactPoint":{"@type":"ContactPoint","email":"contato@ubirataonline.com.br"},"openingHoursSpecification":{"@type":"OpeningHoursSpecification","dayOfWeek":["Monday","Tuesday","Wednesday","Thursday","Friday","Saturday","Sunday"],"opens":"00:00","closes":"23:59"},"email":"contato@ubirataonline.com.br","vatID":"47.621.418\/0001-80"},{"@type":"Person","@id":"https:\/\/ubirataonline.com.br\/#\/schema\/person\/09f7a474bd1834b50dea8d1c197e976f","name":"Vampeta","sameAs":["https:\/\/ubirataonline.com.br"],"url":"https:\/\/ubirataonline.com.br\/en\/author\/vampeta\/"},{"@type":"PostalAddress","@id":"https:\/\/ubirataonline.com.br\/quantos-nasceram-e-quantos-morreram-em-ubirata-no-ano-de-2016\/#local-main-place-address","streetAddress":"Rua dos Coqueiros, 104 - Bairro Boa Vista, Rua dos Coqueiros, 104 Bairro Boa Vista","addressLocality":"UBIRATA","postalCode":"85440-000","addressRegion":"PR","addressCountry":"BR"},{"@type":"ImageObject","inLanguage":"en-US","@id":"https:\/\/ubirataonline.com.br\/quantos-nasceram-e-quantos-morreram-em-ubirata-no-ano-de-2016\/#local-main-organization-logo","url":"https:\/\/ubirataonline.com.br\/wp-content\/uploads\/2026\/06\/logoubirataonline-1.webp","contentUrl":"https:\/\/ubirataonline.com.br\/wp-content\/uploads\/2026\/06\/logoubirataonline-1.webp","width":500,"height":500,"caption":"Ubirat\u00e3 Online Not\u00edcias"}]},"geo.placename":"UBIRATA","geo.position":{"lat":"-24.5361401","long":"-52.9921776"},"geo.region":"Brazil"},"_links":{"self":[{"href":"https:\/\/ubirataonline.com.br\/en\/wp-json\/wp\/v2\/posts\/2043","targetHints":{"allow":["GET"]}}],"collection":[{"href":"https:\/\/ubirataonline.com.br\/en\/wp-json\/wp\/v2\/posts"}],"about":[{"href":"https:\/\/ubirataonline.com.br\/en\/wp-json\/wp\/v2\/types\/post"}],"author":[{"embeddable":true,"href":"https:\/\/ubirataonline.com.br\/en\/wp-json\/wp\/v2\/users\/2"}],"replies":[{"embeddable":true,"href":"https:\/\/ubirataonline.com.br\/en\/wp-json\/wp\/v2\/comments?post=2043"}],"version-history":[{"count":0,"href":"https:\/\/ubirataonline.com.br\/en\/wp-json\/wp\/v2\/posts\/2043\/revisions"}],"wp:attachment":[{"href":"https:\/\/ubirataonline.com.br\/en\/wp-json\/wp\/v2\/media?parent=2043"}],"wp:term":[{"taxonomy":"category","embeddable":true,"href":"https:\/\/ubirataonline.com.br\/en\/wp-json\/wp\/v2\/categories?post=2043"},{"taxonomy":"post_tag","embeddable":true,"href":"https:\/\/ubirataonline.com.br\/en\/wp-json\/wp\/v2\/tags?post=2043"}],"curies":[{"name":"wp","href":"https:\/\/api.w.org\/{rel}","templated":true}]}}