{"id":20548,"date":"2019-04-05T10:09:28","date_gmt":"2019-04-05T13:09:28","guid":{"rendered":"https:\/\/ubirataonline.com.br\/?p=20548"},"modified":"2019-04-05T10:09:31","modified_gmt":"2019-04-05T13:09:31","slug":"secretaria-e-11a-regional-de-saude-realizaram-roda-de-conversa-sobre-meningite","status":"publish","type":"post","link":"https:\/\/ubirataonline.com.br\/en\/secretaria-e-11a-regional-de-saude-realizaram-roda-de-conversa-sobre-meningite\/","title":{"rendered":"Secretaria e 11\u00aa Regional de Sa\u00fade realizaram Roda de Conversa sobre Meningite"},"content":{"rendered":"<figure class=\"wp-block-embed\"><div class=\"wp-block-embed__wrapper\">\nhttps:\/\/www.facebook.com\/prefeituraubirata\/videos\/266480424302590\/\n<\/div><\/figure>\n\n\n\n<p class=\"wp-block-paragraph\">Com a situa\u00e7\u00e3o e o medo de casos de meningite no pa\u00eds, a\nSecretaria Municipal de Sa\u00fade em parceria com a 11\u00aa Regional de Sa\u00fade do Estado\ndo Paran\u00e1 organizaram uma roda de conversa para esclarecer e orientar sobre a\ndoen\u00e7a, casos e formas de transmiss\u00e3o. O evento aconteceu na manh\u00e3 de\nquinta-feira (04), na C\u00e2mara Municipal. Os assuntos discutidos nessa roda\nforam: <\/p>\n\n\n\n<figure class=\"wp-block-image\"><img decoding=\"async\" src=\"https:\/\/ubirataonline.com.br\/wp-content\/uploads\/2019\/04\/2-5-1600x840.jpg\" alt=\"\" class=\"wp-image-20549\"\/><\/figure>\n\n\n\n<p class=\"wp-block-paragraph\">A vigil\u00e2ncia trabalha com v\u00e1rios dados de sa\u00fade, e outras informa\u00e7\u00f5es\nde v\u00e1rias fontes sobre as doen\u00e7as. Destes precisam validar quais s\u00e3o reais\nantes de publicar. A Vigil\u00e2ncia em Sa\u00fade Municipal e Estadual s\u00e3o os maiores\ninteressados em monitorar e divulgar os casos. Ainda que a Meningite esteja na\nm\u00eddia, ela tem menor risco que outras doen\u00e7as, como a dengue, que nos \u00faltimos\nanos levou mais pessoas a \u00f3bito.<\/p>\n\n\n\n<figure class=\"wp-block-image\"><img decoding=\"async\" src=\"https:\/\/ubirataonline.com.br\/wp-content\/uploads\/2019\/04\/3-3-1600x840.jpg\" alt=\"\" class=\"wp-image-20551\"\/><\/figure>\n\n\n\n<p class=\"wp-block-paragraph\">Se compararmos os dados de casos de meningites que tivemos\nnesse ano de 2019, at\u00e9 o m\u00eas de mar\u00e7o est\u00e1 menor se comparado com os anos\nanteriores.<\/p>\n\n\n\n<figure class=\"wp-block-image\"><img decoding=\"async\" src=\"https:\/\/ubirataonline.com.br\/wp-content\/uploads\/2019\/04\/4-3-1600x840.jpg\" alt=\"\" class=\"wp-image-20550\"\/><\/figure>\n\n\n\n<p class=\"wp-block-paragraph\">Existem v\u00e1rios tipos de meningites, algumas mais graves\noutras mais comuns que n\u00e3o t\u00eam risco de transmiss\u00e3o. Os sintomas s\u00e3o v\u00f4mito,\ndores de cabe\u00e7a, rigidez de nuca e fotofobia sempre acompanhados de febre, se\nn\u00e3o houver febre n\u00e3o tem como ser Meningite. O caso \u00e9 grave quando al\u00e9m destes\nsintomas aparecem manchas na pele.<\/p>\n\n\n\n<figure class=\"wp-block-image\"><img decoding=\"async\" src=\"https:\/\/ubirataonline.com.br\/wp-content\/uploads\/2019\/04\/5-4-1600x840.jpg\" alt=\"\" class=\"wp-image-20553\"\/><\/figure>\n\n\n\n<p class=\"wp-block-paragraph\">De uns tempos para c\u00e1, o n\u00famero de casos de meningites vem\nreduzindo, gra\u00e7as a vacina\u00e7\u00e3o dispon\u00edvel nas Unidades de Sa\u00fade, procure sua\nunidade de sa\u00fade para verificar se as crian\u00e7as e adultos est\u00e3o protegidos.<\/p>\n\n\n\n<figure class=\"wp-block-image\"><img decoding=\"async\" src=\"https:\/\/ubirataonline.com.br\/wp-content\/uploads\/2019\/04\/6-3-1600x840.jpg\" alt=\"\" class=\"wp-image-20552\"\/><\/figure>\n\n\n\n<p class=\"wp-block-paragraph\">Quanto \u00e0 vacina\u00e7\u00e3o complementar, dispon\u00edvel nas cl\u00ednicas\nparticulares, estas vacinas n\u00e3o t\u00eam comprova\u00e7\u00e3o cient\u00edfica de efic\u00e1cia, e para\ncompor o esquema vacina\u00e7\u00e3o do SUS tem que ser cientificamente comprovada.<\/p>\n\n\n\n<figure class=\"wp-block-image\"><img decoding=\"async\" src=\"https:\/\/ubirataonline.com.br\/wp-content\/uploads\/2019\/04\/7-2-1600x840.jpg\" alt=\"\" class=\"wp-image-20554\"\/><\/figure>\n\n\n\n<p class=\"wp-block-paragraph\">Para prevenir a forma mais eficaz \u00e9 Lavagem das m\u00e3os, evitar\nambientes sem circula\u00e7\u00e3o de Ar, evitar compartilhamento de pratos e copos e\nmanter a vacina\u00e7\u00e3o em dia.<\/p>\n\n\n\n<figure class=\"wp-block-image\"><img decoding=\"async\" src=\"https:\/\/ubirataonline.com.br\/wp-content\/uploads\/2019\/04\/8-1-1600x840.jpg\" alt=\"\" class=\"wp-image-20556\"\/><\/figure>\n\n\n\n<p class=\"wp-block-paragraph\">Os contatos de risco da pessoa, caso exista um positivo, s\u00e3o\ncontatos \u00edntimos, em resumo: pessoas que durmam junto ou comam junto, no caso\nde sala de aulas, estes s\u00e3o somente quem ficou com o doente mais de 4 horas por\ndia, nos \u00faltimos 07 dias, e estando muito pr\u00f3ximo, ou seja, quem senta ao lado\nda crian\u00e7a. Estes contatos de risco ser\u00e3o medicados para evitar desenvolver essa\ndoen\u00e7a. Dessa forma n\u00e3o precisamos fechar escolas e creches nem em casos de\nsurtos.<\/p>\n\n\n\n<figure class=\"wp-block-image\"><img decoding=\"async\" src=\"https:\/\/ubirataonline.com.br\/wp-content\/uploads\/2019\/04\/9-1-1280x840.jpg\" alt=\"\" class=\"wp-image-20555\"\/><\/figure>\n\n\n\n<p class=\"wp-block-paragraph\">A Secretaria de Sa\u00fade agradece a presen\u00e7a da equipe da regional de sa\u00fade que esclareceu as informa\u00e7\u00f5es sobre o assunto.<\/p>\n\n\n\n<figure class=\"wp-block-image\"><img decoding=\"async\" src=\"https:\/\/ubirataonline.com.br\/wp-content\/uploads\/2019\/04\/10-1-1280x840.jpg\" alt=\"\" class=\"wp-image-20557\"\/><\/figure>","protected":false},"excerpt":{"rendered":"<p>Com a situa\u00e7\u00e3o e o medo de casos de meningite no pa\u00eds, a Secretaria Municipal de Sa\u00fade em parceria com a 11\u00aa Regional de Sa\u00fade do Estado do Paran\u00e1 organizaram uma roda de conversa para esclarecer e orientar sobre a doen\u00e7a, casos e formas de transmiss\u00e3o. O evento aconteceu na manh\u00e3 de quinta-feira (04), na [&hellip;]<\/p>\n","protected":false},"author":1,"featured_media":0,"comment_status":"closed","ping_status":"closed","sticky":false,"template":"","format":"standard","meta":{"googlesitekit_rrm_CAow2JLhCw:productID":"","_gspb_post_css":"","maa_idioma":"","maa_pais":"","footnotes":""},"categories":[30],"tags":[],"class_list":["post-20548","post","type-post","status-publish","format-standard","hentry","category-saude"],"blocksy_meta":[],"yoast_head":"<!-- This site is optimized with the Yoast SEO Premium plugin v27.6 (Yoast SEO v27.6) - https:\/\/yoast.com\/product\/yoast-seo-premium-wordpress\/ -->\n<title>Secretaria e 11\u00aa Regional de Sa\u00fade realizaram Roda de Conversa sobre Meningite - Ubirat\u00e3 Online Not\u00edcias - A realidade ao seu alcance!<\/title>\n<meta name=\"description\" content=\"https:\/\/www.facebook.com\/prefeituraubirata\/videos\/266480424302590\/ Com a situa\u00e7\u00e3o e o medo de casos de meningite no pa\u00eds, a Secretaria Municipal de Sa\u00fade\" \/>\n<meta name=\"robots\" content=\"index, follow, max-snippet:-1, max-image-preview:large, max-video-preview:-1\" \/>\n<link rel=\"canonical\" href=\"https:\/\/ubirataonline.com.br\/en\/secretaria-e-11a-regional-de-saude-realizaram-roda-de-conversa-sobre-meningite\/\" \/>\n<meta property=\"og:locale\" content=\"en_US\" \/>\n<meta property=\"og:type\" content=\"article\" \/>\n<meta property=\"og:title\" content=\"Secretaria e 11\u00aa Regional de Sa\u00fade realizaram Roda de Conversa sobre Meningite\" \/>\n<meta property=\"og:description\" content=\"https:\/\/www.facebook.com\/prefeituraubirata\/videos\/266480424302590\/ Com a situa\u00e7\u00e3o e o medo de casos de meningite no pa\u00eds, a Secretaria Municipal de Sa\u00fade\" \/>\n<meta property=\"og:url\" content=\"https:\/\/ubirataonline.com.br\/en\/secretaria-e-11a-regional-de-saude-realizaram-roda-de-conversa-sobre-meningite\/\" \/>\n<meta property=\"og:site_name\" content=\"Ubirat\u00e3 Online Not\u00edcias - A realidade ao seu alcance!\" \/>\n<meta property=\"article:publisher\" content=\"https:\/\/www.facebook.com\/portalubirataonline\" \/>\n<meta property=\"article:author\" content=\"https:\/\/www.facebook.com\/portalubirataonline\" \/>\n<meta property=\"article:published_time\" content=\"2019-04-05T13:09:28+00:00\" \/>\n<meta property=\"article:modified_time\" content=\"2019-04-05T13:09:31+00:00\" \/>\n<meta property=\"og:image\" content=\"https:\/\/ubirataonline.com.br\/wp-content\/uploads\/2019\/04\/2-5-1600x840.jpg\" \/>\n<meta name=\"author\" content=\"REDA\u00c7\u00c3O: UBIRAT\u00c3 ONLINE - F\u00c1BIO AUGUSTO CELESTINO\" \/>\n<meta name=\"twitter:card\" content=\"summary_large_image\" \/>\n<meta name=\"twitter:creator\" content=\"@x.com\/ubirataonline\" \/>\n<meta name=\"twitter:site\" content=\"@ubirataonline\" \/>\n<meta name=\"twitter:label1\" content=\"Written by\" \/>\n\t<meta name=\"twitter:data1\" content=\"REDA\u00c7\u00c3O: UBIRAT\u00c3 ONLINE - F\u00c1BIO AUGUSTO CELESTINO\" \/>\n\t<meta name=\"twitter:label2\" content=\"Est. reading time\" \/>\n\t<meta name=\"twitter:data2\" content=\"2 minutes\" \/>\n<script type=\"application\/ld+json\" class=\"yoast-schema-graph\">{\"@context\":\"https:\\\/\\\/schema.org\",\"@graph\":[{\"@type\":\"NewsArticle\",\"@id\":\"https:\\\/\\\/ubirataonline.com.br\\\/secretaria-e-11a-regional-de-saude-realizaram-roda-de-conversa-sobre-meningite\\\/#article\",\"isPartOf\":{\"@id\":\"https:\\\/\\\/ubirataonline.com.br\\\/secretaria-e-11a-regional-de-saude-realizaram-roda-de-conversa-sobre-meningite\\\/\"},\"author\":{\"name\":\"REDA\u00c7\u00c3O: UBIRAT\u00c3 ONLINE - F\u00c1BIO AUGUSTO CELESTINO\",\"@id\":\"https:\\\/\\\/ubirataonline.com.br\\\/#\\\/schema\\\/person\\\/372f87bbd3fdd79b8556b84c98d0bc1c\"},\"headline\":\"Secretaria e 11\u00aa Regional de Sa\u00fade realizaram Roda de Conversa sobre Meningite\",\"datePublished\":\"2019-04-05T13:09:28+00:00\",\"dateModified\":\"2019-04-05T13:09:31+00:00\",\"mainEntityOfPage\":{\"@id\":\"https:\\\/\\\/ubirataonline.com.br\\\/secretaria-e-11a-regional-de-saude-realizaram-roda-de-conversa-sobre-meningite\\\/\"},\"wordCount\":479,\"publisher\":{\"@id\":\"https:\\\/\\\/ubirataonline.com.br\\\/#organization\"},\"image\":{\"@id\":\"https:\\\/\\\/ubirataonline.com.br\\\/secretaria-e-11a-regional-de-saude-realizaram-roda-de-conversa-sobre-meningite\\\/#primaryimage\"},\"thumbnailUrl\":\"https:\\\/\\\/ubirataonline.com.br\\\/wp-content\\\/uploads\\\/2019\\\/04\\\/2-5-1600x840.jpg\",\"articleSection\":[\"Sa\u00fade\"],\"inLanguage\":\"en-US\",\"copyrightYear\":\"2019\",\"copyrightHolder\":{\"@id\":\"https:\\\/\\\/ubirataonline.com.br\\\/en\\\/#organization\"}},{\"@type\":\"WebPage\",\"@id\":\"https:\\\/\\\/ubirataonline.com.br\\\/secretaria-e-11a-regional-de-saude-realizaram-roda-de-conversa-sobre-meningite\\\/\",\"url\":\"https:\\\/\\\/ubirataonline.com.br\\\/secretaria-e-11a-regional-de-saude-realizaram-roda-de-conversa-sobre-meningite\\\/\",\"name\":\"Secretaria e 11\u00aa Regional de Sa\u00fade realizaram Roda de Conversa sobre Meningite - Ubirat\u00e3 Online Not\u00edcias - A realidade ao seu alcance!\",\"isPartOf\":{\"@id\":\"https:\\\/\\\/ubirataonline.com.br\\\/#website\"},\"primaryImageOfPage\":{\"@id\":\"https:\\\/\\\/ubirataonline.com.br\\\/secretaria-e-11a-regional-de-saude-realizaram-roda-de-conversa-sobre-meningite\\\/#primaryimage\"},\"image\":{\"@id\":\"https:\\\/\\\/ubirataonline.com.br\\\/secretaria-e-11a-regional-de-saude-realizaram-roda-de-conversa-sobre-meningite\\\/#primaryimage\"},\"thumbnailUrl\":\"https:\\\/\\\/ubirataonline.com.br\\\/wp-content\\\/uploads\\\/2019\\\/04\\\/2-5-1600x840.jpg\",\"datePublished\":\"2019-04-05T13:09:28+00:00\",\"dateModified\":\"2019-04-05T13:09:31+00:00\",\"description\":\"https:\\\/\\\/www.facebook.com\\\/prefeituraubirata\\\/videos\\\/266480424302590\\\/ Com a situa\u00e7\u00e3o e o medo de casos de meningite no pa\u00eds, a Secretaria Municipal de Sa\u00fade\",\"breadcrumb\":{\"@id\":\"https:\\\/\\\/ubirataonline.com.br\\\/secretaria-e-11a-regional-de-saude-realizaram-roda-de-conversa-sobre-meningite\\\/#breadcrumb\"},\"inLanguage\":\"en-US\",\"potentialAction\":[{\"@type\":\"ReadAction\",\"target\":[\"https:\\\/\\\/ubirataonline.com.br\\\/secretaria-e-11a-regional-de-saude-realizaram-roda-de-conversa-sobre-meningite\\\/\"]}]},{\"@type\":\"ImageObject\",\"inLanguage\":\"en-US\",\"@id\":\"https:\\\/\\\/ubirataonline.com.br\\\/secretaria-e-11a-regional-de-saude-realizaram-roda-de-conversa-sobre-meningite\\\/#primaryimage\",\"url\":\"https:\\\/\\\/ubirataonline.com.br\\\/wp-content\\\/uploads\\\/2019\\\/04\\\/2-5-1600x840.jpg\",\"contentUrl\":\"https:\\\/\\\/ubirataonline.com.br\\\/wp-content\\\/uploads\\\/2019\\\/04\\\/2-5-1600x840.jpg\"},{\"@type\":\"BreadcrumbList\",\"@id\":\"https:\\\/\\\/ubirataonline.com.br\\\/secretaria-e-11a-regional-de-saude-realizaram-roda-de-conversa-sobre-meningite\\\/#breadcrumb\",\"itemListElement\":[{\"@type\":\"ListItem\",\"position\":1,\"name\":\"In\u00edcio\",\"item\":\"https:\\\/\\\/ubirataonline.com.br\\\/\"},{\"@type\":\"ListItem\",\"position\":2,\"name\":\"Secretaria e 11\u00aa Regional de Sa\u00fade realizaram Roda de Conversa sobre Meningite\"}]},{\"@type\":\"WebSite\",\"@id\":\"https:\\\/\\\/ubirataonline.com.br\\\/#website\",\"url\":\"https:\\\/\\\/ubirataonline.com.br\\\/\",\"name\":\"Ubirat\u00e3 Online Not\u00edcias\",\"description\":\"Not\u00edcias de Ubirat\u00e3, regi\u00e3o, Brasil e mundo, com informa\u00e7\u00e3o atualizada e compromisso com o leitor.\",\"publisher\":{\"@id\":\"https:\\\/\\\/ubirataonline.com.br\\\/#organization\"},\"alternateName\":\"Ubirat\u00e3 Online\",\"potentialAction\":[{\"@type\":\"SearchAction\",\"target\":{\"@type\":\"EntryPoint\",\"urlTemplate\":\"https:\\\/\\\/ubirataonline.com.br\\\/?s={search_term_string}\"},\"query-input\":{\"@type\":\"PropertyValueSpecification\",\"valueRequired\":true,\"valueName\":\"search_term_string\"}}],\"inLanguage\":\"en-US\"},{\"@type\":[\"Organization\",\"Place\"],\"@id\":\"https:\\\/\\\/ubirataonline.com.br\\\/#organization\",\"name\":\"Ubirat\u00e3 Online Not\u00edcias\",\"alternateName\":\"Ubirat\u00e3 Online\",\"url\":\"https:\\\/\\\/ubirataonline.com.br\\\/\",\"logo\":{\"@id\":\"https:\\\/\\\/ubirataonline.com.br\\\/secretaria-e-11a-regional-de-saude-realizaram-roda-de-conversa-sobre-meningite\\\/#local-main-organization-logo\"},\"image\":{\"@id\":\"https:\\\/\\\/ubirataonline.com.br\\\/secretaria-e-11a-regional-de-saude-realizaram-roda-de-conversa-sobre-meningite\\\/#local-main-organization-logo\"},\"sameAs\":[\"https:\\\/\\\/www.facebook.com\\\/portalubirataonline\",\"https:\\\/\\\/x.com\\\/ubirataonline\",\"https:\\\/\\\/mastodon.social\\\/@ubirataonline\",\"https:\\\/\\\/www.facebook.com\\\/groups\\\/311144672285604\",\"https:\\\/\\\/www.facebook.com\\\/UBTAOnline\",\"https:\\\/\\\/www.instagram.com\\\/portalubirataonline\\\/\",\"https:\\\/\\\/twitter.com\\\/ubirataonline\"],\"description\":\"Somos um portal de not\u00edcias independente, criado em 5 de janeiro de 2009, com o objetivo de informar, conectar e valorizar a nossa comunidade de Ubirat\u00e3 e toda aregi\u00e3o. Com conte\u00fado atualizado, confi\u00e1vel e relevante, o Ubirat\u00e3 Online \u00e9 o seu espa\u00e7o para ficar por dentro dos principais acontecimentos locais, regionais, Brasil, Mundo e de interesse geral. Nosso compromisso \u00e9 com a verdade, a transpar\u00eancia e o respeito ao leitor.\",\"legalName\":\"UBIRATA ONLINE NOT\u00cdCIAS\",\"foundingDate\":\"2009-01-05\",\"numberOfEmployees\":{\"@type\":\"QuantitativeValue\",\"minValue\":\"1\",\"maxValue\":\"10\"},\"publishingPrinciples\":\"https:\\\/\\\/ubirataonline.com.br\\\/faq\\\/\",\"address\":{\"@id\":\"https:\\\/\\\/ubirataonline.com.br\\\/secretaria-e-11a-regional-de-saude-realizaram-roda-de-conversa-sobre-meningite\\\/#local-main-place-address\"},\"geo\":{\"@type\":\"GeoCoordinates\",\"latitude\":\"-24.5361401\",\"longitude\":\"-52.9921776\"},\"telephone\":[\"+5544998308235\"],\"contactPoint\":{\"@type\":\"ContactPoint\",\"email\":\"contato@ubirataonline.com.br\"},\"openingHoursSpecification\":{\"@type\":\"OpeningHoursSpecification\",\"dayOfWeek\":[\"Monday\",\"Tuesday\",\"Wednesday\",\"Thursday\",\"Friday\",\"Saturday\",\"Sunday\"],\"opens\":\"00:00\",\"closes\":\"23:59\"},\"email\":\"contato@ubirataonline.com.br\",\"vatID\":\"47.621.418\\\/0001-80\"},{\"@type\":\"Person\",\"@id\":\"https:\\\/\\\/ubirataonline.com.br\\\/#\\\/schema\\\/person\\\/372f87bbd3fdd79b8556b84c98d0bc1c\",\"name\":\"REDA\u00c7\u00c3O: UBIRAT\u00c3 ONLINE - F\u00c1BIO AUGUSTO CELESTINO\",\"pronouns\":\"Ele\",\"description\":\"Desde 2003 trabalhando com not\u00edcias.\",\"sameAs\":[\"http:\\\/\\\/ubirataoline.com.br\",\"https:\\\/\\\/www.facebook.com\\\/portalubirataonline\",\"https:\\\/\\\/www.instagram.com\\\/ubirataonline_oficial\",\"https:\\\/\\\/x.com\\\/x.com\\\/ubirataonline\"],\"honorificPrefix\":\"Mr.\",\"honorificSuffix\":\"MD\",\"birthDate\":\"1980-06-16\",\"gender\":\"masculino\",\"award\":[\"V\u00e1rios pr\u00eamios de melhor portal da cidade\"],\"jobTitle\":\"Diretor\",\"url\":\"https:\\\/\\\/ubirataonline.com.br\\\/en\\\/author\\\/ubirataonline\\\/\"},{\"@type\":\"PostalAddress\",\"@id\":\"https:\\\/\\\/ubirataonline.com.br\\\/secretaria-e-11a-regional-de-saude-realizaram-roda-de-conversa-sobre-meningite\\\/#local-main-place-address\",\"streetAddress\":\"Rua dos Coqueiros, 104 - Bairro Boa Vista, Rua dos Coqueiros, 104 Bairro Boa Vista\",\"addressLocality\":\"UBIRATA\",\"postalCode\":\"85440-000\",\"addressRegion\":\"PR\",\"addressCountry\":\"BR\"},{\"@type\":\"ImageObject\",\"inLanguage\":\"en-US\",\"@id\":\"https:\\\/\\\/ubirataonline.com.br\\\/secretaria-e-11a-regional-de-saude-realizaram-roda-de-conversa-sobre-meningite\\\/#local-main-organization-logo\",\"url\":\"https:\\\/\\\/ubirataonline.com.br\\\/wp-content\\\/uploads\\\/2026\\\/06\\\/logoubirataonline-1.webp\",\"contentUrl\":\"https:\\\/\\\/ubirataonline.com.br\\\/wp-content\\\/uploads\\\/2026\\\/06\\\/logoubirataonline-1.webp\",\"width\":500,\"height\":500,\"caption\":\"Ubirat\u00e3 Online Not\u00edcias\"}]}<\/script>\n<meta name=\"geo.placename\" content=\"UBIRATA\" \/>\n<meta name=\"geo.position\" content=\"-24.5361401;-52.9921776\" \/>\n<meta name=\"geo.region\" content=\"Brazil\" \/>\n<!-- \/ Yoast SEO Premium plugin. -->","yoast_head_json":{"title":"Secretaria e 11\u00aa Regional de Sa\u00fade realizaram Roda de Conversa sobre Meningite - Ubirat\u00e3 Online Not\u00edcias - A realidade ao seu alcance!","description":"https:\/\/www.facebook.com\/prefeituraubirata\/videos\/266480424302590\/ Com a situa\u00e7\u00e3o e o medo de casos de meningite no pa\u00eds, a Secretaria Municipal de Sa\u00fade","robots":{"index":"index","follow":"follow","max-snippet":"max-snippet:-1","max-image-preview":"max-image-preview:large","max-video-preview":"max-video-preview:-1"},"canonical":"https:\/\/ubirataonline.com.br\/en\/secretaria-e-11a-regional-de-saude-realizaram-roda-de-conversa-sobre-meningite\/","og_locale":"en_US","og_type":"article","og_title":"Secretaria e 11\u00aa Regional de Sa\u00fade realizaram Roda de Conversa sobre Meningite","og_description":"https:\/\/www.facebook.com\/prefeituraubirata\/videos\/266480424302590\/ Com a situa\u00e7\u00e3o e o medo de casos de meningite no pa\u00eds, a Secretaria Municipal de Sa\u00fade","og_url":"https:\/\/ubirataonline.com.br\/en\/secretaria-e-11a-regional-de-saude-realizaram-roda-de-conversa-sobre-meningite\/","og_site_name":"Ubirat\u00e3 Online Not\u00edcias - A realidade ao seu alcance!","article_publisher":"https:\/\/www.facebook.com\/portalubirataonline","article_author":"https:\/\/www.facebook.com\/portalubirataonline","article_published_time":"2019-04-05T13:09:28+00:00","article_modified_time":"2019-04-05T13:09:31+00:00","og_image":[{"url":"https:\/\/ubirataonline.com.br\/wp-content\/uploads\/2019\/04\/2-5-1600x840.jpg","type":"","width":"","height":""}],"author":"REDA\u00c7\u00c3O: UBIRAT\u00c3 ONLINE - F\u00c1BIO AUGUSTO CELESTINO","twitter_card":"summary_large_image","twitter_creator":"@x.com\/ubirataonline","twitter_site":"@ubirataonline","twitter_misc":{"Written by":"REDA\u00c7\u00c3O: UBIRAT\u00c3 ONLINE - F\u00c1BIO AUGUSTO CELESTINO","Est. reading time":"2 minutes"},"schema":{"@context":"https:\/\/schema.org","@graph":[{"@type":"NewsArticle","@id":"https:\/\/ubirataonline.com.br\/secretaria-e-11a-regional-de-saude-realizaram-roda-de-conversa-sobre-meningite\/#article","isPartOf":{"@id":"https:\/\/ubirataonline.com.br\/secretaria-e-11a-regional-de-saude-realizaram-roda-de-conversa-sobre-meningite\/"},"author":{"name":"REDA\u00c7\u00c3O: UBIRAT\u00c3 ONLINE - F\u00c1BIO AUGUSTO CELESTINO","@id":"https:\/\/ubirataonline.com.br\/#\/schema\/person\/372f87bbd3fdd79b8556b84c98d0bc1c"},"headline":"Secretaria e 11\u00aa Regional de Sa\u00fade realizaram Roda de Conversa sobre Meningite","datePublished":"2019-04-05T13:09:28+00:00","dateModified":"2019-04-05T13:09:31+00:00","mainEntityOfPage":{"@id":"https:\/\/ubirataonline.com.br\/secretaria-e-11a-regional-de-saude-realizaram-roda-de-conversa-sobre-meningite\/"},"wordCount":479,"publisher":{"@id":"https:\/\/ubirataonline.com.br\/#organization"},"image":{"@id":"https:\/\/ubirataonline.com.br\/secretaria-e-11a-regional-de-saude-realizaram-roda-de-conversa-sobre-meningite\/#primaryimage"},"thumbnailUrl":"https:\/\/ubirataonline.com.br\/wp-content\/uploads\/2019\/04\/2-5-1600x840.jpg","articleSection":["Sa\u00fade"],"inLanguage":"en-US","copyrightYear":"2019","copyrightHolder":{"@id":"https:\/\/ubirataonline.com.br\/en\/#organization"}},{"@type":"WebPage","@id":"https:\/\/ubirataonline.com.br\/secretaria-e-11a-regional-de-saude-realizaram-roda-de-conversa-sobre-meningite\/","url":"https:\/\/ubirataonline.com.br\/secretaria-e-11a-regional-de-saude-realizaram-roda-de-conversa-sobre-meningite\/","name":"Secretaria e 11\u00aa Regional de Sa\u00fade realizaram Roda de Conversa sobre Meningite - Ubirat\u00e3 Online Not\u00edcias - A realidade ao seu alcance!","isPartOf":{"@id":"https:\/\/ubirataonline.com.br\/#website"},"primaryImageOfPage":{"@id":"https:\/\/ubirataonline.com.br\/secretaria-e-11a-regional-de-saude-realizaram-roda-de-conversa-sobre-meningite\/#primaryimage"},"image":{"@id":"https:\/\/ubirataonline.com.br\/secretaria-e-11a-regional-de-saude-realizaram-roda-de-conversa-sobre-meningite\/#primaryimage"},"thumbnailUrl":"https:\/\/ubirataonline.com.br\/wp-content\/uploads\/2019\/04\/2-5-1600x840.jpg","datePublished":"2019-04-05T13:09:28+00:00","dateModified":"2019-04-05T13:09:31+00:00","description":"https:\/\/www.facebook.com\/prefeituraubirata\/videos\/266480424302590\/ Com a situa\u00e7\u00e3o e o medo de casos de meningite no pa\u00eds, a Secretaria Municipal de Sa\u00fade","breadcrumb":{"@id":"https:\/\/ubirataonline.com.br\/secretaria-e-11a-regional-de-saude-realizaram-roda-de-conversa-sobre-meningite\/#breadcrumb"},"inLanguage":"en-US","potentialAction":[{"@type":"ReadAction","target":["https:\/\/ubirataonline.com.br\/secretaria-e-11a-regional-de-saude-realizaram-roda-de-conversa-sobre-meningite\/"]}]},{"@type":"ImageObject","inLanguage":"en-US","@id":"https:\/\/ubirataonline.com.br\/secretaria-e-11a-regional-de-saude-realizaram-roda-de-conversa-sobre-meningite\/#primaryimage","url":"https:\/\/ubirataonline.com.br\/wp-content\/uploads\/2019\/04\/2-5-1600x840.jpg","contentUrl":"https:\/\/ubirataonline.com.br\/wp-content\/uploads\/2019\/04\/2-5-1600x840.jpg"},{"@type":"BreadcrumbList","@id":"https:\/\/ubirataonline.com.br\/secretaria-e-11a-regional-de-saude-realizaram-roda-de-conversa-sobre-meningite\/#breadcrumb","itemListElement":[{"@type":"ListItem","position":1,"name":"In\u00edcio","item":"https:\/\/ubirataonline.com.br\/"},{"@type":"ListItem","position":2,"name":"Secretaria e 11\u00aa Regional de Sa\u00fade realizaram Roda de Conversa sobre Meningite"}]},{"@type":"WebSite","@id":"https:\/\/ubirataonline.com.br\/#website","url":"https:\/\/ubirataonline.com.br\/","name":"Ubirat\u00e3 Online Not\u00edcias","description":"Not\u00edcias de Ubirat\u00e3, regi\u00e3o, Brasil e mundo, com informa\u00e7\u00e3o atualizada e compromisso com o leitor.","publisher":{"@id":"https:\/\/ubirataonline.com.br\/#organization"},"alternateName":"Ubirat\u00e3 Online","potentialAction":[{"@type":"SearchAction","target":{"@type":"EntryPoint","urlTemplate":"https:\/\/ubirataonline.com.br\/?s={search_term_string}"},"query-input":{"@type":"PropertyValueSpecification","valueRequired":true,"valueName":"search_term_string"}}],"inLanguage":"en-US"},{"@type":["Organization","Place"],"@id":"https:\/\/ubirataonline.com.br\/#organization","name":"Ubirat\u00e3 Online Not\u00edcias","alternateName":"Ubirat\u00e3 Online","url":"https:\/\/ubirataonline.com.br\/","logo":{"@id":"https:\/\/ubirataonline.com.br\/secretaria-e-11a-regional-de-saude-realizaram-roda-de-conversa-sobre-meningite\/#local-main-organization-logo"},"image":{"@id":"https:\/\/ubirataonline.com.br\/secretaria-e-11a-regional-de-saude-realizaram-roda-de-conversa-sobre-meningite\/#local-main-organization-logo"},"sameAs":["https:\/\/www.facebook.com\/portalubirataonline","https:\/\/x.com\/ubirataonline","https:\/\/mastodon.social\/@ubirataonline","https:\/\/www.facebook.com\/groups\/311144672285604","https:\/\/www.facebook.com\/UBTAOnline","https:\/\/www.instagram.com\/portalubirataonline\/","https:\/\/twitter.com\/ubirataonline"],"description":"Somos um portal de not\u00edcias independente, criado em 5 de janeiro de 2009, com o objetivo de informar, conectar e valorizar a nossa comunidade de Ubirat\u00e3 e toda aregi\u00e3o. Com conte\u00fado atualizado, confi\u00e1vel e relevante, o Ubirat\u00e3 Online \u00e9 o seu espa\u00e7o para ficar por dentro dos principais acontecimentos locais, regionais, Brasil, Mundo e de interesse geral. Nosso compromisso \u00e9 com a verdade, a transpar\u00eancia e o respeito ao leitor.","legalName":"UBIRATA ONLINE NOT\u00cdCIAS","foundingDate":"2009-01-05","numberOfEmployees":{"@type":"QuantitativeValue","minValue":"1","maxValue":"10"},"publishingPrinciples":"https:\/\/ubirataonline.com.br\/faq\/","address":{"@id":"https:\/\/ubirataonline.com.br\/secretaria-e-11a-regional-de-saude-realizaram-roda-de-conversa-sobre-meningite\/#local-main-place-address"},"geo":{"@type":"GeoCoordinates","latitude":"-24.5361401","longitude":"-52.9921776"},"telephone":["+5544998308235"],"contactPoint":{"@type":"ContactPoint","email":"contato@ubirataonline.com.br"},"openingHoursSpecification":{"@type":"OpeningHoursSpecification","dayOfWeek":["Monday","Tuesday","Wednesday","Thursday","Friday","Saturday","Sunday"],"opens":"00:00","closes":"23:59"},"email":"contato@ubirataonline.com.br","vatID":"47.621.418\/0001-80"},{"@type":"Person","@id":"https:\/\/ubirataonline.com.br\/#\/schema\/person\/372f87bbd3fdd79b8556b84c98d0bc1c","name":"REDA\u00c7\u00c3O: UBIRAT\u00c3 ONLINE - F\u00c1BIO AUGUSTO CELESTINO","pronouns":"Ele","description":"Desde 2003 trabalhando com not\u00edcias.","sameAs":["http:\/\/ubirataoline.com.br","https:\/\/www.facebook.com\/portalubirataonline","https:\/\/www.instagram.com\/ubirataonline_oficial","https:\/\/x.com\/x.com\/ubirataonline"],"honorificPrefix":"Mr.","honorificSuffix":"MD","birthDate":"1980-06-16","gender":"masculino","award":["V\u00e1rios pr\u00eamios de melhor portal da cidade"],"jobTitle":"Diretor","url":"https:\/\/ubirataonline.com.br\/en\/author\/ubirataonline\/"},{"@type":"PostalAddress","@id":"https:\/\/ubirataonline.com.br\/secretaria-e-11a-regional-de-saude-realizaram-roda-de-conversa-sobre-meningite\/#local-main-place-address","streetAddress":"Rua dos Coqueiros, 104 - Bairro Boa Vista, Rua dos Coqueiros, 104 Bairro Boa Vista","addressLocality":"UBIRATA","postalCode":"85440-000","addressRegion":"PR","addressCountry":"BR"},{"@type":"ImageObject","inLanguage":"en-US","@id":"https:\/\/ubirataonline.com.br\/secretaria-e-11a-regional-de-saude-realizaram-roda-de-conversa-sobre-meningite\/#local-main-organization-logo","url":"https:\/\/ubirataonline.com.br\/wp-content\/uploads\/2026\/06\/logoubirataonline-1.webp","contentUrl":"https:\/\/ubirataonline.com.br\/wp-content\/uploads\/2026\/06\/logoubirataonline-1.webp","width":500,"height":500,"caption":"Ubirat\u00e3 Online Not\u00edcias"}]},"geo.placename":"UBIRATA","geo.position":{"lat":"-24.5361401","long":"-52.9921776"},"geo.region":"Brazil"},"_links":{"self":[{"href":"https:\/\/ubirataonline.com.br\/en\/wp-json\/wp\/v2\/posts\/20548","targetHints":{"allow":["GET"]}}],"collection":[{"href":"https:\/\/ubirataonline.com.br\/en\/wp-json\/wp\/v2\/posts"}],"about":[{"href":"https:\/\/ubirataonline.com.br\/en\/wp-json\/wp\/v2\/types\/post"}],"author":[{"embeddable":true,"href":"https:\/\/ubirataonline.com.br\/en\/wp-json\/wp\/v2\/users\/1"}],"replies":[{"embeddable":true,"href":"https:\/\/ubirataonline.com.br\/en\/wp-json\/wp\/v2\/comments?post=20548"}],"version-history":[{"count":0,"href":"https:\/\/ubirataonline.com.br\/en\/wp-json\/wp\/v2\/posts\/20548\/revisions"}],"wp:attachment":[{"href":"https:\/\/ubirataonline.com.br\/en\/wp-json\/wp\/v2\/media?parent=20548"}],"wp:term":[{"taxonomy":"category","embeddable":true,"href":"https:\/\/ubirataonline.com.br\/en\/wp-json\/wp\/v2\/categories?post=20548"},{"taxonomy":"post_tag","embeddable":true,"href":"https:\/\/ubirataonline.com.br\/en\/wp-json\/wp\/v2\/tags?post=20548"}],"curies":[{"name":"wp","href":"https:\/\/api.w.org\/{rel}","templated":true}]}}