{"id":20757,"date":"2019-04-10T14:44:43","date_gmt":"2019-04-10T17:44:43","guid":{"rendered":"https:\/\/ubirataonline.com.br\/?p=20757"},"modified":"2019-04-10T14:44:48","modified_gmt":"2019-04-10T17:44:48","slug":"estudo-preve-fusao-de-96-cidades-insustentaveis-no-parana-confira-lista-2","status":"publish","type":"post","link":"https:\/\/ubirataonline.com.br\/en\/estudo-preve-fusao-de-96-cidades-insustentaveis-no-parana-confira-lista-2\/","title":{"rendered":"Estudo prev\u00ea fus\u00e3o de 96 cidades \u2018insustent\u00e1veis\u2019 no Paran\u00e1; confira lista"},"content":{"rendered":"<p class=\"wp-block-paragraph\">A popula\u00e7\u00e3o seria muito melhor atendida pelos servi\u00e7os p\u00fablicos b\u00e1sicos se habitasse munic\u00edpios com uma base econ\u00f4mica mais diversificada e fontes s\u00f3lidas de receita pr\u00f3pria. A constata\u00e7\u00e3o \u00e9 de um estudo t\u00e9cnico realizado por analistas do Tribunal de Contas do Estado do Paran\u00e1 (<a rel=\"noreferrer noopener\" href=\"https:\/\/www1.tce.pr.gov.br\/\" target=\"_blank\">TCE-PR<\/a>). O trabalho, intitulado\u00a0<a rel=\"noreferrer noopener\" href=\"http:\/\/www1.tce.pr.gov.br\/conteudo\/estudo-de-viabilidade-municipal\/296299\/area\/10\" target=\"_blank\">Estudo de Viabilidade Municipal<\/a>\u00a0(EVM), foi apresentado em entrevista coletiva \u00e0 imprensa pelo presidente da corte, conselheiro Ivan Bonilha.<\/p>\n\n\n\n<p class=\"wp-block-paragraph\">O levantamento, realizado por quatro servidores do TCE-PR, foi consolidado num relat\u00f3rio de 136 p\u00e1ginas. A constata\u00e7\u00e3o \u00e9 que munic\u00edpios com popula\u00e7\u00e3o inferior a 5.000 habitantes podem n\u00e3o apresentar condi\u00e7\u00f5es de receber significantes responsabilidades p\u00fablicas. &#8220;Isso refor\u00e7a a import\u00e2ncia da discuss\u00e3o sobre emancipa\u00e7\u00e3o de munic\u00edpios, bem como sobre a pr\u00f3pria necessidade de se considerar a possibilidade de consolida\u00e7\u00e3o (fus\u00e3o) de munic\u00edpios&#8221;, apontam os autores.<\/p>\n\n\n\n<p class=\"wp-block-paragraph\">No Paran\u00e1, h\u00e1 96 munic\u00edpios com popula\u00e7\u00e3o inferior a 5.000 habitantes &#8211; 24% do total, de 399. Em todo o pa\u00eds s\u00e3o 1.300 munic\u00edpios nessa condi\u00e7\u00e3o. O estudo conclui tamb\u00e9m que os munic\u00edpios paranaenses na faixa entre 50 mil e 250 mil habitantes s\u00e3o os que apresentam os melhores \u00edndices de desenvolvimento e de qualidade de vida da sua popula\u00e7\u00e3o.<\/p>\n\n\n\n<p class=\"wp-block-paragraph\">Muitos dos munic\u00edpios que, atualmente, t\u00eam nas transfer\u00eancias federais a maior parte ou a totalidade de suas receitas, por n\u00e3o terem condi\u00e7\u00f5es econ\u00f4micas pr\u00f3prias de se sustentar, foram criados ao longo da d\u00e9cada de 1990. &#8220;Essa viabilidade n\u00e3o existe mais&#8221;, argumenta Bonilha.<\/p>\n\n\n\n<p class=\"wp-block-paragraph\">&#8220;A realidade hoje \u00e9 de enxugamento de despesas, de redu\u00e7\u00e3o da m\u00e1quina, para a aplica\u00e7\u00e3o dos recursos nas \u00e1reas que s\u00e3o mais necess\u00e1rias ao cidad\u00e3o, como sa\u00fade, educa\u00e7\u00e3o, seguran\u00e7a.&#8221;<\/p>\n\n\n\n<p class=\"wp-block-paragraph\">De acordo com o estudo, a instala\u00e7\u00e3o de novos munic\u00edpios carece, no pa\u00eds, de uma an\u00e1lise aprofundada de sua capacidade em atender \u00e0s demandas futuras da popula\u00e7\u00e3o. &#8220;Pois assim como (&#8230;) sociedades empresariais (&#8230;) devem demonstrar que suas atividades n\u00e3o provocam potencial dano ao meio ambiente (&#8230;) o Poder P\u00fablico, com muito mais raz\u00e3o, deve demonstrar \u00e0 sociedade que as cria\u00e7\u00f5es de novos entes federativos n\u00e3o ocasionar\u00e3o preju\u00edzo \u00e0 popula\u00e7\u00e3o interessada.&#8221;<\/p>\n\n\n\n<p class=\"wp-block-paragraph\">Titular da Coordenadoria de Informa\u00e7\u00f5es Estrat\u00e9gicas do TCE-PR, Andre Luiz Fernandes, que coordenou o estudo, destaca que a vari\u00e1vel &#8220;viabilidade econ\u00f4mica&#8221; tem de ser levada em conta quando se pensa em criar um munic\u00edpio. &#8220;Quando se avaliam os gastos em educa\u00e7\u00e3o e sa\u00fade, percebe-se que h\u00e1 um ganho de escala na presta\u00e7\u00e3o de servi\u00e7o. Ou seja: \u00e0 medida que a popula\u00e7\u00e3o aumenta, cai o custo unit\u00e1rio&#8221;, observa.<\/p>\n\n\n\n<p class=\"wp-block-paragraph\">Debate<\/p>\n\n\n\n<p class=\"wp-block-paragraph\">De acordo com Bonilha, a proposta do estudo \u00e9 suscitar uma discuss\u00e3o nacional sobre a viabilidade econ\u00f4mica, fiscal e social de munic\u00edpios muito pequenos. Com o EVM, o TCE-PR apresenta subs\u00eddios t\u00e9cnicos ao debate, num momento em que as dificuldades de caixa dos entes federativos est\u00e3o em evid\u00eancia. &#8220;Essa \u00e9 uma discuss\u00e3o que toca de perto o cidad\u00e3o. \u00c9 preciso reduzir o dinheiro que se gasta com a estrutura do poder p\u00fablico, como vereadores, secret\u00e1rios e a m\u00e1quina e direcionar esse recurso para a presta\u00e7\u00e3o de servi\u00e7os de qualidade em educa\u00e7\u00e3o, sa\u00fade e seguran\u00e7a&#8221;.<\/p>\n\n\n\n<p class=\"wp-block-paragraph\">Com o objetivo de ampliar o di\u00e1logo sobre a quest\u00e3o, uma c\u00f3pia do EVM foi encaminhada ao Tribunal de Contas da Uni\u00e3o em novembro passado. Bonilha tamb\u00e9m manteve contatos com o ministro Benjamin Zymler e com o atual presidente da corte, ministro Raimundo Carreiro.<\/p>\n\n\n\n<p class=\"wp-block-paragraph\">&#8220;Existe a possibilidade de fus\u00e3o e incorpora\u00e7\u00e3o de munic\u00edpios, o que seria feito com base em estudos t\u00e9cnicos. O que queremos \u00e9 oferecer bons servi\u00e7os ao cidad\u00e3o&#8221;, observa o presidente do TCE-PR.<\/p>\n\n\n\n<p class=\"wp-block-paragraph\">A legisla\u00e7\u00e3o que, atualmente, disciplina a fus\u00e3o e incorpora\u00e7\u00e3o de munic\u00edpios \u00e9 de compet\u00eancia federal. Segundo Bonilha, seria importante a sua flexibiliza\u00e7\u00e3o, o que permitiria, por exemplo, a mudan\u00e7a da responsabilidade ativa da proposta. Uma op\u00e7\u00e3o que se coloca \u00e9 que a iniciativa parta, por exemplo, dos deputados estaduais. N\u00e3o h\u00e1, contudo, um modelo pronto. Este surgiria a partir do debate.<\/p>\n\n\n\n<p class=\"wp-block-paragraph\">Confira os munic\u00edpios com menos de 5 mil habitantes no Paran\u00e1:<\/p>\n\n\n\n<p class=\"wp-block-paragraph\"><a rel=\"noreferrer noopener\" href=\"https:\/\/pt.wikipedia.org\/wiki\/Tamboara\" target=\"_blank\">Tamboara<\/a> 4 991<\/p>\n\n\n\n<p class=\"wp-block-paragraph\"><a rel=\"noreferrer noopener\" href=\"https:\/\/pt.wikipedia.org\/wiki\/Quinta_do_Sol\" target=\"_blank\">Quinta do Sol <\/a>4 985<\/p>\n\n\n\n<p class=\"wp-block-paragraph\"><a rel=\"noreferrer noopener\" href=\"https:\/\/pt.wikipedia.org\/wiki\/F%C3%AAnix\" target=\"_blank\">F\u00eanix<\/a> 4 908<\/p>\n\n\n\n<p class=\"wp-block-paragraph\"><a rel=\"noreferrer noopener\" href=\"https:\/\/pt.wikipedia.org\/wiki\/Marquinho\" target=\"_blank\">Marquinho<\/a> 4 871<\/p>\n\n\n\n<p class=\"wp-block-paragraph\"><a rel=\"noreferrer noopener\" href=\"https:\/\/pt.wikipedia.org\/wiki\/Lupion%C3%B3polis\" target=\"_blank\">Lupion\u00f3polis <\/a>4 859<\/p>\n\n\n\n<p class=\"wp-block-paragraph\"><a rel=\"noreferrer noopener\" href=\"https:\/\/pt.wikipedia.org\/wiki\/Quarto_Centen%C3%A1rio\" target=\"_blank\">Quarto Centen\u00e1rio<\/a> 4 824<\/p>\n\n\n\n<p class=\"wp-block-paragraph\"><a rel=\"noreferrer noopener\" href=\"https:\/\/pt.wikipedia.org\/wiki\/Flor_da_Serra_do_Sul\" target=\"_blank\">Flor da Serra do \u00a0Sul<\/a> 4 802<\/p>\n\n\n\n<p class=\"wp-block-paragraph\"><a rel=\"noreferrer noopener\" href=\"https:\/\/pt.wikipedia.org\/wiki\/Porto_Amazonas\" target=\"_blank\">Porto Amazonas<\/a> 4 782<\/p>\n\n\n\n<p class=\"wp-block-paragraph\"><a rel=\"noreferrer noopener\" href=\"https:\/\/pt.wikipedia.org\/wiki\/Marumbi\" target=\"_blank\">Marumbi<\/a> 4 755<\/p>\n\n\n\n<p class=\"wp-block-paragraph\"><a rel=\"noreferrer noopener\" href=\"https:\/\/pt.wikipedia.org\/wiki\/Lobato_(Paran%C3%A1)\" target=\"_blank\">Lobato<\/a> 4 690<\/p>\n\n\n\n<p class=\"wp-block-paragraph\"><a rel=\"noreferrer noopener\" href=\"https:\/\/pt.wikipedia.org\/wiki\/Serran%C3%B3polis_do_Igua%C3%A7u\" target=\"_blank\">Serran\u00f3polis do \u00a0Igua\u00e7u<\/a> 4 652<\/p>\n\n\n\n<p class=\"wp-block-paragraph\"><a rel=\"noreferrer noopener\" href=\"https:\/\/pt.wikipedia.org\/wiki\/Itaguaj%C3%A9\" target=\"_blank\">Itaguaj\u00e9<\/a> 4 639<\/p>\n\n\n\n<p class=\"wp-block-paragraph\"><a rel=\"noreferrer noopener\" href=\"https:\/\/pt.wikipedia.org\/wiki\/Cruzeiro_do_Sul_(Paran%C3%A1)\" target=\"_blank\">Cruzeiro do \u00a0Sul<\/a> 4 637<\/p>\n\n\n\n<p class=\"wp-block-paragraph\"><a rel=\"noreferrer noopener\" href=\"https:\/\/pt.wikipedia.org\/wiki\/Espig%C3%A3o_Alto_do_Igua%C3%A7u\" target=\"_blank\">Espig\u00e3o Alto do \u00a0Igua\u00e7u<\/a> 4 542<\/p>\n\n\n\n<p class=\"wp-block-paragraph\"><a rel=\"noreferrer noopener\" href=\"https:\/\/pt.wikipedia.org\/wiki\/Indian%C3%B3polis_(Paran%C3%A1)\" target=\"_blank\">Indian\u00f3polis<\/a> 4 481<\/p>\n\n\n\n<p class=\"wp-block-paragraph\"><a rel=\"noreferrer noopener\" href=\"https:\/\/pt.wikipedia.org\/wiki\/Boa_Esperan%C3%A7a_(Paran%C3%A1)\" target=\"_blank\">Boa Esperan\u00e7a<\/a> 4 478<\/p>\n\n\n\n<p class=\"wp-block-paragraph\"><a rel=\"noreferrer noopener\" href=\"https:\/\/pt.wikipedia.org\/wiki\/Kalor%C3%A9\" target=\"_blank\">Kalor\u00e9<\/a> 4 438<\/p>\n\n\n\n<p class=\"wp-block-paragraph\"><a rel=\"noreferrer noopener\" href=\"https:\/\/pt.wikipedia.org\/wiki\/Ramil%C3%A2ndia\" target=\"_blank\">Ramil\u00e2ndia<\/a> 4 385<\/p>\n\n\n\n<p class=\"wp-block-paragraph\"><a rel=\"noreferrer noopener\" href=\"https:\/\/pt.wikipedia.org\/wiki\/Cruzeiro_do_Igua%C3%A7u\" target=\"_blank\">Cruzeiro do Igua\u00e7u<\/a> 4 376<\/p>\n\n\n\n<p class=\"wp-block-paragraph\"><a rel=\"noreferrer noopener\" href=\"https:\/\/pt.wikipedia.org\/wiki\/Entre_Rios_do_Oeste\" target=\"_blank\">Entre Rios do Oeste<\/a> 4 306<\/p>\n\n\n\n<p class=\"wp-block-paragraph\"><a rel=\"noreferrer noopener\" href=\"https:\/\/pt.wikipedia.org\/wiki\/Cafezal_do_Sul\" target=\"_blank\">Cafezal do Sul<\/a> 4 288<\/p>\n\n\n\n<p class=\"wp-block-paragraph\"><a rel=\"noreferrer noopener\" href=\"https:\/\/pt.wikipedia.org\/wiki\/Planaltina_do_Paran%C3%A1\" target=\"_blank\">Planaltina do \u00a0Paran\u00e1<\/a> 4 277<\/p>\n\n\n\n<p class=\"wp-block-paragraph\"><a rel=\"noreferrer noopener\" href=\"https:\/\/pt.wikipedia.org\/wiki\/Iguara%C3%A7u\" target=\"_blank\">Iguara\u00e7u<\/a> 4 275<\/p>\n\n\n\n<p class=\"wp-block-paragraph\"><a rel=\"noreferrer noopener\" href=\"https:\/\/pt.wikipedia.org\/wiki\/Campo_Bonito\" target=\"_blank\">Campo Bonito<\/a> 4 259<\/p>\n\n\n\n<p class=\"wp-block-paragraph\"><a rel=\"noreferrer noopener\" href=\"https:\/\/pt.wikipedia.org\/wiki\/Le%C3%B3polis\" target=\"_blank\">Le\u00f3polis<\/a> 4 165<\/p>\n\n\n\n<p class=\"wp-block-paragraph\"><a rel=\"noreferrer noopener\" href=\"https:\/\/pt.wikipedia.org\/wiki\/Nova_Santa_B%C3%A1rbara\" target=\"_blank\">Nova Santa B\u00e1rbara<\/a> 4 163<\/p>\n\n\n\n<p class=\"wp-block-paragraph\"><a rel=\"noreferrer noopener\" href=\"https:\/\/pt.wikipedia.org\/wiki\/Porto_Vit%C3%B3ria\" target=\"_blank\">Porto Vit\u00f3ria<\/a> 4 143<\/p>\n\n\n\n<p class=\"wp-block-paragraph\"><a rel=\"noreferrer noopener\" href=\"https:\/\/pt.wikipedia.org\/wiki\/Salgado_Filho_(Paran%C3%A1)\" target=\"_blank\">Salgado Filho<\/a> 4 142<\/p>\n\n\n\n<p class=\"wp-block-paragraph\"><a rel=\"noreferrer noopener\" href=\"https:\/\/pt.wikipedia.org\/wiki\/Campina_do_Sim%C3%A3o\" target=\"_blank\">Campina do Sim\u00e3o<\/a> 4 096<\/p>\n\n\n\n<p class=\"wp-block-paragraph\"><a rel=\"noreferrer noopener\" href=\"https:\/\/pt.wikipedia.org\/wiki\/Rio_Branco_do_Iva%C3%AD\" target=\"_blank\">Rio Branco do Iva\u00ed<\/a> 4 088<\/p>\n\n\n\n<p class=\"wp-block-paragraph\"><a rel=\"noreferrer noopener\" href=\"https:\/\/pt.wikipedia.org\/wiki\/Virmond\" target=\"_blank\">Virmond<\/a> 4 085<\/p>\n\n\n\n<p class=\"wp-block-paragraph\"><a rel=\"noreferrer noopener\" href=\"https:\/\/pt.wikipedia.org\/wiki\/Nossa_Senhora_das_Gra%C3%A7as_(Paran%C3%A1)\" target=\"_blank\">Nossa \u00a0Senhora das Gra\u00e7as<\/a> 4 064<\/p>\n\n\n\n<p class=\"wp-block-paragraph\"><a rel=\"noreferrer noopener\" href=\"https:\/\/pt.wikipedia.org\/wiki\/Atalaia_(Paran%C3%A1)\" target=\"_blank\">Atalaia<\/a> 4 004<\/p>\n\n\n\n<p class=\"wp-block-paragraph\"><a rel=\"noreferrer noopener\" href=\"https:\/\/pt.wikipedia.org\/wiki\/Quatro_Pontes\" target=\"_blank\">Quatro Pontes<\/a> 3 998<\/p>\n\n\n\n<p class=\"wp-block-paragraph\"><a rel=\"noreferrer noopener\" href=\"https:\/\/pt.wikipedia.org\/wiki\/Rancho_Alegre_(Paran%C3%A1)\" target=\"_blank\">Rancho Alegre<\/a> 3 990<\/p>\n\n\n\n<p class=\"wp-block-paragraph\"><a rel=\"noreferrer noopener\" href=\"https:\/\/pt.wikipedia.org\/wiki\/Santa_L%C3%BAcia_(Paran%C3%A1)\" target=\"_blank\">Santa L\u00facia<\/a> 3 976<\/p>\n\n\n\n<p class=\"wp-block-paragraph\"><a rel=\"noreferrer noopener\" href=\"https:\/\/pt.wikipedia.org\/wiki\/Guapirama\" target=\"_blank\">Guapirama<\/a> 3 950<\/p>\n\n\n\n<p class=\"wp-block-paragraph\"><a rel=\"noreferrer noopener\" href=\"https:\/\/pt.wikipedia.org\/wiki\/Munhoz_de_Melo\" target=\"_blank\">Munhoz de Melo<\/a> 3 909<\/p>\n\n\n\n<p class=\"wp-block-paragraph\"><a rel=\"noreferrer noopener\" href=\"https:\/\/pt.wikipedia.org\/wiki\/Santa_M%C3%B4nica_(Paran%C3%A1)\" target=\"_blank\">Santa M\u00f4nica<\/a> 3 849<\/p>\n\n\n\n<p class=\"wp-block-paragraph\"><a rel=\"noreferrer noopener\" href=\"https:\/\/pt.wikipedia.org\/wiki\/Bela_Vista_da_Caroba\" target=\"_blank\">Bela Vista da \u00a0Caroba<\/a> 3 848<\/p>\n\n\n\n<p class=\"wp-block-paragraph\"><a rel=\"noreferrer noopener\" href=\"https:\/\/pt.wikipedia.org\/wiki\/S%C3%A3o_Jos%C3%A9_das_Palmeiras\" target=\"_blank\">S\u00e3o Jos\u00e9 das \u00a0Palmeiras<\/a> 3 847<\/p>\n\n\n\n<p class=\"wp-block-paragraph\"><a rel=\"noreferrer noopener\" href=\"https:\/\/pt.wikipedia.org\/wiki\/Conselheiro_Mairinck\" target=\"_blank\">Conselheiro \u00a0Mairinck<\/a> 3 831<\/p>\n\n\n\n<p class=\"wp-block-paragraph\"><a rel=\"noreferrer noopener\" href=\"https:\/\/pt.wikipedia.org\/wiki\/Bom_Jesus_do_Sul\" target=\"_blank\">Bom Jesus do Sul<\/a> 3 777<\/p>\n\n\n\n<p class=\"wp-block-paragraph\"><a rel=\"noreferrer noopener\" href=\"https:\/\/pt.wikipedia.org\/wiki\/Lidian%C3%B3polis\" target=\"_blank\">Lidian\u00f3polis<\/a> 3 774<\/p>\n\n\n\n<p class=\"wp-block-paragraph\"><a rel=\"noreferrer noopener\" href=\"https:\/\/pt.wikipedia.org\/wiki\/Corumbata%C3%AD_do_Sul\" target=\"_blank\">Corumbata\u00ed do Sul<\/a> 3 749<\/p>\n\n\n\n<p class=\"wp-block-paragraph\"><a rel=\"noreferrer noopener\" href=\"https:\/\/pt.wikipedia.org\/wiki\/Santa_Am%C3%A9lia\" target=\"_blank\">Santa Am\u00e9lia<\/a> 3 684<\/p>\n\n\n\n<p class=\"wp-block-paragraph\"><a rel=\"noreferrer noopener\" href=\"https:\/\/pt.wikipedia.org\/wiki\/Mato_Rico\" target=\"_blank\">Mato Rico<\/a> 3 668<\/p>\n\n\n\n<p class=\"wp-block-paragraph\"><a rel=\"noreferrer noopener\" href=\"https:\/\/pt.wikipedia.org\/wiki\/Prado_Ferreira\" target=\"_blank\">Prado Ferreira<\/a> 3 668<\/p>\n\n\n\n<p class=\"wp-block-paragraph\"><a rel=\"noreferrer noopener\" href=\"https:\/\/pt.wikipedia.org\/wiki\/Santa_Cec%C3%ADlia_do_Pav%C3%A3o\" target=\"_blank\">Santa Cec\u00edlia do \u00a0Pav\u00e3o<\/a> 3 597<\/p>\n\n\n\n<p class=\"wp-block-paragraph\"><a rel=\"noreferrer noopener\" href=\"https:\/\/pt.wikipedia.org\/wiki\/Diamante_do_Sul\" target=\"_blank\">Diamante do Sul<\/a> 3 568<\/p>\n\n\n\n<p class=\"wp-block-paragraph\"><a rel=\"noreferrer noopener\" href=\"https:\/\/pt.wikipedia.org\/wiki\/Porto_Barreiro\" target=\"_blank\">Porto Barreiro<\/a> 3 564<\/p>\n\n\n\n<p class=\"wp-block-paragraph\"><a rel=\"noreferrer noopener\" href=\"https:\/\/pt.wikipedia.org\/wiki\/Nova_Am%C3%A9rica_da_Colina\" target=\"_blank\">Nova Am\u00e9rica da \u00a0Colina<\/a> 3 553<\/p>\n\n\n\n<p class=\"wp-block-paragraph\"><a rel=\"noreferrer noopener\" href=\"https:\/\/pt.wikipedia.org\/wiki\/Ourizona\" target=\"_blank\">Ourizona<\/a> 3 488<\/p>\n\n\n\n<p class=\"wp-block-paragraph\"><a rel=\"noreferrer noopener\" href=\"https:\/\/pt.wikipedia.org\/wiki\/Jundia%C3%AD_do_Sul\" target=\"_blank\">Jundia\u00ed do Sul<\/a> 3 456<\/p>\n\n\n\n<p class=\"wp-block-paragraph\"><a rel=\"noreferrer noopener\" href=\"https:\/\/pt.wikipedia.org\/wiki\/Arapu%C3%A3\" target=\"_blank\">Arapu\u00e3<\/a> 3 426<\/p>\n\n\n\n<p class=\"wp-block-paragraph\"><a rel=\"noreferrer noopener\" href=\"https:\/\/pt.wikipedia.org\/wiki\/Farol_(Paran%C3%A1)\" target=\"_blank\">Farol<\/a> 3 388<\/p>\n\n\n\n<p class=\"wp-block-paragraph\"><a rel=\"noreferrer noopener\" href=\"https:\/\/pt.wikipedia.org\/wiki\/Bom_Sucesso_do_Sul\" target=\"_blank\">Bom Sucesso do Sul<\/a> 3 365<\/p>\n\n\n\n<p class=\"wp-block-paragraph\"><a rel=\"noreferrer noopener\" href=\"https:\/\/pt.wikipedia.org\/wiki\/Rio_Bom\" target=\"_blank\">Rio Bom<\/a> 3 360<\/p>\n\n\n\n<p class=\"wp-block-paragraph\"><a rel=\"noreferrer noopener\" href=\"https:\/\/pt.wikipedia.org\/wiki\/Ita%C3%BAna_do_Sul\" target=\"_blank\">Ita\u00fana do Sul<\/a> 3 349<\/p>\n\n\n\n<p class=\"wp-block-paragraph\"><a rel=\"noreferrer noopener\" href=\"https:\/\/pt.wikipedia.org\/wiki\/Altamira_do_Paran%C3%A1\" target=\"_blank\">Altamira do Paran\u00e1<\/a> 3 341<\/p>\n\n\n\n<p class=\"wp-block-paragraph\"><a rel=\"noreferrer noopener\" href=\"https:\/\/pt.wikipedia.org\/wiki\/Sulina\" target=\"_blank\">Sulina<\/a> 3 293<\/p>\n\n\n\n<p class=\"wp-block-paragraph\"><a rel=\"noreferrer noopener\" href=\"https:\/\/pt.wikipedia.org\/wiki\/Godoy_Moreira\" target=\"_blank\">Godoy Moreira<\/a> 3 245<\/p>\n\n\n\n<p class=\"wp-block-paragraph\"><a rel=\"noreferrer noopener\" href=\"https:\/\/pt.wikipedia.org\/wiki\/Ivatuba\" target=\"_blank\">Ivatuba<\/a> 3 201<\/p>\n\n\n\n<p class=\"wp-block-paragraph\"><a rel=\"noreferrer noopener\" href=\"https:\/\/pt.wikipedia.org\/wiki\/Cruzmaltina\" target=\"_blank\">Cruzmaltina<\/a> 3 147<\/p>\n\n\n\n<p class=\"wp-block-paragraph\"><a rel=\"noreferrer noopener\" href=\"https:\/\/pt.wikipedia.org\/wiki\/Inaj%C3%A1_(Paran%C3%A1)\" target=\"_blank\">Inaj\u00e1<\/a> 3 119<\/p>\n\n\n\n<p class=\"wp-block-paragraph\"><a rel=\"noreferrer noopener\" href=\"https:\/\/pt.wikipedia.org\/wiki\/Alto_Para%C3%ADso_(Paran%C3%A1)\" target=\"_blank\">Alto Para\u00edso<\/a> 3 077<\/p>\n\n\n\n<p class=\"wp-block-paragraph\"><a rel=\"noreferrer noopener\" href=\"https:\/\/pt.wikipedia.org\/wiki\/Pitangueiras_(Paran%C3%A1)\" target=\"_blank\">Pitangueiras<\/a> 3 073<\/p>\n\n\n\n<p class=\"wp-block-paragraph\"><a rel=\"noreferrer noopener\" href=\"https:\/\/pt.wikipedia.org\/wiki\/Paranapoema\" target=\"_blank\">Paranapoema<\/a> 3 050<\/p>\n\n\n\n<p class=\"wp-block-paragraph\"><a rel=\"noreferrer noopener\" href=\"https:\/\/pt.wikipedia.org\/wiki\/Brasil%C3%A2ndia_do_Sul\" target=\"_blank\">Brasil\u00e2ndia do Sul<\/a> 3 037<\/p>\n\n\n\n<p class=\"wp-block-paragraph\"><a rel=\"noreferrer noopener\" href=\"https:\/\/pt.wikipedia.org\/wiki\/%C3%82ngulo_(Paran%C3%A1)\" target=\"_blank\">\u00c2ngulo<\/a> 2 964<\/p>\n\n\n\n<p class=\"wp-block-paragraph\"><a rel=\"noreferrer noopener\" href=\"https:\/\/pt.wikipedia.org\/wiki\/Manfrin%C3%B3polis\" target=\"_blank\">Manfrin\u00f3polis<\/a> 2 954<\/p>\n\n\n\n<p class=\"wp-block-paragraph\"><a rel=\"noreferrer noopener\" href=\"https:\/\/pt.wikipedia.org\/wiki\/Anahy\" target=\"_blank\">Anahy<\/a> 2 915<\/p>\n\n\n\n<p class=\"wp-block-paragraph\"><a rel=\"noreferrer noopener\" href=\"https:\/\/pt.wikipedia.org\/wiki\/Novo_Itacolomi\" target=\"_blank\">Novo Itacolomi<\/a> 2 907<\/p>\n\n\n\n<p class=\"wp-block-paragraph\"><a rel=\"noreferrer noopener\" href=\"https:\/\/pt.wikipedia.org\/wiki\/Cafeara\" target=\"_blank\">Cafeara<\/a> 2 873<\/p>\n\n\n\n<p class=\"wp-block-paragraph\"><a rel=\"noreferrer noopener\" href=\"https:\/\/pt.wikipedia.org\/wiki\/Rancho_Alegre_D%27Oeste\" target=\"_blank\">Rancho Alegre \u00a0D&#8217;Oeste<\/a> 2 833<\/p>\n\n\n\n<p class=\"wp-block-paragraph\"><a rel=\"noreferrer noopener\" href=\"https:\/\/pt.wikipedia.org\/wiki\/Barra_do_Jacar%C3%A9\" target=\"_blank\">Barra do Jacar\u00e9<\/a> 2 821<\/p>\n\n\n\n<p class=\"wp-block-paragraph\"><a rel=\"noreferrer noopener\" href=\"https:\/\/pt.wikipedia.org\/wiki\/Santo_Ant%C3%B4nio_do_Caiu%C3%A1\" target=\"_blank\">Santo Ant\u00f4nio do \u00a0Caiu\u00e1<\/a> 2 757<\/p>\n\n\n\n<p class=\"wp-block-paragraph\"><a rel=\"noreferrer noopener\" href=\"https:\/\/pt.wikipedia.org\/wiki\/Pinhal_de_S%C3%A3o_Bento\" target=\"_blank\">Pinhal de S\u00e3o Bento<\/a> 2 740<\/p>\n\n\n\n<p class=\"wp-block-paragraph\"><a rel=\"noreferrer noopener\" href=\"https:\/\/pt.wikipedia.org\/wiki\/Boa_Esperan%C3%A7a_do_Igua%C3%A7u\" target=\"_blank\">Boa Esperan\u00e7a \u00a0do Igua\u00e7u<\/a> 2 716<\/p>\n\n\n\n<p class=\"wp-block-paragraph\"><a rel=\"noreferrer noopener\" href=\"https:\/\/pt.wikipedia.org\/wiki\/Fl%C3%B3rida_(Paran%C3%A1)\" target=\"_blank\">Fl\u00f3rida<\/a> 2 674<\/p>\n\n\n\n<p class=\"wp-block-paragraph\"><a rel=\"noreferrer noopener\" href=\"https:\/\/pt.wikipedia.org\/wiki\/Porto_Rico_(Paran%C3%A1)\" target=\"_blank\">Porto Rico<\/a> 2 608<\/p>\n\n\n\n<p class=\"wp-block-paragraph\"><a rel=\"noreferrer noopener\" href=\"https:\/\/pt.wikipedia.org\/wiki\/Uniflor\" target=\"_blank\">Uniflor<\/a> 2 593<\/p>\n\n\n\n<p class=\"wp-block-paragraph\"><a rel=\"noreferrer noopener\" href=\"https:\/\/pt.wikipedia.org\/wiki\/Iracema_do_Oeste\" target=\"_blank\">Iracema do Oeste<\/a> 2 512<\/p>\n\n\n\n<p class=\"wp-block-paragraph\"><a rel=\"noreferrer noopener\" href=\"https:\/\/pt.wikipedia.org\/wiki\/S%C3%A3o_Pedro_do_Paran%C3%A1\" target=\"_blank\">S\u00e3o Pedro do Paran\u00e1<\/a> 2 474<\/p>\n\n\n\n<p class=\"wp-block-paragraph\"><a rel=\"noreferrer noopener\" href=\"https:\/\/pt.wikipedia.org\/wiki\/Ariranha_do_Iva%C3%AD\" target=\"_blank\">Ariranha do Iva\u00ed<\/a> 2 359<\/p>\n\n\n\n<p class=\"wp-block-paragraph\"><a rel=\"noreferrer noopener\" href=\"https:\/\/pt.wikipedia.org\/wiki\/Mirador_(Paran%C3%A1)\" target=\"_blank\">Mirador<\/a> 2 334<\/p>\n\n\n\n<p class=\"wp-block-paragraph\"><a rel=\"noreferrer noopener\" href=\"https:\/\/pt.wikipedia.org\/wiki\/Santo_Ant%C3%B4nio_do_Para%C3%ADso\" target=\"_blank\">Santo Ant\u00f4nio \u00a0do Para\u00edso<\/a> 2 333<\/p>\n\n\n\n<p class=\"wp-block-paragraph\"><a rel=\"noreferrer noopener\" href=\"https:\/\/pt.wikipedia.org\/wiki\/Iguatu_(Paran%C3%A1)\" target=\"_blank\">Iguatu<\/a> 2 302<\/p>\n\n\n\n<p class=\"wp-block-paragraph\"><a rel=\"noreferrer noopener\" href=\"https:\/\/pt.wikipedia.org\/wiki\/Guaporema\" target=\"_blank\">Guaporema<\/a> 2 290<\/p>\n\n\n\n<p class=\"wp-block-paragraph\"><a rel=\"noreferrer noopener\" href=\"https:\/\/pt.wikipedia.org\/wiki\/S%C3%A3o_Manoel_do_Paran%C3%A1\" target=\"_blank\">S\u00e3o Manoel do \u00a0Paran\u00e1<\/a> 2 180<\/p>\n\n\n\n<p class=\"wp-block-paragraph\"><a rel=\"noreferrer noopener\" href=\"https:\/\/pt.wikipedia.org\/wiki\/Esperan%C3%A7a_Nova\" target=\"_blank\">Esperan\u00e7a Nova<\/a> 1 898<\/p>\n\n\n\n<p class=\"wp-block-paragraph\"><a rel=\"noreferrer noopener\" href=\"https:\/\/pt.wikipedia.org\/wiki\/Miraselva\" target=\"_blank\">Miraselva<\/a> 1 885<\/p>\n\n\n\n<p class=\"wp-block-paragraph\"><a rel=\"noreferrer noopener\" href=\"https:\/\/pt.wikipedia.org\/wiki\/Santa_In%C3%AAs_(Paran%C3%A1)\" target=\"_blank\">Santa In\u00eas<\/a> 1 765<\/p>\n\n\n\n<p class=\"wp-block-paragraph\"><a rel=\"noreferrer noopener\" href=\"https:\/\/pt.wikipedia.org\/wiki\/Nova_Alian%C3%A7a_do_Iva%C3%AD\" target=\"_blank\">Nova Alian\u00e7a do \u00a0Iva\u00ed<\/a> 1 518<\/p>\n\n\n\n<p class=\"wp-block-paragraph\"><a rel=\"noreferrer noopener\" href=\"https:\/\/pt.wikipedia.org\/wiki\/Jardim_Olinda\" target=\"_blank\">Jardim Olinda<\/a> 1 409<\/p>\n\n\n\n<p class=\"wp-block-paragraph\">Fonte:\u00a0<em><strong>Massa News \/ Miraselva\u00a0<\/strong><\/em><\/p>","protected":false},"excerpt":{"rendered":"<p>A popula\u00e7\u00e3o seria muito melhor atendida pelos servi\u00e7os p\u00fablicos b\u00e1sicos se habitasse munic\u00edpios com uma base econ\u00f4mica mais diversificada e fontes s\u00f3lidas de receita pr\u00f3pria. A constata\u00e7\u00e3o \u00e9 de um estudo t\u00e9cnico realizado por analistas do Tribunal de Contas do Estado do Paran\u00e1 (TCE-PR). O trabalho, intitulado\u00a0Estudo de Viabilidade Municipal\u00a0(EVM), foi apresentado em entrevista coletiva [&hellip;]<\/p>\n","protected":false},"author":1,"featured_media":0,"comment_status":"closed","ping_status":"closed","sticky":false,"template":"","format":"standard","meta":{"googlesitekit_rrm_CAow2JLhCw:productID":"","_gspb_post_css":"","maa_idioma":"","maa_pais":"","footnotes":""},"categories":[1],"tags":[],"class_list":["post-20757","post","type-post","status-publish","format-standard","hentry","category-ubirata"],"blocksy_meta":[],"yoast_head":"<!-- This site is optimized with the Yoast SEO Premium plugin v27.6 (Yoast SEO v27.6) - https:\/\/yoast.com\/product\/yoast-seo-premium-wordpress\/ -->\n<title>Estudo prev\u00ea fus\u00e3o de 96 cidades \u2018insustent\u00e1veis\u2019 no Paran\u00e1; confira lista - Ubirat\u00e3 Online Not\u00edcias - A realidade ao seu alcance!<\/title>\n<meta name=\"description\" content=\"A popula\u00e7\u00e3o seria muito melhor atendida pelos servi\u00e7os p\u00fablicos b\u00e1sicos se habitasse munic\u00edpios com uma base econ\u00f4mica mais diversificada e fontes s\u00f3lidas\" \/>\n<meta name=\"robots\" content=\"index, follow, max-snippet:-1, max-image-preview:large, max-video-preview:-1\" \/>\n<link rel=\"canonical\" href=\"https:\/\/ubirataonline.com.br\/en\/estudo-preve-fusao-de-96-cidades-insustentaveis-no-parana-confira-lista-2\/\" \/>\n<meta property=\"og:locale\" content=\"en_US\" \/>\n<meta property=\"og:type\" content=\"article\" \/>\n<meta property=\"og:title\" content=\"Estudo prev\u00ea fus\u00e3o de 96 cidades \u2018insustent\u00e1veis\u2019 no Paran\u00e1; confira lista\" \/>\n<meta property=\"og:description\" content=\"A popula\u00e7\u00e3o seria muito melhor atendida pelos servi\u00e7os p\u00fablicos b\u00e1sicos se habitasse munic\u00edpios com uma base econ\u00f4mica mais diversificada e fontes s\u00f3lidas\" \/>\n<meta property=\"og:url\" content=\"https:\/\/ubirataonline.com.br\/en\/estudo-preve-fusao-de-96-cidades-insustentaveis-no-parana-confira-lista-2\/\" \/>\n<meta property=\"og:site_name\" content=\"Ubirat\u00e3 Online Not\u00edcias - A realidade ao seu alcance!\" \/>\n<meta property=\"article:publisher\" content=\"https:\/\/www.facebook.com\/portalubirataonline\" \/>\n<meta property=\"article:author\" content=\"https:\/\/www.facebook.com\/portalubirataonline\" \/>\n<meta property=\"article:published_time\" content=\"2019-04-10T17:44:43+00:00\" \/>\n<meta property=\"article:modified_time\" content=\"2019-04-10T17:44:48+00:00\" \/>\n<meta property=\"og:image\" content=\"https:\/\/ubirataonline.com.br\/wp-content\/uploads\/2026\/05\/logo2026.webp\" \/>\n\t<meta property=\"og:image:width\" content=\"1531\" \/>\n\t<meta property=\"og:image:height\" content=\"418\" \/>\n\t<meta property=\"og:image:type\" content=\"image\/webp\" \/>\n<meta name=\"author\" content=\"REDA\u00c7\u00c3O: UBIRAT\u00c3 ONLINE - F\u00c1BIO AUGUSTO CELESTINO\" \/>\n<meta name=\"twitter:card\" content=\"summary_large_image\" \/>\n<meta name=\"twitter:creator\" content=\"@x.com\/ubirataonline\" \/>\n<meta name=\"twitter:site\" content=\"@ubirataonline\" \/>\n<meta name=\"twitter:label1\" content=\"Written by\" \/>\n\t<meta name=\"twitter:data1\" content=\"REDA\u00c7\u00c3O: UBIRAT\u00c3 ONLINE - F\u00c1BIO AUGUSTO CELESTINO\" \/>\n\t<meta name=\"twitter:label2\" content=\"Est. reading time\" \/>\n\t<meta name=\"twitter:data2\" content=\"5 minutes\" \/>\n<script type=\"application\/ld+json\" class=\"yoast-schema-graph\">{\"@context\":\"https:\\\/\\\/schema.org\",\"@graph\":[{\"@type\":\"NewsArticle\",\"@id\":\"https:\\\/\\\/ubirataonline.com.br\\\/estudo-preve-fusao-de-96-cidades-insustentaveis-no-parana-confira-lista-2\\\/#article\",\"isPartOf\":{\"@id\":\"https:\\\/\\\/ubirataonline.com.br\\\/estudo-preve-fusao-de-96-cidades-insustentaveis-no-parana-confira-lista-2\\\/\"},\"author\":{\"name\":\"REDA\u00c7\u00c3O: UBIRAT\u00c3 ONLINE - F\u00c1BIO AUGUSTO CELESTINO\",\"@id\":\"https:\\\/\\\/ubirataonline.com.br\\\/#\\\/schema\\\/person\\\/372f87bbd3fdd79b8556b84c98d0bc1c\"},\"headline\":\"Estudo prev\u00ea fus\u00e3o de 96 cidades \u2018insustent\u00e1veis\u2019 no Paran\u00e1; confira lista\",\"datePublished\":\"2019-04-10T17:44:43+00:00\",\"dateModified\":\"2019-04-10T17:44:48+00:00\",\"mainEntityOfPage\":{\"@id\":\"https:\\\/\\\/ubirataonline.com.br\\\/estudo-preve-fusao-de-96-cidades-insustentaveis-no-parana-confira-lista-2\\\/\"},\"wordCount\":1001,\"publisher\":{\"@id\":\"https:\\\/\\\/ubirataonline.com.br\\\/#organization\"},\"articleSection\":[\"Ubirat\u00e3\"],\"inLanguage\":\"en-US\",\"copyrightYear\":\"2019\",\"copyrightHolder\":{\"@id\":\"https:\\\/\\\/ubirataonline.com.br\\\/en\\\/#organization\"}},{\"@type\":\"WebPage\",\"@id\":\"https:\\\/\\\/ubirataonline.com.br\\\/estudo-preve-fusao-de-96-cidades-insustentaveis-no-parana-confira-lista-2\\\/\",\"url\":\"https:\\\/\\\/ubirataonline.com.br\\\/estudo-preve-fusao-de-96-cidades-insustentaveis-no-parana-confira-lista-2\\\/\",\"name\":\"Estudo prev\u00ea fus\u00e3o de 96 cidades \u2018insustent\u00e1veis\u2019 no Paran\u00e1; confira lista - Ubirat\u00e3 Online Not\u00edcias - A realidade ao seu alcance!\",\"isPartOf\":{\"@id\":\"https:\\\/\\\/ubirataonline.com.br\\\/#website\"},\"datePublished\":\"2019-04-10T17:44:43+00:00\",\"dateModified\":\"2019-04-10T17:44:48+00:00\",\"description\":\"A popula\u00e7\u00e3o seria muito melhor atendida pelos servi\u00e7os p\u00fablicos b\u00e1sicos se habitasse munic\u00edpios com uma base econ\u00f4mica mais diversificada e fontes s\u00f3lidas\",\"breadcrumb\":{\"@id\":\"https:\\\/\\\/ubirataonline.com.br\\\/estudo-preve-fusao-de-96-cidades-insustentaveis-no-parana-confira-lista-2\\\/#breadcrumb\"},\"inLanguage\":\"en-US\",\"potentialAction\":[{\"@type\":\"ReadAction\",\"target\":[\"https:\\\/\\\/ubirataonline.com.br\\\/estudo-preve-fusao-de-96-cidades-insustentaveis-no-parana-confira-lista-2\\\/\"]}]},{\"@type\":\"BreadcrumbList\",\"@id\":\"https:\\\/\\\/ubirataonline.com.br\\\/estudo-preve-fusao-de-96-cidades-insustentaveis-no-parana-confira-lista-2\\\/#breadcrumb\",\"itemListElement\":[{\"@type\":\"ListItem\",\"position\":1,\"name\":\"In\u00edcio\",\"item\":\"https:\\\/\\\/ubirataonline.com.br\\\/\"},{\"@type\":\"ListItem\",\"position\":2,\"name\":\"Estudo prev\u00ea fus\u00e3o de 96 cidades \u2018insustent\u00e1veis\u2019 no Paran\u00e1; confira lista\"}]},{\"@type\":\"WebSite\",\"@id\":\"https:\\\/\\\/ubirataonline.com.br\\\/#website\",\"url\":\"https:\\\/\\\/ubirataonline.com.br\\\/\",\"name\":\"Ubirat\u00e3 Online Not\u00edcias\",\"description\":\"Not\u00edcias de Ubirat\u00e3, regi\u00e3o, Brasil e mundo, com informa\u00e7\u00e3o atualizada e compromisso com o leitor.\",\"publisher\":{\"@id\":\"https:\\\/\\\/ubirataonline.com.br\\\/#organization\"},\"alternateName\":\"Ubirat\u00e3 Online\",\"potentialAction\":[{\"@type\":\"SearchAction\",\"target\":{\"@type\":\"EntryPoint\",\"urlTemplate\":\"https:\\\/\\\/ubirataonline.com.br\\\/?s={search_term_string}\"},\"query-input\":{\"@type\":\"PropertyValueSpecification\",\"valueRequired\":true,\"valueName\":\"search_term_string\"}}],\"inLanguage\":\"en-US\"},{\"@type\":[\"Organization\",\"Place\"],\"@id\":\"https:\\\/\\\/ubirataonline.com.br\\\/#organization\",\"name\":\"Ubirat\u00e3 Online Not\u00edcias\",\"alternateName\":\"Ubirat\u00e3 Online\",\"url\":\"https:\\\/\\\/ubirataonline.com.br\\\/\",\"logo\":{\"@id\":\"https:\\\/\\\/ubirataonline.com.br\\\/estudo-preve-fusao-de-96-cidades-insustentaveis-no-parana-confira-lista-2\\\/#local-main-organization-logo\"},\"image\":{\"@id\":\"https:\\\/\\\/ubirataonline.com.br\\\/estudo-preve-fusao-de-96-cidades-insustentaveis-no-parana-confira-lista-2\\\/#local-main-organization-logo\"},\"sameAs\":[\"https:\\\/\\\/www.facebook.com\\\/portalubirataonline\",\"https:\\\/\\\/x.com\\\/ubirataonline\",\"https:\\\/\\\/mastodon.social\\\/@ubirataonline\",\"https:\\\/\\\/www.facebook.com\\\/groups\\\/311144672285604\",\"https:\\\/\\\/www.facebook.com\\\/UBTAOnline\",\"https:\\\/\\\/www.instagram.com\\\/portalubirataonline\\\/\",\"https:\\\/\\\/twitter.com\\\/ubirataonline\"],\"description\":\"Somos um portal de not\u00edcias independente, criado em 5 de janeiro de 2009, com o objetivo de informar, conectar e valorizar a nossa comunidade de Ubirat\u00e3 e toda aregi\u00e3o. Com conte\u00fado atualizado, confi\u00e1vel e relevante, o Ubirat\u00e3 Online \u00e9 o seu espa\u00e7o para ficar por dentro dos principais acontecimentos locais, regionais, Brasil, Mundo e de interesse geral. Nosso compromisso \u00e9 com a verdade, a transpar\u00eancia e o respeito ao leitor.\",\"legalName\":\"UBIRATA ONLINE NOT\u00cdCIAS\",\"foundingDate\":\"2009-01-05\",\"numberOfEmployees\":{\"@type\":\"QuantitativeValue\",\"minValue\":\"1\",\"maxValue\":\"10\"},\"publishingPrinciples\":\"https:\\\/\\\/ubirataonline.com.br\\\/faq\\\/\",\"address\":{\"@id\":\"https:\\\/\\\/ubirataonline.com.br\\\/estudo-preve-fusao-de-96-cidades-insustentaveis-no-parana-confira-lista-2\\\/#local-main-place-address\"},\"geo\":{\"@type\":\"GeoCoordinates\",\"latitude\":\"-24.5361401\",\"longitude\":\"-52.9921776\"},\"telephone\":[\"+5544998308235\"],\"contactPoint\":{\"@type\":\"ContactPoint\",\"email\":\"contato@ubirataonline.com.br\"},\"openingHoursSpecification\":{\"@type\":\"OpeningHoursSpecification\",\"dayOfWeek\":[\"Monday\",\"Tuesday\",\"Wednesday\",\"Thursday\",\"Friday\",\"Saturday\",\"Sunday\"],\"opens\":\"00:00\",\"closes\":\"23:59\"},\"email\":\"contato@ubirataonline.com.br\",\"vatID\":\"47.621.418\\\/0001-80\"},{\"@type\":\"Person\",\"@id\":\"https:\\\/\\\/ubirataonline.com.br\\\/#\\\/schema\\\/person\\\/372f87bbd3fdd79b8556b84c98d0bc1c\",\"name\":\"REDA\u00c7\u00c3O: UBIRAT\u00c3 ONLINE - F\u00c1BIO AUGUSTO CELESTINO\",\"pronouns\":\"Ele\",\"description\":\"Desde 2003 trabalhando com not\u00edcias.\",\"sameAs\":[\"http:\\\/\\\/ubirataoline.com.br\",\"https:\\\/\\\/www.facebook.com\\\/portalubirataonline\",\"https:\\\/\\\/www.instagram.com\\\/ubirataonline_oficial\",\"https:\\\/\\\/x.com\\\/x.com\\\/ubirataonline\"],\"honorificPrefix\":\"Mr.\",\"honorificSuffix\":\"MD\",\"birthDate\":\"1980-06-16\",\"gender\":\"masculino\",\"award\":[\"V\u00e1rios pr\u00eamios de melhor portal da cidade\"],\"jobTitle\":\"Diretor\",\"url\":\"https:\\\/\\\/ubirataonline.com.br\\\/en\\\/author\\\/ubirataonline\\\/\"},{\"@type\":\"PostalAddress\",\"@id\":\"https:\\\/\\\/ubirataonline.com.br\\\/estudo-preve-fusao-de-96-cidades-insustentaveis-no-parana-confira-lista-2\\\/#local-main-place-address\",\"streetAddress\":\"Rua dos Coqueiros, 104 - Bairro Boa Vista, Rua dos Coqueiros, 104 Bairro Boa Vista\",\"addressLocality\":\"UBIRATA\",\"postalCode\":\"85440-000\",\"addressRegion\":\"PR\",\"addressCountry\":\"BR\"},{\"@type\":\"ImageObject\",\"inLanguage\":\"en-US\",\"@id\":\"https:\\\/\\\/ubirataonline.com.br\\\/estudo-preve-fusao-de-96-cidades-insustentaveis-no-parana-confira-lista-2\\\/#local-main-organization-logo\",\"url\":\"https:\\\/\\\/ubirataonline.com.br\\\/wp-content\\\/uploads\\\/2026\\\/06\\\/logoubirataonline-1.webp\",\"contentUrl\":\"https:\\\/\\\/ubirataonline.com.br\\\/wp-content\\\/uploads\\\/2026\\\/06\\\/logoubirataonline-1.webp\",\"width\":500,\"height\":500,\"caption\":\"Ubirat\u00e3 Online Not\u00edcias\"}]}<\/script>\n<meta name=\"geo.placename\" content=\"UBIRATA\" \/>\n<meta name=\"geo.position\" content=\"-24.5361401;-52.9921776\" \/>\n<meta name=\"geo.region\" content=\"Brazil\" \/>\n<!-- \/ Yoast SEO Premium plugin. -->","yoast_head_json":{"title":"Estudo prev\u00ea fus\u00e3o de 96 cidades \u2018insustent\u00e1veis\u2019 no Paran\u00e1; confira lista - Ubirat\u00e3 Online Not\u00edcias - A realidade ao seu alcance!","description":"A popula\u00e7\u00e3o seria muito melhor atendida pelos servi\u00e7os p\u00fablicos b\u00e1sicos se habitasse munic\u00edpios com uma base econ\u00f4mica mais diversificada e fontes s\u00f3lidas","robots":{"index":"index","follow":"follow","max-snippet":"max-snippet:-1","max-image-preview":"max-image-preview:large","max-video-preview":"max-video-preview:-1"},"canonical":"https:\/\/ubirataonline.com.br\/en\/estudo-preve-fusao-de-96-cidades-insustentaveis-no-parana-confira-lista-2\/","og_locale":"en_US","og_type":"article","og_title":"Estudo prev\u00ea fus\u00e3o de 96 cidades \u2018insustent\u00e1veis\u2019 no Paran\u00e1; confira lista","og_description":"A popula\u00e7\u00e3o seria muito melhor atendida pelos servi\u00e7os p\u00fablicos b\u00e1sicos se habitasse munic\u00edpios com uma base econ\u00f4mica mais diversificada e fontes s\u00f3lidas","og_url":"https:\/\/ubirataonline.com.br\/en\/estudo-preve-fusao-de-96-cidades-insustentaveis-no-parana-confira-lista-2\/","og_site_name":"Ubirat\u00e3 Online Not\u00edcias - A realidade ao seu alcance!","article_publisher":"https:\/\/www.facebook.com\/portalubirataonline","article_author":"https:\/\/www.facebook.com\/portalubirataonline","article_published_time":"2019-04-10T17:44:43+00:00","article_modified_time":"2019-04-10T17:44:48+00:00","og_image":[{"width":1531,"height":418,"url":"https:\/\/ubirataonline.com.br\/wp-content\/uploads\/2026\/05\/logo2026.webp","type":"image\/webp"}],"author":"REDA\u00c7\u00c3O: UBIRAT\u00c3 ONLINE - F\u00c1BIO AUGUSTO CELESTINO","twitter_card":"summary_large_image","twitter_creator":"@x.com\/ubirataonline","twitter_site":"@ubirataonline","twitter_misc":{"Written by":"REDA\u00c7\u00c3O: UBIRAT\u00c3 ONLINE - F\u00c1BIO AUGUSTO CELESTINO","Est. reading time":"5 minutes"},"schema":{"@context":"https:\/\/schema.org","@graph":[{"@type":"NewsArticle","@id":"https:\/\/ubirataonline.com.br\/estudo-preve-fusao-de-96-cidades-insustentaveis-no-parana-confira-lista-2\/#article","isPartOf":{"@id":"https:\/\/ubirataonline.com.br\/estudo-preve-fusao-de-96-cidades-insustentaveis-no-parana-confira-lista-2\/"},"author":{"name":"REDA\u00c7\u00c3O: UBIRAT\u00c3 ONLINE - F\u00c1BIO AUGUSTO CELESTINO","@id":"https:\/\/ubirataonline.com.br\/#\/schema\/person\/372f87bbd3fdd79b8556b84c98d0bc1c"},"headline":"Estudo prev\u00ea fus\u00e3o de 96 cidades \u2018insustent\u00e1veis\u2019 no Paran\u00e1; confira lista","datePublished":"2019-04-10T17:44:43+00:00","dateModified":"2019-04-10T17:44:48+00:00","mainEntityOfPage":{"@id":"https:\/\/ubirataonline.com.br\/estudo-preve-fusao-de-96-cidades-insustentaveis-no-parana-confira-lista-2\/"},"wordCount":1001,"publisher":{"@id":"https:\/\/ubirataonline.com.br\/#organization"},"articleSection":["Ubirat\u00e3"],"inLanguage":"en-US","copyrightYear":"2019","copyrightHolder":{"@id":"https:\/\/ubirataonline.com.br\/en\/#organization"}},{"@type":"WebPage","@id":"https:\/\/ubirataonline.com.br\/estudo-preve-fusao-de-96-cidades-insustentaveis-no-parana-confira-lista-2\/","url":"https:\/\/ubirataonline.com.br\/estudo-preve-fusao-de-96-cidades-insustentaveis-no-parana-confira-lista-2\/","name":"Estudo prev\u00ea fus\u00e3o de 96 cidades \u2018insustent\u00e1veis\u2019 no Paran\u00e1; confira lista - Ubirat\u00e3 Online Not\u00edcias - A realidade ao seu alcance!","isPartOf":{"@id":"https:\/\/ubirataonline.com.br\/#website"},"datePublished":"2019-04-10T17:44:43+00:00","dateModified":"2019-04-10T17:44:48+00:00","description":"A popula\u00e7\u00e3o seria muito melhor atendida pelos servi\u00e7os p\u00fablicos b\u00e1sicos se habitasse munic\u00edpios com uma base econ\u00f4mica mais diversificada e fontes s\u00f3lidas","breadcrumb":{"@id":"https:\/\/ubirataonline.com.br\/estudo-preve-fusao-de-96-cidades-insustentaveis-no-parana-confira-lista-2\/#breadcrumb"},"inLanguage":"en-US","potentialAction":[{"@type":"ReadAction","target":["https:\/\/ubirataonline.com.br\/estudo-preve-fusao-de-96-cidades-insustentaveis-no-parana-confira-lista-2\/"]}]},{"@type":"BreadcrumbList","@id":"https:\/\/ubirataonline.com.br\/estudo-preve-fusao-de-96-cidades-insustentaveis-no-parana-confira-lista-2\/#breadcrumb","itemListElement":[{"@type":"ListItem","position":1,"name":"In\u00edcio","item":"https:\/\/ubirataonline.com.br\/"},{"@type":"ListItem","position":2,"name":"Estudo prev\u00ea fus\u00e3o de 96 cidades \u2018insustent\u00e1veis\u2019 no Paran\u00e1; confira lista"}]},{"@type":"WebSite","@id":"https:\/\/ubirataonline.com.br\/#website","url":"https:\/\/ubirataonline.com.br\/","name":"Ubirat\u00e3 Online Not\u00edcias","description":"Not\u00edcias de Ubirat\u00e3, regi\u00e3o, Brasil e mundo, com informa\u00e7\u00e3o atualizada e compromisso com o leitor.","publisher":{"@id":"https:\/\/ubirataonline.com.br\/#organization"},"alternateName":"Ubirat\u00e3 Online","potentialAction":[{"@type":"SearchAction","target":{"@type":"EntryPoint","urlTemplate":"https:\/\/ubirataonline.com.br\/?s={search_term_string}"},"query-input":{"@type":"PropertyValueSpecification","valueRequired":true,"valueName":"search_term_string"}}],"inLanguage":"en-US"},{"@type":["Organization","Place"],"@id":"https:\/\/ubirataonline.com.br\/#organization","name":"Ubirat\u00e3 Online Not\u00edcias","alternateName":"Ubirat\u00e3 Online","url":"https:\/\/ubirataonline.com.br\/","logo":{"@id":"https:\/\/ubirataonline.com.br\/estudo-preve-fusao-de-96-cidades-insustentaveis-no-parana-confira-lista-2\/#local-main-organization-logo"},"image":{"@id":"https:\/\/ubirataonline.com.br\/estudo-preve-fusao-de-96-cidades-insustentaveis-no-parana-confira-lista-2\/#local-main-organization-logo"},"sameAs":["https:\/\/www.facebook.com\/portalubirataonline","https:\/\/x.com\/ubirataonline","https:\/\/mastodon.social\/@ubirataonline","https:\/\/www.facebook.com\/groups\/311144672285604","https:\/\/www.facebook.com\/UBTAOnline","https:\/\/www.instagram.com\/portalubirataonline\/","https:\/\/twitter.com\/ubirataonline"],"description":"Somos um portal de not\u00edcias independente, criado em 5 de janeiro de 2009, com o objetivo de informar, conectar e valorizar a nossa comunidade de Ubirat\u00e3 e toda aregi\u00e3o. Com conte\u00fado atualizado, confi\u00e1vel e relevante, o Ubirat\u00e3 Online \u00e9 o seu espa\u00e7o para ficar por dentro dos principais acontecimentos locais, regionais, Brasil, Mundo e de interesse geral. Nosso compromisso \u00e9 com a verdade, a transpar\u00eancia e o respeito ao leitor.","legalName":"UBIRATA ONLINE NOT\u00cdCIAS","foundingDate":"2009-01-05","numberOfEmployees":{"@type":"QuantitativeValue","minValue":"1","maxValue":"10"},"publishingPrinciples":"https:\/\/ubirataonline.com.br\/faq\/","address":{"@id":"https:\/\/ubirataonline.com.br\/estudo-preve-fusao-de-96-cidades-insustentaveis-no-parana-confira-lista-2\/#local-main-place-address"},"geo":{"@type":"GeoCoordinates","latitude":"-24.5361401","longitude":"-52.9921776"},"telephone":["+5544998308235"],"contactPoint":{"@type":"ContactPoint","email":"contato@ubirataonline.com.br"},"openingHoursSpecification":{"@type":"OpeningHoursSpecification","dayOfWeek":["Monday","Tuesday","Wednesday","Thursday","Friday","Saturday","Sunday"],"opens":"00:00","closes":"23:59"},"email":"contato@ubirataonline.com.br","vatID":"47.621.418\/0001-80"},{"@type":"Person","@id":"https:\/\/ubirataonline.com.br\/#\/schema\/person\/372f87bbd3fdd79b8556b84c98d0bc1c","name":"REDA\u00c7\u00c3O: UBIRAT\u00c3 ONLINE - F\u00c1BIO AUGUSTO CELESTINO","pronouns":"Ele","description":"Desde 2003 trabalhando com not\u00edcias.","sameAs":["http:\/\/ubirataoline.com.br","https:\/\/www.facebook.com\/portalubirataonline","https:\/\/www.instagram.com\/ubirataonline_oficial","https:\/\/x.com\/x.com\/ubirataonline"],"honorificPrefix":"Mr.","honorificSuffix":"MD","birthDate":"1980-06-16","gender":"masculino","award":["V\u00e1rios pr\u00eamios de melhor portal da cidade"],"jobTitle":"Diretor","url":"https:\/\/ubirataonline.com.br\/en\/author\/ubirataonline\/"},{"@type":"PostalAddress","@id":"https:\/\/ubirataonline.com.br\/estudo-preve-fusao-de-96-cidades-insustentaveis-no-parana-confira-lista-2\/#local-main-place-address","streetAddress":"Rua dos Coqueiros, 104 - Bairro Boa Vista, Rua dos Coqueiros, 104 Bairro Boa Vista","addressLocality":"UBIRATA","postalCode":"85440-000","addressRegion":"PR","addressCountry":"BR"},{"@type":"ImageObject","inLanguage":"en-US","@id":"https:\/\/ubirataonline.com.br\/estudo-preve-fusao-de-96-cidades-insustentaveis-no-parana-confira-lista-2\/#local-main-organization-logo","url":"https:\/\/ubirataonline.com.br\/wp-content\/uploads\/2026\/06\/logoubirataonline-1.webp","contentUrl":"https:\/\/ubirataonline.com.br\/wp-content\/uploads\/2026\/06\/logoubirataonline-1.webp","width":500,"height":500,"caption":"Ubirat\u00e3 Online Not\u00edcias"}]},"geo.placename":"UBIRATA","geo.position":{"lat":"-24.5361401","long":"-52.9921776"},"geo.region":"Brazil"},"_links":{"self":[{"href":"https:\/\/ubirataonline.com.br\/en\/wp-json\/wp\/v2\/posts\/20757","targetHints":{"allow":["GET"]}}],"collection":[{"href":"https:\/\/ubirataonline.com.br\/en\/wp-json\/wp\/v2\/posts"}],"about":[{"href":"https:\/\/ubirataonline.com.br\/en\/wp-json\/wp\/v2\/types\/post"}],"author":[{"embeddable":true,"href":"https:\/\/ubirataonline.com.br\/en\/wp-json\/wp\/v2\/users\/1"}],"replies":[{"embeddable":true,"href":"https:\/\/ubirataonline.com.br\/en\/wp-json\/wp\/v2\/comments?post=20757"}],"version-history":[{"count":0,"href":"https:\/\/ubirataonline.com.br\/en\/wp-json\/wp\/v2\/posts\/20757\/revisions"}],"wp:attachment":[{"href":"https:\/\/ubirataonline.com.br\/en\/wp-json\/wp\/v2\/media?parent=20757"}],"wp:term":[{"taxonomy":"category","embeddable":true,"href":"https:\/\/ubirataonline.com.br\/en\/wp-json\/wp\/v2\/categories?post=20757"},{"taxonomy":"post_tag","embeddable":true,"href":"https:\/\/ubirataonline.com.br\/en\/wp-json\/wp\/v2\/tags?post=20757"}],"curies":[{"name":"wp","href":"https:\/\/api.w.org\/{rel}","templated":true}]}}