{"id":21196,"date":"2019-04-22T10:56:13","date_gmt":"2019-04-22T13:56:13","guid":{"rendered":"https:\/\/ubirataonline.com.br\/?p=21196"},"modified":"2019-04-22T10:57:06","modified_gmt":"2019-04-22T13:57:06","slug":"ministerio-da-saude-abre-hoje-segunda-fase-da-vacinacao-contra-gripe","status":"publish","type":"post","link":"https:\/\/ubirataonline.com.br\/en\/ministerio-da-saude-abre-hoje-segunda-fase-da-vacinacao-contra-gripe\/","title":{"rendered":"Minist\u00e9rio da Sa\u00fade abre hoje segunda fase da vacina\u00e7\u00e3o contra gripe"},"content":{"rendered":"<p class=\"wp-block-paragraph\">\nA Campanha \nNacional de Vacina\u00e7\u00e3o contra a Gripe entra em nova etapa hoje (22) em \ntodo o pa\u00eds. A primeira fase, que teve in\u00edcio em 10 de abril, vacinou \ncrian\u00e7as, gestantes e pu\u00e9rperas. A partir da pr\u00f3xima segunda-feira (29),\n o Minist\u00e9rio da Sa\u00fade abrir\u00e1 ao restante do p\u00fablico-alvo.<br><br>\nA partir desta segunda, tamb\u00e9m podem receber a vacina trabalhadores da \nsa\u00fade, povos ind\u00edgenas, idosos, professores de escolas p\u00fablicas e \nprivadas, pessoas com comorbidades e outras condi\u00e7\u00f5es cl\u00ednicas \nespeciais, adolescentes e jovens de 12 a 21 anos sob medidas \nsocioeducativas, funcion\u00e1rios do sistema prisional e pessoas privadas de\n liberdade.<br><br>\nDe acordo com o minist\u00e9rio, 41,8 mil postos de vacina\u00e7\u00e3o est\u00e3o \u00e0 \ndisposi\u00e7\u00e3o da popula\u00e7\u00e3o. Al\u00e9m disso, 196,5 mil profissionais est\u00e3o \nenvolvidos, com a utiliza\u00e7\u00e3o de 21,5 mil ve\u00edculos terrestres, mar\u00edtimos e\n fluviais.<br><br>\nA doen\u00e7a<br><br>\nA influenza \u00e9 uma doen\u00e7a sazonal, mais comum no inverno, que causa \nepidemias anuais, sendo que h\u00e1 anos com maior ou menor intensidade de \ncircula\u00e7\u00e3o desse tipo de v\u00edrus e, consequentemente, maior ou menor \nn\u00famero de casos e mortes.<br><br>\nNo Brasil, devido a diferen\u00e7as clim\u00e1ticas e geogr\u00e1ficas, podem ocorrer \ndiferentes intensidades de sazonalidade da influenza e em diferentes \nper\u00edodos nas unidades federadas. No caso espec\u00edfico do Amazonas, a \ncircula\u00e7\u00e3o, de acordo com o minist\u00e9rio, segue o per\u00edodo sazonal da \ndoen\u00e7a potencializado pelas chuvas e enchentes e consequente aglomera\u00e7\u00e3o\n de pessoas.<br><br>\nAt\u00e9 o fim de mar\u00e7o, antes do lan\u00e7amento da campanha, foram registrados \n255 casos de influenza em todo o pa\u00eds, com 55 mortes. At\u00e9 o momento, o \nsubtipo predominante no pa\u00eds \u00e9 influenza A H1N1, com 162 casos e 41 \n\u00f3bitos. O Amazonas foi o estado com mais casos registrados: 118 casos e \n33 mortes. Por isso, a campanha foi antecipada no estado.\t\t\t\t\n\t\t\t\t\n\t\t\t\t\n\t\t\t\t\n\t\t\t\t\t\t\t\t\t\t\t\t\t\t\t\t\t\t\t\n\t\t\t\n\t\t\t\n\t\t\t\n\t\t\t\n\t\t\t\t\t\t\t\t\t<\/p>\n\n\n\n<p class=\"wp-block-paragraph\">\n\t\t\t\t<strong>Ag\u00eancia Brasil <\/strong>\n\t\t\t<\/p>","protected":false},"excerpt":{"rendered":"<p>A Campanha Nacional de Vacina\u00e7\u00e3o contra a Gripe entra em nova etapa hoje (22) em todo o pa\u00eds. A primeira fase, que teve in\u00edcio em 10 de abril, vacinou crian\u00e7as, gestantes e pu\u00e9rperas. A partir da pr\u00f3xima segunda-feira (29), o Minist\u00e9rio da Sa\u00fade abrir\u00e1 ao restante do p\u00fablico-alvo. A partir desta segunda, tamb\u00e9m podem receber [&hellip;]<\/p>\n","protected":false},"author":2,"featured_media":0,"comment_status":"closed","ping_status":"closed","sticky":false,"template":"","format":"standard","meta":{"googlesitekit_rrm_CAow2JLhCw:productID":"","_gspb_post_css":"","maa_idioma":"","maa_pais":"","footnotes":""},"categories":[30],"tags":[],"class_list":["post-21196","post","type-post","status-publish","format-standard","hentry","category-saude"],"blocksy_meta":[],"yoast_head":"<!-- This site is optimized with the Yoast SEO Premium plugin v27.6 (Yoast SEO v27.6) - https:\/\/yoast.com\/product\/yoast-seo-premium-wordpress\/ -->\n<title>Minist\u00e9rio da Sa\u00fade abre hoje segunda fase da vacina\u00e7\u00e3o contra gripe - Ubirat\u00e3 Online Not\u00edcias - A realidade ao seu alcance!<\/title>\n<meta name=\"description\" content=\"A Campanha Nacional de Vacina\u00e7\u00e3o contra a Gripe entra em nova etapa hoje (22) em todo o pa\u00eds. A primeira fase, que teve in\u00edcio em 10 de abril, vacinou\" \/>\n<meta name=\"robots\" content=\"index, follow, max-snippet:-1, max-image-preview:large, max-video-preview:-1\" \/>\n<link rel=\"canonical\" href=\"https:\/\/ubirataonline.com.br\/en\/ministerio-da-saude-abre-hoje-segunda-fase-da-vacinacao-contra-gripe\/\" \/>\n<meta property=\"og:locale\" content=\"en_US\" \/>\n<meta property=\"og:type\" content=\"article\" \/>\n<meta property=\"og:title\" content=\"Minist\u00e9rio da Sa\u00fade abre hoje segunda fase da vacina\u00e7\u00e3o contra gripe\" \/>\n<meta property=\"og:description\" content=\"A Campanha Nacional de Vacina\u00e7\u00e3o contra a Gripe entra em nova etapa hoje (22) em todo o pa\u00eds. A primeira fase, que teve in\u00edcio em 10 de abril, vacinou\" \/>\n<meta property=\"og:url\" content=\"https:\/\/ubirataonline.com.br\/en\/ministerio-da-saude-abre-hoje-segunda-fase-da-vacinacao-contra-gripe\/\" \/>\n<meta property=\"og:site_name\" content=\"Ubirat\u00e3 Online Not\u00edcias - A realidade ao seu alcance!\" \/>\n<meta property=\"article:publisher\" content=\"https:\/\/www.facebook.com\/portalubirataonline\" \/>\n<meta property=\"article:published_time\" content=\"2019-04-22T13:56:13+00:00\" \/>\n<meta property=\"article:modified_time\" content=\"2019-04-22T13:57:06+00:00\" \/>\n<meta property=\"og:image\" content=\"https:\/\/ubirataonline.com.br\/wp-content\/uploads\/2026\/05\/logo2026.webp\" \/>\n\t<meta property=\"og:image:width\" content=\"1531\" \/>\n\t<meta property=\"og:image:height\" content=\"418\" \/>\n\t<meta property=\"og:image:type\" content=\"image\/webp\" \/>\n<meta name=\"author\" content=\"Vampeta\" \/>\n<meta name=\"twitter:card\" content=\"summary_large_image\" \/>\n<meta name=\"twitter:creator\" content=\"@ubirataonline\" \/>\n<meta name=\"twitter:site\" content=\"@ubirataonline\" \/>\n<meta name=\"twitter:label1\" content=\"Written by\" \/>\n\t<meta name=\"twitter:data1\" content=\"Vampeta\" \/>\n\t<meta name=\"twitter:label2\" content=\"Est. reading time\" \/>\n\t<meta name=\"twitter:data2\" content=\"2 minutes\" \/>\n<script type=\"application\/ld+json\" class=\"yoast-schema-graph\">{\"@context\":\"https:\\\/\\\/schema.org\",\"@graph\":[{\"@type\":\"NewsArticle\",\"@id\":\"https:\\\/\\\/ubirataonline.com.br\\\/ministerio-da-saude-abre-hoje-segunda-fase-da-vacinacao-contra-gripe\\\/#article\",\"isPartOf\":{\"@id\":\"https:\\\/\\\/ubirataonline.com.br\\\/ministerio-da-saude-abre-hoje-segunda-fase-da-vacinacao-contra-gripe\\\/\"},\"author\":{\"name\":\"Vampeta\",\"@id\":\"https:\\\/\\\/ubirataonline.com.br\\\/#\\\/schema\\\/person\\\/09f7a474bd1834b50dea8d1c197e976f\"},\"headline\":\"Minist\u00e9rio da Sa\u00fade abre hoje segunda fase da vacina\u00e7\u00e3o contra gripe\",\"datePublished\":\"2019-04-22T13:56:13+00:00\",\"dateModified\":\"2019-04-22T13:57:06+00:00\",\"mainEntityOfPage\":{\"@id\":\"https:\\\/\\\/ubirataonline.com.br\\\/ministerio-da-saude-abre-hoje-segunda-fase-da-vacinacao-contra-gripe\\\/\"},\"wordCount\":331,\"publisher\":{\"@id\":\"https:\\\/\\\/ubirataonline.com.br\\\/#organization\"},\"articleSection\":[\"Sa\u00fade\"],\"inLanguage\":\"en-US\",\"copyrightYear\":\"2019\",\"copyrightHolder\":{\"@id\":\"https:\\\/\\\/ubirataonline.com.br\\\/en\\\/#organization\"}},{\"@type\":\"WebPage\",\"@id\":\"https:\\\/\\\/ubirataonline.com.br\\\/ministerio-da-saude-abre-hoje-segunda-fase-da-vacinacao-contra-gripe\\\/\",\"url\":\"https:\\\/\\\/ubirataonline.com.br\\\/ministerio-da-saude-abre-hoje-segunda-fase-da-vacinacao-contra-gripe\\\/\",\"name\":\"Minist\u00e9rio da Sa\u00fade abre hoje segunda fase da vacina\u00e7\u00e3o contra gripe - Ubirat\u00e3 Online Not\u00edcias - A realidade ao seu alcance!\",\"isPartOf\":{\"@id\":\"https:\\\/\\\/ubirataonline.com.br\\\/#website\"},\"datePublished\":\"2019-04-22T13:56:13+00:00\",\"dateModified\":\"2019-04-22T13:57:06+00:00\",\"description\":\"A Campanha Nacional de Vacina\u00e7\u00e3o contra a Gripe entra em nova etapa hoje (22) em todo o pa\u00eds. A primeira fase, que teve in\u00edcio em 10 de abril, vacinou\",\"breadcrumb\":{\"@id\":\"https:\\\/\\\/ubirataonline.com.br\\\/ministerio-da-saude-abre-hoje-segunda-fase-da-vacinacao-contra-gripe\\\/#breadcrumb\"},\"inLanguage\":\"en-US\",\"potentialAction\":[{\"@type\":\"ReadAction\",\"target\":[\"https:\\\/\\\/ubirataonline.com.br\\\/ministerio-da-saude-abre-hoje-segunda-fase-da-vacinacao-contra-gripe\\\/\"]}]},{\"@type\":\"BreadcrumbList\",\"@id\":\"https:\\\/\\\/ubirataonline.com.br\\\/ministerio-da-saude-abre-hoje-segunda-fase-da-vacinacao-contra-gripe\\\/#breadcrumb\",\"itemListElement\":[{\"@type\":\"ListItem\",\"position\":1,\"name\":\"In\u00edcio\",\"item\":\"https:\\\/\\\/ubirataonline.com.br\\\/\"},{\"@type\":\"ListItem\",\"position\":2,\"name\":\"Minist\u00e9rio da Sa\u00fade abre hoje segunda fase da vacina\u00e7\u00e3o contra gripe\"}]},{\"@type\":\"WebSite\",\"@id\":\"https:\\\/\\\/ubirataonline.com.br\\\/#website\",\"url\":\"https:\\\/\\\/ubirataonline.com.br\\\/\",\"name\":\"Ubirat\u00e3 Online Not\u00edcias\",\"description\":\"Not\u00edcias de Ubirat\u00e3, regi\u00e3o, Brasil e mundo, com informa\u00e7\u00e3o atualizada e compromisso com o leitor.\",\"publisher\":{\"@id\":\"https:\\\/\\\/ubirataonline.com.br\\\/#organization\"},\"alternateName\":\"Ubirat\u00e3 Online\",\"potentialAction\":[{\"@type\":\"SearchAction\",\"target\":{\"@type\":\"EntryPoint\",\"urlTemplate\":\"https:\\\/\\\/ubirataonline.com.br\\\/?s={search_term_string}\"},\"query-input\":{\"@type\":\"PropertyValueSpecification\",\"valueRequired\":true,\"valueName\":\"search_term_string\"}}],\"inLanguage\":\"en-US\"},{\"@type\":[\"Organization\",\"Place\"],\"@id\":\"https:\\\/\\\/ubirataonline.com.br\\\/#organization\",\"name\":\"Ubirat\u00e3 Online Not\u00edcias\",\"alternateName\":\"Ubirat\u00e3 Online\",\"url\":\"https:\\\/\\\/ubirataonline.com.br\\\/\",\"logo\":{\"@id\":\"https:\\\/\\\/ubirataonline.com.br\\\/ministerio-da-saude-abre-hoje-segunda-fase-da-vacinacao-contra-gripe\\\/#local-main-organization-logo\"},\"image\":{\"@id\":\"https:\\\/\\\/ubirataonline.com.br\\\/ministerio-da-saude-abre-hoje-segunda-fase-da-vacinacao-contra-gripe\\\/#local-main-organization-logo\"},\"sameAs\":[\"https:\\\/\\\/www.facebook.com\\\/portalubirataonline\",\"https:\\\/\\\/x.com\\\/ubirataonline\",\"https:\\\/\\\/mastodon.social\\\/@ubirataonline\",\"https:\\\/\\\/www.facebook.com\\\/groups\\\/311144672285604\",\"https:\\\/\\\/www.facebook.com\\\/UBTAOnline\",\"https:\\\/\\\/www.instagram.com\\\/portalubirataonline\\\/\",\"https:\\\/\\\/twitter.com\\\/ubirataonline\"],\"description\":\"Somos um portal de not\u00edcias independente, criado em 5 de janeiro de 2009, com o objetivo de informar, conectar e valorizar a nossa comunidade de Ubirat\u00e3 e toda aregi\u00e3o. Com conte\u00fado atualizado, confi\u00e1vel e relevante, o Ubirat\u00e3 Online \u00e9 o seu espa\u00e7o para ficar por dentro dos principais acontecimentos locais, regionais, Brasil, Mundo e de interesse geral. Nosso compromisso \u00e9 com a verdade, a transpar\u00eancia e o respeito ao leitor.\",\"legalName\":\"UBIRATA ONLINE NOT\u00cdCIAS\",\"foundingDate\":\"2009-01-05\",\"numberOfEmployees\":{\"@type\":\"QuantitativeValue\",\"minValue\":\"1\",\"maxValue\":\"10\"},\"publishingPrinciples\":\"https:\\\/\\\/ubirataonline.com.br\\\/faq\\\/\",\"address\":{\"@id\":\"https:\\\/\\\/ubirataonline.com.br\\\/ministerio-da-saude-abre-hoje-segunda-fase-da-vacinacao-contra-gripe\\\/#local-main-place-address\"},\"geo\":{\"@type\":\"GeoCoordinates\",\"latitude\":\"-24.5361401\",\"longitude\":\"-52.9921776\"},\"telephone\":[\"+5544998308235\"],\"contactPoint\":{\"@type\":\"ContactPoint\",\"email\":\"contato@ubirataonline.com.br\"},\"openingHoursSpecification\":{\"@type\":\"OpeningHoursSpecification\",\"dayOfWeek\":[\"Monday\",\"Tuesday\",\"Wednesday\",\"Thursday\",\"Friday\",\"Saturday\",\"Sunday\"],\"opens\":\"00:00\",\"closes\":\"23:59\"},\"email\":\"contato@ubirataonline.com.br\",\"vatID\":\"47.621.418\\\/0001-80\"},{\"@type\":\"Person\",\"@id\":\"https:\\\/\\\/ubirataonline.com.br\\\/#\\\/schema\\\/person\\\/09f7a474bd1834b50dea8d1c197e976f\",\"name\":\"Vampeta\",\"sameAs\":[\"https:\\\/\\\/ubirataonline.com.br\"],\"url\":\"https:\\\/\\\/ubirataonline.com.br\\\/en\\\/author\\\/vampeta\\\/\"},{\"@type\":\"PostalAddress\",\"@id\":\"https:\\\/\\\/ubirataonline.com.br\\\/ministerio-da-saude-abre-hoje-segunda-fase-da-vacinacao-contra-gripe\\\/#local-main-place-address\",\"streetAddress\":\"Rua dos Coqueiros, 104 - Bairro Boa Vista, Rua dos Coqueiros, 104 Bairro Boa Vista\",\"addressLocality\":\"UBIRATA\",\"postalCode\":\"85440-000\",\"addressRegion\":\"PR\",\"addressCountry\":\"BR\"},{\"@type\":\"ImageObject\",\"inLanguage\":\"en-US\",\"@id\":\"https:\\\/\\\/ubirataonline.com.br\\\/ministerio-da-saude-abre-hoje-segunda-fase-da-vacinacao-contra-gripe\\\/#local-main-organization-logo\",\"url\":\"https:\\\/\\\/ubirataonline.com.br\\\/wp-content\\\/uploads\\\/2026\\\/06\\\/logoubirataonline-1.webp\",\"contentUrl\":\"https:\\\/\\\/ubirataonline.com.br\\\/wp-content\\\/uploads\\\/2026\\\/06\\\/logoubirataonline-1.webp\",\"width\":500,\"height\":500,\"caption\":\"Ubirat\u00e3 Online Not\u00edcias\"}]}<\/script>\n<meta name=\"geo.placename\" content=\"UBIRATA\" \/>\n<meta name=\"geo.position\" content=\"-24.5361401;-52.9921776\" \/>\n<meta name=\"geo.region\" content=\"Brazil\" \/>\n<!-- \/ Yoast SEO Premium plugin. -->","yoast_head_json":{"title":"Minist\u00e9rio da Sa\u00fade abre hoje segunda fase da vacina\u00e7\u00e3o contra gripe - Ubirat\u00e3 Online Not\u00edcias - A realidade ao seu alcance!","description":"A Campanha Nacional de Vacina\u00e7\u00e3o contra a Gripe entra em nova etapa hoje (22) em todo o pa\u00eds. A primeira fase, que teve in\u00edcio em 10 de abril, vacinou","robots":{"index":"index","follow":"follow","max-snippet":"max-snippet:-1","max-image-preview":"max-image-preview:large","max-video-preview":"max-video-preview:-1"},"canonical":"https:\/\/ubirataonline.com.br\/en\/ministerio-da-saude-abre-hoje-segunda-fase-da-vacinacao-contra-gripe\/","og_locale":"en_US","og_type":"article","og_title":"Minist\u00e9rio da Sa\u00fade abre hoje segunda fase da vacina\u00e7\u00e3o contra gripe","og_description":"A Campanha Nacional de Vacina\u00e7\u00e3o contra a Gripe entra em nova etapa hoje (22) em todo o pa\u00eds. A primeira fase, que teve in\u00edcio em 10 de abril, vacinou","og_url":"https:\/\/ubirataonline.com.br\/en\/ministerio-da-saude-abre-hoje-segunda-fase-da-vacinacao-contra-gripe\/","og_site_name":"Ubirat\u00e3 Online Not\u00edcias - A realidade ao seu alcance!","article_publisher":"https:\/\/www.facebook.com\/portalubirataonline","article_published_time":"2019-04-22T13:56:13+00:00","article_modified_time":"2019-04-22T13:57:06+00:00","og_image":[{"width":1531,"height":418,"url":"https:\/\/ubirataonline.com.br\/wp-content\/uploads\/2026\/05\/logo2026.webp","type":"image\/webp"}],"author":"Vampeta","twitter_card":"summary_large_image","twitter_creator":"@ubirataonline","twitter_site":"@ubirataonline","twitter_misc":{"Written by":"Vampeta","Est. reading time":"2 minutes"},"schema":{"@context":"https:\/\/schema.org","@graph":[{"@type":"NewsArticle","@id":"https:\/\/ubirataonline.com.br\/ministerio-da-saude-abre-hoje-segunda-fase-da-vacinacao-contra-gripe\/#article","isPartOf":{"@id":"https:\/\/ubirataonline.com.br\/ministerio-da-saude-abre-hoje-segunda-fase-da-vacinacao-contra-gripe\/"},"author":{"name":"Vampeta","@id":"https:\/\/ubirataonline.com.br\/#\/schema\/person\/09f7a474bd1834b50dea8d1c197e976f"},"headline":"Minist\u00e9rio da Sa\u00fade abre hoje segunda fase da vacina\u00e7\u00e3o contra gripe","datePublished":"2019-04-22T13:56:13+00:00","dateModified":"2019-04-22T13:57:06+00:00","mainEntityOfPage":{"@id":"https:\/\/ubirataonline.com.br\/ministerio-da-saude-abre-hoje-segunda-fase-da-vacinacao-contra-gripe\/"},"wordCount":331,"publisher":{"@id":"https:\/\/ubirataonline.com.br\/#organization"},"articleSection":["Sa\u00fade"],"inLanguage":"en-US","copyrightYear":"2019","copyrightHolder":{"@id":"https:\/\/ubirataonline.com.br\/en\/#organization"}},{"@type":"WebPage","@id":"https:\/\/ubirataonline.com.br\/ministerio-da-saude-abre-hoje-segunda-fase-da-vacinacao-contra-gripe\/","url":"https:\/\/ubirataonline.com.br\/ministerio-da-saude-abre-hoje-segunda-fase-da-vacinacao-contra-gripe\/","name":"Minist\u00e9rio da Sa\u00fade abre hoje segunda fase da vacina\u00e7\u00e3o contra gripe - Ubirat\u00e3 Online Not\u00edcias - A realidade ao seu alcance!","isPartOf":{"@id":"https:\/\/ubirataonline.com.br\/#website"},"datePublished":"2019-04-22T13:56:13+00:00","dateModified":"2019-04-22T13:57:06+00:00","description":"A Campanha Nacional de Vacina\u00e7\u00e3o contra a Gripe entra em nova etapa hoje (22) em todo o pa\u00eds. A primeira fase, que teve in\u00edcio em 10 de abril, vacinou","breadcrumb":{"@id":"https:\/\/ubirataonline.com.br\/ministerio-da-saude-abre-hoje-segunda-fase-da-vacinacao-contra-gripe\/#breadcrumb"},"inLanguage":"en-US","potentialAction":[{"@type":"ReadAction","target":["https:\/\/ubirataonline.com.br\/ministerio-da-saude-abre-hoje-segunda-fase-da-vacinacao-contra-gripe\/"]}]},{"@type":"BreadcrumbList","@id":"https:\/\/ubirataonline.com.br\/ministerio-da-saude-abre-hoje-segunda-fase-da-vacinacao-contra-gripe\/#breadcrumb","itemListElement":[{"@type":"ListItem","position":1,"name":"In\u00edcio","item":"https:\/\/ubirataonline.com.br\/"},{"@type":"ListItem","position":2,"name":"Minist\u00e9rio da Sa\u00fade abre hoje segunda fase da vacina\u00e7\u00e3o contra gripe"}]},{"@type":"WebSite","@id":"https:\/\/ubirataonline.com.br\/#website","url":"https:\/\/ubirataonline.com.br\/","name":"Ubirat\u00e3 Online Not\u00edcias","description":"Not\u00edcias de Ubirat\u00e3, regi\u00e3o, Brasil e mundo, com informa\u00e7\u00e3o atualizada e compromisso com o leitor.","publisher":{"@id":"https:\/\/ubirataonline.com.br\/#organization"},"alternateName":"Ubirat\u00e3 Online","potentialAction":[{"@type":"SearchAction","target":{"@type":"EntryPoint","urlTemplate":"https:\/\/ubirataonline.com.br\/?s={search_term_string}"},"query-input":{"@type":"PropertyValueSpecification","valueRequired":true,"valueName":"search_term_string"}}],"inLanguage":"en-US"},{"@type":["Organization","Place"],"@id":"https:\/\/ubirataonline.com.br\/#organization","name":"Ubirat\u00e3 Online Not\u00edcias","alternateName":"Ubirat\u00e3 Online","url":"https:\/\/ubirataonline.com.br\/","logo":{"@id":"https:\/\/ubirataonline.com.br\/ministerio-da-saude-abre-hoje-segunda-fase-da-vacinacao-contra-gripe\/#local-main-organization-logo"},"image":{"@id":"https:\/\/ubirataonline.com.br\/ministerio-da-saude-abre-hoje-segunda-fase-da-vacinacao-contra-gripe\/#local-main-organization-logo"},"sameAs":["https:\/\/www.facebook.com\/portalubirataonline","https:\/\/x.com\/ubirataonline","https:\/\/mastodon.social\/@ubirataonline","https:\/\/www.facebook.com\/groups\/311144672285604","https:\/\/www.facebook.com\/UBTAOnline","https:\/\/www.instagram.com\/portalubirataonline\/","https:\/\/twitter.com\/ubirataonline"],"description":"Somos um portal de not\u00edcias independente, criado em 5 de janeiro de 2009, com o objetivo de informar, conectar e valorizar a nossa comunidade de Ubirat\u00e3 e toda aregi\u00e3o. Com conte\u00fado atualizado, confi\u00e1vel e relevante, o Ubirat\u00e3 Online \u00e9 o seu espa\u00e7o para ficar por dentro dos principais acontecimentos locais, regionais, Brasil, Mundo e de interesse geral. Nosso compromisso \u00e9 com a verdade, a transpar\u00eancia e o respeito ao leitor.","legalName":"UBIRATA ONLINE NOT\u00cdCIAS","foundingDate":"2009-01-05","numberOfEmployees":{"@type":"QuantitativeValue","minValue":"1","maxValue":"10"},"publishingPrinciples":"https:\/\/ubirataonline.com.br\/faq\/","address":{"@id":"https:\/\/ubirataonline.com.br\/ministerio-da-saude-abre-hoje-segunda-fase-da-vacinacao-contra-gripe\/#local-main-place-address"},"geo":{"@type":"GeoCoordinates","latitude":"-24.5361401","longitude":"-52.9921776"},"telephone":["+5544998308235"],"contactPoint":{"@type":"ContactPoint","email":"contato@ubirataonline.com.br"},"openingHoursSpecification":{"@type":"OpeningHoursSpecification","dayOfWeek":["Monday","Tuesday","Wednesday","Thursday","Friday","Saturday","Sunday"],"opens":"00:00","closes":"23:59"},"email":"contato@ubirataonline.com.br","vatID":"47.621.418\/0001-80"},{"@type":"Person","@id":"https:\/\/ubirataonline.com.br\/#\/schema\/person\/09f7a474bd1834b50dea8d1c197e976f","name":"Vampeta","sameAs":["https:\/\/ubirataonline.com.br"],"url":"https:\/\/ubirataonline.com.br\/en\/author\/vampeta\/"},{"@type":"PostalAddress","@id":"https:\/\/ubirataonline.com.br\/ministerio-da-saude-abre-hoje-segunda-fase-da-vacinacao-contra-gripe\/#local-main-place-address","streetAddress":"Rua dos Coqueiros, 104 - Bairro Boa Vista, Rua dos Coqueiros, 104 Bairro Boa Vista","addressLocality":"UBIRATA","postalCode":"85440-000","addressRegion":"PR","addressCountry":"BR"},{"@type":"ImageObject","inLanguage":"en-US","@id":"https:\/\/ubirataonline.com.br\/ministerio-da-saude-abre-hoje-segunda-fase-da-vacinacao-contra-gripe\/#local-main-organization-logo","url":"https:\/\/ubirataonline.com.br\/wp-content\/uploads\/2026\/06\/logoubirataonline-1.webp","contentUrl":"https:\/\/ubirataonline.com.br\/wp-content\/uploads\/2026\/06\/logoubirataonline-1.webp","width":500,"height":500,"caption":"Ubirat\u00e3 Online Not\u00edcias"}]},"geo.placename":"UBIRATA","geo.position":{"lat":"-24.5361401","long":"-52.9921776"},"geo.region":"Brazil"},"_links":{"self":[{"href":"https:\/\/ubirataonline.com.br\/en\/wp-json\/wp\/v2\/posts\/21196","targetHints":{"allow":["GET"]}}],"collection":[{"href":"https:\/\/ubirataonline.com.br\/en\/wp-json\/wp\/v2\/posts"}],"about":[{"href":"https:\/\/ubirataonline.com.br\/en\/wp-json\/wp\/v2\/types\/post"}],"author":[{"embeddable":true,"href":"https:\/\/ubirataonline.com.br\/en\/wp-json\/wp\/v2\/users\/2"}],"replies":[{"embeddable":true,"href":"https:\/\/ubirataonline.com.br\/en\/wp-json\/wp\/v2\/comments?post=21196"}],"version-history":[{"count":0,"href":"https:\/\/ubirataonline.com.br\/en\/wp-json\/wp\/v2\/posts\/21196\/revisions"}],"wp:attachment":[{"href":"https:\/\/ubirataonline.com.br\/en\/wp-json\/wp\/v2\/media?parent=21196"}],"wp:term":[{"taxonomy":"category","embeddable":true,"href":"https:\/\/ubirataonline.com.br\/en\/wp-json\/wp\/v2\/categories?post=21196"},{"taxonomy":"post_tag","embeddable":true,"href":"https:\/\/ubirataonline.com.br\/en\/wp-json\/wp\/v2\/tags?post=21196"}],"curies":[{"name":"wp","href":"https:\/\/api.w.org\/{rel}","templated":true}]}}