{"id":21346,"date":"2019-04-25T09:32:09","date_gmt":"2019-04-25T12:32:09","guid":{"rendered":"https:\/\/ubirataonline.com.br\/?p=21346"},"modified":"2019-04-25T09:32:16","modified_gmt":"2019-04-25T12:32:16","slug":"acoes-desenvolvidas-em-ubirata-sao-reconhecidas-no-10o-premio-sebrae-prefeito-empreendedor","status":"publish","type":"post","link":"https:\/\/ubirataonline.com.br\/en\/acoes-desenvolvidas-em-ubirata-sao-reconhecidas-no-10o-premio-sebrae-prefeito-empreendedor\/","title":{"rendered":"A\u00e7\u00f5es desenvolvidas em Ubirat\u00e3 s\u00e3o reconhecidas no 10\u00ba Pr\u00eamio Sebrae Prefeito Empreendedor"},"content":{"rendered":"<figure class=\"wp-block-image\"><img decoding=\"async\" src=\"https:\/\/ubirataonline.com.br\/wp-content\/uploads\/2019\/04\/premio1.jpg\" alt=\"\" class=\"wp-image-21347\"\/><\/figure>\n\n\n\n<p class=\"wp-block-paragraph\"> Realizada em Curitiba no dia 22 de abril, a entrega do 10\u00ba Pr\u00eamio Sebrae Prefeito Empreendedor, etapa estadual, reuniu lideran\u00e7as de todo o Paran\u00e1 para um dos mais concorridos e importantes eventos de reconhecimento do trabalho realizado por gestores p\u00fablicos em favor das comunidades onde vivem. Iniciativas desenvolvidas em Ubirat\u00e3 atrav\u00e9s do Programa Campo F\u00e1cil renderam ao prefeito Haroldo Fernandes Duarte \u2013 Baco o reconhecimento como gestor empreendedor com o projeto de desenvolvimento e estrutura\u00e7\u00e3o da agroind\u00fastria local. O prefeito Baco recebeu a certifica\u00e7\u00e3o acompanhado do secret\u00e1rio de Desenvolvimento Econ\u00f4mico, Antonio Hideraldo Magron. A primeira-dama e secret\u00e1ria da Assist\u00eancia Social, Eliane Omori Duarte \u2013 Makie tamb\u00e9m prestigiou o evento. <\/p>","protected":false},"excerpt":{"rendered":"<p>Realizada em Curitiba no dia 22 de abril, a entrega do 10\u00ba Pr\u00eamio Sebrae Prefeito Empreendedor, etapa estadual, reuniu lideran\u00e7as de todo o Paran\u00e1 para um dos mais concorridos e importantes eventos de reconhecimento do trabalho realizado por gestores p\u00fablicos em favor das comunidades onde vivem. Iniciativas desenvolvidas em Ubirat\u00e3 atrav\u00e9s do Programa Campo F\u00e1cil [&hellip;]<\/p>\n","protected":false},"author":1,"featured_media":0,"comment_status":"closed","ping_status":"closed","sticky":false,"template":"","format":"standard","meta":{"googlesitekit_rrm_CAow2JLhCw:productID":"","_gspb_post_css":"","maa_idioma":"","maa_pais":"","footnotes":""},"categories":[1],"tags":[],"class_list":["post-21346","post","type-post","status-publish","format-standard","hentry","category-ubirata"],"blocksy_meta":[],"yoast_head":"<!-- This site is optimized with the Yoast SEO Premium plugin v27.6 (Yoast SEO v27.6) - https:\/\/yoast.com\/product\/yoast-seo-premium-wordpress\/ -->\n<title>A\u00e7\u00f5es desenvolvidas em Ubirat\u00e3 s\u00e3o reconhecidas no 10\u00ba Pr\u00eamio Sebrae Prefeito Empreendedor - Ubirat\u00e3 Online Not\u00edcias - A realidade ao seu alcance!<\/title>\n<meta name=\"description\" content=\"Realizada em Curitiba no dia 22 de abril, a entrega do 10\u00ba Pr\u00eamio Sebrae Prefeito Empreendedor, etapa estadual, reuniu lideran\u00e7as de todo o Paran\u00e1 para um\" \/>\n<meta name=\"robots\" content=\"index, follow, max-snippet:-1, max-image-preview:large, max-video-preview:-1\" \/>\n<link rel=\"canonical\" href=\"https:\/\/ubirataonline.com.br\/en\/acoes-desenvolvidas-em-ubirata-sao-reconhecidas-no-10o-premio-sebrae-prefeito-empreendedor\/\" \/>\n<meta property=\"og:locale\" content=\"en_US\" \/>\n<meta property=\"og:type\" content=\"article\" \/>\n<meta property=\"og:title\" content=\"A\u00e7\u00f5es desenvolvidas em Ubirat\u00e3 s\u00e3o reconhecidas no 10\u00ba Pr\u00eamio Sebrae Prefeito Empreendedor\" \/>\n<meta property=\"og:description\" content=\"Realizada em Curitiba no dia 22 de abril, a entrega do 10\u00ba Pr\u00eamio Sebrae Prefeito Empreendedor, etapa estadual, reuniu lideran\u00e7as de todo o Paran\u00e1 para um\" \/>\n<meta property=\"og:url\" content=\"https:\/\/ubirataonline.com.br\/en\/acoes-desenvolvidas-em-ubirata-sao-reconhecidas-no-10o-premio-sebrae-prefeito-empreendedor\/\" \/>\n<meta property=\"og:site_name\" content=\"Ubirat\u00e3 Online Not\u00edcias - A realidade ao seu alcance!\" \/>\n<meta property=\"article:publisher\" content=\"https:\/\/www.facebook.com\/portalubirataonline\" \/>\n<meta property=\"article:author\" content=\"https:\/\/www.facebook.com\/portalubirataonline\" \/>\n<meta property=\"article:published_time\" content=\"2019-04-25T12:32:09+00:00\" \/>\n<meta property=\"article:modified_time\" content=\"2019-04-25T12:32:16+00:00\" \/>\n<meta property=\"og:image\" content=\"https:\/\/ubirataonline.com.br\/wp-content\/uploads\/2019\/04\/premio1.jpg\" \/>\n<meta name=\"author\" content=\"REDA\u00c7\u00c3O: UBIRAT\u00c3 ONLINE - F\u00c1BIO AUGUSTO CELESTINO\" \/>\n<meta name=\"twitter:card\" content=\"summary_large_image\" \/>\n<meta name=\"twitter:creator\" content=\"@x.com\/ubirataonline\" \/>\n<meta name=\"twitter:site\" content=\"@ubirataonline\" \/>\n<meta name=\"twitter:label1\" content=\"Written by\" \/>\n\t<meta name=\"twitter:data1\" content=\"REDA\u00c7\u00c3O: UBIRAT\u00c3 ONLINE - F\u00c1BIO AUGUSTO CELESTINO\" \/>\n\t<meta name=\"twitter:label2\" content=\"Est. reading time\" \/>\n\t<meta name=\"twitter:data2\" content=\"1 minute\" \/>\n<script type=\"application\/ld+json\" class=\"yoast-schema-graph\">{\"@context\":\"https:\\\/\\\/schema.org\",\"@graph\":[{\"@type\":\"NewsArticle\",\"@id\":\"https:\\\/\\\/ubirataonline.com.br\\\/acoes-desenvolvidas-em-ubirata-sao-reconhecidas-no-10o-premio-sebrae-prefeito-empreendedor\\\/#article\",\"isPartOf\":{\"@id\":\"https:\\\/\\\/ubirataonline.com.br\\\/acoes-desenvolvidas-em-ubirata-sao-reconhecidas-no-10o-premio-sebrae-prefeito-empreendedor\\\/\"},\"author\":{\"name\":\"REDA\u00c7\u00c3O: UBIRAT\u00c3 ONLINE - F\u00c1BIO AUGUSTO CELESTINO\",\"@id\":\"https:\\\/\\\/ubirataonline.com.br\\\/#\\\/schema\\\/person\\\/372f87bbd3fdd79b8556b84c98d0bc1c\"},\"headline\":\"A\u00e7\u00f5es desenvolvidas em Ubirat\u00e3 s\u00e3o reconhecidas no 10\u00ba Pr\u00eamio Sebrae Prefeito Empreendedor\",\"datePublished\":\"2019-04-25T12:32:09+00:00\",\"dateModified\":\"2019-04-25T12:32:16+00:00\",\"mainEntityOfPage\":{\"@id\":\"https:\\\/\\\/ubirataonline.com.br\\\/acoes-desenvolvidas-em-ubirata-sao-reconhecidas-no-10o-premio-sebrae-prefeito-empreendedor\\\/\"},\"wordCount\":132,\"publisher\":{\"@id\":\"https:\\\/\\\/ubirataonline.com.br\\\/#organization\"},\"image\":{\"@id\":\"https:\\\/\\\/ubirataonline.com.br\\\/acoes-desenvolvidas-em-ubirata-sao-reconhecidas-no-10o-premio-sebrae-prefeito-empreendedor\\\/#primaryimage\"},\"thumbnailUrl\":\"https:\\\/\\\/ubirataonline.com.br\\\/wp-content\\\/uploads\\\/2019\\\/04\\\/premio1.jpg\",\"articleSection\":[\"Ubirat\u00e3\"],\"inLanguage\":\"en-US\",\"copyrightYear\":\"2019\",\"copyrightHolder\":{\"@id\":\"https:\\\/\\\/ubirataonline.com.br\\\/en\\\/#organization\"}},{\"@type\":\"WebPage\",\"@id\":\"https:\\\/\\\/ubirataonline.com.br\\\/acoes-desenvolvidas-em-ubirata-sao-reconhecidas-no-10o-premio-sebrae-prefeito-empreendedor\\\/\",\"url\":\"https:\\\/\\\/ubirataonline.com.br\\\/acoes-desenvolvidas-em-ubirata-sao-reconhecidas-no-10o-premio-sebrae-prefeito-empreendedor\\\/\",\"name\":\"A\u00e7\u00f5es desenvolvidas em Ubirat\u00e3 s\u00e3o reconhecidas no 10\u00ba Pr\u00eamio Sebrae Prefeito Empreendedor - Ubirat\u00e3 Online Not\u00edcias - A realidade ao seu alcance!\",\"isPartOf\":{\"@id\":\"https:\\\/\\\/ubirataonline.com.br\\\/#website\"},\"primaryImageOfPage\":{\"@id\":\"https:\\\/\\\/ubirataonline.com.br\\\/acoes-desenvolvidas-em-ubirata-sao-reconhecidas-no-10o-premio-sebrae-prefeito-empreendedor\\\/#primaryimage\"},\"image\":{\"@id\":\"https:\\\/\\\/ubirataonline.com.br\\\/acoes-desenvolvidas-em-ubirata-sao-reconhecidas-no-10o-premio-sebrae-prefeito-empreendedor\\\/#primaryimage\"},\"thumbnailUrl\":\"https:\\\/\\\/ubirataonline.com.br\\\/wp-content\\\/uploads\\\/2019\\\/04\\\/premio1.jpg\",\"datePublished\":\"2019-04-25T12:32:09+00:00\",\"dateModified\":\"2019-04-25T12:32:16+00:00\",\"description\":\"Realizada em Curitiba no dia 22 de abril, a entrega do 10\u00ba Pr\u00eamio Sebrae Prefeito Empreendedor, etapa estadual, reuniu lideran\u00e7as de todo o Paran\u00e1 para um\",\"breadcrumb\":{\"@id\":\"https:\\\/\\\/ubirataonline.com.br\\\/acoes-desenvolvidas-em-ubirata-sao-reconhecidas-no-10o-premio-sebrae-prefeito-empreendedor\\\/#breadcrumb\"},\"inLanguage\":\"en-US\",\"potentialAction\":[{\"@type\":\"ReadAction\",\"target\":[\"https:\\\/\\\/ubirataonline.com.br\\\/acoes-desenvolvidas-em-ubirata-sao-reconhecidas-no-10o-premio-sebrae-prefeito-empreendedor\\\/\"]}]},{\"@type\":\"ImageObject\",\"inLanguage\":\"en-US\",\"@id\":\"https:\\\/\\\/ubirataonline.com.br\\\/acoes-desenvolvidas-em-ubirata-sao-reconhecidas-no-10o-premio-sebrae-prefeito-empreendedor\\\/#primaryimage\",\"url\":\"https:\\\/\\\/ubirataonline.com.br\\\/wp-content\\\/uploads\\\/2019\\\/04\\\/premio1.jpg\",\"contentUrl\":\"https:\\\/\\\/ubirataonline.com.br\\\/wp-content\\\/uploads\\\/2019\\\/04\\\/premio1.jpg\"},{\"@type\":\"BreadcrumbList\",\"@id\":\"https:\\\/\\\/ubirataonline.com.br\\\/acoes-desenvolvidas-em-ubirata-sao-reconhecidas-no-10o-premio-sebrae-prefeito-empreendedor\\\/#breadcrumb\",\"itemListElement\":[{\"@type\":\"ListItem\",\"position\":1,\"name\":\"In\u00edcio\",\"item\":\"https:\\\/\\\/ubirataonline.com.br\\\/\"},{\"@type\":\"ListItem\",\"position\":2,\"name\":\"A\u00e7\u00f5es desenvolvidas em Ubirat\u00e3 s\u00e3o reconhecidas no 10\u00ba Pr\u00eamio Sebrae Prefeito Empreendedor\"}]},{\"@type\":\"WebSite\",\"@id\":\"https:\\\/\\\/ubirataonline.com.br\\\/#website\",\"url\":\"https:\\\/\\\/ubirataonline.com.br\\\/\",\"name\":\"Ubirat\u00e3 Online Not\u00edcias\",\"description\":\"Not\u00edcias de Ubirat\u00e3, regi\u00e3o, Brasil e mundo, com informa\u00e7\u00e3o atualizada e compromisso com o leitor.\",\"publisher\":{\"@id\":\"https:\\\/\\\/ubirataonline.com.br\\\/#organization\"},\"alternateName\":\"Ubirat\u00e3 Online\",\"potentialAction\":[{\"@type\":\"SearchAction\",\"target\":{\"@type\":\"EntryPoint\",\"urlTemplate\":\"https:\\\/\\\/ubirataonline.com.br\\\/?s={search_term_string}\"},\"query-input\":{\"@type\":\"PropertyValueSpecification\",\"valueRequired\":true,\"valueName\":\"search_term_string\"}}],\"inLanguage\":\"en-US\"},{\"@type\":[\"Organization\",\"Place\"],\"@id\":\"https:\\\/\\\/ubirataonline.com.br\\\/#organization\",\"name\":\"Ubirat\u00e3 Online Not\u00edcias\",\"alternateName\":\"Ubirat\u00e3 Online\",\"url\":\"https:\\\/\\\/ubirataonline.com.br\\\/\",\"logo\":{\"@id\":\"https:\\\/\\\/ubirataonline.com.br\\\/acoes-desenvolvidas-em-ubirata-sao-reconhecidas-no-10o-premio-sebrae-prefeito-empreendedor\\\/#local-main-organization-logo\"},\"image\":{\"@id\":\"https:\\\/\\\/ubirataonline.com.br\\\/acoes-desenvolvidas-em-ubirata-sao-reconhecidas-no-10o-premio-sebrae-prefeito-empreendedor\\\/#local-main-organization-logo\"},\"sameAs\":[\"https:\\\/\\\/www.facebook.com\\\/portalubirataonline\",\"https:\\\/\\\/x.com\\\/ubirataonline\",\"https:\\\/\\\/mastodon.social\\\/@ubirataonline\",\"https:\\\/\\\/www.facebook.com\\\/groups\\\/311144672285604\",\"https:\\\/\\\/www.facebook.com\\\/UBTAOnline\",\"https:\\\/\\\/www.instagram.com\\\/portalubirataonline\\\/\",\"https:\\\/\\\/twitter.com\\\/ubirataonline\"],\"description\":\"Somos um portal de not\u00edcias independente, criado em 5 de janeiro de 2009, com o objetivo de informar, conectar e valorizar a nossa comunidade de Ubirat\u00e3 e toda aregi\u00e3o. Com conte\u00fado atualizado, confi\u00e1vel e relevante, o Ubirat\u00e3 Online \u00e9 o seu espa\u00e7o para ficar por dentro dos principais acontecimentos locais, regionais, Brasil, Mundo e de interesse geral. Nosso compromisso \u00e9 com a verdade, a transpar\u00eancia e o respeito ao leitor.\",\"legalName\":\"UBIRATA ONLINE NOT\u00cdCIAS\",\"foundingDate\":\"2009-01-05\",\"numberOfEmployees\":{\"@type\":\"QuantitativeValue\",\"minValue\":\"1\",\"maxValue\":\"10\"},\"publishingPrinciples\":\"https:\\\/\\\/ubirataonline.com.br\\\/faq\\\/\",\"address\":{\"@id\":\"https:\\\/\\\/ubirataonline.com.br\\\/acoes-desenvolvidas-em-ubirata-sao-reconhecidas-no-10o-premio-sebrae-prefeito-empreendedor\\\/#local-main-place-address\"},\"geo\":{\"@type\":\"GeoCoordinates\",\"latitude\":\"-24.5361401\",\"longitude\":\"-52.9921776\"},\"telephone\":[\"+5544998308235\"],\"contactPoint\":{\"@type\":\"ContactPoint\",\"email\":\"contato@ubirataonline.com.br\"},\"openingHoursSpecification\":{\"@type\":\"OpeningHoursSpecification\",\"dayOfWeek\":[\"Monday\",\"Tuesday\",\"Wednesday\",\"Thursday\",\"Friday\",\"Saturday\",\"Sunday\"],\"opens\":\"00:00\",\"closes\":\"23:59\"},\"email\":\"contato@ubirataonline.com.br\",\"vatID\":\"47.621.418\\\/0001-80\"},{\"@type\":\"Person\",\"@id\":\"https:\\\/\\\/ubirataonline.com.br\\\/#\\\/schema\\\/person\\\/372f87bbd3fdd79b8556b84c98d0bc1c\",\"name\":\"REDA\u00c7\u00c3O: UBIRAT\u00c3 ONLINE - F\u00c1BIO AUGUSTO CELESTINO\",\"pronouns\":\"Ele\",\"description\":\"Desde 2003 trabalhando com not\u00edcias.\",\"sameAs\":[\"http:\\\/\\\/ubirataoline.com.br\",\"https:\\\/\\\/www.facebook.com\\\/portalubirataonline\",\"https:\\\/\\\/www.instagram.com\\\/ubirataonline_oficial\",\"https:\\\/\\\/x.com\\\/x.com\\\/ubirataonline\"],\"honorificPrefix\":\"Mr.\",\"honorificSuffix\":\"MD\",\"birthDate\":\"1980-06-16\",\"gender\":\"masculino\",\"award\":[\"V\u00e1rios pr\u00eamios de melhor portal da cidade\"],\"jobTitle\":\"Diretor\",\"url\":\"https:\\\/\\\/ubirataonline.com.br\\\/en\\\/author\\\/ubirataonline\\\/\"},{\"@type\":\"PostalAddress\",\"@id\":\"https:\\\/\\\/ubirataonline.com.br\\\/acoes-desenvolvidas-em-ubirata-sao-reconhecidas-no-10o-premio-sebrae-prefeito-empreendedor\\\/#local-main-place-address\",\"streetAddress\":\"Rua dos Coqueiros, 104 - Bairro Boa Vista, Rua dos Coqueiros, 104 Bairro Boa Vista\",\"addressLocality\":\"UBIRATA\",\"postalCode\":\"85440-000\",\"addressRegion\":\"PR\",\"addressCountry\":\"BR\"},{\"@type\":\"ImageObject\",\"inLanguage\":\"en-US\",\"@id\":\"https:\\\/\\\/ubirataonline.com.br\\\/acoes-desenvolvidas-em-ubirata-sao-reconhecidas-no-10o-premio-sebrae-prefeito-empreendedor\\\/#local-main-organization-logo\",\"url\":\"https:\\\/\\\/ubirataonline.com.br\\\/wp-content\\\/uploads\\\/2026\\\/06\\\/logoubirataonline-1.webp\",\"contentUrl\":\"https:\\\/\\\/ubirataonline.com.br\\\/wp-content\\\/uploads\\\/2026\\\/06\\\/logoubirataonline-1.webp\",\"width\":500,\"height\":500,\"caption\":\"Ubirat\u00e3 Online Not\u00edcias\"}]}<\/script>\n<meta name=\"geo.placename\" content=\"UBIRATA\" \/>\n<meta name=\"geo.position\" content=\"-24.5361401;-52.9921776\" \/>\n<meta name=\"geo.region\" content=\"Brazil\" \/>\n<!-- \/ Yoast SEO Premium plugin. -->","yoast_head_json":{"title":"A\u00e7\u00f5es desenvolvidas em Ubirat\u00e3 s\u00e3o reconhecidas no 10\u00ba Pr\u00eamio Sebrae Prefeito Empreendedor - Ubirat\u00e3 Online Not\u00edcias - A realidade ao seu alcance!","description":"Realizada em Curitiba no dia 22 de abril, a entrega do 10\u00ba Pr\u00eamio Sebrae Prefeito Empreendedor, etapa estadual, reuniu lideran\u00e7as de todo o Paran\u00e1 para um","robots":{"index":"index","follow":"follow","max-snippet":"max-snippet:-1","max-image-preview":"max-image-preview:large","max-video-preview":"max-video-preview:-1"},"canonical":"https:\/\/ubirataonline.com.br\/en\/acoes-desenvolvidas-em-ubirata-sao-reconhecidas-no-10o-premio-sebrae-prefeito-empreendedor\/","og_locale":"en_US","og_type":"article","og_title":"A\u00e7\u00f5es desenvolvidas em Ubirat\u00e3 s\u00e3o reconhecidas no 10\u00ba Pr\u00eamio Sebrae Prefeito Empreendedor","og_description":"Realizada em Curitiba no dia 22 de abril, a entrega do 10\u00ba Pr\u00eamio Sebrae Prefeito Empreendedor, etapa estadual, reuniu lideran\u00e7as de todo o Paran\u00e1 para um","og_url":"https:\/\/ubirataonline.com.br\/en\/acoes-desenvolvidas-em-ubirata-sao-reconhecidas-no-10o-premio-sebrae-prefeito-empreendedor\/","og_site_name":"Ubirat\u00e3 Online Not\u00edcias - A realidade ao seu alcance!","article_publisher":"https:\/\/www.facebook.com\/portalubirataonline","article_author":"https:\/\/www.facebook.com\/portalubirataonline","article_published_time":"2019-04-25T12:32:09+00:00","article_modified_time":"2019-04-25T12:32:16+00:00","og_image":[{"url":"https:\/\/ubirataonline.com.br\/wp-content\/uploads\/2019\/04\/premio1.jpg","type":"","width":"","height":""}],"author":"REDA\u00c7\u00c3O: UBIRAT\u00c3 ONLINE - F\u00c1BIO AUGUSTO CELESTINO","twitter_card":"summary_large_image","twitter_creator":"@x.com\/ubirataonline","twitter_site":"@ubirataonline","twitter_misc":{"Written by":"REDA\u00c7\u00c3O: UBIRAT\u00c3 ONLINE - F\u00c1BIO AUGUSTO CELESTINO","Est. reading time":"1 minute"},"schema":{"@context":"https:\/\/schema.org","@graph":[{"@type":"NewsArticle","@id":"https:\/\/ubirataonline.com.br\/acoes-desenvolvidas-em-ubirata-sao-reconhecidas-no-10o-premio-sebrae-prefeito-empreendedor\/#article","isPartOf":{"@id":"https:\/\/ubirataonline.com.br\/acoes-desenvolvidas-em-ubirata-sao-reconhecidas-no-10o-premio-sebrae-prefeito-empreendedor\/"},"author":{"name":"REDA\u00c7\u00c3O: UBIRAT\u00c3 ONLINE - F\u00c1BIO AUGUSTO CELESTINO","@id":"https:\/\/ubirataonline.com.br\/#\/schema\/person\/372f87bbd3fdd79b8556b84c98d0bc1c"},"headline":"A\u00e7\u00f5es desenvolvidas em Ubirat\u00e3 s\u00e3o reconhecidas no 10\u00ba Pr\u00eamio Sebrae Prefeito Empreendedor","datePublished":"2019-04-25T12:32:09+00:00","dateModified":"2019-04-25T12:32:16+00:00","mainEntityOfPage":{"@id":"https:\/\/ubirataonline.com.br\/acoes-desenvolvidas-em-ubirata-sao-reconhecidas-no-10o-premio-sebrae-prefeito-empreendedor\/"},"wordCount":132,"publisher":{"@id":"https:\/\/ubirataonline.com.br\/#organization"},"image":{"@id":"https:\/\/ubirataonline.com.br\/acoes-desenvolvidas-em-ubirata-sao-reconhecidas-no-10o-premio-sebrae-prefeito-empreendedor\/#primaryimage"},"thumbnailUrl":"https:\/\/ubirataonline.com.br\/wp-content\/uploads\/2019\/04\/premio1.jpg","articleSection":["Ubirat\u00e3"],"inLanguage":"en-US","copyrightYear":"2019","copyrightHolder":{"@id":"https:\/\/ubirataonline.com.br\/en\/#organization"}},{"@type":"WebPage","@id":"https:\/\/ubirataonline.com.br\/acoes-desenvolvidas-em-ubirata-sao-reconhecidas-no-10o-premio-sebrae-prefeito-empreendedor\/","url":"https:\/\/ubirataonline.com.br\/acoes-desenvolvidas-em-ubirata-sao-reconhecidas-no-10o-premio-sebrae-prefeito-empreendedor\/","name":"A\u00e7\u00f5es desenvolvidas em Ubirat\u00e3 s\u00e3o reconhecidas no 10\u00ba Pr\u00eamio Sebrae Prefeito Empreendedor - Ubirat\u00e3 Online Not\u00edcias - A realidade ao seu alcance!","isPartOf":{"@id":"https:\/\/ubirataonline.com.br\/#website"},"primaryImageOfPage":{"@id":"https:\/\/ubirataonline.com.br\/acoes-desenvolvidas-em-ubirata-sao-reconhecidas-no-10o-premio-sebrae-prefeito-empreendedor\/#primaryimage"},"image":{"@id":"https:\/\/ubirataonline.com.br\/acoes-desenvolvidas-em-ubirata-sao-reconhecidas-no-10o-premio-sebrae-prefeito-empreendedor\/#primaryimage"},"thumbnailUrl":"https:\/\/ubirataonline.com.br\/wp-content\/uploads\/2019\/04\/premio1.jpg","datePublished":"2019-04-25T12:32:09+00:00","dateModified":"2019-04-25T12:32:16+00:00","description":"Realizada em Curitiba no dia 22 de abril, a entrega do 10\u00ba Pr\u00eamio Sebrae Prefeito Empreendedor, etapa estadual, reuniu lideran\u00e7as de todo o Paran\u00e1 para um","breadcrumb":{"@id":"https:\/\/ubirataonline.com.br\/acoes-desenvolvidas-em-ubirata-sao-reconhecidas-no-10o-premio-sebrae-prefeito-empreendedor\/#breadcrumb"},"inLanguage":"en-US","potentialAction":[{"@type":"ReadAction","target":["https:\/\/ubirataonline.com.br\/acoes-desenvolvidas-em-ubirata-sao-reconhecidas-no-10o-premio-sebrae-prefeito-empreendedor\/"]}]},{"@type":"ImageObject","inLanguage":"en-US","@id":"https:\/\/ubirataonline.com.br\/acoes-desenvolvidas-em-ubirata-sao-reconhecidas-no-10o-premio-sebrae-prefeito-empreendedor\/#primaryimage","url":"https:\/\/ubirataonline.com.br\/wp-content\/uploads\/2019\/04\/premio1.jpg","contentUrl":"https:\/\/ubirataonline.com.br\/wp-content\/uploads\/2019\/04\/premio1.jpg"},{"@type":"BreadcrumbList","@id":"https:\/\/ubirataonline.com.br\/acoes-desenvolvidas-em-ubirata-sao-reconhecidas-no-10o-premio-sebrae-prefeito-empreendedor\/#breadcrumb","itemListElement":[{"@type":"ListItem","position":1,"name":"In\u00edcio","item":"https:\/\/ubirataonline.com.br\/"},{"@type":"ListItem","position":2,"name":"A\u00e7\u00f5es desenvolvidas em Ubirat\u00e3 s\u00e3o reconhecidas no 10\u00ba Pr\u00eamio Sebrae Prefeito Empreendedor"}]},{"@type":"WebSite","@id":"https:\/\/ubirataonline.com.br\/#website","url":"https:\/\/ubirataonline.com.br\/","name":"Ubirat\u00e3 Online Not\u00edcias","description":"Not\u00edcias de Ubirat\u00e3, regi\u00e3o, Brasil e mundo, com informa\u00e7\u00e3o atualizada e compromisso com o leitor.","publisher":{"@id":"https:\/\/ubirataonline.com.br\/#organization"},"alternateName":"Ubirat\u00e3 Online","potentialAction":[{"@type":"SearchAction","target":{"@type":"EntryPoint","urlTemplate":"https:\/\/ubirataonline.com.br\/?s={search_term_string}"},"query-input":{"@type":"PropertyValueSpecification","valueRequired":true,"valueName":"search_term_string"}}],"inLanguage":"en-US"},{"@type":["Organization","Place"],"@id":"https:\/\/ubirataonline.com.br\/#organization","name":"Ubirat\u00e3 Online Not\u00edcias","alternateName":"Ubirat\u00e3 Online","url":"https:\/\/ubirataonline.com.br\/","logo":{"@id":"https:\/\/ubirataonline.com.br\/acoes-desenvolvidas-em-ubirata-sao-reconhecidas-no-10o-premio-sebrae-prefeito-empreendedor\/#local-main-organization-logo"},"image":{"@id":"https:\/\/ubirataonline.com.br\/acoes-desenvolvidas-em-ubirata-sao-reconhecidas-no-10o-premio-sebrae-prefeito-empreendedor\/#local-main-organization-logo"},"sameAs":["https:\/\/www.facebook.com\/portalubirataonline","https:\/\/x.com\/ubirataonline","https:\/\/mastodon.social\/@ubirataonline","https:\/\/www.facebook.com\/groups\/311144672285604","https:\/\/www.facebook.com\/UBTAOnline","https:\/\/www.instagram.com\/portalubirataonline\/","https:\/\/twitter.com\/ubirataonline"],"description":"Somos um portal de not\u00edcias independente, criado em 5 de janeiro de 2009, com o objetivo de informar, conectar e valorizar a nossa comunidade de Ubirat\u00e3 e toda aregi\u00e3o. Com conte\u00fado atualizado, confi\u00e1vel e relevante, o Ubirat\u00e3 Online \u00e9 o seu espa\u00e7o para ficar por dentro dos principais acontecimentos locais, regionais, Brasil, Mundo e de interesse geral. Nosso compromisso \u00e9 com a verdade, a transpar\u00eancia e o respeito ao leitor.","legalName":"UBIRATA ONLINE NOT\u00cdCIAS","foundingDate":"2009-01-05","numberOfEmployees":{"@type":"QuantitativeValue","minValue":"1","maxValue":"10"},"publishingPrinciples":"https:\/\/ubirataonline.com.br\/faq\/","address":{"@id":"https:\/\/ubirataonline.com.br\/acoes-desenvolvidas-em-ubirata-sao-reconhecidas-no-10o-premio-sebrae-prefeito-empreendedor\/#local-main-place-address"},"geo":{"@type":"GeoCoordinates","latitude":"-24.5361401","longitude":"-52.9921776"},"telephone":["+5544998308235"],"contactPoint":{"@type":"ContactPoint","email":"contato@ubirataonline.com.br"},"openingHoursSpecification":{"@type":"OpeningHoursSpecification","dayOfWeek":["Monday","Tuesday","Wednesday","Thursday","Friday","Saturday","Sunday"],"opens":"00:00","closes":"23:59"},"email":"contato@ubirataonline.com.br","vatID":"47.621.418\/0001-80"},{"@type":"Person","@id":"https:\/\/ubirataonline.com.br\/#\/schema\/person\/372f87bbd3fdd79b8556b84c98d0bc1c","name":"REDA\u00c7\u00c3O: UBIRAT\u00c3 ONLINE - F\u00c1BIO AUGUSTO CELESTINO","pronouns":"Ele","description":"Desde 2003 trabalhando com not\u00edcias.","sameAs":["http:\/\/ubirataoline.com.br","https:\/\/www.facebook.com\/portalubirataonline","https:\/\/www.instagram.com\/ubirataonline_oficial","https:\/\/x.com\/x.com\/ubirataonline"],"honorificPrefix":"Mr.","honorificSuffix":"MD","birthDate":"1980-06-16","gender":"masculino","award":["V\u00e1rios pr\u00eamios de melhor portal da cidade"],"jobTitle":"Diretor","url":"https:\/\/ubirataonline.com.br\/en\/author\/ubirataonline\/"},{"@type":"PostalAddress","@id":"https:\/\/ubirataonline.com.br\/acoes-desenvolvidas-em-ubirata-sao-reconhecidas-no-10o-premio-sebrae-prefeito-empreendedor\/#local-main-place-address","streetAddress":"Rua dos Coqueiros, 104 - Bairro Boa Vista, Rua dos Coqueiros, 104 Bairro Boa Vista","addressLocality":"UBIRATA","postalCode":"85440-000","addressRegion":"PR","addressCountry":"BR"},{"@type":"ImageObject","inLanguage":"en-US","@id":"https:\/\/ubirataonline.com.br\/acoes-desenvolvidas-em-ubirata-sao-reconhecidas-no-10o-premio-sebrae-prefeito-empreendedor\/#local-main-organization-logo","url":"https:\/\/ubirataonline.com.br\/wp-content\/uploads\/2026\/06\/logoubirataonline-1.webp","contentUrl":"https:\/\/ubirataonline.com.br\/wp-content\/uploads\/2026\/06\/logoubirataonline-1.webp","width":500,"height":500,"caption":"Ubirat\u00e3 Online Not\u00edcias"}]},"geo.placename":"UBIRATA","geo.position":{"lat":"-24.5361401","long":"-52.9921776"},"geo.region":"Brazil"},"_links":{"self":[{"href":"https:\/\/ubirataonline.com.br\/en\/wp-json\/wp\/v2\/posts\/21346","targetHints":{"allow":["GET"]}}],"collection":[{"href":"https:\/\/ubirataonline.com.br\/en\/wp-json\/wp\/v2\/posts"}],"about":[{"href":"https:\/\/ubirataonline.com.br\/en\/wp-json\/wp\/v2\/types\/post"}],"author":[{"embeddable":true,"href":"https:\/\/ubirataonline.com.br\/en\/wp-json\/wp\/v2\/users\/1"}],"replies":[{"embeddable":true,"href":"https:\/\/ubirataonline.com.br\/en\/wp-json\/wp\/v2\/comments?post=21346"}],"version-history":[{"count":0,"href":"https:\/\/ubirataonline.com.br\/en\/wp-json\/wp\/v2\/posts\/21346\/revisions"}],"wp:attachment":[{"href":"https:\/\/ubirataonline.com.br\/en\/wp-json\/wp\/v2\/media?parent=21346"}],"wp:term":[{"taxonomy":"category","embeddable":true,"href":"https:\/\/ubirataonline.com.br\/en\/wp-json\/wp\/v2\/categories?post=21346"},{"taxonomy":"post_tag","embeddable":true,"href":"https:\/\/ubirataonline.com.br\/en\/wp-json\/wp\/v2\/tags?post=21346"}],"curies":[{"name":"wp","href":"https:\/\/api.w.org\/{rel}","templated":true}]}}