{"id":21704,"date":"2019-05-09T10:07:47","date_gmt":"2019-05-09T13:07:47","guid":{"rendered":"https:\/\/ubirataonline.com.br\/?p=21704"},"modified":"2019-05-09T10:07:52","modified_gmt":"2019-05-09T13:07:52","slug":"presidente-do-tre-pr-visita-ubirata-para-tratar-do-cadastramento-biometrico-de-eleitores-da-comarca","status":"publish","type":"post","link":"https:\/\/ubirataonline.com.br\/en\/presidente-do-tre-pr-visita-ubirata-para-tratar-do-cadastramento-biometrico-de-eleitores-da-comarca\/","title":{"rendered":"Presidente do TRE-PR visita Ubirat\u00e3 para tratar do cadastramento biom\u00e9trico de eleitores da comarca"},"content":{"rendered":"<figure class=\"wp-block-image\"><img decoding=\"async\" src=\"https:\/\/ubirataonline.com.br\/wp-content\/uploads\/2019\/05\/2-6-1600x840.jpg\" alt=\"\" class=\"wp-image-21705\"\/><\/figure>\n\n\n\n<p class=\"wp-block-paragraph\">Os Poderes Executivo (prefeito Haroldo Fernandes Duarte \u2013\nBaco), Judici\u00e1rio (ju\u00edza de Direito Dra. Ana Beatriz Lopes), Legislativo\n(vereador Rafael Bartz) e o Minist\u00e9rio P\u00fablico (promotor Fabio Ant\u00f4nio Camargo\nNeves) receberam no Pa\u00e7o Municipal, o Desembargador Gilberto Ferreira (Presidente\ndo Tribunal Regional Eleitoral do Paran\u00e1) e demais autoridades para uma reuni\u00e3o\ncom pauta na realiza\u00e7\u00e3o do cadastramento biom\u00e9trico para os eleitores de Ubirat\u00e3\ne Juranda (munic\u00edpio abrangido pela zona eleitoral). O Desembargador solicitou\no apoio das duas prefeituras que comp\u00f5e a comarca para ajudar no processo de\nrevis\u00e3o eleitoral e biometria, pois segundo ele h\u00e1 a necessidade principalmente\nde mais servidores para suprir a demanda dos eleitores. Os eleitores de Juranda\nter\u00e3o que vir em Ubirat\u00e3 para fazer o cadastramento e ser\u00e1 montada aqui no\nmunic\u00edpio uma estrutura para agilizar todo o processo que ser\u00e1 feito por meio\nde agendamento.<\/p>\n\n\n\n<figure class=\"wp-block-image\"><img decoding=\"async\" src=\"https:\/\/ubirataonline.com.br\/wp-content\/uploads\/2019\/05\/3-6-1600x840.jpg\" alt=\"\" class=\"wp-image-21706\"\/><\/figure>\n\n\n\n<p class=\"wp-block-paragraph\">O prazo ser\u00e1 de 20 de maio a 30 de agosto, e quem n\u00e3o\nefetuar a biometria ter\u00e1 seu t\u00edtulo eleitoral cancelado, e alguns dos efeitos\ndo cancelamento do t\u00edtulo de eleitor \u00e9 n\u00e3o poder votar e nem ser votado, n\u00e3o\nobter passaporte, RG, CPF e n\u00e3o participar e nem assumir concursos p\u00fablicos. O\nobjetivo da biometria \u00e9 atingir 100% dos eleitores de Ubirat\u00e3 e Juranda,\ninclusive as pessoas que n\u00e3o possuem mais obrigatoriedade de voto por motivo de\nidade. <\/p>\n\n\n\n<figure class=\"wp-block-image\"><img decoding=\"async\" src=\"https:\/\/ubirataonline.com.br\/wp-content\/uploads\/2019\/05\/4-6-1600x840.jpg\" alt=\"\" class=\"wp-image-21707\"\/><\/figure>\n\n\n\n<p class=\"wp-block-paragraph\">Segundo o prefeito Baco, o munic\u00edpio tem o interesse em\nauxiliar a Justi\u00e7a Eleitoral neste processo que vem trazer maior agilidade e\nseguran\u00e7a aos eleitores, e estar\u00e1 em sintonia com Juranda para que toda\nsolicita\u00e7\u00f5es sejam atendidas. <\/p>\n\n\n\n<figure class=\"wp-block-image\"><img decoding=\"async\" src=\"https:\/\/ubirataonline.com.br\/wp-content\/uploads\/2019\/05\/5-6-1600x840.jpg\" alt=\"\" class=\"wp-image-21708\"\/><\/figure>\n\n\n\n<p class=\"wp-block-paragraph\">Presentes na reuni\u00e3o, al\u00e9m do prefeito Baco e do\nDesembargador Presidente do Tribunal Regional Eleitoral do Paran\u00e1 Gilberto,\ntamb\u00e9m o Diretor-Geral do TER\/PR Doutor Valcir Mombach, a Coordenadora de\nPlanejamento Estrat\u00e9gico Solange Maria Vieira, a coordenadora de Comunica\u00e7\u00e3o\nSocial, Rubiane Barros Barbosa Kreuz, o respons\u00e1vel pelo F\u00f3rum Eleitoral de\nUbirat\u00e3, Alessandro Martins Sandrini, o representante da prefeitura de Juranda\n(sr. Raul), os vereadores Jorge Tozzi e Silvio de P\u00e1dua, secret\u00e1rios e\nassessores da prefeitura de Ubirat\u00e3.<\/p>\n\n\n\n<figure class=\"wp-block-image\"><img decoding=\"async\" src=\"https:\/\/ubirataonline.com.br\/wp-content\/uploads\/2019\/05\/6-6-1600x840.jpg\" alt=\"\" class=\"wp-image-21709\"\/><\/figure>\n\n\n\n<p class=\"wp-block-paragraph\"><strong>NOVOS LOCAIS DE VOTA\u00c7\u00c3O<\/strong><\/p>\n\n\n\n<p class=\"wp-block-paragraph\">Durante o recadastramento a Justi\u00e7a Eleitoral de Ubirat\u00e3 ir\u00e1\nfazer remanejamentos de algumas se\u00e7\u00f5es eleitorais no munic\u00edpio de Ubirat\u00e3.\nSer\u00e3o remanejadas as se\u00e7\u00f5es que atualmente localizam-se no Gin\u00e1sio de Esportes.\nAs mesmas ser\u00e3o transferidas para o pr\u00e9dio da Faculdade Dom Bosco. As se\u00e7\u00f5es do\nCol\u00e9gio Olavo Bilac ser\u00e3o na Escola Municipal Lucin\u00e9ia Braciforte e do Sal\u00e3o\nParoquial passar\u00e3o a ser na Escola Furussato Tomio e ainda ser\u00e3o criados novos\nlocais para vota\u00e7\u00e3o como, por exemplo, na Escola Doutor Gentil. Os eleitores\npoder\u00e3o escolher durante o recadastramento o local de melhor acesso para\nefetuar a vota\u00e7\u00e3o. <\/p>","protected":false},"excerpt":{"rendered":"<p>Os Poderes Executivo (prefeito Haroldo Fernandes Duarte \u2013 Baco), Judici\u00e1rio (ju\u00edza de Direito Dra. Ana Beatriz Lopes), Legislativo (vereador Rafael Bartz) e o Minist\u00e9rio P\u00fablico (promotor Fabio Ant\u00f4nio Camargo Neves) receberam no Pa\u00e7o Municipal, o Desembargador Gilberto Ferreira (Presidente do Tribunal Regional Eleitoral do Paran\u00e1) e demais autoridades para uma reuni\u00e3o com pauta na realiza\u00e7\u00e3o [&hellip;]<\/p>\n","protected":false},"author":1,"featured_media":0,"comment_status":"closed","ping_status":"closed","sticky":false,"template":"","format":"standard","meta":{"googlesitekit_rrm_CAow2JLhCw:productID":"","_gspb_post_css":"","maa_idioma":"","maa_pais":"","footnotes":""},"categories":[10],"tags":[],"class_list":["post-21704","post","type-post","status-publish","format-standard","hentry","category-geral"],"blocksy_meta":[],"yoast_head":"<!-- This site is optimized with the Yoast SEO Premium plugin v27.6 (Yoast SEO v27.6) - https:\/\/yoast.com\/product\/yoast-seo-premium-wordpress\/ -->\n<title>Presidente do TRE-PR visita Ubirat\u00e3 para tratar do cadastramento biom\u00e9trico de eleitores da comarca - Ubirat\u00e3 Online Not\u00edcias - A realidade ao seu alcance!<\/title>\n<meta name=\"description\" content=\"Os Poderes Executivo (prefeito Haroldo Fernandes Duarte \u2013 Baco), Judici\u00e1rio (ju\u00edza de Direito Dra. Ana Beatriz Lopes), Legislativo (vereador Rafael Bartz)\" \/>\n<meta name=\"robots\" content=\"index, follow, max-snippet:-1, max-image-preview:large, max-video-preview:-1\" \/>\n<link rel=\"canonical\" href=\"https:\/\/ubirataonline.com.br\/en\/presidente-do-tre-pr-visita-ubirata-para-tratar-do-cadastramento-biometrico-de-eleitores-da-comarca\/\" \/>\n<meta property=\"og:locale\" content=\"en_US\" \/>\n<meta property=\"og:type\" content=\"article\" \/>\n<meta property=\"og:title\" content=\"Presidente do TRE-PR visita Ubirat\u00e3 para tratar do cadastramento biom\u00e9trico de eleitores da comarca\" \/>\n<meta property=\"og:description\" content=\"Os Poderes Executivo (prefeito Haroldo Fernandes Duarte \u2013 Baco), Judici\u00e1rio (ju\u00edza de Direito Dra. Ana Beatriz Lopes), Legislativo (vereador Rafael Bartz)\" \/>\n<meta property=\"og:url\" content=\"https:\/\/ubirataonline.com.br\/en\/presidente-do-tre-pr-visita-ubirata-para-tratar-do-cadastramento-biometrico-de-eleitores-da-comarca\/\" \/>\n<meta property=\"og:site_name\" content=\"Ubirat\u00e3 Online Not\u00edcias - A realidade ao seu alcance!\" \/>\n<meta property=\"article:publisher\" content=\"https:\/\/www.facebook.com\/portalubirataonline\" \/>\n<meta property=\"article:author\" content=\"https:\/\/www.facebook.com\/portalubirataonline\" \/>\n<meta property=\"article:published_time\" content=\"2019-05-09T13:07:47+00:00\" \/>\n<meta property=\"article:modified_time\" content=\"2019-05-09T13:07:52+00:00\" \/>\n<meta property=\"og:image\" content=\"https:\/\/ubirataonline.com.br\/wp-content\/uploads\/2019\/05\/2-6-1600x840.jpg\" \/>\n<meta name=\"author\" content=\"REDA\u00c7\u00c3O: UBIRAT\u00c3 ONLINE - F\u00c1BIO AUGUSTO CELESTINO\" \/>\n<meta name=\"twitter:card\" content=\"summary_large_image\" \/>\n<meta name=\"twitter:creator\" content=\"@x.com\/ubirataonline\" \/>\n<meta name=\"twitter:site\" content=\"@ubirataonline\" \/>\n<meta name=\"twitter:label1\" content=\"Written by\" \/>\n\t<meta name=\"twitter:data1\" content=\"REDA\u00c7\u00c3O: UBIRAT\u00c3 ONLINE - F\u00c1BIO AUGUSTO CELESTINO\" \/>\n\t<meta name=\"twitter:label2\" content=\"Est. reading time\" \/>\n\t<meta name=\"twitter:data2\" content=\"2 minutes\" \/>\n<script type=\"application\/ld+json\" class=\"yoast-schema-graph\">{\"@context\":\"https:\\\/\\\/schema.org\",\"@graph\":[{\"@type\":\"NewsArticle\",\"@id\":\"https:\\\/\\\/ubirataonline.com.br\\\/presidente-do-tre-pr-visita-ubirata-para-tratar-do-cadastramento-biometrico-de-eleitores-da-comarca\\\/#article\",\"isPartOf\":{\"@id\":\"https:\\\/\\\/ubirataonline.com.br\\\/presidente-do-tre-pr-visita-ubirata-para-tratar-do-cadastramento-biometrico-de-eleitores-da-comarca\\\/\"},\"author\":{\"name\":\"REDA\u00c7\u00c3O: UBIRAT\u00c3 ONLINE - F\u00c1BIO AUGUSTO CELESTINO\",\"@id\":\"https:\\\/\\\/ubirataonline.com.br\\\/#\\\/schema\\\/person\\\/372f87bbd3fdd79b8556b84c98d0bc1c\"},\"headline\":\"Presidente do TRE-PR visita Ubirat\u00e3 para tratar do cadastramento biom\u00e9trico de eleitores da comarca\",\"datePublished\":\"2019-05-09T13:07:47+00:00\",\"dateModified\":\"2019-05-09T13:07:52+00:00\",\"mainEntityOfPage\":{\"@id\":\"https:\\\/\\\/ubirataonline.com.br\\\/presidente-do-tre-pr-visita-ubirata-para-tratar-do-cadastramento-biometrico-de-eleitores-da-comarca\\\/\"},\"wordCount\":496,\"publisher\":{\"@id\":\"https:\\\/\\\/ubirataonline.com.br\\\/#organization\"},\"image\":{\"@id\":\"https:\\\/\\\/ubirataonline.com.br\\\/presidente-do-tre-pr-visita-ubirata-para-tratar-do-cadastramento-biometrico-de-eleitores-da-comarca\\\/#primaryimage\"},\"thumbnailUrl\":\"https:\\\/\\\/ubirataonline.com.br\\\/wp-content\\\/uploads\\\/2019\\\/05\\\/2-6-1600x840.jpg\",\"articleSection\":[\"Geral\"],\"inLanguage\":\"en-US\",\"copyrightYear\":\"2019\",\"copyrightHolder\":{\"@id\":\"https:\\\/\\\/ubirataonline.com.br\\\/en\\\/#organization\"}},{\"@type\":\"WebPage\",\"@id\":\"https:\\\/\\\/ubirataonline.com.br\\\/presidente-do-tre-pr-visita-ubirata-para-tratar-do-cadastramento-biometrico-de-eleitores-da-comarca\\\/\",\"url\":\"https:\\\/\\\/ubirataonline.com.br\\\/presidente-do-tre-pr-visita-ubirata-para-tratar-do-cadastramento-biometrico-de-eleitores-da-comarca\\\/\",\"name\":\"Presidente do TRE-PR visita Ubirat\u00e3 para tratar do cadastramento biom\u00e9trico de eleitores da comarca - Ubirat\u00e3 Online Not\u00edcias - A realidade ao seu alcance!\",\"isPartOf\":{\"@id\":\"https:\\\/\\\/ubirataonline.com.br\\\/#website\"},\"primaryImageOfPage\":{\"@id\":\"https:\\\/\\\/ubirataonline.com.br\\\/presidente-do-tre-pr-visita-ubirata-para-tratar-do-cadastramento-biometrico-de-eleitores-da-comarca\\\/#primaryimage\"},\"image\":{\"@id\":\"https:\\\/\\\/ubirataonline.com.br\\\/presidente-do-tre-pr-visita-ubirata-para-tratar-do-cadastramento-biometrico-de-eleitores-da-comarca\\\/#primaryimage\"},\"thumbnailUrl\":\"https:\\\/\\\/ubirataonline.com.br\\\/wp-content\\\/uploads\\\/2019\\\/05\\\/2-6-1600x840.jpg\",\"datePublished\":\"2019-05-09T13:07:47+00:00\",\"dateModified\":\"2019-05-09T13:07:52+00:00\",\"description\":\"Os Poderes Executivo (prefeito Haroldo Fernandes Duarte \u2013 Baco), Judici\u00e1rio (ju\u00edza de Direito Dra. Ana Beatriz Lopes), Legislativo (vereador Rafael Bartz)\",\"breadcrumb\":{\"@id\":\"https:\\\/\\\/ubirataonline.com.br\\\/presidente-do-tre-pr-visita-ubirata-para-tratar-do-cadastramento-biometrico-de-eleitores-da-comarca\\\/#breadcrumb\"},\"inLanguage\":\"en-US\",\"potentialAction\":[{\"@type\":\"ReadAction\",\"target\":[\"https:\\\/\\\/ubirataonline.com.br\\\/presidente-do-tre-pr-visita-ubirata-para-tratar-do-cadastramento-biometrico-de-eleitores-da-comarca\\\/\"]}]},{\"@type\":\"ImageObject\",\"inLanguage\":\"en-US\",\"@id\":\"https:\\\/\\\/ubirataonline.com.br\\\/presidente-do-tre-pr-visita-ubirata-para-tratar-do-cadastramento-biometrico-de-eleitores-da-comarca\\\/#primaryimage\",\"url\":\"https:\\\/\\\/ubirataonline.com.br\\\/wp-content\\\/uploads\\\/2019\\\/05\\\/2-6-1600x840.jpg\",\"contentUrl\":\"https:\\\/\\\/ubirataonline.com.br\\\/wp-content\\\/uploads\\\/2019\\\/05\\\/2-6-1600x840.jpg\"},{\"@type\":\"BreadcrumbList\",\"@id\":\"https:\\\/\\\/ubirataonline.com.br\\\/presidente-do-tre-pr-visita-ubirata-para-tratar-do-cadastramento-biometrico-de-eleitores-da-comarca\\\/#breadcrumb\",\"itemListElement\":[{\"@type\":\"ListItem\",\"position\":1,\"name\":\"In\u00edcio\",\"item\":\"https:\\\/\\\/ubirataonline.com.br\\\/\"},{\"@type\":\"ListItem\",\"position\":2,\"name\":\"Presidente do TRE-PR visita Ubirat\u00e3 para tratar do cadastramento biom\u00e9trico de eleitores da comarca\"}]},{\"@type\":\"WebSite\",\"@id\":\"https:\\\/\\\/ubirataonline.com.br\\\/#website\",\"url\":\"https:\\\/\\\/ubirataonline.com.br\\\/\",\"name\":\"Ubirat\u00e3 Online Not\u00edcias\",\"description\":\"Not\u00edcias de Ubirat\u00e3, regi\u00e3o, Brasil e mundo, com informa\u00e7\u00e3o atualizada e compromisso com o leitor.\",\"publisher\":{\"@id\":\"https:\\\/\\\/ubirataonline.com.br\\\/#organization\"},\"alternateName\":\"Ubirat\u00e3 Online\",\"potentialAction\":[{\"@type\":\"SearchAction\",\"target\":{\"@type\":\"EntryPoint\",\"urlTemplate\":\"https:\\\/\\\/ubirataonline.com.br\\\/?s={search_term_string}\"},\"query-input\":{\"@type\":\"PropertyValueSpecification\",\"valueRequired\":true,\"valueName\":\"search_term_string\"}}],\"inLanguage\":\"en-US\"},{\"@type\":[\"Organization\",\"Place\"],\"@id\":\"https:\\\/\\\/ubirataonline.com.br\\\/#organization\",\"name\":\"Ubirat\u00e3 Online Not\u00edcias\",\"alternateName\":\"Ubirat\u00e3 Online\",\"url\":\"https:\\\/\\\/ubirataonline.com.br\\\/\",\"logo\":{\"@id\":\"https:\\\/\\\/ubirataonline.com.br\\\/presidente-do-tre-pr-visita-ubirata-para-tratar-do-cadastramento-biometrico-de-eleitores-da-comarca\\\/#local-main-organization-logo\"},\"image\":{\"@id\":\"https:\\\/\\\/ubirataonline.com.br\\\/presidente-do-tre-pr-visita-ubirata-para-tratar-do-cadastramento-biometrico-de-eleitores-da-comarca\\\/#local-main-organization-logo\"},\"sameAs\":[\"https:\\\/\\\/www.facebook.com\\\/portalubirataonline\",\"https:\\\/\\\/x.com\\\/ubirataonline\",\"https:\\\/\\\/mastodon.social\\\/@ubirataonline\",\"https:\\\/\\\/www.facebook.com\\\/groups\\\/311144672285604\",\"https:\\\/\\\/www.facebook.com\\\/UBTAOnline\",\"https:\\\/\\\/www.instagram.com\\\/portalubirataonline\\\/\",\"https:\\\/\\\/twitter.com\\\/ubirataonline\"],\"description\":\"Somos um portal de not\u00edcias independente, criado em 5 de janeiro de 2009, com o objetivo de informar, conectar e valorizar a nossa comunidade de Ubirat\u00e3 e toda aregi\u00e3o. Com conte\u00fado atualizado, confi\u00e1vel e relevante, o Ubirat\u00e3 Online \u00e9 o seu espa\u00e7o para ficar por dentro dos principais acontecimentos locais, regionais, Brasil, Mundo e de interesse geral. Nosso compromisso \u00e9 com a verdade, a transpar\u00eancia e o respeito ao leitor.\",\"legalName\":\"UBIRATA ONLINE NOT\u00cdCIAS\",\"foundingDate\":\"2009-01-05\",\"numberOfEmployees\":{\"@type\":\"QuantitativeValue\",\"minValue\":\"1\",\"maxValue\":\"10\"},\"publishingPrinciples\":\"https:\\\/\\\/ubirataonline.com.br\\\/faq\\\/\",\"address\":{\"@id\":\"https:\\\/\\\/ubirataonline.com.br\\\/presidente-do-tre-pr-visita-ubirata-para-tratar-do-cadastramento-biometrico-de-eleitores-da-comarca\\\/#local-main-place-address\"},\"geo\":{\"@type\":\"GeoCoordinates\",\"latitude\":\"-24.5361401\",\"longitude\":\"-52.9921776\"},\"telephone\":[\"+5544998308235\"],\"contactPoint\":{\"@type\":\"ContactPoint\",\"email\":\"contato@ubirataonline.com.br\"},\"openingHoursSpecification\":{\"@type\":\"OpeningHoursSpecification\",\"dayOfWeek\":[\"Monday\",\"Tuesday\",\"Wednesday\",\"Thursday\",\"Friday\",\"Saturday\",\"Sunday\"],\"opens\":\"00:00\",\"closes\":\"23:59\"},\"email\":\"contato@ubirataonline.com.br\",\"vatID\":\"47.621.418\\\/0001-80\"},{\"@type\":\"Person\",\"@id\":\"https:\\\/\\\/ubirataonline.com.br\\\/#\\\/schema\\\/person\\\/372f87bbd3fdd79b8556b84c98d0bc1c\",\"name\":\"REDA\u00c7\u00c3O: UBIRAT\u00c3 ONLINE - F\u00c1BIO AUGUSTO CELESTINO\",\"pronouns\":\"Ele\",\"description\":\"Desde 2003 trabalhando com not\u00edcias.\",\"sameAs\":[\"http:\\\/\\\/ubirataoline.com.br\",\"https:\\\/\\\/www.facebook.com\\\/portalubirataonline\",\"https:\\\/\\\/www.instagram.com\\\/ubirataonline_oficial\",\"https:\\\/\\\/x.com\\\/x.com\\\/ubirataonline\"],\"honorificPrefix\":\"Mr.\",\"honorificSuffix\":\"MD\",\"birthDate\":\"1980-06-16\",\"gender\":\"masculino\",\"award\":[\"V\u00e1rios pr\u00eamios de melhor portal da cidade\"],\"jobTitle\":\"Diretor\",\"url\":\"https:\\\/\\\/ubirataonline.com.br\\\/en\\\/author\\\/ubirataonline\\\/\"},{\"@type\":\"PostalAddress\",\"@id\":\"https:\\\/\\\/ubirataonline.com.br\\\/presidente-do-tre-pr-visita-ubirata-para-tratar-do-cadastramento-biometrico-de-eleitores-da-comarca\\\/#local-main-place-address\",\"streetAddress\":\"Rua dos Coqueiros, 104 - Bairro Boa Vista, Rua dos Coqueiros, 104 Bairro Boa Vista\",\"addressLocality\":\"UBIRATA\",\"postalCode\":\"85440-000\",\"addressRegion\":\"PR\",\"addressCountry\":\"BR\"},{\"@type\":\"ImageObject\",\"inLanguage\":\"en-US\",\"@id\":\"https:\\\/\\\/ubirataonline.com.br\\\/presidente-do-tre-pr-visita-ubirata-para-tratar-do-cadastramento-biometrico-de-eleitores-da-comarca\\\/#local-main-organization-logo\",\"url\":\"https:\\\/\\\/ubirataonline.com.br\\\/wp-content\\\/uploads\\\/2026\\\/06\\\/logoubirataonline-1.webp\",\"contentUrl\":\"https:\\\/\\\/ubirataonline.com.br\\\/wp-content\\\/uploads\\\/2026\\\/06\\\/logoubirataonline-1.webp\",\"width\":500,\"height\":500,\"caption\":\"Ubirat\u00e3 Online Not\u00edcias\"}]}<\/script>\n<meta name=\"geo.placename\" content=\"UBIRATA\" \/>\n<meta name=\"geo.position\" content=\"-24.5361401;-52.9921776\" \/>\n<meta name=\"geo.region\" content=\"Brazil\" \/>\n<!-- \/ Yoast SEO Premium plugin. -->","yoast_head_json":{"title":"Presidente do TRE-PR visita Ubirat\u00e3 para tratar do cadastramento biom\u00e9trico de eleitores da comarca - Ubirat\u00e3 Online Not\u00edcias - A realidade ao seu alcance!","description":"Os Poderes Executivo (prefeito Haroldo Fernandes Duarte \u2013 Baco), Judici\u00e1rio (ju\u00edza de Direito Dra. Ana Beatriz Lopes), Legislativo (vereador Rafael Bartz)","robots":{"index":"index","follow":"follow","max-snippet":"max-snippet:-1","max-image-preview":"max-image-preview:large","max-video-preview":"max-video-preview:-1"},"canonical":"https:\/\/ubirataonline.com.br\/en\/presidente-do-tre-pr-visita-ubirata-para-tratar-do-cadastramento-biometrico-de-eleitores-da-comarca\/","og_locale":"en_US","og_type":"article","og_title":"Presidente do TRE-PR visita Ubirat\u00e3 para tratar do cadastramento biom\u00e9trico de eleitores da comarca","og_description":"Os Poderes Executivo (prefeito Haroldo Fernandes Duarte \u2013 Baco), Judici\u00e1rio (ju\u00edza de Direito Dra. Ana Beatriz Lopes), Legislativo (vereador Rafael Bartz)","og_url":"https:\/\/ubirataonline.com.br\/en\/presidente-do-tre-pr-visita-ubirata-para-tratar-do-cadastramento-biometrico-de-eleitores-da-comarca\/","og_site_name":"Ubirat\u00e3 Online Not\u00edcias - A realidade ao seu alcance!","article_publisher":"https:\/\/www.facebook.com\/portalubirataonline","article_author":"https:\/\/www.facebook.com\/portalubirataonline","article_published_time":"2019-05-09T13:07:47+00:00","article_modified_time":"2019-05-09T13:07:52+00:00","og_image":[{"url":"https:\/\/ubirataonline.com.br\/wp-content\/uploads\/2019\/05\/2-6-1600x840.jpg","type":"","width":"","height":""}],"author":"REDA\u00c7\u00c3O: UBIRAT\u00c3 ONLINE - F\u00c1BIO AUGUSTO CELESTINO","twitter_card":"summary_large_image","twitter_creator":"@x.com\/ubirataonline","twitter_site":"@ubirataonline","twitter_misc":{"Written by":"REDA\u00c7\u00c3O: UBIRAT\u00c3 ONLINE - F\u00c1BIO AUGUSTO CELESTINO","Est. reading time":"2 minutes"},"schema":{"@context":"https:\/\/schema.org","@graph":[{"@type":"NewsArticle","@id":"https:\/\/ubirataonline.com.br\/presidente-do-tre-pr-visita-ubirata-para-tratar-do-cadastramento-biometrico-de-eleitores-da-comarca\/#article","isPartOf":{"@id":"https:\/\/ubirataonline.com.br\/presidente-do-tre-pr-visita-ubirata-para-tratar-do-cadastramento-biometrico-de-eleitores-da-comarca\/"},"author":{"name":"REDA\u00c7\u00c3O: UBIRAT\u00c3 ONLINE - F\u00c1BIO AUGUSTO CELESTINO","@id":"https:\/\/ubirataonline.com.br\/#\/schema\/person\/372f87bbd3fdd79b8556b84c98d0bc1c"},"headline":"Presidente do TRE-PR visita Ubirat\u00e3 para tratar do cadastramento biom\u00e9trico de eleitores da comarca","datePublished":"2019-05-09T13:07:47+00:00","dateModified":"2019-05-09T13:07:52+00:00","mainEntityOfPage":{"@id":"https:\/\/ubirataonline.com.br\/presidente-do-tre-pr-visita-ubirata-para-tratar-do-cadastramento-biometrico-de-eleitores-da-comarca\/"},"wordCount":496,"publisher":{"@id":"https:\/\/ubirataonline.com.br\/#organization"},"image":{"@id":"https:\/\/ubirataonline.com.br\/presidente-do-tre-pr-visita-ubirata-para-tratar-do-cadastramento-biometrico-de-eleitores-da-comarca\/#primaryimage"},"thumbnailUrl":"https:\/\/ubirataonline.com.br\/wp-content\/uploads\/2019\/05\/2-6-1600x840.jpg","articleSection":["Geral"],"inLanguage":"en-US","copyrightYear":"2019","copyrightHolder":{"@id":"https:\/\/ubirataonline.com.br\/en\/#organization"}},{"@type":"WebPage","@id":"https:\/\/ubirataonline.com.br\/presidente-do-tre-pr-visita-ubirata-para-tratar-do-cadastramento-biometrico-de-eleitores-da-comarca\/","url":"https:\/\/ubirataonline.com.br\/presidente-do-tre-pr-visita-ubirata-para-tratar-do-cadastramento-biometrico-de-eleitores-da-comarca\/","name":"Presidente do TRE-PR visita Ubirat\u00e3 para tratar do cadastramento biom\u00e9trico de eleitores da comarca - Ubirat\u00e3 Online Not\u00edcias - A realidade ao seu alcance!","isPartOf":{"@id":"https:\/\/ubirataonline.com.br\/#website"},"primaryImageOfPage":{"@id":"https:\/\/ubirataonline.com.br\/presidente-do-tre-pr-visita-ubirata-para-tratar-do-cadastramento-biometrico-de-eleitores-da-comarca\/#primaryimage"},"image":{"@id":"https:\/\/ubirataonline.com.br\/presidente-do-tre-pr-visita-ubirata-para-tratar-do-cadastramento-biometrico-de-eleitores-da-comarca\/#primaryimage"},"thumbnailUrl":"https:\/\/ubirataonline.com.br\/wp-content\/uploads\/2019\/05\/2-6-1600x840.jpg","datePublished":"2019-05-09T13:07:47+00:00","dateModified":"2019-05-09T13:07:52+00:00","description":"Os Poderes Executivo (prefeito Haroldo Fernandes Duarte \u2013 Baco), Judici\u00e1rio (ju\u00edza de Direito Dra. Ana Beatriz Lopes), Legislativo (vereador Rafael Bartz)","breadcrumb":{"@id":"https:\/\/ubirataonline.com.br\/presidente-do-tre-pr-visita-ubirata-para-tratar-do-cadastramento-biometrico-de-eleitores-da-comarca\/#breadcrumb"},"inLanguage":"en-US","potentialAction":[{"@type":"ReadAction","target":["https:\/\/ubirataonline.com.br\/presidente-do-tre-pr-visita-ubirata-para-tratar-do-cadastramento-biometrico-de-eleitores-da-comarca\/"]}]},{"@type":"ImageObject","inLanguage":"en-US","@id":"https:\/\/ubirataonline.com.br\/presidente-do-tre-pr-visita-ubirata-para-tratar-do-cadastramento-biometrico-de-eleitores-da-comarca\/#primaryimage","url":"https:\/\/ubirataonline.com.br\/wp-content\/uploads\/2019\/05\/2-6-1600x840.jpg","contentUrl":"https:\/\/ubirataonline.com.br\/wp-content\/uploads\/2019\/05\/2-6-1600x840.jpg"},{"@type":"BreadcrumbList","@id":"https:\/\/ubirataonline.com.br\/presidente-do-tre-pr-visita-ubirata-para-tratar-do-cadastramento-biometrico-de-eleitores-da-comarca\/#breadcrumb","itemListElement":[{"@type":"ListItem","position":1,"name":"In\u00edcio","item":"https:\/\/ubirataonline.com.br\/"},{"@type":"ListItem","position":2,"name":"Presidente do TRE-PR visita Ubirat\u00e3 para tratar do cadastramento biom\u00e9trico de eleitores da comarca"}]},{"@type":"WebSite","@id":"https:\/\/ubirataonline.com.br\/#website","url":"https:\/\/ubirataonline.com.br\/","name":"Ubirat\u00e3 Online Not\u00edcias","description":"Not\u00edcias de Ubirat\u00e3, regi\u00e3o, Brasil e mundo, com informa\u00e7\u00e3o atualizada e compromisso com o leitor.","publisher":{"@id":"https:\/\/ubirataonline.com.br\/#organization"},"alternateName":"Ubirat\u00e3 Online","potentialAction":[{"@type":"SearchAction","target":{"@type":"EntryPoint","urlTemplate":"https:\/\/ubirataonline.com.br\/?s={search_term_string}"},"query-input":{"@type":"PropertyValueSpecification","valueRequired":true,"valueName":"search_term_string"}}],"inLanguage":"en-US"},{"@type":["Organization","Place"],"@id":"https:\/\/ubirataonline.com.br\/#organization","name":"Ubirat\u00e3 Online Not\u00edcias","alternateName":"Ubirat\u00e3 Online","url":"https:\/\/ubirataonline.com.br\/","logo":{"@id":"https:\/\/ubirataonline.com.br\/presidente-do-tre-pr-visita-ubirata-para-tratar-do-cadastramento-biometrico-de-eleitores-da-comarca\/#local-main-organization-logo"},"image":{"@id":"https:\/\/ubirataonline.com.br\/presidente-do-tre-pr-visita-ubirata-para-tratar-do-cadastramento-biometrico-de-eleitores-da-comarca\/#local-main-organization-logo"},"sameAs":["https:\/\/www.facebook.com\/portalubirataonline","https:\/\/x.com\/ubirataonline","https:\/\/mastodon.social\/@ubirataonline","https:\/\/www.facebook.com\/groups\/311144672285604","https:\/\/www.facebook.com\/UBTAOnline","https:\/\/www.instagram.com\/portalubirataonline\/","https:\/\/twitter.com\/ubirataonline"],"description":"Somos um portal de not\u00edcias independente, criado em 5 de janeiro de 2009, com o objetivo de informar, conectar e valorizar a nossa comunidade de Ubirat\u00e3 e toda aregi\u00e3o. Com conte\u00fado atualizado, confi\u00e1vel e relevante, o Ubirat\u00e3 Online \u00e9 o seu espa\u00e7o para ficar por dentro dos principais acontecimentos locais, regionais, Brasil, Mundo e de interesse geral. Nosso compromisso \u00e9 com a verdade, a transpar\u00eancia e o respeito ao leitor.","legalName":"UBIRATA ONLINE NOT\u00cdCIAS","foundingDate":"2009-01-05","numberOfEmployees":{"@type":"QuantitativeValue","minValue":"1","maxValue":"10"},"publishingPrinciples":"https:\/\/ubirataonline.com.br\/faq\/","address":{"@id":"https:\/\/ubirataonline.com.br\/presidente-do-tre-pr-visita-ubirata-para-tratar-do-cadastramento-biometrico-de-eleitores-da-comarca\/#local-main-place-address"},"geo":{"@type":"GeoCoordinates","latitude":"-24.5361401","longitude":"-52.9921776"},"telephone":["+5544998308235"],"contactPoint":{"@type":"ContactPoint","email":"contato@ubirataonline.com.br"},"openingHoursSpecification":{"@type":"OpeningHoursSpecification","dayOfWeek":["Monday","Tuesday","Wednesday","Thursday","Friday","Saturday","Sunday"],"opens":"00:00","closes":"23:59"},"email":"contato@ubirataonline.com.br","vatID":"47.621.418\/0001-80"},{"@type":"Person","@id":"https:\/\/ubirataonline.com.br\/#\/schema\/person\/372f87bbd3fdd79b8556b84c98d0bc1c","name":"REDA\u00c7\u00c3O: UBIRAT\u00c3 ONLINE - F\u00c1BIO AUGUSTO CELESTINO","pronouns":"Ele","description":"Desde 2003 trabalhando com not\u00edcias.","sameAs":["http:\/\/ubirataoline.com.br","https:\/\/www.facebook.com\/portalubirataonline","https:\/\/www.instagram.com\/ubirataonline_oficial","https:\/\/x.com\/x.com\/ubirataonline"],"honorificPrefix":"Mr.","honorificSuffix":"MD","birthDate":"1980-06-16","gender":"masculino","award":["V\u00e1rios pr\u00eamios de melhor portal da cidade"],"jobTitle":"Diretor","url":"https:\/\/ubirataonline.com.br\/en\/author\/ubirataonline\/"},{"@type":"PostalAddress","@id":"https:\/\/ubirataonline.com.br\/presidente-do-tre-pr-visita-ubirata-para-tratar-do-cadastramento-biometrico-de-eleitores-da-comarca\/#local-main-place-address","streetAddress":"Rua dos Coqueiros, 104 - Bairro Boa Vista, Rua dos Coqueiros, 104 Bairro Boa Vista","addressLocality":"UBIRATA","postalCode":"85440-000","addressRegion":"PR","addressCountry":"BR"},{"@type":"ImageObject","inLanguage":"en-US","@id":"https:\/\/ubirataonline.com.br\/presidente-do-tre-pr-visita-ubirata-para-tratar-do-cadastramento-biometrico-de-eleitores-da-comarca\/#local-main-organization-logo","url":"https:\/\/ubirataonline.com.br\/wp-content\/uploads\/2026\/06\/logoubirataonline-1.webp","contentUrl":"https:\/\/ubirataonline.com.br\/wp-content\/uploads\/2026\/06\/logoubirataonline-1.webp","width":500,"height":500,"caption":"Ubirat\u00e3 Online Not\u00edcias"}]},"geo.placename":"UBIRATA","geo.position":{"lat":"-24.5361401","long":"-52.9921776"},"geo.region":"Brazil"},"_links":{"self":[{"href":"https:\/\/ubirataonline.com.br\/en\/wp-json\/wp\/v2\/posts\/21704","targetHints":{"allow":["GET"]}}],"collection":[{"href":"https:\/\/ubirataonline.com.br\/en\/wp-json\/wp\/v2\/posts"}],"about":[{"href":"https:\/\/ubirataonline.com.br\/en\/wp-json\/wp\/v2\/types\/post"}],"author":[{"embeddable":true,"href":"https:\/\/ubirataonline.com.br\/en\/wp-json\/wp\/v2\/users\/1"}],"replies":[{"embeddable":true,"href":"https:\/\/ubirataonline.com.br\/en\/wp-json\/wp\/v2\/comments?post=21704"}],"version-history":[{"count":0,"href":"https:\/\/ubirataonline.com.br\/en\/wp-json\/wp\/v2\/posts\/21704\/revisions"}],"wp:attachment":[{"href":"https:\/\/ubirataonline.com.br\/en\/wp-json\/wp\/v2\/media?parent=21704"}],"wp:term":[{"taxonomy":"category","embeddable":true,"href":"https:\/\/ubirataonline.com.br\/en\/wp-json\/wp\/v2\/categories?post=21704"},{"taxonomy":"post_tag","embeddable":true,"href":"https:\/\/ubirataonline.com.br\/en\/wp-json\/wp\/v2\/tags?post=21704"}],"curies":[{"name":"wp","href":"https:\/\/api.w.org\/{rel}","templated":true}]}}