{"id":22105,"date":"2019-05-23T10:15:24","date_gmt":"2019-05-23T13:15:24","guid":{"rendered":"https:\/\/ubirataonline.com.br\/?p=22105"},"modified":"2019-05-23T10:17:43","modified_gmt":"2019-05-23T13:17:43","slug":"3-obitos-regiao-da-comcam-registra-mais-uma-morte-por-gripe-a","status":"publish","type":"post","link":"https:\/\/ubirataonline.com.br\/en\/3-obitos-regiao-da-comcam-registra-mais-uma-morte-por-gripe-a\/","title":{"rendered":"3 \u00f3bitos: Regi\u00e3o da Comcam registra mais uma morte por Gripe A"},"content":{"rendered":"<p class=\"wp-block-paragraph\">A Comunidade dos Munic\u00edpios da Regi\u00e3o \nde Campo Mour\u00e3o est\u00e1 com sinal de alerta ligado para os casos de \nInfluenza (Gripe). O boletim divulgado nessa quarta-feira (22) pela \nSecretaria da Sa\u00fade do Paran\u00e1 aponta para mais uma morte por Gripe A na \nregi\u00e3o, aumentando para 3 o n\u00famero de \u00f3bitos pela doen\u00e7a esta ano. <strong>Desta\n vez a morte foi registrada na cidade de Juranda, a v\u00edtima \u00e9 um idoso de\n 69 anos, ou seja, est\u00e1 dentro do grupo de risco preconizado para a \nvacina.&nbsp;<\/strong><\/p>\n\n\n\n<p class=\"wp-block-paragraph\">As outras mortes foram registradas na semana passada em Campina da  Lagoa e Moreira Sales, cujas v\u00edtimas tinham 36 e 44 anos. At\u00e9 o momento a  11\u00ba Regional de Sa\u00fade de Campo Mour\u00e3o contabiliza 4 casos confirmados  de Gripe A na Comcam, sendo em Campina da Lagoa (1); Campo Mour\u00e3o (1); Juranda (1); e Moreira Sales (1). <strong>\u201cO momento \u00e9 de muita preocupa\u00e7\u00e3o\u201d<\/strong>,  alerta a enfermeira da Vigil\u00e2ncia Epidemiol\u00f3gica da Regional de Sa\u00fade,  Evandra Cristina Pereira. A campanha nacional de vacina\u00e7\u00e3o contra a  gripe come\u00e7ou no dia 10 de abril e segue at\u00e9 o dia 31 de maio.<\/p>\n\n\n\n<p class=\"wp-block-paragraph\">Na Comcam, a popula\u00e7\u00e3o total a ser vacinada \u00e9 111.723 pessoas. A \ncampanha alcan\u00e7ou at\u00e9 o momento 82,14% do p\u00fablico alvo, o equivalente a \n91.769 pessoas. A cobertura vacinal por grupo \u00e9 a seguinte: crian\u00e7as \n(81,85%); trabalhadores de sa\u00fade (81,44%); gestantes (72,59%); pu\u00e9rperas\n (101,80%); idosos (88,96%); professores (80,51%); e pessoas com \ncomorbidades (71,19%).<\/p>\n\n\n\n<p class=\"wp-block-paragraph\">Evandra chama aten\u00e7\u00e3o que o grupo dos professores tem a menor \ncobertura nos munic\u00edpios. Em algumas cidades o \u00edndice de vacina\u00e7\u00e3o no \ngrupo n\u00e3o chega a 50%. A mesma situa\u00e7\u00e3o acontece no grupo de pessoas com\n comorbidade. <strong>\u201cEstamos muito preocupados com a situa\u00e7\u00e3o. Quem \nest\u00e1 dentro dos grupos de risco e ainda n\u00e3o vacinou procure uma unidade \nde sa\u00fade e se vacine o mais r\u00e1pido poss\u00edvel\u201d<\/strong>, pediu a enfermeira, ao comentar que a aproxima\u00e7\u00e3o do inverno provoca aumento do n\u00famero de casos de Influenza.<\/p>\n\n\n\n<p class=\"wp-block-paragraph\">Os grupos de risco para a vacina s\u00e3o crian\u00e7as com idade entre 6 meses\n a 6 anos de idade; gr\u00e1vidas em qualquer per\u00edodo gestacional; pu\u00e9rperas \n(mulheres at\u00e9 45 dias ap\u00f3s o parto); trabalhadores da \u00e1rea da sa\u00fade; \nprofessores da rede p\u00fablica e particular; idosos com mais de 60 anos de \nidade; popula\u00e7\u00f5es ind\u00edgenas, doentes cr\u00f4nicos; e popula\u00e7\u00e3o carcer\u00e1ria.<\/p>\n\n\n\n<p class=\"wp-block-paragraph\">A vacina contra gripe \u00e9 segura e reduz as complica\u00e7\u00f5es que podem \nevoluir para casos graves da doen\u00e7a, interna\u00e7\u00f5es e \u00f3bitos. Atualmente o \nbalan\u00e7o da campanha de vacina\u00e7\u00e3o contra a gripe no Paran\u00e1 mostra que \n69,19% do p\u00fablico-alvo foi imunizado.<\/p>\n\n\n\n<p class=\"wp-block-paragraph\">Os sintomas da doen\u00e7a incluem febre alta (acima de 38\u00b0), dor \nmuscular, dor de garganta, dor de cabe\u00e7a e tosse. Quando h\u00e1 suspeita de \ngripe (influenza), deve-se procurar os servi\u00e7os de sa\u00fade para avalia\u00e7\u00e3o \nm\u00e9dica o mais breve poss\u00edvel e iniciar o tratamento com o antiviral \nespec\u00edfico. A pessoa nunca deve se automedicar.<\/p>\n\n\n\n<p class=\"wp-block-paragraph\"><strong>Situa\u00e7\u00e3o no Paran\u00e1<\/strong><\/p>\n\n\n\n<p class=\"wp-block-paragraph\">De acordo com o boletim divulgado hoje pela Secretaria Estadual de  Sa\u00fade, o Paran\u00e1 registrou at\u00e9 o momento s\u00e3o 109 casos de Gripe A, com 31  mortes. Na semana anterior o boletim apresentava 74 casos graves  confirmados de Influenza com 22 \u00f3bitos.<\/p>\n\n\n\n<p class=\"wp-block-paragraph\">Fonte: <a href=\"https:\/\/www.tribunadointerior.com.br\/noticia\/regiao-registra-mais-uma-morte-por-gripe-a-e-obitos-sobem-para-3-na-comcam\">Tribuna do Interior<\/a><\/p>","protected":false},"excerpt":{"rendered":"<p>A Comunidade dos Munic\u00edpios da Regi\u00e3o de Campo Mour\u00e3o est\u00e1 com sinal de alerta ligado para os casos de Influenza (Gripe). O boletim divulgado nessa quarta-feira (22) pela Secretaria da Sa\u00fade do Paran\u00e1 aponta para mais uma morte por Gripe A na regi\u00e3o, aumentando para 3 o n\u00famero de \u00f3bitos pela doen\u00e7a esta ano. Desta [&hellip;]<\/p>\n","protected":false},"author":2,"featured_media":0,"comment_status":"closed","ping_status":"closed","sticky":false,"template":"","format":"standard","meta":{"googlesitekit_rrm_CAow2JLhCw:productID":"","_gspb_post_css":"","maa_idioma":"","maa_pais":"","footnotes":""},"categories":[30],"tags":[],"class_list":["post-22105","post","type-post","status-publish","format-standard","hentry","category-saude"],"blocksy_meta":[],"yoast_head":"<!-- This site is optimized with the Yoast SEO Premium plugin v27.6 (Yoast SEO v27.6) - https:\/\/yoast.com\/product\/yoast-seo-premium-wordpress\/ -->\n<title>3 \u00f3bitos: Regi\u00e3o da Comcam registra mais uma morte por Gripe A - Ubirat\u00e3 Online Not\u00edcias - A realidade ao seu alcance!<\/title>\n<meta name=\"description\" content=\"A Comunidade dos Munic\u00edpios da Regi\u00e3o de Campo Mour\u00e3o est\u00e1 com sinal de alerta ligado para os casos de Influenza (Gripe). O boletim divulgado nessa\" \/>\n<meta name=\"robots\" content=\"index, follow, max-snippet:-1, max-image-preview:large, max-video-preview:-1\" \/>\n<link rel=\"canonical\" href=\"https:\/\/ubirataonline.com.br\/en\/3-obitos-regiao-da-comcam-registra-mais-uma-morte-por-gripe-a\/\" \/>\n<meta property=\"og:locale\" content=\"en_US\" \/>\n<meta property=\"og:type\" content=\"article\" \/>\n<meta property=\"og:title\" content=\"3 \u00f3bitos: Regi\u00e3o da Comcam registra mais uma morte por Gripe A\" \/>\n<meta property=\"og:description\" content=\"A Comunidade dos Munic\u00edpios da Regi\u00e3o de Campo Mour\u00e3o est\u00e1 com sinal de alerta ligado para os casos de Influenza (Gripe). O boletim divulgado nessa\" \/>\n<meta property=\"og:url\" content=\"https:\/\/ubirataonline.com.br\/en\/3-obitos-regiao-da-comcam-registra-mais-uma-morte-por-gripe-a\/\" \/>\n<meta property=\"og:site_name\" content=\"Ubirat\u00e3 Online Not\u00edcias - A realidade ao seu alcance!\" \/>\n<meta property=\"article:publisher\" content=\"https:\/\/www.facebook.com\/portalubirataonline\" \/>\n<meta property=\"article:published_time\" content=\"2019-05-23T13:15:24+00:00\" \/>\n<meta property=\"article:modified_time\" content=\"2019-05-23T13:17:43+00:00\" \/>\n<meta property=\"og:image\" content=\"https:\/\/ubirataonline.com.br\/wp-content\/uploads\/2026\/05\/logo2026.webp\" \/>\n\t<meta property=\"og:image:width\" content=\"1531\" \/>\n\t<meta property=\"og:image:height\" content=\"418\" \/>\n\t<meta property=\"og:image:type\" content=\"image\/webp\" \/>\n<meta name=\"author\" content=\"Vampeta\" \/>\n<meta name=\"twitter:card\" content=\"summary_large_image\" \/>\n<meta name=\"twitter:creator\" content=\"@ubirataonline\" \/>\n<meta name=\"twitter:site\" content=\"@ubirataonline\" \/>\n<meta name=\"twitter:label1\" content=\"Written by\" \/>\n\t<meta name=\"twitter:data1\" content=\"Vampeta\" \/>\n\t<meta name=\"twitter:label2\" content=\"Est. reading time\" \/>\n\t<meta name=\"twitter:data2\" content=\"3 minutes\" \/>\n<script type=\"application\/ld+json\" class=\"yoast-schema-graph\">{\"@context\":\"https:\\\/\\\/schema.org\",\"@graph\":[{\"@type\":\"NewsArticle\",\"@id\":\"https:\\\/\\\/ubirataonline.com.br\\\/3-obitos-regiao-da-comcam-registra-mais-uma-morte-por-gripe-a\\\/#article\",\"isPartOf\":{\"@id\":\"https:\\\/\\\/ubirataonline.com.br\\\/3-obitos-regiao-da-comcam-registra-mais-uma-morte-por-gripe-a\\\/\"},\"author\":{\"name\":\"Vampeta\",\"@id\":\"https:\\\/\\\/ubirataonline.com.br\\\/#\\\/schema\\\/person\\\/09f7a474bd1834b50dea8d1c197e976f\"},\"headline\":\"3 \u00f3bitos: Regi\u00e3o da Comcam registra mais uma morte por Gripe A\",\"datePublished\":\"2019-05-23T13:15:24+00:00\",\"dateModified\":\"2019-05-23T13:17:43+00:00\",\"mainEntityOfPage\":{\"@id\":\"https:\\\/\\\/ubirataonline.com.br\\\/3-obitos-regiao-da-comcam-registra-mais-uma-morte-por-gripe-a\\\/\"},\"wordCount\":559,\"publisher\":{\"@id\":\"https:\\\/\\\/ubirataonline.com.br\\\/#organization\"},\"articleSection\":[\"Sa\u00fade\"],\"inLanguage\":\"en-US\",\"copyrightYear\":\"2019\",\"copyrightHolder\":{\"@id\":\"https:\\\/\\\/ubirataonline.com.br\\\/en\\\/#organization\"}},{\"@type\":\"WebPage\",\"@id\":\"https:\\\/\\\/ubirataonline.com.br\\\/3-obitos-regiao-da-comcam-registra-mais-uma-morte-por-gripe-a\\\/\",\"url\":\"https:\\\/\\\/ubirataonline.com.br\\\/3-obitos-regiao-da-comcam-registra-mais-uma-morte-por-gripe-a\\\/\",\"name\":\"3 \u00f3bitos: Regi\u00e3o da Comcam registra mais uma morte por Gripe A - Ubirat\u00e3 Online Not\u00edcias - A realidade ao seu alcance!\",\"isPartOf\":{\"@id\":\"https:\\\/\\\/ubirataonline.com.br\\\/#website\"},\"datePublished\":\"2019-05-23T13:15:24+00:00\",\"dateModified\":\"2019-05-23T13:17:43+00:00\",\"description\":\"A Comunidade dos Munic\u00edpios da Regi\u00e3o de Campo Mour\u00e3o est\u00e1 com sinal de alerta ligado para os casos de Influenza (Gripe). O boletim divulgado nessa\",\"breadcrumb\":{\"@id\":\"https:\\\/\\\/ubirataonline.com.br\\\/3-obitos-regiao-da-comcam-registra-mais-uma-morte-por-gripe-a\\\/#breadcrumb\"},\"inLanguage\":\"en-US\",\"potentialAction\":[{\"@type\":\"ReadAction\",\"target\":[\"https:\\\/\\\/ubirataonline.com.br\\\/3-obitos-regiao-da-comcam-registra-mais-uma-morte-por-gripe-a\\\/\"]}]},{\"@type\":\"BreadcrumbList\",\"@id\":\"https:\\\/\\\/ubirataonline.com.br\\\/3-obitos-regiao-da-comcam-registra-mais-uma-morte-por-gripe-a\\\/#breadcrumb\",\"itemListElement\":[{\"@type\":\"ListItem\",\"position\":1,\"name\":\"In\u00edcio\",\"item\":\"https:\\\/\\\/ubirataonline.com.br\\\/\"},{\"@type\":\"ListItem\",\"position\":2,\"name\":\"3 \u00f3bitos: Regi\u00e3o da Comcam registra mais uma morte por Gripe A\"}]},{\"@type\":\"WebSite\",\"@id\":\"https:\\\/\\\/ubirataonline.com.br\\\/#website\",\"url\":\"https:\\\/\\\/ubirataonline.com.br\\\/\",\"name\":\"Ubirat\u00e3 Online Not\u00edcias\",\"description\":\"Not\u00edcias de Ubirat\u00e3, regi\u00e3o, Brasil e mundo, com informa\u00e7\u00e3o atualizada e compromisso com o leitor.\",\"publisher\":{\"@id\":\"https:\\\/\\\/ubirataonline.com.br\\\/#organization\"},\"alternateName\":\"Ubirat\u00e3 Online\",\"potentialAction\":[{\"@type\":\"SearchAction\",\"target\":{\"@type\":\"EntryPoint\",\"urlTemplate\":\"https:\\\/\\\/ubirataonline.com.br\\\/?s={search_term_string}\"},\"query-input\":{\"@type\":\"PropertyValueSpecification\",\"valueRequired\":true,\"valueName\":\"search_term_string\"}}],\"inLanguage\":\"en-US\"},{\"@type\":[\"Organization\",\"Place\"],\"@id\":\"https:\\\/\\\/ubirataonline.com.br\\\/#organization\",\"name\":\"Ubirat\u00e3 Online Not\u00edcias\",\"alternateName\":\"Ubirat\u00e3 Online\",\"url\":\"https:\\\/\\\/ubirataonline.com.br\\\/\",\"logo\":{\"@id\":\"https:\\\/\\\/ubirataonline.com.br\\\/3-obitos-regiao-da-comcam-registra-mais-uma-morte-por-gripe-a\\\/#local-main-organization-logo\"},\"image\":{\"@id\":\"https:\\\/\\\/ubirataonline.com.br\\\/3-obitos-regiao-da-comcam-registra-mais-uma-morte-por-gripe-a\\\/#local-main-organization-logo\"},\"sameAs\":[\"https:\\\/\\\/www.facebook.com\\\/portalubirataonline\",\"https:\\\/\\\/x.com\\\/ubirataonline\",\"https:\\\/\\\/mastodon.social\\\/@ubirataonline\",\"https:\\\/\\\/www.facebook.com\\\/groups\\\/311144672285604\",\"https:\\\/\\\/www.facebook.com\\\/UBTAOnline\",\"https:\\\/\\\/www.instagram.com\\\/portalubirataonline\\\/\",\"https:\\\/\\\/twitter.com\\\/ubirataonline\"],\"description\":\"Somos um portal de not\u00edcias independente, criado em 5 de janeiro de 2009, com o objetivo de informar, conectar e valorizar a nossa comunidade de Ubirat\u00e3 e toda aregi\u00e3o. Com conte\u00fado atualizado, confi\u00e1vel e relevante, o Ubirat\u00e3 Online \u00e9 o seu espa\u00e7o para ficar por dentro dos principais acontecimentos locais, regionais, Brasil, Mundo e de interesse geral. Nosso compromisso \u00e9 com a verdade, a transpar\u00eancia e o respeito ao leitor.\",\"legalName\":\"UBIRATA ONLINE NOT\u00cdCIAS\",\"foundingDate\":\"2009-01-05\",\"numberOfEmployees\":{\"@type\":\"QuantitativeValue\",\"minValue\":\"1\",\"maxValue\":\"10\"},\"publishingPrinciples\":\"https:\\\/\\\/ubirataonline.com.br\\\/faq\\\/\",\"address\":{\"@id\":\"https:\\\/\\\/ubirataonline.com.br\\\/3-obitos-regiao-da-comcam-registra-mais-uma-morte-por-gripe-a\\\/#local-main-place-address\"},\"geo\":{\"@type\":\"GeoCoordinates\",\"latitude\":\"-24.5361401\",\"longitude\":\"-52.9921776\"},\"telephone\":[\"+5544998308235\"],\"contactPoint\":{\"@type\":\"ContactPoint\",\"email\":\"contato@ubirataonline.com.br\"},\"openingHoursSpecification\":{\"@type\":\"OpeningHoursSpecification\",\"dayOfWeek\":[\"Monday\",\"Tuesday\",\"Wednesday\",\"Thursday\",\"Friday\",\"Saturday\",\"Sunday\"],\"opens\":\"00:00\",\"closes\":\"23:59\"},\"email\":\"contato@ubirataonline.com.br\",\"vatID\":\"47.621.418\\\/0001-80\"},{\"@type\":\"Person\",\"@id\":\"https:\\\/\\\/ubirataonline.com.br\\\/#\\\/schema\\\/person\\\/09f7a474bd1834b50dea8d1c197e976f\",\"name\":\"Vampeta\",\"sameAs\":[\"https:\\\/\\\/ubirataonline.com.br\"],\"url\":\"https:\\\/\\\/ubirataonline.com.br\\\/en\\\/author\\\/vampeta\\\/\"},{\"@type\":\"PostalAddress\",\"@id\":\"https:\\\/\\\/ubirataonline.com.br\\\/3-obitos-regiao-da-comcam-registra-mais-uma-morte-por-gripe-a\\\/#local-main-place-address\",\"streetAddress\":\"Rua dos Coqueiros, 104 - Bairro Boa Vista, Rua dos Coqueiros, 104 Bairro Boa Vista\",\"addressLocality\":\"UBIRATA\",\"postalCode\":\"85440-000\",\"addressRegion\":\"PR\",\"addressCountry\":\"BR\"},{\"@type\":\"ImageObject\",\"inLanguage\":\"en-US\",\"@id\":\"https:\\\/\\\/ubirataonline.com.br\\\/3-obitos-regiao-da-comcam-registra-mais-uma-morte-por-gripe-a\\\/#local-main-organization-logo\",\"url\":\"https:\\\/\\\/ubirataonline.com.br\\\/wp-content\\\/uploads\\\/2026\\\/06\\\/logoubirataonline-1.webp\",\"contentUrl\":\"https:\\\/\\\/ubirataonline.com.br\\\/wp-content\\\/uploads\\\/2026\\\/06\\\/logoubirataonline-1.webp\",\"width\":500,\"height\":500,\"caption\":\"Ubirat\u00e3 Online Not\u00edcias\"}]}<\/script>\n<meta name=\"geo.placename\" content=\"UBIRATA\" \/>\n<meta name=\"geo.position\" content=\"-24.5361401;-52.9921776\" \/>\n<meta name=\"geo.region\" content=\"Brazil\" \/>\n<!-- \/ Yoast SEO Premium plugin. -->","yoast_head_json":{"title":"3 \u00f3bitos: Regi\u00e3o da Comcam registra mais uma morte por Gripe A - Ubirat\u00e3 Online Not\u00edcias - A realidade ao seu alcance!","description":"A Comunidade dos Munic\u00edpios da Regi\u00e3o de Campo Mour\u00e3o est\u00e1 com sinal de alerta ligado para os casos de Influenza (Gripe). O boletim divulgado nessa","robots":{"index":"index","follow":"follow","max-snippet":"max-snippet:-1","max-image-preview":"max-image-preview:large","max-video-preview":"max-video-preview:-1"},"canonical":"https:\/\/ubirataonline.com.br\/en\/3-obitos-regiao-da-comcam-registra-mais-uma-morte-por-gripe-a\/","og_locale":"en_US","og_type":"article","og_title":"3 \u00f3bitos: Regi\u00e3o da Comcam registra mais uma morte por Gripe A","og_description":"A Comunidade dos Munic\u00edpios da Regi\u00e3o de Campo Mour\u00e3o est\u00e1 com sinal de alerta ligado para os casos de Influenza (Gripe). O boletim divulgado nessa","og_url":"https:\/\/ubirataonline.com.br\/en\/3-obitos-regiao-da-comcam-registra-mais-uma-morte-por-gripe-a\/","og_site_name":"Ubirat\u00e3 Online Not\u00edcias - A realidade ao seu alcance!","article_publisher":"https:\/\/www.facebook.com\/portalubirataonline","article_published_time":"2019-05-23T13:15:24+00:00","article_modified_time":"2019-05-23T13:17:43+00:00","og_image":[{"width":1531,"height":418,"url":"https:\/\/ubirataonline.com.br\/wp-content\/uploads\/2026\/05\/logo2026.webp","type":"image\/webp"}],"author":"Vampeta","twitter_card":"summary_large_image","twitter_creator":"@ubirataonline","twitter_site":"@ubirataonline","twitter_misc":{"Written by":"Vampeta","Est. reading time":"3 minutes"},"schema":{"@context":"https:\/\/schema.org","@graph":[{"@type":"NewsArticle","@id":"https:\/\/ubirataonline.com.br\/3-obitos-regiao-da-comcam-registra-mais-uma-morte-por-gripe-a\/#article","isPartOf":{"@id":"https:\/\/ubirataonline.com.br\/3-obitos-regiao-da-comcam-registra-mais-uma-morte-por-gripe-a\/"},"author":{"name":"Vampeta","@id":"https:\/\/ubirataonline.com.br\/#\/schema\/person\/09f7a474bd1834b50dea8d1c197e976f"},"headline":"3 \u00f3bitos: Regi\u00e3o da Comcam registra mais uma morte por Gripe A","datePublished":"2019-05-23T13:15:24+00:00","dateModified":"2019-05-23T13:17:43+00:00","mainEntityOfPage":{"@id":"https:\/\/ubirataonline.com.br\/3-obitos-regiao-da-comcam-registra-mais-uma-morte-por-gripe-a\/"},"wordCount":559,"publisher":{"@id":"https:\/\/ubirataonline.com.br\/#organization"},"articleSection":["Sa\u00fade"],"inLanguage":"en-US","copyrightYear":"2019","copyrightHolder":{"@id":"https:\/\/ubirataonline.com.br\/en\/#organization"}},{"@type":"WebPage","@id":"https:\/\/ubirataonline.com.br\/3-obitos-regiao-da-comcam-registra-mais-uma-morte-por-gripe-a\/","url":"https:\/\/ubirataonline.com.br\/3-obitos-regiao-da-comcam-registra-mais-uma-morte-por-gripe-a\/","name":"3 \u00f3bitos: Regi\u00e3o da Comcam registra mais uma morte por Gripe A - Ubirat\u00e3 Online Not\u00edcias - A realidade ao seu alcance!","isPartOf":{"@id":"https:\/\/ubirataonline.com.br\/#website"},"datePublished":"2019-05-23T13:15:24+00:00","dateModified":"2019-05-23T13:17:43+00:00","description":"A Comunidade dos Munic\u00edpios da Regi\u00e3o de Campo Mour\u00e3o est\u00e1 com sinal de alerta ligado para os casos de Influenza (Gripe). O boletim divulgado nessa","breadcrumb":{"@id":"https:\/\/ubirataonline.com.br\/3-obitos-regiao-da-comcam-registra-mais-uma-morte-por-gripe-a\/#breadcrumb"},"inLanguage":"en-US","potentialAction":[{"@type":"ReadAction","target":["https:\/\/ubirataonline.com.br\/3-obitos-regiao-da-comcam-registra-mais-uma-morte-por-gripe-a\/"]}]},{"@type":"BreadcrumbList","@id":"https:\/\/ubirataonline.com.br\/3-obitos-regiao-da-comcam-registra-mais-uma-morte-por-gripe-a\/#breadcrumb","itemListElement":[{"@type":"ListItem","position":1,"name":"In\u00edcio","item":"https:\/\/ubirataonline.com.br\/"},{"@type":"ListItem","position":2,"name":"3 \u00f3bitos: Regi\u00e3o da Comcam registra mais uma morte por Gripe A"}]},{"@type":"WebSite","@id":"https:\/\/ubirataonline.com.br\/#website","url":"https:\/\/ubirataonline.com.br\/","name":"Ubirat\u00e3 Online Not\u00edcias","description":"Not\u00edcias de Ubirat\u00e3, regi\u00e3o, Brasil e mundo, com informa\u00e7\u00e3o atualizada e compromisso com o leitor.","publisher":{"@id":"https:\/\/ubirataonline.com.br\/#organization"},"alternateName":"Ubirat\u00e3 Online","potentialAction":[{"@type":"SearchAction","target":{"@type":"EntryPoint","urlTemplate":"https:\/\/ubirataonline.com.br\/?s={search_term_string}"},"query-input":{"@type":"PropertyValueSpecification","valueRequired":true,"valueName":"search_term_string"}}],"inLanguage":"en-US"},{"@type":["Organization","Place"],"@id":"https:\/\/ubirataonline.com.br\/#organization","name":"Ubirat\u00e3 Online Not\u00edcias","alternateName":"Ubirat\u00e3 Online","url":"https:\/\/ubirataonline.com.br\/","logo":{"@id":"https:\/\/ubirataonline.com.br\/3-obitos-regiao-da-comcam-registra-mais-uma-morte-por-gripe-a\/#local-main-organization-logo"},"image":{"@id":"https:\/\/ubirataonline.com.br\/3-obitos-regiao-da-comcam-registra-mais-uma-morte-por-gripe-a\/#local-main-organization-logo"},"sameAs":["https:\/\/www.facebook.com\/portalubirataonline","https:\/\/x.com\/ubirataonline","https:\/\/mastodon.social\/@ubirataonline","https:\/\/www.facebook.com\/groups\/311144672285604","https:\/\/www.facebook.com\/UBTAOnline","https:\/\/www.instagram.com\/portalubirataonline\/","https:\/\/twitter.com\/ubirataonline"],"description":"Somos um portal de not\u00edcias independente, criado em 5 de janeiro de 2009, com o objetivo de informar, conectar e valorizar a nossa comunidade de Ubirat\u00e3 e toda aregi\u00e3o. Com conte\u00fado atualizado, confi\u00e1vel e relevante, o Ubirat\u00e3 Online \u00e9 o seu espa\u00e7o para ficar por dentro dos principais acontecimentos locais, regionais, Brasil, Mundo e de interesse geral. Nosso compromisso \u00e9 com a verdade, a transpar\u00eancia e o respeito ao leitor.","legalName":"UBIRATA ONLINE NOT\u00cdCIAS","foundingDate":"2009-01-05","numberOfEmployees":{"@type":"QuantitativeValue","minValue":"1","maxValue":"10"},"publishingPrinciples":"https:\/\/ubirataonline.com.br\/faq\/","address":{"@id":"https:\/\/ubirataonline.com.br\/3-obitos-regiao-da-comcam-registra-mais-uma-morte-por-gripe-a\/#local-main-place-address"},"geo":{"@type":"GeoCoordinates","latitude":"-24.5361401","longitude":"-52.9921776"},"telephone":["+5544998308235"],"contactPoint":{"@type":"ContactPoint","email":"contato@ubirataonline.com.br"},"openingHoursSpecification":{"@type":"OpeningHoursSpecification","dayOfWeek":["Monday","Tuesday","Wednesday","Thursday","Friday","Saturday","Sunday"],"opens":"00:00","closes":"23:59"},"email":"contato@ubirataonline.com.br","vatID":"47.621.418\/0001-80"},{"@type":"Person","@id":"https:\/\/ubirataonline.com.br\/#\/schema\/person\/09f7a474bd1834b50dea8d1c197e976f","name":"Vampeta","sameAs":["https:\/\/ubirataonline.com.br"],"url":"https:\/\/ubirataonline.com.br\/en\/author\/vampeta\/"},{"@type":"PostalAddress","@id":"https:\/\/ubirataonline.com.br\/3-obitos-regiao-da-comcam-registra-mais-uma-morte-por-gripe-a\/#local-main-place-address","streetAddress":"Rua dos Coqueiros, 104 - Bairro Boa Vista, Rua dos Coqueiros, 104 Bairro Boa Vista","addressLocality":"UBIRATA","postalCode":"85440-000","addressRegion":"PR","addressCountry":"BR"},{"@type":"ImageObject","inLanguage":"en-US","@id":"https:\/\/ubirataonline.com.br\/3-obitos-regiao-da-comcam-registra-mais-uma-morte-por-gripe-a\/#local-main-organization-logo","url":"https:\/\/ubirataonline.com.br\/wp-content\/uploads\/2026\/06\/logoubirataonline-1.webp","contentUrl":"https:\/\/ubirataonline.com.br\/wp-content\/uploads\/2026\/06\/logoubirataonline-1.webp","width":500,"height":500,"caption":"Ubirat\u00e3 Online Not\u00edcias"}]},"geo.placename":"UBIRATA","geo.position":{"lat":"-24.5361401","long":"-52.9921776"},"geo.region":"Brazil"},"_links":{"self":[{"href":"https:\/\/ubirataonline.com.br\/en\/wp-json\/wp\/v2\/posts\/22105","targetHints":{"allow":["GET"]}}],"collection":[{"href":"https:\/\/ubirataonline.com.br\/en\/wp-json\/wp\/v2\/posts"}],"about":[{"href":"https:\/\/ubirataonline.com.br\/en\/wp-json\/wp\/v2\/types\/post"}],"author":[{"embeddable":true,"href":"https:\/\/ubirataonline.com.br\/en\/wp-json\/wp\/v2\/users\/2"}],"replies":[{"embeddable":true,"href":"https:\/\/ubirataonline.com.br\/en\/wp-json\/wp\/v2\/comments?post=22105"}],"version-history":[{"count":0,"href":"https:\/\/ubirataonline.com.br\/en\/wp-json\/wp\/v2\/posts\/22105\/revisions"}],"wp:attachment":[{"href":"https:\/\/ubirataonline.com.br\/en\/wp-json\/wp\/v2\/media?parent=22105"}],"wp:term":[{"taxonomy":"category","embeddable":true,"href":"https:\/\/ubirataonline.com.br\/en\/wp-json\/wp\/v2\/categories?post=22105"},{"taxonomy":"post_tag","embeddable":true,"href":"https:\/\/ubirataonline.com.br\/en\/wp-json\/wp\/v2\/tags?post=22105"}],"curies":[{"name":"wp","href":"https:\/\/api.w.org\/{rel}","templated":true}]}}