{"id":22395,"date":"2019-05-30T13:49:54","date_gmt":"2019-05-30T16:49:54","guid":{"rendered":"https:\/\/ubirataonline.com.br\/?p=22395"},"modified":"2019-05-30T13:49:58","modified_gmt":"2019-05-30T16:49:58","slug":"campanha-de-vacinacao-contra-a-gripe-termina-nesta-sexta-feira-em-ubirata-falta-vacinar-25-do-publico-alvo","status":"publish","type":"post","link":"https:\/\/ubirataonline.com.br\/en\/campanha-de-vacinacao-contra-a-gripe-termina-nesta-sexta-feira-em-ubirata-falta-vacinar-25-do-publico-alvo\/","title":{"rendered":"Campanha de vacina\u00e7\u00e3o contra a gripe termina nesta sexta-feira; em Ubirat\u00e3 falta vacinar 25% do p\u00fablico alvo"},"content":{"rendered":"<p class=\"wp-block-paragraph\"><\/p>\n\n\n\n<p class=\"wp-block-paragraph\">A 21\u00aa Campanha Nacional de Vacina\u00e7\u00e3o contra a Gripe termina\nnesta sexta-feira, 31 de maio. Ubirat\u00e3 vacinou 85% do grupo priorit\u00e1rio,\nfaltando ainda 25% da popula\u00e7\u00e3o alvo sem estar imunizada. As vacinas contra a\ninfluenza est\u00e3o dispon\u00edveis em todos os postos de sa\u00fade. \u201cSe voc\u00ea faz parte do\ngrupo priorit\u00e1rio, n\u00e3o perca essa oportunidade de se vacinar contra a gripe. V\u00e1\nao posto de sa\u00fade mais pr\u00f3ximo da sua casa\u201d, destaca a Coordenadora de\nVigil\u00e2ncia em Epidemiol\u00f3gica, Fl\u00e1via Andrade.<\/p>\n\n\n\n<p class=\"wp-block-paragraph\">Os grupos priorit\u00e1rios s\u00e3o as crian\u00e7as de 6 meses at\u00e9\nmenores de 6 anos, gestantes, idosos com 60 anos ou mais, mulheres com at\u00e9 45\ndias p\u00f3s-parto, doentes cr\u00f4nicos. \u201cA vacina n\u00e3o tem capacidade de causar gripe,\nde fazer que as pessoas fiquem gripadas porque \u00e9 composta de pequenas\npart\u00edculas de v\u00edrus e essa part\u00edcula n\u00e3o tem poder de provocar a doen\u00e7a\u201d,\nlembra Fl\u00e1via.<\/p>\n\n\n\n<p class=\"wp-block-paragraph\">A 11\u00ba Regional de Sa\u00fade que abrange o munic\u00edpio de Ubirat\u00e3\ninforma que j\u00e1 ocorreram 3 \u00f3bitos por influenza de pessoas n\u00e3o vacinadas em\nnossa Regi\u00e3o. Nossa maior preocupa\u00e7\u00e3o no munic\u00edpio \u00e9 que a cobertura vacinal na\nnossa popula\u00e7\u00e3o de pessoas acima de 60 anos e crian\u00e7as de 6 meses a menores de\n6 anos est\u00e1 bem abaixo do esperado sabendo que esta popula\u00e7\u00e3o possui maior\nrisco de adoecer e evoluir para casos graves que podem levar \u00f3bito.<\/p>\n\n\n\n<p class=\"wp-block-paragraph\">COBERTURA VACINAL DA INFLUENZA AT\u00c9 29\/05<\/p>\n\n\n\n<p class=\"wp-block-paragraph\">Idosos Por PSF:<\/p>\n\n\n\n<p class=\"wp-block-paragraph\">&#8211; RURAL: 71 %;<\/p>\n\n\n\n<p class=\"wp-block-paragraph\">&#8211; RECIFE: 66%;<\/p>\n\n\n\n<p class=\"wp-block-paragraph\">&#8211; PANORAMA: 66%;<\/p>\n\n\n\n<p class=\"wp-block-paragraph\">&#8211; S\u00c3O JOAQUIM: 64%;<\/p>\n\n\n\n<p class=\"wp-block-paragraph\">&#8211; BOA VISTA: 72%;<\/p>\n\n\n\n<p class=\"wp-block-paragraph\">&#8211; ESPERAN\u00c7A: 57%;<\/p>\n\n\n\n<p class=\"wp-block-paragraph\">&#8211; CENTRAL 66%;<\/p>\n\n\n\n<p class=\"wp-block-paragraph\">&#8211; YOLANDA: 96%;<\/p>\n\n\n\n<p class=\"wp-block-paragraph\">&#8211; S\u00c2O JO\u00c3O: 100%;<\/p>\n\n\n\n<p class=\"wp-block-paragraph\">&#8211; JOSEFINA: 61%;<\/p>\n\n\n\n<p class=\"wp-block-paragraph\">Crian\u00e7as por PSF:<\/p>\n\n\n\n<p class=\"wp-block-paragraph\">&#8211; RURAL: 96 %;<\/p>\n\n\n\n<p class=\"wp-block-paragraph\">&#8211; RECIFE: 72%;<\/p>\n\n\n\n<p class=\"wp-block-paragraph\">&#8211; PANORAMA: 80%;<\/p>\n\n\n\n<p class=\"wp-block-paragraph\">&#8211; S\u00c3O JOAQUIM: 94%;<\/p>\n\n\n\n<p class=\"wp-block-paragraph\">&#8211; BOA VISTA: 89%;<\/p>\n\n\n\n<p class=\"wp-block-paragraph\">&#8211; ESPERAN\u00c7A: 79%;<\/p>\n\n\n\n<p class=\"wp-block-paragraph\">&#8211; CENTRAL: 79%;<\/p>\n\n\n\n<p class=\"wp-block-paragraph\">&#8211; YOLANDA: 113%;<\/p>\n\n\n\n<p class=\"wp-block-paragraph\">&#8211; S\u00c3O JO\u00c3O: 100%;<\/p>\n\n\n\n<p class=\"wp-block-paragraph\">&#8211; JOSEFINA: 78%;<\/p>","protected":false},"excerpt":{"rendered":"<p>A 21\u00aa Campanha Nacional de Vacina\u00e7\u00e3o contra a Gripe termina nesta sexta-feira, 31 de maio. Ubirat\u00e3 vacinou 85% do grupo priorit\u00e1rio, faltando ainda 25% da popula\u00e7\u00e3o alvo sem estar imunizada. As vacinas contra a influenza est\u00e3o dispon\u00edveis em todos os postos de sa\u00fade. \u201cSe voc\u00ea faz parte do grupo priorit\u00e1rio, n\u00e3o perca essa oportunidade de [&hellip;]<\/p>\n","protected":false},"author":1,"featured_media":0,"comment_status":"closed","ping_status":"closed","sticky":false,"template":"","format":"standard","meta":{"googlesitekit_rrm_CAow2JLhCw:productID":"","_gspb_post_css":"","maa_idioma":"","maa_pais":"","footnotes":""},"categories":[30],"tags":[],"class_list":["post-22395","post","type-post","status-publish","format-standard","hentry","category-saude"],"blocksy_meta":[],"yoast_head":"<!-- This site is optimized with the Yoast SEO Premium plugin v27.6 (Yoast SEO v27.6) - https:\/\/yoast.com\/product\/yoast-seo-premium-wordpress\/ -->\n<title>Campanha de vacina\u00e7\u00e3o contra a gripe termina nesta sexta-feira; em Ubirat\u00e3 falta vacinar 25% do p\u00fablico alvo - Ubirat\u00e3 Online Not\u00edcias - A realidade ao seu alcance!<\/title>\n<meta name=\"description\" content=\"A 21\u00aa Campanha Nacional de Vacina\u00e7\u00e3o contra a Gripe termina nesta sexta-feira, 31 de maio. Ubirat\u00e3 vacinou 85% do grupo priorit\u00e1rio, faltando ainda 25% da\" \/>\n<meta name=\"robots\" content=\"index, follow, max-snippet:-1, max-image-preview:large, max-video-preview:-1\" \/>\n<link rel=\"canonical\" href=\"https:\/\/ubirataonline.com.br\/en\/campanha-de-vacinacao-contra-a-gripe-termina-nesta-sexta-feira-em-ubirata-falta-vacinar-25-do-publico-alvo\/\" \/>\n<meta property=\"og:locale\" content=\"en_US\" \/>\n<meta property=\"og:type\" content=\"article\" \/>\n<meta property=\"og:title\" content=\"Campanha de vacina\u00e7\u00e3o contra a gripe termina nesta sexta-feira; em Ubirat\u00e3 falta vacinar 25% do p\u00fablico alvo\" \/>\n<meta property=\"og:description\" content=\"A 21\u00aa Campanha Nacional de Vacina\u00e7\u00e3o contra a Gripe termina nesta sexta-feira, 31 de maio. Ubirat\u00e3 vacinou 85% do grupo priorit\u00e1rio, faltando ainda 25% da\" \/>\n<meta property=\"og:url\" content=\"https:\/\/ubirataonline.com.br\/en\/campanha-de-vacinacao-contra-a-gripe-termina-nesta-sexta-feira-em-ubirata-falta-vacinar-25-do-publico-alvo\/\" \/>\n<meta property=\"og:site_name\" content=\"Ubirat\u00e3 Online Not\u00edcias - A realidade ao seu alcance!\" \/>\n<meta property=\"article:publisher\" content=\"https:\/\/www.facebook.com\/portalubirataonline\" \/>\n<meta property=\"article:author\" content=\"https:\/\/www.facebook.com\/portalubirataonline\" \/>\n<meta property=\"article:published_time\" content=\"2019-05-30T16:49:54+00:00\" \/>\n<meta property=\"article:modified_time\" content=\"2019-05-30T16:49:58+00:00\" \/>\n<meta property=\"og:image\" content=\"https:\/\/ubirataonline.com.br\/wp-content\/uploads\/2026\/05\/logo2026.webp\" \/>\n\t<meta property=\"og:image:width\" content=\"1531\" \/>\n\t<meta property=\"og:image:height\" content=\"418\" \/>\n\t<meta property=\"og:image:type\" content=\"image\/webp\" \/>\n<meta name=\"author\" content=\"REDA\u00c7\u00c3O: UBIRAT\u00c3 ONLINE - F\u00c1BIO AUGUSTO CELESTINO\" \/>\n<meta name=\"twitter:card\" content=\"summary_large_image\" \/>\n<meta name=\"twitter:creator\" content=\"@x.com\/ubirataonline\" \/>\n<meta name=\"twitter:site\" content=\"@ubirataonline\" \/>\n<meta name=\"twitter:label1\" content=\"Written by\" \/>\n\t<meta name=\"twitter:data1\" content=\"REDA\u00c7\u00c3O: UBIRAT\u00c3 ONLINE - F\u00c1BIO AUGUSTO CELESTINO\" \/>\n\t<meta name=\"twitter:label2\" content=\"Est. reading time\" \/>\n\t<meta name=\"twitter:data2\" content=\"2 minutes\" \/>\n<script type=\"application\/ld+json\" class=\"yoast-schema-graph\">{\"@context\":\"https:\\\/\\\/schema.org\",\"@graph\":[{\"@type\":\"NewsArticle\",\"@id\":\"https:\\\/\\\/ubirataonline.com.br\\\/campanha-de-vacinacao-contra-a-gripe-termina-nesta-sexta-feira-em-ubirata-falta-vacinar-25-do-publico-alvo\\\/#article\",\"isPartOf\":{\"@id\":\"https:\\\/\\\/ubirataonline.com.br\\\/campanha-de-vacinacao-contra-a-gripe-termina-nesta-sexta-feira-em-ubirata-falta-vacinar-25-do-publico-alvo\\\/\"},\"author\":{\"name\":\"REDA\u00c7\u00c3O: UBIRAT\u00c3 ONLINE - F\u00c1BIO AUGUSTO CELESTINO\",\"@id\":\"https:\\\/\\\/ubirataonline.com.br\\\/#\\\/schema\\\/person\\\/372f87bbd3fdd79b8556b84c98d0bc1c\"},\"headline\":\"Campanha de vacina\u00e7\u00e3o contra a gripe termina nesta sexta-feira; em Ubirat\u00e3 falta vacinar 25% do p\u00fablico alvo\",\"datePublished\":\"2019-05-30T16:49:54+00:00\",\"dateModified\":\"2019-05-30T16:49:58+00:00\",\"mainEntityOfPage\":{\"@id\":\"https:\\\/\\\/ubirataonline.com.br\\\/campanha-de-vacinacao-contra-a-gripe-termina-nesta-sexta-feira-em-ubirata-falta-vacinar-25-do-publico-alvo\\\/\"},\"wordCount\":324,\"publisher\":{\"@id\":\"https:\\\/\\\/ubirataonline.com.br\\\/#organization\"},\"articleSection\":[\"Sa\u00fade\"],\"inLanguage\":\"en-US\",\"copyrightYear\":\"2019\",\"copyrightHolder\":{\"@id\":\"https:\\\/\\\/ubirataonline.com.br\\\/en\\\/#organization\"}},{\"@type\":\"WebPage\",\"@id\":\"https:\\\/\\\/ubirataonline.com.br\\\/campanha-de-vacinacao-contra-a-gripe-termina-nesta-sexta-feira-em-ubirata-falta-vacinar-25-do-publico-alvo\\\/\",\"url\":\"https:\\\/\\\/ubirataonline.com.br\\\/campanha-de-vacinacao-contra-a-gripe-termina-nesta-sexta-feira-em-ubirata-falta-vacinar-25-do-publico-alvo\\\/\",\"name\":\"Campanha de vacina\u00e7\u00e3o contra a gripe termina nesta sexta-feira; em Ubirat\u00e3 falta vacinar 25% do p\u00fablico alvo - Ubirat\u00e3 Online Not\u00edcias - A realidade ao seu alcance!\",\"isPartOf\":{\"@id\":\"https:\\\/\\\/ubirataonline.com.br\\\/#website\"},\"datePublished\":\"2019-05-30T16:49:54+00:00\",\"dateModified\":\"2019-05-30T16:49:58+00:00\",\"description\":\"A 21\u00aa Campanha Nacional de Vacina\u00e7\u00e3o contra a Gripe termina nesta sexta-feira, 31 de maio. Ubirat\u00e3 vacinou 85% do grupo priorit\u00e1rio, faltando ainda 25% da\",\"breadcrumb\":{\"@id\":\"https:\\\/\\\/ubirataonline.com.br\\\/campanha-de-vacinacao-contra-a-gripe-termina-nesta-sexta-feira-em-ubirata-falta-vacinar-25-do-publico-alvo\\\/#breadcrumb\"},\"inLanguage\":\"en-US\",\"potentialAction\":[{\"@type\":\"ReadAction\",\"target\":[\"https:\\\/\\\/ubirataonline.com.br\\\/campanha-de-vacinacao-contra-a-gripe-termina-nesta-sexta-feira-em-ubirata-falta-vacinar-25-do-publico-alvo\\\/\"]}]},{\"@type\":\"BreadcrumbList\",\"@id\":\"https:\\\/\\\/ubirataonline.com.br\\\/campanha-de-vacinacao-contra-a-gripe-termina-nesta-sexta-feira-em-ubirata-falta-vacinar-25-do-publico-alvo\\\/#breadcrumb\",\"itemListElement\":[{\"@type\":\"ListItem\",\"position\":1,\"name\":\"In\u00edcio\",\"item\":\"https:\\\/\\\/ubirataonline.com.br\\\/\"},{\"@type\":\"ListItem\",\"position\":2,\"name\":\"Campanha de vacina\u00e7\u00e3o contra a gripe termina nesta sexta-feira; em Ubirat\u00e3 falta vacinar 25% do p\u00fablico alvo\"}]},{\"@type\":\"WebSite\",\"@id\":\"https:\\\/\\\/ubirataonline.com.br\\\/#website\",\"url\":\"https:\\\/\\\/ubirataonline.com.br\\\/\",\"name\":\"Ubirat\u00e3 Online Not\u00edcias\",\"description\":\"Not\u00edcias de Ubirat\u00e3, regi\u00e3o, Brasil e mundo, com informa\u00e7\u00e3o atualizada e compromisso com o leitor.\",\"publisher\":{\"@id\":\"https:\\\/\\\/ubirataonline.com.br\\\/#organization\"},\"alternateName\":\"Ubirat\u00e3 Online\",\"potentialAction\":[{\"@type\":\"SearchAction\",\"target\":{\"@type\":\"EntryPoint\",\"urlTemplate\":\"https:\\\/\\\/ubirataonline.com.br\\\/?s={search_term_string}\"},\"query-input\":{\"@type\":\"PropertyValueSpecification\",\"valueRequired\":true,\"valueName\":\"search_term_string\"}}],\"inLanguage\":\"en-US\"},{\"@type\":[\"Organization\",\"Place\"],\"@id\":\"https:\\\/\\\/ubirataonline.com.br\\\/#organization\",\"name\":\"Ubirat\u00e3 Online Not\u00edcias\",\"alternateName\":\"Ubirat\u00e3 Online\",\"url\":\"https:\\\/\\\/ubirataonline.com.br\\\/\",\"logo\":{\"@id\":\"https:\\\/\\\/ubirataonline.com.br\\\/campanha-de-vacinacao-contra-a-gripe-termina-nesta-sexta-feira-em-ubirata-falta-vacinar-25-do-publico-alvo\\\/#local-main-organization-logo\"},\"image\":{\"@id\":\"https:\\\/\\\/ubirataonline.com.br\\\/campanha-de-vacinacao-contra-a-gripe-termina-nesta-sexta-feira-em-ubirata-falta-vacinar-25-do-publico-alvo\\\/#local-main-organization-logo\"},\"sameAs\":[\"https:\\\/\\\/www.facebook.com\\\/portalubirataonline\",\"https:\\\/\\\/x.com\\\/ubirataonline\",\"https:\\\/\\\/mastodon.social\\\/@ubirataonline\",\"https:\\\/\\\/www.facebook.com\\\/groups\\\/311144672285604\",\"https:\\\/\\\/www.facebook.com\\\/UBTAOnline\",\"https:\\\/\\\/www.instagram.com\\\/portalubirataonline\\\/\",\"https:\\\/\\\/twitter.com\\\/ubirataonline\"],\"description\":\"Somos um portal de not\u00edcias independente, criado em 5 de janeiro de 2009, com o objetivo de informar, conectar e valorizar a nossa comunidade de Ubirat\u00e3 e toda aregi\u00e3o. Com conte\u00fado atualizado, confi\u00e1vel e relevante, o Ubirat\u00e3 Online \u00e9 o seu espa\u00e7o para ficar por dentro dos principais acontecimentos locais, regionais, Brasil, Mundo e de interesse geral. Nosso compromisso \u00e9 com a verdade, a transpar\u00eancia e o respeito ao leitor.\",\"legalName\":\"UBIRATA ONLINE NOT\u00cdCIAS\",\"foundingDate\":\"2009-01-05\",\"numberOfEmployees\":{\"@type\":\"QuantitativeValue\",\"minValue\":\"1\",\"maxValue\":\"10\"},\"publishingPrinciples\":\"https:\\\/\\\/ubirataonline.com.br\\\/faq\\\/\",\"address\":{\"@id\":\"https:\\\/\\\/ubirataonline.com.br\\\/campanha-de-vacinacao-contra-a-gripe-termina-nesta-sexta-feira-em-ubirata-falta-vacinar-25-do-publico-alvo\\\/#local-main-place-address\"},\"geo\":{\"@type\":\"GeoCoordinates\",\"latitude\":\"-24.5361401\",\"longitude\":\"-52.9921776\"},\"telephone\":[\"+5544998308235\"],\"contactPoint\":{\"@type\":\"ContactPoint\",\"email\":\"contato@ubirataonline.com.br\"},\"openingHoursSpecification\":{\"@type\":\"OpeningHoursSpecification\",\"dayOfWeek\":[\"Monday\",\"Tuesday\",\"Wednesday\",\"Thursday\",\"Friday\",\"Saturday\",\"Sunday\"],\"opens\":\"00:00\",\"closes\":\"23:59\"},\"email\":\"contato@ubirataonline.com.br\",\"vatID\":\"47.621.418\\\/0001-80\"},{\"@type\":\"Person\",\"@id\":\"https:\\\/\\\/ubirataonline.com.br\\\/#\\\/schema\\\/person\\\/372f87bbd3fdd79b8556b84c98d0bc1c\",\"name\":\"REDA\u00c7\u00c3O: UBIRAT\u00c3 ONLINE - F\u00c1BIO AUGUSTO CELESTINO\",\"pronouns\":\"Ele\",\"description\":\"Desde 2003 trabalhando com not\u00edcias.\",\"sameAs\":[\"http:\\\/\\\/ubirataoline.com.br\",\"https:\\\/\\\/www.facebook.com\\\/portalubirataonline\",\"https:\\\/\\\/www.instagram.com\\\/ubirataonline_oficial\",\"https:\\\/\\\/x.com\\\/x.com\\\/ubirataonline\"],\"honorificPrefix\":\"Mr.\",\"honorificSuffix\":\"MD\",\"birthDate\":\"1980-06-16\",\"gender\":\"masculino\",\"award\":[\"V\u00e1rios pr\u00eamios de melhor portal da cidade\"],\"jobTitle\":\"Diretor\",\"url\":\"https:\\\/\\\/ubirataonline.com.br\\\/en\\\/author\\\/ubirataonline\\\/\"},{\"@type\":\"PostalAddress\",\"@id\":\"https:\\\/\\\/ubirataonline.com.br\\\/campanha-de-vacinacao-contra-a-gripe-termina-nesta-sexta-feira-em-ubirata-falta-vacinar-25-do-publico-alvo\\\/#local-main-place-address\",\"streetAddress\":\"Rua dos Coqueiros, 104 - Bairro Boa Vista, Rua dos Coqueiros, 104 Bairro Boa Vista\",\"addressLocality\":\"UBIRATA\",\"postalCode\":\"85440-000\",\"addressRegion\":\"PR\",\"addressCountry\":\"BR\"},{\"@type\":\"ImageObject\",\"inLanguage\":\"en-US\",\"@id\":\"https:\\\/\\\/ubirataonline.com.br\\\/campanha-de-vacinacao-contra-a-gripe-termina-nesta-sexta-feira-em-ubirata-falta-vacinar-25-do-publico-alvo\\\/#local-main-organization-logo\",\"url\":\"https:\\\/\\\/ubirataonline.com.br\\\/wp-content\\\/uploads\\\/2026\\\/06\\\/logoubirataonline-1.webp\",\"contentUrl\":\"https:\\\/\\\/ubirataonline.com.br\\\/wp-content\\\/uploads\\\/2026\\\/06\\\/logoubirataonline-1.webp\",\"width\":500,\"height\":500,\"caption\":\"Ubirat\u00e3 Online Not\u00edcias\"}]}<\/script>\n<meta name=\"geo.placename\" content=\"UBIRATA\" \/>\n<meta name=\"geo.position\" content=\"-24.5361401;-52.9921776\" \/>\n<meta name=\"geo.region\" content=\"Brazil\" \/>\n<!-- \/ Yoast SEO Premium plugin. -->","yoast_head_json":{"title":"Campanha de vacina\u00e7\u00e3o contra a gripe termina nesta sexta-feira; em Ubirat\u00e3 falta vacinar 25% do p\u00fablico alvo - Ubirat\u00e3 Online Not\u00edcias - A realidade ao seu alcance!","description":"A 21\u00aa Campanha Nacional de Vacina\u00e7\u00e3o contra a Gripe termina nesta sexta-feira, 31 de maio. Ubirat\u00e3 vacinou 85% do grupo priorit\u00e1rio, faltando ainda 25% da","robots":{"index":"index","follow":"follow","max-snippet":"max-snippet:-1","max-image-preview":"max-image-preview:large","max-video-preview":"max-video-preview:-1"},"canonical":"https:\/\/ubirataonline.com.br\/en\/campanha-de-vacinacao-contra-a-gripe-termina-nesta-sexta-feira-em-ubirata-falta-vacinar-25-do-publico-alvo\/","og_locale":"en_US","og_type":"article","og_title":"Campanha de vacina\u00e7\u00e3o contra a gripe termina nesta sexta-feira; em Ubirat\u00e3 falta vacinar 25% do p\u00fablico alvo","og_description":"A 21\u00aa Campanha Nacional de Vacina\u00e7\u00e3o contra a Gripe termina nesta sexta-feira, 31 de maio. Ubirat\u00e3 vacinou 85% do grupo priorit\u00e1rio, faltando ainda 25% da","og_url":"https:\/\/ubirataonline.com.br\/en\/campanha-de-vacinacao-contra-a-gripe-termina-nesta-sexta-feira-em-ubirata-falta-vacinar-25-do-publico-alvo\/","og_site_name":"Ubirat\u00e3 Online Not\u00edcias - A realidade ao seu alcance!","article_publisher":"https:\/\/www.facebook.com\/portalubirataonline","article_author":"https:\/\/www.facebook.com\/portalubirataonline","article_published_time":"2019-05-30T16:49:54+00:00","article_modified_time":"2019-05-30T16:49:58+00:00","og_image":[{"width":1531,"height":418,"url":"https:\/\/ubirataonline.com.br\/wp-content\/uploads\/2026\/05\/logo2026.webp","type":"image\/webp"}],"author":"REDA\u00c7\u00c3O: UBIRAT\u00c3 ONLINE - F\u00c1BIO AUGUSTO CELESTINO","twitter_card":"summary_large_image","twitter_creator":"@x.com\/ubirataonline","twitter_site":"@ubirataonline","twitter_misc":{"Written by":"REDA\u00c7\u00c3O: UBIRAT\u00c3 ONLINE - F\u00c1BIO AUGUSTO CELESTINO","Est. reading time":"2 minutes"},"schema":{"@context":"https:\/\/schema.org","@graph":[{"@type":"NewsArticle","@id":"https:\/\/ubirataonline.com.br\/campanha-de-vacinacao-contra-a-gripe-termina-nesta-sexta-feira-em-ubirata-falta-vacinar-25-do-publico-alvo\/#article","isPartOf":{"@id":"https:\/\/ubirataonline.com.br\/campanha-de-vacinacao-contra-a-gripe-termina-nesta-sexta-feira-em-ubirata-falta-vacinar-25-do-publico-alvo\/"},"author":{"name":"REDA\u00c7\u00c3O: UBIRAT\u00c3 ONLINE - F\u00c1BIO AUGUSTO CELESTINO","@id":"https:\/\/ubirataonline.com.br\/#\/schema\/person\/372f87bbd3fdd79b8556b84c98d0bc1c"},"headline":"Campanha de vacina\u00e7\u00e3o contra a gripe termina nesta sexta-feira; em Ubirat\u00e3 falta vacinar 25% do p\u00fablico alvo","datePublished":"2019-05-30T16:49:54+00:00","dateModified":"2019-05-30T16:49:58+00:00","mainEntityOfPage":{"@id":"https:\/\/ubirataonline.com.br\/campanha-de-vacinacao-contra-a-gripe-termina-nesta-sexta-feira-em-ubirata-falta-vacinar-25-do-publico-alvo\/"},"wordCount":324,"publisher":{"@id":"https:\/\/ubirataonline.com.br\/#organization"},"articleSection":["Sa\u00fade"],"inLanguage":"en-US","copyrightYear":"2019","copyrightHolder":{"@id":"https:\/\/ubirataonline.com.br\/en\/#organization"}},{"@type":"WebPage","@id":"https:\/\/ubirataonline.com.br\/campanha-de-vacinacao-contra-a-gripe-termina-nesta-sexta-feira-em-ubirata-falta-vacinar-25-do-publico-alvo\/","url":"https:\/\/ubirataonline.com.br\/campanha-de-vacinacao-contra-a-gripe-termina-nesta-sexta-feira-em-ubirata-falta-vacinar-25-do-publico-alvo\/","name":"Campanha de vacina\u00e7\u00e3o contra a gripe termina nesta sexta-feira; em Ubirat\u00e3 falta vacinar 25% do p\u00fablico alvo - Ubirat\u00e3 Online Not\u00edcias - A realidade ao seu alcance!","isPartOf":{"@id":"https:\/\/ubirataonline.com.br\/#website"},"datePublished":"2019-05-30T16:49:54+00:00","dateModified":"2019-05-30T16:49:58+00:00","description":"A 21\u00aa Campanha Nacional de Vacina\u00e7\u00e3o contra a Gripe termina nesta sexta-feira, 31 de maio. Ubirat\u00e3 vacinou 85% do grupo priorit\u00e1rio, faltando ainda 25% da","breadcrumb":{"@id":"https:\/\/ubirataonline.com.br\/campanha-de-vacinacao-contra-a-gripe-termina-nesta-sexta-feira-em-ubirata-falta-vacinar-25-do-publico-alvo\/#breadcrumb"},"inLanguage":"en-US","potentialAction":[{"@type":"ReadAction","target":["https:\/\/ubirataonline.com.br\/campanha-de-vacinacao-contra-a-gripe-termina-nesta-sexta-feira-em-ubirata-falta-vacinar-25-do-publico-alvo\/"]}]},{"@type":"BreadcrumbList","@id":"https:\/\/ubirataonline.com.br\/campanha-de-vacinacao-contra-a-gripe-termina-nesta-sexta-feira-em-ubirata-falta-vacinar-25-do-publico-alvo\/#breadcrumb","itemListElement":[{"@type":"ListItem","position":1,"name":"In\u00edcio","item":"https:\/\/ubirataonline.com.br\/"},{"@type":"ListItem","position":2,"name":"Campanha de vacina\u00e7\u00e3o contra a gripe termina nesta sexta-feira; em Ubirat\u00e3 falta vacinar 25% do p\u00fablico alvo"}]},{"@type":"WebSite","@id":"https:\/\/ubirataonline.com.br\/#website","url":"https:\/\/ubirataonline.com.br\/","name":"Ubirat\u00e3 Online Not\u00edcias","description":"Not\u00edcias de Ubirat\u00e3, regi\u00e3o, Brasil e mundo, com informa\u00e7\u00e3o atualizada e compromisso com o leitor.","publisher":{"@id":"https:\/\/ubirataonline.com.br\/#organization"},"alternateName":"Ubirat\u00e3 Online","potentialAction":[{"@type":"SearchAction","target":{"@type":"EntryPoint","urlTemplate":"https:\/\/ubirataonline.com.br\/?s={search_term_string}"},"query-input":{"@type":"PropertyValueSpecification","valueRequired":true,"valueName":"search_term_string"}}],"inLanguage":"en-US"},{"@type":["Organization","Place"],"@id":"https:\/\/ubirataonline.com.br\/#organization","name":"Ubirat\u00e3 Online Not\u00edcias","alternateName":"Ubirat\u00e3 Online","url":"https:\/\/ubirataonline.com.br\/","logo":{"@id":"https:\/\/ubirataonline.com.br\/campanha-de-vacinacao-contra-a-gripe-termina-nesta-sexta-feira-em-ubirata-falta-vacinar-25-do-publico-alvo\/#local-main-organization-logo"},"image":{"@id":"https:\/\/ubirataonline.com.br\/campanha-de-vacinacao-contra-a-gripe-termina-nesta-sexta-feira-em-ubirata-falta-vacinar-25-do-publico-alvo\/#local-main-organization-logo"},"sameAs":["https:\/\/www.facebook.com\/portalubirataonline","https:\/\/x.com\/ubirataonline","https:\/\/mastodon.social\/@ubirataonline","https:\/\/www.facebook.com\/groups\/311144672285604","https:\/\/www.facebook.com\/UBTAOnline","https:\/\/www.instagram.com\/portalubirataonline\/","https:\/\/twitter.com\/ubirataonline"],"description":"Somos um portal de not\u00edcias independente, criado em 5 de janeiro de 2009, com o objetivo de informar, conectar e valorizar a nossa comunidade de Ubirat\u00e3 e toda aregi\u00e3o. Com conte\u00fado atualizado, confi\u00e1vel e relevante, o Ubirat\u00e3 Online \u00e9 o seu espa\u00e7o para ficar por dentro dos principais acontecimentos locais, regionais, Brasil, Mundo e de interesse geral. Nosso compromisso \u00e9 com a verdade, a transpar\u00eancia e o respeito ao leitor.","legalName":"UBIRATA ONLINE NOT\u00cdCIAS","foundingDate":"2009-01-05","numberOfEmployees":{"@type":"QuantitativeValue","minValue":"1","maxValue":"10"},"publishingPrinciples":"https:\/\/ubirataonline.com.br\/faq\/","address":{"@id":"https:\/\/ubirataonline.com.br\/campanha-de-vacinacao-contra-a-gripe-termina-nesta-sexta-feira-em-ubirata-falta-vacinar-25-do-publico-alvo\/#local-main-place-address"},"geo":{"@type":"GeoCoordinates","latitude":"-24.5361401","longitude":"-52.9921776"},"telephone":["+5544998308235"],"contactPoint":{"@type":"ContactPoint","email":"contato@ubirataonline.com.br"},"openingHoursSpecification":{"@type":"OpeningHoursSpecification","dayOfWeek":["Monday","Tuesday","Wednesday","Thursday","Friday","Saturday","Sunday"],"opens":"00:00","closes":"23:59"},"email":"contato@ubirataonline.com.br","vatID":"47.621.418\/0001-80"},{"@type":"Person","@id":"https:\/\/ubirataonline.com.br\/#\/schema\/person\/372f87bbd3fdd79b8556b84c98d0bc1c","name":"REDA\u00c7\u00c3O: UBIRAT\u00c3 ONLINE - F\u00c1BIO AUGUSTO CELESTINO","pronouns":"Ele","description":"Desde 2003 trabalhando com not\u00edcias.","sameAs":["http:\/\/ubirataoline.com.br","https:\/\/www.facebook.com\/portalubirataonline","https:\/\/www.instagram.com\/ubirataonline_oficial","https:\/\/x.com\/x.com\/ubirataonline"],"honorificPrefix":"Mr.","honorificSuffix":"MD","birthDate":"1980-06-16","gender":"masculino","award":["V\u00e1rios pr\u00eamios de melhor portal da cidade"],"jobTitle":"Diretor","url":"https:\/\/ubirataonline.com.br\/en\/author\/ubirataonline\/"},{"@type":"PostalAddress","@id":"https:\/\/ubirataonline.com.br\/campanha-de-vacinacao-contra-a-gripe-termina-nesta-sexta-feira-em-ubirata-falta-vacinar-25-do-publico-alvo\/#local-main-place-address","streetAddress":"Rua dos Coqueiros, 104 - Bairro Boa Vista, Rua dos Coqueiros, 104 Bairro Boa Vista","addressLocality":"UBIRATA","postalCode":"85440-000","addressRegion":"PR","addressCountry":"BR"},{"@type":"ImageObject","inLanguage":"en-US","@id":"https:\/\/ubirataonline.com.br\/campanha-de-vacinacao-contra-a-gripe-termina-nesta-sexta-feira-em-ubirata-falta-vacinar-25-do-publico-alvo\/#local-main-organization-logo","url":"https:\/\/ubirataonline.com.br\/wp-content\/uploads\/2026\/06\/logoubirataonline-1.webp","contentUrl":"https:\/\/ubirataonline.com.br\/wp-content\/uploads\/2026\/06\/logoubirataonline-1.webp","width":500,"height":500,"caption":"Ubirat\u00e3 Online Not\u00edcias"}]},"geo.placename":"UBIRATA","geo.position":{"lat":"-24.5361401","long":"-52.9921776"},"geo.region":"Brazil"},"_links":{"self":[{"href":"https:\/\/ubirataonline.com.br\/en\/wp-json\/wp\/v2\/posts\/22395","targetHints":{"allow":["GET"]}}],"collection":[{"href":"https:\/\/ubirataonline.com.br\/en\/wp-json\/wp\/v2\/posts"}],"about":[{"href":"https:\/\/ubirataonline.com.br\/en\/wp-json\/wp\/v2\/types\/post"}],"author":[{"embeddable":true,"href":"https:\/\/ubirataonline.com.br\/en\/wp-json\/wp\/v2\/users\/1"}],"replies":[{"embeddable":true,"href":"https:\/\/ubirataonline.com.br\/en\/wp-json\/wp\/v2\/comments?post=22395"}],"version-history":[{"count":0,"href":"https:\/\/ubirataonline.com.br\/en\/wp-json\/wp\/v2\/posts\/22395\/revisions"}],"wp:attachment":[{"href":"https:\/\/ubirataonline.com.br\/en\/wp-json\/wp\/v2\/media?parent=22395"}],"wp:term":[{"taxonomy":"category","embeddable":true,"href":"https:\/\/ubirataonline.com.br\/en\/wp-json\/wp\/v2\/categories?post=22395"},{"taxonomy":"post_tag","embeddable":true,"href":"https:\/\/ubirataonline.com.br\/en\/wp-json\/wp\/v2\/tags?post=22395"}],"curies":[{"name":"wp","href":"https:\/\/api.w.org\/{rel}","templated":true}]}}