{"id":22984,"date":"2019-06-24T16:23:31","date_gmt":"2019-06-24T19:23:31","guid":{"rendered":"https:\/\/ubirataonline.com.br\/?p=22984"},"modified":"2019-06-24T16:23:34","modified_gmt":"2019-06-24T19:23:34","slug":"municipio-de-ubirata-realizou-a-3a-conferencia-municipal-de-seguranca-alimentar-e-nutricional","status":"publish","type":"post","link":"https:\/\/ubirataonline.com.br\/en\/municipio-de-ubirata-realizou-a-3a-conferencia-municipal-de-seguranca-alimentar-e-nutricional\/","title":{"rendered":"Munic\u00edpio de Ubirat\u00e3 realizou a 3\u00aa Confer\u00eancia Municipal de Seguran\u00e7a Alimentar e Nutricional"},"content":{"rendered":"<ul class=\"wp-block-gallery columns-1 is-cropped wp-block-gallery-1 is-layout-flex wp-block-gallery-is-layout-flex\"><li class=\"blocks-gallery-item\"><figure><img decoding=\"async\" src=\"https:\/\/ubirataonline.com.br\/wp-content\/uploads\/2019\/06\/2-16-1280x840.jpg\" alt=\"\" data-id=\"22985\" data-link=\"https:\/\/ubirataonline.com.br\/?attachment_id=22985\" class=\"wp-image-22985\"\/><\/figure><\/li><li class=\"blocks-gallery-item\"><figure><img decoding=\"async\" src=\"https:\/\/ubirataonline.com.br\/wp-content\/uploads\/2019\/06\/3-14-1280x840.jpg\" alt=\"\" data-id=\"22986\" data-link=\"https:\/\/ubirataonline.com.br\/?attachment_id=22986\" class=\"wp-image-22986\"\/><\/figure><\/li><li class=\"blocks-gallery-item\"><figure><img decoding=\"async\" src=\"https:\/\/ubirataonline.com.br\/wp-content\/uploads\/2019\/06\/4-14-1280x840.jpg\" alt=\"\" data-id=\"22988\" data-link=\"https:\/\/ubirataonline.com.br\/?attachment_id=22988\" class=\"wp-image-22988\"\/><\/figure><\/li><li class=\"blocks-gallery-item\"><figure><img decoding=\"async\" src=\"https:\/\/ubirataonline.com.br\/wp-content\/uploads\/2019\/06\/5-13-1280x840.jpg\" alt=\"\" data-id=\"22990\" data-link=\"https:\/\/ubirataonline.com.br\/?attachment_id=22990\" class=\"wp-image-22990\"\/><\/figure><\/li><\/ul>\n\n\n\n<p class=\"wp-block-paragraph\">Foi realizado no dia 10 de junho de 2019 nas depend\u00eancias da\nC\u00e2mara Municipal, a III Confer\u00eancia Municipal de Seguran\u00e7a Alimentar e\nNutricional do munic\u00edpio de Ubirat\u00e3. A Confer\u00eancia contou com a participa\u00e7\u00e3o de\ndiversas lideran\u00e7as da comunidade, representantes da Administra\u00e7\u00e3o Municipal como\no secret\u00e1rio de Desenvolvimento Econ\u00f4mico, Ant\u00f4nio Hideraldo Magron e a\nsecret\u00e1ria da Assist\u00eancia Social, Eliane Omori Duarte \u2013 Makie, o presidente da\nC\u00e2mara Rafael Bartz e a comunidade em geral. O evento contou com a participa\u00e7\u00e3o\ndo Chefe do N\u00facleo Regional da SEAB, Engenheiro Agr\u00f4nomo, Jo\u00e3o Ricardo Barbosa\nRissardo que fez uma explana\u00e7\u00e3o sobre o tema central da conferencia: \u201cComida de\nVerdade no Campo e na Cidade &#8211; O que temos \u00e9 o que queremos?&#8221;. <\/p>\n\n\n\n<p class=\"wp-block-paragraph\">A confer\u00eancia contou com conferencistas de v\u00e1rios setores governamentais e n\u00e3o governamentais. O senhor Jairo Corr\u00eaa de Almeida \u2013 Presidente do CONSEA, ressaltou a import\u00e2ncia de discutir as politicas p\u00fablicas para o aprimoramento da seguran\u00e7a alimentar e nutricional. Os Conferencistas foram divididos em tr\u00eas grupos para debaterem sobre os Eixos propostos. Eixo um com o tema \u201cAlimenta\u00e7\u00e3o como princ\u00edpio de existir\u201d; Eixo dois com o tema \u201cDesafios e possibilidades na constru\u00e7\u00e3o da pol\u00edtica p\u00fablica\u201d; Eixo tr\u00eas com o tema: \u201cGeografia da fome e o desperd\u00edcio de alimentos\u201d. Durante as discuss\u00f5es dos eixos os grupos elencaram as tr\u00eas principais propostas, que ser\u00e3o apresentadas na Confer\u00eancia Regional que ser\u00e1 realizada na cidade de Campo Mour\u00e3o no dia 17 de julho de 2019.<\/p>\n\n\n\n<ul class=\"wp-block-gallery columns-1 is-cropped wp-block-gallery-2 is-layout-flex wp-block-gallery-is-layout-flex\"><li class=\"blocks-gallery-item\"><figure><img decoding=\"async\" src=\"https:\/\/ubirataonline.com.br\/wp-content\/uploads\/2019\/06\/6-11-1280x840.jpg\" alt=\"\" data-id=\"22987\" data-link=\"https:\/\/ubirataonline.com.br\/?attachment_id=22987\" class=\"wp-image-22987\"\/><\/figure><\/li><li class=\"blocks-gallery-item\"><figure><img decoding=\"async\" src=\"https:\/\/ubirataonline.com.br\/wp-content\/uploads\/2019\/06\/7-9-1280x840.jpg\" alt=\"\" data-id=\"22989\" data-link=\"https:\/\/ubirataonline.com.br\/?attachment_id=22989\" class=\"wp-image-22989\"\/><\/figure><\/li><li class=\"blocks-gallery-item\"><figure><img decoding=\"async\" src=\"https:\/\/ubirataonline.com.br\/wp-content\/uploads\/2019\/06\/8-8-1280x840.jpg\" alt=\"\" data-id=\"22991\" data-link=\"https:\/\/ubirataonline.com.br\/?attachment_id=22991\" class=\"wp-image-22991\"\/><\/figure><\/li><li class=\"blocks-gallery-item\"><figure><img decoding=\"async\" src=\"https:\/\/ubirataonline.com.br\/wp-content\/uploads\/2019\/06\/9-7-1280x840.jpg\" alt=\"\" data-id=\"22993\" data-link=\"https:\/\/ubirataonline.com.br\/?attachment_id=22993\" class=\"wp-image-22993\"\/><\/figure><\/li><\/ul>","protected":false},"excerpt":{"rendered":"<p>Foi realizado no dia 10 de junho de 2019 nas depend\u00eancias da C\u00e2mara Municipal, a III Confer\u00eancia Municipal de Seguran\u00e7a Alimentar e Nutricional do munic\u00edpio de Ubirat\u00e3. A Confer\u00eancia contou com a participa\u00e7\u00e3o de diversas lideran\u00e7as da comunidade, representantes da Administra\u00e7\u00e3o Municipal como o secret\u00e1rio de Desenvolvimento Econ\u00f4mico, Ant\u00f4nio Hideraldo Magron e a secret\u00e1ria da [&hellip;]<\/p>\n","protected":false},"author":1,"featured_media":0,"comment_status":"closed","ping_status":"closed","sticky":false,"template":"","format":"standard","meta":{"googlesitekit_rrm_CAow2JLhCw:productID":"","_gspb_post_css":"","maa_idioma":"","maa_pais":"","footnotes":""},"categories":[30],"tags":[],"class_list":["post-22984","post","type-post","status-publish","format-standard","hentry","category-saude"],"blocksy_meta":[],"yoast_head":"<!-- This site is optimized with the Yoast SEO Premium plugin v27.6 (Yoast SEO v27.6) - https:\/\/yoast.com\/product\/yoast-seo-premium-wordpress\/ -->\n<title>Munic\u00edpio de Ubirat\u00e3 realizou a 3\u00aa Confer\u00eancia Municipal de Seguran\u00e7a Alimentar e Nutricional - Ubirat\u00e3 Online Not\u00edcias - A realidade ao seu alcance!<\/title>\n<meta name=\"description\" content=\"Foi realizado no dia 10 de junho de 2019 nas depend\u00eancias da C\u00e2mara Municipal, a III Confer\u00eancia Municipal de Seguran\u00e7a Alimentar e Nutricional do\" \/>\n<meta name=\"robots\" content=\"index, follow, max-snippet:-1, max-image-preview:large, max-video-preview:-1\" \/>\n<link rel=\"canonical\" href=\"https:\/\/ubirataonline.com.br\/en\/municipio-de-ubirata-realizou-a-3a-conferencia-municipal-de-seguranca-alimentar-e-nutricional\/\" \/>\n<meta property=\"og:locale\" content=\"en_US\" \/>\n<meta property=\"og:type\" content=\"article\" \/>\n<meta property=\"og:title\" content=\"Munic\u00edpio de Ubirat\u00e3 realizou a 3\u00aa Confer\u00eancia Municipal de Seguran\u00e7a Alimentar e Nutricional\" \/>\n<meta property=\"og:description\" content=\"Foi realizado no dia 10 de junho de 2019 nas depend\u00eancias da C\u00e2mara Municipal, a III Confer\u00eancia Municipal de Seguran\u00e7a Alimentar e Nutricional do\" \/>\n<meta property=\"og:url\" content=\"https:\/\/ubirataonline.com.br\/en\/municipio-de-ubirata-realizou-a-3a-conferencia-municipal-de-seguranca-alimentar-e-nutricional\/\" \/>\n<meta property=\"og:site_name\" content=\"Ubirat\u00e3 Online Not\u00edcias - A realidade ao seu alcance!\" \/>\n<meta property=\"article:publisher\" content=\"https:\/\/www.facebook.com\/portalubirataonline\" \/>\n<meta property=\"article:author\" content=\"https:\/\/www.facebook.com\/portalubirataonline\" \/>\n<meta property=\"article:published_time\" content=\"2019-06-24T19:23:31+00:00\" \/>\n<meta property=\"article:modified_time\" content=\"2019-06-24T19:23:34+00:00\" \/>\n<meta property=\"og:image\" content=\"https:\/\/ubirataonline.com.br\/wp-content\/uploads\/2019\/06\/2-16-1280x840.jpg\" \/>\n<meta name=\"author\" content=\"REDA\u00c7\u00c3O: UBIRAT\u00c3 ONLINE - F\u00c1BIO AUGUSTO CELESTINO\" \/>\n<meta name=\"twitter:card\" content=\"summary_large_image\" \/>\n<meta name=\"twitter:creator\" content=\"@x.com\/ubirataonline\" \/>\n<meta name=\"twitter:site\" content=\"@ubirataonline\" \/>\n<meta name=\"twitter:label1\" content=\"Written by\" \/>\n\t<meta name=\"twitter:data1\" content=\"REDA\u00c7\u00c3O: UBIRAT\u00c3 ONLINE - F\u00c1BIO AUGUSTO CELESTINO\" \/>\n\t<meta name=\"twitter:label2\" content=\"Est. reading time\" \/>\n\t<meta name=\"twitter:data2\" content=\"1 minute\" \/>\n<script type=\"application\/ld+json\" class=\"yoast-schema-graph\">{\"@context\":\"https:\\\/\\\/schema.org\",\"@graph\":[{\"@type\":\"NewsArticle\",\"@id\":\"https:\\\/\\\/ubirataonline.com.br\\\/municipio-de-ubirata-realizou-a-3a-conferencia-municipal-de-seguranca-alimentar-e-nutricional\\\/#article\",\"isPartOf\":{\"@id\":\"https:\\\/\\\/ubirataonline.com.br\\\/municipio-de-ubirata-realizou-a-3a-conferencia-municipal-de-seguranca-alimentar-e-nutricional\\\/\"},\"author\":{\"name\":\"REDA\u00c7\u00c3O: UBIRAT\u00c3 ONLINE - F\u00c1BIO AUGUSTO CELESTINO\",\"@id\":\"https:\\\/\\\/ubirataonline.com.br\\\/#\\\/schema\\\/person\\\/372f87bbd3fdd79b8556b84c98d0bc1c\"},\"headline\":\"Munic\u00edpio de Ubirat\u00e3 realizou a 3\u00aa Confer\u00eancia Municipal de Seguran\u00e7a Alimentar e Nutricional\",\"datePublished\":\"2019-06-24T19:23:31+00:00\",\"dateModified\":\"2019-06-24T19:23:34+00:00\",\"mainEntityOfPage\":{\"@id\":\"https:\\\/\\\/ubirataonline.com.br\\\/municipio-de-ubirata-realizou-a-3a-conferencia-municipal-de-seguranca-alimentar-e-nutricional\\\/\"},\"wordCount\":286,\"publisher\":{\"@id\":\"https:\\\/\\\/ubirataonline.com.br\\\/#organization\"},\"image\":{\"@id\":\"https:\\\/\\\/ubirataonline.com.br\\\/municipio-de-ubirata-realizou-a-3a-conferencia-municipal-de-seguranca-alimentar-e-nutricional\\\/#primaryimage\"},\"thumbnailUrl\":\"https:\\\/\\\/ubirataonline.com.br\\\/wp-content\\\/uploads\\\/2019\\\/06\\\/2-16-1280x840.jpg\",\"articleSection\":[\"Sa\u00fade\"],\"inLanguage\":\"en-US\",\"copyrightYear\":\"2019\",\"copyrightHolder\":{\"@id\":\"https:\\\/\\\/ubirataonline.com.br\\\/en\\\/#organization\"}},{\"@type\":\"WebPage\",\"@id\":\"https:\\\/\\\/ubirataonline.com.br\\\/municipio-de-ubirata-realizou-a-3a-conferencia-municipal-de-seguranca-alimentar-e-nutricional\\\/\",\"url\":\"https:\\\/\\\/ubirataonline.com.br\\\/municipio-de-ubirata-realizou-a-3a-conferencia-municipal-de-seguranca-alimentar-e-nutricional\\\/\",\"name\":\"Munic\u00edpio de Ubirat\u00e3 realizou a 3\u00aa Confer\u00eancia Municipal de Seguran\u00e7a Alimentar e Nutricional - Ubirat\u00e3 Online Not\u00edcias - A realidade ao seu alcance!\",\"isPartOf\":{\"@id\":\"https:\\\/\\\/ubirataonline.com.br\\\/#website\"},\"primaryImageOfPage\":{\"@id\":\"https:\\\/\\\/ubirataonline.com.br\\\/municipio-de-ubirata-realizou-a-3a-conferencia-municipal-de-seguranca-alimentar-e-nutricional\\\/#primaryimage\"},\"image\":{\"@id\":\"https:\\\/\\\/ubirataonline.com.br\\\/municipio-de-ubirata-realizou-a-3a-conferencia-municipal-de-seguranca-alimentar-e-nutricional\\\/#primaryimage\"},\"thumbnailUrl\":\"https:\\\/\\\/ubirataonline.com.br\\\/wp-content\\\/uploads\\\/2019\\\/06\\\/2-16-1280x840.jpg\",\"datePublished\":\"2019-06-24T19:23:31+00:00\",\"dateModified\":\"2019-06-24T19:23:34+00:00\",\"description\":\"Foi realizado no dia 10 de junho de 2019 nas depend\u00eancias da C\u00e2mara Municipal, a III Confer\u00eancia Municipal de Seguran\u00e7a Alimentar e Nutricional do\",\"breadcrumb\":{\"@id\":\"https:\\\/\\\/ubirataonline.com.br\\\/municipio-de-ubirata-realizou-a-3a-conferencia-municipal-de-seguranca-alimentar-e-nutricional\\\/#breadcrumb\"},\"inLanguage\":\"en-US\",\"potentialAction\":[{\"@type\":\"ReadAction\",\"target\":[\"https:\\\/\\\/ubirataonline.com.br\\\/municipio-de-ubirata-realizou-a-3a-conferencia-municipal-de-seguranca-alimentar-e-nutricional\\\/\"]}]},{\"@type\":\"ImageObject\",\"inLanguage\":\"en-US\",\"@id\":\"https:\\\/\\\/ubirataonline.com.br\\\/municipio-de-ubirata-realizou-a-3a-conferencia-municipal-de-seguranca-alimentar-e-nutricional\\\/#primaryimage\",\"url\":\"https:\\\/\\\/ubirataonline.com.br\\\/wp-content\\\/uploads\\\/2019\\\/06\\\/2-16-1280x840.jpg\",\"contentUrl\":\"https:\\\/\\\/ubirataonline.com.br\\\/wp-content\\\/uploads\\\/2019\\\/06\\\/2-16-1280x840.jpg\"},{\"@type\":\"BreadcrumbList\",\"@id\":\"https:\\\/\\\/ubirataonline.com.br\\\/municipio-de-ubirata-realizou-a-3a-conferencia-municipal-de-seguranca-alimentar-e-nutricional\\\/#breadcrumb\",\"itemListElement\":[{\"@type\":\"ListItem\",\"position\":1,\"name\":\"In\u00edcio\",\"item\":\"https:\\\/\\\/ubirataonline.com.br\\\/\"},{\"@type\":\"ListItem\",\"position\":2,\"name\":\"Munic\u00edpio de Ubirat\u00e3 realizou a 3\u00aa Confer\u00eancia Municipal de Seguran\u00e7a Alimentar e Nutricional\"}]},{\"@type\":\"WebSite\",\"@id\":\"https:\\\/\\\/ubirataonline.com.br\\\/#website\",\"url\":\"https:\\\/\\\/ubirataonline.com.br\\\/\",\"name\":\"Ubirat\u00e3 Online Not\u00edcias\",\"description\":\"Not\u00edcias de Ubirat\u00e3, regi\u00e3o, Brasil e mundo, com informa\u00e7\u00e3o atualizada e compromisso com o leitor.\",\"publisher\":{\"@id\":\"https:\\\/\\\/ubirataonline.com.br\\\/#organization\"},\"alternateName\":\"Ubirat\u00e3 Online\",\"potentialAction\":[{\"@type\":\"SearchAction\",\"target\":{\"@type\":\"EntryPoint\",\"urlTemplate\":\"https:\\\/\\\/ubirataonline.com.br\\\/?s={search_term_string}\"},\"query-input\":{\"@type\":\"PropertyValueSpecification\",\"valueRequired\":true,\"valueName\":\"search_term_string\"}}],\"inLanguage\":\"en-US\"},{\"@type\":[\"Organization\",\"Place\"],\"@id\":\"https:\\\/\\\/ubirataonline.com.br\\\/#organization\",\"name\":\"Ubirat\u00e3 Online Not\u00edcias\",\"alternateName\":\"Ubirat\u00e3 Online\",\"url\":\"https:\\\/\\\/ubirataonline.com.br\\\/\",\"logo\":{\"@id\":\"https:\\\/\\\/ubirataonline.com.br\\\/municipio-de-ubirata-realizou-a-3a-conferencia-municipal-de-seguranca-alimentar-e-nutricional\\\/#local-main-organization-logo\"},\"image\":{\"@id\":\"https:\\\/\\\/ubirataonline.com.br\\\/municipio-de-ubirata-realizou-a-3a-conferencia-municipal-de-seguranca-alimentar-e-nutricional\\\/#local-main-organization-logo\"},\"sameAs\":[\"https:\\\/\\\/www.facebook.com\\\/portalubirataonline\",\"https:\\\/\\\/x.com\\\/ubirataonline\",\"https:\\\/\\\/mastodon.social\\\/@ubirataonline\",\"https:\\\/\\\/www.facebook.com\\\/groups\\\/311144672285604\",\"https:\\\/\\\/www.facebook.com\\\/UBTAOnline\",\"https:\\\/\\\/www.instagram.com\\\/portalubirataonline\\\/\",\"https:\\\/\\\/twitter.com\\\/ubirataonline\"],\"description\":\"Somos um portal de not\u00edcias independente, criado em 5 de janeiro de 2009, com o objetivo de informar, conectar e valorizar a nossa comunidade de Ubirat\u00e3 e toda aregi\u00e3o. Com conte\u00fado atualizado, confi\u00e1vel e relevante, o Ubirat\u00e3 Online \u00e9 o seu espa\u00e7o para ficar por dentro dos principais acontecimentos locais, regionais, Brasil, Mundo e de interesse geral. Nosso compromisso \u00e9 com a verdade, a transpar\u00eancia e o respeito ao leitor.\",\"legalName\":\"UBIRATA ONLINE NOT\u00cdCIAS\",\"foundingDate\":\"2009-01-05\",\"numberOfEmployees\":{\"@type\":\"QuantitativeValue\",\"minValue\":\"1\",\"maxValue\":\"10\"},\"publishingPrinciples\":\"https:\\\/\\\/ubirataonline.com.br\\\/faq\\\/\",\"address\":{\"@id\":\"https:\\\/\\\/ubirataonline.com.br\\\/municipio-de-ubirata-realizou-a-3a-conferencia-municipal-de-seguranca-alimentar-e-nutricional\\\/#local-main-place-address\"},\"geo\":{\"@type\":\"GeoCoordinates\",\"latitude\":\"-24.5361401\",\"longitude\":\"-52.9921776\"},\"telephone\":[\"+5544998308235\"],\"contactPoint\":{\"@type\":\"ContactPoint\",\"email\":\"contato@ubirataonline.com.br\"},\"openingHoursSpecification\":{\"@type\":\"OpeningHoursSpecification\",\"dayOfWeek\":[\"Monday\",\"Tuesday\",\"Wednesday\",\"Thursday\",\"Friday\",\"Saturday\",\"Sunday\"],\"opens\":\"00:00\",\"closes\":\"23:59\"},\"email\":\"contato@ubirataonline.com.br\",\"vatID\":\"47.621.418\\\/0001-80\"},{\"@type\":\"Person\",\"@id\":\"https:\\\/\\\/ubirataonline.com.br\\\/#\\\/schema\\\/person\\\/372f87bbd3fdd79b8556b84c98d0bc1c\",\"name\":\"REDA\u00c7\u00c3O: UBIRAT\u00c3 ONLINE - F\u00c1BIO AUGUSTO CELESTINO\",\"pronouns\":\"Ele\",\"description\":\"Desde 2003 trabalhando com not\u00edcias.\",\"sameAs\":[\"http:\\\/\\\/ubirataoline.com.br\",\"https:\\\/\\\/www.facebook.com\\\/portalubirataonline\",\"https:\\\/\\\/www.instagram.com\\\/ubirataonline_oficial\",\"https:\\\/\\\/x.com\\\/x.com\\\/ubirataonline\"],\"honorificPrefix\":\"Mr.\",\"honorificSuffix\":\"MD\",\"birthDate\":\"1980-06-16\",\"gender\":\"masculino\",\"award\":[\"V\u00e1rios pr\u00eamios de melhor portal da cidade\"],\"jobTitle\":\"Diretor\",\"url\":\"https:\\\/\\\/ubirataonline.com.br\\\/en\\\/author\\\/ubirataonline\\\/\"},{\"@type\":\"PostalAddress\",\"@id\":\"https:\\\/\\\/ubirataonline.com.br\\\/municipio-de-ubirata-realizou-a-3a-conferencia-municipal-de-seguranca-alimentar-e-nutricional\\\/#local-main-place-address\",\"streetAddress\":\"Rua dos Coqueiros, 104 - Bairro Boa Vista, Rua dos Coqueiros, 104 Bairro Boa Vista\",\"addressLocality\":\"UBIRATA\",\"postalCode\":\"85440-000\",\"addressRegion\":\"PR\",\"addressCountry\":\"BR\"},{\"@type\":\"ImageObject\",\"inLanguage\":\"en-US\",\"@id\":\"https:\\\/\\\/ubirataonline.com.br\\\/municipio-de-ubirata-realizou-a-3a-conferencia-municipal-de-seguranca-alimentar-e-nutricional\\\/#local-main-organization-logo\",\"url\":\"https:\\\/\\\/ubirataonline.com.br\\\/wp-content\\\/uploads\\\/2026\\\/06\\\/logoubirataonline-1.webp\",\"contentUrl\":\"https:\\\/\\\/ubirataonline.com.br\\\/wp-content\\\/uploads\\\/2026\\\/06\\\/logoubirataonline-1.webp\",\"width\":500,\"height\":500,\"caption\":\"Ubirat\u00e3 Online Not\u00edcias\"}]}<\/script>\n<meta name=\"geo.placename\" content=\"UBIRATA\" \/>\n<meta name=\"geo.position\" content=\"-24.5361401;-52.9921776\" \/>\n<meta name=\"geo.region\" content=\"Brazil\" \/>\n<!-- \/ Yoast SEO Premium plugin. -->","yoast_head_json":{"title":"Munic\u00edpio de Ubirat\u00e3 realizou a 3\u00aa Confer\u00eancia Municipal de Seguran\u00e7a Alimentar e Nutricional - Ubirat\u00e3 Online Not\u00edcias - A realidade ao seu alcance!","description":"Foi realizado no dia 10 de junho de 2019 nas depend\u00eancias da C\u00e2mara Municipal, a III Confer\u00eancia Municipal de Seguran\u00e7a Alimentar e Nutricional do","robots":{"index":"index","follow":"follow","max-snippet":"max-snippet:-1","max-image-preview":"max-image-preview:large","max-video-preview":"max-video-preview:-1"},"canonical":"https:\/\/ubirataonline.com.br\/en\/municipio-de-ubirata-realizou-a-3a-conferencia-municipal-de-seguranca-alimentar-e-nutricional\/","og_locale":"en_US","og_type":"article","og_title":"Munic\u00edpio de Ubirat\u00e3 realizou a 3\u00aa Confer\u00eancia Municipal de Seguran\u00e7a Alimentar e Nutricional","og_description":"Foi realizado no dia 10 de junho de 2019 nas depend\u00eancias da C\u00e2mara Municipal, a III Confer\u00eancia Municipal de Seguran\u00e7a Alimentar e Nutricional do","og_url":"https:\/\/ubirataonline.com.br\/en\/municipio-de-ubirata-realizou-a-3a-conferencia-municipal-de-seguranca-alimentar-e-nutricional\/","og_site_name":"Ubirat\u00e3 Online Not\u00edcias - A realidade ao seu alcance!","article_publisher":"https:\/\/www.facebook.com\/portalubirataonline","article_author":"https:\/\/www.facebook.com\/portalubirataonline","article_published_time":"2019-06-24T19:23:31+00:00","article_modified_time":"2019-06-24T19:23:34+00:00","og_image":[{"url":"https:\/\/ubirataonline.com.br\/wp-content\/uploads\/2019\/06\/2-16-1280x840.jpg","type":"","width":"","height":""}],"author":"REDA\u00c7\u00c3O: UBIRAT\u00c3 ONLINE - F\u00c1BIO AUGUSTO CELESTINO","twitter_card":"summary_large_image","twitter_creator":"@x.com\/ubirataonline","twitter_site":"@ubirataonline","twitter_misc":{"Written by":"REDA\u00c7\u00c3O: UBIRAT\u00c3 ONLINE - F\u00c1BIO AUGUSTO CELESTINO","Est. reading time":"1 minute"},"schema":{"@context":"https:\/\/schema.org","@graph":[{"@type":"NewsArticle","@id":"https:\/\/ubirataonline.com.br\/municipio-de-ubirata-realizou-a-3a-conferencia-municipal-de-seguranca-alimentar-e-nutricional\/#article","isPartOf":{"@id":"https:\/\/ubirataonline.com.br\/municipio-de-ubirata-realizou-a-3a-conferencia-municipal-de-seguranca-alimentar-e-nutricional\/"},"author":{"name":"REDA\u00c7\u00c3O: UBIRAT\u00c3 ONLINE - F\u00c1BIO AUGUSTO CELESTINO","@id":"https:\/\/ubirataonline.com.br\/#\/schema\/person\/372f87bbd3fdd79b8556b84c98d0bc1c"},"headline":"Munic\u00edpio de Ubirat\u00e3 realizou a 3\u00aa Confer\u00eancia Municipal de Seguran\u00e7a Alimentar e Nutricional","datePublished":"2019-06-24T19:23:31+00:00","dateModified":"2019-06-24T19:23:34+00:00","mainEntityOfPage":{"@id":"https:\/\/ubirataonline.com.br\/municipio-de-ubirata-realizou-a-3a-conferencia-municipal-de-seguranca-alimentar-e-nutricional\/"},"wordCount":286,"publisher":{"@id":"https:\/\/ubirataonline.com.br\/#organization"},"image":{"@id":"https:\/\/ubirataonline.com.br\/municipio-de-ubirata-realizou-a-3a-conferencia-municipal-de-seguranca-alimentar-e-nutricional\/#primaryimage"},"thumbnailUrl":"https:\/\/ubirataonline.com.br\/wp-content\/uploads\/2019\/06\/2-16-1280x840.jpg","articleSection":["Sa\u00fade"],"inLanguage":"en-US","copyrightYear":"2019","copyrightHolder":{"@id":"https:\/\/ubirataonline.com.br\/en\/#organization"}},{"@type":"WebPage","@id":"https:\/\/ubirataonline.com.br\/municipio-de-ubirata-realizou-a-3a-conferencia-municipal-de-seguranca-alimentar-e-nutricional\/","url":"https:\/\/ubirataonline.com.br\/municipio-de-ubirata-realizou-a-3a-conferencia-municipal-de-seguranca-alimentar-e-nutricional\/","name":"Munic\u00edpio de Ubirat\u00e3 realizou a 3\u00aa Confer\u00eancia Municipal de Seguran\u00e7a Alimentar e Nutricional - Ubirat\u00e3 Online Not\u00edcias - A realidade ao seu alcance!","isPartOf":{"@id":"https:\/\/ubirataonline.com.br\/#website"},"primaryImageOfPage":{"@id":"https:\/\/ubirataonline.com.br\/municipio-de-ubirata-realizou-a-3a-conferencia-municipal-de-seguranca-alimentar-e-nutricional\/#primaryimage"},"image":{"@id":"https:\/\/ubirataonline.com.br\/municipio-de-ubirata-realizou-a-3a-conferencia-municipal-de-seguranca-alimentar-e-nutricional\/#primaryimage"},"thumbnailUrl":"https:\/\/ubirataonline.com.br\/wp-content\/uploads\/2019\/06\/2-16-1280x840.jpg","datePublished":"2019-06-24T19:23:31+00:00","dateModified":"2019-06-24T19:23:34+00:00","description":"Foi realizado no dia 10 de junho de 2019 nas depend\u00eancias da C\u00e2mara Municipal, a III Confer\u00eancia Municipal de Seguran\u00e7a Alimentar e Nutricional do","breadcrumb":{"@id":"https:\/\/ubirataonline.com.br\/municipio-de-ubirata-realizou-a-3a-conferencia-municipal-de-seguranca-alimentar-e-nutricional\/#breadcrumb"},"inLanguage":"en-US","potentialAction":[{"@type":"ReadAction","target":["https:\/\/ubirataonline.com.br\/municipio-de-ubirata-realizou-a-3a-conferencia-municipal-de-seguranca-alimentar-e-nutricional\/"]}]},{"@type":"ImageObject","inLanguage":"en-US","@id":"https:\/\/ubirataonline.com.br\/municipio-de-ubirata-realizou-a-3a-conferencia-municipal-de-seguranca-alimentar-e-nutricional\/#primaryimage","url":"https:\/\/ubirataonline.com.br\/wp-content\/uploads\/2019\/06\/2-16-1280x840.jpg","contentUrl":"https:\/\/ubirataonline.com.br\/wp-content\/uploads\/2019\/06\/2-16-1280x840.jpg"},{"@type":"BreadcrumbList","@id":"https:\/\/ubirataonline.com.br\/municipio-de-ubirata-realizou-a-3a-conferencia-municipal-de-seguranca-alimentar-e-nutricional\/#breadcrumb","itemListElement":[{"@type":"ListItem","position":1,"name":"In\u00edcio","item":"https:\/\/ubirataonline.com.br\/"},{"@type":"ListItem","position":2,"name":"Munic\u00edpio de Ubirat\u00e3 realizou a 3\u00aa Confer\u00eancia Municipal de Seguran\u00e7a Alimentar e Nutricional"}]},{"@type":"WebSite","@id":"https:\/\/ubirataonline.com.br\/#website","url":"https:\/\/ubirataonline.com.br\/","name":"Ubirat\u00e3 Online Not\u00edcias","description":"Not\u00edcias de Ubirat\u00e3, regi\u00e3o, Brasil e mundo, com informa\u00e7\u00e3o atualizada e compromisso com o leitor.","publisher":{"@id":"https:\/\/ubirataonline.com.br\/#organization"},"alternateName":"Ubirat\u00e3 Online","potentialAction":[{"@type":"SearchAction","target":{"@type":"EntryPoint","urlTemplate":"https:\/\/ubirataonline.com.br\/?s={search_term_string}"},"query-input":{"@type":"PropertyValueSpecification","valueRequired":true,"valueName":"search_term_string"}}],"inLanguage":"en-US"},{"@type":["Organization","Place"],"@id":"https:\/\/ubirataonline.com.br\/#organization","name":"Ubirat\u00e3 Online Not\u00edcias","alternateName":"Ubirat\u00e3 Online","url":"https:\/\/ubirataonline.com.br\/","logo":{"@id":"https:\/\/ubirataonline.com.br\/municipio-de-ubirata-realizou-a-3a-conferencia-municipal-de-seguranca-alimentar-e-nutricional\/#local-main-organization-logo"},"image":{"@id":"https:\/\/ubirataonline.com.br\/municipio-de-ubirata-realizou-a-3a-conferencia-municipal-de-seguranca-alimentar-e-nutricional\/#local-main-organization-logo"},"sameAs":["https:\/\/www.facebook.com\/portalubirataonline","https:\/\/x.com\/ubirataonline","https:\/\/mastodon.social\/@ubirataonline","https:\/\/www.facebook.com\/groups\/311144672285604","https:\/\/www.facebook.com\/UBTAOnline","https:\/\/www.instagram.com\/portalubirataonline\/","https:\/\/twitter.com\/ubirataonline"],"description":"Somos um portal de not\u00edcias independente, criado em 5 de janeiro de 2009, com o objetivo de informar, conectar e valorizar a nossa comunidade de Ubirat\u00e3 e toda aregi\u00e3o. Com conte\u00fado atualizado, confi\u00e1vel e relevante, o Ubirat\u00e3 Online \u00e9 o seu espa\u00e7o para ficar por dentro dos principais acontecimentos locais, regionais, Brasil, Mundo e de interesse geral. Nosso compromisso \u00e9 com a verdade, a transpar\u00eancia e o respeito ao leitor.","legalName":"UBIRATA ONLINE NOT\u00cdCIAS","foundingDate":"2009-01-05","numberOfEmployees":{"@type":"QuantitativeValue","minValue":"1","maxValue":"10"},"publishingPrinciples":"https:\/\/ubirataonline.com.br\/faq\/","address":{"@id":"https:\/\/ubirataonline.com.br\/municipio-de-ubirata-realizou-a-3a-conferencia-municipal-de-seguranca-alimentar-e-nutricional\/#local-main-place-address"},"geo":{"@type":"GeoCoordinates","latitude":"-24.5361401","longitude":"-52.9921776"},"telephone":["+5544998308235"],"contactPoint":{"@type":"ContactPoint","email":"contato@ubirataonline.com.br"},"openingHoursSpecification":{"@type":"OpeningHoursSpecification","dayOfWeek":["Monday","Tuesday","Wednesday","Thursday","Friday","Saturday","Sunday"],"opens":"00:00","closes":"23:59"},"email":"contato@ubirataonline.com.br","vatID":"47.621.418\/0001-80"},{"@type":"Person","@id":"https:\/\/ubirataonline.com.br\/#\/schema\/person\/372f87bbd3fdd79b8556b84c98d0bc1c","name":"REDA\u00c7\u00c3O: UBIRAT\u00c3 ONLINE - F\u00c1BIO AUGUSTO CELESTINO","pronouns":"Ele","description":"Desde 2003 trabalhando com not\u00edcias.","sameAs":["http:\/\/ubirataoline.com.br","https:\/\/www.facebook.com\/portalubirataonline","https:\/\/www.instagram.com\/ubirataonline_oficial","https:\/\/x.com\/x.com\/ubirataonline"],"honorificPrefix":"Mr.","honorificSuffix":"MD","birthDate":"1980-06-16","gender":"masculino","award":["V\u00e1rios pr\u00eamios de melhor portal da cidade"],"jobTitle":"Diretor","url":"https:\/\/ubirataonline.com.br\/en\/author\/ubirataonline\/"},{"@type":"PostalAddress","@id":"https:\/\/ubirataonline.com.br\/municipio-de-ubirata-realizou-a-3a-conferencia-municipal-de-seguranca-alimentar-e-nutricional\/#local-main-place-address","streetAddress":"Rua dos Coqueiros, 104 - Bairro Boa Vista, Rua dos Coqueiros, 104 Bairro Boa Vista","addressLocality":"UBIRATA","postalCode":"85440-000","addressRegion":"PR","addressCountry":"BR"},{"@type":"ImageObject","inLanguage":"en-US","@id":"https:\/\/ubirataonline.com.br\/municipio-de-ubirata-realizou-a-3a-conferencia-municipal-de-seguranca-alimentar-e-nutricional\/#local-main-organization-logo","url":"https:\/\/ubirataonline.com.br\/wp-content\/uploads\/2026\/06\/logoubirataonline-1.webp","contentUrl":"https:\/\/ubirataonline.com.br\/wp-content\/uploads\/2026\/06\/logoubirataonline-1.webp","width":500,"height":500,"caption":"Ubirat\u00e3 Online Not\u00edcias"}]},"geo.placename":"UBIRATA","geo.position":{"lat":"-24.5361401","long":"-52.9921776"},"geo.region":"Brazil"},"_links":{"self":[{"href":"https:\/\/ubirataonline.com.br\/en\/wp-json\/wp\/v2\/posts\/22984","targetHints":{"allow":["GET"]}}],"collection":[{"href":"https:\/\/ubirataonline.com.br\/en\/wp-json\/wp\/v2\/posts"}],"about":[{"href":"https:\/\/ubirataonline.com.br\/en\/wp-json\/wp\/v2\/types\/post"}],"author":[{"embeddable":true,"href":"https:\/\/ubirataonline.com.br\/en\/wp-json\/wp\/v2\/users\/1"}],"replies":[{"embeddable":true,"href":"https:\/\/ubirataonline.com.br\/en\/wp-json\/wp\/v2\/comments?post=22984"}],"version-history":[{"count":0,"href":"https:\/\/ubirataonline.com.br\/en\/wp-json\/wp\/v2\/posts\/22984\/revisions"}],"wp:attachment":[{"href":"https:\/\/ubirataonline.com.br\/en\/wp-json\/wp\/v2\/media?parent=22984"}],"wp:term":[{"taxonomy":"category","embeddable":true,"href":"https:\/\/ubirataonline.com.br\/en\/wp-json\/wp\/v2\/categories?post=22984"},{"taxonomy":"post_tag","embeddable":true,"href":"https:\/\/ubirataonline.com.br\/en\/wp-json\/wp\/v2\/tags?post=22984"}],"curies":[{"name":"wp","href":"https:\/\/api.w.org\/{rel}","templated":true}]}}