{"id":23122,"date":"2019-06-28T08:11:45","date_gmt":"2019-06-28T11:11:45","guid":{"rendered":"https:\/\/ubirataonline.com.br\/?p=23122"},"modified":"2019-06-28T08:11:48","modified_gmt":"2019-06-28T11:11:48","slug":"van-da-saude-de-campina-da-lagoa-se-envolve-em-acidente-na-br-277","status":"publish","type":"post","link":"https:\/\/ubirataonline.com.br\/en\/van-da-saude-de-campina-da-lagoa-se-envolve-em-acidente-na-br-277\/","title":{"rendered":"VAN da Sa\u00fade de Campina da Lagoa se envolve em acidente na BR 277"},"content":{"rendered":"<p class=\"wp-block-paragraph\">Na noite da\n \u00faltima quarta-feira (26), por volta das 20:00 Horas foi registrado um \nacidente na BR-277 no munic\u00edpio de Irati envolvendo uma Van da \nSecretaria da Sa\u00fade de Campina da Lagoa, que transportava pacientes que \nestavam em tratamentos de sa\u00fade da cidade de Curitiba. <\/p>\n\n\n\n<p class=\"wp-block-paragraph\">Um ve\u00edculo \nFiat Uno realizava uma ultrapassagem em local proibido e acabou batendo \nna Van que seguia no sentido contr\u00e1rio vindo esta colidir na traseira de\n uma Carreta que seguia no mesmo sentido usando a terceira faixa. <\/p>\n\n\n\n<p class=\"wp-block-paragraph\">Ainda \nsegundo o motorista da Van, o condutor do ve\u00edculo causador do acidente \nse evadiu do local sem prestar atendimento. As Equipes da Pol\u00edcia \nRodovi\u00e1ria Federal e Socorristas foram acionadas para prestar \natendimento no local, felizmente n\u00e3o houve v\u00edtimas ficando assim \nregistrado somente danos aos ve\u00edculos. <\/p>\n\n\n\n<p class=\"wp-block-paragraph\">Cinco \npacientes e o motorista da Van e motorista do caminh\u00e3o sa\u00edram ilesos do \nacidente. Dos cinco ocupantes da Van tr\u00eas seguiram viagem de carona com \num motorista de cascavel que passava pelo local e outros dois seguiram \nde \u00f4nibus convencional at\u00e9 a cidade de Cascavel. <\/p>\n\n\n\n<p class=\"wp-block-paragraph\">Segundo \nnota na p\u00e1gina oficial do munic\u00edpio de Campina da Lagoa a Secretaria de \nSa\u00fade informou que prestou auxilio aos pacientes at\u00e9 o munic\u00edpio e todos\n passam bem. <\/p>\n\n\n\n<p class=\"wp-block-paragraph\">Ainda em  nota o munic\u00edpio agradeceu ao motorista que deu carona aos tr\u00eas  pacientes. \u201cNosso respeito e gratid\u00e3o em nome da Administra\u00e7\u00e3o Municipal  de Campina da Lagoa\u201d, publicaram.<\/p>\n\n\n\n<p class=\"wp-block-paragraph\">Fonte: <a href=\"http:\/\/www.portalovale.com.br\/lernoticia.asp?i=41968&amp;fbclid=IwAR3F7Kz3c9UhtwokOAmMU_jhxwXYv-zWELRXu1nRCl4maJrudrOxTstiTxY\">Portal O Vale<\/a><\/p>","protected":false},"excerpt":{"rendered":"<p>Na noite da \u00faltima quarta-feira (26), por volta das 20:00 Horas foi registrado um acidente na BR-277 no munic\u00edpio de Irati envolvendo uma Van da Secretaria da Sa\u00fade de Campina da Lagoa, que transportava pacientes que estavam em tratamentos de sa\u00fade da cidade de Curitiba. Um ve\u00edculo Fiat Uno realizava uma ultrapassagem em local proibido [&hellip;]<\/p>\n","protected":false},"author":2,"featured_media":0,"comment_status":"closed","ping_status":"closed","sticky":false,"template":"","format":"standard","meta":{"googlesitekit_rrm_CAow2JLhCw:productID":"","_gspb_post_css":"","maa_idioma":"","maa_pais":"","footnotes":""},"categories":[3],"tags":[],"class_list":["post-23122","post","type-post","status-publish","format-standard","hentry","category-acidentes"],"blocksy_meta":[],"yoast_head":"<!-- This site is optimized with the Yoast SEO Premium plugin v27.6 (Yoast SEO v27.6) - https:\/\/yoast.com\/product\/yoast-seo-premium-wordpress\/ -->\n<title>VAN da Sa\u00fade de Campina da Lagoa se envolve em acidente na BR 277 - Ubirat\u00e3 Online Not\u00edcias - A realidade ao seu alcance!<\/title>\n<meta name=\"description\" content=\"Na noite da \u00faltima quarta-feira (26), por volta das 20:00 Horas foi registrado um acidente na BR-277 no munic\u00edpio de Irati envolvendo uma Van da\" \/>\n<meta name=\"robots\" content=\"index, follow, max-snippet:-1, max-image-preview:large, max-video-preview:-1\" \/>\n<link rel=\"canonical\" href=\"https:\/\/ubirataonline.com.br\/en\/van-da-saude-de-campina-da-lagoa-se-envolve-em-acidente-na-br-277\/\" \/>\n<meta property=\"og:locale\" content=\"en_US\" \/>\n<meta property=\"og:type\" content=\"article\" \/>\n<meta property=\"og:title\" content=\"VAN da Sa\u00fade de Campina da Lagoa se envolve em acidente na BR 277\" \/>\n<meta property=\"og:description\" content=\"Na noite da \u00faltima quarta-feira (26), por volta das 20:00 Horas foi registrado um acidente na BR-277 no munic\u00edpio de Irati envolvendo uma Van da\" \/>\n<meta property=\"og:url\" content=\"https:\/\/ubirataonline.com.br\/en\/van-da-saude-de-campina-da-lagoa-se-envolve-em-acidente-na-br-277\/\" \/>\n<meta property=\"og:site_name\" content=\"Ubirat\u00e3 Online Not\u00edcias - A realidade ao seu alcance!\" \/>\n<meta property=\"article:publisher\" content=\"https:\/\/www.facebook.com\/portalubirataonline\" \/>\n<meta property=\"article:published_time\" content=\"2019-06-28T11:11:45+00:00\" \/>\n<meta property=\"article:modified_time\" content=\"2019-06-28T11:11:48+00:00\" \/>\n<meta property=\"og:image\" content=\"https:\/\/ubirataonline.com.br\/wp-content\/uploads\/2026\/05\/logo2026.webp\" \/>\n\t<meta property=\"og:image:width\" content=\"1531\" \/>\n\t<meta property=\"og:image:height\" content=\"418\" \/>\n\t<meta property=\"og:image:type\" content=\"image\/webp\" \/>\n<meta name=\"author\" content=\"Vampeta\" \/>\n<meta name=\"twitter:card\" content=\"summary_large_image\" \/>\n<meta name=\"twitter:creator\" content=\"@ubirataonline\" \/>\n<meta name=\"twitter:site\" content=\"@ubirataonline\" \/>\n<meta name=\"twitter:label1\" content=\"Written by\" \/>\n\t<meta name=\"twitter:data1\" content=\"Vampeta\" \/>\n\t<meta name=\"twitter:label2\" content=\"Est. reading time\" \/>\n\t<meta name=\"twitter:data2\" content=\"1 minute\" \/>\n<script type=\"application\/ld+json\" class=\"yoast-schema-graph\">{\"@context\":\"https:\\\/\\\/schema.org\",\"@graph\":[{\"@type\":\"NewsArticle\",\"@id\":\"https:\\\/\\\/ubirataonline.com.br\\\/van-da-saude-de-campina-da-lagoa-se-envolve-em-acidente-na-br-277\\\/#article\",\"isPartOf\":{\"@id\":\"https:\\\/\\\/ubirataonline.com.br\\\/van-da-saude-de-campina-da-lagoa-se-envolve-em-acidente-na-br-277\\\/\"},\"author\":{\"name\":\"Vampeta\",\"@id\":\"https:\\\/\\\/ubirataonline.com.br\\\/#\\\/schema\\\/person\\\/09f7a474bd1834b50dea8d1c197e976f\"},\"headline\":\"VAN da Sa\u00fade de Campina da Lagoa se envolve em acidente na BR 277\",\"datePublished\":\"2019-06-28T11:11:45+00:00\",\"dateModified\":\"2019-06-28T11:11:48+00:00\",\"mainEntityOfPage\":{\"@id\":\"https:\\\/\\\/ubirataonline.com.br\\\/van-da-saude-de-campina-da-lagoa-se-envolve-em-acidente-na-br-277\\\/\"},\"wordCount\":268,\"publisher\":{\"@id\":\"https:\\\/\\\/ubirataonline.com.br\\\/#organization\"},\"articleSection\":[\"Acidentes\"],\"inLanguage\":\"en-US\",\"copyrightYear\":\"2019\",\"copyrightHolder\":{\"@id\":\"https:\\\/\\\/ubirataonline.com.br\\\/en\\\/#organization\"}},{\"@type\":\"WebPage\",\"@id\":\"https:\\\/\\\/ubirataonline.com.br\\\/van-da-saude-de-campina-da-lagoa-se-envolve-em-acidente-na-br-277\\\/\",\"url\":\"https:\\\/\\\/ubirataonline.com.br\\\/van-da-saude-de-campina-da-lagoa-se-envolve-em-acidente-na-br-277\\\/\",\"name\":\"VAN da Sa\u00fade de Campina da Lagoa se envolve em acidente na BR 277 - Ubirat\u00e3 Online Not\u00edcias - A realidade ao seu alcance!\",\"isPartOf\":{\"@id\":\"https:\\\/\\\/ubirataonline.com.br\\\/#website\"},\"datePublished\":\"2019-06-28T11:11:45+00:00\",\"dateModified\":\"2019-06-28T11:11:48+00:00\",\"description\":\"Na noite da \u00faltima quarta-feira (26), por volta das 20:00 Horas foi registrado um acidente na BR-277 no munic\u00edpio de Irati envolvendo uma Van da\",\"breadcrumb\":{\"@id\":\"https:\\\/\\\/ubirataonline.com.br\\\/van-da-saude-de-campina-da-lagoa-se-envolve-em-acidente-na-br-277\\\/#breadcrumb\"},\"inLanguage\":\"en-US\",\"potentialAction\":[{\"@type\":\"ReadAction\",\"target\":[\"https:\\\/\\\/ubirataonline.com.br\\\/van-da-saude-de-campina-da-lagoa-se-envolve-em-acidente-na-br-277\\\/\"]}]},{\"@type\":\"BreadcrumbList\",\"@id\":\"https:\\\/\\\/ubirataonline.com.br\\\/van-da-saude-de-campina-da-lagoa-se-envolve-em-acidente-na-br-277\\\/#breadcrumb\",\"itemListElement\":[{\"@type\":\"ListItem\",\"position\":1,\"name\":\"In\u00edcio\",\"item\":\"https:\\\/\\\/ubirataonline.com.br\\\/\"},{\"@type\":\"ListItem\",\"position\":2,\"name\":\"VAN da Sa\u00fade de Campina da Lagoa se envolve em acidente na BR 277\"}]},{\"@type\":\"WebSite\",\"@id\":\"https:\\\/\\\/ubirataonline.com.br\\\/#website\",\"url\":\"https:\\\/\\\/ubirataonline.com.br\\\/\",\"name\":\"Ubirat\u00e3 Online Not\u00edcias\",\"description\":\"Not\u00edcias de Ubirat\u00e3, regi\u00e3o, Brasil e mundo, com informa\u00e7\u00e3o atualizada e compromisso com o leitor.\",\"publisher\":{\"@id\":\"https:\\\/\\\/ubirataonline.com.br\\\/#organization\"},\"alternateName\":\"Ubirat\u00e3 Online\",\"potentialAction\":[{\"@type\":\"SearchAction\",\"target\":{\"@type\":\"EntryPoint\",\"urlTemplate\":\"https:\\\/\\\/ubirataonline.com.br\\\/?s={search_term_string}\"},\"query-input\":{\"@type\":\"PropertyValueSpecification\",\"valueRequired\":true,\"valueName\":\"search_term_string\"}}],\"inLanguage\":\"en-US\"},{\"@type\":[\"Organization\",\"Place\"],\"@id\":\"https:\\\/\\\/ubirataonline.com.br\\\/#organization\",\"name\":\"Ubirat\u00e3 Online Not\u00edcias\",\"alternateName\":\"Ubirat\u00e3 Online\",\"url\":\"https:\\\/\\\/ubirataonline.com.br\\\/\",\"logo\":{\"@id\":\"https:\\\/\\\/ubirataonline.com.br\\\/van-da-saude-de-campina-da-lagoa-se-envolve-em-acidente-na-br-277\\\/#local-main-organization-logo\"},\"image\":{\"@id\":\"https:\\\/\\\/ubirataonline.com.br\\\/van-da-saude-de-campina-da-lagoa-se-envolve-em-acidente-na-br-277\\\/#local-main-organization-logo\"},\"sameAs\":[\"https:\\\/\\\/www.facebook.com\\\/portalubirataonline\",\"https:\\\/\\\/x.com\\\/ubirataonline\",\"https:\\\/\\\/mastodon.social\\\/@ubirataonline\",\"https:\\\/\\\/www.facebook.com\\\/groups\\\/311144672285604\",\"https:\\\/\\\/www.facebook.com\\\/UBTAOnline\",\"https:\\\/\\\/www.instagram.com\\\/portalubirataonline\\\/\",\"https:\\\/\\\/twitter.com\\\/ubirataonline\"],\"description\":\"Somos um portal de not\u00edcias independente, criado em 5 de janeiro de 2009, com o objetivo de informar, conectar e valorizar a nossa comunidade de Ubirat\u00e3 e toda aregi\u00e3o. Com conte\u00fado atualizado, confi\u00e1vel e relevante, o Ubirat\u00e3 Online \u00e9 o seu espa\u00e7o para ficar por dentro dos principais acontecimentos locais, regionais, Brasil, Mundo e de interesse geral. Nosso compromisso \u00e9 com a verdade, a transpar\u00eancia e o respeito ao leitor.\",\"legalName\":\"UBIRATA ONLINE NOT\u00cdCIAS\",\"foundingDate\":\"2009-01-05\",\"numberOfEmployees\":{\"@type\":\"QuantitativeValue\",\"minValue\":\"1\",\"maxValue\":\"10\"},\"publishingPrinciples\":\"https:\\\/\\\/ubirataonline.com.br\\\/faq\\\/\",\"address\":{\"@id\":\"https:\\\/\\\/ubirataonline.com.br\\\/van-da-saude-de-campina-da-lagoa-se-envolve-em-acidente-na-br-277\\\/#local-main-place-address\"},\"geo\":{\"@type\":\"GeoCoordinates\",\"latitude\":\"-24.5361401\",\"longitude\":\"-52.9921776\"},\"telephone\":[\"+5544998308235\"],\"contactPoint\":{\"@type\":\"ContactPoint\",\"email\":\"contato@ubirataonline.com.br\"},\"openingHoursSpecification\":{\"@type\":\"OpeningHoursSpecification\",\"dayOfWeek\":[\"Monday\",\"Tuesday\",\"Wednesday\",\"Thursday\",\"Friday\",\"Saturday\",\"Sunday\"],\"opens\":\"00:00\",\"closes\":\"23:59\"},\"email\":\"contato@ubirataonline.com.br\",\"vatID\":\"47.621.418\\\/0001-80\"},{\"@type\":\"Person\",\"@id\":\"https:\\\/\\\/ubirataonline.com.br\\\/#\\\/schema\\\/person\\\/09f7a474bd1834b50dea8d1c197e976f\",\"name\":\"Vampeta\",\"sameAs\":[\"https:\\\/\\\/ubirataonline.com.br\"],\"url\":\"https:\\\/\\\/ubirataonline.com.br\\\/en\\\/author\\\/vampeta\\\/\"},{\"@type\":\"PostalAddress\",\"@id\":\"https:\\\/\\\/ubirataonline.com.br\\\/van-da-saude-de-campina-da-lagoa-se-envolve-em-acidente-na-br-277\\\/#local-main-place-address\",\"streetAddress\":\"Rua dos Coqueiros, 104 - Bairro Boa Vista, Rua dos Coqueiros, 104 Bairro Boa Vista\",\"addressLocality\":\"UBIRATA\",\"postalCode\":\"85440-000\",\"addressRegion\":\"PR\",\"addressCountry\":\"BR\"},{\"@type\":\"ImageObject\",\"inLanguage\":\"en-US\",\"@id\":\"https:\\\/\\\/ubirataonline.com.br\\\/van-da-saude-de-campina-da-lagoa-se-envolve-em-acidente-na-br-277\\\/#local-main-organization-logo\",\"url\":\"https:\\\/\\\/ubirataonline.com.br\\\/wp-content\\\/uploads\\\/2026\\\/06\\\/logoubirataonline-1.webp\",\"contentUrl\":\"https:\\\/\\\/ubirataonline.com.br\\\/wp-content\\\/uploads\\\/2026\\\/06\\\/logoubirataonline-1.webp\",\"width\":500,\"height\":500,\"caption\":\"Ubirat\u00e3 Online Not\u00edcias\"}]}<\/script>\n<meta name=\"geo.placename\" content=\"UBIRATA\" \/>\n<meta name=\"geo.position\" content=\"-24.5361401;-52.9921776\" \/>\n<meta name=\"geo.region\" content=\"Brazil\" \/>\n<!-- \/ Yoast SEO Premium plugin. -->","yoast_head_json":{"title":"VAN da Sa\u00fade de Campina da Lagoa se envolve em acidente na BR 277 - Ubirat\u00e3 Online Not\u00edcias - A realidade ao seu alcance!","description":"Na noite da \u00faltima quarta-feira (26), por volta das 20:00 Horas foi registrado um acidente na BR-277 no munic\u00edpio de Irati envolvendo uma Van da","robots":{"index":"index","follow":"follow","max-snippet":"max-snippet:-1","max-image-preview":"max-image-preview:large","max-video-preview":"max-video-preview:-1"},"canonical":"https:\/\/ubirataonline.com.br\/en\/van-da-saude-de-campina-da-lagoa-se-envolve-em-acidente-na-br-277\/","og_locale":"en_US","og_type":"article","og_title":"VAN da Sa\u00fade de Campina da Lagoa se envolve em acidente na BR 277","og_description":"Na noite da \u00faltima quarta-feira (26), por volta das 20:00 Horas foi registrado um acidente na BR-277 no munic\u00edpio de Irati envolvendo uma Van da","og_url":"https:\/\/ubirataonline.com.br\/en\/van-da-saude-de-campina-da-lagoa-se-envolve-em-acidente-na-br-277\/","og_site_name":"Ubirat\u00e3 Online Not\u00edcias - A realidade ao seu alcance!","article_publisher":"https:\/\/www.facebook.com\/portalubirataonline","article_published_time":"2019-06-28T11:11:45+00:00","article_modified_time":"2019-06-28T11:11:48+00:00","og_image":[{"width":1531,"height":418,"url":"https:\/\/ubirataonline.com.br\/wp-content\/uploads\/2026\/05\/logo2026.webp","type":"image\/webp"}],"author":"Vampeta","twitter_card":"summary_large_image","twitter_creator":"@ubirataonline","twitter_site":"@ubirataonline","twitter_misc":{"Written by":"Vampeta","Est. reading time":"1 minute"},"schema":{"@context":"https:\/\/schema.org","@graph":[{"@type":"NewsArticle","@id":"https:\/\/ubirataonline.com.br\/van-da-saude-de-campina-da-lagoa-se-envolve-em-acidente-na-br-277\/#article","isPartOf":{"@id":"https:\/\/ubirataonline.com.br\/van-da-saude-de-campina-da-lagoa-se-envolve-em-acidente-na-br-277\/"},"author":{"name":"Vampeta","@id":"https:\/\/ubirataonline.com.br\/#\/schema\/person\/09f7a474bd1834b50dea8d1c197e976f"},"headline":"VAN da Sa\u00fade de Campina da Lagoa se envolve em acidente na BR 277","datePublished":"2019-06-28T11:11:45+00:00","dateModified":"2019-06-28T11:11:48+00:00","mainEntityOfPage":{"@id":"https:\/\/ubirataonline.com.br\/van-da-saude-de-campina-da-lagoa-se-envolve-em-acidente-na-br-277\/"},"wordCount":268,"publisher":{"@id":"https:\/\/ubirataonline.com.br\/#organization"},"articleSection":["Acidentes"],"inLanguage":"en-US","copyrightYear":"2019","copyrightHolder":{"@id":"https:\/\/ubirataonline.com.br\/en\/#organization"}},{"@type":"WebPage","@id":"https:\/\/ubirataonline.com.br\/van-da-saude-de-campina-da-lagoa-se-envolve-em-acidente-na-br-277\/","url":"https:\/\/ubirataonline.com.br\/van-da-saude-de-campina-da-lagoa-se-envolve-em-acidente-na-br-277\/","name":"VAN da Sa\u00fade de Campina da Lagoa se envolve em acidente na BR 277 - Ubirat\u00e3 Online Not\u00edcias - A realidade ao seu alcance!","isPartOf":{"@id":"https:\/\/ubirataonline.com.br\/#website"},"datePublished":"2019-06-28T11:11:45+00:00","dateModified":"2019-06-28T11:11:48+00:00","description":"Na noite da \u00faltima quarta-feira (26), por volta das 20:00 Horas foi registrado um acidente na BR-277 no munic\u00edpio de Irati envolvendo uma Van da","breadcrumb":{"@id":"https:\/\/ubirataonline.com.br\/van-da-saude-de-campina-da-lagoa-se-envolve-em-acidente-na-br-277\/#breadcrumb"},"inLanguage":"en-US","potentialAction":[{"@type":"ReadAction","target":["https:\/\/ubirataonline.com.br\/van-da-saude-de-campina-da-lagoa-se-envolve-em-acidente-na-br-277\/"]}]},{"@type":"BreadcrumbList","@id":"https:\/\/ubirataonline.com.br\/van-da-saude-de-campina-da-lagoa-se-envolve-em-acidente-na-br-277\/#breadcrumb","itemListElement":[{"@type":"ListItem","position":1,"name":"In\u00edcio","item":"https:\/\/ubirataonline.com.br\/"},{"@type":"ListItem","position":2,"name":"VAN da Sa\u00fade de Campina da Lagoa se envolve em acidente na BR 277"}]},{"@type":"WebSite","@id":"https:\/\/ubirataonline.com.br\/#website","url":"https:\/\/ubirataonline.com.br\/","name":"Ubirat\u00e3 Online Not\u00edcias","description":"Not\u00edcias de Ubirat\u00e3, regi\u00e3o, Brasil e mundo, com informa\u00e7\u00e3o atualizada e compromisso com o leitor.","publisher":{"@id":"https:\/\/ubirataonline.com.br\/#organization"},"alternateName":"Ubirat\u00e3 Online","potentialAction":[{"@type":"SearchAction","target":{"@type":"EntryPoint","urlTemplate":"https:\/\/ubirataonline.com.br\/?s={search_term_string}"},"query-input":{"@type":"PropertyValueSpecification","valueRequired":true,"valueName":"search_term_string"}}],"inLanguage":"en-US"},{"@type":["Organization","Place"],"@id":"https:\/\/ubirataonline.com.br\/#organization","name":"Ubirat\u00e3 Online Not\u00edcias","alternateName":"Ubirat\u00e3 Online","url":"https:\/\/ubirataonline.com.br\/","logo":{"@id":"https:\/\/ubirataonline.com.br\/van-da-saude-de-campina-da-lagoa-se-envolve-em-acidente-na-br-277\/#local-main-organization-logo"},"image":{"@id":"https:\/\/ubirataonline.com.br\/van-da-saude-de-campina-da-lagoa-se-envolve-em-acidente-na-br-277\/#local-main-organization-logo"},"sameAs":["https:\/\/www.facebook.com\/portalubirataonline","https:\/\/x.com\/ubirataonline","https:\/\/mastodon.social\/@ubirataonline","https:\/\/www.facebook.com\/groups\/311144672285604","https:\/\/www.facebook.com\/UBTAOnline","https:\/\/www.instagram.com\/portalubirataonline\/","https:\/\/twitter.com\/ubirataonline"],"description":"Somos um portal de not\u00edcias independente, criado em 5 de janeiro de 2009, com o objetivo de informar, conectar e valorizar a nossa comunidade de Ubirat\u00e3 e toda aregi\u00e3o. Com conte\u00fado atualizado, confi\u00e1vel e relevante, o Ubirat\u00e3 Online \u00e9 o seu espa\u00e7o para ficar por dentro dos principais acontecimentos locais, regionais, Brasil, Mundo e de interesse geral. Nosso compromisso \u00e9 com a verdade, a transpar\u00eancia e o respeito ao leitor.","legalName":"UBIRATA ONLINE NOT\u00cdCIAS","foundingDate":"2009-01-05","numberOfEmployees":{"@type":"QuantitativeValue","minValue":"1","maxValue":"10"},"publishingPrinciples":"https:\/\/ubirataonline.com.br\/faq\/","address":{"@id":"https:\/\/ubirataonline.com.br\/van-da-saude-de-campina-da-lagoa-se-envolve-em-acidente-na-br-277\/#local-main-place-address"},"geo":{"@type":"GeoCoordinates","latitude":"-24.5361401","longitude":"-52.9921776"},"telephone":["+5544998308235"],"contactPoint":{"@type":"ContactPoint","email":"contato@ubirataonline.com.br"},"openingHoursSpecification":{"@type":"OpeningHoursSpecification","dayOfWeek":["Monday","Tuesday","Wednesday","Thursday","Friday","Saturday","Sunday"],"opens":"00:00","closes":"23:59"},"email":"contato@ubirataonline.com.br","vatID":"47.621.418\/0001-80"},{"@type":"Person","@id":"https:\/\/ubirataonline.com.br\/#\/schema\/person\/09f7a474bd1834b50dea8d1c197e976f","name":"Vampeta","sameAs":["https:\/\/ubirataonline.com.br"],"url":"https:\/\/ubirataonline.com.br\/en\/author\/vampeta\/"},{"@type":"PostalAddress","@id":"https:\/\/ubirataonline.com.br\/van-da-saude-de-campina-da-lagoa-se-envolve-em-acidente-na-br-277\/#local-main-place-address","streetAddress":"Rua dos Coqueiros, 104 - Bairro Boa Vista, Rua dos Coqueiros, 104 Bairro Boa Vista","addressLocality":"UBIRATA","postalCode":"85440-000","addressRegion":"PR","addressCountry":"BR"},{"@type":"ImageObject","inLanguage":"en-US","@id":"https:\/\/ubirataonline.com.br\/van-da-saude-de-campina-da-lagoa-se-envolve-em-acidente-na-br-277\/#local-main-organization-logo","url":"https:\/\/ubirataonline.com.br\/wp-content\/uploads\/2026\/06\/logoubirataonline-1.webp","contentUrl":"https:\/\/ubirataonline.com.br\/wp-content\/uploads\/2026\/06\/logoubirataonline-1.webp","width":500,"height":500,"caption":"Ubirat\u00e3 Online Not\u00edcias"}]},"geo.placename":"UBIRATA","geo.position":{"lat":"-24.5361401","long":"-52.9921776"},"geo.region":"Brazil"},"_links":{"self":[{"href":"https:\/\/ubirataonline.com.br\/en\/wp-json\/wp\/v2\/posts\/23122","targetHints":{"allow":["GET"]}}],"collection":[{"href":"https:\/\/ubirataonline.com.br\/en\/wp-json\/wp\/v2\/posts"}],"about":[{"href":"https:\/\/ubirataonline.com.br\/en\/wp-json\/wp\/v2\/types\/post"}],"author":[{"embeddable":true,"href":"https:\/\/ubirataonline.com.br\/en\/wp-json\/wp\/v2\/users\/2"}],"replies":[{"embeddable":true,"href":"https:\/\/ubirataonline.com.br\/en\/wp-json\/wp\/v2\/comments?post=23122"}],"version-history":[{"count":0,"href":"https:\/\/ubirataonline.com.br\/en\/wp-json\/wp\/v2\/posts\/23122\/revisions"}],"wp:attachment":[{"href":"https:\/\/ubirataonline.com.br\/en\/wp-json\/wp\/v2\/media?parent=23122"}],"wp:term":[{"taxonomy":"category","embeddable":true,"href":"https:\/\/ubirataonline.com.br\/en\/wp-json\/wp\/v2\/categories?post=23122"},{"taxonomy":"post_tag","embeddable":true,"href":"https:\/\/ubirataonline.com.br\/en\/wp-json\/wp\/v2\/tags?post=23122"}],"curies":[{"name":"wp","href":"https:\/\/api.w.org\/{rel}","templated":true}]}}