{"id":24383,"date":"2019-08-23T09:19:32","date_gmt":"2019-08-23T12:19:32","guid":{"rendered":"https:\/\/ubirataonline.com.br\/?p=24383"},"modified":"2019-08-23T09:19:36","modified_gmt":"2019-08-23T12:19:36","slug":"secretaria-da-saude-de-ubirata-faz-alerta-contra-o-sarampo","status":"publish","type":"post","link":"https:\/\/ubirataonline.com.br\/en\/secretaria-da-saude-de-ubirata-faz-alerta-contra-o-sarampo\/","title":{"rendered":"Secretaria da Sa\u00fade de Ubirat\u00e3 faz alerta contra o sarampo"},"content":{"rendered":"<p class=\"wp-block-paragraph\"><\/p>\n\n\n\n<p class=\"wp-block-paragraph\">Todas as pessoas com idade entre 6 meses e 49 anos, devem\nprocurar a unidade de sa\u00fade mais pr\u00f3xima para verificar a situa\u00e7\u00e3o vacinal\ncontra sarampo.<\/p>\n\n\n\n<p class=\"wp-block-paragraph\"><strong>ADULTOS COM IDADE AT\u00c9 49 ANOS<\/strong><\/p>\n\n\n\n<p class=\"wp-block-paragraph\">\u00c9 importante verificar a situa\u00e7\u00e3o vacinal dos adultos\ntamb\u00e9m, pois os dois casos registrados no Paran\u00e1 at\u00e9 agora acometeram essa\nfaixa et\u00e1ria. Foram confirmados dois casos no estado, sendo uma moradora da\nregi\u00e3o metropolitana de Curitiba com 41 anos e um homem de 54 anos. Tanto um\nquanto o outro viajaram para S\u00e3o Paulo, cidade que est\u00e1 com mais de 900 casos\nconfirmados da doen\u00e7a. Muitos adultos podem n\u00e3o ter recebido vacina contra\nsarampo e com o aumento dos casos podem contrair e propagar a doen\u00e7a.<\/p>\n\n\n\n<p class=\"wp-block-paragraph\"><strong>CRIAN\u00c7AS COM SEIS MESES DE VIDA TAMB\u00c9M DEVEM SER VACINADAS CONTRA O SARAMPO<\/strong><\/p>\n\n\n\n<p class=\"wp-block-paragraph\">A nova instru\u00e7\u00e3o do Minist\u00e9rio da Sa\u00fade indica que crian\u00e7as\nentre seis e onze meses devem receber a dose zero da vacina. Al\u00e9m desta dose,\nas crian\u00e7as receber\u00e3o mais duas doses: uma aos doze meses e outra com 15 meses\nde vida. <\/p>\n\n\n\n<p class=\"wp-block-paragraph\">O Minist\u00e9rio da Sa\u00fade explica que a inclus\u00e3o deste grupo\npara vacina\u00e7\u00e3o se deu porque \u00e9 uma popula\u00e7\u00e3o vulner\u00e1vel e com riscos de\ncomplica\u00e7\u00f5es s\u00e9rias pela doen\u00e7a, como: otites, infec\u00e7\u00f5es respirat\u00f3rias e\ndoen\u00e7as neurol\u00f3gicas. Em casos mais graves podem provocar a redu\u00e7\u00e3o da\ncapacidade mental, surdez, cegueira e retardo do crescimento. <\/p>\n\n\n\n<p class=\"wp-block-paragraph\"><strong>VACINA\u00c7\u00c3O DAS CRIAN\u00c7AS<\/strong> <\/p>\n\n\n\n<p class=\"wp-block-paragraph\">A vacina contra o sarampo \u00e9 gratuita e faz parte do\nCalend\u00e1rio Nacional de Vacina\u00e7\u00e3o. <\/p>\n\n\n\n<p class=\"wp-block-paragraph\">&#8211; A dose zero deve ser aplicada em crian\u00e7as entre seis e\nonze meses. <\/p>\n\n\n\n<p class=\"wp-block-paragraph\">&#8211; A dose n\u00famero 1 aos 12 meses de vida com a vacina tr\u00edplice\nviral (que previne sarampo, caxumba e rub\u00e9ola), e <\/p>\n\n\n\n<p class=\"wp-block-paragraph\">&#8211; a dose 2 aos 15 meses com a vacina tetra viral (que\nprevine sarampo, rub\u00e9ola, caxumba e varicela\/catapora). <\/p>\n\n\n\n<p class=\"wp-block-paragraph\">A popula\u00e7\u00e3o com at\u00e9 29 anos devem ter duas doses da vacina. <\/p>\n\n\n\n<p class=\"wp-block-paragraph\">A popula\u00e7\u00e3o com idade entre 30 e 49 anos devem ter o\nregistro de uma dose da vacina.<\/p>\n\n\n\n<p class=\"wp-block-paragraph\">Acima dos 50 anos, a vacina \u00e9 indicada apenas nos casos de\nbloqueio vacinal ap\u00f3s a exposi\u00e7\u00e3o com casos de suspeita da doen\u00e7a ou\nconfirmados. Pessoas imunodeprimidas, mulheres gr\u00e1vidas e menores de seis meses\nde idade n\u00e3o devem tomar a vacina. Profissionais da \u00e1rea da sa\u00fade devem ser\nvacinados, independente da idade. <\/p>\n\n\n\n<p class=\"wp-block-paragraph\">Todas as Unidades de Sa\u00fade B\u00e1sica tem doses da vacina contra\no sarampo. Para receber a vacina voc\u00ea deve ir at\u00e9 uma destas unidades levando\num documento com foto e a carteira de vacina\u00e7\u00e3o (caso tenha).<\/p>","protected":false},"excerpt":{"rendered":"<p>Todas as pessoas com idade entre 6 meses e 49 anos, devem procurar a unidade de sa\u00fade mais pr\u00f3xima para verificar a situa\u00e7\u00e3o vacinal contra sarampo. ADULTOS COM IDADE AT\u00c9 49 ANOS \u00c9 importante verificar a situa\u00e7\u00e3o vacinal dos adultos tamb\u00e9m, pois os dois casos registrados no Paran\u00e1 at\u00e9 agora acometeram essa faixa et\u00e1ria. Foram [&hellip;]<\/p>\n","protected":false},"author":1,"featured_media":0,"comment_status":"closed","ping_status":"closed","sticky":false,"template":"","format":"standard","meta":{"googlesitekit_rrm_CAow2JLhCw:productID":"","_gspb_post_css":"","maa_idioma":"","maa_pais":"","footnotes":""},"categories":[30],"tags":[],"class_list":["post-24383","post","type-post","status-publish","format-standard","hentry","category-saude"],"blocksy_meta":[],"yoast_head":"<!-- This site is optimized with the Yoast SEO Premium plugin v27.6 (Yoast SEO v27.6) - https:\/\/yoast.com\/product\/yoast-seo-premium-wordpress\/ -->\n<title>Secretaria da Sa\u00fade de Ubirat\u00e3 faz alerta contra o sarampo - Ubirat\u00e3 Online Not\u00edcias - A realidade ao seu alcance!<\/title>\n<meta name=\"description\" content=\"Todas as pessoas com idade entre 6 meses e 49 anos, devem procurar a unidade de sa\u00fade mais pr\u00f3xima para verificar a situa\u00e7\u00e3o vacinal contra sarampo.\" \/>\n<meta name=\"robots\" content=\"index, follow, max-snippet:-1, max-image-preview:large, max-video-preview:-1\" \/>\n<link rel=\"canonical\" href=\"https:\/\/ubirataonline.com.br\/en\/secretaria-da-saude-de-ubirata-faz-alerta-contra-o-sarampo\/\" \/>\n<meta property=\"og:locale\" content=\"en_US\" \/>\n<meta property=\"og:type\" content=\"article\" \/>\n<meta property=\"og:title\" content=\"Secretaria da Sa\u00fade de Ubirat\u00e3 faz alerta contra o sarampo\" \/>\n<meta property=\"og:description\" content=\"Todas as pessoas com idade entre 6 meses e 49 anos, devem procurar a unidade de sa\u00fade mais pr\u00f3xima para verificar a situa\u00e7\u00e3o vacinal contra sarampo.\" \/>\n<meta property=\"og:url\" content=\"https:\/\/ubirataonline.com.br\/en\/secretaria-da-saude-de-ubirata-faz-alerta-contra-o-sarampo\/\" \/>\n<meta property=\"og:site_name\" content=\"Ubirat\u00e3 Online Not\u00edcias - A realidade ao seu alcance!\" \/>\n<meta property=\"article:publisher\" content=\"https:\/\/www.facebook.com\/portalubirataonline\" \/>\n<meta property=\"article:author\" content=\"https:\/\/www.facebook.com\/portalubirataonline\" \/>\n<meta property=\"article:published_time\" content=\"2019-08-23T12:19:32+00:00\" \/>\n<meta property=\"article:modified_time\" content=\"2019-08-23T12:19:36+00:00\" \/>\n<meta property=\"og:image\" content=\"https:\/\/ubirataonline.com.br\/wp-content\/uploads\/2026\/05\/logo2026.webp\" \/>\n\t<meta property=\"og:image:width\" content=\"1531\" \/>\n\t<meta property=\"og:image:height\" content=\"418\" \/>\n\t<meta property=\"og:image:type\" content=\"image\/webp\" \/>\n<meta name=\"author\" content=\"REDA\u00c7\u00c3O: UBIRAT\u00c3 ONLINE - F\u00c1BIO AUGUSTO CELESTINO\" \/>\n<meta name=\"twitter:card\" content=\"summary_large_image\" \/>\n<meta name=\"twitter:creator\" content=\"@x.com\/ubirataonline\" \/>\n<meta name=\"twitter:site\" content=\"@ubirataonline\" \/>\n<meta name=\"twitter:label1\" content=\"Written by\" \/>\n\t<meta name=\"twitter:data1\" content=\"REDA\u00c7\u00c3O: UBIRAT\u00c3 ONLINE - F\u00c1BIO AUGUSTO CELESTINO\" \/>\n\t<meta name=\"twitter:label2\" content=\"Est. reading time\" \/>\n\t<meta name=\"twitter:data2\" content=\"2 minutes\" \/>\n<script type=\"application\/ld+json\" class=\"yoast-schema-graph\">{\"@context\":\"https:\\\/\\\/schema.org\",\"@graph\":[{\"@type\":\"NewsArticle\",\"@id\":\"https:\\\/\\\/ubirataonline.com.br\\\/secretaria-da-saude-de-ubirata-faz-alerta-contra-o-sarampo\\\/#article\",\"isPartOf\":{\"@id\":\"https:\\\/\\\/ubirataonline.com.br\\\/secretaria-da-saude-de-ubirata-faz-alerta-contra-o-sarampo\\\/\"},\"author\":{\"name\":\"REDA\u00c7\u00c3O: UBIRAT\u00c3 ONLINE - F\u00c1BIO AUGUSTO CELESTINO\",\"@id\":\"https:\\\/\\\/ubirataonline.com.br\\\/#\\\/schema\\\/person\\\/372f87bbd3fdd79b8556b84c98d0bc1c\"},\"headline\":\"Secretaria da Sa\u00fade de Ubirat\u00e3 faz alerta contra o sarampo\",\"datePublished\":\"2019-08-23T12:19:32+00:00\",\"dateModified\":\"2019-08-23T12:19:36+00:00\",\"mainEntityOfPage\":{\"@id\":\"https:\\\/\\\/ubirataonline.com.br\\\/secretaria-da-saude-de-ubirata-faz-alerta-contra-o-sarampo\\\/\"},\"wordCount\":462,\"publisher\":{\"@id\":\"https:\\\/\\\/ubirataonline.com.br\\\/#organization\"},\"articleSection\":[\"Sa\u00fade\"],\"inLanguage\":\"en-US\",\"copyrightYear\":\"2019\",\"copyrightHolder\":{\"@id\":\"https:\\\/\\\/ubirataonline.com.br\\\/en\\\/#organization\"}},{\"@type\":\"WebPage\",\"@id\":\"https:\\\/\\\/ubirataonline.com.br\\\/secretaria-da-saude-de-ubirata-faz-alerta-contra-o-sarampo\\\/\",\"url\":\"https:\\\/\\\/ubirataonline.com.br\\\/secretaria-da-saude-de-ubirata-faz-alerta-contra-o-sarampo\\\/\",\"name\":\"Secretaria da Sa\u00fade de Ubirat\u00e3 faz alerta contra o sarampo - Ubirat\u00e3 Online Not\u00edcias - A realidade ao seu alcance!\",\"isPartOf\":{\"@id\":\"https:\\\/\\\/ubirataonline.com.br\\\/#website\"},\"datePublished\":\"2019-08-23T12:19:32+00:00\",\"dateModified\":\"2019-08-23T12:19:36+00:00\",\"description\":\"Todas as pessoas com idade entre 6 meses e 49 anos, devem procurar a unidade de sa\u00fade mais pr\u00f3xima para verificar a situa\u00e7\u00e3o vacinal contra sarampo.\",\"breadcrumb\":{\"@id\":\"https:\\\/\\\/ubirataonline.com.br\\\/secretaria-da-saude-de-ubirata-faz-alerta-contra-o-sarampo\\\/#breadcrumb\"},\"inLanguage\":\"en-US\",\"potentialAction\":[{\"@type\":\"ReadAction\",\"target\":[\"https:\\\/\\\/ubirataonline.com.br\\\/secretaria-da-saude-de-ubirata-faz-alerta-contra-o-sarampo\\\/\"]}]},{\"@type\":\"BreadcrumbList\",\"@id\":\"https:\\\/\\\/ubirataonline.com.br\\\/secretaria-da-saude-de-ubirata-faz-alerta-contra-o-sarampo\\\/#breadcrumb\",\"itemListElement\":[{\"@type\":\"ListItem\",\"position\":1,\"name\":\"In\u00edcio\",\"item\":\"https:\\\/\\\/ubirataonline.com.br\\\/\"},{\"@type\":\"ListItem\",\"position\":2,\"name\":\"Secretaria da Sa\u00fade de Ubirat\u00e3 faz alerta contra o sarampo\"}]},{\"@type\":\"WebSite\",\"@id\":\"https:\\\/\\\/ubirataonline.com.br\\\/#website\",\"url\":\"https:\\\/\\\/ubirataonline.com.br\\\/\",\"name\":\"Ubirat\u00e3 Online Not\u00edcias\",\"description\":\"Not\u00edcias de Ubirat\u00e3, regi\u00e3o, Brasil e mundo, com informa\u00e7\u00e3o atualizada e compromisso com o leitor.\",\"publisher\":{\"@id\":\"https:\\\/\\\/ubirataonline.com.br\\\/#organization\"},\"alternateName\":\"Ubirat\u00e3 Online\",\"potentialAction\":[{\"@type\":\"SearchAction\",\"target\":{\"@type\":\"EntryPoint\",\"urlTemplate\":\"https:\\\/\\\/ubirataonline.com.br\\\/?s={search_term_string}\"},\"query-input\":{\"@type\":\"PropertyValueSpecification\",\"valueRequired\":true,\"valueName\":\"search_term_string\"}}],\"inLanguage\":\"en-US\"},{\"@type\":[\"Organization\",\"Place\"],\"@id\":\"https:\\\/\\\/ubirataonline.com.br\\\/#organization\",\"name\":\"Ubirat\u00e3 Online Not\u00edcias\",\"alternateName\":\"Ubirat\u00e3 Online\",\"url\":\"https:\\\/\\\/ubirataonline.com.br\\\/\",\"logo\":{\"@id\":\"https:\\\/\\\/ubirataonline.com.br\\\/secretaria-da-saude-de-ubirata-faz-alerta-contra-o-sarampo\\\/#local-main-organization-logo\"},\"image\":{\"@id\":\"https:\\\/\\\/ubirataonline.com.br\\\/secretaria-da-saude-de-ubirata-faz-alerta-contra-o-sarampo\\\/#local-main-organization-logo\"},\"sameAs\":[\"https:\\\/\\\/www.facebook.com\\\/portalubirataonline\",\"https:\\\/\\\/x.com\\\/ubirataonline\",\"https:\\\/\\\/mastodon.social\\\/@ubirataonline\",\"https:\\\/\\\/www.facebook.com\\\/groups\\\/311144672285604\",\"https:\\\/\\\/www.facebook.com\\\/UBTAOnline\",\"https:\\\/\\\/www.instagram.com\\\/portalubirataonline\\\/\",\"https:\\\/\\\/twitter.com\\\/ubirataonline\"],\"description\":\"Somos um portal de not\u00edcias independente, criado em 5 de janeiro de 2009, com o objetivo de informar, conectar e valorizar a nossa comunidade de Ubirat\u00e3 e toda aregi\u00e3o. Com conte\u00fado atualizado, confi\u00e1vel e relevante, o Ubirat\u00e3 Online \u00e9 o seu espa\u00e7o para ficar por dentro dos principais acontecimentos locais, regionais, Brasil, Mundo e de interesse geral. Nosso compromisso \u00e9 com a verdade, a transpar\u00eancia e o respeito ao leitor.\",\"legalName\":\"UBIRATA ONLINE NOT\u00cdCIAS\",\"foundingDate\":\"2009-01-05\",\"numberOfEmployees\":{\"@type\":\"QuantitativeValue\",\"minValue\":\"1\",\"maxValue\":\"10\"},\"publishingPrinciples\":\"https:\\\/\\\/ubirataonline.com.br\\\/faq\\\/\",\"address\":{\"@id\":\"https:\\\/\\\/ubirataonline.com.br\\\/secretaria-da-saude-de-ubirata-faz-alerta-contra-o-sarampo\\\/#local-main-place-address\"},\"geo\":{\"@type\":\"GeoCoordinates\",\"latitude\":\"-24.5361401\",\"longitude\":\"-52.9921776\"},\"telephone\":[\"+5544998308235\"],\"contactPoint\":{\"@type\":\"ContactPoint\",\"email\":\"contato@ubirataonline.com.br\"},\"openingHoursSpecification\":{\"@type\":\"OpeningHoursSpecification\",\"dayOfWeek\":[\"Monday\",\"Tuesday\",\"Wednesday\",\"Thursday\",\"Friday\",\"Saturday\",\"Sunday\"],\"opens\":\"00:00\",\"closes\":\"23:59\"},\"email\":\"contato@ubirataonline.com.br\",\"vatID\":\"47.621.418\\\/0001-80\"},{\"@type\":\"Person\",\"@id\":\"https:\\\/\\\/ubirataonline.com.br\\\/#\\\/schema\\\/person\\\/372f87bbd3fdd79b8556b84c98d0bc1c\",\"name\":\"REDA\u00c7\u00c3O: UBIRAT\u00c3 ONLINE - F\u00c1BIO AUGUSTO CELESTINO\",\"pronouns\":\"Ele\",\"description\":\"Desde 2003 trabalhando com not\u00edcias.\",\"sameAs\":[\"http:\\\/\\\/ubirataoline.com.br\",\"https:\\\/\\\/www.facebook.com\\\/portalubirataonline\",\"https:\\\/\\\/www.instagram.com\\\/ubirataonline_oficial\",\"https:\\\/\\\/x.com\\\/x.com\\\/ubirataonline\"],\"honorificPrefix\":\"Mr.\",\"honorificSuffix\":\"MD\",\"birthDate\":\"1980-06-16\",\"gender\":\"masculino\",\"award\":[\"V\u00e1rios pr\u00eamios de melhor portal da cidade\"],\"jobTitle\":\"Diretor\",\"url\":\"https:\\\/\\\/ubirataonline.com.br\\\/en\\\/author\\\/ubirataonline\\\/\"},{\"@type\":\"PostalAddress\",\"@id\":\"https:\\\/\\\/ubirataonline.com.br\\\/secretaria-da-saude-de-ubirata-faz-alerta-contra-o-sarampo\\\/#local-main-place-address\",\"streetAddress\":\"Rua dos Coqueiros, 104 - Bairro Boa Vista, Rua dos Coqueiros, 104 Bairro Boa Vista\",\"addressLocality\":\"UBIRATA\",\"postalCode\":\"85440-000\",\"addressRegion\":\"PR\",\"addressCountry\":\"BR\"},{\"@type\":\"ImageObject\",\"inLanguage\":\"en-US\",\"@id\":\"https:\\\/\\\/ubirataonline.com.br\\\/secretaria-da-saude-de-ubirata-faz-alerta-contra-o-sarampo\\\/#local-main-organization-logo\",\"url\":\"https:\\\/\\\/ubirataonline.com.br\\\/wp-content\\\/uploads\\\/2026\\\/06\\\/logoubirataonline-1.webp\",\"contentUrl\":\"https:\\\/\\\/ubirataonline.com.br\\\/wp-content\\\/uploads\\\/2026\\\/06\\\/logoubirataonline-1.webp\",\"width\":500,\"height\":500,\"caption\":\"Ubirat\u00e3 Online Not\u00edcias\"}]}<\/script>\n<meta name=\"geo.placename\" content=\"UBIRATA\" \/>\n<meta name=\"geo.position\" content=\"-24.5361401;-52.9921776\" \/>\n<meta name=\"geo.region\" content=\"Brazil\" \/>\n<!-- \/ Yoast SEO Premium plugin. -->","yoast_head_json":{"title":"Secretaria da Sa\u00fade de Ubirat\u00e3 faz alerta contra o sarampo - Ubirat\u00e3 Online Not\u00edcias - A realidade ao seu alcance!","description":"Todas as pessoas com idade entre 6 meses e 49 anos, devem procurar a unidade de sa\u00fade mais pr\u00f3xima para verificar a situa\u00e7\u00e3o vacinal contra sarampo.","robots":{"index":"index","follow":"follow","max-snippet":"max-snippet:-1","max-image-preview":"max-image-preview:large","max-video-preview":"max-video-preview:-1"},"canonical":"https:\/\/ubirataonline.com.br\/en\/secretaria-da-saude-de-ubirata-faz-alerta-contra-o-sarampo\/","og_locale":"en_US","og_type":"article","og_title":"Secretaria da Sa\u00fade de Ubirat\u00e3 faz alerta contra o sarampo","og_description":"Todas as pessoas com idade entre 6 meses e 49 anos, devem procurar a unidade de sa\u00fade mais pr\u00f3xima para verificar a situa\u00e7\u00e3o vacinal contra sarampo.","og_url":"https:\/\/ubirataonline.com.br\/en\/secretaria-da-saude-de-ubirata-faz-alerta-contra-o-sarampo\/","og_site_name":"Ubirat\u00e3 Online Not\u00edcias - A realidade ao seu alcance!","article_publisher":"https:\/\/www.facebook.com\/portalubirataonline","article_author":"https:\/\/www.facebook.com\/portalubirataonline","article_published_time":"2019-08-23T12:19:32+00:00","article_modified_time":"2019-08-23T12:19:36+00:00","og_image":[{"width":1531,"height":418,"url":"https:\/\/ubirataonline.com.br\/wp-content\/uploads\/2026\/05\/logo2026.webp","type":"image\/webp"}],"author":"REDA\u00c7\u00c3O: UBIRAT\u00c3 ONLINE - F\u00c1BIO AUGUSTO CELESTINO","twitter_card":"summary_large_image","twitter_creator":"@x.com\/ubirataonline","twitter_site":"@ubirataonline","twitter_misc":{"Written by":"REDA\u00c7\u00c3O: UBIRAT\u00c3 ONLINE - F\u00c1BIO AUGUSTO CELESTINO","Est. reading time":"2 minutes"},"schema":{"@context":"https:\/\/schema.org","@graph":[{"@type":"NewsArticle","@id":"https:\/\/ubirataonline.com.br\/secretaria-da-saude-de-ubirata-faz-alerta-contra-o-sarampo\/#article","isPartOf":{"@id":"https:\/\/ubirataonline.com.br\/secretaria-da-saude-de-ubirata-faz-alerta-contra-o-sarampo\/"},"author":{"name":"REDA\u00c7\u00c3O: UBIRAT\u00c3 ONLINE - F\u00c1BIO AUGUSTO CELESTINO","@id":"https:\/\/ubirataonline.com.br\/#\/schema\/person\/372f87bbd3fdd79b8556b84c98d0bc1c"},"headline":"Secretaria da Sa\u00fade de Ubirat\u00e3 faz alerta contra o sarampo","datePublished":"2019-08-23T12:19:32+00:00","dateModified":"2019-08-23T12:19:36+00:00","mainEntityOfPage":{"@id":"https:\/\/ubirataonline.com.br\/secretaria-da-saude-de-ubirata-faz-alerta-contra-o-sarampo\/"},"wordCount":462,"publisher":{"@id":"https:\/\/ubirataonline.com.br\/#organization"},"articleSection":["Sa\u00fade"],"inLanguage":"en-US","copyrightYear":"2019","copyrightHolder":{"@id":"https:\/\/ubirataonline.com.br\/en\/#organization"}},{"@type":"WebPage","@id":"https:\/\/ubirataonline.com.br\/secretaria-da-saude-de-ubirata-faz-alerta-contra-o-sarampo\/","url":"https:\/\/ubirataonline.com.br\/secretaria-da-saude-de-ubirata-faz-alerta-contra-o-sarampo\/","name":"Secretaria da Sa\u00fade de Ubirat\u00e3 faz alerta contra o sarampo - Ubirat\u00e3 Online Not\u00edcias - A realidade ao seu alcance!","isPartOf":{"@id":"https:\/\/ubirataonline.com.br\/#website"},"datePublished":"2019-08-23T12:19:32+00:00","dateModified":"2019-08-23T12:19:36+00:00","description":"Todas as pessoas com idade entre 6 meses e 49 anos, devem procurar a unidade de sa\u00fade mais pr\u00f3xima para verificar a situa\u00e7\u00e3o vacinal contra sarampo.","breadcrumb":{"@id":"https:\/\/ubirataonline.com.br\/secretaria-da-saude-de-ubirata-faz-alerta-contra-o-sarampo\/#breadcrumb"},"inLanguage":"en-US","potentialAction":[{"@type":"ReadAction","target":["https:\/\/ubirataonline.com.br\/secretaria-da-saude-de-ubirata-faz-alerta-contra-o-sarampo\/"]}]},{"@type":"BreadcrumbList","@id":"https:\/\/ubirataonline.com.br\/secretaria-da-saude-de-ubirata-faz-alerta-contra-o-sarampo\/#breadcrumb","itemListElement":[{"@type":"ListItem","position":1,"name":"In\u00edcio","item":"https:\/\/ubirataonline.com.br\/"},{"@type":"ListItem","position":2,"name":"Secretaria da Sa\u00fade de Ubirat\u00e3 faz alerta contra o sarampo"}]},{"@type":"WebSite","@id":"https:\/\/ubirataonline.com.br\/#website","url":"https:\/\/ubirataonline.com.br\/","name":"Ubirat\u00e3 Online Not\u00edcias","description":"Not\u00edcias de Ubirat\u00e3, regi\u00e3o, Brasil e mundo, com informa\u00e7\u00e3o atualizada e compromisso com o leitor.","publisher":{"@id":"https:\/\/ubirataonline.com.br\/#organization"},"alternateName":"Ubirat\u00e3 Online","potentialAction":[{"@type":"SearchAction","target":{"@type":"EntryPoint","urlTemplate":"https:\/\/ubirataonline.com.br\/?s={search_term_string}"},"query-input":{"@type":"PropertyValueSpecification","valueRequired":true,"valueName":"search_term_string"}}],"inLanguage":"en-US"},{"@type":["Organization","Place"],"@id":"https:\/\/ubirataonline.com.br\/#organization","name":"Ubirat\u00e3 Online Not\u00edcias","alternateName":"Ubirat\u00e3 Online","url":"https:\/\/ubirataonline.com.br\/","logo":{"@id":"https:\/\/ubirataonline.com.br\/secretaria-da-saude-de-ubirata-faz-alerta-contra-o-sarampo\/#local-main-organization-logo"},"image":{"@id":"https:\/\/ubirataonline.com.br\/secretaria-da-saude-de-ubirata-faz-alerta-contra-o-sarampo\/#local-main-organization-logo"},"sameAs":["https:\/\/www.facebook.com\/portalubirataonline","https:\/\/x.com\/ubirataonline","https:\/\/mastodon.social\/@ubirataonline","https:\/\/www.facebook.com\/groups\/311144672285604","https:\/\/www.facebook.com\/UBTAOnline","https:\/\/www.instagram.com\/portalubirataonline\/","https:\/\/twitter.com\/ubirataonline"],"description":"Somos um portal de not\u00edcias independente, criado em 5 de janeiro de 2009, com o objetivo de informar, conectar e valorizar a nossa comunidade de Ubirat\u00e3 e toda aregi\u00e3o. Com conte\u00fado atualizado, confi\u00e1vel e relevante, o Ubirat\u00e3 Online \u00e9 o seu espa\u00e7o para ficar por dentro dos principais acontecimentos locais, regionais, Brasil, Mundo e de interesse geral. Nosso compromisso \u00e9 com a verdade, a transpar\u00eancia e o respeito ao leitor.","legalName":"UBIRATA ONLINE NOT\u00cdCIAS","foundingDate":"2009-01-05","numberOfEmployees":{"@type":"QuantitativeValue","minValue":"1","maxValue":"10"},"publishingPrinciples":"https:\/\/ubirataonline.com.br\/faq\/","address":{"@id":"https:\/\/ubirataonline.com.br\/secretaria-da-saude-de-ubirata-faz-alerta-contra-o-sarampo\/#local-main-place-address"},"geo":{"@type":"GeoCoordinates","latitude":"-24.5361401","longitude":"-52.9921776"},"telephone":["+5544998308235"],"contactPoint":{"@type":"ContactPoint","email":"contato@ubirataonline.com.br"},"openingHoursSpecification":{"@type":"OpeningHoursSpecification","dayOfWeek":["Monday","Tuesday","Wednesday","Thursday","Friday","Saturday","Sunday"],"opens":"00:00","closes":"23:59"},"email":"contato@ubirataonline.com.br","vatID":"47.621.418\/0001-80"},{"@type":"Person","@id":"https:\/\/ubirataonline.com.br\/#\/schema\/person\/372f87bbd3fdd79b8556b84c98d0bc1c","name":"REDA\u00c7\u00c3O: UBIRAT\u00c3 ONLINE - F\u00c1BIO AUGUSTO CELESTINO","pronouns":"Ele","description":"Desde 2003 trabalhando com not\u00edcias.","sameAs":["http:\/\/ubirataoline.com.br","https:\/\/www.facebook.com\/portalubirataonline","https:\/\/www.instagram.com\/ubirataonline_oficial","https:\/\/x.com\/x.com\/ubirataonline"],"honorificPrefix":"Mr.","honorificSuffix":"MD","birthDate":"1980-06-16","gender":"masculino","award":["V\u00e1rios pr\u00eamios de melhor portal da cidade"],"jobTitle":"Diretor","url":"https:\/\/ubirataonline.com.br\/en\/author\/ubirataonline\/"},{"@type":"PostalAddress","@id":"https:\/\/ubirataonline.com.br\/secretaria-da-saude-de-ubirata-faz-alerta-contra-o-sarampo\/#local-main-place-address","streetAddress":"Rua dos Coqueiros, 104 - Bairro Boa Vista, Rua dos Coqueiros, 104 Bairro Boa Vista","addressLocality":"UBIRATA","postalCode":"85440-000","addressRegion":"PR","addressCountry":"BR"},{"@type":"ImageObject","inLanguage":"en-US","@id":"https:\/\/ubirataonline.com.br\/secretaria-da-saude-de-ubirata-faz-alerta-contra-o-sarampo\/#local-main-organization-logo","url":"https:\/\/ubirataonline.com.br\/wp-content\/uploads\/2026\/06\/logoubirataonline-1.webp","contentUrl":"https:\/\/ubirataonline.com.br\/wp-content\/uploads\/2026\/06\/logoubirataonline-1.webp","width":500,"height":500,"caption":"Ubirat\u00e3 Online Not\u00edcias"}]},"geo.placename":"UBIRATA","geo.position":{"lat":"-24.5361401","long":"-52.9921776"},"geo.region":"Brazil"},"_links":{"self":[{"href":"https:\/\/ubirataonline.com.br\/en\/wp-json\/wp\/v2\/posts\/24383","targetHints":{"allow":["GET"]}}],"collection":[{"href":"https:\/\/ubirataonline.com.br\/en\/wp-json\/wp\/v2\/posts"}],"about":[{"href":"https:\/\/ubirataonline.com.br\/en\/wp-json\/wp\/v2\/types\/post"}],"author":[{"embeddable":true,"href":"https:\/\/ubirataonline.com.br\/en\/wp-json\/wp\/v2\/users\/1"}],"replies":[{"embeddable":true,"href":"https:\/\/ubirataonline.com.br\/en\/wp-json\/wp\/v2\/comments?post=24383"}],"version-history":[{"count":0,"href":"https:\/\/ubirataonline.com.br\/en\/wp-json\/wp\/v2\/posts\/24383\/revisions"}],"wp:attachment":[{"href":"https:\/\/ubirataonline.com.br\/en\/wp-json\/wp\/v2\/media?parent=24383"}],"wp:term":[{"taxonomy":"category","embeddable":true,"href":"https:\/\/ubirataonline.com.br\/en\/wp-json\/wp\/v2\/categories?post=24383"},{"taxonomy":"post_tag","embeddable":true,"href":"https:\/\/ubirataonline.com.br\/en\/wp-json\/wp\/v2\/tags?post=24383"}],"curies":[{"name":"wp","href":"https:\/\/api.w.org\/{rel}","templated":true}]}}