{"id":24433,"date":"2019-08-27T08:19:33","date_gmt":"2019-08-27T11:19:33","guid":{"rendered":"https:\/\/ubirataonline.com.br\/?p=24433"},"modified":"2019-08-27T08:19:37","modified_gmt":"2019-08-27T11:19:37","slug":"unificacao-das-acoes-dos-agentes-comunitarios-de-saude-e-agentes-de-endemias-em-ubirata-foi-classificada-para-premio-aps-forte-para-o-sus-acesso-universal","status":"publish","type":"post","link":"https:\/\/ubirataonline.com.br\/en\/unificacao-das-acoes-dos-agentes-comunitarios-de-saude-e-agentes-de-endemias-em-ubirata-foi-classificada-para-premio-aps-forte-para-o-sus-acesso-universal\/","title":{"rendered":"Unifica\u00e7\u00e3o das a\u00e7\u00f5es dos agentes comunit\u00e1rios de sa\u00fade e agentes de endemias em Ubirat\u00e3 foi classificada para Pr\u00eamio APS Forte para o SUS: Acesso Universal"},"content":{"rendered":"<p class=\"wp-block-paragraph\"><\/p>\n\n\n\n<p class=\"wp-block-paragraph\">Das 1.294 experi\u00eancias inscritas no Pr\u00eamio APS Forte para o\nSUS: Acesso Universal, 135 foram aprovadas na primeira etapa de avalia\u00e7\u00e3o e\nseguem na iniciativa. A partir agora, ser\u00e1 formada uma nova comiss\u00e3o de\navaliadores t\u00e9cnicos que indicar\u00e1, dentre as 135 experi\u00eancias, as pr\u00e1ticas\nrecomendadas para o Pr\u00eamio. No Paran\u00e1, al\u00e9m de Ubirat\u00e3 com a \u201cUnifica\u00e7\u00e3o das\na\u00e7\u00f5es dos agentes comunit\u00e1rios de sa\u00fade e agentes de endemias\u201d, foram\nselecionados outros 14 projetos, nas cidades de Curitiba, Cascavel, Marip\u00e1,\nMandirituba, Francisco Beltr\u00e3o e Foz do Igua\u00e7u. <\/p>\n\n\n\n<p class=\"wp-block-paragraph\">A metodologia adotada na primeira etapa de sele\u00e7\u00e3o permitiu\nque cada experi\u00eancia fosse analisada por pelo menos dois avaliadores e aquelas\nque receberam dois pareceres favor\u00e1veis seguiram para a segunda fase de\nsele\u00e7\u00e3o. As 135 experi\u00eancias selecionadas contemplam todas as Regi\u00f5es do pa\u00eds.\nO Sudeste participa com 52 experi\u00eancias, seguido pela Regi\u00e3o Sul com 41\nexperi\u00eancias, o Nordeste com 24, Norte e Centro-Oeste com nove experi\u00eancias\ncada uma. A maioria das experi\u00eancias foi inscrita por Equipes de Sa\u00fade da\nFam\u00edlia (54%), por secretarias municipais de sa\u00fade (38%) e por coordena\u00e7\u00e3o ou\nger\u00eancias de Aten\u00e7\u00e3o B\u00e1sica municipal (14%).<\/p>\n\n\n\n<p class=\"wp-block-paragraph\">As experi\u00eancias que se destacarem na segunda fase ser\u00e3o\nanalisadas por time de jurados especiais, integrado pelo m\u00e9dico Dr\u00e1uzio Varella\ne os jornalistas Claudia Collucci, Mara R\u00e9gia, L\u00edgia Formenti, Lise Alves,\nChico Pinheiro, Luiz Fara Monteiro e Alan Ferreira. As tr\u00eas primeiras colocadas\nser\u00e3o conhecidas em outubro e os autores ganharam uma viagem de estudo\ninternacional em um pa\u00eds em que a rede de aten\u00e7\u00e3o \u00e0 sa\u00fade \u00e9 centrada na Aten\u00e7\u00e3o\nPrim\u00e1ria \u00e0 Sa\u00fade, a ser indicada pela OPAS\/OMS.<\/p>\n\n\n\n<p class=\"wp-block-paragraph\">O Pr\u00eamio APS Forte para o SUS \u00e9 uma iniciativa da OPAS e da\nSecretaria de Aten\u00e7\u00e3o Prim\u00e1ria \u00e0 Sa\u00fade (SAPS) do Minist\u00e9rio da Sa\u00fade. O\nobjetivo \u00e9 valorizar, sistematizar e divulgar experi\u00eancias que ampliam o acesso\ndo cidad\u00e3o ao Sistema \u00danico de Sa\u00fade (SUS).<\/p>","protected":false},"excerpt":{"rendered":"<p>Das 1.294 experi\u00eancias inscritas no Pr\u00eamio APS Forte para o SUS: Acesso Universal, 135 foram aprovadas na primeira etapa de avalia\u00e7\u00e3o e seguem na iniciativa. A partir agora, ser\u00e1 formada uma nova comiss\u00e3o de avaliadores t\u00e9cnicos que indicar\u00e1, dentre as 135 experi\u00eancias, as pr\u00e1ticas recomendadas para o Pr\u00eamio. No Paran\u00e1, al\u00e9m de Ubirat\u00e3 com a [&hellip;]<\/p>\n","protected":false},"author":1,"featured_media":0,"comment_status":"closed","ping_status":"closed","sticky":false,"template":"","format":"standard","meta":{"googlesitekit_rrm_CAow2JLhCw:productID":"","_gspb_post_css":"","maa_idioma":"","maa_pais":"","footnotes":""},"categories":[30],"tags":[],"class_list":["post-24433","post","type-post","status-publish","format-standard","hentry","category-saude"],"blocksy_meta":[],"yoast_head":"<!-- This site is optimized with the Yoast SEO Premium plugin v27.6 (Yoast SEO v27.6) - https:\/\/yoast.com\/product\/yoast-seo-premium-wordpress\/ -->\n<title>Unifica\u00e7\u00e3o das a\u00e7\u00f5es dos agentes comunit\u00e1rios de sa\u00fade e agentes de endemias em Ubirat\u00e3 foi classificada para Pr\u00eamio APS Forte para o SUS: Acesso Universal - Ubirat\u00e3 Online Not\u00edcias - A realidade ao seu alcance!<\/title>\n<meta name=\"description\" content=\"Das 1.294 experi\u00eancias inscritas no Pr\u00eamio APS Forte para o SUS: Acesso Universal, 135 foram aprovadas na primeira etapa de avalia\u00e7\u00e3o e seguem na\" \/>\n<meta name=\"robots\" content=\"index, follow, max-snippet:-1, max-image-preview:large, max-video-preview:-1\" \/>\n<link rel=\"canonical\" href=\"https:\/\/ubirataonline.com.br\/en\/unificacao-das-acoes-dos-agentes-comunitarios-de-saude-e-agentes-de-endemias-em-ubirata-foi-classificada-para-premio-aps-forte-para-o-sus-acesso-universal\/\" \/>\n<meta property=\"og:locale\" content=\"en_US\" \/>\n<meta property=\"og:type\" content=\"article\" \/>\n<meta property=\"og:title\" content=\"Unifica\u00e7\u00e3o das a\u00e7\u00f5es dos agentes comunit\u00e1rios de sa\u00fade e agentes de endemias em Ubirat\u00e3 foi classificada para Pr\u00eamio APS Forte para o SUS: Acesso Universal\" \/>\n<meta property=\"og:description\" content=\"Das 1.294 experi\u00eancias inscritas no Pr\u00eamio APS Forte para o SUS: Acesso Universal, 135 foram aprovadas na primeira etapa de avalia\u00e7\u00e3o e seguem na\" \/>\n<meta property=\"og:url\" content=\"https:\/\/ubirataonline.com.br\/en\/unificacao-das-acoes-dos-agentes-comunitarios-de-saude-e-agentes-de-endemias-em-ubirata-foi-classificada-para-premio-aps-forte-para-o-sus-acesso-universal\/\" \/>\n<meta property=\"og:site_name\" content=\"Ubirat\u00e3 Online Not\u00edcias - A realidade ao seu alcance!\" \/>\n<meta property=\"article:publisher\" content=\"https:\/\/www.facebook.com\/portalubirataonline\" \/>\n<meta property=\"article:author\" content=\"https:\/\/www.facebook.com\/portalubirataonline\" \/>\n<meta property=\"article:published_time\" content=\"2019-08-27T11:19:33+00:00\" \/>\n<meta property=\"article:modified_time\" content=\"2019-08-27T11:19:37+00:00\" \/>\n<meta property=\"og:image\" content=\"https:\/\/ubirataonline.com.br\/wp-content\/uploads\/2026\/05\/logo2026.webp\" \/>\n\t<meta property=\"og:image:width\" content=\"1531\" \/>\n\t<meta property=\"og:image:height\" content=\"418\" \/>\n\t<meta property=\"og:image:type\" content=\"image\/webp\" \/>\n<meta name=\"author\" content=\"REDA\u00c7\u00c3O: UBIRAT\u00c3 ONLINE - F\u00c1BIO AUGUSTO CELESTINO\" \/>\n<meta name=\"twitter:card\" content=\"summary_large_image\" \/>\n<meta name=\"twitter:creator\" content=\"@x.com\/ubirataonline\" \/>\n<meta name=\"twitter:site\" content=\"@ubirataonline\" \/>\n<meta name=\"twitter:label1\" content=\"Written by\" \/>\n\t<meta name=\"twitter:data1\" content=\"REDA\u00c7\u00c3O: UBIRAT\u00c3 ONLINE - F\u00c1BIO AUGUSTO CELESTINO\" \/>\n\t<meta name=\"twitter:label2\" content=\"Est. reading time\" \/>\n\t<meta name=\"twitter:data2\" content=\"2 minutes\" \/>\n<script type=\"application\/ld+json\" class=\"yoast-schema-graph\">{\"@context\":\"https:\\\/\\\/schema.org\",\"@graph\":[{\"@type\":\"NewsArticle\",\"@id\":\"https:\\\/\\\/ubirataonline.com.br\\\/unificacao-das-acoes-dos-agentes-comunitarios-de-saude-e-agentes-de-endemias-em-ubirata-foi-classificada-para-premio-aps-forte-para-o-sus-acesso-universal\\\/#article\",\"isPartOf\":{\"@id\":\"https:\\\/\\\/ubirataonline.com.br\\\/unificacao-das-acoes-dos-agentes-comunitarios-de-saude-e-agentes-de-endemias-em-ubirata-foi-classificada-para-premio-aps-forte-para-o-sus-acesso-universal\\\/\"},\"author\":{\"name\":\"REDA\u00c7\u00c3O: UBIRAT\u00c3 ONLINE - F\u00c1BIO AUGUSTO CELESTINO\",\"@id\":\"https:\\\/\\\/ubirataonline.com.br\\\/#\\\/schema\\\/person\\\/372f87bbd3fdd79b8556b84c98d0bc1c\"},\"headline\":\"Unifica\u00e7\u00e3o das a\u00e7\u00f5es dos agentes comunit\u00e1rios de sa\u00fade e agentes de endemias em Ubirat\u00e3 foi classificada para Pr\u00eamio APS Forte para o SUS: Acesso Universal\",\"datePublished\":\"2019-08-27T11:19:33+00:00\",\"dateModified\":\"2019-08-27T11:19:37+00:00\",\"mainEntityOfPage\":{\"@id\":\"https:\\\/\\\/ubirataonline.com.br\\\/unificacao-das-acoes-dos-agentes-comunitarios-de-saude-e-agentes-de-endemias-em-ubirata-foi-classificada-para-premio-aps-forte-para-o-sus-acesso-universal\\\/\"},\"wordCount\":377,\"publisher\":{\"@id\":\"https:\\\/\\\/ubirataonline.com.br\\\/#organization\"},\"articleSection\":[\"Sa\u00fade\"],\"inLanguage\":\"en-US\",\"copyrightYear\":\"2019\",\"copyrightHolder\":{\"@id\":\"https:\\\/\\\/ubirataonline.com.br\\\/en\\\/#organization\"}},{\"@type\":\"WebPage\",\"@id\":\"https:\\\/\\\/ubirataonline.com.br\\\/unificacao-das-acoes-dos-agentes-comunitarios-de-saude-e-agentes-de-endemias-em-ubirata-foi-classificada-para-premio-aps-forte-para-o-sus-acesso-universal\\\/\",\"url\":\"https:\\\/\\\/ubirataonline.com.br\\\/unificacao-das-acoes-dos-agentes-comunitarios-de-saude-e-agentes-de-endemias-em-ubirata-foi-classificada-para-premio-aps-forte-para-o-sus-acesso-universal\\\/\",\"name\":\"Unifica\u00e7\u00e3o das a\u00e7\u00f5es dos agentes comunit\u00e1rios de sa\u00fade e agentes de endemias em Ubirat\u00e3 foi classificada para Pr\u00eamio APS Forte para o SUS: Acesso Universal - Ubirat\u00e3 Online Not\u00edcias - A realidade ao seu alcance!\",\"isPartOf\":{\"@id\":\"https:\\\/\\\/ubirataonline.com.br\\\/#website\"},\"datePublished\":\"2019-08-27T11:19:33+00:00\",\"dateModified\":\"2019-08-27T11:19:37+00:00\",\"description\":\"Das 1.294 experi\u00eancias inscritas no Pr\u00eamio APS Forte para o SUS: Acesso Universal, 135 foram aprovadas na primeira etapa de avalia\u00e7\u00e3o e seguem na\",\"breadcrumb\":{\"@id\":\"https:\\\/\\\/ubirataonline.com.br\\\/unificacao-das-acoes-dos-agentes-comunitarios-de-saude-e-agentes-de-endemias-em-ubirata-foi-classificada-para-premio-aps-forte-para-o-sus-acesso-universal\\\/#breadcrumb\"},\"inLanguage\":\"en-US\",\"potentialAction\":[{\"@type\":\"ReadAction\",\"target\":[\"https:\\\/\\\/ubirataonline.com.br\\\/unificacao-das-acoes-dos-agentes-comunitarios-de-saude-e-agentes-de-endemias-em-ubirata-foi-classificada-para-premio-aps-forte-para-o-sus-acesso-universal\\\/\"]}]},{\"@type\":\"BreadcrumbList\",\"@id\":\"https:\\\/\\\/ubirataonline.com.br\\\/unificacao-das-acoes-dos-agentes-comunitarios-de-saude-e-agentes-de-endemias-em-ubirata-foi-classificada-para-premio-aps-forte-para-o-sus-acesso-universal\\\/#breadcrumb\",\"itemListElement\":[{\"@type\":\"ListItem\",\"position\":1,\"name\":\"In\u00edcio\",\"item\":\"https:\\\/\\\/ubirataonline.com.br\\\/\"},{\"@type\":\"ListItem\",\"position\":2,\"name\":\"Unifica\u00e7\u00e3o das a\u00e7\u00f5es dos agentes comunit\u00e1rios de sa\u00fade e agentes de endemias em Ubirat\u00e3 foi classificada para Pr\u00eamio APS Forte para o SUS: Acesso Universal\"}]},{\"@type\":\"WebSite\",\"@id\":\"https:\\\/\\\/ubirataonline.com.br\\\/#website\",\"url\":\"https:\\\/\\\/ubirataonline.com.br\\\/\",\"name\":\"Ubirat\u00e3 Online Not\u00edcias\",\"description\":\"Not\u00edcias de Ubirat\u00e3, regi\u00e3o, Brasil e mundo, com informa\u00e7\u00e3o atualizada e compromisso com o leitor.\",\"publisher\":{\"@id\":\"https:\\\/\\\/ubirataonline.com.br\\\/#organization\"},\"alternateName\":\"Ubirat\u00e3 Online\",\"potentialAction\":[{\"@type\":\"SearchAction\",\"target\":{\"@type\":\"EntryPoint\",\"urlTemplate\":\"https:\\\/\\\/ubirataonline.com.br\\\/?s={search_term_string}\"},\"query-input\":{\"@type\":\"PropertyValueSpecification\",\"valueRequired\":true,\"valueName\":\"search_term_string\"}}],\"inLanguage\":\"en-US\"},{\"@type\":[\"Organization\",\"Place\"],\"@id\":\"https:\\\/\\\/ubirataonline.com.br\\\/#organization\",\"name\":\"Ubirat\u00e3 Online Not\u00edcias\",\"alternateName\":\"Ubirat\u00e3 Online\",\"url\":\"https:\\\/\\\/ubirataonline.com.br\\\/\",\"logo\":{\"@id\":\"https:\\\/\\\/ubirataonline.com.br\\\/unificacao-das-acoes-dos-agentes-comunitarios-de-saude-e-agentes-de-endemias-em-ubirata-foi-classificada-para-premio-aps-forte-para-o-sus-acesso-universal\\\/#local-main-organization-logo\"},\"image\":{\"@id\":\"https:\\\/\\\/ubirataonline.com.br\\\/unificacao-das-acoes-dos-agentes-comunitarios-de-saude-e-agentes-de-endemias-em-ubirata-foi-classificada-para-premio-aps-forte-para-o-sus-acesso-universal\\\/#local-main-organization-logo\"},\"sameAs\":[\"https:\\\/\\\/www.facebook.com\\\/portalubirataonline\",\"https:\\\/\\\/x.com\\\/ubirataonline\",\"https:\\\/\\\/mastodon.social\\\/@ubirataonline\",\"https:\\\/\\\/www.facebook.com\\\/groups\\\/311144672285604\",\"https:\\\/\\\/www.facebook.com\\\/UBTAOnline\",\"https:\\\/\\\/www.instagram.com\\\/portalubirataonline\\\/\",\"https:\\\/\\\/twitter.com\\\/ubirataonline\"],\"description\":\"Somos um portal de not\u00edcias independente, criado em 5 de janeiro de 2009, com o objetivo de informar, conectar e valorizar a nossa comunidade de Ubirat\u00e3 e toda aregi\u00e3o. Com conte\u00fado atualizado, confi\u00e1vel e relevante, o Ubirat\u00e3 Online \u00e9 o seu espa\u00e7o para ficar por dentro dos principais acontecimentos locais, regionais, Brasil, Mundo e de interesse geral. Nosso compromisso \u00e9 com a verdade, a transpar\u00eancia e o respeito ao leitor.\",\"legalName\":\"UBIRATA ONLINE NOT\u00cdCIAS\",\"foundingDate\":\"2009-01-05\",\"numberOfEmployees\":{\"@type\":\"QuantitativeValue\",\"minValue\":\"1\",\"maxValue\":\"10\"},\"publishingPrinciples\":\"https:\\\/\\\/ubirataonline.com.br\\\/faq\\\/\",\"address\":{\"@id\":\"https:\\\/\\\/ubirataonline.com.br\\\/unificacao-das-acoes-dos-agentes-comunitarios-de-saude-e-agentes-de-endemias-em-ubirata-foi-classificada-para-premio-aps-forte-para-o-sus-acesso-universal\\\/#local-main-place-address\"},\"geo\":{\"@type\":\"GeoCoordinates\",\"latitude\":\"-24.5361401\",\"longitude\":\"-52.9921776\"},\"telephone\":[\"+5544998308235\"],\"contactPoint\":{\"@type\":\"ContactPoint\",\"email\":\"contato@ubirataonline.com.br\"},\"openingHoursSpecification\":{\"@type\":\"OpeningHoursSpecification\",\"dayOfWeek\":[\"Monday\",\"Tuesday\",\"Wednesday\",\"Thursday\",\"Friday\",\"Saturday\",\"Sunday\"],\"opens\":\"00:00\",\"closes\":\"23:59\"},\"email\":\"contato@ubirataonline.com.br\",\"vatID\":\"47.621.418\\\/0001-80\"},{\"@type\":\"Person\",\"@id\":\"https:\\\/\\\/ubirataonline.com.br\\\/#\\\/schema\\\/person\\\/372f87bbd3fdd79b8556b84c98d0bc1c\",\"name\":\"REDA\u00c7\u00c3O: UBIRAT\u00c3 ONLINE - F\u00c1BIO AUGUSTO CELESTINO\",\"pronouns\":\"Ele\",\"description\":\"Desde 2003 trabalhando com not\u00edcias.\",\"sameAs\":[\"http:\\\/\\\/ubirataoline.com.br\",\"https:\\\/\\\/www.facebook.com\\\/portalubirataonline\",\"https:\\\/\\\/www.instagram.com\\\/ubirataonline_oficial\",\"https:\\\/\\\/x.com\\\/x.com\\\/ubirataonline\"],\"honorificPrefix\":\"Mr.\",\"honorificSuffix\":\"MD\",\"birthDate\":\"1980-06-16\",\"gender\":\"masculino\",\"award\":[\"V\u00e1rios pr\u00eamios de melhor portal da cidade\"],\"jobTitle\":\"Diretor\",\"url\":\"https:\\\/\\\/ubirataonline.com.br\\\/en\\\/author\\\/ubirataonline\\\/\"},{\"@type\":\"PostalAddress\",\"@id\":\"https:\\\/\\\/ubirataonline.com.br\\\/unificacao-das-acoes-dos-agentes-comunitarios-de-saude-e-agentes-de-endemias-em-ubirata-foi-classificada-para-premio-aps-forte-para-o-sus-acesso-universal\\\/#local-main-place-address\",\"streetAddress\":\"Rua dos Coqueiros, 104 - Bairro Boa Vista, Rua dos Coqueiros, 104 Bairro Boa Vista\",\"addressLocality\":\"UBIRATA\",\"postalCode\":\"85440-000\",\"addressRegion\":\"PR\",\"addressCountry\":\"BR\"},{\"@type\":\"ImageObject\",\"inLanguage\":\"en-US\",\"@id\":\"https:\\\/\\\/ubirataonline.com.br\\\/unificacao-das-acoes-dos-agentes-comunitarios-de-saude-e-agentes-de-endemias-em-ubirata-foi-classificada-para-premio-aps-forte-para-o-sus-acesso-universal\\\/#local-main-organization-logo\",\"url\":\"https:\\\/\\\/ubirataonline.com.br\\\/wp-content\\\/uploads\\\/2026\\\/06\\\/logoubirataonline-1.webp\",\"contentUrl\":\"https:\\\/\\\/ubirataonline.com.br\\\/wp-content\\\/uploads\\\/2026\\\/06\\\/logoubirataonline-1.webp\",\"width\":500,\"height\":500,\"caption\":\"Ubirat\u00e3 Online Not\u00edcias\"}]}<\/script>\n<meta name=\"geo.placename\" content=\"UBIRATA\" \/>\n<meta name=\"geo.position\" content=\"-24.5361401;-52.9921776\" \/>\n<meta name=\"geo.region\" content=\"Brazil\" \/>\n<!-- \/ Yoast SEO Premium plugin. -->","yoast_head_json":{"title":"Unifica\u00e7\u00e3o das a\u00e7\u00f5es dos agentes comunit\u00e1rios de sa\u00fade e agentes de endemias em Ubirat\u00e3 foi classificada para Pr\u00eamio APS Forte para o SUS: Acesso Universal - Ubirat\u00e3 Online Not\u00edcias - A realidade ao seu alcance!","description":"Das 1.294 experi\u00eancias inscritas no Pr\u00eamio APS Forte para o SUS: Acesso Universal, 135 foram aprovadas na primeira etapa de avalia\u00e7\u00e3o e seguem na","robots":{"index":"index","follow":"follow","max-snippet":"max-snippet:-1","max-image-preview":"max-image-preview:large","max-video-preview":"max-video-preview:-1"},"canonical":"https:\/\/ubirataonline.com.br\/en\/unificacao-das-acoes-dos-agentes-comunitarios-de-saude-e-agentes-de-endemias-em-ubirata-foi-classificada-para-premio-aps-forte-para-o-sus-acesso-universal\/","og_locale":"en_US","og_type":"article","og_title":"Unifica\u00e7\u00e3o das a\u00e7\u00f5es dos agentes comunit\u00e1rios de sa\u00fade e agentes de endemias em Ubirat\u00e3 foi classificada para Pr\u00eamio APS Forte para o SUS: Acesso Universal","og_description":"Das 1.294 experi\u00eancias inscritas no Pr\u00eamio APS Forte para o SUS: Acesso Universal, 135 foram aprovadas na primeira etapa de avalia\u00e7\u00e3o e seguem na","og_url":"https:\/\/ubirataonline.com.br\/en\/unificacao-das-acoes-dos-agentes-comunitarios-de-saude-e-agentes-de-endemias-em-ubirata-foi-classificada-para-premio-aps-forte-para-o-sus-acesso-universal\/","og_site_name":"Ubirat\u00e3 Online Not\u00edcias - A realidade ao seu alcance!","article_publisher":"https:\/\/www.facebook.com\/portalubirataonline","article_author":"https:\/\/www.facebook.com\/portalubirataonline","article_published_time":"2019-08-27T11:19:33+00:00","article_modified_time":"2019-08-27T11:19:37+00:00","og_image":[{"width":1531,"height":418,"url":"https:\/\/ubirataonline.com.br\/wp-content\/uploads\/2026\/05\/logo2026.webp","type":"image\/webp"}],"author":"REDA\u00c7\u00c3O: UBIRAT\u00c3 ONLINE - F\u00c1BIO AUGUSTO CELESTINO","twitter_card":"summary_large_image","twitter_creator":"@x.com\/ubirataonline","twitter_site":"@ubirataonline","twitter_misc":{"Written by":"REDA\u00c7\u00c3O: UBIRAT\u00c3 ONLINE - F\u00c1BIO AUGUSTO CELESTINO","Est. reading time":"2 minutes"},"schema":{"@context":"https:\/\/schema.org","@graph":[{"@type":"NewsArticle","@id":"https:\/\/ubirataonline.com.br\/unificacao-das-acoes-dos-agentes-comunitarios-de-saude-e-agentes-de-endemias-em-ubirata-foi-classificada-para-premio-aps-forte-para-o-sus-acesso-universal\/#article","isPartOf":{"@id":"https:\/\/ubirataonline.com.br\/unificacao-das-acoes-dos-agentes-comunitarios-de-saude-e-agentes-de-endemias-em-ubirata-foi-classificada-para-premio-aps-forte-para-o-sus-acesso-universal\/"},"author":{"name":"REDA\u00c7\u00c3O: UBIRAT\u00c3 ONLINE - F\u00c1BIO AUGUSTO CELESTINO","@id":"https:\/\/ubirataonline.com.br\/#\/schema\/person\/372f87bbd3fdd79b8556b84c98d0bc1c"},"headline":"Unifica\u00e7\u00e3o das a\u00e7\u00f5es dos agentes comunit\u00e1rios de sa\u00fade e agentes de endemias em Ubirat\u00e3 foi classificada para Pr\u00eamio APS Forte para o SUS: Acesso Universal","datePublished":"2019-08-27T11:19:33+00:00","dateModified":"2019-08-27T11:19:37+00:00","mainEntityOfPage":{"@id":"https:\/\/ubirataonline.com.br\/unificacao-das-acoes-dos-agentes-comunitarios-de-saude-e-agentes-de-endemias-em-ubirata-foi-classificada-para-premio-aps-forte-para-o-sus-acesso-universal\/"},"wordCount":377,"publisher":{"@id":"https:\/\/ubirataonline.com.br\/#organization"},"articleSection":["Sa\u00fade"],"inLanguage":"en-US","copyrightYear":"2019","copyrightHolder":{"@id":"https:\/\/ubirataonline.com.br\/en\/#organization"}},{"@type":"WebPage","@id":"https:\/\/ubirataonline.com.br\/unificacao-das-acoes-dos-agentes-comunitarios-de-saude-e-agentes-de-endemias-em-ubirata-foi-classificada-para-premio-aps-forte-para-o-sus-acesso-universal\/","url":"https:\/\/ubirataonline.com.br\/unificacao-das-acoes-dos-agentes-comunitarios-de-saude-e-agentes-de-endemias-em-ubirata-foi-classificada-para-premio-aps-forte-para-o-sus-acesso-universal\/","name":"Unifica\u00e7\u00e3o das a\u00e7\u00f5es dos agentes comunit\u00e1rios de sa\u00fade e agentes de endemias em Ubirat\u00e3 foi classificada para Pr\u00eamio APS Forte para o SUS: Acesso Universal - Ubirat\u00e3 Online Not\u00edcias - A realidade ao seu alcance!","isPartOf":{"@id":"https:\/\/ubirataonline.com.br\/#website"},"datePublished":"2019-08-27T11:19:33+00:00","dateModified":"2019-08-27T11:19:37+00:00","description":"Das 1.294 experi\u00eancias inscritas no Pr\u00eamio APS Forte para o SUS: Acesso Universal, 135 foram aprovadas na primeira etapa de avalia\u00e7\u00e3o e seguem na","breadcrumb":{"@id":"https:\/\/ubirataonline.com.br\/unificacao-das-acoes-dos-agentes-comunitarios-de-saude-e-agentes-de-endemias-em-ubirata-foi-classificada-para-premio-aps-forte-para-o-sus-acesso-universal\/#breadcrumb"},"inLanguage":"en-US","potentialAction":[{"@type":"ReadAction","target":["https:\/\/ubirataonline.com.br\/unificacao-das-acoes-dos-agentes-comunitarios-de-saude-e-agentes-de-endemias-em-ubirata-foi-classificada-para-premio-aps-forte-para-o-sus-acesso-universal\/"]}]},{"@type":"BreadcrumbList","@id":"https:\/\/ubirataonline.com.br\/unificacao-das-acoes-dos-agentes-comunitarios-de-saude-e-agentes-de-endemias-em-ubirata-foi-classificada-para-premio-aps-forte-para-o-sus-acesso-universal\/#breadcrumb","itemListElement":[{"@type":"ListItem","position":1,"name":"In\u00edcio","item":"https:\/\/ubirataonline.com.br\/"},{"@type":"ListItem","position":2,"name":"Unifica\u00e7\u00e3o das a\u00e7\u00f5es dos agentes comunit\u00e1rios de sa\u00fade e agentes de endemias em Ubirat\u00e3 foi classificada para Pr\u00eamio APS Forte para o SUS: Acesso Universal"}]},{"@type":"WebSite","@id":"https:\/\/ubirataonline.com.br\/#website","url":"https:\/\/ubirataonline.com.br\/","name":"Ubirat\u00e3 Online Not\u00edcias","description":"Not\u00edcias de Ubirat\u00e3, regi\u00e3o, Brasil e mundo, com informa\u00e7\u00e3o atualizada e compromisso com o leitor.","publisher":{"@id":"https:\/\/ubirataonline.com.br\/#organization"},"alternateName":"Ubirat\u00e3 Online","potentialAction":[{"@type":"SearchAction","target":{"@type":"EntryPoint","urlTemplate":"https:\/\/ubirataonline.com.br\/?s={search_term_string}"},"query-input":{"@type":"PropertyValueSpecification","valueRequired":true,"valueName":"search_term_string"}}],"inLanguage":"en-US"},{"@type":["Organization","Place"],"@id":"https:\/\/ubirataonline.com.br\/#organization","name":"Ubirat\u00e3 Online Not\u00edcias","alternateName":"Ubirat\u00e3 Online","url":"https:\/\/ubirataonline.com.br\/","logo":{"@id":"https:\/\/ubirataonline.com.br\/unificacao-das-acoes-dos-agentes-comunitarios-de-saude-e-agentes-de-endemias-em-ubirata-foi-classificada-para-premio-aps-forte-para-o-sus-acesso-universal\/#local-main-organization-logo"},"image":{"@id":"https:\/\/ubirataonline.com.br\/unificacao-das-acoes-dos-agentes-comunitarios-de-saude-e-agentes-de-endemias-em-ubirata-foi-classificada-para-premio-aps-forte-para-o-sus-acesso-universal\/#local-main-organization-logo"},"sameAs":["https:\/\/www.facebook.com\/portalubirataonline","https:\/\/x.com\/ubirataonline","https:\/\/mastodon.social\/@ubirataonline","https:\/\/www.facebook.com\/groups\/311144672285604","https:\/\/www.facebook.com\/UBTAOnline","https:\/\/www.instagram.com\/portalubirataonline\/","https:\/\/twitter.com\/ubirataonline"],"description":"Somos um portal de not\u00edcias independente, criado em 5 de janeiro de 2009, com o objetivo de informar, conectar e valorizar a nossa comunidade de Ubirat\u00e3 e toda aregi\u00e3o. Com conte\u00fado atualizado, confi\u00e1vel e relevante, o Ubirat\u00e3 Online \u00e9 o seu espa\u00e7o para ficar por dentro dos principais acontecimentos locais, regionais, Brasil, Mundo e de interesse geral. Nosso compromisso \u00e9 com a verdade, a transpar\u00eancia e o respeito ao leitor.","legalName":"UBIRATA ONLINE NOT\u00cdCIAS","foundingDate":"2009-01-05","numberOfEmployees":{"@type":"QuantitativeValue","minValue":"1","maxValue":"10"},"publishingPrinciples":"https:\/\/ubirataonline.com.br\/faq\/","address":{"@id":"https:\/\/ubirataonline.com.br\/unificacao-das-acoes-dos-agentes-comunitarios-de-saude-e-agentes-de-endemias-em-ubirata-foi-classificada-para-premio-aps-forte-para-o-sus-acesso-universal\/#local-main-place-address"},"geo":{"@type":"GeoCoordinates","latitude":"-24.5361401","longitude":"-52.9921776"},"telephone":["+5544998308235"],"contactPoint":{"@type":"ContactPoint","email":"contato@ubirataonline.com.br"},"openingHoursSpecification":{"@type":"OpeningHoursSpecification","dayOfWeek":["Monday","Tuesday","Wednesday","Thursday","Friday","Saturday","Sunday"],"opens":"00:00","closes":"23:59"},"email":"contato@ubirataonline.com.br","vatID":"47.621.418\/0001-80"},{"@type":"Person","@id":"https:\/\/ubirataonline.com.br\/#\/schema\/person\/372f87bbd3fdd79b8556b84c98d0bc1c","name":"REDA\u00c7\u00c3O: UBIRAT\u00c3 ONLINE - F\u00c1BIO AUGUSTO CELESTINO","pronouns":"Ele","description":"Desde 2003 trabalhando com not\u00edcias.","sameAs":["http:\/\/ubirataoline.com.br","https:\/\/www.facebook.com\/portalubirataonline","https:\/\/www.instagram.com\/ubirataonline_oficial","https:\/\/x.com\/x.com\/ubirataonline"],"honorificPrefix":"Mr.","honorificSuffix":"MD","birthDate":"1980-06-16","gender":"masculino","award":["V\u00e1rios pr\u00eamios de melhor portal da cidade"],"jobTitle":"Diretor","url":"https:\/\/ubirataonline.com.br\/en\/author\/ubirataonline\/"},{"@type":"PostalAddress","@id":"https:\/\/ubirataonline.com.br\/unificacao-das-acoes-dos-agentes-comunitarios-de-saude-e-agentes-de-endemias-em-ubirata-foi-classificada-para-premio-aps-forte-para-o-sus-acesso-universal\/#local-main-place-address","streetAddress":"Rua dos Coqueiros, 104 - Bairro Boa Vista, Rua dos Coqueiros, 104 Bairro Boa Vista","addressLocality":"UBIRATA","postalCode":"85440-000","addressRegion":"PR","addressCountry":"BR"},{"@type":"ImageObject","inLanguage":"en-US","@id":"https:\/\/ubirataonline.com.br\/unificacao-das-acoes-dos-agentes-comunitarios-de-saude-e-agentes-de-endemias-em-ubirata-foi-classificada-para-premio-aps-forte-para-o-sus-acesso-universal\/#local-main-organization-logo","url":"https:\/\/ubirataonline.com.br\/wp-content\/uploads\/2026\/06\/logoubirataonline-1.webp","contentUrl":"https:\/\/ubirataonline.com.br\/wp-content\/uploads\/2026\/06\/logoubirataonline-1.webp","width":500,"height":500,"caption":"Ubirat\u00e3 Online Not\u00edcias"}]},"geo.placename":"UBIRATA","geo.position":{"lat":"-24.5361401","long":"-52.9921776"},"geo.region":"Brazil"},"_links":{"self":[{"href":"https:\/\/ubirataonline.com.br\/en\/wp-json\/wp\/v2\/posts\/24433","targetHints":{"allow":["GET"]}}],"collection":[{"href":"https:\/\/ubirataonline.com.br\/en\/wp-json\/wp\/v2\/posts"}],"about":[{"href":"https:\/\/ubirataonline.com.br\/en\/wp-json\/wp\/v2\/types\/post"}],"author":[{"embeddable":true,"href":"https:\/\/ubirataonline.com.br\/en\/wp-json\/wp\/v2\/users\/1"}],"replies":[{"embeddable":true,"href":"https:\/\/ubirataonline.com.br\/en\/wp-json\/wp\/v2\/comments?post=24433"}],"version-history":[{"count":0,"href":"https:\/\/ubirataonline.com.br\/en\/wp-json\/wp\/v2\/posts\/24433\/revisions"}],"wp:attachment":[{"href":"https:\/\/ubirataonline.com.br\/en\/wp-json\/wp\/v2\/media?parent=24433"}],"wp:term":[{"taxonomy":"category","embeddable":true,"href":"https:\/\/ubirataonline.com.br\/en\/wp-json\/wp\/v2\/categories?post=24433"},{"taxonomy":"post_tag","embeddable":true,"href":"https:\/\/ubirataonline.com.br\/en\/wp-json\/wp\/v2\/tags?post=24433"}],"curies":[{"name":"wp","href":"https:\/\/api.w.org\/{rel}","templated":true}]}}