{"id":24779,"date":"2019-09-10T10:40:50","date_gmt":"2019-09-10T13:40:50","guid":{"rendered":"https:\/\/ubirataonline.com.br\/?p=24779"},"modified":"2019-09-10T10:41:03","modified_gmt":"2019-09-10T13:41:03","slug":"servidores-municipais-participaram-de-curso-sobre-producao-de-valoracao-da-prova-no-processo-administrativo-disciplinar","status":"publish","type":"post","link":"https:\/\/ubirataonline.com.br\/en\/servidores-municipais-participaram-de-curso-sobre-producao-de-valoracao-da-prova-no-processo-administrativo-disciplinar\/","title":{"rendered":"Servidores municipais participaram de curso sobre produ\u00e7\u00e3o de valora\u00e7\u00e3o da prova no Processo Administrativo Disciplinar"},"content":{"rendered":"<figure class=\"wp-block-image size-full\"><img decoding=\"async\" src=\"https:\/\/ubirataonline.com.br\/wp-content\/uploads\/2019\/09\/2-3.jpg\" alt=\"\" class=\"wp-image-24780\"\/><\/figure>\n\n\n\n<p class=\"wp-block-paragraph\">Aconteceu nos dias 02 e 03 de setembro, na sala de reuni\u00f5es\ndo Pa\u00e7o Municipal, o curso avan\u00e7ado de \u201cProdu\u00e7\u00e3o de Valora\u00e7\u00e3o da Prova no\nProcesso Administrativo Disciplinar\u201d, ministrado pelo IBRAP, uma escola de\ngest\u00e3o p\u00fablica que atua especificamente na capacita\u00e7\u00e3o e treinamento de agentes\nmunicipais, com docentes qualificados e com experi\u00eancia pr\u00e1tica na respectiva\n\u00e1rea ministrada. O conte\u00fado program\u00e1tico abordou: A validade, legalidade e\nlegitimidade na produ\u00e7\u00e3o das provas, apura\u00e7\u00e3o de infra\u00e7\u00f5es, princ\u00edpios,\ndocumentos, interrogat\u00f3rios, provas testemunhais, entre outros.<\/p>\n\n\n\n<figure class=\"wp-block-image size-full\"><img decoding=\"async\" src=\"https:\/\/ubirataonline.com.br\/wp-content\/uploads\/2019\/09\/3-3.jpg\" alt=\"\" class=\"wp-image-24783\"\/><\/figure>\n\n\n\n<p class=\"wp-block-paragraph\">Na administra\u00e7\u00e3o p\u00fablica s\u00e3o estabelecidos deveres e\nobriga\u00e7\u00f5es que devem ser seguidos pelos servidores para que atendimento aos\nobjetivos de uma administra\u00e7\u00e3o eficiente. Para atingir esses objetivos, a\nadministra\u00e7\u00e3o possui o poder disciplinar, um meio de apurar poss\u00edveis\nirregularidades e penalizar os respons\u00e1veis. Nesse sentido, o Processo\nAdministrativo Disciplinar \u2013 PAD \u00e9 a ferramenta legal para elucidar poss\u00edveis\nfalhas na conduta dos servidores. <\/p>\n\n\n\n<figure class=\"wp-block-image size-full\"><img decoding=\"async\" src=\"https:\/\/ubirataonline.com.br\/wp-content\/uploads\/2019\/09\/4-3.jpg\" alt=\"\" class=\"wp-image-24782\"\/><\/figure>\n\n\n\n<p class=\"wp-block-paragraph\">A Lei Municipal n\u00ba 810, de 26 de mar\u00e7o de 1993, Cap\u00edtulo II,\nque trata do Processo Administrativo, disp\u00f5e que o processo disciplinar \u00e9 o\ninstrumento destinado a apurar as responsabilidades do servidor por infra\u00e7\u00e3o\npraticada no exerc\u00edcio de suas atribui\u00e7\u00f5es, ou que tenha rela\u00e7\u00e3o imediata com\nas atribui\u00e7\u00f5es do cargo em que se encontre investido. Estabelece tamb\u00e9m que o\nprocesso disciplinar ser\u00e1 conduzido por comiss\u00e3o composta de 3 (tr\u00eas)\nfuncion\u00e1rios servidores designados pela autoridade competente.<\/p>\n\n\n\n<figure class=\"wp-block-image size-full\"><img decoding=\"async\" src=\"https:\/\/ubirataonline.com.br\/wp-content\/uploads\/2019\/09\/5-2.jpg\" alt=\"\" class=\"wp-image-24781\"\/><\/figure>\n\n\n\n<p class=\"wp-block-paragraph\">O secret\u00e1rio da Administra\u00e7\u00e3o, Neri Wanderlind, destacou a\nimport\u00e2ncia desse e de outros treinamentos oferecidos aos servidores municipais.\n\u201cA capacita\u00e7\u00e3o de servidores \u00e9 importante para que eles possam conduzir o\nProcesso Administrativo Disciplinar com conhecimento adequado principalmente no\nsentido da produ\u00e7\u00e3o e valora\u00e7\u00e3o de provas\u201d, destacou Neri.<\/p>","protected":false},"excerpt":{"rendered":"<p>Aconteceu nos dias 02 e 03 de setembro, na sala de reuni\u00f5es do Pa\u00e7o Municipal, o curso avan\u00e7ado de \u201cProdu\u00e7\u00e3o de Valora\u00e7\u00e3o da Prova no Processo Administrativo Disciplinar\u201d, ministrado pelo IBRAP, uma escola de gest\u00e3o p\u00fablica que atua especificamente na capacita\u00e7\u00e3o e treinamento de agentes municipais, com docentes qualificados e com experi\u00eancia pr\u00e1tica na respectiva [&hellip;]<\/p>\n","protected":false},"author":1,"featured_media":0,"comment_status":"closed","ping_status":"closed","sticky":false,"template":"","format":"standard","meta":{"googlesitekit_rrm_CAow2JLhCw:productID":"","_gspb_post_css":"","maa_idioma":"","maa_pais":"","footnotes":""},"categories":[10],"tags":[],"class_list":["post-24779","post","type-post","status-publish","format-standard","hentry","category-geral"],"blocksy_meta":[],"yoast_head":"<!-- This site is optimized with the Yoast SEO Premium plugin v27.6 (Yoast SEO v27.6) - https:\/\/yoast.com\/product\/yoast-seo-premium-wordpress\/ -->\n<title>Servidores municipais participaram de curso sobre produ\u00e7\u00e3o de valora\u00e7\u00e3o da prova no Processo Administrativo Disciplinar - Ubirat\u00e3 Online Not\u00edcias - A realidade ao seu alcance!<\/title>\n<meta name=\"description\" content=\"Aconteceu nos dias 02 e 03 de setembro, na sala de reuni\u00f5es do Pa\u00e7o Municipal, o curso avan\u00e7ado de \u201cProdu\u00e7\u00e3o de Valora\u00e7\u00e3o da Prova no Processo\" \/>\n<meta name=\"robots\" content=\"index, follow, max-snippet:-1, max-image-preview:large, max-video-preview:-1\" \/>\n<link rel=\"canonical\" href=\"https:\/\/ubirataonline.com.br\/en\/servidores-municipais-participaram-de-curso-sobre-producao-de-valoracao-da-prova-no-processo-administrativo-disciplinar\/\" \/>\n<meta property=\"og:locale\" content=\"en_US\" \/>\n<meta property=\"og:type\" content=\"article\" \/>\n<meta property=\"og:title\" content=\"Servidores municipais participaram de curso sobre produ\u00e7\u00e3o de valora\u00e7\u00e3o da prova no Processo Administrativo Disciplinar\" \/>\n<meta property=\"og:description\" content=\"Aconteceu nos dias 02 e 03 de setembro, na sala de reuni\u00f5es do Pa\u00e7o Municipal, o curso avan\u00e7ado de \u201cProdu\u00e7\u00e3o de Valora\u00e7\u00e3o da Prova no Processo\" \/>\n<meta property=\"og:url\" content=\"https:\/\/ubirataonline.com.br\/en\/servidores-municipais-participaram-de-curso-sobre-producao-de-valoracao-da-prova-no-processo-administrativo-disciplinar\/\" \/>\n<meta property=\"og:site_name\" content=\"Ubirat\u00e3 Online Not\u00edcias - A realidade ao seu alcance!\" \/>\n<meta property=\"article:publisher\" content=\"https:\/\/www.facebook.com\/portalubirataonline\" \/>\n<meta property=\"article:author\" content=\"https:\/\/www.facebook.com\/portalubirataonline\" \/>\n<meta property=\"article:published_time\" content=\"2019-09-10T13:40:50+00:00\" \/>\n<meta property=\"article:modified_time\" content=\"2019-09-10T13:41:03+00:00\" \/>\n<meta property=\"og:image\" content=\"https:\/\/ubirataonline.com.br\/wp-content\/uploads\/2019\/09\/2-3.jpg\" \/>\n<meta name=\"author\" content=\"REDA\u00c7\u00c3O: UBIRAT\u00c3 ONLINE - F\u00c1BIO AUGUSTO CELESTINO\" \/>\n<meta name=\"twitter:card\" content=\"summary_large_image\" \/>\n<meta name=\"twitter:creator\" content=\"@x.com\/ubirataonline\" \/>\n<meta name=\"twitter:site\" content=\"@ubirataonline\" \/>\n<meta name=\"twitter:label1\" content=\"Written by\" \/>\n\t<meta name=\"twitter:data1\" content=\"REDA\u00c7\u00c3O: UBIRAT\u00c3 ONLINE - F\u00c1BIO AUGUSTO CELESTINO\" \/>\n\t<meta name=\"twitter:label2\" content=\"Est. reading time\" \/>\n\t<meta name=\"twitter:data2\" content=\"2 minutes\" \/>\n<script type=\"application\/ld+json\" class=\"yoast-schema-graph\">{\"@context\":\"https:\\\/\\\/schema.org\",\"@graph\":[{\"@type\":\"NewsArticle\",\"@id\":\"https:\\\/\\\/ubirataonline.com.br\\\/servidores-municipais-participaram-de-curso-sobre-producao-de-valoracao-da-prova-no-processo-administrativo-disciplinar\\\/#article\",\"isPartOf\":{\"@id\":\"https:\\\/\\\/ubirataonline.com.br\\\/servidores-municipais-participaram-de-curso-sobre-producao-de-valoracao-da-prova-no-processo-administrativo-disciplinar\\\/\"},\"author\":{\"name\":\"REDA\u00c7\u00c3O: UBIRAT\u00c3 ONLINE - F\u00c1BIO AUGUSTO CELESTINO\",\"@id\":\"https:\\\/\\\/ubirataonline.com.br\\\/#\\\/schema\\\/person\\\/372f87bbd3fdd79b8556b84c98d0bc1c\"},\"headline\":\"Servidores municipais participaram de curso sobre produ\u00e7\u00e3o de valora\u00e7\u00e3o da prova no Processo Administrativo Disciplinar\",\"datePublished\":\"2019-09-10T13:40:50+00:00\",\"dateModified\":\"2019-09-10T13:41:03+00:00\",\"mainEntityOfPage\":{\"@id\":\"https:\\\/\\\/ubirataonline.com.br\\\/servidores-municipais-participaram-de-curso-sobre-producao-de-valoracao-da-prova-no-processo-administrativo-disciplinar\\\/\"},\"wordCount\":317,\"publisher\":{\"@id\":\"https:\\\/\\\/ubirataonline.com.br\\\/#organization\"},\"image\":{\"@id\":\"https:\\\/\\\/ubirataonline.com.br\\\/servidores-municipais-participaram-de-curso-sobre-producao-de-valoracao-da-prova-no-processo-administrativo-disciplinar\\\/#primaryimage\"},\"thumbnailUrl\":\"https:\\\/\\\/ubirataonline.com.br\\\/wp-content\\\/uploads\\\/2019\\\/09\\\/2-3.jpg\",\"articleSection\":[\"Geral\"],\"inLanguage\":\"en-US\",\"copyrightYear\":\"2019\",\"copyrightHolder\":{\"@id\":\"https:\\\/\\\/ubirataonline.com.br\\\/en\\\/#organization\"}},{\"@type\":\"WebPage\",\"@id\":\"https:\\\/\\\/ubirataonline.com.br\\\/servidores-municipais-participaram-de-curso-sobre-producao-de-valoracao-da-prova-no-processo-administrativo-disciplinar\\\/\",\"url\":\"https:\\\/\\\/ubirataonline.com.br\\\/servidores-municipais-participaram-de-curso-sobre-producao-de-valoracao-da-prova-no-processo-administrativo-disciplinar\\\/\",\"name\":\"Servidores municipais participaram de curso sobre produ\u00e7\u00e3o de valora\u00e7\u00e3o da prova no Processo Administrativo Disciplinar - Ubirat\u00e3 Online Not\u00edcias - A realidade ao seu alcance!\",\"isPartOf\":{\"@id\":\"https:\\\/\\\/ubirataonline.com.br\\\/#website\"},\"primaryImageOfPage\":{\"@id\":\"https:\\\/\\\/ubirataonline.com.br\\\/servidores-municipais-participaram-de-curso-sobre-producao-de-valoracao-da-prova-no-processo-administrativo-disciplinar\\\/#primaryimage\"},\"image\":{\"@id\":\"https:\\\/\\\/ubirataonline.com.br\\\/servidores-municipais-participaram-de-curso-sobre-producao-de-valoracao-da-prova-no-processo-administrativo-disciplinar\\\/#primaryimage\"},\"thumbnailUrl\":\"https:\\\/\\\/ubirataonline.com.br\\\/wp-content\\\/uploads\\\/2019\\\/09\\\/2-3.jpg\",\"datePublished\":\"2019-09-10T13:40:50+00:00\",\"dateModified\":\"2019-09-10T13:41:03+00:00\",\"description\":\"Aconteceu nos dias 02 e 03 de setembro, na sala de reuni\u00f5es do Pa\u00e7o Municipal, o curso avan\u00e7ado de \u201cProdu\u00e7\u00e3o de Valora\u00e7\u00e3o da Prova no Processo\",\"breadcrumb\":{\"@id\":\"https:\\\/\\\/ubirataonline.com.br\\\/servidores-municipais-participaram-de-curso-sobre-producao-de-valoracao-da-prova-no-processo-administrativo-disciplinar\\\/#breadcrumb\"},\"inLanguage\":\"en-US\",\"potentialAction\":[{\"@type\":\"ReadAction\",\"target\":[\"https:\\\/\\\/ubirataonline.com.br\\\/servidores-municipais-participaram-de-curso-sobre-producao-de-valoracao-da-prova-no-processo-administrativo-disciplinar\\\/\"]}]},{\"@type\":\"ImageObject\",\"inLanguage\":\"en-US\",\"@id\":\"https:\\\/\\\/ubirataonline.com.br\\\/servidores-municipais-participaram-de-curso-sobre-producao-de-valoracao-da-prova-no-processo-administrativo-disciplinar\\\/#primaryimage\",\"url\":\"https:\\\/\\\/ubirataonline.com.br\\\/wp-content\\\/uploads\\\/2019\\\/09\\\/2-3.jpg\",\"contentUrl\":\"https:\\\/\\\/ubirataonline.com.br\\\/wp-content\\\/uploads\\\/2019\\\/09\\\/2-3.jpg\"},{\"@type\":\"BreadcrumbList\",\"@id\":\"https:\\\/\\\/ubirataonline.com.br\\\/servidores-municipais-participaram-de-curso-sobre-producao-de-valoracao-da-prova-no-processo-administrativo-disciplinar\\\/#breadcrumb\",\"itemListElement\":[{\"@type\":\"ListItem\",\"position\":1,\"name\":\"In\u00edcio\",\"item\":\"https:\\\/\\\/ubirataonline.com.br\\\/\"},{\"@type\":\"ListItem\",\"position\":2,\"name\":\"Servidores municipais participaram de curso sobre produ\u00e7\u00e3o de valora\u00e7\u00e3o da prova no Processo Administrativo Disciplinar\"}]},{\"@type\":\"WebSite\",\"@id\":\"https:\\\/\\\/ubirataonline.com.br\\\/#website\",\"url\":\"https:\\\/\\\/ubirataonline.com.br\\\/\",\"name\":\"Ubirat\u00e3 Online Not\u00edcias\",\"description\":\"Not\u00edcias de Ubirat\u00e3, regi\u00e3o, Brasil e mundo, com informa\u00e7\u00e3o atualizada e compromisso com o leitor.\",\"publisher\":{\"@id\":\"https:\\\/\\\/ubirataonline.com.br\\\/#organization\"},\"alternateName\":\"Ubirat\u00e3 Online\",\"potentialAction\":[{\"@type\":\"SearchAction\",\"target\":{\"@type\":\"EntryPoint\",\"urlTemplate\":\"https:\\\/\\\/ubirataonline.com.br\\\/?s={search_term_string}\"},\"query-input\":{\"@type\":\"PropertyValueSpecification\",\"valueRequired\":true,\"valueName\":\"search_term_string\"}}],\"inLanguage\":\"en-US\"},{\"@type\":[\"Organization\",\"Place\"],\"@id\":\"https:\\\/\\\/ubirataonline.com.br\\\/#organization\",\"name\":\"Ubirat\u00e3 Online Not\u00edcias\",\"alternateName\":\"Ubirat\u00e3 Online\",\"url\":\"https:\\\/\\\/ubirataonline.com.br\\\/\",\"logo\":{\"@id\":\"https:\\\/\\\/ubirataonline.com.br\\\/servidores-municipais-participaram-de-curso-sobre-producao-de-valoracao-da-prova-no-processo-administrativo-disciplinar\\\/#local-main-organization-logo\"},\"image\":{\"@id\":\"https:\\\/\\\/ubirataonline.com.br\\\/servidores-municipais-participaram-de-curso-sobre-producao-de-valoracao-da-prova-no-processo-administrativo-disciplinar\\\/#local-main-organization-logo\"},\"sameAs\":[\"https:\\\/\\\/www.facebook.com\\\/portalubirataonline\",\"https:\\\/\\\/x.com\\\/ubirataonline\",\"https:\\\/\\\/mastodon.social\\\/@ubirataonline\",\"https:\\\/\\\/www.facebook.com\\\/groups\\\/311144672285604\",\"https:\\\/\\\/www.facebook.com\\\/UBTAOnline\",\"https:\\\/\\\/www.instagram.com\\\/portalubirataonline\\\/\",\"https:\\\/\\\/twitter.com\\\/ubirataonline\"],\"description\":\"Somos um portal de not\u00edcias independente, criado em 5 de janeiro de 2009, com o objetivo de informar, conectar e valorizar a nossa comunidade de Ubirat\u00e3 e toda aregi\u00e3o. Com conte\u00fado atualizado, confi\u00e1vel e relevante, o Ubirat\u00e3 Online \u00e9 o seu espa\u00e7o para ficar por dentro dos principais acontecimentos locais, regionais, Brasil, Mundo e de interesse geral. Nosso compromisso \u00e9 com a verdade, a transpar\u00eancia e o respeito ao leitor.\",\"legalName\":\"UBIRATA ONLINE NOT\u00cdCIAS\",\"foundingDate\":\"2009-01-05\",\"numberOfEmployees\":{\"@type\":\"QuantitativeValue\",\"minValue\":\"1\",\"maxValue\":\"10\"},\"publishingPrinciples\":\"https:\\\/\\\/ubirataonline.com.br\\\/faq\\\/\",\"address\":{\"@id\":\"https:\\\/\\\/ubirataonline.com.br\\\/servidores-municipais-participaram-de-curso-sobre-producao-de-valoracao-da-prova-no-processo-administrativo-disciplinar\\\/#local-main-place-address\"},\"geo\":{\"@type\":\"GeoCoordinates\",\"latitude\":\"-24.5361401\",\"longitude\":\"-52.9921776\"},\"telephone\":[\"+5544998308235\"],\"contactPoint\":{\"@type\":\"ContactPoint\",\"email\":\"contato@ubirataonline.com.br\"},\"openingHoursSpecification\":{\"@type\":\"OpeningHoursSpecification\",\"dayOfWeek\":[\"Monday\",\"Tuesday\",\"Wednesday\",\"Thursday\",\"Friday\",\"Saturday\",\"Sunday\"],\"opens\":\"00:00\",\"closes\":\"23:59\"},\"email\":\"contato@ubirataonline.com.br\",\"vatID\":\"47.621.418\\\/0001-80\"},{\"@type\":\"Person\",\"@id\":\"https:\\\/\\\/ubirataonline.com.br\\\/#\\\/schema\\\/person\\\/372f87bbd3fdd79b8556b84c98d0bc1c\",\"name\":\"REDA\u00c7\u00c3O: UBIRAT\u00c3 ONLINE - F\u00c1BIO AUGUSTO CELESTINO\",\"pronouns\":\"Ele\",\"description\":\"Desde 2003 trabalhando com not\u00edcias.\",\"sameAs\":[\"http:\\\/\\\/ubirataoline.com.br\",\"https:\\\/\\\/www.facebook.com\\\/portalubirataonline\",\"https:\\\/\\\/www.instagram.com\\\/ubirataonline_oficial\",\"https:\\\/\\\/x.com\\\/x.com\\\/ubirataonline\"],\"honorificPrefix\":\"Mr.\",\"honorificSuffix\":\"MD\",\"birthDate\":\"1980-06-16\",\"gender\":\"masculino\",\"award\":[\"V\u00e1rios pr\u00eamios de melhor portal da cidade\"],\"jobTitle\":\"Diretor\",\"url\":\"https:\\\/\\\/ubirataonline.com.br\\\/en\\\/author\\\/ubirataonline\\\/\"},{\"@type\":\"PostalAddress\",\"@id\":\"https:\\\/\\\/ubirataonline.com.br\\\/servidores-municipais-participaram-de-curso-sobre-producao-de-valoracao-da-prova-no-processo-administrativo-disciplinar\\\/#local-main-place-address\",\"streetAddress\":\"Rua dos Coqueiros, 104 - Bairro Boa Vista, Rua dos Coqueiros, 104 Bairro Boa Vista\",\"addressLocality\":\"UBIRATA\",\"postalCode\":\"85440-000\",\"addressRegion\":\"PR\",\"addressCountry\":\"BR\"},{\"@type\":\"ImageObject\",\"inLanguage\":\"en-US\",\"@id\":\"https:\\\/\\\/ubirataonline.com.br\\\/servidores-municipais-participaram-de-curso-sobre-producao-de-valoracao-da-prova-no-processo-administrativo-disciplinar\\\/#local-main-organization-logo\",\"url\":\"https:\\\/\\\/ubirataonline.com.br\\\/wp-content\\\/uploads\\\/2026\\\/06\\\/logoubirataonline-1.webp\",\"contentUrl\":\"https:\\\/\\\/ubirataonline.com.br\\\/wp-content\\\/uploads\\\/2026\\\/06\\\/logoubirataonline-1.webp\",\"width\":500,\"height\":500,\"caption\":\"Ubirat\u00e3 Online Not\u00edcias\"}]}<\/script>\n<meta name=\"geo.placename\" content=\"UBIRATA\" \/>\n<meta name=\"geo.position\" content=\"-24.5361401;-52.9921776\" \/>\n<meta name=\"geo.region\" content=\"Brazil\" \/>\n<!-- \/ Yoast SEO Premium plugin. -->","yoast_head_json":{"title":"Servidores municipais participaram de curso sobre produ\u00e7\u00e3o de valora\u00e7\u00e3o da prova no Processo Administrativo Disciplinar - Ubirat\u00e3 Online Not\u00edcias - A realidade ao seu alcance!","description":"Aconteceu nos dias 02 e 03 de setembro, na sala de reuni\u00f5es do Pa\u00e7o Municipal, o curso avan\u00e7ado de \u201cProdu\u00e7\u00e3o de Valora\u00e7\u00e3o da Prova no Processo","robots":{"index":"index","follow":"follow","max-snippet":"max-snippet:-1","max-image-preview":"max-image-preview:large","max-video-preview":"max-video-preview:-1"},"canonical":"https:\/\/ubirataonline.com.br\/en\/servidores-municipais-participaram-de-curso-sobre-producao-de-valoracao-da-prova-no-processo-administrativo-disciplinar\/","og_locale":"en_US","og_type":"article","og_title":"Servidores municipais participaram de curso sobre produ\u00e7\u00e3o de valora\u00e7\u00e3o da prova no Processo Administrativo Disciplinar","og_description":"Aconteceu nos dias 02 e 03 de setembro, na sala de reuni\u00f5es do Pa\u00e7o Municipal, o curso avan\u00e7ado de \u201cProdu\u00e7\u00e3o de Valora\u00e7\u00e3o da Prova no Processo","og_url":"https:\/\/ubirataonline.com.br\/en\/servidores-municipais-participaram-de-curso-sobre-producao-de-valoracao-da-prova-no-processo-administrativo-disciplinar\/","og_site_name":"Ubirat\u00e3 Online Not\u00edcias - A realidade ao seu alcance!","article_publisher":"https:\/\/www.facebook.com\/portalubirataonline","article_author":"https:\/\/www.facebook.com\/portalubirataonline","article_published_time":"2019-09-10T13:40:50+00:00","article_modified_time":"2019-09-10T13:41:03+00:00","og_image":[{"url":"https:\/\/ubirataonline.com.br\/wp-content\/uploads\/2019\/09\/2-3.jpg","type":"","width":"","height":""}],"author":"REDA\u00c7\u00c3O: UBIRAT\u00c3 ONLINE - F\u00c1BIO AUGUSTO CELESTINO","twitter_card":"summary_large_image","twitter_creator":"@x.com\/ubirataonline","twitter_site":"@ubirataonline","twitter_misc":{"Written by":"REDA\u00c7\u00c3O: UBIRAT\u00c3 ONLINE - F\u00c1BIO AUGUSTO CELESTINO","Est. reading time":"2 minutes"},"schema":{"@context":"https:\/\/schema.org","@graph":[{"@type":"NewsArticle","@id":"https:\/\/ubirataonline.com.br\/servidores-municipais-participaram-de-curso-sobre-producao-de-valoracao-da-prova-no-processo-administrativo-disciplinar\/#article","isPartOf":{"@id":"https:\/\/ubirataonline.com.br\/servidores-municipais-participaram-de-curso-sobre-producao-de-valoracao-da-prova-no-processo-administrativo-disciplinar\/"},"author":{"name":"REDA\u00c7\u00c3O: UBIRAT\u00c3 ONLINE - F\u00c1BIO AUGUSTO CELESTINO","@id":"https:\/\/ubirataonline.com.br\/#\/schema\/person\/372f87bbd3fdd79b8556b84c98d0bc1c"},"headline":"Servidores municipais participaram de curso sobre produ\u00e7\u00e3o de valora\u00e7\u00e3o da prova no Processo Administrativo Disciplinar","datePublished":"2019-09-10T13:40:50+00:00","dateModified":"2019-09-10T13:41:03+00:00","mainEntityOfPage":{"@id":"https:\/\/ubirataonline.com.br\/servidores-municipais-participaram-de-curso-sobre-producao-de-valoracao-da-prova-no-processo-administrativo-disciplinar\/"},"wordCount":317,"publisher":{"@id":"https:\/\/ubirataonline.com.br\/#organization"},"image":{"@id":"https:\/\/ubirataonline.com.br\/servidores-municipais-participaram-de-curso-sobre-producao-de-valoracao-da-prova-no-processo-administrativo-disciplinar\/#primaryimage"},"thumbnailUrl":"https:\/\/ubirataonline.com.br\/wp-content\/uploads\/2019\/09\/2-3.jpg","articleSection":["Geral"],"inLanguage":"en-US","copyrightYear":"2019","copyrightHolder":{"@id":"https:\/\/ubirataonline.com.br\/en\/#organization"}},{"@type":"WebPage","@id":"https:\/\/ubirataonline.com.br\/servidores-municipais-participaram-de-curso-sobre-producao-de-valoracao-da-prova-no-processo-administrativo-disciplinar\/","url":"https:\/\/ubirataonline.com.br\/servidores-municipais-participaram-de-curso-sobre-producao-de-valoracao-da-prova-no-processo-administrativo-disciplinar\/","name":"Servidores municipais participaram de curso sobre produ\u00e7\u00e3o de valora\u00e7\u00e3o da prova no Processo Administrativo Disciplinar - Ubirat\u00e3 Online Not\u00edcias - A realidade ao seu alcance!","isPartOf":{"@id":"https:\/\/ubirataonline.com.br\/#website"},"primaryImageOfPage":{"@id":"https:\/\/ubirataonline.com.br\/servidores-municipais-participaram-de-curso-sobre-producao-de-valoracao-da-prova-no-processo-administrativo-disciplinar\/#primaryimage"},"image":{"@id":"https:\/\/ubirataonline.com.br\/servidores-municipais-participaram-de-curso-sobre-producao-de-valoracao-da-prova-no-processo-administrativo-disciplinar\/#primaryimage"},"thumbnailUrl":"https:\/\/ubirataonline.com.br\/wp-content\/uploads\/2019\/09\/2-3.jpg","datePublished":"2019-09-10T13:40:50+00:00","dateModified":"2019-09-10T13:41:03+00:00","description":"Aconteceu nos dias 02 e 03 de setembro, na sala de reuni\u00f5es do Pa\u00e7o Municipal, o curso avan\u00e7ado de \u201cProdu\u00e7\u00e3o de Valora\u00e7\u00e3o da Prova no Processo","breadcrumb":{"@id":"https:\/\/ubirataonline.com.br\/servidores-municipais-participaram-de-curso-sobre-producao-de-valoracao-da-prova-no-processo-administrativo-disciplinar\/#breadcrumb"},"inLanguage":"en-US","potentialAction":[{"@type":"ReadAction","target":["https:\/\/ubirataonline.com.br\/servidores-municipais-participaram-de-curso-sobre-producao-de-valoracao-da-prova-no-processo-administrativo-disciplinar\/"]}]},{"@type":"ImageObject","inLanguage":"en-US","@id":"https:\/\/ubirataonline.com.br\/servidores-municipais-participaram-de-curso-sobre-producao-de-valoracao-da-prova-no-processo-administrativo-disciplinar\/#primaryimage","url":"https:\/\/ubirataonline.com.br\/wp-content\/uploads\/2019\/09\/2-3.jpg","contentUrl":"https:\/\/ubirataonline.com.br\/wp-content\/uploads\/2019\/09\/2-3.jpg"},{"@type":"BreadcrumbList","@id":"https:\/\/ubirataonline.com.br\/servidores-municipais-participaram-de-curso-sobre-producao-de-valoracao-da-prova-no-processo-administrativo-disciplinar\/#breadcrumb","itemListElement":[{"@type":"ListItem","position":1,"name":"In\u00edcio","item":"https:\/\/ubirataonline.com.br\/"},{"@type":"ListItem","position":2,"name":"Servidores municipais participaram de curso sobre produ\u00e7\u00e3o de valora\u00e7\u00e3o da prova no Processo Administrativo Disciplinar"}]},{"@type":"WebSite","@id":"https:\/\/ubirataonline.com.br\/#website","url":"https:\/\/ubirataonline.com.br\/","name":"Ubirat\u00e3 Online Not\u00edcias","description":"Not\u00edcias de Ubirat\u00e3, regi\u00e3o, Brasil e mundo, com informa\u00e7\u00e3o atualizada e compromisso com o leitor.","publisher":{"@id":"https:\/\/ubirataonline.com.br\/#organization"},"alternateName":"Ubirat\u00e3 Online","potentialAction":[{"@type":"SearchAction","target":{"@type":"EntryPoint","urlTemplate":"https:\/\/ubirataonline.com.br\/?s={search_term_string}"},"query-input":{"@type":"PropertyValueSpecification","valueRequired":true,"valueName":"search_term_string"}}],"inLanguage":"en-US"},{"@type":["Organization","Place"],"@id":"https:\/\/ubirataonline.com.br\/#organization","name":"Ubirat\u00e3 Online Not\u00edcias","alternateName":"Ubirat\u00e3 Online","url":"https:\/\/ubirataonline.com.br\/","logo":{"@id":"https:\/\/ubirataonline.com.br\/servidores-municipais-participaram-de-curso-sobre-producao-de-valoracao-da-prova-no-processo-administrativo-disciplinar\/#local-main-organization-logo"},"image":{"@id":"https:\/\/ubirataonline.com.br\/servidores-municipais-participaram-de-curso-sobre-producao-de-valoracao-da-prova-no-processo-administrativo-disciplinar\/#local-main-organization-logo"},"sameAs":["https:\/\/www.facebook.com\/portalubirataonline","https:\/\/x.com\/ubirataonline","https:\/\/mastodon.social\/@ubirataonline","https:\/\/www.facebook.com\/groups\/311144672285604","https:\/\/www.facebook.com\/UBTAOnline","https:\/\/www.instagram.com\/portalubirataonline\/","https:\/\/twitter.com\/ubirataonline"],"description":"Somos um portal de not\u00edcias independente, criado em 5 de janeiro de 2009, com o objetivo de informar, conectar e valorizar a nossa comunidade de Ubirat\u00e3 e toda aregi\u00e3o. Com conte\u00fado atualizado, confi\u00e1vel e relevante, o Ubirat\u00e3 Online \u00e9 o seu espa\u00e7o para ficar por dentro dos principais acontecimentos locais, regionais, Brasil, Mundo e de interesse geral. Nosso compromisso \u00e9 com a verdade, a transpar\u00eancia e o respeito ao leitor.","legalName":"UBIRATA ONLINE NOT\u00cdCIAS","foundingDate":"2009-01-05","numberOfEmployees":{"@type":"QuantitativeValue","minValue":"1","maxValue":"10"},"publishingPrinciples":"https:\/\/ubirataonline.com.br\/faq\/","address":{"@id":"https:\/\/ubirataonline.com.br\/servidores-municipais-participaram-de-curso-sobre-producao-de-valoracao-da-prova-no-processo-administrativo-disciplinar\/#local-main-place-address"},"geo":{"@type":"GeoCoordinates","latitude":"-24.5361401","longitude":"-52.9921776"},"telephone":["+5544998308235"],"contactPoint":{"@type":"ContactPoint","email":"contato@ubirataonline.com.br"},"openingHoursSpecification":{"@type":"OpeningHoursSpecification","dayOfWeek":["Monday","Tuesday","Wednesday","Thursday","Friday","Saturday","Sunday"],"opens":"00:00","closes":"23:59"},"email":"contato@ubirataonline.com.br","vatID":"47.621.418\/0001-80"},{"@type":"Person","@id":"https:\/\/ubirataonline.com.br\/#\/schema\/person\/372f87bbd3fdd79b8556b84c98d0bc1c","name":"REDA\u00c7\u00c3O: UBIRAT\u00c3 ONLINE - F\u00c1BIO AUGUSTO CELESTINO","pronouns":"Ele","description":"Desde 2003 trabalhando com not\u00edcias.","sameAs":["http:\/\/ubirataoline.com.br","https:\/\/www.facebook.com\/portalubirataonline","https:\/\/www.instagram.com\/ubirataonline_oficial","https:\/\/x.com\/x.com\/ubirataonline"],"honorificPrefix":"Mr.","honorificSuffix":"MD","birthDate":"1980-06-16","gender":"masculino","award":["V\u00e1rios pr\u00eamios de melhor portal da cidade"],"jobTitle":"Diretor","url":"https:\/\/ubirataonline.com.br\/en\/author\/ubirataonline\/"},{"@type":"PostalAddress","@id":"https:\/\/ubirataonline.com.br\/servidores-municipais-participaram-de-curso-sobre-producao-de-valoracao-da-prova-no-processo-administrativo-disciplinar\/#local-main-place-address","streetAddress":"Rua dos Coqueiros, 104 - Bairro Boa Vista, Rua dos Coqueiros, 104 Bairro Boa Vista","addressLocality":"UBIRATA","postalCode":"85440-000","addressRegion":"PR","addressCountry":"BR"},{"@type":"ImageObject","inLanguage":"en-US","@id":"https:\/\/ubirataonline.com.br\/servidores-municipais-participaram-de-curso-sobre-producao-de-valoracao-da-prova-no-processo-administrativo-disciplinar\/#local-main-organization-logo","url":"https:\/\/ubirataonline.com.br\/wp-content\/uploads\/2026\/06\/logoubirataonline-1.webp","contentUrl":"https:\/\/ubirataonline.com.br\/wp-content\/uploads\/2026\/06\/logoubirataonline-1.webp","width":500,"height":500,"caption":"Ubirat\u00e3 Online Not\u00edcias"}]},"geo.placename":"UBIRATA","geo.position":{"lat":"-24.5361401","long":"-52.9921776"},"geo.region":"Brazil"},"_links":{"self":[{"href":"https:\/\/ubirataonline.com.br\/en\/wp-json\/wp\/v2\/posts\/24779","targetHints":{"allow":["GET"]}}],"collection":[{"href":"https:\/\/ubirataonline.com.br\/en\/wp-json\/wp\/v2\/posts"}],"about":[{"href":"https:\/\/ubirataonline.com.br\/en\/wp-json\/wp\/v2\/types\/post"}],"author":[{"embeddable":true,"href":"https:\/\/ubirataonline.com.br\/en\/wp-json\/wp\/v2\/users\/1"}],"replies":[{"embeddable":true,"href":"https:\/\/ubirataonline.com.br\/en\/wp-json\/wp\/v2\/comments?post=24779"}],"version-history":[{"count":0,"href":"https:\/\/ubirataonline.com.br\/en\/wp-json\/wp\/v2\/posts\/24779\/revisions"}],"wp:attachment":[{"href":"https:\/\/ubirataonline.com.br\/en\/wp-json\/wp\/v2\/media?parent=24779"}],"wp:term":[{"taxonomy":"category","embeddable":true,"href":"https:\/\/ubirataonline.com.br\/en\/wp-json\/wp\/v2\/categories?post=24779"},{"taxonomy":"post_tag","embeddable":true,"href":"https:\/\/ubirataonline.com.br\/en\/wp-json\/wp\/v2\/tags?post=24779"}],"curies":[{"name":"wp","href":"https:\/\/api.w.org\/{rel}","templated":true}]}}