{"id":25553,"date":"2019-10-11T08:26:17","date_gmt":"2019-10-11T11:26:17","guid":{"rendered":"https:\/\/ubirataonline.com.br\/?p=25553"},"modified":"2019-10-11T08:26:21","modified_gmt":"2019-10-11T11:26:21","slug":"sarampo-tem-crescimento-exponencial-no-parana","status":"publish","type":"post","link":"https:\/\/ubirataonline.com.br\/en\/sarampo-tem-crescimento-exponencial-no-parana\/","title":{"rendered":"Sarampo tem crescimento exponencial no Paran\u00e1"},"content":{"rendered":"<h4 class=\"wp-block-heading\"><strong>Teve in\u00edcio na segunda-feira (7) a primeira etapa da Campanha de Vacina\u00e7\u00e3o contra o sarampo&#8230;.       <\/strong><\/h4>\n\n\n\n<p class=\"wp-block-paragraph\">O Informe Epidemiol\u00f3gico semanal divulgado nesta quinta-feira (10) \npela Secretaria de Estado da Sa\u00fade mostra o crescimento exponencial de \ncasos confirmados, 103 pessoas moradoras do Paran\u00e1 tiveram ou est\u00e3o com \nsarampo. 80 casos s\u00e3o da Curitiba e outros 18 na regi\u00e3o metropolitana. \nAs cinco confirma\u00e7\u00f5es restantes est\u00e3o em Jacarezinho (1), Ponta Grossa \n(1), Maring\u00e1 (2) e Rol\u00e2ndia (1). (Os outros munic\u00edpios est\u00e3o detalhados \nno boletim n\u00ba 7).\n<\/p>\n\n\n\n<p class=\"wp-block-paragraph\">\u201cOs casos aumentam e demonstram a necessidade de \nvacinar a popula\u00e7\u00e3o preconizada contra a doen\u00e7a. Solicitamos que as \nm\u00e3es, pais ou outro respons\u00e1vel, levem a crian\u00e7a at\u00e9 uma das salas de \nvacina\u00e7\u00e3o distribu\u00eddas em nosso Estado\u201d, diz a coordenadora de \nVigil\u00e2ncia Epidemiol\u00f3gica da Secretaria, Ac\u00e1cia Nasr. Segundo ela, uma \ndoen\u00e7a altamente transmiss\u00edvel e que pode ser acompanhada de \ncomplica\u00e7\u00f5es graves. E como o v\u00edrus n\u00e3o circulou no Paran\u00e1 por mais de \n20 anos, muitas pessoas n\u00e3o tiveram contato com o sarampo e n\u00e3o se \nsentem o risco de contamina\u00e7\u00e3o ou transmitir para algu\u00e9m. \u201cPor isso n\u00f3s e\n o Minist\u00e9rio da Sa\u00fade nos mobilizamos para alertar e chamar a popula\u00e7\u00e3o\n para a vacina\u00e7\u00e3o\u201d, afirma.\n<\/p>\n\n\n\n<p class=\"wp-block-paragraph\">Desde 2004 a indica\u00e7\u00e3o do Minist\u00e9rio da Sa\u00fade (MS) \u00e9 que \nsejam aplicadas duas doses da vacina contra sarampo, uma aos 12 meses e \noutra aos 15 meses de vida. Por\u00e9m, segundo dados dos \u00faltimos anos, o \nParan\u00e1 n\u00e3o atingiu a meta de vacina\u00e7\u00e3o estabelecida pelo Minist\u00e9rio para\n as duas doses.\n<\/p>\n\n\n\n<p class=\"wp-block-paragraph\">Em 2016, a dose 1 chegou a 91% de cobertura, em 2017, \nmanteve o mesmo percentual, em 2018 este n\u00famero baixou para 88% e em \n2019, de janeiro ao dia 9 de outubro de 2019 a cobertura foi ampliada e \nse atingiu 92,7%. Embora 2018 e 2019 sejam dados preliminares, \u00e9 \nposs\u00edvel verificar que o \u00edndice aumentou em 5%.\n<\/p>\n\n\n\n<p class=\"wp-block-paragraph\">\u201cSabemos que h\u00e1 uma janela, um grupo de pessoas que n\u00e3o \nest\u00e3o vacinadas ou por falta de informa\u00e7\u00e3o e consci\u00eancia sobre o tema, \nou por resist\u00eancia \u00e0 vacina. Seja qual for o motivo, n\u00f3s precisamos \nfazer a busca ativa dessa popula\u00e7\u00e3o para que seja imunizada, dessa forma\n as pessoas n\u00e3o adoecem e n\u00e3o transmitir\u00e3o sarampo para outras\u201d, \nesclarece o secret\u00e1rio de Estado da Sa\u00fade, Beto Preto.\n<\/p>\n\n\n\n<p class=\"wp-block-paragraph\">CAMPANHA \u2013 <\/p>\n\n\n\n<p class=\"wp-block-paragraph\">Teve in\u00edcio na segunda-feira (7) a \nprimeira etapa da Campanha de Vacina\u00e7\u00e3o contra o sarampo. O grupo \npreconizado pelo Minist\u00e9rio da Sa\u00fade neste momento \u00e9 de crian\u00e7as entre \nseis meses e cinco anos incompletos e se deve ao fato desse grupo sofrer\n mais sequelas da doen\u00e7a.\n<\/p>\n\n\n\n<p class=\"wp-block-paragraph\">No s\u00e1bado (19) ser\u00e1 realizado o dia D nesta fase que segue\n at\u00e9 o dia 25 de outubro, quando todas as Unidades B\u00e1sicas de Sa\u00fade \nestar\u00e3o abertas. \n<\/p>\n\n\n\n<p class=\"wp-block-paragraph\">A segunda etapa tem como p\u00fablico alvo jovens com idade entre 20 e\n 29 anos. O per\u00edodo de intensifica\u00e7\u00e3o para vacina\u00e7\u00e3o desta faixa de \nidade \u00e9 entre 18 a 30 de novembro com o dia D ocorrendo no s\u00e1bado (30).\n<\/p>\n\n\n\n<p class=\"wp-block-paragraph\">\u201cSolicitamos mais 100 mil doses da vacina tr\u00edplice (que \nprevine sarampo, caxumba e rub\u00e9ola) para refor\u00e7ar todo o Paran\u00e1, mas \nespecialmente Curitiba, por ser o munic\u00edpio com maior incid\u00eancia do \nsarampo\u201d, acrescenta o secret\u00e1rio Beto Preto.<\/p>","protected":false},"excerpt":{"rendered":"<p>Teve in\u00edcio na segunda-feira (7) a primeira etapa da Campanha de Vacina\u00e7\u00e3o contra o sarampo&#8230;. O Informe Epidemiol\u00f3gico semanal divulgado nesta quinta-feira (10) pela Secretaria de Estado da Sa\u00fade mostra o crescimento exponencial de casos confirmados, 103 pessoas moradoras do Paran\u00e1 tiveram ou est\u00e3o com sarampo. 80 casos s\u00e3o da Curitiba e outros 18 na [&hellip;]<\/p>\n","protected":false},"author":2,"featured_media":0,"comment_status":"closed","ping_status":"closed","sticky":false,"template":"","format":"standard","meta":{"googlesitekit_rrm_CAow2JLhCw:productID":"","_gspb_post_css":"","maa_idioma":"","maa_pais":"","footnotes":""},"categories":[30],"tags":[],"class_list":["post-25553","post","type-post","status-publish","format-standard","hentry","category-saude"],"blocksy_meta":[],"yoast_head":"<!-- This site is optimized with the Yoast SEO Premium plugin v27.6 (Yoast SEO v27.6) - https:\/\/yoast.com\/product\/yoast-seo-premium-wordpress\/ -->\n<title>Sarampo tem crescimento exponencial no Paran\u00e1 - Ubirat\u00e3 Online Not\u00edcias - A realidade ao seu alcance!<\/title>\n<meta name=\"description\" content=\"Teve in\u00edcio na segunda-feira (7) a primeira etapa da Campanha de Vacina\u00e7\u00e3o contra o sarampo.... O Informe Epidemiol\u00f3gico semanal divulgado nesta\" \/>\n<meta name=\"robots\" content=\"index, follow, max-snippet:-1, max-image-preview:large, max-video-preview:-1\" \/>\n<link rel=\"canonical\" href=\"https:\/\/ubirataonline.com.br\/en\/sarampo-tem-crescimento-exponencial-no-parana\/\" \/>\n<meta property=\"og:locale\" content=\"en_US\" \/>\n<meta property=\"og:type\" content=\"article\" \/>\n<meta property=\"og:title\" content=\"Sarampo tem crescimento exponencial no Paran\u00e1\" \/>\n<meta property=\"og:description\" content=\"Teve in\u00edcio na segunda-feira (7) a primeira etapa da Campanha de Vacina\u00e7\u00e3o contra o sarampo.... O Informe Epidemiol\u00f3gico semanal divulgado nesta\" \/>\n<meta property=\"og:url\" content=\"https:\/\/ubirataonline.com.br\/en\/sarampo-tem-crescimento-exponencial-no-parana\/\" \/>\n<meta property=\"og:site_name\" content=\"Ubirat\u00e3 Online Not\u00edcias - A realidade ao seu alcance!\" \/>\n<meta property=\"article:publisher\" content=\"https:\/\/www.facebook.com\/portalubirataonline\" \/>\n<meta property=\"article:published_time\" content=\"2019-10-11T11:26:17+00:00\" \/>\n<meta property=\"article:modified_time\" content=\"2019-10-11T11:26:21+00:00\" \/>\n<meta property=\"og:image\" content=\"https:\/\/ubirataonline.com.br\/wp-content\/uploads\/2026\/05\/logo2026.webp\" \/>\n\t<meta property=\"og:image:width\" content=\"1531\" \/>\n\t<meta property=\"og:image:height\" content=\"418\" \/>\n\t<meta property=\"og:image:type\" content=\"image\/webp\" \/>\n<meta name=\"author\" content=\"Vampeta\" \/>\n<meta name=\"twitter:card\" content=\"summary_large_image\" \/>\n<meta name=\"twitter:creator\" content=\"@ubirataonline\" \/>\n<meta name=\"twitter:site\" content=\"@ubirataonline\" \/>\n<meta name=\"twitter:label1\" content=\"Written by\" \/>\n\t<meta name=\"twitter:data1\" content=\"Vampeta\" \/>\n\t<meta name=\"twitter:label2\" content=\"Est. reading time\" \/>\n\t<meta name=\"twitter:data2\" content=\"3 minutes\" \/>\n<script type=\"application\/ld+json\" class=\"yoast-schema-graph\">{\"@context\":\"https:\\\/\\\/schema.org\",\"@graph\":[{\"@type\":\"NewsArticle\",\"@id\":\"https:\\\/\\\/ubirataonline.com.br\\\/sarampo-tem-crescimento-exponencial-no-parana\\\/#article\",\"isPartOf\":{\"@id\":\"https:\\\/\\\/ubirataonline.com.br\\\/sarampo-tem-crescimento-exponencial-no-parana\\\/\"},\"author\":{\"name\":\"Vampeta\",\"@id\":\"https:\\\/\\\/ubirataonline.com.br\\\/#\\\/schema\\\/person\\\/09f7a474bd1834b50dea8d1c197e976f\"},\"headline\":\"Sarampo tem crescimento exponencial no Paran\u00e1\",\"datePublished\":\"2019-10-11T11:26:17+00:00\",\"dateModified\":\"2019-10-11T11:26:21+00:00\",\"mainEntityOfPage\":{\"@id\":\"https:\\\/\\\/ubirataonline.com.br\\\/sarampo-tem-crescimento-exponencial-no-parana\\\/\"},\"wordCount\":564,\"publisher\":{\"@id\":\"https:\\\/\\\/ubirataonline.com.br\\\/#organization\"},\"articleSection\":[\"Sa\u00fade\"],\"inLanguage\":\"en-US\",\"copyrightYear\":\"2019\",\"copyrightHolder\":{\"@id\":\"https:\\\/\\\/ubirataonline.com.br\\\/en\\\/#organization\"}},{\"@type\":\"WebPage\",\"@id\":\"https:\\\/\\\/ubirataonline.com.br\\\/sarampo-tem-crescimento-exponencial-no-parana\\\/\",\"url\":\"https:\\\/\\\/ubirataonline.com.br\\\/sarampo-tem-crescimento-exponencial-no-parana\\\/\",\"name\":\"Sarampo tem crescimento exponencial no Paran\u00e1 - Ubirat\u00e3 Online Not\u00edcias - A realidade ao seu alcance!\",\"isPartOf\":{\"@id\":\"https:\\\/\\\/ubirataonline.com.br\\\/#website\"},\"datePublished\":\"2019-10-11T11:26:17+00:00\",\"dateModified\":\"2019-10-11T11:26:21+00:00\",\"description\":\"Teve in\u00edcio na segunda-feira (7) a primeira etapa da Campanha de Vacina\u00e7\u00e3o contra o sarampo.... O Informe Epidemiol\u00f3gico semanal divulgado nesta\",\"breadcrumb\":{\"@id\":\"https:\\\/\\\/ubirataonline.com.br\\\/sarampo-tem-crescimento-exponencial-no-parana\\\/#breadcrumb\"},\"inLanguage\":\"en-US\",\"potentialAction\":[{\"@type\":\"ReadAction\",\"target\":[\"https:\\\/\\\/ubirataonline.com.br\\\/sarampo-tem-crescimento-exponencial-no-parana\\\/\"]}]},{\"@type\":\"BreadcrumbList\",\"@id\":\"https:\\\/\\\/ubirataonline.com.br\\\/sarampo-tem-crescimento-exponencial-no-parana\\\/#breadcrumb\",\"itemListElement\":[{\"@type\":\"ListItem\",\"position\":1,\"name\":\"In\u00edcio\",\"item\":\"https:\\\/\\\/ubirataonline.com.br\\\/\"},{\"@type\":\"ListItem\",\"position\":2,\"name\":\"Sarampo tem crescimento exponencial no Paran\u00e1\"}]},{\"@type\":\"WebSite\",\"@id\":\"https:\\\/\\\/ubirataonline.com.br\\\/#website\",\"url\":\"https:\\\/\\\/ubirataonline.com.br\\\/\",\"name\":\"Ubirat\u00e3 Online Not\u00edcias\",\"description\":\"Not\u00edcias de Ubirat\u00e3, regi\u00e3o, Brasil e mundo, com informa\u00e7\u00e3o atualizada e compromisso com o leitor.\",\"publisher\":{\"@id\":\"https:\\\/\\\/ubirataonline.com.br\\\/#organization\"},\"alternateName\":\"Ubirat\u00e3 Online\",\"potentialAction\":[{\"@type\":\"SearchAction\",\"target\":{\"@type\":\"EntryPoint\",\"urlTemplate\":\"https:\\\/\\\/ubirataonline.com.br\\\/?s={search_term_string}\"},\"query-input\":{\"@type\":\"PropertyValueSpecification\",\"valueRequired\":true,\"valueName\":\"search_term_string\"}}],\"inLanguage\":\"en-US\"},{\"@type\":[\"Organization\",\"Place\"],\"@id\":\"https:\\\/\\\/ubirataonline.com.br\\\/#organization\",\"name\":\"Ubirat\u00e3 Online Not\u00edcias\",\"alternateName\":\"Ubirat\u00e3 Online\",\"url\":\"https:\\\/\\\/ubirataonline.com.br\\\/\",\"logo\":{\"@id\":\"https:\\\/\\\/ubirataonline.com.br\\\/sarampo-tem-crescimento-exponencial-no-parana\\\/#local-main-organization-logo\"},\"image\":{\"@id\":\"https:\\\/\\\/ubirataonline.com.br\\\/sarampo-tem-crescimento-exponencial-no-parana\\\/#local-main-organization-logo\"},\"sameAs\":[\"https:\\\/\\\/www.facebook.com\\\/portalubirataonline\",\"https:\\\/\\\/x.com\\\/ubirataonline\",\"https:\\\/\\\/mastodon.social\\\/@ubirataonline\",\"https:\\\/\\\/www.facebook.com\\\/groups\\\/311144672285604\",\"https:\\\/\\\/www.facebook.com\\\/UBTAOnline\",\"https:\\\/\\\/www.instagram.com\\\/portalubirataonline\\\/\",\"https:\\\/\\\/twitter.com\\\/ubirataonline\"],\"description\":\"Somos um portal de not\u00edcias independente, criado em 5 de janeiro de 2009, com o objetivo de informar, conectar e valorizar a nossa comunidade de Ubirat\u00e3 e toda aregi\u00e3o. Com conte\u00fado atualizado, confi\u00e1vel e relevante, o Ubirat\u00e3 Online \u00e9 o seu espa\u00e7o para ficar por dentro dos principais acontecimentos locais, regionais, Brasil, Mundo e de interesse geral. Nosso compromisso \u00e9 com a verdade, a transpar\u00eancia e o respeito ao leitor.\",\"legalName\":\"UBIRATA ONLINE NOT\u00cdCIAS\",\"foundingDate\":\"2009-01-05\",\"numberOfEmployees\":{\"@type\":\"QuantitativeValue\",\"minValue\":\"1\",\"maxValue\":\"10\"},\"publishingPrinciples\":\"https:\\\/\\\/ubirataonline.com.br\\\/faq\\\/\",\"address\":{\"@id\":\"https:\\\/\\\/ubirataonline.com.br\\\/sarampo-tem-crescimento-exponencial-no-parana\\\/#local-main-place-address\"},\"geo\":{\"@type\":\"GeoCoordinates\",\"latitude\":\"-24.5361401\",\"longitude\":\"-52.9921776\"},\"telephone\":[\"+5544998308235\"],\"contactPoint\":{\"@type\":\"ContactPoint\",\"email\":\"contato@ubirataonline.com.br\"},\"openingHoursSpecification\":{\"@type\":\"OpeningHoursSpecification\",\"dayOfWeek\":[\"Monday\",\"Tuesday\",\"Wednesday\",\"Thursday\",\"Friday\",\"Saturday\",\"Sunday\"],\"opens\":\"00:00\",\"closes\":\"23:59\"},\"email\":\"contato@ubirataonline.com.br\",\"vatID\":\"47.621.418\\\/0001-80\"},{\"@type\":\"Person\",\"@id\":\"https:\\\/\\\/ubirataonline.com.br\\\/#\\\/schema\\\/person\\\/09f7a474bd1834b50dea8d1c197e976f\",\"name\":\"Vampeta\",\"sameAs\":[\"https:\\\/\\\/ubirataonline.com.br\"],\"url\":\"https:\\\/\\\/ubirataonline.com.br\\\/en\\\/author\\\/vampeta\\\/\"},{\"@type\":\"PostalAddress\",\"@id\":\"https:\\\/\\\/ubirataonline.com.br\\\/sarampo-tem-crescimento-exponencial-no-parana\\\/#local-main-place-address\",\"streetAddress\":\"Rua dos Coqueiros, 104 - Bairro Boa Vista, Rua dos Coqueiros, 104 Bairro Boa Vista\",\"addressLocality\":\"UBIRATA\",\"postalCode\":\"85440-000\",\"addressRegion\":\"PR\",\"addressCountry\":\"BR\"},{\"@type\":\"ImageObject\",\"inLanguage\":\"en-US\",\"@id\":\"https:\\\/\\\/ubirataonline.com.br\\\/sarampo-tem-crescimento-exponencial-no-parana\\\/#local-main-organization-logo\",\"url\":\"https:\\\/\\\/ubirataonline.com.br\\\/wp-content\\\/uploads\\\/2026\\\/06\\\/logoubirataonline-1.webp\",\"contentUrl\":\"https:\\\/\\\/ubirataonline.com.br\\\/wp-content\\\/uploads\\\/2026\\\/06\\\/logoubirataonline-1.webp\",\"width\":500,\"height\":500,\"caption\":\"Ubirat\u00e3 Online Not\u00edcias\"}]}<\/script>\n<meta name=\"geo.placename\" content=\"UBIRATA\" \/>\n<meta name=\"geo.position\" content=\"-24.5361401;-52.9921776\" \/>\n<meta name=\"geo.region\" content=\"Brazil\" \/>\n<!-- \/ Yoast SEO Premium plugin. -->","yoast_head_json":{"title":"Sarampo tem crescimento exponencial no Paran\u00e1 - Ubirat\u00e3 Online Not\u00edcias - A realidade ao seu alcance!","description":"Teve in\u00edcio na segunda-feira (7) a primeira etapa da Campanha de Vacina\u00e7\u00e3o contra o sarampo.... O Informe Epidemiol\u00f3gico semanal divulgado nesta","robots":{"index":"index","follow":"follow","max-snippet":"max-snippet:-1","max-image-preview":"max-image-preview:large","max-video-preview":"max-video-preview:-1"},"canonical":"https:\/\/ubirataonline.com.br\/en\/sarampo-tem-crescimento-exponencial-no-parana\/","og_locale":"en_US","og_type":"article","og_title":"Sarampo tem crescimento exponencial no Paran\u00e1","og_description":"Teve in\u00edcio na segunda-feira (7) a primeira etapa da Campanha de Vacina\u00e7\u00e3o contra o sarampo.... O Informe Epidemiol\u00f3gico semanal divulgado nesta","og_url":"https:\/\/ubirataonline.com.br\/en\/sarampo-tem-crescimento-exponencial-no-parana\/","og_site_name":"Ubirat\u00e3 Online Not\u00edcias - A realidade ao seu alcance!","article_publisher":"https:\/\/www.facebook.com\/portalubirataonline","article_published_time":"2019-10-11T11:26:17+00:00","article_modified_time":"2019-10-11T11:26:21+00:00","og_image":[{"width":1531,"height":418,"url":"https:\/\/ubirataonline.com.br\/wp-content\/uploads\/2026\/05\/logo2026.webp","type":"image\/webp"}],"author":"Vampeta","twitter_card":"summary_large_image","twitter_creator":"@ubirataonline","twitter_site":"@ubirataonline","twitter_misc":{"Written by":"Vampeta","Est. reading time":"3 minutes"},"schema":{"@context":"https:\/\/schema.org","@graph":[{"@type":"NewsArticle","@id":"https:\/\/ubirataonline.com.br\/sarampo-tem-crescimento-exponencial-no-parana\/#article","isPartOf":{"@id":"https:\/\/ubirataonline.com.br\/sarampo-tem-crescimento-exponencial-no-parana\/"},"author":{"name":"Vampeta","@id":"https:\/\/ubirataonline.com.br\/#\/schema\/person\/09f7a474bd1834b50dea8d1c197e976f"},"headline":"Sarampo tem crescimento exponencial no Paran\u00e1","datePublished":"2019-10-11T11:26:17+00:00","dateModified":"2019-10-11T11:26:21+00:00","mainEntityOfPage":{"@id":"https:\/\/ubirataonline.com.br\/sarampo-tem-crescimento-exponencial-no-parana\/"},"wordCount":564,"publisher":{"@id":"https:\/\/ubirataonline.com.br\/#organization"},"articleSection":["Sa\u00fade"],"inLanguage":"en-US","copyrightYear":"2019","copyrightHolder":{"@id":"https:\/\/ubirataonline.com.br\/en\/#organization"}},{"@type":"WebPage","@id":"https:\/\/ubirataonline.com.br\/sarampo-tem-crescimento-exponencial-no-parana\/","url":"https:\/\/ubirataonline.com.br\/sarampo-tem-crescimento-exponencial-no-parana\/","name":"Sarampo tem crescimento exponencial no Paran\u00e1 - Ubirat\u00e3 Online Not\u00edcias - A realidade ao seu alcance!","isPartOf":{"@id":"https:\/\/ubirataonline.com.br\/#website"},"datePublished":"2019-10-11T11:26:17+00:00","dateModified":"2019-10-11T11:26:21+00:00","description":"Teve in\u00edcio na segunda-feira (7) a primeira etapa da Campanha de Vacina\u00e7\u00e3o contra o sarampo.... O Informe Epidemiol\u00f3gico semanal divulgado nesta","breadcrumb":{"@id":"https:\/\/ubirataonline.com.br\/sarampo-tem-crescimento-exponencial-no-parana\/#breadcrumb"},"inLanguage":"en-US","potentialAction":[{"@type":"ReadAction","target":["https:\/\/ubirataonline.com.br\/sarampo-tem-crescimento-exponencial-no-parana\/"]}]},{"@type":"BreadcrumbList","@id":"https:\/\/ubirataonline.com.br\/sarampo-tem-crescimento-exponencial-no-parana\/#breadcrumb","itemListElement":[{"@type":"ListItem","position":1,"name":"In\u00edcio","item":"https:\/\/ubirataonline.com.br\/"},{"@type":"ListItem","position":2,"name":"Sarampo tem crescimento exponencial no Paran\u00e1"}]},{"@type":"WebSite","@id":"https:\/\/ubirataonline.com.br\/#website","url":"https:\/\/ubirataonline.com.br\/","name":"Ubirat\u00e3 Online Not\u00edcias","description":"Not\u00edcias de Ubirat\u00e3, regi\u00e3o, Brasil e mundo, com informa\u00e7\u00e3o atualizada e compromisso com o leitor.","publisher":{"@id":"https:\/\/ubirataonline.com.br\/#organization"},"alternateName":"Ubirat\u00e3 Online","potentialAction":[{"@type":"SearchAction","target":{"@type":"EntryPoint","urlTemplate":"https:\/\/ubirataonline.com.br\/?s={search_term_string}"},"query-input":{"@type":"PropertyValueSpecification","valueRequired":true,"valueName":"search_term_string"}}],"inLanguage":"en-US"},{"@type":["Organization","Place"],"@id":"https:\/\/ubirataonline.com.br\/#organization","name":"Ubirat\u00e3 Online Not\u00edcias","alternateName":"Ubirat\u00e3 Online","url":"https:\/\/ubirataonline.com.br\/","logo":{"@id":"https:\/\/ubirataonline.com.br\/sarampo-tem-crescimento-exponencial-no-parana\/#local-main-organization-logo"},"image":{"@id":"https:\/\/ubirataonline.com.br\/sarampo-tem-crescimento-exponencial-no-parana\/#local-main-organization-logo"},"sameAs":["https:\/\/www.facebook.com\/portalubirataonline","https:\/\/x.com\/ubirataonline","https:\/\/mastodon.social\/@ubirataonline","https:\/\/www.facebook.com\/groups\/311144672285604","https:\/\/www.facebook.com\/UBTAOnline","https:\/\/www.instagram.com\/portalubirataonline\/","https:\/\/twitter.com\/ubirataonline"],"description":"Somos um portal de not\u00edcias independente, criado em 5 de janeiro de 2009, com o objetivo de informar, conectar e valorizar a nossa comunidade de Ubirat\u00e3 e toda aregi\u00e3o. Com conte\u00fado atualizado, confi\u00e1vel e relevante, o Ubirat\u00e3 Online \u00e9 o seu espa\u00e7o para ficar por dentro dos principais acontecimentos locais, regionais, Brasil, Mundo e de interesse geral. Nosso compromisso \u00e9 com a verdade, a transpar\u00eancia e o respeito ao leitor.","legalName":"UBIRATA ONLINE NOT\u00cdCIAS","foundingDate":"2009-01-05","numberOfEmployees":{"@type":"QuantitativeValue","minValue":"1","maxValue":"10"},"publishingPrinciples":"https:\/\/ubirataonline.com.br\/faq\/","address":{"@id":"https:\/\/ubirataonline.com.br\/sarampo-tem-crescimento-exponencial-no-parana\/#local-main-place-address"},"geo":{"@type":"GeoCoordinates","latitude":"-24.5361401","longitude":"-52.9921776"},"telephone":["+5544998308235"],"contactPoint":{"@type":"ContactPoint","email":"contato@ubirataonline.com.br"},"openingHoursSpecification":{"@type":"OpeningHoursSpecification","dayOfWeek":["Monday","Tuesday","Wednesday","Thursday","Friday","Saturday","Sunday"],"opens":"00:00","closes":"23:59"},"email":"contato@ubirataonline.com.br","vatID":"47.621.418\/0001-80"},{"@type":"Person","@id":"https:\/\/ubirataonline.com.br\/#\/schema\/person\/09f7a474bd1834b50dea8d1c197e976f","name":"Vampeta","sameAs":["https:\/\/ubirataonline.com.br"],"url":"https:\/\/ubirataonline.com.br\/en\/author\/vampeta\/"},{"@type":"PostalAddress","@id":"https:\/\/ubirataonline.com.br\/sarampo-tem-crescimento-exponencial-no-parana\/#local-main-place-address","streetAddress":"Rua dos Coqueiros, 104 - Bairro Boa Vista, Rua dos Coqueiros, 104 Bairro Boa Vista","addressLocality":"UBIRATA","postalCode":"85440-000","addressRegion":"PR","addressCountry":"BR"},{"@type":"ImageObject","inLanguage":"en-US","@id":"https:\/\/ubirataonline.com.br\/sarampo-tem-crescimento-exponencial-no-parana\/#local-main-organization-logo","url":"https:\/\/ubirataonline.com.br\/wp-content\/uploads\/2026\/06\/logoubirataonline-1.webp","contentUrl":"https:\/\/ubirataonline.com.br\/wp-content\/uploads\/2026\/06\/logoubirataonline-1.webp","width":500,"height":500,"caption":"Ubirat\u00e3 Online Not\u00edcias"}]},"geo.placename":"UBIRATA","geo.position":{"lat":"-24.5361401","long":"-52.9921776"},"geo.region":"Brazil"},"_links":{"self":[{"href":"https:\/\/ubirataonline.com.br\/en\/wp-json\/wp\/v2\/posts\/25553","targetHints":{"allow":["GET"]}}],"collection":[{"href":"https:\/\/ubirataonline.com.br\/en\/wp-json\/wp\/v2\/posts"}],"about":[{"href":"https:\/\/ubirataonline.com.br\/en\/wp-json\/wp\/v2\/types\/post"}],"author":[{"embeddable":true,"href":"https:\/\/ubirataonline.com.br\/en\/wp-json\/wp\/v2\/users\/2"}],"replies":[{"embeddable":true,"href":"https:\/\/ubirataonline.com.br\/en\/wp-json\/wp\/v2\/comments?post=25553"}],"version-history":[{"count":0,"href":"https:\/\/ubirataonline.com.br\/en\/wp-json\/wp\/v2\/posts\/25553\/revisions"}],"wp:attachment":[{"href":"https:\/\/ubirataonline.com.br\/en\/wp-json\/wp\/v2\/media?parent=25553"}],"wp:term":[{"taxonomy":"category","embeddable":true,"href":"https:\/\/ubirataonline.com.br\/en\/wp-json\/wp\/v2\/categories?post=25553"},{"taxonomy":"post_tag","embeddable":true,"href":"https:\/\/ubirataonline.com.br\/en\/wp-json\/wp\/v2\/tags?post=25553"}],"curies":[{"name":"wp","href":"https:\/\/api.w.org\/{rel}","templated":true}]}}