{"id":26651,"date":"2019-11-13T10:37:48","date_gmt":"2019-11-13T13:37:48","guid":{"rendered":"https:\/\/ubirataonline.com.br\/?p=26651"},"modified":"2019-11-13T10:37:53","modified_gmt":"2019-11-13T13:37:53","slug":"saude-do-parana-se-mobiliza-para-ampliar-cobertura-vacinal","status":"publish","type":"post","link":"https:\/\/ubirataonline.com.br\/en\/saude-do-parana-se-mobiliza-para-ampliar-cobertura-vacinal\/","title":{"rendered":"Sa\u00fade do Paran\u00e1 se mobiliza para ampliar cobertura vacinal"},"content":{"rendered":"<p class=\"wp-block-paragraph\">\nMais de \n1.200 profissionais, de todos os munic\u00edpios do Paran\u00e1, est\u00e3o em Curitiba\n participando do 1\u00ba. Semin\u00e1rio Estadual sobre Imuniza\u00e7\u00e3o, promovido pela\n Secretaria de Estado da Sa\u00fade do Paran\u00e1. O evento mobiliza a \u00e1rea da \nsa\u00fade com o objetivo de ampliar a cobertura vacinal no Estado.<br><br>\nO semin\u00e1rio, que come\u00e7ou nesta ter\u00e7a-feira (12) e segue at\u00e9 quinta (14),\n \u00e9 in\u00e9dito por reunir as equipes profissionais que atuam em vigil\u00e2ncia e\n na Aten\u00e7\u00e3o Prim\u00e1ria. Essas duas \u00e1reas s\u00e3o linhas de frente, com atua\u00e7\u00e3o\n direta no acolhimento do usu\u00e1rio nos servi\u00e7os p\u00fablicos de sa\u00fade.<br><br>\nO evento tem apoio do Programa Nacional de Imuniza\u00e7\u00e3o (PNI) do \nMinist\u00e9rio da Sa\u00fade. &#8220;Historicamente o Paran\u00e1 \u00e9 bem colocado nas \ncoberturas vacinais, mas estamos abaixo da meta que o Minist\u00e9rio da \nSa\u00fade coloca para os estados. Por isso esta grande mobiliza\u00e7\u00e3o a favor \nda vacina, da sa\u00fade e da vida.&#8221; disse o secret\u00e1rio da Sa\u00fade, Beto Preto.<br><br>\n&#8220;Nosso objetivo \u00e9 que cada profissional presente aqui seja um agente da \nconscientiza\u00e7\u00e3o sobre a import\u00e2ncia da vacina. S\u00e3o profissionais que \nfazem o contato olho no olho com o usu\u00e1rio e podem gerar e replicar \ninforma\u00e7\u00f5es seguras e atualizadas sobre cada uma das vacinas dispon\u00edveis\n na rede p\u00fablica&#8221;, afirmou o secret\u00e1rio.<br><br>\nTEMAS &#8211; Temas relacionados ao PNI, atualiza\u00e7\u00e3o do calend\u00e1rio, \nresponsabilidades t\u00e9cnicas e \u00e9ticas da vacina\u00e7\u00e3o e poss\u00edveis eventos \nadversos p\u00f3s vacina ser\u00e3o abordados por especialistas durante o \nSemin\u00e1rio.<br><br>\n&#8220;Al\u00e9m de aumentarmos a cobertura vacinal com o apoio dos servidores, a \nmeta do Governo Estadual com esta atividade \u00e9 criar uma rede de educa\u00e7\u00e3o\n permanente, com uma base de informa\u00e7\u00f5es e conhecimento para as equipes \nque atuam nas salas de vacinas&#8221;, afirma a diretora de Aten\u00e7\u00e3o e \nVigil\u00e2ncia em Sa\u00fade da Secretaria da Sa\u00fade, Maria Goretti David Lopes.<br><br>\nCOBERTURA &#8211; A cobertura vacinal preconizada pelo Minist\u00e9rio da Sa\u00fade e \nOrganiza\u00e7\u00e3o Mundial da Sa\u00fade \u00e9 de 95%. Geralmente s\u00e3o consideradas para \neste c\u00e1lculo apenas as doses aplicadas em crian\u00e7as de at\u00e9 1 ano de \nidade, de acordo com o Calend\u00e1rio Nacional de Imuniza\u00e7\u00e3o.<br><br>\n&#8220;O Paran\u00e1 busca a homogeneidade da cobertura nas oito vacinas \ndirecionadas para esta faixa et\u00e1ria que s\u00e3o a BCG, Febre Amarela, \nMeningoc\u00f3cia, Pentavalente, Pneumoc\u00f3cica, Poliomielite, Rotav\u00edrus e \nTr\u00edplice Viral. Com a sensibiliza\u00e7\u00e3o das equipes profissionais iniciada \nhoje pretendemos chegar a este \u00edndice, conquistando n\u00edveis de \nexcel\u00eancia&#8221;, informou a chefe da Divis\u00e3o do Programa de Imuniza\u00e7\u00e3o do \nParan\u00e1, Vera Rita da Maia.<br><br>\nPREOCUPA\u00c7\u00c3O &#8211; Outra grande preocupa\u00e7\u00e3o da Secretaria da Sa\u00fade \napresentada pelo secret\u00e1rio Beto Preto \u00e9 com as falsas not\u00edcias sobre as\n vacinas que circulam nas redes sociais. &#8220;Estas not\u00edcias, chamadas de \nfakenews causam desinforma\u00e7\u00e3o, ou seja, levam inverdades e argumentos \nsem nenhuma base cient\u00edfica&#8221;, disse ele.<br><br>\nSegundo ele, o maior exemplo da falta de informa\u00e7\u00e3o \u00e9 com o retorno do \nsarampo. &#8220;A doen\u00e7a voltou por falta de cobertura vacinal. Outras doen\u00e7as\n poder\u00e3o reemergir caso a cobertura n\u00e3o aumente. O Paran\u00e1 est\u00e1 atento a \nisso e este \u00e9 um dos motivos do Semin\u00e1rio; vamos levar a informa\u00e7\u00e3o \ncorreta sensibilizando os profissionais e a popula\u00e7\u00e3o&#8221;, complementou.<br><br>\nPROGRAMA &#8211; O Semin\u00e1rio Estadual sobre Imuniza\u00e7\u00e3o segue amanh\u00e3 (13) com a\n participa\u00e7\u00e3o de t\u00e9cnicos do Minist\u00e9rio da Sa\u00fade que falar\u00e3o sobre \ncalend\u00e1rio de vacina\u00e7\u00e3o, eventos adversos p\u00f3s-vacina\u00e7\u00e3o e sistema de \ninforma\u00e7\u00f5es sobre indicadores da cobertura vacinal no pa\u00eds. Na \nquinta-feira (14), al\u00e9m de mesas redondas sobre boas pr\u00e1ticas em \nimuniza\u00e7\u00e3o, o evento apresentar\u00e1 experi\u00eancias exitosas na \u00e1rea.\t\t\t\t\n\t\t\t\t\n\t\t\t\t\n\t\t\t\t\n\t\t\t\t\t\t\t\t\t\t\t\t\t\t\t\t\t\t\t\n\t\t\t\n\t\t\t\n\t\t\t\n\t\t\t\n\t\t\t\t\t\t\t\t\t<\/p>\n\n\n\n<p class=\"wp-block-paragraph\">\n\t\t\t\t<strong>AEN<\/strong>\n\t\t\t<\/p>","protected":false},"excerpt":{"rendered":"<p>Mais de 1.200 profissionais, de todos os munic\u00edpios do Paran\u00e1, est\u00e3o em Curitiba participando do 1\u00ba. Semin\u00e1rio Estadual sobre Imuniza\u00e7\u00e3o, promovido pela Secretaria de Estado da Sa\u00fade do Paran\u00e1. O evento mobiliza a \u00e1rea da sa\u00fade com o objetivo de ampliar a cobertura vacinal no Estado. O semin\u00e1rio, que come\u00e7ou nesta ter\u00e7a-feira (12) e segue [&hellip;]<\/p>\n","protected":false},"author":2,"featured_media":0,"comment_status":"closed","ping_status":"closed","sticky":false,"template":"","format":"standard","meta":{"googlesitekit_rrm_CAow2JLhCw:productID":"","_gspb_post_css":"","maa_idioma":"","maa_pais":"","footnotes":""},"categories":[30],"tags":[],"class_list":["post-26651","post","type-post","status-publish","format-standard","hentry","category-saude"],"blocksy_meta":[],"yoast_head":"<!-- This site is optimized with the Yoast SEO Premium plugin v27.6 (Yoast SEO v27.6) - https:\/\/yoast.com\/product\/yoast-seo-premium-wordpress\/ -->\n<title>Sa\u00fade do Paran\u00e1 se mobiliza para ampliar cobertura vacinal - Ubirat\u00e3 Online Not\u00edcias - A realidade ao seu alcance!<\/title>\n<meta name=\"description\" content=\"Mais de 1.200 profissionais, de todos os munic\u00edpios do Paran\u00e1, est\u00e3o em Curitiba participando do 1\u00ba. Semin\u00e1rio Estadual sobre Imuniza\u00e7\u00e3o, promovido pela\" \/>\n<meta name=\"robots\" content=\"index, follow, max-snippet:-1, max-image-preview:large, max-video-preview:-1\" \/>\n<link rel=\"canonical\" href=\"https:\/\/ubirataonline.com.br\/en\/saude-do-parana-se-mobiliza-para-ampliar-cobertura-vacinal\/\" \/>\n<meta property=\"og:locale\" content=\"en_US\" \/>\n<meta property=\"og:type\" content=\"article\" \/>\n<meta property=\"og:title\" content=\"Sa\u00fade do Paran\u00e1 se mobiliza para ampliar cobertura vacinal\" \/>\n<meta property=\"og:description\" content=\"Mais de 1.200 profissionais, de todos os munic\u00edpios do Paran\u00e1, est\u00e3o em Curitiba participando do 1\u00ba. Semin\u00e1rio Estadual sobre Imuniza\u00e7\u00e3o, promovido pela\" \/>\n<meta property=\"og:url\" content=\"https:\/\/ubirataonline.com.br\/en\/saude-do-parana-se-mobiliza-para-ampliar-cobertura-vacinal\/\" \/>\n<meta property=\"og:site_name\" content=\"Ubirat\u00e3 Online Not\u00edcias - A realidade ao seu alcance!\" \/>\n<meta property=\"article:publisher\" content=\"https:\/\/www.facebook.com\/portalubirataonline\" \/>\n<meta property=\"article:published_time\" content=\"2019-11-13T13:37:48+00:00\" \/>\n<meta property=\"article:modified_time\" content=\"2019-11-13T13:37:53+00:00\" \/>\n<meta property=\"og:image\" content=\"https:\/\/ubirataonline.com.br\/wp-content\/uploads\/2026\/05\/logo2026.webp\" \/>\n\t<meta property=\"og:image:width\" content=\"1531\" \/>\n\t<meta property=\"og:image:height\" content=\"418\" \/>\n\t<meta property=\"og:image:type\" content=\"image\/webp\" \/>\n<meta name=\"author\" content=\"Vampeta\" \/>\n<meta name=\"twitter:card\" content=\"summary_large_image\" \/>\n<meta name=\"twitter:creator\" content=\"@ubirataonline\" \/>\n<meta name=\"twitter:site\" content=\"@ubirataonline\" \/>\n<meta name=\"twitter:label1\" content=\"Written by\" \/>\n\t<meta name=\"twitter:data1\" content=\"Vampeta\" \/>\n\t<meta name=\"twitter:label2\" content=\"Est. reading time\" \/>\n\t<meta name=\"twitter:data2\" content=\"3 minutes\" \/>\n<script type=\"application\/ld+json\" class=\"yoast-schema-graph\">{\"@context\":\"https:\\\/\\\/schema.org\",\"@graph\":[{\"@type\":\"NewsArticle\",\"@id\":\"https:\\\/\\\/ubirataonline.com.br\\\/saude-do-parana-se-mobiliza-para-ampliar-cobertura-vacinal\\\/#article\",\"isPartOf\":{\"@id\":\"https:\\\/\\\/ubirataonline.com.br\\\/saude-do-parana-se-mobiliza-para-ampliar-cobertura-vacinal\\\/\"},\"author\":{\"name\":\"Vampeta\",\"@id\":\"https:\\\/\\\/ubirataonline.com.br\\\/#\\\/schema\\\/person\\\/09f7a474bd1834b50dea8d1c197e976f\"},\"headline\":\"Sa\u00fade do Paran\u00e1 se mobiliza para ampliar cobertura vacinal\",\"datePublished\":\"2019-11-13T13:37:48+00:00\",\"dateModified\":\"2019-11-13T13:37:53+00:00\",\"mainEntityOfPage\":{\"@id\":\"https:\\\/\\\/ubirataonline.com.br\\\/saude-do-parana-se-mobiliza-para-ampliar-cobertura-vacinal\\\/\"},\"wordCount\":654,\"publisher\":{\"@id\":\"https:\\\/\\\/ubirataonline.com.br\\\/#organization\"},\"articleSection\":[\"Sa\u00fade\"],\"inLanguage\":\"en-US\",\"copyrightYear\":\"2019\",\"copyrightHolder\":{\"@id\":\"https:\\\/\\\/ubirataonline.com.br\\\/en\\\/#organization\"}},{\"@type\":\"WebPage\",\"@id\":\"https:\\\/\\\/ubirataonline.com.br\\\/saude-do-parana-se-mobiliza-para-ampliar-cobertura-vacinal\\\/\",\"url\":\"https:\\\/\\\/ubirataonline.com.br\\\/saude-do-parana-se-mobiliza-para-ampliar-cobertura-vacinal\\\/\",\"name\":\"Sa\u00fade do Paran\u00e1 se mobiliza para ampliar cobertura vacinal - Ubirat\u00e3 Online Not\u00edcias - A realidade ao seu alcance!\",\"isPartOf\":{\"@id\":\"https:\\\/\\\/ubirataonline.com.br\\\/#website\"},\"datePublished\":\"2019-11-13T13:37:48+00:00\",\"dateModified\":\"2019-11-13T13:37:53+00:00\",\"description\":\"Mais de 1.200 profissionais, de todos os munic\u00edpios do Paran\u00e1, est\u00e3o em Curitiba participando do 1\u00ba. Semin\u00e1rio Estadual sobre Imuniza\u00e7\u00e3o, promovido pela\",\"breadcrumb\":{\"@id\":\"https:\\\/\\\/ubirataonline.com.br\\\/saude-do-parana-se-mobiliza-para-ampliar-cobertura-vacinal\\\/#breadcrumb\"},\"inLanguage\":\"en-US\",\"potentialAction\":[{\"@type\":\"ReadAction\",\"target\":[\"https:\\\/\\\/ubirataonline.com.br\\\/saude-do-parana-se-mobiliza-para-ampliar-cobertura-vacinal\\\/\"]}]},{\"@type\":\"BreadcrumbList\",\"@id\":\"https:\\\/\\\/ubirataonline.com.br\\\/saude-do-parana-se-mobiliza-para-ampliar-cobertura-vacinal\\\/#breadcrumb\",\"itemListElement\":[{\"@type\":\"ListItem\",\"position\":1,\"name\":\"In\u00edcio\",\"item\":\"https:\\\/\\\/ubirataonline.com.br\\\/\"},{\"@type\":\"ListItem\",\"position\":2,\"name\":\"Sa\u00fade do Paran\u00e1 se mobiliza para ampliar cobertura vacinal\"}]},{\"@type\":\"WebSite\",\"@id\":\"https:\\\/\\\/ubirataonline.com.br\\\/#website\",\"url\":\"https:\\\/\\\/ubirataonline.com.br\\\/\",\"name\":\"Ubirat\u00e3 Online Not\u00edcias\",\"description\":\"Not\u00edcias de Ubirat\u00e3, regi\u00e3o, Brasil e mundo, com informa\u00e7\u00e3o atualizada e compromisso com o leitor.\",\"publisher\":{\"@id\":\"https:\\\/\\\/ubirataonline.com.br\\\/#organization\"},\"alternateName\":\"Ubirat\u00e3 Online\",\"potentialAction\":[{\"@type\":\"SearchAction\",\"target\":{\"@type\":\"EntryPoint\",\"urlTemplate\":\"https:\\\/\\\/ubirataonline.com.br\\\/?s={search_term_string}\"},\"query-input\":{\"@type\":\"PropertyValueSpecification\",\"valueRequired\":true,\"valueName\":\"search_term_string\"}}],\"inLanguage\":\"en-US\"},{\"@type\":[\"Organization\",\"Place\"],\"@id\":\"https:\\\/\\\/ubirataonline.com.br\\\/#organization\",\"name\":\"Ubirat\u00e3 Online Not\u00edcias\",\"alternateName\":\"Ubirat\u00e3 Online\",\"url\":\"https:\\\/\\\/ubirataonline.com.br\\\/\",\"logo\":{\"@id\":\"https:\\\/\\\/ubirataonline.com.br\\\/saude-do-parana-se-mobiliza-para-ampliar-cobertura-vacinal\\\/#local-main-organization-logo\"},\"image\":{\"@id\":\"https:\\\/\\\/ubirataonline.com.br\\\/saude-do-parana-se-mobiliza-para-ampliar-cobertura-vacinal\\\/#local-main-organization-logo\"},\"sameAs\":[\"https:\\\/\\\/www.facebook.com\\\/portalubirataonline\",\"https:\\\/\\\/x.com\\\/ubirataonline\",\"https:\\\/\\\/mastodon.social\\\/@ubirataonline\",\"https:\\\/\\\/www.facebook.com\\\/groups\\\/311144672285604\",\"https:\\\/\\\/www.facebook.com\\\/UBTAOnline\",\"https:\\\/\\\/www.instagram.com\\\/portalubirataonline\\\/\",\"https:\\\/\\\/twitter.com\\\/ubirataonline\"],\"description\":\"Somos um portal de not\u00edcias independente, criado em 5 de janeiro de 2009, com o objetivo de informar, conectar e valorizar a nossa comunidade de Ubirat\u00e3 e toda aregi\u00e3o. Com conte\u00fado atualizado, confi\u00e1vel e relevante, o Ubirat\u00e3 Online \u00e9 o seu espa\u00e7o para ficar por dentro dos principais acontecimentos locais, regionais, Brasil, Mundo e de interesse geral. Nosso compromisso \u00e9 com a verdade, a transpar\u00eancia e o respeito ao leitor.\",\"legalName\":\"UBIRATA ONLINE NOT\u00cdCIAS\",\"foundingDate\":\"2009-01-05\",\"numberOfEmployees\":{\"@type\":\"QuantitativeValue\",\"minValue\":\"1\",\"maxValue\":\"10\"},\"publishingPrinciples\":\"https:\\\/\\\/ubirataonline.com.br\\\/faq\\\/\",\"address\":{\"@id\":\"https:\\\/\\\/ubirataonline.com.br\\\/saude-do-parana-se-mobiliza-para-ampliar-cobertura-vacinal\\\/#local-main-place-address\"},\"geo\":{\"@type\":\"GeoCoordinates\",\"latitude\":\"-24.5361401\",\"longitude\":\"-52.9921776\"},\"telephone\":[\"+5544998308235\"],\"contactPoint\":{\"@type\":\"ContactPoint\",\"email\":\"contato@ubirataonline.com.br\"},\"openingHoursSpecification\":{\"@type\":\"OpeningHoursSpecification\",\"dayOfWeek\":[\"Monday\",\"Tuesday\",\"Wednesday\",\"Thursday\",\"Friday\",\"Saturday\",\"Sunday\"],\"opens\":\"00:00\",\"closes\":\"23:59\"},\"email\":\"contato@ubirataonline.com.br\",\"vatID\":\"47.621.418\\\/0001-80\"},{\"@type\":\"Person\",\"@id\":\"https:\\\/\\\/ubirataonline.com.br\\\/#\\\/schema\\\/person\\\/09f7a474bd1834b50dea8d1c197e976f\",\"name\":\"Vampeta\",\"sameAs\":[\"https:\\\/\\\/ubirataonline.com.br\"],\"url\":\"https:\\\/\\\/ubirataonline.com.br\\\/en\\\/author\\\/vampeta\\\/\"},{\"@type\":\"PostalAddress\",\"@id\":\"https:\\\/\\\/ubirataonline.com.br\\\/saude-do-parana-se-mobiliza-para-ampliar-cobertura-vacinal\\\/#local-main-place-address\",\"streetAddress\":\"Rua dos Coqueiros, 104 - Bairro Boa Vista, Rua dos Coqueiros, 104 Bairro Boa Vista\",\"addressLocality\":\"UBIRATA\",\"postalCode\":\"85440-000\",\"addressRegion\":\"PR\",\"addressCountry\":\"BR\"},{\"@type\":\"ImageObject\",\"inLanguage\":\"en-US\",\"@id\":\"https:\\\/\\\/ubirataonline.com.br\\\/saude-do-parana-se-mobiliza-para-ampliar-cobertura-vacinal\\\/#local-main-organization-logo\",\"url\":\"https:\\\/\\\/ubirataonline.com.br\\\/wp-content\\\/uploads\\\/2026\\\/06\\\/logoubirataonline-1.webp\",\"contentUrl\":\"https:\\\/\\\/ubirataonline.com.br\\\/wp-content\\\/uploads\\\/2026\\\/06\\\/logoubirataonline-1.webp\",\"width\":500,\"height\":500,\"caption\":\"Ubirat\u00e3 Online Not\u00edcias\"}]}<\/script>\n<meta name=\"geo.placename\" content=\"UBIRATA\" \/>\n<meta name=\"geo.position\" content=\"-24.5361401;-52.9921776\" \/>\n<meta name=\"geo.region\" content=\"Brazil\" \/>\n<!-- \/ Yoast SEO Premium plugin. -->","yoast_head_json":{"title":"Sa\u00fade do Paran\u00e1 se mobiliza para ampliar cobertura vacinal - Ubirat\u00e3 Online Not\u00edcias - A realidade ao seu alcance!","description":"Mais de 1.200 profissionais, de todos os munic\u00edpios do Paran\u00e1, est\u00e3o em Curitiba participando do 1\u00ba. Semin\u00e1rio Estadual sobre Imuniza\u00e7\u00e3o, promovido pela","robots":{"index":"index","follow":"follow","max-snippet":"max-snippet:-1","max-image-preview":"max-image-preview:large","max-video-preview":"max-video-preview:-1"},"canonical":"https:\/\/ubirataonline.com.br\/en\/saude-do-parana-se-mobiliza-para-ampliar-cobertura-vacinal\/","og_locale":"en_US","og_type":"article","og_title":"Sa\u00fade do Paran\u00e1 se mobiliza para ampliar cobertura vacinal","og_description":"Mais de 1.200 profissionais, de todos os munic\u00edpios do Paran\u00e1, est\u00e3o em Curitiba participando do 1\u00ba. Semin\u00e1rio Estadual sobre Imuniza\u00e7\u00e3o, promovido pela","og_url":"https:\/\/ubirataonline.com.br\/en\/saude-do-parana-se-mobiliza-para-ampliar-cobertura-vacinal\/","og_site_name":"Ubirat\u00e3 Online Not\u00edcias - A realidade ao seu alcance!","article_publisher":"https:\/\/www.facebook.com\/portalubirataonline","article_published_time":"2019-11-13T13:37:48+00:00","article_modified_time":"2019-11-13T13:37:53+00:00","og_image":[{"width":1531,"height":418,"url":"https:\/\/ubirataonline.com.br\/wp-content\/uploads\/2026\/05\/logo2026.webp","type":"image\/webp"}],"author":"Vampeta","twitter_card":"summary_large_image","twitter_creator":"@ubirataonline","twitter_site":"@ubirataonline","twitter_misc":{"Written by":"Vampeta","Est. reading time":"3 minutes"},"schema":{"@context":"https:\/\/schema.org","@graph":[{"@type":"NewsArticle","@id":"https:\/\/ubirataonline.com.br\/saude-do-parana-se-mobiliza-para-ampliar-cobertura-vacinal\/#article","isPartOf":{"@id":"https:\/\/ubirataonline.com.br\/saude-do-parana-se-mobiliza-para-ampliar-cobertura-vacinal\/"},"author":{"name":"Vampeta","@id":"https:\/\/ubirataonline.com.br\/#\/schema\/person\/09f7a474bd1834b50dea8d1c197e976f"},"headline":"Sa\u00fade do Paran\u00e1 se mobiliza para ampliar cobertura vacinal","datePublished":"2019-11-13T13:37:48+00:00","dateModified":"2019-11-13T13:37:53+00:00","mainEntityOfPage":{"@id":"https:\/\/ubirataonline.com.br\/saude-do-parana-se-mobiliza-para-ampliar-cobertura-vacinal\/"},"wordCount":654,"publisher":{"@id":"https:\/\/ubirataonline.com.br\/#organization"},"articleSection":["Sa\u00fade"],"inLanguage":"en-US","copyrightYear":"2019","copyrightHolder":{"@id":"https:\/\/ubirataonline.com.br\/en\/#organization"}},{"@type":"WebPage","@id":"https:\/\/ubirataonline.com.br\/saude-do-parana-se-mobiliza-para-ampliar-cobertura-vacinal\/","url":"https:\/\/ubirataonline.com.br\/saude-do-parana-se-mobiliza-para-ampliar-cobertura-vacinal\/","name":"Sa\u00fade do Paran\u00e1 se mobiliza para ampliar cobertura vacinal - Ubirat\u00e3 Online Not\u00edcias - A realidade ao seu alcance!","isPartOf":{"@id":"https:\/\/ubirataonline.com.br\/#website"},"datePublished":"2019-11-13T13:37:48+00:00","dateModified":"2019-11-13T13:37:53+00:00","description":"Mais de 1.200 profissionais, de todos os munic\u00edpios do Paran\u00e1, est\u00e3o em Curitiba participando do 1\u00ba. Semin\u00e1rio Estadual sobre Imuniza\u00e7\u00e3o, promovido pela","breadcrumb":{"@id":"https:\/\/ubirataonline.com.br\/saude-do-parana-se-mobiliza-para-ampliar-cobertura-vacinal\/#breadcrumb"},"inLanguage":"en-US","potentialAction":[{"@type":"ReadAction","target":["https:\/\/ubirataonline.com.br\/saude-do-parana-se-mobiliza-para-ampliar-cobertura-vacinal\/"]}]},{"@type":"BreadcrumbList","@id":"https:\/\/ubirataonline.com.br\/saude-do-parana-se-mobiliza-para-ampliar-cobertura-vacinal\/#breadcrumb","itemListElement":[{"@type":"ListItem","position":1,"name":"In\u00edcio","item":"https:\/\/ubirataonline.com.br\/"},{"@type":"ListItem","position":2,"name":"Sa\u00fade do Paran\u00e1 se mobiliza para ampliar cobertura vacinal"}]},{"@type":"WebSite","@id":"https:\/\/ubirataonline.com.br\/#website","url":"https:\/\/ubirataonline.com.br\/","name":"Ubirat\u00e3 Online Not\u00edcias","description":"Not\u00edcias de Ubirat\u00e3, regi\u00e3o, Brasil e mundo, com informa\u00e7\u00e3o atualizada e compromisso com o leitor.","publisher":{"@id":"https:\/\/ubirataonline.com.br\/#organization"},"alternateName":"Ubirat\u00e3 Online","potentialAction":[{"@type":"SearchAction","target":{"@type":"EntryPoint","urlTemplate":"https:\/\/ubirataonline.com.br\/?s={search_term_string}"},"query-input":{"@type":"PropertyValueSpecification","valueRequired":true,"valueName":"search_term_string"}}],"inLanguage":"en-US"},{"@type":["Organization","Place"],"@id":"https:\/\/ubirataonline.com.br\/#organization","name":"Ubirat\u00e3 Online Not\u00edcias","alternateName":"Ubirat\u00e3 Online","url":"https:\/\/ubirataonline.com.br\/","logo":{"@id":"https:\/\/ubirataonline.com.br\/saude-do-parana-se-mobiliza-para-ampliar-cobertura-vacinal\/#local-main-organization-logo"},"image":{"@id":"https:\/\/ubirataonline.com.br\/saude-do-parana-se-mobiliza-para-ampliar-cobertura-vacinal\/#local-main-organization-logo"},"sameAs":["https:\/\/www.facebook.com\/portalubirataonline","https:\/\/x.com\/ubirataonline","https:\/\/mastodon.social\/@ubirataonline","https:\/\/www.facebook.com\/groups\/311144672285604","https:\/\/www.facebook.com\/UBTAOnline","https:\/\/www.instagram.com\/portalubirataonline\/","https:\/\/twitter.com\/ubirataonline"],"description":"Somos um portal de not\u00edcias independente, criado em 5 de janeiro de 2009, com o objetivo de informar, conectar e valorizar a nossa comunidade de Ubirat\u00e3 e toda aregi\u00e3o. Com conte\u00fado atualizado, confi\u00e1vel e relevante, o Ubirat\u00e3 Online \u00e9 o seu espa\u00e7o para ficar por dentro dos principais acontecimentos locais, regionais, Brasil, Mundo e de interesse geral. Nosso compromisso \u00e9 com a verdade, a transpar\u00eancia e o respeito ao leitor.","legalName":"UBIRATA ONLINE NOT\u00cdCIAS","foundingDate":"2009-01-05","numberOfEmployees":{"@type":"QuantitativeValue","minValue":"1","maxValue":"10"},"publishingPrinciples":"https:\/\/ubirataonline.com.br\/faq\/","address":{"@id":"https:\/\/ubirataonline.com.br\/saude-do-parana-se-mobiliza-para-ampliar-cobertura-vacinal\/#local-main-place-address"},"geo":{"@type":"GeoCoordinates","latitude":"-24.5361401","longitude":"-52.9921776"},"telephone":["+5544998308235"],"contactPoint":{"@type":"ContactPoint","email":"contato@ubirataonline.com.br"},"openingHoursSpecification":{"@type":"OpeningHoursSpecification","dayOfWeek":["Monday","Tuesday","Wednesday","Thursday","Friday","Saturday","Sunday"],"opens":"00:00","closes":"23:59"},"email":"contato@ubirataonline.com.br","vatID":"47.621.418\/0001-80"},{"@type":"Person","@id":"https:\/\/ubirataonline.com.br\/#\/schema\/person\/09f7a474bd1834b50dea8d1c197e976f","name":"Vampeta","sameAs":["https:\/\/ubirataonline.com.br"],"url":"https:\/\/ubirataonline.com.br\/en\/author\/vampeta\/"},{"@type":"PostalAddress","@id":"https:\/\/ubirataonline.com.br\/saude-do-parana-se-mobiliza-para-ampliar-cobertura-vacinal\/#local-main-place-address","streetAddress":"Rua dos Coqueiros, 104 - Bairro Boa Vista, Rua dos Coqueiros, 104 Bairro Boa Vista","addressLocality":"UBIRATA","postalCode":"85440-000","addressRegion":"PR","addressCountry":"BR"},{"@type":"ImageObject","inLanguage":"en-US","@id":"https:\/\/ubirataonline.com.br\/saude-do-parana-se-mobiliza-para-ampliar-cobertura-vacinal\/#local-main-organization-logo","url":"https:\/\/ubirataonline.com.br\/wp-content\/uploads\/2026\/06\/logoubirataonline-1.webp","contentUrl":"https:\/\/ubirataonline.com.br\/wp-content\/uploads\/2026\/06\/logoubirataonline-1.webp","width":500,"height":500,"caption":"Ubirat\u00e3 Online Not\u00edcias"}]},"geo.placename":"UBIRATA","geo.position":{"lat":"-24.5361401","long":"-52.9921776"},"geo.region":"Brazil"},"_links":{"self":[{"href":"https:\/\/ubirataonline.com.br\/en\/wp-json\/wp\/v2\/posts\/26651","targetHints":{"allow":["GET"]}}],"collection":[{"href":"https:\/\/ubirataonline.com.br\/en\/wp-json\/wp\/v2\/posts"}],"about":[{"href":"https:\/\/ubirataonline.com.br\/en\/wp-json\/wp\/v2\/types\/post"}],"author":[{"embeddable":true,"href":"https:\/\/ubirataonline.com.br\/en\/wp-json\/wp\/v2\/users\/2"}],"replies":[{"embeddable":true,"href":"https:\/\/ubirataonline.com.br\/en\/wp-json\/wp\/v2\/comments?post=26651"}],"version-history":[{"count":0,"href":"https:\/\/ubirataonline.com.br\/en\/wp-json\/wp\/v2\/posts\/26651\/revisions"}],"wp:attachment":[{"href":"https:\/\/ubirataonline.com.br\/en\/wp-json\/wp\/v2\/media?parent=26651"}],"wp:term":[{"taxonomy":"category","embeddable":true,"href":"https:\/\/ubirataonline.com.br\/en\/wp-json\/wp\/v2\/categories?post=26651"},{"taxonomy":"post_tag","embeddable":true,"href":"https:\/\/ubirataonline.com.br\/en\/wp-json\/wp\/v2\/tags?post=26651"}],"curies":[{"name":"wp","href":"https:\/\/api.w.org\/{rel}","templated":true}]}}