{"id":26878,"date":"2019-11-21T08:10:00","date_gmt":"2019-11-21T11:10:00","guid":{"rendered":"https:\/\/ubirataonline.com.br\/?p=26878"},"modified":"2019-11-21T08:05:41","modified_gmt":"2019-11-21T11:05:41","slug":"segunda-etapa-da-campanha-de-vacinacao-contra-o-sarampo-continua-em-ubirata","status":"publish","type":"post","link":"https:\/\/ubirataonline.com.br\/en\/segunda-etapa-da-campanha-de-vacinacao-contra-o-sarampo-continua-em-ubirata\/","title":{"rendered":"Segunda Etapa da Campanha de Vacina\u00e7\u00e3o Contra o Sarampo continua em Ubirat\u00e3"},"content":{"rendered":"<p class=\"wp-block-paragraph\"><\/p>\n\n\n\n<p class=\"wp-block-paragraph\">Considerando que o surto de sarampo ainda se encontra em\natividade, com a confirma\u00e7\u00e3o de 9.304 casos e 13 \u00f3bitos pela doen\u00e7a no pa\u00eds e\nque no Paran\u00e1 tivemos 368 casos confirmados na \u00faltima semana, refor\u00e7amos a\nimport\u00e2ncia da segunda fase da Campanha de Vacina\u00e7\u00e3o contra o Sarampo 2019. <\/p>\n\n\n\n<p class=\"wp-block-paragraph\">A realiza\u00e7\u00e3o dessa fase \u00e9 importante para interromper a\ncadeia de transmiss\u00e3o do sarampo. Ter\u00e1 como p\u00fablico-alvo os adultos de 20 a 29\nanos n\u00e3o vacinados ou com esquema incompleto para o sarampo. <\/p>\n\n\n\n<p class=\"wp-block-paragraph\">A campanha no munic\u00edpio ser\u00e1 realizada at\u00e9 o dia 29 de\nnovembro. Com hor\u00e1rios especiais de atendimento das 17:00 as 19:00 horas. Dessa\nforma as unidades de sa\u00fade estar\u00e3o abertas em hor\u00e1rios estendidos de acordo com\na tabela abaixo.<\/p>\n\n\n\n<p class=\"wp-block-paragraph\"><strong>UNIDADE DE SA\u00daDE e DATA<\/strong><\/p>\n\n\n\n<p class=\"wp-block-paragraph\">&#8211; Yolanda (20\/11);<\/p>\n\n\n\n<p class=\"wp-block-paragraph\">&#8211; Josefina (26\/11);<\/p>\n\n\n\n<p class=\"wp-block-paragraph\">&#8211; Central (26\/11);<\/p>\n\n\n\n<p class=\"wp-block-paragraph\">&#8211; Esperan\u00e7a (26\/11);<\/p>\n\n\n\n<p class=\"wp-block-paragraph\">&#8211; S\u00e3o Joaquim (27\/11);<\/p>\n\n\n\n<p class=\"wp-block-paragraph\">&#8211; Panorama (28\/11);<\/p>\n\n\n\n<p class=\"wp-block-paragraph\">&#8211; Boa Vista (28\/11);<\/p>\n\n\n\n<p class=\"wp-block-paragraph\">&#8211; Recife (28\/11).<\/p>\n\n\n\n<p class=\"wp-block-paragraph\">O objetivo \u00e9 aumentar a cobertura vacinal contra o sarampo\nna faixa et\u00e1ria de 20 a 29 anos, que apresenta maior frequ\u00eancia de casos. No\nParan\u00e1, entre os 368 casos confirmados na \u00faltima semana, 195 est\u00e3o nessa faixa\net\u00e1ria.<\/p>\n\n\n\n<p class=\"wp-block-paragraph\">A primeira etapa de vacina\u00e7\u00e3o foi voltada para crian\u00e7as de\nseis meses e cinco anos incompletos, que s\u00e3o mais vulner\u00e1veis \u00e0s complica\u00e7\u00f5es\ndo sarampo. <\/p>\n\n\n\n<p class=\"wp-block-paragraph\">A realiza\u00e7\u00e3o desta segunda etapa \u00e9 de suma import\u00e2ncia para\ninterromper a cadeia de transmiss\u00e3o do sarampo, reduzir o risco da doen\u00e7a e\nimunizar pessoas n\u00e3o vacinadas ou com esquema vacinal incompleto para o\nsarampo.<\/p>\n\n\n\n<p class=\"wp-block-paragraph\">Todas as pessoas, nessa faixa et\u00e1ria, que n\u00e3o tenham certeza\nse tomaram as duas doses da vacina devem procurar as unidades de sa\u00fade mais\npr\u00f3xima at\u00e9 o dia 29\/11\/19.<\/p>\n\n\n\n<p class=\"wp-block-paragraph\">DOEN\u00c7A<\/p>\n\n\n\n<p class=\"wp-block-paragraph\">O sarampo \u00e9 quase totalmente evit\u00e1vel com duas doses da\nvacina, que \u00e9 segura e altamente eficaz.<\/p>\n\n\n\n<p class=\"wp-block-paragraph\">As raz\u00f5es para as pessoas n\u00e3o serem vacinadas variam\nsignificativamente entre comunidades e pa\u00edses, incluindo falta de acesso a\nservi\u00e7os de sa\u00fade ou vacina\u00e7\u00e3o de qualidade; conflito e deslocamento;\ndesinforma\u00e7\u00e3o sobre vacinas ou pouca conscientiza\u00e7\u00e3o sobre a necessidade de vacinar.\nEm v\u00e1rios pa\u00edses, o sarampo est\u00e1 se espalhando entre crian\u00e7as mais velhas,\njovens e adultos que n\u00e3o se vacinaram no passado.<\/p>\n\n\n\n<p class=\"wp-block-paragraph\">A vacina Tr\u00edplice Viral, que \u00e9 utilizada atualmente, previne\ncontra sarampo, caxumba e rub\u00e9ola. Ela estimula o sistema imunol\u00f3gico a\ndesenvolver anticorpos para combater os v\u00edrus causadores de doen\u00e7as. A\naplica\u00e7\u00e3o da vacina \u00e9 por inje\u00e7\u00e3o subcut\u00e2nea e faz efeito em aproximadamente 15\ndias.<\/p>","protected":false},"excerpt":{"rendered":"<p>Considerando que o surto de sarampo ainda se encontra em atividade, com a confirma\u00e7\u00e3o de 9.304 casos e 13 \u00f3bitos pela doen\u00e7a no pa\u00eds e que no Paran\u00e1 tivemos 368 casos confirmados na \u00faltima semana, refor\u00e7amos a import\u00e2ncia da segunda fase da Campanha de Vacina\u00e7\u00e3o contra o Sarampo 2019. A realiza\u00e7\u00e3o dessa fase \u00e9 importante [&hellip;]<\/p>\n","protected":false},"author":1,"featured_media":0,"comment_status":"closed","ping_status":"closed","sticky":false,"template":"","format":"standard","meta":{"googlesitekit_rrm_CAow2JLhCw:productID":"","_gspb_post_css":"","maa_idioma":"","maa_pais":"","footnotes":""},"categories":[30],"tags":[],"class_list":["post-26878","post","type-post","status-publish","format-standard","hentry","category-saude"],"blocksy_meta":[],"yoast_head":"<!-- This site is optimized with the Yoast SEO Premium plugin v27.6 (Yoast SEO v27.6) - https:\/\/yoast.com\/product\/yoast-seo-premium-wordpress\/ -->\n<title>Segunda Etapa da Campanha de Vacina\u00e7\u00e3o Contra o Sarampo continua em Ubirat\u00e3 - Ubirat\u00e3 Online Not\u00edcias - A realidade ao seu alcance!<\/title>\n<meta name=\"description\" content=\"Considerando que o surto de sarampo ainda se encontra em atividade, com a confirma\u00e7\u00e3o de 9.304 casos e 13 \u00f3bitos pela doen\u00e7a no pa\u00eds e que no Paran\u00e1\" \/>\n<meta name=\"robots\" content=\"index, follow, max-snippet:-1, max-image-preview:large, max-video-preview:-1\" \/>\n<link rel=\"canonical\" href=\"https:\/\/ubirataonline.com.br\/en\/segunda-etapa-da-campanha-de-vacinacao-contra-o-sarampo-continua-em-ubirata\/\" \/>\n<meta property=\"og:locale\" content=\"en_US\" \/>\n<meta property=\"og:type\" content=\"article\" \/>\n<meta property=\"og:title\" content=\"Segunda Etapa da Campanha de Vacina\u00e7\u00e3o Contra o Sarampo continua em Ubirat\u00e3\" \/>\n<meta property=\"og:description\" content=\"Considerando que o surto de sarampo ainda se encontra em atividade, com a confirma\u00e7\u00e3o de 9.304 casos e 13 \u00f3bitos pela doen\u00e7a no pa\u00eds e que no Paran\u00e1\" \/>\n<meta property=\"og:url\" content=\"https:\/\/ubirataonline.com.br\/en\/segunda-etapa-da-campanha-de-vacinacao-contra-o-sarampo-continua-em-ubirata\/\" \/>\n<meta property=\"og:site_name\" content=\"Ubirat\u00e3 Online Not\u00edcias - A realidade ao seu alcance!\" \/>\n<meta property=\"article:publisher\" content=\"https:\/\/www.facebook.com\/portalubirataonline\" \/>\n<meta property=\"article:author\" content=\"https:\/\/www.facebook.com\/portalubirataonline\" \/>\n<meta property=\"article:published_time\" content=\"2019-11-21T11:10:00+00:00\" \/>\n<meta property=\"og:image\" content=\"https:\/\/ubirataonline.com.br\/wp-content\/uploads\/2026\/05\/logo2026.webp\" \/>\n\t<meta property=\"og:image:width\" content=\"1531\" \/>\n\t<meta property=\"og:image:height\" content=\"418\" \/>\n\t<meta property=\"og:image:type\" content=\"image\/webp\" \/>\n<meta name=\"author\" content=\"REDA\u00c7\u00c3O: UBIRAT\u00c3 ONLINE - F\u00c1BIO AUGUSTO CELESTINO\" \/>\n<meta name=\"twitter:card\" content=\"summary_large_image\" \/>\n<meta name=\"twitter:creator\" content=\"@x.com\/ubirataonline\" \/>\n<meta name=\"twitter:site\" content=\"@ubirataonline\" \/>\n<meta name=\"twitter:label1\" content=\"Written by\" \/>\n\t<meta name=\"twitter:data1\" content=\"REDA\u00c7\u00c3O: UBIRAT\u00c3 ONLINE - F\u00c1BIO AUGUSTO CELESTINO\" \/>\n\t<meta name=\"twitter:label2\" content=\"Est. reading time\" \/>\n\t<meta name=\"twitter:data2\" content=\"2 minutes\" \/>\n<script type=\"application\/ld+json\" class=\"yoast-schema-graph\">{\"@context\":\"https:\\\/\\\/schema.org\",\"@graph\":[{\"@type\":\"NewsArticle\",\"@id\":\"https:\\\/\\\/ubirataonline.com.br\\\/segunda-etapa-da-campanha-de-vacinacao-contra-o-sarampo-continua-em-ubirata\\\/#article\",\"isPartOf\":{\"@id\":\"https:\\\/\\\/ubirataonline.com.br\\\/segunda-etapa-da-campanha-de-vacinacao-contra-o-sarampo-continua-em-ubirata\\\/\"},\"author\":{\"name\":\"REDA\u00c7\u00c3O: UBIRAT\u00c3 ONLINE - F\u00c1BIO AUGUSTO CELESTINO\",\"@id\":\"https:\\\/\\\/ubirataonline.com.br\\\/#\\\/schema\\\/person\\\/372f87bbd3fdd79b8556b84c98d0bc1c\"},\"headline\":\"Segunda Etapa da Campanha de Vacina\u00e7\u00e3o Contra o Sarampo continua em Ubirat\u00e3\",\"datePublished\":\"2019-11-21T11:10:00+00:00\",\"mainEntityOfPage\":{\"@id\":\"https:\\\/\\\/ubirataonline.com.br\\\/segunda-etapa-da-campanha-de-vacinacao-contra-o-sarampo-continua-em-ubirata\\\/\"},\"wordCount\":443,\"publisher\":{\"@id\":\"https:\\\/\\\/ubirataonline.com.br\\\/#organization\"},\"articleSection\":[\"Sa\u00fade\"],\"inLanguage\":\"en-US\",\"copyrightYear\":\"2019\",\"copyrightHolder\":{\"@id\":\"https:\\\/\\\/ubirataonline.com.br\\\/en\\\/#organization\"}},{\"@type\":\"WebPage\",\"@id\":\"https:\\\/\\\/ubirataonline.com.br\\\/segunda-etapa-da-campanha-de-vacinacao-contra-o-sarampo-continua-em-ubirata\\\/\",\"url\":\"https:\\\/\\\/ubirataonline.com.br\\\/segunda-etapa-da-campanha-de-vacinacao-contra-o-sarampo-continua-em-ubirata\\\/\",\"name\":\"Segunda Etapa da Campanha de Vacina\u00e7\u00e3o Contra o Sarampo continua em Ubirat\u00e3 - Ubirat\u00e3 Online Not\u00edcias - A realidade ao seu alcance!\",\"isPartOf\":{\"@id\":\"https:\\\/\\\/ubirataonline.com.br\\\/#website\"},\"datePublished\":\"2019-11-21T11:10:00+00:00\",\"description\":\"Considerando que o surto de sarampo ainda se encontra em atividade, com a confirma\u00e7\u00e3o de 9.304 casos e 13 \u00f3bitos pela doen\u00e7a no pa\u00eds e que no Paran\u00e1\",\"breadcrumb\":{\"@id\":\"https:\\\/\\\/ubirataonline.com.br\\\/segunda-etapa-da-campanha-de-vacinacao-contra-o-sarampo-continua-em-ubirata\\\/#breadcrumb\"},\"inLanguage\":\"en-US\",\"potentialAction\":[{\"@type\":\"ReadAction\",\"target\":[\"https:\\\/\\\/ubirataonline.com.br\\\/segunda-etapa-da-campanha-de-vacinacao-contra-o-sarampo-continua-em-ubirata\\\/\"]}]},{\"@type\":\"BreadcrumbList\",\"@id\":\"https:\\\/\\\/ubirataonline.com.br\\\/segunda-etapa-da-campanha-de-vacinacao-contra-o-sarampo-continua-em-ubirata\\\/#breadcrumb\",\"itemListElement\":[{\"@type\":\"ListItem\",\"position\":1,\"name\":\"In\u00edcio\",\"item\":\"https:\\\/\\\/ubirataonline.com.br\\\/\"},{\"@type\":\"ListItem\",\"position\":2,\"name\":\"Segunda Etapa da Campanha de Vacina\u00e7\u00e3o Contra o Sarampo continua em Ubirat\u00e3\"}]},{\"@type\":\"WebSite\",\"@id\":\"https:\\\/\\\/ubirataonline.com.br\\\/#website\",\"url\":\"https:\\\/\\\/ubirataonline.com.br\\\/\",\"name\":\"Ubirat\u00e3 Online Not\u00edcias\",\"description\":\"Not\u00edcias de Ubirat\u00e3, regi\u00e3o, Brasil e mundo, com informa\u00e7\u00e3o atualizada e compromisso com o leitor.\",\"publisher\":{\"@id\":\"https:\\\/\\\/ubirataonline.com.br\\\/#organization\"},\"alternateName\":\"Ubirat\u00e3 Online\",\"potentialAction\":[{\"@type\":\"SearchAction\",\"target\":{\"@type\":\"EntryPoint\",\"urlTemplate\":\"https:\\\/\\\/ubirataonline.com.br\\\/?s={search_term_string}\"},\"query-input\":{\"@type\":\"PropertyValueSpecification\",\"valueRequired\":true,\"valueName\":\"search_term_string\"}}],\"inLanguage\":\"en-US\"},{\"@type\":[\"Organization\",\"Place\"],\"@id\":\"https:\\\/\\\/ubirataonline.com.br\\\/#organization\",\"name\":\"Ubirat\u00e3 Online Not\u00edcias\",\"alternateName\":\"Ubirat\u00e3 Online\",\"url\":\"https:\\\/\\\/ubirataonline.com.br\\\/\",\"logo\":{\"@id\":\"https:\\\/\\\/ubirataonline.com.br\\\/segunda-etapa-da-campanha-de-vacinacao-contra-o-sarampo-continua-em-ubirata\\\/#local-main-organization-logo\"},\"image\":{\"@id\":\"https:\\\/\\\/ubirataonline.com.br\\\/segunda-etapa-da-campanha-de-vacinacao-contra-o-sarampo-continua-em-ubirata\\\/#local-main-organization-logo\"},\"sameAs\":[\"https:\\\/\\\/www.facebook.com\\\/portalubirataonline\",\"https:\\\/\\\/x.com\\\/ubirataonline\",\"https:\\\/\\\/mastodon.social\\\/@ubirataonline\",\"https:\\\/\\\/www.facebook.com\\\/groups\\\/311144672285604\",\"https:\\\/\\\/www.facebook.com\\\/UBTAOnline\",\"https:\\\/\\\/www.instagram.com\\\/portalubirataonline\\\/\",\"https:\\\/\\\/twitter.com\\\/ubirataonline\"],\"description\":\"Somos um portal de not\u00edcias independente, criado em 5 de janeiro de 2009, com o objetivo de informar, conectar e valorizar a nossa comunidade de Ubirat\u00e3 e toda aregi\u00e3o. Com conte\u00fado atualizado, confi\u00e1vel e relevante, o Ubirat\u00e3 Online \u00e9 o seu espa\u00e7o para ficar por dentro dos principais acontecimentos locais, regionais, Brasil, Mundo e de interesse geral. Nosso compromisso \u00e9 com a verdade, a transpar\u00eancia e o respeito ao leitor.\",\"legalName\":\"UBIRATA ONLINE NOT\u00cdCIAS\",\"foundingDate\":\"2009-01-05\",\"numberOfEmployees\":{\"@type\":\"QuantitativeValue\",\"minValue\":\"1\",\"maxValue\":\"10\"},\"publishingPrinciples\":\"https:\\\/\\\/ubirataonline.com.br\\\/faq\\\/\",\"address\":{\"@id\":\"https:\\\/\\\/ubirataonline.com.br\\\/segunda-etapa-da-campanha-de-vacinacao-contra-o-sarampo-continua-em-ubirata\\\/#local-main-place-address\"},\"geo\":{\"@type\":\"GeoCoordinates\",\"latitude\":\"-24.5361401\",\"longitude\":\"-52.9921776\"},\"telephone\":[\"+5544998308235\"],\"contactPoint\":{\"@type\":\"ContactPoint\",\"email\":\"contato@ubirataonline.com.br\"},\"openingHoursSpecification\":{\"@type\":\"OpeningHoursSpecification\",\"dayOfWeek\":[\"Monday\",\"Tuesday\",\"Wednesday\",\"Thursday\",\"Friday\",\"Saturday\",\"Sunday\"],\"opens\":\"00:00\",\"closes\":\"23:59\"},\"email\":\"contato@ubirataonline.com.br\",\"vatID\":\"47.621.418\\\/0001-80\"},{\"@type\":\"Person\",\"@id\":\"https:\\\/\\\/ubirataonline.com.br\\\/#\\\/schema\\\/person\\\/372f87bbd3fdd79b8556b84c98d0bc1c\",\"name\":\"REDA\u00c7\u00c3O: UBIRAT\u00c3 ONLINE - F\u00c1BIO AUGUSTO CELESTINO\",\"pronouns\":\"Ele\",\"description\":\"Desde 2003 trabalhando com not\u00edcias.\",\"sameAs\":[\"http:\\\/\\\/ubirataoline.com.br\",\"https:\\\/\\\/www.facebook.com\\\/portalubirataonline\",\"https:\\\/\\\/www.instagram.com\\\/ubirataonline_oficial\",\"https:\\\/\\\/x.com\\\/x.com\\\/ubirataonline\"],\"honorificPrefix\":\"Mr.\",\"honorificSuffix\":\"MD\",\"birthDate\":\"1980-06-16\",\"gender\":\"masculino\",\"award\":[\"V\u00e1rios pr\u00eamios de melhor portal da cidade\"],\"jobTitle\":\"Diretor\",\"url\":\"https:\\\/\\\/ubirataonline.com.br\\\/en\\\/author\\\/ubirataonline\\\/\"},{\"@type\":\"PostalAddress\",\"@id\":\"https:\\\/\\\/ubirataonline.com.br\\\/segunda-etapa-da-campanha-de-vacinacao-contra-o-sarampo-continua-em-ubirata\\\/#local-main-place-address\",\"streetAddress\":\"Rua dos Coqueiros, 104 - Bairro Boa Vista, Rua dos Coqueiros, 104 Bairro Boa Vista\",\"addressLocality\":\"UBIRATA\",\"postalCode\":\"85440-000\",\"addressRegion\":\"PR\",\"addressCountry\":\"BR\"},{\"@type\":\"ImageObject\",\"inLanguage\":\"en-US\",\"@id\":\"https:\\\/\\\/ubirataonline.com.br\\\/segunda-etapa-da-campanha-de-vacinacao-contra-o-sarampo-continua-em-ubirata\\\/#local-main-organization-logo\",\"url\":\"https:\\\/\\\/ubirataonline.com.br\\\/wp-content\\\/uploads\\\/2026\\\/06\\\/logoubirataonline-1.webp\",\"contentUrl\":\"https:\\\/\\\/ubirataonline.com.br\\\/wp-content\\\/uploads\\\/2026\\\/06\\\/logoubirataonline-1.webp\",\"width\":500,\"height\":500,\"caption\":\"Ubirat\u00e3 Online Not\u00edcias\"}]}<\/script>\n<meta name=\"geo.placename\" content=\"UBIRATA\" \/>\n<meta name=\"geo.position\" content=\"-24.5361401;-52.9921776\" \/>\n<meta name=\"geo.region\" content=\"Brazil\" \/>\n<!-- \/ Yoast SEO Premium plugin. -->","yoast_head_json":{"title":"Segunda Etapa da Campanha de Vacina\u00e7\u00e3o Contra o Sarampo continua em Ubirat\u00e3 - Ubirat\u00e3 Online Not\u00edcias - A realidade ao seu alcance!","description":"Considerando que o surto de sarampo ainda se encontra em atividade, com a confirma\u00e7\u00e3o de 9.304 casos e 13 \u00f3bitos pela doen\u00e7a no pa\u00eds e que no Paran\u00e1","robots":{"index":"index","follow":"follow","max-snippet":"max-snippet:-1","max-image-preview":"max-image-preview:large","max-video-preview":"max-video-preview:-1"},"canonical":"https:\/\/ubirataonline.com.br\/en\/segunda-etapa-da-campanha-de-vacinacao-contra-o-sarampo-continua-em-ubirata\/","og_locale":"en_US","og_type":"article","og_title":"Segunda Etapa da Campanha de Vacina\u00e7\u00e3o Contra o Sarampo continua em Ubirat\u00e3","og_description":"Considerando que o surto de sarampo ainda se encontra em atividade, com a confirma\u00e7\u00e3o de 9.304 casos e 13 \u00f3bitos pela doen\u00e7a no pa\u00eds e que no Paran\u00e1","og_url":"https:\/\/ubirataonline.com.br\/en\/segunda-etapa-da-campanha-de-vacinacao-contra-o-sarampo-continua-em-ubirata\/","og_site_name":"Ubirat\u00e3 Online Not\u00edcias - A realidade ao seu alcance!","article_publisher":"https:\/\/www.facebook.com\/portalubirataonline","article_author":"https:\/\/www.facebook.com\/portalubirataonline","article_published_time":"2019-11-21T11:10:00+00:00","og_image":[{"width":1531,"height":418,"url":"https:\/\/ubirataonline.com.br\/wp-content\/uploads\/2026\/05\/logo2026.webp","type":"image\/webp"}],"author":"REDA\u00c7\u00c3O: UBIRAT\u00c3 ONLINE - F\u00c1BIO AUGUSTO CELESTINO","twitter_card":"summary_large_image","twitter_creator":"@x.com\/ubirataonline","twitter_site":"@ubirataonline","twitter_misc":{"Written by":"REDA\u00c7\u00c3O: UBIRAT\u00c3 ONLINE - F\u00c1BIO AUGUSTO CELESTINO","Est. reading time":"2 minutes"},"schema":{"@context":"https:\/\/schema.org","@graph":[{"@type":"NewsArticle","@id":"https:\/\/ubirataonline.com.br\/segunda-etapa-da-campanha-de-vacinacao-contra-o-sarampo-continua-em-ubirata\/#article","isPartOf":{"@id":"https:\/\/ubirataonline.com.br\/segunda-etapa-da-campanha-de-vacinacao-contra-o-sarampo-continua-em-ubirata\/"},"author":{"name":"REDA\u00c7\u00c3O: UBIRAT\u00c3 ONLINE - F\u00c1BIO AUGUSTO CELESTINO","@id":"https:\/\/ubirataonline.com.br\/#\/schema\/person\/372f87bbd3fdd79b8556b84c98d0bc1c"},"headline":"Segunda Etapa da Campanha de Vacina\u00e7\u00e3o Contra o Sarampo continua em Ubirat\u00e3","datePublished":"2019-11-21T11:10:00+00:00","mainEntityOfPage":{"@id":"https:\/\/ubirataonline.com.br\/segunda-etapa-da-campanha-de-vacinacao-contra-o-sarampo-continua-em-ubirata\/"},"wordCount":443,"publisher":{"@id":"https:\/\/ubirataonline.com.br\/#organization"},"articleSection":["Sa\u00fade"],"inLanguage":"en-US","copyrightYear":"2019","copyrightHolder":{"@id":"https:\/\/ubirataonline.com.br\/en\/#organization"}},{"@type":"WebPage","@id":"https:\/\/ubirataonline.com.br\/segunda-etapa-da-campanha-de-vacinacao-contra-o-sarampo-continua-em-ubirata\/","url":"https:\/\/ubirataonline.com.br\/segunda-etapa-da-campanha-de-vacinacao-contra-o-sarampo-continua-em-ubirata\/","name":"Segunda Etapa da Campanha de Vacina\u00e7\u00e3o Contra o Sarampo continua em Ubirat\u00e3 - Ubirat\u00e3 Online Not\u00edcias - A realidade ao seu alcance!","isPartOf":{"@id":"https:\/\/ubirataonline.com.br\/#website"},"datePublished":"2019-11-21T11:10:00+00:00","description":"Considerando que o surto de sarampo ainda se encontra em atividade, com a confirma\u00e7\u00e3o de 9.304 casos e 13 \u00f3bitos pela doen\u00e7a no pa\u00eds e que no Paran\u00e1","breadcrumb":{"@id":"https:\/\/ubirataonline.com.br\/segunda-etapa-da-campanha-de-vacinacao-contra-o-sarampo-continua-em-ubirata\/#breadcrumb"},"inLanguage":"en-US","potentialAction":[{"@type":"ReadAction","target":["https:\/\/ubirataonline.com.br\/segunda-etapa-da-campanha-de-vacinacao-contra-o-sarampo-continua-em-ubirata\/"]}]},{"@type":"BreadcrumbList","@id":"https:\/\/ubirataonline.com.br\/segunda-etapa-da-campanha-de-vacinacao-contra-o-sarampo-continua-em-ubirata\/#breadcrumb","itemListElement":[{"@type":"ListItem","position":1,"name":"In\u00edcio","item":"https:\/\/ubirataonline.com.br\/"},{"@type":"ListItem","position":2,"name":"Segunda Etapa da Campanha de Vacina\u00e7\u00e3o Contra o Sarampo continua em Ubirat\u00e3"}]},{"@type":"WebSite","@id":"https:\/\/ubirataonline.com.br\/#website","url":"https:\/\/ubirataonline.com.br\/","name":"Ubirat\u00e3 Online Not\u00edcias","description":"Not\u00edcias de Ubirat\u00e3, regi\u00e3o, Brasil e mundo, com informa\u00e7\u00e3o atualizada e compromisso com o leitor.","publisher":{"@id":"https:\/\/ubirataonline.com.br\/#organization"},"alternateName":"Ubirat\u00e3 Online","potentialAction":[{"@type":"SearchAction","target":{"@type":"EntryPoint","urlTemplate":"https:\/\/ubirataonline.com.br\/?s={search_term_string}"},"query-input":{"@type":"PropertyValueSpecification","valueRequired":true,"valueName":"search_term_string"}}],"inLanguage":"en-US"},{"@type":["Organization","Place"],"@id":"https:\/\/ubirataonline.com.br\/#organization","name":"Ubirat\u00e3 Online Not\u00edcias","alternateName":"Ubirat\u00e3 Online","url":"https:\/\/ubirataonline.com.br\/","logo":{"@id":"https:\/\/ubirataonline.com.br\/segunda-etapa-da-campanha-de-vacinacao-contra-o-sarampo-continua-em-ubirata\/#local-main-organization-logo"},"image":{"@id":"https:\/\/ubirataonline.com.br\/segunda-etapa-da-campanha-de-vacinacao-contra-o-sarampo-continua-em-ubirata\/#local-main-organization-logo"},"sameAs":["https:\/\/www.facebook.com\/portalubirataonline","https:\/\/x.com\/ubirataonline","https:\/\/mastodon.social\/@ubirataonline","https:\/\/www.facebook.com\/groups\/311144672285604","https:\/\/www.facebook.com\/UBTAOnline","https:\/\/www.instagram.com\/portalubirataonline\/","https:\/\/twitter.com\/ubirataonline"],"description":"Somos um portal de not\u00edcias independente, criado em 5 de janeiro de 2009, com o objetivo de informar, conectar e valorizar a nossa comunidade de Ubirat\u00e3 e toda aregi\u00e3o. Com conte\u00fado atualizado, confi\u00e1vel e relevante, o Ubirat\u00e3 Online \u00e9 o seu espa\u00e7o para ficar por dentro dos principais acontecimentos locais, regionais, Brasil, Mundo e de interesse geral. Nosso compromisso \u00e9 com a verdade, a transpar\u00eancia e o respeito ao leitor.","legalName":"UBIRATA ONLINE NOT\u00cdCIAS","foundingDate":"2009-01-05","numberOfEmployees":{"@type":"QuantitativeValue","minValue":"1","maxValue":"10"},"publishingPrinciples":"https:\/\/ubirataonline.com.br\/faq\/","address":{"@id":"https:\/\/ubirataonline.com.br\/segunda-etapa-da-campanha-de-vacinacao-contra-o-sarampo-continua-em-ubirata\/#local-main-place-address"},"geo":{"@type":"GeoCoordinates","latitude":"-24.5361401","longitude":"-52.9921776"},"telephone":["+5544998308235"],"contactPoint":{"@type":"ContactPoint","email":"contato@ubirataonline.com.br"},"openingHoursSpecification":{"@type":"OpeningHoursSpecification","dayOfWeek":["Monday","Tuesday","Wednesday","Thursday","Friday","Saturday","Sunday"],"opens":"00:00","closes":"23:59"},"email":"contato@ubirataonline.com.br","vatID":"47.621.418\/0001-80"},{"@type":"Person","@id":"https:\/\/ubirataonline.com.br\/#\/schema\/person\/372f87bbd3fdd79b8556b84c98d0bc1c","name":"REDA\u00c7\u00c3O: UBIRAT\u00c3 ONLINE - F\u00c1BIO AUGUSTO CELESTINO","pronouns":"Ele","description":"Desde 2003 trabalhando com not\u00edcias.","sameAs":["http:\/\/ubirataoline.com.br","https:\/\/www.facebook.com\/portalubirataonline","https:\/\/www.instagram.com\/ubirataonline_oficial","https:\/\/x.com\/x.com\/ubirataonline"],"honorificPrefix":"Mr.","honorificSuffix":"MD","birthDate":"1980-06-16","gender":"masculino","award":["V\u00e1rios pr\u00eamios de melhor portal da cidade"],"jobTitle":"Diretor","url":"https:\/\/ubirataonline.com.br\/en\/author\/ubirataonline\/"},{"@type":"PostalAddress","@id":"https:\/\/ubirataonline.com.br\/segunda-etapa-da-campanha-de-vacinacao-contra-o-sarampo-continua-em-ubirata\/#local-main-place-address","streetAddress":"Rua dos Coqueiros, 104 - Bairro Boa Vista, Rua dos Coqueiros, 104 Bairro Boa Vista","addressLocality":"UBIRATA","postalCode":"85440-000","addressRegion":"PR","addressCountry":"BR"},{"@type":"ImageObject","inLanguage":"en-US","@id":"https:\/\/ubirataonline.com.br\/segunda-etapa-da-campanha-de-vacinacao-contra-o-sarampo-continua-em-ubirata\/#local-main-organization-logo","url":"https:\/\/ubirataonline.com.br\/wp-content\/uploads\/2026\/06\/logoubirataonline-1.webp","contentUrl":"https:\/\/ubirataonline.com.br\/wp-content\/uploads\/2026\/06\/logoubirataonline-1.webp","width":500,"height":500,"caption":"Ubirat\u00e3 Online Not\u00edcias"}]},"geo.placename":"UBIRATA","geo.position":{"lat":"-24.5361401","long":"-52.9921776"},"geo.region":"Brazil"},"_links":{"self":[{"href":"https:\/\/ubirataonline.com.br\/en\/wp-json\/wp\/v2\/posts\/26878","targetHints":{"allow":["GET"]}}],"collection":[{"href":"https:\/\/ubirataonline.com.br\/en\/wp-json\/wp\/v2\/posts"}],"about":[{"href":"https:\/\/ubirataonline.com.br\/en\/wp-json\/wp\/v2\/types\/post"}],"author":[{"embeddable":true,"href":"https:\/\/ubirataonline.com.br\/en\/wp-json\/wp\/v2\/users\/1"}],"replies":[{"embeddable":true,"href":"https:\/\/ubirataonline.com.br\/en\/wp-json\/wp\/v2\/comments?post=26878"}],"version-history":[{"count":0,"href":"https:\/\/ubirataonline.com.br\/en\/wp-json\/wp\/v2\/posts\/26878\/revisions"}],"wp:attachment":[{"href":"https:\/\/ubirataonline.com.br\/en\/wp-json\/wp\/v2\/media?parent=26878"}],"wp:term":[{"taxonomy":"category","embeddable":true,"href":"https:\/\/ubirataonline.com.br\/en\/wp-json\/wp\/v2\/categories?post=26878"},{"taxonomy":"post_tag","embeddable":true,"href":"https:\/\/ubirataonline.com.br\/en\/wp-json\/wp\/v2\/tags?post=26878"}],"curies":[{"name":"wp","href":"https:\/\/api.w.org\/{rel}","templated":true}]}}