{"id":27102,"date":"2019-11-29T12:15:00","date_gmt":"2019-11-29T15:15:00","guid":{"rendered":"https:\/\/ubirataonline.com.br\/?p=27102"},"modified":"2019-11-29T09:05:42","modified_gmt":"2019-11-29T12:05:42","slug":"procon-pr-orienta-consumidores-sobre-as-promocoes-de-black-friday","status":"publish","type":"post","link":"https:\/\/ubirataonline.com.br\/en\/procon-pr-orienta-consumidores-sobre-as-promocoes-de-black-friday\/","title":{"rendered":"Procon-PR orienta consumidores sobre as promo\u00e7\u00f5es de Black Friday"},"content":{"rendered":"<p class=\"wp-block-paragraph\">\nMuita gente\n esperta o dia de A\u00e7\u00f5es de Gra\u00e7as comemorado nos Estados Unidos para \ncomprar alguns produtos espec\u00edficos. A cada ano a promo\u00e7\u00e3o, que ocorre \nna \u00faltima sexta-feira do m\u00eas de novembro, vem ganhando mais espa\u00e7o entre\n lojistas e consumidores tamb\u00e9m no Brasil.<br><br>\nMas, desde 2015, o Procon-PR (Departamento Estadual de Prote\u00e7\u00e3o e Defesa\n do Consumidor) registra reclama\u00e7\u00f5es por parte dos consumidores, ap\u00f3s a \nBlack Friday. &#8220;Em 2015 foram 50 reclama\u00e7\u00f5es. No ano seguinte, foram \nregistradas 72 reclama\u00e7\u00f5es e no ano passado, 65 consumidores fizeram uma\n reclama\u00e7\u00e3o formal ao Procon&#8221;, explica a diretora do Procon-PR, Cl\u00e1udia \nSilvano.<br><br>\nEla  fala ainda que, na maioria dos casos, a reclama\u00e7\u00e3o \u00e9 porque o prazo\n de entrega n\u00e3o foi cumprido por parte do fornecedor, ou o produto n\u00e3o \nfoi entregue. &#8220;O consumidor precisa sempre pesquisar sobre a loja em que\n est\u00e1 fazendo a compra. Black Friday mexe com as emo\u00e7\u00f5es de quem est\u00e1 \ncomprando, muitas vezes, um produto que estava sendo pesquisado h\u00e1 muito\n tempo. E nessas horas o desconto acaba falando mais alto&#8221;, afirma \nCl\u00e1udia.<br><br>\nPara o secret\u00e1rio da Justi\u00e7a, Trabalho e Direitos Humanos, Elias Gandour\n Thom\u00e9, o consumidor est\u00e1 ficando mais consciente na hora de comprar. \n&#8220;As pessoas j\u00e1 est\u00e3o mais cautelosas, pesquisando antes e fazendo \nescolhas mais acertadas. Mas, claro, caso haja algum problema, o \nProcon-PR e a plataforma consumidor.gov.br est\u00e3o a\u00ed para ajudar quem \nprecisa&#8221;, afirma o secret\u00e1rio.<br><br>\nPara registrar uma reclama\u00e7\u00e3o no consumidor.gov.br, basta entrar no site\n ou baixar o aplicativo, dispon\u00edvel para os sistemas IOS e Android. No \nProcon-PR, as reclama\u00e7\u00f5es podem ser feitas pelos telefones 0800-411-512 \nou (41) 3223-1512, ou por carta, com preenchimento do formul\u00e1rio \ndispon\u00edvel no site do Procon. H\u00e1 tamb\u00e9m a possibilidade de ser atendido \npessoalmente.\t\t\t\t\n\t\t\t\t\n\t\t\t\t\n\t\t\t\t\n\t\t\t\t\t\t\t\t\t\t\t\t\t\t\t\t\t\t\t\n\t\t\t\n\t\t\t\n\t\t\t\n\t\t\t\n\t\t\t\t\t\t<\/p>\n\n\n\n<p class=\"wp-block-paragraph\">\n\t\t\t\t<a href=\"https:\/\/catve.com\/portal\/noticia\/6\/271483\/aplicativo-ajuda-a-economizar-e-prevenir-fraudes-na-black-friday\" target=\"_blank\" rel=\"noreferrer noopener\"><strong>Veja tamb\u00e9m: Aplicativo ajuda a economizar e prevenir fraudes na Black Friday<\/strong><\/a><\/p>","protected":false},"excerpt":{"rendered":"<p>Muita gente esperta o dia de A\u00e7\u00f5es de Gra\u00e7as comemorado nos Estados Unidos para comprar alguns produtos espec\u00edficos. A cada ano a promo\u00e7\u00e3o, que ocorre na \u00faltima sexta-feira do m\u00eas de novembro, vem ganhando mais espa\u00e7o entre lojistas e consumidores tamb\u00e9m no Brasil. Mas, desde 2015, o Procon-PR (Departamento Estadual de Prote\u00e7\u00e3o e Defesa do [&hellip;]<\/p>\n","protected":false},"author":2,"featured_media":0,"comment_status":"closed","ping_status":"closed","sticky":false,"template":"","format":"standard","meta":{"googlesitekit_rrm_CAow2JLhCw:productID":"","_gspb_post_css":"","maa_idioma":"","maa_pais":"","footnotes":""},"categories":[10],"tags":[],"class_list":["post-27102","post","type-post","status-publish","format-standard","hentry","category-geral"],"blocksy_meta":[],"yoast_head":"<!-- This site is optimized with the Yoast SEO Premium plugin v27.6 (Yoast SEO v27.6) - https:\/\/yoast.com\/product\/yoast-seo-premium-wordpress\/ -->\n<title>Procon-PR orienta consumidores sobre as promo\u00e7\u00f5es de Black Friday - Ubirat\u00e3 Online Not\u00edcias - A realidade ao seu alcance!<\/title>\n<meta name=\"description\" content=\"Muita gente esperta o dia de A\u00e7\u00f5es de Gra\u00e7as comemorado nos Estados Unidos para comprar alguns produtos espec\u00edficos. A cada ano a promo\u00e7\u00e3o, que ocorre na\" \/>\n<meta name=\"robots\" content=\"index, follow, max-snippet:-1, max-image-preview:large, max-video-preview:-1\" \/>\n<link rel=\"canonical\" href=\"https:\/\/ubirataonline.com.br\/en\/procon-pr-orienta-consumidores-sobre-as-promocoes-de-black-friday\/\" \/>\n<meta property=\"og:locale\" content=\"en_US\" \/>\n<meta property=\"og:type\" content=\"article\" \/>\n<meta property=\"og:title\" content=\"Procon-PR orienta consumidores sobre as promo\u00e7\u00f5es de Black Friday\" \/>\n<meta property=\"og:description\" content=\"Muita gente esperta o dia de A\u00e7\u00f5es de Gra\u00e7as comemorado nos Estados Unidos para comprar alguns produtos espec\u00edficos. A cada ano a promo\u00e7\u00e3o, que ocorre na\" \/>\n<meta property=\"og:url\" content=\"https:\/\/ubirataonline.com.br\/en\/procon-pr-orienta-consumidores-sobre-as-promocoes-de-black-friday\/\" \/>\n<meta property=\"og:site_name\" content=\"Ubirat\u00e3 Online Not\u00edcias - A realidade ao seu alcance!\" \/>\n<meta property=\"article:publisher\" content=\"https:\/\/www.facebook.com\/portalubirataonline\" \/>\n<meta property=\"article:published_time\" content=\"2019-11-29T15:15:00+00:00\" \/>\n<meta property=\"og:image\" content=\"https:\/\/ubirataonline.com.br\/wp-content\/uploads\/2026\/05\/logo2026.webp\" \/>\n\t<meta property=\"og:image:width\" content=\"1531\" \/>\n\t<meta property=\"og:image:height\" content=\"418\" \/>\n\t<meta property=\"og:image:type\" content=\"image\/webp\" \/>\n<meta name=\"author\" content=\"Vampeta\" \/>\n<meta name=\"twitter:card\" content=\"summary_large_image\" \/>\n<meta name=\"twitter:creator\" content=\"@ubirataonline\" \/>\n<meta name=\"twitter:site\" content=\"@ubirataonline\" \/>\n<meta name=\"twitter:label1\" content=\"Written by\" \/>\n\t<meta name=\"twitter:data1\" content=\"Vampeta\" \/>\n\t<meta name=\"twitter:label2\" content=\"Est. reading time\" \/>\n\t<meta name=\"twitter:data2\" content=\"2 minutes\" \/>\n<script type=\"application\/ld+json\" class=\"yoast-schema-graph\">{\"@context\":\"https:\\\/\\\/schema.org\",\"@graph\":[{\"@type\":\"NewsArticle\",\"@id\":\"https:\\\/\\\/ubirataonline.com.br\\\/procon-pr-orienta-consumidores-sobre-as-promocoes-de-black-friday\\\/#article\",\"isPartOf\":{\"@id\":\"https:\\\/\\\/ubirataonline.com.br\\\/procon-pr-orienta-consumidores-sobre-as-promocoes-de-black-friday\\\/\"},\"author\":{\"name\":\"Vampeta\",\"@id\":\"https:\\\/\\\/ubirataonline.com.br\\\/#\\\/schema\\\/person\\\/09f7a474bd1834b50dea8d1c197e976f\"},\"headline\":\"Procon-PR orienta consumidores sobre as promo\u00e7\u00f5es de Black Friday\",\"datePublished\":\"2019-11-29T15:15:00+00:00\",\"mainEntityOfPage\":{\"@id\":\"https:\\\/\\\/ubirataonline.com.br\\\/procon-pr-orienta-consumidores-sobre-as-promocoes-de-black-friday\\\/\"},\"wordCount\":333,\"publisher\":{\"@id\":\"https:\\\/\\\/ubirataonline.com.br\\\/#organization\"},\"articleSection\":[\"Geral\"],\"inLanguage\":\"en-US\",\"copyrightYear\":\"2019\",\"copyrightHolder\":{\"@id\":\"https:\\\/\\\/ubirataonline.com.br\\\/en\\\/#organization\"}},{\"@type\":\"WebPage\",\"@id\":\"https:\\\/\\\/ubirataonline.com.br\\\/procon-pr-orienta-consumidores-sobre-as-promocoes-de-black-friday\\\/\",\"url\":\"https:\\\/\\\/ubirataonline.com.br\\\/procon-pr-orienta-consumidores-sobre-as-promocoes-de-black-friday\\\/\",\"name\":\"Procon-PR orienta consumidores sobre as promo\u00e7\u00f5es de Black Friday - Ubirat\u00e3 Online Not\u00edcias - A realidade ao seu alcance!\",\"isPartOf\":{\"@id\":\"https:\\\/\\\/ubirataonline.com.br\\\/#website\"},\"datePublished\":\"2019-11-29T15:15:00+00:00\",\"description\":\"Muita gente esperta o dia de A\u00e7\u00f5es de Gra\u00e7as comemorado nos Estados Unidos para comprar alguns produtos espec\u00edficos. A cada ano a promo\u00e7\u00e3o, que ocorre na\",\"breadcrumb\":{\"@id\":\"https:\\\/\\\/ubirataonline.com.br\\\/procon-pr-orienta-consumidores-sobre-as-promocoes-de-black-friday\\\/#breadcrumb\"},\"inLanguage\":\"en-US\",\"potentialAction\":[{\"@type\":\"ReadAction\",\"target\":[\"https:\\\/\\\/ubirataonline.com.br\\\/procon-pr-orienta-consumidores-sobre-as-promocoes-de-black-friday\\\/\"]}]},{\"@type\":\"BreadcrumbList\",\"@id\":\"https:\\\/\\\/ubirataonline.com.br\\\/procon-pr-orienta-consumidores-sobre-as-promocoes-de-black-friday\\\/#breadcrumb\",\"itemListElement\":[{\"@type\":\"ListItem\",\"position\":1,\"name\":\"In\u00edcio\",\"item\":\"https:\\\/\\\/ubirataonline.com.br\\\/\"},{\"@type\":\"ListItem\",\"position\":2,\"name\":\"Procon-PR orienta consumidores sobre as promo\u00e7\u00f5es de Black Friday\"}]},{\"@type\":\"WebSite\",\"@id\":\"https:\\\/\\\/ubirataonline.com.br\\\/#website\",\"url\":\"https:\\\/\\\/ubirataonline.com.br\\\/\",\"name\":\"Ubirat\u00e3 Online Not\u00edcias\",\"description\":\"Not\u00edcias de Ubirat\u00e3, regi\u00e3o, Brasil e mundo, com informa\u00e7\u00e3o atualizada e compromisso com o leitor.\",\"publisher\":{\"@id\":\"https:\\\/\\\/ubirataonline.com.br\\\/#organization\"},\"alternateName\":\"Ubirat\u00e3 Online\",\"potentialAction\":[{\"@type\":\"SearchAction\",\"target\":{\"@type\":\"EntryPoint\",\"urlTemplate\":\"https:\\\/\\\/ubirataonline.com.br\\\/?s={search_term_string}\"},\"query-input\":{\"@type\":\"PropertyValueSpecification\",\"valueRequired\":true,\"valueName\":\"search_term_string\"}}],\"inLanguage\":\"en-US\"},{\"@type\":[\"Organization\",\"Place\"],\"@id\":\"https:\\\/\\\/ubirataonline.com.br\\\/#organization\",\"name\":\"Ubirat\u00e3 Online Not\u00edcias\",\"alternateName\":\"Ubirat\u00e3 Online\",\"url\":\"https:\\\/\\\/ubirataonline.com.br\\\/\",\"logo\":{\"@id\":\"https:\\\/\\\/ubirataonline.com.br\\\/procon-pr-orienta-consumidores-sobre-as-promocoes-de-black-friday\\\/#local-main-organization-logo\"},\"image\":{\"@id\":\"https:\\\/\\\/ubirataonline.com.br\\\/procon-pr-orienta-consumidores-sobre-as-promocoes-de-black-friday\\\/#local-main-organization-logo\"},\"sameAs\":[\"https:\\\/\\\/www.facebook.com\\\/portalubirataonline\",\"https:\\\/\\\/x.com\\\/ubirataonline\",\"https:\\\/\\\/mastodon.social\\\/@ubirataonline\",\"https:\\\/\\\/www.facebook.com\\\/groups\\\/311144672285604\",\"https:\\\/\\\/www.facebook.com\\\/UBTAOnline\",\"https:\\\/\\\/www.instagram.com\\\/portalubirataonline\\\/\",\"https:\\\/\\\/twitter.com\\\/ubirataonline\"],\"description\":\"Somos um portal de not\u00edcias independente, criado em 5 de janeiro de 2009, com o objetivo de informar, conectar e valorizar a nossa comunidade de Ubirat\u00e3 e toda aregi\u00e3o. Com conte\u00fado atualizado, confi\u00e1vel e relevante, o Ubirat\u00e3 Online \u00e9 o seu espa\u00e7o para ficar por dentro dos principais acontecimentos locais, regionais, Brasil, Mundo e de interesse geral. Nosso compromisso \u00e9 com a verdade, a transpar\u00eancia e o respeito ao leitor.\",\"legalName\":\"UBIRATA ONLINE NOT\u00cdCIAS\",\"foundingDate\":\"2009-01-05\",\"numberOfEmployees\":{\"@type\":\"QuantitativeValue\",\"minValue\":\"1\",\"maxValue\":\"10\"},\"publishingPrinciples\":\"https:\\\/\\\/ubirataonline.com.br\\\/faq\\\/\",\"address\":{\"@id\":\"https:\\\/\\\/ubirataonline.com.br\\\/procon-pr-orienta-consumidores-sobre-as-promocoes-de-black-friday\\\/#local-main-place-address\"},\"geo\":{\"@type\":\"GeoCoordinates\",\"latitude\":\"-24.5361401\",\"longitude\":\"-52.9921776\"},\"telephone\":[\"+5544998308235\"],\"contactPoint\":{\"@type\":\"ContactPoint\",\"email\":\"contato@ubirataonline.com.br\"},\"openingHoursSpecification\":{\"@type\":\"OpeningHoursSpecification\",\"dayOfWeek\":[\"Monday\",\"Tuesday\",\"Wednesday\",\"Thursday\",\"Friday\",\"Saturday\",\"Sunday\"],\"opens\":\"00:00\",\"closes\":\"23:59\"},\"email\":\"contato@ubirataonline.com.br\",\"vatID\":\"47.621.418\\\/0001-80\"},{\"@type\":\"Person\",\"@id\":\"https:\\\/\\\/ubirataonline.com.br\\\/#\\\/schema\\\/person\\\/09f7a474bd1834b50dea8d1c197e976f\",\"name\":\"Vampeta\",\"sameAs\":[\"https:\\\/\\\/ubirataonline.com.br\"],\"url\":\"https:\\\/\\\/ubirataonline.com.br\\\/en\\\/author\\\/vampeta\\\/\"},{\"@type\":\"PostalAddress\",\"@id\":\"https:\\\/\\\/ubirataonline.com.br\\\/procon-pr-orienta-consumidores-sobre-as-promocoes-de-black-friday\\\/#local-main-place-address\",\"streetAddress\":\"Rua dos Coqueiros, 104 - Bairro Boa Vista, Rua dos Coqueiros, 104 Bairro Boa Vista\",\"addressLocality\":\"UBIRATA\",\"postalCode\":\"85440-000\",\"addressRegion\":\"PR\",\"addressCountry\":\"BR\"},{\"@type\":\"ImageObject\",\"inLanguage\":\"en-US\",\"@id\":\"https:\\\/\\\/ubirataonline.com.br\\\/procon-pr-orienta-consumidores-sobre-as-promocoes-de-black-friday\\\/#local-main-organization-logo\",\"url\":\"https:\\\/\\\/ubirataonline.com.br\\\/wp-content\\\/uploads\\\/2026\\\/06\\\/logoubirataonline-1.webp\",\"contentUrl\":\"https:\\\/\\\/ubirataonline.com.br\\\/wp-content\\\/uploads\\\/2026\\\/06\\\/logoubirataonline-1.webp\",\"width\":500,\"height\":500,\"caption\":\"Ubirat\u00e3 Online Not\u00edcias\"}]}<\/script>\n<meta name=\"geo.placename\" content=\"UBIRATA\" \/>\n<meta name=\"geo.position\" content=\"-24.5361401;-52.9921776\" \/>\n<meta name=\"geo.region\" content=\"Brazil\" \/>\n<!-- \/ Yoast SEO Premium plugin. -->","yoast_head_json":{"title":"Procon-PR orienta consumidores sobre as promo\u00e7\u00f5es de Black Friday - Ubirat\u00e3 Online Not\u00edcias - A realidade ao seu alcance!","description":"Muita gente esperta o dia de A\u00e7\u00f5es de Gra\u00e7as comemorado nos Estados Unidos para comprar alguns produtos espec\u00edficos. A cada ano a promo\u00e7\u00e3o, que ocorre na","robots":{"index":"index","follow":"follow","max-snippet":"max-snippet:-1","max-image-preview":"max-image-preview:large","max-video-preview":"max-video-preview:-1"},"canonical":"https:\/\/ubirataonline.com.br\/en\/procon-pr-orienta-consumidores-sobre-as-promocoes-de-black-friday\/","og_locale":"en_US","og_type":"article","og_title":"Procon-PR orienta consumidores sobre as promo\u00e7\u00f5es de Black Friday","og_description":"Muita gente esperta o dia de A\u00e7\u00f5es de Gra\u00e7as comemorado nos Estados Unidos para comprar alguns produtos espec\u00edficos. A cada ano a promo\u00e7\u00e3o, que ocorre na","og_url":"https:\/\/ubirataonline.com.br\/en\/procon-pr-orienta-consumidores-sobre-as-promocoes-de-black-friday\/","og_site_name":"Ubirat\u00e3 Online Not\u00edcias - A realidade ao seu alcance!","article_publisher":"https:\/\/www.facebook.com\/portalubirataonline","article_published_time":"2019-11-29T15:15:00+00:00","og_image":[{"width":1531,"height":418,"url":"https:\/\/ubirataonline.com.br\/wp-content\/uploads\/2026\/05\/logo2026.webp","type":"image\/webp"}],"author":"Vampeta","twitter_card":"summary_large_image","twitter_creator":"@ubirataonline","twitter_site":"@ubirataonline","twitter_misc":{"Written by":"Vampeta","Est. reading time":"2 minutes"},"schema":{"@context":"https:\/\/schema.org","@graph":[{"@type":"NewsArticle","@id":"https:\/\/ubirataonline.com.br\/procon-pr-orienta-consumidores-sobre-as-promocoes-de-black-friday\/#article","isPartOf":{"@id":"https:\/\/ubirataonline.com.br\/procon-pr-orienta-consumidores-sobre-as-promocoes-de-black-friday\/"},"author":{"name":"Vampeta","@id":"https:\/\/ubirataonline.com.br\/#\/schema\/person\/09f7a474bd1834b50dea8d1c197e976f"},"headline":"Procon-PR orienta consumidores sobre as promo\u00e7\u00f5es de Black Friday","datePublished":"2019-11-29T15:15:00+00:00","mainEntityOfPage":{"@id":"https:\/\/ubirataonline.com.br\/procon-pr-orienta-consumidores-sobre-as-promocoes-de-black-friday\/"},"wordCount":333,"publisher":{"@id":"https:\/\/ubirataonline.com.br\/#organization"},"articleSection":["Geral"],"inLanguage":"en-US","copyrightYear":"2019","copyrightHolder":{"@id":"https:\/\/ubirataonline.com.br\/en\/#organization"}},{"@type":"WebPage","@id":"https:\/\/ubirataonline.com.br\/procon-pr-orienta-consumidores-sobre-as-promocoes-de-black-friday\/","url":"https:\/\/ubirataonline.com.br\/procon-pr-orienta-consumidores-sobre-as-promocoes-de-black-friday\/","name":"Procon-PR orienta consumidores sobre as promo\u00e7\u00f5es de Black Friday - Ubirat\u00e3 Online Not\u00edcias - A realidade ao seu alcance!","isPartOf":{"@id":"https:\/\/ubirataonline.com.br\/#website"},"datePublished":"2019-11-29T15:15:00+00:00","description":"Muita gente esperta o dia de A\u00e7\u00f5es de Gra\u00e7as comemorado nos Estados Unidos para comprar alguns produtos espec\u00edficos. A cada ano a promo\u00e7\u00e3o, que ocorre na","breadcrumb":{"@id":"https:\/\/ubirataonline.com.br\/procon-pr-orienta-consumidores-sobre-as-promocoes-de-black-friday\/#breadcrumb"},"inLanguage":"en-US","potentialAction":[{"@type":"ReadAction","target":["https:\/\/ubirataonline.com.br\/procon-pr-orienta-consumidores-sobre-as-promocoes-de-black-friday\/"]}]},{"@type":"BreadcrumbList","@id":"https:\/\/ubirataonline.com.br\/procon-pr-orienta-consumidores-sobre-as-promocoes-de-black-friday\/#breadcrumb","itemListElement":[{"@type":"ListItem","position":1,"name":"In\u00edcio","item":"https:\/\/ubirataonline.com.br\/"},{"@type":"ListItem","position":2,"name":"Procon-PR orienta consumidores sobre as promo\u00e7\u00f5es de Black Friday"}]},{"@type":"WebSite","@id":"https:\/\/ubirataonline.com.br\/#website","url":"https:\/\/ubirataonline.com.br\/","name":"Ubirat\u00e3 Online Not\u00edcias","description":"Not\u00edcias de Ubirat\u00e3, regi\u00e3o, Brasil e mundo, com informa\u00e7\u00e3o atualizada e compromisso com o leitor.","publisher":{"@id":"https:\/\/ubirataonline.com.br\/#organization"},"alternateName":"Ubirat\u00e3 Online","potentialAction":[{"@type":"SearchAction","target":{"@type":"EntryPoint","urlTemplate":"https:\/\/ubirataonline.com.br\/?s={search_term_string}"},"query-input":{"@type":"PropertyValueSpecification","valueRequired":true,"valueName":"search_term_string"}}],"inLanguage":"en-US"},{"@type":["Organization","Place"],"@id":"https:\/\/ubirataonline.com.br\/#organization","name":"Ubirat\u00e3 Online Not\u00edcias","alternateName":"Ubirat\u00e3 Online","url":"https:\/\/ubirataonline.com.br\/","logo":{"@id":"https:\/\/ubirataonline.com.br\/procon-pr-orienta-consumidores-sobre-as-promocoes-de-black-friday\/#local-main-organization-logo"},"image":{"@id":"https:\/\/ubirataonline.com.br\/procon-pr-orienta-consumidores-sobre-as-promocoes-de-black-friday\/#local-main-organization-logo"},"sameAs":["https:\/\/www.facebook.com\/portalubirataonline","https:\/\/x.com\/ubirataonline","https:\/\/mastodon.social\/@ubirataonline","https:\/\/www.facebook.com\/groups\/311144672285604","https:\/\/www.facebook.com\/UBTAOnline","https:\/\/www.instagram.com\/portalubirataonline\/","https:\/\/twitter.com\/ubirataonline"],"description":"Somos um portal de not\u00edcias independente, criado em 5 de janeiro de 2009, com o objetivo de informar, conectar e valorizar a nossa comunidade de Ubirat\u00e3 e toda aregi\u00e3o. Com conte\u00fado atualizado, confi\u00e1vel e relevante, o Ubirat\u00e3 Online \u00e9 o seu espa\u00e7o para ficar por dentro dos principais acontecimentos locais, regionais, Brasil, Mundo e de interesse geral. Nosso compromisso \u00e9 com a verdade, a transpar\u00eancia e o respeito ao leitor.","legalName":"UBIRATA ONLINE NOT\u00cdCIAS","foundingDate":"2009-01-05","numberOfEmployees":{"@type":"QuantitativeValue","minValue":"1","maxValue":"10"},"publishingPrinciples":"https:\/\/ubirataonline.com.br\/faq\/","address":{"@id":"https:\/\/ubirataonline.com.br\/procon-pr-orienta-consumidores-sobre-as-promocoes-de-black-friday\/#local-main-place-address"},"geo":{"@type":"GeoCoordinates","latitude":"-24.5361401","longitude":"-52.9921776"},"telephone":["+5544998308235"],"contactPoint":{"@type":"ContactPoint","email":"contato@ubirataonline.com.br"},"openingHoursSpecification":{"@type":"OpeningHoursSpecification","dayOfWeek":["Monday","Tuesday","Wednesday","Thursday","Friday","Saturday","Sunday"],"opens":"00:00","closes":"23:59"},"email":"contato@ubirataonline.com.br","vatID":"47.621.418\/0001-80"},{"@type":"Person","@id":"https:\/\/ubirataonline.com.br\/#\/schema\/person\/09f7a474bd1834b50dea8d1c197e976f","name":"Vampeta","sameAs":["https:\/\/ubirataonline.com.br"],"url":"https:\/\/ubirataonline.com.br\/en\/author\/vampeta\/"},{"@type":"PostalAddress","@id":"https:\/\/ubirataonline.com.br\/procon-pr-orienta-consumidores-sobre-as-promocoes-de-black-friday\/#local-main-place-address","streetAddress":"Rua dos Coqueiros, 104 - Bairro Boa Vista, Rua dos Coqueiros, 104 Bairro Boa Vista","addressLocality":"UBIRATA","postalCode":"85440-000","addressRegion":"PR","addressCountry":"BR"},{"@type":"ImageObject","inLanguage":"en-US","@id":"https:\/\/ubirataonline.com.br\/procon-pr-orienta-consumidores-sobre-as-promocoes-de-black-friday\/#local-main-organization-logo","url":"https:\/\/ubirataonline.com.br\/wp-content\/uploads\/2026\/06\/logoubirataonline-1.webp","contentUrl":"https:\/\/ubirataonline.com.br\/wp-content\/uploads\/2026\/06\/logoubirataonline-1.webp","width":500,"height":500,"caption":"Ubirat\u00e3 Online Not\u00edcias"}]},"geo.placename":"UBIRATA","geo.position":{"lat":"-24.5361401","long":"-52.9921776"},"geo.region":"Brazil"},"_links":{"self":[{"href":"https:\/\/ubirataonline.com.br\/en\/wp-json\/wp\/v2\/posts\/27102","targetHints":{"allow":["GET"]}}],"collection":[{"href":"https:\/\/ubirataonline.com.br\/en\/wp-json\/wp\/v2\/posts"}],"about":[{"href":"https:\/\/ubirataonline.com.br\/en\/wp-json\/wp\/v2\/types\/post"}],"author":[{"embeddable":true,"href":"https:\/\/ubirataonline.com.br\/en\/wp-json\/wp\/v2\/users\/2"}],"replies":[{"embeddable":true,"href":"https:\/\/ubirataonline.com.br\/en\/wp-json\/wp\/v2\/comments?post=27102"}],"version-history":[{"count":0,"href":"https:\/\/ubirataonline.com.br\/en\/wp-json\/wp\/v2\/posts\/27102\/revisions"}],"wp:attachment":[{"href":"https:\/\/ubirataonline.com.br\/en\/wp-json\/wp\/v2\/media?parent=27102"}],"wp:term":[{"taxonomy":"category","embeddable":true,"href":"https:\/\/ubirataonline.com.br\/en\/wp-json\/wp\/v2\/categories?post=27102"},{"taxonomy":"post_tag","embeddable":true,"href":"https:\/\/ubirataonline.com.br\/en\/wp-json\/wp\/v2\/tags?post=27102"}],"curies":[{"name":"wp","href":"https:\/\/api.w.org\/{rel}","templated":true}]}}