{"id":27106,"date":"2019-11-29T12:35:00","date_gmt":"2019-11-29T15:35:00","guid":{"rendered":"https:\/\/ubirataonline.com.br\/?p=27106"},"modified":"2019-11-29T09:07:45","modified_gmt":"2019-11-29T12:07:45","slug":"50-novos-casos-de-sarampo-foram-confirmados-na-ultima-semana","status":"publish","type":"post","link":"https:\/\/ubirataonline.com.br\/en\/50-novos-casos-de-sarampo-foram-confirmados-na-ultima-semana\/","title":{"rendered":"50 novos casos de sarampo foram confirmados na \u00faltima semana"},"content":{"rendered":"<p class=\"wp-block-paragraph\">\nN\u00famero de pessoas que tiveram ou est\u00e3o com sarampo subiu para 479, dados s\u00e3o do boletim epidemiol\u00f3gico desta quinta-feira (28).<br><br>\nA Secretaria de Estado da Sa\u00fade (Sesa) emitiu um novo boletim \nepidemiol\u00f3gico com dados do sarampo no Paran\u00e1. At\u00e9 o dia 27 de novembro a\n secretaria estadual tem registro de 479 de pessoas que tiveram sarampo \nou est\u00e3o com a doen\u00e7a atualmente. A maior concentra\u00e7\u00e3o de pessoas \ninfectadas \u00e9 em Curitiba, com 306 casos e na regi\u00e3o metropolitana \nsoma-se mais 129.<br><br>\nMUNIC\u00cdPIOS<br>\nCuritiba est\u00e1 com 306 registros de sarampo. Nos demais munic\u00edpios da \nregi\u00e3o metropolitana h\u00e1 ocorr\u00eancias em: 10 em Almirante Tamandar\u00e9; 3 em \nArauc\u00e1ria; 2 em Balsa Nova; 2 em Campina Grande do Sul; 3 em Campo do \nTenente; 12 em Campo Largo; 1 em Campo Magro; 32 em Colombo; 3 em \nFazenda Rio Grande; 1 em Itaperu\u00e7u, 1 na Lapa; 1 em Mandirituba; 21 em \nPinhais; 13 em Piraquara; 1 em Quatro Barras; 6 em Rio Branco do Sul; 17\n em S\u00e3o Jos\u00e9 dos Pinhais. No interior do estado as confirma\u00e7\u00f5es foram: 2\n em Castro; 1 em Ponta Grossa; 3 em Irati; 1 em Cruz Machado; 1 em \nGeneral Carneiro; 3 Paulo Freitas; 8 em Uni\u00e3o da Vit\u00f3ria; 3 em Maring\u00e1; 8\n em Londrina; 1 em Rol\u00e2ndia; 6 em Carl\u00f3polis; 5 em Jacarezinho; 1 em \nToledo; e no litoral paranaense a cidade de Matinhos confirmou 1 caso \nesta semana.<br>\nOs munic\u00edpios que confirmaram casos de sarampo na \u00faltima semana s\u00e3o: Matinhos, Campo Magro e Cruz Machado.<br><br>\nVACINA\u00c7\u00c3O<br>\nNo s\u00e1bado (30) ser\u00e1 realizado o Dia D de vacina\u00e7\u00e3o contra o sarampo. \nNeste dia as unidades de sa\u00fade estar\u00e3o abertas para que mais pessoas \npossam receber as doses. O p\u00fablico alvo da etapa \u00e9 de jovens entre 20 e \n29 anos, que s\u00e3o a maioria das pessoas que estiveram ou est\u00e3o com a \ndoen\u00e7a. &#8220;O sarampo \u00e9 bastante perigoso e potencialmente evit\u00e1vel. A \nvacina \u00e9 a forma de prevenir e \u00e9 gratuita. V\u00e1 no s\u00e1bado at\u00e9 a unidade de\n sa\u00fade e se vacine, isso beneficia toda a popula\u00e7\u00e3o&#8221;, frisou o \nsecret\u00e1rio estadual, Beto Preto.\t\t\t\t\n\t\t\t\t\n\t\t\t\t\n\t\t\t\t\n\t\t\t\t\t\t\t\t\t\t\t\t\t\t\t\t\t\t\t\n\t\t\t\n\t\t\t\n\t\t\t\n\t\t\t\n\t\t\t\t\t\t\t\t\t<\/p>\n\n\n\n<p class=\"wp-block-paragraph\">\n\t\t\t\t<strong>Assessoria<\/strong>\n\t\t\t<\/p>","protected":false},"excerpt":{"rendered":"<p>N\u00famero de pessoas que tiveram ou est\u00e3o com sarampo subiu para 479, dados s\u00e3o do boletim epidemiol\u00f3gico desta quinta-feira (28). A Secretaria de Estado da Sa\u00fade (Sesa) emitiu um novo boletim epidemiol\u00f3gico com dados do sarampo no Paran\u00e1. At\u00e9 o dia 27 de novembro a secretaria estadual tem registro de 479 de pessoas que tiveram [&hellip;]<\/p>\n","protected":false},"author":2,"featured_media":0,"comment_status":"closed","ping_status":"closed","sticky":false,"template":"","format":"standard","meta":{"googlesitekit_rrm_CAow2JLhCw:productID":"","_gspb_post_css":"","maa_idioma":"","maa_pais":"","footnotes":""},"categories":[30],"tags":[],"class_list":["post-27106","post","type-post","status-publish","format-standard","hentry","category-saude"],"blocksy_meta":[],"yoast_head":"<!-- This site is optimized with the Yoast SEO Premium plugin v27.6 (Yoast SEO v27.6) - https:\/\/yoast.com\/product\/yoast-seo-premium-wordpress\/ -->\n<title>50 novos casos de sarampo foram confirmados na \u00faltima semana - Ubirat\u00e3 Online Not\u00edcias - A realidade ao seu alcance!<\/title>\n<meta name=\"description\" content=\"N\u00famero de pessoas que tiveram ou est\u00e3o com sarampo subiu para 479, dados s\u00e3o do boletim epidemiol\u00f3gico desta quinta-feira (28). A Secretaria de Estado da\" \/>\n<meta name=\"robots\" content=\"index, follow, max-snippet:-1, max-image-preview:large, max-video-preview:-1\" \/>\n<link rel=\"canonical\" href=\"https:\/\/ubirataonline.com.br\/en\/50-novos-casos-de-sarampo-foram-confirmados-na-ultima-semana\/\" \/>\n<meta property=\"og:locale\" content=\"en_US\" \/>\n<meta property=\"og:type\" content=\"article\" \/>\n<meta property=\"og:title\" content=\"50 novos casos de sarampo foram confirmados na \u00faltima semana\" \/>\n<meta property=\"og:description\" content=\"N\u00famero de pessoas que tiveram ou est\u00e3o com sarampo subiu para 479, dados s\u00e3o do boletim epidemiol\u00f3gico desta quinta-feira (28). A Secretaria de Estado da\" \/>\n<meta property=\"og:url\" content=\"https:\/\/ubirataonline.com.br\/en\/50-novos-casos-de-sarampo-foram-confirmados-na-ultima-semana\/\" \/>\n<meta property=\"og:site_name\" content=\"Ubirat\u00e3 Online Not\u00edcias - A realidade ao seu alcance!\" \/>\n<meta property=\"article:publisher\" content=\"https:\/\/www.facebook.com\/portalubirataonline\" \/>\n<meta property=\"article:published_time\" content=\"2019-11-29T15:35:00+00:00\" \/>\n<meta property=\"og:image\" content=\"https:\/\/ubirataonline.com.br\/wp-content\/uploads\/2026\/05\/logo2026.webp\" \/>\n\t<meta property=\"og:image:width\" content=\"1531\" \/>\n\t<meta property=\"og:image:height\" content=\"418\" \/>\n\t<meta property=\"og:image:type\" content=\"image\/webp\" \/>\n<meta name=\"author\" content=\"Vampeta\" \/>\n<meta name=\"twitter:card\" content=\"summary_large_image\" \/>\n<meta name=\"twitter:creator\" content=\"@ubirataonline\" \/>\n<meta name=\"twitter:site\" content=\"@ubirataonline\" \/>\n<meta name=\"twitter:label1\" content=\"Written by\" \/>\n\t<meta name=\"twitter:data1\" content=\"Vampeta\" \/>\n\t<meta name=\"twitter:label2\" content=\"Est. reading time\" \/>\n\t<meta name=\"twitter:data2\" content=\"2 minutes\" \/>\n<script type=\"application\/ld+json\" class=\"yoast-schema-graph\">{\"@context\":\"https:\\\/\\\/schema.org\",\"@graph\":[{\"@type\":\"NewsArticle\",\"@id\":\"https:\\\/\\\/ubirataonline.com.br\\\/50-novos-casos-de-sarampo-foram-confirmados-na-ultima-semana\\\/#article\",\"isPartOf\":{\"@id\":\"https:\\\/\\\/ubirataonline.com.br\\\/50-novos-casos-de-sarampo-foram-confirmados-na-ultima-semana\\\/\"},\"author\":{\"name\":\"Vampeta\",\"@id\":\"https:\\\/\\\/ubirataonline.com.br\\\/#\\\/schema\\\/person\\\/09f7a474bd1834b50dea8d1c197e976f\"},\"headline\":\"50 novos casos de sarampo foram confirmados na \u00faltima semana\",\"datePublished\":\"2019-11-29T15:35:00+00:00\",\"mainEntityOfPage\":{\"@id\":\"https:\\\/\\\/ubirataonline.com.br\\\/50-novos-casos-de-sarampo-foram-confirmados-na-ultima-semana\\\/\"},\"wordCount\":346,\"publisher\":{\"@id\":\"https:\\\/\\\/ubirataonline.com.br\\\/#organization\"},\"articleSection\":[\"Sa\u00fade\"],\"inLanguage\":\"en-US\",\"copyrightYear\":\"2019\",\"copyrightHolder\":{\"@id\":\"https:\\\/\\\/ubirataonline.com.br\\\/en\\\/#organization\"}},{\"@type\":\"WebPage\",\"@id\":\"https:\\\/\\\/ubirataonline.com.br\\\/50-novos-casos-de-sarampo-foram-confirmados-na-ultima-semana\\\/\",\"url\":\"https:\\\/\\\/ubirataonline.com.br\\\/50-novos-casos-de-sarampo-foram-confirmados-na-ultima-semana\\\/\",\"name\":\"50 novos casos de sarampo foram confirmados na \u00faltima semana - Ubirat\u00e3 Online Not\u00edcias - A realidade ao seu alcance!\",\"isPartOf\":{\"@id\":\"https:\\\/\\\/ubirataonline.com.br\\\/#website\"},\"datePublished\":\"2019-11-29T15:35:00+00:00\",\"description\":\"N\u00famero de pessoas que tiveram ou est\u00e3o com sarampo subiu para 479, dados s\u00e3o do boletim epidemiol\u00f3gico desta quinta-feira (28). A Secretaria de Estado da\",\"breadcrumb\":{\"@id\":\"https:\\\/\\\/ubirataonline.com.br\\\/50-novos-casos-de-sarampo-foram-confirmados-na-ultima-semana\\\/#breadcrumb\"},\"inLanguage\":\"en-US\",\"potentialAction\":[{\"@type\":\"ReadAction\",\"target\":[\"https:\\\/\\\/ubirataonline.com.br\\\/50-novos-casos-de-sarampo-foram-confirmados-na-ultima-semana\\\/\"]}]},{\"@type\":\"BreadcrumbList\",\"@id\":\"https:\\\/\\\/ubirataonline.com.br\\\/50-novos-casos-de-sarampo-foram-confirmados-na-ultima-semana\\\/#breadcrumb\",\"itemListElement\":[{\"@type\":\"ListItem\",\"position\":1,\"name\":\"In\u00edcio\",\"item\":\"https:\\\/\\\/ubirataonline.com.br\\\/\"},{\"@type\":\"ListItem\",\"position\":2,\"name\":\"50 novos casos de sarampo foram confirmados na \u00faltima semana\"}]},{\"@type\":\"WebSite\",\"@id\":\"https:\\\/\\\/ubirataonline.com.br\\\/#website\",\"url\":\"https:\\\/\\\/ubirataonline.com.br\\\/\",\"name\":\"Ubirat\u00e3 Online Not\u00edcias\",\"description\":\"Not\u00edcias de Ubirat\u00e3, regi\u00e3o, Brasil e mundo, com informa\u00e7\u00e3o atualizada e compromisso com o leitor.\",\"publisher\":{\"@id\":\"https:\\\/\\\/ubirataonline.com.br\\\/#organization\"},\"alternateName\":\"Ubirat\u00e3 Online\",\"potentialAction\":[{\"@type\":\"SearchAction\",\"target\":{\"@type\":\"EntryPoint\",\"urlTemplate\":\"https:\\\/\\\/ubirataonline.com.br\\\/?s={search_term_string}\"},\"query-input\":{\"@type\":\"PropertyValueSpecification\",\"valueRequired\":true,\"valueName\":\"search_term_string\"}}],\"inLanguage\":\"en-US\"},{\"@type\":[\"Organization\",\"Place\"],\"@id\":\"https:\\\/\\\/ubirataonline.com.br\\\/#organization\",\"name\":\"Ubirat\u00e3 Online Not\u00edcias\",\"alternateName\":\"Ubirat\u00e3 Online\",\"url\":\"https:\\\/\\\/ubirataonline.com.br\\\/\",\"logo\":{\"@id\":\"https:\\\/\\\/ubirataonline.com.br\\\/50-novos-casos-de-sarampo-foram-confirmados-na-ultima-semana\\\/#local-main-organization-logo\"},\"image\":{\"@id\":\"https:\\\/\\\/ubirataonline.com.br\\\/50-novos-casos-de-sarampo-foram-confirmados-na-ultima-semana\\\/#local-main-organization-logo\"},\"sameAs\":[\"https:\\\/\\\/www.facebook.com\\\/portalubirataonline\",\"https:\\\/\\\/x.com\\\/ubirataonline\",\"https:\\\/\\\/mastodon.social\\\/@ubirataonline\",\"https:\\\/\\\/www.facebook.com\\\/groups\\\/311144672285604\",\"https:\\\/\\\/www.facebook.com\\\/UBTAOnline\",\"https:\\\/\\\/www.instagram.com\\\/portalubirataonline\\\/\",\"https:\\\/\\\/twitter.com\\\/ubirataonline\"],\"description\":\"Somos um portal de not\u00edcias independente, criado em 5 de janeiro de 2009, com o objetivo de informar, conectar e valorizar a nossa comunidade de Ubirat\u00e3 e toda aregi\u00e3o. Com conte\u00fado atualizado, confi\u00e1vel e relevante, o Ubirat\u00e3 Online \u00e9 o seu espa\u00e7o para ficar por dentro dos principais acontecimentos locais, regionais, Brasil, Mundo e de interesse geral. Nosso compromisso \u00e9 com a verdade, a transpar\u00eancia e o respeito ao leitor.\",\"legalName\":\"UBIRATA ONLINE NOT\u00cdCIAS\",\"foundingDate\":\"2009-01-05\",\"numberOfEmployees\":{\"@type\":\"QuantitativeValue\",\"minValue\":\"1\",\"maxValue\":\"10\"},\"publishingPrinciples\":\"https:\\\/\\\/ubirataonline.com.br\\\/faq\\\/\",\"address\":{\"@id\":\"https:\\\/\\\/ubirataonline.com.br\\\/50-novos-casos-de-sarampo-foram-confirmados-na-ultima-semana\\\/#local-main-place-address\"},\"geo\":{\"@type\":\"GeoCoordinates\",\"latitude\":\"-24.5361401\",\"longitude\":\"-52.9921776\"},\"telephone\":[\"+5544998308235\"],\"contactPoint\":{\"@type\":\"ContactPoint\",\"email\":\"contato@ubirataonline.com.br\"},\"openingHoursSpecification\":{\"@type\":\"OpeningHoursSpecification\",\"dayOfWeek\":[\"Monday\",\"Tuesday\",\"Wednesday\",\"Thursday\",\"Friday\",\"Saturday\",\"Sunday\"],\"opens\":\"00:00\",\"closes\":\"23:59\"},\"email\":\"contato@ubirataonline.com.br\",\"vatID\":\"47.621.418\\\/0001-80\"},{\"@type\":\"Person\",\"@id\":\"https:\\\/\\\/ubirataonline.com.br\\\/#\\\/schema\\\/person\\\/09f7a474bd1834b50dea8d1c197e976f\",\"name\":\"Vampeta\",\"sameAs\":[\"https:\\\/\\\/ubirataonline.com.br\"],\"url\":\"https:\\\/\\\/ubirataonline.com.br\\\/en\\\/author\\\/vampeta\\\/\"},{\"@type\":\"PostalAddress\",\"@id\":\"https:\\\/\\\/ubirataonline.com.br\\\/50-novos-casos-de-sarampo-foram-confirmados-na-ultima-semana\\\/#local-main-place-address\",\"streetAddress\":\"Rua dos Coqueiros, 104 - Bairro Boa Vista, Rua dos Coqueiros, 104 Bairro Boa Vista\",\"addressLocality\":\"UBIRATA\",\"postalCode\":\"85440-000\",\"addressRegion\":\"PR\",\"addressCountry\":\"BR\"},{\"@type\":\"ImageObject\",\"inLanguage\":\"en-US\",\"@id\":\"https:\\\/\\\/ubirataonline.com.br\\\/50-novos-casos-de-sarampo-foram-confirmados-na-ultima-semana\\\/#local-main-organization-logo\",\"url\":\"https:\\\/\\\/ubirataonline.com.br\\\/wp-content\\\/uploads\\\/2026\\\/06\\\/logoubirataonline-1.webp\",\"contentUrl\":\"https:\\\/\\\/ubirataonline.com.br\\\/wp-content\\\/uploads\\\/2026\\\/06\\\/logoubirataonline-1.webp\",\"width\":500,\"height\":500,\"caption\":\"Ubirat\u00e3 Online Not\u00edcias\"}]}<\/script>\n<meta name=\"geo.placename\" content=\"UBIRATA\" \/>\n<meta name=\"geo.position\" content=\"-24.5361401;-52.9921776\" \/>\n<meta name=\"geo.region\" content=\"Brazil\" \/>\n<!-- \/ Yoast SEO Premium plugin. -->","yoast_head_json":{"title":"50 novos casos de sarampo foram confirmados na \u00faltima semana - Ubirat\u00e3 Online Not\u00edcias - A realidade ao seu alcance!","description":"N\u00famero de pessoas que tiveram ou est\u00e3o com sarampo subiu para 479, dados s\u00e3o do boletim epidemiol\u00f3gico desta quinta-feira (28). A Secretaria de Estado da","robots":{"index":"index","follow":"follow","max-snippet":"max-snippet:-1","max-image-preview":"max-image-preview:large","max-video-preview":"max-video-preview:-1"},"canonical":"https:\/\/ubirataonline.com.br\/en\/50-novos-casos-de-sarampo-foram-confirmados-na-ultima-semana\/","og_locale":"en_US","og_type":"article","og_title":"50 novos casos de sarampo foram confirmados na \u00faltima semana","og_description":"N\u00famero de pessoas que tiveram ou est\u00e3o com sarampo subiu para 479, dados s\u00e3o do boletim epidemiol\u00f3gico desta quinta-feira (28). A Secretaria de Estado da","og_url":"https:\/\/ubirataonline.com.br\/en\/50-novos-casos-de-sarampo-foram-confirmados-na-ultima-semana\/","og_site_name":"Ubirat\u00e3 Online Not\u00edcias - A realidade ao seu alcance!","article_publisher":"https:\/\/www.facebook.com\/portalubirataonline","article_published_time":"2019-11-29T15:35:00+00:00","og_image":[{"width":1531,"height":418,"url":"https:\/\/ubirataonline.com.br\/wp-content\/uploads\/2026\/05\/logo2026.webp","type":"image\/webp"}],"author":"Vampeta","twitter_card":"summary_large_image","twitter_creator":"@ubirataonline","twitter_site":"@ubirataonline","twitter_misc":{"Written by":"Vampeta","Est. reading time":"2 minutes"},"schema":{"@context":"https:\/\/schema.org","@graph":[{"@type":"NewsArticle","@id":"https:\/\/ubirataonline.com.br\/50-novos-casos-de-sarampo-foram-confirmados-na-ultima-semana\/#article","isPartOf":{"@id":"https:\/\/ubirataonline.com.br\/50-novos-casos-de-sarampo-foram-confirmados-na-ultima-semana\/"},"author":{"name":"Vampeta","@id":"https:\/\/ubirataonline.com.br\/#\/schema\/person\/09f7a474bd1834b50dea8d1c197e976f"},"headline":"50 novos casos de sarampo foram confirmados na \u00faltima semana","datePublished":"2019-11-29T15:35:00+00:00","mainEntityOfPage":{"@id":"https:\/\/ubirataonline.com.br\/50-novos-casos-de-sarampo-foram-confirmados-na-ultima-semana\/"},"wordCount":346,"publisher":{"@id":"https:\/\/ubirataonline.com.br\/#organization"},"articleSection":["Sa\u00fade"],"inLanguage":"en-US","copyrightYear":"2019","copyrightHolder":{"@id":"https:\/\/ubirataonline.com.br\/en\/#organization"}},{"@type":"WebPage","@id":"https:\/\/ubirataonline.com.br\/50-novos-casos-de-sarampo-foram-confirmados-na-ultima-semana\/","url":"https:\/\/ubirataonline.com.br\/50-novos-casos-de-sarampo-foram-confirmados-na-ultima-semana\/","name":"50 novos casos de sarampo foram confirmados na \u00faltima semana - Ubirat\u00e3 Online Not\u00edcias - A realidade ao seu alcance!","isPartOf":{"@id":"https:\/\/ubirataonline.com.br\/#website"},"datePublished":"2019-11-29T15:35:00+00:00","description":"N\u00famero de pessoas que tiveram ou est\u00e3o com sarampo subiu para 479, dados s\u00e3o do boletim epidemiol\u00f3gico desta quinta-feira (28). A Secretaria de Estado da","breadcrumb":{"@id":"https:\/\/ubirataonline.com.br\/50-novos-casos-de-sarampo-foram-confirmados-na-ultima-semana\/#breadcrumb"},"inLanguage":"en-US","potentialAction":[{"@type":"ReadAction","target":["https:\/\/ubirataonline.com.br\/50-novos-casos-de-sarampo-foram-confirmados-na-ultima-semana\/"]}]},{"@type":"BreadcrumbList","@id":"https:\/\/ubirataonline.com.br\/50-novos-casos-de-sarampo-foram-confirmados-na-ultima-semana\/#breadcrumb","itemListElement":[{"@type":"ListItem","position":1,"name":"In\u00edcio","item":"https:\/\/ubirataonline.com.br\/"},{"@type":"ListItem","position":2,"name":"50 novos casos de sarampo foram confirmados na \u00faltima semana"}]},{"@type":"WebSite","@id":"https:\/\/ubirataonline.com.br\/#website","url":"https:\/\/ubirataonline.com.br\/","name":"Ubirat\u00e3 Online Not\u00edcias","description":"Not\u00edcias de Ubirat\u00e3, regi\u00e3o, Brasil e mundo, com informa\u00e7\u00e3o atualizada e compromisso com o leitor.","publisher":{"@id":"https:\/\/ubirataonline.com.br\/#organization"},"alternateName":"Ubirat\u00e3 Online","potentialAction":[{"@type":"SearchAction","target":{"@type":"EntryPoint","urlTemplate":"https:\/\/ubirataonline.com.br\/?s={search_term_string}"},"query-input":{"@type":"PropertyValueSpecification","valueRequired":true,"valueName":"search_term_string"}}],"inLanguage":"en-US"},{"@type":["Organization","Place"],"@id":"https:\/\/ubirataonline.com.br\/#organization","name":"Ubirat\u00e3 Online Not\u00edcias","alternateName":"Ubirat\u00e3 Online","url":"https:\/\/ubirataonline.com.br\/","logo":{"@id":"https:\/\/ubirataonline.com.br\/50-novos-casos-de-sarampo-foram-confirmados-na-ultima-semana\/#local-main-organization-logo"},"image":{"@id":"https:\/\/ubirataonline.com.br\/50-novos-casos-de-sarampo-foram-confirmados-na-ultima-semana\/#local-main-organization-logo"},"sameAs":["https:\/\/www.facebook.com\/portalubirataonline","https:\/\/x.com\/ubirataonline","https:\/\/mastodon.social\/@ubirataonline","https:\/\/www.facebook.com\/groups\/311144672285604","https:\/\/www.facebook.com\/UBTAOnline","https:\/\/www.instagram.com\/portalubirataonline\/","https:\/\/twitter.com\/ubirataonline"],"description":"Somos um portal de not\u00edcias independente, criado em 5 de janeiro de 2009, com o objetivo de informar, conectar e valorizar a nossa comunidade de Ubirat\u00e3 e toda aregi\u00e3o. Com conte\u00fado atualizado, confi\u00e1vel e relevante, o Ubirat\u00e3 Online \u00e9 o seu espa\u00e7o para ficar por dentro dos principais acontecimentos locais, regionais, Brasil, Mundo e de interesse geral. Nosso compromisso \u00e9 com a verdade, a transpar\u00eancia e o respeito ao leitor.","legalName":"UBIRATA ONLINE NOT\u00cdCIAS","foundingDate":"2009-01-05","numberOfEmployees":{"@type":"QuantitativeValue","minValue":"1","maxValue":"10"},"publishingPrinciples":"https:\/\/ubirataonline.com.br\/faq\/","address":{"@id":"https:\/\/ubirataonline.com.br\/50-novos-casos-de-sarampo-foram-confirmados-na-ultima-semana\/#local-main-place-address"},"geo":{"@type":"GeoCoordinates","latitude":"-24.5361401","longitude":"-52.9921776"},"telephone":["+5544998308235"],"contactPoint":{"@type":"ContactPoint","email":"contato@ubirataonline.com.br"},"openingHoursSpecification":{"@type":"OpeningHoursSpecification","dayOfWeek":["Monday","Tuesday","Wednesday","Thursday","Friday","Saturday","Sunday"],"opens":"00:00","closes":"23:59"},"email":"contato@ubirataonline.com.br","vatID":"47.621.418\/0001-80"},{"@type":"Person","@id":"https:\/\/ubirataonline.com.br\/#\/schema\/person\/09f7a474bd1834b50dea8d1c197e976f","name":"Vampeta","sameAs":["https:\/\/ubirataonline.com.br"],"url":"https:\/\/ubirataonline.com.br\/en\/author\/vampeta\/"},{"@type":"PostalAddress","@id":"https:\/\/ubirataonline.com.br\/50-novos-casos-de-sarampo-foram-confirmados-na-ultima-semana\/#local-main-place-address","streetAddress":"Rua dos Coqueiros, 104 - Bairro Boa Vista, Rua dos Coqueiros, 104 Bairro Boa Vista","addressLocality":"UBIRATA","postalCode":"85440-000","addressRegion":"PR","addressCountry":"BR"},{"@type":"ImageObject","inLanguage":"en-US","@id":"https:\/\/ubirataonline.com.br\/50-novos-casos-de-sarampo-foram-confirmados-na-ultima-semana\/#local-main-organization-logo","url":"https:\/\/ubirataonline.com.br\/wp-content\/uploads\/2026\/06\/logoubirataonline-1.webp","contentUrl":"https:\/\/ubirataonline.com.br\/wp-content\/uploads\/2026\/06\/logoubirataonline-1.webp","width":500,"height":500,"caption":"Ubirat\u00e3 Online Not\u00edcias"}]},"geo.placename":"UBIRATA","geo.position":{"lat":"-24.5361401","long":"-52.9921776"},"geo.region":"Brazil"},"_links":{"self":[{"href":"https:\/\/ubirataonline.com.br\/en\/wp-json\/wp\/v2\/posts\/27106","targetHints":{"allow":["GET"]}}],"collection":[{"href":"https:\/\/ubirataonline.com.br\/en\/wp-json\/wp\/v2\/posts"}],"about":[{"href":"https:\/\/ubirataonline.com.br\/en\/wp-json\/wp\/v2\/types\/post"}],"author":[{"embeddable":true,"href":"https:\/\/ubirataonline.com.br\/en\/wp-json\/wp\/v2\/users\/2"}],"replies":[{"embeddable":true,"href":"https:\/\/ubirataonline.com.br\/en\/wp-json\/wp\/v2\/comments?post=27106"}],"version-history":[{"count":0,"href":"https:\/\/ubirataonline.com.br\/en\/wp-json\/wp\/v2\/posts\/27106\/revisions"}],"wp:attachment":[{"href":"https:\/\/ubirataonline.com.br\/en\/wp-json\/wp\/v2\/media?parent=27106"}],"wp:term":[{"taxonomy":"category","embeddable":true,"href":"https:\/\/ubirataonline.com.br\/en\/wp-json\/wp\/v2\/categories?post=27106"},{"taxonomy":"post_tag","embeddable":true,"href":"https:\/\/ubirataonline.com.br\/en\/wp-json\/wp\/v2\/tags?post=27106"}],"curies":[{"name":"wp","href":"https:\/\/api.w.org\/{rel}","templated":true}]}}