{"id":28554,"date":"2020-01-10T18:10:28","date_gmt":"2020-01-10T21:10:28","guid":{"rendered":"https:\/\/ubirataonline.com.br\/?p=28554"},"modified":"2020-01-10T18:10:31","modified_gmt":"2020-01-10T21:10:31","slug":"formando-entra-na-justica-ao-nao-aparecer-em-foto-de-colacao-mas-perde-acao","status":"publish","type":"post","link":"https:\/\/ubirataonline.com.br\/en\/formando-entra-na-justica-ao-nao-aparecer-em-foto-de-colacao-mas-perde-acao\/","title":{"rendered":"Formando entra na Justi\u00e7a ao n\u00e3o aparecer em foto de cola\u00e7\u00e3o, mas perde a\u00e7\u00e3o"},"content":{"rendered":"<p class=\"wp-block-paragraph\">Um egresso do curso de Jornalismo da PUC, em Curitiba, processou a Universidade, assim como uma empresa de cerimoniais, ao n\u00e3o participar das fotos da turma realizadas no per\u00edodo anterior a cola\u00e7\u00e3o de grau. Ele pediu indeniza\u00e7\u00e3o de R$ 8 mil.<\/p>\n\n\n\n<p class=\"wp-block-paragraph\">Segundo consta na a\u00e7\u00e3o, a Universidade teria mandado um e-mail avisando da necessidade de fazer a inscri\u00e7\u00e3o para participar da solenidade, mas de acordo com o pr\u00f3prio aluno, o endere\u00e7o eletr\u00f4nico estava desatualizado e por isso ele foi prejudicado. Ele acabou participando da cola\u00e7\u00e3o devido a um mandado de seguran\u00e7a, mas ficou fora da foto de turma e n\u00e3o teve seu nome no \u00e1lbum.<\/p>\n\n\n\n<p class=\"wp-block-paragraph\">Em sua defesa, a PUC afirmou que a necessidade de inscri\u00e7\u00e3o \u00e9 regulamentada no Conselho Universit\u00e1rio e que promoveu v\u00e1rias formas de divulga\u00e7\u00e3o.<\/p>\n\n\n\n<p class=\"wp-block-paragraph\">Afirmou que al\u00e9m de ter enviado o comunicado digital, tamb\u00e9m promoveu diversas publica\u00e7\u00f5es em seu website e redes sociais, tamb\u00e9m fixando cartazes em salas de aula e informativos no desktop dos computadores dos laborat\u00f3rios. N\u00e3o bastasse, afirmou que para os alunos que perderam o primeiro per\u00edodo de inscri\u00e7\u00e3o, foi concedida uma nova oportunidade, que tamb\u00e9m n\u00e3o foi usufru\u00edda pelo autor. Ainda segundo os requeridos, se o autor tivesse comparecido na data da realiza\u00e7\u00e3o das fotos da turma, sua participa\u00e7\u00e3o teria sido permitida.<\/p>\n\n\n\n<p class=\"wp-block-paragraph\">A justi\u00e7a entendeu que a culpa foi do autor.<\/p>\n\n\n\n<blockquote class=\"wp-block-quote is-layout-flow wp-block-quote-is-layout-flow\"><p>\u201cNo caso em apre\u00e7o, em que pese a responsabilidade objetiva dos fornecedores, n\u00e3o h\u00e1 como se acolher os pedidos do autor.<\/p><p>Isso porque a cola\u00e7\u00e3o institucional \u00e9 um evento cuja participa\u00e7\u00e3o \u00e9 facultativa, e engloba a elabora\u00e7\u00e3o e entrega de convites e realiza\u00e7\u00e3o de fotografias, de modo que n\u00e3o se mostra descabida a exig\u00eancia de uma inscri\u00e7\u00e3o dos alunos que querem participar, a fim de viabilizar a pr\u00f3pria organiza\u00e7\u00e3o da cerim\u00f4nia\u201d<\/p><p>Isto \u00e9, n\u00e3o foi negado ao autor colar seu grau, requisito para a obten\u00e7\u00e3o do diploma, mas apenas exigida a inscri\u00e7\u00e3o para a participa\u00e7\u00e3o neste evento, o que n\u00e3o foi observado pelo ent\u00e3o aluno\u201d.<\/p><\/blockquote>\n\n\n\n<p class=\"wp-block-paragraph\">Fonte: CGN<\/p>","protected":false},"excerpt":{"rendered":"<p>Um egresso do curso de Jornalismo da PUC, em Curitiba, processou a Universidade, assim como uma empresa de cerimoniais, ao n\u00e3o participar das fotos da turma realizadas no per\u00edodo anterior a cola\u00e7\u00e3o de grau. Ele pediu indeniza\u00e7\u00e3o de R$ 8 mil. Segundo consta na a\u00e7\u00e3o, a Universidade teria mandado um e-mail avisando da necessidade de [&hellip;]<\/p>\n","protected":false},"author":2,"featured_media":0,"comment_status":"closed","ping_status":"closed","sticky":false,"template":"","format":"standard","meta":{"googlesitekit_rrm_CAow2JLhCw:productID":"","_gspb_post_css":"","maa_idioma":"","maa_pais":"","footnotes":""},"categories":[10],"tags":[],"class_list":["post-28554","post","type-post","status-publish","format-standard","hentry","category-geral"],"blocksy_meta":[],"yoast_head":"<!-- This site is optimized with the Yoast SEO Premium plugin v27.6 (Yoast SEO v27.6) - https:\/\/yoast.com\/product\/yoast-seo-premium-wordpress\/ -->\n<title>Formando entra na Justi\u00e7a ao n\u00e3o aparecer em foto de cola\u00e7\u00e3o, mas perde a\u00e7\u00e3o - Ubirat\u00e3 Online Not\u00edcias - A realidade ao seu alcance!<\/title>\n<meta name=\"description\" content=\"Um egresso do curso de Jornalismo da PUC, em Curitiba, processou a Universidade, assim como uma empresa de cerimoniais, ao n\u00e3o participar das fotos da\" \/>\n<meta name=\"robots\" content=\"index, follow, max-snippet:-1, max-image-preview:large, max-video-preview:-1\" \/>\n<link rel=\"canonical\" href=\"https:\/\/ubirataonline.com.br\/en\/formando-entra-na-justica-ao-nao-aparecer-em-foto-de-colacao-mas-perde-acao\/\" \/>\n<meta property=\"og:locale\" content=\"en_US\" \/>\n<meta property=\"og:type\" content=\"article\" \/>\n<meta property=\"og:title\" content=\"Formando entra na Justi\u00e7a ao n\u00e3o aparecer em foto de cola\u00e7\u00e3o, mas perde a\u00e7\u00e3o\" \/>\n<meta property=\"og:description\" content=\"Um egresso do curso de Jornalismo da PUC, em Curitiba, processou a Universidade, assim como uma empresa de cerimoniais, ao n\u00e3o participar das fotos da\" \/>\n<meta property=\"og:url\" content=\"https:\/\/ubirataonline.com.br\/en\/formando-entra-na-justica-ao-nao-aparecer-em-foto-de-colacao-mas-perde-acao\/\" \/>\n<meta property=\"og:site_name\" content=\"Ubirat\u00e3 Online Not\u00edcias - A realidade ao seu alcance!\" \/>\n<meta property=\"article:publisher\" content=\"https:\/\/www.facebook.com\/portalubirataonline\" \/>\n<meta property=\"article:published_time\" content=\"2020-01-10T21:10:28+00:00\" \/>\n<meta property=\"article:modified_time\" content=\"2020-01-10T21:10:31+00:00\" \/>\n<meta property=\"og:image\" content=\"https:\/\/ubirataonline.com.br\/wp-content\/uploads\/2026\/05\/logo2026.webp\" \/>\n\t<meta property=\"og:image:width\" content=\"1531\" \/>\n\t<meta property=\"og:image:height\" content=\"418\" \/>\n\t<meta property=\"og:image:type\" content=\"image\/webp\" \/>\n<meta name=\"author\" content=\"Vampeta\" \/>\n<meta name=\"twitter:card\" content=\"summary_large_image\" \/>\n<meta name=\"twitter:creator\" content=\"@ubirataonline\" \/>\n<meta name=\"twitter:site\" content=\"@ubirataonline\" \/>\n<meta name=\"twitter:label1\" content=\"Written by\" \/>\n\t<meta name=\"twitter:data1\" content=\"Vampeta\" \/>\n\t<meta name=\"twitter:label2\" content=\"Est. reading time\" \/>\n\t<meta name=\"twitter:data2\" content=\"2 minutes\" \/>\n<script type=\"application\/ld+json\" class=\"yoast-schema-graph\">{\"@context\":\"https:\\\/\\\/schema.org\",\"@graph\":[{\"@type\":\"NewsArticle\",\"@id\":\"https:\\\/\\\/ubirataonline.com.br\\\/formando-entra-na-justica-ao-nao-aparecer-em-foto-de-colacao-mas-perde-acao\\\/#article\",\"isPartOf\":{\"@id\":\"https:\\\/\\\/ubirataonline.com.br\\\/formando-entra-na-justica-ao-nao-aparecer-em-foto-de-colacao-mas-perde-acao\\\/\"},\"author\":{\"name\":\"Vampeta\",\"@id\":\"https:\\\/\\\/ubirataonline.com.br\\\/#\\\/schema\\\/person\\\/09f7a474bd1834b50dea8d1c197e976f\"},\"headline\":\"Formando entra na Justi\u00e7a ao n\u00e3o aparecer em foto de cola\u00e7\u00e3o, mas perde a\u00e7\u00e3o\",\"datePublished\":\"2020-01-10T21:10:28+00:00\",\"dateModified\":\"2020-01-10T21:10:31+00:00\",\"mainEntityOfPage\":{\"@id\":\"https:\\\/\\\/ubirataonline.com.br\\\/formando-entra-na-justica-ao-nao-aparecer-em-foto-de-colacao-mas-perde-acao\\\/\"},\"wordCount\":387,\"publisher\":{\"@id\":\"https:\\\/\\\/ubirataonline.com.br\\\/#organization\"},\"articleSection\":[\"Geral\"],\"inLanguage\":\"en-US\",\"copyrightYear\":\"2020\",\"copyrightHolder\":{\"@id\":\"https:\\\/\\\/ubirataonline.com.br\\\/en\\\/#organization\"}},{\"@type\":\"WebPage\",\"@id\":\"https:\\\/\\\/ubirataonline.com.br\\\/formando-entra-na-justica-ao-nao-aparecer-em-foto-de-colacao-mas-perde-acao\\\/\",\"url\":\"https:\\\/\\\/ubirataonline.com.br\\\/formando-entra-na-justica-ao-nao-aparecer-em-foto-de-colacao-mas-perde-acao\\\/\",\"name\":\"Formando entra na Justi\u00e7a ao n\u00e3o aparecer em foto de cola\u00e7\u00e3o, mas perde a\u00e7\u00e3o - Ubirat\u00e3 Online Not\u00edcias - A realidade ao seu alcance!\",\"isPartOf\":{\"@id\":\"https:\\\/\\\/ubirataonline.com.br\\\/#website\"},\"datePublished\":\"2020-01-10T21:10:28+00:00\",\"dateModified\":\"2020-01-10T21:10:31+00:00\",\"description\":\"Um egresso do curso de Jornalismo da PUC, em Curitiba, processou a Universidade, assim como uma empresa de cerimoniais, ao n\u00e3o participar das fotos da\",\"breadcrumb\":{\"@id\":\"https:\\\/\\\/ubirataonline.com.br\\\/formando-entra-na-justica-ao-nao-aparecer-em-foto-de-colacao-mas-perde-acao\\\/#breadcrumb\"},\"inLanguage\":\"en-US\",\"potentialAction\":[{\"@type\":\"ReadAction\",\"target\":[\"https:\\\/\\\/ubirataonline.com.br\\\/formando-entra-na-justica-ao-nao-aparecer-em-foto-de-colacao-mas-perde-acao\\\/\"]}]},{\"@type\":\"BreadcrumbList\",\"@id\":\"https:\\\/\\\/ubirataonline.com.br\\\/formando-entra-na-justica-ao-nao-aparecer-em-foto-de-colacao-mas-perde-acao\\\/#breadcrumb\",\"itemListElement\":[{\"@type\":\"ListItem\",\"position\":1,\"name\":\"In\u00edcio\",\"item\":\"https:\\\/\\\/ubirataonline.com.br\\\/\"},{\"@type\":\"ListItem\",\"position\":2,\"name\":\"Formando entra na Justi\u00e7a ao n\u00e3o aparecer em foto de cola\u00e7\u00e3o, mas perde a\u00e7\u00e3o\"}]},{\"@type\":\"WebSite\",\"@id\":\"https:\\\/\\\/ubirataonline.com.br\\\/#website\",\"url\":\"https:\\\/\\\/ubirataonline.com.br\\\/\",\"name\":\"Ubirat\u00e3 Online Not\u00edcias\",\"description\":\"Not\u00edcias de Ubirat\u00e3, regi\u00e3o, Brasil e mundo, com informa\u00e7\u00e3o atualizada e compromisso com o leitor.\",\"publisher\":{\"@id\":\"https:\\\/\\\/ubirataonline.com.br\\\/#organization\"},\"alternateName\":\"Ubirat\u00e3 Online\",\"potentialAction\":[{\"@type\":\"SearchAction\",\"target\":{\"@type\":\"EntryPoint\",\"urlTemplate\":\"https:\\\/\\\/ubirataonline.com.br\\\/?s={search_term_string}\"},\"query-input\":{\"@type\":\"PropertyValueSpecification\",\"valueRequired\":true,\"valueName\":\"search_term_string\"}}],\"inLanguage\":\"en-US\"},{\"@type\":[\"Organization\",\"Place\"],\"@id\":\"https:\\\/\\\/ubirataonline.com.br\\\/#organization\",\"name\":\"Ubirat\u00e3 Online Not\u00edcias\",\"alternateName\":\"Ubirat\u00e3 Online\",\"url\":\"https:\\\/\\\/ubirataonline.com.br\\\/\",\"logo\":{\"@id\":\"https:\\\/\\\/ubirataonline.com.br\\\/formando-entra-na-justica-ao-nao-aparecer-em-foto-de-colacao-mas-perde-acao\\\/#local-main-organization-logo\"},\"image\":{\"@id\":\"https:\\\/\\\/ubirataonline.com.br\\\/formando-entra-na-justica-ao-nao-aparecer-em-foto-de-colacao-mas-perde-acao\\\/#local-main-organization-logo\"},\"sameAs\":[\"https:\\\/\\\/www.facebook.com\\\/portalubirataonline\",\"https:\\\/\\\/x.com\\\/ubirataonline\",\"https:\\\/\\\/mastodon.social\\\/@ubirataonline\",\"https:\\\/\\\/www.facebook.com\\\/groups\\\/311144672285604\",\"https:\\\/\\\/www.facebook.com\\\/UBTAOnline\",\"https:\\\/\\\/www.instagram.com\\\/portalubirataonline\\\/\",\"https:\\\/\\\/twitter.com\\\/ubirataonline\"],\"description\":\"Somos um portal de not\u00edcias independente, criado em 5 de janeiro de 2009, com o objetivo de informar, conectar e valorizar a nossa comunidade de Ubirat\u00e3 e toda aregi\u00e3o. Com conte\u00fado atualizado, confi\u00e1vel e relevante, o Ubirat\u00e3 Online \u00e9 o seu espa\u00e7o para ficar por dentro dos principais acontecimentos locais, regionais, Brasil, Mundo e de interesse geral. Nosso compromisso \u00e9 com a verdade, a transpar\u00eancia e o respeito ao leitor.\",\"legalName\":\"UBIRATA ONLINE NOT\u00cdCIAS\",\"foundingDate\":\"2009-01-05\",\"numberOfEmployees\":{\"@type\":\"QuantitativeValue\",\"minValue\":\"1\",\"maxValue\":\"10\"},\"publishingPrinciples\":\"https:\\\/\\\/ubirataonline.com.br\\\/faq\\\/\",\"address\":{\"@id\":\"https:\\\/\\\/ubirataonline.com.br\\\/formando-entra-na-justica-ao-nao-aparecer-em-foto-de-colacao-mas-perde-acao\\\/#local-main-place-address\"},\"geo\":{\"@type\":\"GeoCoordinates\",\"latitude\":\"-24.5361401\",\"longitude\":\"-52.9921776\"},\"telephone\":[\"+5544998308235\"],\"contactPoint\":{\"@type\":\"ContactPoint\",\"email\":\"contato@ubirataonline.com.br\"},\"openingHoursSpecification\":{\"@type\":\"OpeningHoursSpecification\",\"dayOfWeek\":[\"Monday\",\"Tuesday\",\"Wednesday\",\"Thursday\",\"Friday\",\"Saturday\",\"Sunday\"],\"opens\":\"00:00\",\"closes\":\"23:59\"},\"email\":\"contato@ubirataonline.com.br\",\"vatID\":\"47.621.418\\\/0001-80\"},{\"@type\":\"Person\",\"@id\":\"https:\\\/\\\/ubirataonline.com.br\\\/#\\\/schema\\\/person\\\/09f7a474bd1834b50dea8d1c197e976f\",\"name\":\"Vampeta\",\"sameAs\":[\"https:\\\/\\\/ubirataonline.com.br\"],\"url\":\"https:\\\/\\\/ubirataonline.com.br\\\/en\\\/author\\\/vampeta\\\/\"},{\"@type\":\"PostalAddress\",\"@id\":\"https:\\\/\\\/ubirataonline.com.br\\\/formando-entra-na-justica-ao-nao-aparecer-em-foto-de-colacao-mas-perde-acao\\\/#local-main-place-address\",\"streetAddress\":\"Rua dos Coqueiros, 104 - Bairro Boa Vista, Rua dos Coqueiros, 104 Bairro Boa Vista\",\"addressLocality\":\"UBIRATA\",\"postalCode\":\"85440-000\",\"addressRegion\":\"PR\",\"addressCountry\":\"BR\"},{\"@type\":\"ImageObject\",\"inLanguage\":\"en-US\",\"@id\":\"https:\\\/\\\/ubirataonline.com.br\\\/formando-entra-na-justica-ao-nao-aparecer-em-foto-de-colacao-mas-perde-acao\\\/#local-main-organization-logo\",\"url\":\"https:\\\/\\\/ubirataonline.com.br\\\/wp-content\\\/uploads\\\/2026\\\/06\\\/logoubirataonline-1.webp\",\"contentUrl\":\"https:\\\/\\\/ubirataonline.com.br\\\/wp-content\\\/uploads\\\/2026\\\/06\\\/logoubirataonline-1.webp\",\"width\":500,\"height\":500,\"caption\":\"Ubirat\u00e3 Online Not\u00edcias\"}]}<\/script>\n<meta name=\"geo.placename\" content=\"UBIRATA\" \/>\n<meta name=\"geo.position\" content=\"-24.5361401;-52.9921776\" \/>\n<meta name=\"geo.region\" content=\"Brazil\" \/>\n<!-- \/ Yoast SEO Premium plugin. -->","yoast_head_json":{"title":"Formando entra na Justi\u00e7a ao n\u00e3o aparecer em foto de cola\u00e7\u00e3o, mas perde a\u00e7\u00e3o - Ubirat\u00e3 Online Not\u00edcias - A realidade ao seu alcance!","description":"Um egresso do curso de Jornalismo da PUC, em Curitiba, processou a Universidade, assim como uma empresa de cerimoniais, ao n\u00e3o participar das fotos da","robots":{"index":"index","follow":"follow","max-snippet":"max-snippet:-1","max-image-preview":"max-image-preview:large","max-video-preview":"max-video-preview:-1"},"canonical":"https:\/\/ubirataonline.com.br\/en\/formando-entra-na-justica-ao-nao-aparecer-em-foto-de-colacao-mas-perde-acao\/","og_locale":"en_US","og_type":"article","og_title":"Formando entra na Justi\u00e7a ao n\u00e3o aparecer em foto de cola\u00e7\u00e3o, mas perde a\u00e7\u00e3o","og_description":"Um egresso do curso de Jornalismo da PUC, em Curitiba, processou a Universidade, assim como uma empresa de cerimoniais, ao n\u00e3o participar das fotos da","og_url":"https:\/\/ubirataonline.com.br\/en\/formando-entra-na-justica-ao-nao-aparecer-em-foto-de-colacao-mas-perde-acao\/","og_site_name":"Ubirat\u00e3 Online Not\u00edcias - A realidade ao seu alcance!","article_publisher":"https:\/\/www.facebook.com\/portalubirataonline","article_published_time":"2020-01-10T21:10:28+00:00","article_modified_time":"2020-01-10T21:10:31+00:00","og_image":[{"width":1531,"height":418,"url":"https:\/\/ubirataonline.com.br\/wp-content\/uploads\/2026\/05\/logo2026.webp","type":"image\/webp"}],"author":"Vampeta","twitter_card":"summary_large_image","twitter_creator":"@ubirataonline","twitter_site":"@ubirataonline","twitter_misc":{"Written by":"Vampeta","Est. reading time":"2 minutes"},"schema":{"@context":"https:\/\/schema.org","@graph":[{"@type":"NewsArticle","@id":"https:\/\/ubirataonline.com.br\/formando-entra-na-justica-ao-nao-aparecer-em-foto-de-colacao-mas-perde-acao\/#article","isPartOf":{"@id":"https:\/\/ubirataonline.com.br\/formando-entra-na-justica-ao-nao-aparecer-em-foto-de-colacao-mas-perde-acao\/"},"author":{"name":"Vampeta","@id":"https:\/\/ubirataonline.com.br\/#\/schema\/person\/09f7a474bd1834b50dea8d1c197e976f"},"headline":"Formando entra na Justi\u00e7a ao n\u00e3o aparecer em foto de cola\u00e7\u00e3o, mas perde a\u00e7\u00e3o","datePublished":"2020-01-10T21:10:28+00:00","dateModified":"2020-01-10T21:10:31+00:00","mainEntityOfPage":{"@id":"https:\/\/ubirataonline.com.br\/formando-entra-na-justica-ao-nao-aparecer-em-foto-de-colacao-mas-perde-acao\/"},"wordCount":387,"publisher":{"@id":"https:\/\/ubirataonline.com.br\/#organization"},"articleSection":["Geral"],"inLanguage":"en-US","copyrightYear":"2020","copyrightHolder":{"@id":"https:\/\/ubirataonline.com.br\/en\/#organization"}},{"@type":"WebPage","@id":"https:\/\/ubirataonline.com.br\/formando-entra-na-justica-ao-nao-aparecer-em-foto-de-colacao-mas-perde-acao\/","url":"https:\/\/ubirataonline.com.br\/formando-entra-na-justica-ao-nao-aparecer-em-foto-de-colacao-mas-perde-acao\/","name":"Formando entra na Justi\u00e7a ao n\u00e3o aparecer em foto de cola\u00e7\u00e3o, mas perde a\u00e7\u00e3o - Ubirat\u00e3 Online Not\u00edcias - A realidade ao seu alcance!","isPartOf":{"@id":"https:\/\/ubirataonline.com.br\/#website"},"datePublished":"2020-01-10T21:10:28+00:00","dateModified":"2020-01-10T21:10:31+00:00","description":"Um egresso do curso de Jornalismo da PUC, em Curitiba, processou a Universidade, assim como uma empresa de cerimoniais, ao n\u00e3o participar das fotos da","breadcrumb":{"@id":"https:\/\/ubirataonline.com.br\/formando-entra-na-justica-ao-nao-aparecer-em-foto-de-colacao-mas-perde-acao\/#breadcrumb"},"inLanguage":"en-US","potentialAction":[{"@type":"ReadAction","target":["https:\/\/ubirataonline.com.br\/formando-entra-na-justica-ao-nao-aparecer-em-foto-de-colacao-mas-perde-acao\/"]}]},{"@type":"BreadcrumbList","@id":"https:\/\/ubirataonline.com.br\/formando-entra-na-justica-ao-nao-aparecer-em-foto-de-colacao-mas-perde-acao\/#breadcrumb","itemListElement":[{"@type":"ListItem","position":1,"name":"In\u00edcio","item":"https:\/\/ubirataonline.com.br\/"},{"@type":"ListItem","position":2,"name":"Formando entra na Justi\u00e7a ao n\u00e3o aparecer em foto de cola\u00e7\u00e3o, mas perde a\u00e7\u00e3o"}]},{"@type":"WebSite","@id":"https:\/\/ubirataonline.com.br\/#website","url":"https:\/\/ubirataonline.com.br\/","name":"Ubirat\u00e3 Online Not\u00edcias","description":"Not\u00edcias de Ubirat\u00e3, regi\u00e3o, Brasil e mundo, com informa\u00e7\u00e3o atualizada e compromisso com o leitor.","publisher":{"@id":"https:\/\/ubirataonline.com.br\/#organization"},"alternateName":"Ubirat\u00e3 Online","potentialAction":[{"@type":"SearchAction","target":{"@type":"EntryPoint","urlTemplate":"https:\/\/ubirataonline.com.br\/?s={search_term_string}"},"query-input":{"@type":"PropertyValueSpecification","valueRequired":true,"valueName":"search_term_string"}}],"inLanguage":"en-US"},{"@type":["Organization","Place"],"@id":"https:\/\/ubirataonline.com.br\/#organization","name":"Ubirat\u00e3 Online Not\u00edcias","alternateName":"Ubirat\u00e3 Online","url":"https:\/\/ubirataonline.com.br\/","logo":{"@id":"https:\/\/ubirataonline.com.br\/formando-entra-na-justica-ao-nao-aparecer-em-foto-de-colacao-mas-perde-acao\/#local-main-organization-logo"},"image":{"@id":"https:\/\/ubirataonline.com.br\/formando-entra-na-justica-ao-nao-aparecer-em-foto-de-colacao-mas-perde-acao\/#local-main-organization-logo"},"sameAs":["https:\/\/www.facebook.com\/portalubirataonline","https:\/\/x.com\/ubirataonline","https:\/\/mastodon.social\/@ubirataonline","https:\/\/www.facebook.com\/groups\/311144672285604","https:\/\/www.facebook.com\/UBTAOnline","https:\/\/www.instagram.com\/portalubirataonline\/","https:\/\/twitter.com\/ubirataonline"],"description":"Somos um portal de not\u00edcias independente, criado em 5 de janeiro de 2009, com o objetivo de informar, conectar e valorizar a nossa comunidade de Ubirat\u00e3 e toda aregi\u00e3o. Com conte\u00fado atualizado, confi\u00e1vel e relevante, o Ubirat\u00e3 Online \u00e9 o seu espa\u00e7o para ficar por dentro dos principais acontecimentos locais, regionais, Brasil, Mundo e de interesse geral. Nosso compromisso \u00e9 com a verdade, a transpar\u00eancia e o respeito ao leitor.","legalName":"UBIRATA ONLINE NOT\u00cdCIAS","foundingDate":"2009-01-05","numberOfEmployees":{"@type":"QuantitativeValue","minValue":"1","maxValue":"10"},"publishingPrinciples":"https:\/\/ubirataonline.com.br\/faq\/","address":{"@id":"https:\/\/ubirataonline.com.br\/formando-entra-na-justica-ao-nao-aparecer-em-foto-de-colacao-mas-perde-acao\/#local-main-place-address"},"geo":{"@type":"GeoCoordinates","latitude":"-24.5361401","longitude":"-52.9921776"},"telephone":["+5544998308235"],"contactPoint":{"@type":"ContactPoint","email":"contato@ubirataonline.com.br"},"openingHoursSpecification":{"@type":"OpeningHoursSpecification","dayOfWeek":["Monday","Tuesday","Wednesday","Thursday","Friday","Saturday","Sunday"],"opens":"00:00","closes":"23:59"},"email":"contato@ubirataonline.com.br","vatID":"47.621.418\/0001-80"},{"@type":"Person","@id":"https:\/\/ubirataonline.com.br\/#\/schema\/person\/09f7a474bd1834b50dea8d1c197e976f","name":"Vampeta","sameAs":["https:\/\/ubirataonline.com.br"],"url":"https:\/\/ubirataonline.com.br\/en\/author\/vampeta\/"},{"@type":"PostalAddress","@id":"https:\/\/ubirataonline.com.br\/formando-entra-na-justica-ao-nao-aparecer-em-foto-de-colacao-mas-perde-acao\/#local-main-place-address","streetAddress":"Rua dos Coqueiros, 104 - Bairro Boa Vista, Rua dos Coqueiros, 104 Bairro Boa Vista","addressLocality":"UBIRATA","postalCode":"85440-000","addressRegion":"PR","addressCountry":"BR"},{"@type":"ImageObject","inLanguage":"en-US","@id":"https:\/\/ubirataonline.com.br\/formando-entra-na-justica-ao-nao-aparecer-em-foto-de-colacao-mas-perde-acao\/#local-main-organization-logo","url":"https:\/\/ubirataonline.com.br\/wp-content\/uploads\/2026\/06\/logoubirataonline-1.webp","contentUrl":"https:\/\/ubirataonline.com.br\/wp-content\/uploads\/2026\/06\/logoubirataonline-1.webp","width":500,"height":500,"caption":"Ubirat\u00e3 Online Not\u00edcias"}]},"geo.placename":"UBIRATA","geo.position":{"lat":"-24.5361401","long":"-52.9921776"},"geo.region":"Brazil"},"_links":{"self":[{"href":"https:\/\/ubirataonline.com.br\/en\/wp-json\/wp\/v2\/posts\/28554","targetHints":{"allow":["GET"]}}],"collection":[{"href":"https:\/\/ubirataonline.com.br\/en\/wp-json\/wp\/v2\/posts"}],"about":[{"href":"https:\/\/ubirataonline.com.br\/en\/wp-json\/wp\/v2\/types\/post"}],"author":[{"embeddable":true,"href":"https:\/\/ubirataonline.com.br\/en\/wp-json\/wp\/v2\/users\/2"}],"replies":[{"embeddable":true,"href":"https:\/\/ubirataonline.com.br\/en\/wp-json\/wp\/v2\/comments?post=28554"}],"version-history":[{"count":0,"href":"https:\/\/ubirataonline.com.br\/en\/wp-json\/wp\/v2\/posts\/28554\/revisions"}],"wp:attachment":[{"href":"https:\/\/ubirataonline.com.br\/en\/wp-json\/wp\/v2\/media?parent=28554"}],"wp:term":[{"taxonomy":"category","embeddable":true,"href":"https:\/\/ubirataonline.com.br\/en\/wp-json\/wp\/v2\/categories?post=28554"},{"taxonomy":"post_tag","embeddable":true,"href":"https:\/\/ubirataonline.com.br\/en\/wp-json\/wp\/v2\/tags?post=28554"}],"curies":[{"name":"wp","href":"https:\/\/api.w.org\/{rel}","templated":true}]}}