{"id":31486,"date":"2020-04-24T08:40:08","date_gmt":"2020-04-24T11:40:08","guid":{"rendered":"https:\/\/ubirataonline.com.br\/?p=31486"},"modified":"2020-04-24T08:48:21","modified_gmt":"2020-04-24T11:48:21","slug":"mais-duas-cidades-registram-mortes-por-covid-19-obitos-pela-doenca-sobem-para-8-na-comcam","status":"publish","type":"post","link":"https:\/\/ubirataonline.com.br\/en\/mais-duas-cidades-registram-mortes-por-covid-19-obitos-pela-doenca-sobem-para-8-na-comcam\/","title":{"rendered":"Mais duas cidades registram mortes por Covid-19; \u00f3bitos pela doen\u00e7a sobem para 8 na Comcam"},"content":{"rendered":"<p class=\"wp-block-paragraph\">As cidades de Araruna e Terra Boa registraram suas primeiras mortes por<br>coronav\u00edrus (Covid-19), aumentando para 8 o n\u00famero de \u00f3bitos pela doen\u00e7a na regi\u00e3o da Comcam. Os dados constam em boletins divulgados pelos munic\u00edpios.<\/p>\n\n\n\n<p class=\"wp-block-paragraph\"><br>Em Araruna, um idoso de 81 anos, com hist\u00f3rico de doen\u00e7as cr\u00f4nicas, inclusive respirat\u00f3ria, foi a v\u00edtima. A morte aconteceu na semana passada, por\u00e9m os exames da manh\u00e3 desta sexta-feira. <\/p>\n\n\n\n<p class=\"wp-block-paragraph\">O prefeito da cidade pede \u00e0 popula\u00e7\u00e3o que respeite o distanciamento social e fa\u00e7a sempre o uso de m\u00e1scara de prote\u00e7\u00e3o. \u201cS\u00f3 saiam de casa se realmente precisarem\u201d, alertou.<br><\/p>\n\n\n\n<p class=\"wp-block-paragraph\">De acordo com o \u201cBoletim Coronav\u00edrus\u201d, divulgado pela prefeitura, Araruna tem 12 casos confirmados de Covid-19, 8 pacientes est\u00e3o sendo monitorados e um total de 15 casos suspeitos foram descartados. Al\u00e9m disso, a cidade tem tamb\u00e9m 8 pessoas recuperadas da doen\u00e7a, 1 em isolamento domiciliar, e 2 internados na UTI da Santa Casa de Campo Mour\u00e3o, se tratando do v\u00edrus.<br><\/p>\n\n\n\n<p class=\"wp-block-paragraph\"><strong>Terra Boa<\/strong><br>J\u00e1 em Terra Boa, de acordo com informa\u00e7\u00f5es da Vigil\u00e2ncia Epidemiol\u00f3gica da cidade, a primeira v\u00edtima de coronav\u00edrus foi um senhor de 61 anos de idade. Ele era produtor rural e morava no distrito de Malu. A v\u00edtima estava internada h\u00e1 mais de duas semanas na Unidade de Terapia Intensiva (UTI) em um hospital de Maring\u00e1.<\/p>\n\n\n\n<p class=\"wp-block-paragraph\"><br>Sua esposa tamb\u00e9m foi infectada pelo v\u00edrus, por\u00e9m se recuperou sem maiores problemas. Ambos teriam se contaminado ap\u00f3s uma reuni\u00e3o familiar.<br><\/p>\n\n\n\n<p class=\"wp-block-paragraph\">Conforme o \u201cBoletim Coronav\u00edrus\u201d, divulgado pela prefeitura, Terra Boa tem 2 casos confirmados de Covid-19, 1 caso recuperado; 12 pessoas com sintomas gripais em monitoramento e 13 casos descartados.<\/p>\n\n\n\n<p class=\"wp-block-paragraph\"><br>Na Comcam, Campo Mour\u00e3o, com 4 \u00f3bitos, \u00e9 a cidade com maior n\u00famero de<br>v\u00edtimas fatais pelo coronav\u00edrus. As outras cidades com mortes, al\u00e9m de Araruna e Terra Boa, s\u00e3o tamb\u00e9m: Campina da Lagoa (1) e Iretama (1).<br><\/p>\n\n\n\n<p class=\"wp-block-paragraph\"><strong>N\u00fameros<\/strong><br>O Paran\u00e1 tem um total de 1.082 casos de Covid-19 e 60 mortes. At\u00e9 o momento, 564 pacientes foram recuperados, o equivalente a 52% das pessoas que contra\u00edram a doen\u00e7a. De acordo com a Secretaria Estadual de Sa\u00fade (Sesa), s\u00e3o 112 munic\u00edpios paranaenses com casos confirmados do novo coronav\u00edrus. A quantidade de pacientes que residem fora do Paran\u00e1 s\u00e3o 14 confirmados e dois \u00f3bitos, conforme detalhamento no Informe\u2026<\/p>\n\n\n\n<p class=\"wp-block-paragraph\">Fonte: https:\/\/tribunadointerior.com.br<\/p>\n\n\n\n<p class=\"wp-block-paragraph\"><\/p>","protected":false},"excerpt":{"rendered":"<p>As cidades de Araruna e Terra Boa registraram suas primeiras mortes porcoronav\u00edrus (Covid-19), aumentando para 8 o n\u00famero de \u00f3bitos pela doen\u00e7a na regi\u00e3o da Comcam. Os dados constam em boletins divulgados pelos munic\u00edpios. Em Araruna, um idoso de 81 anos, com hist\u00f3rico de doen\u00e7as cr\u00f4nicas, inclusive respirat\u00f3ria, foi a v\u00edtima. A morte aconteceu na [&hellip;]<\/p>\n","protected":false},"author":1,"featured_media":31487,"comment_status":"closed","ping_status":"closed","sticky":false,"template":"","format":"standard","meta":{"googlesitekit_rrm_CAow2JLhCw:productID":"","_gspb_post_css":"","maa_idioma":"","maa_pais":"","footnotes":""},"categories":[30],"tags":[],"class_list":["post-31486","post","type-post","status-publish","format-standard","has-post-thumbnail","hentry","category-saude"],"blocksy_meta":[],"yoast_head":"<!-- This site is optimized with the Yoast SEO Premium plugin v27.6 (Yoast SEO v27.6) - https:\/\/yoast.com\/product\/yoast-seo-premium-wordpress\/ -->\n<title>Mais duas cidades registram mortes por Covid-19; \u00f3bitos pela doen\u00e7a sobem para 8 na Comcam - Ubirat\u00e3 Online Not\u00edcias - A realidade ao seu alcance!<\/title>\n<meta name=\"description\" content=\"As cidades de Araruna e Terra Boa registraram suas primeiras mortes porcoronav\u00edrus (Covid-19), aumentando para 8 o n\u00famero de \u00f3bitos pela doen\u00e7a na regi\u00e3o\" \/>\n<meta name=\"robots\" content=\"index, follow, max-snippet:-1, max-image-preview:large, max-video-preview:-1\" \/>\n<link rel=\"canonical\" href=\"https:\/\/ubirataonline.com.br\/en\/mais-duas-cidades-registram-mortes-por-covid-19-obitos-pela-doenca-sobem-para-8-na-comcam\/\" \/>\n<meta property=\"og:locale\" content=\"en_US\" \/>\n<meta property=\"og:type\" content=\"article\" \/>\n<meta property=\"og:title\" content=\"Mais duas cidades registram mortes por Covid-19; \u00f3bitos pela doen\u00e7a sobem para 8 na Comcam\" \/>\n<meta property=\"og:description\" content=\"As cidades de Araruna e Terra Boa registraram suas primeiras mortes porcoronav\u00edrus (Covid-19), aumentando para 8 o n\u00famero de \u00f3bitos pela doen\u00e7a na regi\u00e3o\" \/>\n<meta property=\"og:url\" content=\"https:\/\/ubirataonline.com.br\/en\/mais-duas-cidades-registram-mortes-por-covid-19-obitos-pela-doenca-sobem-para-8-na-comcam\/\" \/>\n<meta property=\"og:site_name\" content=\"Ubirat\u00e3 Online Not\u00edcias - A realidade ao seu alcance!\" \/>\n<meta property=\"article:publisher\" content=\"https:\/\/www.facebook.com\/portalubirataonline\" \/>\n<meta property=\"article:author\" content=\"https:\/\/www.facebook.com\/portalubirataonline\" \/>\n<meta property=\"article:published_time\" content=\"2020-04-24T11:40:08+00:00\" \/>\n<meta property=\"article:modified_time\" content=\"2020-04-24T11:48:21+00:00\" \/>\n<meta property=\"og:image\" content=\"https:\/\/ubirataonline.com.br\/wp-content\/uploads\/2020\/04\/corona.jpg\" \/>\n\t<meta property=\"og:image:width\" content=\"660\" \/>\n\t<meta property=\"og:image:height\" content=\"371\" \/>\n\t<meta property=\"og:image:type\" content=\"image\/jpeg\" \/>\n<meta name=\"author\" content=\"REDA\u00c7\u00c3O: UBIRAT\u00c3 ONLINE - F\u00c1BIO AUGUSTO CELESTINO\" \/>\n<meta name=\"twitter:card\" content=\"summary_large_image\" \/>\n<meta name=\"twitter:creator\" content=\"@x.com\/ubirataonline\" \/>\n<meta name=\"twitter:site\" content=\"@ubirataonline\" \/>\n<meta name=\"twitter:label1\" content=\"Written by\" \/>\n\t<meta name=\"twitter:data1\" content=\"REDA\u00c7\u00c3O: UBIRAT\u00c3 ONLINE - F\u00c1BIO AUGUSTO CELESTINO\" \/>\n\t<meta name=\"twitter:label2\" content=\"Est. reading time\" \/>\n\t<meta name=\"twitter:data2\" content=\"2 minutes\" \/>\n<script type=\"application\/ld+json\" class=\"yoast-schema-graph\">{\"@context\":\"https:\\\/\\\/schema.org\",\"@graph\":[{\"@type\":\"NewsArticle\",\"@id\":\"https:\\\/\\\/ubirataonline.com.br\\\/mais-duas-cidades-registram-mortes-por-covid-19-obitos-pela-doenca-sobem-para-8-na-comcam\\\/#article\",\"isPartOf\":{\"@id\":\"https:\\\/\\\/ubirataonline.com.br\\\/mais-duas-cidades-registram-mortes-por-covid-19-obitos-pela-doenca-sobem-para-8-na-comcam\\\/\"},\"author\":{\"name\":\"REDA\u00c7\u00c3O: UBIRAT\u00c3 ONLINE - F\u00c1BIO AUGUSTO CELESTINO\",\"@id\":\"https:\\\/\\\/ubirataonline.com.br\\\/#\\\/schema\\\/person\\\/372f87bbd3fdd79b8556b84c98d0bc1c\"},\"headline\":\"Mais duas cidades registram mortes por Covid-19; \u00f3bitos pela doen\u00e7a sobem para 8 na Comcam\",\"datePublished\":\"2020-04-24T11:40:08+00:00\",\"dateModified\":\"2020-04-24T11:48:21+00:00\",\"mainEntityOfPage\":{\"@id\":\"https:\\\/\\\/ubirataonline.com.br\\\/mais-duas-cidades-registram-mortes-por-covid-19-obitos-pela-doenca-sobem-para-8-na-comcam\\\/\"},\"wordCount\":412,\"publisher\":{\"@id\":\"https:\\\/\\\/ubirataonline.com.br\\\/#organization\"},\"image\":{\"@id\":\"https:\\\/\\\/ubirataonline.com.br\\\/mais-duas-cidades-registram-mortes-por-covid-19-obitos-pela-doenca-sobem-para-8-na-comcam\\\/#primaryimage\"},\"thumbnailUrl\":\"https:\\\/\\\/ubirataonline.com.br\\\/wp-content\\\/uploads\\\/2020\\\/04\\\/corona.jpg\",\"articleSection\":[\"Sa\u00fade\"],\"inLanguage\":\"en-US\",\"copyrightYear\":\"2020\",\"copyrightHolder\":{\"@id\":\"https:\\\/\\\/ubirataonline.com.br\\\/en\\\/#organization\"}},{\"@type\":\"WebPage\",\"@id\":\"https:\\\/\\\/ubirataonline.com.br\\\/mais-duas-cidades-registram-mortes-por-covid-19-obitos-pela-doenca-sobem-para-8-na-comcam\\\/\",\"url\":\"https:\\\/\\\/ubirataonline.com.br\\\/mais-duas-cidades-registram-mortes-por-covid-19-obitos-pela-doenca-sobem-para-8-na-comcam\\\/\",\"name\":\"Mais duas cidades registram mortes por Covid-19; \u00f3bitos pela doen\u00e7a sobem para 8 na Comcam - Ubirat\u00e3 Online Not\u00edcias - A realidade ao seu alcance!\",\"isPartOf\":{\"@id\":\"https:\\\/\\\/ubirataonline.com.br\\\/#website\"},\"primaryImageOfPage\":{\"@id\":\"https:\\\/\\\/ubirataonline.com.br\\\/mais-duas-cidades-registram-mortes-por-covid-19-obitos-pela-doenca-sobem-para-8-na-comcam\\\/#primaryimage\"},\"image\":{\"@id\":\"https:\\\/\\\/ubirataonline.com.br\\\/mais-duas-cidades-registram-mortes-por-covid-19-obitos-pela-doenca-sobem-para-8-na-comcam\\\/#primaryimage\"},\"thumbnailUrl\":\"https:\\\/\\\/ubirataonline.com.br\\\/wp-content\\\/uploads\\\/2020\\\/04\\\/corona.jpg\",\"datePublished\":\"2020-04-24T11:40:08+00:00\",\"dateModified\":\"2020-04-24T11:48:21+00:00\",\"description\":\"As cidades de Araruna e Terra Boa registraram suas primeiras mortes porcoronav\u00edrus (Covid-19), aumentando para 8 o n\u00famero de \u00f3bitos pela doen\u00e7a na regi\u00e3o\",\"breadcrumb\":{\"@id\":\"https:\\\/\\\/ubirataonline.com.br\\\/mais-duas-cidades-registram-mortes-por-covid-19-obitos-pela-doenca-sobem-para-8-na-comcam\\\/#breadcrumb\"},\"inLanguage\":\"en-US\",\"potentialAction\":[{\"@type\":\"ReadAction\",\"target\":[\"https:\\\/\\\/ubirataonline.com.br\\\/mais-duas-cidades-registram-mortes-por-covid-19-obitos-pela-doenca-sobem-para-8-na-comcam\\\/\"]}]},{\"@type\":\"ImageObject\",\"inLanguage\":\"en-US\",\"@id\":\"https:\\\/\\\/ubirataonline.com.br\\\/mais-duas-cidades-registram-mortes-por-covid-19-obitos-pela-doenca-sobem-para-8-na-comcam\\\/#primaryimage\",\"url\":\"https:\\\/\\\/ubirataonline.com.br\\\/wp-content\\\/uploads\\\/2020\\\/04\\\/corona.jpg\",\"contentUrl\":\"https:\\\/\\\/ubirataonline.com.br\\\/wp-content\\\/uploads\\\/2020\\\/04\\\/corona.jpg\",\"width\":660,\"height\":371},{\"@type\":\"BreadcrumbList\",\"@id\":\"https:\\\/\\\/ubirataonline.com.br\\\/mais-duas-cidades-registram-mortes-por-covid-19-obitos-pela-doenca-sobem-para-8-na-comcam\\\/#breadcrumb\",\"itemListElement\":[{\"@type\":\"ListItem\",\"position\":1,\"name\":\"In\u00edcio\",\"item\":\"https:\\\/\\\/ubirataonline.com.br\\\/\"},{\"@type\":\"ListItem\",\"position\":2,\"name\":\"Mais duas cidades registram mortes por Covid-19; \u00f3bitos pela doen\u00e7a sobem para 8 na Comcam\"}]},{\"@type\":\"WebSite\",\"@id\":\"https:\\\/\\\/ubirataonline.com.br\\\/#website\",\"url\":\"https:\\\/\\\/ubirataonline.com.br\\\/\",\"name\":\"Ubirat\u00e3 Online Not\u00edcias\",\"description\":\"Not\u00edcias de Ubirat\u00e3, regi\u00e3o, Brasil e mundo, com informa\u00e7\u00e3o atualizada e compromisso com o leitor.\",\"publisher\":{\"@id\":\"https:\\\/\\\/ubirataonline.com.br\\\/#organization\"},\"alternateName\":\"Ubirat\u00e3 Online\",\"potentialAction\":[{\"@type\":\"SearchAction\",\"target\":{\"@type\":\"EntryPoint\",\"urlTemplate\":\"https:\\\/\\\/ubirataonline.com.br\\\/?s={search_term_string}\"},\"query-input\":{\"@type\":\"PropertyValueSpecification\",\"valueRequired\":true,\"valueName\":\"search_term_string\"}}],\"inLanguage\":\"en-US\"},{\"@type\":[\"Organization\",\"Place\"],\"@id\":\"https:\\\/\\\/ubirataonline.com.br\\\/#organization\",\"name\":\"Ubirat\u00e3 Online Not\u00edcias\",\"alternateName\":\"Ubirat\u00e3 Online\",\"url\":\"https:\\\/\\\/ubirataonline.com.br\\\/\",\"logo\":{\"@id\":\"https:\\\/\\\/ubirataonline.com.br\\\/mais-duas-cidades-registram-mortes-por-covid-19-obitos-pela-doenca-sobem-para-8-na-comcam\\\/#local-main-organization-logo\"},\"image\":{\"@id\":\"https:\\\/\\\/ubirataonline.com.br\\\/mais-duas-cidades-registram-mortes-por-covid-19-obitos-pela-doenca-sobem-para-8-na-comcam\\\/#local-main-organization-logo\"},\"sameAs\":[\"https:\\\/\\\/www.facebook.com\\\/portalubirataonline\",\"https:\\\/\\\/x.com\\\/ubirataonline\",\"https:\\\/\\\/mastodon.social\\\/@ubirataonline\",\"https:\\\/\\\/www.facebook.com\\\/groups\\\/311144672285604\",\"https:\\\/\\\/www.facebook.com\\\/UBTAOnline\",\"https:\\\/\\\/www.instagram.com\\\/portalubirataonline\\\/\",\"https:\\\/\\\/twitter.com\\\/ubirataonline\"],\"description\":\"Somos um portal de not\u00edcias independente, criado em 5 de janeiro de 2009, com o objetivo de informar, conectar e valorizar a nossa comunidade de Ubirat\u00e3 e toda aregi\u00e3o. Com conte\u00fado atualizado, confi\u00e1vel e relevante, o Ubirat\u00e3 Online \u00e9 o seu espa\u00e7o para ficar por dentro dos principais acontecimentos locais, regionais, Brasil, Mundo e de interesse geral. Nosso compromisso \u00e9 com a verdade, a transpar\u00eancia e o respeito ao leitor.\",\"legalName\":\"UBIRATA ONLINE NOT\u00cdCIAS\",\"foundingDate\":\"2009-01-05\",\"numberOfEmployees\":{\"@type\":\"QuantitativeValue\",\"minValue\":\"1\",\"maxValue\":\"10\"},\"publishingPrinciples\":\"https:\\\/\\\/ubirataonline.com.br\\\/faq\\\/\",\"address\":{\"@id\":\"https:\\\/\\\/ubirataonline.com.br\\\/mais-duas-cidades-registram-mortes-por-covid-19-obitos-pela-doenca-sobem-para-8-na-comcam\\\/#local-main-place-address\"},\"geo\":{\"@type\":\"GeoCoordinates\",\"latitude\":\"-24.5361401\",\"longitude\":\"-52.9921776\"},\"telephone\":[\"+5544998308235\"],\"contactPoint\":{\"@type\":\"ContactPoint\",\"email\":\"contato@ubirataonline.com.br\"},\"openingHoursSpecification\":{\"@type\":\"OpeningHoursSpecification\",\"dayOfWeek\":[\"Monday\",\"Tuesday\",\"Wednesday\",\"Thursday\",\"Friday\",\"Saturday\",\"Sunday\"],\"opens\":\"00:00\",\"closes\":\"23:59\"},\"email\":\"contato@ubirataonline.com.br\",\"vatID\":\"47.621.418\\\/0001-80\"},{\"@type\":\"Person\",\"@id\":\"https:\\\/\\\/ubirataonline.com.br\\\/#\\\/schema\\\/person\\\/372f87bbd3fdd79b8556b84c98d0bc1c\",\"name\":\"REDA\u00c7\u00c3O: UBIRAT\u00c3 ONLINE - F\u00c1BIO AUGUSTO CELESTINO\",\"pronouns\":\"Ele\",\"description\":\"Desde 2003 trabalhando com not\u00edcias.\",\"sameAs\":[\"http:\\\/\\\/ubirataoline.com.br\",\"https:\\\/\\\/www.facebook.com\\\/portalubirataonline\",\"https:\\\/\\\/www.instagram.com\\\/ubirataonline_oficial\",\"https:\\\/\\\/x.com\\\/x.com\\\/ubirataonline\"],\"honorificPrefix\":\"Mr.\",\"honorificSuffix\":\"MD\",\"birthDate\":\"1980-06-16\",\"gender\":\"masculino\",\"award\":[\"V\u00e1rios pr\u00eamios de melhor portal da cidade\"],\"jobTitle\":\"Diretor\",\"url\":\"https:\\\/\\\/ubirataonline.com.br\\\/en\\\/author\\\/ubirataonline\\\/\"},{\"@type\":\"PostalAddress\",\"@id\":\"https:\\\/\\\/ubirataonline.com.br\\\/mais-duas-cidades-registram-mortes-por-covid-19-obitos-pela-doenca-sobem-para-8-na-comcam\\\/#local-main-place-address\",\"streetAddress\":\"Rua dos Coqueiros, 104 - Bairro Boa Vista, Rua dos Coqueiros, 104 Bairro Boa Vista\",\"addressLocality\":\"UBIRATA\",\"postalCode\":\"85440-000\",\"addressRegion\":\"PR\",\"addressCountry\":\"BR\"},{\"@type\":\"ImageObject\",\"inLanguage\":\"en-US\",\"@id\":\"https:\\\/\\\/ubirataonline.com.br\\\/mais-duas-cidades-registram-mortes-por-covid-19-obitos-pela-doenca-sobem-para-8-na-comcam\\\/#local-main-organization-logo\",\"url\":\"https:\\\/\\\/ubirataonline.com.br\\\/wp-content\\\/uploads\\\/2026\\\/06\\\/logoubirataonline-1.webp\",\"contentUrl\":\"https:\\\/\\\/ubirataonline.com.br\\\/wp-content\\\/uploads\\\/2026\\\/06\\\/logoubirataonline-1.webp\",\"width\":500,\"height\":500,\"caption\":\"Ubirat\u00e3 Online Not\u00edcias\"}]}<\/script>\n<meta name=\"geo.placename\" content=\"UBIRATA\" \/>\n<meta name=\"geo.position\" content=\"-24.5361401;-52.9921776\" \/>\n<meta name=\"geo.region\" content=\"Brazil\" \/>\n<!-- \/ Yoast SEO Premium plugin. -->","yoast_head_json":{"title":"Mais duas cidades registram mortes por Covid-19; \u00f3bitos pela doen\u00e7a sobem para 8 na Comcam - Ubirat\u00e3 Online Not\u00edcias - A realidade ao seu alcance!","description":"As cidades de Araruna e Terra Boa registraram suas primeiras mortes porcoronav\u00edrus (Covid-19), aumentando para 8 o n\u00famero de \u00f3bitos pela doen\u00e7a na regi\u00e3o","robots":{"index":"index","follow":"follow","max-snippet":"max-snippet:-1","max-image-preview":"max-image-preview:large","max-video-preview":"max-video-preview:-1"},"canonical":"https:\/\/ubirataonline.com.br\/en\/mais-duas-cidades-registram-mortes-por-covid-19-obitos-pela-doenca-sobem-para-8-na-comcam\/","og_locale":"en_US","og_type":"article","og_title":"Mais duas cidades registram mortes por Covid-19; \u00f3bitos pela doen\u00e7a sobem para 8 na Comcam","og_description":"As cidades de Araruna e Terra Boa registraram suas primeiras mortes porcoronav\u00edrus (Covid-19), aumentando para 8 o n\u00famero de \u00f3bitos pela doen\u00e7a na regi\u00e3o","og_url":"https:\/\/ubirataonline.com.br\/en\/mais-duas-cidades-registram-mortes-por-covid-19-obitos-pela-doenca-sobem-para-8-na-comcam\/","og_site_name":"Ubirat\u00e3 Online Not\u00edcias - A realidade ao seu alcance!","article_publisher":"https:\/\/www.facebook.com\/portalubirataonline","article_author":"https:\/\/www.facebook.com\/portalubirataonline","article_published_time":"2020-04-24T11:40:08+00:00","article_modified_time":"2020-04-24T11:48:21+00:00","og_image":[{"width":660,"height":371,"url":"https:\/\/ubirataonline.com.br\/wp-content\/uploads\/2020\/04\/corona.jpg","type":"image\/jpeg"}],"author":"REDA\u00c7\u00c3O: UBIRAT\u00c3 ONLINE - F\u00c1BIO AUGUSTO CELESTINO","twitter_card":"summary_large_image","twitter_creator":"@x.com\/ubirataonline","twitter_site":"@ubirataonline","twitter_misc":{"Written by":"REDA\u00c7\u00c3O: UBIRAT\u00c3 ONLINE - F\u00c1BIO AUGUSTO CELESTINO","Est. reading time":"2 minutes"},"schema":{"@context":"https:\/\/schema.org","@graph":[{"@type":"NewsArticle","@id":"https:\/\/ubirataonline.com.br\/mais-duas-cidades-registram-mortes-por-covid-19-obitos-pela-doenca-sobem-para-8-na-comcam\/#article","isPartOf":{"@id":"https:\/\/ubirataonline.com.br\/mais-duas-cidades-registram-mortes-por-covid-19-obitos-pela-doenca-sobem-para-8-na-comcam\/"},"author":{"name":"REDA\u00c7\u00c3O: UBIRAT\u00c3 ONLINE - F\u00c1BIO AUGUSTO CELESTINO","@id":"https:\/\/ubirataonline.com.br\/#\/schema\/person\/372f87bbd3fdd79b8556b84c98d0bc1c"},"headline":"Mais duas cidades registram mortes por Covid-19; \u00f3bitos pela doen\u00e7a sobem para 8 na Comcam","datePublished":"2020-04-24T11:40:08+00:00","dateModified":"2020-04-24T11:48:21+00:00","mainEntityOfPage":{"@id":"https:\/\/ubirataonline.com.br\/mais-duas-cidades-registram-mortes-por-covid-19-obitos-pela-doenca-sobem-para-8-na-comcam\/"},"wordCount":412,"publisher":{"@id":"https:\/\/ubirataonline.com.br\/#organization"},"image":{"@id":"https:\/\/ubirataonline.com.br\/mais-duas-cidades-registram-mortes-por-covid-19-obitos-pela-doenca-sobem-para-8-na-comcam\/#primaryimage"},"thumbnailUrl":"https:\/\/ubirataonline.com.br\/wp-content\/uploads\/2020\/04\/corona.jpg","articleSection":["Sa\u00fade"],"inLanguage":"en-US","copyrightYear":"2020","copyrightHolder":{"@id":"https:\/\/ubirataonline.com.br\/en\/#organization"}},{"@type":"WebPage","@id":"https:\/\/ubirataonline.com.br\/mais-duas-cidades-registram-mortes-por-covid-19-obitos-pela-doenca-sobem-para-8-na-comcam\/","url":"https:\/\/ubirataonline.com.br\/mais-duas-cidades-registram-mortes-por-covid-19-obitos-pela-doenca-sobem-para-8-na-comcam\/","name":"Mais duas cidades registram mortes por Covid-19; \u00f3bitos pela doen\u00e7a sobem para 8 na Comcam - Ubirat\u00e3 Online Not\u00edcias - A realidade ao seu alcance!","isPartOf":{"@id":"https:\/\/ubirataonline.com.br\/#website"},"primaryImageOfPage":{"@id":"https:\/\/ubirataonline.com.br\/mais-duas-cidades-registram-mortes-por-covid-19-obitos-pela-doenca-sobem-para-8-na-comcam\/#primaryimage"},"image":{"@id":"https:\/\/ubirataonline.com.br\/mais-duas-cidades-registram-mortes-por-covid-19-obitos-pela-doenca-sobem-para-8-na-comcam\/#primaryimage"},"thumbnailUrl":"https:\/\/ubirataonline.com.br\/wp-content\/uploads\/2020\/04\/corona.jpg","datePublished":"2020-04-24T11:40:08+00:00","dateModified":"2020-04-24T11:48:21+00:00","description":"As cidades de Araruna e Terra Boa registraram suas primeiras mortes porcoronav\u00edrus (Covid-19), aumentando para 8 o n\u00famero de \u00f3bitos pela doen\u00e7a na regi\u00e3o","breadcrumb":{"@id":"https:\/\/ubirataonline.com.br\/mais-duas-cidades-registram-mortes-por-covid-19-obitos-pela-doenca-sobem-para-8-na-comcam\/#breadcrumb"},"inLanguage":"en-US","potentialAction":[{"@type":"ReadAction","target":["https:\/\/ubirataonline.com.br\/mais-duas-cidades-registram-mortes-por-covid-19-obitos-pela-doenca-sobem-para-8-na-comcam\/"]}]},{"@type":"ImageObject","inLanguage":"en-US","@id":"https:\/\/ubirataonline.com.br\/mais-duas-cidades-registram-mortes-por-covid-19-obitos-pela-doenca-sobem-para-8-na-comcam\/#primaryimage","url":"https:\/\/ubirataonline.com.br\/wp-content\/uploads\/2020\/04\/corona.jpg","contentUrl":"https:\/\/ubirataonline.com.br\/wp-content\/uploads\/2020\/04\/corona.jpg","width":660,"height":371},{"@type":"BreadcrumbList","@id":"https:\/\/ubirataonline.com.br\/mais-duas-cidades-registram-mortes-por-covid-19-obitos-pela-doenca-sobem-para-8-na-comcam\/#breadcrumb","itemListElement":[{"@type":"ListItem","position":1,"name":"In\u00edcio","item":"https:\/\/ubirataonline.com.br\/"},{"@type":"ListItem","position":2,"name":"Mais duas cidades registram mortes por Covid-19; \u00f3bitos pela doen\u00e7a sobem para 8 na Comcam"}]},{"@type":"WebSite","@id":"https:\/\/ubirataonline.com.br\/#website","url":"https:\/\/ubirataonline.com.br\/","name":"Ubirat\u00e3 Online Not\u00edcias","description":"Not\u00edcias de Ubirat\u00e3, regi\u00e3o, Brasil e mundo, com informa\u00e7\u00e3o atualizada e compromisso com o leitor.","publisher":{"@id":"https:\/\/ubirataonline.com.br\/#organization"},"alternateName":"Ubirat\u00e3 Online","potentialAction":[{"@type":"SearchAction","target":{"@type":"EntryPoint","urlTemplate":"https:\/\/ubirataonline.com.br\/?s={search_term_string}"},"query-input":{"@type":"PropertyValueSpecification","valueRequired":true,"valueName":"search_term_string"}}],"inLanguage":"en-US"},{"@type":["Organization","Place"],"@id":"https:\/\/ubirataonline.com.br\/#organization","name":"Ubirat\u00e3 Online Not\u00edcias","alternateName":"Ubirat\u00e3 Online","url":"https:\/\/ubirataonline.com.br\/","logo":{"@id":"https:\/\/ubirataonline.com.br\/mais-duas-cidades-registram-mortes-por-covid-19-obitos-pela-doenca-sobem-para-8-na-comcam\/#local-main-organization-logo"},"image":{"@id":"https:\/\/ubirataonline.com.br\/mais-duas-cidades-registram-mortes-por-covid-19-obitos-pela-doenca-sobem-para-8-na-comcam\/#local-main-organization-logo"},"sameAs":["https:\/\/www.facebook.com\/portalubirataonline","https:\/\/x.com\/ubirataonline","https:\/\/mastodon.social\/@ubirataonline","https:\/\/www.facebook.com\/groups\/311144672285604","https:\/\/www.facebook.com\/UBTAOnline","https:\/\/www.instagram.com\/portalubirataonline\/","https:\/\/twitter.com\/ubirataonline"],"description":"Somos um portal de not\u00edcias independente, criado em 5 de janeiro de 2009, com o objetivo de informar, conectar e valorizar a nossa comunidade de Ubirat\u00e3 e toda aregi\u00e3o. Com conte\u00fado atualizado, confi\u00e1vel e relevante, o Ubirat\u00e3 Online \u00e9 o seu espa\u00e7o para ficar por dentro dos principais acontecimentos locais, regionais, Brasil, Mundo e de interesse geral. Nosso compromisso \u00e9 com a verdade, a transpar\u00eancia e o respeito ao leitor.","legalName":"UBIRATA ONLINE NOT\u00cdCIAS","foundingDate":"2009-01-05","numberOfEmployees":{"@type":"QuantitativeValue","minValue":"1","maxValue":"10"},"publishingPrinciples":"https:\/\/ubirataonline.com.br\/faq\/","address":{"@id":"https:\/\/ubirataonline.com.br\/mais-duas-cidades-registram-mortes-por-covid-19-obitos-pela-doenca-sobem-para-8-na-comcam\/#local-main-place-address"},"geo":{"@type":"GeoCoordinates","latitude":"-24.5361401","longitude":"-52.9921776"},"telephone":["+5544998308235"],"contactPoint":{"@type":"ContactPoint","email":"contato@ubirataonline.com.br"},"openingHoursSpecification":{"@type":"OpeningHoursSpecification","dayOfWeek":["Monday","Tuesday","Wednesday","Thursday","Friday","Saturday","Sunday"],"opens":"00:00","closes":"23:59"},"email":"contato@ubirataonline.com.br","vatID":"47.621.418\/0001-80"},{"@type":"Person","@id":"https:\/\/ubirataonline.com.br\/#\/schema\/person\/372f87bbd3fdd79b8556b84c98d0bc1c","name":"REDA\u00c7\u00c3O: UBIRAT\u00c3 ONLINE - F\u00c1BIO AUGUSTO CELESTINO","pronouns":"Ele","description":"Desde 2003 trabalhando com not\u00edcias.","sameAs":["http:\/\/ubirataoline.com.br","https:\/\/www.facebook.com\/portalubirataonline","https:\/\/www.instagram.com\/ubirataonline_oficial","https:\/\/x.com\/x.com\/ubirataonline"],"honorificPrefix":"Mr.","honorificSuffix":"MD","birthDate":"1980-06-16","gender":"masculino","award":["V\u00e1rios pr\u00eamios de melhor portal da cidade"],"jobTitle":"Diretor","url":"https:\/\/ubirataonline.com.br\/en\/author\/ubirataonline\/"},{"@type":"PostalAddress","@id":"https:\/\/ubirataonline.com.br\/mais-duas-cidades-registram-mortes-por-covid-19-obitos-pela-doenca-sobem-para-8-na-comcam\/#local-main-place-address","streetAddress":"Rua dos Coqueiros, 104 - Bairro Boa Vista, Rua dos Coqueiros, 104 Bairro Boa Vista","addressLocality":"UBIRATA","postalCode":"85440-000","addressRegion":"PR","addressCountry":"BR"},{"@type":"ImageObject","inLanguage":"en-US","@id":"https:\/\/ubirataonline.com.br\/mais-duas-cidades-registram-mortes-por-covid-19-obitos-pela-doenca-sobem-para-8-na-comcam\/#local-main-organization-logo","url":"https:\/\/ubirataonline.com.br\/wp-content\/uploads\/2026\/06\/logoubirataonline-1.webp","contentUrl":"https:\/\/ubirataonline.com.br\/wp-content\/uploads\/2026\/06\/logoubirataonline-1.webp","width":500,"height":500,"caption":"Ubirat\u00e3 Online Not\u00edcias"}]},"geo.placename":"UBIRATA","geo.position":{"lat":"-24.5361401","long":"-52.9921776"},"geo.region":"Brazil"},"_links":{"self":[{"href":"https:\/\/ubirataonline.com.br\/en\/wp-json\/wp\/v2\/posts\/31486","targetHints":{"allow":["GET"]}}],"collection":[{"href":"https:\/\/ubirataonline.com.br\/en\/wp-json\/wp\/v2\/posts"}],"about":[{"href":"https:\/\/ubirataonline.com.br\/en\/wp-json\/wp\/v2\/types\/post"}],"author":[{"embeddable":true,"href":"https:\/\/ubirataonline.com.br\/en\/wp-json\/wp\/v2\/users\/1"}],"replies":[{"embeddable":true,"href":"https:\/\/ubirataonline.com.br\/en\/wp-json\/wp\/v2\/comments?post=31486"}],"version-history":[{"count":0,"href":"https:\/\/ubirataonline.com.br\/en\/wp-json\/wp\/v2\/posts\/31486\/revisions"}],"wp:featuredmedia":[{"embeddable":true,"href":"https:\/\/ubirataonline.com.br\/en\/wp-json\/wp\/v2\/media\/31487"}],"wp:attachment":[{"href":"https:\/\/ubirataonline.com.br\/en\/wp-json\/wp\/v2\/media?parent=31486"}],"wp:term":[{"taxonomy":"category","embeddable":true,"href":"https:\/\/ubirataonline.com.br\/en\/wp-json\/wp\/v2\/categories?post=31486"},{"taxonomy":"post_tag","embeddable":true,"href":"https:\/\/ubirataonline.com.br\/en\/wp-json\/wp\/v2\/tags?post=31486"}],"curies":[{"name":"wp","href":"https:\/\/api.w.org\/{rel}","templated":true}]}}