{"id":32986,"date":"2020-06-05T09:46:35","date_gmt":"2020-06-05T12:46:35","guid":{"rendered":"https:\/\/ubirataonline.com.br\/?p=32986"},"modified":"2020-06-05T09:46:37","modified_gmt":"2020-06-05T12:46:37","slug":"em-81-dias-parana-registra-215-mortes-pela-covid-19","status":"publish","type":"post","link":"https:\/\/ubirataonline.com.br\/en\/em-81-dias-parana-registra-215-mortes-pela-covid-19\/","title":{"rendered":"Em 81 dias, Paran\u00e1 registra 215 mortes pela Covid-19"},"content":{"rendered":"<p class=\"wp-block-paragraph\">A Secretaria de Estado da Sa\u00fade confirma mais 327 casos de Covid-19. \u00c9 o terceiro dia consecutivo que o Paran\u00e1 registra mais de tr\u00eas centenas de diagn\u00f3sticos positivos, total de confirma\u00e7\u00f5es \u00e9 de 5.820. Mais dez pessoas perderam a vida pela infec\u00e7\u00e3o, acumulado agora \u00e9 de 215 mortes.O Estado tem casos registrados em 264 munic\u00edpios e em 79 ocorreu ao menos um \u00f3bito pela doen\u00e7a. Desde a primeira morte pela Covid-19 no Paran\u00e1, em 23 de mar\u00e7o, somam 215 falecimentos pela infec\u00e7\u00e3o. Nesses 81 dias o monitoramento da Sesa mostra que apenas em sete datas n\u00e3o h\u00e1 registro de morte.<\/p>\n\n\n\n<p class=\"wp-block-paragraph\">As 215 pessoas que perderam a vida pela Covid-19 tinham entre cinco e 95 anos. A m\u00e9dia de idade \u00e9 de 67,2 anos. A maioria dos casos que evolu\u00edram para o \u00f3bito \u00e9 de homens, s\u00e3o 141 mortos, representando 66% do total. 74 das pessoas que morreram eram mulheres.<\/p>\n\n\n\n<p class=\"wp-block-paragraph\">O secret\u00e1rio Beto Preto ressaltou o cuidado necess\u00e1rio para o per\u00edodo da pandemia. \u201cTemos visto dia ap\u00f3s dia os n\u00fameros aumentarem, tanto de casos como de pessoas perdendo a vida pela doen\u00e7a. Cuide-se, cuide dos seus, cuide para n\u00e3o perder ningu\u00e9m e para ficar saud\u00e1vel, precisamos nos unir em atitudes conscientes para n\u00e3o entrar num colapso nos nossos hospitais.\u201d<\/p>\n\n\n\n<p class=\"wp-block-paragraph\">As dez pessoas que morreram, foram a \u00f3bito entre o dia 1\u00ba e 3 de junho, s\u00e3o seis mulheres e quatro homens com idades que variam entre 37 e 84 anos.<br>Uma mulher de 89 anos, que residia em Pinhais, foi a \u00f3bito dia 1\u00ba de junho. Duas mulheres, uma de 59 anos, que residia em Cascavel, outra de 65 anos que era moradora de Santa Tereza do Oeste e um homem de 59 anos que morava em C\u00e9u Azul, faleceram na ter\u00e7a-feira (2).<\/p>\n\n\n\n<p class=\"wp-block-paragraph\">Seis pessoas morreram na quarta-feira (3). Tr\u00eas mulheres: moradora de Londrina, de 84 anos; residente de Piraquara, de 58 anos; e uma que morava em Assis Chateaubriand, de 79 anos. Entre os tr\u00eas homens que faleceram ontem, registra-se um que morava em Guaporema, de 37 anos; um que residia em Piraquara, de 64 anos; e um de Arapongas, que tinha 54 anos.<\/p>\n\n\n\n<p class=\"wp-block-paragraph\">INTERNADOS \u2013 Est\u00e3o internados nesta quinta-feira (4) 317 pacientes com o diagn\u00f3stico confirmado para Covid-19 de todo o Paran\u00e1, 232 est\u00e3o em leitos SUS (85 em UTI e 147 em leitos enfermaria) e 84 em leitos da rede hospitalar privada (33 em UTI e 51 em leitos enfermaria).<\/p>\n\n\n\n<p class=\"wp-block-paragraph\">LEITOS SUS COVID \u2013 Do total de 1.947 leitos SUS exclusivos Covid-19 que a Sesa mant\u00e9m em todo o Paran\u00e1, 644 est\u00e3o ocupados por pacientes com suspeita ou confirma\u00e7\u00e3o de infec\u00e7\u00e3o pelo novo coronav\u00edrus. O Estado tem: 658 leitos de UTI adulto, 266 est\u00e3o ocupados; 1.182 leitos de enfermarias adulto, 360 est\u00e3o ocupados; 37 leitos UTI pedi\u00e1trico, 9 ocupados; 70 leitos de enfermaria pedi\u00e1trico e 9 est\u00e3o ocupados. A m\u00e9dia de ocupa\u00e7\u00e3o dos leitos SUS exclusivos Covid-19 \u00e9 de 33% na data de hoje (4). A quantidade de leitos pode variar porque al\u00e9m dos leitos em unidades pr\u00f3prias do Estado, a Sesa contrata diretamente leitos em unidades hospitalares filantr\u00f3picas e privadas para atendimento a pacientes Covid-19 quando necess\u00e1rio.<\/p>\n\n\n\n<p class=\"wp-block-paragraph\">MUNIC\u00cdPIOS \u2013 264 cidades paranaenses que t\u00eam ao menos um caso confirmado pela Covid-19. Em 79 munic\u00edpios h\u00e1 registro de \u00f3bitos pela doen\u00e7a. Quantidade de casos novos e munic\u00edpios:<br>1 caso confirmado \u2013 Anahy, Antonina, Arapoti, Campina Grande do Sul, Campo do Tenente, Campo Mour\u00e3o, Cantagalo, Carambe\u00ed, Catanduvas, Congonhinhas, Guapirama, Imba\u00fa, Indian\u00f3polis, Irati, Iretama, Itapejara D&#8217;Oeste, Jardim Alegre, Jesu\u00edtas, Lindoeste, Manfrin\u00f3polis, Nova F\u00e1tima, Palmas, Para\u00edso do Norte, Planalto, Quatro Barras, Rol\u00e2ndia, S\u00e3o Tom\u00e9, Terra Rica, Tijucas do Sul, Tomazina, Tr\u00eas Barras do Paran\u00e1, Tup\u00e3ssi.<br>2 casos confirmados \u2013 Almirante Tamandar\u00e9, Arauc\u00e1ria, Clevel\u00e2ndia, Corb\u00e9lia, Douradina, Pato Branco.<br>3 casos confirmados \u2013 Assis Chateaubriand, Colombo, Fazenda Rio Grande, Guarapuava, Ibipor\u00e3, Laranjeiras do Sul, Ponta Grossa, Reserva do Igua\u00e7u, Rondon, Santa Terezinha de Itaipu.<br>4 casos confirmados \u2013 Camb\u00e9, Carl\u00f3polis, Foz do Igua\u00e7u, Pinhais, S\u00e3o Jos\u00e9 dos Pinhais.<br>5 casos confirmados \u2013 Tuneiras do Oeste.<br>7 casos confirmados \u2013 Paranagu\u00e1.<br>9 casos confirmados \u2013 Maring\u00e1.<br>10 casos confirmados \u2013 Cianorte, Francisco Beltr\u00e3o, Tapejara, Toledo.<br>11 casos confirmados \u2013 Piraquara.<br>14 casos confirmados \u2013 Corn\u00e9lio Proc\u00f3pio.<br>30 casos confirmados &#8211; Londrina.<br>34 casos confirmados \u2013 Cascavel.<br>38 casos confirmados &#8211; Coronel Domingos Soares.<\/p>\n\n\n\n<p class=\"wp-block-paragraph\">45 casos confirmados \u2013 Curitiba.<\/p>\n\n\n\n<p class=\"wp-block-paragraph\">FORA DO PARAN\u00c1 \u2013 O monitoramento da Sesa registrou dois casos a mais de residentes de fora. S\u00e3o 75 pessoas que moram em outros estados e foram atendidas por aqui. Cinco pessoas foram a \u00f3bito.<br>Ajustes:<br>Um caso confirmado na data de 11\/5 em Foz do Igua\u00e7u foi transferido para o Rio de Janeiro\/RJ.<br>Um caso confirmado na data de 1\/6 em Cascavel foi transferido para Santa Tereza do Oeste.<br>Dois casos confirmados na data de 1\/6 e 3\/6 em Corb\u00e9lia foram transferidos para Cascavel.<\/p>\n\n\n\n<p class=\"wp-block-paragraph\">Um caso confirmado na data de 2\/6 em Curitiba foi transferido para Almirante Tamandar\u00e9.<\/p>\n\n\n\n<p class=\"wp-block-paragraph\"><br>ESCLARECIMENTO EM RELA\u00c7\u00c3O AOS CRIT\u00c9RIOS ADOTADAS PELO CENTRO DE INFORMA\u00c7\u00d5ES ESTRAT\u00c9GICAS EM VIGIL\u00c2NCIA EM SA\u00daDE (CIEVS) NOS CASOS COVID-19<strong>Os casos de covid-19 s\u00e3o confirmados por dois crit\u00e9rios:<\/strong><\/p>\n\n\n\n<p class=\"wp-block-paragraph\">1. Laboratorial: O crit\u00e9rio laboratorial \u00e9 utilizado para pacientes testados por RT PCR em tempo real pelo LACEN (Laborat\u00f3rio Central do Estado), IBMP (Instituto de Biologia Molecular do Paran\u00e1) e de laborat\u00f3rios habilitados nos moldes do Decreto 4261\/2020 ou por testes r\u00e1pidos validados pelo INCQS (Instituto Nacional de Controle de Qualidade em Sa\u00fade).<\/p>\n\n\n\n<p class=\"wp-block-paragraph\">Nesse momento os \u00fanicos testes r\u00e1pidos validados s\u00e3o:<\/p>\n\n\n\n<blockquote class=\"wp-block-quote is-layout-flow wp-block-quote-is-layout-flow\"><p>1.1 &#8211; ONE STEP COVID-2019 TEST\u00ae&#xfe0f; da fabricante Guangzhou WondfoBiotechCo., Ltda., cujo representante legal no Brasil \u00e9 a empresa Celer Biotecnologia S\/A.<br>1.2- MEDTESTE CORONAV\u00cdRUS (COVID-19) igG\/IgM da fabricante Hangzhou Biotest Biotech Co. Ltd cujo representante legal no Brasil \u00e9 a empresa Medlevensohn Com Repres Prod Hosp Ltda.<br>1.3 \u2013 COVID-19 IgG\/IgM ECO do fabricante Eco Diagn\u00f3stica Ltda-ME, cujo representante legal no Brasil \u00e9 a empresa Eco Diagn\u00f3stica Ltda-ME<br>1.4 \u2013 COVID-19 IgG\/IgM BIO do fabricante Quibasa Qu\u00edmica B\u00e1sica Ltda, cujo representante legal no Brasil \u00e9 a empresa Quibasa Qu\u00edmica B\u00e1sica Ltda<\/p><\/blockquote>\n\n\n\n<p class=\"wp-block-paragraph\">2. Cl\u00ednico epidemiol\u00f3gico: O crit\u00e9rio cl\u00ednico epidemiol\u00f3gico \u00e9 utilizado nos pacientes em que n\u00e3o foi poss\u00edvel realizar coleta e com hist\u00f3rico de contato pr\u00f3ximo* ou domiciliar**, nos \u00faltimos 7 dias antes do aparecimento dos sintomas, com caso confirmado por PCR para COVID-19. O crit\u00e9rio cl\u00ednico epidemiol\u00f3gico deve ser a exce\u00e7\u00e3o. Priorizar sempre a coleta de amostras dentro dos crit\u00e9rios estabelecidos.<\/p>\n\n\n\n<p class=\"wp-block-paragraph\"><strong>Defini\u00e7\u00e3o de contatos:<\/strong><\/p>\n\n\n\n<p class=\"wp-block-paragraph\"><br>&#8211; Contato pr\u00f3ximo de casos confirmados de COVID-19:<\/p>\n\n\n\n<ul class=\"wp-block-list\"><li>Uma pessoa que teve contato f\u00edsico direto (por exemplo, apertando as m\u00e3os) com caso confirmado;<\/li><li>Uma pessoa que tenha contato direto desprotegido com secre\u00e7\u00f5es infecciosas (por exemplo, got\u00edculas de tosse, contato sem prote\u00e7\u00e3o com tecido ou len\u00e7os de papel usados e que contenham secre\u00e7\u00f5es);<\/li><li>Uma pessoa que teve contato frente a frente por 15 minutos ou mais e a uma dist\u00e2ncia inferior a 1 metro;<\/li><li>Uma pessoa que esteve em um ambiente fechado (por exemplo, sala de aula, sala de reuni\u00e3o, sala de espera do hospital etc.) por 15 minutos ou mais e a uma dist\u00e2ncia inferior a 1 metro;<\/li><li>Um profissional de sa\u00fade ou outra pessoa que cuide diretamente de um caso de COVID-19 ou trabalhadores de laborat\u00f3rio que manipulam amostras de um caso de COVID-19 sem Equipamento de Prote\u00e7\u00e3o Individual (EPI) recomendado, ou com uma poss\u00edvel viola\u00e7\u00e3o do EPI.<\/li><\/ul>\n\n\n\n<p class=\"wp-block-paragraph\">&#8211; Contato domiciliar de caso confirmado de COVID-19:<\/p>\n\n\n\n<ul class=\"wp-block-list\"><li>Uma pessoa que resida na mesma casa\/ambiente. Devem ser considerados os residentes da mesma casa, colegas de dormit\u00f3rio, creche, alojamento etc..<\/li><\/ul>","protected":false},"excerpt":{"rendered":"<p>A Secretaria de Estado da Sa\u00fade confirma mais 327 casos de Covid-19. \u00c9 o terceiro dia consecutivo que o Paran\u00e1 registra mais de tr\u00eas centenas de diagn\u00f3sticos positivos, total de confirma\u00e7\u00f5es \u00e9 de 5.820. Mais dez pessoas perderam a vida pela infec\u00e7\u00e3o, acumulado agora \u00e9 de 215 mortes.O Estado tem casos registrados em 264 munic\u00edpios [&hellip;]<\/p>\n","protected":false},"author":2,"featured_media":32370,"comment_status":"closed","ping_status":"closed","sticky":false,"template":"","format":"standard","meta":{"googlesitekit_rrm_CAow2JLhCw:productID":"","_gspb_post_css":"","maa_idioma":"","maa_pais":"","footnotes":""},"categories":[10],"tags":[],"class_list":["post-32986","post","type-post","status-publish","format-standard","has-post-thumbnail","hentry","category-geral"],"blocksy_meta":[],"yoast_head":"<!-- This site is optimized with the Yoast SEO Premium plugin v27.6 (Yoast SEO v27.6) - https:\/\/yoast.com\/product\/yoast-seo-premium-wordpress\/ -->\n<title>Em 81 dias, Paran\u00e1 registra 215 mortes pela Covid-19 - Ubirat\u00e3 Online Not\u00edcias - A realidade ao seu alcance!<\/title>\n<meta name=\"description\" content=\"A Secretaria de Estado da Sa\u00fade confirma mais 327 casos de Covid-19. \u00c9 o terceiro dia consecutivo que o Paran\u00e1 registra mais de tr\u00eas centenas de\" \/>\n<meta name=\"robots\" content=\"index, follow, max-snippet:-1, max-image-preview:large, max-video-preview:-1\" \/>\n<link rel=\"canonical\" href=\"https:\/\/ubirataonline.com.br\/en\/em-81-dias-parana-registra-215-mortes-pela-covid-19\/\" \/>\n<meta property=\"og:locale\" content=\"en_US\" \/>\n<meta property=\"og:type\" content=\"article\" \/>\n<meta property=\"og:title\" content=\"Em 81 dias, Paran\u00e1 registra 215 mortes pela Covid-19\" \/>\n<meta property=\"og:description\" content=\"A Secretaria de Estado da Sa\u00fade confirma mais 327 casos de Covid-19. \u00c9 o terceiro dia consecutivo que o Paran\u00e1 registra mais de tr\u00eas centenas de\" \/>\n<meta property=\"og:url\" content=\"https:\/\/ubirataonline.com.br\/en\/em-81-dias-parana-registra-215-mortes-pela-covid-19\/\" \/>\n<meta property=\"og:site_name\" content=\"Ubirat\u00e3 Online Not\u00edcias - A realidade ao seu alcance!\" \/>\n<meta property=\"article:publisher\" content=\"https:\/\/www.facebook.com\/portalubirataonline\" \/>\n<meta property=\"article:published_time\" content=\"2020-06-05T12:46:35+00:00\" \/>\n<meta property=\"article:modified_time\" content=\"2020-06-05T12:46:37+00:00\" \/>\n<meta property=\"og:image\" content=\"https:\/\/ubirataonline.com.br\/wp-content\/uploads\/2020\/05\/23312-868x644-1.png\" \/>\n\t<meta property=\"og:image:width\" content=\"868\" \/>\n\t<meta property=\"og:image:height\" content=\"644\" \/>\n\t<meta property=\"og:image:type\" content=\"image\/png\" \/>\n<meta name=\"author\" content=\"Vampeta\" \/>\n<meta name=\"twitter:card\" content=\"summary_large_image\" \/>\n<meta name=\"twitter:creator\" content=\"@ubirataonline\" \/>\n<meta name=\"twitter:site\" content=\"@ubirataonline\" \/>\n<meta name=\"twitter:label1\" content=\"Written by\" \/>\n\t<meta name=\"twitter:data1\" content=\"Vampeta\" \/>\n\t<meta name=\"twitter:label2\" content=\"Est. reading time\" \/>\n\t<meta name=\"twitter:data2\" content=\"6 minutes\" \/>\n<script type=\"application\/ld+json\" class=\"yoast-schema-graph\">{\"@context\":\"https:\\\/\\\/schema.org\",\"@graph\":[{\"@type\":\"NewsArticle\",\"@id\":\"https:\\\/\\\/ubirataonline.com.br\\\/em-81-dias-parana-registra-215-mortes-pela-covid-19\\\/#article\",\"isPartOf\":{\"@id\":\"https:\\\/\\\/ubirataonline.com.br\\\/em-81-dias-parana-registra-215-mortes-pela-covid-19\\\/\"},\"author\":{\"name\":\"Vampeta\",\"@id\":\"https:\\\/\\\/ubirataonline.com.br\\\/#\\\/schema\\\/person\\\/09f7a474bd1834b50dea8d1c197e976f\"},\"headline\":\"Em 81 dias, Paran\u00e1 registra 215 mortes pela Covid-19\",\"datePublished\":\"2020-06-05T12:46:35+00:00\",\"dateModified\":\"2020-06-05T12:46:37+00:00\",\"mainEntityOfPage\":{\"@id\":\"https:\\\/\\\/ubirataonline.com.br\\\/em-81-dias-parana-registra-215-mortes-pela-covid-19\\\/\"},\"wordCount\":1267,\"publisher\":{\"@id\":\"https:\\\/\\\/ubirataonline.com.br\\\/#organization\"},\"image\":{\"@id\":\"https:\\\/\\\/ubirataonline.com.br\\\/em-81-dias-parana-registra-215-mortes-pela-covid-19\\\/#primaryimage\"},\"thumbnailUrl\":\"https:\\\/\\\/ubirataonline.com.br\\\/wp-content\\\/uploads\\\/2020\\\/05\\\/23312-868x644-1.png\",\"articleSection\":[\"Geral\"],\"inLanguage\":\"en-US\",\"copyrightYear\":\"2020\",\"copyrightHolder\":{\"@id\":\"https:\\\/\\\/ubirataonline.com.br\\\/en\\\/#organization\"}},{\"@type\":\"WebPage\",\"@id\":\"https:\\\/\\\/ubirataonline.com.br\\\/em-81-dias-parana-registra-215-mortes-pela-covid-19\\\/\",\"url\":\"https:\\\/\\\/ubirataonline.com.br\\\/em-81-dias-parana-registra-215-mortes-pela-covid-19\\\/\",\"name\":\"Em 81 dias, Paran\u00e1 registra 215 mortes pela Covid-19 - Ubirat\u00e3 Online Not\u00edcias - A realidade ao seu alcance!\",\"isPartOf\":{\"@id\":\"https:\\\/\\\/ubirataonline.com.br\\\/#website\"},\"primaryImageOfPage\":{\"@id\":\"https:\\\/\\\/ubirataonline.com.br\\\/em-81-dias-parana-registra-215-mortes-pela-covid-19\\\/#primaryimage\"},\"image\":{\"@id\":\"https:\\\/\\\/ubirataonline.com.br\\\/em-81-dias-parana-registra-215-mortes-pela-covid-19\\\/#primaryimage\"},\"thumbnailUrl\":\"https:\\\/\\\/ubirataonline.com.br\\\/wp-content\\\/uploads\\\/2020\\\/05\\\/23312-868x644-1.png\",\"datePublished\":\"2020-06-05T12:46:35+00:00\",\"dateModified\":\"2020-06-05T12:46:37+00:00\",\"description\":\"A Secretaria de Estado da Sa\u00fade confirma mais 327 casos de Covid-19. \u00c9 o terceiro dia consecutivo que o Paran\u00e1 registra mais de tr\u00eas centenas de\",\"breadcrumb\":{\"@id\":\"https:\\\/\\\/ubirataonline.com.br\\\/em-81-dias-parana-registra-215-mortes-pela-covid-19\\\/#breadcrumb\"},\"inLanguage\":\"en-US\",\"potentialAction\":[{\"@type\":\"ReadAction\",\"target\":[\"https:\\\/\\\/ubirataonline.com.br\\\/em-81-dias-parana-registra-215-mortes-pela-covid-19\\\/\"]}]},{\"@type\":\"ImageObject\",\"inLanguage\":\"en-US\",\"@id\":\"https:\\\/\\\/ubirataonline.com.br\\\/em-81-dias-parana-registra-215-mortes-pela-covid-19\\\/#primaryimage\",\"url\":\"https:\\\/\\\/ubirataonline.com.br\\\/wp-content\\\/uploads\\\/2020\\\/05\\\/23312-868x644-1.png\",\"contentUrl\":\"https:\\\/\\\/ubirataonline.com.br\\\/wp-content\\\/uploads\\\/2020\\\/05\\\/23312-868x644-1.png\",\"width\":868,\"height\":644},{\"@type\":\"BreadcrumbList\",\"@id\":\"https:\\\/\\\/ubirataonline.com.br\\\/em-81-dias-parana-registra-215-mortes-pela-covid-19\\\/#breadcrumb\",\"itemListElement\":[{\"@type\":\"ListItem\",\"position\":1,\"name\":\"In\u00edcio\",\"item\":\"https:\\\/\\\/ubirataonline.com.br\\\/\"},{\"@type\":\"ListItem\",\"position\":2,\"name\":\"Em 81 dias, Paran\u00e1 registra 215 mortes pela Covid-19\"}]},{\"@type\":\"WebSite\",\"@id\":\"https:\\\/\\\/ubirataonline.com.br\\\/#website\",\"url\":\"https:\\\/\\\/ubirataonline.com.br\\\/\",\"name\":\"Ubirat\u00e3 Online Not\u00edcias\",\"description\":\"Not\u00edcias de Ubirat\u00e3, regi\u00e3o, Brasil e mundo, com informa\u00e7\u00e3o atualizada e compromisso com o leitor.\",\"publisher\":{\"@id\":\"https:\\\/\\\/ubirataonline.com.br\\\/#organization\"},\"alternateName\":\"Ubirat\u00e3 Online\",\"potentialAction\":[{\"@type\":\"SearchAction\",\"target\":{\"@type\":\"EntryPoint\",\"urlTemplate\":\"https:\\\/\\\/ubirataonline.com.br\\\/?s={search_term_string}\"},\"query-input\":{\"@type\":\"PropertyValueSpecification\",\"valueRequired\":true,\"valueName\":\"search_term_string\"}}],\"inLanguage\":\"en-US\"},{\"@type\":[\"Organization\",\"Place\"],\"@id\":\"https:\\\/\\\/ubirataonline.com.br\\\/#organization\",\"name\":\"Ubirat\u00e3 Online Not\u00edcias\",\"alternateName\":\"Ubirat\u00e3 Online\",\"url\":\"https:\\\/\\\/ubirataonline.com.br\\\/\",\"logo\":{\"@id\":\"https:\\\/\\\/ubirataonline.com.br\\\/em-81-dias-parana-registra-215-mortes-pela-covid-19\\\/#local-main-organization-logo\"},\"image\":{\"@id\":\"https:\\\/\\\/ubirataonline.com.br\\\/em-81-dias-parana-registra-215-mortes-pela-covid-19\\\/#local-main-organization-logo\"},\"sameAs\":[\"https:\\\/\\\/www.facebook.com\\\/portalubirataonline\",\"https:\\\/\\\/x.com\\\/ubirataonline\",\"https:\\\/\\\/mastodon.social\\\/@ubirataonline\",\"https:\\\/\\\/www.facebook.com\\\/groups\\\/311144672285604\",\"https:\\\/\\\/www.facebook.com\\\/UBTAOnline\",\"https:\\\/\\\/www.instagram.com\\\/portalubirataonline\\\/\",\"https:\\\/\\\/twitter.com\\\/ubirataonline\"],\"description\":\"Somos um portal de not\u00edcias independente, criado em 5 de janeiro de 2009, com o objetivo de informar, conectar e valorizar a nossa comunidade de Ubirat\u00e3 e toda aregi\u00e3o. Com conte\u00fado atualizado, confi\u00e1vel e relevante, o Ubirat\u00e3 Online \u00e9 o seu espa\u00e7o para ficar por dentro dos principais acontecimentos locais, regionais, Brasil, Mundo e de interesse geral. Nosso compromisso \u00e9 com a verdade, a transpar\u00eancia e o respeito ao leitor.\",\"legalName\":\"UBIRATA ONLINE NOT\u00cdCIAS\",\"foundingDate\":\"2009-01-05\",\"numberOfEmployees\":{\"@type\":\"QuantitativeValue\",\"minValue\":\"1\",\"maxValue\":\"10\"},\"publishingPrinciples\":\"https:\\\/\\\/ubirataonline.com.br\\\/faq\\\/\",\"address\":{\"@id\":\"https:\\\/\\\/ubirataonline.com.br\\\/em-81-dias-parana-registra-215-mortes-pela-covid-19\\\/#local-main-place-address\"},\"geo\":{\"@type\":\"GeoCoordinates\",\"latitude\":\"-24.5361401\",\"longitude\":\"-52.9921776\"},\"telephone\":[\"+5544998308235\"],\"contactPoint\":{\"@type\":\"ContactPoint\",\"email\":\"contato@ubirataonline.com.br\"},\"openingHoursSpecification\":{\"@type\":\"OpeningHoursSpecification\",\"dayOfWeek\":[\"Monday\",\"Tuesday\",\"Wednesday\",\"Thursday\",\"Friday\",\"Saturday\",\"Sunday\"],\"opens\":\"00:00\",\"closes\":\"23:59\"},\"email\":\"contato@ubirataonline.com.br\",\"vatID\":\"47.621.418\\\/0001-80\"},{\"@type\":\"Person\",\"@id\":\"https:\\\/\\\/ubirataonline.com.br\\\/#\\\/schema\\\/person\\\/09f7a474bd1834b50dea8d1c197e976f\",\"name\":\"Vampeta\",\"sameAs\":[\"https:\\\/\\\/ubirataonline.com.br\"],\"url\":\"https:\\\/\\\/ubirataonline.com.br\\\/en\\\/author\\\/vampeta\\\/\"},{\"@type\":\"PostalAddress\",\"@id\":\"https:\\\/\\\/ubirataonline.com.br\\\/em-81-dias-parana-registra-215-mortes-pela-covid-19\\\/#local-main-place-address\",\"streetAddress\":\"Rua dos Coqueiros, 104 - Bairro Boa Vista, Rua dos Coqueiros, 104 Bairro Boa Vista\",\"addressLocality\":\"UBIRATA\",\"postalCode\":\"85440-000\",\"addressRegion\":\"PR\",\"addressCountry\":\"BR\"},{\"@type\":\"ImageObject\",\"inLanguage\":\"en-US\",\"@id\":\"https:\\\/\\\/ubirataonline.com.br\\\/em-81-dias-parana-registra-215-mortes-pela-covid-19\\\/#local-main-organization-logo\",\"url\":\"https:\\\/\\\/ubirataonline.com.br\\\/wp-content\\\/uploads\\\/2026\\\/06\\\/logoubirataonline-1.webp\",\"contentUrl\":\"https:\\\/\\\/ubirataonline.com.br\\\/wp-content\\\/uploads\\\/2026\\\/06\\\/logoubirataonline-1.webp\",\"width\":500,\"height\":500,\"caption\":\"Ubirat\u00e3 Online Not\u00edcias\"}]}<\/script>\n<meta name=\"geo.placename\" content=\"UBIRATA\" \/>\n<meta name=\"geo.position\" content=\"-24.5361401;-52.9921776\" \/>\n<meta name=\"geo.region\" content=\"Brazil\" \/>\n<!-- \/ Yoast SEO Premium plugin. -->","yoast_head_json":{"title":"Em 81 dias, Paran\u00e1 registra 215 mortes pela Covid-19 - Ubirat\u00e3 Online Not\u00edcias - A realidade ao seu alcance!","description":"A Secretaria de Estado da Sa\u00fade confirma mais 327 casos de Covid-19. \u00c9 o terceiro dia consecutivo que o Paran\u00e1 registra mais de tr\u00eas centenas de","robots":{"index":"index","follow":"follow","max-snippet":"max-snippet:-1","max-image-preview":"max-image-preview:large","max-video-preview":"max-video-preview:-1"},"canonical":"https:\/\/ubirataonline.com.br\/en\/em-81-dias-parana-registra-215-mortes-pela-covid-19\/","og_locale":"en_US","og_type":"article","og_title":"Em 81 dias, Paran\u00e1 registra 215 mortes pela Covid-19","og_description":"A Secretaria de Estado da Sa\u00fade confirma mais 327 casos de Covid-19. \u00c9 o terceiro dia consecutivo que o Paran\u00e1 registra mais de tr\u00eas centenas de","og_url":"https:\/\/ubirataonline.com.br\/en\/em-81-dias-parana-registra-215-mortes-pela-covid-19\/","og_site_name":"Ubirat\u00e3 Online Not\u00edcias - A realidade ao seu alcance!","article_publisher":"https:\/\/www.facebook.com\/portalubirataonline","article_published_time":"2020-06-05T12:46:35+00:00","article_modified_time":"2020-06-05T12:46:37+00:00","og_image":[{"width":868,"height":644,"url":"https:\/\/ubirataonline.com.br\/wp-content\/uploads\/2020\/05\/23312-868x644-1.png","type":"image\/png"}],"author":"Vampeta","twitter_card":"summary_large_image","twitter_creator":"@ubirataonline","twitter_site":"@ubirataonline","twitter_misc":{"Written by":"Vampeta","Est. reading time":"6 minutes"},"schema":{"@context":"https:\/\/schema.org","@graph":[{"@type":"NewsArticle","@id":"https:\/\/ubirataonline.com.br\/em-81-dias-parana-registra-215-mortes-pela-covid-19\/#article","isPartOf":{"@id":"https:\/\/ubirataonline.com.br\/em-81-dias-parana-registra-215-mortes-pela-covid-19\/"},"author":{"name":"Vampeta","@id":"https:\/\/ubirataonline.com.br\/#\/schema\/person\/09f7a474bd1834b50dea8d1c197e976f"},"headline":"Em 81 dias, Paran\u00e1 registra 215 mortes pela Covid-19","datePublished":"2020-06-05T12:46:35+00:00","dateModified":"2020-06-05T12:46:37+00:00","mainEntityOfPage":{"@id":"https:\/\/ubirataonline.com.br\/em-81-dias-parana-registra-215-mortes-pela-covid-19\/"},"wordCount":1267,"publisher":{"@id":"https:\/\/ubirataonline.com.br\/#organization"},"image":{"@id":"https:\/\/ubirataonline.com.br\/em-81-dias-parana-registra-215-mortes-pela-covid-19\/#primaryimage"},"thumbnailUrl":"https:\/\/ubirataonline.com.br\/wp-content\/uploads\/2020\/05\/23312-868x644-1.png","articleSection":["Geral"],"inLanguage":"en-US","copyrightYear":"2020","copyrightHolder":{"@id":"https:\/\/ubirataonline.com.br\/en\/#organization"}},{"@type":"WebPage","@id":"https:\/\/ubirataonline.com.br\/em-81-dias-parana-registra-215-mortes-pela-covid-19\/","url":"https:\/\/ubirataonline.com.br\/em-81-dias-parana-registra-215-mortes-pela-covid-19\/","name":"Em 81 dias, Paran\u00e1 registra 215 mortes pela Covid-19 - Ubirat\u00e3 Online Not\u00edcias - A realidade ao seu alcance!","isPartOf":{"@id":"https:\/\/ubirataonline.com.br\/#website"},"primaryImageOfPage":{"@id":"https:\/\/ubirataonline.com.br\/em-81-dias-parana-registra-215-mortes-pela-covid-19\/#primaryimage"},"image":{"@id":"https:\/\/ubirataonline.com.br\/em-81-dias-parana-registra-215-mortes-pela-covid-19\/#primaryimage"},"thumbnailUrl":"https:\/\/ubirataonline.com.br\/wp-content\/uploads\/2020\/05\/23312-868x644-1.png","datePublished":"2020-06-05T12:46:35+00:00","dateModified":"2020-06-05T12:46:37+00:00","description":"A Secretaria de Estado da Sa\u00fade confirma mais 327 casos de Covid-19. \u00c9 o terceiro dia consecutivo que o Paran\u00e1 registra mais de tr\u00eas centenas de","breadcrumb":{"@id":"https:\/\/ubirataonline.com.br\/em-81-dias-parana-registra-215-mortes-pela-covid-19\/#breadcrumb"},"inLanguage":"en-US","potentialAction":[{"@type":"ReadAction","target":["https:\/\/ubirataonline.com.br\/em-81-dias-parana-registra-215-mortes-pela-covid-19\/"]}]},{"@type":"ImageObject","inLanguage":"en-US","@id":"https:\/\/ubirataonline.com.br\/em-81-dias-parana-registra-215-mortes-pela-covid-19\/#primaryimage","url":"https:\/\/ubirataonline.com.br\/wp-content\/uploads\/2020\/05\/23312-868x644-1.png","contentUrl":"https:\/\/ubirataonline.com.br\/wp-content\/uploads\/2020\/05\/23312-868x644-1.png","width":868,"height":644},{"@type":"BreadcrumbList","@id":"https:\/\/ubirataonline.com.br\/em-81-dias-parana-registra-215-mortes-pela-covid-19\/#breadcrumb","itemListElement":[{"@type":"ListItem","position":1,"name":"In\u00edcio","item":"https:\/\/ubirataonline.com.br\/"},{"@type":"ListItem","position":2,"name":"Em 81 dias, Paran\u00e1 registra 215 mortes pela Covid-19"}]},{"@type":"WebSite","@id":"https:\/\/ubirataonline.com.br\/#website","url":"https:\/\/ubirataonline.com.br\/","name":"Ubirat\u00e3 Online Not\u00edcias","description":"Not\u00edcias de Ubirat\u00e3, regi\u00e3o, Brasil e mundo, com informa\u00e7\u00e3o atualizada e compromisso com o leitor.","publisher":{"@id":"https:\/\/ubirataonline.com.br\/#organization"},"alternateName":"Ubirat\u00e3 Online","potentialAction":[{"@type":"SearchAction","target":{"@type":"EntryPoint","urlTemplate":"https:\/\/ubirataonline.com.br\/?s={search_term_string}"},"query-input":{"@type":"PropertyValueSpecification","valueRequired":true,"valueName":"search_term_string"}}],"inLanguage":"en-US"},{"@type":["Organization","Place"],"@id":"https:\/\/ubirataonline.com.br\/#organization","name":"Ubirat\u00e3 Online Not\u00edcias","alternateName":"Ubirat\u00e3 Online","url":"https:\/\/ubirataonline.com.br\/","logo":{"@id":"https:\/\/ubirataonline.com.br\/em-81-dias-parana-registra-215-mortes-pela-covid-19\/#local-main-organization-logo"},"image":{"@id":"https:\/\/ubirataonline.com.br\/em-81-dias-parana-registra-215-mortes-pela-covid-19\/#local-main-organization-logo"},"sameAs":["https:\/\/www.facebook.com\/portalubirataonline","https:\/\/x.com\/ubirataonline","https:\/\/mastodon.social\/@ubirataonline","https:\/\/www.facebook.com\/groups\/311144672285604","https:\/\/www.facebook.com\/UBTAOnline","https:\/\/www.instagram.com\/portalubirataonline\/","https:\/\/twitter.com\/ubirataonline"],"description":"Somos um portal de not\u00edcias independente, criado em 5 de janeiro de 2009, com o objetivo de informar, conectar e valorizar a nossa comunidade de Ubirat\u00e3 e toda aregi\u00e3o. Com conte\u00fado atualizado, confi\u00e1vel e relevante, o Ubirat\u00e3 Online \u00e9 o seu espa\u00e7o para ficar por dentro dos principais acontecimentos locais, regionais, Brasil, Mundo e de interesse geral. Nosso compromisso \u00e9 com a verdade, a transpar\u00eancia e o respeito ao leitor.","legalName":"UBIRATA ONLINE NOT\u00cdCIAS","foundingDate":"2009-01-05","numberOfEmployees":{"@type":"QuantitativeValue","minValue":"1","maxValue":"10"},"publishingPrinciples":"https:\/\/ubirataonline.com.br\/faq\/","address":{"@id":"https:\/\/ubirataonline.com.br\/em-81-dias-parana-registra-215-mortes-pela-covid-19\/#local-main-place-address"},"geo":{"@type":"GeoCoordinates","latitude":"-24.5361401","longitude":"-52.9921776"},"telephone":["+5544998308235"],"contactPoint":{"@type":"ContactPoint","email":"contato@ubirataonline.com.br"},"openingHoursSpecification":{"@type":"OpeningHoursSpecification","dayOfWeek":["Monday","Tuesday","Wednesday","Thursday","Friday","Saturday","Sunday"],"opens":"00:00","closes":"23:59"},"email":"contato@ubirataonline.com.br","vatID":"47.621.418\/0001-80"},{"@type":"Person","@id":"https:\/\/ubirataonline.com.br\/#\/schema\/person\/09f7a474bd1834b50dea8d1c197e976f","name":"Vampeta","sameAs":["https:\/\/ubirataonline.com.br"],"url":"https:\/\/ubirataonline.com.br\/en\/author\/vampeta\/"},{"@type":"PostalAddress","@id":"https:\/\/ubirataonline.com.br\/em-81-dias-parana-registra-215-mortes-pela-covid-19\/#local-main-place-address","streetAddress":"Rua dos Coqueiros, 104 - Bairro Boa Vista, Rua dos Coqueiros, 104 Bairro Boa Vista","addressLocality":"UBIRATA","postalCode":"85440-000","addressRegion":"PR","addressCountry":"BR"},{"@type":"ImageObject","inLanguage":"en-US","@id":"https:\/\/ubirataonline.com.br\/em-81-dias-parana-registra-215-mortes-pela-covid-19\/#local-main-organization-logo","url":"https:\/\/ubirataonline.com.br\/wp-content\/uploads\/2026\/06\/logoubirataonline-1.webp","contentUrl":"https:\/\/ubirataonline.com.br\/wp-content\/uploads\/2026\/06\/logoubirataonline-1.webp","width":500,"height":500,"caption":"Ubirat\u00e3 Online Not\u00edcias"}]},"geo.placename":"UBIRATA","geo.position":{"lat":"-24.5361401","long":"-52.9921776"},"geo.region":"Brazil"},"_links":{"self":[{"href":"https:\/\/ubirataonline.com.br\/en\/wp-json\/wp\/v2\/posts\/32986","targetHints":{"allow":["GET"]}}],"collection":[{"href":"https:\/\/ubirataonline.com.br\/en\/wp-json\/wp\/v2\/posts"}],"about":[{"href":"https:\/\/ubirataonline.com.br\/en\/wp-json\/wp\/v2\/types\/post"}],"author":[{"embeddable":true,"href":"https:\/\/ubirataonline.com.br\/en\/wp-json\/wp\/v2\/users\/2"}],"replies":[{"embeddable":true,"href":"https:\/\/ubirataonline.com.br\/en\/wp-json\/wp\/v2\/comments?post=32986"}],"version-history":[{"count":0,"href":"https:\/\/ubirataonline.com.br\/en\/wp-json\/wp\/v2\/posts\/32986\/revisions"}],"wp:featuredmedia":[{"embeddable":true,"href":"https:\/\/ubirataonline.com.br\/en\/wp-json\/wp\/v2\/media\/32370"}],"wp:attachment":[{"href":"https:\/\/ubirataonline.com.br\/en\/wp-json\/wp\/v2\/media?parent=32986"}],"wp:term":[{"taxonomy":"category","embeddable":true,"href":"https:\/\/ubirataonline.com.br\/en\/wp-json\/wp\/v2\/categories?post=32986"},{"taxonomy":"post_tag","embeddable":true,"href":"https:\/\/ubirataonline.com.br\/en\/wp-json\/wp\/v2\/tags?post=32986"}],"curies":[{"name":"wp","href":"https:\/\/api.w.org\/{rel}","templated":true}]}}