{"id":33343,"date":"2020-06-18T08:05:15","date_gmt":"2020-06-18T11:05:15","guid":{"rendered":"https:\/\/ubirataonline.com.br\/?p=33343"},"modified":"2020-06-18T08:05:19","modified_gmt":"2020-06-18T11:05:19","slug":"3o-caso-positivo-de-coronavirus-e-registrado-em-ubirata","status":"publish","type":"post","link":"https:\/\/ubirataonline.com.br\/en\/3o-caso-positivo-de-coronavirus-e-registrado-em-ubirata\/","title":{"rendered":"3\u00ba caso positivo de Coronav\u00edrus \u00e9 registrado em Ubirat\u00e3"},"content":{"rendered":"<p class=\"wp-block-paragraph\"><\/p>\n\n\n\n<p class=\"wp-block-paragraph\">As tr\u00eas pessoas que testaram positivo para o COVID-19 em Ubirat\u00e3 j\u00e1 est\u00e3o <strong>recuperadas.<\/strong><\/p>\n\n\n\n<p class=\"wp-block-paragraph\">A Secretaria Municipal de Sa\u00fade divulgou nesta quarta-feira (17), o 15\u00ba Boletim Epidemiol\u00f3gico oficial com informa\u00e7\u00f5es sobre o Coronav\u00edrus &#8211; COVID-19 e sobre a situa\u00e7\u00e3o da Dengue no munic\u00edpio de Ubirat\u00e3.<\/p>\n\n\n\n<p class=\"wp-block-paragraph\">De acordo com a Secretaria de Sa\u00fade, semanalmente ser\u00e1 divulgado as informa\u00e7\u00f5es oficiais sobre as doen\u00e7as.<\/p>\n\n\n\n<p class=\"wp-block-paragraph\">O boletim traz as seguintes informa\u00e7\u00f5es:<\/p>\n\n\n\n<p class=\"wp-block-paragraph\"><strong>CORONAV\u00cdRUS<\/strong><\/p>\n\n\n\n<p class=\"wp-block-paragraph\">&#8211; 34 Pessoas monitoradas por sintomas respirat\u00f3rios;<\/p>\n\n\n\n<p class=\"wp-block-paragraph\">&#8211; 83 Pessoas monitoradas sem sintomas respirat\u00f3rios;<\/p>\n\n\n\n<p class=\"wp-block-paragraph\">&#8211; 65 Pessoas que fizeram Exame para COVID-19;<\/p>\n\n\n\n<p class=\"wp-block-paragraph\">&#8211; 58 Casos descartados laboratorialmente de COVID-19 em Ubirat\u00e3;<\/p>\n\n\n\n<p class=\"wp-block-paragraph\">&#8211; 4 Casos em investiga\u00e7\u00e3o de COVID-19 em Ubirat\u00e3;<\/p>\n\n\n\n<p class=\"wp-block-paragraph\">&#8211; 3 Casos confirmados de COVID-19 em Ubirat\u00e3;<\/p>\n\n\n\n<p class=\"wp-block-paragraph\">&#8211; 0 \u00d3bito por COVID-19 em Ubirat\u00e3.<\/p>\n\n\n\n<p class=\"wp-block-paragraph\">Fonte: Vigil\u00e2ncia Epidemiol\u00f3gica de Ubirat\u00e3. Dados de 17\/06\/2020 \u00e0s 18:02 Hrs.<\/p>\n\n\n\n<p class=\"wp-block-paragraph\">A Vigil\u00e2ncia epidemiol\u00f3gica de Ubirat\u00e3 informa o Terceiro Caso Positivo de Novo Coronav\u00edrus, com resultado positivo no dia de hoje (17), ainda informamos que todas as medidas necess\u00e1rias foram tomadas na tarde de hoje, como isolamento do paciente e contatos bloqueio da transmiss\u00e3o, estas medidas visam a total seguran\u00e7a do paciente e da comunidade. Os contatos do paciente foram rastreados e est\u00e3o sendo acompanhados da mesma forma. Atualmente 117 pessoas est\u00e3o em monitoramento pelas nossas equipes da Aten\u00e7\u00e3o B\u00e1sica, destes 34 apresentaram sintomas respirat\u00f3rios, os demais (83) est\u00e3o em monitoramento por terem contato com pacientes positivos ou por terem sa\u00eddo do munic\u00edpio.<\/p>\n\n\n\n<p class=\"wp-block-paragraph\">A maioria das unidades tem pacientes monitorados, A unidade de Sa\u00fade Boa Vista atualmente monitora 28,9% dos pacientes desse grupo. Seguido pelas Unidades Central e Yolanda, que compreende o Distrito de Yolanda, e as comunidades rurais, a unidade do S\u00e3o Joaquim neste momento \u00e9 exce\u00e7\u00e3o O monitoramento, de modo geral ocorre por via telef\u00f4nica e ou pelas redes sociais, onde diariamente os profissionais entram em contato com os pacientes e seus familiares, perguntando sobre o estado de sa\u00fade dos monitorados e familiares.<\/p>\n\n\n\n<p class=\"wp-block-paragraph\">Os dados e quantidade de pessoas que s\u00e3o acompanhadas, est\u00e1 disponibilizado semanalmente atrav\u00e9s deste boletim dispon\u00edvel no Site da prefeitura municipal de Ubirat\u00e3. Para facilitar o entendimento desse documento, juntamente a ele s\u00e3o veiculados nas redes sociais do munic\u00edpio uma edi\u00e7\u00e3o gr\u00e1fica resumida do n\u00famero de casos do boletim. Todos os documentos s\u00e3o identificados com o bras\u00e3o do munic\u00edpio, como na imagem ao lado, a fim de comprovarem que s\u00e3o informa\u00e7\u00f5es reais evitando a dissemina\u00e7\u00e3o de not\u00edcias falsas. Quem se informa, se cuida.<\/p>\n\n\n\n<p class=\"wp-block-paragraph\"><strong>DENGUE<\/strong><\/p>\n\n\n\n<p class=\"wp-block-paragraph\">&#8211; 1.987 Casos notificados por Dengue em Ubirat\u00e3 em 2020;<\/p>\n\n\n\n<p class=\"wp-block-paragraph\">&#8211; 53 Casos em an\u00e1lise para Dengue em Ubirat\u00e3 em 2020;<\/p>\n\n\n\n<p class=\"wp-block-paragraph\">&#8211; 1.421 Casos confirmados de Dengue em Ubirat\u00e3 em 2020;<\/p>\n\n\n\n<p class=\"wp-block-paragraph\">&#8211; 513 Casos descartados de Dengue em Ubirat\u00e3 em 2020;<\/p>\n\n\n\n<p class=\"wp-block-paragraph\">&#8211; 1 \u00d3bito por Dengue em Ubirat\u00e3 em 2020**.<\/p>\n\n\n\n<p class=\"wp-block-paragraph\">** O munic\u00edpio aguarda informa\u00e7\u00f5es do Governo do Estado, relacionadas a crit\u00e9rios de fechamento de um segundo caso de \u00f3bito por Dengue informado em seu \u00faltimo boletim<\/p>\n\n\n\n<p class=\"wp-block-paragraph\">Fonte: Vigil\u00e2ncia Epidemiol\u00f3gica de Ubirat\u00e3. Dados de 17\/06\/2020 \u00e0s 10:53 Hrs.<\/p>\n\n\n\n<p class=\"wp-block-paragraph\">CLIQUE NO LINK ABAIXO PARA BAIXAR O 15\u00ba BOLETIM EPIDEMIOL\u00d3GICO \u2013 CORANAV\u00cdRUS \u2013 17-06-2020<a href=\"http:\/\/www.controlemunicipal.com.br\/inga\/sistema\/arquivos\/46\/170620224730_boletim_epidemiologico_xv_17_de_junho_de_2020_pdf.pdf\">http:\/\/www.controlemunicipal.com.br\/inga\/sistema\/arquivos\/46\/170620224730_boletim_epidemiologico_xv_17_de_junho_de_2020_pdf.pdf<\/a><\/p>","protected":false},"excerpt":{"rendered":"<p>As tr\u00eas pessoas que testaram positivo para o COVID-19 em Ubirat\u00e3 j\u00e1 est\u00e3o recuperadas. A Secretaria Municipal de Sa\u00fade divulgou nesta quarta-feira (17), o 15\u00ba Boletim Epidemiol\u00f3gico oficial com informa\u00e7\u00f5es sobre o Coronav\u00edrus &#8211; COVID-19 e sobre a situa\u00e7\u00e3o da Dengue no munic\u00edpio de Ubirat\u00e3. De acordo com a Secretaria de Sa\u00fade, semanalmente ser\u00e1 divulgado [&hellip;]<\/p>\n","protected":false},"author":1,"featured_media":33344,"comment_status":"closed","ping_status":"closed","sticky":false,"template":"","format":"standard","meta":{"googlesitekit_rrm_CAow2JLhCw:productID":"","_gspb_post_css":"","maa_idioma":"","maa_pais":"","footnotes":""},"categories":[30],"tags":[],"class_list":["post-33343","post","type-post","status-publish","format-standard","has-post-thumbnail","hentry","category-saude"],"blocksy_meta":[],"yoast_head":"<!-- This site is optimized with the Yoast SEO Premium plugin v27.6 (Yoast SEO v27.6) - https:\/\/yoast.com\/product\/yoast-seo-premium-wordpress\/ -->\n<title>3\u00ba caso positivo de Coronav\u00edrus \u00e9 registrado em Ubirat\u00e3 - Ubirat\u00e3 Online Not\u00edcias - A realidade ao seu alcance!<\/title>\n<meta name=\"description\" content=\"As tr\u00eas pessoas que testaram positivo para o COVID-19 em Ubirat\u00e3 j\u00e1 est\u00e3o recuperadas. A Secretaria Municipal de Sa\u00fade divulgou nesta quarta-feira (17), o\" \/>\n<meta name=\"robots\" content=\"index, follow, max-snippet:-1, max-image-preview:large, max-video-preview:-1\" \/>\n<link rel=\"canonical\" href=\"https:\/\/ubirataonline.com.br\/en\/3o-caso-positivo-de-coronavirus-e-registrado-em-ubirata\/\" \/>\n<meta property=\"og:locale\" content=\"en_US\" \/>\n<meta property=\"og:type\" content=\"article\" \/>\n<meta property=\"og:title\" content=\"3\u00ba caso positivo de Coronav\u00edrus \u00e9 registrado em Ubirat\u00e3\" \/>\n<meta property=\"og:description\" content=\"As tr\u00eas pessoas que testaram positivo para o COVID-19 em Ubirat\u00e3 j\u00e1 est\u00e3o recuperadas. A Secretaria Municipal de Sa\u00fade divulgou nesta quarta-feira (17), o\" \/>\n<meta property=\"og:url\" content=\"https:\/\/ubirataonline.com.br\/en\/3o-caso-positivo-de-coronavirus-e-registrado-em-ubirata\/\" \/>\n<meta property=\"og:site_name\" content=\"Ubirat\u00e3 Online Not\u00edcias - A realidade ao seu alcance!\" \/>\n<meta property=\"article:publisher\" content=\"https:\/\/www.facebook.com\/portalubirataonline\" \/>\n<meta property=\"article:author\" content=\"https:\/\/www.facebook.com\/portalubirataonline\" \/>\n<meta property=\"article:published_time\" content=\"2020-06-18T11:05:15+00:00\" \/>\n<meta property=\"article:modified_time\" content=\"2020-06-18T11:05:19+00:00\" \/>\n<meta property=\"og:image\" content=\"https:\/\/ubirataonline.com.br\/wp-content\/uploads\/2020\/06\/BOLETIM-CORONAVIRUS-17-06.jpg\" \/>\n\t<meta property=\"og:image:width\" content=\"842\" \/>\n\t<meta property=\"og:image:height\" content=\"842\" \/>\n\t<meta property=\"og:image:type\" content=\"image\/jpeg\" \/>\n<meta name=\"author\" content=\"REDA\u00c7\u00c3O: UBIRAT\u00c3 ONLINE - F\u00c1BIO AUGUSTO CELESTINO\" \/>\n<meta name=\"twitter:card\" content=\"summary_large_image\" \/>\n<meta name=\"twitter:creator\" content=\"@x.com\/ubirataonline\" \/>\n<meta name=\"twitter:site\" content=\"@ubirataonline\" \/>\n<meta name=\"twitter:label1\" content=\"Written by\" \/>\n\t<meta name=\"twitter:data1\" content=\"REDA\u00c7\u00c3O: UBIRAT\u00c3 ONLINE - F\u00c1BIO AUGUSTO CELESTINO\" \/>\n\t<meta name=\"twitter:label2\" content=\"Est. reading time\" \/>\n\t<meta name=\"twitter:data2\" content=\"3 minutes\" \/>\n<script type=\"application\/ld+json\" class=\"yoast-schema-graph\">{\"@context\":\"https:\\\/\\\/schema.org\",\"@graph\":[{\"@type\":\"NewsArticle\",\"@id\":\"https:\\\/\\\/ubirataonline.com.br\\\/3o-caso-positivo-de-coronavirus-e-registrado-em-ubirata\\\/#article\",\"isPartOf\":{\"@id\":\"https:\\\/\\\/ubirataonline.com.br\\\/3o-caso-positivo-de-coronavirus-e-registrado-em-ubirata\\\/\"},\"author\":{\"name\":\"REDA\u00c7\u00c3O: UBIRAT\u00c3 ONLINE - F\u00c1BIO AUGUSTO CELESTINO\",\"@id\":\"https:\\\/\\\/ubirataonline.com.br\\\/#\\\/schema\\\/person\\\/372f87bbd3fdd79b8556b84c98d0bc1c\"},\"headline\":\"3\u00ba caso positivo de Coronav\u00edrus \u00e9 registrado em Ubirat\u00e3\",\"datePublished\":\"2020-06-18T11:05:15+00:00\",\"dateModified\":\"2020-06-18T11:05:19+00:00\",\"mainEntityOfPage\":{\"@id\":\"https:\\\/\\\/ubirataonline.com.br\\\/3o-caso-positivo-de-coronavirus-e-registrado-em-ubirata\\\/\"},\"wordCount\":556,\"publisher\":{\"@id\":\"https:\\\/\\\/ubirataonline.com.br\\\/#organization\"},\"image\":{\"@id\":\"https:\\\/\\\/ubirataonline.com.br\\\/3o-caso-positivo-de-coronavirus-e-registrado-em-ubirata\\\/#primaryimage\"},\"thumbnailUrl\":\"https:\\\/\\\/ubirataonline.com.br\\\/wp-content\\\/uploads\\\/2020\\\/06\\\/BOLETIM-CORONAVIRUS-17-06.jpg\",\"articleSection\":[\"Sa\u00fade\"],\"inLanguage\":\"en-US\",\"copyrightYear\":\"2020\",\"copyrightHolder\":{\"@id\":\"https:\\\/\\\/ubirataonline.com.br\\\/en\\\/#organization\"}},{\"@type\":\"WebPage\",\"@id\":\"https:\\\/\\\/ubirataonline.com.br\\\/3o-caso-positivo-de-coronavirus-e-registrado-em-ubirata\\\/\",\"url\":\"https:\\\/\\\/ubirataonline.com.br\\\/3o-caso-positivo-de-coronavirus-e-registrado-em-ubirata\\\/\",\"name\":\"3\u00ba caso positivo de Coronav\u00edrus \u00e9 registrado em Ubirat\u00e3 - Ubirat\u00e3 Online Not\u00edcias - A realidade ao seu alcance!\",\"isPartOf\":{\"@id\":\"https:\\\/\\\/ubirataonline.com.br\\\/#website\"},\"primaryImageOfPage\":{\"@id\":\"https:\\\/\\\/ubirataonline.com.br\\\/3o-caso-positivo-de-coronavirus-e-registrado-em-ubirata\\\/#primaryimage\"},\"image\":{\"@id\":\"https:\\\/\\\/ubirataonline.com.br\\\/3o-caso-positivo-de-coronavirus-e-registrado-em-ubirata\\\/#primaryimage\"},\"thumbnailUrl\":\"https:\\\/\\\/ubirataonline.com.br\\\/wp-content\\\/uploads\\\/2020\\\/06\\\/BOLETIM-CORONAVIRUS-17-06.jpg\",\"datePublished\":\"2020-06-18T11:05:15+00:00\",\"dateModified\":\"2020-06-18T11:05:19+00:00\",\"description\":\"As tr\u00eas pessoas que testaram positivo para o COVID-19 em Ubirat\u00e3 j\u00e1 est\u00e3o recuperadas. A Secretaria Municipal de Sa\u00fade divulgou nesta quarta-feira (17), o\",\"breadcrumb\":{\"@id\":\"https:\\\/\\\/ubirataonline.com.br\\\/3o-caso-positivo-de-coronavirus-e-registrado-em-ubirata\\\/#breadcrumb\"},\"inLanguage\":\"en-US\",\"potentialAction\":[{\"@type\":\"ReadAction\",\"target\":[\"https:\\\/\\\/ubirataonline.com.br\\\/3o-caso-positivo-de-coronavirus-e-registrado-em-ubirata\\\/\"]}]},{\"@type\":\"ImageObject\",\"inLanguage\":\"en-US\",\"@id\":\"https:\\\/\\\/ubirataonline.com.br\\\/3o-caso-positivo-de-coronavirus-e-registrado-em-ubirata\\\/#primaryimage\",\"url\":\"https:\\\/\\\/ubirataonline.com.br\\\/wp-content\\\/uploads\\\/2020\\\/06\\\/BOLETIM-CORONAVIRUS-17-06.jpg\",\"contentUrl\":\"https:\\\/\\\/ubirataonline.com.br\\\/wp-content\\\/uploads\\\/2020\\\/06\\\/BOLETIM-CORONAVIRUS-17-06.jpg\",\"width\":842,\"height\":842},{\"@type\":\"BreadcrumbList\",\"@id\":\"https:\\\/\\\/ubirataonline.com.br\\\/3o-caso-positivo-de-coronavirus-e-registrado-em-ubirata\\\/#breadcrumb\",\"itemListElement\":[{\"@type\":\"ListItem\",\"position\":1,\"name\":\"In\u00edcio\",\"item\":\"https:\\\/\\\/ubirataonline.com.br\\\/\"},{\"@type\":\"ListItem\",\"position\":2,\"name\":\"3\u00ba caso positivo de Coronav\u00edrus \u00e9 registrado em Ubirat\u00e3\"}]},{\"@type\":\"WebSite\",\"@id\":\"https:\\\/\\\/ubirataonline.com.br\\\/#website\",\"url\":\"https:\\\/\\\/ubirataonline.com.br\\\/\",\"name\":\"Ubirat\u00e3 Online Not\u00edcias\",\"description\":\"Not\u00edcias de Ubirat\u00e3, regi\u00e3o, Brasil e mundo, com informa\u00e7\u00e3o atualizada e compromisso com o leitor.\",\"publisher\":{\"@id\":\"https:\\\/\\\/ubirataonline.com.br\\\/#organization\"},\"alternateName\":\"Ubirat\u00e3 Online\",\"potentialAction\":[{\"@type\":\"SearchAction\",\"target\":{\"@type\":\"EntryPoint\",\"urlTemplate\":\"https:\\\/\\\/ubirataonline.com.br\\\/?s={search_term_string}\"},\"query-input\":{\"@type\":\"PropertyValueSpecification\",\"valueRequired\":true,\"valueName\":\"search_term_string\"}}],\"inLanguage\":\"en-US\"},{\"@type\":[\"Organization\",\"Place\"],\"@id\":\"https:\\\/\\\/ubirataonline.com.br\\\/#organization\",\"name\":\"Ubirat\u00e3 Online Not\u00edcias\",\"alternateName\":\"Ubirat\u00e3 Online\",\"url\":\"https:\\\/\\\/ubirataonline.com.br\\\/\",\"logo\":{\"@id\":\"https:\\\/\\\/ubirataonline.com.br\\\/3o-caso-positivo-de-coronavirus-e-registrado-em-ubirata\\\/#local-main-organization-logo\"},\"image\":{\"@id\":\"https:\\\/\\\/ubirataonline.com.br\\\/3o-caso-positivo-de-coronavirus-e-registrado-em-ubirata\\\/#local-main-organization-logo\"},\"sameAs\":[\"https:\\\/\\\/www.facebook.com\\\/portalubirataonline\",\"https:\\\/\\\/x.com\\\/ubirataonline\",\"https:\\\/\\\/mastodon.social\\\/@ubirataonline\",\"https:\\\/\\\/www.facebook.com\\\/groups\\\/311144672285604\",\"https:\\\/\\\/www.facebook.com\\\/UBTAOnline\",\"https:\\\/\\\/www.instagram.com\\\/portalubirataonline\\\/\",\"https:\\\/\\\/twitter.com\\\/ubirataonline\"],\"description\":\"Somos um portal de not\u00edcias independente, criado em 5 de janeiro de 2009, com o objetivo de informar, conectar e valorizar a nossa comunidade de Ubirat\u00e3 e toda aregi\u00e3o. Com conte\u00fado atualizado, confi\u00e1vel e relevante, o Ubirat\u00e3 Online \u00e9 o seu espa\u00e7o para ficar por dentro dos principais acontecimentos locais, regionais, Brasil, Mundo e de interesse geral. Nosso compromisso \u00e9 com a verdade, a transpar\u00eancia e o respeito ao leitor.\",\"legalName\":\"UBIRATA ONLINE NOT\u00cdCIAS\",\"foundingDate\":\"2009-01-05\",\"numberOfEmployees\":{\"@type\":\"QuantitativeValue\",\"minValue\":\"1\",\"maxValue\":\"10\"},\"publishingPrinciples\":\"https:\\\/\\\/ubirataonline.com.br\\\/faq\\\/\",\"address\":{\"@id\":\"https:\\\/\\\/ubirataonline.com.br\\\/3o-caso-positivo-de-coronavirus-e-registrado-em-ubirata\\\/#local-main-place-address\"},\"geo\":{\"@type\":\"GeoCoordinates\",\"latitude\":\"-24.5361401\",\"longitude\":\"-52.9921776\"},\"telephone\":[\"+5544998308235\"],\"contactPoint\":{\"@type\":\"ContactPoint\",\"email\":\"contato@ubirataonline.com.br\"},\"openingHoursSpecification\":{\"@type\":\"OpeningHoursSpecification\",\"dayOfWeek\":[\"Monday\",\"Tuesday\",\"Wednesday\",\"Thursday\",\"Friday\",\"Saturday\",\"Sunday\"],\"opens\":\"00:00\",\"closes\":\"23:59\"},\"email\":\"contato@ubirataonline.com.br\",\"vatID\":\"47.621.418\\\/0001-80\"},{\"@type\":\"Person\",\"@id\":\"https:\\\/\\\/ubirataonline.com.br\\\/#\\\/schema\\\/person\\\/372f87bbd3fdd79b8556b84c98d0bc1c\",\"name\":\"REDA\u00c7\u00c3O: UBIRAT\u00c3 ONLINE - F\u00c1BIO AUGUSTO CELESTINO\",\"pronouns\":\"Ele\",\"description\":\"Desde 2003 trabalhando com not\u00edcias.\",\"sameAs\":[\"http:\\\/\\\/ubirataoline.com.br\",\"https:\\\/\\\/www.facebook.com\\\/portalubirataonline\",\"https:\\\/\\\/www.instagram.com\\\/ubirataonline_oficial\",\"https:\\\/\\\/x.com\\\/x.com\\\/ubirataonline\"],\"honorificPrefix\":\"Mr.\",\"honorificSuffix\":\"MD\",\"birthDate\":\"1980-06-16\",\"gender\":\"masculino\",\"award\":[\"V\u00e1rios pr\u00eamios de melhor portal da cidade\"],\"jobTitle\":\"Diretor\",\"url\":\"https:\\\/\\\/ubirataonline.com.br\\\/en\\\/author\\\/ubirataonline\\\/\"},{\"@type\":\"PostalAddress\",\"@id\":\"https:\\\/\\\/ubirataonline.com.br\\\/3o-caso-positivo-de-coronavirus-e-registrado-em-ubirata\\\/#local-main-place-address\",\"streetAddress\":\"Rua dos Coqueiros, 104 - Bairro Boa Vista, Rua dos Coqueiros, 104 Bairro Boa Vista\",\"addressLocality\":\"UBIRATA\",\"postalCode\":\"85440-000\",\"addressRegion\":\"PR\",\"addressCountry\":\"BR\"},{\"@type\":\"ImageObject\",\"inLanguage\":\"en-US\",\"@id\":\"https:\\\/\\\/ubirataonline.com.br\\\/3o-caso-positivo-de-coronavirus-e-registrado-em-ubirata\\\/#local-main-organization-logo\",\"url\":\"https:\\\/\\\/ubirataonline.com.br\\\/wp-content\\\/uploads\\\/2026\\\/06\\\/logoubirataonline-1.webp\",\"contentUrl\":\"https:\\\/\\\/ubirataonline.com.br\\\/wp-content\\\/uploads\\\/2026\\\/06\\\/logoubirataonline-1.webp\",\"width\":500,\"height\":500,\"caption\":\"Ubirat\u00e3 Online Not\u00edcias\"}]}<\/script>\n<meta name=\"geo.placename\" content=\"UBIRATA\" \/>\n<meta name=\"geo.position\" content=\"-24.5361401;-52.9921776\" \/>\n<meta name=\"geo.region\" content=\"Brazil\" \/>\n<!-- \/ Yoast SEO Premium plugin. -->","yoast_head_json":{"title":"3\u00ba caso positivo de Coronav\u00edrus \u00e9 registrado em Ubirat\u00e3 - Ubirat\u00e3 Online Not\u00edcias - A realidade ao seu alcance!","description":"As tr\u00eas pessoas que testaram positivo para o COVID-19 em Ubirat\u00e3 j\u00e1 est\u00e3o recuperadas. A Secretaria Municipal de Sa\u00fade divulgou nesta quarta-feira (17), o","robots":{"index":"index","follow":"follow","max-snippet":"max-snippet:-1","max-image-preview":"max-image-preview:large","max-video-preview":"max-video-preview:-1"},"canonical":"https:\/\/ubirataonline.com.br\/en\/3o-caso-positivo-de-coronavirus-e-registrado-em-ubirata\/","og_locale":"en_US","og_type":"article","og_title":"3\u00ba caso positivo de Coronav\u00edrus \u00e9 registrado em Ubirat\u00e3","og_description":"As tr\u00eas pessoas que testaram positivo para o COVID-19 em Ubirat\u00e3 j\u00e1 est\u00e3o recuperadas. A Secretaria Municipal de Sa\u00fade divulgou nesta quarta-feira (17), o","og_url":"https:\/\/ubirataonline.com.br\/en\/3o-caso-positivo-de-coronavirus-e-registrado-em-ubirata\/","og_site_name":"Ubirat\u00e3 Online Not\u00edcias - A realidade ao seu alcance!","article_publisher":"https:\/\/www.facebook.com\/portalubirataonline","article_author":"https:\/\/www.facebook.com\/portalubirataonline","article_published_time":"2020-06-18T11:05:15+00:00","article_modified_time":"2020-06-18T11:05:19+00:00","og_image":[{"width":842,"height":842,"url":"https:\/\/ubirataonline.com.br\/wp-content\/uploads\/2020\/06\/BOLETIM-CORONAVIRUS-17-06.jpg","type":"image\/jpeg"}],"author":"REDA\u00c7\u00c3O: UBIRAT\u00c3 ONLINE - F\u00c1BIO AUGUSTO CELESTINO","twitter_card":"summary_large_image","twitter_creator":"@x.com\/ubirataonline","twitter_site":"@ubirataonline","twitter_misc":{"Written by":"REDA\u00c7\u00c3O: UBIRAT\u00c3 ONLINE - F\u00c1BIO AUGUSTO CELESTINO","Est. reading time":"3 minutes"},"schema":{"@context":"https:\/\/schema.org","@graph":[{"@type":"NewsArticle","@id":"https:\/\/ubirataonline.com.br\/3o-caso-positivo-de-coronavirus-e-registrado-em-ubirata\/#article","isPartOf":{"@id":"https:\/\/ubirataonline.com.br\/3o-caso-positivo-de-coronavirus-e-registrado-em-ubirata\/"},"author":{"name":"REDA\u00c7\u00c3O: UBIRAT\u00c3 ONLINE - F\u00c1BIO AUGUSTO CELESTINO","@id":"https:\/\/ubirataonline.com.br\/#\/schema\/person\/372f87bbd3fdd79b8556b84c98d0bc1c"},"headline":"3\u00ba caso positivo de Coronav\u00edrus \u00e9 registrado em Ubirat\u00e3","datePublished":"2020-06-18T11:05:15+00:00","dateModified":"2020-06-18T11:05:19+00:00","mainEntityOfPage":{"@id":"https:\/\/ubirataonline.com.br\/3o-caso-positivo-de-coronavirus-e-registrado-em-ubirata\/"},"wordCount":556,"publisher":{"@id":"https:\/\/ubirataonline.com.br\/#organization"},"image":{"@id":"https:\/\/ubirataonline.com.br\/3o-caso-positivo-de-coronavirus-e-registrado-em-ubirata\/#primaryimage"},"thumbnailUrl":"https:\/\/ubirataonline.com.br\/wp-content\/uploads\/2020\/06\/BOLETIM-CORONAVIRUS-17-06.jpg","articleSection":["Sa\u00fade"],"inLanguage":"en-US","copyrightYear":"2020","copyrightHolder":{"@id":"https:\/\/ubirataonline.com.br\/en\/#organization"}},{"@type":"WebPage","@id":"https:\/\/ubirataonline.com.br\/3o-caso-positivo-de-coronavirus-e-registrado-em-ubirata\/","url":"https:\/\/ubirataonline.com.br\/3o-caso-positivo-de-coronavirus-e-registrado-em-ubirata\/","name":"3\u00ba caso positivo de Coronav\u00edrus \u00e9 registrado em Ubirat\u00e3 - Ubirat\u00e3 Online Not\u00edcias - A realidade ao seu alcance!","isPartOf":{"@id":"https:\/\/ubirataonline.com.br\/#website"},"primaryImageOfPage":{"@id":"https:\/\/ubirataonline.com.br\/3o-caso-positivo-de-coronavirus-e-registrado-em-ubirata\/#primaryimage"},"image":{"@id":"https:\/\/ubirataonline.com.br\/3o-caso-positivo-de-coronavirus-e-registrado-em-ubirata\/#primaryimage"},"thumbnailUrl":"https:\/\/ubirataonline.com.br\/wp-content\/uploads\/2020\/06\/BOLETIM-CORONAVIRUS-17-06.jpg","datePublished":"2020-06-18T11:05:15+00:00","dateModified":"2020-06-18T11:05:19+00:00","description":"As tr\u00eas pessoas que testaram positivo para o COVID-19 em Ubirat\u00e3 j\u00e1 est\u00e3o recuperadas. A Secretaria Municipal de Sa\u00fade divulgou nesta quarta-feira (17), o","breadcrumb":{"@id":"https:\/\/ubirataonline.com.br\/3o-caso-positivo-de-coronavirus-e-registrado-em-ubirata\/#breadcrumb"},"inLanguage":"en-US","potentialAction":[{"@type":"ReadAction","target":["https:\/\/ubirataonline.com.br\/3o-caso-positivo-de-coronavirus-e-registrado-em-ubirata\/"]}]},{"@type":"ImageObject","inLanguage":"en-US","@id":"https:\/\/ubirataonline.com.br\/3o-caso-positivo-de-coronavirus-e-registrado-em-ubirata\/#primaryimage","url":"https:\/\/ubirataonline.com.br\/wp-content\/uploads\/2020\/06\/BOLETIM-CORONAVIRUS-17-06.jpg","contentUrl":"https:\/\/ubirataonline.com.br\/wp-content\/uploads\/2020\/06\/BOLETIM-CORONAVIRUS-17-06.jpg","width":842,"height":842},{"@type":"BreadcrumbList","@id":"https:\/\/ubirataonline.com.br\/3o-caso-positivo-de-coronavirus-e-registrado-em-ubirata\/#breadcrumb","itemListElement":[{"@type":"ListItem","position":1,"name":"In\u00edcio","item":"https:\/\/ubirataonline.com.br\/"},{"@type":"ListItem","position":2,"name":"3\u00ba caso positivo de Coronav\u00edrus \u00e9 registrado em Ubirat\u00e3"}]},{"@type":"WebSite","@id":"https:\/\/ubirataonline.com.br\/#website","url":"https:\/\/ubirataonline.com.br\/","name":"Ubirat\u00e3 Online Not\u00edcias","description":"Not\u00edcias de Ubirat\u00e3, regi\u00e3o, Brasil e mundo, com informa\u00e7\u00e3o atualizada e compromisso com o leitor.","publisher":{"@id":"https:\/\/ubirataonline.com.br\/#organization"},"alternateName":"Ubirat\u00e3 Online","potentialAction":[{"@type":"SearchAction","target":{"@type":"EntryPoint","urlTemplate":"https:\/\/ubirataonline.com.br\/?s={search_term_string}"},"query-input":{"@type":"PropertyValueSpecification","valueRequired":true,"valueName":"search_term_string"}}],"inLanguage":"en-US"},{"@type":["Organization","Place"],"@id":"https:\/\/ubirataonline.com.br\/#organization","name":"Ubirat\u00e3 Online Not\u00edcias","alternateName":"Ubirat\u00e3 Online","url":"https:\/\/ubirataonline.com.br\/","logo":{"@id":"https:\/\/ubirataonline.com.br\/3o-caso-positivo-de-coronavirus-e-registrado-em-ubirata\/#local-main-organization-logo"},"image":{"@id":"https:\/\/ubirataonline.com.br\/3o-caso-positivo-de-coronavirus-e-registrado-em-ubirata\/#local-main-organization-logo"},"sameAs":["https:\/\/www.facebook.com\/portalubirataonline","https:\/\/x.com\/ubirataonline","https:\/\/mastodon.social\/@ubirataonline","https:\/\/www.facebook.com\/groups\/311144672285604","https:\/\/www.facebook.com\/UBTAOnline","https:\/\/www.instagram.com\/portalubirataonline\/","https:\/\/twitter.com\/ubirataonline"],"description":"Somos um portal de not\u00edcias independente, criado em 5 de janeiro de 2009, com o objetivo de informar, conectar e valorizar a nossa comunidade de Ubirat\u00e3 e toda aregi\u00e3o. Com conte\u00fado atualizado, confi\u00e1vel e relevante, o Ubirat\u00e3 Online \u00e9 o seu espa\u00e7o para ficar por dentro dos principais acontecimentos locais, regionais, Brasil, Mundo e de interesse geral. Nosso compromisso \u00e9 com a verdade, a transpar\u00eancia e o respeito ao leitor.","legalName":"UBIRATA ONLINE NOT\u00cdCIAS","foundingDate":"2009-01-05","numberOfEmployees":{"@type":"QuantitativeValue","minValue":"1","maxValue":"10"},"publishingPrinciples":"https:\/\/ubirataonline.com.br\/faq\/","address":{"@id":"https:\/\/ubirataonline.com.br\/3o-caso-positivo-de-coronavirus-e-registrado-em-ubirata\/#local-main-place-address"},"geo":{"@type":"GeoCoordinates","latitude":"-24.5361401","longitude":"-52.9921776"},"telephone":["+5544998308235"],"contactPoint":{"@type":"ContactPoint","email":"contato@ubirataonline.com.br"},"openingHoursSpecification":{"@type":"OpeningHoursSpecification","dayOfWeek":["Monday","Tuesday","Wednesday","Thursday","Friday","Saturday","Sunday"],"opens":"00:00","closes":"23:59"},"email":"contato@ubirataonline.com.br","vatID":"47.621.418\/0001-80"},{"@type":"Person","@id":"https:\/\/ubirataonline.com.br\/#\/schema\/person\/372f87bbd3fdd79b8556b84c98d0bc1c","name":"REDA\u00c7\u00c3O: UBIRAT\u00c3 ONLINE - F\u00c1BIO AUGUSTO CELESTINO","pronouns":"Ele","description":"Desde 2003 trabalhando com not\u00edcias.","sameAs":["http:\/\/ubirataoline.com.br","https:\/\/www.facebook.com\/portalubirataonline","https:\/\/www.instagram.com\/ubirataonline_oficial","https:\/\/x.com\/x.com\/ubirataonline"],"honorificPrefix":"Mr.","honorificSuffix":"MD","birthDate":"1980-06-16","gender":"masculino","award":["V\u00e1rios pr\u00eamios de melhor portal da cidade"],"jobTitle":"Diretor","url":"https:\/\/ubirataonline.com.br\/en\/author\/ubirataonline\/"},{"@type":"PostalAddress","@id":"https:\/\/ubirataonline.com.br\/3o-caso-positivo-de-coronavirus-e-registrado-em-ubirata\/#local-main-place-address","streetAddress":"Rua dos Coqueiros, 104 - Bairro Boa Vista, Rua dos Coqueiros, 104 Bairro Boa Vista","addressLocality":"UBIRATA","postalCode":"85440-000","addressRegion":"PR","addressCountry":"BR"},{"@type":"ImageObject","inLanguage":"en-US","@id":"https:\/\/ubirataonline.com.br\/3o-caso-positivo-de-coronavirus-e-registrado-em-ubirata\/#local-main-organization-logo","url":"https:\/\/ubirataonline.com.br\/wp-content\/uploads\/2026\/06\/logoubirataonline-1.webp","contentUrl":"https:\/\/ubirataonline.com.br\/wp-content\/uploads\/2026\/06\/logoubirataonline-1.webp","width":500,"height":500,"caption":"Ubirat\u00e3 Online Not\u00edcias"}]},"geo.placename":"UBIRATA","geo.position":{"lat":"-24.5361401","long":"-52.9921776"},"geo.region":"Brazil"},"_links":{"self":[{"href":"https:\/\/ubirataonline.com.br\/en\/wp-json\/wp\/v2\/posts\/33343","targetHints":{"allow":["GET"]}}],"collection":[{"href":"https:\/\/ubirataonline.com.br\/en\/wp-json\/wp\/v2\/posts"}],"about":[{"href":"https:\/\/ubirataonline.com.br\/en\/wp-json\/wp\/v2\/types\/post"}],"author":[{"embeddable":true,"href":"https:\/\/ubirataonline.com.br\/en\/wp-json\/wp\/v2\/users\/1"}],"replies":[{"embeddable":true,"href":"https:\/\/ubirataonline.com.br\/en\/wp-json\/wp\/v2\/comments?post=33343"}],"version-history":[{"count":0,"href":"https:\/\/ubirataonline.com.br\/en\/wp-json\/wp\/v2\/posts\/33343\/revisions"}],"wp:featuredmedia":[{"embeddable":true,"href":"https:\/\/ubirataonline.com.br\/en\/wp-json\/wp\/v2\/media\/33344"}],"wp:attachment":[{"href":"https:\/\/ubirataonline.com.br\/en\/wp-json\/wp\/v2\/media?parent=33343"}],"wp:term":[{"taxonomy":"category","embeddable":true,"href":"https:\/\/ubirataonline.com.br\/en\/wp-json\/wp\/v2\/categories?post=33343"},{"taxonomy":"post_tag","embeddable":true,"href":"https:\/\/ubirataonline.com.br\/en\/wp-json\/wp\/v2\/tags?post=33343"}],"curies":[{"name":"wp","href":"https:\/\/api.w.org\/{rel}","templated":true}]}}