{"id":35256,"date":"2020-08-22T05:32:00","date_gmt":"2020-08-22T08:32:00","guid":{"rendered":"https:\/\/ubirataonline.com.br\/?p=35256"},"modified":"2020-08-21T11:35:25","modified_gmt":"2020-08-21T14:35:25","slug":"vacinacao-contra-o-sarampo-segue-ate-dia-31-de-agosto","status":"publish","type":"post","link":"https:\/\/ubirataonline.com.br\/en\/vacinacao-contra-o-sarampo-segue-ate-dia-31-de-agosto\/","title":{"rendered":"Vacina\u00e7\u00e3o contra o sarampo segue at\u00e9 dia 31 de agosto"},"content":{"rendered":"<p class=\"wp-block-paragraph\">A vacina\u00e7\u00e3o \u00e9 a mais importante defesa contra a transmiss\u00e3o de doen\u00e7as infecciosas como o sarampo. Este ano, no Paran\u00e1, a vacina\u00e7\u00e3o tem prioridade para ampliar a cobertura em jovens adultos \u2013 pessoas entre 20 e 49 anos. Isso porque este p\u00fablico foi o mais infectado no Estado no surto que teve in\u00edcio em agosto de 2019.<\/p>\n\n\n\n<p class=\"wp-block-paragraph\">\u201cFicamos mais de 20 anos sem registro de sarampo no Paran\u00e1. Como as pessoas n\u00e3o estavam mais habituadas com a preocupa\u00e7\u00e3o em rela\u00e7\u00e3o ao sarampo, muita gente deixou de se vacinar e de cumprir o cronograma de doses de imuniza\u00e7\u00e3o. Isso deixou a popula\u00e7\u00e3o mais vulner\u00e1vel ao v\u00edrus\u201d, explicou o secret\u00e1rio da Sa\u00fade Beto Preto.<\/p>\n\n\n\n<p class=\"wp-block-paragraph\"><strong>VACINA\u00c7\u00c3O<\/strong>&nbsp;\u2013 A indica\u00e7\u00e3o \u00e9 que qualquer pessoa que n\u00e3o tenha certeza, ou n\u00e3o possua documenta\u00e7\u00e3o que comprove que tomou as doses da vacina, se desloque at\u00e9 uma unidade de sa\u00fade pr\u00f3xima da sua resid\u00eancia para colocar \u2018em dia\u2019 a vacina\u00e7\u00e3o. \u201cEntre o calend\u00e1rio vacinal est\u00e3o doses da tr\u00edplice viral, que protege, al\u00e9m do sarampo, tamb\u00e9m da caxumba e rub\u00e9ola, hepatites, poliomielite, entre outras\u201d, disse o secret\u00e1rio estadual.<\/p>\n\n\n\n<p class=\"wp-block-paragraph\">A vacina\u00e7\u00e3o \u00e9 gratuita e as doses est\u00e3o dispon\u00edveis em unidades de sa\u00fade gerenciadas pelos munic\u00edpios. A popula\u00e7\u00e3o deve verificar com a prefeitura de sua cidade onde a vacina est\u00e1 dispon\u00edvel e ir at\u00e9 o local mais pr\u00f3ximo, evitando aglomera\u00e7\u00f5es e deslocamentos desnecess\u00e1rios.<\/p>\n\n\n\n<p class=\"wp-block-paragraph\"><strong>BOLETIM EPIDEMIOL\u00d3GICO&nbsp;<\/strong>\u2013 O Informe Epidemiol\u00f3gico do Sarampo re\u00fane informa\u00e7\u00f5es de agosto de 2019 at\u00e9 19 de agosto de 2020. O Paran\u00e1 registra 1.870 casos confirmados da doen\u00e7a. S\u00e3o 18 casos a mais que no informe anterior. Por\u00e9m, s\u00e3o confirma\u00e7\u00f5es antigas, de meses anteriores, que estavam em an\u00e1lise no Laborat\u00f3rio Central do Estado.<\/p>\n\n\n\n<p class=\"wp-block-paragraph\">\u201cA vacina\u00e7\u00e3o \u00e9 de extrema import\u00e2ncia para encerrarmos esse surto de sarampo em curso. Queremos pedir mais uma vez para que as pessoas tomem a vacina\u201d, finalizou Beto Preto.<\/p>\n\n\n\n<p class=\"wp-block-paragraph\">As informa\u00e7\u00f5es s\u00e3o da Ag\u00eancia de Not\u00edcias do Paran\u00e1.<\/p>","protected":false},"excerpt":{"rendered":"<p>A vacina\u00e7\u00e3o \u00e9 a mais importante defesa contra a transmiss\u00e3o de doen\u00e7as infecciosas como o sarampo. Este ano, no Paran\u00e1, a vacina\u00e7\u00e3o tem prioridade para ampliar a cobertura em jovens adultos \u2013 pessoas entre 20 e 49 anos. Isso porque este p\u00fablico foi o mais infectado no Estado no surto que teve in\u00edcio em agosto [&hellip;]<\/p>\n","protected":false},"author":2,"featured_media":35257,"comment_status":"closed","ping_status":"closed","sticky":false,"template":"","format":"standard","meta":{"googlesitekit_rrm_CAow2JLhCw:productID":"","_gspb_post_css":"","maa_idioma":"","maa_pais":"","footnotes":""},"categories":[30],"tags":[],"class_list":["post-35256","post","type-post","status-publish","format-standard","has-post-thumbnail","hentry","category-saude"],"blocksy_meta":[],"yoast_head":"<!-- This site is optimized with the Yoast SEO Premium plugin v27.6 (Yoast SEO v27.6) - https:\/\/yoast.com\/product\/yoast-seo-premium-wordpress\/ -->\n<title>Vacina\u00e7\u00e3o contra o sarampo segue at\u00e9 dia 31 de agosto - Ubirat\u00e3 Online Not\u00edcias - A realidade ao seu alcance!<\/title>\n<meta name=\"description\" content=\"A vacina\u00e7\u00e3o \u00e9 a mais importante defesa contra a transmiss\u00e3o de doen\u00e7as infecciosas como o sarampo. Este ano, no Paran\u00e1, a vacina\u00e7\u00e3o tem prioridade para\" \/>\n<meta name=\"robots\" content=\"index, follow, max-snippet:-1, max-image-preview:large, max-video-preview:-1\" \/>\n<link rel=\"canonical\" href=\"https:\/\/ubirataonline.com.br\/en\/vacinacao-contra-o-sarampo-segue-ate-dia-31-de-agosto\/\" \/>\n<meta property=\"og:locale\" content=\"en_US\" \/>\n<meta property=\"og:type\" content=\"article\" \/>\n<meta property=\"og:title\" content=\"Vacina\u00e7\u00e3o contra o sarampo segue at\u00e9 dia 31 de agosto\" \/>\n<meta property=\"og:description\" content=\"A vacina\u00e7\u00e3o \u00e9 a mais importante defesa contra a transmiss\u00e3o de doen\u00e7as infecciosas como o sarampo. Este ano, no Paran\u00e1, a vacina\u00e7\u00e3o tem prioridade para\" \/>\n<meta property=\"og:url\" content=\"https:\/\/ubirataonline.com.br\/en\/vacinacao-contra-o-sarampo-segue-ate-dia-31-de-agosto\/\" \/>\n<meta property=\"og:site_name\" content=\"Ubirat\u00e3 Online Not\u00edcias - A realidade ao seu alcance!\" \/>\n<meta property=\"article:publisher\" content=\"https:\/\/www.facebook.com\/portalubirataonline\" \/>\n<meta property=\"article:published_time\" content=\"2020-08-22T08:32:00+00:00\" \/>\n<meta property=\"og:image\" content=\"https:\/\/ubirataonline.com.br\/wp-content\/uploads\/2020\/08\/Vacina-Sarampo.jpg\" \/>\n\t<meta property=\"og:image:width\" content=\"1170\" \/>\n\t<meta property=\"og:image:height\" content=\"700\" \/>\n\t<meta property=\"og:image:type\" content=\"image\/jpeg\" \/>\n<meta name=\"author\" content=\"Vampeta\" \/>\n<meta name=\"twitter:card\" content=\"summary_large_image\" \/>\n<meta name=\"twitter:creator\" content=\"@ubirataonline\" \/>\n<meta name=\"twitter:site\" content=\"@ubirataonline\" \/>\n<meta name=\"twitter:label1\" content=\"Written by\" \/>\n\t<meta name=\"twitter:data1\" content=\"Vampeta\" \/>\n\t<meta name=\"twitter:label2\" content=\"Est. reading time\" \/>\n\t<meta name=\"twitter:data2\" content=\"2 minutes\" \/>\n<script type=\"application\/ld+json\" class=\"yoast-schema-graph\">{\"@context\":\"https:\\\/\\\/schema.org\",\"@graph\":[{\"@type\":\"NewsArticle\",\"@id\":\"https:\\\/\\\/ubirataonline.com.br\\\/vacinacao-contra-o-sarampo-segue-ate-dia-31-de-agosto\\\/#article\",\"isPartOf\":{\"@id\":\"https:\\\/\\\/ubirataonline.com.br\\\/vacinacao-contra-o-sarampo-segue-ate-dia-31-de-agosto\\\/\"},\"author\":{\"name\":\"Vampeta\",\"@id\":\"https:\\\/\\\/ubirataonline.com.br\\\/#\\\/schema\\\/person\\\/09f7a474bd1834b50dea8d1c197e976f\"},\"headline\":\"Vacina\u00e7\u00e3o contra o sarampo segue at\u00e9 dia 31 de agosto\",\"datePublished\":\"2020-08-22T08:32:00+00:00\",\"mainEntityOfPage\":{\"@id\":\"https:\\\/\\\/ubirataonline.com.br\\\/vacinacao-contra-o-sarampo-segue-ate-dia-31-de-agosto\\\/\"},\"wordCount\":368,\"publisher\":{\"@id\":\"https:\\\/\\\/ubirataonline.com.br\\\/#organization\"},\"image\":{\"@id\":\"https:\\\/\\\/ubirataonline.com.br\\\/vacinacao-contra-o-sarampo-segue-ate-dia-31-de-agosto\\\/#primaryimage\"},\"thumbnailUrl\":\"https:\\\/\\\/ubirataonline.com.br\\\/wp-content\\\/uploads\\\/2020\\\/08\\\/Vacina-Sarampo.jpg\",\"articleSection\":[\"Sa\u00fade\"],\"inLanguage\":\"en-US\",\"copyrightYear\":\"2020\",\"copyrightHolder\":{\"@id\":\"https:\\\/\\\/ubirataonline.com.br\\\/en\\\/#organization\"}},{\"@type\":\"WebPage\",\"@id\":\"https:\\\/\\\/ubirataonline.com.br\\\/vacinacao-contra-o-sarampo-segue-ate-dia-31-de-agosto\\\/\",\"url\":\"https:\\\/\\\/ubirataonline.com.br\\\/vacinacao-contra-o-sarampo-segue-ate-dia-31-de-agosto\\\/\",\"name\":\"Vacina\u00e7\u00e3o contra o sarampo segue at\u00e9 dia 31 de agosto - Ubirat\u00e3 Online Not\u00edcias - A realidade ao seu alcance!\",\"isPartOf\":{\"@id\":\"https:\\\/\\\/ubirataonline.com.br\\\/#website\"},\"primaryImageOfPage\":{\"@id\":\"https:\\\/\\\/ubirataonline.com.br\\\/vacinacao-contra-o-sarampo-segue-ate-dia-31-de-agosto\\\/#primaryimage\"},\"image\":{\"@id\":\"https:\\\/\\\/ubirataonline.com.br\\\/vacinacao-contra-o-sarampo-segue-ate-dia-31-de-agosto\\\/#primaryimage\"},\"thumbnailUrl\":\"https:\\\/\\\/ubirataonline.com.br\\\/wp-content\\\/uploads\\\/2020\\\/08\\\/Vacina-Sarampo.jpg\",\"datePublished\":\"2020-08-22T08:32:00+00:00\",\"description\":\"A vacina\u00e7\u00e3o \u00e9 a mais importante defesa contra a transmiss\u00e3o de doen\u00e7as infecciosas como o sarampo. Este ano, no Paran\u00e1, a vacina\u00e7\u00e3o tem prioridade para\",\"breadcrumb\":{\"@id\":\"https:\\\/\\\/ubirataonline.com.br\\\/vacinacao-contra-o-sarampo-segue-ate-dia-31-de-agosto\\\/#breadcrumb\"},\"inLanguage\":\"en-US\",\"potentialAction\":[{\"@type\":\"ReadAction\",\"target\":[\"https:\\\/\\\/ubirataonline.com.br\\\/vacinacao-contra-o-sarampo-segue-ate-dia-31-de-agosto\\\/\"]}]},{\"@type\":\"ImageObject\",\"inLanguage\":\"en-US\",\"@id\":\"https:\\\/\\\/ubirataonline.com.br\\\/vacinacao-contra-o-sarampo-segue-ate-dia-31-de-agosto\\\/#primaryimage\",\"url\":\"https:\\\/\\\/ubirataonline.com.br\\\/wp-content\\\/uploads\\\/2020\\\/08\\\/Vacina-Sarampo.jpg\",\"contentUrl\":\"https:\\\/\\\/ubirataonline.com.br\\\/wp-content\\\/uploads\\\/2020\\\/08\\\/Vacina-Sarampo.jpg\",\"width\":1170,\"height\":700,\"caption\":\"Primeiro dia da campanha estadual do Dia D de Vacina\u00e7\u00e3o Contra o Sarampo no Rio de Janeiro, caminh\u00e3o itinerante da Secretaria Estadual de Sa\u00fade\"},{\"@type\":\"BreadcrumbList\",\"@id\":\"https:\\\/\\\/ubirataonline.com.br\\\/vacinacao-contra-o-sarampo-segue-ate-dia-31-de-agosto\\\/#breadcrumb\",\"itemListElement\":[{\"@type\":\"ListItem\",\"position\":1,\"name\":\"In\u00edcio\",\"item\":\"https:\\\/\\\/ubirataonline.com.br\\\/\"},{\"@type\":\"ListItem\",\"position\":2,\"name\":\"Vacina\u00e7\u00e3o contra o sarampo segue at\u00e9 dia 31 de agosto\"}]},{\"@type\":\"WebSite\",\"@id\":\"https:\\\/\\\/ubirataonline.com.br\\\/#website\",\"url\":\"https:\\\/\\\/ubirataonline.com.br\\\/\",\"name\":\"Ubirat\u00e3 Online Not\u00edcias\",\"description\":\"Not\u00edcias de Ubirat\u00e3, regi\u00e3o, Brasil e mundo, com informa\u00e7\u00e3o atualizada e compromisso com o leitor.\",\"publisher\":{\"@id\":\"https:\\\/\\\/ubirataonline.com.br\\\/#organization\"},\"alternateName\":\"Ubirat\u00e3 Online\",\"potentialAction\":[{\"@type\":\"SearchAction\",\"target\":{\"@type\":\"EntryPoint\",\"urlTemplate\":\"https:\\\/\\\/ubirataonline.com.br\\\/?s={search_term_string}\"},\"query-input\":{\"@type\":\"PropertyValueSpecification\",\"valueRequired\":true,\"valueName\":\"search_term_string\"}}],\"inLanguage\":\"en-US\"},{\"@type\":[\"Organization\",\"Place\"],\"@id\":\"https:\\\/\\\/ubirataonline.com.br\\\/#organization\",\"name\":\"Ubirat\u00e3 Online Not\u00edcias\",\"alternateName\":\"Ubirat\u00e3 Online\",\"url\":\"https:\\\/\\\/ubirataonline.com.br\\\/\",\"logo\":{\"@id\":\"https:\\\/\\\/ubirataonline.com.br\\\/vacinacao-contra-o-sarampo-segue-ate-dia-31-de-agosto\\\/#local-main-organization-logo\"},\"image\":{\"@id\":\"https:\\\/\\\/ubirataonline.com.br\\\/vacinacao-contra-o-sarampo-segue-ate-dia-31-de-agosto\\\/#local-main-organization-logo\"},\"sameAs\":[\"https:\\\/\\\/www.facebook.com\\\/portalubirataonline\",\"https:\\\/\\\/x.com\\\/ubirataonline\",\"https:\\\/\\\/mastodon.social\\\/@ubirataonline\",\"https:\\\/\\\/www.facebook.com\\\/groups\\\/311144672285604\",\"https:\\\/\\\/www.facebook.com\\\/UBTAOnline\",\"https:\\\/\\\/www.instagram.com\\\/portalubirataonline\\\/\",\"https:\\\/\\\/twitter.com\\\/ubirataonline\"],\"description\":\"Somos um portal de not\u00edcias independente, criado em 5 de janeiro de 2009, com o objetivo de informar, conectar e valorizar a nossa comunidade de Ubirat\u00e3 e toda aregi\u00e3o. Com conte\u00fado atualizado, confi\u00e1vel e relevante, o Ubirat\u00e3 Online \u00e9 o seu espa\u00e7o para ficar por dentro dos principais acontecimentos locais, regionais, Brasil, Mundo e de interesse geral. Nosso compromisso \u00e9 com a verdade, a transpar\u00eancia e o respeito ao leitor.\",\"legalName\":\"UBIRATA ONLINE NOT\u00cdCIAS\",\"foundingDate\":\"2009-01-05\",\"numberOfEmployees\":{\"@type\":\"QuantitativeValue\",\"minValue\":\"1\",\"maxValue\":\"10\"},\"publishingPrinciples\":\"https:\\\/\\\/ubirataonline.com.br\\\/faq\\\/\",\"address\":{\"@id\":\"https:\\\/\\\/ubirataonline.com.br\\\/vacinacao-contra-o-sarampo-segue-ate-dia-31-de-agosto\\\/#local-main-place-address\"},\"geo\":{\"@type\":\"GeoCoordinates\",\"latitude\":\"-24.5361401\",\"longitude\":\"-52.9921776\"},\"telephone\":[\"+5544998308235\"],\"contactPoint\":{\"@type\":\"ContactPoint\",\"email\":\"contato@ubirataonline.com.br\"},\"openingHoursSpecification\":{\"@type\":\"OpeningHoursSpecification\",\"dayOfWeek\":[\"Monday\",\"Tuesday\",\"Wednesday\",\"Thursday\",\"Friday\",\"Saturday\",\"Sunday\"],\"opens\":\"00:00\",\"closes\":\"23:59\"},\"email\":\"contato@ubirataonline.com.br\",\"vatID\":\"47.621.418\\\/0001-80\"},{\"@type\":\"Person\",\"@id\":\"https:\\\/\\\/ubirataonline.com.br\\\/#\\\/schema\\\/person\\\/09f7a474bd1834b50dea8d1c197e976f\",\"name\":\"Vampeta\",\"sameAs\":[\"https:\\\/\\\/ubirataonline.com.br\"],\"url\":\"https:\\\/\\\/ubirataonline.com.br\\\/en\\\/author\\\/vampeta\\\/\"},{\"@type\":\"PostalAddress\",\"@id\":\"https:\\\/\\\/ubirataonline.com.br\\\/vacinacao-contra-o-sarampo-segue-ate-dia-31-de-agosto\\\/#local-main-place-address\",\"streetAddress\":\"Rua dos Coqueiros, 104 - Bairro Boa Vista, Rua dos Coqueiros, 104 Bairro Boa Vista\",\"addressLocality\":\"UBIRATA\",\"postalCode\":\"85440-000\",\"addressRegion\":\"PR\",\"addressCountry\":\"BR\"},{\"@type\":\"ImageObject\",\"inLanguage\":\"en-US\",\"@id\":\"https:\\\/\\\/ubirataonline.com.br\\\/vacinacao-contra-o-sarampo-segue-ate-dia-31-de-agosto\\\/#local-main-organization-logo\",\"url\":\"https:\\\/\\\/ubirataonline.com.br\\\/wp-content\\\/uploads\\\/2026\\\/06\\\/logoubirataonline-1.webp\",\"contentUrl\":\"https:\\\/\\\/ubirataonline.com.br\\\/wp-content\\\/uploads\\\/2026\\\/06\\\/logoubirataonline-1.webp\",\"width\":500,\"height\":500,\"caption\":\"Ubirat\u00e3 Online Not\u00edcias\"}]}<\/script>\n<meta name=\"geo.placename\" content=\"UBIRATA\" \/>\n<meta name=\"geo.position\" content=\"-24.5361401;-52.9921776\" \/>\n<meta name=\"geo.region\" content=\"Brazil\" \/>\n<!-- \/ Yoast SEO Premium plugin. -->","yoast_head_json":{"title":"Vacina\u00e7\u00e3o contra o sarampo segue at\u00e9 dia 31 de agosto - Ubirat\u00e3 Online Not\u00edcias - A realidade ao seu alcance!","description":"A vacina\u00e7\u00e3o \u00e9 a mais importante defesa contra a transmiss\u00e3o de doen\u00e7as infecciosas como o sarampo. Este ano, no Paran\u00e1, a vacina\u00e7\u00e3o tem prioridade para","robots":{"index":"index","follow":"follow","max-snippet":"max-snippet:-1","max-image-preview":"max-image-preview:large","max-video-preview":"max-video-preview:-1"},"canonical":"https:\/\/ubirataonline.com.br\/en\/vacinacao-contra-o-sarampo-segue-ate-dia-31-de-agosto\/","og_locale":"en_US","og_type":"article","og_title":"Vacina\u00e7\u00e3o contra o sarampo segue at\u00e9 dia 31 de agosto","og_description":"A vacina\u00e7\u00e3o \u00e9 a mais importante defesa contra a transmiss\u00e3o de doen\u00e7as infecciosas como o sarampo. Este ano, no Paran\u00e1, a vacina\u00e7\u00e3o tem prioridade para","og_url":"https:\/\/ubirataonline.com.br\/en\/vacinacao-contra-o-sarampo-segue-ate-dia-31-de-agosto\/","og_site_name":"Ubirat\u00e3 Online Not\u00edcias - A realidade ao seu alcance!","article_publisher":"https:\/\/www.facebook.com\/portalubirataonline","article_published_time":"2020-08-22T08:32:00+00:00","og_image":[{"width":1170,"height":700,"url":"https:\/\/ubirataonline.com.br\/wp-content\/uploads\/2020\/08\/Vacina-Sarampo.jpg","type":"image\/jpeg"}],"author":"Vampeta","twitter_card":"summary_large_image","twitter_creator":"@ubirataonline","twitter_site":"@ubirataonline","twitter_misc":{"Written by":"Vampeta","Est. reading time":"2 minutes"},"schema":{"@context":"https:\/\/schema.org","@graph":[{"@type":"NewsArticle","@id":"https:\/\/ubirataonline.com.br\/vacinacao-contra-o-sarampo-segue-ate-dia-31-de-agosto\/#article","isPartOf":{"@id":"https:\/\/ubirataonline.com.br\/vacinacao-contra-o-sarampo-segue-ate-dia-31-de-agosto\/"},"author":{"name":"Vampeta","@id":"https:\/\/ubirataonline.com.br\/#\/schema\/person\/09f7a474bd1834b50dea8d1c197e976f"},"headline":"Vacina\u00e7\u00e3o contra o sarampo segue at\u00e9 dia 31 de agosto","datePublished":"2020-08-22T08:32:00+00:00","mainEntityOfPage":{"@id":"https:\/\/ubirataonline.com.br\/vacinacao-contra-o-sarampo-segue-ate-dia-31-de-agosto\/"},"wordCount":368,"publisher":{"@id":"https:\/\/ubirataonline.com.br\/#organization"},"image":{"@id":"https:\/\/ubirataonline.com.br\/vacinacao-contra-o-sarampo-segue-ate-dia-31-de-agosto\/#primaryimage"},"thumbnailUrl":"https:\/\/ubirataonline.com.br\/wp-content\/uploads\/2020\/08\/Vacina-Sarampo.jpg","articleSection":["Sa\u00fade"],"inLanguage":"en-US","copyrightYear":"2020","copyrightHolder":{"@id":"https:\/\/ubirataonline.com.br\/en\/#organization"}},{"@type":"WebPage","@id":"https:\/\/ubirataonline.com.br\/vacinacao-contra-o-sarampo-segue-ate-dia-31-de-agosto\/","url":"https:\/\/ubirataonline.com.br\/vacinacao-contra-o-sarampo-segue-ate-dia-31-de-agosto\/","name":"Vacina\u00e7\u00e3o contra o sarampo segue at\u00e9 dia 31 de agosto - Ubirat\u00e3 Online Not\u00edcias - A realidade ao seu alcance!","isPartOf":{"@id":"https:\/\/ubirataonline.com.br\/#website"},"primaryImageOfPage":{"@id":"https:\/\/ubirataonline.com.br\/vacinacao-contra-o-sarampo-segue-ate-dia-31-de-agosto\/#primaryimage"},"image":{"@id":"https:\/\/ubirataonline.com.br\/vacinacao-contra-o-sarampo-segue-ate-dia-31-de-agosto\/#primaryimage"},"thumbnailUrl":"https:\/\/ubirataonline.com.br\/wp-content\/uploads\/2020\/08\/Vacina-Sarampo.jpg","datePublished":"2020-08-22T08:32:00+00:00","description":"A vacina\u00e7\u00e3o \u00e9 a mais importante defesa contra a transmiss\u00e3o de doen\u00e7as infecciosas como o sarampo. Este ano, no Paran\u00e1, a vacina\u00e7\u00e3o tem prioridade para","breadcrumb":{"@id":"https:\/\/ubirataonline.com.br\/vacinacao-contra-o-sarampo-segue-ate-dia-31-de-agosto\/#breadcrumb"},"inLanguage":"en-US","potentialAction":[{"@type":"ReadAction","target":["https:\/\/ubirataonline.com.br\/vacinacao-contra-o-sarampo-segue-ate-dia-31-de-agosto\/"]}]},{"@type":"ImageObject","inLanguage":"en-US","@id":"https:\/\/ubirataonline.com.br\/vacinacao-contra-o-sarampo-segue-ate-dia-31-de-agosto\/#primaryimage","url":"https:\/\/ubirataonline.com.br\/wp-content\/uploads\/2020\/08\/Vacina-Sarampo.jpg","contentUrl":"https:\/\/ubirataonline.com.br\/wp-content\/uploads\/2020\/08\/Vacina-Sarampo.jpg","width":1170,"height":700,"caption":"Primeiro dia da campanha estadual do Dia D de Vacina\u00e7\u00e3o Contra o Sarampo no Rio de Janeiro, caminh\u00e3o itinerante da Secretaria Estadual de Sa\u00fade"},{"@type":"BreadcrumbList","@id":"https:\/\/ubirataonline.com.br\/vacinacao-contra-o-sarampo-segue-ate-dia-31-de-agosto\/#breadcrumb","itemListElement":[{"@type":"ListItem","position":1,"name":"In\u00edcio","item":"https:\/\/ubirataonline.com.br\/"},{"@type":"ListItem","position":2,"name":"Vacina\u00e7\u00e3o contra o sarampo segue at\u00e9 dia 31 de agosto"}]},{"@type":"WebSite","@id":"https:\/\/ubirataonline.com.br\/#website","url":"https:\/\/ubirataonline.com.br\/","name":"Ubirat\u00e3 Online Not\u00edcias","description":"Not\u00edcias de Ubirat\u00e3, regi\u00e3o, Brasil e mundo, com informa\u00e7\u00e3o atualizada e compromisso com o leitor.","publisher":{"@id":"https:\/\/ubirataonline.com.br\/#organization"},"alternateName":"Ubirat\u00e3 Online","potentialAction":[{"@type":"SearchAction","target":{"@type":"EntryPoint","urlTemplate":"https:\/\/ubirataonline.com.br\/?s={search_term_string}"},"query-input":{"@type":"PropertyValueSpecification","valueRequired":true,"valueName":"search_term_string"}}],"inLanguage":"en-US"},{"@type":["Organization","Place"],"@id":"https:\/\/ubirataonline.com.br\/#organization","name":"Ubirat\u00e3 Online Not\u00edcias","alternateName":"Ubirat\u00e3 Online","url":"https:\/\/ubirataonline.com.br\/","logo":{"@id":"https:\/\/ubirataonline.com.br\/vacinacao-contra-o-sarampo-segue-ate-dia-31-de-agosto\/#local-main-organization-logo"},"image":{"@id":"https:\/\/ubirataonline.com.br\/vacinacao-contra-o-sarampo-segue-ate-dia-31-de-agosto\/#local-main-organization-logo"},"sameAs":["https:\/\/www.facebook.com\/portalubirataonline","https:\/\/x.com\/ubirataonline","https:\/\/mastodon.social\/@ubirataonline","https:\/\/www.facebook.com\/groups\/311144672285604","https:\/\/www.facebook.com\/UBTAOnline","https:\/\/www.instagram.com\/portalubirataonline\/","https:\/\/twitter.com\/ubirataonline"],"description":"Somos um portal de not\u00edcias independente, criado em 5 de janeiro de 2009, com o objetivo de informar, conectar e valorizar a nossa comunidade de Ubirat\u00e3 e toda aregi\u00e3o. Com conte\u00fado atualizado, confi\u00e1vel e relevante, o Ubirat\u00e3 Online \u00e9 o seu espa\u00e7o para ficar por dentro dos principais acontecimentos locais, regionais, Brasil, Mundo e de interesse geral. Nosso compromisso \u00e9 com a verdade, a transpar\u00eancia e o respeito ao leitor.","legalName":"UBIRATA ONLINE NOT\u00cdCIAS","foundingDate":"2009-01-05","numberOfEmployees":{"@type":"QuantitativeValue","minValue":"1","maxValue":"10"},"publishingPrinciples":"https:\/\/ubirataonline.com.br\/faq\/","address":{"@id":"https:\/\/ubirataonline.com.br\/vacinacao-contra-o-sarampo-segue-ate-dia-31-de-agosto\/#local-main-place-address"},"geo":{"@type":"GeoCoordinates","latitude":"-24.5361401","longitude":"-52.9921776"},"telephone":["+5544998308235"],"contactPoint":{"@type":"ContactPoint","email":"contato@ubirataonline.com.br"},"openingHoursSpecification":{"@type":"OpeningHoursSpecification","dayOfWeek":["Monday","Tuesday","Wednesday","Thursday","Friday","Saturday","Sunday"],"opens":"00:00","closes":"23:59"},"email":"contato@ubirataonline.com.br","vatID":"47.621.418\/0001-80"},{"@type":"Person","@id":"https:\/\/ubirataonline.com.br\/#\/schema\/person\/09f7a474bd1834b50dea8d1c197e976f","name":"Vampeta","sameAs":["https:\/\/ubirataonline.com.br"],"url":"https:\/\/ubirataonline.com.br\/en\/author\/vampeta\/"},{"@type":"PostalAddress","@id":"https:\/\/ubirataonline.com.br\/vacinacao-contra-o-sarampo-segue-ate-dia-31-de-agosto\/#local-main-place-address","streetAddress":"Rua dos Coqueiros, 104 - Bairro Boa Vista, Rua dos Coqueiros, 104 Bairro Boa Vista","addressLocality":"UBIRATA","postalCode":"85440-000","addressRegion":"PR","addressCountry":"BR"},{"@type":"ImageObject","inLanguage":"en-US","@id":"https:\/\/ubirataonline.com.br\/vacinacao-contra-o-sarampo-segue-ate-dia-31-de-agosto\/#local-main-organization-logo","url":"https:\/\/ubirataonline.com.br\/wp-content\/uploads\/2026\/06\/logoubirataonline-1.webp","contentUrl":"https:\/\/ubirataonline.com.br\/wp-content\/uploads\/2026\/06\/logoubirataonline-1.webp","width":500,"height":500,"caption":"Ubirat\u00e3 Online Not\u00edcias"}]},"geo.placename":"UBIRATA","geo.position":{"lat":"-24.5361401","long":"-52.9921776"},"geo.region":"Brazil"},"_links":{"self":[{"href":"https:\/\/ubirataonline.com.br\/en\/wp-json\/wp\/v2\/posts\/35256","targetHints":{"allow":["GET"]}}],"collection":[{"href":"https:\/\/ubirataonline.com.br\/en\/wp-json\/wp\/v2\/posts"}],"about":[{"href":"https:\/\/ubirataonline.com.br\/en\/wp-json\/wp\/v2\/types\/post"}],"author":[{"embeddable":true,"href":"https:\/\/ubirataonline.com.br\/en\/wp-json\/wp\/v2\/users\/2"}],"replies":[{"embeddable":true,"href":"https:\/\/ubirataonline.com.br\/en\/wp-json\/wp\/v2\/comments?post=35256"}],"version-history":[{"count":0,"href":"https:\/\/ubirataonline.com.br\/en\/wp-json\/wp\/v2\/posts\/35256\/revisions"}],"wp:featuredmedia":[{"embeddable":true,"href":"https:\/\/ubirataonline.com.br\/en\/wp-json\/wp\/v2\/media\/35257"}],"wp:attachment":[{"href":"https:\/\/ubirataonline.com.br\/en\/wp-json\/wp\/v2\/media?parent=35256"}],"wp:term":[{"taxonomy":"category","embeddable":true,"href":"https:\/\/ubirataonline.com.br\/en\/wp-json\/wp\/v2\/categories?post=35256"},{"taxonomy":"post_tag","embeddable":true,"href":"https:\/\/ubirataonline.com.br\/en\/wp-json\/wp\/v2\/tags?post=35256"}],"curies":[{"name":"wp","href":"https:\/\/api.w.org\/{rel}","templated":true}]}}