{"id":45934,"date":"2022-07-14T10:32:26","date_gmt":"2022-07-14T13:32:26","guid":{"rendered":"https:\/\/ubirataonline.com.br\/?p=45934"},"modified":"2022-07-14T10:32:27","modified_gmt":"2022-07-14T13:32:27","slug":"anvisa-libera-coronavac-para-criancas-de-3-a-5-anos","status":"publish","type":"post","link":"https:\/\/ubirataonline.com.br\/en\/anvisa-libera-coronavac-para-criancas-de-3-a-5-anos\/","title":{"rendered":"Anvisa libera Coronavac para crian\u00e7as de 3 a 5 anos"},"content":{"rendered":"<p class=\"wp-block-paragraph\">A Ag\u00eancia Nacional de Vigil\u00e2ncia Sanit\u00e1ria (Anvisa) decidiu autorizar a aplica\u00e7\u00e3o emergencial da vacina CoronaVac em crian\u00e7as de 3 a 5 anos de idade. O imunizante \u00e9 produzido pelo Instituto Butantan.\u00a0<img decoding=\"async\" src=\"https:\/\/agenciabrasil.ebc.com.br\/ebc.png?id=1470797&amp;o=node\"><img decoding=\"async\" src=\"https:\/\/agenciabrasil.ebc.com.br\/ebc.gif?id=1470797&amp;o=node\"><\/p>\n\n\n\n<p class=\"wp-block-paragraph\">Durante reuni\u00e3o da diretoria colegiada, em Bras\u00edlia, por&nbsp;unanimidade,&nbsp;a ag\u00eancia seguiu recomenda\u00e7\u00e3o das \u00e1reas t\u00e9cnicas e autorizou a imuniza\u00e7\u00e3o com duas doses da vacina, no intervalo de 28 dias.&nbsp;A aprova\u00e7\u00e3o vale somente para crian\u00e7as que n\u00e3o s\u00e3o imunocomprometidas. A vacina \u00e9 contra a covid-19.<\/p>\n\n\n\n<p class=\"wp-block-paragraph\">N\u00e3o h\u00e1 prazo para o in\u00edcio da utiliza\u00e7\u00e3o do imunizante no plano nacional de vacina\u00e7\u00e3o. A decis\u00e3o caber\u00e1 ao Minist\u00e9rio da Sa\u00fade.<\/p>\n\n\n\n<p class=\"wp-block-paragraph\">Para a diretora Meiruze Souza Freitas, da Anvisa, relatora do pedido, a CoronaVac est\u00e1 aprovada em 56 pa\u00edses pela Organiza\u00e7\u00e3o Mundial da Sa\u00fade (OMS), teve cerca de um bilh\u00e3o de doses aplicadas e tem contribu\u00eddo para reduzir mortes e hospitaliza\u00e7\u00f5es.<\/p>\n\n\n\n<p class=\"wp-block-paragraph\">\u201cVacinar crian\u00e7as de 3 a 5 anos contra a covid-19 pode ajudar a evitar que elas fiquem gravemente doentes se contra\u00edrem o novo coronav\u00edrus\u201d, explicou.<\/p>\n\n\n\n<p class=\"wp-block-paragraph\">A faixa et\u00e1ria entre 5 e 11 anos come\u00e7ou a ser vacinada em janeiro. Nesse caso, s\u00e3o aplicados os imunizantes da Pfizer (vers\u00e3o pedi\u00e1trica) e a CoronaVac.<\/p>\n\n\n\n<p class=\"wp-block-paragraph\"><strong>ESTUDOS<\/strong><\/p>\n\n\n\n<p class=\"wp-block-paragraph\">A decis\u00e3o foi baseada em diversos estudos nacionais e internacionais sobre a efic\u00e1cia da vacina em crian\u00e7as.<\/p>\n\n\n\n<p class=\"wp-block-paragraph\">As pesquisas foram realizadas pela Funda\u00e7\u00e3o Oswaldo Cruz (Fiocruz) e Instituto Butantan, al\u00e9m de entidades internacionais. Tamb\u00e9m foram levados em conta pareceres de sociedades m\u00e9dicas e das \u00e1reas de farmacovigil\u00e2ncia e de avalia\u00e7\u00e3o de produtos biol\u00f3gicos da Anvisa.<\/p>\n\n\n\n<p class=\"wp-block-paragraph\">Um dos estudos cl\u00ednicos, feito no Chile, mostrou efetividade de 55% da CoronaVac contra a hospitaliza\u00e7\u00e3o de crian\u00e7as que testam positivo para a covid-19.&nbsp; Al\u00e9m disso, as crian\u00e7as que participaram dos estudos cl\u00ednicos apresentaram maior n\u00famero de anticorpos e menos rea\u00e7\u00f5es \u00e0 vacina em rela\u00e7\u00e3o aos adultos.<\/p>\n\n\n\n<p class=\"wp-block-paragraph\">No Brasil, outros dados revelaram que as rea\u00e7\u00f5es graves ap\u00f3s a imuniza\u00e7\u00e3o foram consideradas raras e rar\u00edssimas. A conclus\u00e3o foi obtida ap\u00f3s an\u00e1lise de 103 milh\u00f5es de doses aplicadas no pa\u00eds.<\/p>\n\n\n\n<p class=\"wp-block-paragraph\"><em>Fonte: Ag\u00eancia Brasil<\/em><\/p>\n\n\n\n<p class=\"wp-block-paragraph\"><a href=\"https:\/\/tasabendo.com.br\/saude\/anvisa-libera-coronavac-para-criancas-de-3-a-5-anos\/\"><\/a><\/p>","protected":false},"excerpt":{"rendered":"<p>A Ag\u00eancia Nacional de Vigil\u00e2ncia Sanit\u00e1ria (Anvisa) decidiu autorizar a aplica\u00e7\u00e3o emergencial da vacina CoronaVac em crian\u00e7as de 3 a 5 anos de idade. O imunizante \u00e9 produzido pelo Instituto Butantan.\u00a0 Durante reuni\u00e3o da diretoria colegiada, em Bras\u00edlia, por&nbsp;unanimidade,&nbsp;a ag\u00eancia seguiu recomenda\u00e7\u00e3o das \u00e1reas t\u00e9cnicas e autorizou a imuniza\u00e7\u00e3o com duas doses da vacina, no [&hellip;]<\/p>\n","protected":false},"author":2,"featured_media":43365,"comment_status":"closed","ping_status":"closed","sticky":false,"template":"","format":"standard","meta":{"googlesitekit_rrm_CAow2JLhCw:productID":"","_gspb_post_css":"","maa_idioma":"","maa_pais":"","footnotes":""},"categories":[30],"tags":[],"class_list":["post-45934","post","type-post","status-publish","format-standard","has-post-thumbnail","hentry","category-saude"],"blocksy_meta":[],"yoast_head":"<!-- This site is optimized with the Yoast SEO Premium plugin v27.6 (Yoast SEO v27.6) - https:\/\/yoast.com\/product\/yoast-seo-premium-wordpress\/ -->\n<title>Anvisa libera Coronavac para crian\u00e7as de 3 a 5 anos - Ubirat\u00e3 Online Not\u00edcias - A realidade ao seu alcance!<\/title>\n<meta name=\"description\" content=\"A Ag\u00eancia Nacional de Vigil\u00e2ncia Sanit\u00e1ria (Anvisa) decidiu autorizar a aplica\u00e7\u00e3o emergencial da vacina CoronaVac em crian\u00e7as de 3 a 5 anos de idade. O\" \/>\n<meta name=\"robots\" content=\"index, follow, max-snippet:-1, max-image-preview:large, max-video-preview:-1\" \/>\n<link rel=\"canonical\" href=\"https:\/\/ubirataonline.com.br\/en\/anvisa-libera-coronavac-para-criancas-de-3-a-5-anos\/\" \/>\n<meta property=\"og:locale\" content=\"en_US\" \/>\n<meta property=\"og:type\" content=\"article\" \/>\n<meta property=\"og:title\" content=\"Anvisa libera Coronavac para crian\u00e7as de 3 a 5 anos\" \/>\n<meta property=\"og:description\" content=\"A Ag\u00eancia Nacional de Vigil\u00e2ncia Sanit\u00e1ria (Anvisa) decidiu autorizar a aplica\u00e7\u00e3o emergencial da vacina CoronaVac em crian\u00e7as de 3 a 5 anos de idade. O\" \/>\n<meta property=\"og:url\" content=\"https:\/\/ubirataonline.com.br\/en\/anvisa-libera-coronavac-para-criancas-de-3-a-5-anos\/\" \/>\n<meta property=\"og:site_name\" content=\"Ubirat\u00e3 Online Not\u00edcias - A realidade ao seu alcance!\" \/>\n<meta property=\"article:publisher\" content=\"https:\/\/www.facebook.com\/portalubirataonline\" \/>\n<meta property=\"article:published_time\" content=\"2022-07-14T13:32:26+00:00\" \/>\n<meta property=\"article:modified_time\" content=\"2022-07-14T13:32:27+00:00\" \/>\n<meta property=\"og:image\" content=\"https:\/\/ubirataonline.com.br\/wp-content\/uploads\/2022\/01\/vacina-taubate-418x235-1.png\" \/>\n\t<meta property=\"og:image:width\" content=\"600\" \/>\n\t<meta property=\"og:image:height\" content=\"337\" \/>\n\t<meta property=\"og:image:type\" content=\"image\/png\" \/>\n<meta name=\"author\" content=\"Vampeta\" \/>\n<meta name=\"twitter:card\" content=\"summary_large_image\" \/>\n<meta name=\"twitter:creator\" content=\"@ubirataonline\" \/>\n<meta name=\"twitter:site\" content=\"@ubirataonline\" \/>\n<meta name=\"twitter:label1\" content=\"Written by\" \/>\n\t<meta name=\"twitter:data1\" content=\"Vampeta\" \/>\n\t<meta name=\"twitter:label2\" content=\"Est. reading time\" \/>\n\t<meta name=\"twitter:data2\" content=\"3 minutes\" \/>\n<script type=\"application\/ld+json\" class=\"yoast-schema-graph\">{\"@context\":\"https:\\\/\\\/schema.org\",\"@graph\":[{\"@type\":\"NewsArticle\",\"@id\":\"https:\\\/\\\/ubirataonline.com.br\\\/anvisa-libera-coronavac-para-criancas-de-3-a-5-anos\\\/#article\",\"isPartOf\":{\"@id\":\"https:\\\/\\\/ubirataonline.com.br\\\/anvisa-libera-coronavac-para-criancas-de-3-a-5-anos\\\/\"},\"author\":{\"name\":\"Vampeta\",\"@id\":\"https:\\\/\\\/ubirataonline.com.br\\\/#\\\/schema\\\/person\\\/09f7a474bd1834b50dea8d1c197e976f\"},\"headline\":\"Anvisa libera Coronavac para crian\u00e7as de 3 a 5 anos\",\"datePublished\":\"2022-07-14T13:32:26+00:00\",\"dateModified\":\"2022-07-14T13:32:27+00:00\",\"mainEntityOfPage\":{\"@id\":\"https:\\\/\\\/ubirataonline.com.br\\\/anvisa-libera-coronavac-para-criancas-de-3-a-5-anos\\\/\"},\"wordCount\":393,\"publisher\":{\"@id\":\"https:\\\/\\\/ubirataonline.com.br\\\/#organization\"},\"image\":{\"@id\":\"https:\\\/\\\/ubirataonline.com.br\\\/anvisa-libera-coronavac-para-criancas-de-3-a-5-anos\\\/#primaryimage\"},\"thumbnailUrl\":\"https:\\\/\\\/ubirataonline.com.br\\\/wp-content\\\/uploads\\\/2022\\\/01\\\/vacina-taubate-418x235-1.png\",\"articleSection\":[\"Sa\u00fade\"],\"inLanguage\":\"en-US\",\"copyrightYear\":\"2022\",\"copyrightHolder\":{\"@id\":\"https:\\\/\\\/ubirataonline.com.br\\\/en\\\/#organization\"}},{\"@type\":\"WebPage\",\"@id\":\"https:\\\/\\\/ubirataonline.com.br\\\/anvisa-libera-coronavac-para-criancas-de-3-a-5-anos\\\/\",\"url\":\"https:\\\/\\\/ubirataonline.com.br\\\/anvisa-libera-coronavac-para-criancas-de-3-a-5-anos\\\/\",\"name\":\"Anvisa libera Coronavac para crian\u00e7as de 3 a 5 anos - Ubirat\u00e3 Online Not\u00edcias - A realidade ao seu alcance!\",\"isPartOf\":{\"@id\":\"https:\\\/\\\/ubirataonline.com.br\\\/#website\"},\"primaryImageOfPage\":{\"@id\":\"https:\\\/\\\/ubirataonline.com.br\\\/anvisa-libera-coronavac-para-criancas-de-3-a-5-anos\\\/#primaryimage\"},\"image\":{\"@id\":\"https:\\\/\\\/ubirataonline.com.br\\\/anvisa-libera-coronavac-para-criancas-de-3-a-5-anos\\\/#primaryimage\"},\"thumbnailUrl\":\"https:\\\/\\\/ubirataonline.com.br\\\/wp-content\\\/uploads\\\/2022\\\/01\\\/vacina-taubate-418x235-1.png\",\"datePublished\":\"2022-07-14T13:32:26+00:00\",\"dateModified\":\"2022-07-14T13:32:27+00:00\",\"description\":\"A Ag\u00eancia Nacional de Vigil\u00e2ncia Sanit\u00e1ria (Anvisa) decidiu autorizar a aplica\u00e7\u00e3o emergencial da vacina CoronaVac em crian\u00e7as de 3 a 5 anos de idade. O\",\"breadcrumb\":{\"@id\":\"https:\\\/\\\/ubirataonline.com.br\\\/anvisa-libera-coronavac-para-criancas-de-3-a-5-anos\\\/#breadcrumb\"},\"inLanguage\":\"en-US\",\"potentialAction\":[{\"@type\":\"ReadAction\",\"target\":[\"https:\\\/\\\/ubirataonline.com.br\\\/anvisa-libera-coronavac-para-criancas-de-3-a-5-anos\\\/\"]}]},{\"@type\":\"ImageObject\",\"inLanguage\":\"en-US\",\"@id\":\"https:\\\/\\\/ubirataonline.com.br\\\/anvisa-libera-coronavac-para-criancas-de-3-a-5-anos\\\/#primaryimage\",\"url\":\"https:\\\/\\\/ubirataonline.com.br\\\/wp-content\\\/uploads\\\/2022\\\/01\\\/vacina-taubate-418x235-1.png\",\"contentUrl\":\"https:\\\/\\\/ubirataonline.com.br\\\/wp-content\\\/uploads\\\/2022\\\/01\\\/vacina-taubate-418x235-1.png\",\"width\":600,\"height\":337},{\"@type\":\"BreadcrumbList\",\"@id\":\"https:\\\/\\\/ubirataonline.com.br\\\/anvisa-libera-coronavac-para-criancas-de-3-a-5-anos\\\/#breadcrumb\",\"itemListElement\":[{\"@type\":\"ListItem\",\"position\":1,\"name\":\"In\u00edcio\",\"item\":\"https:\\\/\\\/ubirataonline.com.br\\\/\"},{\"@type\":\"ListItem\",\"position\":2,\"name\":\"Anvisa libera Coronavac para crian\u00e7as de 3 a 5 anos\"}]},{\"@type\":\"WebSite\",\"@id\":\"https:\\\/\\\/ubirataonline.com.br\\\/#website\",\"url\":\"https:\\\/\\\/ubirataonline.com.br\\\/\",\"name\":\"Ubirat\u00e3 Online Not\u00edcias\",\"description\":\"Not\u00edcias de Ubirat\u00e3, regi\u00e3o, Brasil e mundo, com informa\u00e7\u00e3o atualizada e compromisso com o leitor.\",\"publisher\":{\"@id\":\"https:\\\/\\\/ubirataonline.com.br\\\/#organization\"},\"alternateName\":\"Ubirat\u00e3 Online\",\"potentialAction\":[{\"@type\":\"SearchAction\",\"target\":{\"@type\":\"EntryPoint\",\"urlTemplate\":\"https:\\\/\\\/ubirataonline.com.br\\\/?s={search_term_string}\"},\"query-input\":{\"@type\":\"PropertyValueSpecification\",\"valueRequired\":true,\"valueName\":\"search_term_string\"}}],\"inLanguage\":\"en-US\"},{\"@type\":[\"Organization\",\"Place\"],\"@id\":\"https:\\\/\\\/ubirataonline.com.br\\\/#organization\",\"name\":\"Ubirat\u00e3 Online Not\u00edcias\",\"alternateName\":\"Ubirat\u00e3 Online\",\"url\":\"https:\\\/\\\/ubirataonline.com.br\\\/\",\"logo\":{\"@id\":\"https:\\\/\\\/ubirataonline.com.br\\\/anvisa-libera-coronavac-para-criancas-de-3-a-5-anos\\\/#local-main-organization-logo\"},\"image\":{\"@id\":\"https:\\\/\\\/ubirataonline.com.br\\\/anvisa-libera-coronavac-para-criancas-de-3-a-5-anos\\\/#local-main-organization-logo\"},\"sameAs\":[\"https:\\\/\\\/www.facebook.com\\\/portalubirataonline\",\"https:\\\/\\\/x.com\\\/ubirataonline\",\"https:\\\/\\\/mastodon.social\\\/@ubirataonline\",\"https:\\\/\\\/www.facebook.com\\\/groups\\\/311144672285604\",\"https:\\\/\\\/www.facebook.com\\\/UBTAOnline\",\"https:\\\/\\\/www.instagram.com\\\/portalubirataonline\\\/\",\"https:\\\/\\\/twitter.com\\\/ubirataonline\"],\"description\":\"Somos um portal de not\u00edcias independente, criado em 5 de janeiro de 2009, com o objetivo de informar, conectar e valorizar a nossa comunidade de Ubirat\u00e3 e toda aregi\u00e3o. Com conte\u00fado atualizado, confi\u00e1vel e relevante, o Ubirat\u00e3 Online \u00e9 o seu espa\u00e7o para ficar por dentro dos principais acontecimentos locais, regionais, Brasil, Mundo e de interesse geral. Nosso compromisso \u00e9 com a verdade, a transpar\u00eancia e o respeito ao leitor.\",\"legalName\":\"UBIRATA ONLINE NOT\u00cdCIAS\",\"foundingDate\":\"2009-01-05\",\"numberOfEmployees\":{\"@type\":\"QuantitativeValue\",\"minValue\":\"1\",\"maxValue\":\"10\"},\"publishingPrinciples\":\"https:\\\/\\\/ubirataonline.com.br\\\/faq\\\/\",\"address\":{\"@id\":\"https:\\\/\\\/ubirataonline.com.br\\\/anvisa-libera-coronavac-para-criancas-de-3-a-5-anos\\\/#local-main-place-address\"},\"geo\":{\"@type\":\"GeoCoordinates\",\"latitude\":\"-24.5361401\",\"longitude\":\"-52.9921776\"},\"telephone\":[\"+5544998308235\"],\"contactPoint\":{\"@type\":\"ContactPoint\",\"email\":\"contato@ubirataonline.com.br\"},\"openingHoursSpecification\":{\"@type\":\"OpeningHoursSpecification\",\"dayOfWeek\":[\"Monday\",\"Tuesday\",\"Wednesday\",\"Thursday\",\"Friday\",\"Saturday\",\"Sunday\"],\"opens\":\"00:00\",\"closes\":\"23:59\"},\"email\":\"contato@ubirataonline.com.br\",\"vatID\":\"47.621.418\\\/0001-80\"},{\"@type\":\"Person\",\"@id\":\"https:\\\/\\\/ubirataonline.com.br\\\/#\\\/schema\\\/person\\\/09f7a474bd1834b50dea8d1c197e976f\",\"name\":\"Vampeta\",\"sameAs\":[\"https:\\\/\\\/ubirataonline.com.br\"],\"url\":\"https:\\\/\\\/ubirataonline.com.br\\\/en\\\/author\\\/vampeta\\\/\"},{\"@type\":\"PostalAddress\",\"@id\":\"https:\\\/\\\/ubirataonline.com.br\\\/anvisa-libera-coronavac-para-criancas-de-3-a-5-anos\\\/#local-main-place-address\",\"streetAddress\":\"Rua dos Coqueiros, 104 - Bairro Boa Vista, Rua dos Coqueiros, 104 Bairro Boa Vista\",\"addressLocality\":\"UBIRATA\",\"postalCode\":\"85440-000\",\"addressRegion\":\"PR\",\"addressCountry\":\"BR\"},{\"@type\":\"ImageObject\",\"inLanguage\":\"en-US\",\"@id\":\"https:\\\/\\\/ubirataonline.com.br\\\/anvisa-libera-coronavac-para-criancas-de-3-a-5-anos\\\/#local-main-organization-logo\",\"url\":\"https:\\\/\\\/ubirataonline.com.br\\\/wp-content\\\/uploads\\\/2026\\\/06\\\/logoubirataonline-1.webp\",\"contentUrl\":\"https:\\\/\\\/ubirataonline.com.br\\\/wp-content\\\/uploads\\\/2026\\\/06\\\/logoubirataonline-1.webp\",\"width\":500,\"height\":500,\"caption\":\"Ubirat\u00e3 Online Not\u00edcias\"}]}<\/script>\n<meta name=\"geo.placename\" content=\"UBIRATA\" \/>\n<meta name=\"geo.position\" content=\"-24.5361401;-52.9921776\" \/>\n<meta name=\"geo.region\" content=\"Brazil\" \/>\n<!-- \/ Yoast SEO Premium plugin. -->","yoast_head_json":{"title":"Anvisa libera Coronavac para crian\u00e7as de 3 a 5 anos - Ubirat\u00e3 Online Not\u00edcias - A realidade ao seu alcance!","description":"A Ag\u00eancia Nacional de Vigil\u00e2ncia Sanit\u00e1ria (Anvisa) decidiu autorizar a aplica\u00e7\u00e3o emergencial da vacina CoronaVac em crian\u00e7as de 3 a 5 anos de idade. O","robots":{"index":"index","follow":"follow","max-snippet":"max-snippet:-1","max-image-preview":"max-image-preview:large","max-video-preview":"max-video-preview:-1"},"canonical":"https:\/\/ubirataonline.com.br\/en\/anvisa-libera-coronavac-para-criancas-de-3-a-5-anos\/","og_locale":"en_US","og_type":"article","og_title":"Anvisa libera Coronavac para crian\u00e7as de 3 a 5 anos","og_description":"A Ag\u00eancia Nacional de Vigil\u00e2ncia Sanit\u00e1ria (Anvisa) decidiu autorizar a aplica\u00e7\u00e3o emergencial da vacina CoronaVac em crian\u00e7as de 3 a 5 anos de idade. O","og_url":"https:\/\/ubirataonline.com.br\/en\/anvisa-libera-coronavac-para-criancas-de-3-a-5-anos\/","og_site_name":"Ubirat\u00e3 Online Not\u00edcias - A realidade ao seu alcance!","article_publisher":"https:\/\/www.facebook.com\/portalubirataonline","article_published_time":"2022-07-14T13:32:26+00:00","article_modified_time":"2022-07-14T13:32:27+00:00","og_image":[{"width":600,"height":337,"url":"https:\/\/ubirataonline.com.br\/wp-content\/uploads\/2022\/01\/vacina-taubate-418x235-1.png","type":"image\/png"}],"author":"Vampeta","twitter_card":"summary_large_image","twitter_creator":"@ubirataonline","twitter_site":"@ubirataonline","twitter_misc":{"Written by":"Vampeta","Est. reading time":"3 minutes"},"schema":{"@context":"https:\/\/schema.org","@graph":[{"@type":"NewsArticle","@id":"https:\/\/ubirataonline.com.br\/anvisa-libera-coronavac-para-criancas-de-3-a-5-anos\/#article","isPartOf":{"@id":"https:\/\/ubirataonline.com.br\/anvisa-libera-coronavac-para-criancas-de-3-a-5-anos\/"},"author":{"name":"Vampeta","@id":"https:\/\/ubirataonline.com.br\/#\/schema\/person\/09f7a474bd1834b50dea8d1c197e976f"},"headline":"Anvisa libera Coronavac para crian\u00e7as de 3 a 5 anos","datePublished":"2022-07-14T13:32:26+00:00","dateModified":"2022-07-14T13:32:27+00:00","mainEntityOfPage":{"@id":"https:\/\/ubirataonline.com.br\/anvisa-libera-coronavac-para-criancas-de-3-a-5-anos\/"},"wordCount":393,"publisher":{"@id":"https:\/\/ubirataonline.com.br\/#organization"},"image":{"@id":"https:\/\/ubirataonline.com.br\/anvisa-libera-coronavac-para-criancas-de-3-a-5-anos\/#primaryimage"},"thumbnailUrl":"https:\/\/ubirataonline.com.br\/wp-content\/uploads\/2022\/01\/vacina-taubate-418x235-1.png","articleSection":["Sa\u00fade"],"inLanguage":"en-US","copyrightYear":"2022","copyrightHolder":{"@id":"https:\/\/ubirataonline.com.br\/en\/#organization"}},{"@type":"WebPage","@id":"https:\/\/ubirataonline.com.br\/anvisa-libera-coronavac-para-criancas-de-3-a-5-anos\/","url":"https:\/\/ubirataonline.com.br\/anvisa-libera-coronavac-para-criancas-de-3-a-5-anos\/","name":"Anvisa libera Coronavac para crian\u00e7as de 3 a 5 anos - Ubirat\u00e3 Online Not\u00edcias - A realidade ao seu alcance!","isPartOf":{"@id":"https:\/\/ubirataonline.com.br\/#website"},"primaryImageOfPage":{"@id":"https:\/\/ubirataonline.com.br\/anvisa-libera-coronavac-para-criancas-de-3-a-5-anos\/#primaryimage"},"image":{"@id":"https:\/\/ubirataonline.com.br\/anvisa-libera-coronavac-para-criancas-de-3-a-5-anos\/#primaryimage"},"thumbnailUrl":"https:\/\/ubirataonline.com.br\/wp-content\/uploads\/2022\/01\/vacina-taubate-418x235-1.png","datePublished":"2022-07-14T13:32:26+00:00","dateModified":"2022-07-14T13:32:27+00:00","description":"A Ag\u00eancia Nacional de Vigil\u00e2ncia Sanit\u00e1ria (Anvisa) decidiu autorizar a aplica\u00e7\u00e3o emergencial da vacina CoronaVac em crian\u00e7as de 3 a 5 anos de idade. O","breadcrumb":{"@id":"https:\/\/ubirataonline.com.br\/anvisa-libera-coronavac-para-criancas-de-3-a-5-anos\/#breadcrumb"},"inLanguage":"en-US","potentialAction":[{"@type":"ReadAction","target":["https:\/\/ubirataonline.com.br\/anvisa-libera-coronavac-para-criancas-de-3-a-5-anos\/"]}]},{"@type":"ImageObject","inLanguage":"en-US","@id":"https:\/\/ubirataonline.com.br\/anvisa-libera-coronavac-para-criancas-de-3-a-5-anos\/#primaryimage","url":"https:\/\/ubirataonline.com.br\/wp-content\/uploads\/2022\/01\/vacina-taubate-418x235-1.png","contentUrl":"https:\/\/ubirataonline.com.br\/wp-content\/uploads\/2022\/01\/vacina-taubate-418x235-1.png","width":600,"height":337},{"@type":"BreadcrumbList","@id":"https:\/\/ubirataonline.com.br\/anvisa-libera-coronavac-para-criancas-de-3-a-5-anos\/#breadcrumb","itemListElement":[{"@type":"ListItem","position":1,"name":"In\u00edcio","item":"https:\/\/ubirataonline.com.br\/"},{"@type":"ListItem","position":2,"name":"Anvisa libera Coronavac para crian\u00e7as de 3 a 5 anos"}]},{"@type":"WebSite","@id":"https:\/\/ubirataonline.com.br\/#website","url":"https:\/\/ubirataonline.com.br\/","name":"Ubirat\u00e3 Online Not\u00edcias","description":"Not\u00edcias de Ubirat\u00e3, regi\u00e3o, Brasil e mundo, com informa\u00e7\u00e3o atualizada e compromisso com o leitor.","publisher":{"@id":"https:\/\/ubirataonline.com.br\/#organization"},"alternateName":"Ubirat\u00e3 Online","potentialAction":[{"@type":"SearchAction","target":{"@type":"EntryPoint","urlTemplate":"https:\/\/ubirataonline.com.br\/?s={search_term_string}"},"query-input":{"@type":"PropertyValueSpecification","valueRequired":true,"valueName":"search_term_string"}}],"inLanguage":"en-US"},{"@type":["Organization","Place"],"@id":"https:\/\/ubirataonline.com.br\/#organization","name":"Ubirat\u00e3 Online Not\u00edcias","alternateName":"Ubirat\u00e3 Online","url":"https:\/\/ubirataonline.com.br\/","logo":{"@id":"https:\/\/ubirataonline.com.br\/anvisa-libera-coronavac-para-criancas-de-3-a-5-anos\/#local-main-organization-logo"},"image":{"@id":"https:\/\/ubirataonline.com.br\/anvisa-libera-coronavac-para-criancas-de-3-a-5-anos\/#local-main-organization-logo"},"sameAs":["https:\/\/www.facebook.com\/portalubirataonline","https:\/\/x.com\/ubirataonline","https:\/\/mastodon.social\/@ubirataonline","https:\/\/www.facebook.com\/groups\/311144672285604","https:\/\/www.facebook.com\/UBTAOnline","https:\/\/www.instagram.com\/portalubirataonline\/","https:\/\/twitter.com\/ubirataonline"],"description":"Somos um portal de not\u00edcias independente, criado em 5 de janeiro de 2009, com o objetivo de informar, conectar e valorizar a nossa comunidade de Ubirat\u00e3 e toda aregi\u00e3o. Com conte\u00fado atualizado, confi\u00e1vel e relevante, o Ubirat\u00e3 Online \u00e9 o seu espa\u00e7o para ficar por dentro dos principais acontecimentos locais, regionais, Brasil, Mundo e de interesse geral. Nosso compromisso \u00e9 com a verdade, a transpar\u00eancia e o respeito ao leitor.","legalName":"UBIRATA ONLINE NOT\u00cdCIAS","foundingDate":"2009-01-05","numberOfEmployees":{"@type":"QuantitativeValue","minValue":"1","maxValue":"10"},"publishingPrinciples":"https:\/\/ubirataonline.com.br\/faq\/","address":{"@id":"https:\/\/ubirataonline.com.br\/anvisa-libera-coronavac-para-criancas-de-3-a-5-anos\/#local-main-place-address"},"geo":{"@type":"GeoCoordinates","latitude":"-24.5361401","longitude":"-52.9921776"},"telephone":["+5544998308235"],"contactPoint":{"@type":"ContactPoint","email":"contato@ubirataonline.com.br"},"openingHoursSpecification":{"@type":"OpeningHoursSpecification","dayOfWeek":["Monday","Tuesday","Wednesday","Thursday","Friday","Saturday","Sunday"],"opens":"00:00","closes":"23:59"},"email":"contato@ubirataonline.com.br","vatID":"47.621.418\/0001-80"},{"@type":"Person","@id":"https:\/\/ubirataonline.com.br\/#\/schema\/person\/09f7a474bd1834b50dea8d1c197e976f","name":"Vampeta","sameAs":["https:\/\/ubirataonline.com.br"],"url":"https:\/\/ubirataonline.com.br\/en\/author\/vampeta\/"},{"@type":"PostalAddress","@id":"https:\/\/ubirataonline.com.br\/anvisa-libera-coronavac-para-criancas-de-3-a-5-anos\/#local-main-place-address","streetAddress":"Rua dos Coqueiros, 104 - Bairro Boa Vista, Rua dos Coqueiros, 104 Bairro Boa Vista","addressLocality":"UBIRATA","postalCode":"85440-000","addressRegion":"PR","addressCountry":"BR"},{"@type":"ImageObject","inLanguage":"en-US","@id":"https:\/\/ubirataonline.com.br\/anvisa-libera-coronavac-para-criancas-de-3-a-5-anos\/#local-main-organization-logo","url":"https:\/\/ubirataonline.com.br\/wp-content\/uploads\/2026\/06\/logoubirataonline-1.webp","contentUrl":"https:\/\/ubirataonline.com.br\/wp-content\/uploads\/2026\/06\/logoubirataonline-1.webp","width":500,"height":500,"caption":"Ubirat\u00e3 Online Not\u00edcias"}]},"geo.placename":"UBIRATA","geo.position":{"lat":"-24.5361401","long":"-52.9921776"},"geo.region":"Brazil"},"_links":{"self":[{"href":"https:\/\/ubirataonline.com.br\/en\/wp-json\/wp\/v2\/posts\/45934","targetHints":{"allow":["GET"]}}],"collection":[{"href":"https:\/\/ubirataonline.com.br\/en\/wp-json\/wp\/v2\/posts"}],"about":[{"href":"https:\/\/ubirataonline.com.br\/en\/wp-json\/wp\/v2\/types\/post"}],"author":[{"embeddable":true,"href":"https:\/\/ubirataonline.com.br\/en\/wp-json\/wp\/v2\/users\/2"}],"replies":[{"embeddable":true,"href":"https:\/\/ubirataonline.com.br\/en\/wp-json\/wp\/v2\/comments?post=45934"}],"version-history":[{"count":0,"href":"https:\/\/ubirataonline.com.br\/en\/wp-json\/wp\/v2\/posts\/45934\/revisions"}],"wp:featuredmedia":[{"embeddable":true,"href":"https:\/\/ubirataonline.com.br\/en\/wp-json\/wp\/v2\/media\/43365"}],"wp:attachment":[{"href":"https:\/\/ubirataonline.com.br\/en\/wp-json\/wp\/v2\/media?parent=45934"}],"wp:term":[{"taxonomy":"category","embeddable":true,"href":"https:\/\/ubirataonline.com.br\/en\/wp-json\/wp\/v2\/categories?post=45934"},{"taxonomy":"post_tag","embeddable":true,"href":"https:\/\/ubirataonline.com.br\/en\/wp-json\/wp\/v2\/tags?post=45934"}],"curies":[{"name":"wp","href":"https:\/\/api.w.org\/{rel}","templated":true}]}}