{"id":48517,"date":"2023-01-04T20:00:00","date_gmt":"2023-01-04T23:00:00","guid":{"rendered":"https:\/\/ubirataonline.com.br\/index.php\/?p=48517"},"modified":"2023-01-04T20:16:08","modified_gmt":"2023-01-04T23:16:08","slug":"enem-2022-sera-reaplicado-nos-dias-10-e-11-de-janeiro","status":"publish","type":"post","link":"https:\/\/ubirataonline.com.br\/en\/enem-2022-sera-reaplicado-nos-dias-10-e-11-de-janeiro\/","title":{"rendered":"Enem 2022 ser\u00e1 reaplicado nos dias 10 e 11 de janeiro"},"content":{"rendered":"<p class=\"wp-block-paragraph\">O Instituto Nacional de Estudos e Pesquisas Educacionais An\u00edsio Teixeira (Inep) reaplica, nas pr\u00f3ximas ter\u00e7a-feira (10) e quarta-feira (11), o Exame Nacional do Ensino M\u00e9dio (Enem) 2022. Podem participar estudantes que tiveram algum tipo de problema log\u00edstico no dia da aplica\u00e7\u00e3o regular ou que estavam acometidos por doen\u00e7as infectocontagiosas, desde que os pedidos de reaplica\u00e7\u00e3o tenham sido aprovados pelo instituto.<img decoding=\"async\" src=\"https:\/\/agenciabrasil.ebc.com.br\/ebc.png?id=1501528&amp;o=node\"><img decoding=\"async\" src=\"https:\/\/agenciabrasil.ebc.com.br\/ebc.gif?id=1501528&amp;o=node\"><\/p>\n\n\n\n<p class=\"wp-block-paragraph\">Segundo o Inep, o cart\u00e3o de confirma\u00e7\u00e3o de inscri\u00e7\u00e3o da reaplica\u00e7\u00e3o j\u00e1 est\u00e1 dispon\u00edvel na P\u00e1gina do Participante.&nbsp;O documento apresenta, entre outras informa\u00e7\u00f5es, data, hor\u00e1rio e local de prova. Para visualizar ou imprimir o cart\u00e3o, \u00e9 necess\u00e1rio acessar o sistema do Enem com&nbsp;<em>login<\/em>&nbsp;e senha \u00fanicos do Governo Federal (gov.br). Caso o participante n\u00e3o lembre ou tenha perdido a senha, \u00e9 poss\u00edvel recuper\u00e1-la.<\/p>\n\n\n\n<p class=\"wp-block-paragraph\"><strong>PESSOAS PRIVADAS DE LIBERDADE<\/strong><\/p>\n\n\n\n<p class=\"wp-block-paragraph\">Nas mesmas datas da reaplica\u00e7\u00e3o, ocorre a edi\u00e7\u00e3o do Enem 2022 para pessoas privadas de liberdade ou que est\u00e3o sob medida socioeducativa que inclua priva\u00e7\u00e3o de liberdade. As provas, de acordo com o Inep, t\u00eam o mesmo n\u00edvel de dificuldade do exame regular. A aplica\u00e7\u00e3o acontece dentro de unidades prisionais e socioeducativas indicadas pelas unidades da Federa\u00e7\u00e3o.<\/p>\n\n\n\n<p class=\"wp-block-paragraph\"><strong>ENEM<\/strong><\/p>\n\n\n\n<p class=\"wp-block-paragraph\">O exame avalia o desempenho escolar de estudantes ao t\u00e9rmino da educa\u00e7\u00e3o b\u00e1sica e funciona como uma das principais portas de entrada para a educa\u00e7\u00e3o superior no Brasil, por meio do Sistema de Sele\u00e7\u00e3o Unificada (Sisu) e de iniciativas como o Programa Universidade para Todos (Prouni).<\/p>\n\n\n\n<p class=\"wp-block-paragraph\">Institui\u00e7\u00f5es de ensino p\u00fablicas e privadas utilizam o Enem para selecionar estudantes. Os resultados s\u00e3o usados como crit\u00e9rio \u00fanico ou complementar de processos seletivos, al\u00e9m de servirem de par\u00e2metros para acesso ao Fundo de Financiamento Estudantil (Fies).<\/p>\n\n\n\n<p class=\"wp-block-paragraph\">Os resultados individuais tamb\u00e9m podem ser usados em processos seletivos de institui\u00e7\u00f5es portuguesas de ensino superior e que possuem conv\u00eanio com o Inep.<\/p>\n\n\n\n<p class=\"wp-block-paragraph\"><em>Fonte: Ag\u00eancia Brasil<\/em><\/p>","protected":false},"excerpt":{"rendered":"<p>O Instituto Nacional de Estudos e Pesquisas Educacionais An\u00edsio Teixeira (Inep) reaplica, nas pr\u00f3ximas ter\u00e7a-feira (10) e quarta-feira (11), o Exame Nacional do Ensino M\u00e9dio (Enem) 2022. Podem participar estudantes que tiveram algum tipo de problema log\u00edstico no dia da aplica\u00e7\u00e3o regular ou que estavam acometidos por doen\u00e7as infectocontagiosas, desde que os pedidos de reaplica\u00e7\u00e3o [&hellip;]<\/p>\n","protected":false},"author":2,"featured_media":48518,"comment_status":"closed","ping_status":"closed","sticky":false,"template":"","format":"standard","meta":{"googlesitekit_rrm_CAow2JLhCw:productID":"","_gspb_post_css":"","maa_idioma":"","maa_pais":"","footnotes":""},"categories":[10],"tags":[],"class_list":["post-48517","post","type-post","status-publish","format-standard","has-post-thumbnail","hentry","category-geral"],"blocksy_meta":[],"yoast_head":"<!-- This site is optimized with the Yoast SEO Premium plugin v27.6 (Yoast SEO v27.6) - https:\/\/yoast.com\/product\/yoast-seo-premium-wordpress\/ -->\n<title>Enem 2022 ser\u00e1 reaplicado nos dias 10 e 11 de janeiro - Ubirat\u00e3 Online Not\u00edcias - A realidade ao seu alcance!<\/title>\n<meta name=\"description\" content=\"O Instituto Nacional de Estudos e Pesquisas Educacionais An\u00edsio Teixeira (Inep) reaplica, nas pr\u00f3ximas ter\u00e7a-feira (10) e quarta-feira (11), o Exame\" \/>\n<meta name=\"robots\" content=\"index, follow, max-snippet:-1, max-image-preview:large, max-video-preview:-1\" \/>\n<link rel=\"canonical\" href=\"https:\/\/ubirataonline.com.br\/en\/enem-2022-sera-reaplicado-nos-dias-10-e-11-de-janeiro\/\" \/>\n<meta property=\"og:locale\" content=\"en_US\" \/>\n<meta property=\"og:type\" content=\"article\" \/>\n<meta property=\"og:title\" content=\"Enem 2022 ser\u00e1 reaplicado nos dias 10 e 11 de janeiro\" \/>\n<meta property=\"og:description\" content=\"O Instituto Nacional de Estudos e Pesquisas Educacionais An\u00edsio Teixeira (Inep) reaplica, nas pr\u00f3ximas ter\u00e7a-feira (10) e quarta-feira (11), o Exame\" \/>\n<meta property=\"og:url\" content=\"https:\/\/ubirataonline.com.br\/en\/enem-2022-sera-reaplicado-nos-dias-10-e-11-de-janeiro\/\" \/>\n<meta property=\"og:site_name\" content=\"Ubirat\u00e3 Online Not\u00edcias - A realidade ao seu alcance!\" \/>\n<meta property=\"article:publisher\" content=\"https:\/\/www.facebook.com\/portalubirataonline\" \/>\n<meta property=\"article:published_time\" content=\"2023-01-04T23:00:00+00:00\" \/>\n<meta property=\"article:modified_time\" content=\"2023-01-04T23:16:08+00:00\" \/>\n<meta property=\"og:image\" content=\"https:\/\/ubirataonline.com.br\/wp-content\/uploads\/2023\/01\/Foto55.jpg\" \/>\n\t<meta property=\"og:image:width\" content=\"960\" \/>\n\t<meta property=\"og:image:height\" content=\"574\" \/>\n\t<meta property=\"og:image:type\" content=\"image\/jpeg\" \/>\n<meta name=\"author\" content=\"Vampeta\" \/>\n<meta name=\"twitter:card\" content=\"summary_large_image\" \/>\n<meta name=\"twitter:creator\" content=\"@ubirataonline\" \/>\n<meta name=\"twitter:site\" content=\"@ubirataonline\" \/>\n<meta name=\"twitter:label1\" content=\"Written by\" \/>\n\t<meta name=\"twitter:data1\" content=\"Vampeta\" \/>\n\t<meta name=\"twitter:label2\" content=\"Est. reading time\" \/>\n\t<meta name=\"twitter:data2\" content=\"2 minutes\" \/>\n<script type=\"application\/ld+json\" class=\"yoast-schema-graph\">{\"@context\":\"https:\\\/\\\/schema.org\",\"@graph\":[{\"@type\":\"NewsArticle\",\"@id\":\"https:\\\/\\\/ubirataonline.com.br\\\/enem-2022-sera-reaplicado-nos-dias-10-e-11-de-janeiro\\\/#article\",\"isPartOf\":{\"@id\":\"https:\\\/\\\/ubirataonline.com.br\\\/enem-2022-sera-reaplicado-nos-dias-10-e-11-de-janeiro\\\/\"},\"author\":{\"name\":\"Vampeta\",\"@id\":\"https:\\\/\\\/ubirataonline.com.br\\\/#\\\/schema\\\/person\\\/09f7a474bd1834b50dea8d1c197e976f\"},\"headline\":\"Enem 2022 ser\u00e1 reaplicado nos dias 10 e 11 de janeiro\",\"datePublished\":\"2023-01-04T23:00:00+00:00\",\"dateModified\":\"2023-01-04T23:16:08+00:00\",\"mainEntityOfPage\":{\"@id\":\"https:\\\/\\\/ubirataonline.com.br\\\/enem-2022-sera-reaplicado-nos-dias-10-e-11-de-janeiro\\\/\"},\"wordCount\":346,\"publisher\":{\"@id\":\"https:\\\/\\\/ubirataonline.com.br\\\/#organization\"},\"image\":{\"@id\":\"https:\\\/\\\/ubirataonline.com.br\\\/enem-2022-sera-reaplicado-nos-dias-10-e-11-de-janeiro\\\/#primaryimage\"},\"thumbnailUrl\":\"https:\\\/\\\/ubirataonline.com.br\\\/wp-content\\\/uploads\\\/2023\\\/01\\\/Foto55.jpg\",\"articleSection\":[\"Geral\"],\"inLanguage\":\"en-US\",\"copyrightYear\":\"2023\",\"copyrightHolder\":{\"@id\":\"https:\\\/\\\/ubirataonline.com.br\\\/en\\\/#organization\"}},{\"@type\":\"WebPage\",\"@id\":\"https:\\\/\\\/ubirataonline.com.br\\\/enem-2022-sera-reaplicado-nos-dias-10-e-11-de-janeiro\\\/\",\"url\":\"https:\\\/\\\/ubirataonline.com.br\\\/enem-2022-sera-reaplicado-nos-dias-10-e-11-de-janeiro\\\/\",\"name\":\"Enem 2022 ser\u00e1 reaplicado nos dias 10 e 11 de janeiro - Ubirat\u00e3 Online Not\u00edcias - A realidade ao seu alcance!\",\"isPartOf\":{\"@id\":\"https:\\\/\\\/ubirataonline.com.br\\\/#website\"},\"primaryImageOfPage\":{\"@id\":\"https:\\\/\\\/ubirataonline.com.br\\\/enem-2022-sera-reaplicado-nos-dias-10-e-11-de-janeiro\\\/#primaryimage\"},\"image\":{\"@id\":\"https:\\\/\\\/ubirataonline.com.br\\\/enem-2022-sera-reaplicado-nos-dias-10-e-11-de-janeiro\\\/#primaryimage\"},\"thumbnailUrl\":\"https:\\\/\\\/ubirataonline.com.br\\\/wp-content\\\/uploads\\\/2023\\\/01\\\/Foto55.jpg\",\"datePublished\":\"2023-01-04T23:00:00+00:00\",\"dateModified\":\"2023-01-04T23:16:08+00:00\",\"description\":\"O Instituto Nacional de Estudos e Pesquisas Educacionais An\u00edsio Teixeira (Inep) reaplica, nas pr\u00f3ximas ter\u00e7a-feira (10) e quarta-feira (11), o Exame\",\"breadcrumb\":{\"@id\":\"https:\\\/\\\/ubirataonline.com.br\\\/enem-2022-sera-reaplicado-nos-dias-10-e-11-de-janeiro\\\/#breadcrumb\"},\"inLanguage\":\"en-US\",\"potentialAction\":[{\"@type\":\"ReadAction\",\"target\":[\"https:\\\/\\\/ubirataonline.com.br\\\/enem-2022-sera-reaplicado-nos-dias-10-e-11-de-janeiro\\\/\"]}]},{\"@type\":\"ImageObject\",\"inLanguage\":\"en-US\",\"@id\":\"https:\\\/\\\/ubirataonline.com.br\\\/enem-2022-sera-reaplicado-nos-dias-10-e-11-de-janeiro\\\/#primaryimage\",\"url\":\"https:\\\/\\\/ubirataonline.com.br\\\/wp-content\\\/uploads\\\/2023\\\/01\\\/Foto55.jpg\",\"contentUrl\":\"https:\\\/\\\/ubirataonline.com.br\\\/wp-content\\\/uploads\\\/2023\\\/01\\\/Foto55.jpg\",\"width\":960,\"height\":574},{\"@type\":\"BreadcrumbList\",\"@id\":\"https:\\\/\\\/ubirataonline.com.br\\\/enem-2022-sera-reaplicado-nos-dias-10-e-11-de-janeiro\\\/#breadcrumb\",\"itemListElement\":[{\"@type\":\"ListItem\",\"position\":1,\"name\":\"In\u00edcio\",\"item\":\"https:\\\/\\\/ubirataonline.com.br\\\/\"},{\"@type\":\"ListItem\",\"position\":2,\"name\":\"Enem 2022 ser\u00e1 reaplicado nos dias 10 e 11 de janeiro\"}]},{\"@type\":\"WebSite\",\"@id\":\"https:\\\/\\\/ubirataonline.com.br\\\/#website\",\"url\":\"https:\\\/\\\/ubirataonline.com.br\\\/\",\"name\":\"Ubirat\u00e3 Online Not\u00edcias\",\"description\":\"Not\u00edcias de Ubirat\u00e3, regi\u00e3o, Brasil e mundo, com informa\u00e7\u00e3o atualizada e compromisso com o leitor.\",\"publisher\":{\"@id\":\"https:\\\/\\\/ubirataonline.com.br\\\/#organization\"},\"alternateName\":\"Ubirat\u00e3 Online\",\"potentialAction\":[{\"@type\":\"SearchAction\",\"target\":{\"@type\":\"EntryPoint\",\"urlTemplate\":\"https:\\\/\\\/ubirataonline.com.br\\\/?s={search_term_string}\"},\"query-input\":{\"@type\":\"PropertyValueSpecification\",\"valueRequired\":true,\"valueName\":\"search_term_string\"}}],\"inLanguage\":\"en-US\"},{\"@type\":[\"Organization\",\"Place\"],\"@id\":\"https:\\\/\\\/ubirataonline.com.br\\\/#organization\",\"name\":\"Ubirat\u00e3 Online Not\u00edcias\",\"alternateName\":\"Ubirat\u00e3 Online\",\"url\":\"https:\\\/\\\/ubirataonline.com.br\\\/\",\"logo\":{\"@id\":\"https:\\\/\\\/ubirataonline.com.br\\\/enem-2022-sera-reaplicado-nos-dias-10-e-11-de-janeiro\\\/#local-main-organization-logo\"},\"image\":{\"@id\":\"https:\\\/\\\/ubirataonline.com.br\\\/enem-2022-sera-reaplicado-nos-dias-10-e-11-de-janeiro\\\/#local-main-organization-logo\"},\"sameAs\":[\"https:\\\/\\\/www.facebook.com\\\/portalubirataonline\",\"https:\\\/\\\/x.com\\\/ubirataonline\",\"https:\\\/\\\/mastodon.social\\\/@ubirataonline\",\"https:\\\/\\\/www.facebook.com\\\/groups\\\/311144672285604\",\"https:\\\/\\\/www.facebook.com\\\/UBTAOnline\",\"https:\\\/\\\/www.instagram.com\\\/portalubirataonline\\\/\",\"https:\\\/\\\/twitter.com\\\/ubirataonline\"],\"description\":\"Somos um portal de not\u00edcias independente, criado em 5 de janeiro de 2009, com o objetivo de informar, conectar e valorizar a nossa comunidade de Ubirat\u00e3 e toda aregi\u00e3o. Com conte\u00fado atualizado, confi\u00e1vel e relevante, o Ubirat\u00e3 Online \u00e9 o seu espa\u00e7o para ficar por dentro dos principais acontecimentos locais, regionais, Brasil, Mundo e de interesse geral. Nosso compromisso \u00e9 com a verdade, a transpar\u00eancia e o respeito ao leitor.\",\"legalName\":\"UBIRATA ONLINE NOT\u00cdCIAS\",\"foundingDate\":\"2009-01-05\",\"numberOfEmployees\":{\"@type\":\"QuantitativeValue\",\"minValue\":\"1\",\"maxValue\":\"10\"},\"publishingPrinciples\":\"https:\\\/\\\/ubirataonline.com.br\\\/faq\\\/\",\"address\":{\"@id\":\"https:\\\/\\\/ubirataonline.com.br\\\/enem-2022-sera-reaplicado-nos-dias-10-e-11-de-janeiro\\\/#local-main-place-address\"},\"geo\":{\"@type\":\"GeoCoordinates\",\"latitude\":\"-24.5361401\",\"longitude\":\"-52.9921776\"},\"telephone\":[\"+5544998308235\"],\"contactPoint\":{\"@type\":\"ContactPoint\",\"email\":\"contato@ubirataonline.com.br\"},\"openingHoursSpecification\":{\"@type\":\"OpeningHoursSpecification\",\"dayOfWeek\":[\"Monday\",\"Tuesday\",\"Wednesday\",\"Thursday\",\"Friday\",\"Saturday\",\"Sunday\"],\"opens\":\"00:00\",\"closes\":\"23:59\"},\"email\":\"contato@ubirataonline.com.br\",\"vatID\":\"47.621.418\\\/0001-80\"},{\"@type\":\"Person\",\"@id\":\"https:\\\/\\\/ubirataonline.com.br\\\/#\\\/schema\\\/person\\\/09f7a474bd1834b50dea8d1c197e976f\",\"name\":\"Vampeta\",\"sameAs\":[\"https:\\\/\\\/ubirataonline.com.br\"],\"url\":\"https:\\\/\\\/ubirataonline.com.br\\\/en\\\/author\\\/vampeta\\\/\"},{\"@type\":\"PostalAddress\",\"@id\":\"https:\\\/\\\/ubirataonline.com.br\\\/enem-2022-sera-reaplicado-nos-dias-10-e-11-de-janeiro\\\/#local-main-place-address\",\"streetAddress\":\"Rua dos Coqueiros, 104 - Bairro Boa Vista, Rua dos Coqueiros, 104 Bairro Boa Vista\",\"addressLocality\":\"UBIRATA\",\"postalCode\":\"85440-000\",\"addressRegion\":\"PR\",\"addressCountry\":\"BR\"},{\"@type\":\"ImageObject\",\"inLanguage\":\"en-US\",\"@id\":\"https:\\\/\\\/ubirataonline.com.br\\\/enem-2022-sera-reaplicado-nos-dias-10-e-11-de-janeiro\\\/#local-main-organization-logo\",\"url\":\"https:\\\/\\\/ubirataonline.com.br\\\/wp-content\\\/uploads\\\/2026\\\/06\\\/logoubirataonline-1.webp\",\"contentUrl\":\"https:\\\/\\\/ubirataonline.com.br\\\/wp-content\\\/uploads\\\/2026\\\/06\\\/logoubirataonline-1.webp\",\"width\":500,\"height\":500,\"caption\":\"Ubirat\u00e3 Online Not\u00edcias\"}]}<\/script>\n<meta name=\"geo.placename\" content=\"UBIRATA\" \/>\n<meta name=\"geo.position\" content=\"-24.5361401;-52.9921776\" \/>\n<meta name=\"geo.region\" content=\"Brazil\" \/>\n<!-- \/ Yoast SEO Premium plugin. -->","yoast_head_json":{"title":"Enem 2022 ser\u00e1 reaplicado nos dias 10 e 11 de janeiro - Ubirat\u00e3 Online Not\u00edcias - A realidade ao seu alcance!","description":"O Instituto Nacional de Estudos e Pesquisas Educacionais An\u00edsio Teixeira (Inep) reaplica, nas pr\u00f3ximas ter\u00e7a-feira (10) e quarta-feira (11), o Exame","robots":{"index":"index","follow":"follow","max-snippet":"max-snippet:-1","max-image-preview":"max-image-preview:large","max-video-preview":"max-video-preview:-1"},"canonical":"https:\/\/ubirataonline.com.br\/en\/enem-2022-sera-reaplicado-nos-dias-10-e-11-de-janeiro\/","og_locale":"en_US","og_type":"article","og_title":"Enem 2022 ser\u00e1 reaplicado nos dias 10 e 11 de janeiro","og_description":"O Instituto Nacional de Estudos e Pesquisas Educacionais An\u00edsio Teixeira (Inep) reaplica, nas pr\u00f3ximas ter\u00e7a-feira (10) e quarta-feira (11), o Exame","og_url":"https:\/\/ubirataonline.com.br\/en\/enem-2022-sera-reaplicado-nos-dias-10-e-11-de-janeiro\/","og_site_name":"Ubirat\u00e3 Online Not\u00edcias - A realidade ao seu alcance!","article_publisher":"https:\/\/www.facebook.com\/portalubirataonline","article_published_time":"2023-01-04T23:00:00+00:00","article_modified_time":"2023-01-04T23:16:08+00:00","og_image":[{"width":960,"height":574,"url":"https:\/\/ubirataonline.com.br\/wp-content\/uploads\/2023\/01\/Foto55.jpg","type":"image\/jpeg"}],"author":"Vampeta","twitter_card":"summary_large_image","twitter_creator":"@ubirataonline","twitter_site":"@ubirataonline","twitter_misc":{"Written by":"Vampeta","Est. reading time":"2 minutes"},"schema":{"@context":"https:\/\/schema.org","@graph":[{"@type":"NewsArticle","@id":"https:\/\/ubirataonline.com.br\/enem-2022-sera-reaplicado-nos-dias-10-e-11-de-janeiro\/#article","isPartOf":{"@id":"https:\/\/ubirataonline.com.br\/enem-2022-sera-reaplicado-nos-dias-10-e-11-de-janeiro\/"},"author":{"name":"Vampeta","@id":"https:\/\/ubirataonline.com.br\/#\/schema\/person\/09f7a474bd1834b50dea8d1c197e976f"},"headline":"Enem 2022 ser\u00e1 reaplicado nos dias 10 e 11 de janeiro","datePublished":"2023-01-04T23:00:00+00:00","dateModified":"2023-01-04T23:16:08+00:00","mainEntityOfPage":{"@id":"https:\/\/ubirataonline.com.br\/enem-2022-sera-reaplicado-nos-dias-10-e-11-de-janeiro\/"},"wordCount":346,"publisher":{"@id":"https:\/\/ubirataonline.com.br\/#organization"},"image":{"@id":"https:\/\/ubirataonline.com.br\/enem-2022-sera-reaplicado-nos-dias-10-e-11-de-janeiro\/#primaryimage"},"thumbnailUrl":"https:\/\/ubirataonline.com.br\/wp-content\/uploads\/2023\/01\/Foto55.jpg","articleSection":["Geral"],"inLanguage":"en-US","copyrightYear":"2023","copyrightHolder":{"@id":"https:\/\/ubirataonline.com.br\/en\/#organization"}},{"@type":"WebPage","@id":"https:\/\/ubirataonline.com.br\/enem-2022-sera-reaplicado-nos-dias-10-e-11-de-janeiro\/","url":"https:\/\/ubirataonline.com.br\/enem-2022-sera-reaplicado-nos-dias-10-e-11-de-janeiro\/","name":"Enem 2022 ser\u00e1 reaplicado nos dias 10 e 11 de janeiro - Ubirat\u00e3 Online Not\u00edcias - A realidade ao seu alcance!","isPartOf":{"@id":"https:\/\/ubirataonline.com.br\/#website"},"primaryImageOfPage":{"@id":"https:\/\/ubirataonline.com.br\/enem-2022-sera-reaplicado-nos-dias-10-e-11-de-janeiro\/#primaryimage"},"image":{"@id":"https:\/\/ubirataonline.com.br\/enem-2022-sera-reaplicado-nos-dias-10-e-11-de-janeiro\/#primaryimage"},"thumbnailUrl":"https:\/\/ubirataonline.com.br\/wp-content\/uploads\/2023\/01\/Foto55.jpg","datePublished":"2023-01-04T23:00:00+00:00","dateModified":"2023-01-04T23:16:08+00:00","description":"O Instituto Nacional de Estudos e Pesquisas Educacionais An\u00edsio Teixeira (Inep) reaplica, nas pr\u00f3ximas ter\u00e7a-feira (10) e quarta-feira (11), o Exame","breadcrumb":{"@id":"https:\/\/ubirataonline.com.br\/enem-2022-sera-reaplicado-nos-dias-10-e-11-de-janeiro\/#breadcrumb"},"inLanguage":"en-US","potentialAction":[{"@type":"ReadAction","target":["https:\/\/ubirataonline.com.br\/enem-2022-sera-reaplicado-nos-dias-10-e-11-de-janeiro\/"]}]},{"@type":"ImageObject","inLanguage":"en-US","@id":"https:\/\/ubirataonline.com.br\/enem-2022-sera-reaplicado-nos-dias-10-e-11-de-janeiro\/#primaryimage","url":"https:\/\/ubirataonline.com.br\/wp-content\/uploads\/2023\/01\/Foto55.jpg","contentUrl":"https:\/\/ubirataonline.com.br\/wp-content\/uploads\/2023\/01\/Foto55.jpg","width":960,"height":574},{"@type":"BreadcrumbList","@id":"https:\/\/ubirataonline.com.br\/enem-2022-sera-reaplicado-nos-dias-10-e-11-de-janeiro\/#breadcrumb","itemListElement":[{"@type":"ListItem","position":1,"name":"In\u00edcio","item":"https:\/\/ubirataonline.com.br\/"},{"@type":"ListItem","position":2,"name":"Enem 2022 ser\u00e1 reaplicado nos dias 10 e 11 de janeiro"}]},{"@type":"WebSite","@id":"https:\/\/ubirataonline.com.br\/#website","url":"https:\/\/ubirataonline.com.br\/","name":"Ubirat\u00e3 Online Not\u00edcias","description":"Not\u00edcias de Ubirat\u00e3, regi\u00e3o, Brasil e mundo, com informa\u00e7\u00e3o atualizada e compromisso com o leitor.","publisher":{"@id":"https:\/\/ubirataonline.com.br\/#organization"},"alternateName":"Ubirat\u00e3 Online","potentialAction":[{"@type":"SearchAction","target":{"@type":"EntryPoint","urlTemplate":"https:\/\/ubirataonline.com.br\/?s={search_term_string}"},"query-input":{"@type":"PropertyValueSpecification","valueRequired":true,"valueName":"search_term_string"}}],"inLanguage":"en-US"},{"@type":["Organization","Place"],"@id":"https:\/\/ubirataonline.com.br\/#organization","name":"Ubirat\u00e3 Online Not\u00edcias","alternateName":"Ubirat\u00e3 Online","url":"https:\/\/ubirataonline.com.br\/","logo":{"@id":"https:\/\/ubirataonline.com.br\/enem-2022-sera-reaplicado-nos-dias-10-e-11-de-janeiro\/#local-main-organization-logo"},"image":{"@id":"https:\/\/ubirataonline.com.br\/enem-2022-sera-reaplicado-nos-dias-10-e-11-de-janeiro\/#local-main-organization-logo"},"sameAs":["https:\/\/www.facebook.com\/portalubirataonline","https:\/\/x.com\/ubirataonline","https:\/\/mastodon.social\/@ubirataonline","https:\/\/www.facebook.com\/groups\/311144672285604","https:\/\/www.facebook.com\/UBTAOnline","https:\/\/www.instagram.com\/portalubirataonline\/","https:\/\/twitter.com\/ubirataonline"],"description":"Somos um portal de not\u00edcias independente, criado em 5 de janeiro de 2009, com o objetivo de informar, conectar e valorizar a nossa comunidade de Ubirat\u00e3 e toda aregi\u00e3o. Com conte\u00fado atualizado, confi\u00e1vel e relevante, o Ubirat\u00e3 Online \u00e9 o seu espa\u00e7o para ficar por dentro dos principais acontecimentos locais, regionais, Brasil, Mundo e de interesse geral. Nosso compromisso \u00e9 com a verdade, a transpar\u00eancia e o respeito ao leitor.","legalName":"UBIRATA ONLINE NOT\u00cdCIAS","foundingDate":"2009-01-05","numberOfEmployees":{"@type":"QuantitativeValue","minValue":"1","maxValue":"10"},"publishingPrinciples":"https:\/\/ubirataonline.com.br\/faq\/","address":{"@id":"https:\/\/ubirataonline.com.br\/enem-2022-sera-reaplicado-nos-dias-10-e-11-de-janeiro\/#local-main-place-address"},"geo":{"@type":"GeoCoordinates","latitude":"-24.5361401","longitude":"-52.9921776"},"telephone":["+5544998308235"],"contactPoint":{"@type":"ContactPoint","email":"contato@ubirataonline.com.br"},"openingHoursSpecification":{"@type":"OpeningHoursSpecification","dayOfWeek":["Monday","Tuesday","Wednesday","Thursday","Friday","Saturday","Sunday"],"opens":"00:00","closes":"23:59"},"email":"contato@ubirataonline.com.br","vatID":"47.621.418\/0001-80"},{"@type":"Person","@id":"https:\/\/ubirataonline.com.br\/#\/schema\/person\/09f7a474bd1834b50dea8d1c197e976f","name":"Vampeta","sameAs":["https:\/\/ubirataonline.com.br"],"url":"https:\/\/ubirataonline.com.br\/en\/author\/vampeta\/"},{"@type":"PostalAddress","@id":"https:\/\/ubirataonline.com.br\/enem-2022-sera-reaplicado-nos-dias-10-e-11-de-janeiro\/#local-main-place-address","streetAddress":"Rua dos Coqueiros, 104 - Bairro Boa Vista, Rua dos Coqueiros, 104 Bairro Boa Vista","addressLocality":"UBIRATA","postalCode":"85440-000","addressRegion":"PR","addressCountry":"BR"},{"@type":"ImageObject","inLanguage":"en-US","@id":"https:\/\/ubirataonline.com.br\/enem-2022-sera-reaplicado-nos-dias-10-e-11-de-janeiro\/#local-main-organization-logo","url":"https:\/\/ubirataonline.com.br\/wp-content\/uploads\/2026\/06\/logoubirataonline-1.webp","contentUrl":"https:\/\/ubirataonline.com.br\/wp-content\/uploads\/2026\/06\/logoubirataonline-1.webp","width":500,"height":500,"caption":"Ubirat\u00e3 Online Not\u00edcias"}]},"geo.placename":"UBIRATA","geo.position":{"lat":"-24.5361401","long":"-52.9921776"},"geo.region":"Brazil"},"_links":{"self":[{"href":"https:\/\/ubirataonline.com.br\/en\/wp-json\/wp\/v2\/posts\/48517","targetHints":{"allow":["GET"]}}],"collection":[{"href":"https:\/\/ubirataonline.com.br\/en\/wp-json\/wp\/v2\/posts"}],"about":[{"href":"https:\/\/ubirataonline.com.br\/en\/wp-json\/wp\/v2\/types\/post"}],"author":[{"embeddable":true,"href":"https:\/\/ubirataonline.com.br\/en\/wp-json\/wp\/v2\/users\/2"}],"replies":[{"embeddable":true,"href":"https:\/\/ubirataonline.com.br\/en\/wp-json\/wp\/v2\/comments?post=48517"}],"version-history":[{"count":0,"href":"https:\/\/ubirataonline.com.br\/en\/wp-json\/wp\/v2\/posts\/48517\/revisions"}],"wp:featuredmedia":[{"embeddable":true,"href":"https:\/\/ubirataonline.com.br\/en\/wp-json\/wp\/v2\/media\/48518"}],"wp:attachment":[{"href":"https:\/\/ubirataonline.com.br\/en\/wp-json\/wp\/v2\/media?parent=48517"}],"wp:term":[{"taxonomy":"category","embeddable":true,"href":"https:\/\/ubirataonline.com.br\/en\/wp-json\/wp\/v2\/categories?post=48517"},{"taxonomy":"post_tag","embeddable":true,"href":"https:\/\/ubirataonline.com.br\/en\/wp-json\/wp\/v2\/tags?post=48517"}],"curies":[{"name":"wp","href":"https:\/\/api.w.org\/{rel}","templated":true}]}}