{"id":51318,"date":"2023-07-26T10:59:19","date_gmt":"2023-07-26T13:59:19","guid":{"rendered":"https:\/\/ubirataonline.com.br\/?p=51318"},"modified":"2023-07-26T10:59:19","modified_gmt":"2023-07-26T13:59:19","slug":"parana-vai-decretar-emergencia-zoosanitaria-para-proteger-o-setor-avicola","status":"publish","type":"post","link":"https:\/\/ubirataonline.com.br\/en\/parana-vai-decretar-emergencia-zoosanitaria-para-proteger-o-setor-avicola\/","title":{"rendered":"Paran\u00e1 vai decretar emerg\u00eancia zoosanit\u00e1ria para proteger o setor av\u00edcola"},"content":{"rendered":"<p class=\"wp-block-paragraph\"><span style=\"color: rgb(68, 68, 68); background-color: rgb(247, 247, 247); font-family: &quot;Open Sans&quot;, Arial, Helvetica, sans-serif; white-space: normal;\">Para agilizar o atendimento nos casos notificados de suspeita de influenza avi\u00e1ria de alta patogenicidade (H5N1) e ter acesso facilitado a recursos no combate \u00e0 doen\u00e7a, o Governo do Paran\u00e1 decretou nesta ter\u00e7a-feira (25) estado de emerg\u00eancia zoosanit\u00e1ria no Estado pelo prazo de 180 dias. A medida, que teve aprova\u00e7\u00e3o do Conselho Estadual de Sanidade Agropecu\u00e1ria (Conesa), \u00e9 uma forma de alinhar as a\u00e7\u00f5es com o Minist\u00e9rio da Agricultura e Pecu\u00e1ria.<\/span><div class=\"row\" style=\"box-sizing: inherit; margin: 0px; padding: 0px; font-family: &quot;Open Sans&quot;, Arial, Helvetica, sans-serif; font-size: medium; white-space: normal; background-color: rgb(247, 247, 247);\"><div class=\"col-sm-8 col-md-offset-1 bloco-central\" style=\"box-sizing: inherit; margin: 0px; padding: 0px;\"><article class=\"node node--type-noticia node--promoted node--view-mode-full clearfix\" role=\"article\" data-history-node-id=\"59997\" style=\"box-sizing: inherit; margin: 0px; padding: 0px;\"><div class=\"node__content clearfix\" style=\"box-sizing: inherit; margin: 0px; padding: 0px;\"><div class=\"field field--name-field-texto field--type-text-long field--label-hidden field--item\" style=\"box-sizing: inherit; margin: 0px; padding: 0px;\"><p style=\"box-sizing: inherit; margin: 0px 0px 20px; padding: 0px; font-size: 18px; line-height: 2; color: rgb(68, 68, 68);\">Em maio, o minist\u00e9rio j\u00e1 havia adotado essa provid\u00eancia e agora orientou para que decretos semelhantes fossem assinados pelos estados com vistas ao trabalho conjunto entre as 27 unidades da Federa\u00e7\u00e3o e o Distrito Federal, garantindo agilidade nos processos, disponibilidade imediata de recursos, caso necess\u00e1rio, e seguran\u00e7a para os importadores do frango brasileiro e para os consumidores. At\u00e9 agora,\u00a0Santa Catarina, Esp\u00edrito Santo, Bahia, Mato Grosso do Sul e Tocantins tamb\u00e9m j\u00e1 adotaram decreto semelhante.<\/p><p style=\"box-sizing: inherit; margin: 0px 0px 20px; padding: 0px; font-size: 18px; line-height: 2; color: rgb(68, 68, 68);\">\u201c\u00c9 importante deixar claro que essa \u00e9 uma medida protetiva. Com esse decreto podemos agir de maneira muito mais r\u00e1pida, livrando-nos de algumas barreiras burocr\u00e1ticas caso se detecte a gripe avi\u00e1ria\u201d, salientou o secret\u00e1rio estadual da Agricultura e do Abastecimento, Norberto Ortigara, que tamb\u00e9m preside o Conesa. \u201cA medida possibilita ainda acesso mais imediato a recursos que nos ajudem a manter o controle j\u00e1 estabelecido no Estado\u201d.<\/p><p style=\"box-sizing: inherit; margin: 0px 0px 20px; padding: 0px; font-size: 18px; line-height: 2; color: rgb(68, 68, 68);\">At\u00e9 agora o Paran\u00e1 detectou sete casos da doen\u00e7a apenas em aves silvestres migrat\u00f3rias, o que est\u00e1 dentro do esperado, visto que h\u00e1 migra\u00e7\u00e3o natural de p\u00e1ssaros entre os continentes em busca de alimenta\u00e7\u00e3o e para reprodu\u00e7\u00e3o. Segundo a Ag\u00eancia de Defesa Agropecu\u00e1ria do Paran\u00e1 (Adapar), todos os focos j\u00e1 foram declarados encerrados pelo Minist\u00e9rio da Agricultura e Pecu\u00e1ria. \u201cO que temos de evitar, empregando todos os meios poss\u00edveis, \u00e9 que adentre granjas comerciais\u201d, refor\u00e7ou o secret\u00e1rio.<\/p><div class=\"da-slot da-slot--article-content\" style=\"box-sizing: inherit; margin: 0px; padding: 0px;\"><\/div><p style=\"box-sizing: inherit; margin: 0px 0px 20px; padding: 0px; font-size: 18px; line-height: 2; color: rgb(68, 68, 68);\"><span style=\"box-sizing: inherit; margin: 0px; padding: 0px; font-weight: bolder;\">AVICULTURA<\/span><\/p><p style=\"box-sizing: inherit; margin: 0px 0px 20px; padding: 0px; font-size: 18px; line-height: 2; color: rgb(68, 68, 68);\">A avicultura foi a atividade que mais gerou valor nas propriedades rurais do Paran\u00e1 em 2022. Nas mais de 19 mil granjas produtoras de frango de corte, de recria e de ovos foi gerado um Valor Bruto de Produ\u00e7\u00e3o (VBP) de R$ 45 bilh\u00f5es. Naquele ano foram abatidos mais de 2 bilh\u00f5es de frangos. Neste ano de 2023, de janeiro a junho, o Estado exportou mais de 1 milh\u00e3o de toneladas de carne de frango para mais de 130 pa\u00edses. Al\u00e9m disso, quase 100 mil pessoas s\u00e3o empregadas em frigor\u00edficos que abatem e processam frangos.<\/p><p style=\"box-sizing: inherit; margin: 0px 0px 20px; padding: 0px; font-size: 18px; line-height: 2; color: rgb(68, 68, 68);\">A influenza aviaria \u00e9 uma doen\u00e7a com distribui\u00e7\u00e3o global e ciclos pand\u00eamicos ao longo dos anos, com s\u00e9rias consequ\u00eancias para o com\u00e9rcio internacional de produtos av\u00edcolas. Em 15 de maio de 2023 foi detectada pela primeira vez em territ\u00f3rio brasileiro, em aves silvestres, o que n\u00e3o afeta a condi\u00e7\u00e3o de pa\u00eds livre da doen\u00e7a com vistas ao com\u00e9rcio.<\/p><p style=\"box-sizing: inherit; margin: 0px; padding: 0px; font-size: 18px; line-height: 2; color: rgb(68, 68, 68);\">Desde a primeira notifica\u00e7\u00e3o de gripe avi\u00e1ria no Paran\u00e1, em 21 de junho, a Adapar j\u00e1 fez quase 800 fiscaliza\u00e7\u00f5es na regi\u00e3o litor\u00e2nea, onde foram registrados os sete focos em aves silvestres migrat\u00f3rias. Cerca de 20 mil aves de subsist\u00eancia foram examinadas clinicamente e consideradas saud\u00e1veis. De acordo com o \u00f3rg\u00e3o fiscalizador, nessa regi\u00e3o n\u00e3o h\u00e1 nenhuma granja com produ\u00e7\u00e3o comercial ou para reprodu\u00e7\u00e3o.<\/p><\/div><\/div><\/article><\/div><\/div><div style=\"box-sizing: inherit; margin: 0px; padding: 0px; font-family: &quot;Open Sans&quot;, Arial, Helvetica, sans-serif; font-size: medium; white-space: normal; background-color: rgb(247, 247, 247);\"><\/div><div style=\"box-sizing: inherit; margin: 0px; padding: 0px; font-family: &quot;Open Sans&quot;, Arial, Helvetica, sans-serif; font-size: medium; white-space: normal; background-color: rgb(247, 247, 247);\"><em style=\"box-sizing: inherit; margin: 0px; padding: 0px;\">Ag\u00eancia Estadual de Not\u00edcias<\/em><\/div><\/p>","protected":false},"excerpt":{"rendered":"<p>Para agilizar o atendimento nos casos notificados de suspeita de influenza avi\u00e1ria de alta patogenicidade (H5N1) e ter acesso facilitado a recursos no combate \u00e0 doen\u00e7a, o Governo do Paran\u00e1 decretou nesta ter\u00e7a-feira (25) estado de emerg\u00eancia zoosanit\u00e1ria no Estado pelo prazo de 180 dias. A medida, que teve aprova\u00e7\u00e3o do Conselho Estadual de Sanidade [&hellip;]<\/p>\n","protected":false},"author":2,"featured_media":51319,"comment_status":"closed","ping_status":"closed","sticky":false,"template":"","format":"standard","meta":{"googlesitekit_rrm_CAow2JLhCw:productID":"","_gspb_post_css":"","maa_idioma":"","maa_pais":"","footnotes":""},"categories":[1],"tags":[],"class_list":["post-51318","post","type-post","status-publish","format-standard","has-post-thumbnail","hentry","category-ubirata"],"blocksy_meta":[],"yoast_head":"<!-- This site is optimized with the Yoast SEO Premium plugin v27.6 (Yoast SEO v27.6) - https:\/\/yoast.com\/product\/yoast-seo-premium-wordpress\/ -->\n<title>Paran\u00e1 vai decretar emerg\u00eancia zoosanit\u00e1ria para proteger o setor av\u00edcola - Ubirat\u00e3 Online Not\u00edcias - A realidade ao seu alcance!<\/title>\n<meta name=\"description\" content=\"Para agilizar o atendimento nos casos notificados de suspeita de influenza avi\u00e1ria de alta patogenicidade (H5N1) e ter acesso facilitado a recursos no\" \/>\n<meta name=\"robots\" content=\"index, follow, max-snippet:-1, max-image-preview:large, max-video-preview:-1\" \/>\n<link rel=\"canonical\" href=\"https:\/\/ubirataonline.com.br\/en\/parana-vai-decretar-emergencia-zoosanitaria-para-proteger-o-setor-avicola\/\" \/>\n<meta property=\"og:locale\" content=\"en_US\" \/>\n<meta property=\"og:type\" content=\"article\" \/>\n<meta property=\"og:title\" content=\"Paran\u00e1 vai decretar emerg\u00eancia zoosanit\u00e1ria para proteger o setor av\u00edcola\" \/>\n<meta property=\"og:description\" content=\"Para agilizar o atendimento nos casos notificados de suspeita de influenza avi\u00e1ria de alta patogenicidade (H5N1) e ter acesso facilitado a recursos no\" \/>\n<meta property=\"og:url\" content=\"https:\/\/ubirataonline.com.br\/en\/parana-vai-decretar-emergencia-zoosanitaria-para-proteger-o-setor-avicola\/\" \/>\n<meta property=\"og:site_name\" content=\"Ubirat\u00e3 Online Not\u00edcias - A realidade ao seu alcance!\" \/>\n<meta property=\"article:publisher\" content=\"https:\/\/www.facebook.com\/portalubirataonline\" \/>\n<meta property=\"article:published_time\" content=\"2023-07-26T13:59:19+00:00\" \/>\n<meta property=\"og:image\" content=\"https:\/\/ubirataonline.com.br\/wp-content\/uploads\/2023\/07\/foto894.jpg\" \/>\n\t<meta property=\"og:image:width\" content=\"960\" \/>\n\t<meta property=\"og:image:height\" content=\"640\" \/>\n\t<meta property=\"og:image:type\" content=\"image\/jpeg\" \/>\n<meta name=\"author\" content=\"Vampeta\" \/>\n<meta name=\"twitter:card\" content=\"summary_large_image\" \/>\n<meta name=\"twitter:creator\" content=\"@ubirataonline\" \/>\n<meta name=\"twitter:site\" content=\"@ubirataonline\" \/>\n<meta name=\"twitter:label1\" content=\"Written by\" \/>\n\t<meta name=\"twitter:data1\" content=\"Vampeta\" \/>\n\t<meta name=\"twitter:label2\" content=\"Est. reading time\" \/>\n\t<meta name=\"twitter:data2\" content=\"3 minutes\" \/>\n<script type=\"application\/ld+json\" class=\"yoast-schema-graph\">{\"@context\":\"https:\\\/\\\/schema.org\",\"@graph\":[{\"@type\":\"NewsArticle\",\"@id\":\"https:\\\/\\\/ubirataonline.com.br\\\/parana-vai-decretar-emergencia-zoosanitaria-para-proteger-o-setor-avicola\\\/#article\",\"isPartOf\":{\"@id\":\"https:\\\/\\\/ubirataonline.com.br\\\/parana-vai-decretar-emergencia-zoosanitaria-para-proteger-o-setor-avicola\\\/\"},\"author\":{\"name\":\"Vampeta\",\"@id\":\"https:\\\/\\\/ubirataonline.com.br\\\/#\\\/schema\\\/person\\\/09f7a474bd1834b50dea8d1c197e976f\"},\"headline\":\"Paran\u00e1 vai decretar emerg\u00eancia zoosanit\u00e1ria para proteger o setor av\u00edcola\",\"datePublished\":\"2023-07-26T13:59:19+00:00\",\"mainEntityOfPage\":{\"@id\":\"https:\\\/\\\/ubirataonline.com.br\\\/parana-vai-decretar-emergencia-zoosanitaria-para-proteger-o-setor-avicola\\\/\"},\"wordCount\":575,\"publisher\":{\"@id\":\"https:\\\/\\\/ubirataonline.com.br\\\/#organization\"},\"image\":{\"@id\":\"https:\\\/\\\/ubirataonline.com.br\\\/parana-vai-decretar-emergencia-zoosanitaria-para-proteger-o-setor-avicola\\\/#primaryimage\"},\"thumbnailUrl\":\"https:\\\/\\\/ubirataonline.com.br\\\/wp-content\\\/uploads\\\/2023\\\/07\\\/foto894.jpg\",\"articleSection\":[\"Ubirat\u00e3\"],\"inLanguage\":\"en-US\",\"copyrightYear\":\"2023\",\"copyrightHolder\":{\"@id\":\"https:\\\/\\\/ubirataonline.com.br\\\/en\\\/#organization\"}},{\"@type\":\"WebPage\",\"@id\":\"https:\\\/\\\/ubirataonline.com.br\\\/parana-vai-decretar-emergencia-zoosanitaria-para-proteger-o-setor-avicola\\\/\",\"url\":\"https:\\\/\\\/ubirataonline.com.br\\\/parana-vai-decretar-emergencia-zoosanitaria-para-proteger-o-setor-avicola\\\/\",\"name\":\"Paran\u00e1 vai decretar emerg\u00eancia zoosanit\u00e1ria para proteger o setor av\u00edcola - Ubirat\u00e3 Online Not\u00edcias - A realidade ao seu alcance!\",\"isPartOf\":{\"@id\":\"https:\\\/\\\/ubirataonline.com.br\\\/#website\"},\"primaryImageOfPage\":{\"@id\":\"https:\\\/\\\/ubirataonline.com.br\\\/parana-vai-decretar-emergencia-zoosanitaria-para-proteger-o-setor-avicola\\\/#primaryimage\"},\"image\":{\"@id\":\"https:\\\/\\\/ubirataonline.com.br\\\/parana-vai-decretar-emergencia-zoosanitaria-para-proteger-o-setor-avicola\\\/#primaryimage\"},\"thumbnailUrl\":\"https:\\\/\\\/ubirataonline.com.br\\\/wp-content\\\/uploads\\\/2023\\\/07\\\/foto894.jpg\",\"datePublished\":\"2023-07-26T13:59:19+00:00\",\"description\":\"Para agilizar o atendimento nos casos notificados de suspeita de influenza avi\u00e1ria de alta patogenicidade (H5N1) e ter acesso facilitado a recursos no\",\"breadcrumb\":{\"@id\":\"https:\\\/\\\/ubirataonline.com.br\\\/parana-vai-decretar-emergencia-zoosanitaria-para-proteger-o-setor-avicola\\\/#breadcrumb\"},\"inLanguage\":\"en-US\",\"potentialAction\":[{\"@type\":\"ReadAction\",\"target\":[\"https:\\\/\\\/ubirataonline.com.br\\\/parana-vai-decretar-emergencia-zoosanitaria-para-proteger-o-setor-avicola\\\/\"]}]},{\"@type\":\"ImageObject\",\"inLanguage\":\"en-US\",\"@id\":\"https:\\\/\\\/ubirataonline.com.br\\\/parana-vai-decretar-emergencia-zoosanitaria-para-proteger-o-setor-avicola\\\/#primaryimage\",\"url\":\"https:\\\/\\\/ubirataonline.com.br\\\/wp-content\\\/uploads\\\/2023\\\/07\\\/foto894.jpg\",\"contentUrl\":\"https:\\\/\\\/ubirataonline.com.br\\\/wp-content\\\/uploads\\\/2023\\\/07\\\/foto894.jpg\",\"width\":960,\"height\":640},{\"@type\":\"BreadcrumbList\",\"@id\":\"https:\\\/\\\/ubirataonline.com.br\\\/parana-vai-decretar-emergencia-zoosanitaria-para-proteger-o-setor-avicola\\\/#breadcrumb\",\"itemListElement\":[{\"@type\":\"ListItem\",\"position\":1,\"name\":\"In\u00edcio\",\"item\":\"https:\\\/\\\/ubirataonline.com.br\\\/\"},{\"@type\":\"ListItem\",\"position\":2,\"name\":\"Paran\u00e1 vai decretar emerg\u00eancia zoosanit\u00e1ria para proteger o setor av\u00edcola\"}]},{\"@type\":\"WebSite\",\"@id\":\"https:\\\/\\\/ubirataonline.com.br\\\/#website\",\"url\":\"https:\\\/\\\/ubirataonline.com.br\\\/\",\"name\":\"Ubirat\u00e3 Online Not\u00edcias\",\"description\":\"Not\u00edcias de Ubirat\u00e3, regi\u00e3o, Brasil e mundo, com informa\u00e7\u00e3o atualizada e compromisso com o leitor.\",\"publisher\":{\"@id\":\"https:\\\/\\\/ubirataonline.com.br\\\/#organization\"},\"alternateName\":\"Ubirat\u00e3 Online\",\"potentialAction\":[{\"@type\":\"SearchAction\",\"target\":{\"@type\":\"EntryPoint\",\"urlTemplate\":\"https:\\\/\\\/ubirataonline.com.br\\\/?s={search_term_string}\"},\"query-input\":{\"@type\":\"PropertyValueSpecification\",\"valueRequired\":true,\"valueName\":\"search_term_string\"}}],\"inLanguage\":\"en-US\"},{\"@type\":[\"Organization\",\"Place\"],\"@id\":\"https:\\\/\\\/ubirataonline.com.br\\\/#organization\",\"name\":\"Ubirat\u00e3 Online Not\u00edcias\",\"alternateName\":\"Ubirat\u00e3 Online\",\"url\":\"https:\\\/\\\/ubirataonline.com.br\\\/\",\"logo\":{\"@id\":\"https:\\\/\\\/ubirataonline.com.br\\\/parana-vai-decretar-emergencia-zoosanitaria-para-proteger-o-setor-avicola\\\/#local-main-organization-logo\"},\"image\":{\"@id\":\"https:\\\/\\\/ubirataonline.com.br\\\/parana-vai-decretar-emergencia-zoosanitaria-para-proteger-o-setor-avicola\\\/#local-main-organization-logo\"},\"sameAs\":[\"https:\\\/\\\/www.facebook.com\\\/portalubirataonline\",\"https:\\\/\\\/x.com\\\/ubirataonline\",\"https:\\\/\\\/mastodon.social\\\/@ubirataonline\",\"https:\\\/\\\/www.facebook.com\\\/groups\\\/311144672285604\",\"https:\\\/\\\/www.facebook.com\\\/UBTAOnline\",\"https:\\\/\\\/www.instagram.com\\\/portalubirataonline\\\/\",\"https:\\\/\\\/twitter.com\\\/ubirataonline\"],\"description\":\"Somos um portal de not\u00edcias independente, criado em 5 de janeiro de 2009, com o objetivo de informar, conectar e valorizar a nossa comunidade de Ubirat\u00e3 e toda aregi\u00e3o. Com conte\u00fado atualizado, confi\u00e1vel e relevante, o Ubirat\u00e3 Online \u00e9 o seu espa\u00e7o para ficar por dentro dos principais acontecimentos locais, regionais, Brasil, Mundo e de interesse geral. Nosso compromisso \u00e9 com a verdade, a transpar\u00eancia e o respeito ao leitor.\",\"legalName\":\"UBIRATA ONLINE NOT\u00cdCIAS\",\"foundingDate\":\"2009-01-05\",\"numberOfEmployees\":{\"@type\":\"QuantitativeValue\",\"minValue\":\"1\",\"maxValue\":\"10\"},\"publishingPrinciples\":\"https:\\\/\\\/ubirataonline.com.br\\\/faq\\\/\",\"address\":{\"@id\":\"https:\\\/\\\/ubirataonline.com.br\\\/parana-vai-decretar-emergencia-zoosanitaria-para-proteger-o-setor-avicola\\\/#local-main-place-address\"},\"geo\":{\"@type\":\"GeoCoordinates\",\"latitude\":\"-24.5361401\",\"longitude\":\"-52.9921776\"},\"telephone\":[\"+5544998308235\"],\"contactPoint\":{\"@type\":\"ContactPoint\",\"email\":\"contato@ubirataonline.com.br\"},\"openingHoursSpecification\":{\"@type\":\"OpeningHoursSpecification\",\"dayOfWeek\":[\"Monday\",\"Tuesday\",\"Wednesday\",\"Thursday\",\"Friday\",\"Saturday\",\"Sunday\"],\"opens\":\"00:00\",\"closes\":\"23:59\"},\"email\":\"contato@ubirataonline.com.br\",\"vatID\":\"47.621.418\\\/0001-80\"},{\"@type\":\"Person\",\"@id\":\"https:\\\/\\\/ubirataonline.com.br\\\/#\\\/schema\\\/person\\\/09f7a474bd1834b50dea8d1c197e976f\",\"name\":\"Vampeta\",\"sameAs\":[\"https:\\\/\\\/ubirataonline.com.br\"],\"url\":\"https:\\\/\\\/ubirataonline.com.br\\\/en\\\/author\\\/vampeta\\\/\"},{\"@type\":\"PostalAddress\",\"@id\":\"https:\\\/\\\/ubirataonline.com.br\\\/parana-vai-decretar-emergencia-zoosanitaria-para-proteger-o-setor-avicola\\\/#local-main-place-address\",\"streetAddress\":\"Rua dos Coqueiros, 104 - Bairro Boa Vista, Rua dos Coqueiros, 104 Bairro Boa Vista\",\"addressLocality\":\"UBIRATA\",\"postalCode\":\"85440-000\",\"addressRegion\":\"PR\",\"addressCountry\":\"BR\"},{\"@type\":\"ImageObject\",\"inLanguage\":\"en-US\",\"@id\":\"https:\\\/\\\/ubirataonline.com.br\\\/parana-vai-decretar-emergencia-zoosanitaria-para-proteger-o-setor-avicola\\\/#local-main-organization-logo\",\"url\":\"https:\\\/\\\/ubirataonline.com.br\\\/wp-content\\\/uploads\\\/2026\\\/06\\\/logoubirataonline-1.webp\",\"contentUrl\":\"https:\\\/\\\/ubirataonline.com.br\\\/wp-content\\\/uploads\\\/2026\\\/06\\\/logoubirataonline-1.webp\",\"width\":500,\"height\":500,\"caption\":\"Ubirat\u00e3 Online Not\u00edcias\"}]}<\/script>\n<meta name=\"geo.placename\" content=\"UBIRATA\" \/>\n<meta name=\"geo.position\" content=\"-24.5361401;-52.9921776\" \/>\n<meta name=\"geo.region\" content=\"Brazil\" \/>\n<!-- \/ Yoast SEO Premium plugin. -->","yoast_head_json":{"title":"Paran\u00e1 vai decretar emerg\u00eancia zoosanit\u00e1ria para proteger o setor av\u00edcola - Ubirat\u00e3 Online Not\u00edcias - A realidade ao seu alcance!","description":"Para agilizar o atendimento nos casos notificados de suspeita de influenza avi\u00e1ria de alta patogenicidade (H5N1) e ter acesso facilitado a recursos no","robots":{"index":"index","follow":"follow","max-snippet":"max-snippet:-1","max-image-preview":"max-image-preview:large","max-video-preview":"max-video-preview:-1"},"canonical":"https:\/\/ubirataonline.com.br\/en\/parana-vai-decretar-emergencia-zoosanitaria-para-proteger-o-setor-avicola\/","og_locale":"en_US","og_type":"article","og_title":"Paran\u00e1 vai decretar emerg\u00eancia zoosanit\u00e1ria para proteger o setor av\u00edcola","og_description":"Para agilizar o atendimento nos casos notificados de suspeita de influenza avi\u00e1ria de alta patogenicidade (H5N1) e ter acesso facilitado a recursos no","og_url":"https:\/\/ubirataonline.com.br\/en\/parana-vai-decretar-emergencia-zoosanitaria-para-proteger-o-setor-avicola\/","og_site_name":"Ubirat\u00e3 Online Not\u00edcias - A realidade ao seu alcance!","article_publisher":"https:\/\/www.facebook.com\/portalubirataonline","article_published_time":"2023-07-26T13:59:19+00:00","og_image":[{"width":960,"height":640,"url":"https:\/\/ubirataonline.com.br\/wp-content\/uploads\/2023\/07\/foto894.jpg","type":"image\/jpeg"}],"author":"Vampeta","twitter_card":"summary_large_image","twitter_creator":"@ubirataonline","twitter_site":"@ubirataonline","twitter_misc":{"Written by":"Vampeta","Est. reading time":"3 minutes"},"schema":{"@context":"https:\/\/schema.org","@graph":[{"@type":"NewsArticle","@id":"https:\/\/ubirataonline.com.br\/parana-vai-decretar-emergencia-zoosanitaria-para-proteger-o-setor-avicola\/#article","isPartOf":{"@id":"https:\/\/ubirataonline.com.br\/parana-vai-decretar-emergencia-zoosanitaria-para-proteger-o-setor-avicola\/"},"author":{"name":"Vampeta","@id":"https:\/\/ubirataonline.com.br\/#\/schema\/person\/09f7a474bd1834b50dea8d1c197e976f"},"headline":"Paran\u00e1 vai decretar emerg\u00eancia zoosanit\u00e1ria para proteger o setor av\u00edcola","datePublished":"2023-07-26T13:59:19+00:00","mainEntityOfPage":{"@id":"https:\/\/ubirataonline.com.br\/parana-vai-decretar-emergencia-zoosanitaria-para-proteger-o-setor-avicola\/"},"wordCount":575,"publisher":{"@id":"https:\/\/ubirataonline.com.br\/#organization"},"image":{"@id":"https:\/\/ubirataonline.com.br\/parana-vai-decretar-emergencia-zoosanitaria-para-proteger-o-setor-avicola\/#primaryimage"},"thumbnailUrl":"https:\/\/ubirataonline.com.br\/wp-content\/uploads\/2023\/07\/foto894.jpg","articleSection":["Ubirat\u00e3"],"inLanguage":"en-US","copyrightYear":"2023","copyrightHolder":{"@id":"https:\/\/ubirataonline.com.br\/en\/#organization"}},{"@type":"WebPage","@id":"https:\/\/ubirataonline.com.br\/parana-vai-decretar-emergencia-zoosanitaria-para-proteger-o-setor-avicola\/","url":"https:\/\/ubirataonline.com.br\/parana-vai-decretar-emergencia-zoosanitaria-para-proteger-o-setor-avicola\/","name":"Paran\u00e1 vai decretar emerg\u00eancia zoosanit\u00e1ria para proteger o setor av\u00edcola - Ubirat\u00e3 Online Not\u00edcias - A realidade ao seu alcance!","isPartOf":{"@id":"https:\/\/ubirataonline.com.br\/#website"},"primaryImageOfPage":{"@id":"https:\/\/ubirataonline.com.br\/parana-vai-decretar-emergencia-zoosanitaria-para-proteger-o-setor-avicola\/#primaryimage"},"image":{"@id":"https:\/\/ubirataonline.com.br\/parana-vai-decretar-emergencia-zoosanitaria-para-proteger-o-setor-avicola\/#primaryimage"},"thumbnailUrl":"https:\/\/ubirataonline.com.br\/wp-content\/uploads\/2023\/07\/foto894.jpg","datePublished":"2023-07-26T13:59:19+00:00","description":"Para agilizar o atendimento nos casos notificados de suspeita de influenza avi\u00e1ria de alta patogenicidade (H5N1) e ter acesso facilitado a recursos no","breadcrumb":{"@id":"https:\/\/ubirataonline.com.br\/parana-vai-decretar-emergencia-zoosanitaria-para-proteger-o-setor-avicola\/#breadcrumb"},"inLanguage":"en-US","potentialAction":[{"@type":"ReadAction","target":["https:\/\/ubirataonline.com.br\/parana-vai-decretar-emergencia-zoosanitaria-para-proteger-o-setor-avicola\/"]}]},{"@type":"ImageObject","inLanguage":"en-US","@id":"https:\/\/ubirataonline.com.br\/parana-vai-decretar-emergencia-zoosanitaria-para-proteger-o-setor-avicola\/#primaryimage","url":"https:\/\/ubirataonline.com.br\/wp-content\/uploads\/2023\/07\/foto894.jpg","contentUrl":"https:\/\/ubirataonline.com.br\/wp-content\/uploads\/2023\/07\/foto894.jpg","width":960,"height":640},{"@type":"BreadcrumbList","@id":"https:\/\/ubirataonline.com.br\/parana-vai-decretar-emergencia-zoosanitaria-para-proteger-o-setor-avicola\/#breadcrumb","itemListElement":[{"@type":"ListItem","position":1,"name":"In\u00edcio","item":"https:\/\/ubirataonline.com.br\/"},{"@type":"ListItem","position":2,"name":"Paran\u00e1 vai decretar emerg\u00eancia zoosanit\u00e1ria para proteger o setor av\u00edcola"}]},{"@type":"WebSite","@id":"https:\/\/ubirataonline.com.br\/#website","url":"https:\/\/ubirataonline.com.br\/","name":"Ubirat\u00e3 Online Not\u00edcias","description":"Not\u00edcias de Ubirat\u00e3, regi\u00e3o, Brasil e mundo, com informa\u00e7\u00e3o atualizada e compromisso com o leitor.","publisher":{"@id":"https:\/\/ubirataonline.com.br\/#organization"},"alternateName":"Ubirat\u00e3 Online","potentialAction":[{"@type":"SearchAction","target":{"@type":"EntryPoint","urlTemplate":"https:\/\/ubirataonline.com.br\/?s={search_term_string}"},"query-input":{"@type":"PropertyValueSpecification","valueRequired":true,"valueName":"search_term_string"}}],"inLanguage":"en-US"},{"@type":["Organization","Place"],"@id":"https:\/\/ubirataonline.com.br\/#organization","name":"Ubirat\u00e3 Online Not\u00edcias","alternateName":"Ubirat\u00e3 Online","url":"https:\/\/ubirataonline.com.br\/","logo":{"@id":"https:\/\/ubirataonline.com.br\/parana-vai-decretar-emergencia-zoosanitaria-para-proteger-o-setor-avicola\/#local-main-organization-logo"},"image":{"@id":"https:\/\/ubirataonline.com.br\/parana-vai-decretar-emergencia-zoosanitaria-para-proteger-o-setor-avicola\/#local-main-organization-logo"},"sameAs":["https:\/\/www.facebook.com\/portalubirataonline","https:\/\/x.com\/ubirataonline","https:\/\/mastodon.social\/@ubirataonline","https:\/\/www.facebook.com\/groups\/311144672285604","https:\/\/www.facebook.com\/UBTAOnline","https:\/\/www.instagram.com\/portalubirataonline\/","https:\/\/twitter.com\/ubirataonline"],"description":"Somos um portal de not\u00edcias independente, criado em 5 de janeiro de 2009, com o objetivo de informar, conectar e valorizar a nossa comunidade de Ubirat\u00e3 e toda aregi\u00e3o. Com conte\u00fado atualizado, confi\u00e1vel e relevante, o Ubirat\u00e3 Online \u00e9 o seu espa\u00e7o para ficar por dentro dos principais acontecimentos locais, regionais, Brasil, Mundo e de interesse geral. Nosso compromisso \u00e9 com a verdade, a transpar\u00eancia e o respeito ao leitor.","legalName":"UBIRATA ONLINE NOT\u00cdCIAS","foundingDate":"2009-01-05","numberOfEmployees":{"@type":"QuantitativeValue","minValue":"1","maxValue":"10"},"publishingPrinciples":"https:\/\/ubirataonline.com.br\/faq\/","address":{"@id":"https:\/\/ubirataonline.com.br\/parana-vai-decretar-emergencia-zoosanitaria-para-proteger-o-setor-avicola\/#local-main-place-address"},"geo":{"@type":"GeoCoordinates","latitude":"-24.5361401","longitude":"-52.9921776"},"telephone":["+5544998308235"],"contactPoint":{"@type":"ContactPoint","email":"contato@ubirataonline.com.br"},"openingHoursSpecification":{"@type":"OpeningHoursSpecification","dayOfWeek":["Monday","Tuesday","Wednesday","Thursday","Friday","Saturday","Sunday"],"opens":"00:00","closes":"23:59"},"email":"contato@ubirataonline.com.br","vatID":"47.621.418\/0001-80"},{"@type":"Person","@id":"https:\/\/ubirataonline.com.br\/#\/schema\/person\/09f7a474bd1834b50dea8d1c197e976f","name":"Vampeta","sameAs":["https:\/\/ubirataonline.com.br"],"url":"https:\/\/ubirataonline.com.br\/en\/author\/vampeta\/"},{"@type":"PostalAddress","@id":"https:\/\/ubirataonline.com.br\/parana-vai-decretar-emergencia-zoosanitaria-para-proteger-o-setor-avicola\/#local-main-place-address","streetAddress":"Rua dos Coqueiros, 104 - Bairro Boa Vista, Rua dos Coqueiros, 104 Bairro Boa Vista","addressLocality":"UBIRATA","postalCode":"85440-000","addressRegion":"PR","addressCountry":"BR"},{"@type":"ImageObject","inLanguage":"en-US","@id":"https:\/\/ubirataonline.com.br\/parana-vai-decretar-emergencia-zoosanitaria-para-proteger-o-setor-avicola\/#local-main-organization-logo","url":"https:\/\/ubirataonline.com.br\/wp-content\/uploads\/2026\/06\/logoubirataonline-1.webp","contentUrl":"https:\/\/ubirataonline.com.br\/wp-content\/uploads\/2026\/06\/logoubirataonline-1.webp","width":500,"height":500,"caption":"Ubirat\u00e3 Online Not\u00edcias"}]},"geo.placename":"UBIRATA","geo.position":{"lat":"-24.5361401","long":"-52.9921776"},"geo.region":"Brazil"},"_links":{"self":[{"href":"https:\/\/ubirataonline.com.br\/en\/wp-json\/wp\/v2\/posts\/51318","targetHints":{"allow":["GET"]}}],"collection":[{"href":"https:\/\/ubirataonline.com.br\/en\/wp-json\/wp\/v2\/posts"}],"about":[{"href":"https:\/\/ubirataonline.com.br\/en\/wp-json\/wp\/v2\/types\/post"}],"author":[{"embeddable":true,"href":"https:\/\/ubirataonline.com.br\/en\/wp-json\/wp\/v2\/users\/2"}],"replies":[{"embeddable":true,"href":"https:\/\/ubirataonline.com.br\/en\/wp-json\/wp\/v2\/comments?post=51318"}],"version-history":[{"count":0,"href":"https:\/\/ubirataonline.com.br\/en\/wp-json\/wp\/v2\/posts\/51318\/revisions"}],"wp:featuredmedia":[{"embeddable":true,"href":"https:\/\/ubirataonline.com.br\/en\/wp-json\/wp\/v2\/media\/51319"}],"wp:attachment":[{"href":"https:\/\/ubirataonline.com.br\/en\/wp-json\/wp\/v2\/media?parent=51318"}],"wp:term":[{"taxonomy":"category","embeddable":true,"href":"https:\/\/ubirataonline.com.br\/en\/wp-json\/wp\/v2\/categories?post=51318"},{"taxonomy":"post_tag","embeddable":true,"href":"https:\/\/ubirataonline.com.br\/en\/wp-json\/wp\/v2\/tags?post=51318"}],"curies":[{"name":"wp","href":"https:\/\/api.w.org\/{rel}","templated":true}]}}