{"id":51324,"date":"2023-07-27T09:12:58","date_gmt":"2023-07-27T12:12:58","guid":{"rendered":"https:\/\/ubirataonline.com.br\/?p=51324"},"modified":"2023-07-27T09:12:59","modified_gmt":"2023-07-27T12:12:59","slug":"confirmada-oitava-morte-de-explosao-em-silo-de-cooperativa-de-palotina","status":"publish","type":"post","link":"https:\/\/ubirataonline.com.br\/en\/confirmada-oitava-morte-de-explosao-em-silo-de-cooperativa-de-palotina\/","title":{"rendered":"Confirmada oitava morte de explos\u00e3o em silo de cooperativa de Palotina"},"content":{"rendered":"<p class=\"wp-block-paragraph\"><span style=\"color: rgb(33, 37, 41); font-family: &quot;Fira Sans&quot;, sans-serif; font-size: 17.6px; font-style: italic; white-space: normal;\">O IML (Instituto M\u00e9dico-Legal) de Cascavel confirmou a oitava morte ap\u00f3s explos\u00e3o em Cooperativa Agroindustrial de Palotina, a C.Vale.\u00a0<\/span><p style=\"box-sizing: border-box; margin-top: 0px; margin-bottom: 1rem; color: rgb(33, 37, 41); font-family: &quot;Fira Sans&quot;, sans-serif; font-size: 17.6px; font-style: italic; white-space: normal;\">Conforme informado, a v\u00edtima estava internada em hospital particular de Cascavel, mas n\u00e3o resistiu aos ferimentos.Ao todo, quatro corpos foram encaminhados ao IML de Cascavel e outras quatro ao IML de Toledo.\u00a0<span style=\"box-sizing: border-box; letter-spacing: 0.1px;\">Ainda n\u00e3o h\u00e1 informa\u00e7\u00f5es sobre a identifica\u00e7\u00e3o e idades das v\u00edtimas.Nesta manh\u00e3 s\u00e3o realizadas buscas para localizar uma pessoa que segue desaparecida nos escombros da cooperativa. Outras 11 pessoas foram levadas para hospitais nas cidades de Cascavel, Toledo e Curitiba.A \u00faltima\u00a0<\/span>atualiza\u00e7\u00e3o<span style=\"box-sizing: border-box; letter-spacing: 0.1px;\">\u00a0repassada \u00e0 imprensa \u00e9 que 34 bombeiros trabalham no resgate, sendo 20 militares de Palotina e regi\u00e3o, al\u00e9m de 14 profissionais do Gost (Grupo de Opera\u00e7\u00f5es de Socorro T\u00e1tico).<\/span><\/p><\/p>\n\n\n\n<p class=\"wp-block-paragraph\"><em>Foram cinco explos\u00f5es sequentes. Os trabalhadores estavam numa estrutura de concreto, um t\u00fanel\u00a0subterr\u00e2neo\u00a0que ficou\u00a0obstru\u00eddo. Sete pessoas morreram no local, uma no hospital de Cascavel. As causas das explos\u00f5es ainda n\u00e3o foram informadas. Na manh\u00e3 desta quinta (27), a Defesa Civil informou que uma pessoa est\u00e1 desaparecida. Os trabalhos no local continuam.<\/em><\/p>","protected":false},"excerpt":{"rendered":"<p>O IML (Instituto M\u00e9dico-Legal) de Cascavel confirmou a oitava morte ap\u00f3s explos\u00e3o em Cooperativa Agroindustrial de Palotina, a C.Vale.\u00a0 Conforme informado, a v\u00edtima estava internada em hospital particular de Cascavel, mas n\u00e3o resistiu aos ferimentos.Ao todo, quatro corpos foram encaminhados ao IML de Cascavel e outras quatro ao IML de Toledo.\u00a0Ainda n\u00e3o h\u00e1 informa\u00e7\u00f5es sobre [&hellip;]<\/p>\n","protected":false},"author":2,"featured_media":51325,"comment_status":"closed","ping_status":"closed","sticky":false,"template":"","format":"standard","meta":{"googlesitekit_rrm_CAow2JLhCw:productID":"","_gspb_post_css":"","maa_idioma":"","maa_pais":"","footnotes":""},"categories":[3],"tags":[],"class_list":["post-51324","post","type-post","status-publish","format-standard","has-post-thumbnail","hentry","category-acidentes"],"blocksy_meta":[],"yoast_head":"<!-- This site is optimized with the Yoast SEO Premium plugin v27.6 (Yoast SEO v27.6) - https:\/\/yoast.com\/product\/yoast-seo-premium-wordpress\/ -->\n<title>Confirmada oitava morte de explos\u00e3o em silo de cooperativa de Palotina - Ubirat\u00e3 Online Not\u00edcias - A realidade ao seu alcance!<\/title>\n<meta name=\"description\" content=\"O IML (Instituto M\u00e9dico-Legal) de Cascavel confirmou a oitava morte ap\u00f3s explos\u00e3o em Cooperativa Agroindustrial de Palotina, a C.Vale.\u00a0Conforme informado,\" \/>\n<meta name=\"robots\" content=\"index, follow, max-snippet:-1, max-image-preview:large, max-video-preview:-1\" \/>\n<link rel=\"canonical\" href=\"https:\/\/ubirataonline.com.br\/en\/confirmada-oitava-morte-de-explosao-em-silo-de-cooperativa-de-palotina\/\" \/>\n<meta property=\"og:locale\" content=\"en_US\" \/>\n<meta property=\"og:type\" content=\"article\" \/>\n<meta property=\"og:title\" content=\"Confirmada oitava morte de explos\u00e3o em silo de cooperativa de Palotina\" \/>\n<meta property=\"og:description\" content=\"O IML (Instituto M\u00e9dico-Legal) de Cascavel confirmou a oitava morte ap\u00f3s explos\u00e3o em Cooperativa Agroindustrial de Palotina, a C.Vale.\u00a0Conforme informado,\" \/>\n<meta property=\"og:url\" content=\"https:\/\/ubirataonline.com.br\/en\/confirmada-oitava-morte-de-explosao-em-silo-de-cooperativa-de-palotina\/\" \/>\n<meta property=\"og:site_name\" content=\"Ubirat\u00e3 Online Not\u00edcias - A realidade ao seu alcance!\" \/>\n<meta property=\"article:publisher\" content=\"https:\/\/www.facebook.com\/portalubirataonline\" \/>\n<meta property=\"article:published_time\" content=\"2023-07-27T12:12:58+00:00\" \/>\n<meta property=\"article:modified_time\" content=\"2023-07-27T12:12:59+00:00\" \/>\n<meta property=\"og:image\" content=\"https:\/\/ubirataonline.com.br\/wp-content\/uploads\/2023\/07\/WhatsApp-Image-2023-07-26-at-18.20.21.jpeg\" \/>\n\t<meta property=\"og:image:width\" content=\"593\" \/>\n\t<meta property=\"og:image:height\" content=\"447\" \/>\n\t<meta property=\"og:image:type\" content=\"image\/jpeg\" \/>\n<meta name=\"author\" content=\"Vampeta\" \/>\n<meta name=\"twitter:card\" content=\"summary_large_image\" \/>\n<meta name=\"twitter:creator\" content=\"@ubirataonline\" \/>\n<meta name=\"twitter:site\" content=\"@ubirataonline\" \/>\n<meta name=\"twitter:label1\" content=\"Written by\" \/>\n\t<meta name=\"twitter:data1\" content=\"Vampeta\" \/>\n\t<meta name=\"twitter:label2\" content=\"Est. reading time\" \/>\n\t<meta name=\"twitter:data2\" content=\"1 minute\" \/>\n<script type=\"application\/ld+json\" class=\"yoast-schema-graph\">{\"@context\":\"https:\\\/\\\/schema.org\",\"@graph\":[{\"@type\":\"NewsArticle\",\"@id\":\"https:\\\/\\\/ubirataonline.com.br\\\/confirmada-oitava-morte-de-explosao-em-silo-de-cooperativa-de-palotina\\\/#article\",\"isPartOf\":{\"@id\":\"https:\\\/\\\/ubirataonline.com.br\\\/confirmada-oitava-morte-de-explosao-em-silo-de-cooperativa-de-palotina\\\/\"},\"author\":{\"name\":\"Vampeta\",\"@id\":\"https:\\\/\\\/ubirataonline.com.br\\\/#\\\/schema\\\/person\\\/09f7a474bd1834b50dea8d1c197e976f\"},\"headline\":\"Confirmada oitava morte de explos\u00e3o em silo de cooperativa de Palotina\",\"datePublished\":\"2023-07-27T12:12:58+00:00\",\"dateModified\":\"2023-07-27T12:12:59+00:00\",\"mainEntityOfPage\":{\"@id\":\"https:\\\/\\\/ubirataonline.com.br\\\/confirmada-oitava-morte-de-explosao-em-silo-de-cooperativa-de-palotina\\\/\"},\"wordCount\":206,\"publisher\":{\"@id\":\"https:\\\/\\\/ubirataonline.com.br\\\/#organization\"},\"image\":{\"@id\":\"https:\\\/\\\/ubirataonline.com.br\\\/confirmada-oitava-morte-de-explosao-em-silo-de-cooperativa-de-palotina\\\/#primaryimage\"},\"thumbnailUrl\":\"https:\\\/\\\/ubirataonline.com.br\\\/wp-content\\\/uploads\\\/2023\\\/07\\\/WhatsApp-Image-2023-07-26-at-18.20.21.jpeg\",\"articleSection\":[\"Acidentes\"],\"inLanguage\":\"en-US\",\"copyrightYear\":\"2023\",\"copyrightHolder\":{\"@id\":\"https:\\\/\\\/ubirataonline.com.br\\\/en\\\/#organization\"}},{\"@type\":\"WebPage\",\"@id\":\"https:\\\/\\\/ubirataonline.com.br\\\/confirmada-oitava-morte-de-explosao-em-silo-de-cooperativa-de-palotina\\\/\",\"url\":\"https:\\\/\\\/ubirataonline.com.br\\\/confirmada-oitava-morte-de-explosao-em-silo-de-cooperativa-de-palotina\\\/\",\"name\":\"Confirmada oitava morte de explos\u00e3o em silo de cooperativa de Palotina - Ubirat\u00e3 Online Not\u00edcias - A realidade ao seu alcance!\",\"isPartOf\":{\"@id\":\"https:\\\/\\\/ubirataonline.com.br\\\/#website\"},\"primaryImageOfPage\":{\"@id\":\"https:\\\/\\\/ubirataonline.com.br\\\/confirmada-oitava-morte-de-explosao-em-silo-de-cooperativa-de-palotina\\\/#primaryimage\"},\"image\":{\"@id\":\"https:\\\/\\\/ubirataonline.com.br\\\/confirmada-oitava-morte-de-explosao-em-silo-de-cooperativa-de-palotina\\\/#primaryimage\"},\"thumbnailUrl\":\"https:\\\/\\\/ubirataonline.com.br\\\/wp-content\\\/uploads\\\/2023\\\/07\\\/WhatsApp-Image-2023-07-26-at-18.20.21.jpeg\",\"datePublished\":\"2023-07-27T12:12:58+00:00\",\"dateModified\":\"2023-07-27T12:12:59+00:00\",\"description\":\"O IML (Instituto M\u00e9dico-Legal) de Cascavel confirmou a oitava morte ap\u00f3s explos\u00e3o em Cooperativa Agroindustrial de Palotina, a C.Vale.\u00a0Conforme informado,\",\"breadcrumb\":{\"@id\":\"https:\\\/\\\/ubirataonline.com.br\\\/confirmada-oitava-morte-de-explosao-em-silo-de-cooperativa-de-palotina\\\/#breadcrumb\"},\"inLanguage\":\"en-US\",\"potentialAction\":[{\"@type\":\"ReadAction\",\"target\":[\"https:\\\/\\\/ubirataonline.com.br\\\/confirmada-oitava-morte-de-explosao-em-silo-de-cooperativa-de-palotina\\\/\"]}]},{\"@type\":\"ImageObject\",\"inLanguage\":\"en-US\",\"@id\":\"https:\\\/\\\/ubirataonline.com.br\\\/confirmada-oitava-morte-de-explosao-em-silo-de-cooperativa-de-palotina\\\/#primaryimage\",\"url\":\"https:\\\/\\\/ubirataonline.com.br\\\/wp-content\\\/uploads\\\/2023\\\/07\\\/WhatsApp-Image-2023-07-26-at-18.20.21.jpeg\",\"contentUrl\":\"https:\\\/\\\/ubirataonline.com.br\\\/wp-content\\\/uploads\\\/2023\\\/07\\\/WhatsApp-Image-2023-07-26-at-18.20.21.jpeg\",\"width\":593,\"height\":447},{\"@type\":\"BreadcrumbList\",\"@id\":\"https:\\\/\\\/ubirataonline.com.br\\\/confirmada-oitava-morte-de-explosao-em-silo-de-cooperativa-de-palotina\\\/#breadcrumb\",\"itemListElement\":[{\"@type\":\"ListItem\",\"position\":1,\"name\":\"In\u00edcio\",\"item\":\"https:\\\/\\\/ubirataonline.com.br\\\/\"},{\"@type\":\"ListItem\",\"position\":2,\"name\":\"Confirmada oitava morte de explos\u00e3o em silo de cooperativa de Palotina\"}]},{\"@type\":\"WebSite\",\"@id\":\"https:\\\/\\\/ubirataonline.com.br\\\/#website\",\"url\":\"https:\\\/\\\/ubirataonline.com.br\\\/\",\"name\":\"Ubirat\u00e3 Online Not\u00edcias\",\"description\":\"Not\u00edcias de Ubirat\u00e3, regi\u00e3o, Brasil e mundo, com informa\u00e7\u00e3o atualizada e compromisso com o leitor.\",\"publisher\":{\"@id\":\"https:\\\/\\\/ubirataonline.com.br\\\/#organization\"},\"alternateName\":\"Ubirat\u00e3 Online\",\"potentialAction\":[{\"@type\":\"SearchAction\",\"target\":{\"@type\":\"EntryPoint\",\"urlTemplate\":\"https:\\\/\\\/ubirataonline.com.br\\\/?s={search_term_string}\"},\"query-input\":{\"@type\":\"PropertyValueSpecification\",\"valueRequired\":true,\"valueName\":\"search_term_string\"}}],\"inLanguage\":\"en-US\"},{\"@type\":[\"Organization\",\"Place\"],\"@id\":\"https:\\\/\\\/ubirataonline.com.br\\\/#organization\",\"name\":\"Ubirat\u00e3 Online Not\u00edcias\",\"alternateName\":\"Ubirat\u00e3 Online\",\"url\":\"https:\\\/\\\/ubirataonline.com.br\\\/\",\"logo\":{\"@id\":\"https:\\\/\\\/ubirataonline.com.br\\\/confirmada-oitava-morte-de-explosao-em-silo-de-cooperativa-de-palotina\\\/#local-main-organization-logo\"},\"image\":{\"@id\":\"https:\\\/\\\/ubirataonline.com.br\\\/confirmada-oitava-morte-de-explosao-em-silo-de-cooperativa-de-palotina\\\/#local-main-organization-logo\"},\"sameAs\":[\"https:\\\/\\\/www.facebook.com\\\/portalubirataonline\",\"https:\\\/\\\/x.com\\\/ubirataonline\",\"https:\\\/\\\/mastodon.social\\\/@ubirataonline\",\"https:\\\/\\\/www.facebook.com\\\/groups\\\/311144672285604\",\"https:\\\/\\\/www.facebook.com\\\/UBTAOnline\",\"https:\\\/\\\/www.instagram.com\\\/portalubirataonline\\\/\",\"https:\\\/\\\/twitter.com\\\/ubirataonline\"],\"description\":\"Somos um portal de not\u00edcias independente, criado em 5 de janeiro de 2009, com o objetivo de informar, conectar e valorizar a nossa comunidade de Ubirat\u00e3 e toda aregi\u00e3o. Com conte\u00fado atualizado, confi\u00e1vel e relevante, o Ubirat\u00e3 Online \u00e9 o seu espa\u00e7o para ficar por dentro dos principais acontecimentos locais, regionais, Brasil, Mundo e de interesse geral. Nosso compromisso \u00e9 com a verdade, a transpar\u00eancia e o respeito ao leitor.\",\"legalName\":\"UBIRATA ONLINE NOT\u00cdCIAS\",\"foundingDate\":\"2009-01-05\",\"numberOfEmployees\":{\"@type\":\"QuantitativeValue\",\"minValue\":\"1\",\"maxValue\":\"10\"},\"publishingPrinciples\":\"https:\\\/\\\/ubirataonline.com.br\\\/faq\\\/\",\"address\":{\"@id\":\"https:\\\/\\\/ubirataonline.com.br\\\/confirmada-oitava-morte-de-explosao-em-silo-de-cooperativa-de-palotina\\\/#local-main-place-address\"},\"geo\":{\"@type\":\"GeoCoordinates\",\"latitude\":\"-24.5361401\",\"longitude\":\"-52.9921776\"},\"telephone\":[\"+5544998308235\"],\"contactPoint\":{\"@type\":\"ContactPoint\",\"email\":\"contato@ubirataonline.com.br\"},\"openingHoursSpecification\":{\"@type\":\"OpeningHoursSpecification\",\"dayOfWeek\":[\"Monday\",\"Tuesday\",\"Wednesday\",\"Thursday\",\"Friday\",\"Saturday\",\"Sunday\"],\"opens\":\"00:00\",\"closes\":\"23:59\"},\"email\":\"contato@ubirataonline.com.br\",\"vatID\":\"47.621.418\\\/0001-80\"},{\"@type\":\"Person\",\"@id\":\"https:\\\/\\\/ubirataonline.com.br\\\/#\\\/schema\\\/person\\\/09f7a474bd1834b50dea8d1c197e976f\",\"name\":\"Vampeta\",\"sameAs\":[\"https:\\\/\\\/ubirataonline.com.br\"],\"url\":\"https:\\\/\\\/ubirataonline.com.br\\\/en\\\/author\\\/vampeta\\\/\"},{\"@type\":\"PostalAddress\",\"@id\":\"https:\\\/\\\/ubirataonline.com.br\\\/confirmada-oitava-morte-de-explosao-em-silo-de-cooperativa-de-palotina\\\/#local-main-place-address\",\"streetAddress\":\"Rua dos Coqueiros, 104 - Bairro Boa Vista, Rua dos Coqueiros, 104 Bairro Boa Vista\",\"addressLocality\":\"UBIRATA\",\"postalCode\":\"85440-000\",\"addressRegion\":\"PR\",\"addressCountry\":\"BR\"},{\"@type\":\"ImageObject\",\"inLanguage\":\"en-US\",\"@id\":\"https:\\\/\\\/ubirataonline.com.br\\\/confirmada-oitava-morte-de-explosao-em-silo-de-cooperativa-de-palotina\\\/#local-main-organization-logo\",\"url\":\"https:\\\/\\\/ubirataonline.com.br\\\/wp-content\\\/uploads\\\/2026\\\/06\\\/logoubirataonline-1.webp\",\"contentUrl\":\"https:\\\/\\\/ubirataonline.com.br\\\/wp-content\\\/uploads\\\/2026\\\/06\\\/logoubirataonline-1.webp\",\"width\":500,\"height\":500,\"caption\":\"Ubirat\u00e3 Online Not\u00edcias\"}]}<\/script>\n<meta name=\"geo.placename\" content=\"UBIRATA\" \/>\n<meta name=\"geo.position\" content=\"-24.5361401;-52.9921776\" \/>\n<meta name=\"geo.region\" content=\"Brazil\" \/>\n<!-- \/ Yoast SEO Premium plugin. -->","yoast_head_json":{"title":"Confirmada oitava morte de explos\u00e3o em silo de cooperativa de Palotina - Ubirat\u00e3 Online Not\u00edcias - A realidade ao seu alcance!","description":"O IML (Instituto M\u00e9dico-Legal) de Cascavel confirmou a oitava morte ap\u00f3s explos\u00e3o em Cooperativa Agroindustrial de Palotina, a C.Vale.\u00a0Conforme informado,","robots":{"index":"index","follow":"follow","max-snippet":"max-snippet:-1","max-image-preview":"max-image-preview:large","max-video-preview":"max-video-preview:-1"},"canonical":"https:\/\/ubirataonline.com.br\/en\/confirmada-oitava-morte-de-explosao-em-silo-de-cooperativa-de-palotina\/","og_locale":"en_US","og_type":"article","og_title":"Confirmada oitava morte de explos\u00e3o em silo de cooperativa de Palotina","og_description":"O IML (Instituto M\u00e9dico-Legal) de Cascavel confirmou a oitava morte ap\u00f3s explos\u00e3o em Cooperativa Agroindustrial de Palotina, a C.Vale.\u00a0Conforme informado,","og_url":"https:\/\/ubirataonline.com.br\/en\/confirmada-oitava-morte-de-explosao-em-silo-de-cooperativa-de-palotina\/","og_site_name":"Ubirat\u00e3 Online Not\u00edcias - A realidade ao seu alcance!","article_publisher":"https:\/\/www.facebook.com\/portalubirataonline","article_published_time":"2023-07-27T12:12:58+00:00","article_modified_time":"2023-07-27T12:12:59+00:00","og_image":[{"width":593,"height":447,"url":"https:\/\/ubirataonline.com.br\/wp-content\/uploads\/2023\/07\/WhatsApp-Image-2023-07-26-at-18.20.21.jpeg","type":"image\/jpeg"}],"author":"Vampeta","twitter_card":"summary_large_image","twitter_creator":"@ubirataonline","twitter_site":"@ubirataonline","twitter_misc":{"Written by":"Vampeta","Est. reading time":"1 minute"},"schema":{"@context":"https:\/\/schema.org","@graph":[{"@type":"NewsArticle","@id":"https:\/\/ubirataonline.com.br\/confirmada-oitava-morte-de-explosao-em-silo-de-cooperativa-de-palotina\/#article","isPartOf":{"@id":"https:\/\/ubirataonline.com.br\/confirmada-oitava-morte-de-explosao-em-silo-de-cooperativa-de-palotina\/"},"author":{"name":"Vampeta","@id":"https:\/\/ubirataonline.com.br\/#\/schema\/person\/09f7a474bd1834b50dea8d1c197e976f"},"headline":"Confirmada oitava morte de explos\u00e3o em silo de cooperativa de Palotina","datePublished":"2023-07-27T12:12:58+00:00","dateModified":"2023-07-27T12:12:59+00:00","mainEntityOfPage":{"@id":"https:\/\/ubirataonline.com.br\/confirmada-oitava-morte-de-explosao-em-silo-de-cooperativa-de-palotina\/"},"wordCount":206,"publisher":{"@id":"https:\/\/ubirataonline.com.br\/#organization"},"image":{"@id":"https:\/\/ubirataonline.com.br\/confirmada-oitava-morte-de-explosao-em-silo-de-cooperativa-de-palotina\/#primaryimage"},"thumbnailUrl":"https:\/\/ubirataonline.com.br\/wp-content\/uploads\/2023\/07\/WhatsApp-Image-2023-07-26-at-18.20.21.jpeg","articleSection":["Acidentes"],"inLanguage":"en-US","copyrightYear":"2023","copyrightHolder":{"@id":"https:\/\/ubirataonline.com.br\/en\/#organization"}},{"@type":"WebPage","@id":"https:\/\/ubirataonline.com.br\/confirmada-oitava-morte-de-explosao-em-silo-de-cooperativa-de-palotina\/","url":"https:\/\/ubirataonline.com.br\/confirmada-oitava-morte-de-explosao-em-silo-de-cooperativa-de-palotina\/","name":"Confirmada oitava morte de explos\u00e3o em silo de cooperativa de Palotina - Ubirat\u00e3 Online Not\u00edcias - A realidade ao seu alcance!","isPartOf":{"@id":"https:\/\/ubirataonline.com.br\/#website"},"primaryImageOfPage":{"@id":"https:\/\/ubirataonline.com.br\/confirmada-oitava-morte-de-explosao-em-silo-de-cooperativa-de-palotina\/#primaryimage"},"image":{"@id":"https:\/\/ubirataonline.com.br\/confirmada-oitava-morte-de-explosao-em-silo-de-cooperativa-de-palotina\/#primaryimage"},"thumbnailUrl":"https:\/\/ubirataonline.com.br\/wp-content\/uploads\/2023\/07\/WhatsApp-Image-2023-07-26-at-18.20.21.jpeg","datePublished":"2023-07-27T12:12:58+00:00","dateModified":"2023-07-27T12:12:59+00:00","description":"O IML (Instituto M\u00e9dico-Legal) de Cascavel confirmou a oitava morte ap\u00f3s explos\u00e3o em Cooperativa Agroindustrial de Palotina, a C.Vale.\u00a0Conforme informado,","breadcrumb":{"@id":"https:\/\/ubirataonline.com.br\/confirmada-oitava-morte-de-explosao-em-silo-de-cooperativa-de-palotina\/#breadcrumb"},"inLanguage":"en-US","potentialAction":[{"@type":"ReadAction","target":["https:\/\/ubirataonline.com.br\/confirmada-oitava-morte-de-explosao-em-silo-de-cooperativa-de-palotina\/"]}]},{"@type":"ImageObject","inLanguage":"en-US","@id":"https:\/\/ubirataonline.com.br\/confirmada-oitava-morte-de-explosao-em-silo-de-cooperativa-de-palotina\/#primaryimage","url":"https:\/\/ubirataonline.com.br\/wp-content\/uploads\/2023\/07\/WhatsApp-Image-2023-07-26-at-18.20.21.jpeg","contentUrl":"https:\/\/ubirataonline.com.br\/wp-content\/uploads\/2023\/07\/WhatsApp-Image-2023-07-26-at-18.20.21.jpeg","width":593,"height":447},{"@type":"BreadcrumbList","@id":"https:\/\/ubirataonline.com.br\/confirmada-oitava-morte-de-explosao-em-silo-de-cooperativa-de-palotina\/#breadcrumb","itemListElement":[{"@type":"ListItem","position":1,"name":"In\u00edcio","item":"https:\/\/ubirataonline.com.br\/"},{"@type":"ListItem","position":2,"name":"Confirmada oitava morte de explos\u00e3o em silo de cooperativa de Palotina"}]},{"@type":"WebSite","@id":"https:\/\/ubirataonline.com.br\/#website","url":"https:\/\/ubirataonline.com.br\/","name":"Ubirat\u00e3 Online Not\u00edcias","description":"Not\u00edcias de Ubirat\u00e3, regi\u00e3o, Brasil e mundo, com informa\u00e7\u00e3o atualizada e compromisso com o leitor.","publisher":{"@id":"https:\/\/ubirataonline.com.br\/#organization"},"alternateName":"Ubirat\u00e3 Online","potentialAction":[{"@type":"SearchAction","target":{"@type":"EntryPoint","urlTemplate":"https:\/\/ubirataonline.com.br\/?s={search_term_string}"},"query-input":{"@type":"PropertyValueSpecification","valueRequired":true,"valueName":"search_term_string"}}],"inLanguage":"en-US"},{"@type":["Organization","Place"],"@id":"https:\/\/ubirataonline.com.br\/#organization","name":"Ubirat\u00e3 Online Not\u00edcias","alternateName":"Ubirat\u00e3 Online","url":"https:\/\/ubirataonline.com.br\/","logo":{"@id":"https:\/\/ubirataonline.com.br\/confirmada-oitava-morte-de-explosao-em-silo-de-cooperativa-de-palotina\/#local-main-organization-logo"},"image":{"@id":"https:\/\/ubirataonline.com.br\/confirmada-oitava-morte-de-explosao-em-silo-de-cooperativa-de-palotina\/#local-main-organization-logo"},"sameAs":["https:\/\/www.facebook.com\/portalubirataonline","https:\/\/x.com\/ubirataonline","https:\/\/mastodon.social\/@ubirataonline","https:\/\/www.facebook.com\/groups\/311144672285604","https:\/\/www.facebook.com\/UBTAOnline","https:\/\/www.instagram.com\/portalubirataonline\/","https:\/\/twitter.com\/ubirataonline"],"description":"Somos um portal de not\u00edcias independente, criado em 5 de janeiro de 2009, com o objetivo de informar, conectar e valorizar a nossa comunidade de Ubirat\u00e3 e toda aregi\u00e3o. Com conte\u00fado atualizado, confi\u00e1vel e relevante, o Ubirat\u00e3 Online \u00e9 o seu espa\u00e7o para ficar por dentro dos principais acontecimentos locais, regionais, Brasil, Mundo e de interesse geral. Nosso compromisso \u00e9 com a verdade, a transpar\u00eancia e o respeito ao leitor.","legalName":"UBIRATA ONLINE NOT\u00cdCIAS","foundingDate":"2009-01-05","numberOfEmployees":{"@type":"QuantitativeValue","minValue":"1","maxValue":"10"},"publishingPrinciples":"https:\/\/ubirataonline.com.br\/faq\/","address":{"@id":"https:\/\/ubirataonline.com.br\/confirmada-oitava-morte-de-explosao-em-silo-de-cooperativa-de-palotina\/#local-main-place-address"},"geo":{"@type":"GeoCoordinates","latitude":"-24.5361401","longitude":"-52.9921776"},"telephone":["+5544998308235"],"contactPoint":{"@type":"ContactPoint","email":"contato@ubirataonline.com.br"},"openingHoursSpecification":{"@type":"OpeningHoursSpecification","dayOfWeek":["Monday","Tuesday","Wednesday","Thursday","Friday","Saturday","Sunday"],"opens":"00:00","closes":"23:59"},"email":"contato@ubirataonline.com.br","vatID":"47.621.418\/0001-80"},{"@type":"Person","@id":"https:\/\/ubirataonline.com.br\/#\/schema\/person\/09f7a474bd1834b50dea8d1c197e976f","name":"Vampeta","sameAs":["https:\/\/ubirataonline.com.br"],"url":"https:\/\/ubirataonline.com.br\/en\/author\/vampeta\/"},{"@type":"PostalAddress","@id":"https:\/\/ubirataonline.com.br\/confirmada-oitava-morte-de-explosao-em-silo-de-cooperativa-de-palotina\/#local-main-place-address","streetAddress":"Rua dos Coqueiros, 104 - Bairro Boa Vista, Rua dos Coqueiros, 104 Bairro Boa Vista","addressLocality":"UBIRATA","postalCode":"85440-000","addressRegion":"PR","addressCountry":"BR"},{"@type":"ImageObject","inLanguage":"en-US","@id":"https:\/\/ubirataonline.com.br\/confirmada-oitava-morte-de-explosao-em-silo-de-cooperativa-de-palotina\/#local-main-organization-logo","url":"https:\/\/ubirataonline.com.br\/wp-content\/uploads\/2026\/06\/logoubirataonline-1.webp","contentUrl":"https:\/\/ubirataonline.com.br\/wp-content\/uploads\/2026\/06\/logoubirataonline-1.webp","width":500,"height":500,"caption":"Ubirat\u00e3 Online Not\u00edcias"}]},"geo.placename":"UBIRATA","geo.position":{"lat":"-24.5361401","long":"-52.9921776"},"geo.region":"Brazil"},"_links":{"self":[{"href":"https:\/\/ubirataonline.com.br\/en\/wp-json\/wp\/v2\/posts\/51324","targetHints":{"allow":["GET"]}}],"collection":[{"href":"https:\/\/ubirataonline.com.br\/en\/wp-json\/wp\/v2\/posts"}],"about":[{"href":"https:\/\/ubirataonline.com.br\/en\/wp-json\/wp\/v2\/types\/post"}],"author":[{"embeddable":true,"href":"https:\/\/ubirataonline.com.br\/en\/wp-json\/wp\/v2\/users\/2"}],"replies":[{"embeddable":true,"href":"https:\/\/ubirataonline.com.br\/en\/wp-json\/wp\/v2\/comments?post=51324"}],"version-history":[{"count":0,"href":"https:\/\/ubirataonline.com.br\/en\/wp-json\/wp\/v2\/posts\/51324\/revisions"}],"wp:featuredmedia":[{"embeddable":true,"href":"https:\/\/ubirataonline.com.br\/en\/wp-json\/wp\/v2\/media\/51325"}],"wp:attachment":[{"href":"https:\/\/ubirataonline.com.br\/en\/wp-json\/wp\/v2\/media?parent=51324"}],"wp:term":[{"taxonomy":"category","embeddable":true,"href":"https:\/\/ubirataonline.com.br\/en\/wp-json\/wp\/v2\/categories?post=51324"},{"taxonomy":"post_tag","embeddable":true,"href":"https:\/\/ubirataonline.com.br\/en\/wp-json\/wp\/v2\/tags?post=51324"}],"curies":[{"name":"wp","href":"https:\/\/api.w.org\/{rel}","templated":true}]}}