{"id":516,"date":"2017-01-12T10:47:51","date_gmt":"2017-01-12T13:47:51","guid":{"rendered":"https:\/\/ubirataonline.com.br\/?p=516"},"modified":"2017-01-12T10:47:51","modified_gmt":"2017-01-12T13:47:51","slug":"o-fim-de-uma-era-noruega-e-1o-pais-do-mundo-a-parar-com-transmissoes-de-radio-em-fm","status":"publish","type":"post","link":"https:\/\/ubirataonline.com.br\/en\/o-fim-de-uma-era-noruega-e-1o-pais-do-mundo-a-parar-com-transmissoes-de-radio-em-fm\/","title":{"rendered":"O fim de uma era: Noruega \u00e9 1\u00ba pa\u00eds do mundo a parar com transmiss\u00f5es de r\u00e1dio em FM"},"content":{"rendered":"<p><strong>Segundo governo, digitaliza\u00e7\u00e3o das emissoras nacionais de r\u00e1dio cortar\u00e1 custos e trar\u00e1 diversifica\u00e7\u00e3o de programas e melhor qualidade de \u00e1udio; analista v\u00ea &#8216;momento de apreens\u00e3o&#8217; para ind\u00fastria global de r\u00e1dio.<\/strong><\/p>\n<p>Sob os olhares de outras na\u00e7\u00f5es, a Noruega se tornou o primeiro pa\u00eds do mundo a tirar do ar o sinal FM na \u00faltima quarta-feira.<\/p>\n<p>O desligamento come\u00e7ou na manh\u00e3 do dia 11, na cidade mais ao norte do pa\u00eds, Bod\u00f8, perto do C\u00edrculo Polar \u00c1rtico, e teve cobertura ao vivo da televis\u00e3o norueguesa.<\/p>\n<p>Segundo o governo, hoje, a Noruega tem 22 esta\u00e7\u00f5es nacionais de r\u00e1dio digital e ainda h\u00e1 espa\u00e7o para outras 20.<br \/>\nNo entanto, s\u00f3 restam cinco esta\u00e7\u00f5es nacionais de r\u00e1dio FM neste pa\u00eds de 5 milh\u00f5es de habitantes.<br \/>\nO servi\u00e7o p\u00fablico de radiodifus\u00e3o noruegu\u00eas, o NRK, desligar\u00e1 seu sinal FM antes da concorr\u00eancia.<br \/>\nMas este processo n\u00e3o ser\u00e1 repentino: o sinal sair\u00e1 do ar regi\u00e3o por regi\u00e3o, a partir de janeiro deste ano.<\/p>\n<p><strong>Economia<\/strong><\/p>\n<p>O minist\u00e9rio da Cultura noruegu\u00eas estima que a digitaliza\u00e7\u00e3o das emissoras nacionais de r\u00e1dio gerar\u00e1 uma economia anual de cerca de US$ 25 milh\u00f5es (aproximadamente R$ 80 milh\u00f5es).<\/p>\n<p>&#8220;O custo de transmiss\u00e3o de r\u00e1dio nacional pela rede FM \u00e9 oito vezes maior que pela rede de Retransmiss\u00e3o Digital de \u00c1udio&#8221;, disse o minist\u00e9rio em um comunicado.<\/p>\n<p>Isso se deve em parte pelo menor consumo de energia da transmiss\u00e3o digital.<\/p>\n<p>Iniciativa na Noruega servir\u00e1 de teste para a ind\u00fastria global de r\u00e1dio<\/p>\n<p>A ministra da Cultura, Thorhild Widvey, elenca outras vantagens.<br \/>\n&#8220;Os ouvintes ter\u00e3o acesso a um conte\u00fado de r\u00e1dio mais diverso e plural e desfrutar\u00e3o de uma maior qualidade de \u00e1udio, al\u00e9m de novas funcionalidades&#8221;, disse ela recentemente.<br \/>\nSegundo Widvey, a digitaliza\u00e7\u00e3o tamb\u00e9m melhorar\u00e1 o sistema de resposta diante de emerg\u00eancias, j\u00e1 que a r\u00e1dio digital \u00e9 menos vulner\u00e1vel a condi\u00e7\u00f5es de clima extremas.<\/p>\n<p><strong>Ind\u00fastria<\/strong><\/p>\n<p>V\u00e1rios outros pa\u00edses da Europa e do sul da \u00c1sia tamb\u00e9m avaliam uma transi\u00e7\u00e3o para a r\u00e1dio digital.<br \/>\nSegundo o analista brit\u00e2nico James Cridland, o momento do desligamento do sinal FM na Noruega ser\u00e1 um &#8220;momento de apreens\u00e3o&#8221; para a ind\u00fastria de r\u00e1dio global.<\/p>\n<p>&#8220;Espero que os noruegueses tenham feito o suficiente para reter a audi\u00eancia e para garantir que aqueles que n\u00e3o tenham feito a transi\u00e7\u00e3o para o digital o fa\u00e7am logo&#8221;, disse.<br \/>\n&#8220;Quem escuta r\u00e1dio pode decidir, em vez disso, passar a ouvir sua cole\u00e7\u00e3o de m\u00fasicas ou os servi\u00e7os de streaming. Se a mudan\u00e7a prejudicar a audi\u00eancia, pode ser que outros pa\u00edses fiquem menos dispostos a tamb\u00e9m desligar seu sinal FM e AM.&#8221;<\/p>\n<p>Esta mat\u00e9ria foi publicada originalmente em abril de 2015.<\/p>\n<p>Fonte: http:\/\/g1.globo.com\/mundo<\/p>","protected":false},"excerpt":{"rendered":"<p>Segundo governo, digitaliza\u00e7\u00e3o das emissoras nacionais de r\u00e1dio cortar\u00e1 custos e trar\u00e1 diversifica\u00e7\u00e3o de programas e melhor qualidade de \u00e1udio; analista v\u00ea &#8216;momento de apreens\u00e3o&#8217; para ind\u00fastria global de r\u00e1dio. Sob os olhares de outras na\u00e7\u00f5es, a Noruega se tornou o primeiro pa\u00eds do mundo a tirar do ar o sinal FM na \u00faltima quarta-feira. [&hellip;]<\/p>\n","protected":false},"author":1,"featured_media":0,"comment_status":"closed","ping_status":"closed","sticky":false,"template":"","format":"standard","meta":{"googlesitekit_rrm_CAow2JLhCw:productID":"","_gspb_post_css":"","maa_idioma":"","maa_pais":"","footnotes":""},"categories":[],"tags":[],"class_list":["post-516","post","type-post","status-publish","format-standard","hentry"],"blocksy_meta":[],"yoast_head":"<!-- This site is optimized with the Yoast SEO Premium plugin v27.6 (Yoast SEO v27.6) - https:\/\/yoast.com\/product\/yoast-seo-premium-wordpress\/ -->\n<title>O fim de uma era: Noruega \u00e9 1\u00ba pa\u00eds do mundo a parar com transmiss\u00f5es de r\u00e1dio em FM - Ubirat\u00e3 Online Not\u00edcias - A realidade ao seu alcance!<\/title>\n<meta name=\"description\" content=\"Segundo governo, digitaliza\u00e7\u00e3o das emissoras nacionais de r\u00e1dio cortar\u00e1 custos e trar\u00e1 diversifica\u00e7\u00e3o de programas e melhor qualidade de \u00e1udio; analista\" \/>\n<meta name=\"robots\" content=\"index, follow, max-snippet:-1, max-image-preview:large, max-video-preview:-1\" \/>\n<link rel=\"canonical\" href=\"https:\/\/ubirataonline.com.br\/en\/o-fim-de-uma-era-noruega-e-1o-pais-do-mundo-a-parar-com-transmissoes-de-radio-em-fm\/\" \/>\n<meta property=\"og:locale\" content=\"en_US\" \/>\n<meta property=\"og:type\" content=\"article\" \/>\n<meta property=\"og:title\" content=\"O fim de uma era: Noruega \u00e9 1\u00ba pa\u00eds do mundo a parar com transmiss\u00f5es de r\u00e1dio em FM\" \/>\n<meta property=\"og:description\" content=\"Segundo governo, digitaliza\u00e7\u00e3o das emissoras nacionais de r\u00e1dio cortar\u00e1 custos e trar\u00e1 diversifica\u00e7\u00e3o de programas e melhor qualidade de \u00e1udio; analista\" \/>\n<meta property=\"og:url\" content=\"https:\/\/ubirataonline.com.br\/en\/o-fim-de-uma-era-noruega-e-1o-pais-do-mundo-a-parar-com-transmissoes-de-radio-em-fm\/\" \/>\n<meta property=\"og:site_name\" content=\"Ubirat\u00e3 Online Not\u00edcias - A realidade ao seu alcance!\" \/>\n<meta property=\"article:publisher\" content=\"https:\/\/www.facebook.com\/portalubirataonline\" \/>\n<meta property=\"article:author\" content=\"https:\/\/www.facebook.com\/portalubirataonline\" \/>\n<meta property=\"article:published_time\" content=\"2017-01-12T13:47:51+00:00\" \/>\n<meta property=\"og:image\" content=\"https:\/\/ubirataonline.com.br\/wp-content\/uploads\/2026\/05\/logo2026.webp\" \/>\n\t<meta property=\"og:image:width\" content=\"1531\" \/>\n\t<meta property=\"og:image:height\" content=\"418\" \/>\n\t<meta property=\"og:image:type\" content=\"image\/webp\" \/>\n<meta name=\"author\" content=\"REDA\u00c7\u00c3O: UBIRAT\u00c3 ONLINE - F\u00c1BIO AUGUSTO CELESTINO\" \/>\n<meta name=\"twitter:card\" content=\"summary_large_image\" \/>\n<meta name=\"twitter:creator\" content=\"@x.com\/ubirataonline\" \/>\n<meta name=\"twitter:site\" content=\"@ubirataonline\" \/>\n<meta name=\"twitter:label1\" content=\"Written by\" \/>\n\t<meta name=\"twitter:data1\" content=\"REDA\u00c7\u00c3O: UBIRAT\u00c3 ONLINE - F\u00c1BIO AUGUSTO CELESTINO\" \/>\n\t<meta name=\"twitter:label2\" content=\"Est. reading time\" \/>\n\t<meta name=\"twitter:data2\" content=\"2 minutes\" \/>\n<script type=\"application\/ld+json\" class=\"yoast-schema-graph\">{\"@context\":\"https:\\\/\\\/schema.org\",\"@graph\":[{\"@type\":\"NewsArticle\",\"@id\":\"https:\\\/\\\/ubirataonline.com.br\\\/o-fim-de-uma-era-noruega-e-1o-pais-do-mundo-a-parar-com-transmissoes-de-radio-em-fm\\\/#article\",\"isPartOf\":{\"@id\":\"https:\\\/\\\/ubirataonline.com.br\\\/o-fim-de-uma-era-noruega-e-1o-pais-do-mundo-a-parar-com-transmissoes-de-radio-em-fm\\\/\"},\"author\":{\"name\":\"REDA\u00c7\u00c3O: UBIRAT\u00c3 ONLINE - F\u00c1BIO AUGUSTO CELESTINO\",\"@id\":\"https:\\\/\\\/ubirataonline.com.br\\\/#\\\/schema\\\/person\\\/372f87bbd3fdd79b8556b84c98d0bc1c\"},\"headline\":\"O fim de uma era: Noruega \u00e9 1\u00ba pa\u00eds do mundo a parar com transmiss\u00f5es de r\u00e1dio em FM\",\"datePublished\":\"2017-01-12T13:47:51+00:00\",\"mainEntityOfPage\":{\"@id\":\"https:\\\/\\\/ubirataonline.com.br\\\/o-fim-de-uma-era-noruega-e-1o-pais-do-mundo-a-parar-com-transmissoes-de-radio-em-fm\\\/\"},\"wordCount\":518,\"publisher\":{\"@id\":\"https:\\\/\\\/ubirataonline.com.br\\\/#organization\"},\"inLanguage\":\"en-US\",\"copyrightYear\":\"2017\",\"copyrightHolder\":{\"@id\":\"https:\\\/\\\/ubirataonline.com.br\\\/en\\\/#organization\"}},{\"@type\":\"WebPage\",\"@id\":\"https:\\\/\\\/ubirataonline.com.br\\\/o-fim-de-uma-era-noruega-e-1o-pais-do-mundo-a-parar-com-transmissoes-de-radio-em-fm\\\/\",\"url\":\"https:\\\/\\\/ubirataonline.com.br\\\/o-fim-de-uma-era-noruega-e-1o-pais-do-mundo-a-parar-com-transmissoes-de-radio-em-fm\\\/\",\"name\":\"O fim de uma era: Noruega \u00e9 1\u00ba pa\u00eds do mundo a parar com transmiss\u00f5es de r\u00e1dio em FM - Ubirat\u00e3 Online Not\u00edcias - A realidade ao seu alcance!\",\"isPartOf\":{\"@id\":\"https:\\\/\\\/ubirataonline.com.br\\\/#website\"},\"datePublished\":\"2017-01-12T13:47:51+00:00\",\"description\":\"Segundo governo, digitaliza\u00e7\u00e3o das emissoras nacionais de r\u00e1dio cortar\u00e1 custos e trar\u00e1 diversifica\u00e7\u00e3o de programas e melhor qualidade de \u00e1udio; analista\",\"breadcrumb\":{\"@id\":\"https:\\\/\\\/ubirataonline.com.br\\\/o-fim-de-uma-era-noruega-e-1o-pais-do-mundo-a-parar-com-transmissoes-de-radio-em-fm\\\/#breadcrumb\"},\"inLanguage\":\"en-US\",\"potentialAction\":[{\"@type\":\"ReadAction\",\"target\":[\"https:\\\/\\\/ubirataonline.com.br\\\/o-fim-de-uma-era-noruega-e-1o-pais-do-mundo-a-parar-com-transmissoes-de-radio-em-fm\\\/\"]}]},{\"@type\":\"BreadcrumbList\",\"@id\":\"https:\\\/\\\/ubirataonline.com.br\\\/o-fim-de-uma-era-noruega-e-1o-pais-do-mundo-a-parar-com-transmissoes-de-radio-em-fm\\\/#breadcrumb\",\"itemListElement\":[{\"@type\":\"ListItem\",\"position\":1,\"name\":\"In\u00edcio\",\"item\":\"https:\\\/\\\/ubirataonline.com.br\\\/\"},{\"@type\":\"ListItem\",\"position\":2,\"name\":\"O fim de uma era: Noruega \u00e9 1\u00ba pa\u00eds do mundo a parar com transmiss\u00f5es de r\u00e1dio em FM\"}]},{\"@type\":\"WebSite\",\"@id\":\"https:\\\/\\\/ubirataonline.com.br\\\/#website\",\"url\":\"https:\\\/\\\/ubirataonline.com.br\\\/\",\"name\":\"Ubirat\u00e3 Online Not\u00edcias\",\"description\":\"Not\u00edcias de Ubirat\u00e3, regi\u00e3o, Brasil e mundo, com informa\u00e7\u00e3o atualizada e compromisso com o leitor.\",\"publisher\":{\"@id\":\"https:\\\/\\\/ubirataonline.com.br\\\/#organization\"},\"alternateName\":\"Ubirat\u00e3 Online\",\"potentialAction\":[{\"@type\":\"SearchAction\",\"target\":{\"@type\":\"EntryPoint\",\"urlTemplate\":\"https:\\\/\\\/ubirataonline.com.br\\\/?s={search_term_string}\"},\"query-input\":{\"@type\":\"PropertyValueSpecification\",\"valueRequired\":true,\"valueName\":\"search_term_string\"}}],\"inLanguage\":\"en-US\"},{\"@type\":[\"Organization\",\"Place\"],\"@id\":\"https:\\\/\\\/ubirataonline.com.br\\\/#organization\",\"name\":\"Ubirat\u00e3 Online Not\u00edcias\",\"alternateName\":\"Ubirat\u00e3 Online\",\"url\":\"https:\\\/\\\/ubirataonline.com.br\\\/\",\"logo\":{\"@id\":\"https:\\\/\\\/ubirataonline.com.br\\\/o-fim-de-uma-era-noruega-e-1o-pais-do-mundo-a-parar-com-transmissoes-de-radio-em-fm\\\/#local-main-organization-logo\"},\"image\":{\"@id\":\"https:\\\/\\\/ubirataonline.com.br\\\/o-fim-de-uma-era-noruega-e-1o-pais-do-mundo-a-parar-com-transmissoes-de-radio-em-fm\\\/#local-main-organization-logo\"},\"sameAs\":[\"https:\\\/\\\/www.facebook.com\\\/portalubirataonline\",\"https:\\\/\\\/x.com\\\/ubirataonline\",\"https:\\\/\\\/mastodon.social\\\/@ubirataonline\",\"https:\\\/\\\/www.facebook.com\\\/groups\\\/311144672285604\",\"https:\\\/\\\/www.facebook.com\\\/UBTAOnline\",\"https:\\\/\\\/www.instagram.com\\\/portalubirataonline\\\/\",\"https:\\\/\\\/twitter.com\\\/ubirataonline\"],\"description\":\"Somos um portal de not\u00edcias independente, criado em 5 de janeiro de 2009, com o objetivo de informar, conectar e valorizar a nossa comunidade de Ubirat\u00e3 e toda aregi\u00e3o. Com conte\u00fado atualizado, confi\u00e1vel e relevante, o Ubirat\u00e3 Online \u00e9 o seu espa\u00e7o para ficar por dentro dos principais acontecimentos locais, regionais, Brasil, Mundo e de interesse geral. Nosso compromisso \u00e9 com a verdade, a transpar\u00eancia e o respeito ao leitor.\",\"legalName\":\"UBIRATA ONLINE NOT\u00cdCIAS\",\"foundingDate\":\"2009-01-05\",\"numberOfEmployees\":{\"@type\":\"QuantitativeValue\",\"minValue\":\"1\",\"maxValue\":\"10\"},\"publishingPrinciples\":\"https:\\\/\\\/ubirataonline.com.br\\\/faq\\\/\",\"address\":{\"@id\":\"https:\\\/\\\/ubirataonline.com.br\\\/o-fim-de-uma-era-noruega-e-1o-pais-do-mundo-a-parar-com-transmissoes-de-radio-em-fm\\\/#local-main-place-address\"},\"geo\":{\"@type\":\"GeoCoordinates\",\"latitude\":\"-24.5361401\",\"longitude\":\"-52.9921776\"},\"telephone\":[\"+5544998308235\"],\"contactPoint\":{\"@type\":\"ContactPoint\",\"email\":\"contato@ubirataonline.com.br\"},\"openingHoursSpecification\":{\"@type\":\"OpeningHoursSpecification\",\"dayOfWeek\":[\"Monday\",\"Tuesday\",\"Wednesday\",\"Thursday\",\"Friday\",\"Saturday\",\"Sunday\"],\"opens\":\"00:00\",\"closes\":\"23:59\"},\"email\":\"contato@ubirataonline.com.br\",\"vatID\":\"47.621.418\\\/0001-80\"},{\"@type\":\"Person\",\"@id\":\"https:\\\/\\\/ubirataonline.com.br\\\/#\\\/schema\\\/person\\\/372f87bbd3fdd79b8556b84c98d0bc1c\",\"name\":\"REDA\u00c7\u00c3O: UBIRAT\u00c3 ONLINE - F\u00c1BIO AUGUSTO CELESTINO\",\"pronouns\":\"Ele\",\"description\":\"Desde 2003 trabalhando com not\u00edcias.\",\"sameAs\":[\"http:\\\/\\\/ubirataoline.com.br\",\"https:\\\/\\\/www.facebook.com\\\/portalubirataonline\",\"https:\\\/\\\/www.instagram.com\\\/ubirataonline_oficial\",\"https:\\\/\\\/x.com\\\/x.com\\\/ubirataonline\"],\"honorificPrefix\":\"Mr.\",\"honorificSuffix\":\"MD\",\"birthDate\":\"1980-06-16\",\"gender\":\"masculino\",\"award\":[\"V\u00e1rios pr\u00eamios de melhor portal da cidade\"],\"jobTitle\":\"Diretor\",\"url\":\"https:\\\/\\\/ubirataonline.com.br\\\/en\\\/author\\\/ubirataonline\\\/\"},{\"@type\":\"PostalAddress\",\"@id\":\"https:\\\/\\\/ubirataonline.com.br\\\/o-fim-de-uma-era-noruega-e-1o-pais-do-mundo-a-parar-com-transmissoes-de-radio-em-fm\\\/#local-main-place-address\",\"streetAddress\":\"Rua dos Coqueiros, 104 - Bairro Boa Vista, Rua dos Coqueiros, 104 Bairro Boa Vista\",\"addressLocality\":\"UBIRATA\",\"postalCode\":\"85440-000\",\"addressRegion\":\"PR\",\"addressCountry\":\"BR\"},{\"@type\":\"ImageObject\",\"inLanguage\":\"en-US\",\"@id\":\"https:\\\/\\\/ubirataonline.com.br\\\/o-fim-de-uma-era-noruega-e-1o-pais-do-mundo-a-parar-com-transmissoes-de-radio-em-fm\\\/#local-main-organization-logo\",\"url\":\"https:\\\/\\\/ubirataonline.com.br\\\/wp-content\\\/uploads\\\/2026\\\/06\\\/logoubirataonline-1.webp\",\"contentUrl\":\"https:\\\/\\\/ubirataonline.com.br\\\/wp-content\\\/uploads\\\/2026\\\/06\\\/logoubirataonline-1.webp\",\"width\":500,\"height\":500,\"caption\":\"Ubirat\u00e3 Online Not\u00edcias\"}]}<\/script>\n<meta name=\"geo.placename\" content=\"UBIRATA\" \/>\n<meta name=\"geo.position\" content=\"-24.5361401;-52.9921776\" \/>\n<meta name=\"geo.region\" content=\"Brazil\" \/>\n<!-- \/ Yoast SEO Premium plugin. -->","yoast_head_json":{"title":"O fim de uma era: Noruega \u00e9 1\u00ba pa\u00eds do mundo a parar com transmiss\u00f5es de r\u00e1dio em FM - Ubirat\u00e3 Online Not\u00edcias - A realidade ao seu alcance!","description":"Segundo governo, digitaliza\u00e7\u00e3o das emissoras nacionais de r\u00e1dio cortar\u00e1 custos e trar\u00e1 diversifica\u00e7\u00e3o de programas e melhor qualidade de \u00e1udio; analista","robots":{"index":"index","follow":"follow","max-snippet":"max-snippet:-1","max-image-preview":"max-image-preview:large","max-video-preview":"max-video-preview:-1"},"canonical":"https:\/\/ubirataonline.com.br\/en\/o-fim-de-uma-era-noruega-e-1o-pais-do-mundo-a-parar-com-transmissoes-de-radio-em-fm\/","og_locale":"en_US","og_type":"article","og_title":"O fim de uma era: Noruega \u00e9 1\u00ba pa\u00eds do mundo a parar com transmiss\u00f5es de r\u00e1dio em FM","og_description":"Segundo governo, digitaliza\u00e7\u00e3o das emissoras nacionais de r\u00e1dio cortar\u00e1 custos e trar\u00e1 diversifica\u00e7\u00e3o de programas e melhor qualidade de \u00e1udio; analista","og_url":"https:\/\/ubirataonline.com.br\/en\/o-fim-de-uma-era-noruega-e-1o-pais-do-mundo-a-parar-com-transmissoes-de-radio-em-fm\/","og_site_name":"Ubirat\u00e3 Online Not\u00edcias - A realidade ao seu alcance!","article_publisher":"https:\/\/www.facebook.com\/portalubirataonline","article_author":"https:\/\/www.facebook.com\/portalubirataonline","article_published_time":"2017-01-12T13:47:51+00:00","og_image":[{"width":1531,"height":418,"url":"https:\/\/ubirataonline.com.br\/wp-content\/uploads\/2026\/05\/logo2026.webp","type":"image\/webp"}],"author":"REDA\u00c7\u00c3O: UBIRAT\u00c3 ONLINE - F\u00c1BIO AUGUSTO CELESTINO","twitter_card":"summary_large_image","twitter_creator":"@x.com\/ubirataonline","twitter_site":"@ubirataonline","twitter_misc":{"Written by":"REDA\u00c7\u00c3O: UBIRAT\u00c3 ONLINE - F\u00c1BIO AUGUSTO CELESTINO","Est. reading time":"2 minutes"},"schema":{"@context":"https:\/\/schema.org","@graph":[{"@type":"NewsArticle","@id":"https:\/\/ubirataonline.com.br\/o-fim-de-uma-era-noruega-e-1o-pais-do-mundo-a-parar-com-transmissoes-de-radio-em-fm\/#article","isPartOf":{"@id":"https:\/\/ubirataonline.com.br\/o-fim-de-uma-era-noruega-e-1o-pais-do-mundo-a-parar-com-transmissoes-de-radio-em-fm\/"},"author":{"name":"REDA\u00c7\u00c3O: UBIRAT\u00c3 ONLINE - F\u00c1BIO AUGUSTO CELESTINO","@id":"https:\/\/ubirataonline.com.br\/#\/schema\/person\/372f87bbd3fdd79b8556b84c98d0bc1c"},"headline":"O fim de uma era: Noruega \u00e9 1\u00ba pa\u00eds do mundo a parar com transmiss\u00f5es de r\u00e1dio em FM","datePublished":"2017-01-12T13:47:51+00:00","mainEntityOfPage":{"@id":"https:\/\/ubirataonline.com.br\/o-fim-de-uma-era-noruega-e-1o-pais-do-mundo-a-parar-com-transmissoes-de-radio-em-fm\/"},"wordCount":518,"publisher":{"@id":"https:\/\/ubirataonline.com.br\/#organization"},"inLanguage":"en-US","copyrightYear":"2017","copyrightHolder":{"@id":"https:\/\/ubirataonline.com.br\/en\/#organization"}},{"@type":"WebPage","@id":"https:\/\/ubirataonline.com.br\/o-fim-de-uma-era-noruega-e-1o-pais-do-mundo-a-parar-com-transmissoes-de-radio-em-fm\/","url":"https:\/\/ubirataonline.com.br\/o-fim-de-uma-era-noruega-e-1o-pais-do-mundo-a-parar-com-transmissoes-de-radio-em-fm\/","name":"O fim de uma era: Noruega \u00e9 1\u00ba pa\u00eds do mundo a parar com transmiss\u00f5es de r\u00e1dio em FM - Ubirat\u00e3 Online Not\u00edcias - A realidade ao seu alcance!","isPartOf":{"@id":"https:\/\/ubirataonline.com.br\/#website"},"datePublished":"2017-01-12T13:47:51+00:00","description":"Segundo governo, digitaliza\u00e7\u00e3o das emissoras nacionais de r\u00e1dio cortar\u00e1 custos e trar\u00e1 diversifica\u00e7\u00e3o de programas e melhor qualidade de \u00e1udio; analista","breadcrumb":{"@id":"https:\/\/ubirataonline.com.br\/o-fim-de-uma-era-noruega-e-1o-pais-do-mundo-a-parar-com-transmissoes-de-radio-em-fm\/#breadcrumb"},"inLanguage":"en-US","potentialAction":[{"@type":"ReadAction","target":["https:\/\/ubirataonline.com.br\/o-fim-de-uma-era-noruega-e-1o-pais-do-mundo-a-parar-com-transmissoes-de-radio-em-fm\/"]}]},{"@type":"BreadcrumbList","@id":"https:\/\/ubirataonline.com.br\/o-fim-de-uma-era-noruega-e-1o-pais-do-mundo-a-parar-com-transmissoes-de-radio-em-fm\/#breadcrumb","itemListElement":[{"@type":"ListItem","position":1,"name":"In\u00edcio","item":"https:\/\/ubirataonline.com.br\/"},{"@type":"ListItem","position":2,"name":"O fim de uma era: Noruega \u00e9 1\u00ba pa\u00eds do mundo a parar com transmiss\u00f5es de r\u00e1dio em FM"}]},{"@type":"WebSite","@id":"https:\/\/ubirataonline.com.br\/#website","url":"https:\/\/ubirataonline.com.br\/","name":"Ubirat\u00e3 Online Not\u00edcias","description":"Not\u00edcias de Ubirat\u00e3, regi\u00e3o, Brasil e mundo, com informa\u00e7\u00e3o atualizada e compromisso com o leitor.","publisher":{"@id":"https:\/\/ubirataonline.com.br\/#organization"},"alternateName":"Ubirat\u00e3 Online","potentialAction":[{"@type":"SearchAction","target":{"@type":"EntryPoint","urlTemplate":"https:\/\/ubirataonline.com.br\/?s={search_term_string}"},"query-input":{"@type":"PropertyValueSpecification","valueRequired":true,"valueName":"search_term_string"}}],"inLanguage":"en-US"},{"@type":["Organization","Place"],"@id":"https:\/\/ubirataonline.com.br\/#organization","name":"Ubirat\u00e3 Online Not\u00edcias","alternateName":"Ubirat\u00e3 Online","url":"https:\/\/ubirataonline.com.br\/","logo":{"@id":"https:\/\/ubirataonline.com.br\/o-fim-de-uma-era-noruega-e-1o-pais-do-mundo-a-parar-com-transmissoes-de-radio-em-fm\/#local-main-organization-logo"},"image":{"@id":"https:\/\/ubirataonline.com.br\/o-fim-de-uma-era-noruega-e-1o-pais-do-mundo-a-parar-com-transmissoes-de-radio-em-fm\/#local-main-organization-logo"},"sameAs":["https:\/\/www.facebook.com\/portalubirataonline","https:\/\/x.com\/ubirataonline","https:\/\/mastodon.social\/@ubirataonline","https:\/\/www.facebook.com\/groups\/311144672285604","https:\/\/www.facebook.com\/UBTAOnline","https:\/\/www.instagram.com\/portalubirataonline\/","https:\/\/twitter.com\/ubirataonline"],"description":"Somos um portal de not\u00edcias independente, criado em 5 de janeiro de 2009, com o objetivo de informar, conectar e valorizar a nossa comunidade de Ubirat\u00e3 e toda aregi\u00e3o. Com conte\u00fado atualizado, confi\u00e1vel e relevante, o Ubirat\u00e3 Online \u00e9 o seu espa\u00e7o para ficar por dentro dos principais acontecimentos locais, regionais, Brasil, Mundo e de interesse geral. Nosso compromisso \u00e9 com a verdade, a transpar\u00eancia e o respeito ao leitor.","legalName":"UBIRATA ONLINE NOT\u00cdCIAS","foundingDate":"2009-01-05","numberOfEmployees":{"@type":"QuantitativeValue","minValue":"1","maxValue":"10"},"publishingPrinciples":"https:\/\/ubirataonline.com.br\/faq\/","address":{"@id":"https:\/\/ubirataonline.com.br\/o-fim-de-uma-era-noruega-e-1o-pais-do-mundo-a-parar-com-transmissoes-de-radio-em-fm\/#local-main-place-address"},"geo":{"@type":"GeoCoordinates","latitude":"-24.5361401","longitude":"-52.9921776"},"telephone":["+5544998308235"],"contactPoint":{"@type":"ContactPoint","email":"contato@ubirataonline.com.br"},"openingHoursSpecification":{"@type":"OpeningHoursSpecification","dayOfWeek":["Monday","Tuesday","Wednesday","Thursday","Friday","Saturday","Sunday"],"opens":"00:00","closes":"23:59"},"email":"contato@ubirataonline.com.br","vatID":"47.621.418\/0001-80"},{"@type":"Person","@id":"https:\/\/ubirataonline.com.br\/#\/schema\/person\/372f87bbd3fdd79b8556b84c98d0bc1c","name":"REDA\u00c7\u00c3O: UBIRAT\u00c3 ONLINE - F\u00c1BIO AUGUSTO CELESTINO","pronouns":"Ele","description":"Desde 2003 trabalhando com not\u00edcias.","sameAs":["http:\/\/ubirataoline.com.br","https:\/\/www.facebook.com\/portalubirataonline","https:\/\/www.instagram.com\/ubirataonline_oficial","https:\/\/x.com\/x.com\/ubirataonline"],"honorificPrefix":"Mr.","honorificSuffix":"MD","birthDate":"1980-06-16","gender":"masculino","award":["V\u00e1rios pr\u00eamios de melhor portal da cidade"],"jobTitle":"Diretor","url":"https:\/\/ubirataonline.com.br\/en\/author\/ubirataonline\/"},{"@type":"PostalAddress","@id":"https:\/\/ubirataonline.com.br\/o-fim-de-uma-era-noruega-e-1o-pais-do-mundo-a-parar-com-transmissoes-de-radio-em-fm\/#local-main-place-address","streetAddress":"Rua dos Coqueiros, 104 - Bairro Boa Vista, Rua dos Coqueiros, 104 Bairro Boa Vista","addressLocality":"UBIRATA","postalCode":"85440-000","addressRegion":"PR","addressCountry":"BR"},{"@type":"ImageObject","inLanguage":"en-US","@id":"https:\/\/ubirataonline.com.br\/o-fim-de-uma-era-noruega-e-1o-pais-do-mundo-a-parar-com-transmissoes-de-radio-em-fm\/#local-main-organization-logo","url":"https:\/\/ubirataonline.com.br\/wp-content\/uploads\/2026\/06\/logoubirataonline-1.webp","contentUrl":"https:\/\/ubirataonline.com.br\/wp-content\/uploads\/2026\/06\/logoubirataonline-1.webp","width":500,"height":500,"caption":"Ubirat\u00e3 Online Not\u00edcias"}]},"geo.placename":"UBIRATA","geo.position":{"lat":"-24.5361401","long":"-52.9921776"},"geo.region":"Brazil"},"_links":{"self":[{"href":"https:\/\/ubirataonline.com.br\/en\/wp-json\/wp\/v2\/posts\/516","targetHints":{"allow":["GET"]}}],"collection":[{"href":"https:\/\/ubirataonline.com.br\/en\/wp-json\/wp\/v2\/posts"}],"about":[{"href":"https:\/\/ubirataonline.com.br\/en\/wp-json\/wp\/v2\/types\/post"}],"author":[{"embeddable":true,"href":"https:\/\/ubirataonline.com.br\/en\/wp-json\/wp\/v2\/users\/1"}],"replies":[{"embeddable":true,"href":"https:\/\/ubirataonline.com.br\/en\/wp-json\/wp\/v2\/comments?post=516"}],"version-history":[{"count":0,"href":"https:\/\/ubirataonline.com.br\/en\/wp-json\/wp\/v2\/posts\/516\/revisions"}],"wp:attachment":[{"href":"https:\/\/ubirataonline.com.br\/en\/wp-json\/wp\/v2\/media?parent=516"}],"wp:term":[{"taxonomy":"category","embeddable":true,"href":"https:\/\/ubirataonline.com.br\/en\/wp-json\/wp\/v2\/categories?post=516"},{"taxonomy":"post_tag","embeddable":true,"href":"https:\/\/ubirataonline.com.br\/en\/wp-json\/wp\/v2\/tags?post=516"}],"curies":[{"name":"wp","href":"https:\/\/api.w.org\/{rel}","templated":true}]}}