{"id":51809,"date":"2023-08-25T10:11:01","date_gmt":"2023-08-25T13:11:01","guid":{"rendered":"https:\/\/ubirataonline.com.br\/?p=51809"},"modified":"2023-08-25T10:11:02","modified_gmt":"2023-08-25T13:11:02","slug":"carreta-sem-freios-atinge-dezenas-de-veiculos-no-parana-video","status":"publish","type":"post","link":"https:\/\/ubirataonline.com.br\/en\/carreta-sem-freios-atinge-dezenas-de-veiculos-no-parana-video\/","title":{"rendered":"Carreta sem freios atinge dezenas de ve\u00edculos no Paran\u00e1; v\u00eddeo"},"content":{"rendered":"<p class=\"wp-block-paragraph\"><strong><em><a href=\"https:\/\/chat.whatsapp.com\/EruCUVbNLju4ZH45p1my4R\">CLIQUE AQUI E RECEBA NOT\u00cdCIAS DO UBIRAT\u00c3 ONLINE EM SEU WHATSAPP<\/a><\/em><\/strong><\/p>\n\n\n\n<p class=\"wp-block-paragraph\">Uma carreta sem freios, carregada com 37 toneladas de soja se envolveu em um grave acidente\u00a0na noite desta quinta-feira (24) em Coronel Vivida, no Sudoeste do Paran\u00e1. Desgovernado, o ve\u00edculo pesado\u00a0arrastou dezenas de ve\u00edculos que estavam estacionados, de acordo com o\u00a0Corpo de Bombeiros.\u00a0<\/p>\n\n\n\n<figure class=\"wp-block-image size-full\"><img loading=\"lazy\" decoding=\"async\" width=\"718\" height=\"404\" src=\"https:\/\/ubirataonline.com.br\/wp-content\/uploads\/2023\/07\/anuncie-aqui-03-3c881.jpg\" alt=\"\" class=\"wp-image-51117\" srcset=\"https:\/\/ubirataonline.com.br\/wp-content\/uploads\/2023\/07\/anuncie-aqui-03-3c881.jpg 718w, https:\/\/ubirataonline.com.br\/wp-content\/uploads\/2023\/07\/anuncie-aqui-03-3c881-498x280.jpg 498w\" sizes=\"auto, (max-width: 718px) 100vw, 718px\" \/><\/figure>\n\n\n\n<p class=\"wp-block-paragraph\">O acidente ocorreu pouco antes das 20h, na Rua Rom\u00e1rio Martins, na regi\u00e3o central da cidade. Uma c\u00e2mera de seguran\u00e7a registrou o momento das m\u00faltiplas batidas.<\/p>\n\n\n\n<p class=\"wp-block-paragraph\">As imagens que circulam nas redes sociais\u00a0mostram a carreta atingindo carros, caminhonetes e motos que estavam estacionados em via p\u00fablica\u00a0ap\u00f3s perder os freios. Segundo os Bombeiros, um total de\u00a025 ve\u00edculos foram atingidos.<\/p>\n\n\n\n<figure class=\"wp-block-video\"><video height=\"706\" style=\"aspect-ratio: 1280 \/ 706;\" width=\"1280\" controls src=\"https:\/\/ubirataonline.com.br\/wp-content\/uploads\/2023\/08\/video-acidente-coronel-vivida.mp4\"><\/video><\/figure>\n\n\n\n<p class=\"wp-block-paragraph\">Alguns dos carros que foram arrastados ficaram\u00a0completamente destru\u00eddos.<\/p>\n\n\n\n<figure class=\"wp-block-image\"><img decoding=\"async\" src=\"https:\/\/paranaportal.uol.com.br\/storage\/content\/2023\/08\/1692959400-370548837-3199152440229356-670798117136777938-n.jpg\" alt=\"\"\/><figcaption class=\"wp-element-caption\">Foto: Reprodu\u00e7\u00e3o\/Facebook<\/figcaption><\/figure>\n\n\n\n<p class=\"wp-block-paragraph\">Conforme informa\u00e7\u00f5es, duas pessoas ficaram feridas, um homem de 39 anos ficou encarcerado dentro de um Gol. O carro ficou achatado e o Corpo de Bombeiros precisou cortar a lataria para tirar o motorista que sofreu ferimentos considerados moderados e outro de 45 anos sofreu ferimentos leves. <\/p>\n\n\n\n<p class=\"wp-block-paragraph\"><strong>As causas do acidente ser\u00e3o investigadas<\/strong>.<\/p>\n\n\n\n<p class=\"wp-block-paragraph\">O motorista da carreta, Darci Celunco de 66 anos, permaneceu no local e relatou que n\u00e3o conseguiu controlar o ve\u00edculo ap\u00f3s perder os freios. &#8221; O freio falhou, tentei segurar o caminh\u00e3o de diversas outras formas. Mas nada funcionou&#8221;.<\/p>\n\n\n\n<p class=\"wp-block-paragraph\"><video controls=\"\" src=\"https:\/\/static.ricmais.com.br\/uploads\/2023\/08\/caminhao-coronel-vivida-2.mp4\"><\/video><video controls=\"\" src=\"https:\/\/static.ricmais.com.br\/uploads\/2023\/08\/caminhao-coronel-vivida-3.mp4\"><\/video><video controls=\"\" src=\"https:\/\/static.ricmais.com.br\/uploads\/2023\/08\/caminhao-coronel-vivida-4.mp4\"><\/video>Motorista de Gol ficou encarcerado no carro, achatado pelo caminh\u00e3o. (Imagem: Altair de Melo)<video controls=\"\" src=\"https:\/\/static.ricmais.com.br\/uploads\/2023\/08\/caminhao-coronel-vivida-6.mp4\"><\/video><video controls=\"\" src=\"https:\/\/static.ricmais.com.br\/uploads\/2023\/08\/caminhao-coronel-vivida-5-2.mp4\"><\/video> <video controls=\"\" src=\"https:\/\/static.ricmais.com.br\/uploads\/2023\/08\/caminhao-coronel-vivida-8.mp4\"><\/video><video controls=\"\" src=\"https:\/\/static.ricmais.com.br\/uploads\/2023\/08\/caminhao-coronel-vivida.mp4\"><\/video><\/p>","protected":false},"excerpt":{"rendered":"<p>CLIQUE AQUI E RECEBA NOT\u00cdCIAS DO UBIRAT\u00c3 ONLINE EM SEU WHATSAPP Uma carreta sem freios, carregada com 37 toneladas de soja se envolveu em um grave acidente\u00a0na noite desta quinta-feira (24) em Coronel Vivida, no Sudoeste do Paran\u00e1. Desgovernado, o ve\u00edculo pesado\u00a0arrastou dezenas de ve\u00edculos que estavam estacionados, de acordo com o\u00a0Corpo de Bombeiros.\u00a0 O [&hellip;]<\/p>\n","protected":false},"author":2,"featured_media":51812,"comment_status":"closed","ping_status":"closed","sticky":false,"template":"","format":"standard","meta":{"googlesitekit_rrm_CAow2JLhCw:productID":"","_gspb_post_css":"","maa_idioma":"","maa_pais":"","footnotes":""},"categories":[3],"tags":[],"class_list":["post-51809","post","type-post","status-publish","format-standard","has-post-thumbnail","hentry","category-acidentes"],"blocksy_meta":[],"yoast_head":"<!-- This site is optimized with the Yoast SEO Premium plugin v27.6 (Yoast SEO v27.6) - https:\/\/yoast.com\/product\/yoast-seo-premium-wordpress\/ -->\n<title>Carreta sem freios atinge dezenas de ve\u00edculos no Paran\u00e1; v\u00eddeo - Ubirat\u00e3 Online Not\u00edcias - A realidade ao seu alcance!<\/title>\n<meta name=\"description\" content=\"CLIQUE AQUI E RECEBA NOT\u00cdCIAS DO UBIRAT\u00c3 ONLINE EM SEU WHATSAPP Uma carreta sem freios, carregada com 37 toneladas de soja se envolveu em um grave\" \/>\n<meta name=\"robots\" content=\"index, follow, max-snippet:-1, max-image-preview:large, max-video-preview:-1\" \/>\n<link rel=\"canonical\" href=\"https:\/\/ubirataonline.com.br\/en\/carreta-sem-freios-atinge-dezenas-de-veiculos-no-parana-video\/\" \/>\n<meta property=\"og:locale\" content=\"en_US\" \/>\n<meta property=\"og:type\" content=\"article\" \/>\n<meta property=\"og:title\" content=\"Carreta sem freios atinge dezenas de ve\u00edculos no Paran\u00e1; v\u00eddeo\" \/>\n<meta property=\"og:description\" content=\"CLIQUE AQUI E RECEBA NOT\u00cdCIAS DO UBIRAT\u00c3 ONLINE EM SEU WHATSAPP Uma carreta sem freios, carregada com 37 toneladas de soja se envolveu em um grave\" \/>\n<meta property=\"og:url\" content=\"https:\/\/ubirataonline.com.br\/en\/carreta-sem-freios-atinge-dezenas-de-veiculos-no-parana-video\/\" \/>\n<meta property=\"og:site_name\" content=\"Ubirat\u00e3 Online Not\u00edcias - A realidade ao seu alcance!\" \/>\n<meta property=\"article:publisher\" content=\"https:\/\/www.facebook.com\/portalubirataonline\" \/>\n<meta property=\"article:published_time\" content=\"2023-08-25T13:11:01+00:00\" \/>\n<meta property=\"article:modified_time\" content=\"2023-08-25T13:11:02+00:00\" \/>\n<meta property=\"og:image\" content=\"https:\/\/ubirataonline.com.br\/wp-content\/uploads\/2023\/08\/Sem-titulo-14.png\" \/>\n\t<meta property=\"og:image:width\" content=\"798\" \/>\n\t<meta property=\"og:image:height\" content=\"490\" \/>\n\t<meta property=\"og:image:type\" content=\"image\/png\" \/>\n<meta name=\"author\" content=\"Vampeta\" \/>\n<meta name=\"twitter:card\" content=\"summary_large_image\" \/>\n<meta name=\"twitter:creator\" content=\"@ubirataonline\" \/>\n<meta name=\"twitter:site\" content=\"@ubirataonline\" \/>\n<meta name=\"twitter:label1\" content=\"Written by\" \/>\n\t<meta name=\"twitter:data1\" content=\"Vampeta\" \/>\n\t<meta name=\"twitter:label2\" content=\"Est. reading time\" \/>\n\t<meta name=\"twitter:data2\" content=\"1 minute\" \/>\n<script type=\"application\/ld+json\" class=\"yoast-schema-graph\">{\"@context\":\"https:\\\/\\\/schema.org\",\"@graph\":[{\"@type\":\"NewsArticle\",\"@id\":\"https:\\\/\\\/ubirataonline.com.br\\\/carreta-sem-freios-atinge-dezenas-de-veiculos-no-parana-video\\\/#article\",\"isPartOf\":{\"@id\":\"https:\\\/\\\/ubirataonline.com.br\\\/carreta-sem-freios-atinge-dezenas-de-veiculos-no-parana-video\\\/\"},\"author\":{\"name\":\"Vampeta\",\"@id\":\"https:\\\/\\\/ubirataonline.com.br\\\/#\\\/schema\\\/person\\\/09f7a474bd1834b50dea8d1c197e976f\"},\"headline\":\"Carreta sem freios atinge dezenas de ve\u00edculos no Paran\u00e1; v\u00eddeo\",\"datePublished\":\"2023-08-25T13:11:01+00:00\",\"dateModified\":\"2023-08-25T13:11:02+00:00\",\"mainEntityOfPage\":{\"@id\":\"https:\\\/\\\/ubirataonline.com.br\\\/carreta-sem-freios-atinge-dezenas-de-veiculos-no-parana-video\\\/\"},\"wordCount\":261,\"publisher\":{\"@id\":\"https:\\\/\\\/ubirataonline.com.br\\\/#organization\"},\"image\":{\"@id\":\"https:\\\/\\\/ubirataonline.com.br\\\/carreta-sem-freios-atinge-dezenas-de-veiculos-no-parana-video\\\/#primaryimage\"},\"thumbnailUrl\":\"https:\\\/\\\/ubirataonline.com.br\\\/wp-content\\\/uploads\\\/2023\\\/08\\\/Sem-titulo-14.png\",\"articleSection\":[\"Acidentes\"],\"inLanguage\":\"en-US\",\"copyrightYear\":\"2023\",\"copyrightHolder\":{\"@id\":\"https:\\\/\\\/ubirataonline.com.br\\\/en\\\/#organization\"}},{\"@type\":\"WebPage\",\"@id\":\"https:\\\/\\\/ubirataonline.com.br\\\/carreta-sem-freios-atinge-dezenas-de-veiculos-no-parana-video\\\/\",\"url\":\"https:\\\/\\\/ubirataonline.com.br\\\/carreta-sem-freios-atinge-dezenas-de-veiculos-no-parana-video\\\/\",\"name\":\"Carreta sem freios atinge dezenas de ve\u00edculos no Paran\u00e1; v\u00eddeo - Ubirat\u00e3 Online Not\u00edcias - A realidade ao seu alcance!\",\"isPartOf\":{\"@id\":\"https:\\\/\\\/ubirataonline.com.br\\\/#website\"},\"primaryImageOfPage\":{\"@id\":\"https:\\\/\\\/ubirataonline.com.br\\\/carreta-sem-freios-atinge-dezenas-de-veiculos-no-parana-video\\\/#primaryimage\"},\"image\":{\"@id\":\"https:\\\/\\\/ubirataonline.com.br\\\/carreta-sem-freios-atinge-dezenas-de-veiculos-no-parana-video\\\/#primaryimage\"},\"thumbnailUrl\":\"https:\\\/\\\/ubirataonline.com.br\\\/wp-content\\\/uploads\\\/2023\\\/08\\\/Sem-titulo-14.png\",\"datePublished\":\"2023-08-25T13:11:01+00:00\",\"dateModified\":\"2023-08-25T13:11:02+00:00\",\"description\":\"CLIQUE AQUI E RECEBA NOT\u00cdCIAS DO UBIRAT\u00c3 ONLINE EM SEU WHATSAPP Uma carreta sem freios, carregada com 37 toneladas de soja se envolveu em um grave\",\"breadcrumb\":{\"@id\":\"https:\\\/\\\/ubirataonline.com.br\\\/carreta-sem-freios-atinge-dezenas-de-veiculos-no-parana-video\\\/#breadcrumb\"},\"inLanguage\":\"en-US\",\"potentialAction\":[{\"@type\":\"ReadAction\",\"target\":[\"https:\\\/\\\/ubirataonline.com.br\\\/carreta-sem-freios-atinge-dezenas-de-veiculos-no-parana-video\\\/\"]}]},{\"@type\":\"ImageObject\",\"inLanguage\":\"en-US\",\"@id\":\"https:\\\/\\\/ubirataonline.com.br\\\/carreta-sem-freios-atinge-dezenas-de-veiculos-no-parana-video\\\/#primaryimage\",\"url\":\"https:\\\/\\\/ubirataonline.com.br\\\/wp-content\\\/uploads\\\/2023\\\/08\\\/Sem-titulo-14.png\",\"contentUrl\":\"https:\\\/\\\/ubirataonline.com.br\\\/wp-content\\\/uploads\\\/2023\\\/08\\\/Sem-titulo-14.png\",\"width\":798,\"height\":490},{\"@type\":\"BreadcrumbList\",\"@id\":\"https:\\\/\\\/ubirataonline.com.br\\\/carreta-sem-freios-atinge-dezenas-de-veiculos-no-parana-video\\\/#breadcrumb\",\"itemListElement\":[{\"@type\":\"ListItem\",\"position\":1,\"name\":\"In\u00edcio\",\"item\":\"https:\\\/\\\/ubirataonline.com.br\\\/\"},{\"@type\":\"ListItem\",\"position\":2,\"name\":\"Carreta sem freios atinge dezenas de ve\u00edculos no Paran\u00e1; v\u00eddeo\"}]},{\"@type\":\"WebSite\",\"@id\":\"https:\\\/\\\/ubirataonline.com.br\\\/#website\",\"url\":\"https:\\\/\\\/ubirataonline.com.br\\\/\",\"name\":\"Ubirat\u00e3 Online Not\u00edcias\",\"description\":\"Not\u00edcias de Ubirat\u00e3, regi\u00e3o, Brasil e mundo, com informa\u00e7\u00e3o atualizada e compromisso com o leitor.\",\"publisher\":{\"@id\":\"https:\\\/\\\/ubirataonline.com.br\\\/#organization\"},\"alternateName\":\"Ubirat\u00e3 Online\",\"potentialAction\":[{\"@type\":\"SearchAction\",\"target\":{\"@type\":\"EntryPoint\",\"urlTemplate\":\"https:\\\/\\\/ubirataonline.com.br\\\/?s={search_term_string}\"},\"query-input\":{\"@type\":\"PropertyValueSpecification\",\"valueRequired\":true,\"valueName\":\"search_term_string\"}}],\"inLanguage\":\"en-US\"},{\"@type\":[\"Organization\",\"Place\"],\"@id\":\"https:\\\/\\\/ubirataonline.com.br\\\/#organization\",\"name\":\"Ubirat\u00e3 Online Not\u00edcias\",\"alternateName\":\"Ubirat\u00e3 Online\",\"url\":\"https:\\\/\\\/ubirataonline.com.br\\\/\",\"logo\":{\"@id\":\"https:\\\/\\\/ubirataonline.com.br\\\/carreta-sem-freios-atinge-dezenas-de-veiculos-no-parana-video\\\/#local-main-organization-logo\"},\"image\":{\"@id\":\"https:\\\/\\\/ubirataonline.com.br\\\/carreta-sem-freios-atinge-dezenas-de-veiculos-no-parana-video\\\/#local-main-organization-logo\"},\"sameAs\":[\"https:\\\/\\\/www.facebook.com\\\/portalubirataonline\",\"https:\\\/\\\/x.com\\\/ubirataonline\",\"https:\\\/\\\/mastodon.social\\\/@ubirataonline\",\"https:\\\/\\\/www.facebook.com\\\/groups\\\/311144672285604\",\"https:\\\/\\\/www.facebook.com\\\/UBTAOnline\",\"https:\\\/\\\/www.instagram.com\\\/portalubirataonline\\\/\",\"https:\\\/\\\/twitter.com\\\/ubirataonline\"],\"description\":\"Somos um portal de not\u00edcias independente, criado em 5 de janeiro de 2009, com o objetivo de informar, conectar e valorizar a nossa comunidade de Ubirat\u00e3 e toda aregi\u00e3o. Com conte\u00fado atualizado, confi\u00e1vel e relevante, o Ubirat\u00e3 Online \u00e9 o seu espa\u00e7o para ficar por dentro dos principais acontecimentos locais, regionais, Brasil, Mundo e de interesse geral. Nosso compromisso \u00e9 com a verdade, a transpar\u00eancia e o respeito ao leitor.\",\"legalName\":\"UBIRATA ONLINE NOT\u00cdCIAS\",\"foundingDate\":\"2009-01-05\",\"numberOfEmployees\":{\"@type\":\"QuantitativeValue\",\"minValue\":\"1\",\"maxValue\":\"10\"},\"publishingPrinciples\":\"https:\\\/\\\/ubirataonline.com.br\\\/faq\\\/\",\"address\":{\"@id\":\"https:\\\/\\\/ubirataonline.com.br\\\/carreta-sem-freios-atinge-dezenas-de-veiculos-no-parana-video\\\/#local-main-place-address\"},\"geo\":{\"@type\":\"GeoCoordinates\",\"latitude\":\"-24.5361401\",\"longitude\":\"-52.9921776\"},\"telephone\":[\"+5544998308235\"],\"contactPoint\":{\"@type\":\"ContactPoint\",\"email\":\"contato@ubirataonline.com.br\"},\"openingHoursSpecification\":{\"@type\":\"OpeningHoursSpecification\",\"dayOfWeek\":[\"Monday\",\"Tuesday\",\"Wednesday\",\"Thursday\",\"Friday\",\"Saturday\",\"Sunday\"],\"opens\":\"00:00\",\"closes\":\"23:59\"},\"email\":\"contato@ubirataonline.com.br\",\"vatID\":\"47.621.418\\\/0001-80\"},{\"@type\":\"Person\",\"@id\":\"https:\\\/\\\/ubirataonline.com.br\\\/#\\\/schema\\\/person\\\/09f7a474bd1834b50dea8d1c197e976f\",\"name\":\"Vampeta\",\"sameAs\":[\"https:\\\/\\\/ubirataonline.com.br\"],\"url\":\"https:\\\/\\\/ubirataonline.com.br\\\/en\\\/author\\\/vampeta\\\/\"},{\"@type\":\"PostalAddress\",\"@id\":\"https:\\\/\\\/ubirataonline.com.br\\\/carreta-sem-freios-atinge-dezenas-de-veiculos-no-parana-video\\\/#local-main-place-address\",\"streetAddress\":\"Rua dos Coqueiros, 104 - Bairro Boa Vista, Rua dos Coqueiros, 104 Bairro Boa Vista\",\"addressLocality\":\"UBIRATA\",\"postalCode\":\"85440-000\",\"addressRegion\":\"PR\",\"addressCountry\":\"BR\"},{\"@type\":\"ImageObject\",\"inLanguage\":\"en-US\",\"@id\":\"https:\\\/\\\/ubirataonline.com.br\\\/carreta-sem-freios-atinge-dezenas-de-veiculos-no-parana-video\\\/#local-main-organization-logo\",\"url\":\"https:\\\/\\\/ubirataonline.com.br\\\/wp-content\\\/uploads\\\/2026\\\/06\\\/logoubirataonline-1.webp\",\"contentUrl\":\"https:\\\/\\\/ubirataonline.com.br\\\/wp-content\\\/uploads\\\/2026\\\/06\\\/logoubirataonline-1.webp\",\"width\":500,\"height\":500,\"caption\":\"Ubirat\u00e3 Online Not\u00edcias\"}]}<\/script>\n<meta name=\"geo.placename\" content=\"UBIRATA\" \/>\n<meta name=\"geo.position\" content=\"-24.5361401;-52.9921776\" \/>\n<meta name=\"geo.region\" content=\"Brazil\" \/>\n<!-- \/ Yoast SEO Premium plugin. -->","yoast_head_json":{"title":"Carreta sem freios atinge dezenas de ve\u00edculos no Paran\u00e1; v\u00eddeo - Ubirat\u00e3 Online Not\u00edcias - A realidade ao seu alcance!","description":"CLIQUE AQUI E RECEBA NOT\u00cdCIAS DO UBIRAT\u00c3 ONLINE EM SEU WHATSAPP Uma carreta sem freios, carregada com 37 toneladas de soja se envolveu em um grave","robots":{"index":"index","follow":"follow","max-snippet":"max-snippet:-1","max-image-preview":"max-image-preview:large","max-video-preview":"max-video-preview:-1"},"canonical":"https:\/\/ubirataonline.com.br\/en\/carreta-sem-freios-atinge-dezenas-de-veiculos-no-parana-video\/","og_locale":"en_US","og_type":"article","og_title":"Carreta sem freios atinge dezenas de ve\u00edculos no Paran\u00e1; v\u00eddeo","og_description":"CLIQUE AQUI E RECEBA NOT\u00cdCIAS DO UBIRAT\u00c3 ONLINE EM SEU WHATSAPP Uma carreta sem freios, carregada com 37 toneladas de soja se envolveu em um grave","og_url":"https:\/\/ubirataonline.com.br\/en\/carreta-sem-freios-atinge-dezenas-de-veiculos-no-parana-video\/","og_site_name":"Ubirat\u00e3 Online Not\u00edcias - A realidade ao seu alcance!","article_publisher":"https:\/\/www.facebook.com\/portalubirataonline","article_published_time":"2023-08-25T13:11:01+00:00","article_modified_time":"2023-08-25T13:11:02+00:00","og_image":[{"width":798,"height":490,"url":"https:\/\/ubirataonline.com.br\/wp-content\/uploads\/2023\/08\/Sem-titulo-14.png","type":"image\/png"}],"author":"Vampeta","twitter_card":"summary_large_image","twitter_creator":"@ubirataonline","twitter_site":"@ubirataonline","twitter_misc":{"Written by":"Vampeta","Est. reading time":"1 minute"},"schema":{"@context":"https:\/\/schema.org","@graph":[{"@type":"NewsArticle","@id":"https:\/\/ubirataonline.com.br\/carreta-sem-freios-atinge-dezenas-de-veiculos-no-parana-video\/#article","isPartOf":{"@id":"https:\/\/ubirataonline.com.br\/carreta-sem-freios-atinge-dezenas-de-veiculos-no-parana-video\/"},"author":{"name":"Vampeta","@id":"https:\/\/ubirataonline.com.br\/#\/schema\/person\/09f7a474bd1834b50dea8d1c197e976f"},"headline":"Carreta sem freios atinge dezenas de ve\u00edculos no Paran\u00e1; v\u00eddeo","datePublished":"2023-08-25T13:11:01+00:00","dateModified":"2023-08-25T13:11:02+00:00","mainEntityOfPage":{"@id":"https:\/\/ubirataonline.com.br\/carreta-sem-freios-atinge-dezenas-de-veiculos-no-parana-video\/"},"wordCount":261,"publisher":{"@id":"https:\/\/ubirataonline.com.br\/#organization"},"image":{"@id":"https:\/\/ubirataonline.com.br\/carreta-sem-freios-atinge-dezenas-de-veiculos-no-parana-video\/#primaryimage"},"thumbnailUrl":"https:\/\/ubirataonline.com.br\/wp-content\/uploads\/2023\/08\/Sem-titulo-14.png","articleSection":["Acidentes"],"inLanguage":"en-US","copyrightYear":"2023","copyrightHolder":{"@id":"https:\/\/ubirataonline.com.br\/en\/#organization"}},{"@type":"WebPage","@id":"https:\/\/ubirataonline.com.br\/carreta-sem-freios-atinge-dezenas-de-veiculos-no-parana-video\/","url":"https:\/\/ubirataonline.com.br\/carreta-sem-freios-atinge-dezenas-de-veiculos-no-parana-video\/","name":"Carreta sem freios atinge dezenas de ve\u00edculos no Paran\u00e1; v\u00eddeo - Ubirat\u00e3 Online Not\u00edcias - A realidade ao seu alcance!","isPartOf":{"@id":"https:\/\/ubirataonline.com.br\/#website"},"primaryImageOfPage":{"@id":"https:\/\/ubirataonline.com.br\/carreta-sem-freios-atinge-dezenas-de-veiculos-no-parana-video\/#primaryimage"},"image":{"@id":"https:\/\/ubirataonline.com.br\/carreta-sem-freios-atinge-dezenas-de-veiculos-no-parana-video\/#primaryimage"},"thumbnailUrl":"https:\/\/ubirataonline.com.br\/wp-content\/uploads\/2023\/08\/Sem-titulo-14.png","datePublished":"2023-08-25T13:11:01+00:00","dateModified":"2023-08-25T13:11:02+00:00","description":"CLIQUE AQUI E RECEBA NOT\u00cdCIAS DO UBIRAT\u00c3 ONLINE EM SEU WHATSAPP Uma carreta sem freios, carregada com 37 toneladas de soja se envolveu em um grave","breadcrumb":{"@id":"https:\/\/ubirataonline.com.br\/carreta-sem-freios-atinge-dezenas-de-veiculos-no-parana-video\/#breadcrumb"},"inLanguage":"en-US","potentialAction":[{"@type":"ReadAction","target":["https:\/\/ubirataonline.com.br\/carreta-sem-freios-atinge-dezenas-de-veiculos-no-parana-video\/"]}]},{"@type":"ImageObject","inLanguage":"en-US","@id":"https:\/\/ubirataonline.com.br\/carreta-sem-freios-atinge-dezenas-de-veiculos-no-parana-video\/#primaryimage","url":"https:\/\/ubirataonline.com.br\/wp-content\/uploads\/2023\/08\/Sem-titulo-14.png","contentUrl":"https:\/\/ubirataonline.com.br\/wp-content\/uploads\/2023\/08\/Sem-titulo-14.png","width":798,"height":490},{"@type":"BreadcrumbList","@id":"https:\/\/ubirataonline.com.br\/carreta-sem-freios-atinge-dezenas-de-veiculos-no-parana-video\/#breadcrumb","itemListElement":[{"@type":"ListItem","position":1,"name":"In\u00edcio","item":"https:\/\/ubirataonline.com.br\/"},{"@type":"ListItem","position":2,"name":"Carreta sem freios atinge dezenas de ve\u00edculos no Paran\u00e1; v\u00eddeo"}]},{"@type":"WebSite","@id":"https:\/\/ubirataonline.com.br\/#website","url":"https:\/\/ubirataonline.com.br\/","name":"Ubirat\u00e3 Online Not\u00edcias","description":"Not\u00edcias de Ubirat\u00e3, regi\u00e3o, Brasil e mundo, com informa\u00e7\u00e3o atualizada e compromisso com o leitor.","publisher":{"@id":"https:\/\/ubirataonline.com.br\/#organization"},"alternateName":"Ubirat\u00e3 Online","potentialAction":[{"@type":"SearchAction","target":{"@type":"EntryPoint","urlTemplate":"https:\/\/ubirataonline.com.br\/?s={search_term_string}"},"query-input":{"@type":"PropertyValueSpecification","valueRequired":true,"valueName":"search_term_string"}}],"inLanguage":"en-US"},{"@type":["Organization","Place"],"@id":"https:\/\/ubirataonline.com.br\/#organization","name":"Ubirat\u00e3 Online Not\u00edcias","alternateName":"Ubirat\u00e3 Online","url":"https:\/\/ubirataonline.com.br\/","logo":{"@id":"https:\/\/ubirataonline.com.br\/carreta-sem-freios-atinge-dezenas-de-veiculos-no-parana-video\/#local-main-organization-logo"},"image":{"@id":"https:\/\/ubirataonline.com.br\/carreta-sem-freios-atinge-dezenas-de-veiculos-no-parana-video\/#local-main-organization-logo"},"sameAs":["https:\/\/www.facebook.com\/portalubirataonline","https:\/\/x.com\/ubirataonline","https:\/\/mastodon.social\/@ubirataonline","https:\/\/www.facebook.com\/groups\/311144672285604","https:\/\/www.facebook.com\/UBTAOnline","https:\/\/www.instagram.com\/portalubirataonline\/","https:\/\/twitter.com\/ubirataonline"],"description":"Somos um portal de not\u00edcias independente, criado em 5 de janeiro de 2009, com o objetivo de informar, conectar e valorizar a nossa comunidade de Ubirat\u00e3 e toda aregi\u00e3o. Com conte\u00fado atualizado, confi\u00e1vel e relevante, o Ubirat\u00e3 Online \u00e9 o seu espa\u00e7o para ficar por dentro dos principais acontecimentos locais, regionais, Brasil, Mundo e de interesse geral. Nosso compromisso \u00e9 com a verdade, a transpar\u00eancia e o respeito ao leitor.","legalName":"UBIRATA ONLINE NOT\u00cdCIAS","foundingDate":"2009-01-05","numberOfEmployees":{"@type":"QuantitativeValue","minValue":"1","maxValue":"10"},"publishingPrinciples":"https:\/\/ubirataonline.com.br\/faq\/","address":{"@id":"https:\/\/ubirataonline.com.br\/carreta-sem-freios-atinge-dezenas-de-veiculos-no-parana-video\/#local-main-place-address"},"geo":{"@type":"GeoCoordinates","latitude":"-24.5361401","longitude":"-52.9921776"},"telephone":["+5544998308235"],"contactPoint":{"@type":"ContactPoint","email":"contato@ubirataonline.com.br"},"openingHoursSpecification":{"@type":"OpeningHoursSpecification","dayOfWeek":["Monday","Tuesday","Wednesday","Thursday","Friday","Saturday","Sunday"],"opens":"00:00","closes":"23:59"},"email":"contato@ubirataonline.com.br","vatID":"47.621.418\/0001-80"},{"@type":"Person","@id":"https:\/\/ubirataonline.com.br\/#\/schema\/person\/09f7a474bd1834b50dea8d1c197e976f","name":"Vampeta","sameAs":["https:\/\/ubirataonline.com.br"],"url":"https:\/\/ubirataonline.com.br\/en\/author\/vampeta\/"},{"@type":"PostalAddress","@id":"https:\/\/ubirataonline.com.br\/carreta-sem-freios-atinge-dezenas-de-veiculos-no-parana-video\/#local-main-place-address","streetAddress":"Rua dos Coqueiros, 104 - Bairro Boa Vista, Rua dos Coqueiros, 104 Bairro Boa Vista","addressLocality":"UBIRATA","postalCode":"85440-000","addressRegion":"PR","addressCountry":"BR"},{"@type":"ImageObject","inLanguage":"en-US","@id":"https:\/\/ubirataonline.com.br\/carreta-sem-freios-atinge-dezenas-de-veiculos-no-parana-video\/#local-main-organization-logo","url":"https:\/\/ubirataonline.com.br\/wp-content\/uploads\/2026\/06\/logoubirataonline-1.webp","contentUrl":"https:\/\/ubirataonline.com.br\/wp-content\/uploads\/2026\/06\/logoubirataonline-1.webp","width":500,"height":500,"caption":"Ubirat\u00e3 Online Not\u00edcias"}]},"geo.placename":"UBIRATA","geo.position":{"lat":"-24.5361401","long":"-52.9921776"},"geo.region":"Brazil"},"_links":{"self":[{"href":"https:\/\/ubirataonline.com.br\/en\/wp-json\/wp\/v2\/posts\/51809","targetHints":{"allow":["GET"]}}],"collection":[{"href":"https:\/\/ubirataonline.com.br\/en\/wp-json\/wp\/v2\/posts"}],"about":[{"href":"https:\/\/ubirataonline.com.br\/en\/wp-json\/wp\/v2\/types\/post"}],"author":[{"embeddable":true,"href":"https:\/\/ubirataonline.com.br\/en\/wp-json\/wp\/v2\/users\/2"}],"replies":[{"embeddable":true,"href":"https:\/\/ubirataonline.com.br\/en\/wp-json\/wp\/v2\/comments?post=51809"}],"version-history":[{"count":0,"href":"https:\/\/ubirataonline.com.br\/en\/wp-json\/wp\/v2\/posts\/51809\/revisions"}],"wp:featuredmedia":[{"embeddable":true,"href":"https:\/\/ubirataonline.com.br\/en\/wp-json\/wp\/v2\/media\/51812"}],"wp:attachment":[{"href":"https:\/\/ubirataonline.com.br\/en\/wp-json\/wp\/v2\/media?parent=51809"}],"wp:term":[{"taxonomy":"category","embeddable":true,"href":"https:\/\/ubirataonline.com.br\/en\/wp-json\/wp\/v2\/categories?post=51809"},{"taxonomy":"post_tag","embeddable":true,"href":"https:\/\/ubirataonline.com.br\/en\/wp-json\/wp\/v2\/tags?post=51809"}],"curies":[{"name":"wp","href":"https:\/\/api.w.org\/{rel}","templated":true}]}}