{"id":52674,"date":"2023-10-03T20:53:40","date_gmt":"2023-10-03T23:53:40","guid":{"rendered":"https:\/\/ubirataonline.com.br\/?p=52674"},"modified":"2023-10-03T20:53:41","modified_gmt":"2023-10-03T23:53:41","slug":"ubiratanenses-sao-destaque-na-18a-fermop","status":"publish","type":"post","link":"https:\/\/ubirataonline.com.br\/en\/ubiratanenses-sao-destaque-na-18a-fermop\/","title":{"rendered":"Ubiratanenses s\u00e3o destaque na 18\u00aa FERMOP"},"content":{"rendered":"<p class=\"wp-block-paragraph\"><strong><a href=\"https:\/\/www.instagram.com\/ubirataonline_\/\">CLIQUE AQUI: SIGA O PORTAL UBIRAT\u00c3 ONLINE NO INSTAGRAM E FIQUE BEM INFORMADO<\/a><\/strong><\/p>\n\n\n\n<p class=\"wp-block-paragraph\"><div class=\"x11i5rnm xat24cr x1mh8g0r x1vvkbs xtlvy1s x126k92a\" style=\"margin: 0.5em 0px 0px; overflow-wrap: break-word; font-family: &quot;Segoe UI Historic&quot;, &quot;Segoe UI&quot;, Helvetica, Arial, sans-serif; color: rgb(5, 5, 5); font-size: 15px;\"><div dir=\"auto\" style=\"font-family: inherit;\">A 18\u00aa edi\u00e7\u00e3o da FERMOP (Festival Regional dos Munic\u00edpios do Oeste do Paran\u00e1) chegou ao seu auge em uma noite repleta de m\u00fasica e emo\u00e7\u00e3o. O evento, que celebra e promove o talento musical dos munic\u00edpios, trouxe \u00e0 luz alguns dos artistas mais promissores da regi\u00e3o.<\/div><\/div><div class=\"x11i5rnm xat24cr x1mh8g0r x1vvkbs xtlvy1s x126k92a\" style=\"margin: 0.5em 0px 0px; overflow-wrap: break-word; font-family: &quot;Segoe UI Historic&quot;, &quot;Segoe UI&quot;, Helvetica, Arial, sans-serif; color: rgb(5, 5, 5); font-size: 15px;\"><div dir=\"auto\" style=\"font-family: inherit;\">O palco da 18\u00aa FERMOP se tornou um campo de batalha musical, onde os artistas demonstraram seu talento e paix\u00e3o pela m\u00fasica. Entre os finalistas, alguns artistas se <span style=\"font-family: inherit;\"><a tabindex=\"-1\" style=\"color: rgb(56, 88, 152); cursor: pointer; font-family: inherit;\"><\/a><\/span>destacaram especialmente pela qualidade de suas apresenta\u00e7\u00f5es. Uns dos grandes destaques da noite foram a dupla Ubiratanense Kleber e Adilson, que conquistaram o 1\u00ba lugar na categoria Sertaneja. A habilidade vocal e carisma no palco encantaram o p\u00fablico e os jurados, tornando-os merecedores do pr\u00eamio. <\/div><\/div><div class=\"x11i5rnm xat24cr x1mh8g0r x1vvkbs xtlvy1s x126k92a\" style=\"margin: 0.5em 0px 0px; overflow-wrap: break-word; font-family: &quot;Segoe UI Historic&quot;, &quot;Segoe UI&quot;, Helvetica, Arial, sans-serif; color: rgb(5, 5, 5); font-size: 15px;\"><div dir=\"auto\" style=\"font-family: inherit;\">Al\u00e9m deles, Mallu Cavalcanti, tamb\u00e9m abrilhantou o Festival, com uma incr\u00edvel apresenta\u00e7\u00e3o que culminou na conquista do 2\u00ba lugar na categoria Popular.<\/div><\/div><\/p>\n\n\n\n<p class=\"wp-block-paragraph\"><div class=\"x11i5rnm xat24cr x1mh8g0r x1vvkbs xtlvy1s x126k92a\" style=\"margin: 0.5em 0px 0px; overflow-wrap: break-word; font-family: &quot;Segoe UI Historic&quot;, &quot;Segoe UI&quot;, Helvetica, Arial, sans-serif; color: rgb(5, 5, 5); font-size: 15px;\"><div dir=\"auto\" style=\"font-family: inherit;\"><\/div><\/div><\/p>\n\n\n\n<figure class=\"wp-block-image size-full\"><img loading=\"lazy\" decoding=\"async\" width=\"500\" height=\"375\" src=\"https:\/\/ubirataonline.com.br\/wp-content\/uploads\/2023\/10\/384758579_715643157272967_4597613199378631151_n.jpg?v=1696377092\" alt=\"\" class=\"wp-image-52676\" srcset=\"https:\/\/ubirataonline.com.br\/wp-content\/uploads\/2023\/10\/384758579_715643157272967_4597613199378631151_n.jpg 500w, https:\/\/ubirataonline.com.br\/wp-content\/uploads\/2023\/10\/384758579_715643157272967_4597613199378631151_n-240x180.jpg 240w\" sizes=\"auto, (max-width: 500px) 100vw, 500px\" \/><\/figure>\n\n\n\n<p class=\"wp-block-paragraph\">.<\/p>\n\n\n\n<figure class=\"wp-block-image size-full is-resized\"><img loading=\"lazy\" decoding=\"async\" width=\"684\" height=\"452\" src=\"https:\/\/ubirataonline.com.br\/wp-content\/uploads\/2023\/10\/385863747_715643180606298_8504389590156328900_n.jpg?v=1696377172\" alt=\"\" class=\"wp-image-52677\" style=\"width:498px;height:auto\" srcset=\"https:\/\/ubirataonline.com.br\/wp-content\/uploads\/2023\/10\/385863747_715643180606298_8504389590156328900_n.jpg 684w, https:\/\/ubirataonline.com.br\/wp-content\/uploads\/2023\/10\/385863747_715643180606298_8504389590156328900_n-272x180.jpg 272w\" sizes=\"auto, (max-width: 684px) 100vw, 684px\" \/><\/figure>","protected":false},"excerpt":{"rendered":"<p>CLIQUE AQUI: SIGA O PORTAL UBIRAT\u00c3 ONLINE NO INSTAGRAM E FIQUE BEM INFORMADO A 18\u00aa edi\u00e7\u00e3o da FERMOP (Festival Regional dos Munic\u00edpios do Oeste do Paran\u00e1) chegou ao seu auge em uma noite repleta de m\u00fasica e emo\u00e7\u00e3o. O evento, que celebra e promove o talento musical dos munic\u00edpios, trouxe \u00e0 luz alguns dos artistas [&hellip;]<\/p>\n","protected":false},"author":2,"featured_media":52678,"comment_status":"closed","ping_status":"closed","sticky":false,"template":"","format":"standard","meta":{"googlesitekit_rrm_CAow2JLhCw:productID":"","_gspb_post_css":"","maa_idioma":"","maa_pais":"","footnotes":""},"categories":[1],"tags":[],"class_list":["post-52674","post","type-post","status-publish","format-standard","has-post-thumbnail","hentry","category-ubirata"],"blocksy_meta":[],"yoast_head":"<!-- This site is optimized with the Yoast SEO Premium plugin v27.6 (Yoast SEO v27.6) - https:\/\/yoast.com\/product\/yoast-seo-premium-wordpress\/ -->\n<title>Ubiratanenses s\u00e3o destaque na 18\u00aa FERMOP - Ubirat\u00e3 Online Not\u00edcias - A realidade ao seu alcance!<\/title>\n<meta name=\"description\" content=\"CLIQUE AQUI: SIGA O PORTAL UBIRAT\u00c3 ONLINE NO INSTAGRAM E FIQUE BEM INFORMADO A 18\u00aa edi\u00e7\u00e3o da FERMOP (Festival Regional dos Munic\u00edpios do Oeste do Paran\u00e1)\" \/>\n<meta name=\"robots\" content=\"index, follow, max-snippet:-1, max-image-preview:large, max-video-preview:-1\" \/>\n<link rel=\"canonical\" href=\"https:\/\/ubirataonline.com.br\/en\/ubiratanenses-sao-destaque-na-18a-fermop\/\" \/>\n<meta property=\"og:locale\" content=\"en_US\" \/>\n<meta property=\"og:type\" content=\"article\" \/>\n<meta property=\"og:title\" content=\"Ubiratanenses s\u00e3o destaque na 18\u00aa FERMOP\" \/>\n<meta property=\"og:description\" content=\"CLIQUE AQUI: SIGA O PORTAL UBIRAT\u00c3 ONLINE NO INSTAGRAM E FIQUE BEM INFORMADO A 18\u00aa edi\u00e7\u00e3o da FERMOP (Festival Regional dos Munic\u00edpios do Oeste do Paran\u00e1)\" \/>\n<meta property=\"og:url\" content=\"https:\/\/ubirataonline.com.br\/en\/ubiratanenses-sao-destaque-na-18a-fermop\/\" \/>\n<meta property=\"og:site_name\" content=\"Ubirat\u00e3 Online Not\u00edcias - A realidade ao seu alcance!\" \/>\n<meta property=\"article:publisher\" content=\"https:\/\/www.facebook.com\/portalubirataonline\" \/>\n<meta property=\"article:published_time\" content=\"2023-10-03T23:53:40+00:00\" \/>\n<meta property=\"article:modified_time\" content=\"2023-10-03T23:53:41+00:00\" \/>\n<meta property=\"og:image\" content=\"https:\/\/ubirataonline.com.br\/wp-content\/uploads\/2023\/10\/384766707_715643183939631_3189166104009239226_n.jpg\" \/>\n\t<meta property=\"og:image:width\" content=\"713\" \/>\n\t<meta property=\"og:image:height\" content=\"532\" \/>\n\t<meta property=\"og:image:type\" content=\"image\/jpeg\" \/>\n<meta name=\"author\" content=\"Vampeta\" \/>\n<meta name=\"twitter:card\" content=\"summary_large_image\" \/>\n<meta name=\"twitter:creator\" content=\"@ubirataonline\" \/>\n<meta name=\"twitter:site\" content=\"@ubirataonline\" \/>\n<meta name=\"twitter:label1\" content=\"Written by\" \/>\n\t<meta name=\"twitter:data1\" content=\"Vampeta\" \/>\n\t<meta name=\"twitter:label2\" content=\"Est. reading time\" \/>\n\t<meta name=\"twitter:data2\" content=\"1 minute\" \/>\n<script type=\"application\/ld+json\" class=\"yoast-schema-graph\">{\"@context\":\"https:\\\/\\\/schema.org\",\"@graph\":[{\"@type\":\"NewsArticle\",\"@id\":\"https:\\\/\\\/ubirataonline.com.br\\\/ubiratanenses-sao-destaque-na-18a-fermop\\\/#article\",\"isPartOf\":{\"@id\":\"https:\\\/\\\/ubirataonline.com.br\\\/ubiratanenses-sao-destaque-na-18a-fermop\\\/\"},\"author\":{\"name\":\"Vampeta\",\"@id\":\"https:\\\/\\\/ubirataonline.com.br\\\/#\\\/schema\\\/person\\\/09f7a474bd1834b50dea8d1c197e976f\"},\"headline\":\"Ubiratanenses s\u00e3o destaque na 18\u00aa FERMOP\",\"datePublished\":\"2023-10-03T23:53:40+00:00\",\"dateModified\":\"2023-10-03T23:53:41+00:00\",\"mainEntityOfPage\":{\"@id\":\"https:\\\/\\\/ubirataonline.com.br\\\/ubiratanenses-sao-destaque-na-18a-fermop\\\/\"},\"wordCount\":170,\"publisher\":{\"@id\":\"https:\\\/\\\/ubirataonline.com.br\\\/#organization\"},\"image\":{\"@id\":\"https:\\\/\\\/ubirataonline.com.br\\\/ubiratanenses-sao-destaque-na-18a-fermop\\\/#primaryimage\"},\"thumbnailUrl\":\"https:\\\/\\\/ubirataonline.com.br\\\/wp-content\\\/uploads\\\/2023\\\/10\\\/384766707_715643183939631_3189166104009239226_n.jpg\",\"articleSection\":[\"Ubirat\u00e3\"],\"inLanguage\":\"en-US\",\"copyrightYear\":\"2023\",\"copyrightHolder\":{\"@id\":\"https:\\\/\\\/ubirataonline.com.br\\\/en\\\/#organization\"}},{\"@type\":\"WebPage\",\"@id\":\"https:\\\/\\\/ubirataonline.com.br\\\/ubiratanenses-sao-destaque-na-18a-fermop\\\/\",\"url\":\"https:\\\/\\\/ubirataonline.com.br\\\/ubiratanenses-sao-destaque-na-18a-fermop\\\/\",\"name\":\"Ubiratanenses s\u00e3o destaque na 18\u00aa FERMOP - Ubirat\u00e3 Online Not\u00edcias - A realidade ao seu alcance!\",\"isPartOf\":{\"@id\":\"https:\\\/\\\/ubirataonline.com.br\\\/#website\"},\"primaryImageOfPage\":{\"@id\":\"https:\\\/\\\/ubirataonline.com.br\\\/ubiratanenses-sao-destaque-na-18a-fermop\\\/#primaryimage\"},\"image\":{\"@id\":\"https:\\\/\\\/ubirataonline.com.br\\\/ubiratanenses-sao-destaque-na-18a-fermop\\\/#primaryimage\"},\"thumbnailUrl\":\"https:\\\/\\\/ubirataonline.com.br\\\/wp-content\\\/uploads\\\/2023\\\/10\\\/384766707_715643183939631_3189166104009239226_n.jpg\",\"datePublished\":\"2023-10-03T23:53:40+00:00\",\"dateModified\":\"2023-10-03T23:53:41+00:00\",\"description\":\"CLIQUE AQUI: SIGA O PORTAL UBIRAT\u00c3 ONLINE NO INSTAGRAM E FIQUE BEM INFORMADO A 18\u00aa edi\u00e7\u00e3o da FERMOP (Festival Regional dos Munic\u00edpios do Oeste do Paran\u00e1)\",\"breadcrumb\":{\"@id\":\"https:\\\/\\\/ubirataonline.com.br\\\/ubiratanenses-sao-destaque-na-18a-fermop\\\/#breadcrumb\"},\"inLanguage\":\"en-US\",\"potentialAction\":[{\"@type\":\"ReadAction\",\"target\":[\"https:\\\/\\\/ubirataonline.com.br\\\/ubiratanenses-sao-destaque-na-18a-fermop\\\/\"]}]},{\"@type\":\"ImageObject\",\"inLanguage\":\"en-US\",\"@id\":\"https:\\\/\\\/ubirataonline.com.br\\\/ubiratanenses-sao-destaque-na-18a-fermop\\\/#primaryimage\",\"url\":\"https:\\\/\\\/ubirataonline.com.br\\\/wp-content\\\/uploads\\\/2023\\\/10\\\/384766707_715643183939631_3189166104009239226_n.jpg\",\"contentUrl\":\"https:\\\/\\\/ubirataonline.com.br\\\/wp-content\\\/uploads\\\/2023\\\/10\\\/384766707_715643183939631_3189166104009239226_n.jpg\",\"width\":713,\"height\":532},{\"@type\":\"BreadcrumbList\",\"@id\":\"https:\\\/\\\/ubirataonline.com.br\\\/ubiratanenses-sao-destaque-na-18a-fermop\\\/#breadcrumb\",\"itemListElement\":[{\"@type\":\"ListItem\",\"position\":1,\"name\":\"In\u00edcio\",\"item\":\"https:\\\/\\\/ubirataonline.com.br\\\/\"},{\"@type\":\"ListItem\",\"position\":2,\"name\":\"Ubiratanenses s\u00e3o destaque na 18\u00aa FERMOP\"}]},{\"@type\":\"WebSite\",\"@id\":\"https:\\\/\\\/ubirataonline.com.br\\\/#website\",\"url\":\"https:\\\/\\\/ubirataonline.com.br\\\/\",\"name\":\"Ubirat\u00e3 Online Not\u00edcias\",\"description\":\"Not\u00edcias de Ubirat\u00e3, regi\u00e3o, Brasil e mundo, com informa\u00e7\u00e3o atualizada e compromisso com o leitor.\",\"publisher\":{\"@id\":\"https:\\\/\\\/ubirataonline.com.br\\\/#organization\"},\"alternateName\":\"Ubirat\u00e3 Online\",\"potentialAction\":[{\"@type\":\"SearchAction\",\"target\":{\"@type\":\"EntryPoint\",\"urlTemplate\":\"https:\\\/\\\/ubirataonline.com.br\\\/?s={search_term_string}\"},\"query-input\":{\"@type\":\"PropertyValueSpecification\",\"valueRequired\":true,\"valueName\":\"search_term_string\"}}],\"inLanguage\":\"en-US\"},{\"@type\":[\"Organization\",\"Place\"],\"@id\":\"https:\\\/\\\/ubirataonline.com.br\\\/#organization\",\"name\":\"Ubirat\u00e3 Online Not\u00edcias\",\"alternateName\":\"Ubirat\u00e3 Online\",\"url\":\"https:\\\/\\\/ubirataonline.com.br\\\/\",\"logo\":{\"@id\":\"https:\\\/\\\/ubirataonline.com.br\\\/ubiratanenses-sao-destaque-na-18a-fermop\\\/#local-main-organization-logo\"},\"image\":{\"@id\":\"https:\\\/\\\/ubirataonline.com.br\\\/ubiratanenses-sao-destaque-na-18a-fermop\\\/#local-main-organization-logo\"},\"sameAs\":[\"https:\\\/\\\/www.facebook.com\\\/portalubirataonline\",\"https:\\\/\\\/x.com\\\/ubirataonline\",\"https:\\\/\\\/mastodon.social\\\/@ubirataonline\",\"https:\\\/\\\/www.facebook.com\\\/groups\\\/311144672285604\",\"https:\\\/\\\/www.facebook.com\\\/UBTAOnline\",\"https:\\\/\\\/www.instagram.com\\\/portalubirataonline\\\/\",\"https:\\\/\\\/twitter.com\\\/ubirataonline\"],\"description\":\"Somos um portal de not\u00edcias independente, criado em 5 de janeiro de 2009, com o objetivo de informar, conectar e valorizar a nossa comunidade de Ubirat\u00e3 e toda aregi\u00e3o. Com conte\u00fado atualizado, confi\u00e1vel e relevante, o Ubirat\u00e3 Online \u00e9 o seu espa\u00e7o para ficar por dentro dos principais acontecimentos locais, regionais, Brasil, Mundo e de interesse geral. Nosso compromisso \u00e9 com a verdade, a transpar\u00eancia e o respeito ao leitor.\",\"legalName\":\"UBIRATA ONLINE NOT\u00cdCIAS\",\"foundingDate\":\"2009-01-05\",\"numberOfEmployees\":{\"@type\":\"QuantitativeValue\",\"minValue\":\"1\",\"maxValue\":\"10\"},\"publishingPrinciples\":\"https:\\\/\\\/ubirataonline.com.br\\\/faq\\\/\",\"address\":{\"@id\":\"https:\\\/\\\/ubirataonline.com.br\\\/ubiratanenses-sao-destaque-na-18a-fermop\\\/#local-main-place-address\"},\"geo\":{\"@type\":\"GeoCoordinates\",\"latitude\":\"-24.5361401\",\"longitude\":\"-52.9921776\"},\"telephone\":[\"+5544998308235\"],\"contactPoint\":{\"@type\":\"ContactPoint\",\"email\":\"contato@ubirataonline.com.br\"},\"openingHoursSpecification\":{\"@type\":\"OpeningHoursSpecification\",\"dayOfWeek\":[\"Monday\",\"Tuesday\",\"Wednesday\",\"Thursday\",\"Friday\",\"Saturday\",\"Sunday\"],\"opens\":\"00:00\",\"closes\":\"23:59\"},\"email\":\"contato@ubirataonline.com.br\",\"vatID\":\"47.621.418\\\/0001-80\"},{\"@type\":\"Person\",\"@id\":\"https:\\\/\\\/ubirataonline.com.br\\\/#\\\/schema\\\/person\\\/09f7a474bd1834b50dea8d1c197e976f\",\"name\":\"Vampeta\",\"sameAs\":[\"https:\\\/\\\/ubirataonline.com.br\"],\"url\":\"https:\\\/\\\/ubirataonline.com.br\\\/en\\\/author\\\/vampeta\\\/\"},{\"@type\":\"PostalAddress\",\"@id\":\"https:\\\/\\\/ubirataonline.com.br\\\/ubiratanenses-sao-destaque-na-18a-fermop\\\/#local-main-place-address\",\"streetAddress\":\"Rua dos Coqueiros, 104 - Bairro Boa Vista, Rua dos Coqueiros, 104 Bairro Boa Vista\",\"addressLocality\":\"UBIRATA\",\"postalCode\":\"85440-000\",\"addressRegion\":\"PR\",\"addressCountry\":\"BR\"},{\"@type\":\"ImageObject\",\"inLanguage\":\"en-US\",\"@id\":\"https:\\\/\\\/ubirataonline.com.br\\\/ubiratanenses-sao-destaque-na-18a-fermop\\\/#local-main-organization-logo\",\"url\":\"https:\\\/\\\/ubirataonline.com.br\\\/wp-content\\\/uploads\\\/2026\\\/06\\\/logoubirataonline-1.webp\",\"contentUrl\":\"https:\\\/\\\/ubirataonline.com.br\\\/wp-content\\\/uploads\\\/2026\\\/06\\\/logoubirataonline-1.webp\",\"width\":500,\"height\":500,\"caption\":\"Ubirat\u00e3 Online Not\u00edcias\"}]}<\/script>\n<meta name=\"geo.placename\" content=\"UBIRATA\" \/>\n<meta name=\"geo.position\" content=\"-24.5361401;-52.9921776\" \/>\n<meta name=\"geo.region\" content=\"Brazil\" \/>\n<!-- \/ Yoast SEO Premium plugin. -->","yoast_head_json":{"title":"Ubiratanenses s\u00e3o destaque na 18\u00aa FERMOP - Ubirat\u00e3 Online Not\u00edcias - A realidade ao seu alcance!","description":"CLIQUE AQUI: SIGA O PORTAL UBIRAT\u00c3 ONLINE NO INSTAGRAM E FIQUE BEM INFORMADO A 18\u00aa edi\u00e7\u00e3o da FERMOP (Festival Regional dos Munic\u00edpios do Oeste do Paran\u00e1)","robots":{"index":"index","follow":"follow","max-snippet":"max-snippet:-1","max-image-preview":"max-image-preview:large","max-video-preview":"max-video-preview:-1"},"canonical":"https:\/\/ubirataonline.com.br\/en\/ubiratanenses-sao-destaque-na-18a-fermop\/","og_locale":"en_US","og_type":"article","og_title":"Ubiratanenses s\u00e3o destaque na 18\u00aa FERMOP","og_description":"CLIQUE AQUI: SIGA O PORTAL UBIRAT\u00c3 ONLINE NO INSTAGRAM E FIQUE BEM INFORMADO A 18\u00aa edi\u00e7\u00e3o da FERMOP (Festival Regional dos Munic\u00edpios do Oeste do Paran\u00e1)","og_url":"https:\/\/ubirataonline.com.br\/en\/ubiratanenses-sao-destaque-na-18a-fermop\/","og_site_name":"Ubirat\u00e3 Online Not\u00edcias - A realidade ao seu alcance!","article_publisher":"https:\/\/www.facebook.com\/portalubirataonline","article_published_time":"2023-10-03T23:53:40+00:00","article_modified_time":"2023-10-03T23:53:41+00:00","og_image":[{"width":713,"height":532,"url":"https:\/\/ubirataonline.com.br\/wp-content\/uploads\/2023\/10\/384766707_715643183939631_3189166104009239226_n.jpg","type":"image\/jpeg"}],"author":"Vampeta","twitter_card":"summary_large_image","twitter_creator":"@ubirataonline","twitter_site":"@ubirataonline","twitter_misc":{"Written by":"Vampeta","Est. reading time":"1 minute"},"schema":{"@context":"https:\/\/schema.org","@graph":[{"@type":"NewsArticle","@id":"https:\/\/ubirataonline.com.br\/ubiratanenses-sao-destaque-na-18a-fermop\/#article","isPartOf":{"@id":"https:\/\/ubirataonline.com.br\/ubiratanenses-sao-destaque-na-18a-fermop\/"},"author":{"name":"Vampeta","@id":"https:\/\/ubirataonline.com.br\/#\/schema\/person\/09f7a474bd1834b50dea8d1c197e976f"},"headline":"Ubiratanenses s\u00e3o destaque na 18\u00aa FERMOP","datePublished":"2023-10-03T23:53:40+00:00","dateModified":"2023-10-03T23:53:41+00:00","mainEntityOfPage":{"@id":"https:\/\/ubirataonline.com.br\/ubiratanenses-sao-destaque-na-18a-fermop\/"},"wordCount":170,"publisher":{"@id":"https:\/\/ubirataonline.com.br\/#organization"},"image":{"@id":"https:\/\/ubirataonline.com.br\/ubiratanenses-sao-destaque-na-18a-fermop\/#primaryimage"},"thumbnailUrl":"https:\/\/ubirataonline.com.br\/wp-content\/uploads\/2023\/10\/384766707_715643183939631_3189166104009239226_n.jpg","articleSection":["Ubirat\u00e3"],"inLanguage":"en-US","copyrightYear":"2023","copyrightHolder":{"@id":"https:\/\/ubirataonline.com.br\/en\/#organization"}},{"@type":"WebPage","@id":"https:\/\/ubirataonline.com.br\/ubiratanenses-sao-destaque-na-18a-fermop\/","url":"https:\/\/ubirataonline.com.br\/ubiratanenses-sao-destaque-na-18a-fermop\/","name":"Ubiratanenses s\u00e3o destaque na 18\u00aa FERMOP - Ubirat\u00e3 Online Not\u00edcias - A realidade ao seu alcance!","isPartOf":{"@id":"https:\/\/ubirataonline.com.br\/#website"},"primaryImageOfPage":{"@id":"https:\/\/ubirataonline.com.br\/ubiratanenses-sao-destaque-na-18a-fermop\/#primaryimage"},"image":{"@id":"https:\/\/ubirataonline.com.br\/ubiratanenses-sao-destaque-na-18a-fermop\/#primaryimage"},"thumbnailUrl":"https:\/\/ubirataonline.com.br\/wp-content\/uploads\/2023\/10\/384766707_715643183939631_3189166104009239226_n.jpg","datePublished":"2023-10-03T23:53:40+00:00","dateModified":"2023-10-03T23:53:41+00:00","description":"CLIQUE AQUI: SIGA O PORTAL UBIRAT\u00c3 ONLINE NO INSTAGRAM E FIQUE BEM INFORMADO A 18\u00aa edi\u00e7\u00e3o da FERMOP (Festival Regional dos Munic\u00edpios do Oeste do Paran\u00e1)","breadcrumb":{"@id":"https:\/\/ubirataonline.com.br\/ubiratanenses-sao-destaque-na-18a-fermop\/#breadcrumb"},"inLanguage":"en-US","potentialAction":[{"@type":"ReadAction","target":["https:\/\/ubirataonline.com.br\/ubiratanenses-sao-destaque-na-18a-fermop\/"]}]},{"@type":"ImageObject","inLanguage":"en-US","@id":"https:\/\/ubirataonline.com.br\/ubiratanenses-sao-destaque-na-18a-fermop\/#primaryimage","url":"https:\/\/ubirataonline.com.br\/wp-content\/uploads\/2023\/10\/384766707_715643183939631_3189166104009239226_n.jpg","contentUrl":"https:\/\/ubirataonline.com.br\/wp-content\/uploads\/2023\/10\/384766707_715643183939631_3189166104009239226_n.jpg","width":713,"height":532},{"@type":"BreadcrumbList","@id":"https:\/\/ubirataonline.com.br\/ubiratanenses-sao-destaque-na-18a-fermop\/#breadcrumb","itemListElement":[{"@type":"ListItem","position":1,"name":"In\u00edcio","item":"https:\/\/ubirataonline.com.br\/"},{"@type":"ListItem","position":2,"name":"Ubiratanenses s\u00e3o destaque na 18\u00aa FERMOP"}]},{"@type":"WebSite","@id":"https:\/\/ubirataonline.com.br\/#website","url":"https:\/\/ubirataonline.com.br\/","name":"Ubirat\u00e3 Online Not\u00edcias","description":"Not\u00edcias de Ubirat\u00e3, regi\u00e3o, Brasil e mundo, com informa\u00e7\u00e3o atualizada e compromisso com o leitor.","publisher":{"@id":"https:\/\/ubirataonline.com.br\/#organization"},"alternateName":"Ubirat\u00e3 Online","potentialAction":[{"@type":"SearchAction","target":{"@type":"EntryPoint","urlTemplate":"https:\/\/ubirataonline.com.br\/?s={search_term_string}"},"query-input":{"@type":"PropertyValueSpecification","valueRequired":true,"valueName":"search_term_string"}}],"inLanguage":"en-US"},{"@type":["Organization","Place"],"@id":"https:\/\/ubirataonline.com.br\/#organization","name":"Ubirat\u00e3 Online Not\u00edcias","alternateName":"Ubirat\u00e3 Online","url":"https:\/\/ubirataonline.com.br\/","logo":{"@id":"https:\/\/ubirataonline.com.br\/ubiratanenses-sao-destaque-na-18a-fermop\/#local-main-organization-logo"},"image":{"@id":"https:\/\/ubirataonline.com.br\/ubiratanenses-sao-destaque-na-18a-fermop\/#local-main-organization-logo"},"sameAs":["https:\/\/www.facebook.com\/portalubirataonline","https:\/\/x.com\/ubirataonline","https:\/\/mastodon.social\/@ubirataonline","https:\/\/www.facebook.com\/groups\/311144672285604","https:\/\/www.facebook.com\/UBTAOnline","https:\/\/www.instagram.com\/portalubirataonline\/","https:\/\/twitter.com\/ubirataonline"],"description":"Somos um portal de not\u00edcias independente, criado em 5 de janeiro de 2009, com o objetivo de informar, conectar e valorizar a nossa comunidade de Ubirat\u00e3 e toda aregi\u00e3o. Com conte\u00fado atualizado, confi\u00e1vel e relevante, o Ubirat\u00e3 Online \u00e9 o seu espa\u00e7o para ficar por dentro dos principais acontecimentos locais, regionais, Brasil, Mundo e de interesse geral. Nosso compromisso \u00e9 com a verdade, a transpar\u00eancia e o respeito ao leitor.","legalName":"UBIRATA ONLINE NOT\u00cdCIAS","foundingDate":"2009-01-05","numberOfEmployees":{"@type":"QuantitativeValue","minValue":"1","maxValue":"10"},"publishingPrinciples":"https:\/\/ubirataonline.com.br\/faq\/","address":{"@id":"https:\/\/ubirataonline.com.br\/ubiratanenses-sao-destaque-na-18a-fermop\/#local-main-place-address"},"geo":{"@type":"GeoCoordinates","latitude":"-24.5361401","longitude":"-52.9921776"},"telephone":["+5544998308235"],"contactPoint":{"@type":"ContactPoint","email":"contato@ubirataonline.com.br"},"openingHoursSpecification":{"@type":"OpeningHoursSpecification","dayOfWeek":["Monday","Tuesday","Wednesday","Thursday","Friday","Saturday","Sunday"],"opens":"00:00","closes":"23:59"},"email":"contato@ubirataonline.com.br","vatID":"47.621.418\/0001-80"},{"@type":"Person","@id":"https:\/\/ubirataonline.com.br\/#\/schema\/person\/09f7a474bd1834b50dea8d1c197e976f","name":"Vampeta","sameAs":["https:\/\/ubirataonline.com.br"],"url":"https:\/\/ubirataonline.com.br\/en\/author\/vampeta\/"},{"@type":"PostalAddress","@id":"https:\/\/ubirataonline.com.br\/ubiratanenses-sao-destaque-na-18a-fermop\/#local-main-place-address","streetAddress":"Rua dos Coqueiros, 104 - Bairro Boa Vista, Rua dos Coqueiros, 104 Bairro Boa Vista","addressLocality":"UBIRATA","postalCode":"85440-000","addressRegion":"PR","addressCountry":"BR"},{"@type":"ImageObject","inLanguage":"en-US","@id":"https:\/\/ubirataonline.com.br\/ubiratanenses-sao-destaque-na-18a-fermop\/#local-main-organization-logo","url":"https:\/\/ubirataonline.com.br\/wp-content\/uploads\/2026\/06\/logoubirataonline-1.webp","contentUrl":"https:\/\/ubirataonline.com.br\/wp-content\/uploads\/2026\/06\/logoubirataonline-1.webp","width":500,"height":500,"caption":"Ubirat\u00e3 Online Not\u00edcias"}]},"geo.placename":"UBIRATA","geo.position":{"lat":"-24.5361401","long":"-52.9921776"},"geo.region":"Brazil"},"_links":{"self":[{"href":"https:\/\/ubirataonline.com.br\/en\/wp-json\/wp\/v2\/posts\/52674","targetHints":{"allow":["GET"]}}],"collection":[{"href":"https:\/\/ubirataonline.com.br\/en\/wp-json\/wp\/v2\/posts"}],"about":[{"href":"https:\/\/ubirataonline.com.br\/en\/wp-json\/wp\/v2\/types\/post"}],"author":[{"embeddable":true,"href":"https:\/\/ubirataonline.com.br\/en\/wp-json\/wp\/v2\/users\/2"}],"replies":[{"embeddable":true,"href":"https:\/\/ubirataonline.com.br\/en\/wp-json\/wp\/v2\/comments?post=52674"}],"version-history":[{"count":0,"href":"https:\/\/ubirataonline.com.br\/en\/wp-json\/wp\/v2\/posts\/52674\/revisions"}],"wp:featuredmedia":[{"embeddable":true,"href":"https:\/\/ubirataonline.com.br\/en\/wp-json\/wp\/v2\/media\/52678"}],"wp:attachment":[{"href":"https:\/\/ubirataonline.com.br\/en\/wp-json\/wp\/v2\/media?parent=52674"}],"wp:term":[{"taxonomy":"category","embeddable":true,"href":"https:\/\/ubirataonline.com.br\/en\/wp-json\/wp\/v2\/categories?post=52674"},{"taxonomy":"post_tag","embeddable":true,"href":"https:\/\/ubirataonline.com.br\/en\/wp-json\/wp\/v2\/tags?post=52674"}],"curies":[{"name":"wp","href":"https:\/\/api.w.org\/{rel}","templated":true}]}}