{"id":556,"date":"2017-01-15T22:15:54","date_gmt":"2017-01-16T01:15:54","guid":{"rendered":"https:\/\/ubirataonline.com.br\/?p=556"},"modified":"2017-01-15T22:15:54","modified_gmt":"2017-01-16T01:15:54","slug":"trio-e-detido-apos-furtarem-loja-em-campo-mourao","status":"publish","type":"post","link":"https:\/\/ubirataonline.com.br\/en\/trio-e-detido-apos-furtarem-loja-em-campo-mourao\/","title":{"rendered":"Trio \u00e9 detido ap\u00f3s furtarem loja em Campo Mour\u00e3o"},"content":{"rendered":"<p>No inicio da madrugada deste domingo dia 15, sendo por volta das 01h12min, a Equipe da Policia Militar de Campo Mour\u00e3o, se deslocou at\u00e9 a Av. Manoel Mendes de Camargo N\u00ba 1370, pois no local havia tr\u00eas jovens que teriam acabado de quebrar a porta de uma loja de vestu\u00e1rio masculino e estariam subtraindo diversas pe\u00e7as de roupas.<\/p>\n<h2><a href=\"http:\/\/cidadedestaque.com.br\/wp-content\/uploads\/2017\/01\/322-1.jpg\"><img loading=\"lazy\" decoding=\"async\" class=\"alignnone size-medium wp-image-58896\" src=\"http:\/\/cidadedestaque.com.br\/wp-content\/uploads\/2017\/01\/322-1-615x346.jpg\" sizes=\"auto, (max-width: 615px) 100vw, 615px\" srcset=\"http:\/\/cidadedestaque.com.br\/wp-content\/uploads\/2017\/01\/322-1-615x346.jpg 615w, http:\/\/cidadedestaque.com.br\/wp-content\/uploads\/2017\/01\/322-1-308x173.jpg 308w, http:\/\/cidadedestaque.com.br\/wp-content\/uploads\/2017\/01\/322-1-190x107.jpg 190w, http:\/\/cidadedestaque.com.br\/wp-content\/uploads\/2017\/01\/322-1-300x169.jpg 300w, http:\/\/cidadedestaque.com.br\/wp-content\/uploads\/2017\/01\/322-1-410x231.jpg 410w, http:\/\/cidadedestaque.com.br\/wp-content\/uploads\/2017\/01\/322-1-215x121.jpg 215w, http:\/\/cidadedestaque.com.br\/wp-content\/uploads\/2017\/01\/322-1-290x163.jpg 290w, http:\/\/cidadedestaque.com.br\/wp-content\/uploads\/2017\/01\/322-1-450x253.jpg 450w, http:\/\/cidadedestaque.com.br\/wp-content\/uploads\/2017\/01\/322-1-630x354.jpg 630w, http:\/\/cidadedestaque.com.br\/wp-content\/uploads\/2017\/01\/322-1-59x33.jpg 59w, http:\/\/cidadedestaque.com.br\/wp-content\/uploads\/2017\/01\/322-1.jpg 1280w\" alt=\"\" width=\"615\" height=\"346\" \/><\/a><\/h2>\n<p>No local foram visualizados pelas equipes os tr\u00eas indiv\u00edduos com as caracter\u00edsticas repassadas anteriormente, abandonando as pe\u00e7as de roupas furtadas em uma constru\u00e7\u00e3o civil, na rua Harrison Jos\u00e9 Borges esquina com Avenida Goioere, sendo de imediato dado voz de abordagem aos mesmos e realizada a busca pessoal, identificando os maiores L.A \u00a0e P.R, al\u00e9m do menor L.J.<\/p>\n<h2><a href=\"http:\/\/cidadedestaque.com.br\/wp-content\/uploads\/2017\/01\/320-1.jpg\"><img loading=\"lazy\" decoding=\"async\" class=\"alignnone wp-image-58897 size-thumbnail\" src=\"http:\/\/cidadedestaque.com.br\/wp-content\/uploads\/2017\/01\/320-1-306x227.jpg\" sizes=\"auto, (max-width: 306px) 100vw, 306px\" srcset=\"http:\/\/cidadedestaque.com.br\/wp-content\/uploads\/2017\/01\/320-1-306x227.jpg 306w, http:\/\/cidadedestaque.com.br\/wp-content\/uploads\/2017\/01\/320-1-59x45.jpg 59w\" width=\"306\" height=\"227\" \/><\/a> <a href=\"http:\/\/cidadedestaque.com.br\/wp-content\/uploads\/2017\/01\/321-1.jpg\"><img loading=\"lazy\" decoding=\"async\" class=\"alignnone wp-image-58898 size-thumbnail\" src=\"http:\/\/cidadedestaque.com.br\/wp-content\/uploads\/2017\/01\/321-1-306x227.jpg\" width=\"306\" height=\"227\" \/><\/a><\/h2>\n<p>Em ato continuo foi dado voz de pris\u00e3o aos maiores, e de apreens\u00e3o ao menor, no local da abordagem foram recuperadas 54 (cinq\u00fcenta e quatro) camisas de marcas diversas e um terno de cor cinza, em verifica\u00e7\u00e3o ao local do furto foi constatado que a porta de vidro principal foi arrombada. Ap\u00f3s coleta de informa\u00e7\u00f5es os autores foram conduzidos juntamente com a vitima e os objetos at\u00e9 autoridade policial a 16\u00aa SDP para as providencias cab\u00edveis.<\/p>\n<p>Fotos: Dione Correia<br \/>\nFonte: Cidade Destaque<\/p>","protected":false},"excerpt":{"rendered":"<p>No inicio da madrugada deste domingo dia 15, sendo por volta das 01h12min, a Equipe da Policia Militar de Campo Mour\u00e3o, se deslocou at\u00e9 a Av. Manoel Mendes de Camargo N\u00ba 1370, pois no local havia tr\u00eas jovens que teriam acabado de quebrar a porta de uma loja de vestu\u00e1rio masculino e estariam subtraindo diversas [&hellip;]<\/p>\n","protected":false},"author":2,"featured_media":0,"comment_status":"closed","ping_status":"closed","sticky":false,"template":"","format":"standard","meta":{"googlesitekit_rrm_CAow2JLhCw:productID":"","_gspb_post_css":"","maa_idioma":"","maa_pais":"","footnotes":""},"categories":[],"tags":[],"class_list":["post-556","post","type-post","status-publish","format-standard","hentry"],"blocksy_meta":[],"yoast_head":"<!-- This site is optimized with the Yoast SEO Premium plugin v27.6 (Yoast SEO v27.6) - https:\/\/yoast.com\/product\/yoast-seo-premium-wordpress\/ -->\n<title>Trio \u00e9 detido ap\u00f3s furtarem loja em Campo Mour\u00e3o - Ubirat\u00e3 Online Not\u00edcias - A realidade ao seu alcance!<\/title>\n<meta name=\"description\" content=\"No inicio da madrugada deste domingo dia 15, sendo por volta das 01h12min, a Equipe da Policia Militar de Campo Mour\u00e3o, se deslocou at\u00e9 a Av. Manoel\" \/>\n<meta name=\"robots\" content=\"index, follow, max-snippet:-1, max-image-preview:large, max-video-preview:-1\" \/>\n<link rel=\"canonical\" href=\"https:\/\/ubirataonline.com.br\/en\/trio-e-detido-apos-furtarem-loja-em-campo-mourao\/\" \/>\n<meta property=\"og:locale\" content=\"en_US\" \/>\n<meta property=\"og:type\" content=\"article\" \/>\n<meta property=\"og:title\" content=\"Trio \u00e9 detido ap\u00f3s furtarem loja em Campo Mour\u00e3o\" \/>\n<meta property=\"og:description\" content=\"No inicio da madrugada deste domingo dia 15, sendo por volta das 01h12min, a Equipe da Policia Militar de Campo Mour\u00e3o, se deslocou at\u00e9 a Av. Manoel\" \/>\n<meta property=\"og:url\" content=\"https:\/\/ubirataonline.com.br\/en\/trio-e-detido-apos-furtarem-loja-em-campo-mourao\/\" \/>\n<meta property=\"og:site_name\" content=\"Ubirat\u00e3 Online Not\u00edcias - A realidade ao seu alcance!\" \/>\n<meta property=\"article:publisher\" content=\"https:\/\/www.facebook.com\/portalubirataonline\" \/>\n<meta property=\"article:published_time\" content=\"2017-01-16T01:15:54+00:00\" \/>\n<meta property=\"og:image\" content=\"http:\/\/cidadedestaque.com.br\/wp-content\/uploads\/2017\/01\/322-1-615x346.jpg\" \/>\n<meta name=\"author\" content=\"Vampeta\" \/>\n<meta name=\"twitter:card\" content=\"summary_large_image\" \/>\n<meta name=\"twitter:creator\" content=\"@ubirataonline\" \/>\n<meta name=\"twitter:site\" content=\"@ubirataonline\" \/>\n<meta name=\"twitter:label1\" content=\"Written by\" \/>\n\t<meta name=\"twitter:data1\" content=\"Vampeta\" \/>\n\t<meta name=\"twitter:label2\" content=\"Est. reading time\" \/>\n\t<meta name=\"twitter:data2\" content=\"1 minute\" \/>\n<script type=\"application\/ld+json\" class=\"yoast-schema-graph\">{\"@context\":\"https:\\\/\\\/schema.org\",\"@graph\":[{\"@type\":\"NewsArticle\",\"@id\":\"https:\\\/\\\/ubirataonline.com.br\\\/trio-e-detido-apos-furtarem-loja-em-campo-mourao\\\/#article\",\"isPartOf\":{\"@id\":\"https:\\\/\\\/ubirataonline.com.br\\\/trio-e-detido-apos-furtarem-loja-em-campo-mourao\\\/\"},\"author\":{\"name\":\"Vampeta\",\"@id\":\"https:\\\/\\\/ubirataonline.com.br\\\/#\\\/schema\\\/person\\\/09f7a474bd1834b50dea8d1c197e976f\"},\"headline\":\"Trio \u00e9 detido ap\u00f3s furtarem loja em Campo Mour\u00e3o\",\"datePublished\":\"2017-01-16T01:15:54+00:00\",\"mainEntityOfPage\":{\"@id\":\"https:\\\/\\\/ubirataonline.com.br\\\/trio-e-detido-apos-furtarem-loja-em-campo-mourao\\\/\"},\"wordCount\":224,\"publisher\":{\"@id\":\"https:\\\/\\\/ubirataonline.com.br\\\/#organization\"},\"image\":{\"@id\":\"https:\\\/\\\/ubirataonline.com.br\\\/trio-e-detido-apos-furtarem-loja-em-campo-mourao\\\/#primaryimage\"},\"thumbnailUrl\":\"http:\\\/\\\/cidadedestaque.com.br\\\/wp-content\\\/uploads\\\/2017\\\/01\\\/322-1-615x346.jpg\",\"inLanguage\":\"en-US\",\"copyrightYear\":\"2017\",\"copyrightHolder\":{\"@id\":\"https:\\\/\\\/ubirataonline.com.br\\\/en\\\/#organization\"}},{\"@type\":\"WebPage\",\"@id\":\"https:\\\/\\\/ubirataonline.com.br\\\/trio-e-detido-apos-furtarem-loja-em-campo-mourao\\\/\",\"url\":\"https:\\\/\\\/ubirataonline.com.br\\\/trio-e-detido-apos-furtarem-loja-em-campo-mourao\\\/\",\"name\":\"Trio \u00e9 detido ap\u00f3s furtarem loja em Campo Mour\u00e3o - Ubirat\u00e3 Online Not\u00edcias - A realidade ao seu alcance!\",\"isPartOf\":{\"@id\":\"https:\\\/\\\/ubirataonline.com.br\\\/#website\"},\"primaryImageOfPage\":{\"@id\":\"https:\\\/\\\/ubirataonline.com.br\\\/trio-e-detido-apos-furtarem-loja-em-campo-mourao\\\/#primaryimage\"},\"image\":{\"@id\":\"https:\\\/\\\/ubirataonline.com.br\\\/trio-e-detido-apos-furtarem-loja-em-campo-mourao\\\/#primaryimage\"},\"thumbnailUrl\":\"http:\\\/\\\/cidadedestaque.com.br\\\/wp-content\\\/uploads\\\/2017\\\/01\\\/322-1-615x346.jpg\",\"datePublished\":\"2017-01-16T01:15:54+00:00\",\"description\":\"No inicio da madrugada deste domingo dia 15, sendo por volta das 01h12min, a Equipe da Policia Militar de Campo Mour\u00e3o, se deslocou at\u00e9 a Av. Manoel\",\"breadcrumb\":{\"@id\":\"https:\\\/\\\/ubirataonline.com.br\\\/trio-e-detido-apos-furtarem-loja-em-campo-mourao\\\/#breadcrumb\"},\"inLanguage\":\"en-US\",\"potentialAction\":[{\"@type\":\"ReadAction\",\"target\":[\"https:\\\/\\\/ubirataonline.com.br\\\/trio-e-detido-apos-furtarem-loja-em-campo-mourao\\\/\"]}]},{\"@type\":\"ImageObject\",\"inLanguage\":\"en-US\",\"@id\":\"https:\\\/\\\/ubirataonline.com.br\\\/trio-e-detido-apos-furtarem-loja-em-campo-mourao\\\/#primaryimage\",\"url\":\"http:\\\/\\\/cidadedestaque.com.br\\\/wp-content\\\/uploads\\\/2017\\\/01\\\/322-1-615x346.jpg\",\"contentUrl\":\"http:\\\/\\\/cidadedestaque.com.br\\\/wp-content\\\/uploads\\\/2017\\\/01\\\/322-1-615x346.jpg\"},{\"@type\":\"BreadcrumbList\",\"@id\":\"https:\\\/\\\/ubirataonline.com.br\\\/trio-e-detido-apos-furtarem-loja-em-campo-mourao\\\/#breadcrumb\",\"itemListElement\":[{\"@type\":\"ListItem\",\"position\":1,\"name\":\"In\u00edcio\",\"item\":\"https:\\\/\\\/ubirataonline.com.br\\\/\"},{\"@type\":\"ListItem\",\"position\":2,\"name\":\"Trio \u00e9 detido ap\u00f3s furtarem loja em Campo Mour\u00e3o\"}]},{\"@type\":\"WebSite\",\"@id\":\"https:\\\/\\\/ubirataonline.com.br\\\/#website\",\"url\":\"https:\\\/\\\/ubirataonline.com.br\\\/\",\"name\":\"Ubirat\u00e3 Online Not\u00edcias\",\"description\":\"Not\u00edcias de Ubirat\u00e3, regi\u00e3o, Brasil e mundo, com informa\u00e7\u00e3o atualizada e compromisso com o leitor.\",\"publisher\":{\"@id\":\"https:\\\/\\\/ubirataonline.com.br\\\/#organization\"},\"alternateName\":\"Ubirat\u00e3 Online\",\"potentialAction\":[{\"@type\":\"SearchAction\",\"target\":{\"@type\":\"EntryPoint\",\"urlTemplate\":\"https:\\\/\\\/ubirataonline.com.br\\\/?s={search_term_string}\"},\"query-input\":{\"@type\":\"PropertyValueSpecification\",\"valueRequired\":true,\"valueName\":\"search_term_string\"}}],\"inLanguage\":\"en-US\"},{\"@type\":[\"Organization\",\"Place\"],\"@id\":\"https:\\\/\\\/ubirataonline.com.br\\\/#organization\",\"name\":\"Ubirat\u00e3 Online Not\u00edcias\",\"alternateName\":\"Ubirat\u00e3 Online\",\"url\":\"https:\\\/\\\/ubirataonline.com.br\\\/\",\"logo\":{\"@id\":\"https:\\\/\\\/ubirataonline.com.br\\\/trio-e-detido-apos-furtarem-loja-em-campo-mourao\\\/#local-main-organization-logo\"},\"image\":{\"@id\":\"https:\\\/\\\/ubirataonline.com.br\\\/trio-e-detido-apos-furtarem-loja-em-campo-mourao\\\/#local-main-organization-logo\"},\"sameAs\":[\"https:\\\/\\\/www.facebook.com\\\/portalubirataonline\",\"https:\\\/\\\/x.com\\\/ubirataonline\",\"https:\\\/\\\/mastodon.social\\\/@ubirataonline\",\"https:\\\/\\\/www.facebook.com\\\/groups\\\/311144672285604\",\"https:\\\/\\\/www.facebook.com\\\/UBTAOnline\",\"https:\\\/\\\/www.instagram.com\\\/portalubirataonline\\\/\",\"https:\\\/\\\/twitter.com\\\/ubirataonline\"],\"description\":\"Somos um portal de not\u00edcias independente, criado em 5 de janeiro de 2009, com o objetivo de informar, conectar e valorizar a nossa comunidade de Ubirat\u00e3 e toda aregi\u00e3o. Com conte\u00fado atualizado, confi\u00e1vel e relevante, o Ubirat\u00e3 Online \u00e9 o seu espa\u00e7o para ficar por dentro dos principais acontecimentos locais, regionais, Brasil, Mundo e de interesse geral. Nosso compromisso \u00e9 com a verdade, a transpar\u00eancia e o respeito ao leitor.\",\"legalName\":\"UBIRATA ONLINE NOT\u00cdCIAS\",\"foundingDate\":\"2009-01-05\",\"numberOfEmployees\":{\"@type\":\"QuantitativeValue\",\"minValue\":\"1\",\"maxValue\":\"10\"},\"publishingPrinciples\":\"https:\\\/\\\/ubirataonline.com.br\\\/faq\\\/\",\"address\":{\"@id\":\"https:\\\/\\\/ubirataonline.com.br\\\/trio-e-detido-apos-furtarem-loja-em-campo-mourao\\\/#local-main-place-address\"},\"geo\":{\"@type\":\"GeoCoordinates\",\"latitude\":\"-24.5361401\",\"longitude\":\"-52.9921776\"},\"telephone\":[\"+5544998308235\"],\"contactPoint\":{\"@type\":\"ContactPoint\",\"email\":\"contato@ubirataonline.com.br\"},\"openingHoursSpecification\":{\"@type\":\"OpeningHoursSpecification\",\"dayOfWeek\":[\"Monday\",\"Tuesday\",\"Wednesday\",\"Thursday\",\"Friday\",\"Saturday\",\"Sunday\"],\"opens\":\"00:00\",\"closes\":\"23:59\"},\"email\":\"contato@ubirataonline.com.br\",\"vatID\":\"47.621.418\\\/0001-80\"},{\"@type\":\"Person\",\"@id\":\"https:\\\/\\\/ubirataonline.com.br\\\/#\\\/schema\\\/person\\\/09f7a474bd1834b50dea8d1c197e976f\",\"name\":\"Vampeta\",\"sameAs\":[\"https:\\\/\\\/ubirataonline.com.br\"],\"url\":\"https:\\\/\\\/ubirataonline.com.br\\\/en\\\/author\\\/vampeta\\\/\"},{\"@type\":\"PostalAddress\",\"@id\":\"https:\\\/\\\/ubirataonline.com.br\\\/trio-e-detido-apos-furtarem-loja-em-campo-mourao\\\/#local-main-place-address\",\"streetAddress\":\"Rua dos Coqueiros, 104 - Bairro Boa Vista, Rua dos Coqueiros, 104 Bairro Boa Vista\",\"addressLocality\":\"UBIRATA\",\"postalCode\":\"85440-000\",\"addressRegion\":\"PR\",\"addressCountry\":\"BR\"},{\"@type\":\"ImageObject\",\"inLanguage\":\"en-US\",\"@id\":\"https:\\\/\\\/ubirataonline.com.br\\\/trio-e-detido-apos-furtarem-loja-em-campo-mourao\\\/#local-main-organization-logo\",\"url\":\"https:\\\/\\\/ubirataonline.com.br\\\/wp-content\\\/uploads\\\/2026\\\/06\\\/logoubirataonline-1.webp\",\"contentUrl\":\"https:\\\/\\\/ubirataonline.com.br\\\/wp-content\\\/uploads\\\/2026\\\/06\\\/logoubirataonline-1.webp\",\"width\":500,\"height\":500,\"caption\":\"Ubirat\u00e3 Online Not\u00edcias\"}]}<\/script>\n<meta name=\"geo.placename\" content=\"UBIRATA\" \/>\n<meta name=\"geo.position\" content=\"-24.5361401;-52.9921776\" \/>\n<meta name=\"geo.region\" content=\"Brazil\" \/>\n<!-- \/ Yoast SEO Premium plugin. -->","yoast_head_json":{"title":"Trio \u00e9 detido ap\u00f3s furtarem loja em Campo Mour\u00e3o - Ubirat\u00e3 Online Not\u00edcias - A realidade ao seu alcance!","description":"No inicio da madrugada deste domingo dia 15, sendo por volta das 01h12min, a Equipe da Policia Militar de Campo Mour\u00e3o, se deslocou at\u00e9 a Av. Manoel","robots":{"index":"index","follow":"follow","max-snippet":"max-snippet:-1","max-image-preview":"max-image-preview:large","max-video-preview":"max-video-preview:-1"},"canonical":"https:\/\/ubirataonline.com.br\/en\/trio-e-detido-apos-furtarem-loja-em-campo-mourao\/","og_locale":"en_US","og_type":"article","og_title":"Trio \u00e9 detido ap\u00f3s furtarem loja em Campo Mour\u00e3o","og_description":"No inicio da madrugada deste domingo dia 15, sendo por volta das 01h12min, a Equipe da Policia Militar de Campo Mour\u00e3o, se deslocou at\u00e9 a Av. Manoel","og_url":"https:\/\/ubirataonline.com.br\/en\/trio-e-detido-apos-furtarem-loja-em-campo-mourao\/","og_site_name":"Ubirat\u00e3 Online Not\u00edcias - A realidade ao seu alcance!","article_publisher":"https:\/\/www.facebook.com\/portalubirataonline","article_published_time":"2017-01-16T01:15:54+00:00","og_image":[{"url":"http:\/\/cidadedestaque.com.br\/wp-content\/uploads\/2017\/01\/322-1-615x346.jpg","type":"","width":"","height":""}],"author":"Vampeta","twitter_card":"summary_large_image","twitter_creator":"@ubirataonline","twitter_site":"@ubirataonline","twitter_misc":{"Written by":"Vampeta","Est. reading time":"1 minute"},"schema":{"@context":"https:\/\/schema.org","@graph":[{"@type":"NewsArticle","@id":"https:\/\/ubirataonline.com.br\/trio-e-detido-apos-furtarem-loja-em-campo-mourao\/#article","isPartOf":{"@id":"https:\/\/ubirataonline.com.br\/trio-e-detido-apos-furtarem-loja-em-campo-mourao\/"},"author":{"name":"Vampeta","@id":"https:\/\/ubirataonline.com.br\/#\/schema\/person\/09f7a474bd1834b50dea8d1c197e976f"},"headline":"Trio \u00e9 detido ap\u00f3s furtarem loja em Campo Mour\u00e3o","datePublished":"2017-01-16T01:15:54+00:00","mainEntityOfPage":{"@id":"https:\/\/ubirataonline.com.br\/trio-e-detido-apos-furtarem-loja-em-campo-mourao\/"},"wordCount":224,"publisher":{"@id":"https:\/\/ubirataonline.com.br\/#organization"},"image":{"@id":"https:\/\/ubirataonline.com.br\/trio-e-detido-apos-furtarem-loja-em-campo-mourao\/#primaryimage"},"thumbnailUrl":"http:\/\/cidadedestaque.com.br\/wp-content\/uploads\/2017\/01\/322-1-615x346.jpg","inLanguage":"en-US","copyrightYear":"2017","copyrightHolder":{"@id":"https:\/\/ubirataonline.com.br\/en\/#organization"}},{"@type":"WebPage","@id":"https:\/\/ubirataonline.com.br\/trio-e-detido-apos-furtarem-loja-em-campo-mourao\/","url":"https:\/\/ubirataonline.com.br\/trio-e-detido-apos-furtarem-loja-em-campo-mourao\/","name":"Trio \u00e9 detido ap\u00f3s furtarem loja em Campo Mour\u00e3o - Ubirat\u00e3 Online Not\u00edcias - A realidade ao seu alcance!","isPartOf":{"@id":"https:\/\/ubirataonline.com.br\/#website"},"primaryImageOfPage":{"@id":"https:\/\/ubirataonline.com.br\/trio-e-detido-apos-furtarem-loja-em-campo-mourao\/#primaryimage"},"image":{"@id":"https:\/\/ubirataonline.com.br\/trio-e-detido-apos-furtarem-loja-em-campo-mourao\/#primaryimage"},"thumbnailUrl":"http:\/\/cidadedestaque.com.br\/wp-content\/uploads\/2017\/01\/322-1-615x346.jpg","datePublished":"2017-01-16T01:15:54+00:00","description":"No inicio da madrugada deste domingo dia 15, sendo por volta das 01h12min, a Equipe da Policia Militar de Campo Mour\u00e3o, se deslocou at\u00e9 a Av. Manoel","breadcrumb":{"@id":"https:\/\/ubirataonline.com.br\/trio-e-detido-apos-furtarem-loja-em-campo-mourao\/#breadcrumb"},"inLanguage":"en-US","potentialAction":[{"@type":"ReadAction","target":["https:\/\/ubirataonline.com.br\/trio-e-detido-apos-furtarem-loja-em-campo-mourao\/"]}]},{"@type":"ImageObject","inLanguage":"en-US","@id":"https:\/\/ubirataonline.com.br\/trio-e-detido-apos-furtarem-loja-em-campo-mourao\/#primaryimage","url":"http:\/\/cidadedestaque.com.br\/wp-content\/uploads\/2017\/01\/322-1-615x346.jpg","contentUrl":"http:\/\/cidadedestaque.com.br\/wp-content\/uploads\/2017\/01\/322-1-615x346.jpg"},{"@type":"BreadcrumbList","@id":"https:\/\/ubirataonline.com.br\/trio-e-detido-apos-furtarem-loja-em-campo-mourao\/#breadcrumb","itemListElement":[{"@type":"ListItem","position":1,"name":"In\u00edcio","item":"https:\/\/ubirataonline.com.br\/"},{"@type":"ListItem","position":2,"name":"Trio \u00e9 detido ap\u00f3s furtarem loja em Campo Mour\u00e3o"}]},{"@type":"WebSite","@id":"https:\/\/ubirataonline.com.br\/#website","url":"https:\/\/ubirataonline.com.br\/","name":"Ubirat\u00e3 Online Not\u00edcias","description":"Not\u00edcias de Ubirat\u00e3, regi\u00e3o, Brasil e mundo, com informa\u00e7\u00e3o atualizada e compromisso com o leitor.","publisher":{"@id":"https:\/\/ubirataonline.com.br\/#organization"},"alternateName":"Ubirat\u00e3 Online","potentialAction":[{"@type":"SearchAction","target":{"@type":"EntryPoint","urlTemplate":"https:\/\/ubirataonline.com.br\/?s={search_term_string}"},"query-input":{"@type":"PropertyValueSpecification","valueRequired":true,"valueName":"search_term_string"}}],"inLanguage":"en-US"},{"@type":["Organization","Place"],"@id":"https:\/\/ubirataonline.com.br\/#organization","name":"Ubirat\u00e3 Online Not\u00edcias","alternateName":"Ubirat\u00e3 Online","url":"https:\/\/ubirataonline.com.br\/","logo":{"@id":"https:\/\/ubirataonline.com.br\/trio-e-detido-apos-furtarem-loja-em-campo-mourao\/#local-main-organization-logo"},"image":{"@id":"https:\/\/ubirataonline.com.br\/trio-e-detido-apos-furtarem-loja-em-campo-mourao\/#local-main-organization-logo"},"sameAs":["https:\/\/www.facebook.com\/portalubirataonline","https:\/\/x.com\/ubirataonline","https:\/\/mastodon.social\/@ubirataonline","https:\/\/www.facebook.com\/groups\/311144672285604","https:\/\/www.facebook.com\/UBTAOnline","https:\/\/www.instagram.com\/portalubirataonline\/","https:\/\/twitter.com\/ubirataonline"],"description":"Somos um portal de not\u00edcias independente, criado em 5 de janeiro de 2009, com o objetivo de informar, conectar e valorizar a nossa comunidade de Ubirat\u00e3 e toda aregi\u00e3o. Com conte\u00fado atualizado, confi\u00e1vel e relevante, o Ubirat\u00e3 Online \u00e9 o seu espa\u00e7o para ficar por dentro dos principais acontecimentos locais, regionais, Brasil, Mundo e de interesse geral. Nosso compromisso \u00e9 com a verdade, a transpar\u00eancia e o respeito ao leitor.","legalName":"UBIRATA ONLINE NOT\u00cdCIAS","foundingDate":"2009-01-05","numberOfEmployees":{"@type":"QuantitativeValue","minValue":"1","maxValue":"10"},"publishingPrinciples":"https:\/\/ubirataonline.com.br\/faq\/","address":{"@id":"https:\/\/ubirataonline.com.br\/trio-e-detido-apos-furtarem-loja-em-campo-mourao\/#local-main-place-address"},"geo":{"@type":"GeoCoordinates","latitude":"-24.5361401","longitude":"-52.9921776"},"telephone":["+5544998308235"],"contactPoint":{"@type":"ContactPoint","email":"contato@ubirataonline.com.br"},"openingHoursSpecification":{"@type":"OpeningHoursSpecification","dayOfWeek":["Monday","Tuesday","Wednesday","Thursday","Friday","Saturday","Sunday"],"opens":"00:00","closes":"23:59"},"email":"contato@ubirataonline.com.br","vatID":"47.621.418\/0001-80"},{"@type":"Person","@id":"https:\/\/ubirataonline.com.br\/#\/schema\/person\/09f7a474bd1834b50dea8d1c197e976f","name":"Vampeta","sameAs":["https:\/\/ubirataonline.com.br"],"url":"https:\/\/ubirataonline.com.br\/en\/author\/vampeta\/"},{"@type":"PostalAddress","@id":"https:\/\/ubirataonline.com.br\/trio-e-detido-apos-furtarem-loja-em-campo-mourao\/#local-main-place-address","streetAddress":"Rua dos Coqueiros, 104 - Bairro Boa Vista, Rua dos Coqueiros, 104 Bairro Boa Vista","addressLocality":"UBIRATA","postalCode":"85440-000","addressRegion":"PR","addressCountry":"BR"},{"@type":"ImageObject","inLanguage":"en-US","@id":"https:\/\/ubirataonline.com.br\/trio-e-detido-apos-furtarem-loja-em-campo-mourao\/#local-main-organization-logo","url":"https:\/\/ubirataonline.com.br\/wp-content\/uploads\/2026\/06\/logoubirataonline-1.webp","contentUrl":"https:\/\/ubirataonline.com.br\/wp-content\/uploads\/2026\/06\/logoubirataonline-1.webp","width":500,"height":500,"caption":"Ubirat\u00e3 Online Not\u00edcias"}]},"geo.placename":"UBIRATA","geo.position":{"lat":"-24.5361401","long":"-52.9921776"},"geo.region":"Brazil"},"_links":{"self":[{"href":"https:\/\/ubirataonline.com.br\/en\/wp-json\/wp\/v2\/posts\/556","targetHints":{"allow":["GET"]}}],"collection":[{"href":"https:\/\/ubirataonline.com.br\/en\/wp-json\/wp\/v2\/posts"}],"about":[{"href":"https:\/\/ubirataonline.com.br\/en\/wp-json\/wp\/v2\/types\/post"}],"author":[{"embeddable":true,"href":"https:\/\/ubirataonline.com.br\/en\/wp-json\/wp\/v2\/users\/2"}],"replies":[{"embeddable":true,"href":"https:\/\/ubirataonline.com.br\/en\/wp-json\/wp\/v2\/comments?post=556"}],"version-history":[{"count":0,"href":"https:\/\/ubirataonline.com.br\/en\/wp-json\/wp\/v2\/posts\/556\/revisions"}],"wp:attachment":[{"href":"https:\/\/ubirataonline.com.br\/en\/wp-json\/wp\/v2\/media?parent=556"}],"wp:term":[{"taxonomy":"category","embeddable":true,"href":"https:\/\/ubirataonline.com.br\/en\/wp-json\/wp\/v2\/categories?post=556"},{"taxonomy":"post_tag","embeddable":true,"href":"https:\/\/ubirataonline.com.br\/en\/wp-json\/wp\/v2\/tags?post=556"}],"curies":[{"name":"wp","href":"https:\/\/api.w.org\/{rel}","templated":true}]}}