{"id":57263,"date":"2024-06-04T07:48:45","date_gmt":"2024-06-04T10:48:45","guid":{"rendered":"https:\/\/ubirataonline.com.br\/?p=57263"},"modified":"2024-06-04T07:48:46","modified_gmt":"2024-06-04T10:48:46","slug":"linguagem-corporal-e-crise-de-imagem","status":"publish","type":"post","link":"https:\/\/ubirataonline.com.br\/en\/linguagem-corporal-e-crise-de-imagem\/","title":{"rendered":"Linguagem corporal e crise de imagem"},"content":{"rendered":"<p class=\"wp-block-paragraph\"><\/p>\n\n\n\n<p class=\"wp-block-paragraph\">Por Uemerson Flor\u00eancio<\/p>\n\n\n\n<p class=\"wp-block-paragraph\">Em algum momento na vida os seres humanos em fun\u00e7\u00e3o dos seus gestos e atitudes s\u00e3o alvos de muitas cr\u00edticas ou cobran\u00e7as. Raros s\u00e3o os momentos destinados para a promo\u00e7\u00e3o e o reconhecimento das suas atitudes nobres. \u00c9 quando entra em cena o comprometimento da imagem e da reputa\u00e7\u00e3o tendo como resultado, as crises.<\/p>\n\n\n\n<p class=\"wp-block-paragraph\">A&nbsp;imagem&nbsp;\u00e9 algo est\u00e1tico e por este motivo pode ser composta por elementos f\u00edsicos ou visuais. Voc\u00ea poder\u00e1 notar a partir da an\u00e1lise da linguagem corporal, pelas vestes utilizadas, pelas maquiagens aplicadas ou acess\u00f3rios que a pessoa utiliza.<\/p>\n\n\n\n<p class=\"wp-block-paragraph\">Quando se refere a uma empresa a imagem pode ser compreendida a partir da sua forma de tratar seus funcion\u00e1rios, a comunica\u00e7\u00e3o visual, a forma de entregar os seus produtos ou servi\u00e7os aos seus clientes entre outros. Vamos analisar alguns aspectos importantes: Quais s\u00e3o as consequ\u00eancias para uma empresa que tem a cultura de atender mal os seus clientes?<\/p>\n\n\n\n<p class=\"wp-block-paragraph\">Diante de um problema desse tipo, como \u00e9 poss\u00edvel reverter a imagem negativa para imagem positiva? As pessoas quando s\u00e3o mal tratadas normalmente tendem a falar mal dez vezes mais de quem lhe tratou mal, logo, a organiza\u00e7\u00e3o ganham uma fama negativa ampliada. Como lidar com esta realidade?<\/p>\n\n\n\n<p class=\"wp-block-paragraph\">Muitos gestores empresariais fazem muito bem o seu dever de casa, garantindo a profissionaliza\u00e7\u00e3o das suas comunica\u00e7\u00f5es visuais, gest\u00e3o de redes sociais, produ\u00e7\u00e3o de v\u00eddeos maravilhosos. Contratam profissionais para a realiza\u00e7\u00e3o de grandes campanhas publicit\u00e1rias para fortalecer o nome no mercado, <strong>mas ser\u00e1 que est\u00e1 elevando o n\u00edvel operacional para a excel\u00eancia no atendimento nas rotinas di\u00e1rias entre os seus funcion\u00e1rios e para a rela\u00e7\u00e3o com os seus clientes?<\/strong><\/p>\n\n\n\n<p class=\"wp-block-paragraph\">Muitos gestores fazem o seu trabalho de gabinete muito bem, controlam receitas, despesas. Eles promovem investimentos estruturas f\u00edsicas das empresas, adicionam equipamentos e tecnologia de ponta, <strong>mas n\u00e3o podem controlar o incontrol\u00e1vel em suas estruturas, a linguagem silenciosa do corpo dos seus colaboradores no trato interno ou externo de seus clientes.<\/strong> Acham que sabem de tudo sobre este tocante e ignoram toda e qualquer informa\u00e7\u00e3o que lhe chegue \u00e0 porta.<\/p>\n\n\n\n<p class=\"wp-block-paragraph\">Algu\u00e9m me disse um dia, eu j\u00e1 trabalho tudo isso com os meus funcion\u00e1rios. Acreditem, foi um Col\u00e9gio que muitas m\u00e3es s\u00f3 matriculavam seus filhos, porque era o menos pior. Apesar de todos os investimentos financeiros realizados, ser\u00e1 que hoje a sua empresa n\u00e3o est\u00e1 nesta categoria, o menos pior? A linguagem n\u00e3o verbal transmitidas pelos seus funcion\u00e1rios tem uma extraordin\u00e1ria capacidade para anular ou comprometer todos os investimentos realizados para a adequa\u00e7\u00e3o da empresa de mercado.<\/p>\n\n\n\n<p class=\"wp-block-paragraph\">Ainda sobre a an\u00e1lise da linguagem corporal, venho aqui dar um simples exemplo: Aquele gesto que o seu funcion\u00e1rio deixou de realizar, para al\u00e9m da sua a\u00e7\u00e3o t\u00e9cnica esperada em fun\u00e7\u00e3o do cargo por ele ocupado, j\u00e1 resultou em algumas centenas de insatisfa\u00e7\u00f5es por parte dos seus clientes.<\/p>\n\n\n\n<p class=\"wp-block-paragraph\">Cuidado, nos dias atuais, voc\u00ea deve saber muito bem a grande diferen\u00e7a entre tradi\u00e7\u00e3o e prest\u00edgio. Tradi\u00e7\u00e3o s\u00e3o as heran\u00e7as de um tempo que s\u00e3o repassadas de gera\u00e7\u00e3o a gera\u00e7\u00e3o, j\u00e1 o prest\u00edgio s\u00e3o os valores existentes e exercitados por uma pessoa ou grupo e que transcende os tempos. Dessa forma, apresento algumas quest\u00f5es para voc\u00ea e sua empresa:<\/p>\n\n\n\n<p class=\"wp-block-paragraph\">Como externalizar o real prest\u00edgio de sua empresa, a partir da gest\u00e3o da imagem orientada para os seus funcion\u00e1rios e clientes?<\/p>\n\n\n\n<p class=\"wp-block-paragraph\">Ser\u00e1 que os gestores, apesar do curr\u00edculo e os discursos de bloqueios existentes nas ponta da l\u00edngua para barrar os treinamentos podem treinar os seus funcion\u00e1rios para evitar danos na imagem da empresa?<\/p>\n\n\n\n<p class=\"wp-block-paragraph\">Ser\u00e1 que estes gestores tem as compet\u00eancias e ferramentas corretas que compreendam esta linguagem silenciosa que seus colaboradores transmitem comprometem a imagem da empresa? Certamente n\u00e3o, e tudo que afirmam saber \u00e9 para n\u00e3o discutir sobre o que n\u00e3o sabem, mas porque ser\u00e1 que continuam perdendo dinheiro todos os anos? N\u00e3o sabem!<\/p>\n\n\n\n<p class=\"wp-block-paragraph\">Ser\u00e1 mesmo que cada funcion\u00e1rio atua realmente em conformidade com o pensamento dos seus gestores ou propriet\u00e1rios? H\u00e1 muitas empresas que tem lindos slides para reuni\u00f5es, belas propagandas, mas h\u00e1 cultural destrato dos seus funcion\u00e1rios e estes por sua vez entregam para os seus clientes o que recebem dos seus supostos l\u00edderes.<\/p>\n\n\n\n<p class=\"wp-block-paragraph\">Quais s\u00e3o os principais impactos causados por uma sequ\u00eancia de atendimentos mal ou n\u00e3o resolvidos? Crise generalizada e perda do valor real da empresa e certamente um elevado \u00edndice negativo perante a avalia\u00e7\u00e3o da opini\u00e3o p\u00fablica.<\/p>\n\n\n\n<p class=\"wp-block-paragraph\">*<strong> Uemerson Flor\u00eancio \u2013 <\/strong>(Brasileiro)Empreendedor. Treinador, palestrante e correspondente internacional de opini\u00e3o para 5 pa\u00edses de l\u00edngua portuguesa na \u00c1frica (S\u00e3o Tom\u00e9 e Pr\u00edncipe, Cabo Verde, Mo\u00e7ambique, Guin\u00e9 Bissau e Angola), 4 pa\u00edses de l\u00edngua espanhola (Argentina, Uruguai, Peru e Espanha) e Estados Unidos, onde exp\u00f5e sobre a an\u00e1lise da linguagem corporal, gest\u00e3o da imagem, reputa\u00e7\u00e3o e crises. Criador do m\u00e9todo pent\u00e1gono da comunica\u00e7\u00e3o. Gestor de conte\u00fado do site da empresa Conceito Treinamentos no Brasil.<\/p>","protected":false},"excerpt":{"rendered":"<p>Por Uemerson Flor\u00eancio Em algum momento na vida os seres humanos em fun\u00e7\u00e3o dos seus gestos e atitudes s\u00e3o alvos de muitas cr\u00edticas ou cobran\u00e7as. Raros s\u00e3o os momentos destinados para a promo\u00e7\u00e3o e o reconhecimento das suas atitudes nobres. \u00c9 quando entra em cena o comprometimento da imagem e da reputa\u00e7\u00e3o tendo como resultado, [&hellip;]<\/p>\n","protected":false},"author":1,"featured_media":57265,"comment_status":"closed","ping_status":"closed","sticky":false,"template":"","format":"standard","meta":{"googlesitekit_rrm_CAow2JLhCw:productID":"","_gspb_post_css":"","maa_idioma":"","maa_pais":"","footnotes":""},"categories":[1],"tags":[],"class_list":["post-57263","post","type-post","status-publish","format-standard","has-post-thumbnail","hentry","category-ubirata"],"blocksy_meta":[],"yoast_head":"<!-- This site is optimized with the Yoast SEO Premium plugin v27.6 (Yoast SEO v27.6) - https:\/\/yoast.com\/product\/yoast-seo-premium-wordpress\/ -->\n<title>Linguagem corporal e crise de imagem - Ubirat\u00e3 Online Not\u00edcias - A realidade ao seu alcance!<\/title>\n<meta name=\"description\" content=\"Por Uemerson Flor\u00eancio Em algum momento na vida os seres humanos em fun\u00e7\u00e3o dos seus gestos e atitudes s\u00e3o alvos de muitas cr\u00edticas ou cobran\u00e7as. Raros s\u00e3o\" \/>\n<meta name=\"robots\" content=\"index, follow, max-snippet:-1, max-image-preview:large, max-video-preview:-1\" \/>\n<link rel=\"canonical\" href=\"https:\/\/ubirataonline.com.br\/en\/linguagem-corporal-e-crise-de-imagem\/\" \/>\n<meta property=\"og:locale\" content=\"en_US\" \/>\n<meta property=\"og:type\" content=\"article\" \/>\n<meta property=\"og:title\" content=\"Linguagem corporal e crise de imagem\" \/>\n<meta property=\"og:description\" content=\"Por Uemerson Flor\u00eancio Em algum momento na vida os seres humanos em fun\u00e7\u00e3o dos seus gestos e atitudes s\u00e3o alvos de muitas cr\u00edticas ou cobran\u00e7as. Raros s\u00e3o\" \/>\n<meta property=\"og:url\" content=\"https:\/\/ubirataonline.com.br\/en\/linguagem-corporal-e-crise-de-imagem\/\" \/>\n<meta property=\"og:site_name\" content=\"Ubirat\u00e3 Online Not\u00edcias - A realidade ao seu alcance!\" \/>\n<meta property=\"article:publisher\" content=\"https:\/\/www.facebook.com\/portalubirataonline\" \/>\n<meta property=\"article:author\" content=\"https:\/\/www.facebook.com\/portalubirataonline\" \/>\n<meta property=\"article:published_time\" content=\"2024-06-04T10:48:45+00:00\" \/>\n<meta property=\"article:modified_time\" content=\"2024-06-04T10:48:46+00:00\" \/>\n<meta property=\"og:image\" content=\"https:\/\/ubirataonline.com.br\/wp-content\/uploads\/2024\/06\/Uemerson_Florencio_Linguagem_Corporal_18.jpg\" \/>\n\t<meta property=\"og:image:width\" content=\"1000\" \/>\n\t<meta property=\"og:image:height\" content=\"1000\" \/>\n\t<meta property=\"og:image:type\" content=\"image\/jpeg\" \/>\n<meta name=\"author\" content=\"REDA\u00c7\u00c3O: UBIRAT\u00c3 ONLINE - F\u00c1BIO AUGUSTO CELESTINO\" \/>\n<meta name=\"twitter:card\" content=\"summary_large_image\" \/>\n<meta name=\"twitter:creator\" content=\"@x.com\/ubirataonline\" \/>\n<meta name=\"twitter:site\" content=\"@ubirataonline\" \/>\n<meta name=\"twitter:label1\" content=\"Written by\" \/>\n\t<meta name=\"twitter:data1\" content=\"REDA\u00c7\u00c3O: UBIRAT\u00c3 ONLINE - F\u00c1BIO AUGUSTO CELESTINO\" \/>\n\t<meta name=\"twitter:label2\" content=\"Est. reading time\" \/>\n\t<meta name=\"twitter:data2\" content=\"4 minutes\" \/>\n<script type=\"application\/ld+json\" class=\"yoast-schema-graph\">{\"@context\":\"https:\\\/\\\/schema.org\",\"@graph\":[{\"@type\":\"NewsArticle\",\"@id\":\"https:\\\/\\\/ubirataonline.com.br\\\/linguagem-corporal-e-crise-de-imagem\\\/#article\",\"isPartOf\":{\"@id\":\"https:\\\/\\\/ubirataonline.com.br\\\/linguagem-corporal-e-crise-de-imagem\\\/\"},\"author\":{\"name\":\"REDA\u00c7\u00c3O: UBIRAT\u00c3 ONLINE - F\u00c1BIO AUGUSTO CELESTINO\",\"@id\":\"https:\\\/\\\/ubirataonline.com.br\\\/#\\\/schema\\\/person\\\/372f87bbd3fdd79b8556b84c98d0bc1c\"},\"headline\":\"Linguagem corporal e crise de imagem\",\"datePublished\":\"2024-06-04T10:48:45+00:00\",\"dateModified\":\"2024-06-04T10:48:46+00:00\",\"mainEntityOfPage\":{\"@id\":\"https:\\\/\\\/ubirataonline.com.br\\\/linguagem-corporal-e-crise-de-imagem\\\/\"},\"wordCount\":898,\"publisher\":{\"@id\":\"https:\\\/\\\/ubirataonline.com.br\\\/#organization\"},\"image\":{\"@id\":\"https:\\\/\\\/ubirataonline.com.br\\\/linguagem-corporal-e-crise-de-imagem\\\/#primaryimage\"},\"thumbnailUrl\":\"https:\\\/\\\/ubirataonline.com.br\\\/wp-content\\\/uploads\\\/2024\\\/06\\\/Uemerson_Florencio_Linguagem_Corporal_18.jpg\",\"articleSection\":[\"Ubirat\u00e3\"],\"inLanguage\":\"en-US\",\"copyrightYear\":\"2024\",\"copyrightHolder\":{\"@id\":\"https:\\\/\\\/ubirataonline.com.br\\\/en\\\/#organization\"}},{\"@type\":\"WebPage\",\"@id\":\"https:\\\/\\\/ubirataonline.com.br\\\/linguagem-corporal-e-crise-de-imagem\\\/\",\"url\":\"https:\\\/\\\/ubirataonline.com.br\\\/linguagem-corporal-e-crise-de-imagem\\\/\",\"name\":\"Linguagem corporal e crise de imagem - Ubirat\u00e3 Online Not\u00edcias - A realidade ao seu alcance!\",\"isPartOf\":{\"@id\":\"https:\\\/\\\/ubirataonline.com.br\\\/#website\"},\"primaryImageOfPage\":{\"@id\":\"https:\\\/\\\/ubirataonline.com.br\\\/linguagem-corporal-e-crise-de-imagem\\\/#primaryimage\"},\"image\":{\"@id\":\"https:\\\/\\\/ubirataonline.com.br\\\/linguagem-corporal-e-crise-de-imagem\\\/#primaryimage\"},\"thumbnailUrl\":\"https:\\\/\\\/ubirataonline.com.br\\\/wp-content\\\/uploads\\\/2024\\\/06\\\/Uemerson_Florencio_Linguagem_Corporal_18.jpg\",\"datePublished\":\"2024-06-04T10:48:45+00:00\",\"dateModified\":\"2024-06-04T10:48:46+00:00\",\"description\":\"Por Uemerson Flor\u00eancio Em algum momento na vida os seres humanos em fun\u00e7\u00e3o dos seus gestos e atitudes s\u00e3o alvos de muitas cr\u00edticas ou cobran\u00e7as. Raros s\u00e3o\",\"breadcrumb\":{\"@id\":\"https:\\\/\\\/ubirataonline.com.br\\\/linguagem-corporal-e-crise-de-imagem\\\/#breadcrumb\"},\"inLanguage\":\"en-US\",\"potentialAction\":[{\"@type\":\"ReadAction\",\"target\":[\"https:\\\/\\\/ubirataonline.com.br\\\/linguagem-corporal-e-crise-de-imagem\\\/\"]}]},{\"@type\":\"ImageObject\",\"inLanguage\":\"en-US\",\"@id\":\"https:\\\/\\\/ubirataonline.com.br\\\/linguagem-corporal-e-crise-de-imagem\\\/#primaryimage\",\"url\":\"https:\\\/\\\/ubirataonline.com.br\\\/wp-content\\\/uploads\\\/2024\\\/06\\\/Uemerson_Florencio_Linguagem_Corporal_18.jpg\",\"contentUrl\":\"https:\\\/\\\/ubirataonline.com.br\\\/wp-content\\\/uploads\\\/2024\\\/06\\\/Uemerson_Florencio_Linguagem_Corporal_18.jpg\",\"width\":1000,\"height\":1000,\"caption\":\"Por Uemerson Flor\u00eancio\"},{\"@type\":\"BreadcrumbList\",\"@id\":\"https:\\\/\\\/ubirataonline.com.br\\\/linguagem-corporal-e-crise-de-imagem\\\/#breadcrumb\",\"itemListElement\":[{\"@type\":\"ListItem\",\"position\":1,\"name\":\"In\u00edcio\",\"item\":\"https:\\\/\\\/ubirataonline.com.br\\\/\"},{\"@type\":\"ListItem\",\"position\":2,\"name\":\"Linguagem corporal e crise de imagem\"}]},{\"@type\":\"WebSite\",\"@id\":\"https:\\\/\\\/ubirataonline.com.br\\\/#website\",\"url\":\"https:\\\/\\\/ubirataonline.com.br\\\/\",\"name\":\"Ubirat\u00e3 Online Not\u00edcias\",\"description\":\"Not\u00edcias de Ubirat\u00e3, regi\u00e3o, Brasil e mundo, com informa\u00e7\u00e3o atualizada e compromisso com o leitor.\",\"publisher\":{\"@id\":\"https:\\\/\\\/ubirataonline.com.br\\\/#organization\"},\"alternateName\":\"Ubirat\u00e3 Online\",\"potentialAction\":[{\"@type\":\"SearchAction\",\"target\":{\"@type\":\"EntryPoint\",\"urlTemplate\":\"https:\\\/\\\/ubirataonline.com.br\\\/?s={search_term_string}\"},\"query-input\":{\"@type\":\"PropertyValueSpecification\",\"valueRequired\":true,\"valueName\":\"search_term_string\"}}],\"inLanguage\":\"en-US\"},{\"@type\":[\"Organization\",\"Place\"],\"@id\":\"https:\\\/\\\/ubirataonline.com.br\\\/#organization\",\"name\":\"Ubirat\u00e3 Online Not\u00edcias\",\"alternateName\":\"Ubirat\u00e3 Online\",\"url\":\"https:\\\/\\\/ubirataonline.com.br\\\/\",\"logo\":{\"@id\":\"https:\\\/\\\/ubirataonline.com.br\\\/linguagem-corporal-e-crise-de-imagem\\\/#local-main-organization-logo\"},\"image\":{\"@id\":\"https:\\\/\\\/ubirataonline.com.br\\\/linguagem-corporal-e-crise-de-imagem\\\/#local-main-organization-logo\"},\"sameAs\":[\"https:\\\/\\\/www.facebook.com\\\/portalubirataonline\",\"https:\\\/\\\/x.com\\\/ubirataonline\",\"https:\\\/\\\/mastodon.social\\\/@ubirataonline\",\"https:\\\/\\\/www.facebook.com\\\/groups\\\/311144672285604\",\"https:\\\/\\\/www.facebook.com\\\/UBTAOnline\",\"https:\\\/\\\/www.instagram.com\\\/portalubirataonline\\\/\",\"https:\\\/\\\/twitter.com\\\/ubirataonline\"],\"description\":\"Somos um portal de not\u00edcias independente, criado em 5 de janeiro de 2009, com o objetivo de informar, conectar e valorizar a nossa comunidade de Ubirat\u00e3 e toda aregi\u00e3o. Com conte\u00fado atualizado, confi\u00e1vel e relevante, o Ubirat\u00e3 Online \u00e9 o seu espa\u00e7o para ficar por dentro dos principais acontecimentos locais, regionais, Brasil, Mundo e de interesse geral. Nosso compromisso \u00e9 com a verdade, a transpar\u00eancia e o respeito ao leitor.\",\"legalName\":\"UBIRATA ONLINE NOT\u00cdCIAS\",\"foundingDate\":\"2009-01-05\",\"numberOfEmployees\":{\"@type\":\"QuantitativeValue\",\"minValue\":\"1\",\"maxValue\":\"10\"},\"publishingPrinciples\":\"https:\\\/\\\/ubirataonline.com.br\\\/faq\\\/\",\"address\":{\"@id\":\"https:\\\/\\\/ubirataonline.com.br\\\/linguagem-corporal-e-crise-de-imagem\\\/#local-main-place-address\"},\"geo\":{\"@type\":\"GeoCoordinates\",\"latitude\":\"-24.5361401\",\"longitude\":\"-52.9921776\"},\"telephone\":[\"+5544998308235\"],\"contactPoint\":{\"@type\":\"ContactPoint\",\"email\":\"contato@ubirataonline.com.br\"},\"openingHoursSpecification\":{\"@type\":\"OpeningHoursSpecification\",\"dayOfWeek\":[\"Monday\",\"Tuesday\",\"Wednesday\",\"Thursday\",\"Friday\",\"Saturday\",\"Sunday\"],\"opens\":\"00:00\",\"closes\":\"23:59\"},\"email\":\"contato@ubirataonline.com.br\",\"vatID\":\"47.621.418\\\/0001-80\"},{\"@type\":\"Person\",\"@id\":\"https:\\\/\\\/ubirataonline.com.br\\\/#\\\/schema\\\/person\\\/372f87bbd3fdd79b8556b84c98d0bc1c\",\"name\":\"REDA\u00c7\u00c3O: UBIRAT\u00c3 ONLINE - F\u00c1BIO AUGUSTO CELESTINO\",\"pronouns\":\"Ele\",\"description\":\"Desde 2003 trabalhando com not\u00edcias.\",\"sameAs\":[\"http:\\\/\\\/ubirataoline.com.br\",\"https:\\\/\\\/www.facebook.com\\\/portalubirataonline\",\"https:\\\/\\\/www.instagram.com\\\/ubirataonline_oficial\",\"https:\\\/\\\/x.com\\\/x.com\\\/ubirataonline\"],\"honorificPrefix\":\"Mr.\",\"honorificSuffix\":\"MD\",\"birthDate\":\"1980-06-16\",\"gender\":\"masculino\",\"award\":[\"V\u00e1rios pr\u00eamios de melhor portal da cidade\"],\"jobTitle\":\"Diretor\",\"url\":\"https:\\\/\\\/ubirataonline.com.br\\\/en\\\/author\\\/ubirataonline\\\/\"},{\"@type\":\"PostalAddress\",\"@id\":\"https:\\\/\\\/ubirataonline.com.br\\\/linguagem-corporal-e-crise-de-imagem\\\/#local-main-place-address\",\"streetAddress\":\"Rua dos Coqueiros, 104 - Bairro Boa Vista, Rua dos Coqueiros, 104 Bairro Boa Vista\",\"addressLocality\":\"UBIRATA\",\"postalCode\":\"85440-000\",\"addressRegion\":\"PR\",\"addressCountry\":\"BR\"},{\"@type\":\"ImageObject\",\"inLanguage\":\"en-US\",\"@id\":\"https:\\\/\\\/ubirataonline.com.br\\\/linguagem-corporal-e-crise-de-imagem\\\/#local-main-organization-logo\",\"url\":\"https:\\\/\\\/ubirataonline.com.br\\\/wp-content\\\/uploads\\\/2026\\\/06\\\/logoubirataonline-1.webp\",\"contentUrl\":\"https:\\\/\\\/ubirataonline.com.br\\\/wp-content\\\/uploads\\\/2026\\\/06\\\/logoubirataonline-1.webp\",\"width\":500,\"height\":500,\"caption\":\"Ubirat\u00e3 Online Not\u00edcias\"}]}<\/script>\n<meta name=\"geo.placename\" content=\"UBIRATA\" \/>\n<meta name=\"geo.position\" content=\"-24.5361401;-52.9921776\" \/>\n<meta name=\"geo.region\" content=\"Brazil\" \/>\n<!-- \/ Yoast SEO Premium plugin. -->","yoast_head_json":{"title":"Linguagem corporal e crise de imagem - Ubirat\u00e3 Online Not\u00edcias - A realidade ao seu alcance!","description":"Por Uemerson Flor\u00eancio Em algum momento na vida os seres humanos em fun\u00e7\u00e3o dos seus gestos e atitudes s\u00e3o alvos de muitas cr\u00edticas ou cobran\u00e7as. Raros s\u00e3o","robots":{"index":"index","follow":"follow","max-snippet":"max-snippet:-1","max-image-preview":"max-image-preview:large","max-video-preview":"max-video-preview:-1"},"canonical":"https:\/\/ubirataonline.com.br\/en\/linguagem-corporal-e-crise-de-imagem\/","og_locale":"en_US","og_type":"article","og_title":"Linguagem corporal e crise de imagem","og_description":"Por Uemerson Flor\u00eancio Em algum momento na vida os seres humanos em fun\u00e7\u00e3o dos seus gestos e atitudes s\u00e3o alvos de muitas cr\u00edticas ou cobran\u00e7as. Raros s\u00e3o","og_url":"https:\/\/ubirataonline.com.br\/en\/linguagem-corporal-e-crise-de-imagem\/","og_site_name":"Ubirat\u00e3 Online Not\u00edcias - A realidade ao seu alcance!","article_publisher":"https:\/\/www.facebook.com\/portalubirataonline","article_author":"https:\/\/www.facebook.com\/portalubirataonline","article_published_time":"2024-06-04T10:48:45+00:00","article_modified_time":"2024-06-04T10:48:46+00:00","og_image":[{"width":1000,"height":1000,"url":"https:\/\/ubirataonline.com.br\/wp-content\/uploads\/2024\/06\/Uemerson_Florencio_Linguagem_Corporal_18.jpg","type":"image\/jpeg"}],"author":"REDA\u00c7\u00c3O: UBIRAT\u00c3 ONLINE - F\u00c1BIO AUGUSTO CELESTINO","twitter_card":"summary_large_image","twitter_creator":"@x.com\/ubirataonline","twitter_site":"@ubirataonline","twitter_misc":{"Written by":"REDA\u00c7\u00c3O: UBIRAT\u00c3 ONLINE - F\u00c1BIO AUGUSTO CELESTINO","Est. reading time":"4 minutes"},"schema":{"@context":"https:\/\/schema.org","@graph":[{"@type":"NewsArticle","@id":"https:\/\/ubirataonline.com.br\/linguagem-corporal-e-crise-de-imagem\/#article","isPartOf":{"@id":"https:\/\/ubirataonline.com.br\/linguagem-corporal-e-crise-de-imagem\/"},"author":{"name":"REDA\u00c7\u00c3O: UBIRAT\u00c3 ONLINE - F\u00c1BIO AUGUSTO CELESTINO","@id":"https:\/\/ubirataonline.com.br\/#\/schema\/person\/372f87bbd3fdd79b8556b84c98d0bc1c"},"headline":"Linguagem corporal e crise de imagem","datePublished":"2024-06-04T10:48:45+00:00","dateModified":"2024-06-04T10:48:46+00:00","mainEntityOfPage":{"@id":"https:\/\/ubirataonline.com.br\/linguagem-corporal-e-crise-de-imagem\/"},"wordCount":898,"publisher":{"@id":"https:\/\/ubirataonline.com.br\/#organization"},"image":{"@id":"https:\/\/ubirataonline.com.br\/linguagem-corporal-e-crise-de-imagem\/#primaryimage"},"thumbnailUrl":"https:\/\/ubirataonline.com.br\/wp-content\/uploads\/2024\/06\/Uemerson_Florencio_Linguagem_Corporal_18.jpg","articleSection":["Ubirat\u00e3"],"inLanguage":"en-US","copyrightYear":"2024","copyrightHolder":{"@id":"https:\/\/ubirataonline.com.br\/en\/#organization"}},{"@type":"WebPage","@id":"https:\/\/ubirataonline.com.br\/linguagem-corporal-e-crise-de-imagem\/","url":"https:\/\/ubirataonline.com.br\/linguagem-corporal-e-crise-de-imagem\/","name":"Linguagem corporal e crise de imagem - Ubirat\u00e3 Online Not\u00edcias - A realidade ao seu alcance!","isPartOf":{"@id":"https:\/\/ubirataonline.com.br\/#website"},"primaryImageOfPage":{"@id":"https:\/\/ubirataonline.com.br\/linguagem-corporal-e-crise-de-imagem\/#primaryimage"},"image":{"@id":"https:\/\/ubirataonline.com.br\/linguagem-corporal-e-crise-de-imagem\/#primaryimage"},"thumbnailUrl":"https:\/\/ubirataonline.com.br\/wp-content\/uploads\/2024\/06\/Uemerson_Florencio_Linguagem_Corporal_18.jpg","datePublished":"2024-06-04T10:48:45+00:00","dateModified":"2024-06-04T10:48:46+00:00","description":"Por Uemerson Flor\u00eancio Em algum momento na vida os seres humanos em fun\u00e7\u00e3o dos seus gestos e atitudes s\u00e3o alvos de muitas cr\u00edticas ou cobran\u00e7as. Raros s\u00e3o","breadcrumb":{"@id":"https:\/\/ubirataonline.com.br\/linguagem-corporal-e-crise-de-imagem\/#breadcrumb"},"inLanguage":"en-US","potentialAction":[{"@type":"ReadAction","target":["https:\/\/ubirataonline.com.br\/linguagem-corporal-e-crise-de-imagem\/"]}]},{"@type":"ImageObject","inLanguage":"en-US","@id":"https:\/\/ubirataonline.com.br\/linguagem-corporal-e-crise-de-imagem\/#primaryimage","url":"https:\/\/ubirataonline.com.br\/wp-content\/uploads\/2024\/06\/Uemerson_Florencio_Linguagem_Corporal_18.jpg","contentUrl":"https:\/\/ubirataonline.com.br\/wp-content\/uploads\/2024\/06\/Uemerson_Florencio_Linguagem_Corporal_18.jpg","width":1000,"height":1000,"caption":"Por Uemerson Flor\u00eancio"},{"@type":"BreadcrumbList","@id":"https:\/\/ubirataonline.com.br\/linguagem-corporal-e-crise-de-imagem\/#breadcrumb","itemListElement":[{"@type":"ListItem","position":1,"name":"In\u00edcio","item":"https:\/\/ubirataonline.com.br\/"},{"@type":"ListItem","position":2,"name":"Linguagem corporal e crise de imagem"}]},{"@type":"WebSite","@id":"https:\/\/ubirataonline.com.br\/#website","url":"https:\/\/ubirataonline.com.br\/","name":"Ubirat\u00e3 Online Not\u00edcias","description":"Not\u00edcias de Ubirat\u00e3, regi\u00e3o, Brasil e mundo, com informa\u00e7\u00e3o atualizada e compromisso com o leitor.","publisher":{"@id":"https:\/\/ubirataonline.com.br\/#organization"},"alternateName":"Ubirat\u00e3 Online","potentialAction":[{"@type":"SearchAction","target":{"@type":"EntryPoint","urlTemplate":"https:\/\/ubirataonline.com.br\/?s={search_term_string}"},"query-input":{"@type":"PropertyValueSpecification","valueRequired":true,"valueName":"search_term_string"}}],"inLanguage":"en-US"},{"@type":["Organization","Place"],"@id":"https:\/\/ubirataonline.com.br\/#organization","name":"Ubirat\u00e3 Online Not\u00edcias","alternateName":"Ubirat\u00e3 Online","url":"https:\/\/ubirataonline.com.br\/","logo":{"@id":"https:\/\/ubirataonline.com.br\/linguagem-corporal-e-crise-de-imagem\/#local-main-organization-logo"},"image":{"@id":"https:\/\/ubirataonline.com.br\/linguagem-corporal-e-crise-de-imagem\/#local-main-organization-logo"},"sameAs":["https:\/\/www.facebook.com\/portalubirataonline","https:\/\/x.com\/ubirataonline","https:\/\/mastodon.social\/@ubirataonline","https:\/\/www.facebook.com\/groups\/311144672285604","https:\/\/www.facebook.com\/UBTAOnline","https:\/\/www.instagram.com\/portalubirataonline\/","https:\/\/twitter.com\/ubirataonline"],"description":"Somos um portal de not\u00edcias independente, criado em 5 de janeiro de 2009, com o objetivo de informar, conectar e valorizar a nossa comunidade de Ubirat\u00e3 e toda aregi\u00e3o. Com conte\u00fado atualizado, confi\u00e1vel e relevante, o Ubirat\u00e3 Online \u00e9 o seu espa\u00e7o para ficar por dentro dos principais acontecimentos locais, regionais, Brasil, Mundo e de interesse geral. Nosso compromisso \u00e9 com a verdade, a transpar\u00eancia e o respeito ao leitor.","legalName":"UBIRATA ONLINE NOT\u00cdCIAS","foundingDate":"2009-01-05","numberOfEmployees":{"@type":"QuantitativeValue","minValue":"1","maxValue":"10"},"publishingPrinciples":"https:\/\/ubirataonline.com.br\/faq\/","address":{"@id":"https:\/\/ubirataonline.com.br\/linguagem-corporal-e-crise-de-imagem\/#local-main-place-address"},"geo":{"@type":"GeoCoordinates","latitude":"-24.5361401","longitude":"-52.9921776"},"telephone":["+5544998308235"],"contactPoint":{"@type":"ContactPoint","email":"contato@ubirataonline.com.br"},"openingHoursSpecification":{"@type":"OpeningHoursSpecification","dayOfWeek":["Monday","Tuesday","Wednesday","Thursday","Friday","Saturday","Sunday"],"opens":"00:00","closes":"23:59"},"email":"contato@ubirataonline.com.br","vatID":"47.621.418\/0001-80"},{"@type":"Person","@id":"https:\/\/ubirataonline.com.br\/#\/schema\/person\/372f87bbd3fdd79b8556b84c98d0bc1c","name":"REDA\u00c7\u00c3O: UBIRAT\u00c3 ONLINE - F\u00c1BIO AUGUSTO CELESTINO","pronouns":"Ele","description":"Desde 2003 trabalhando com not\u00edcias.","sameAs":["http:\/\/ubirataoline.com.br","https:\/\/www.facebook.com\/portalubirataonline","https:\/\/www.instagram.com\/ubirataonline_oficial","https:\/\/x.com\/x.com\/ubirataonline"],"honorificPrefix":"Mr.","honorificSuffix":"MD","birthDate":"1980-06-16","gender":"masculino","award":["V\u00e1rios pr\u00eamios de melhor portal da cidade"],"jobTitle":"Diretor","url":"https:\/\/ubirataonline.com.br\/en\/author\/ubirataonline\/"},{"@type":"PostalAddress","@id":"https:\/\/ubirataonline.com.br\/linguagem-corporal-e-crise-de-imagem\/#local-main-place-address","streetAddress":"Rua dos Coqueiros, 104 - Bairro Boa Vista, Rua dos Coqueiros, 104 Bairro Boa Vista","addressLocality":"UBIRATA","postalCode":"85440-000","addressRegion":"PR","addressCountry":"BR"},{"@type":"ImageObject","inLanguage":"en-US","@id":"https:\/\/ubirataonline.com.br\/linguagem-corporal-e-crise-de-imagem\/#local-main-organization-logo","url":"https:\/\/ubirataonline.com.br\/wp-content\/uploads\/2026\/06\/logoubirataonline-1.webp","contentUrl":"https:\/\/ubirataonline.com.br\/wp-content\/uploads\/2026\/06\/logoubirataonline-1.webp","width":500,"height":500,"caption":"Ubirat\u00e3 Online Not\u00edcias"}]},"geo.placename":"UBIRATA","geo.position":{"lat":"-24.5361401","long":"-52.9921776"},"geo.region":"Brazil"},"_links":{"self":[{"href":"https:\/\/ubirataonline.com.br\/en\/wp-json\/wp\/v2\/posts\/57263","targetHints":{"allow":["GET"]}}],"collection":[{"href":"https:\/\/ubirataonline.com.br\/en\/wp-json\/wp\/v2\/posts"}],"about":[{"href":"https:\/\/ubirataonline.com.br\/en\/wp-json\/wp\/v2\/types\/post"}],"author":[{"embeddable":true,"href":"https:\/\/ubirataonline.com.br\/en\/wp-json\/wp\/v2\/users\/1"}],"replies":[{"embeddable":true,"href":"https:\/\/ubirataonline.com.br\/en\/wp-json\/wp\/v2\/comments?post=57263"}],"version-history":[{"count":0,"href":"https:\/\/ubirataonline.com.br\/en\/wp-json\/wp\/v2\/posts\/57263\/revisions"}],"wp:featuredmedia":[{"embeddable":true,"href":"https:\/\/ubirataonline.com.br\/en\/wp-json\/wp\/v2\/media\/57265"}],"wp:attachment":[{"href":"https:\/\/ubirataonline.com.br\/en\/wp-json\/wp\/v2\/media?parent=57263"}],"wp:term":[{"taxonomy":"category","embeddable":true,"href":"https:\/\/ubirataonline.com.br\/en\/wp-json\/wp\/v2\/categories?post=57263"},{"taxonomy":"post_tag","embeddable":true,"href":"https:\/\/ubirataonline.com.br\/en\/wp-json\/wp\/v2\/tags?post=57263"}],"curies":[{"name":"wp","href":"https:\/\/api.w.org\/{rel}","templated":true}]}}