{"id":61630,"date":"2025-09-04T18:30:49","date_gmt":"2025-09-04T21:30:49","guid":{"rendered":"https:\/\/ubirataonline.com.br\/?p=61630"},"modified":"2025-09-04T18:30:49","modified_gmt":"2025-09-04T21:30:49","slug":"rotinas-de-cuidado-com-cabelo-para-prevenir-queda-e-frizz","status":"publish","type":"post","link":"https:\/\/ubirataonline.com.br\/en\/rotinas-de-cuidado-com-cabelo-para-prevenir-queda-e-frizz\/","title":{"rendered":"Rotinas de cuidado com cabelo para prevenir queda e frizz"},"content":{"rendered":"<h2>Ou\u00e7a este artigo<\/h2>\n<p><audio class=\"wp-audio-shortcode\" id=\"audio-61630-1\" preload=\"none\" style=\"width: 100%;\" controls=\"controls\"><source type=\"audio\/mpeg\" src=\"https:\/\/ubirataonline.com.br\/wp-content\/uploads\/2025\/05\/rotinas-de-cuidado-com-cabelo-para-prevenir-queda-e-frizz.mp3?_=1\" \/><a href=\"https:\/\/ubirataonline.com.br\/wp-content\/uploads\/2025\/05\/rotinas-de-cuidado-com-cabelo-para-prevenir-queda-e-frizz.mp3\">https:\/\/ubirataonline.com.br\/wp-content\/uploads\/2025\/05\/rotinas-de-cuidado-com-cabelo-para-prevenir-queda-e-frizz.mp3<\/a><\/audio><br \/>\n<\/p>\n<p><strong>Rotinas de cuidado com cabelo para prevenir queda e frizz<\/strong> s\u00e3o essenciais para manter suas madeixas saud\u00e1veis e bonitas. Neste artigo, voc\u00ea descobrir\u00e1 a <strong>import\u00e2ncia da hidrata\u00e7\u00e3o profunda<\/strong>, dicas valiosas para evitar o frizz e como as <strong>m\u00e1scaras capilares<\/strong> podem fazer maravilhas. Tamb\u00e9m vamos discutir os <strong>melhores produtos<\/strong> que combatem a queda e o frizz, al\u00e9m de dicas para cuidar do seu cabelo cacheado. Prepare-se para transformar sua rotina e fortalecer seus fios!<\/p>\n<h2 id=\"principaisconcluses\">Principais Conclus\u00f5es<\/h2>\n<ul>\n<li>Use shampoo suave para limpar seu cabelo.<\/li>\n<\/ul>\n<ul>\n<li>Aplique condicionador frequentemente para hidratar.<\/li>\n<\/ul>\n<ul>\n<li>Seque o cabelo com toalha, sem esfregar.<\/li>\n<\/ul>\n<ul>\n<li>Use \u00f3leo ou s\u00e9rum para controlar o frizz.<\/li>\n<\/ul>\n<ul>\n<li>Corte as pontas do cabelo regularmente.<\/li>\n<\/ul>\n<h2 id=\"importnciadarotinadecuidadoscapilares\">Import\u00e2ncia da Rotina de Cuidados Capilares<\/h2>\n<h3 id=\"comoahidrataoprofundaajudanaprevenodaquedadecabelo\">Como a Hidrata\u00e7\u00e3o Profunda Ajuda na Preven\u00e7\u00e3o da Queda de Cabelo<\/h3>\n<p>A <strong>hidrata\u00e7\u00e3o profunda<\/strong> \u00e9 um passo essencial na sua <strong>rotina de cuidado com cabelo para prevenir queda e frizz<\/strong>. Quando voc\u00ea hidrata seus fios, est\u00e1 proporcionando a eles a <strong>nutri\u00e7\u00e3o<\/strong> que precisam para se manter saud\u00e1veis e fortes. A falta de hidrata\u00e7\u00e3o pode levar \u00e0 <strong>quebra<\/strong> e \u00e0 <strong>queda de cabelo<\/strong>.<\/p>\n<p>Ao usar produtos espec\u00edficos para hidrata\u00e7\u00e3o, como cremes e \u00f3leos, voc\u00ea ajuda a <strong>reter a umidade<\/strong> nos fios. Isso fortalece a estrutura capilar e evita que os cabelos fiquem <strong>ressecados<\/strong> e <strong>fragilizados<\/strong>. Al\u00e9m disso, a hidrata\u00e7\u00e3o melhora a <strong>elasticidade<\/strong> dos fios, tornando-os menos propensos a quebrar.<\/p>\n<h3 id=\"dicasdecuidadoscapilaresparaevitarofrizz\">Dicas de Cuidados Capilares para Evitar o Frizz<\/h3>\n<p>O frizz pode ser um grande desafio, mas algumas dicas simples podem ajudar voc\u00ea a control\u00e1-lo:<\/p>\n<ul>\n<li><strong>Use um shampoo suave<\/strong>: Escolha produtos que n\u00e3o contenham sulfatos, pois eles podem ressecar o cabelo.<\/li>\n<\/ul>\n<ul>\n<li><strong>Aplique condicionador sempre<\/strong>: O condicionador ajuda a selar a umidade e a suavizar os fios.<\/li>\n<\/ul>\n<ul>\n<li><strong>Evite secar com toalha<\/strong>: Em vez de esfregar, d\u00ea leves batidinhas para n\u00e3o danificar as cut\u00edculas do cabelo.<\/li>\n<\/ul>\n<ul>\n<li><strong>Use um protetor t\u00e9rmico<\/strong>: Antes de usar secadores ou chapinhas, aplique um protetor para evitar danos.<\/li>\n<\/ul>\n<p>Essas pr\u00e1ticas podem fazer toda a diferen\u00e7a na sua <strong>rotina de cuidado com cabelo para prevenir queda e frizz<\/strong>.<\/p>\n<h4 id=\"aimportnciademscarascapilaresparaocabelo\">A Import\u00e2ncia de M\u00e1scaras Capilares para o Cabelo<\/h4>\n<p>As <strong>m\u00e1scaras capilares<\/strong> s\u00e3o aliadas poderosas na luta contra a queda e o frizz. Elas s\u00e3o formuladas com ingredientes que penetram profundamente nos fios, oferecendo uma <strong>nutri\u00e7\u00e3o intensa<\/strong>. O uso regular de m\u00e1scaras pode:<\/p>\n<ul>\n<li><strong>Reparar danos<\/strong>: M\u00e1scaras com prote\u00ednas ajudam a restaurar a sa\u00fade dos fios.<\/li>\n<\/ul>\n<ul>\n<li><strong>Aumentar o brilho<\/strong>: Fios bem hidratados refletem mais luz, resultando em cabelos brilhantes.<\/li>\n<\/ul>\n<ul>\n<li><strong>Controlar o frizz<\/strong>: Ingredientes como \u00f3leo de argan ou karit\u00e9 ajudam a manter os fios alinhados.<\/li>\n<\/ul>\n<p>Utilizar m\u00e1scaras capilares uma vez por semana pode transformar a apar\u00eancia do seu cabelo.<\/p>\n<h2 id=\"produtoseficazesparacombaterquedaefrizz\">Produtos Eficazes para Combater Queda e Frizz<\/h2>\n<h3 id=\"melhoresprodutosparaquedadecabeloeseusbenefcios\">Melhores Produtos para Queda de Cabelo e Seus Benef\u00edcios<\/h3>\n<p>Se voc\u00ea est\u00e1 enfrentando <strong>queda de cabelo<\/strong>, n\u00e3o est\u00e1 sozinho. Muitas pessoas lidam com isso, mas a boa not\u00edcia \u00e9 que existem produtos que podem ajudar. Aqui est\u00e3o alguns dos melhores:<\/p>\n<ul>\n<li><strong>Shampoos Fortalecedores<\/strong>: Esses shampoos cont\u00eam ingredientes como biotina e cafe\u00edna, que ajudam a <strong>fortalecer os fios<\/strong> e reduzir a queda.<\/li>\n<\/ul>\n<ul>\n<li><strong>S\u00e9runs Capilares<\/strong>: Aplicar um s\u00e9rum com vitaminas pode <strong>nutrir o couro cabeludo<\/strong> e promover um crescimento saud\u00e1vel.<\/li>\n<\/ul>\n<ul>\n<li><strong>Suplementos<\/strong>: Vitaminas como <strong>B12, D e zinco<\/strong> s\u00e3o essenciais para a sa\u00fade capilar. Elas ajudam a <strong>fortalecer os fios<\/strong> desde a raiz.<\/li>\n<\/ul>\n<table>\n<thead>\n<tr>\n<th>Produto<\/th>\n<th>Benef\u00edcios<\/th>\n<\/tr>\n<\/thead>\n<tbody>\n<tr>\n<td>Shampoo Fortalecedor<\/td>\n<td>Fortalece os fios e reduz a queda<\/td>\n<\/tr>\n<tr>\n<td>S\u00e9rum Capilar<\/td>\n<td>Nutre o couro cabeludo e promove crescimento<\/td>\n<\/tr>\n<tr>\n<td>Suplementos Vitaminicos<\/td>\n<td>Fortalece os fios e melhora a sa\u00fade capilar<\/td>\n<\/tr>\n<\/tbody>\n<\/table>\n<h3 id=\"tratamentoscontrafrizzoquevocprecisasaber\">Tratamentos Contra Frizz: O Que Voc\u00ea Precisa Saber<\/h3>\n<p>O frizz pode ser um verdadeiro desafio. Para combat\u00ea-lo, considere os seguintes tratamentos:<\/p>\n<ul>\n<li><strong>M\u00e1scaras Hidratantes<\/strong>: Elas ajudam a <strong>manter a umidade<\/strong> nos fios, reduzindo o frizz.<\/li>\n<\/ul>\n<ul>\n<li><strong>\u00d3leos Capilares<\/strong>: Aplicar um \u00f3leo leve pode <strong>alisar os fios<\/strong> e dar brilho.<\/li>\n<\/ul>\n<ul>\n<li><strong>Produtos Anti-Frizz<\/strong>: Usar um spray ou creme espec\u00edfico pode <strong>controlar o frizz<\/strong> ao longo do dia.<\/li>\n<\/ul>\n<h3 id=\"vitaminasparafortalecimentocapilareseusefeitos\">Vitaminas para Fortalecimento Capilar e Seus Efeitos<\/h3>\n<p>As vitaminas s\u00e3o essenciais para a sa\u00fade do cabelo. Aqui est\u00e3o algumas que voc\u00ea deve considerar:<\/p>\n<ul>\n<li><strong>Biotina<\/strong>: Ajuda a <strong>fortalecer os fios<\/strong> e pode aumentar o crescimento.<\/li>\n<\/ul>\n<ul>\n<li><strong>Vitamina E<\/strong>: Melhora a circula\u00e7\u00e3o no couro cabeludo, promovendo um cabelo mais saud\u00e1vel.<\/li>\n<\/ul>\n<ul>\n<li><strong>\u00c1cidos Graxos \u00d4mega-3<\/strong>: Contribuem para a hidrata\u00e7\u00e3o e podem reduzir o frizz.<\/li>\n<\/ul>\n<table>\n<thead>\n<tr>\n<th>Vitamina<\/th>\n<th>Efeito no Cabelo<\/th>\n<\/tr>\n<\/thead>\n<tbody>\n<tr>\n<td>Biotina<\/td>\n<td>Fortalece e aumenta o crescimento<\/td>\n<\/tr>\n<tr>\n<td>Vitamina E<\/td>\n<td>Melhora a circula\u00e7\u00e3o e a sa\u00fade capilar<\/td>\n<\/tr>\n<tr>\n<td>\u00c1cidos Graxos \u00d4mega-3<\/td>\n<td>Hidrata e reduz o frizz<\/td>\n<\/tr>\n<\/tbody>\n<\/table>\n<h2 id=\"rotaodecuidadoscapilaresoqueecomofazer\">Rota\u00e7\u00e3o de Cuidados Capilares: O Que \u00c9 e Como Fazer<\/h2>\n<h3 id=\"comocriarumarotinadeshampooecondicionadoreficiente\">Como Criar uma Rotina de Shampoo e Condicionador Eficiente<\/h3>\n<p>Criar uma <strong>rotina de shampoo e condicionador<\/strong> eficiente \u00e9 fundamental para manter a sa\u00fade dos seus cabelos. Aqui est\u00e3o algumas dicas para voc\u00ea come\u00e7ar:<\/p>\n<ul>\n<li><strong>Escolha Produtos Adequados<\/strong>: Use um shampoo que se adeque ao seu tipo de cabelo (oleoso, seco, normal). O condicionador deve complementar o shampoo, ajudando na hidrata\u00e7\u00e3o.<\/li>\n<\/ul>\n<ul>\n<li><strong>Lave com Frequ\u00eancia<\/strong>: Lave o cabelo de acordo com suas necessidades. Cabelos oleosos podem precisar de lavagens mais frequentes, enquanto cabelos secos podem ser lavados menos vezes.<\/li>\n<\/ul>\n<ul>\n<li><strong>Aplica\u00e7\u00e3o Correta<\/strong>: Aplique o shampoo no couro cabeludo e massageie suavemente. O condicionador deve ser aplicado nas pontas, evitando a raiz.<\/li>\n<\/ul>\n<ul>\n<li><strong>Enx\u00e1gue Bem<\/strong>: Certifique-se de enxaguar bem os produtos. Restos de shampoo ou condicionador podem causar ac\u00famulo e deixar os fios pesados.<\/li>\n<\/ul>\n<h3 id=\"cuidadoscomcabelocacheadodicasparamanterasade\">Cuidados com Cabelo Cacheado: Dicas para Manter a Sa\u00fade<\/h3>\n<p>Cabelos cacheados possuem suas pr\u00f3prias necessidades. Aqui est\u00e3o algumas dicas para voc\u00ea manter a sa\u00fade dos seus cachos:<\/p>\n<ul>\n<li><strong>Hidrata\u00e7\u00e3o Regular<\/strong>: Fa\u00e7a hidrata\u00e7\u00f5es semanais para manter os fios bem nutridos e evitar o frizz.<\/li>\n<\/ul>\n<ul>\n<li><strong>Use Produtos Espec\u00edficos<\/strong>: Escolha shampoos e condicionadores que sejam livres de sulfatos e parabenos. Produtos espec\u00edficos para cabelos cacheados ajudam na defini\u00e7\u00e3o dos cachos.<\/li>\n<\/ul>\n<ul>\n<li><strong>Evite Calor Excessivo<\/strong>: Minimize o uso de secadores e chapinhas. Se precisar usar, aplique um protetor t\u00e9rmico.<\/li>\n<\/ul>\n<ul>\n<li><strong>Desembarace com Cuidado<\/strong>: Use um pente de dentes largos e sempre com os cabelos \u00famidos para evitar quebras.<\/li>\n<\/ul>\n<h4 id=\"aimportnciadarotaodecuidadoscapilaresnasadedocabelo\">A Import\u00e2ncia da Rota\u00e7\u00e3o de Cuidados Capilares na Sa\u00fade do Cabelo<\/h4>\n<p>A <strong>rota\u00e7\u00e3o de cuidados capilares<\/strong> \u00e9 essencial para a sa\u00fade dos seus fios. Variar os produtos e t\u00e9cnicas ajuda a evitar o ac\u00famulo de res\u00edduos e a adapta\u00e7\u00e3o do cabelo aos produtos. Isso garante que voc\u00ea esteja sempre nutrindo seus fios com o que eles realmente precisam. Al\u00e9m disso, essa pr\u00e1tica pode ajudar a prevenir problemas como queda e frizz.<\/p>\n<table>\n<thead>\n<tr>\n<th>Tipo de Cabelo<\/th>\n<th>Produtos Recomendados<\/th>\n<\/tr>\n<\/thead>\n<tbody>\n<tr>\n<td>Oleoso<\/td>\n<td>Shampoo leve e condicionador hidratante<\/td>\n<\/tr>\n<tr>\n<td>Seco<\/td>\n<td>Shampoo nutritivo e condicionador rico em \u00f3leos<\/td>\n<\/tr>\n<tr>\n<td>Cacheado<\/td>\n<td>Shampoo sem sulfato e condicionador definidor<\/td>\n<\/tr>\n<tr>\n<td>Liso<\/td>\n<td>Shampoo equilibrante e condicionador leve<\/td>\n<\/tr>\n<\/tbody>\n<\/table>\n<h2 id=\"concluso\">Conclus\u00e3o<\/h2>\n<p>Em resumo, <strong>cuidar do seu cabelo<\/strong> \u00e9 uma jornada que exige dedica\u00e7\u00e3o e aten\u00e7\u00e3o aos detalhes. Ao adotar uma <strong>rotina de cuidados capilares<\/strong> que inclua <strong>hidrata\u00e7\u00e3o profunda<\/strong>, o uso de <strong>m\u00e1scaras capilares<\/strong> e a escolha de <strong>produtos adequados<\/strong>, voc\u00ea poder\u00e1 <strong>fortalecer seus fios<\/strong> e <strong>combater a queda e o frizz<\/strong>. Lembre-se de que cada cabelo \u00e9 \u00fanico, e ajustar sua rotina \u00e0s suas necessidades espec\u00edficas \u00e9 fundamental para alcan\u00e7ar resultados satisfat\u00f3rios.<\/p>\n<p>N\u00e3o deixe de explorar mais sobre este tema e descobrir novos segredos para manter suas madeixas deslumbrantes. Visite <a href=\"https:\/\/ubirataonline.com.br\/en\/\">Ubirata Online<\/a> e continue sua leitura!<\/p>\n<h2 id=\"perguntasfrequentes\">Perguntas Frequentes<\/h2>\n<h3 id=\"comopossoreduziraquedadecabelo\">Como posso reduzir a queda de cabelo?<\/h3>\n<p>Aplique um shampoo suave e evite lavagens excessivas. Use condicionador sempre que lavar.<\/p>\n<h3 id=\"oquedevoincluirnaminharotinadecuidadocomcabeloparaprevenirquedaefrizz\">O que devo incluir na minha rotina de cuidado com cabelo para prevenir queda e frizz?<\/h3>\n<p>Use m\u00e1scaras capilares uma vez por semana. Hidrate bem e evite temperaturas altas ao secar.<\/p>\n<h3 id=\"quaisingredientessobonsparaprevenirfrizz\">Quais ingredientes s\u00e3o bons para prevenir frizz?<\/h3>\n<p>\u00d3leos naturais como \u00f3leo de argan e jojoba s\u00e3o \u00f3timos. Eles hidratam e controlam o frizz.<\/p>\n<h3 id=\"comquefrequnciadevocortarocabeloparaevitaraquedaeofrizz\">Com que frequ\u00eancia devo cortar o cabelo para evitar a queda e o frizz?<\/h3>\n<p>Corte os fios a cada 6-8 semanas. Isso ajuda a manter as pontas saud\u00e1veis e reduzir a quebra.<\/p>\n<h3 id=\"aalimentaopodeafetarmeucabelo\">A alimenta\u00e7\u00e3o pode afetar meu cabelo?<\/h3>\n<p>Sim! Consuma alimentos ricos em vitaminas e prote\u00ednas. Isso fortalece os fios e previne a queda.<\/p>","protected":false},"excerpt":{"rendered":"<p>Descubra rotinas de cuidado com cabelo para prevenir queda e frizz que v\u00e3o transformar seus fios. N\u00e3o perca dicas valiosas para cabelos saud\u00e1veis e bonitos!<\/p>","protected":false},"author":1,"featured_media":61631,"comment_status":"closed","ping_status":"closed","sticky":false,"template":"","format":"standard","meta":{"googlesitekit_rrm_CAow2JLhCw:productID":"","_gspb_post_css":"","maa_idioma":"","maa_pais":"","footnotes":""},"categories":[1806,30],"tags":[78],"class_list":["post-61630","post","type-post","status-publish","format-standard","has-post-thumbnail","hentry","category-noticias","category-saude","tag-saude"],"blocksy_meta":[],"yoast_head":"<!-- This site is optimized with the Yoast SEO Premium plugin v27.6 (Yoast SEO v27.6) - https:\/\/yoast.com\/product\/yoast-seo-premium-wordpress\/ -->\n<title>Rotinas de cuidado com cabelo para prevenir queda e frizz<\/title>\n<meta name=\"description\" content=\"Descubra rotinas de cuidado com cabelo para prevenir queda e frizz que v\u00e3o transformar seus fios. N\u00e3o perca dicas valiosas para cabelos saud\u00e1veis e bonitos!\" \/>\n<meta name=\"robots\" content=\"index, follow, max-snippet:-1, max-image-preview:large, max-video-preview:-1\" \/>\n<link rel=\"canonical\" href=\"https:\/\/ubirataonline.com.br\/en\/rotinas-de-cuidado-com-cabelo-para-prevenir-queda-e-frizz\/\" \/>\n<meta property=\"og:locale\" content=\"en_US\" \/>\n<meta property=\"og:type\" content=\"article\" \/>\n<meta property=\"og:title\" content=\"Rotinas de cuidado com cabelo para prevenir queda e frizz\" \/>\n<meta property=\"og:description\" content=\"Descubra rotinas de cuidado com cabelo para prevenir queda e frizz que v\u00e3o transformar seus fios. N\u00e3o perca dicas valiosas para cabelos saud\u00e1veis e bonitos!\" \/>\n<meta property=\"og:url\" content=\"https:\/\/ubirataonline.com.br\/en\/rotinas-de-cuidado-com-cabelo-para-prevenir-queda-e-frizz\/\" \/>\n<meta property=\"og:site_name\" content=\"Ubirat\u00e3 Online Not\u00edcias - A realidade ao seu alcance!\" \/>\n<meta property=\"article:publisher\" content=\"https:\/\/www.facebook.com\/portalubirataonline\" \/>\n<meta property=\"article:author\" content=\"https:\/\/www.facebook.com\/portalubirataonline\" \/>\n<meta property=\"article:published_time\" content=\"2025-09-04T21:30:49+00:00\" \/>\n<meta property=\"og:image\" content=\"https:\/\/ubirataonline.com.br\/wp-content\/uploads\/2025\/05\/rotinas-de-cuidado-com-cabelo-para-prevenir-queda-e-frizz.jpg\" \/>\n\t<meta property=\"og:image:width\" content=\"1200\" \/>\n\t<meta property=\"og:image:height\" content=\"675\" \/>\n\t<meta property=\"og:image:type\" content=\"image\/jpeg\" \/>\n<meta name=\"author\" content=\"REDA\u00c7\u00c3O: UBIRAT\u00c3 ONLINE - F\u00c1BIO AUGUSTO CELESTINO\" \/>\n<meta name=\"twitter:card\" content=\"summary_large_image\" \/>\n<meta name=\"twitter:creator\" content=\"@x.com\/ubirataonline\" \/>\n<meta name=\"twitter:site\" content=\"@ubirataonline\" \/>\n<meta name=\"twitter:label1\" content=\"Written by\" \/>\n\t<meta name=\"twitter:data1\" content=\"REDA\u00c7\u00c3O: UBIRAT\u00c3 ONLINE - F\u00c1BIO AUGUSTO CELESTINO\" \/>\n\t<meta name=\"twitter:label2\" content=\"Est. reading time\" \/>\n\t<meta name=\"twitter:data2\" content=\"8 minutes\" \/>\n<script type=\"application\/ld+json\" class=\"yoast-schema-graph\">{\"@context\":\"https:\\\/\\\/schema.org\",\"@graph\":[{\"@type\":\"NewsArticle\",\"@id\":\"https:\\\/\\\/ubirataonline.com.br\\\/rotinas-de-cuidado-com-cabelo-para-prevenir-queda-e-frizz\\\/#article\",\"isPartOf\":{\"@id\":\"https:\\\/\\\/ubirataonline.com.br\\\/rotinas-de-cuidado-com-cabelo-para-prevenir-queda-e-frizz\\\/\"},\"author\":{\"name\":\"REDA\u00c7\u00c3O: UBIRAT\u00c3 ONLINE - F\u00c1BIO AUGUSTO CELESTINO\",\"@id\":\"https:\\\/\\\/ubirataonline.com.br\\\/#\\\/schema\\\/person\\\/372f87bbd3fdd79b8556b84c98d0bc1c\"},\"headline\":\"Rotinas de cuidado com cabelo para prevenir queda e frizz\",\"datePublished\":\"2025-09-04T21:30:49+00:00\",\"mainEntityOfPage\":{\"@id\":\"https:\\\/\\\/ubirataonline.com.br\\\/rotinas-de-cuidado-com-cabelo-para-prevenir-queda-e-frizz\\\/\"},\"wordCount\":1405,\"publisher\":{\"@id\":\"https:\\\/\\\/ubirataonline.com.br\\\/#organization\"},\"image\":{\"@id\":\"https:\\\/\\\/ubirataonline.com.br\\\/rotinas-de-cuidado-com-cabelo-para-prevenir-queda-e-frizz\\\/#primaryimage\"},\"thumbnailUrl\":\"https:\\\/\\\/ubirataonline.com.br\\\/wp-content\\\/uploads\\\/2025\\\/05\\\/rotinas-de-cuidado-com-cabelo-para-prevenir-queda-e-frizz.jpg\",\"keywords\":[\"sa\u00fade\"],\"articleSection\":[\"Noticias\",\"Sa\u00fade\"],\"inLanguage\":\"en-US\",\"copyrightYear\":\"2025\",\"copyrightHolder\":{\"@id\":\"https:\\\/\\\/ubirataonline.com.br\\\/en\\\/#organization\"}},{\"@type\":\"WebPage\",\"@id\":\"https:\\\/\\\/ubirataonline.com.br\\\/rotinas-de-cuidado-com-cabelo-para-prevenir-queda-e-frizz\\\/\",\"url\":\"https:\\\/\\\/ubirataonline.com.br\\\/rotinas-de-cuidado-com-cabelo-para-prevenir-queda-e-frizz\\\/\",\"name\":\"Rotinas de cuidado com cabelo para prevenir queda e frizz\",\"isPartOf\":{\"@id\":\"https:\\\/\\\/ubirataonline.com.br\\\/#website\"},\"primaryImageOfPage\":{\"@id\":\"https:\\\/\\\/ubirataonline.com.br\\\/rotinas-de-cuidado-com-cabelo-para-prevenir-queda-e-frizz\\\/#primaryimage\"},\"image\":{\"@id\":\"https:\\\/\\\/ubirataonline.com.br\\\/rotinas-de-cuidado-com-cabelo-para-prevenir-queda-e-frizz\\\/#primaryimage\"},\"thumbnailUrl\":\"https:\\\/\\\/ubirataonline.com.br\\\/wp-content\\\/uploads\\\/2025\\\/05\\\/rotinas-de-cuidado-com-cabelo-para-prevenir-queda-e-frizz.jpg\",\"datePublished\":\"2025-09-04T21:30:49+00:00\",\"description\":\"Descubra rotinas de cuidado com cabelo para prevenir queda e frizz que v\u00e3o transformar seus fios. N\u00e3o perca dicas valiosas para cabelos saud\u00e1veis e bonitos!\",\"breadcrumb\":{\"@id\":\"https:\\\/\\\/ubirataonline.com.br\\\/rotinas-de-cuidado-com-cabelo-para-prevenir-queda-e-frizz\\\/#breadcrumb\"},\"inLanguage\":\"en-US\",\"potentialAction\":[{\"@type\":\"ReadAction\",\"target\":[\"https:\\\/\\\/ubirataonline.com.br\\\/rotinas-de-cuidado-com-cabelo-para-prevenir-queda-e-frizz\\\/\"]}]},{\"@type\":\"ImageObject\",\"inLanguage\":\"en-US\",\"@id\":\"https:\\\/\\\/ubirataonline.com.br\\\/rotinas-de-cuidado-com-cabelo-para-prevenir-queda-e-frizz\\\/#primaryimage\",\"url\":\"https:\\\/\\\/ubirataonline.com.br\\\/wp-content\\\/uploads\\\/2025\\\/05\\\/rotinas-de-cuidado-com-cabelo-para-prevenir-queda-e-frizz.jpg\",\"contentUrl\":\"https:\\\/\\\/ubirataonline.com.br\\\/wp-content\\\/uploads\\\/2025\\\/05\\\/rotinas-de-cuidado-com-cabelo-para-prevenir-queda-e-frizz.jpg\",\"width\":1200,\"height\":675,\"caption\":\"rotinas-de-cuidado-com-cabelo-para-prevenir-queda-e-frizz\"},{\"@type\":\"BreadcrumbList\",\"@id\":\"https:\\\/\\\/ubirataonline.com.br\\\/rotinas-de-cuidado-com-cabelo-para-prevenir-queda-e-frizz\\\/#breadcrumb\",\"itemListElement\":[{\"@type\":\"ListItem\",\"position\":1,\"name\":\"In\u00edcio\",\"item\":\"https:\\\/\\\/ubirataonline.com.br\\\/\"},{\"@type\":\"ListItem\",\"position\":2,\"name\":\"Rotinas de cuidado com cabelo para prevenir queda e frizz\"}]},{\"@type\":\"WebSite\",\"@id\":\"https:\\\/\\\/ubirataonline.com.br\\\/#website\",\"url\":\"https:\\\/\\\/ubirataonline.com.br\\\/\",\"name\":\"Ubirat\u00e3 Online Not\u00edcias\",\"description\":\"Not\u00edcias de Ubirat\u00e3, regi\u00e3o, Brasil e mundo, com informa\u00e7\u00e3o atualizada e compromisso com o leitor.\",\"publisher\":{\"@id\":\"https:\\\/\\\/ubirataonline.com.br\\\/#organization\"},\"alternateName\":\"Ubirat\u00e3 Online\",\"potentialAction\":[{\"@type\":\"SearchAction\",\"target\":{\"@type\":\"EntryPoint\",\"urlTemplate\":\"https:\\\/\\\/ubirataonline.com.br\\\/?s={search_term_string}\"},\"query-input\":{\"@type\":\"PropertyValueSpecification\",\"valueRequired\":true,\"valueName\":\"search_term_string\"}}],\"inLanguage\":\"en-US\"},{\"@type\":[\"Organization\",\"Place\"],\"@id\":\"https:\\\/\\\/ubirataonline.com.br\\\/#organization\",\"name\":\"Ubirat\u00e3 Online Not\u00edcias\",\"alternateName\":\"Ubirat\u00e3 Online\",\"url\":\"https:\\\/\\\/ubirataonline.com.br\\\/\",\"logo\":{\"@id\":\"https:\\\/\\\/ubirataonline.com.br\\\/rotinas-de-cuidado-com-cabelo-para-prevenir-queda-e-frizz\\\/#local-main-organization-logo\"},\"image\":{\"@id\":\"https:\\\/\\\/ubirataonline.com.br\\\/rotinas-de-cuidado-com-cabelo-para-prevenir-queda-e-frizz\\\/#local-main-organization-logo\"},\"sameAs\":[\"https:\\\/\\\/www.facebook.com\\\/portalubirataonline\",\"https:\\\/\\\/x.com\\\/ubirataonline\",\"https:\\\/\\\/mastodon.social\\\/@ubirataonline\",\"https:\\\/\\\/www.facebook.com\\\/groups\\\/311144672285604\",\"https:\\\/\\\/www.facebook.com\\\/UBTAOnline\",\"https:\\\/\\\/www.instagram.com\\\/portalubirataonline\\\/\",\"https:\\\/\\\/twitter.com\\\/ubirataonline\"],\"description\":\"Somos um portal de not\u00edcias independente, criado em 5 de janeiro de 2009, com o objetivo de informar, conectar e valorizar a nossa comunidade de Ubirat\u00e3 e toda aregi\u00e3o. Com conte\u00fado atualizado, confi\u00e1vel e relevante, o Ubirat\u00e3 Online \u00e9 o seu espa\u00e7o para ficar por dentro dos principais acontecimentos locais, regionais, Brasil, Mundo e de interesse geral. Nosso compromisso \u00e9 com a verdade, a transpar\u00eancia e o respeito ao leitor.\",\"legalName\":\"UBIRATA ONLINE NOT\u00cdCIAS\",\"foundingDate\":\"2009-01-05\",\"numberOfEmployees\":{\"@type\":\"QuantitativeValue\",\"minValue\":\"1\",\"maxValue\":\"10\"},\"publishingPrinciples\":\"https:\\\/\\\/ubirataonline.com.br\\\/faq\\\/\",\"address\":{\"@id\":\"https:\\\/\\\/ubirataonline.com.br\\\/rotinas-de-cuidado-com-cabelo-para-prevenir-queda-e-frizz\\\/#local-main-place-address\"},\"geo\":{\"@type\":\"GeoCoordinates\",\"latitude\":\"-24.5361401\",\"longitude\":\"-52.9921776\"},\"telephone\":[\"+5544998308235\"],\"contactPoint\":{\"@type\":\"ContactPoint\",\"email\":\"contato@ubirataonline.com.br\"},\"openingHoursSpecification\":{\"@type\":\"OpeningHoursSpecification\",\"dayOfWeek\":[\"Monday\",\"Tuesday\",\"Wednesday\",\"Thursday\",\"Friday\",\"Saturday\",\"Sunday\"],\"opens\":\"00:00\",\"closes\":\"23:59\"},\"email\":\"contato@ubirataonline.com.br\",\"vatID\":\"47.621.418\\\/0001-80\"},{\"@type\":\"Person\",\"@id\":\"https:\\\/\\\/ubirataonline.com.br\\\/#\\\/schema\\\/person\\\/372f87bbd3fdd79b8556b84c98d0bc1c\",\"name\":\"REDA\u00c7\u00c3O: UBIRAT\u00c3 ONLINE - F\u00c1BIO AUGUSTO CELESTINO\",\"pronouns\":\"Ele\",\"description\":\"Desde 2003 trabalhando com not\u00edcias.\",\"sameAs\":[\"http:\\\/\\\/ubirataoline.com.br\",\"https:\\\/\\\/www.facebook.com\\\/portalubirataonline\",\"https:\\\/\\\/www.instagram.com\\\/ubirataonline_oficial\",\"https:\\\/\\\/x.com\\\/x.com\\\/ubirataonline\"],\"honorificPrefix\":\"Mr.\",\"honorificSuffix\":\"MD\",\"birthDate\":\"1980-06-16\",\"gender\":\"masculino\",\"award\":[\"V\u00e1rios pr\u00eamios de melhor portal da cidade\"],\"jobTitle\":\"Diretor\",\"url\":\"https:\\\/\\\/ubirataonline.com.br\\\/en\\\/author\\\/ubirataonline\\\/\"},{\"@type\":\"PostalAddress\",\"@id\":\"https:\\\/\\\/ubirataonline.com.br\\\/rotinas-de-cuidado-com-cabelo-para-prevenir-queda-e-frizz\\\/#local-main-place-address\",\"streetAddress\":\"Rua dos Coqueiros, 104 - Bairro Boa Vista, Rua dos Coqueiros, 104 Bairro Boa Vista\",\"addressLocality\":\"UBIRATA\",\"postalCode\":\"85440-000\",\"addressRegion\":\"PR\",\"addressCountry\":\"BR\"},{\"@type\":\"ImageObject\",\"inLanguage\":\"en-US\",\"@id\":\"https:\\\/\\\/ubirataonline.com.br\\\/rotinas-de-cuidado-com-cabelo-para-prevenir-queda-e-frizz\\\/#local-main-organization-logo\",\"url\":\"https:\\\/\\\/ubirataonline.com.br\\\/wp-content\\\/uploads\\\/2026\\\/06\\\/logoubirataonline-1.webp\",\"contentUrl\":\"https:\\\/\\\/ubirataonline.com.br\\\/wp-content\\\/uploads\\\/2026\\\/06\\\/logoubirataonline-1.webp\",\"width\":500,\"height\":500,\"caption\":\"Ubirat\u00e3 Online Not\u00edcias\"}]}<\/script>\n<meta name=\"geo.placename\" content=\"UBIRATA\" \/>\n<meta name=\"geo.position\" content=\"-24.5361401;-52.9921776\" \/>\n<meta name=\"geo.region\" content=\"Brazil\" \/>\n<!-- \/ Yoast SEO Premium plugin. -->","yoast_head_json":{"title":"Rotinas de cuidado com cabelo para prevenir queda e frizz","description":"Descubra rotinas de cuidado com cabelo para prevenir queda e frizz que v\u00e3o transformar seus fios. N\u00e3o perca dicas valiosas para cabelos saud\u00e1veis e bonitos!","robots":{"index":"index","follow":"follow","max-snippet":"max-snippet:-1","max-image-preview":"max-image-preview:large","max-video-preview":"max-video-preview:-1"},"canonical":"https:\/\/ubirataonline.com.br\/en\/rotinas-de-cuidado-com-cabelo-para-prevenir-queda-e-frizz\/","og_locale":"en_US","og_type":"article","og_title":"Rotinas de cuidado com cabelo para prevenir queda e frizz","og_description":"Descubra rotinas de cuidado com cabelo para prevenir queda e frizz que v\u00e3o transformar seus fios. N\u00e3o perca dicas valiosas para cabelos saud\u00e1veis e bonitos!","og_url":"https:\/\/ubirataonline.com.br\/en\/rotinas-de-cuidado-com-cabelo-para-prevenir-queda-e-frizz\/","og_site_name":"Ubirat\u00e3 Online Not\u00edcias - A realidade ao seu alcance!","article_publisher":"https:\/\/www.facebook.com\/portalubirataonline","article_author":"https:\/\/www.facebook.com\/portalubirataonline","article_published_time":"2025-09-04T21:30:49+00:00","og_image":[{"width":1200,"height":675,"url":"https:\/\/ubirataonline.com.br\/wp-content\/uploads\/2025\/05\/rotinas-de-cuidado-com-cabelo-para-prevenir-queda-e-frizz.jpg","type":"image\/jpeg"}],"author":"REDA\u00c7\u00c3O: UBIRAT\u00c3 ONLINE - F\u00c1BIO AUGUSTO CELESTINO","twitter_card":"summary_large_image","twitter_creator":"@x.com\/ubirataonline","twitter_site":"@ubirataonline","twitter_misc":{"Written by":"REDA\u00c7\u00c3O: UBIRAT\u00c3 ONLINE - F\u00c1BIO AUGUSTO CELESTINO","Est. reading time":"8 minutes"},"schema":{"@context":"https:\/\/schema.org","@graph":[{"@type":"NewsArticle","@id":"https:\/\/ubirataonline.com.br\/rotinas-de-cuidado-com-cabelo-para-prevenir-queda-e-frizz\/#article","isPartOf":{"@id":"https:\/\/ubirataonline.com.br\/rotinas-de-cuidado-com-cabelo-para-prevenir-queda-e-frizz\/"},"author":{"name":"REDA\u00c7\u00c3O: UBIRAT\u00c3 ONLINE - F\u00c1BIO AUGUSTO CELESTINO","@id":"https:\/\/ubirataonline.com.br\/#\/schema\/person\/372f87bbd3fdd79b8556b84c98d0bc1c"},"headline":"Rotinas de cuidado com cabelo para prevenir queda e frizz","datePublished":"2025-09-04T21:30:49+00:00","mainEntityOfPage":{"@id":"https:\/\/ubirataonline.com.br\/rotinas-de-cuidado-com-cabelo-para-prevenir-queda-e-frizz\/"},"wordCount":1405,"publisher":{"@id":"https:\/\/ubirataonline.com.br\/#organization"},"image":{"@id":"https:\/\/ubirataonline.com.br\/rotinas-de-cuidado-com-cabelo-para-prevenir-queda-e-frizz\/#primaryimage"},"thumbnailUrl":"https:\/\/ubirataonline.com.br\/wp-content\/uploads\/2025\/05\/rotinas-de-cuidado-com-cabelo-para-prevenir-queda-e-frizz.jpg","keywords":["sa\u00fade"],"articleSection":["Noticias","Sa\u00fade"],"inLanguage":"en-US","copyrightYear":"2025","copyrightHolder":{"@id":"https:\/\/ubirataonline.com.br\/en\/#organization"}},{"@type":"WebPage","@id":"https:\/\/ubirataonline.com.br\/rotinas-de-cuidado-com-cabelo-para-prevenir-queda-e-frizz\/","url":"https:\/\/ubirataonline.com.br\/rotinas-de-cuidado-com-cabelo-para-prevenir-queda-e-frizz\/","name":"Rotinas de cuidado com cabelo para prevenir queda e frizz","isPartOf":{"@id":"https:\/\/ubirataonline.com.br\/#website"},"primaryImageOfPage":{"@id":"https:\/\/ubirataonline.com.br\/rotinas-de-cuidado-com-cabelo-para-prevenir-queda-e-frizz\/#primaryimage"},"image":{"@id":"https:\/\/ubirataonline.com.br\/rotinas-de-cuidado-com-cabelo-para-prevenir-queda-e-frizz\/#primaryimage"},"thumbnailUrl":"https:\/\/ubirataonline.com.br\/wp-content\/uploads\/2025\/05\/rotinas-de-cuidado-com-cabelo-para-prevenir-queda-e-frizz.jpg","datePublished":"2025-09-04T21:30:49+00:00","description":"Descubra rotinas de cuidado com cabelo para prevenir queda e frizz que v\u00e3o transformar seus fios. N\u00e3o perca dicas valiosas para cabelos saud\u00e1veis e bonitos!","breadcrumb":{"@id":"https:\/\/ubirataonline.com.br\/rotinas-de-cuidado-com-cabelo-para-prevenir-queda-e-frizz\/#breadcrumb"},"inLanguage":"en-US","potentialAction":[{"@type":"ReadAction","target":["https:\/\/ubirataonline.com.br\/rotinas-de-cuidado-com-cabelo-para-prevenir-queda-e-frizz\/"]}]},{"@type":"ImageObject","inLanguage":"en-US","@id":"https:\/\/ubirataonline.com.br\/rotinas-de-cuidado-com-cabelo-para-prevenir-queda-e-frizz\/#primaryimage","url":"https:\/\/ubirataonline.com.br\/wp-content\/uploads\/2025\/05\/rotinas-de-cuidado-com-cabelo-para-prevenir-queda-e-frizz.jpg","contentUrl":"https:\/\/ubirataonline.com.br\/wp-content\/uploads\/2025\/05\/rotinas-de-cuidado-com-cabelo-para-prevenir-queda-e-frizz.jpg","width":1200,"height":675,"caption":"rotinas-de-cuidado-com-cabelo-para-prevenir-queda-e-frizz"},{"@type":"BreadcrumbList","@id":"https:\/\/ubirataonline.com.br\/rotinas-de-cuidado-com-cabelo-para-prevenir-queda-e-frizz\/#breadcrumb","itemListElement":[{"@type":"ListItem","position":1,"name":"In\u00edcio","item":"https:\/\/ubirataonline.com.br\/"},{"@type":"ListItem","position":2,"name":"Rotinas de cuidado com cabelo para prevenir queda e frizz"}]},{"@type":"WebSite","@id":"https:\/\/ubirataonline.com.br\/#website","url":"https:\/\/ubirataonline.com.br\/","name":"Ubirat\u00e3 Online Not\u00edcias","description":"Not\u00edcias de Ubirat\u00e3, regi\u00e3o, Brasil e mundo, com informa\u00e7\u00e3o atualizada e compromisso com o leitor.","publisher":{"@id":"https:\/\/ubirataonline.com.br\/#organization"},"alternateName":"Ubirat\u00e3 Online","potentialAction":[{"@type":"SearchAction","target":{"@type":"EntryPoint","urlTemplate":"https:\/\/ubirataonline.com.br\/?s={search_term_string}"},"query-input":{"@type":"PropertyValueSpecification","valueRequired":true,"valueName":"search_term_string"}}],"inLanguage":"en-US"},{"@type":["Organization","Place"],"@id":"https:\/\/ubirataonline.com.br\/#organization","name":"Ubirat\u00e3 Online Not\u00edcias","alternateName":"Ubirat\u00e3 Online","url":"https:\/\/ubirataonline.com.br\/","logo":{"@id":"https:\/\/ubirataonline.com.br\/rotinas-de-cuidado-com-cabelo-para-prevenir-queda-e-frizz\/#local-main-organization-logo"},"image":{"@id":"https:\/\/ubirataonline.com.br\/rotinas-de-cuidado-com-cabelo-para-prevenir-queda-e-frizz\/#local-main-organization-logo"},"sameAs":["https:\/\/www.facebook.com\/portalubirataonline","https:\/\/x.com\/ubirataonline","https:\/\/mastodon.social\/@ubirataonline","https:\/\/www.facebook.com\/groups\/311144672285604","https:\/\/www.facebook.com\/UBTAOnline","https:\/\/www.instagram.com\/portalubirataonline\/","https:\/\/twitter.com\/ubirataonline"],"description":"Somos um portal de not\u00edcias independente, criado em 5 de janeiro de 2009, com o objetivo de informar, conectar e valorizar a nossa comunidade de Ubirat\u00e3 e toda aregi\u00e3o. Com conte\u00fado atualizado, confi\u00e1vel e relevante, o Ubirat\u00e3 Online \u00e9 o seu espa\u00e7o para ficar por dentro dos principais acontecimentos locais, regionais, Brasil, Mundo e de interesse geral. Nosso compromisso \u00e9 com a verdade, a transpar\u00eancia e o respeito ao leitor.","legalName":"UBIRATA ONLINE NOT\u00cdCIAS","foundingDate":"2009-01-05","numberOfEmployees":{"@type":"QuantitativeValue","minValue":"1","maxValue":"10"},"publishingPrinciples":"https:\/\/ubirataonline.com.br\/faq\/","address":{"@id":"https:\/\/ubirataonline.com.br\/rotinas-de-cuidado-com-cabelo-para-prevenir-queda-e-frizz\/#local-main-place-address"},"geo":{"@type":"GeoCoordinates","latitude":"-24.5361401","longitude":"-52.9921776"},"telephone":["+5544998308235"],"contactPoint":{"@type":"ContactPoint","email":"contato@ubirataonline.com.br"},"openingHoursSpecification":{"@type":"OpeningHoursSpecification","dayOfWeek":["Monday","Tuesday","Wednesday","Thursday","Friday","Saturday","Sunday"],"opens":"00:00","closes":"23:59"},"email":"contato@ubirataonline.com.br","vatID":"47.621.418\/0001-80"},{"@type":"Person","@id":"https:\/\/ubirataonline.com.br\/#\/schema\/person\/372f87bbd3fdd79b8556b84c98d0bc1c","name":"REDA\u00c7\u00c3O: UBIRAT\u00c3 ONLINE - F\u00c1BIO AUGUSTO CELESTINO","pronouns":"Ele","description":"Desde 2003 trabalhando com not\u00edcias.","sameAs":["http:\/\/ubirataoline.com.br","https:\/\/www.facebook.com\/portalubirataonline","https:\/\/www.instagram.com\/ubirataonline_oficial","https:\/\/x.com\/x.com\/ubirataonline"],"honorificPrefix":"Mr.","honorificSuffix":"MD","birthDate":"1980-06-16","gender":"masculino","award":["V\u00e1rios pr\u00eamios de melhor portal da cidade"],"jobTitle":"Diretor","url":"https:\/\/ubirataonline.com.br\/en\/author\/ubirataonline\/"},{"@type":"PostalAddress","@id":"https:\/\/ubirataonline.com.br\/rotinas-de-cuidado-com-cabelo-para-prevenir-queda-e-frizz\/#local-main-place-address","streetAddress":"Rua dos Coqueiros, 104 - Bairro Boa Vista, Rua dos Coqueiros, 104 Bairro Boa Vista","addressLocality":"UBIRATA","postalCode":"85440-000","addressRegion":"PR","addressCountry":"BR"},{"@type":"ImageObject","inLanguage":"en-US","@id":"https:\/\/ubirataonline.com.br\/rotinas-de-cuidado-com-cabelo-para-prevenir-queda-e-frizz\/#local-main-organization-logo","url":"https:\/\/ubirataonline.com.br\/wp-content\/uploads\/2026\/06\/logoubirataonline-1.webp","contentUrl":"https:\/\/ubirataonline.com.br\/wp-content\/uploads\/2026\/06\/logoubirataonline-1.webp","width":500,"height":500,"caption":"Ubirat\u00e3 Online Not\u00edcias"}]},"geo.placename":"UBIRATA","geo.position":{"lat":"-24.5361401","long":"-52.9921776"},"geo.region":"Brazil"},"_links":{"self":[{"href":"https:\/\/ubirataonline.com.br\/en\/wp-json\/wp\/v2\/posts\/61630","targetHints":{"allow":["GET"]}}],"collection":[{"href":"https:\/\/ubirataonline.com.br\/en\/wp-json\/wp\/v2\/posts"}],"about":[{"href":"https:\/\/ubirataonline.com.br\/en\/wp-json\/wp\/v2\/types\/post"}],"author":[{"embeddable":true,"href":"https:\/\/ubirataonline.com.br\/en\/wp-json\/wp\/v2\/users\/1"}],"replies":[{"embeddable":true,"href":"https:\/\/ubirataonline.com.br\/en\/wp-json\/wp\/v2\/comments?post=61630"}],"version-history":[{"count":0,"href":"https:\/\/ubirataonline.com.br\/en\/wp-json\/wp\/v2\/posts\/61630\/revisions"}],"wp:featuredmedia":[{"embeddable":true,"href":"https:\/\/ubirataonline.com.br\/en\/wp-json\/wp\/v2\/media\/61631"}],"wp:attachment":[{"href":"https:\/\/ubirataonline.com.br\/en\/wp-json\/wp\/v2\/media?parent=61630"}],"wp:term":[{"taxonomy":"category","embeddable":true,"href":"https:\/\/ubirataonline.com.br\/en\/wp-json\/wp\/v2\/categories?post=61630"},{"taxonomy":"post_tag","embeddable":true,"href":"https:\/\/ubirataonline.com.br\/en\/wp-json\/wp\/v2\/tags?post=61630"}],"curies":[{"name":"wp","href":"https:\/\/api.w.org\/{rel}","templated":true}]}}