{"id":62078,"date":"2025-09-04T18:33:50","date_gmt":"2025-09-04T21:33:50","guid":{"rendered":"https:\/\/ubirataonline.com.br\/?p=62078"},"modified":"2025-09-04T18:33:50","modified_gmt":"2025-09-04T21:33:50","slug":"corinthians-da-vexame-e-sai-da-sul-americana","status":"publish","type":"post","link":"https:\/\/ubirataonline.com.br\/en\/corinthians-da-vexame-e-sai-da-sul-americana\/","title":{"rendered":"Corinthians d\u00e1 vexame e sai da Sul-Americana"},"content":{"rendered":"<p>Voc\u00ea j\u00e1 teve aquele dia em que tudo deu errado? Pois \u00e9, foi exatamente assim que o <strong>Corinthians<\/strong> se sentiu na <em>Copa Sul-Americana<\/em>. Eles foram eliminados ap\u00f3s uma derrota de 1 a 0 para o <strong>Hurac\u00e1n<\/strong>. O gol da vit\u00f3ria saiu logo no come\u00e7o do segundo tempo e deixou os corinthianos se perguntando: &#8220;O que fizemos de errado?&#8221;. Neste artigo, vamos rir (ou chorar) juntos sobre como essa elimina\u00e7\u00e3o foi descrita como <em>vexat\u00f3ria<\/em> e o que vem por a\u00ed para o time. Prepare-se, porque a saga do <strong>Corinthians<\/strong> continua!<\/p>\n<ul>\n<li>O Corinthians foi eliminado da Copa Sul-Americana.<\/li>\n<\/ul>\n<ul>\n<li>Perdeu para o Hurac\u00e1n por 1 a 0 em Buenos Aires.<\/li>\n<\/ul>\n<ul>\n<li>O gol do Hurac\u00e1n foi marcado por Franco Watson.<\/li>\n<\/ul>\n<ul>\n<li>O Corinthians ficou em terceiro lugar no grupo.<\/li>\n<\/ul>\n<ul>\n<li>Agora, o time se prepara para o jogo contra o Vit\u00f3ria.<\/li>\n<\/ul>\n<h2 id=\"corinthiansperdeevivedramanasula\">Corinthians Perde e Vive Drama na Sula<\/h2>\n<p>Ah, o Corinthians! O time que sempre nos promete emo\u00e7\u00f5es, mas \u00e0s vezes nos entrega um drama digno de novela. Na \u00faltima noite, o Tim\u00e3o se despediu da <strong>Copa Sul-Americana<\/strong> de uma forma que nem o pior dos roteiristas poderia imaginar. Eles perderam para o <strong>Hurac\u00e1n<\/strong> por 1 a 0 e, para completar o vexame, ainda contaram com uma ajuda inesperada dos colombianos, que decidiram marcar um gol nos segundos finais do outro jogo do grupo. O que foi isso, minha gente?<\/p>\n<h3 id=\"ojogoeovexame\">O Jogo e o Vexame<\/h3>\n<p>O confronto rolou no <strong>Est\u00e1dio El Palacio<\/strong>, em Buenos Aires, e foi um verdadeiro festival de emo\u00e7\u00f5es\u2026 ou de falta delas, dependendo do seu ponto de vista. O gol da vit\u00f3ria argentina foi marcado por <strong>Franco Watson<\/strong> logo no in\u00edcio do segundo tempo. E, olha, o goleiro <strong>Hugo Souza<\/strong> n\u00e3o ajudou muito, aceitando a finaliza\u00e7\u00e3o que foi para o canto onde ele j\u00e1 estava posicionado. O que ser\u00e1 que ele estava pensando? &#8220;Ah, vou dar uma chance para eles hoje&#8221;?<\/p>\n<h4 id=\"lancesimportantesdojogo\">Lances Importantes do Jogo<\/h4>\n<p>Aqui est\u00e3o alguns dos lances que fizeram a torcida do Corinthians puxar os cabelos:<\/p>\n<table>\n<thead>\n<tr>\n<th><strong>Lance<\/strong><\/th>\n<th><strong>Descri\u00e7\u00e3o<\/strong><\/th>\n<\/tr>\n<\/thead>\n<tbody>\n<tr>\n<td><strong>Gol do Hurac\u00e1n<\/strong><\/td>\n<td>Franco Watson, 1&#8242; do 2\u00ba tempo. Um belo gol para come\u00e7ar o drama.<\/td>\n<\/tr>\n<tr>\n<td><strong>Defesa de Hugo Souza<\/strong><\/td>\n<td>Ap\u00f3s um cruzamento, ele caiu no canto direito e agarrou uma finaliza\u00e7\u00e3o sem muita for\u00e7a.<\/td>\n<\/tr>\n<tr>\n<td><strong>Chute de Mart\u00ednez<\/strong><\/td>\n<td>A melhor chance do Tim\u00e3o antes do intervalo, mas a bola foi para as nuvens.<\/td>\n<\/tr>\n<tr>\n<td><strong>Falta de Garro<\/strong><\/td>\n<td>Cobran\u00e7a bem colocada, mas o goleiro Meza voou e evitou um gola\u00e7o.<\/td>\n<\/tr>\n<\/tbody>\n<\/table>\n<h3 id=\"odramadogrupoc\">O Drama do Grupo C<\/h3>\n<p>Agora, se voc\u00ea achou que a coisa ia melhorar, se enganou! O Corinthians estava se classificando gra\u00e7as \u00e0 vit\u00f3ria do <strong>Racing<\/strong> sobre o <strong>Am\u00e9rica de Cali<\/strong>. Mas, como se a vida fosse uma com\u00e9dia rom\u00e2ntica cheia de reviravoltas, um gol dos colombianos nos \u00faltimos segundos mudou tudo! O Tim\u00e3o acabou em terceiro lugar, com <strong>oito pontos<\/strong>, mesma pontua\u00e7\u00e3o do Am\u00e9rica, mas perdeu no confronto direto. E l\u00e1 se foi a esperan\u00e7a de avan\u00e7ar para os playoffs.<\/p>\n<table>\n<thead>\n<tr>\n<th><strong>Classifica\u00e7\u00e3o Final &#8211; Grupo C<\/strong><\/th>\n<\/tr>\n<\/thead>\n<tbody>\n<tr>\n<td><strong>1\u00ba<\/strong>: Hurac\u00e1n &#8211; 14 pontos<\/td>\n<\/tr>\n<tr>\n<td><strong>2\u00ba<\/strong>: Am\u00e9rica de Cali &#8211; 8 pontos<\/td>\n<\/tr>\n<tr>\n<td><strong>3\u00ba<\/strong>: Corinthians &#8211; 8 pontos<\/td>\n<\/tr>\n<\/tbody>\n<\/table>\n<h3 id=\"oquevemaseguir\">O Que Vem a Seguir?<\/h3>\n<p>Ap\u00f3s essa elimina\u00e7\u00e3o vexat\u00f3ria \u2014 e sim, foi a <strong>segunda<\/strong> do ano, j\u00e1 que no in\u00edcio da temporada o Corinthians tamb\u00e9m caiu para o <strong>Barcelona de Guayaquil<\/strong> na pr\u00e9-Libertadores \u2014 o Tim\u00e3o vai tentar se recuperar no <strong>Campeonato Brasileiro<\/strong>. No pr\u00f3ximo domingo, eles enfrentam o <strong>Vit\u00f3ria<\/strong> na <strong>Neo Qu\u00edmica Arena<\/strong>, \u00e0s 18h30. Ser\u00e1 que eles v\u00e3o conseguir se redimir ou v\u00e3o continuar a nos dar mais motivos para rir (ou chorar)?<\/p>\n<h2 id=\"concluso\">Conclus\u00e3o<\/h2>\n<p>E a\u00ed, voc\u00ea j\u00e1 est\u00e1 com o cora\u00e7\u00e3o na m\u00e3o, ou rindo da desgra\u00e7a alheia? O <strong>Corinthians<\/strong> nos proporcionou uma verdadeira montanha-russa de emo\u00e7\u00f5es, e a elimina\u00e7\u00e3o na <strong>Copa Sul-Americana<\/strong> foi s\u00f3 mais um cap\u00edtulo desse drama que parece n\u00e3o ter fim. Agora, com a cabe\u00e7a erguida (ou pelo menos tentando), o Tim\u00e3o se prepara para o pr\u00f3ximo desafio contra o <strong>Vit\u00f3ria<\/strong>. Ser\u00e1 que eles v\u00e3o conseguir dar a volta por cima ou v\u00e3o continuar fazendo a gente rir (ou chorar) com suas trapalhadas?<\/p>\n<p>Fique ligado, porque a saga do <strong>Corinthians<\/strong> promete ainda mais reviravoltas! E n\u00e3o esque\u00e7a, se voc\u00ea quer mais hist\u00f3rias como essa, passe l\u00e1 no nosso site em <a href=\"https:\/\/ubirataonline.com.br\/en\/\">Ubirata Online<\/a>. A gente se v\u00ea por l\u00e1!<\/p>\n<h2 id=\"perguntasfrequentes\">Frequently asked questions<\/h2>\n<h3 id=\"oqueaconteceucomocorinthiansnasul-americana\">O que aconteceu com o Corinthians na Sul-Americana?<\/h3>\n<p>O Corinthians foi eliminado da Copa Sul-Americana ap\u00f3s perder para o Hurac\u00e1n por 1 a 0.<\/p>\n<h3 id=\"quemmarcouogoldavitriaparaohuracn\">Quem marcou o gol da vit\u00f3ria para o Hurac\u00e1n?<\/h3>\n<p>Franco Watson marcou o gol da vit\u00f3ria logo no in\u00edcio do segundo tempo.<\/p>\n<h3 id=\"comoficouasituaodocorinthiansnogrupo\">Como ficou a situa\u00e7\u00e3o do Corinthians no grupo?<\/h3>\n<p>O Corinthians terminou em terceiro lugar, com 8 pontos, empatado com o Am\u00e9rica, mas perdeu no confronto direto.<\/p>\n<h3 id=\"quaisforamasprincipaisfalhasdocorinthiansnapartida\">Quais foram as principais falhas do Corinthians na partida?<\/h3>\n<p>O time teve dificuldades para criar chances e s\u00f3 fez duas finaliza\u00e7\u00f5es certas em 13 tentativas.<\/p>\n<h3 id=\"qualoprximodesafiodocorinthiansapsaeliminao\">Qual \u00e9 o pr\u00f3ximo desafio do Corinthians ap\u00f3s a elimina\u00e7\u00e3o?<\/h3>\n<p>O Corinthians se prepara para enfrentar o Vit\u00f3ria pelo Campeonato Brasileiro na Neo Qu\u00edmica Arena.<\/p>","protected":false},"excerpt":{"rendered":"<p>Corinthians surpreende e decepciona ao sair da Sul-Americana. Descubra o que aconteceu e as rea\u00e7\u00f5es dos torcedores!<\/p>","protected":false},"author":1,"featured_media":62085,"comment_status":"closed","ping_status":"closed","sticky":false,"template":"","format":"standard","meta":{"googlesitekit_rrm_CAow2JLhCw:productID":"","_gspb_post_css":"","maa_idioma":"","maa_pais":"","footnotes":""},"categories":[1],"tags":[140],"class_list":["post-62078","post","type-post","status-publish","format-standard","has-post-thumbnail","hentry","category-ubirata","tag-esportes"],"blocksy_meta":[],"yoast_head":"<!-- This site is optimized with the Yoast SEO Premium plugin v27.6 (Yoast SEO v27.6) - https:\/\/yoast.com\/product\/yoast-seo-premium-wordpress\/ -->\n<title>Corinthians d\u00e1 vexame e sai da Sul-Americana<\/title>\n<meta name=\"description\" content=\"Corinthians surpreende e decepciona ao sair da Sul-Americana. Descubra o que aconteceu e as rea\u00e7\u00f5es dos torcedores!\" \/>\n<meta name=\"robots\" content=\"index, follow, max-snippet:-1, max-image-preview:large, max-video-preview:-1\" \/>\n<link rel=\"canonical\" href=\"https:\/\/ubirataonline.com.br\/en\/corinthians-da-vexame-e-sai-da-sul-americana\/\" \/>\n<meta property=\"og:locale\" content=\"en_US\" \/>\n<meta property=\"og:type\" content=\"article\" \/>\n<meta property=\"og:title\" content=\"Corinthians d\u00e1 vexame e sai da Sul-Americana\" \/>\n<meta property=\"og:description\" content=\"Corinthians surpreende e decepciona ao sair da Sul-Americana. Descubra o que aconteceu e as rea\u00e7\u00f5es dos torcedores!\" \/>\n<meta property=\"og:url\" content=\"https:\/\/ubirataonline.com.br\/en\/corinthians-da-vexame-e-sai-da-sul-americana\/\" \/>\n<meta property=\"og:site_name\" content=\"Ubirat\u00e3 Online Not\u00edcias - A realidade ao seu alcance!\" \/>\n<meta property=\"article:publisher\" content=\"https:\/\/www.facebook.com\/portalubirataonline\" \/>\n<meta property=\"article:author\" content=\"https:\/\/www.facebook.com\/portalubirataonline\" \/>\n<meta property=\"article:published_time\" content=\"2025-09-04T21:33:50+00:00\" \/>\n<meta property=\"og:image\" content=\"https:\/\/ubirataonline.com.br\/wp-content\/uploads\/2025\/05\/memeacessonegado.jpg\" \/>\n\t<meta property=\"og:image:width\" content=\"832\" \/>\n\t<meta property=\"og:image:height\" content=\"795\" \/>\n\t<meta property=\"og:image:type\" content=\"image\/jpeg\" \/>\n<meta name=\"author\" content=\"REDA\u00c7\u00c3O: UBIRAT\u00c3 ONLINE - F\u00c1BIO AUGUSTO CELESTINO\" \/>\n<meta name=\"twitter:card\" content=\"summary_large_image\" \/>\n<meta name=\"twitter:creator\" content=\"@x.com\/ubirataonline\" \/>\n<meta name=\"twitter:site\" content=\"@ubirataonline\" \/>\n<meta name=\"twitter:label1\" content=\"Written by\" \/>\n\t<meta name=\"twitter:data1\" content=\"REDA\u00c7\u00c3O: UBIRAT\u00c3 ONLINE - F\u00c1BIO AUGUSTO CELESTINO\" \/>\n\t<meta name=\"twitter:label2\" content=\"Est. reading time\" \/>\n\t<meta name=\"twitter:data2\" content=\"5 minutes\" \/>\n<script type=\"application\/ld+json\" class=\"yoast-schema-graph\">{\"@context\":\"https:\\\/\\\/schema.org\",\"@graph\":[{\"@type\":\"NewsArticle\",\"@id\":\"https:\\\/\\\/ubirataonline.com.br\\\/corinthians-da-vexame-e-sai-da-sul-americana\\\/#article\",\"isPartOf\":{\"@id\":\"https:\\\/\\\/ubirataonline.com.br\\\/corinthians-da-vexame-e-sai-da-sul-americana\\\/\"},\"author\":{\"name\":\"REDA\u00c7\u00c3O: UBIRAT\u00c3 ONLINE - F\u00c1BIO AUGUSTO CELESTINO\",\"@id\":\"https:\\\/\\\/ubirataonline.com.br\\\/#\\\/schema\\\/person\\\/372f87bbd3fdd79b8556b84c98d0bc1c\"},\"headline\":\"Corinthians d\u00e1 vexame e sai da Sul-Americana\",\"datePublished\":\"2025-09-04T21:33:50+00:00\",\"mainEntityOfPage\":{\"@id\":\"https:\\\/\\\/ubirataonline.com.br\\\/corinthians-da-vexame-e-sai-da-sul-americana\\\/\"},\"wordCount\":889,\"publisher\":{\"@id\":\"https:\\\/\\\/ubirataonline.com.br\\\/#organization\"},\"image\":{\"@id\":\"https:\\\/\\\/ubirataonline.com.br\\\/corinthians-da-vexame-e-sai-da-sul-americana\\\/#primaryimage\"},\"thumbnailUrl\":\"https:\\\/\\\/ubirataonline.com.br\\\/wp-content\\\/uploads\\\/2025\\\/05\\\/memeacessonegado.jpg\",\"keywords\":[\"Esportes\"],\"articleSection\":[\"Ubirat\u00e3\"],\"inLanguage\":\"en-US\",\"copyrightYear\":\"2025\",\"copyrightHolder\":{\"@id\":\"https:\\\/\\\/ubirataonline.com.br\\\/en\\\/#organization\"}},{\"@type\":\"WebPage\",\"@id\":\"https:\\\/\\\/ubirataonline.com.br\\\/corinthians-da-vexame-e-sai-da-sul-americana\\\/\",\"url\":\"https:\\\/\\\/ubirataonline.com.br\\\/corinthians-da-vexame-e-sai-da-sul-americana\\\/\",\"name\":\"Corinthians d\u00e1 vexame e sai da Sul-Americana\",\"isPartOf\":{\"@id\":\"https:\\\/\\\/ubirataonline.com.br\\\/#website\"},\"primaryImageOfPage\":{\"@id\":\"https:\\\/\\\/ubirataonline.com.br\\\/corinthians-da-vexame-e-sai-da-sul-americana\\\/#primaryimage\"},\"image\":{\"@id\":\"https:\\\/\\\/ubirataonline.com.br\\\/corinthians-da-vexame-e-sai-da-sul-americana\\\/#primaryimage\"},\"thumbnailUrl\":\"https:\\\/\\\/ubirataonline.com.br\\\/wp-content\\\/uploads\\\/2025\\\/05\\\/memeacessonegado.jpg\",\"datePublished\":\"2025-09-04T21:33:50+00:00\",\"description\":\"Corinthians surpreende e decepciona ao sair da Sul-Americana. Descubra o que aconteceu e as rea\u00e7\u00f5es dos torcedores!\",\"breadcrumb\":{\"@id\":\"https:\\\/\\\/ubirataonline.com.br\\\/corinthians-da-vexame-e-sai-da-sul-americana\\\/#breadcrumb\"},\"inLanguage\":\"en-US\",\"potentialAction\":[{\"@type\":\"ReadAction\",\"target\":[\"https:\\\/\\\/ubirataonline.com.br\\\/corinthians-da-vexame-e-sai-da-sul-americana\\\/\"]}]},{\"@type\":\"ImageObject\",\"inLanguage\":\"en-US\",\"@id\":\"https:\\\/\\\/ubirataonline.com.br\\\/corinthians-da-vexame-e-sai-da-sul-americana\\\/#primaryimage\",\"url\":\"https:\\\/\\\/ubirataonline.com.br\\\/wp-content\\\/uploads\\\/2025\\\/05\\\/memeacessonegado.jpg\",\"contentUrl\":\"https:\\\/\\\/ubirataonline.com.br\\\/wp-content\\\/uploads\\\/2025\\\/05\\\/memeacessonegado.jpg\",\"width\":832,\"height\":795},{\"@type\":\"BreadcrumbList\",\"@id\":\"https:\\\/\\\/ubirataonline.com.br\\\/corinthians-da-vexame-e-sai-da-sul-americana\\\/#breadcrumb\",\"itemListElement\":[{\"@type\":\"ListItem\",\"position\":1,\"name\":\"In\u00edcio\",\"item\":\"https:\\\/\\\/ubirataonline.com.br\\\/\"},{\"@type\":\"ListItem\",\"position\":2,\"name\":\"Corinthians d\u00e1 vexame e sai da Sul-Americana\"}]},{\"@type\":\"WebSite\",\"@id\":\"https:\\\/\\\/ubirataonline.com.br\\\/#website\",\"url\":\"https:\\\/\\\/ubirataonline.com.br\\\/\",\"name\":\"Ubirat\u00e3 Online Not\u00edcias\",\"description\":\"Not\u00edcias de Ubirat\u00e3, regi\u00e3o, Brasil e mundo, com informa\u00e7\u00e3o atualizada e compromisso com o leitor.\",\"publisher\":{\"@id\":\"https:\\\/\\\/ubirataonline.com.br\\\/#organization\"},\"alternateName\":\"Ubirat\u00e3 Online\",\"potentialAction\":[{\"@type\":\"SearchAction\",\"target\":{\"@type\":\"EntryPoint\",\"urlTemplate\":\"https:\\\/\\\/ubirataonline.com.br\\\/?s={search_term_string}\"},\"query-input\":{\"@type\":\"PropertyValueSpecification\",\"valueRequired\":true,\"valueName\":\"search_term_string\"}}],\"inLanguage\":\"en-US\"},{\"@type\":[\"Organization\",\"Place\"],\"@id\":\"https:\\\/\\\/ubirataonline.com.br\\\/#organization\",\"name\":\"Ubirat\u00e3 Online Not\u00edcias\",\"alternateName\":\"Ubirat\u00e3 Online\",\"url\":\"https:\\\/\\\/ubirataonline.com.br\\\/\",\"logo\":{\"@id\":\"https:\\\/\\\/ubirataonline.com.br\\\/corinthians-da-vexame-e-sai-da-sul-americana\\\/#local-main-organization-logo\"},\"image\":{\"@id\":\"https:\\\/\\\/ubirataonline.com.br\\\/corinthians-da-vexame-e-sai-da-sul-americana\\\/#local-main-organization-logo\"},\"sameAs\":[\"https:\\\/\\\/www.facebook.com\\\/portalubirataonline\",\"https:\\\/\\\/x.com\\\/ubirataonline\",\"https:\\\/\\\/mastodon.social\\\/@ubirataonline\",\"https:\\\/\\\/www.facebook.com\\\/groups\\\/311144672285604\",\"https:\\\/\\\/www.facebook.com\\\/UBTAOnline\",\"https:\\\/\\\/www.instagram.com\\\/portalubirataonline\\\/\",\"https:\\\/\\\/twitter.com\\\/ubirataonline\"],\"description\":\"Somos um portal de not\u00edcias independente, criado em 5 de janeiro de 2009, com o objetivo de informar, conectar e valorizar a nossa comunidade de Ubirat\u00e3 e toda aregi\u00e3o. Com conte\u00fado atualizado, confi\u00e1vel e relevante, o Ubirat\u00e3 Online \u00e9 o seu espa\u00e7o para ficar por dentro dos principais acontecimentos locais, regionais, Brasil, Mundo e de interesse geral. Nosso compromisso \u00e9 com a verdade, a transpar\u00eancia e o respeito ao leitor.\",\"legalName\":\"UBIRATA ONLINE NOT\u00cdCIAS\",\"foundingDate\":\"2009-01-05\",\"numberOfEmployees\":{\"@type\":\"QuantitativeValue\",\"minValue\":\"1\",\"maxValue\":\"10\"},\"publishingPrinciples\":\"https:\\\/\\\/ubirataonline.com.br\\\/faq\\\/\",\"address\":{\"@id\":\"https:\\\/\\\/ubirataonline.com.br\\\/corinthians-da-vexame-e-sai-da-sul-americana\\\/#local-main-place-address\"},\"geo\":{\"@type\":\"GeoCoordinates\",\"latitude\":\"-24.5361401\",\"longitude\":\"-52.9921776\"},\"telephone\":[\"+5544998308235\"],\"contactPoint\":{\"@type\":\"ContactPoint\",\"email\":\"contato@ubirataonline.com.br\"},\"openingHoursSpecification\":{\"@type\":\"OpeningHoursSpecification\",\"dayOfWeek\":[\"Monday\",\"Tuesday\",\"Wednesday\",\"Thursday\",\"Friday\",\"Saturday\",\"Sunday\"],\"opens\":\"00:00\",\"closes\":\"23:59\"},\"email\":\"contato@ubirataonline.com.br\",\"vatID\":\"47.621.418\\\/0001-80\"},{\"@type\":\"Person\",\"@id\":\"https:\\\/\\\/ubirataonline.com.br\\\/#\\\/schema\\\/person\\\/372f87bbd3fdd79b8556b84c98d0bc1c\",\"name\":\"REDA\u00c7\u00c3O: UBIRAT\u00c3 ONLINE - F\u00c1BIO AUGUSTO CELESTINO\",\"pronouns\":\"Ele\",\"description\":\"Desde 2003 trabalhando com not\u00edcias.\",\"sameAs\":[\"http:\\\/\\\/ubirataoline.com.br\",\"https:\\\/\\\/www.facebook.com\\\/portalubirataonline\",\"https:\\\/\\\/www.instagram.com\\\/ubirataonline_oficial\",\"https:\\\/\\\/x.com\\\/x.com\\\/ubirataonline\"],\"honorificPrefix\":\"Mr.\",\"honorificSuffix\":\"MD\",\"birthDate\":\"1980-06-16\",\"gender\":\"masculino\",\"award\":[\"V\u00e1rios pr\u00eamios de melhor portal da cidade\"],\"jobTitle\":\"Diretor\",\"url\":\"https:\\\/\\\/ubirataonline.com.br\\\/en\\\/author\\\/ubirataonline\\\/\"},{\"@type\":\"PostalAddress\",\"@id\":\"https:\\\/\\\/ubirataonline.com.br\\\/corinthians-da-vexame-e-sai-da-sul-americana\\\/#local-main-place-address\",\"streetAddress\":\"Rua dos Coqueiros, 104 - Bairro Boa Vista, Rua dos Coqueiros, 104 Bairro Boa Vista\",\"addressLocality\":\"UBIRATA\",\"postalCode\":\"85440-000\",\"addressRegion\":\"PR\",\"addressCountry\":\"BR\"},{\"@type\":\"ImageObject\",\"inLanguage\":\"en-US\",\"@id\":\"https:\\\/\\\/ubirataonline.com.br\\\/corinthians-da-vexame-e-sai-da-sul-americana\\\/#local-main-organization-logo\",\"url\":\"https:\\\/\\\/ubirataonline.com.br\\\/wp-content\\\/uploads\\\/2026\\\/06\\\/logoubirataonline-1.webp\",\"contentUrl\":\"https:\\\/\\\/ubirataonline.com.br\\\/wp-content\\\/uploads\\\/2026\\\/06\\\/logoubirataonline-1.webp\",\"width\":500,\"height\":500,\"caption\":\"Ubirat\u00e3 Online Not\u00edcias\"}]}<\/script>\n<meta name=\"geo.placename\" content=\"UBIRATA\" \/>\n<meta name=\"geo.position\" content=\"-24.5361401;-52.9921776\" \/>\n<meta name=\"geo.region\" content=\"Brazil\" \/>\n<!-- \/ Yoast SEO Premium plugin. -->","yoast_head_json":{"title":"Corinthians d\u00e1 vexame e sai da Sul-Americana","description":"Corinthians surpreende e decepciona ao sair da Sul-Americana. Descubra o que aconteceu e as rea\u00e7\u00f5es dos torcedores!","robots":{"index":"index","follow":"follow","max-snippet":"max-snippet:-1","max-image-preview":"max-image-preview:large","max-video-preview":"max-video-preview:-1"},"canonical":"https:\/\/ubirataonline.com.br\/en\/corinthians-da-vexame-e-sai-da-sul-americana\/","og_locale":"en_US","og_type":"article","og_title":"Corinthians d\u00e1 vexame e sai da Sul-Americana","og_description":"Corinthians surpreende e decepciona ao sair da Sul-Americana. Descubra o que aconteceu e as rea\u00e7\u00f5es dos torcedores!","og_url":"https:\/\/ubirataonline.com.br\/en\/corinthians-da-vexame-e-sai-da-sul-americana\/","og_site_name":"Ubirat\u00e3 Online Not\u00edcias - A realidade ao seu alcance!","article_publisher":"https:\/\/www.facebook.com\/portalubirataonline","article_author":"https:\/\/www.facebook.com\/portalubirataonline","article_published_time":"2025-09-04T21:33:50+00:00","og_image":[{"width":832,"height":795,"url":"https:\/\/ubirataonline.com.br\/wp-content\/uploads\/2025\/05\/memeacessonegado.jpg","type":"image\/jpeg"}],"author":"REDA\u00c7\u00c3O: UBIRAT\u00c3 ONLINE - F\u00c1BIO AUGUSTO CELESTINO","twitter_card":"summary_large_image","twitter_creator":"@x.com\/ubirataonline","twitter_site":"@ubirataonline","twitter_misc":{"Written by":"REDA\u00c7\u00c3O: UBIRAT\u00c3 ONLINE - F\u00c1BIO AUGUSTO CELESTINO","Est. reading time":"5 minutes"},"schema":{"@context":"https:\/\/schema.org","@graph":[{"@type":"NewsArticle","@id":"https:\/\/ubirataonline.com.br\/corinthians-da-vexame-e-sai-da-sul-americana\/#article","isPartOf":{"@id":"https:\/\/ubirataonline.com.br\/corinthians-da-vexame-e-sai-da-sul-americana\/"},"author":{"name":"REDA\u00c7\u00c3O: UBIRAT\u00c3 ONLINE - F\u00c1BIO AUGUSTO CELESTINO","@id":"https:\/\/ubirataonline.com.br\/#\/schema\/person\/372f87bbd3fdd79b8556b84c98d0bc1c"},"headline":"Corinthians d\u00e1 vexame e sai da Sul-Americana","datePublished":"2025-09-04T21:33:50+00:00","mainEntityOfPage":{"@id":"https:\/\/ubirataonline.com.br\/corinthians-da-vexame-e-sai-da-sul-americana\/"},"wordCount":889,"publisher":{"@id":"https:\/\/ubirataonline.com.br\/#organization"},"image":{"@id":"https:\/\/ubirataonline.com.br\/corinthians-da-vexame-e-sai-da-sul-americana\/#primaryimage"},"thumbnailUrl":"https:\/\/ubirataonline.com.br\/wp-content\/uploads\/2025\/05\/memeacessonegado.jpg","keywords":["Esportes"],"articleSection":["Ubirat\u00e3"],"inLanguage":"en-US","copyrightYear":"2025","copyrightHolder":{"@id":"https:\/\/ubirataonline.com.br\/en\/#organization"}},{"@type":"WebPage","@id":"https:\/\/ubirataonline.com.br\/corinthians-da-vexame-e-sai-da-sul-americana\/","url":"https:\/\/ubirataonline.com.br\/corinthians-da-vexame-e-sai-da-sul-americana\/","name":"Corinthians d\u00e1 vexame e sai da Sul-Americana","isPartOf":{"@id":"https:\/\/ubirataonline.com.br\/#website"},"primaryImageOfPage":{"@id":"https:\/\/ubirataonline.com.br\/corinthians-da-vexame-e-sai-da-sul-americana\/#primaryimage"},"image":{"@id":"https:\/\/ubirataonline.com.br\/corinthians-da-vexame-e-sai-da-sul-americana\/#primaryimage"},"thumbnailUrl":"https:\/\/ubirataonline.com.br\/wp-content\/uploads\/2025\/05\/memeacessonegado.jpg","datePublished":"2025-09-04T21:33:50+00:00","description":"Corinthians surpreende e decepciona ao sair da Sul-Americana. Descubra o que aconteceu e as rea\u00e7\u00f5es dos torcedores!","breadcrumb":{"@id":"https:\/\/ubirataonline.com.br\/corinthians-da-vexame-e-sai-da-sul-americana\/#breadcrumb"},"inLanguage":"en-US","potentialAction":[{"@type":"ReadAction","target":["https:\/\/ubirataonline.com.br\/corinthians-da-vexame-e-sai-da-sul-americana\/"]}]},{"@type":"ImageObject","inLanguage":"en-US","@id":"https:\/\/ubirataonline.com.br\/corinthians-da-vexame-e-sai-da-sul-americana\/#primaryimage","url":"https:\/\/ubirataonline.com.br\/wp-content\/uploads\/2025\/05\/memeacessonegado.jpg","contentUrl":"https:\/\/ubirataonline.com.br\/wp-content\/uploads\/2025\/05\/memeacessonegado.jpg","width":832,"height":795},{"@type":"BreadcrumbList","@id":"https:\/\/ubirataonline.com.br\/corinthians-da-vexame-e-sai-da-sul-americana\/#breadcrumb","itemListElement":[{"@type":"ListItem","position":1,"name":"In\u00edcio","item":"https:\/\/ubirataonline.com.br\/"},{"@type":"ListItem","position":2,"name":"Corinthians d\u00e1 vexame e sai da Sul-Americana"}]},{"@type":"WebSite","@id":"https:\/\/ubirataonline.com.br\/#website","url":"https:\/\/ubirataonline.com.br\/","name":"Ubirat\u00e3 Online Not\u00edcias","description":"Not\u00edcias de Ubirat\u00e3, regi\u00e3o, Brasil e mundo, com informa\u00e7\u00e3o atualizada e compromisso com o leitor.","publisher":{"@id":"https:\/\/ubirataonline.com.br\/#organization"},"alternateName":"Ubirat\u00e3 Online","potentialAction":[{"@type":"SearchAction","target":{"@type":"EntryPoint","urlTemplate":"https:\/\/ubirataonline.com.br\/?s={search_term_string}"},"query-input":{"@type":"PropertyValueSpecification","valueRequired":true,"valueName":"search_term_string"}}],"inLanguage":"en-US"},{"@type":["Organization","Place"],"@id":"https:\/\/ubirataonline.com.br\/#organization","name":"Ubirat\u00e3 Online Not\u00edcias","alternateName":"Ubirat\u00e3 Online","url":"https:\/\/ubirataonline.com.br\/","logo":{"@id":"https:\/\/ubirataonline.com.br\/corinthians-da-vexame-e-sai-da-sul-americana\/#local-main-organization-logo"},"image":{"@id":"https:\/\/ubirataonline.com.br\/corinthians-da-vexame-e-sai-da-sul-americana\/#local-main-organization-logo"},"sameAs":["https:\/\/www.facebook.com\/portalubirataonline","https:\/\/x.com\/ubirataonline","https:\/\/mastodon.social\/@ubirataonline","https:\/\/www.facebook.com\/groups\/311144672285604","https:\/\/www.facebook.com\/UBTAOnline","https:\/\/www.instagram.com\/portalubirataonline\/","https:\/\/twitter.com\/ubirataonline"],"description":"Somos um portal de not\u00edcias independente, criado em 5 de janeiro de 2009, com o objetivo de informar, conectar e valorizar a nossa comunidade de Ubirat\u00e3 e toda aregi\u00e3o. Com conte\u00fado atualizado, confi\u00e1vel e relevante, o Ubirat\u00e3 Online \u00e9 o seu espa\u00e7o para ficar por dentro dos principais acontecimentos locais, regionais, Brasil, Mundo e de interesse geral. Nosso compromisso \u00e9 com a verdade, a transpar\u00eancia e o respeito ao leitor.","legalName":"UBIRATA ONLINE NOT\u00cdCIAS","foundingDate":"2009-01-05","numberOfEmployees":{"@type":"QuantitativeValue","minValue":"1","maxValue":"10"},"publishingPrinciples":"https:\/\/ubirataonline.com.br\/faq\/","address":{"@id":"https:\/\/ubirataonline.com.br\/corinthians-da-vexame-e-sai-da-sul-americana\/#local-main-place-address"},"geo":{"@type":"GeoCoordinates","latitude":"-24.5361401","longitude":"-52.9921776"},"telephone":["+5544998308235"],"contactPoint":{"@type":"ContactPoint","email":"contato@ubirataonline.com.br"},"openingHoursSpecification":{"@type":"OpeningHoursSpecification","dayOfWeek":["Monday","Tuesday","Wednesday","Thursday","Friday","Saturday","Sunday"],"opens":"00:00","closes":"23:59"},"email":"contato@ubirataonline.com.br","vatID":"47.621.418\/0001-80"},{"@type":"Person","@id":"https:\/\/ubirataonline.com.br\/#\/schema\/person\/372f87bbd3fdd79b8556b84c98d0bc1c","name":"REDA\u00c7\u00c3O: UBIRAT\u00c3 ONLINE - F\u00c1BIO AUGUSTO CELESTINO","pronouns":"Ele","description":"Desde 2003 trabalhando com not\u00edcias.","sameAs":["http:\/\/ubirataoline.com.br","https:\/\/www.facebook.com\/portalubirataonline","https:\/\/www.instagram.com\/ubirataonline_oficial","https:\/\/x.com\/x.com\/ubirataonline"],"honorificPrefix":"Mr.","honorificSuffix":"MD","birthDate":"1980-06-16","gender":"masculino","award":["V\u00e1rios pr\u00eamios de melhor portal da cidade"],"jobTitle":"Diretor","url":"https:\/\/ubirataonline.com.br\/en\/author\/ubirataonline\/"},{"@type":"PostalAddress","@id":"https:\/\/ubirataonline.com.br\/corinthians-da-vexame-e-sai-da-sul-americana\/#local-main-place-address","streetAddress":"Rua dos Coqueiros, 104 - Bairro Boa Vista, Rua dos Coqueiros, 104 Bairro Boa Vista","addressLocality":"UBIRATA","postalCode":"85440-000","addressRegion":"PR","addressCountry":"BR"},{"@type":"ImageObject","inLanguage":"en-US","@id":"https:\/\/ubirataonline.com.br\/corinthians-da-vexame-e-sai-da-sul-americana\/#local-main-organization-logo","url":"https:\/\/ubirataonline.com.br\/wp-content\/uploads\/2026\/06\/logoubirataonline-1.webp","contentUrl":"https:\/\/ubirataonline.com.br\/wp-content\/uploads\/2026\/06\/logoubirataonline-1.webp","width":500,"height":500,"caption":"Ubirat\u00e3 Online Not\u00edcias"}]},"geo.placename":"UBIRATA","geo.position":{"lat":"-24.5361401","long":"-52.9921776"},"geo.region":"Brazil"},"_links":{"self":[{"href":"https:\/\/ubirataonline.com.br\/en\/wp-json\/wp\/v2\/posts\/62078","targetHints":{"allow":["GET"]}}],"collection":[{"href":"https:\/\/ubirataonline.com.br\/en\/wp-json\/wp\/v2\/posts"}],"about":[{"href":"https:\/\/ubirataonline.com.br\/en\/wp-json\/wp\/v2\/types\/post"}],"author":[{"embeddable":true,"href":"https:\/\/ubirataonline.com.br\/en\/wp-json\/wp\/v2\/users\/1"}],"replies":[{"embeddable":true,"href":"https:\/\/ubirataonline.com.br\/en\/wp-json\/wp\/v2\/comments?post=62078"}],"version-history":[{"count":0,"href":"https:\/\/ubirataonline.com.br\/en\/wp-json\/wp\/v2\/posts\/62078\/revisions"}],"wp:featuredmedia":[{"embeddable":true,"href":"https:\/\/ubirataonline.com.br\/en\/wp-json\/wp\/v2\/media\/62085"}],"wp:attachment":[{"href":"https:\/\/ubirataonline.com.br\/en\/wp-json\/wp\/v2\/media?parent=62078"}],"wp:term":[{"taxonomy":"category","embeddable":true,"href":"https:\/\/ubirataonline.com.br\/en\/wp-json\/wp\/v2\/categories?post=62078"},{"taxonomy":"post_tag","embeddable":true,"href":"https:\/\/ubirataonline.com.br\/en\/wp-json\/wp\/v2\/tags?post=62078"}],"curies":[{"name":"wp","href":"https:\/\/api.w.org\/{rel}","templated":true}]}}