{"id":63177,"date":"2025-08-03T09:42:04","date_gmt":"2025-08-03T12:42:04","guid":{"rendered":"https:\/\/ubirataonline.com.br\/?p=63177"},"modified":"2025-08-03T09:42:38","modified_gmt":"2025-08-03T12:42:38","slug":"avancos-e-desafios-na-saude-publica-no-brasil-em-2025","status":"publish","type":"post","link":"https:\/\/ubirataonline.com.br\/en\/avancos-e-desafios-na-saude-publica-no-brasil-em-2025\/","title":{"rendered":"Avan\u00e7os e Desafios na Sa\u00fade P\u00fablica no Brasil em 2025"},"content":{"rendered":"<p class=\"wp-block-paragraph\">O cen\u00e1rio da sa\u00fade p\u00fablica no Brasil em 2025 apresenta uma combina\u00e7\u00e3o de avan\u00e7os significativos e desafios persistentes. Entre novas pol\u00edticas, inova\u00e7\u00f5es tecnol\u00f3gicas e quest\u00f5es sociais complexas, o setor de sa\u00fade tem buscado se adaptar \u00e0s mudan\u00e7as e melhorar a qualidade de vida da popula\u00e7\u00e3o. Este curto artigo analisa os principais acontecimentos e tend\u00eancias do ano, destacando os esfor\u00e7os do governo, a participa\u00e7\u00e3o da sociedade civil e o impacto das inova\u00e7\u00f5es tecnol\u00f3gicas na promo\u00e7\u00e3o da sa\u00fade coletiva.<\/p>\n\n\n\n<h2 class=\"wp-block-heading\" id=\"h-1-novas-politicas-e-iniciativas-em-saude-publica-panorama-de-2025\">1. Novas Pol\u00edticas e Iniciativas em Sa\u00fade P\u00fablica: Panorama de 2025<\/h2>\n\n\n\n<h3 class=\"wp-block-heading\" id=\"h-politicas-de-ampliacao-do-acesso-e-prevencao\">Pol\u00edticas de Amplia\u00e7\u00e3o do Acesso e Preven\u00e7\u00e3o<\/h3>\n\n\n\n<p class=\"wp-block-paragraph\">Em 2025, o Brasil avan\u00e7ou na implementa\u00e7\u00e3o de pol\u00edticas que visam ampliar o acesso \u00e0 aten\u00e7\u00e3o b\u00e1sica e fortalecer programas de preven\u00e7\u00e3o. Destacam-se iniciativas que buscam reduzir desigualdades regionais, com foco na aten\u00e7\u00e3o \u00e0 sa\u00fade ind\u00edgena e \u00e0s popula\u00e7\u00f5es vulner\u00e1veis. O fortalecimento do Sistema \u00danico de Sa\u00fade (SUS) e a descentraliza\u00e7\u00e3o de recursos possibilitaram uma maior capilaridade na oferta de servi\u00e7os de sa\u00fade, especialmente em \u00e1reas remotas.<\/p>\n\n\n\n<p class=\"wp-block-paragraph\">Al\u00e9m disso, o governo lan\u00e7ou campanhas de conscientiza\u00e7\u00e3o e preven\u00e7\u00e3o de doen\u00e7as cr\u00f4nicas, como diabetes e hipertens\u00e3o, integrando a\u00e7\u00f5es educativas \u00e0s a\u00e7\u00f5es de rotina. Essas pol\u00edticas enfatizam a import\u00e2ncia de interven\u00e7\u00f5es precoces e do fortalecimento do v\u00ednculo entre profissionais de sa\u00fade e comunidades, o que \u00e9 essencial para resultados sustent\u00e1veis a longo prazo.<\/p>\n\n\n\n<h3 class=\"wp-block-heading\" id=\"h-exemplo-de-politicas-implementadas\">Exemplo de Pol\u00edticas Implementadas<\/h3>\n\n\n\n<figure class=\"wp-block-table\"><table class=\"has-fixed-layout\"><thead><tr><th>Pol\u00edtica<\/th><th>A\u00e7\u00e3o Principal<\/th><th>Meta<\/th><\/tr><\/thead><tbody><tr><td>Programa Sa\u00fade +<\/td><td>Expans\u00e3o da aten\u00e7\u00e3o b\u00e1sica digitalizada<\/td><td>Atender 10 milh\u00f5es de pessoas<\/td><\/tr><tr><td>Campanha Vacina Brasil 2025<\/td><td>Fortalecimento da imuniza\u00e7\u00e3o de rotina<\/td><td>Cobertura de 95%<\/td><\/tr><\/tbody><\/table><\/figure>\n\n\n\n<h2 class=\"wp-block-heading\" id=\"h-2-tecnologias-e-inovacao-transformando-o-cuidado-a-populacao-brasileira\">2. Tecnologias e Inova\u00e7\u00e3o: Transformando o Cuidado \u00e0 Popula\u00e7\u00e3o Brasileira<\/h2>\n\n\n\n<h3 class=\"wp-block-heading\" id=\"h-advento-de-tecnologias-digitais-e-inteligencia-artificial\">Advento de Tecnologias Digitais e Intelig\u00eancia Artificial<\/h3>\n\n\n\n<p class=\"wp-block-paragraph\">Em 2025, as tecnologias digitais tiveram um papel decisivo na transforma\u00e7\u00e3o dos servi\u00e7os de sa\u00fade no Brasil. Ferramentas como telemedicina, aplicativos de monitoramento e plataformas de dados contribu\u00edram para ampliar o alcance e a efici\u00eancia do cuidado. A implanta\u00e7\u00e3o de sistemas baseados em intelig\u00eancia artificial auxiliou na detec\u00e7\u00e3o precoce de patologias, gest\u00e3o de pandemias e organiza\u00e7\u00e3o de recursos hospitalares, promovendo respostas mais \u00e1geis \u00e0s demandas da popula\u00e7\u00e3o.<\/p>\n\n\n\n<p class=\"wp-block-paragraph\">Servi\u00e7os de telemedicina solidificaram sua presen\u00e7a, especialmente em regi\u00f5es de dif\u00edcil acesso, promovendo o atendimento a dist\u00e2ncias e reduzindo o tempo de espera por consultas especializadas. Al\u00e9m disso, a coleta de dados em tempo real alimenta an\u00e1lises preditivas, permitindo estrat\u00e9gias preventivas mais precisas e personalizadas.<\/p>\n\n\n\n<h3 class=\"wp-block-heading\" id=\"h-impactos-das-inovacoes-tecnologicas\">Impactos das Inova\u00e7\u00f5es Tecnol\u00f3gicas<\/h3>\n\n\n\n<ul class=\"wp-block-list\">\n<li><strong>Maior alcance:<\/strong>\u00a0Aumentou o n\u00famero de pacientes atendidos em \u00e1reas isoladas<\/li>\n\n\n\n<li><strong>Precis\u00e3o diagn\u00f3stica:<\/strong>\u00a0Uso de IA contribui para diagn\u00f3sticos mais r\u00e1pidos e assertivos<\/li>\n\n\n\n<li><strong>Economia de recursos:<\/strong>\u00a0Otimiza\u00e7\u00e3o de processos, reduzindo custos e desperd\u00edcios<\/li>\n<\/ul>\n\n\n\n<h2 class=\"wp-block-heading\" id=\"h-3-desafios-persistentes-combate-as-desigualdades-e-a-resistencia-as-vacinas\">3. Desafios Persistentes: Combate \u00e0s Desigualdades e \u00e0 Resist\u00eancia \u00e0s Vacinas<\/h2>\n\n\n\n<h3 class=\"wp-block-heading\" id=\"h-desigualdades-regionais-e-sociais\">Desigualdades Regionais e Sociais<\/h3>\n\n\n\n<p class=\"wp-block-paragraph\">Apesar dos avan\u00e7os, as disparidades regionais e sociais permanecem como obst\u00e1culos significativos. Regi\u00f5es Norte e Nordeste continuam enfrentando dificuldades no acesso a servi\u00e7os de sa\u00fade de qualidade, agravadas por fatores econ\u00f4micos, infraestrutura prec\u00e1ria e escassez de profissionais. As desigualdades socioecon\u00f4micas contribuem para diferen\u00e7as alarmantes nos indicadores de sa\u00fade, como mortalidade infantil e expectativa de vida.<\/p>\n\n\n\n<p class=\"wp-block-paragraph\">Para super\u00e1-los, \u00e9 necess\u00e1rio um esfor\u00e7o coordenado entre governo, institui\u00e7\u00f5es e comunidades, com a\u00e7\u00f5es espec\u00edficas que envolvam fortalecimento de equipes de sa\u00fade, investimentos em infraestrutura e pol\u00edticas de inclus\u00e3o social. Sem medidas que reduzam essas disparidades, os avan\u00e7os permanecem insuficientes para alcan\u00e7ar uma cobertura universal eficiente.<\/p>\n\n\n\n<h3 class=\"wp-block-heading\" id=\"h-resistencia-as-vacinas-e-desinformacao\">Resist\u00eancia \u00e0s Vacinas e Desinforma\u00e7\u00e3o<\/h3>\n\n\n\n<p class=\"wp-block-paragraph\">Outro grande desafio enfrentado \u00e9 a resist\u00eancia \u00e0s campanhas de vacina\u00e7\u00e3o, alimentada por desinforma\u00e7\u00e3o e desconfian\u00e7a em rela\u00e7\u00e3o \u00e0s autoridades de sa\u00fade. Apesar do sucesso na manuten\u00e7\u00e3o de altas coberturas vacinais em algumas regi\u00f5es, surtos de doen\u00e7as que poderiam ser evitadas ainda ocorrem devido \u00e0 hesita\u00e7\u00e3o vacinal.<\/p>\n\n\n\n<p class=\"wp-block-paragraph\">Esfor\u00e7os de educa\u00e7\u00e3o e comunica\u00e7\u00e3o cient\u00edfica s\u00e3o essenciais para combater mitos e fake news que amea\u00e7am o sucesso das estrat\u00e9gias de imuniza\u00e7\u00e3o. O envolvimento de l\u00edderes comunit\u00e1rios, influenciadores e profissionais de sa\u00fade \u00e9 fundamental para ampliar a confian\u00e7a da popula\u00e7\u00e3o nas vacinas e nas recomenda\u00e7\u00f5es cient\u00edficas.<\/p>\n\n\n\n<h2 class=\"wp-block-heading\" id=\"h-4-perspectivas-de-futuro-caminhos-para-melhorar-a-saude-publica-no-brasil\">4. Perspectivas de Futuro: Caminhos para Melhorar a Sa\u00fade P\u00fablica no Brasil<\/h2>\n\n\n\n<h3 class=\"wp-block-heading\" id=\"h-integracao-e-sustentabilidade-das-politicas\">Integra\u00e7\u00e3o e Sustentabilidade das Pol\u00edticas<\/h3>\n\n\n\n<p class=\"wp-block-paragraph\">Para consolidar os avan\u00e7os de 2025, \u00e9 fundamental investir na integra\u00e7\u00e3o das pol\u00edticas de sa\u00fade com outras \u00e1reas sociais, como educa\u00e7\u00e3o, assist\u00eancia social e economia. Uma abordagem intersetorial pode aumentar a efic\u00e1cia das a\u00e7\u00f5es, promovendo melhorias sustent\u00e1veis na sa\u00fade da popula\u00e7\u00e3o. A continuidade de programas de fortalecimento do SUS e a ado\u00e7\u00e3o de pr\u00e1ticas baseadas em evid\u00eancias s\u00e3o passos essenciais.<\/p>\n\n\n\n<p class=\"wp-block-paragraph\">Al\u00e9m disso, o fortalecimento de parcerias p\u00fablico-privadas pode ampliar recursos e inova\u00e7\u00e3o no setor, buscando solu\u00e7\u00f5es criativas para desafios hist\u00f3ricos e emergentes. O investimento em capacita\u00e7\u00e3o de profissionais e na infraestrutura tamb\u00e9m se mostra crucial para garantir uma atua\u00e7\u00e3o mais robusta e eficiente.<\/p>\n\n\n\n<h3 class=\"wp-block-heading\" id=\"h-inovacao-e-educacao-continuada\">Inova\u00e7\u00e3o e Educa\u00e7\u00e3o Continuada<\/h3>\n\n\n\n<figure class=\"wp-block-table\"><table class=\"has-fixed-layout\"><thead><tr><th>Caminhos Futuro<\/th><th>Descri\u00e7\u00e3o<\/th><\/tr><\/thead><tbody><tr><td>Educa\u00e7\u00e3o em Sa\u00fade<\/td><td>Programas cont\u00ednuos de capacita\u00e7\u00e3o para profissionais e educa\u00e7\u00e3o do p\u00fablico<\/td><\/tr><tr><td>Inova\u00e7\u00e3o Social<\/td><td>Projetos de impacto social envolvendo tecnologia e participa\u00e7\u00e3o comunit\u00e1ria<\/td><\/tr><\/tbody><\/table><\/figure>\n\n\n\n<p class=\"wp-block-paragraph\">A ado\u00e7\u00e3o de uma cultura de inova\u00e7\u00e3o e educa\u00e7\u00e3o continuada tamb\u00e9m aparece como uma estrat\u00e9gia vital para o Brasil avan\u00e7ar na sa\u00fade p\u00fablica. Incentivar a pesquisa, o uso de novas tecnologias e a forma\u00e7\u00e3o de profissionais altamente qualificados garantir\u00e3o uma resposta mais eficaz frente a desafios futuros, consolidando o pa\u00eds como um exemplo de sa\u00fade p\u00fablica sustent\u00e1vel e inovadora.<\/p>\n\n\n\n<h2 class=\"wp-block-heading\" id=\"h-conclusao\">Conclus\u00e3o<\/h2>\n\n\n\n<p class=\"wp-block-paragraph\">Em 2025, o Brasil demonstra avan\u00e7os concretos na \u00e1rea de sa\u00fade p\u00fablica, impulsionados por novas pol\u00edticas, inova\u00e7\u00e3o tecnol\u00f3gica e maior conscientiza\u00e7\u00e3o social. Contudo, desafios como desigualdades persistentes e resist\u00eancia \u00e0s vacinas continuam a demandar esfor\u00e7os coordenados e cont\u00ednuos. Olhando para o futuro, estrat\u00e9gias integradas, sustent\u00e1veis e inovadoras ser\u00e3o essenciais para consolidar uma sa\u00fade p\u00fablica mais igualit\u00e1ria, eficiente e resiliente, garantindo o bem-estar de toda a popula\u00e7\u00e3o brasileira.<\/p>","protected":false},"excerpt":{"rendered":"<p>O cen\u00e1rio da sa\u00fade p\u00fablica no Brasil em 2025 apresenta uma combina\u00e7\u00e3o de avan\u00e7os significativos e desafios persistentes. Entre novas pol\u00edticas, inova\u00e7\u00f5es tecnol\u00f3gicas e quest\u00f5es sociais complexas, o setor de sa\u00fade tem buscado se adaptar \u00e0s mudan\u00e7as e melhorar a qualidade de vida da popula\u00e7\u00e3o. Este curto artigo analisa os principais acontecimentos e tend\u00eancias do [&hellip;]<\/p>\n","protected":false},"author":1,"featured_media":63179,"comment_status":"closed","ping_status":"closed","sticky":false,"template":"","format":"standard","meta":{"googlesitekit_rrm_CAow2JLhCw:productID":"","_gspb_post_css":"","maa_idioma":"","maa_pais":"","footnotes":""},"categories":[30],"tags":[2714],"class_list":["post-63177","post","type-post","status-publish","format-standard","has-post-thumbnail","hentry","category-saude","tag-saude-no-brasil"],"blocksy_meta":[],"yoast_head":"<!-- This site is optimized with the Yoast SEO Premium plugin v27.6 (Yoast SEO v27.6) - https:\/\/yoast.com\/product\/yoast-seo-premium-wordpress\/ -->\n<title>Avan\u00e7os e Desafios na Sa\u00fade P\u00fablica no Brasil em 2025 - Ubirat\u00e3 Online Not\u00edcias - A realidade ao seu alcance!<\/title>\n<meta name=\"description\" content=\"O cen\u00e1rio da sa\u00fade p\u00fablica no Brasil em 2025 apresenta uma combina\u00e7\u00e3o de avan\u00e7os significativos e desafios persistentes. Entre novas pol\u00edticas, inova\u00e7\u00f5es\" \/>\n<meta name=\"robots\" content=\"index, follow, max-snippet:-1, max-image-preview:large, max-video-preview:-1\" \/>\n<link rel=\"canonical\" href=\"https:\/\/ubirataonline.com.br\/en\/avancos-e-desafios-na-saude-publica-no-brasil-em-2025\/\" \/>\n<meta property=\"og:locale\" content=\"en_US\" \/>\n<meta property=\"og:type\" content=\"article\" \/>\n<meta property=\"og:title\" content=\"Avan\u00e7os e Desafios na Sa\u00fade P\u00fablica no Brasil em 2025\" \/>\n<meta property=\"og:description\" content=\"O cen\u00e1rio da sa\u00fade p\u00fablica no Brasil em 2025 apresenta uma combina\u00e7\u00e3o de avan\u00e7os significativos e desafios persistentes. Entre novas pol\u00edticas, inova\u00e7\u00f5es\" \/>\n<meta property=\"og:url\" content=\"https:\/\/ubirataonline.com.br\/en\/avancos-e-desafios-na-saude-publica-no-brasil-em-2025\/\" \/>\n<meta property=\"og:site_name\" content=\"Ubirat\u00e3 Online Not\u00edcias - A realidade ao seu alcance!\" \/>\n<meta property=\"article:publisher\" content=\"https:\/\/www.facebook.com\/portalubirataonline\" \/>\n<meta property=\"article:author\" content=\"https:\/\/www.facebook.com\/portalubirataonline\" \/>\n<meta property=\"article:published_time\" content=\"2025-08-03T12:42:04+00:00\" \/>\n<meta property=\"article:modified_time\" content=\"2025-08-03T12:42:38+00:00\" \/>\n<meta property=\"og:image\" content=\"https:\/\/ubirataonline.com.br\/wp-content\/uploads\/2025\/08\/saudenobrasil.jpg\" \/>\n\t<meta property=\"og:image:width\" content=\"1224\" \/>\n\t<meta property=\"og:image:height\" content=\"816\" \/>\n\t<meta property=\"og:image:type\" content=\"image\/jpeg\" \/>\n<meta name=\"author\" content=\"REDA\u00c7\u00c3O: UBIRAT\u00c3 ONLINE - F\u00c1BIO AUGUSTO CELESTINO\" \/>\n<meta name=\"twitter:card\" content=\"summary_large_image\" \/>\n<meta name=\"twitter:creator\" content=\"@x.com\/ubirataonline\" \/>\n<meta name=\"twitter:site\" content=\"@ubirataonline\" \/>\n<meta name=\"twitter:label1\" content=\"Written by\" \/>\n\t<meta name=\"twitter:data1\" content=\"REDA\u00c7\u00c3O: UBIRAT\u00c3 ONLINE - F\u00c1BIO AUGUSTO CELESTINO\" \/>\n\t<meta name=\"twitter:label2\" content=\"Est. reading time\" \/>\n\t<meta name=\"twitter:data2\" content=\"6 minutes\" \/>\n<script type=\"application\/ld+json\" class=\"yoast-schema-graph\">{\"@context\":\"https:\\\/\\\/schema.org\",\"@graph\":[{\"@type\":\"NewsArticle\",\"@id\":\"https:\\\/\\\/ubirataonline.com.br\\\/avancos-e-desafios-na-saude-publica-no-brasil-em-2025\\\/#article\",\"isPartOf\":{\"@id\":\"https:\\\/\\\/ubirataonline.com.br\\\/avancos-e-desafios-na-saude-publica-no-brasil-em-2025\\\/\"},\"author\":{\"name\":\"REDA\u00c7\u00c3O: UBIRAT\u00c3 ONLINE - F\u00c1BIO AUGUSTO CELESTINO\",\"@id\":\"https:\\\/\\\/ubirataonline.com.br\\\/#\\\/schema\\\/person\\\/372f87bbd3fdd79b8556b84c98d0bc1c\"},\"headline\":\"Avan\u00e7os e Desafios na Sa\u00fade P\u00fablica no Brasil em 2025\",\"datePublished\":\"2025-08-03T12:42:04+00:00\",\"dateModified\":\"2025-08-03T12:42:38+00:00\",\"mainEntityOfPage\":{\"@id\":\"https:\\\/\\\/ubirataonline.com.br\\\/avancos-e-desafios-na-saude-publica-no-brasil-em-2025\\\/\"},\"wordCount\":1109,\"publisher\":{\"@id\":\"https:\\\/\\\/ubirataonline.com.br\\\/#organization\"},\"image\":{\"@id\":\"https:\\\/\\\/ubirataonline.com.br\\\/avancos-e-desafios-na-saude-publica-no-brasil-em-2025\\\/#primaryimage\"},\"thumbnailUrl\":\"https:\\\/\\\/ubirataonline.com.br\\\/wp-content\\\/uploads\\\/2025\\\/08\\\/saudenobrasil.jpg\",\"keywords\":[\"Saude no Brasil\"],\"articleSection\":[\"Sa\u00fade\"],\"inLanguage\":\"en-US\",\"copyrightYear\":\"2025\",\"copyrightHolder\":{\"@id\":\"https:\\\/\\\/ubirataonline.com.br\\\/en\\\/#organization\"}},{\"@type\":\"WebPage\",\"@id\":\"https:\\\/\\\/ubirataonline.com.br\\\/avancos-e-desafios-na-saude-publica-no-brasil-em-2025\\\/\",\"url\":\"https:\\\/\\\/ubirataonline.com.br\\\/avancos-e-desafios-na-saude-publica-no-brasil-em-2025\\\/\",\"name\":\"Avan\u00e7os e Desafios na Sa\u00fade P\u00fablica no Brasil em 2025 - Ubirat\u00e3 Online Not\u00edcias - A realidade ao seu alcance!\",\"isPartOf\":{\"@id\":\"https:\\\/\\\/ubirataonline.com.br\\\/#website\"},\"primaryImageOfPage\":{\"@id\":\"https:\\\/\\\/ubirataonline.com.br\\\/avancos-e-desafios-na-saude-publica-no-brasil-em-2025\\\/#primaryimage\"},\"image\":{\"@id\":\"https:\\\/\\\/ubirataonline.com.br\\\/avancos-e-desafios-na-saude-publica-no-brasil-em-2025\\\/#primaryimage\"},\"thumbnailUrl\":\"https:\\\/\\\/ubirataonline.com.br\\\/wp-content\\\/uploads\\\/2025\\\/08\\\/saudenobrasil.jpg\",\"datePublished\":\"2025-08-03T12:42:04+00:00\",\"dateModified\":\"2025-08-03T12:42:38+00:00\",\"description\":\"O cen\u00e1rio da sa\u00fade p\u00fablica no Brasil em 2025 apresenta uma combina\u00e7\u00e3o de avan\u00e7os significativos e desafios persistentes. Entre novas pol\u00edticas, inova\u00e7\u00f5es\",\"breadcrumb\":{\"@id\":\"https:\\\/\\\/ubirataonline.com.br\\\/avancos-e-desafios-na-saude-publica-no-brasil-em-2025\\\/#breadcrumb\"},\"inLanguage\":\"en-US\",\"potentialAction\":[{\"@type\":\"ReadAction\",\"target\":[\"https:\\\/\\\/ubirataonline.com.br\\\/avancos-e-desafios-na-saude-publica-no-brasil-em-2025\\\/\"]}]},{\"@type\":\"ImageObject\",\"inLanguage\":\"en-US\",\"@id\":\"https:\\\/\\\/ubirataonline.com.br\\\/avancos-e-desafios-na-saude-publica-no-brasil-em-2025\\\/#primaryimage\",\"url\":\"https:\\\/\\\/ubirataonline.com.br\\\/wp-content\\\/uploads\\\/2025\\\/08\\\/saudenobrasil.jpg\",\"contentUrl\":\"https:\\\/\\\/ubirataonline.com.br\\\/wp-content\\\/uploads\\\/2025\\\/08\\\/saudenobrasil.jpg\",\"width\":1224,\"height\":816},{\"@type\":\"BreadcrumbList\",\"@id\":\"https:\\\/\\\/ubirataonline.com.br\\\/avancos-e-desafios-na-saude-publica-no-brasil-em-2025\\\/#breadcrumb\",\"itemListElement\":[{\"@type\":\"ListItem\",\"position\":1,\"name\":\"In\u00edcio\",\"item\":\"https:\\\/\\\/ubirataonline.com.br\\\/\"},{\"@type\":\"ListItem\",\"position\":2,\"name\":\"Avan\u00e7os e Desafios na Sa\u00fade P\u00fablica no Brasil em 2025\"}]},{\"@type\":\"WebSite\",\"@id\":\"https:\\\/\\\/ubirataonline.com.br\\\/#website\",\"url\":\"https:\\\/\\\/ubirataonline.com.br\\\/\",\"name\":\"Ubirat\u00e3 Online Not\u00edcias\",\"description\":\"Not\u00edcias de Ubirat\u00e3, regi\u00e3o, Brasil e mundo, com informa\u00e7\u00e3o atualizada e compromisso com o leitor.\",\"publisher\":{\"@id\":\"https:\\\/\\\/ubirataonline.com.br\\\/#organization\"},\"alternateName\":\"Ubirat\u00e3 Online\",\"potentialAction\":[{\"@type\":\"SearchAction\",\"target\":{\"@type\":\"EntryPoint\",\"urlTemplate\":\"https:\\\/\\\/ubirataonline.com.br\\\/?s={search_term_string}\"},\"query-input\":{\"@type\":\"PropertyValueSpecification\",\"valueRequired\":true,\"valueName\":\"search_term_string\"}}],\"inLanguage\":\"en-US\"},{\"@type\":[\"Organization\",\"Place\"],\"@id\":\"https:\\\/\\\/ubirataonline.com.br\\\/#organization\",\"name\":\"Ubirat\u00e3 Online Not\u00edcias\",\"alternateName\":\"Ubirat\u00e3 Online\",\"url\":\"https:\\\/\\\/ubirataonline.com.br\\\/\",\"logo\":{\"@id\":\"https:\\\/\\\/ubirataonline.com.br\\\/avancos-e-desafios-na-saude-publica-no-brasil-em-2025\\\/#local-main-organization-logo\"},\"image\":{\"@id\":\"https:\\\/\\\/ubirataonline.com.br\\\/avancos-e-desafios-na-saude-publica-no-brasil-em-2025\\\/#local-main-organization-logo\"},\"sameAs\":[\"https:\\\/\\\/www.facebook.com\\\/portalubirataonline\",\"https:\\\/\\\/x.com\\\/ubirataonline\",\"https:\\\/\\\/mastodon.social\\\/@ubirataonline\",\"https:\\\/\\\/www.facebook.com\\\/groups\\\/311144672285604\",\"https:\\\/\\\/www.facebook.com\\\/UBTAOnline\",\"https:\\\/\\\/www.instagram.com\\\/portalubirataonline\\\/\",\"https:\\\/\\\/twitter.com\\\/ubirataonline\"],\"description\":\"Somos um portal de not\u00edcias independente, criado em 5 de janeiro de 2009, com o objetivo de informar, conectar e valorizar a nossa comunidade de Ubirat\u00e3 e toda aregi\u00e3o. Com conte\u00fado atualizado, confi\u00e1vel e relevante, o Ubirat\u00e3 Online \u00e9 o seu espa\u00e7o para ficar por dentro dos principais acontecimentos locais, regionais, Brasil, Mundo e de interesse geral. Nosso compromisso \u00e9 com a verdade, a transpar\u00eancia e o respeito ao leitor.\",\"legalName\":\"UBIRATA ONLINE NOT\u00cdCIAS\",\"foundingDate\":\"2009-01-05\",\"numberOfEmployees\":{\"@type\":\"QuantitativeValue\",\"minValue\":\"1\",\"maxValue\":\"10\"},\"publishingPrinciples\":\"https:\\\/\\\/ubirataonline.com.br\\\/faq\\\/\",\"address\":{\"@id\":\"https:\\\/\\\/ubirataonline.com.br\\\/avancos-e-desafios-na-saude-publica-no-brasil-em-2025\\\/#local-main-place-address\"},\"geo\":{\"@type\":\"GeoCoordinates\",\"latitude\":\"-24.5361401\",\"longitude\":\"-52.9921776\"},\"telephone\":[\"+5544998308235\"],\"contactPoint\":{\"@type\":\"ContactPoint\",\"email\":\"contato@ubirataonline.com.br\"},\"openingHoursSpecification\":{\"@type\":\"OpeningHoursSpecification\",\"dayOfWeek\":[\"Monday\",\"Tuesday\",\"Wednesday\",\"Thursday\",\"Friday\",\"Saturday\",\"Sunday\"],\"opens\":\"00:00\",\"closes\":\"23:59\"},\"email\":\"contato@ubirataonline.com.br\",\"vatID\":\"47.621.418\\\/0001-80\"},{\"@type\":\"Person\",\"@id\":\"https:\\\/\\\/ubirataonline.com.br\\\/#\\\/schema\\\/person\\\/372f87bbd3fdd79b8556b84c98d0bc1c\",\"name\":\"REDA\u00c7\u00c3O: UBIRAT\u00c3 ONLINE - F\u00c1BIO AUGUSTO CELESTINO\",\"pronouns\":\"Ele\",\"description\":\"Desde 2003 trabalhando com not\u00edcias.\",\"sameAs\":[\"http:\\\/\\\/ubirataoline.com.br\",\"https:\\\/\\\/www.facebook.com\\\/portalubirataonline\",\"https:\\\/\\\/www.instagram.com\\\/ubirataonline_oficial\",\"https:\\\/\\\/x.com\\\/x.com\\\/ubirataonline\"],\"honorificPrefix\":\"Mr.\",\"honorificSuffix\":\"MD\",\"birthDate\":\"1980-06-16\",\"gender\":\"masculino\",\"award\":[\"V\u00e1rios pr\u00eamios de melhor portal da cidade\"],\"jobTitle\":\"Diretor\",\"url\":\"https:\\\/\\\/ubirataonline.com.br\\\/en\\\/author\\\/ubirataonline\\\/\"},{\"@type\":\"PostalAddress\",\"@id\":\"https:\\\/\\\/ubirataonline.com.br\\\/avancos-e-desafios-na-saude-publica-no-brasil-em-2025\\\/#local-main-place-address\",\"streetAddress\":\"Rua dos Coqueiros, 104 - Bairro Boa Vista, Rua dos Coqueiros, 104 Bairro Boa Vista\",\"addressLocality\":\"UBIRATA\",\"postalCode\":\"85440-000\",\"addressRegion\":\"PR\",\"addressCountry\":\"BR\"},{\"@type\":\"ImageObject\",\"inLanguage\":\"en-US\",\"@id\":\"https:\\\/\\\/ubirataonline.com.br\\\/avancos-e-desafios-na-saude-publica-no-brasil-em-2025\\\/#local-main-organization-logo\",\"url\":\"https:\\\/\\\/ubirataonline.com.br\\\/wp-content\\\/uploads\\\/2026\\\/06\\\/logoubirataonline-1.webp\",\"contentUrl\":\"https:\\\/\\\/ubirataonline.com.br\\\/wp-content\\\/uploads\\\/2026\\\/06\\\/logoubirataonline-1.webp\",\"width\":500,\"height\":500,\"caption\":\"Ubirat\u00e3 Online Not\u00edcias\"}]}<\/script>\n<meta name=\"geo.placename\" content=\"UBIRATA\" \/>\n<meta name=\"geo.position\" content=\"-24.5361401;-52.9921776\" \/>\n<meta name=\"geo.region\" content=\"Brazil\" \/>\n<!-- \/ Yoast SEO Premium plugin. -->","yoast_head_json":{"title":"Avan\u00e7os e Desafios na Sa\u00fade P\u00fablica no Brasil em 2025 - Ubirat\u00e3 Online Not\u00edcias - A realidade ao seu alcance!","description":"O cen\u00e1rio da sa\u00fade p\u00fablica no Brasil em 2025 apresenta uma combina\u00e7\u00e3o de avan\u00e7os significativos e desafios persistentes. Entre novas pol\u00edticas, inova\u00e7\u00f5es","robots":{"index":"index","follow":"follow","max-snippet":"max-snippet:-1","max-image-preview":"max-image-preview:large","max-video-preview":"max-video-preview:-1"},"canonical":"https:\/\/ubirataonline.com.br\/en\/avancos-e-desafios-na-saude-publica-no-brasil-em-2025\/","og_locale":"en_US","og_type":"article","og_title":"Avan\u00e7os e Desafios na Sa\u00fade P\u00fablica no Brasil em 2025","og_description":"O cen\u00e1rio da sa\u00fade p\u00fablica no Brasil em 2025 apresenta uma combina\u00e7\u00e3o de avan\u00e7os significativos e desafios persistentes. Entre novas pol\u00edticas, inova\u00e7\u00f5es","og_url":"https:\/\/ubirataonline.com.br\/en\/avancos-e-desafios-na-saude-publica-no-brasil-em-2025\/","og_site_name":"Ubirat\u00e3 Online Not\u00edcias - A realidade ao seu alcance!","article_publisher":"https:\/\/www.facebook.com\/portalubirataonline","article_author":"https:\/\/www.facebook.com\/portalubirataonline","article_published_time":"2025-08-03T12:42:04+00:00","article_modified_time":"2025-08-03T12:42:38+00:00","og_image":[{"width":1224,"height":816,"url":"https:\/\/ubirataonline.com.br\/wp-content\/uploads\/2025\/08\/saudenobrasil.jpg","type":"image\/jpeg"}],"author":"REDA\u00c7\u00c3O: UBIRAT\u00c3 ONLINE - F\u00c1BIO AUGUSTO CELESTINO","twitter_card":"summary_large_image","twitter_creator":"@x.com\/ubirataonline","twitter_site":"@ubirataonline","twitter_misc":{"Written by":"REDA\u00c7\u00c3O: UBIRAT\u00c3 ONLINE - F\u00c1BIO AUGUSTO CELESTINO","Est. reading time":"6 minutes"},"schema":{"@context":"https:\/\/schema.org","@graph":[{"@type":"NewsArticle","@id":"https:\/\/ubirataonline.com.br\/avancos-e-desafios-na-saude-publica-no-brasil-em-2025\/#article","isPartOf":{"@id":"https:\/\/ubirataonline.com.br\/avancos-e-desafios-na-saude-publica-no-brasil-em-2025\/"},"author":{"name":"REDA\u00c7\u00c3O: UBIRAT\u00c3 ONLINE - F\u00c1BIO AUGUSTO CELESTINO","@id":"https:\/\/ubirataonline.com.br\/#\/schema\/person\/372f87bbd3fdd79b8556b84c98d0bc1c"},"headline":"Avan\u00e7os e Desafios na Sa\u00fade P\u00fablica no Brasil em 2025","datePublished":"2025-08-03T12:42:04+00:00","dateModified":"2025-08-03T12:42:38+00:00","mainEntityOfPage":{"@id":"https:\/\/ubirataonline.com.br\/avancos-e-desafios-na-saude-publica-no-brasil-em-2025\/"},"wordCount":1109,"publisher":{"@id":"https:\/\/ubirataonline.com.br\/#organization"},"image":{"@id":"https:\/\/ubirataonline.com.br\/avancos-e-desafios-na-saude-publica-no-brasil-em-2025\/#primaryimage"},"thumbnailUrl":"https:\/\/ubirataonline.com.br\/wp-content\/uploads\/2025\/08\/saudenobrasil.jpg","keywords":["Saude no Brasil"],"articleSection":["Sa\u00fade"],"inLanguage":"en-US","copyrightYear":"2025","copyrightHolder":{"@id":"https:\/\/ubirataonline.com.br\/en\/#organization"}},{"@type":"WebPage","@id":"https:\/\/ubirataonline.com.br\/avancos-e-desafios-na-saude-publica-no-brasil-em-2025\/","url":"https:\/\/ubirataonline.com.br\/avancos-e-desafios-na-saude-publica-no-brasil-em-2025\/","name":"Avan\u00e7os e Desafios na Sa\u00fade P\u00fablica no Brasil em 2025 - Ubirat\u00e3 Online Not\u00edcias - A realidade ao seu alcance!","isPartOf":{"@id":"https:\/\/ubirataonline.com.br\/#website"},"primaryImageOfPage":{"@id":"https:\/\/ubirataonline.com.br\/avancos-e-desafios-na-saude-publica-no-brasil-em-2025\/#primaryimage"},"image":{"@id":"https:\/\/ubirataonline.com.br\/avancos-e-desafios-na-saude-publica-no-brasil-em-2025\/#primaryimage"},"thumbnailUrl":"https:\/\/ubirataonline.com.br\/wp-content\/uploads\/2025\/08\/saudenobrasil.jpg","datePublished":"2025-08-03T12:42:04+00:00","dateModified":"2025-08-03T12:42:38+00:00","description":"O cen\u00e1rio da sa\u00fade p\u00fablica no Brasil em 2025 apresenta uma combina\u00e7\u00e3o de avan\u00e7os significativos e desafios persistentes. Entre novas pol\u00edticas, inova\u00e7\u00f5es","breadcrumb":{"@id":"https:\/\/ubirataonline.com.br\/avancos-e-desafios-na-saude-publica-no-brasil-em-2025\/#breadcrumb"},"inLanguage":"en-US","potentialAction":[{"@type":"ReadAction","target":["https:\/\/ubirataonline.com.br\/avancos-e-desafios-na-saude-publica-no-brasil-em-2025\/"]}]},{"@type":"ImageObject","inLanguage":"en-US","@id":"https:\/\/ubirataonline.com.br\/avancos-e-desafios-na-saude-publica-no-brasil-em-2025\/#primaryimage","url":"https:\/\/ubirataonline.com.br\/wp-content\/uploads\/2025\/08\/saudenobrasil.jpg","contentUrl":"https:\/\/ubirataonline.com.br\/wp-content\/uploads\/2025\/08\/saudenobrasil.jpg","width":1224,"height":816},{"@type":"BreadcrumbList","@id":"https:\/\/ubirataonline.com.br\/avancos-e-desafios-na-saude-publica-no-brasil-em-2025\/#breadcrumb","itemListElement":[{"@type":"ListItem","position":1,"name":"In\u00edcio","item":"https:\/\/ubirataonline.com.br\/"},{"@type":"ListItem","position":2,"name":"Avan\u00e7os e Desafios na Sa\u00fade P\u00fablica no Brasil em 2025"}]},{"@type":"WebSite","@id":"https:\/\/ubirataonline.com.br\/#website","url":"https:\/\/ubirataonline.com.br\/","name":"Ubirat\u00e3 Online Not\u00edcias","description":"Not\u00edcias de Ubirat\u00e3, regi\u00e3o, Brasil e mundo, com informa\u00e7\u00e3o atualizada e compromisso com o leitor.","publisher":{"@id":"https:\/\/ubirataonline.com.br\/#organization"},"alternateName":"Ubirat\u00e3 Online","potentialAction":[{"@type":"SearchAction","target":{"@type":"EntryPoint","urlTemplate":"https:\/\/ubirataonline.com.br\/?s={search_term_string}"},"query-input":{"@type":"PropertyValueSpecification","valueRequired":true,"valueName":"search_term_string"}}],"inLanguage":"en-US"},{"@type":["Organization","Place"],"@id":"https:\/\/ubirataonline.com.br\/#organization","name":"Ubirat\u00e3 Online Not\u00edcias","alternateName":"Ubirat\u00e3 Online","url":"https:\/\/ubirataonline.com.br\/","logo":{"@id":"https:\/\/ubirataonline.com.br\/avancos-e-desafios-na-saude-publica-no-brasil-em-2025\/#local-main-organization-logo"},"image":{"@id":"https:\/\/ubirataonline.com.br\/avancos-e-desafios-na-saude-publica-no-brasil-em-2025\/#local-main-organization-logo"},"sameAs":["https:\/\/www.facebook.com\/portalubirataonline","https:\/\/x.com\/ubirataonline","https:\/\/mastodon.social\/@ubirataonline","https:\/\/www.facebook.com\/groups\/311144672285604","https:\/\/www.facebook.com\/UBTAOnline","https:\/\/www.instagram.com\/portalubirataonline\/","https:\/\/twitter.com\/ubirataonline"],"description":"Somos um portal de not\u00edcias independente, criado em 5 de janeiro de 2009, com o objetivo de informar, conectar e valorizar a nossa comunidade de Ubirat\u00e3 e toda aregi\u00e3o. Com conte\u00fado atualizado, confi\u00e1vel e relevante, o Ubirat\u00e3 Online \u00e9 o seu espa\u00e7o para ficar por dentro dos principais acontecimentos locais, regionais, Brasil, Mundo e de interesse geral. Nosso compromisso \u00e9 com a verdade, a transpar\u00eancia e o respeito ao leitor.","legalName":"UBIRATA ONLINE NOT\u00cdCIAS","foundingDate":"2009-01-05","numberOfEmployees":{"@type":"QuantitativeValue","minValue":"1","maxValue":"10"},"publishingPrinciples":"https:\/\/ubirataonline.com.br\/faq\/","address":{"@id":"https:\/\/ubirataonline.com.br\/avancos-e-desafios-na-saude-publica-no-brasil-em-2025\/#local-main-place-address"},"geo":{"@type":"GeoCoordinates","latitude":"-24.5361401","longitude":"-52.9921776"},"telephone":["+5544998308235"],"contactPoint":{"@type":"ContactPoint","email":"contato@ubirataonline.com.br"},"openingHoursSpecification":{"@type":"OpeningHoursSpecification","dayOfWeek":["Monday","Tuesday","Wednesday","Thursday","Friday","Saturday","Sunday"],"opens":"00:00","closes":"23:59"},"email":"contato@ubirataonline.com.br","vatID":"47.621.418\/0001-80"},{"@type":"Person","@id":"https:\/\/ubirataonline.com.br\/#\/schema\/person\/372f87bbd3fdd79b8556b84c98d0bc1c","name":"REDA\u00c7\u00c3O: UBIRAT\u00c3 ONLINE - F\u00c1BIO AUGUSTO CELESTINO","pronouns":"Ele","description":"Desde 2003 trabalhando com not\u00edcias.","sameAs":["http:\/\/ubirataoline.com.br","https:\/\/www.facebook.com\/portalubirataonline","https:\/\/www.instagram.com\/ubirataonline_oficial","https:\/\/x.com\/x.com\/ubirataonline"],"honorificPrefix":"Mr.","honorificSuffix":"MD","birthDate":"1980-06-16","gender":"masculino","award":["V\u00e1rios pr\u00eamios de melhor portal da cidade"],"jobTitle":"Diretor","url":"https:\/\/ubirataonline.com.br\/en\/author\/ubirataonline\/"},{"@type":"PostalAddress","@id":"https:\/\/ubirataonline.com.br\/avancos-e-desafios-na-saude-publica-no-brasil-em-2025\/#local-main-place-address","streetAddress":"Rua dos Coqueiros, 104 - Bairro Boa Vista, Rua dos Coqueiros, 104 Bairro Boa Vista","addressLocality":"UBIRATA","postalCode":"85440-000","addressRegion":"PR","addressCountry":"BR"},{"@type":"ImageObject","inLanguage":"en-US","@id":"https:\/\/ubirataonline.com.br\/avancos-e-desafios-na-saude-publica-no-brasil-em-2025\/#local-main-organization-logo","url":"https:\/\/ubirataonline.com.br\/wp-content\/uploads\/2026\/06\/logoubirataonline-1.webp","contentUrl":"https:\/\/ubirataonline.com.br\/wp-content\/uploads\/2026\/06\/logoubirataonline-1.webp","width":500,"height":500,"caption":"Ubirat\u00e3 Online Not\u00edcias"}]},"geo.placename":"UBIRATA","geo.position":{"lat":"-24.5361401","long":"-52.9921776"},"geo.region":"Brazil"},"_links":{"self":[{"href":"https:\/\/ubirataonline.com.br\/en\/wp-json\/wp\/v2\/posts\/63177","targetHints":{"allow":["GET"]}}],"collection":[{"href":"https:\/\/ubirataonline.com.br\/en\/wp-json\/wp\/v2\/posts"}],"about":[{"href":"https:\/\/ubirataonline.com.br\/en\/wp-json\/wp\/v2\/types\/post"}],"author":[{"embeddable":true,"href":"https:\/\/ubirataonline.com.br\/en\/wp-json\/wp\/v2\/users\/1"}],"replies":[{"embeddable":true,"href":"https:\/\/ubirataonline.com.br\/en\/wp-json\/wp\/v2\/comments?post=63177"}],"version-history":[{"count":0,"href":"https:\/\/ubirataonline.com.br\/en\/wp-json\/wp\/v2\/posts\/63177\/revisions"}],"wp:featuredmedia":[{"embeddable":true,"href":"https:\/\/ubirataonline.com.br\/en\/wp-json\/wp\/v2\/media\/63179"}],"wp:attachment":[{"href":"https:\/\/ubirataonline.com.br\/en\/wp-json\/wp\/v2\/media?parent=63177"}],"wp:term":[{"taxonomy":"category","embeddable":true,"href":"https:\/\/ubirataonline.com.br\/en\/wp-json\/wp\/v2\/categories?post=63177"},{"taxonomy":"post_tag","embeddable":true,"href":"https:\/\/ubirataonline.com.br\/en\/wp-json\/wp\/v2\/tags?post=63177"}],"curies":[{"name":"wp","href":"https:\/\/api.w.org\/{rel}","templated":true}]}}