{"id":63230,"date":"2025-08-06T10:26:49","date_gmt":"2025-08-06T13:26:49","guid":{"rendered":"https:\/\/ubirataonline.com.br\/?p=63230"},"modified":"2025-08-06T10:26:52","modified_gmt":"2025-08-06T13:26:52","slug":"ha-exatamente-80-anos-a-cidade-japonesa-de-hiroshima-foi-alvo-do-primeiro-ataque-atomico-da-historia","status":"publish","type":"post","link":"https:\/\/ubirataonline.com.br\/en\/ha-exatamente-80-anos-a-cidade-japonesa-de-hiroshima-foi-alvo-do-primeiro-ataque-atomico-da-historia\/","title":{"rendered":"H\u00e1 exatamente 80 anos, a cidade japonesa de Hiroshima foi alvo do primeiro ataque at\u00f4mico da hist\u00f3ria"},"content":{"rendered":"<p class=\"wp-block-paragraph\">Neste dia 6 de agosto, h\u00e1 exatamente 80 anos, a cidade japonesa de Hiroshima foi alvo do primeiro ataque at\u00f4mico da hist\u00f3ria.<\/p>\n\n\n\n<figure class=\"wp-block-video\"><video height=\"720\" style=\"aspect-ratio: 1280 \/ 720;\" width=\"1280\" autoplay controls muted src=\"https:\/\/ubirataonline.com.br\/wp-content\/uploads\/2025\/08\/ssstwitter.com_1754470006873.mp4\"><\/video><\/figure>\n\n\n\n<p class=\"wp-block-paragraph\">A bomba, apelidada de &#8220;Little Boy&#8221;, tinha um n\u00facleo de ur\u00e2nio enriquecido e era do tipo &#8220;canh\u00e3o&#8221;, com duas massas de ur\u00e2nio separadas em duas extremidades opostas de um tubo. Quando se uniam, atingia uma massa cr\u00edtica que conduzia \u00e0 fiss\u00e3o nuclear descontrolada e explosiva. Apesar de transportar apenas 64 kg de material, a for\u00e7a da detona\u00e7\u00e3o foi equivalente a 15 mil toneladas de TNT, aproximadamente o poder de fogo concentrado de mais de 2 mil bombardeiros B-29, como o Enola Gay, que lan\u00e7ou a bomba.<\/p>\n\n\n\n<p class=\"wp-block-paragraph\">A detona\u00e7\u00e3o ocorreu exatamente \u00e0s 8h15, hora local, a 580 metros de altitude. O alvo de refer\u00eancia era a Ponte Aioi, mas os ventos desviaram a bomba, fazendo-a se detonar sobre uma cl\u00ednica m\u00e9dica a 240 metros da ponte. O raio de destrui\u00e7\u00e3o total foi de 1,6 quil\u00f4metros, com inc\u00eandios consumindo tudo em uma \u00e1rea de mais de 10 quil\u00f4metros quadrados.<\/p>\n\n\n\n<p class=\"wp-block-paragraph\">No solo, cerca de 66 mil pessoas morreram instantaneamente, com outras 70 mil ficando feridas. Segundo estimativas japonesas, no total, considerando os mortos pela radia\u00e7\u00e3o nos anos seguintes, as baixas fatais em Hiroshima foram de 140 mil pessoas.<\/p>\n\n\n\n<p class=\"wp-block-paragraph\">Hiroshima era um importante porto e centro industrial, respons\u00e1vel pela fabrica\u00e7\u00e3o de pe\u00e7as e componentes para avi\u00f5es, bombas e fuzis, al\u00e9m de ser a sede de diversas grandes unidades militares japonesas, com aproximadamente 400 mil soldados na regi\u00e3o, dos quais 40 mil dentro da cidade (estima-se em 10 mil o n\u00famero de baixas militares no bombardeio at\u00f4mico). A cidade tamb\u00e9m era um importante hub log\u00edstico, apoiando as opera\u00e7\u00f5es japonesas ao sul do arquip\u00e9lago do Jap\u00e3o.<\/p>\n\n\n\n<p class=\"wp-block-paragraph\">Hoje \u00e9 um dia recordado com tristeza pelos japoneses, que, de modo geral, consideram os bombardeios at\u00f4micos como um &#8220;mal necess\u00e1rio&#8221;, tendo em vista a determina\u00e7\u00e3o japonesa em se manter na guerra &#8220;at\u00e9 o final&#8221;. E de fato, ap\u00f3s esse bombardeio, o governo do Jap\u00e3o decidiu continuar na guerra, mudando de posi\u00e7\u00e3o apenas depois do segundo ataque, no dia 9, e ap\u00f3s a declara\u00e7\u00e3o de guerra sovi\u00e9tica, e por uma vota\u00e7\u00e3o empatada que foi decidida pelo Imperador, que votou pela rendi\u00e7\u00e3o.<\/p>\n\n\n\n<p class=\"wp-block-paragraph\"><\/p>\n\n\n\n<p class=\"wp-block-paragraph\">Fonte: Hoje No Mundo Militar<\/p>","protected":false},"excerpt":{"rendered":"<p>Neste dia 6 de agosto, h\u00e1 exatamente 80 anos, a cidade japonesa de Hiroshima foi alvo do primeiro ataque at\u00f4mico da hist\u00f3ria. A bomba, apelidada de &#8220;Little Boy&#8221;, tinha um n\u00facleo de ur\u00e2nio enriquecido e era do tipo &#8220;canh\u00e3o&#8221;, com duas massas de ur\u00e2nio separadas em duas extremidades opostas de um tubo. Quando se uniam, [&hellip;]<\/p>\n","protected":false},"author":1,"featured_media":63233,"comment_status":"closed","ping_status":"closed","sticky":false,"template":"","format":"standard","meta":{"googlesitekit_rrm_CAow2JLhCw:productID":"","_gspb_post_css":"","maa_idioma":"","maa_pais":"","footnotes":""},"categories":[1],"tags":[2724,2721,2723],"class_list":["post-63230","post","type-post","status-publish","format-standard","has-post-thumbnail","hentry","category-ubirata","tag-06-de-agosto","tag-ataque-atomico-da-historia","tag-bomba"],"blocksy_meta":[],"yoast_head":"<!-- This site is optimized with the Yoast SEO Premium plugin v27.6 (Yoast SEO v27.6) - https:\/\/yoast.com\/product\/yoast-seo-premium-wordpress\/ -->\n<title>H\u00e1 exatamente 80 anos, a cidade japonesa de Hiroshima foi alvo do primeiro ataque at\u00f4mico da hist\u00f3ria - Ubirat\u00e3 Online Not\u00edcias - A realidade ao seu alcance!<\/title>\n<meta name=\"description\" content=\"Neste dia 6 de agosto, h\u00e1 exatamente 80 anos, a cidade japonesa de Hiroshima foi alvo do primeiro ataque at\u00f4mico da hist\u00f3ria. A bomba, apelidada de\" \/>\n<meta name=\"robots\" content=\"index, follow, max-snippet:-1, max-image-preview:large, max-video-preview:-1\" \/>\n<link rel=\"canonical\" href=\"https:\/\/ubirataonline.com.br\/en\/ha-exatamente-80-anos-a-cidade-japonesa-de-hiroshima-foi-alvo-do-primeiro-ataque-atomico-da-historia\/\" \/>\n<meta property=\"og:locale\" content=\"en_US\" \/>\n<meta property=\"og:type\" content=\"article\" \/>\n<meta property=\"og:title\" content=\"H\u00e1 exatamente 80 anos, a cidade japonesa de Hiroshima foi alvo do primeiro ataque at\u00f4mico da hist\u00f3ria\" \/>\n<meta property=\"og:description\" content=\"Neste dia 6 de agosto, h\u00e1 exatamente 80 anos, a cidade japonesa de Hiroshima foi alvo do primeiro ataque at\u00f4mico da hist\u00f3ria. A bomba, apelidada de\" \/>\n<meta property=\"og:url\" content=\"https:\/\/ubirataonline.com.br\/en\/ha-exatamente-80-anos-a-cidade-japonesa-de-hiroshima-foi-alvo-do-primeiro-ataque-atomico-da-historia\/\" \/>\n<meta property=\"og:site_name\" content=\"Ubirat\u00e3 Online Not\u00edcias - A realidade ao seu alcance!\" \/>\n<meta property=\"article:publisher\" content=\"https:\/\/www.facebook.com\/portalubirataonline\" \/>\n<meta property=\"article:author\" content=\"https:\/\/www.facebook.com\/portalubirataonline\" \/>\n<meta property=\"article:published_time\" content=\"2025-08-06T13:26:49+00:00\" \/>\n<meta property=\"article:modified_time\" content=\"2025-08-06T13:26:52+00:00\" \/>\n<meta property=\"og:image\" content=\"https:\/\/ubirataonline.com.br\/wp-content\/uploads\/2025\/08\/hiroshima.png\" \/>\n\t<meta property=\"og:image:width\" content=\"1191\" \/>\n\t<meta property=\"og:image:height\" content=\"609\" \/>\n\t<meta property=\"og:image:type\" content=\"image\/png\" \/>\n<meta name=\"author\" content=\"REDA\u00c7\u00c3O: UBIRAT\u00c3 ONLINE - F\u00c1BIO AUGUSTO CELESTINO\" \/>\n<meta name=\"twitter:card\" content=\"summary_large_image\" \/>\n<meta name=\"twitter:creator\" content=\"@x.com\/ubirataonline\" \/>\n<meta name=\"twitter:site\" content=\"@ubirataonline\" \/>\n<meta name=\"twitter:label1\" content=\"Written by\" \/>\n\t<meta name=\"twitter:data1\" content=\"REDA\u00c7\u00c3O: UBIRAT\u00c3 ONLINE - F\u00c1BIO AUGUSTO CELESTINO\" \/>\n\t<meta name=\"twitter:label2\" content=\"Est. reading time\" \/>\n\t<meta name=\"twitter:data2\" content=\"3 minutes\" \/>\n<script type=\"application\/ld+json\" class=\"yoast-schema-graph\">{\"@context\":\"https:\\\/\\\/schema.org\",\"@graph\":[{\"@type\":\"NewsArticle\",\"@id\":\"https:\\\/\\\/ubirataonline.com.br\\\/ha-exatamente-80-anos-a-cidade-japonesa-de-hiroshima-foi-alvo-do-primeiro-ataque-atomico-da-historia\\\/#article\",\"isPartOf\":{\"@id\":\"https:\\\/\\\/ubirataonline.com.br\\\/ha-exatamente-80-anos-a-cidade-japonesa-de-hiroshima-foi-alvo-do-primeiro-ataque-atomico-da-historia\\\/\"},\"author\":{\"name\":\"REDA\u00c7\u00c3O: UBIRAT\u00c3 ONLINE - F\u00c1BIO AUGUSTO CELESTINO\",\"@id\":\"https:\\\/\\\/ubirataonline.com.br\\\/#\\\/schema\\\/person\\\/372f87bbd3fdd79b8556b84c98d0bc1c\"},\"headline\":\"H\u00e1 exatamente 80 anos, a cidade japonesa de Hiroshima foi alvo do primeiro ataque at\u00f4mico da hist\u00f3ria\",\"datePublished\":\"2025-08-06T13:26:49+00:00\",\"dateModified\":\"2025-08-06T13:26:52+00:00\",\"mainEntityOfPage\":{\"@id\":\"https:\\\/\\\/ubirataonline.com.br\\\/ha-exatamente-80-anos-a-cidade-japonesa-de-hiroshima-foi-alvo-do-primeiro-ataque-atomico-da-historia\\\/\"},\"wordCount\":412,\"publisher\":{\"@id\":\"https:\\\/\\\/ubirataonline.com.br\\\/#organization\"},\"image\":{\"@id\":\"https:\\\/\\\/ubirataonline.com.br\\\/ha-exatamente-80-anos-a-cidade-japonesa-de-hiroshima-foi-alvo-do-primeiro-ataque-atomico-da-historia\\\/#primaryimage\"},\"thumbnailUrl\":\"https:\\\/\\\/ubirataonline.com.br\\\/wp-content\\\/uploads\\\/2025\\\/08\\\/hiroshima.png\",\"keywords\":[\"06 de Agosto\",\"ataque at\u00f4mico da hist\u00f3ria\",\"Bomba\"],\"articleSection\":[\"Ubirat\u00e3\"],\"inLanguage\":\"en-US\",\"copyrightYear\":\"2025\",\"copyrightHolder\":{\"@id\":\"https:\\\/\\\/ubirataonline.com.br\\\/en\\\/#organization\"}},{\"@type\":\"WebPage\",\"@id\":\"https:\\\/\\\/ubirataonline.com.br\\\/ha-exatamente-80-anos-a-cidade-japonesa-de-hiroshima-foi-alvo-do-primeiro-ataque-atomico-da-historia\\\/\",\"url\":\"https:\\\/\\\/ubirataonline.com.br\\\/ha-exatamente-80-anos-a-cidade-japonesa-de-hiroshima-foi-alvo-do-primeiro-ataque-atomico-da-historia\\\/\",\"name\":\"H\u00e1 exatamente 80 anos, a cidade japonesa de Hiroshima foi alvo do primeiro ataque at\u00f4mico da hist\u00f3ria - Ubirat\u00e3 Online Not\u00edcias - A realidade ao seu alcance!\",\"isPartOf\":{\"@id\":\"https:\\\/\\\/ubirataonline.com.br\\\/#website\"},\"primaryImageOfPage\":{\"@id\":\"https:\\\/\\\/ubirataonline.com.br\\\/ha-exatamente-80-anos-a-cidade-japonesa-de-hiroshima-foi-alvo-do-primeiro-ataque-atomico-da-historia\\\/#primaryimage\"},\"image\":{\"@id\":\"https:\\\/\\\/ubirataonline.com.br\\\/ha-exatamente-80-anos-a-cidade-japonesa-de-hiroshima-foi-alvo-do-primeiro-ataque-atomico-da-historia\\\/#primaryimage\"},\"thumbnailUrl\":\"https:\\\/\\\/ubirataonline.com.br\\\/wp-content\\\/uploads\\\/2025\\\/08\\\/hiroshima.png\",\"datePublished\":\"2025-08-06T13:26:49+00:00\",\"dateModified\":\"2025-08-06T13:26:52+00:00\",\"description\":\"Neste dia 6 de agosto, h\u00e1 exatamente 80 anos, a cidade japonesa de Hiroshima foi alvo do primeiro ataque at\u00f4mico da hist\u00f3ria. A bomba, apelidada de\",\"breadcrumb\":{\"@id\":\"https:\\\/\\\/ubirataonline.com.br\\\/ha-exatamente-80-anos-a-cidade-japonesa-de-hiroshima-foi-alvo-do-primeiro-ataque-atomico-da-historia\\\/#breadcrumb\"},\"inLanguage\":\"en-US\",\"potentialAction\":[{\"@type\":\"ReadAction\",\"target\":[\"https:\\\/\\\/ubirataonline.com.br\\\/ha-exatamente-80-anos-a-cidade-japonesa-de-hiroshima-foi-alvo-do-primeiro-ataque-atomico-da-historia\\\/\"]}]},{\"@type\":\"ImageObject\",\"inLanguage\":\"en-US\",\"@id\":\"https:\\\/\\\/ubirataonline.com.br\\\/ha-exatamente-80-anos-a-cidade-japonesa-de-hiroshima-foi-alvo-do-primeiro-ataque-atomico-da-historia\\\/#primaryimage\",\"url\":\"https:\\\/\\\/ubirataonline.com.br\\\/wp-content\\\/uploads\\\/2025\\\/08\\\/hiroshima.png\",\"contentUrl\":\"https:\\\/\\\/ubirataonline.com.br\\\/wp-content\\\/uploads\\\/2025\\\/08\\\/hiroshima.png\",\"width\":1191,\"height\":609},{\"@type\":\"BreadcrumbList\",\"@id\":\"https:\\\/\\\/ubirataonline.com.br\\\/ha-exatamente-80-anos-a-cidade-japonesa-de-hiroshima-foi-alvo-do-primeiro-ataque-atomico-da-historia\\\/#breadcrumb\",\"itemListElement\":[{\"@type\":\"ListItem\",\"position\":1,\"name\":\"In\u00edcio\",\"item\":\"https:\\\/\\\/ubirataonline.com.br\\\/\"},{\"@type\":\"ListItem\",\"position\":2,\"name\":\"H\u00e1 exatamente 80 anos, a cidade japonesa de Hiroshima foi alvo do primeiro ataque at\u00f4mico da hist\u00f3ria\"}]},{\"@type\":\"WebSite\",\"@id\":\"https:\\\/\\\/ubirataonline.com.br\\\/#website\",\"url\":\"https:\\\/\\\/ubirataonline.com.br\\\/\",\"name\":\"Ubirat\u00e3 Online Not\u00edcias\",\"description\":\"Not\u00edcias de Ubirat\u00e3, regi\u00e3o, Brasil e mundo, com informa\u00e7\u00e3o atualizada e compromisso com o leitor.\",\"publisher\":{\"@id\":\"https:\\\/\\\/ubirataonline.com.br\\\/#organization\"},\"alternateName\":\"Ubirat\u00e3 Online\",\"potentialAction\":[{\"@type\":\"SearchAction\",\"target\":{\"@type\":\"EntryPoint\",\"urlTemplate\":\"https:\\\/\\\/ubirataonline.com.br\\\/?s={search_term_string}\"},\"query-input\":{\"@type\":\"PropertyValueSpecification\",\"valueRequired\":true,\"valueName\":\"search_term_string\"}}],\"inLanguage\":\"en-US\"},{\"@type\":[\"Organization\",\"Place\"],\"@id\":\"https:\\\/\\\/ubirataonline.com.br\\\/#organization\",\"name\":\"Ubirat\u00e3 Online Not\u00edcias\",\"alternateName\":\"Ubirat\u00e3 Online\",\"url\":\"https:\\\/\\\/ubirataonline.com.br\\\/\",\"logo\":{\"@id\":\"https:\\\/\\\/ubirataonline.com.br\\\/ha-exatamente-80-anos-a-cidade-japonesa-de-hiroshima-foi-alvo-do-primeiro-ataque-atomico-da-historia\\\/#local-main-organization-logo\"},\"image\":{\"@id\":\"https:\\\/\\\/ubirataonline.com.br\\\/ha-exatamente-80-anos-a-cidade-japonesa-de-hiroshima-foi-alvo-do-primeiro-ataque-atomico-da-historia\\\/#local-main-organization-logo\"},\"sameAs\":[\"https:\\\/\\\/www.facebook.com\\\/portalubirataonline\",\"https:\\\/\\\/x.com\\\/ubirataonline\",\"https:\\\/\\\/mastodon.social\\\/@ubirataonline\",\"https:\\\/\\\/www.facebook.com\\\/groups\\\/311144672285604\",\"https:\\\/\\\/www.facebook.com\\\/UBTAOnline\",\"https:\\\/\\\/www.instagram.com\\\/portalubirataonline\\\/\",\"https:\\\/\\\/twitter.com\\\/ubirataonline\"],\"description\":\"Somos um portal de not\u00edcias independente, criado em 5 de janeiro de 2009, com o objetivo de informar, conectar e valorizar a nossa comunidade de Ubirat\u00e3 e toda aregi\u00e3o. Com conte\u00fado atualizado, confi\u00e1vel e relevante, o Ubirat\u00e3 Online \u00e9 o seu espa\u00e7o para ficar por dentro dos principais acontecimentos locais, regionais, Brasil, Mundo e de interesse geral. Nosso compromisso \u00e9 com a verdade, a transpar\u00eancia e o respeito ao leitor.\",\"legalName\":\"UBIRATA ONLINE NOT\u00cdCIAS\",\"foundingDate\":\"2009-01-05\",\"numberOfEmployees\":{\"@type\":\"QuantitativeValue\",\"minValue\":\"1\",\"maxValue\":\"10\"},\"publishingPrinciples\":\"https:\\\/\\\/ubirataonline.com.br\\\/faq\\\/\",\"address\":{\"@id\":\"https:\\\/\\\/ubirataonline.com.br\\\/ha-exatamente-80-anos-a-cidade-japonesa-de-hiroshima-foi-alvo-do-primeiro-ataque-atomico-da-historia\\\/#local-main-place-address\"},\"geo\":{\"@type\":\"GeoCoordinates\",\"latitude\":\"-24.5361401\",\"longitude\":\"-52.9921776\"},\"telephone\":[\"+5544998308235\"],\"contactPoint\":{\"@type\":\"ContactPoint\",\"email\":\"contato@ubirataonline.com.br\"},\"openingHoursSpecification\":{\"@type\":\"OpeningHoursSpecification\",\"dayOfWeek\":[\"Monday\",\"Tuesday\",\"Wednesday\",\"Thursday\",\"Friday\",\"Saturday\",\"Sunday\"],\"opens\":\"00:00\",\"closes\":\"23:59\"},\"email\":\"contato@ubirataonline.com.br\",\"vatID\":\"47.621.418\\\/0001-80\"},{\"@type\":\"Person\",\"@id\":\"https:\\\/\\\/ubirataonline.com.br\\\/#\\\/schema\\\/person\\\/372f87bbd3fdd79b8556b84c98d0bc1c\",\"name\":\"REDA\u00c7\u00c3O: UBIRAT\u00c3 ONLINE - F\u00c1BIO AUGUSTO CELESTINO\",\"pronouns\":\"Ele\",\"description\":\"Desde 2003 trabalhando com not\u00edcias.\",\"sameAs\":[\"http:\\\/\\\/ubirataoline.com.br\",\"https:\\\/\\\/www.facebook.com\\\/portalubirataonline\",\"https:\\\/\\\/www.instagram.com\\\/ubirataonline_oficial\",\"https:\\\/\\\/x.com\\\/x.com\\\/ubirataonline\"],\"honorificPrefix\":\"Mr.\",\"honorificSuffix\":\"MD\",\"birthDate\":\"1980-06-16\",\"gender\":\"masculino\",\"award\":[\"V\u00e1rios pr\u00eamios de melhor portal da cidade\"],\"jobTitle\":\"Diretor\",\"url\":\"https:\\\/\\\/ubirataonline.com.br\\\/en\\\/author\\\/ubirataonline\\\/\"},{\"@type\":\"PostalAddress\",\"@id\":\"https:\\\/\\\/ubirataonline.com.br\\\/ha-exatamente-80-anos-a-cidade-japonesa-de-hiroshima-foi-alvo-do-primeiro-ataque-atomico-da-historia\\\/#local-main-place-address\",\"streetAddress\":\"Rua dos Coqueiros, 104 - Bairro Boa Vista, Rua dos Coqueiros, 104 Bairro Boa Vista\",\"addressLocality\":\"UBIRATA\",\"postalCode\":\"85440-000\",\"addressRegion\":\"PR\",\"addressCountry\":\"BR\"},{\"@type\":\"ImageObject\",\"inLanguage\":\"en-US\",\"@id\":\"https:\\\/\\\/ubirataonline.com.br\\\/ha-exatamente-80-anos-a-cidade-japonesa-de-hiroshima-foi-alvo-do-primeiro-ataque-atomico-da-historia\\\/#local-main-organization-logo\",\"url\":\"https:\\\/\\\/ubirataonline.com.br\\\/wp-content\\\/uploads\\\/2026\\\/06\\\/logoubirataonline-1.webp\",\"contentUrl\":\"https:\\\/\\\/ubirataonline.com.br\\\/wp-content\\\/uploads\\\/2026\\\/06\\\/logoubirataonline-1.webp\",\"width\":500,\"height\":500,\"caption\":\"Ubirat\u00e3 Online Not\u00edcias\"}]}<\/script>\n<meta name=\"geo.placename\" content=\"UBIRATA\" \/>\n<meta name=\"geo.position\" content=\"-24.5361401;-52.9921776\" \/>\n<meta name=\"geo.region\" content=\"Brazil\" \/>\n<!-- \/ Yoast SEO Premium plugin. -->","yoast_head_json":{"title":"H\u00e1 exatamente 80 anos, a cidade japonesa de Hiroshima foi alvo do primeiro ataque at\u00f4mico da hist\u00f3ria - Ubirat\u00e3 Online Not\u00edcias - A realidade ao seu alcance!","description":"Neste dia 6 de agosto, h\u00e1 exatamente 80 anos, a cidade japonesa de Hiroshima foi alvo do primeiro ataque at\u00f4mico da hist\u00f3ria. A bomba, apelidada de","robots":{"index":"index","follow":"follow","max-snippet":"max-snippet:-1","max-image-preview":"max-image-preview:large","max-video-preview":"max-video-preview:-1"},"canonical":"https:\/\/ubirataonline.com.br\/en\/ha-exatamente-80-anos-a-cidade-japonesa-de-hiroshima-foi-alvo-do-primeiro-ataque-atomico-da-historia\/","og_locale":"en_US","og_type":"article","og_title":"H\u00e1 exatamente 80 anos, a cidade japonesa de Hiroshima foi alvo do primeiro ataque at\u00f4mico da hist\u00f3ria","og_description":"Neste dia 6 de agosto, h\u00e1 exatamente 80 anos, a cidade japonesa de Hiroshima foi alvo do primeiro ataque at\u00f4mico da hist\u00f3ria. A bomba, apelidada de","og_url":"https:\/\/ubirataonline.com.br\/en\/ha-exatamente-80-anos-a-cidade-japonesa-de-hiroshima-foi-alvo-do-primeiro-ataque-atomico-da-historia\/","og_site_name":"Ubirat\u00e3 Online Not\u00edcias - A realidade ao seu alcance!","article_publisher":"https:\/\/www.facebook.com\/portalubirataonline","article_author":"https:\/\/www.facebook.com\/portalubirataonline","article_published_time":"2025-08-06T13:26:49+00:00","article_modified_time":"2025-08-06T13:26:52+00:00","og_image":[{"width":1191,"height":609,"url":"https:\/\/ubirataonline.com.br\/wp-content\/uploads\/2025\/08\/hiroshima.png","type":"image\/png"}],"author":"REDA\u00c7\u00c3O: UBIRAT\u00c3 ONLINE - F\u00c1BIO AUGUSTO CELESTINO","twitter_card":"summary_large_image","twitter_creator":"@x.com\/ubirataonline","twitter_site":"@ubirataonline","twitter_misc":{"Written by":"REDA\u00c7\u00c3O: UBIRAT\u00c3 ONLINE - F\u00c1BIO AUGUSTO CELESTINO","Est. reading time":"3 minutes"},"schema":{"@context":"https:\/\/schema.org","@graph":[{"@type":"NewsArticle","@id":"https:\/\/ubirataonline.com.br\/ha-exatamente-80-anos-a-cidade-japonesa-de-hiroshima-foi-alvo-do-primeiro-ataque-atomico-da-historia\/#article","isPartOf":{"@id":"https:\/\/ubirataonline.com.br\/ha-exatamente-80-anos-a-cidade-japonesa-de-hiroshima-foi-alvo-do-primeiro-ataque-atomico-da-historia\/"},"author":{"name":"REDA\u00c7\u00c3O: UBIRAT\u00c3 ONLINE - F\u00c1BIO AUGUSTO CELESTINO","@id":"https:\/\/ubirataonline.com.br\/#\/schema\/person\/372f87bbd3fdd79b8556b84c98d0bc1c"},"headline":"H\u00e1 exatamente 80 anos, a cidade japonesa de Hiroshima foi alvo do primeiro ataque at\u00f4mico da hist\u00f3ria","datePublished":"2025-08-06T13:26:49+00:00","dateModified":"2025-08-06T13:26:52+00:00","mainEntityOfPage":{"@id":"https:\/\/ubirataonline.com.br\/ha-exatamente-80-anos-a-cidade-japonesa-de-hiroshima-foi-alvo-do-primeiro-ataque-atomico-da-historia\/"},"wordCount":412,"publisher":{"@id":"https:\/\/ubirataonline.com.br\/#organization"},"image":{"@id":"https:\/\/ubirataonline.com.br\/ha-exatamente-80-anos-a-cidade-japonesa-de-hiroshima-foi-alvo-do-primeiro-ataque-atomico-da-historia\/#primaryimage"},"thumbnailUrl":"https:\/\/ubirataonline.com.br\/wp-content\/uploads\/2025\/08\/hiroshima.png","keywords":["06 de Agosto","ataque at\u00f4mico da hist\u00f3ria","Bomba"],"articleSection":["Ubirat\u00e3"],"inLanguage":"en-US","copyrightYear":"2025","copyrightHolder":{"@id":"https:\/\/ubirataonline.com.br\/en\/#organization"}},{"@type":"WebPage","@id":"https:\/\/ubirataonline.com.br\/ha-exatamente-80-anos-a-cidade-japonesa-de-hiroshima-foi-alvo-do-primeiro-ataque-atomico-da-historia\/","url":"https:\/\/ubirataonline.com.br\/ha-exatamente-80-anos-a-cidade-japonesa-de-hiroshima-foi-alvo-do-primeiro-ataque-atomico-da-historia\/","name":"H\u00e1 exatamente 80 anos, a cidade japonesa de Hiroshima foi alvo do primeiro ataque at\u00f4mico da hist\u00f3ria - Ubirat\u00e3 Online Not\u00edcias - A realidade ao seu alcance!","isPartOf":{"@id":"https:\/\/ubirataonline.com.br\/#website"},"primaryImageOfPage":{"@id":"https:\/\/ubirataonline.com.br\/ha-exatamente-80-anos-a-cidade-japonesa-de-hiroshima-foi-alvo-do-primeiro-ataque-atomico-da-historia\/#primaryimage"},"image":{"@id":"https:\/\/ubirataonline.com.br\/ha-exatamente-80-anos-a-cidade-japonesa-de-hiroshima-foi-alvo-do-primeiro-ataque-atomico-da-historia\/#primaryimage"},"thumbnailUrl":"https:\/\/ubirataonline.com.br\/wp-content\/uploads\/2025\/08\/hiroshima.png","datePublished":"2025-08-06T13:26:49+00:00","dateModified":"2025-08-06T13:26:52+00:00","description":"Neste dia 6 de agosto, h\u00e1 exatamente 80 anos, a cidade japonesa de Hiroshima foi alvo do primeiro ataque at\u00f4mico da hist\u00f3ria. A bomba, apelidada de","breadcrumb":{"@id":"https:\/\/ubirataonline.com.br\/ha-exatamente-80-anos-a-cidade-japonesa-de-hiroshima-foi-alvo-do-primeiro-ataque-atomico-da-historia\/#breadcrumb"},"inLanguage":"en-US","potentialAction":[{"@type":"ReadAction","target":["https:\/\/ubirataonline.com.br\/ha-exatamente-80-anos-a-cidade-japonesa-de-hiroshima-foi-alvo-do-primeiro-ataque-atomico-da-historia\/"]}]},{"@type":"ImageObject","inLanguage":"en-US","@id":"https:\/\/ubirataonline.com.br\/ha-exatamente-80-anos-a-cidade-japonesa-de-hiroshima-foi-alvo-do-primeiro-ataque-atomico-da-historia\/#primaryimage","url":"https:\/\/ubirataonline.com.br\/wp-content\/uploads\/2025\/08\/hiroshima.png","contentUrl":"https:\/\/ubirataonline.com.br\/wp-content\/uploads\/2025\/08\/hiroshima.png","width":1191,"height":609},{"@type":"BreadcrumbList","@id":"https:\/\/ubirataonline.com.br\/ha-exatamente-80-anos-a-cidade-japonesa-de-hiroshima-foi-alvo-do-primeiro-ataque-atomico-da-historia\/#breadcrumb","itemListElement":[{"@type":"ListItem","position":1,"name":"In\u00edcio","item":"https:\/\/ubirataonline.com.br\/"},{"@type":"ListItem","position":2,"name":"H\u00e1 exatamente 80 anos, a cidade japonesa de Hiroshima foi alvo do primeiro ataque at\u00f4mico da hist\u00f3ria"}]},{"@type":"WebSite","@id":"https:\/\/ubirataonline.com.br\/#website","url":"https:\/\/ubirataonline.com.br\/","name":"Ubirat\u00e3 Online Not\u00edcias","description":"Not\u00edcias de Ubirat\u00e3, regi\u00e3o, Brasil e mundo, com informa\u00e7\u00e3o atualizada e compromisso com o leitor.","publisher":{"@id":"https:\/\/ubirataonline.com.br\/#organization"},"alternateName":"Ubirat\u00e3 Online","potentialAction":[{"@type":"SearchAction","target":{"@type":"EntryPoint","urlTemplate":"https:\/\/ubirataonline.com.br\/?s={search_term_string}"},"query-input":{"@type":"PropertyValueSpecification","valueRequired":true,"valueName":"search_term_string"}}],"inLanguage":"en-US"},{"@type":["Organization","Place"],"@id":"https:\/\/ubirataonline.com.br\/#organization","name":"Ubirat\u00e3 Online Not\u00edcias","alternateName":"Ubirat\u00e3 Online","url":"https:\/\/ubirataonline.com.br\/","logo":{"@id":"https:\/\/ubirataonline.com.br\/ha-exatamente-80-anos-a-cidade-japonesa-de-hiroshima-foi-alvo-do-primeiro-ataque-atomico-da-historia\/#local-main-organization-logo"},"image":{"@id":"https:\/\/ubirataonline.com.br\/ha-exatamente-80-anos-a-cidade-japonesa-de-hiroshima-foi-alvo-do-primeiro-ataque-atomico-da-historia\/#local-main-organization-logo"},"sameAs":["https:\/\/www.facebook.com\/portalubirataonline","https:\/\/x.com\/ubirataonline","https:\/\/mastodon.social\/@ubirataonline","https:\/\/www.facebook.com\/groups\/311144672285604","https:\/\/www.facebook.com\/UBTAOnline","https:\/\/www.instagram.com\/portalubirataonline\/","https:\/\/twitter.com\/ubirataonline"],"description":"Somos um portal de not\u00edcias independente, criado em 5 de janeiro de 2009, com o objetivo de informar, conectar e valorizar a nossa comunidade de Ubirat\u00e3 e toda aregi\u00e3o. Com conte\u00fado atualizado, confi\u00e1vel e relevante, o Ubirat\u00e3 Online \u00e9 o seu espa\u00e7o para ficar por dentro dos principais acontecimentos locais, regionais, Brasil, Mundo e de interesse geral. Nosso compromisso \u00e9 com a verdade, a transpar\u00eancia e o respeito ao leitor.","legalName":"UBIRATA ONLINE NOT\u00cdCIAS","foundingDate":"2009-01-05","numberOfEmployees":{"@type":"QuantitativeValue","minValue":"1","maxValue":"10"},"publishingPrinciples":"https:\/\/ubirataonline.com.br\/faq\/","address":{"@id":"https:\/\/ubirataonline.com.br\/ha-exatamente-80-anos-a-cidade-japonesa-de-hiroshima-foi-alvo-do-primeiro-ataque-atomico-da-historia\/#local-main-place-address"},"geo":{"@type":"GeoCoordinates","latitude":"-24.5361401","longitude":"-52.9921776"},"telephone":["+5544998308235"],"contactPoint":{"@type":"ContactPoint","email":"contato@ubirataonline.com.br"},"openingHoursSpecification":{"@type":"OpeningHoursSpecification","dayOfWeek":["Monday","Tuesday","Wednesday","Thursday","Friday","Saturday","Sunday"],"opens":"00:00","closes":"23:59"},"email":"contato@ubirataonline.com.br","vatID":"47.621.418\/0001-80"},{"@type":"Person","@id":"https:\/\/ubirataonline.com.br\/#\/schema\/person\/372f87bbd3fdd79b8556b84c98d0bc1c","name":"REDA\u00c7\u00c3O: UBIRAT\u00c3 ONLINE - F\u00c1BIO AUGUSTO CELESTINO","pronouns":"Ele","description":"Desde 2003 trabalhando com not\u00edcias.","sameAs":["http:\/\/ubirataoline.com.br","https:\/\/www.facebook.com\/portalubirataonline","https:\/\/www.instagram.com\/ubirataonline_oficial","https:\/\/x.com\/x.com\/ubirataonline"],"honorificPrefix":"Mr.","honorificSuffix":"MD","birthDate":"1980-06-16","gender":"masculino","award":["V\u00e1rios pr\u00eamios de melhor portal da cidade"],"jobTitle":"Diretor","url":"https:\/\/ubirataonline.com.br\/en\/author\/ubirataonline\/"},{"@type":"PostalAddress","@id":"https:\/\/ubirataonline.com.br\/ha-exatamente-80-anos-a-cidade-japonesa-de-hiroshima-foi-alvo-do-primeiro-ataque-atomico-da-historia\/#local-main-place-address","streetAddress":"Rua dos Coqueiros, 104 - Bairro Boa Vista, Rua dos Coqueiros, 104 Bairro Boa Vista","addressLocality":"UBIRATA","postalCode":"85440-000","addressRegion":"PR","addressCountry":"BR"},{"@type":"ImageObject","inLanguage":"en-US","@id":"https:\/\/ubirataonline.com.br\/ha-exatamente-80-anos-a-cidade-japonesa-de-hiroshima-foi-alvo-do-primeiro-ataque-atomico-da-historia\/#local-main-organization-logo","url":"https:\/\/ubirataonline.com.br\/wp-content\/uploads\/2026\/06\/logoubirataonline-1.webp","contentUrl":"https:\/\/ubirataonline.com.br\/wp-content\/uploads\/2026\/06\/logoubirataonline-1.webp","width":500,"height":500,"caption":"Ubirat\u00e3 Online Not\u00edcias"}]},"geo.placename":"UBIRATA","geo.position":{"lat":"-24.5361401","long":"-52.9921776"},"geo.region":"Brazil"},"_links":{"self":[{"href":"https:\/\/ubirataonline.com.br\/en\/wp-json\/wp\/v2\/posts\/63230","targetHints":{"allow":["GET"]}}],"collection":[{"href":"https:\/\/ubirataonline.com.br\/en\/wp-json\/wp\/v2\/posts"}],"about":[{"href":"https:\/\/ubirataonline.com.br\/en\/wp-json\/wp\/v2\/types\/post"}],"author":[{"embeddable":true,"href":"https:\/\/ubirataonline.com.br\/en\/wp-json\/wp\/v2\/users\/1"}],"replies":[{"embeddable":true,"href":"https:\/\/ubirataonline.com.br\/en\/wp-json\/wp\/v2\/comments?post=63230"}],"version-history":[{"count":0,"href":"https:\/\/ubirataonline.com.br\/en\/wp-json\/wp\/v2\/posts\/63230\/revisions"}],"wp:featuredmedia":[{"embeddable":true,"href":"https:\/\/ubirataonline.com.br\/en\/wp-json\/wp\/v2\/media\/63233"}],"wp:attachment":[{"href":"https:\/\/ubirataonline.com.br\/en\/wp-json\/wp\/v2\/media?parent=63230"}],"wp:term":[{"taxonomy":"category","embeddable":true,"href":"https:\/\/ubirataonline.com.br\/en\/wp-json\/wp\/v2\/categories?post=63230"},{"taxonomy":"post_tag","embeddable":true,"href":"https:\/\/ubirataonline.com.br\/en\/wp-json\/wp\/v2\/tags?post=63230"}],"curies":[{"name":"wp","href":"https:\/\/api.w.org\/{rel}","templated":true}]}}