{"id":63254,"date":"2025-08-06T14:25:22","date_gmt":"2025-08-06T17:25:22","guid":{"rendered":"https:\/\/ubirataonline.com.br\/cop-30-anuncia-conselho-para-adaptacao-as-mudancas-climaticas\/"},"modified":"2025-08-06T14:25:22","modified_gmt":"2025-08-06T17:25:22","slug":"cop-30-anuncia-conselho-para-adaptacao-as-mudancas-climaticas","status":"publish","type":"post","link":"https:\/\/ubirataonline.com.br\/en\/cop-30-anuncia-conselho-para-adaptacao-as-mudancas-climaticas\/","title":{"rendered":"COP 30 anuncia conselho para adapta\u00e7\u00e3o \u00e0s mudan\u00e7as clim\u00e1ticas"},"content":{"rendered":"<p><\/p>\n<div id=\"texto\">\n<p><strong>O presidente da\u00a030\u00aa Confer\u00eancia das Na\u00e7\u00f5es Unidas sobre Mudan\u00e7as Clim\u00e1ticas (COP30), o embaixador Andr\u00e9 Corr\u00eaa do Lago, anunciou <\/strong>nesta ter\u00e7a-feira\u00a0(5) <strong>a formaliza\u00e7\u00e3o de um conselho para discutir com a sociedade e autoridades locais solu\u00e7\u00f5es para a adapta\u00e7\u00e3o \u00e0s mudan\u00e7as clim\u00e1ticas.<\/strong><\/p>\n<p>Corr\u00eaa do Lago reafirmou que a quest\u00e3o da adapta\u00e7\u00e3o \u00e0s mudan\u00e7as do clima ser\u00e1 um dos temas principais da COP 30, que ocorrer\u00e1 em novembro, em Bel\u00e9m, no Par\u00e1.\u00a0<\/p>\n<p>\u201cO conselho de adapta\u00e7\u00e3o para a COP 30 inclui v\u00e1rias personalidades brasileiras que v\u00e3o nos apoiar nesse di\u00e1logo com a sociedade civil e com as autoridades locais\u201d, disse Lago, em evento da Insper.<\/p>\n<p>O embaixador falou via teleconfer\u00eancia ao evento, que ocorreu em S\u00e3o Paulo.<\/p>\n<p>Entre os membros do conselho, Lago citou a secret\u00e1ria-executiva para Am\u00e9rica do Sul no ICLEI (Governos Locais pela Sustentabilidade), Jussara Carvalho; o cientista peruano Jos\u00e9 Marengo; a diretora-executiva da Organiza\u00e7\u00e3o do Tratado de Coopera\u00e7\u00e3o Amaz\u00f4nica (OTCA), Vanessa Grazziotin; e Ellen Johnson-Sirleaf, ex-presidente da Lib\u00e9ria.\u00a0<\/p>\n<p> \u201cN\u00f3s temos que definir globalmente 100\u00a0indicadores que v\u00e3o passar a ser a refer\u00eancia para n\u00f3s compreendermos o que se deve fazer com adapta\u00e7\u00e3o. Depois de Bel\u00e9m, a adapta\u00e7\u00e3o vai ter um guia, vai ter tipo um mapa do caminho das principais preocupa\u00e7\u00f5es que os 196 pa\u00edses que participam da negocia\u00e7\u00e3o concordam que s\u00e3o priorit\u00e1rios\u201d, afirmou\u00a0Lago.\u00a0<\/p>\n<p>\u201cO meu interesse, obviamente, \u00e9 impedir que os pre\u00e7os dos hot\u00e9is interfiram na presen\u00e7a de todas as delega\u00e7\u00f5es em Bel\u00e9m, porque se n\u00f3s n\u00e3o tivermos todas as delega\u00e7\u00f5es em Bel\u00e9m, voc\u00ea pode ter um questionamento sobre a legitimidade do que n\u00f3s negociamos, porque alguns pa\u00edses n\u00e3o ter\u00e3o podido ir por causa de pre\u00e7o de hotel\u201d, disse.<\/p>\n<p><b>Fonte:<\/b> Ag\u00eancia Brasil<\/p>\n<\/p><\/div>\n<p><a href=\"https:\/\/cgn.inf.br\/noticia\/1901897\/cop-30-anuncia-conselho-para-adaptacao-as-mudancas-climaticas\">Source link <\/a><\/p>","protected":false},"excerpt":{"rendered":"<p>O presidente da\u00a030\u00aa Confer\u00eancia das Na\u00e7\u00f5es Unidas sobre Mudan\u00e7as Clim\u00e1ticas (COP30), o embaixador Andr\u00e9 Corr\u00eaa do Lago, anunciou nesta ter\u00e7a-feira\u00a0(5) a formaliza\u00e7\u00e3o de um conselho para discutir com a sociedade e autoridades locais solu\u00e7\u00f5es para a adapta\u00e7\u00e3o \u00e0s mudan\u00e7as clim\u00e1ticas. Corr\u00eaa do Lago reafirmou que a quest\u00e3o da adapta\u00e7\u00e3o \u00e0s mudan\u00e7as do clima ser\u00e1 um [&hellip;]<\/p>\n","protected":false},"author":1,"featured_media":63219,"comment_status":"","ping_status":"","sticky":false,"template":"","format":"standard","meta":{"googlesitekit_rrm_CAow2JLhCw:productID":"","_gspb_post_css":"","maa_idioma":"","maa_pais":"","footnotes":""},"categories":[1],"tags":[],"class_list":["post-63254","post","type-post","status-publish","format-standard","has-post-thumbnail","hentry","category-ubirata"],"blocksy_meta":[],"yoast_head":"<!-- This site is optimized with the Yoast SEO Premium plugin v27.6 (Yoast SEO v27.6) - https:\/\/yoast.com\/product\/yoast-seo-premium-wordpress\/ -->\n<title>COP 30 anuncia conselho para adapta\u00e7\u00e3o \u00e0s mudan\u00e7as clim\u00e1ticas - Ubirat\u00e3 Online Not\u00edcias - A realidade ao seu alcance!<\/title>\n<meta name=\"description\" content=\"O presidente da\u00a030\u00aa Confer\u00eancia das Na\u00e7\u00f5es Unidas sobre Mudan\u00e7as Clim\u00e1ticas (COP30), o embaixador Andr\u00e9 Corr\u00eaa do Lago, anunciou nesta ter\u00e7a-feira\u00a0(5) a\" \/>\n<meta name=\"robots\" content=\"index, follow, max-snippet:-1, max-image-preview:large, max-video-preview:-1\" \/>\n<link rel=\"canonical\" href=\"https:\/\/ubirataonline.com.br\/en\/cop-30-anuncia-conselho-para-adaptacao-as-mudancas-climaticas\/\" \/>\n<meta property=\"og:locale\" content=\"en_US\" \/>\n<meta property=\"og:type\" content=\"article\" \/>\n<meta property=\"og:title\" content=\"COP 30 anuncia conselho para adapta\u00e7\u00e3o \u00e0s mudan\u00e7as clim\u00e1ticas\" \/>\n<meta property=\"og:description\" content=\"O presidente da\u00a030\u00aa Confer\u00eancia das Na\u00e7\u00f5es Unidas sobre Mudan\u00e7as Clim\u00e1ticas (COP30), o embaixador Andr\u00e9 Corr\u00eaa do Lago, anunciou nesta ter\u00e7a-feira\u00a0(5) a\" \/>\n<meta property=\"og:url\" content=\"https:\/\/ubirataonline.com.br\/en\/cop-30-anuncia-conselho-para-adaptacao-as-mudancas-climaticas\/\" \/>\n<meta property=\"og:site_name\" content=\"Ubirat\u00e3 Online Not\u00edcias - A realidade ao seu alcance!\" \/>\n<meta property=\"article:publisher\" content=\"https:\/\/www.facebook.com\/portalubirataonline\" \/>\n<meta property=\"article:author\" content=\"https:\/\/www.facebook.com\/portalubirataonline\" \/>\n<meta property=\"article:published_time\" content=\"2025-08-06T17:25:22+00:00\" \/>\n<meta property=\"og:image\" content=\"https:\/\/ubirataonline.com.br\/wp-content\/uploads\/2026\/05\/logo2026.webp\" \/>\n\t<meta property=\"og:image:width\" content=\"1531\" \/>\n\t<meta property=\"og:image:height\" content=\"418\" \/>\n\t<meta property=\"og:image:type\" content=\"image\/webp\" \/>\n<meta name=\"author\" content=\"REDA\u00c7\u00c3O: UBIRAT\u00c3 ONLINE - F\u00c1BIO AUGUSTO CELESTINO\" \/>\n<meta name=\"twitter:card\" content=\"summary_large_image\" \/>\n<meta name=\"twitter:creator\" content=\"@x.com\/ubirataonline\" \/>\n<meta name=\"twitter:site\" content=\"@ubirataonline\" \/>\n<meta name=\"twitter:label1\" content=\"Written by\" \/>\n\t<meta name=\"twitter:data1\" content=\"REDA\u00c7\u00c3O: UBIRAT\u00c3 ONLINE - F\u00c1BIO AUGUSTO CELESTINO\" \/>\n\t<meta name=\"twitter:label2\" content=\"Est. reading time\" \/>\n\t<meta name=\"twitter:data2\" content=\"2 minutes\" \/>\n<script type=\"application\/ld+json\" class=\"yoast-schema-graph\">{\"@context\":\"https:\\\/\\\/schema.org\",\"@graph\":[{\"@type\":\"NewsArticle\",\"@id\":\"https:\\\/\\\/ubirataonline.com.br\\\/cop-30-anuncia-conselho-para-adaptacao-as-mudancas-climaticas\\\/#article\",\"isPartOf\":{\"@id\":\"https:\\\/\\\/ubirataonline.com.br\\\/cop-30-anuncia-conselho-para-adaptacao-as-mudancas-climaticas\\\/\"},\"author\":{\"name\":\"REDA\u00c7\u00c3O: UBIRAT\u00c3 ONLINE - F\u00c1BIO AUGUSTO CELESTINO\",\"@id\":\"https:\\\/\\\/ubirataonline.com.br\\\/#\\\/schema\\\/person\\\/372f87bbd3fdd79b8556b84c98d0bc1c\"},\"headline\":\"COP 30 anuncia conselho para adapta\u00e7\u00e3o \u00e0s mudan\u00e7as clim\u00e1ticas\",\"datePublished\":\"2025-08-06T17:25:22+00:00\",\"mainEntityOfPage\":{\"@id\":\"https:\\\/\\\/ubirataonline.com.br\\\/cop-30-anuncia-conselho-para-adaptacao-as-mudancas-climaticas\\\/\"},\"wordCount\":337,\"publisher\":{\"@id\":\"https:\\\/\\\/ubirataonline.com.br\\\/#organization\"},\"image\":{\"@id\":\"https:\\\/\\\/ubirataonline.com.br\\\/cop-30-anuncia-conselho-para-adaptacao-as-mudancas-climaticas\\\/#primaryimage\"},\"thumbnailUrl\":\"https:\\\/\\\/ubirataonline.com.br\\\/wp-content\\\/uploads\\\/2025\\\/08\\\/CGN768x461.gif\",\"articleSection\":[\"Ubirat\u00e3\"],\"inLanguage\":\"en-US\",\"copyrightYear\":\"2025\",\"copyrightHolder\":{\"@id\":\"https:\\\/\\\/ubirataonline.com.br\\\/en\\\/#organization\"}},{\"@type\":\"WebPage\",\"@id\":\"https:\\\/\\\/ubirataonline.com.br\\\/cop-30-anuncia-conselho-para-adaptacao-as-mudancas-climaticas\\\/\",\"url\":\"https:\\\/\\\/ubirataonline.com.br\\\/cop-30-anuncia-conselho-para-adaptacao-as-mudancas-climaticas\\\/\",\"name\":\"COP 30 anuncia conselho para adapta\u00e7\u00e3o \u00e0s mudan\u00e7as clim\u00e1ticas - Ubirat\u00e3 Online Not\u00edcias - A realidade ao seu alcance!\",\"isPartOf\":{\"@id\":\"https:\\\/\\\/ubirataonline.com.br\\\/#website\"},\"primaryImageOfPage\":{\"@id\":\"https:\\\/\\\/ubirataonline.com.br\\\/cop-30-anuncia-conselho-para-adaptacao-as-mudancas-climaticas\\\/#primaryimage\"},\"image\":{\"@id\":\"https:\\\/\\\/ubirataonline.com.br\\\/cop-30-anuncia-conselho-para-adaptacao-as-mudancas-climaticas\\\/#primaryimage\"},\"thumbnailUrl\":\"https:\\\/\\\/ubirataonline.com.br\\\/wp-content\\\/uploads\\\/2025\\\/08\\\/CGN768x461.gif\",\"datePublished\":\"2025-08-06T17:25:22+00:00\",\"description\":\"O presidente da\u00a030\u00aa Confer\u00eancia das Na\u00e7\u00f5es Unidas sobre Mudan\u00e7as Clim\u00e1ticas (COP30), o embaixador Andr\u00e9 Corr\u00eaa do Lago, anunciou nesta ter\u00e7a-feira\u00a0(5) a\",\"breadcrumb\":{\"@id\":\"https:\\\/\\\/ubirataonline.com.br\\\/cop-30-anuncia-conselho-para-adaptacao-as-mudancas-climaticas\\\/#breadcrumb\"},\"inLanguage\":\"en-US\",\"potentialAction\":[{\"@type\":\"ReadAction\",\"target\":[\"https:\\\/\\\/ubirataonline.com.br\\\/cop-30-anuncia-conselho-para-adaptacao-as-mudancas-climaticas\\\/\"]}]},{\"@type\":\"ImageObject\",\"inLanguage\":\"en-US\",\"@id\":\"https:\\\/\\\/ubirataonline.com.br\\\/cop-30-anuncia-conselho-para-adaptacao-as-mudancas-climaticas\\\/#primaryimage\",\"url\":\"https:\\\/\\\/ubirataonline.com.br\\\/wp-content\\\/uploads\\\/2025\\\/08\\\/CGN768x461.gif\",\"contentUrl\":\"https:\\\/\\\/ubirataonline.com.br\\\/wp-content\\\/uploads\\\/2025\\\/08\\\/CGN768x461.gif\",\"width\":768,\"height\":461},{\"@type\":\"BreadcrumbList\",\"@id\":\"https:\\\/\\\/ubirataonline.com.br\\\/cop-30-anuncia-conselho-para-adaptacao-as-mudancas-climaticas\\\/#breadcrumb\",\"itemListElement\":[{\"@type\":\"ListItem\",\"position\":1,\"name\":\"In\u00edcio\",\"item\":\"https:\\\/\\\/ubirataonline.com.br\\\/\"},{\"@type\":\"ListItem\",\"position\":2,\"name\":\"COP 30 anuncia conselho para adapta\u00e7\u00e3o \u00e0s mudan\u00e7as clim\u00e1ticas\"}]},{\"@type\":\"WebSite\",\"@id\":\"https:\\\/\\\/ubirataonline.com.br\\\/#website\",\"url\":\"https:\\\/\\\/ubirataonline.com.br\\\/\",\"name\":\"Ubirat\u00e3 Online Not\u00edcias\",\"description\":\"Not\u00edcias de Ubirat\u00e3, regi\u00e3o, Brasil e mundo, com informa\u00e7\u00e3o atualizada e compromisso com o leitor.\",\"publisher\":{\"@id\":\"https:\\\/\\\/ubirataonline.com.br\\\/#organization\"},\"alternateName\":\"Ubirat\u00e3 Online\",\"potentialAction\":[{\"@type\":\"SearchAction\",\"target\":{\"@type\":\"EntryPoint\",\"urlTemplate\":\"https:\\\/\\\/ubirataonline.com.br\\\/?s={search_term_string}\"},\"query-input\":{\"@type\":\"PropertyValueSpecification\",\"valueRequired\":true,\"valueName\":\"search_term_string\"}}],\"inLanguage\":\"en-US\"},{\"@type\":[\"Organization\",\"Place\"],\"@id\":\"https:\\\/\\\/ubirataonline.com.br\\\/#organization\",\"name\":\"Ubirat\u00e3 Online Not\u00edcias\",\"alternateName\":\"Ubirat\u00e3 Online\",\"url\":\"https:\\\/\\\/ubirataonline.com.br\\\/\",\"logo\":{\"@id\":\"https:\\\/\\\/ubirataonline.com.br\\\/cop-30-anuncia-conselho-para-adaptacao-as-mudancas-climaticas\\\/#local-main-organization-logo\"},\"image\":{\"@id\":\"https:\\\/\\\/ubirataonline.com.br\\\/cop-30-anuncia-conselho-para-adaptacao-as-mudancas-climaticas\\\/#local-main-organization-logo\"},\"sameAs\":[\"https:\\\/\\\/www.facebook.com\\\/portalubirataonline\",\"https:\\\/\\\/x.com\\\/ubirataonline\",\"https:\\\/\\\/mastodon.social\\\/@ubirataonline\",\"https:\\\/\\\/www.facebook.com\\\/groups\\\/311144672285604\",\"https:\\\/\\\/www.facebook.com\\\/UBTAOnline\",\"https:\\\/\\\/www.instagram.com\\\/portalubirataonline\\\/\",\"https:\\\/\\\/twitter.com\\\/ubirataonline\"],\"description\":\"Somos um portal de not\u00edcias independente, criado em 5 de janeiro de 2009, com o objetivo de informar, conectar e valorizar a nossa comunidade de Ubirat\u00e3 e toda aregi\u00e3o. Com conte\u00fado atualizado, confi\u00e1vel e relevante, o Ubirat\u00e3 Online \u00e9 o seu espa\u00e7o para ficar por dentro dos principais acontecimentos locais, regionais, Brasil, Mundo e de interesse geral. Nosso compromisso \u00e9 com a verdade, a transpar\u00eancia e o respeito ao leitor.\",\"legalName\":\"UBIRATA ONLINE NOT\u00cdCIAS\",\"foundingDate\":\"2009-01-05\",\"numberOfEmployees\":{\"@type\":\"QuantitativeValue\",\"minValue\":\"1\",\"maxValue\":\"10\"},\"publishingPrinciples\":\"https:\\\/\\\/ubirataonline.com.br\\\/faq\\\/\",\"address\":{\"@id\":\"https:\\\/\\\/ubirataonline.com.br\\\/cop-30-anuncia-conselho-para-adaptacao-as-mudancas-climaticas\\\/#local-main-place-address\"},\"geo\":{\"@type\":\"GeoCoordinates\",\"latitude\":\"-24.5361401\",\"longitude\":\"-52.9921776\"},\"telephone\":[\"+5544998308235\"],\"contactPoint\":{\"@type\":\"ContactPoint\",\"email\":\"contato@ubirataonline.com.br\"},\"openingHoursSpecification\":{\"@type\":\"OpeningHoursSpecification\",\"dayOfWeek\":[\"Monday\",\"Tuesday\",\"Wednesday\",\"Thursday\",\"Friday\",\"Saturday\",\"Sunday\"],\"opens\":\"00:00\",\"closes\":\"23:59\"},\"email\":\"contato@ubirataonline.com.br\",\"vatID\":\"47.621.418\\\/0001-80\"},{\"@type\":\"Person\",\"@id\":\"https:\\\/\\\/ubirataonline.com.br\\\/#\\\/schema\\\/person\\\/372f87bbd3fdd79b8556b84c98d0bc1c\",\"name\":\"REDA\u00c7\u00c3O: UBIRAT\u00c3 ONLINE - F\u00c1BIO AUGUSTO CELESTINO\",\"pronouns\":\"Ele\",\"description\":\"Desde 2003 trabalhando com not\u00edcias.\",\"sameAs\":[\"http:\\\/\\\/ubirataoline.com.br\",\"https:\\\/\\\/www.facebook.com\\\/portalubirataonline\",\"https:\\\/\\\/www.instagram.com\\\/ubirataonline_oficial\",\"https:\\\/\\\/x.com\\\/x.com\\\/ubirataonline\"],\"honorificPrefix\":\"Mr.\",\"honorificSuffix\":\"MD\",\"birthDate\":\"1980-06-16\",\"gender\":\"masculino\",\"award\":[\"V\u00e1rios pr\u00eamios de melhor portal da cidade\"],\"jobTitle\":\"Diretor\",\"url\":\"https:\\\/\\\/ubirataonline.com.br\\\/en\\\/author\\\/ubirataonline\\\/\"},{\"@type\":\"PostalAddress\",\"@id\":\"https:\\\/\\\/ubirataonline.com.br\\\/cop-30-anuncia-conselho-para-adaptacao-as-mudancas-climaticas\\\/#local-main-place-address\",\"streetAddress\":\"Rua dos Coqueiros, 104 - Bairro Boa Vista, Rua dos Coqueiros, 104 Bairro Boa Vista\",\"addressLocality\":\"UBIRATA\",\"postalCode\":\"85440-000\",\"addressRegion\":\"PR\",\"addressCountry\":\"BR\"},{\"@type\":\"ImageObject\",\"inLanguage\":\"en-US\",\"@id\":\"https:\\\/\\\/ubirataonline.com.br\\\/cop-30-anuncia-conselho-para-adaptacao-as-mudancas-climaticas\\\/#local-main-organization-logo\",\"url\":\"https:\\\/\\\/ubirataonline.com.br\\\/wp-content\\\/uploads\\\/2026\\\/06\\\/logoubirataonline-1.webp\",\"contentUrl\":\"https:\\\/\\\/ubirataonline.com.br\\\/wp-content\\\/uploads\\\/2026\\\/06\\\/logoubirataonline-1.webp\",\"width\":500,\"height\":500,\"caption\":\"Ubirat\u00e3 Online Not\u00edcias\"}]}<\/script>\n<meta name=\"geo.placename\" content=\"UBIRATA\" \/>\n<meta name=\"geo.position\" content=\"-24.5361401;-52.9921776\" \/>\n<meta name=\"geo.region\" content=\"Brazil\" \/>\n<!-- \/ Yoast SEO Premium plugin. -->","yoast_head_json":{"title":"COP 30 anuncia conselho para adapta\u00e7\u00e3o \u00e0s mudan\u00e7as clim\u00e1ticas - Ubirat\u00e3 Online Not\u00edcias - A realidade ao seu alcance!","description":"O presidente da\u00a030\u00aa Confer\u00eancia das Na\u00e7\u00f5es Unidas sobre Mudan\u00e7as Clim\u00e1ticas (COP30), o embaixador Andr\u00e9 Corr\u00eaa do Lago, anunciou nesta ter\u00e7a-feira\u00a0(5) a","robots":{"index":"index","follow":"follow","max-snippet":"max-snippet:-1","max-image-preview":"max-image-preview:large","max-video-preview":"max-video-preview:-1"},"canonical":"https:\/\/ubirataonline.com.br\/en\/cop-30-anuncia-conselho-para-adaptacao-as-mudancas-climaticas\/","og_locale":"en_US","og_type":"article","og_title":"COP 30 anuncia conselho para adapta\u00e7\u00e3o \u00e0s mudan\u00e7as clim\u00e1ticas","og_description":"O presidente da\u00a030\u00aa Confer\u00eancia das Na\u00e7\u00f5es Unidas sobre Mudan\u00e7as Clim\u00e1ticas (COP30), o embaixador Andr\u00e9 Corr\u00eaa do Lago, anunciou nesta ter\u00e7a-feira\u00a0(5) a","og_url":"https:\/\/ubirataonline.com.br\/en\/cop-30-anuncia-conselho-para-adaptacao-as-mudancas-climaticas\/","og_site_name":"Ubirat\u00e3 Online Not\u00edcias - A realidade ao seu alcance!","article_publisher":"https:\/\/www.facebook.com\/portalubirataonline","article_author":"https:\/\/www.facebook.com\/portalubirataonline","article_published_time":"2025-08-06T17:25:22+00:00","og_image":[{"width":1531,"height":418,"url":"https:\/\/ubirataonline.com.br\/wp-content\/uploads\/2026\/05\/logo2026.webp","type":"image\/webp"}],"author":"REDA\u00c7\u00c3O: UBIRAT\u00c3 ONLINE - F\u00c1BIO AUGUSTO CELESTINO","twitter_card":"summary_large_image","twitter_creator":"@x.com\/ubirataonline","twitter_site":"@ubirataonline","twitter_misc":{"Written by":"REDA\u00c7\u00c3O: UBIRAT\u00c3 ONLINE - F\u00c1BIO AUGUSTO CELESTINO","Est. reading time":"2 minutes"},"schema":{"@context":"https:\/\/schema.org","@graph":[{"@type":"NewsArticle","@id":"https:\/\/ubirataonline.com.br\/cop-30-anuncia-conselho-para-adaptacao-as-mudancas-climaticas\/#article","isPartOf":{"@id":"https:\/\/ubirataonline.com.br\/cop-30-anuncia-conselho-para-adaptacao-as-mudancas-climaticas\/"},"author":{"name":"REDA\u00c7\u00c3O: UBIRAT\u00c3 ONLINE - F\u00c1BIO AUGUSTO CELESTINO","@id":"https:\/\/ubirataonline.com.br\/#\/schema\/person\/372f87bbd3fdd79b8556b84c98d0bc1c"},"headline":"COP 30 anuncia conselho para adapta\u00e7\u00e3o \u00e0s mudan\u00e7as clim\u00e1ticas","datePublished":"2025-08-06T17:25:22+00:00","mainEntityOfPage":{"@id":"https:\/\/ubirataonline.com.br\/cop-30-anuncia-conselho-para-adaptacao-as-mudancas-climaticas\/"},"wordCount":337,"publisher":{"@id":"https:\/\/ubirataonline.com.br\/#organization"},"image":{"@id":"https:\/\/ubirataonline.com.br\/cop-30-anuncia-conselho-para-adaptacao-as-mudancas-climaticas\/#primaryimage"},"thumbnailUrl":"https:\/\/ubirataonline.com.br\/wp-content\/uploads\/2025\/08\/CGN768x461.gif","articleSection":["Ubirat\u00e3"],"inLanguage":"en-US","copyrightYear":"2025","copyrightHolder":{"@id":"https:\/\/ubirataonline.com.br\/en\/#organization"}},{"@type":"WebPage","@id":"https:\/\/ubirataonline.com.br\/cop-30-anuncia-conselho-para-adaptacao-as-mudancas-climaticas\/","url":"https:\/\/ubirataonline.com.br\/cop-30-anuncia-conselho-para-adaptacao-as-mudancas-climaticas\/","name":"COP 30 anuncia conselho para adapta\u00e7\u00e3o \u00e0s mudan\u00e7as clim\u00e1ticas - Ubirat\u00e3 Online Not\u00edcias - A realidade ao seu alcance!","isPartOf":{"@id":"https:\/\/ubirataonline.com.br\/#website"},"primaryImageOfPage":{"@id":"https:\/\/ubirataonline.com.br\/cop-30-anuncia-conselho-para-adaptacao-as-mudancas-climaticas\/#primaryimage"},"image":{"@id":"https:\/\/ubirataonline.com.br\/cop-30-anuncia-conselho-para-adaptacao-as-mudancas-climaticas\/#primaryimage"},"thumbnailUrl":"https:\/\/ubirataonline.com.br\/wp-content\/uploads\/2025\/08\/CGN768x461.gif","datePublished":"2025-08-06T17:25:22+00:00","description":"O presidente da\u00a030\u00aa Confer\u00eancia das Na\u00e7\u00f5es Unidas sobre Mudan\u00e7as Clim\u00e1ticas (COP30), o embaixador Andr\u00e9 Corr\u00eaa do Lago, anunciou nesta ter\u00e7a-feira\u00a0(5) a","breadcrumb":{"@id":"https:\/\/ubirataonline.com.br\/cop-30-anuncia-conselho-para-adaptacao-as-mudancas-climaticas\/#breadcrumb"},"inLanguage":"en-US","potentialAction":[{"@type":"ReadAction","target":["https:\/\/ubirataonline.com.br\/cop-30-anuncia-conselho-para-adaptacao-as-mudancas-climaticas\/"]}]},{"@type":"ImageObject","inLanguage":"en-US","@id":"https:\/\/ubirataonline.com.br\/cop-30-anuncia-conselho-para-adaptacao-as-mudancas-climaticas\/#primaryimage","url":"https:\/\/ubirataonline.com.br\/wp-content\/uploads\/2025\/08\/CGN768x461.gif","contentUrl":"https:\/\/ubirataonline.com.br\/wp-content\/uploads\/2025\/08\/CGN768x461.gif","width":768,"height":461},{"@type":"BreadcrumbList","@id":"https:\/\/ubirataonline.com.br\/cop-30-anuncia-conselho-para-adaptacao-as-mudancas-climaticas\/#breadcrumb","itemListElement":[{"@type":"ListItem","position":1,"name":"In\u00edcio","item":"https:\/\/ubirataonline.com.br\/"},{"@type":"ListItem","position":2,"name":"COP 30 anuncia conselho para adapta\u00e7\u00e3o \u00e0s mudan\u00e7as clim\u00e1ticas"}]},{"@type":"WebSite","@id":"https:\/\/ubirataonline.com.br\/#website","url":"https:\/\/ubirataonline.com.br\/","name":"Ubirat\u00e3 Online Not\u00edcias","description":"Not\u00edcias de Ubirat\u00e3, regi\u00e3o, Brasil e mundo, com informa\u00e7\u00e3o atualizada e compromisso com o leitor.","publisher":{"@id":"https:\/\/ubirataonline.com.br\/#organization"},"alternateName":"Ubirat\u00e3 Online","potentialAction":[{"@type":"SearchAction","target":{"@type":"EntryPoint","urlTemplate":"https:\/\/ubirataonline.com.br\/?s={search_term_string}"},"query-input":{"@type":"PropertyValueSpecification","valueRequired":true,"valueName":"search_term_string"}}],"inLanguage":"en-US"},{"@type":["Organization","Place"],"@id":"https:\/\/ubirataonline.com.br\/#organization","name":"Ubirat\u00e3 Online Not\u00edcias","alternateName":"Ubirat\u00e3 Online","url":"https:\/\/ubirataonline.com.br\/","logo":{"@id":"https:\/\/ubirataonline.com.br\/cop-30-anuncia-conselho-para-adaptacao-as-mudancas-climaticas\/#local-main-organization-logo"},"image":{"@id":"https:\/\/ubirataonline.com.br\/cop-30-anuncia-conselho-para-adaptacao-as-mudancas-climaticas\/#local-main-organization-logo"},"sameAs":["https:\/\/www.facebook.com\/portalubirataonline","https:\/\/x.com\/ubirataonline","https:\/\/mastodon.social\/@ubirataonline","https:\/\/www.facebook.com\/groups\/311144672285604","https:\/\/www.facebook.com\/UBTAOnline","https:\/\/www.instagram.com\/portalubirataonline\/","https:\/\/twitter.com\/ubirataonline"],"description":"Somos um portal de not\u00edcias independente, criado em 5 de janeiro de 2009, com o objetivo de informar, conectar e valorizar a nossa comunidade de Ubirat\u00e3 e toda aregi\u00e3o. Com conte\u00fado atualizado, confi\u00e1vel e relevante, o Ubirat\u00e3 Online \u00e9 o seu espa\u00e7o para ficar por dentro dos principais acontecimentos locais, regionais, Brasil, Mundo e de interesse geral. Nosso compromisso \u00e9 com a verdade, a transpar\u00eancia e o respeito ao leitor.","legalName":"UBIRATA ONLINE NOT\u00cdCIAS","foundingDate":"2009-01-05","numberOfEmployees":{"@type":"QuantitativeValue","minValue":"1","maxValue":"10"},"publishingPrinciples":"https:\/\/ubirataonline.com.br\/faq\/","address":{"@id":"https:\/\/ubirataonline.com.br\/cop-30-anuncia-conselho-para-adaptacao-as-mudancas-climaticas\/#local-main-place-address"},"geo":{"@type":"GeoCoordinates","latitude":"-24.5361401","longitude":"-52.9921776"},"telephone":["+5544998308235"],"contactPoint":{"@type":"ContactPoint","email":"contato@ubirataonline.com.br"},"openingHoursSpecification":{"@type":"OpeningHoursSpecification","dayOfWeek":["Monday","Tuesday","Wednesday","Thursday","Friday","Saturday","Sunday"],"opens":"00:00","closes":"23:59"},"email":"contato@ubirataonline.com.br","vatID":"47.621.418\/0001-80"},{"@type":"Person","@id":"https:\/\/ubirataonline.com.br\/#\/schema\/person\/372f87bbd3fdd79b8556b84c98d0bc1c","name":"REDA\u00c7\u00c3O: UBIRAT\u00c3 ONLINE - F\u00c1BIO AUGUSTO CELESTINO","pronouns":"Ele","description":"Desde 2003 trabalhando com not\u00edcias.","sameAs":["http:\/\/ubirataoline.com.br","https:\/\/www.facebook.com\/portalubirataonline","https:\/\/www.instagram.com\/ubirataonline_oficial","https:\/\/x.com\/x.com\/ubirataonline"],"honorificPrefix":"Mr.","honorificSuffix":"MD","birthDate":"1980-06-16","gender":"masculino","award":["V\u00e1rios pr\u00eamios de melhor portal da cidade"],"jobTitle":"Diretor","url":"https:\/\/ubirataonline.com.br\/en\/author\/ubirataonline\/"},{"@type":"PostalAddress","@id":"https:\/\/ubirataonline.com.br\/cop-30-anuncia-conselho-para-adaptacao-as-mudancas-climaticas\/#local-main-place-address","streetAddress":"Rua dos Coqueiros, 104 - Bairro Boa Vista, Rua dos Coqueiros, 104 Bairro Boa Vista","addressLocality":"UBIRATA","postalCode":"85440-000","addressRegion":"PR","addressCountry":"BR"},{"@type":"ImageObject","inLanguage":"en-US","@id":"https:\/\/ubirataonline.com.br\/cop-30-anuncia-conselho-para-adaptacao-as-mudancas-climaticas\/#local-main-organization-logo","url":"https:\/\/ubirataonline.com.br\/wp-content\/uploads\/2026\/06\/logoubirataonline-1.webp","contentUrl":"https:\/\/ubirataonline.com.br\/wp-content\/uploads\/2026\/06\/logoubirataonline-1.webp","width":500,"height":500,"caption":"Ubirat\u00e3 Online Not\u00edcias"}]},"geo.placename":"UBIRATA","geo.position":{"lat":"-24.5361401","long":"-52.9921776"},"geo.region":"Brazil"},"_links":{"self":[{"href":"https:\/\/ubirataonline.com.br\/en\/wp-json\/wp\/v2\/posts\/63254","targetHints":{"allow":["GET"]}}],"collection":[{"href":"https:\/\/ubirataonline.com.br\/en\/wp-json\/wp\/v2\/posts"}],"about":[{"href":"https:\/\/ubirataonline.com.br\/en\/wp-json\/wp\/v2\/types\/post"}],"author":[{"embeddable":true,"href":"https:\/\/ubirataonline.com.br\/en\/wp-json\/wp\/v2\/users\/1"}],"replies":[{"embeddable":true,"href":"https:\/\/ubirataonline.com.br\/en\/wp-json\/wp\/v2\/comments?post=63254"}],"version-history":[{"count":0,"href":"https:\/\/ubirataonline.com.br\/en\/wp-json\/wp\/v2\/posts\/63254\/revisions"}],"wp:featuredmedia":[{"embeddable":true,"href":"https:\/\/ubirataonline.com.br\/en\/wp-json\/wp\/v2\/media\/63219"}],"wp:attachment":[{"href":"https:\/\/ubirataonline.com.br\/en\/wp-json\/wp\/v2\/media?parent=63254"}],"wp:term":[{"taxonomy":"category","embeddable":true,"href":"https:\/\/ubirataonline.com.br\/en\/wp-json\/wp\/v2\/categories?post=63254"},{"taxonomy":"post_tag","embeddable":true,"href":"https:\/\/ubirataonline.com.br\/en\/wp-json\/wp\/v2\/tags?post=63254"}],"curies":[{"name":"wp","href":"https:\/\/api.w.org\/{rel}","templated":true}]}}