{"id":63302,"date":"2025-08-07T02:51:07","date_gmt":"2025-08-07T05:51:07","guid":{"rendered":"https:\/\/ubirataonline.com.br\/abelito-en-la-casa-de-los-famosos-expone-la-falta-de-accesibilidad-para-personas-de-talla-baja\/"},"modified":"2025-08-07T02:51:07","modified_gmt":"2025-08-07T05:51:07","slug":"abelito-en-la-casa-de-los-famosos-expone-la-falta-de-accesibilidad-para-personas-de-talla-baja","status":"publish","type":"post","link":"https:\/\/ubirataonline.com.br\/en\/abelito-en-la-casa-de-los-famosos-expone-la-falta-de-accesibilidad-para-personas-de-talla-baja\/","title":{"rendered":"Abelito en \u201cLa Casa de los Famosos\u201d expone la falta de accesibilidad para personas de talla baja"},"content":{"rendered":"<p><\/p>\n<div>\n<p>No importa si ves el programa o no, seguro te has cruzado con TikToks y quiz\u00e1s uno de los personajes m\u00e1s reconocidos en todos lados es <strong>Abelito en <\/strong><a data-i13n=\"cpos:1;pos:1\" href=\"https:\/\/animalpolitico.com\/tendencias\/entretenimiento\/wendy-guevara-video-intimo-ley-olimpia\" rel=\"nofollow noopener\" target=\"_blank\" data-ylk=\"slk:La Casa de los Famosos;cpos:1;pos:1;elm:context_link;itc:0;sec:content-canvas\" class=\"link\"><strong><em>La Casa de los Famosos<\/em><\/strong><\/a>.<\/p>\n<p><strong>\u00bfQui\u00e9n es Abelito? <\/strong>En su presentaci\u00f3n oficial en el programa, \u00e9l mismo se describi\u00f3 como <strong>una <\/strong><a data-i13n=\"cpos:2;pos:1\" href=\"https:\/\/animalpolitico.com\/sociedad\/acondroplasia-discapacidad-gente-pequena\" rel=\"nofollow noopener\" target=\"_blank\" data-ylk=\"slk:persona de talla baja;cpos:2;pos:1;elm:context_link;itc:0;sec:content-canvas\" class=\"link\"><strong>persona de talla baja<\/strong><\/a><strong> con falla motora<\/strong> y habl\u00f3 de su carrera como economista y el mundo del entretenimiento.<\/p>\n<p>Abel S\u00e1enz R. es un <a data-i13n=\"cpos:3;pos:1\" href=\"https:\/\/www.tiktok.com\/@el_abelito_oficial\" rel=\"nofollow noopener\" target=\"_blank\" data-ylk=\"slk:creador de contenido;cpos:3;pos:1;elm:context_link;itc:0;sec:content-canvas\" class=\"link\">creador de contenido<\/a> <strong>originario de Zacatecas<\/strong> que se volvi\u00f3 popular por sus video con toques de comedia durante la pandemia. Abelito curs\u00f3 la licenciatura en Econom\u00eda en la Universidad Aut\u00f3noma de Zacatecas, aunque desde su infancia se relacion\u00f3 con el mundo del espect\u00e1culo.<\/p>\n<p>Su padre, quien tambi\u00e9n es una persona de talla baja, trabaj\u00f3 en circos de la regi\u00f3n, donde conoci\u00f3 a su mam\u00e1. Desde muy joven, Abelito lo acompa\u00f1aba a este tipo de eventos y en alg\u00fan momento incursion\u00f3 como payaso.<\/p>\n<p>\u201cYo agradezco mucho a mi pap\u00e1 que me hubiera jalado, fue lo que me abri\u00f3 al mundo, tener esa perspectiva\u201d, dijo en una entrevista a <em>Multimedios<\/em>.<\/p>\n<h2>La presencia de Abelito en <em>La Casa de los Famosos<\/em>: \u00bfinclusi\u00f3n simb\u00f3lica?<\/h2>\n<p>La presencia de <em>Abelito<\/em> en el famoso programa ha generado una serie de debates en redes sociales sobre <strong>la accesibilidad para personas de talla baja <\/strong>y la necesidad de <strong>una representaci\u00f3n aut\u00e9ntica<\/strong> en televisi\u00f3n de personas con distintas discapacidades.<\/p>\n<p>Empecemos por el tema de accesibilidad, pues se han viralizado videos en distintos momentos de Abelito en <em>La Casa de los Famosos<\/em> cargando su propio banco para alcanzar mesas, estufas, camas o hasta el lavabo.<\/p>\n<div class=\"caas-iframe-wrapper\" data-embed-anchor=\"69ca0c00-b77e-557e-b029-19a015b91c01\">\n<div class=\"caas-iframe youtube\" style=\"padding-bottom:56%\" data-type=\"youtube\">\n<blockquote data-src=\"https:\/\/www.youtube.com\/embed\/K0oYiHPzSZQ?feature=oembed\" allowfullscreen=\"\"><p><noscript><iframe loading=\"lazy\" title=\"Abelito con su banquito nos da 1,000 a\u00f1os de vida #LaCasaDeLosFamososMx\" width=\"1366\" height=\"768\" src=\"https:\/\/www.youtube.com\/embed\/K0oYiHPzSZQ?feature=oembed\" frameborder=\"0\" allow=\"accelerometer; autoplay; clipboard-write; encrypted-media; gyroscope; picture-in-picture; web-share\" referrerpolicy=\"strict-origin-when-cross-origin\" allowfullscreen><\/iframe><\/noscript><\/p><\/blockquote>\n<\/div>\n<\/div>\n<p>Hay que considerar, que Abelito y su familia viven en una casa adaptada para su estatura. \u00c9l mismo lo demostr\u00f3 en un video donde se ve que todos los espacios est\u00e1n adaptados para no tener complicaciones al sentarse, al alcanzar una repisa, o para no tener la necesidad de un banquito para alcanzar cualquier cosa.<\/p>\n<div class=\"caas-iframe-wrapper\" data-embed-anchor=\"102fd186-0f6b-572d-b2d1-82b02c7b6759\">\n<div class=\"caas-iframe youtube\" style=\"padding-bottom:56%\" data-type=\"youtube\">\n<blockquote data-src=\"https:\/\/www.youtube.com\/embed\/n4kqax2JIQc?feature=oembed\" allowfullscreen=\"\"><p><noscript><iframe loading=\"lazy\" title=\"\ud83d\ude33\u00bfDe que TAMA\u00d1O es mi casa?\ud83e\udee3MINI HOUSE TOUR \/ ABELITO\" width=\"1366\" height=\"768\" src=\"https:\/\/www.youtube.com\/embed\/n4kqax2JIQc?feature=oembed\" frameborder=\"0\" allow=\"accelerometer; autoplay; clipboard-write; encrypted-media; gyroscope; picture-in-picture; web-share\" referrerpolicy=\"strict-origin-when-cross-origin\" allowfullscreen><\/iframe><\/noscript><\/p><\/blockquote>\n<\/div>\n<\/div>\n<p>Sabemos que no podemos esperar mucho de <a data-i13n=\"cpos:4;pos:1\" href=\"https:\/\/animalpolitico.com\/tendencias\/entretenimiento\/adrian-marcelo-sale-de-la-casa-ataques-polemica\" rel=\"nofollow noopener\" target=\"_blank\" data-ylk=\"slk:un programa que ha demostrado en varias ocasiones que la violencia es rating;cpos:4;pos:1;elm:context_link;itc:0;sec:content-canvas\" class=\"link\">un programa que ha demostrado en varias ocasiones que la violencia es rating<\/a>, pero recientemente usuarios en redes sociales han mostrado preocupaci\u00f3n por el estado an\u00edmico de Abelito ante este tipo de problemas de accesibilidad o hasta problemas para participar en algunos retos.<\/p>\n<p>Y es que en algunas actividades tambi\u00e9n se ha ignorado por completo la accesibilidad que necesita una persona de talla baja, como para alcanzar los pedales de una bicicleta est\u00e1tica, por ejemplo.<\/p>\n<figure class=\"caas-figure\">\n<div class=\"caas-figure-with-pb\" style=\"max-height: 640px\">\n<div>\n<div class=\"caas-img-container caas-img-lightbox caas-img-loader\" style=\"padding-bottom:67%\" data-lightbox-src=\"https:\/\/s.yimg.com\/ny\/api\/res\/1.2\/d__4c7.gyF1CV.XkClepAw--\/YXBwaWQ9aGlnaGxhbmRlcjt3PTI0MDA7aD0xNjAw\/https:\/\/media.zenfs.com\/es\/animal_pol_tico_619\/b74cbf9c9caec012fb904d858fff6925\"><span class=\"caas-img-wrapper\"><img decoding=\"async\" class=\"caas-img caas-lazy has-preview\" alt=\"abelito la casa de los famosos\" src=\"https:\/\/s.yimg.com\/ny\/api\/res\/1.2\/6OOOdJ9U54P0oA4.JpHLCQ--\/YXBwaWQ9aGlnaGxhbmRlcjt3PTk2MDtoPTY0MA--\/https:\/\/media.zenfs.com\/es\/animal_pol_tico_619\/b74cbf9c9caec012fb904d858fff6925\"\/><img decoding=\"async\" alt=\"abelito la casa de los famosos\" src=\"https:\/\/s.yimg.com\/ny\/api\/res\/1.2\/6OOOdJ9U54P0oA4.JpHLCQ--\/YXBwaWQ9aGlnaGxhbmRlcjt3PTk2MDtoPTY0MA--\/https:\/\/media.zenfs.com\/es\/animal_pol_tico_619\/b74cbf9c9caec012fb904d858fff6925\" class=\"caas-img\"\/><button class=\"link caas-lightbox\" aria-label=\"Ver imagen ampliada\" data-ylk=\"sec:image-lightbox;slk:lightbox-open;elm:expand;itc:1\"><span class=\"openArrows icon\"><svg width=\"22\" height=\"22\" viewbox=\"0 0 22 22\"><path d=\"M12.372 0.92C12.372 0.414 12.782 0.004 13.287 0.004L21 0L20.996 7.712C20.996 8.217 20.586 8.628 20.08 8.628C19.574 8.628 19.164 8.217 19.164 7.712V3.183L12.337 10.011L10.988 8.663L17.816 1.835H13.287C12.782 1.835 12.372 1.425 12.372 0.92ZM1.835 17.816L8.663 10.988L10.012 12.337L3.183 19.164H7.712C8.218 19.164 8.627 19.574 8.627 20.08C8.627 20.586 8.218 20.995 7.712 20.995L0 21L0.004 13.287C0.004 12.782 0.414 12.372 0.92 12.372C1.425 12.372 1.835 12.782 1.835 13.287V17.816Z\"\/><\/svg><\/span><\/button><\/span><\/div>\n<\/div>\n<\/div>\n<p><figcaption class=\"caption-collapse\">abelito la casa de los famosos<\/figcaption><\/p>\n<\/figure>\n<p>Si bien la participaci\u00f3n de Abelito en <em>La Casa de los Famosos<\/em> da la oportunidad de tener una voz que visibiliza la realidad de personas de talla baja a una audiencia tan grande, seguimos con una inclusi\u00f3n a medias, pues es claro que la producci\u00f3n no se encarg\u00f3 de hacer las adaptaciones necesarias para hacer la casa o las actividades accesibles para todos los participantes.<\/p>\n<h2 class=\"caas-jump-link-heading\" id=\"abelito-quiere-visibilizar-los-desafios-diarios-de-personas-de-talla-baja\">Abelito quiere visibilizar los desaf\u00edos diarios de personas de talla baja<\/h2>\n<p>En una entrevista promocional de Abelito en <em>La Casa de los Famosos<\/em> con Marie Claire Harp, el creador de contenido explic\u00f3 que con su participaci\u00f3n busca dar un mensaje:<\/p>\n<p><strong>\u201cQuiero que sea como un mensaje porque el mundo est\u00e1 adaptado para la gente promedio, gente normal, que tiene adaptado todo a ellos en tama\u00f1o, todo a su medida\u201d.<\/strong><\/p>\n<p>\u201cUna persona como yo se sube al metro o el tren\u2026 \u00bfC\u00f3mo voy a agarrar el tubo de arriba? A menos que me carguen. Toca adaptarse a un mundo que no est\u00e1 hecho para ti\u201d, dijo Abelito.<\/p>\n<p>Justo ah\u00ed mismo reflexion\u00f3 en que la casa de sus padres est\u00e1 todo adaptado para su altura y le preocupaba c\u00f3mo iba a estar todo en <em>La Casa de los Famosos<\/em>. <strong>\u201cPero quiero que sea un mensaje de que cuando la gente se propone algo, puede que as\u00ed sea<\/strong>. Como dicen, al toro por los cuernos\u201d, reflexion\u00f3.<\/p>\n<div class=\"caas-iframe-wrapper\" data-embed-anchor=\"e9d76016-65eb-5cfb-9e93-48aedd95e2ba\">\n<div class=\"caas-iframe youtube\" style=\"padding-bottom:56%\" data-type=\"youtube\">\n<blockquote data-src=\"https:\/\/www.youtube.com\/embed\/ggNluNguXY8?feature=oembed\" allowfullscreen=\"\"><p><noscript><iframe loading=\"lazy\" title=\"Abelito ADVIERTE que podr\u00eda CAER MAL en La Casa de los Famosos M\u00e9xico\" width=\"1366\" height=\"768\" src=\"https:\/\/www.youtube.com\/embed\/ggNluNguXY8?feature=oembed\" frameborder=\"0\" allow=\"accelerometer; autoplay; clipboard-write; encrypted-media; gyroscope; picture-in-picture; web-share\" referrerpolicy=\"strict-origin-when-cross-origin\" allowfullscreen><\/iframe><\/noscript><\/p><\/blockquote>\n<\/div>\n<\/div>\n<h2 class=\"caas-jump-link-heading\" id=\"los-estereotipos-que-se-mantienen\">Los estereotipos que se mantienen<\/h2>\n<p>La visibilidad de personas de talla baja en el entretenimiento ha estado frecuentemente ligada a burlas, ridiculizaci\u00f3n y representaciones que perpet\u00faan estereotipos negativos, en lugar de promover una inclusi\u00f3n genuina y digna. Y s\u00ed, eso se mantiene con lo que hemos visto de Abelito en <em>La Casa de los Famosos<\/em>.<\/p>\n<p>Para algunas personas con esta condici\u00f3n es considerada como <a data-i13n=\"cpos:5;pos:1\" href=\"https:\/\/youtu.be\/3JXuo_RXkcs?list=TLGGDWWfC_8H3LwwNjA4MjAyNQ\" rel=\"nofollow noopener\" target=\"_blank\" data-ylk=\"slk:\u201cla discapacidad m\u00e1s cruel\u201d;cpos:5;pos:1;elm:context_link;itc:0;sec:content-canvas\" class=\"link\">\u201cla discapacidad m\u00e1s cruel\u201d<\/a>, pues los chistes sobre su estatura est\u00e1n muy normalizados en su d\u00eda a d\u00eda y eso se nutre con lo que vemos en los medios.<\/p>\n<p>Tal y como le pas\u00f3 a Abelito y a su familia, uno de los trabajos que se ha perpetuado para las personas de talla baja es el de payaso o comediante, ya sea para cargarlos, disfrazarlos de duendes, ponerlos como \u201cp\u00edcaros\u201d, hacerles pelear, o hasta disfrazarles de animales. Ah\u00ed est\u00e1n <strong>Margarito <\/strong>Esparza Nev\u00e1rez o Jos\u00e9 Mar\u00eda Napole\u00f3n \u201cTun Tun\u201d; o m\u00e1s actualmente <strong>KeMonito<\/strong> o <strong>Medio Metro<\/strong>.<\/p>\n<p>As\u00ed se sigue nutriendo la <strong>no normalizaci\u00f3n<\/strong> de la existencia de personas de talla baja al seguirlas presentando al mundo como \u201calgo fuera de lo normal\u201d.<\/p>\n<p>Aqu\u00ed entran otro tipo de cuestionamientos. Por ejemplo, el hecho de que las personas de talla baja pueden desempe\u00f1ar una amplia variedad de trabajos, y su estatura no deber\u00eda ser un factor limitante en su acceso a oportunidades laborales. Pero la realidad nos muestra otra cosa, pues <strong>todav\u00eda hoy siguen enfrentando desaf\u00edos como la discriminaci\u00f3n y la falta de accesibilidad<\/strong>.<\/p>\n<p>Ojal\u00e1, que a pesar del morbo, las burlas y los estereotipos, Abelito s\u00ed pueda conseguir compartir su mensaje en <em>La Casa de los Famosos<\/em>: que las personas de talla baja existen y que todav\u00eda estamos muy lejos de una realidad accesible para todas las personas.<\/p>\n<figure class=\"caas-figure\">\n<div class=\"caas-figure-with-pb\" style=\"max-height: 90px\">\n<div>\n<div class=\"caas-img-container caas-img-lightbox caas-img-loader\" style=\"padding-bottom:12%\" data-lightbox-src=\"https:\/\/s.yimg.com\/ny\/api\/res\/1.2\/zdg84w9gfUuG.vYRw1JqtQ--\/YXBwaWQ9aGlnaGxhbmRlcjt3PTE0NTY7aD0xODA-\/https:\/\/s.yimg.com\/os\/creatr-uploaded-images\/2025-05\/457a3f40-3274-11f0-9bb9-a98c72dc6932\"><a class=\"link\" href=\"https:\/\/trib.al\/yG4LVEm\" data-ylk=\"\"><img decoding=\"async\" class=\"caas-img caas-lazy\" alt=\"S\u00edguenos en WhatsApp\" src=\"https:\/\/s.yimg.com\/ny\/api\/res\/1.2\/m09uJoRwgARSklrcOEaAzw--\/YXBwaWQ9aGlnaGxhbmRlcjt3PTk2MDtoPTExOQ--\/https:\/\/s.yimg.com\/os\/creatr-uploaded-images\/2025-05\/457a3f40-3274-11f0-9bb9-a98c72dc6932\"\/><img decoding=\"async\" alt=\"S\u00edguenos en WhatsApp\" src=\"https:\/\/s.yimg.com\/ny\/api\/res\/1.2\/m09uJoRwgARSklrcOEaAzw--\/YXBwaWQ9aGlnaGxhbmRlcjt3PTk2MDtoPTExOQ--\/https:\/\/s.yimg.com\/os\/creatr-uploaded-images\/2025-05\/457a3f40-3274-11f0-9bb9-a98c72dc6932\" class=\"caas-img\"\/><\/a><\/div>\n<\/div>\n<\/div>\n<p><figcaption class=\"caption-collapse\">S\u00edguenos en WhatsApp<\/figcaption><\/p>\n<\/figure>\n<p><strong>TAMBI\u00c9N TE PUEDE INTERESAR | EN VIDEO<\/strong><\/p>\n<p><strong>Por qu\u00e9 el romance entre Pamela Anderson y Liam Neeson es real: \u2018Se equilibran mutuamente\u2019<\/strong><\/p>\n<\/div>\n<p><script async src=\"\/\/www.tiktok.com\/embed.js\"><\/script><br \/>\n<br \/><a href=\"https:\/\/es-us.vida-estilo.yahoo.com\/abelito-casa-famosos-expone-falta-090940712.html\">Source link <\/a><\/p>","protected":false},"excerpt":{"rendered":"<p>No importa si ves el programa o no, seguro te has cruzado con TikToks y quiz\u00e1s uno de los personajes m\u00e1s reconocidos en todos lados es Abelito en La Casa de los Famosos. \u00bfQui\u00e9n es Abelito? En su presentaci\u00f3n oficial en el programa, \u00e9l mismo se describi\u00f3 como una persona de talla baja con falla [&hellip;]<\/p>\n","protected":false},"author":1,"featured_media":63303,"comment_status":"","ping_status":"","sticky":false,"template":"","format":"standard","meta":{"googlesitekit_rrm_CAow2JLhCw:productID":"","_gspb_post_css":"","maa_idioma":"","maa_pais":"","footnotes":""},"categories":[4],"tags":[],"class_list":["post-63302","post","type-post","status-publish","format-standard","has-post-thumbnail","hentry","category-brasil"],"blocksy_meta":[],"yoast_head":"<!-- This site is optimized with the Yoast SEO Premium plugin v27.6 (Yoast SEO v27.6) - https:\/\/yoast.com\/product\/yoast-seo-premium-wordpress\/ -->\n<title>Abelito en \u201cLa Casa de los Famosos\u201d expone la falta de accesibilidad para personas de talla baja - Ubirat\u00e3 Online Not\u00edcias - A realidade ao seu alcance!<\/title>\n<meta name=\"description\" content=\"No importa si ves el programa o no, seguro te has cruzado con TikToks y quiz\u00e1s uno de los personajes m\u00e1s reconocidos en todos lados es Abelito en La Casa\" \/>\n<meta name=\"robots\" content=\"index, follow, max-snippet:-1, max-image-preview:large, max-video-preview:-1\" \/>\n<link rel=\"canonical\" href=\"https:\/\/ubirataonline.com.br\/en\/abelito-en-la-casa-de-los-famosos-expone-la-falta-de-accesibilidad-para-personas-de-talla-baja\/\" \/>\n<meta property=\"og:locale\" content=\"en_US\" \/>\n<meta property=\"og:type\" content=\"article\" \/>\n<meta property=\"og:title\" content=\"Abelito en \u201cLa Casa de los Famosos\u201d expone la falta de accesibilidad para personas de talla baja\" \/>\n<meta property=\"og:description\" content=\"No importa si ves el programa o no, seguro te has cruzado con TikToks y quiz\u00e1s uno de los personajes m\u00e1s reconocidos en todos lados es Abelito en La Casa\" \/>\n<meta property=\"og:url\" content=\"https:\/\/ubirataonline.com.br\/en\/abelito-en-la-casa-de-los-famosos-expone-la-falta-de-accesibilidad-para-personas-de-talla-baja\/\" \/>\n<meta property=\"og:site_name\" content=\"Ubirat\u00e3 Online Not\u00edcias - A realidade ao seu alcance!\" \/>\n<meta property=\"article:publisher\" content=\"https:\/\/www.facebook.com\/portalubirataonline\" \/>\n<meta property=\"article:author\" content=\"https:\/\/www.facebook.com\/portalubirataonline\" \/>\n<meta property=\"article:published_time\" content=\"2025-08-07T05:51:07+00:00\" \/>\n<meta property=\"og:image\" content=\"https:\/\/s.yimg.com\/ny\/api\/res\/1.2\/6OOOdJ9U54P0oA4.JpHLCQ--\/YXBwaWQ9aGlnaGxhbmRlcjt3PTk2MDtoPTY0MA--\/https:\/\/media.zenfs.com\/es\/animal_pol_tico_619\/b74cbf9c9caec012fb904d858fff6925\" \/>\n<meta name=\"author\" content=\"REDA\u00c7\u00c3O: UBIRAT\u00c3 ONLINE - F\u00c1BIO AUGUSTO CELESTINO\" \/>\n<meta name=\"twitter:card\" content=\"summary_large_image\" \/>\n<meta name=\"twitter:creator\" content=\"@x.com\/ubirataonline\" \/>\n<meta name=\"twitter:site\" content=\"@ubirataonline\" \/>\n<meta name=\"twitter:label1\" content=\"Written by\" \/>\n\t<meta name=\"twitter:data1\" content=\"REDA\u00c7\u00c3O: UBIRAT\u00c3 ONLINE - F\u00c1BIO AUGUSTO CELESTINO\" \/>\n\t<meta name=\"twitter:label2\" content=\"Est. reading time\" \/>\n\t<meta name=\"twitter:data2\" content=\"5 minutes\" \/>\n<script type=\"application\/ld+json\" class=\"yoast-schema-graph\">{\"@context\":\"https:\\\/\\\/schema.org\",\"@graph\":[{\"@type\":\"NewsArticle\",\"@id\":\"https:\\\/\\\/ubirataonline.com.br\\\/abelito-en-la-casa-de-los-famosos-expone-la-falta-de-accesibilidad-para-personas-de-talla-baja\\\/#article\",\"isPartOf\":{\"@id\":\"https:\\\/\\\/ubirataonline.com.br\\\/abelito-en-la-casa-de-los-famosos-expone-la-falta-de-accesibilidad-para-personas-de-talla-baja\\\/\"},\"author\":{\"name\":\"REDA\u00c7\u00c3O: UBIRAT\u00c3 ONLINE - F\u00c1BIO AUGUSTO CELESTINO\",\"@id\":\"https:\\\/\\\/ubirataonline.com.br\\\/#\\\/schema\\\/person\\\/372f87bbd3fdd79b8556b84c98d0bc1c\"},\"headline\":\"Abelito en \u201cLa Casa de los Famosos\u201d expone la falta de accesibilidad para personas de talla baja\",\"datePublished\":\"2025-08-07T05:51:07+00:00\",\"mainEntityOfPage\":{\"@id\":\"https:\\\/\\\/ubirataonline.com.br\\\/abelito-en-la-casa-de-los-famosos-expone-la-falta-de-accesibilidad-para-personas-de-talla-baja\\\/\"},\"wordCount\":1054,\"publisher\":{\"@id\":\"https:\\\/\\\/ubirataonline.com.br\\\/#organization\"},\"image\":{\"@id\":\"https:\\\/\\\/ubirataonline.com.br\\\/abelito-en-la-casa-de-los-famosos-expone-la-falta-de-accesibilidad-para-personas-de-talla-baja\\\/#primaryimage\"},\"thumbnailUrl\":\"https:\\\/\\\/ubirataonline.com.br\\\/wp-content\\\/uploads\\\/2025\\\/08\\\/dd6fe7ed90a6d740610a917b1ed6da21.jpeg\",\"articleSection\":[\"Brasil\"],\"inLanguage\":\"en-US\",\"copyrightYear\":\"2025\",\"copyrightHolder\":{\"@id\":\"https:\\\/\\\/ubirataonline.com.br\\\/en\\\/#organization\"}},{\"@type\":\"WebPage\",\"@id\":\"https:\\\/\\\/ubirataonline.com.br\\\/abelito-en-la-casa-de-los-famosos-expone-la-falta-de-accesibilidad-para-personas-de-talla-baja\\\/\",\"url\":\"https:\\\/\\\/ubirataonline.com.br\\\/abelito-en-la-casa-de-los-famosos-expone-la-falta-de-accesibilidad-para-personas-de-talla-baja\\\/\",\"name\":\"Abelito en \u201cLa Casa de los Famosos\u201d expone la falta de accesibilidad para personas de talla baja - Ubirat\u00e3 Online Not\u00edcias - A realidade ao seu alcance!\",\"isPartOf\":{\"@id\":\"https:\\\/\\\/ubirataonline.com.br\\\/#website\"},\"primaryImageOfPage\":{\"@id\":\"https:\\\/\\\/ubirataonline.com.br\\\/abelito-en-la-casa-de-los-famosos-expone-la-falta-de-accesibilidad-para-personas-de-talla-baja\\\/#primaryimage\"},\"image\":{\"@id\":\"https:\\\/\\\/ubirataonline.com.br\\\/abelito-en-la-casa-de-los-famosos-expone-la-falta-de-accesibilidad-para-personas-de-talla-baja\\\/#primaryimage\"},\"thumbnailUrl\":\"https:\\\/\\\/ubirataonline.com.br\\\/wp-content\\\/uploads\\\/2025\\\/08\\\/dd6fe7ed90a6d740610a917b1ed6da21.jpeg\",\"datePublished\":\"2025-08-07T05:51:07+00:00\",\"description\":\"No importa si ves el programa o no, seguro te has cruzado con TikToks y quiz\u00e1s uno de los personajes m\u00e1s reconocidos en todos lados es Abelito en La Casa\",\"breadcrumb\":{\"@id\":\"https:\\\/\\\/ubirataonline.com.br\\\/abelito-en-la-casa-de-los-famosos-expone-la-falta-de-accesibilidad-para-personas-de-talla-baja\\\/#breadcrumb\"},\"inLanguage\":\"en-US\",\"potentialAction\":[{\"@type\":\"ReadAction\",\"target\":[\"https:\\\/\\\/ubirataonline.com.br\\\/abelito-en-la-casa-de-los-famosos-expone-la-falta-de-accesibilidad-para-personas-de-talla-baja\\\/\"]}]},{\"@type\":\"ImageObject\",\"inLanguage\":\"en-US\",\"@id\":\"https:\\\/\\\/ubirataonline.com.br\\\/abelito-en-la-casa-de-los-famosos-expone-la-falta-de-accesibilidad-para-personas-de-talla-baja\\\/#primaryimage\",\"url\":\"https:\\\/\\\/ubirataonline.com.br\\\/wp-content\\\/uploads\\\/2025\\\/08\\\/dd6fe7ed90a6d740610a917b1ed6da21.jpeg\",\"contentUrl\":\"https:\\\/\\\/ubirataonline.com.br\\\/wp-content\\\/uploads\\\/2025\\\/08\\\/dd6fe7ed90a6d740610a917b1ed6da21.jpeg\",\"width\":1200,\"height\":800},{\"@type\":\"BreadcrumbList\",\"@id\":\"https:\\\/\\\/ubirataonline.com.br\\\/abelito-en-la-casa-de-los-famosos-expone-la-falta-de-accesibilidad-para-personas-de-talla-baja\\\/#breadcrumb\",\"itemListElement\":[{\"@type\":\"ListItem\",\"position\":1,\"name\":\"In\u00edcio\",\"item\":\"https:\\\/\\\/ubirataonline.com.br\\\/\"},{\"@type\":\"ListItem\",\"position\":2,\"name\":\"Abelito en \u201cLa Casa de los Famosos\u201d expone la falta de accesibilidad para personas de talla baja\"}]},{\"@type\":\"WebSite\",\"@id\":\"https:\\\/\\\/ubirataonline.com.br\\\/#website\",\"url\":\"https:\\\/\\\/ubirataonline.com.br\\\/\",\"name\":\"Ubirat\u00e3 Online Not\u00edcias\",\"description\":\"Not\u00edcias de Ubirat\u00e3, regi\u00e3o, Brasil e mundo, com informa\u00e7\u00e3o atualizada e compromisso com o leitor.\",\"publisher\":{\"@id\":\"https:\\\/\\\/ubirataonline.com.br\\\/#organization\"},\"alternateName\":\"Ubirat\u00e3 Online\",\"potentialAction\":[{\"@type\":\"SearchAction\",\"target\":{\"@type\":\"EntryPoint\",\"urlTemplate\":\"https:\\\/\\\/ubirataonline.com.br\\\/?s={search_term_string}\"},\"query-input\":{\"@type\":\"PropertyValueSpecification\",\"valueRequired\":true,\"valueName\":\"search_term_string\"}}],\"inLanguage\":\"en-US\"},{\"@type\":[\"Organization\",\"Place\"],\"@id\":\"https:\\\/\\\/ubirataonline.com.br\\\/#organization\",\"name\":\"Ubirat\u00e3 Online Not\u00edcias\",\"alternateName\":\"Ubirat\u00e3 Online\",\"url\":\"https:\\\/\\\/ubirataonline.com.br\\\/\",\"logo\":{\"@id\":\"https:\\\/\\\/ubirataonline.com.br\\\/abelito-en-la-casa-de-los-famosos-expone-la-falta-de-accesibilidad-para-personas-de-talla-baja\\\/#local-main-organization-logo\"},\"image\":{\"@id\":\"https:\\\/\\\/ubirataonline.com.br\\\/abelito-en-la-casa-de-los-famosos-expone-la-falta-de-accesibilidad-para-personas-de-talla-baja\\\/#local-main-organization-logo\"},\"sameAs\":[\"https:\\\/\\\/www.facebook.com\\\/portalubirataonline\",\"https:\\\/\\\/x.com\\\/ubirataonline\",\"https:\\\/\\\/mastodon.social\\\/@ubirataonline\",\"https:\\\/\\\/www.facebook.com\\\/groups\\\/311144672285604\",\"https:\\\/\\\/www.facebook.com\\\/UBTAOnline\",\"https:\\\/\\\/www.instagram.com\\\/portalubirataonline\\\/\",\"https:\\\/\\\/twitter.com\\\/ubirataonline\"],\"description\":\"Somos um portal de not\u00edcias independente, criado em 5 de janeiro de 2009, com o objetivo de informar, conectar e valorizar a nossa comunidade de Ubirat\u00e3 e toda aregi\u00e3o. Com conte\u00fado atualizado, confi\u00e1vel e relevante, o Ubirat\u00e3 Online \u00e9 o seu espa\u00e7o para ficar por dentro dos principais acontecimentos locais, regionais, Brasil, Mundo e de interesse geral. Nosso compromisso \u00e9 com a verdade, a transpar\u00eancia e o respeito ao leitor.\",\"legalName\":\"UBIRATA ONLINE NOT\u00cdCIAS\",\"foundingDate\":\"2009-01-05\",\"numberOfEmployees\":{\"@type\":\"QuantitativeValue\",\"minValue\":\"1\",\"maxValue\":\"10\"},\"publishingPrinciples\":\"https:\\\/\\\/ubirataonline.com.br\\\/faq\\\/\",\"address\":{\"@id\":\"https:\\\/\\\/ubirataonline.com.br\\\/abelito-en-la-casa-de-los-famosos-expone-la-falta-de-accesibilidad-para-personas-de-talla-baja\\\/#local-main-place-address\"},\"geo\":{\"@type\":\"GeoCoordinates\",\"latitude\":\"-24.5361401\",\"longitude\":\"-52.9921776\"},\"telephone\":[\"+5544998308235\"],\"contactPoint\":{\"@type\":\"ContactPoint\",\"email\":\"contato@ubirataonline.com.br\"},\"openingHoursSpecification\":{\"@type\":\"OpeningHoursSpecification\",\"dayOfWeek\":[\"Monday\",\"Tuesday\",\"Wednesday\",\"Thursday\",\"Friday\",\"Saturday\",\"Sunday\"],\"opens\":\"00:00\",\"closes\":\"23:59\"},\"email\":\"contato@ubirataonline.com.br\",\"vatID\":\"47.621.418\\\/0001-80\"},{\"@type\":\"Person\",\"@id\":\"https:\\\/\\\/ubirataonline.com.br\\\/#\\\/schema\\\/person\\\/372f87bbd3fdd79b8556b84c98d0bc1c\",\"name\":\"REDA\u00c7\u00c3O: UBIRAT\u00c3 ONLINE - F\u00c1BIO AUGUSTO CELESTINO\",\"pronouns\":\"Ele\",\"description\":\"Desde 2003 trabalhando com not\u00edcias.\",\"sameAs\":[\"http:\\\/\\\/ubirataoline.com.br\",\"https:\\\/\\\/www.facebook.com\\\/portalubirataonline\",\"https:\\\/\\\/www.instagram.com\\\/ubirataonline_oficial\",\"https:\\\/\\\/x.com\\\/x.com\\\/ubirataonline\"],\"honorificPrefix\":\"Mr.\",\"honorificSuffix\":\"MD\",\"birthDate\":\"1980-06-16\",\"gender\":\"masculino\",\"award\":[\"V\u00e1rios pr\u00eamios de melhor portal da cidade\"],\"jobTitle\":\"Diretor\",\"url\":\"https:\\\/\\\/ubirataonline.com.br\\\/en\\\/author\\\/ubirataonline\\\/\"},{\"@type\":\"PostalAddress\",\"@id\":\"https:\\\/\\\/ubirataonline.com.br\\\/abelito-en-la-casa-de-los-famosos-expone-la-falta-de-accesibilidad-para-personas-de-talla-baja\\\/#local-main-place-address\",\"streetAddress\":\"Rua dos Coqueiros, 104 - Bairro Boa Vista, Rua dos Coqueiros, 104 Bairro Boa Vista\",\"addressLocality\":\"UBIRATA\",\"postalCode\":\"85440-000\",\"addressRegion\":\"PR\",\"addressCountry\":\"BR\"},{\"@type\":\"ImageObject\",\"inLanguage\":\"en-US\",\"@id\":\"https:\\\/\\\/ubirataonline.com.br\\\/abelito-en-la-casa-de-los-famosos-expone-la-falta-de-accesibilidad-para-personas-de-talla-baja\\\/#local-main-organization-logo\",\"url\":\"https:\\\/\\\/ubirataonline.com.br\\\/wp-content\\\/uploads\\\/2026\\\/06\\\/logoubirataonline-1.webp\",\"contentUrl\":\"https:\\\/\\\/ubirataonline.com.br\\\/wp-content\\\/uploads\\\/2026\\\/06\\\/logoubirataonline-1.webp\",\"width\":500,\"height\":500,\"caption\":\"Ubirat\u00e3 Online Not\u00edcias\"}]}<\/script>\n<meta name=\"geo.placename\" content=\"UBIRATA\" \/>\n<meta name=\"geo.position\" content=\"-24.5361401;-52.9921776\" \/>\n<meta name=\"geo.region\" content=\"Brazil\" \/>\n<!-- \/ Yoast SEO Premium plugin. -->","yoast_head_json":{"title":"Abelito en \u201cLa Casa de los Famosos\u201d expone la falta de accesibilidad para personas de talla baja - Ubirat\u00e3 Online Not\u00edcias - A realidade ao seu alcance!","description":"No importa si ves el programa o no, seguro te has cruzado con TikToks y quiz\u00e1s uno de los personajes m\u00e1s reconocidos en todos lados es Abelito en La Casa","robots":{"index":"index","follow":"follow","max-snippet":"max-snippet:-1","max-image-preview":"max-image-preview:large","max-video-preview":"max-video-preview:-1"},"canonical":"https:\/\/ubirataonline.com.br\/en\/abelito-en-la-casa-de-los-famosos-expone-la-falta-de-accesibilidad-para-personas-de-talla-baja\/","og_locale":"en_US","og_type":"article","og_title":"Abelito en \u201cLa Casa de los Famosos\u201d expone la falta de accesibilidad para personas de talla baja","og_description":"No importa si ves el programa o no, seguro te has cruzado con TikToks y quiz\u00e1s uno de los personajes m\u00e1s reconocidos en todos lados es Abelito en La Casa","og_url":"https:\/\/ubirataonline.com.br\/en\/abelito-en-la-casa-de-los-famosos-expone-la-falta-de-accesibilidad-para-personas-de-talla-baja\/","og_site_name":"Ubirat\u00e3 Online Not\u00edcias - A realidade ao seu alcance!","article_publisher":"https:\/\/www.facebook.com\/portalubirataonline","article_author":"https:\/\/www.facebook.com\/portalubirataonline","article_published_time":"2025-08-07T05:51:07+00:00","og_image":[{"url":"https:\/\/s.yimg.com\/ny\/api\/res\/1.2\/6OOOdJ9U54P0oA4.JpHLCQ--\/YXBwaWQ9aGlnaGxhbmRlcjt3PTk2MDtoPTY0MA--\/https:\/\/media.zenfs.com\/es\/animal_pol_tico_619\/b74cbf9c9caec012fb904d858fff6925","type":"","width":"","height":""}],"author":"REDA\u00c7\u00c3O: UBIRAT\u00c3 ONLINE - F\u00c1BIO AUGUSTO CELESTINO","twitter_card":"summary_large_image","twitter_creator":"@x.com\/ubirataonline","twitter_site":"@ubirataonline","twitter_misc":{"Written by":"REDA\u00c7\u00c3O: UBIRAT\u00c3 ONLINE - F\u00c1BIO AUGUSTO CELESTINO","Est. reading time":"5 minutes"},"schema":{"@context":"https:\/\/schema.org","@graph":[{"@type":"NewsArticle","@id":"https:\/\/ubirataonline.com.br\/abelito-en-la-casa-de-los-famosos-expone-la-falta-de-accesibilidad-para-personas-de-talla-baja\/#article","isPartOf":{"@id":"https:\/\/ubirataonline.com.br\/abelito-en-la-casa-de-los-famosos-expone-la-falta-de-accesibilidad-para-personas-de-talla-baja\/"},"author":{"name":"REDA\u00c7\u00c3O: UBIRAT\u00c3 ONLINE - F\u00c1BIO AUGUSTO CELESTINO","@id":"https:\/\/ubirataonline.com.br\/#\/schema\/person\/372f87bbd3fdd79b8556b84c98d0bc1c"},"headline":"Abelito en \u201cLa Casa de los Famosos\u201d expone la falta de accesibilidad para personas de talla baja","datePublished":"2025-08-07T05:51:07+00:00","mainEntityOfPage":{"@id":"https:\/\/ubirataonline.com.br\/abelito-en-la-casa-de-los-famosos-expone-la-falta-de-accesibilidad-para-personas-de-talla-baja\/"},"wordCount":1054,"publisher":{"@id":"https:\/\/ubirataonline.com.br\/#organization"},"image":{"@id":"https:\/\/ubirataonline.com.br\/abelito-en-la-casa-de-los-famosos-expone-la-falta-de-accesibilidad-para-personas-de-talla-baja\/#primaryimage"},"thumbnailUrl":"https:\/\/ubirataonline.com.br\/wp-content\/uploads\/2025\/08\/dd6fe7ed90a6d740610a917b1ed6da21.jpeg","articleSection":["Brasil"],"inLanguage":"en-US","copyrightYear":"2025","copyrightHolder":{"@id":"https:\/\/ubirataonline.com.br\/en\/#organization"}},{"@type":"WebPage","@id":"https:\/\/ubirataonline.com.br\/abelito-en-la-casa-de-los-famosos-expone-la-falta-de-accesibilidad-para-personas-de-talla-baja\/","url":"https:\/\/ubirataonline.com.br\/abelito-en-la-casa-de-los-famosos-expone-la-falta-de-accesibilidad-para-personas-de-talla-baja\/","name":"Abelito en \u201cLa Casa de los Famosos\u201d expone la falta de accesibilidad para personas de talla baja - Ubirat\u00e3 Online Not\u00edcias - A realidade ao seu alcance!","isPartOf":{"@id":"https:\/\/ubirataonline.com.br\/#website"},"primaryImageOfPage":{"@id":"https:\/\/ubirataonline.com.br\/abelito-en-la-casa-de-los-famosos-expone-la-falta-de-accesibilidad-para-personas-de-talla-baja\/#primaryimage"},"image":{"@id":"https:\/\/ubirataonline.com.br\/abelito-en-la-casa-de-los-famosos-expone-la-falta-de-accesibilidad-para-personas-de-talla-baja\/#primaryimage"},"thumbnailUrl":"https:\/\/ubirataonline.com.br\/wp-content\/uploads\/2025\/08\/dd6fe7ed90a6d740610a917b1ed6da21.jpeg","datePublished":"2025-08-07T05:51:07+00:00","description":"No importa si ves el programa o no, seguro te has cruzado con TikToks y quiz\u00e1s uno de los personajes m\u00e1s reconocidos en todos lados es Abelito en La Casa","breadcrumb":{"@id":"https:\/\/ubirataonline.com.br\/abelito-en-la-casa-de-los-famosos-expone-la-falta-de-accesibilidad-para-personas-de-talla-baja\/#breadcrumb"},"inLanguage":"en-US","potentialAction":[{"@type":"ReadAction","target":["https:\/\/ubirataonline.com.br\/abelito-en-la-casa-de-los-famosos-expone-la-falta-de-accesibilidad-para-personas-de-talla-baja\/"]}]},{"@type":"ImageObject","inLanguage":"en-US","@id":"https:\/\/ubirataonline.com.br\/abelito-en-la-casa-de-los-famosos-expone-la-falta-de-accesibilidad-para-personas-de-talla-baja\/#primaryimage","url":"https:\/\/ubirataonline.com.br\/wp-content\/uploads\/2025\/08\/dd6fe7ed90a6d740610a917b1ed6da21.jpeg","contentUrl":"https:\/\/ubirataonline.com.br\/wp-content\/uploads\/2025\/08\/dd6fe7ed90a6d740610a917b1ed6da21.jpeg","width":1200,"height":800},{"@type":"BreadcrumbList","@id":"https:\/\/ubirataonline.com.br\/abelito-en-la-casa-de-los-famosos-expone-la-falta-de-accesibilidad-para-personas-de-talla-baja\/#breadcrumb","itemListElement":[{"@type":"ListItem","position":1,"name":"In\u00edcio","item":"https:\/\/ubirataonline.com.br\/"},{"@type":"ListItem","position":2,"name":"Abelito en \u201cLa Casa de los Famosos\u201d expone la falta de accesibilidad para personas de talla baja"}]},{"@type":"WebSite","@id":"https:\/\/ubirataonline.com.br\/#website","url":"https:\/\/ubirataonline.com.br\/","name":"Ubirat\u00e3 Online Not\u00edcias","description":"Not\u00edcias de Ubirat\u00e3, regi\u00e3o, Brasil e mundo, com informa\u00e7\u00e3o atualizada e compromisso com o leitor.","publisher":{"@id":"https:\/\/ubirataonline.com.br\/#organization"},"alternateName":"Ubirat\u00e3 Online","potentialAction":[{"@type":"SearchAction","target":{"@type":"EntryPoint","urlTemplate":"https:\/\/ubirataonline.com.br\/?s={search_term_string}"},"query-input":{"@type":"PropertyValueSpecification","valueRequired":true,"valueName":"search_term_string"}}],"inLanguage":"en-US"},{"@type":["Organization","Place"],"@id":"https:\/\/ubirataonline.com.br\/#organization","name":"Ubirat\u00e3 Online Not\u00edcias","alternateName":"Ubirat\u00e3 Online","url":"https:\/\/ubirataonline.com.br\/","logo":{"@id":"https:\/\/ubirataonline.com.br\/abelito-en-la-casa-de-los-famosos-expone-la-falta-de-accesibilidad-para-personas-de-talla-baja\/#local-main-organization-logo"},"image":{"@id":"https:\/\/ubirataonline.com.br\/abelito-en-la-casa-de-los-famosos-expone-la-falta-de-accesibilidad-para-personas-de-talla-baja\/#local-main-organization-logo"},"sameAs":["https:\/\/www.facebook.com\/portalubirataonline","https:\/\/x.com\/ubirataonline","https:\/\/mastodon.social\/@ubirataonline","https:\/\/www.facebook.com\/groups\/311144672285604","https:\/\/www.facebook.com\/UBTAOnline","https:\/\/www.instagram.com\/portalubirataonline\/","https:\/\/twitter.com\/ubirataonline"],"description":"Somos um portal de not\u00edcias independente, criado em 5 de janeiro de 2009, com o objetivo de informar, conectar e valorizar a nossa comunidade de Ubirat\u00e3 e toda aregi\u00e3o. Com conte\u00fado atualizado, confi\u00e1vel e relevante, o Ubirat\u00e3 Online \u00e9 o seu espa\u00e7o para ficar por dentro dos principais acontecimentos locais, regionais, Brasil, Mundo e de interesse geral. Nosso compromisso \u00e9 com a verdade, a transpar\u00eancia e o respeito ao leitor.","legalName":"UBIRATA ONLINE NOT\u00cdCIAS","foundingDate":"2009-01-05","numberOfEmployees":{"@type":"QuantitativeValue","minValue":"1","maxValue":"10"},"publishingPrinciples":"https:\/\/ubirataonline.com.br\/faq\/","address":{"@id":"https:\/\/ubirataonline.com.br\/abelito-en-la-casa-de-los-famosos-expone-la-falta-de-accesibilidad-para-personas-de-talla-baja\/#local-main-place-address"},"geo":{"@type":"GeoCoordinates","latitude":"-24.5361401","longitude":"-52.9921776"},"telephone":["+5544998308235"],"contactPoint":{"@type":"ContactPoint","email":"contato@ubirataonline.com.br"},"openingHoursSpecification":{"@type":"OpeningHoursSpecification","dayOfWeek":["Monday","Tuesday","Wednesday","Thursday","Friday","Saturday","Sunday"],"opens":"00:00","closes":"23:59"},"email":"contato@ubirataonline.com.br","vatID":"47.621.418\/0001-80"},{"@type":"Person","@id":"https:\/\/ubirataonline.com.br\/#\/schema\/person\/372f87bbd3fdd79b8556b84c98d0bc1c","name":"REDA\u00c7\u00c3O: UBIRAT\u00c3 ONLINE - F\u00c1BIO AUGUSTO CELESTINO","pronouns":"Ele","description":"Desde 2003 trabalhando com not\u00edcias.","sameAs":["http:\/\/ubirataoline.com.br","https:\/\/www.facebook.com\/portalubirataonline","https:\/\/www.instagram.com\/ubirataonline_oficial","https:\/\/x.com\/x.com\/ubirataonline"],"honorificPrefix":"Mr.","honorificSuffix":"MD","birthDate":"1980-06-16","gender":"masculino","award":["V\u00e1rios pr\u00eamios de melhor portal da cidade"],"jobTitle":"Diretor","url":"https:\/\/ubirataonline.com.br\/en\/author\/ubirataonline\/"},{"@type":"PostalAddress","@id":"https:\/\/ubirataonline.com.br\/abelito-en-la-casa-de-los-famosos-expone-la-falta-de-accesibilidad-para-personas-de-talla-baja\/#local-main-place-address","streetAddress":"Rua dos Coqueiros, 104 - Bairro Boa Vista, Rua dos Coqueiros, 104 Bairro Boa Vista","addressLocality":"UBIRATA","postalCode":"85440-000","addressRegion":"PR","addressCountry":"BR"},{"@type":"ImageObject","inLanguage":"en-US","@id":"https:\/\/ubirataonline.com.br\/abelito-en-la-casa-de-los-famosos-expone-la-falta-de-accesibilidad-para-personas-de-talla-baja\/#local-main-organization-logo","url":"https:\/\/ubirataonline.com.br\/wp-content\/uploads\/2026\/06\/logoubirataonline-1.webp","contentUrl":"https:\/\/ubirataonline.com.br\/wp-content\/uploads\/2026\/06\/logoubirataonline-1.webp","width":500,"height":500,"caption":"Ubirat\u00e3 Online Not\u00edcias"}]},"geo.placename":"UBIRATA","geo.position":{"lat":"-24.5361401","long":"-52.9921776"},"geo.region":"Brazil"},"_links":{"self":[{"href":"https:\/\/ubirataonline.com.br\/en\/wp-json\/wp\/v2\/posts\/63302","targetHints":{"allow":["GET"]}}],"collection":[{"href":"https:\/\/ubirataonline.com.br\/en\/wp-json\/wp\/v2\/posts"}],"about":[{"href":"https:\/\/ubirataonline.com.br\/en\/wp-json\/wp\/v2\/types\/post"}],"author":[{"embeddable":true,"href":"https:\/\/ubirataonline.com.br\/en\/wp-json\/wp\/v2\/users\/1"}],"replies":[{"embeddable":true,"href":"https:\/\/ubirataonline.com.br\/en\/wp-json\/wp\/v2\/comments?post=63302"}],"version-history":[{"count":0,"href":"https:\/\/ubirataonline.com.br\/en\/wp-json\/wp\/v2\/posts\/63302\/revisions"}],"wp:featuredmedia":[{"embeddable":true,"href":"https:\/\/ubirataonline.com.br\/en\/wp-json\/wp\/v2\/media\/63303"}],"wp:attachment":[{"href":"https:\/\/ubirataonline.com.br\/en\/wp-json\/wp\/v2\/media?parent=63302"}],"wp:term":[{"taxonomy":"category","embeddable":true,"href":"https:\/\/ubirataonline.com.br\/en\/wp-json\/wp\/v2\/categories?post=63302"},{"taxonomy":"post_tag","embeddable":true,"href":"https:\/\/ubirataonline.com.br\/en\/wp-json\/wp\/v2\/tags?post=63302"}],"curies":[{"name":"wp","href":"https:\/\/api.w.org\/{rel}","templated":true}]}}