{"id":63336,"date":"2025-08-07T12:55:07","date_gmt":"2025-08-07T15:55:07","guid":{"rendered":"https:\/\/ubirataonline.com.br\/ccj-da-camara-avanca-no-processo-de-cassacao-de-mandato-de-carla-zambelli\/"},"modified":"2025-08-07T12:55:07","modified_gmt":"2025-08-07T15:55:07","slug":"ccj-da-camara-avanca-no-processo-de-cassacao-de-mandato-de-carla-zambelli","status":"publish","type":"post","link":"https:\/\/ubirataonline.com.br\/en\/ccj-da-camara-avanca-no-processo-de-cassacao-de-mandato-de-carla-zambelli\/","title":{"rendered":"CCJ da C\u00e2mara avan\u00e7a no processo de cassa\u00e7\u00e3o de mandato de Carla Zambelli"},"content":{"rendered":"<p><\/p>\n<div id=\"texto\">\n<p>O presidente da Comiss\u00e3o de Constitui\u00e7\u00e3o e Justi\u00e7a e de Cidadania (CCJC) da C\u00e2mara dos Deputados, deputado federal Paulo Azi (Uni\u00e3o-BA), definiu na tarde desta ter\u00e7a-feira, 5, as dilig\u00eancias que ser\u00e3o realizadas no processo de cassa\u00e7\u00e3o do mandato da deputada federal Carla Zambelli (PL-SP), que est\u00e1 presa em Roma, na It\u00e1lia, desde o \u00faltimo dia 29.<\/p>\n<p>Segundo Azi, a fase de instru\u00e7\u00e3o probat\u00f3ria do processo inclui a oitiva da deputada, a ser realizada por videoconfer\u00eancia, e de testemunhas convidadas. Ainda n\u00e3o h\u00e1 data marcada para as reuni\u00f5es. As regras foram acordadas entre ele e o deputado Diego Garcia (Republicanos-PR), relator da a\u00e7\u00e3o.<\/p>\n<p>Zambelli foi condenada a dez anos de pris\u00e3o pela invas\u00e3o ao sistema do Conselho Nacional de Justi\u00e7a (CNJ). Os ministros tamb\u00e9m determinaram a perda do cargo na C\u00e2mara dos Deputados. Dias ap\u00f3s a senten\u00e7a, a deputada deixou o Brasil e seguiu para os Estados Unidos, onde anunciou que n\u00e3o voltaria ao Pa\u00eds. Dias depois, fugiu para It\u00e1lia, onde possui dupla cidadania na cren\u00e7a de que seria poupada de cumprir pena.<\/p>\n<p>O hacker Walter Delgatti Neto, condenado a 8 anos e 3 meses de reclus\u00e3o por invadir sistemas da Justi\u00e7a brasileira com Zambelli, ser\u00e1 convidado pelos deputados para audi\u00eancia.<\/p>\n<p>A defesa da deputada apresentou pedido de acarea\u00e7\u00e3o entre ela e o hacker como meio necess\u00e1rio para \u201cdirimir eventuais contradi\u00e7\u00f5es e confrontar as vers\u00f5es apresentadas\u201d. No informativo desta ter\u00e7a-feira, os deputados esclareceram que indeferiram o pedido da confronta\u00e7\u00e3o entre as testemunhas, por \u201caus\u00eancia de previs\u00e3o regimental\u201d.<\/p>\n<p>Al\u00e9m de Delgatti, Fl\u00e1vio Vieitez Reis e Felipe Monteiro de Andrade, delegado e agente da Pol\u00edcia Federal (PF), respectivamente, que trabalharam no caso, tamb\u00e9m ser\u00e3o ouvidos pelos parlamentares, caso aceitem participar das oitivas.<\/p>\n<p>O ex-ministro da Defesa de Jair Bolsonaro (PL) que se encontrou com Delgatti, Paulo S\u00e9rgio Nogueira de Oliveira, tamb\u00e9m ser\u00e1 convidado, assim como Michel Spiero, assistente t\u00e9cnico de defesa de Zambelli que atuou na a\u00e7\u00e3o penal do Supremo Tribunal Federal (STF) que condenou a deputada.<\/p>\n<p>A CCJC \u00e9 respons\u00e1vel por analisar o processo de cassa\u00e7\u00e3o e emitir parecer favor\u00e1vel ou contr\u00e1rio \u00e0 perda de mandato. Em caso de parecer positivo, o processo segue para vota\u00e7\u00e3o no plen\u00e1rio da C\u00e2mara. S\u00e3o necess\u00e1rios os votos de 257 deputados para que a cassa\u00e7\u00e3o se concretize. <\/p>\n<\/p><\/div>\n<p><a href=\"https:\/\/cgn.inf.br\/noticia\/1901826\/ccj-da-camara-avanca-no-processo-de-cassacao-de-mandato-de-carla-zambelli\">Source link <\/a><\/p>","protected":false},"excerpt":{"rendered":"<p>O presidente da Comiss\u00e3o de Constitui\u00e7\u00e3o e Justi\u00e7a e de Cidadania (CCJC) da C\u00e2mara dos Deputados, deputado federal Paulo Azi (Uni\u00e3o-BA), definiu na tarde desta ter\u00e7a-feira, 5, as dilig\u00eancias que ser\u00e3o realizadas no processo de cassa\u00e7\u00e3o do mandato da deputada federal Carla Zambelli (PL-SP), que est\u00e1 presa em Roma, na It\u00e1lia, desde o \u00faltimo dia [&hellip;]<\/p>\n","protected":false},"author":1,"featured_media":63219,"comment_status":"","ping_status":"","sticky":false,"template":"","format":"standard","meta":{"googlesitekit_rrm_CAow2JLhCw:productID":"","_gspb_post_css":"","maa_idioma":"","maa_pais":"","footnotes":""},"categories":[1],"tags":[],"class_list":["post-63336","post","type-post","status-publish","format-standard","has-post-thumbnail","hentry","category-ubirata"],"blocksy_meta":[],"yoast_head":"<!-- This site is optimized with the Yoast SEO Premium plugin v27.6 (Yoast SEO v27.6) - https:\/\/yoast.com\/product\/yoast-seo-premium-wordpress\/ -->\n<title>CCJ da C\u00e2mara avan\u00e7a no processo de cassa\u00e7\u00e3o de mandato de Carla Zambelli - Ubirat\u00e3 Online Not\u00edcias - A realidade ao seu alcance!<\/title>\n<meta name=\"description\" content=\"O presidente da Comiss\u00e3o de Constitui\u00e7\u00e3o e Justi\u00e7a e de Cidadania (CCJC) da C\u00e2mara dos Deputados, deputado federal Paulo Azi (Uni\u00e3o-BA), definiu na tarde\" \/>\n<meta name=\"robots\" content=\"index, follow, max-snippet:-1, max-image-preview:large, max-video-preview:-1\" \/>\n<link rel=\"canonical\" href=\"https:\/\/ubirataonline.com.br\/en\/ccj-da-camara-avanca-no-processo-de-cassacao-de-mandato-de-carla-zambelli\/\" \/>\n<meta property=\"og:locale\" content=\"en_US\" \/>\n<meta property=\"og:type\" content=\"article\" \/>\n<meta property=\"og:title\" content=\"CCJ da C\u00e2mara avan\u00e7a no processo de cassa\u00e7\u00e3o de mandato de Carla Zambelli\" \/>\n<meta property=\"og:description\" content=\"O presidente da Comiss\u00e3o de Constitui\u00e7\u00e3o e Justi\u00e7a e de Cidadania (CCJC) da C\u00e2mara dos Deputados, deputado federal Paulo Azi (Uni\u00e3o-BA), definiu na tarde\" \/>\n<meta property=\"og:url\" content=\"https:\/\/ubirataonline.com.br\/en\/ccj-da-camara-avanca-no-processo-de-cassacao-de-mandato-de-carla-zambelli\/\" \/>\n<meta property=\"og:site_name\" content=\"Ubirat\u00e3 Online Not\u00edcias - A realidade ao seu alcance!\" \/>\n<meta property=\"article:publisher\" content=\"https:\/\/www.facebook.com\/portalubirataonline\" \/>\n<meta property=\"article:author\" content=\"https:\/\/www.facebook.com\/portalubirataonline\" \/>\n<meta property=\"article:published_time\" content=\"2025-08-07T15:55:07+00:00\" \/>\n<meta property=\"og:image\" content=\"https:\/\/ubirataonline.com.br\/wp-content\/uploads\/2026\/05\/logo2026.webp\" \/>\n\t<meta property=\"og:image:width\" content=\"1531\" \/>\n\t<meta property=\"og:image:height\" content=\"418\" \/>\n\t<meta property=\"og:image:type\" content=\"image\/webp\" \/>\n<meta name=\"author\" content=\"REDA\u00c7\u00c3O: UBIRAT\u00c3 ONLINE - F\u00c1BIO AUGUSTO CELESTINO\" \/>\n<meta name=\"twitter:card\" content=\"summary_large_image\" \/>\n<meta name=\"twitter:creator\" content=\"@x.com\/ubirataonline\" \/>\n<meta name=\"twitter:site\" content=\"@ubirataonline\" \/>\n<meta name=\"twitter:label1\" content=\"Written by\" \/>\n\t<meta name=\"twitter:data1\" content=\"REDA\u00c7\u00c3O: UBIRAT\u00c3 ONLINE - F\u00c1BIO AUGUSTO CELESTINO\" \/>\n\t<meta name=\"twitter:label2\" content=\"Est. reading time\" \/>\n\t<meta name=\"twitter:data2\" content=\"2 minutes\" \/>\n<script type=\"application\/ld+json\" class=\"yoast-schema-graph\">{\"@context\":\"https:\\\/\\\/schema.org\",\"@graph\":[{\"@type\":\"NewsArticle\",\"@id\":\"https:\\\/\\\/ubirataonline.com.br\\\/ccj-da-camara-avanca-no-processo-de-cassacao-de-mandato-de-carla-zambelli\\\/#article\",\"isPartOf\":{\"@id\":\"https:\\\/\\\/ubirataonline.com.br\\\/ccj-da-camara-avanca-no-processo-de-cassacao-de-mandato-de-carla-zambelli\\\/\"},\"author\":{\"name\":\"REDA\u00c7\u00c3O: UBIRAT\u00c3 ONLINE - F\u00c1BIO AUGUSTO CELESTINO\",\"@id\":\"https:\\\/\\\/ubirataonline.com.br\\\/#\\\/schema\\\/person\\\/372f87bbd3fdd79b8556b84c98d0bc1c\"},\"headline\":\"CCJ da C\u00e2mara avan\u00e7a no processo de cassa\u00e7\u00e3o de mandato de Carla Zambelli\",\"datePublished\":\"2025-08-07T15:55:07+00:00\",\"mainEntityOfPage\":{\"@id\":\"https:\\\/\\\/ubirataonline.com.br\\\/ccj-da-camara-avanca-no-processo-de-cassacao-de-mandato-de-carla-zambelli\\\/\"},\"wordCount\":439,\"publisher\":{\"@id\":\"https:\\\/\\\/ubirataonline.com.br\\\/#organization\"},\"image\":{\"@id\":\"https:\\\/\\\/ubirataonline.com.br\\\/ccj-da-camara-avanca-no-processo-de-cassacao-de-mandato-de-carla-zambelli\\\/#primaryimage\"},\"thumbnailUrl\":\"https:\\\/\\\/ubirataonline.com.br\\\/wp-content\\\/uploads\\\/2025\\\/08\\\/CGN768x461.gif\",\"articleSection\":[\"Ubirat\u00e3\"],\"inLanguage\":\"en-US\",\"copyrightYear\":\"2025\",\"copyrightHolder\":{\"@id\":\"https:\\\/\\\/ubirataonline.com.br\\\/en\\\/#organization\"}},{\"@type\":\"WebPage\",\"@id\":\"https:\\\/\\\/ubirataonline.com.br\\\/ccj-da-camara-avanca-no-processo-de-cassacao-de-mandato-de-carla-zambelli\\\/\",\"url\":\"https:\\\/\\\/ubirataonline.com.br\\\/ccj-da-camara-avanca-no-processo-de-cassacao-de-mandato-de-carla-zambelli\\\/\",\"name\":\"CCJ da C\u00e2mara avan\u00e7a no processo de cassa\u00e7\u00e3o de mandato de Carla Zambelli - Ubirat\u00e3 Online Not\u00edcias - A realidade ao seu alcance!\",\"isPartOf\":{\"@id\":\"https:\\\/\\\/ubirataonline.com.br\\\/#website\"},\"primaryImageOfPage\":{\"@id\":\"https:\\\/\\\/ubirataonline.com.br\\\/ccj-da-camara-avanca-no-processo-de-cassacao-de-mandato-de-carla-zambelli\\\/#primaryimage\"},\"image\":{\"@id\":\"https:\\\/\\\/ubirataonline.com.br\\\/ccj-da-camara-avanca-no-processo-de-cassacao-de-mandato-de-carla-zambelli\\\/#primaryimage\"},\"thumbnailUrl\":\"https:\\\/\\\/ubirataonline.com.br\\\/wp-content\\\/uploads\\\/2025\\\/08\\\/CGN768x461.gif\",\"datePublished\":\"2025-08-07T15:55:07+00:00\",\"description\":\"O presidente da Comiss\u00e3o de Constitui\u00e7\u00e3o e Justi\u00e7a e de Cidadania (CCJC) da C\u00e2mara dos Deputados, deputado federal Paulo Azi (Uni\u00e3o-BA), definiu na tarde\",\"breadcrumb\":{\"@id\":\"https:\\\/\\\/ubirataonline.com.br\\\/ccj-da-camara-avanca-no-processo-de-cassacao-de-mandato-de-carla-zambelli\\\/#breadcrumb\"},\"inLanguage\":\"en-US\",\"potentialAction\":[{\"@type\":\"ReadAction\",\"target\":[\"https:\\\/\\\/ubirataonline.com.br\\\/ccj-da-camara-avanca-no-processo-de-cassacao-de-mandato-de-carla-zambelli\\\/\"]}]},{\"@type\":\"ImageObject\",\"inLanguage\":\"en-US\",\"@id\":\"https:\\\/\\\/ubirataonline.com.br\\\/ccj-da-camara-avanca-no-processo-de-cassacao-de-mandato-de-carla-zambelli\\\/#primaryimage\",\"url\":\"https:\\\/\\\/ubirataonline.com.br\\\/wp-content\\\/uploads\\\/2025\\\/08\\\/CGN768x461.gif\",\"contentUrl\":\"https:\\\/\\\/ubirataonline.com.br\\\/wp-content\\\/uploads\\\/2025\\\/08\\\/CGN768x461.gif\",\"width\":768,\"height\":461},{\"@type\":\"BreadcrumbList\",\"@id\":\"https:\\\/\\\/ubirataonline.com.br\\\/ccj-da-camara-avanca-no-processo-de-cassacao-de-mandato-de-carla-zambelli\\\/#breadcrumb\",\"itemListElement\":[{\"@type\":\"ListItem\",\"position\":1,\"name\":\"In\u00edcio\",\"item\":\"https:\\\/\\\/ubirataonline.com.br\\\/\"},{\"@type\":\"ListItem\",\"position\":2,\"name\":\"CCJ da C\u00e2mara avan\u00e7a no processo de cassa\u00e7\u00e3o de mandato de Carla Zambelli\"}]},{\"@type\":\"WebSite\",\"@id\":\"https:\\\/\\\/ubirataonline.com.br\\\/#website\",\"url\":\"https:\\\/\\\/ubirataonline.com.br\\\/\",\"name\":\"Ubirat\u00e3 Online Not\u00edcias\",\"description\":\"Not\u00edcias de Ubirat\u00e3, regi\u00e3o, Brasil e mundo, com informa\u00e7\u00e3o atualizada e compromisso com o leitor.\",\"publisher\":{\"@id\":\"https:\\\/\\\/ubirataonline.com.br\\\/#organization\"},\"alternateName\":\"Ubirat\u00e3 Online\",\"potentialAction\":[{\"@type\":\"SearchAction\",\"target\":{\"@type\":\"EntryPoint\",\"urlTemplate\":\"https:\\\/\\\/ubirataonline.com.br\\\/?s={search_term_string}\"},\"query-input\":{\"@type\":\"PropertyValueSpecification\",\"valueRequired\":true,\"valueName\":\"search_term_string\"}}],\"inLanguage\":\"en-US\"},{\"@type\":[\"Organization\",\"Place\"],\"@id\":\"https:\\\/\\\/ubirataonline.com.br\\\/#organization\",\"name\":\"Ubirat\u00e3 Online Not\u00edcias\",\"alternateName\":\"Ubirat\u00e3 Online\",\"url\":\"https:\\\/\\\/ubirataonline.com.br\\\/\",\"logo\":{\"@id\":\"https:\\\/\\\/ubirataonline.com.br\\\/ccj-da-camara-avanca-no-processo-de-cassacao-de-mandato-de-carla-zambelli\\\/#local-main-organization-logo\"},\"image\":{\"@id\":\"https:\\\/\\\/ubirataonline.com.br\\\/ccj-da-camara-avanca-no-processo-de-cassacao-de-mandato-de-carla-zambelli\\\/#local-main-organization-logo\"},\"sameAs\":[\"https:\\\/\\\/www.facebook.com\\\/portalubirataonline\",\"https:\\\/\\\/x.com\\\/ubirataonline\",\"https:\\\/\\\/mastodon.social\\\/@ubirataonline\",\"https:\\\/\\\/www.facebook.com\\\/groups\\\/311144672285604\",\"https:\\\/\\\/www.facebook.com\\\/UBTAOnline\",\"https:\\\/\\\/www.instagram.com\\\/portalubirataonline\\\/\",\"https:\\\/\\\/twitter.com\\\/ubirataonline\"],\"description\":\"Somos um portal de not\u00edcias independente, criado em 5 de janeiro de 2009, com o objetivo de informar, conectar e valorizar a nossa comunidade de Ubirat\u00e3 e toda aregi\u00e3o. Com conte\u00fado atualizado, confi\u00e1vel e relevante, o Ubirat\u00e3 Online \u00e9 o seu espa\u00e7o para ficar por dentro dos principais acontecimentos locais, regionais, Brasil, Mundo e de interesse geral. Nosso compromisso \u00e9 com a verdade, a transpar\u00eancia e o respeito ao leitor.\",\"legalName\":\"UBIRATA ONLINE NOT\u00cdCIAS\",\"foundingDate\":\"2009-01-05\",\"numberOfEmployees\":{\"@type\":\"QuantitativeValue\",\"minValue\":\"1\",\"maxValue\":\"10\"},\"publishingPrinciples\":\"https:\\\/\\\/ubirataonline.com.br\\\/faq\\\/\",\"address\":{\"@id\":\"https:\\\/\\\/ubirataonline.com.br\\\/ccj-da-camara-avanca-no-processo-de-cassacao-de-mandato-de-carla-zambelli\\\/#local-main-place-address\"},\"geo\":{\"@type\":\"GeoCoordinates\",\"latitude\":\"-24.5361401\",\"longitude\":\"-52.9921776\"},\"telephone\":[\"+5544998308235\"],\"contactPoint\":{\"@type\":\"ContactPoint\",\"email\":\"contato@ubirataonline.com.br\"},\"openingHoursSpecification\":{\"@type\":\"OpeningHoursSpecification\",\"dayOfWeek\":[\"Monday\",\"Tuesday\",\"Wednesday\",\"Thursday\",\"Friday\",\"Saturday\",\"Sunday\"],\"opens\":\"00:00\",\"closes\":\"23:59\"},\"email\":\"contato@ubirataonline.com.br\",\"vatID\":\"47.621.418\\\/0001-80\"},{\"@type\":\"Person\",\"@id\":\"https:\\\/\\\/ubirataonline.com.br\\\/#\\\/schema\\\/person\\\/372f87bbd3fdd79b8556b84c98d0bc1c\",\"name\":\"REDA\u00c7\u00c3O: UBIRAT\u00c3 ONLINE - F\u00c1BIO AUGUSTO CELESTINO\",\"pronouns\":\"Ele\",\"description\":\"Desde 2003 trabalhando com not\u00edcias.\",\"sameAs\":[\"http:\\\/\\\/ubirataoline.com.br\",\"https:\\\/\\\/www.facebook.com\\\/portalubirataonline\",\"https:\\\/\\\/www.instagram.com\\\/ubirataonline_oficial\",\"https:\\\/\\\/x.com\\\/x.com\\\/ubirataonline\"],\"honorificPrefix\":\"Mr.\",\"honorificSuffix\":\"MD\",\"birthDate\":\"1980-06-16\",\"gender\":\"masculino\",\"award\":[\"V\u00e1rios pr\u00eamios de melhor portal da cidade\"],\"jobTitle\":\"Diretor\",\"url\":\"https:\\\/\\\/ubirataonline.com.br\\\/en\\\/author\\\/ubirataonline\\\/\"},{\"@type\":\"PostalAddress\",\"@id\":\"https:\\\/\\\/ubirataonline.com.br\\\/ccj-da-camara-avanca-no-processo-de-cassacao-de-mandato-de-carla-zambelli\\\/#local-main-place-address\",\"streetAddress\":\"Rua dos Coqueiros, 104 - Bairro Boa Vista, Rua dos Coqueiros, 104 Bairro Boa Vista\",\"addressLocality\":\"UBIRATA\",\"postalCode\":\"85440-000\",\"addressRegion\":\"PR\",\"addressCountry\":\"BR\"},{\"@type\":\"ImageObject\",\"inLanguage\":\"en-US\",\"@id\":\"https:\\\/\\\/ubirataonline.com.br\\\/ccj-da-camara-avanca-no-processo-de-cassacao-de-mandato-de-carla-zambelli\\\/#local-main-organization-logo\",\"url\":\"https:\\\/\\\/ubirataonline.com.br\\\/wp-content\\\/uploads\\\/2026\\\/06\\\/logoubirataonline-1.webp\",\"contentUrl\":\"https:\\\/\\\/ubirataonline.com.br\\\/wp-content\\\/uploads\\\/2026\\\/06\\\/logoubirataonline-1.webp\",\"width\":500,\"height\":500,\"caption\":\"Ubirat\u00e3 Online Not\u00edcias\"}]}<\/script>\n<meta name=\"geo.placename\" content=\"UBIRATA\" \/>\n<meta name=\"geo.position\" content=\"-24.5361401;-52.9921776\" \/>\n<meta name=\"geo.region\" content=\"Brazil\" \/>\n<!-- \/ Yoast SEO Premium plugin. -->","yoast_head_json":{"title":"CCJ da C\u00e2mara avan\u00e7a no processo de cassa\u00e7\u00e3o de mandato de Carla Zambelli - Ubirat\u00e3 Online Not\u00edcias - A realidade ao seu alcance!","description":"O presidente da Comiss\u00e3o de Constitui\u00e7\u00e3o e Justi\u00e7a e de Cidadania (CCJC) da C\u00e2mara dos Deputados, deputado federal Paulo Azi (Uni\u00e3o-BA), definiu na tarde","robots":{"index":"index","follow":"follow","max-snippet":"max-snippet:-1","max-image-preview":"max-image-preview:large","max-video-preview":"max-video-preview:-1"},"canonical":"https:\/\/ubirataonline.com.br\/en\/ccj-da-camara-avanca-no-processo-de-cassacao-de-mandato-de-carla-zambelli\/","og_locale":"en_US","og_type":"article","og_title":"CCJ da C\u00e2mara avan\u00e7a no processo de cassa\u00e7\u00e3o de mandato de Carla Zambelli","og_description":"O presidente da Comiss\u00e3o de Constitui\u00e7\u00e3o e Justi\u00e7a e de Cidadania (CCJC) da C\u00e2mara dos Deputados, deputado federal Paulo Azi (Uni\u00e3o-BA), definiu na tarde","og_url":"https:\/\/ubirataonline.com.br\/en\/ccj-da-camara-avanca-no-processo-de-cassacao-de-mandato-de-carla-zambelli\/","og_site_name":"Ubirat\u00e3 Online Not\u00edcias - A realidade ao seu alcance!","article_publisher":"https:\/\/www.facebook.com\/portalubirataonline","article_author":"https:\/\/www.facebook.com\/portalubirataonline","article_published_time":"2025-08-07T15:55:07+00:00","og_image":[{"width":1531,"height":418,"url":"https:\/\/ubirataonline.com.br\/wp-content\/uploads\/2026\/05\/logo2026.webp","type":"image\/webp"}],"author":"REDA\u00c7\u00c3O: UBIRAT\u00c3 ONLINE - F\u00c1BIO AUGUSTO CELESTINO","twitter_card":"summary_large_image","twitter_creator":"@x.com\/ubirataonline","twitter_site":"@ubirataonline","twitter_misc":{"Written by":"REDA\u00c7\u00c3O: UBIRAT\u00c3 ONLINE - F\u00c1BIO AUGUSTO CELESTINO","Est. reading time":"2 minutes"},"schema":{"@context":"https:\/\/schema.org","@graph":[{"@type":"NewsArticle","@id":"https:\/\/ubirataonline.com.br\/ccj-da-camara-avanca-no-processo-de-cassacao-de-mandato-de-carla-zambelli\/#article","isPartOf":{"@id":"https:\/\/ubirataonline.com.br\/ccj-da-camara-avanca-no-processo-de-cassacao-de-mandato-de-carla-zambelli\/"},"author":{"name":"REDA\u00c7\u00c3O: UBIRAT\u00c3 ONLINE - F\u00c1BIO AUGUSTO CELESTINO","@id":"https:\/\/ubirataonline.com.br\/#\/schema\/person\/372f87bbd3fdd79b8556b84c98d0bc1c"},"headline":"CCJ da C\u00e2mara avan\u00e7a no processo de cassa\u00e7\u00e3o de mandato de Carla Zambelli","datePublished":"2025-08-07T15:55:07+00:00","mainEntityOfPage":{"@id":"https:\/\/ubirataonline.com.br\/ccj-da-camara-avanca-no-processo-de-cassacao-de-mandato-de-carla-zambelli\/"},"wordCount":439,"publisher":{"@id":"https:\/\/ubirataonline.com.br\/#organization"},"image":{"@id":"https:\/\/ubirataonline.com.br\/ccj-da-camara-avanca-no-processo-de-cassacao-de-mandato-de-carla-zambelli\/#primaryimage"},"thumbnailUrl":"https:\/\/ubirataonline.com.br\/wp-content\/uploads\/2025\/08\/CGN768x461.gif","articleSection":["Ubirat\u00e3"],"inLanguage":"en-US","copyrightYear":"2025","copyrightHolder":{"@id":"https:\/\/ubirataonline.com.br\/en\/#organization"}},{"@type":"WebPage","@id":"https:\/\/ubirataonline.com.br\/ccj-da-camara-avanca-no-processo-de-cassacao-de-mandato-de-carla-zambelli\/","url":"https:\/\/ubirataonline.com.br\/ccj-da-camara-avanca-no-processo-de-cassacao-de-mandato-de-carla-zambelli\/","name":"CCJ da C\u00e2mara avan\u00e7a no processo de cassa\u00e7\u00e3o de mandato de Carla Zambelli - Ubirat\u00e3 Online Not\u00edcias - A realidade ao seu alcance!","isPartOf":{"@id":"https:\/\/ubirataonline.com.br\/#website"},"primaryImageOfPage":{"@id":"https:\/\/ubirataonline.com.br\/ccj-da-camara-avanca-no-processo-de-cassacao-de-mandato-de-carla-zambelli\/#primaryimage"},"image":{"@id":"https:\/\/ubirataonline.com.br\/ccj-da-camara-avanca-no-processo-de-cassacao-de-mandato-de-carla-zambelli\/#primaryimage"},"thumbnailUrl":"https:\/\/ubirataonline.com.br\/wp-content\/uploads\/2025\/08\/CGN768x461.gif","datePublished":"2025-08-07T15:55:07+00:00","description":"O presidente da Comiss\u00e3o de Constitui\u00e7\u00e3o e Justi\u00e7a e de Cidadania (CCJC) da C\u00e2mara dos Deputados, deputado federal Paulo Azi (Uni\u00e3o-BA), definiu na tarde","breadcrumb":{"@id":"https:\/\/ubirataonline.com.br\/ccj-da-camara-avanca-no-processo-de-cassacao-de-mandato-de-carla-zambelli\/#breadcrumb"},"inLanguage":"en-US","potentialAction":[{"@type":"ReadAction","target":["https:\/\/ubirataonline.com.br\/ccj-da-camara-avanca-no-processo-de-cassacao-de-mandato-de-carla-zambelli\/"]}]},{"@type":"ImageObject","inLanguage":"en-US","@id":"https:\/\/ubirataonline.com.br\/ccj-da-camara-avanca-no-processo-de-cassacao-de-mandato-de-carla-zambelli\/#primaryimage","url":"https:\/\/ubirataonline.com.br\/wp-content\/uploads\/2025\/08\/CGN768x461.gif","contentUrl":"https:\/\/ubirataonline.com.br\/wp-content\/uploads\/2025\/08\/CGN768x461.gif","width":768,"height":461},{"@type":"BreadcrumbList","@id":"https:\/\/ubirataonline.com.br\/ccj-da-camara-avanca-no-processo-de-cassacao-de-mandato-de-carla-zambelli\/#breadcrumb","itemListElement":[{"@type":"ListItem","position":1,"name":"In\u00edcio","item":"https:\/\/ubirataonline.com.br\/"},{"@type":"ListItem","position":2,"name":"CCJ da C\u00e2mara avan\u00e7a no processo de cassa\u00e7\u00e3o de mandato de Carla Zambelli"}]},{"@type":"WebSite","@id":"https:\/\/ubirataonline.com.br\/#website","url":"https:\/\/ubirataonline.com.br\/","name":"Ubirat\u00e3 Online Not\u00edcias","description":"Not\u00edcias de Ubirat\u00e3, regi\u00e3o, Brasil e mundo, com informa\u00e7\u00e3o atualizada e compromisso com o leitor.","publisher":{"@id":"https:\/\/ubirataonline.com.br\/#organization"},"alternateName":"Ubirat\u00e3 Online","potentialAction":[{"@type":"SearchAction","target":{"@type":"EntryPoint","urlTemplate":"https:\/\/ubirataonline.com.br\/?s={search_term_string}"},"query-input":{"@type":"PropertyValueSpecification","valueRequired":true,"valueName":"search_term_string"}}],"inLanguage":"en-US"},{"@type":["Organization","Place"],"@id":"https:\/\/ubirataonline.com.br\/#organization","name":"Ubirat\u00e3 Online Not\u00edcias","alternateName":"Ubirat\u00e3 Online","url":"https:\/\/ubirataonline.com.br\/","logo":{"@id":"https:\/\/ubirataonline.com.br\/ccj-da-camara-avanca-no-processo-de-cassacao-de-mandato-de-carla-zambelli\/#local-main-organization-logo"},"image":{"@id":"https:\/\/ubirataonline.com.br\/ccj-da-camara-avanca-no-processo-de-cassacao-de-mandato-de-carla-zambelli\/#local-main-organization-logo"},"sameAs":["https:\/\/www.facebook.com\/portalubirataonline","https:\/\/x.com\/ubirataonline","https:\/\/mastodon.social\/@ubirataonline","https:\/\/www.facebook.com\/groups\/311144672285604","https:\/\/www.facebook.com\/UBTAOnline","https:\/\/www.instagram.com\/portalubirataonline\/","https:\/\/twitter.com\/ubirataonline"],"description":"Somos um portal de not\u00edcias independente, criado em 5 de janeiro de 2009, com o objetivo de informar, conectar e valorizar a nossa comunidade de Ubirat\u00e3 e toda aregi\u00e3o. Com conte\u00fado atualizado, confi\u00e1vel e relevante, o Ubirat\u00e3 Online \u00e9 o seu espa\u00e7o para ficar por dentro dos principais acontecimentos locais, regionais, Brasil, Mundo e de interesse geral. Nosso compromisso \u00e9 com a verdade, a transpar\u00eancia e o respeito ao leitor.","legalName":"UBIRATA ONLINE NOT\u00cdCIAS","foundingDate":"2009-01-05","numberOfEmployees":{"@type":"QuantitativeValue","minValue":"1","maxValue":"10"},"publishingPrinciples":"https:\/\/ubirataonline.com.br\/faq\/","address":{"@id":"https:\/\/ubirataonline.com.br\/ccj-da-camara-avanca-no-processo-de-cassacao-de-mandato-de-carla-zambelli\/#local-main-place-address"},"geo":{"@type":"GeoCoordinates","latitude":"-24.5361401","longitude":"-52.9921776"},"telephone":["+5544998308235"],"contactPoint":{"@type":"ContactPoint","email":"contato@ubirataonline.com.br"},"openingHoursSpecification":{"@type":"OpeningHoursSpecification","dayOfWeek":["Monday","Tuesday","Wednesday","Thursday","Friday","Saturday","Sunday"],"opens":"00:00","closes":"23:59"},"email":"contato@ubirataonline.com.br","vatID":"47.621.418\/0001-80"},{"@type":"Person","@id":"https:\/\/ubirataonline.com.br\/#\/schema\/person\/372f87bbd3fdd79b8556b84c98d0bc1c","name":"REDA\u00c7\u00c3O: UBIRAT\u00c3 ONLINE - F\u00c1BIO AUGUSTO CELESTINO","pronouns":"Ele","description":"Desde 2003 trabalhando com not\u00edcias.","sameAs":["http:\/\/ubirataoline.com.br","https:\/\/www.facebook.com\/portalubirataonline","https:\/\/www.instagram.com\/ubirataonline_oficial","https:\/\/x.com\/x.com\/ubirataonline"],"honorificPrefix":"Mr.","honorificSuffix":"MD","birthDate":"1980-06-16","gender":"masculino","award":["V\u00e1rios pr\u00eamios de melhor portal da cidade"],"jobTitle":"Diretor","url":"https:\/\/ubirataonline.com.br\/en\/author\/ubirataonline\/"},{"@type":"PostalAddress","@id":"https:\/\/ubirataonline.com.br\/ccj-da-camara-avanca-no-processo-de-cassacao-de-mandato-de-carla-zambelli\/#local-main-place-address","streetAddress":"Rua dos Coqueiros, 104 - Bairro Boa Vista, Rua dos Coqueiros, 104 Bairro Boa Vista","addressLocality":"UBIRATA","postalCode":"85440-000","addressRegion":"PR","addressCountry":"BR"},{"@type":"ImageObject","inLanguage":"en-US","@id":"https:\/\/ubirataonline.com.br\/ccj-da-camara-avanca-no-processo-de-cassacao-de-mandato-de-carla-zambelli\/#local-main-organization-logo","url":"https:\/\/ubirataonline.com.br\/wp-content\/uploads\/2026\/06\/logoubirataonline-1.webp","contentUrl":"https:\/\/ubirataonline.com.br\/wp-content\/uploads\/2026\/06\/logoubirataonline-1.webp","width":500,"height":500,"caption":"Ubirat\u00e3 Online Not\u00edcias"}]},"geo.placename":"UBIRATA","geo.position":{"lat":"-24.5361401","long":"-52.9921776"},"geo.region":"Brazil"},"_links":{"self":[{"href":"https:\/\/ubirataonline.com.br\/en\/wp-json\/wp\/v2\/posts\/63336","targetHints":{"allow":["GET"]}}],"collection":[{"href":"https:\/\/ubirataonline.com.br\/en\/wp-json\/wp\/v2\/posts"}],"about":[{"href":"https:\/\/ubirataonline.com.br\/en\/wp-json\/wp\/v2\/types\/post"}],"author":[{"embeddable":true,"href":"https:\/\/ubirataonline.com.br\/en\/wp-json\/wp\/v2\/users\/1"}],"replies":[{"embeddable":true,"href":"https:\/\/ubirataonline.com.br\/en\/wp-json\/wp\/v2\/comments?post=63336"}],"version-history":[{"count":0,"href":"https:\/\/ubirataonline.com.br\/en\/wp-json\/wp\/v2\/posts\/63336\/revisions"}],"wp:featuredmedia":[{"embeddable":true,"href":"https:\/\/ubirataonline.com.br\/en\/wp-json\/wp\/v2\/media\/63219"}],"wp:attachment":[{"href":"https:\/\/ubirataonline.com.br\/en\/wp-json\/wp\/v2\/media?parent=63336"}],"wp:term":[{"taxonomy":"category","embeddable":true,"href":"https:\/\/ubirataonline.com.br\/en\/wp-json\/wp\/v2\/categories?post=63336"},{"taxonomy":"post_tag","embeddable":true,"href":"https:\/\/ubirataonline.com.br\/en\/wp-json\/wp\/v2\/tags?post=63336"}],"curies":[{"name":"wp","href":"https:\/\/api.w.org\/{rel}","templated":true}]}}