{"id":63350,"date":"2025-08-07T17:09:23","date_gmt":"2025-08-07T20:09:23","guid":{"rendered":"https:\/\/ubirataonline.com.br\/james-gunn-to-direct-superman-sequel-next-movie-in-super-family\/"},"modified":"2025-08-07T17:09:23","modified_gmt":"2025-08-07T20:09:23","slug":"james-gunn-to-direct-superman-sequel-next-movie-in-super-family","status":"publish","type":"post","link":"https:\/\/ubirataonline.com.br\/en\/james-gunn-to-direct-superman-sequel-next-movie-in-super-family\/","title":{"rendered":"James Gunn to Direct &#8216;Superman&#8217; Sequel: &#8216;Next Movie in Super-Family&#8217;"},"content":{"rendered":"<p><\/p>\n<div>\n<p class=\"paragraph larva \/\/ lrv-u-margin-lr-auto  lrv-a-font-body-m\">\n\t<a href=\"https:\/\/variety.com\/t\/james-gunn\/\" id=\"auto-tag_james-gunn\" data-tag=\"james-gunn\">James Gunn<\/a> will write and direct \u201cthe next installment in the Super-Family,\u201d <a href=\"https:\/\/variety.com\/t\/warner-bros-discovery\/\" id=\"auto-tag_warner-bros-discovery\" data-tag=\"warner-bros-discovery\">Warner Bros. Discovery<\/a> CEO David Zaslav confirmed during the company\u2019s earnings call.<\/p>\n<p class=\"paragraph larva \/\/ lrv-u-margin-lr-auto  lrv-a-font-body-m\">\n\tGunn had previously said in various interviews during his \u201c<a href=\"https:\/\/variety.com\/t\/superman\/\" id=\"auto-tag_superman\" data-tag=\"superman\">Superman<\/a>\u201d press tour that he was writing a new movie featuring David Corenswet\u2019s Superman in it, although he always remained coy on whether it was a standalone \u201cSuperman\u201d sequel or something else. Zaslav provided no clarity there, opting to say \u201cnext movie in the Super-Family,\u201d but it\u2019s news that Gunn will direct the movie in addition to writing the screenplay. He served the same dual role on \u201cSuperman.\u201d<\/p>\n<p class=\"paragraph larva \/\/ lrv-u-margin-lr-auto  lrv-a-font-body-m\">\n\tWarner Bros. recently relaunched the DC Universe with Gunn\u2019s \u201cSuperman,\u201d which ignited to $125 million domestically in early July and has since generated $315 million in North America and $550 million globally.<\/p>\n<p class=\"paragraph larva \/\/ lrv-u-margin-lr-auto  lrv-a-font-body-m\">\n\tNext up for the franchise is \u201cPeacemaker\u201d Season 2, followed by the \u201cSupergirl\u201d movie and the \u201cLanterns\u201d television series in 2026. Plus there\u2019s \u201cClayface,\u201d which is set to film this year. Gunn recently told\u00a0<a rel=\"noreferrer noopener nofollow\" target=\"_blank\" href=\"https:\/\/www.tiktok.com\/@cbsmornings\/video\/7527797697445760286\">CBS Mornings<\/a>\u00a0that fans should expect each entry to have its own flavor and tone, just like actual comic books.<\/p>\n<p class=\"paragraph larva \/\/ lrv-u-margin-lr-auto  lrv-a-font-body-m\">\n\t\u201c\u2018Clayface\u2019 is a totally different thing. Although it\u2019s in the same universe, it\u2019s a complete horror film, and that\u2019s one of the things we want to do,\u201d Gunn said. \u201cThere\u2019s not a company style. It\u2019s not like every movie is gonna be like \u2018Superman.\u2019 The artists and the directors and the writers that create each one will bring their own sense to it. \u2026 We don\u2019t want people being bored.\u201d<\/p>\n<p class=\"paragraph larva \/\/ lrv-u-margin-lr-auto  lrv-a-font-body-m\">\n\tJames Gunn and Peter Safran were hired in 2022 to reset the state of DC Studios, which has long struggled to keep up with Disney\u2019s wildly successful Marvel Cinematic Universe. Beyond \u201cSuperman,\u201d portrayed in this world by David Corenswet, Gunn and Safran have outlined an ambitious, 10-year plan of interconnected sequels and spinoffs. Their efforts will continue with two blockbuster hopefuls in 2026, \u201cSupergirl\u201d and \u201cClayface,\u201d as well as a new take on \u201cWonder Woman.\u201d <\/p>\n<p class=\"paragraph larva \/\/ lrv-u-margin-lr-auto  lrv-a-font-body-m\">\n\tWarner Bros. Discovery CEO David Zaslav has praised the team of Gunn and Safran for \u201cbreathing new life and excitement into one of the most iconic storytelling franchises in the world.\u201d Although \u201cSuperman\u201d has been a start, DC still faces challenges because \u201cSupergirl\u201d and \u201cClayface\u201d are led by relatively unknown protagonists. That\u2019s compared to Superman, who had an advantage as one of the most recognizable heroes on the planet. And as Disney <a data-id=\"https:\/\/variety.com\/2025\/film\/box-office\/fantastic-four-box-office-craters-naked-gun-opening-weekend-1236477352\/\" data-type=\"link\" href=\"https:\/\/variety.com\/2025\/film\/box-office\/fantastic-four-box-office-craters-naked-gun-opening-weekend-1236477352\/\">is starting to learn the hard way<\/a> with the MCU\u2019s uneven box office streak, not all heroes are received equally on the big screen. <\/p>\n<p class=\"paragraph larva \/\/ lrv-u-margin-lr-auto  lrv-a-font-body-m\">\n\tThat\u2019s no matter to Zaslav, who is loudly congratulating the Man of Steel for charting a new path forward. \u201cThe DC vision is clear, the momentum is real,\u201d <a data-id=\"https:\/\/variety.com\/2025\/film\/box-office\/superman-box-office-david-zaslav-dc-universe-1236459177\/\" data-type=\"link\" href=\"https:\/\/variety.com\/2025\/film\/box-office\/superman-box-office-david-zaslav-dc-universe-1236459177\/\">he said after \u201cSuperman\u201d landed in theaters<\/a>. \u201cI couldn\u2019t be more excited for what\u2019s ahead.\u201d<\/p>\n<\/div>\n<p><script async src=\"\/\/www.tiktok.com\/embed.js\"><\/script><br \/>\n<br \/><a href=\"https:\/\/variety.com\/2025\/film\/news\/james-gunn-direct-superman-sequel-super-family-next-movie-1236478012\/\">Source link <\/a><\/p>","protected":false},"excerpt":{"rendered":"<p>James Gunn will write and direct \u201cthe next installment in the Super-Family,\u201d Warner Bros. Discovery CEO David Zaslav confirmed during the company\u2019s earnings call. Gunn had previously said in various interviews during his \u201cSuperman\u201d press tour that he was writing a new movie featuring David Corenswet\u2019s Superman in it, although he always remained coy on [&hellip;]<\/p>\n","protected":false},"author":1,"featured_media":63351,"comment_status":"","ping_status":"","sticky":false,"template":"","format":"standard","meta":{"googlesitekit_rrm_CAow2JLhCw:productID":"","_gspb_post_css":"","maa_idioma":"","maa_pais":"","footnotes":""},"categories":[4],"tags":[],"class_list":["post-63350","post","type-post","status-publish","format-standard","has-post-thumbnail","hentry","category-brasil"],"blocksy_meta":[],"yoast_head":"<!-- This site is optimized with the Yoast SEO Premium plugin v27.6 (Yoast SEO v27.6) - https:\/\/yoast.com\/product\/yoast-seo-premium-wordpress\/ -->\n<title>James Gunn to Direct &#039;Superman&#039; Sequel: &#039;Next Movie in Super-Family&#039; - Ubirat\u00e3 Online Not\u00edcias - A realidade ao seu alcance!<\/title>\n<meta name=\"description\" content=\"James Gunn will write and direct \u201cthe next installment in the Super-Family,\u201d Warner Bros. Discovery CEO David Zaslav confirmed during the company\u2019s\" \/>\n<meta name=\"robots\" content=\"index, follow, max-snippet:-1, max-image-preview:large, max-video-preview:-1\" \/>\n<link rel=\"canonical\" href=\"https:\/\/ubirataonline.com.br\/en\/james-gunn-to-direct-superman-sequel-next-movie-in-super-family\/\" \/>\n<meta property=\"og:locale\" content=\"en_US\" \/>\n<meta property=\"og:type\" content=\"article\" \/>\n<meta property=\"og:title\" content=\"James Gunn to Direct &#039;Superman&#039; Sequel: &#039;Next Movie in Super-Family&#039;\" \/>\n<meta property=\"og:description\" content=\"James Gunn will write and direct \u201cthe next installment in the Super-Family,\u201d Warner Bros. Discovery CEO David Zaslav confirmed during the company\u2019s\" \/>\n<meta property=\"og:url\" content=\"https:\/\/ubirataonline.com.br\/en\/james-gunn-to-direct-superman-sequel-next-movie-in-super-family\/\" \/>\n<meta property=\"og:site_name\" content=\"Ubirat\u00e3 Online Not\u00edcias - A realidade ao seu alcance!\" \/>\n<meta property=\"article:publisher\" content=\"https:\/\/www.facebook.com\/portalubirataonline\" \/>\n<meta property=\"article:author\" content=\"https:\/\/www.facebook.com\/portalubirataonline\" \/>\n<meta property=\"article:published_time\" content=\"2025-08-07T20:09:23+00:00\" \/>\n<meta property=\"og:image\" content=\"https:\/\/ubirataonline.com.br\/wp-content\/uploads\/2026\/05\/logo2026.webp\" \/>\n\t<meta property=\"og:image:width\" content=\"1531\" \/>\n\t<meta property=\"og:image:height\" content=\"418\" \/>\n\t<meta property=\"og:image:type\" content=\"image\/webp\" \/>\n<meta name=\"author\" content=\"REDA\u00c7\u00c3O: UBIRAT\u00c3 ONLINE - F\u00c1BIO AUGUSTO CELESTINO\" \/>\n<meta name=\"twitter:card\" content=\"summary_large_image\" \/>\n<meta name=\"twitter:creator\" content=\"@x.com\/ubirataonline\" \/>\n<meta name=\"twitter:site\" content=\"@ubirataonline\" \/>\n<meta name=\"twitter:label1\" content=\"Written by\" \/>\n\t<meta name=\"twitter:data1\" content=\"REDA\u00c7\u00c3O: UBIRAT\u00c3 ONLINE - F\u00c1BIO AUGUSTO CELESTINO\" \/>\n\t<meta name=\"twitter:label2\" content=\"Est. reading time\" \/>\n\t<meta name=\"twitter:data2\" content=\"2 minutes\" \/>\n<script type=\"application\/ld+json\" class=\"yoast-schema-graph\">{\"@context\":\"https:\\\/\\\/schema.org\",\"@graph\":[{\"@type\":\"NewsArticle\",\"@id\":\"https:\\\/\\\/ubirataonline.com.br\\\/james-gunn-to-direct-superman-sequel-next-movie-in-super-family\\\/#article\",\"isPartOf\":{\"@id\":\"https:\\\/\\\/ubirataonline.com.br\\\/james-gunn-to-direct-superman-sequel-next-movie-in-super-family\\\/\"},\"author\":{\"name\":\"REDA\u00c7\u00c3O: UBIRAT\u00c3 ONLINE - F\u00c1BIO AUGUSTO CELESTINO\",\"@id\":\"https:\\\/\\\/ubirataonline.com.br\\\/#\\\/schema\\\/person\\\/372f87bbd3fdd79b8556b84c98d0bc1c\"},\"headline\":\"James Gunn to Direct &#8216;Superman&#8217; Sequel: &#8216;Next Movie in Super-Family&#8217;\",\"datePublished\":\"2025-08-07T20:09:23+00:00\",\"mainEntityOfPage\":{\"@id\":\"https:\\\/\\\/ubirataonline.com.br\\\/james-gunn-to-direct-superman-sequel-next-movie-in-super-family\\\/\"},\"wordCount\":492,\"publisher\":{\"@id\":\"https:\\\/\\\/ubirataonline.com.br\\\/#organization\"},\"image\":{\"@id\":\"https:\\\/\\\/ubirataonline.com.br\\\/james-gunn-to-direct-superman-sequel-next-movie-in-super-family\\\/#primaryimage\"},\"thumbnailUrl\":\"https:\\\/\\\/ubirataonline.com.br\\\/wp-content\\\/uploads\\\/2025\\\/08\\\/superman_4752fc.png\",\"articleSection\":[\"Brasil\"],\"inLanguage\":\"en-US\",\"copyrightYear\":\"2025\",\"copyrightHolder\":{\"@id\":\"https:\\\/\\\/ubirataonline.com.br\\\/en\\\/#organization\"}},{\"@type\":\"WebPage\",\"@id\":\"https:\\\/\\\/ubirataonline.com.br\\\/james-gunn-to-direct-superman-sequel-next-movie-in-super-family\\\/\",\"url\":\"https:\\\/\\\/ubirataonline.com.br\\\/james-gunn-to-direct-superman-sequel-next-movie-in-super-family\\\/\",\"name\":\"James Gunn to Direct 'Superman' Sequel: 'Next Movie in Super-Family' - Ubirat\u00e3 Online Not\u00edcias - A realidade ao seu alcance!\",\"isPartOf\":{\"@id\":\"https:\\\/\\\/ubirataonline.com.br\\\/#website\"},\"primaryImageOfPage\":{\"@id\":\"https:\\\/\\\/ubirataonline.com.br\\\/james-gunn-to-direct-superman-sequel-next-movie-in-super-family\\\/#primaryimage\"},\"image\":{\"@id\":\"https:\\\/\\\/ubirataonline.com.br\\\/james-gunn-to-direct-superman-sequel-next-movie-in-super-family\\\/#primaryimage\"},\"thumbnailUrl\":\"https:\\\/\\\/ubirataonline.com.br\\\/wp-content\\\/uploads\\\/2025\\\/08\\\/superman_4752fc.png\",\"datePublished\":\"2025-08-07T20:09:23+00:00\",\"description\":\"James Gunn will write and direct \u201cthe next installment in the Super-Family,\u201d Warner Bros. Discovery CEO David Zaslav confirmed during the company\u2019s\",\"breadcrumb\":{\"@id\":\"https:\\\/\\\/ubirataonline.com.br\\\/james-gunn-to-direct-superman-sequel-next-movie-in-super-family\\\/#breadcrumb\"},\"inLanguage\":\"en-US\",\"potentialAction\":[{\"@type\":\"ReadAction\",\"target\":[\"https:\\\/\\\/ubirataonline.com.br\\\/james-gunn-to-direct-superman-sequel-next-movie-in-super-family\\\/\"]}]},{\"@type\":\"ImageObject\",\"inLanguage\":\"en-US\",\"@id\":\"https:\\\/\\\/ubirataonline.com.br\\\/james-gunn-to-direct-superman-sequel-next-movie-in-super-family\\\/#primaryimage\",\"url\":\"https:\\\/\\\/ubirataonline.com.br\\\/wp-content\\\/uploads\\\/2025\\\/08\\\/superman_4752fc.png\",\"contentUrl\":\"https:\\\/\\\/ubirataonline.com.br\\\/wp-content\\\/uploads\\\/2025\\\/08\\\/superman_4752fc.png\",\"width\":999,\"height\":563},{\"@type\":\"BreadcrumbList\",\"@id\":\"https:\\\/\\\/ubirataonline.com.br\\\/james-gunn-to-direct-superman-sequel-next-movie-in-super-family\\\/#breadcrumb\",\"itemListElement\":[{\"@type\":\"ListItem\",\"position\":1,\"name\":\"In\u00edcio\",\"item\":\"https:\\\/\\\/ubirataonline.com.br\\\/\"},{\"@type\":\"ListItem\",\"position\":2,\"name\":\"James Gunn to Direct &#8216;Superman&#8217; Sequel: &#8216;Next Movie in Super-Family&#8217;\"}]},{\"@type\":\"WebSite\",\"@id\":\"https:\\\/\\\/ubirataonline.com.br\\\/#website\",\"url\":\"https:\\\/\\\/ubirataonline.com.br\\\/\",\"name\":\"Ubirat\u00e3 Online Not\u00edcias\",\"description\":\"Not\u00edcias de Ubirat\u00e3, regi\u00e3o, Brasil e mundo, com informa\u00e7\u00e3o atualizada e compromisso com o leitor.\",\"publisher\":{\"@id\":\"https:\\\/\\\/ubirataonline.com.br\\\/#organization\"},\"alternateName\":\"Ubirat\u00e3 Online\",\"potentialAction\":[{\"@type\":\"SearchAction\",\"target\":{\"@type\":\"EntryPoint\",\"urlTemplate\":\"https:\\\/\\\/ubirataonline.com.br\\\/?s={search_term_string}\"},\"query-input\":{\"@type\":\"PropertyValueSpecification\",\"valueRequired\":true,\"valueName\":\"search_term_string\"}}],\"inLanguage\":\"en-US\"},{\"@type\":[\"Organization\",\"Place\"],\"@id\":\"https:\\\/\\\/ubirataonline.com.br\\\/#organization\",\"name\":\"Ubirat\u00e3 Online Not\u00edcias\",\"alternateName\":\"Ubirat\u00e3 Online\",\"url\":\"https:\\\/\\\/ubirataonline.com.br\\\/\",\"logo\":{\"@id\":\"https:\\\/\\\/ubirataonline.com.br\\\/james-gunn-to-direct-superman-sequel-next-movie-in-super-family\\\/#local-main-organization-logo\"},\"image\":{\"@id\":\"https:\\\/\\\/ubirataonline.com.br\\\/james-gunn-to-direct-superman-sequel-next-movie-in-super-family\\\/#local-main-organization-logo\"},\"sameAs\":[\"https:\\\/\\\/www.facebook.com\\\/portalubirataonline\",\"https:\\\/\\\/x.com\\\/ubirataonline\",\"https:\\\/\\\/mastodon.social\\\/@ubirataonline\",\"https:\\\/\\\/www.facebook.com\\\/groups\\\/311144672285604\",\"https:\\\/\\\/www.facebook.com\\\/UBTAOnline\",\"https:\\\/\\\/www.instagram.com\\\/portalubirataonline\\\/\",\"https:\\\/\\\/twitter.com\\\/ubirataonline\"],\"description\":\"Somos um portal de not\u00edcias independente, criado em 5 de janeiro de 2009, com o objetivo de informar, conectar e valorizar a nossa comunidade de Ubirat\u00e3 e toda aregi\u00e3o. Com conte\u00fado atualizado, confi\u00e1vel e relevante, o Ubirat\u00e3 Online \u00e9 o seu espa\u00e7o para ficar por dentro dos principais acontecimentos locais, regionais, Brasil, Mundo e de interesse geral. Nosso compromisso \u00e9 com a verdade, a transpar\u00eancia e o respeito ao leitor.\",\"legalName\":\"UBIRATA ONLINE NOT\u00cdCIAS\",\"foundingDate\":\"2009-01-05\",\"numberOfEmployees\":{\"@type\":\"QuantitativeValue\",\"minValue\":\"1\",\"maxValue\":\"10\"},\"publishingPrinciples\":\"https:\\\/\\\/ubirataonline.com.br\\\/faq\\\/\",\"address\":{\"@id\":\"https:\\\/\\\/ubirataonline.com.br\\\/james-gunn-to-direct-superman-sequel-next-movie-in-super-family\\\/#local-main-place-address\"},\"geo\":{\"@type\":\"GeoCoordinates\",\"latitude\":\"-24.5361401\",\"longitude\":\"-52.9921776\"},\"telephone\":[\"+5544998308235\"],\"contactPoint\":{\"@type\":\"ContactPoint\",\"email\":\"contato@ubirataonline.com.br\"},\"openingHoursSpecification\":{\"@type\":\"OpeningHoursSpecification\",\"dayOfWeek\":[\"Monday\",\"Tuesday\",\"Wednesday\",\"Thursday\",\"Friday\",\"Saturday\",\"Sunday\"],\"opens\":\"00:00\",\"closes\":\"23:59\"},\"email\":\"contato@ubirataonline.com.br\",\"vatID\":\"47.621.418\\\/0001-80\"},{\"@type\":\"Person\",\"@id\":\"https:\\\/\\\/ubirataonline.com.br\\\/#\\\/schema\\\/person\\\/372f87bbd3fdd79b8556b84c98d0bc1c\",\"name\":\"REDA\u00c7\u00c3O: UBIRAT\u00c3 ONLINE - F\u00c1BIO AUGUSTO CELESTINO\",\"pronouns\":\"Ele\",\"description\":\"Desde 2003 trabalhando com not\u00edcias.\",\"sameAs\":[\"http:\\\/\\\/ubirataoline.com.br\",\"https:\\\/\\\/www.facebook.com\\\/portalubirataonline\",\"https:\\\/\\\/www.instagram.com\\\/ubirataonline_oficial\",\"https:\\\/\\\/x.com\\\/x.com\\\/ubirataonline\"],\"honorificPrefix\":\"Mr.\",\"honorificSuffix\":\"MD\",\"birthDate\":\"1980-06-16\",\"gender\":\"masculino\",\"award\":[\"V\u00e1rios pr\u00eamios de melhor portal da cidade\"],\"jobTitle\":\"Diretor\",\"url\":\"https:\\\/\\\/ubirataonline.com.br\\\/en\\\/author\\\/ubirataonline\\\/\"},{\"@type\":\"PostalAddress\",\"@id\":\"https:\\\/\\\/ubirataonline.com.br\\\/james-gunn-to-direct-superman-sequel-next-movie-in-super-family\\\/#local-main-place-address\",\"streetAddress\":\"Rua dos Coqueiros, 104 - Bairro Boa Vista, Rua dos Coqueiros, 104 Bairro Boa Vista\",\"addressLocality\":\"UBIRATA\",\"postalCode\":\"85440-000\",\"addressRegion\":\"PR\",\"addressCountry\":\"BR\"},{\"@type\":\"ImageObject\",\"inLanguage\":\"en-US\",\"@id\":\"https:\\\/\\\/ubirataonline.com.br\\\/james-gunn-to-direct-superman-sequel-next-movie-in-super-family\\\/#local-main-organization-logo\",\"url\":\"https:\\\/\\\/ubirataonline.com.br\\\/wp-content\\\/uploads\\\/2026\\\/06\\\/logoubirataonline-1.webp\",\"contentUrl\":\"https:\\\/\\\/ubirataonline.com.br\\\/wp-content\\\/uploads\\\/2026\\\/06\\\/logoubirataonline-1.webp\",\"width\":500,\"height\":500,\"caption\":\"Ubirat\u00e3 Online Not\u00edcias\"}]}<\/script>\n<meta name=\"geo.placename\" content=\"UBIRATA\" \/>\n<meta name=\"geo.position\" content=\"-24.5361401;-52.9921776\" \/>\n<meta name=\"geo.region\" content=\"Brazil\" \/>\n<!-- \/ Yoast SEO Premium plugin. -->","yoast_head_json":{"title":"James Gunn to Direct 'Superman' Sequel: 'Next Movie in Super-Family' - Ubirat\u00e3 Online Not\u00edcias - A realidade ao seu alcance!","description":"James Gunn will write and direct \u201cthe next installment in the Super-Family,\u201d Warner Bros. Discovery CEO David Zaslav confirmed during the company\u2019s","robots":{"index":"index","follow":"follow","max-snippet":"max-snippet:-1","max-image-preview":"max-image-preview:large","max-video-preview":"max-video-preview:-1"},"canonical":"https:\/\/ubirataonline.com.br\/en\/james-gunn-to-direct-superman-sequel-next-movie-in-super-family\/","og_locale":"en_US","og_type":"article","og_title":"James Gunn to Direct 'Superman' Sequel: 'Next Movie in Super-Family'","og_description":"James Gunn will write and direct \u201cthe next installment in the Super-Family,\u201d Warner Bros. Discovery CEO David Zaslav confirmed during the company\u2019s","og_url":"https:\/\/ubirataonline.com.br\/en\/james-gunn-to-direct-superman-sequel-next-movie-in-super-family\/","og_site_name":"Ubirat\u00e3 Online Not\u00edcias - A realidade ao seu alcance!","article_publisher":"https:\/\/www.facebook.com\/portalubirataonline","article_author":"https:\/\/www.facebook.com\/portalubirataonline","article_published_time":"2025-08-07T20:09:23+00:00","og_image":[{"width":1531,"height":418,"url":"https:\/\/ubirataonline.com.br\/wp-content\/uploads\/2026\/05\/logo2026.webp","type":"image\/webp"}],"author":"REDA\u00c7\u00c3O: UBIRAT\u00c3 ONLINE - F\u00c1BIO AUGUSTO CELESTINO","twitter_card":"summary_large_image","twitter_creator":"@x.com\/ubirataonline","twitter_site":"@ubirataonline","twitter_misc":{"Written by":"REDA\u00c7\u00c3O: UBIRAT\u00c3 ONLINE - F\u00c1BIO AUGUSTO CELESTINO","Est. reading time":"2 minutes"},"schema":{"@context":"https:\/\/schema.org","@graph":[{"@type":"NewsArticle","@id":"https:\/\/ubirataonline.com.br\/james-gunn-to-direct-superman-sequel-next-movie-in-super-family\/#article","isPartOf":{"@id":"https:\/\/ubirataonline.com.br\/james-gunn-to-direct-superman-sequel-next-movie-in-super-family\/"},"author":{"name":"REDA\u00c7\u00c3O: UBIRAT\u00c3 ONLINE - F\u00c1BIO AUGUSTO CELESTINO","@id":"https:\/\/ubirataonline.com.br\/#\/schema\/person\/372f87bbd3fdd79b8556b84c98d0bc1c"},"headline":"James Gunn to Direct &#8216;Superman&#8217; Sequel: &#8216;Next Movie in Super-Family&#8217;","datePublished":"2025-08-07T20:09:23+00:00","mainEntityOfPage":{"@id":"https:\/\/ubirataonline.com.br\/james-gunn-to-direct-superman-sequel-next-movie-in-super-family\/"},"wordCount":492,"publisher":{"@id":"https:\/\/ubirataonline.com.br\/#organization"},"image":{"@id":"https:\/\/ubirataonline.com.br\/james-gunn-to-direct-superman-sequel-next-movie-in-super-family\/#primaryimage"},"thumbnailUrl":"https:\/\/ubirataonline.com.br\/wp-content\/uploads\/2025\/08\/superman_4752fc.png","articleSection":["Brasil"],"inLanguage":"en-US","copyrightYear":"2025","copyrightHolder":{"@id":"https:\/\/ubirataonline.com.br\/en\/#organization"}},{"@type":"WebPage","@id":"https:\/\/ubirataonline.com.br\/james-gunn-to-direct-superman-sequel-next-movie-in-super-family\/","url":"https:\/\/ubirataonline.com.br\/james-gunn-to-direct-superman-sequel-next-movie-in-super-family\/","name":"James Gunn to Direct 'Superman' Sequel: 'Next Movie in Super-Family' - Ubirat\u00e3 Online Not\u00edcias - A realidade ao seu alcance!","isPartOf":{"@id":"https:\/\/ubirataonline.com.br\/#website"},"primaryImageOfPage":{"@id":"https:\/\/ubirataonline.com.br\/james-gunn-to-direct-superman-sequel-next-movie-in-super-family\/#primaryimage"},"image":{"@id":"https:\/\/ubirataonline.com.br\/james-gunn-to-direct-superman-sequel-next-movie-in-super-family\/#primaryimage"},"thumbnailUrl":"https:\/\/ubirataonline.com.br\/wp-content\/uploads\/2025\/08\/superman_4752fc.png","datePublished":"2025-08-07T20:09:23+00:00","description":"James Gunn will write and direct \u201cthe next installment in the Super-Family,\u201d Warner Bros. Discovery CEO David Zaslav confirmed during the company\u2019s","breadcrumb":{"@id":"https:\/\/ubirataonline.com.br\/james-gunn-to-direct-superman-sequel-next-movie-in-super-family\/#breadcrumb"},"inLanguage":"en-US","potentialAction":[{"@type":"ReadAction","target":["https:\/\/ubirataonline.com.br\/james-gunn-to-direct-superman-sequel-next-movie-in-super-family\/"]}]},{"@type":"ImageObject","inLanguage":"en-US","@id":"https:\/\/ubirataonline.com.br\/james-gunn-to-direct-superman-sequel-next-movie-in-super-family\/#primaryimage","url":"https:\/\/ubirataonline.com.br\/wp-content\/uploads\/2025\/08\/superman_4752fc.png","contentUrl":"https:\/\/ubirataonline.com.br\/wp-content\/uploads\/2025\/08\/superman_4752fc.png","width":999,"height":563},{"@type":"BreadcrumbList","@id":"https:\/\/ubirataonline.com.br\/james-gunn-to-direct-superman-sequel-next-movie-in-super-family\/#breadcrumb","itemListElement":[{"@type":"ListItem","position":1,"name":"In\u00edcio","item":"https:\/\/ubirataonline.com.br\/"},{"@type":"ListItem","position":2,"name":"James Gunn to Direct &#8216;Superman&#8217; Sequel: &#8216;Next Movie in Super-Family&#8217;"}]},{"@type":"WebSite","@id":"https:\/\/ubirataonline.com.br\/#website","url":"https:\/\/ubirataonline.com.br\/","name":"Ubirat\u00e3 Online Not\u00edcias","description":"Not\u00edcias de Ubirat\u00e3, regi\u00e3o, Brasil e mundo, com informa\u00e7\u00e3o atualizada e compromisso com o leitor.","publisher":{"@id":"https:\/\/ubirataonline.com.br\/#organization"},"alternateName":"Ubirat\u00e3 Online","potentialAction":[{"@type":"SearchAction","target":{"@type":"EntryPoint","urlTemplate":"https:\/\/ubirataonline.com.br\/?s={search_term_string}"},"query-input":{"@type":"PropertyValueSpecification","valueRequired":true,"valueName":"search_term_string"}}],"inLanguage":"en-US"},{"@type":["Organization","Place"],"@id":"https:\/\/ubirataonline.com.br\/#organization","name":"Ubirat\u00e3 Online Not\u00edcias","alternateName":"Ubirat\u00e3 Online","url":"https:\/\/ubirataonline.com.br\/","logo":{"@id":"https:\/\/ubirataonline.com.br\/james-gunn-to-direct-superman-sequel-next-movie-in-super-family\/#local-main-organization-logo"},"image":{"@id":"https:\/\/ubirataonline.com.br\/james-gunn-to-direct-superman-sequel-next-movie-in-super-family\/#local-main-organization-logo"},"sameAs":["https:\/\/www.facebook.com\/portalubirataonline","https:\/\/x.com\/ubirataonline","https:\/\/mastodon.social\/@ubirataonline","https:\/\/www.facebook.com\/groups\/311144672285604","https:\/\/www.facebook.com\/UBTAOnline","https:\/\/www.instagram.com\/portalubirataonline\/","https:\/\/twitter.com\/ubirataonline"],"description":"Somos um portal de not\u00edcias independente, criado em 5 de janeiro de 2009, com o objetivo de informar, conectar e valorizar a nossa comunidade de Ubirat\u00e3 e toda aregi\u00e3o. Com conte\u00fado atualizado, confi\u00e1vel e relevante, o Ubirat\u00e3 Online \u00e9 o seu espa\u00e7o para ficar por dentro dos principais acontecimentos locais, regionais, Brasil, Mundo e de interesse geral. Nosso compromisso \u00e9 com a verdade, a transpar\u00eancia e o respeito ao leitor.","legalName":"UBIRATA ONLINE NOT\u00cdCIAS","foundingDate":"2009-01-05","numberOfEmployees":{"@type":"QuantitativeValue","minValue":"1","maxValue":"10"},"publishingPrinciples":"https:\/\/ubirataonline.com.br\/faq\/","address":{"@id":"https:\/\/ubirataonline.com.br\/james-gunn-to-direct-superman-sequel-next-movie-in-super-family\/#local-main-place-address"},"geo":{"@type":"GeoCoordinates","latitude":"-24.5361401","longitude":"-52.9921776"},"telephone":["+5544998308235"],"contactPoint":{"@type":"ContactPoint","email":"contato@ubirataonline.com.br"},"openingHoursSpecification":{"@type":"OpeningHoursSpecification","dayOfWeek":["Monday","Tuesday","Wednesday","Thursday","Friday","Saturday","Sunday"],"opens":"00:00","closes":"23:59"},"email":"contato@ubirataonline.com.br","vatID":"47.621.418\/0001-80"},{"@type":"Person","@id":"https:\/\/ubirataonline.com.br\/#\/schema\/person\/372f87bbd3fdd79b8556b84c98d0bc1c","name":"REDA\u00c7\u00c3O: UBIRAT\u00c3 ONLINE - F\u00c1BIO AUGUSTO CELESTINO","pronouns":"Ele","description":"Desde 2003 trabalhando com not\u00edcias.","sameAs":["http:\/\/ubirataoline.com.br","https:\/\/www.facebook.com\/portalubirataonline","https:\/\/www.instagram.com\/ubirataonline_oficial","https:\/\/x.com\/x.com\/ubirataonline"],"honorificPrefix":"Mr.","honorificSuffix":"MD","birthDate":"1980-06-16","gender":"masculino","award":["V\u00e1rios pr\u00eamios de melhor portal da cidade"],"jobTitle":"Diretor","url":"https:\/\/ubirataonline.com.br\/en\/author\/ubirataonline\/"},{"@type":"PostalAddress","@id":"https:\/\/ubirataonline.com.br\/james-gunn-to-direct-superman-sequel-next-movie-in-super-family\/#local-main-place-address","streetAddress":"Rua dos Coqueiros, 104 - Bairro Boa Vista, Rua dos Coqueiros, 104 Bairro Boa Vista","addressLocality":"UBIRATA","postalCode":"85440-000","addressRegion":"PR","addressCountry":"BR"},{"@type":"ImageObject","inLanguage":"en-US","@id":"https:\/\/ubirataonline.com.br\/james-gunn-to-direct-superman-sequel-next-movie-in-super-family\/#local-main-organization-logo","url":"https:\/\/ubirataonline.com.br\/wp-content\/uploads\/2026\/06\/logoubirataonline-1.webp","contentUrl":"https:\/\/ubirataonline.com.br\/wp-content\/uploads\/2026\/06\/logoubirataonline-1.webp","width":500,"height":500,"caption":"Ubirat\u00e3 Online Not\u00edcias"}]},"geo.placename":"UBIRATA","geo.position":{"lat":"-24.5361401","long":"-52.9921776"},"geo.region":"Brazil"},"_links":{"self":[{"href":"https:\/\/ubirataonline.com.br\/en\/wp-json\/wp\/v2\/posts\/63350","targetHints":{"allow":["GET"]}}],"collection":[{"href":"https:\/\/ubirataonline.com.br\/en\/wp-json\/wp\/v2\/posts"}],"about":[{"href":"https:\/\/ubirataonline.com.br\/en\/wp-json\/wp\/v2\/types\/post"}],"author":[{"embeddable":true,"href":"https:\/\/ubirataonline.com.br\/en\/wp-json\/wp\/v2\/users\/1"}],"replies":[{"embeddable":true,"href":"https:\/\/ubirataonline.com.br\/en\/wp-json\/wp\/v2\/comments?post=63350"}],"version-history":[{"count":0,"href":"https:\/\/ubirataonline.com.br\/en\/wp-json\/wp\/v2\/posts\/63350\/revisions"}],"wp:featuredmedia":[{"embeddable":true,"href":"https:\/\/ubirataonline.com.br\/en\/wp-json\/wp\/v2\/media\/63351"}],"wp:attachment":[{"href":"https:\/\/ubirataonline.com.br\/en\/wp-json\/wp\/v2\/media?parent=63350"}],"wp:term":[{"taxonomy":"category","embeddable":true,"href":"https:\/\/ubirataonline.com.br\/en\/wp-json\/wp\/v2\/categories?post=63350"},{"taxonomy":"post_tag","embeddable":true,"href":"https:\/\/ubirataonline.com.br\/en\/wp-json\/wp\/v2\/tags?post=63350"}],"curies":[{"name":"wp","href":"https:\/\/api.w.org\/{rel}","templated":true}]}}