{"id":63369,"date":"2025-08-07T22:16:05","date_gmt":"2025-08-08T01:16:05","guid":{"rendered":"https:\/\/ubirataonline.com.br\/va-says-its-ended-most-collective-bargaining-agreements\/"},"modified":"2025-08-07T22:16:05","modified_gmt":"2025-08-08T01:16:05","slug":"va-says-its-ended-most-collective-bargaining-agreements","status":"publish","type":"post","link":"https:\/\/ubirataonline.com.br\/en\/va-says-its-ended-most-collective-bargaining-agreements\/","title":{"rendered":"VA says it\u2019s ended most collective bargaining agreements"},"content":{"rendered":"<p><\/p>\n<div>\n<h2 class=\"page-post-title\">VA says it\u2019s ended most collective bargaining agreements<\/h2>\n<p style=\"font-size:smaller; color:#666666; margin-bottom: 1rem;\">The decision ends union protections for 377,000 employees, more than three-quarters of VA&#8217;s workforce.<\/p>\n<div class=\"Entry-info\">\n<div class=\"Entry-infoImg Entry-infoImg--byline author-jared-serbu\"><a href=\"https:\/\/federalnewsnetwork.com\/author\/jared-serbu\/\"><img decoding=\"async\" src=\"https:\/\/federalnewsnetwork.com\/wp-content\/uploads\/2015\/04\/Jared-Serbu-headshot-e1698065917715-112x112.jpg\" alt=\"\"\/><\/a>\n                            <\/div>\n<div class=\"Entry-infoContent\">\n                            <a href=\"https:\/\/federalnewsnetwork.com\/author\/jared-serbu\/\">Jared Serbu<\/a><span class=\"byline_twitter\"><a href=\"https:\/\/twitter.com\/jserbuWFED\">@jserbuWFED<\/a><\/span><\/p>\n<div class=\"Entry-meta\">\n<p>\n                                    <span class=\"Entry-date__date\">August 6, 2025<\/span> <span class=\"Entry-date__time\">6:54 pm<\/span>                                <\/p>\n<p>3 min read<\/p>\n<\/p><\/div>\n<\/p><\/div>\n<\/p><\/div>\n<\/p><\/div>\n<div id=\"Entry-content\">\n<p data-pm-slice=\"1 1 []\">The Department of Veterans Affairs said Wednesday it was terminating most of its contracts with federal employee unions, one of the most significant consequences to date of a <a href=\"https:\/\/federalnewsnetwork.com\/unions\/2025\/03\/trumps-order-to-end-collective-bargaining-for-national-security-reasons-impacts-most-agencies\/\" target=\"_blank\" rel=\"noopener noreferrer nofollow\">March executive order<\/a> that sought to eliminate collective bargaining across a large swath of agencies on \u201cnational security\u201d grounds.<\/p>\n<p>In a statement, the department said it had notified five large unions that VA was ending their collective bargaining agreements, effective immediately. The affected unions are the American Federation of Government Employees, the National Association of Government Employees, the National Federation of Federal Employees, the National Nurses Organizing Committee\/National Nurses United, and the Service Employees International Union.<\/p>\n<p>According to federal employment records, up until Wednesday, VA had more than 377,000 employees represented by unions out of a total workforce of 483,000. The only exceptions to the contract terminations were for police, firefighters and security personnel who were exempted from the executive order. Officials said there were roughly 4,000 employees in those exempt groups.<\/p>\n<p>Although the initial March order made use of a legal provision that allows the President to suspend collective bargaining for national security reasons, VA\u2019s Wednesday announcement made no reference to national security. Instead, department officials said they were ending the agreements because unions \u201chave repeatedly opposed significant, bipartisan VA reforms and rewarded bad employees for misconduct.\u201d They said ending collective bargaining for VA employees would allow those workers to spend more time with veterans.<\/p>\n<style><![CDATA[<![CDATA[\n.promo-main{padding: 5px 0; }\n.promo-inline{text-decoration:none !important;}\n.promo-inline p{ color:#0093d0; font-weight: 600; }\n\n.promo_dash{\n\tborder-bottom: 1px solid #d4d4d4;\n    vertical-align: text-top;\n    line-height: 3px;\n    margin-right: 10px;\n    display: inline;\n\t}\n]]]]><![CDATA[>]]><\/style>\n<p>\u201cToo often, unions that represent VA employees fight against the best interests of veterans while protecting and rewarding bad workers,\u201d VA Secretary Doug Collins said in a statement. \u201cWe\u2019re making sure VA resources and employees are singularly focused on the job we were sent here to do: providing top-notch care and service to those who wore the uniform.\u201d<\/p>\n<p>The American Federation of Government Employees, which represented the vast majority of VA\u2019s unionized workforce \u2014 319,000 employees \u2014 said in a statement that the contract terminations were an \u201coutrage.\u201d<\/p>\n<p>\u201cThe real reason Collins wants AFGE out of the VA is because we have successfully fought against disastrous, anti-veteran recommendations from the Asset Infrastructure Review Commission which would have shut down several rural VA hospitals and clinics, opposed the Trump administration\u2019s plan to dismantle veteran health care through the cutting of 83,000 jobs, and consistently educated the American people about how private, for-profit veteran healthcare is more expensive and results in worse outcomes for veterans,\u201d said Everett Kelley, AFGE\u2019s national president. \u201cWe don\u2019t apologize for protecting veteran healthcare and will continue to fight for our members and the veterans they care for.\u201d<\/p>\n<p>The unions have been seeking to block enforcement of the executive order in court, but recent appeals court decisions have given the Trump administration the green light to proceed with the contract terminations while lawsuits continue to work their way through the judicial system.<\/p>\n<p>Last week, the Ninth Circuit Court of Appeals <a href=\"https:\/\/federalnewsnetwork.com\/unions\/2025\/08\/appeals-court-allows-agencies-to-proceed-with-canceling-collective-bargaining\/\" target=\"_blank\" rel=\"noopener\">granted an administration request<\/a> to stay a lower court ruling which found that the anti-union EO was a form of retaliation for the labor organizations\u2019 First Amendment protected speech. That claim was based, in part, on a White House fact sheet which said the President signed the order because unions were \u201chostile\u201d to his policies, and that he \u201csupports constructive partnerships with unions who work with him.\u201d<\/p>\n<p>However, the appeals court found that the President likely would have terminated the contracts even if the unions\u2019 constitutionally-protected speech weren\u2019t an issue.<\/p>\n<p>\u201cOn its face, the order does not express any retaliatory animus. Instead, it conveys the President\u2019s determination that the excluded agencies have primary functions implicating national security and cannot be subjected to the [<a href=\"https:\/\/www.flra.gov\/resources-training\/resources\/statute-and-regulations\/statute\" target=\"_blank\" rel=\"noopener noreferrer nofollow\">Federal Service Labor-Management Relations Statute<\/a>] consistent with national security,\u201d the three judge panel wrote in its <a href=\"https:\/\/cdn.ca9.uscourts.gov\/datastore\/opinions\/2025\/08\/01\/25-4014.pdf\" target=\"_blank\" rel=\"noopener\">Aug. 1 opinion<\/a>. \u201cEven accepting for purposes of argument that certain statements in the fact sheet reflect a degree of retaliatory animus toward plaintiffs\u2019 First Amendment activities, the fact sheet, taken as a whole, also demonstrates the president\u2019s focus on national security.\u201d<\/p>\n<style><![CDATA[<![CDATA[\n.promo-main{padding: 5px 0; }\n.promo-inline{text-decoration:none !important;}\n.promo-inline p{ color:#0093d0; font-weight: 600; }\n\n.promo_dash{\n\tborder-bottom: 1px solid #d4d4d4;\n    vertical-align: text-top;\n    line-height: 3px;\n    margin-right: 10px;\n    display: inline;\n\t}\n]]]]><![CDATA[>]]><\/style>\n<p class=\"article-copyright\"><em>Copyright<br \/>\n                            \u00a9\u00a02025 Federal News Network. All rights reserved. This website is not intended for users located within the European Economic Area.<\/em>\n                    <\/p>\n<\/p><\/div>\n<p><script async src=\"\/\/platform.twitter.com\/widgets.js\" charset=\"utf-8\"><\/script><script async defer crossorigin=\"anonymous\" src=\"https:\/\/connect.facebook.net\/en_US\/sdk.js#xfbml=1&#038;version=v8.0&#038;appId=228478281369433&#038;autoLogAppEvents=1\" nonce=\"n09D3zOr\"><\/script><br \/>\n<br \/><a href=\"https:\/\/federalnewsnetwork.com\/veterans-affairs\/2025\/08\/va-says-its-ended-most-collective-bargaining-agreements\/\">Source link <\/a><\/p>\n","protected":false},"excerpt":{"rendered":"<p>VA says it\u2019s ended most collective bargaining agreements The decision ends union protections for 377,000 employees, more than three-quarters of VA&#8217;s workforce. Jared Serbu@jserbuWFED August 6, 2025 6:54 pm 3 min read The Department of Veterans Affairs said Wednesday it was terminating most of its contracts with federal employee unions, one of the most significant [&hellip;]<\/p>\n","protected":false},"author":1,"featured_media":63370,"comment_status":"","ping_status":"","sticky":false,"template":"","format":"standard","meta":{"googlesitekit_rrm_CAow2JLhCw:productID":"","_gspb_post_css":"","maa_idioma":"","maa_pais":"","footnotes":""},"categories":[4],"tags":[],"class_list":["post-63369","post","type-post","status-publish","format-standard","has-post-thumbnail","hentry","category-brasil"],"blocksy_meta":[],"yoast_head":"<!-- This site is optimized with the Yoast SEO Premium plugin v27.6 (Yoast SEO v27.6) - https:\/\/yoast.com\/product\/yoast-seo-premium-wordpress\/ -->\n<title>VA says it\u2019s ended most collective bargaining agreements - Ubirat\u00e3 Online Not\u00edcias - A realidade ao seu alcance!<\/title>\n<meta name=\"description\" content=\"VA says it\u2019s ended most collective bargaining agreements The decision ends union protections for 377,000 employees, more than three-quarters of VA&#039;s\" \/>\n<meta name=\"robots\" content=\"index, follow, max-snippet:-1, max-image-preview:large, max-video-preview:-1\" \/>\n<link rel=\"canonical\" href=\"https:\/\/ubirataonline.com.br\/en\/va-says-its-ended-most-collective-bargaining-agreements\/\" \/>\n<meta property=\"og:locale\" content=\"en_US\" \/>\n<meta property=\"og:type\" content=\"article\" \/>\n<meta property=\"og:title\" content=\"VA says it\u2019s ended most collective bargaining agreements\" \/>\n<meta property=\"og:description\" content=\"VA says it\u2019s ended most collective bargaining agreements The decision ends union protections for 377,000 employees, more than three-quarters of VA&#039;s\" \/>\n<meta property=\"og:url\" content=\"https:\/\/ubirataonline.com.br\/en\/va-says-its-ended-most-collective-bargaining-agreements\/\" \/>\n<meta property=\"og:site_name\" content=\"Ubirat\u00e3 Online Not\u00edcias - A realidade ao seu alcance!\" \/>\n<meta property=\"article:publisher\" content=\"https:\/\/www.facebook.com\/portalubirataonline\" \/>\n<meta property=\"article:author\" content=\"https:\/\/www.facebook.com\/portalubirataonline\" \/>\n<meta property=\"article:published_time\" content=\"2025-08-08T01:16:05+00:00\" \/>\n<meta property=\"og:image\" content=\"https:\/\/federalnewsnetwork.com\/wp-content\/uploads\/2015\/04\/Jared-Serbu-headshot-e1698065917715-112x112.jpg\" \/>\n<meta name=\"author\" content=\"REDA\u00c7\u00c3O: UBIRAT\u00c3 ONLINE - F\u00c1BIO AUGUSTO CELESTINO\" \/>\n<meta name=\"twitter:card\" content=\"summary_large_image\" \/>\n<meta name=\"twitter:creator\" content=\"@x.com\/ubirataonline\" \/>\n<meta name=\"twitter:site\" content=\"@ubirataonline\" \/>\n<meta name=\"twitter:label1\" content=\"Written by\" \/>\n\t<meta name=\"twitter:data1\" content=\"REDA\u00c7\u00c3O: UBIRAT\u00c3 ONLINE - F\u00c1BIO AUGUSTO CELESTINO\" \/>\n\t<meta name=\"twitter:label2\" content=\"Est. reading time\" \/>\n\t<meta name=\"twitter:data2\" content=\"4 minutes\" \/>\n<script type=\"application\/ld+json\" class=\"yoast-schema-graph\">{\"@context\":\"https:\\\/\\\/schema.org\",\"@graph\":[{\"@type\":\"NewsArticle\",\"@id\":\"https:\\\/\\\/ubirataonline.com.br\\\/va-says-its-ended-most-collective-bargaining-agreements\\\/#article\",\"isPartOf\":{\"@id\":\"https:\\\/\\\/ubirataonline.com.br\\\/va-says-its-ended-most-collective-bargaining-agreements\\\/\"},\"author\":{\"name\":\"REDA\u00c7\u00c3O: UBIRAT\u00c3 ONLINE - F\u00c1BIO AUGUSTO CELESTINO\",\"@id\":\"https:\\\/\\\/ubirataonline.com.br\\\/#\\\/schema\\\/person\\\/372f87bbd3fdd79b8556b84c98d0bc1c\"},\"headline\":\"VA says it\u2019s ended most collective bargaining agreements\",\"datePublished\":\"2025-08-08T01:16:05+00:00\",\"mainEntityOfPage\":{\"@id\":\"https:\\\/\\\/ubirataonline.com.br\\\/va-says-its-ended-most-collective-bargaining-agreements\\\/\"},\"wordCount\":720,\"publisher\":{\"@id\":\"https:\\\/\\\/ubirataonline.com.br\\\/#organization\"},\"image\":{\"@id\":\"https:\\\/\\\/ubirataonline.com.br\\\/va-says-its-ended-most-collective-bargaining-agreements\\\/#primaryimage\"},\"thumbnailUrl\":\"https:\\\/\\\/ubirataonline.com.br\\\/wp-content\\\/uploads\\\/2025\\\/08\\\/UNIONS.png\",\"articleSection\":[\"Brasil\"],\"inLanguage\":\"en-US\",\"copyrightYear\":\"2025\",\"copyrightHolder\":{\"@id\":\"https:\\\/\\\/ubirataonline.com.br\\\/en\\\/#organization\"}},{\"@type\":\"WebPage\",\"@id\":\"https:\\\/\\\/ubirataonline.com.br\\\/va-says-its-ended-most-collective-bargaining-agreements\\\/\",\"url\":\"https:\\\/\\\/ubirataonline.com.br\\\/va-says-its-ended-most-collective-bargaining-agreements\\\/\",\"name\":\"VA says it\u2019s ended most collective bargaining agreements - Ubirat\u00e3 Online Not\u00edcias - A realidade ao seu alcance!\",\"isPartOf\":{\"@id\":\"https:\\\/\\\/ubirataonline.com.br\\\/#website\"},\"primaryImageOfPage\":{\"@id\":\"https:\\\/\\\/ubirataonline.com.br\\\/va-says-its-ended-most-collective-bargaining-agreements\\\/#primaryimage\"},\"image\":{\"@id\":\"https:\\\/\\\/ubirataonline.com.br\\\/va-says-its-ended-most-collective-bargaining-agreements\\\/#primaryimage\"},\"thumbnailUrl\":\"https:\\\/\\\/ubirataonline.com.br\\\/wp-content\\\/uploads\\\/2025\\\/08\\\/UNIONS.png\",\"datePublished\":\"2025-08-08T01:16:05+00:00\",\"description\":\"VA says it\u2019s ended most collective bargaining agreements The decision ends union protections for 377,000 employees, more than three-quarters of VA's\",\"breadcrumb\":{\"@id\":\"https:\\\/\\\/ubirataonline.com.br\\\/va-says-its-ended-most-collective-bargaining-agreements\\\/#breadcrumb\"},\"inLanguage\":\"en-US\",\"potentialAction\":[{\"@type\":\"ReadAction\",\"target\":[\"https:\\\/\\\/ubirataonline.com.br\\\/va-says-its-ended-most-collective-bargaining-agreements\\\/\"]}]},{\"@type\":\"ImageObject\",\"inLanguage\":\"en-US\",\"@id\":\"https:\\\/\\\/ubirataonline.com.br\\\/va-says-its-ended-most-collective-bargaining-agreements\\\/#primaryimage\",\"url\":\"https:\\\/\\\/ubirataonline.com.br\\\/wp-content\\\/uploads\\\/2025\\\/08\\\/UNIONS.png\",\"contentUrl\":\"https:\\\/\\\/ubirataonline.com.br\\\/wp-content\\\/uploads\\\/2025\\\/08\\\/UNIONS.png\",\"width\":1200,\"height\":800},{\"@type\":\"BreadcrumbList\",\"@id\":\"https:\\\/\\\/ubirataonline.com.br\\\/va-says-its-ended-most-collective-bargaining-agreements\\\/#breadcrumb\",\"itemListElement\":[{\"@type\":\"ListItem\",\"position\":1,\"name\":\"In\u00edcio\",\"item\":\"https:\\\/\\\/ubirataonline.com.br\\\/\"},{\"@type\":\"ListItem\",\"position\":2,\"name\":\"VA says it\u2019s ended most collective bargaining agreements\"}]},{\"@type\":\"WebSite\",\"@id\":\"https:\\\/\\\/ubirataonline.com.br\\\/#website\",\"url\":\"https:\\\/\\\/ubirataonline.com.br\\\/\",\"name\":\"Ubirat\u00e3 Online Not\u00edcias\",\"description\":\"Not\u00edcias de Ubirat\u00e3, regi\u00e3o, Brasil e mundo, com informa\u00e7\u00e3o atualizada e compromisso com o leitor.\",\"publisher\":{\"@id\":\"https:\\\/\\\/ubirataonline.com.br\\\/#organization\"},\"alternateName\":\"Ubirat\u00e3 Online\",\"potentialAction\":[{\"@type\":\"SearchAction\",\"target\":{\"@type\":\"EntryPoint\",\"urlTemplate\":\"https:\\\/\\\/ubirataonline.com.br\\\/?s={search_term_string}\"},\"query-input\":{\"@type\":\"PropertyValueSpecification\",\"valueRequired\":true,\"valueName\":\"search_term_string\"}}],\"inLanguage\":\"en-US\"},{\"@type\":[\"Organization\",\"Place\"],\"@id\":\"https:\\\/\\\/ubirataonline.com.br\\\/#organization\",\"name\":\"Ubirat\u00e3 Online Not\u00edcias\",\"alternateName\":\"Ubirat\u00e3 Online\",\"url\":\"https:\\\/\\\/ubirataonline.com.br\\\/\",\"logo\":{\"@id\":\"https:\\\/\\\/ubirataonline.com.br\\\/va-says-its-ended-most-collective-bargaining-agreements\\\/#local-main-organization-logo\"},\"image\":{\"@id\":\"https:\\\/\\\/ubirataonline.com.br\\\/va-says-its-ended-most-collective-bargaining-agreements\\\/#local-main-organization-logo\"},\"sameAs\":[\"https:\\\/\\\/www.facebook.com\\\/portalubirataonline\",\"https:\\\/\\\/x.com\\\/ubirataonline\",\"https:\\\/\\\/mastodon.social\\\/@ubirataonline\",\"https:\\\/\\\/www.facebook.com\\\/groups\\\/311144672285604\",\"https:\\\/\\\/www.facebook.com\\\/UBTAOnline\",\"https:\\\/\\\/www.instagram.com\\\/portalubirataonline\\\/\",\"https:\\\/\\\/twitter.com\\\/ubirataonline\"],\"description\":\"Somos um portal de not\u00edcias independente, criado em 5 de janeiro de 2009, com o objetivo de informar, conectar e valorizar a nossa comunidade de Ubirat\u00e3 e toda aregi\u00e3o. Com conte\u00fado atualizado, confi\u00e1vel e relevante, o Ubirat\u00e3 Online \u00e9 o seu espa\u00e7o para ficar por dentro dos principais acontecimentos locais, regionais, Brasil, Mundo e de interesse geral. Nosso compromisso \u00e9 com a verdade, a transpar\u00eancia e o respeito ao leitor.\",\"legalName\":\"UBIRATA ONLINE NOT\u00cdCIAS\",\"foundingDate\":\"2009-01-05\",\"numberOfEmployees\":{\"@type\":\"QuantitativeValue\",\"minValue\":\"1\",\"maxValue\":\"10\"},\"publishingPrinciples\":\"https:\\\/\\\/ubirataonline.com.br\\\/faq\\\/\",\"address\":{\"@id\":\"https:\\\/\\\/ubirataonline.com.br\\\/va-says-its-ended-most-collective-bargaining-agreements\\\/#local-main-place-address\"},\"geo\":{\"@type\":\"GeoCoordinates\",\"latitude\":\"-24.5361401\",\"longitude\":\"-52.9921776\"},\"telephone\":[\"+5544998308235\"],\"contactPoint\":{\"@type\":\"ContactPoint\",\"email\":\"contato@ubirataonline.com.br\"},\"openingHoursSpecification\":{\"@type\":\"OpeningHoursSpecification\",\"dayOfWeek\":[\"Monday\",\"Tuesday\",\"Wednesday\",\"Thursday\",\"Friday\",\"Saturday\",\"Sunday\"],\"opens\":\"00:00\",\"closes\":\"23:59\"},\"email\":\"contato@ubirataonline.com.br\",\"vatID\":\"47.621.418\\\/0001-80\"},{\"@type\":\"Person\",\"@id\":\"https:\\\/\\\/ubirataonline.com.br\\\/#\\\/schema\\\/person\\\/372f87bbd3fdd79b8556b84c98d0bc1c\",\"name\":\"REDA\u00c7\u00c3O: UBIRAT\u00c3 ONLINE - F\u00c1BIO AUGUSTO CELESTINO\",\"pronouns\":\"Ele\",\"description\":\"Desde 2003 trabalhando com not\u00edcias.\",\"sameAs\":[\"http:\\\/\\\/ubirataoline.com.br\",\"https:\\\/\\\/www.facebook.com\\\/portalubirataonline\",\"https:\\\/\\\/www.instagram.com\\\/ubirataonline_oficial\",\"https:\\\/\\\/x.com\\\/x.com\\\/ubirataonline\"],\"honorificPrefix\":\"Mr.\",\"honorificSuffix\":\"MD\",\"birthDate\":\"1980-06-16\",\"gender\":\"masculino\",\"award\":[\"V\u00e1rios pr\u00eamios de melhor portal da cidade\"],\"jobTitle\":\"Diretor\",\"url\":\"https:\\\/\\\/ubirataonline.com.br\\\/en\\\/author\\\/ubirataonline\\\/\"},{\"@type\":\"PostalAddress\",\"@id\":\"https:\\\/\\\/ubirataonline.com.br\\\/va-says-its-ended-most-collective-bargaining-agreements\\\/#local-main-place-address\",\"streetAddress\":\"Rua dos Coqueiros, 104 - Bairro Boa Vista, Rua dos Coqueiros, 104 Bairro Boa Vista\",\"addressLocality\":\"UBIRATA\",\"postalCode\":\"85440-000\",\"addressRegion\":\"PR\",\"addressCountry\":\"BR\"},{\"@type\":\"ImageObject\",\"inLanguage\":\"en-US\",\"@id\":\"https:\\\/\\\/ubirataonline.com.br\\\/va-says-its-ended-most-collective-bargaining-agreements\\\/#local-main-organization-logo\",\"url\":\"https:\\\/\\\/ubirataonline.com.br\\\/wp-content\\\/uploads\\\/2026\\\/06\\\/logoubirataonline-1.webp\",\"contentUrl\":\"https:\\\/\\\/ubirataonline.com.br\\\/wp-content\\\/uploads\\\/2026\\\/06\\\/logoubirataonline-1.webp\",\"width\":500,\"height\":500,\"caption\":\"Ubirat\u00e3 Online Not\u00edcias\"}]}<\/script>\n<meta name=\"geo.placename\" content=\"UBIRATA\" \/>\n<meta name=\"geo.position\" content=\"-24.5361401;-52.9921776\" \/>\n<meta name=\"geo.region\" content=\"Brazil\" \/>\n<!-- \/ Yoast SEO Premium plugin. -->","yoast_head_json":{"title":"VA says it\u2019s ended most collective bargaining agreements - Ubirat\u00e3 Online Not\u00edcias - A realidade ao seu alcance!","description":"VA says it\u2019s ended most collective bargaining agreements The decision ends union protections for 377,000 employees, more than three-quarters of VA's","robots":{"index":"index","follow":"follow","max-snippet":"max-snippet:-1","max-image-preview":"max-image-preview:large","max-video-preview":"max-video-preview:-1"},"canonical":"https:\/\/ubirataonline.com.br\/en\/va-says-its-ended-most-collective-bargaining-agreements\/","og_locale":"en_US","og_type":"article","og_title":"VA says it\u2019s ended most collective bargaining agreements","og_description":"VA says it\u2019s ended most collective bargaining agreements The decision ends union protections for 377,000 employees, more than three-quarters of VA's","og_url":"https:\/\/ubirataonline.com.br\/en\/va-says-its-ended-most-collective-bargaining-agreements\/","og_site_name":"Ubirat\u00e3 Online Not\u00edcias - A realidade ao seu alcance!","article_publisher":"https:\/\/www.facebook.com\/portalubirataonline","article_author":"https:\/\/www.facebook.com\/portalubirataonline","article_published_time":"2025-08-08T01:16:05+00:00","og_image":[{"url":"https:\/\/federalnewsnetwork.com\/wp-content\/uploads\/2015\/04\/Jared-Serbu-headshot-e1698065917715-112x112.jpg","type":"","width":"","height":""}],"author":"REDA\u00c7\u00c3O: UBIRAT\u00c3 ONLINE - F\u00c1BIO AUGUSTO CELESTINO","twitter_card":"summary_large_image","twitter_creator":"@x.com\/ubirataonline","twitter_site":"@ubirataonline","twitter_misc":{"Written by":"REDA\u00c7\u00c3O: UBIRAT\u00c3 ONLINE - F\u00c1BIO AUGUSTO CELESTINO","Est. reading time":"4 minutes"},"schema":{"@context":"https:\/\/schema.org","@graph":[{"@type":"NewsArticle","@id":"https:\/\/ubirataonline.com.br\/va-says-its-ended-most-collective-bargaining-agreements\/#article","isPartOf":{"@id":"https:\/\/ubirataonline.com.br\/va-says-its-ended-most-collective-bargaining-agreements\/"},"author":{"name":"REDA\u00c7\u00c3O: UBIRAT\u00c3 ONLINE - F\u00c1BIO AUGUSTO CELESTINO","@id":"https:\/\/ubirataonline.com.br\/#\/schema\/person\/372f87bbd3fdd79b8556b84c98d0bc1c"},"headline":"VA says it\u2019s ended most collective bargaining agreements","datePublished":"2025-08-08T01:16:05+00:00","mainEntityOfPage":{"@id":"https:\/\/ubirataonline.com.br\/va-says-its-ended-most-collective-bargaining-agreements\/"},"wordCount":720,"publisher":{"@id":"https:\/\/ubirataonline.com.br\/#organization"},"image":{"@id":"https:\/\/ubirataonline.com.br\/va-says-its-ended-most-collective-bargaining-agreements\/#primaryimage"},"thumbnailUrl":"https:\/\/ubirataonline.com.br\/wp-content\/uploads\/2025\/08\/UNIONS.png","articleSection":["Brasil"],"inLanguage":"en-US","copyrightYear":"2025","copyrightHolder":{"@id":"https:\/\/ubirataonline.com.br\/en\/#organization"}},{"@type":"WebPage","@id":"https:\/\/ubirataonline.com.br\/va-says-its-ended-most-collective-bargaining-agreements\/","url":"https:\/\/ubirataonline.com.br\/va-says-its-ended-most-collective-bargaining-agreements\/","name":"VA says it\u2019s ended most collective bargaining agreements - Ubirat\u00e3 Online Not\u00edcias - A realidade ao seu alcance!","isPartOf":{"@id":"https:\/\/ubirataonline.com.br\/#website"},"primaryImageOfPage":{"@id":"https:\/\/ubirataonline.com.br\/va-says-its-ended-most-collective-bargaining-agreements\/#primaryimage"},"image":{"@id":"https:\/\/ubirataonline.com.br\/va-says-its-ended-most-collective-bargaining-agreements\/#primaryimage"},"thumbnailUrl":"https:\/\/ubirataonline.com.br\/wp-content\/uploads\/2025\/08\/UNIONS.png","datePublished":"2025-08-08T01:16:05+00:00","description":"VA says it\u2019s ended most collective bargaining agreements The decision ends union protections for 377,000 employees, more than three-quarters of VA's","breadcrumb":{"@id":"https:\/\/ubirataonline.com.br\/va-says-its-ended-most-collective-bargaining-agreements\/#breadcrumb"},"inLanguage":"en-US","potentialAction":[{"@type":"ReadAction","target":["https:\/\/ubirataonline.com.br\/va-says-its-ended-most-collective-bargaining-agreements\/"]}]},{"@type":"ImageObject","inLanguage":"en-US","@id":"https:\/\/ubirataonline.com.br\/va-says-its-ended-most-collective-bargaining-agreements\/#primaryimage","url":"https:\/\/ubirataonline.com.br\/wp-content\/uploads\/2025\/08\/UNIONS.png","contentUrl":"https:\/\/ubirataonline.com.br\/wp-content\/uploads\/2025\/08\/UNIONS.png","width":1200,"height":800},{"@type":"BreadcrumbList","@id":"https:\/\/ubirataonline.com.br\/va-says-its-ended-most-collective-bargaining-agreements\/#breadcrumb","itemListElement":[{"@type":"ListItem","position":1,"name":"In\u00edcio","item":"https:\/\/ubirataonline.com.br\/"},{"@type":"ListItem","position":2,"name":"VA says it\u2019s ended most collective bargaining agreements"}]},{"@type":"WebSite","@id":"https:\/\/ubirataonline.com.br\/#website","url":"https:\/\/ubirataonline.com.br\/","name":"Ubirat\u00e3 Online Not\u00edcias","description":"Not\u00edcias de Ubirat\u00e3, regi\u00e3o, Brasil e mundo, com informa\u00e7\u00e3o atualizada e compromisso com o leitor.","publisher":{"@id":"https:\/\/ubirataonline.com.br\/#organization"},"alternateName":"Ubirat\u00e3 Online","potentialAction":[{"@type":"SearchAction","target":{"@type":"EntryPoint","urlTemplate":"https:\/\/ubirataonline.com.br\/?s={search_term_string}"},"query-input":{"@type":"PropertyValueSpecification","valueRequired":true,"valueName":"search_term_string"}}],"inLanguage":"en-US"},{"@type":["Organization","Place"],"@id":"https:\/\/ubirataonline.com.br\/#organization","name":"Ubirat\u00e3 Online Not\u00edcias","alternateName":"Ubirat\u00e3 Online","url":"https:\/\/ubirataonline.com.br\/","logo":{"@id":"https:\/\/ubirataonline.com.br\/va-says-its-ended-most-collective-bargaining-agreements\/#local-main-organization-logo"},"image":{"@id":"https:\/\/ubirataonline.com.br\/va-says-its-ended-most-collective-bargaining-agreements\/#local-main-organization-logo"},"sameAs":["https:\/\/www.facebook.com\/portalubirataonline","https:\/\/x.com\/ubirataonline","https:\/\/mastodon.social\/@ubirataonline","https:\/\/www.facebook.com\/groups\/311144672285604","https:\/\/www.facebook.com\/UBTAOnline","https:\/\/www.instagram.com\/portalubirataonline\/","https:\/\/twitter.com\/ubirataonline"],"description":"Somos um portal de not\u00edcias independente, criado em 5 de janeiro de 2009, com o objetivo de informar, conectar e valorizar a nossa comunidade de Ubirat\u00e3 e toda aregi\u00e3o. Com conte\u00fado atualizado, confi\u00e1vel e relevante, o Ubirat\u00e3 Online \u00e9 o seu espa\u00e7o para ficar por dentro dos principais acontecimentos locais, regionais, Brasil, Mundo e de interesse geral. Nosso compromisso \u00e9 com a verdade, a transpar\u00eancia e o respeito ao leitor.","legalName":"UBIRATA ONLINE NOT\u00cdCIAS","foundingDate":"2009-01-05","numberOfEmployees":{"@type":"QuantitativeValue","minValue":"1","maxValue":"10"},"publishingPrinciples":"https:\/\/ubirataonline.com.br\/faq\/","address":{"@id":"https:\/\/ubirataonline.com.br\/va-says-its-ended-most-collective-bargaining-agreements\/#local-main-place-address"},"geo":{"@type":"GeoCoordinates","latitude":"-24.5361401","longitude":"-52.9921776"},"telephone":["+5544998308235"],"contactPoint":{"@type":"ContactPoint","email":"contato@ubirataonline.com.br"},"openingHoursSpecification":{"@type":"OpeningHoursSpecification","dayOfWeek":["Monday","Tuesday","Wednesday","Thursday","Friday","Saturday","Sunday"],"opens":"00:00","closes":"23:59"},"email":"contato@ubirataonline.com.br","vatID":"47.621.418\/0001-80"},{"@type":"Person","@id":"https:\/\/ubirataonline.com.br\/#\/schema\/person\/372f87bbd3fdd79b8556b84c98d0bc1c","name":"REDA\u00c7\u00c3O: UBIRAT\u00c3 ONLINE - F\u00c1BIO AUGUSTO CELESTINO","pronouns":"Ele","description":"Desde 2003 trabalhando com not\u00edcias.","sameAs":["http:\/\/ubirataoline.com.br","https:\/\/www.facebook.com\/portalubirataonline","https:\/\/www.instagram.com\/ubirataonline_oficial","https:\/\/x.com\/x.com\/ubirataonline"],"honorificPrefix":"Mr.","honorificSuffix":"MD","birthDate":"1980-06-16","gender":"masculino","award":["V\u00e1rios pr\u00eamios de melhor portal da cidade"],"jobTitle":"Diretor","url":"https:\/\/ubirataonline.com.br\/en\/author\/ubirataonline\/"},{"@type":"PostalAddress","@id":"https:\/\/ubirataonline.com.br\/va-says-its-ended-most-collective-bargaining-agreements\/#local-main-place-address","streetAddress":"Rua dos Coqueiros, 104 - Bairro Boa Vista, Rua dos Coqueiros, 104 Bairro Boa Vista","addressLocality":"UBIRATA","postalCode":"85440-000","addressRegion":"PR","addressCountry":"BR"},{"@type":"ImageObject","inLanguage":"en-US","@id":"https:\/\/ubirataonline.com.br\/va-says-its-ended-most-collective-bargaining-agreements\/#local-main-organization-logo","url":"https:\/\/ubirataonline.com.br\/wp-content\/uploads\/2026\/06\/logoubirataonline-1.webp","contentUrl":"https:\/\/ubirataonline.com.br\/wp-content\/uploads\/2026\/06\/logoubirataonline-1.webp","width":500,"height":500,"caption":"Ubirat\u00e3 Online Not\u00edcias"}]},"geo.placename":"UBIRATA","geo.position":{"lat":"-24.5361401","long":"-52.9921776"},"geo.region":"Brazil"},"_links":{"self":[{"href":"https:\/\/ubirataonline.com.br\/en\/wp-json\/wp\/v2\/posts\/63369","targetHints":{"allow":["GET"]}}],"collection":[{"href":"https:\/\/ubirataonline.com.br\/en\/wp-json\/wp\/v2\/posts"}],"about":[{"href":"https:\/\/ubirataonline.com.br\/en\/wp-json\/wp\/v2\/types\/post"}],"author":[{"embeddable":true,"href":"https:\/\/ubirataonline.com.br\/en\/wp-json\/wp\/v2\/users\/1"}],"replies":[{"embeddable":true,"href":"https:\/\/ubirataonline.com.br\/en\/wp-json\/wp\/v2\/comments?post=63369"}],"version-history":[{"count":0,"href":"https:\/\/ubirataonline.com.br\/en\/wp-json\/wp\/v2\/posts\/63369\/revisions"}],"wp:featuredmedia":[{"embeddable":true,"href":"https:\/\/ubirataonline.com.br\/en\/wp-json\/wp\/v2\/media\/63370"}],"wp:attachment":[{"href":"https:\/\/ubirataonline.com.br\/en\/wp-json\/wp\/v2\/media?parent=63369"}],"wp:term":[{"taxonomy":"category","embeddable":true,"href":"https:\/\/ubirataonline.com.br\/en\/wp-json\/wp\/v2\/categories?post=63369"},{"taxonomy":"post_tag","embeddable":true,"href":"https:\/\/ubirataonline.com.br\/en\/wp-json\/wp\/v2\/tags?post=63369"}],"curies":[{"name":"wp","href":"https:\/\/api.w.org\/{rel}","templated":true}]}}