{"id":63481,"date":"2025-08-08T11:36:17","date_gmt":"2025-08-08T14:36:17","guid":{"rendered":"https:\/\/ubirataonline.com.br\/black-journalists-meet-for-cleveland-convention-amid-increased-challenges-the-wake-up-for-thursday-aug-7-2025\/"},"modified":"2025-08-08T11:36:17","modified_gmt":"2025-08-08T14:36:17","slug":"black-journalists-meet-for-cleveland-convention-amid-increased-challenges-the-wake-up-for-thursday-aug-7-2025","status":"publish","type":"post","link":"https:\/\/ubirataonline.com.br\/en\/black-journalists-meet-for-cleveland-convention-amid-increased-challenges-the-wake-up-for-thursday-aug-7-2025\/","title":{"rendered":"Black journalists meet for Cleveland convention amid increased challenges: The Wake Up for Thursday, Aug. 7, 2025"},"content":{"rendered":"<p><\/p>\n<div>\n<p class=\"article__paragraph article__paragraph--left\" id=\"DAJCKDPKBZBVFOCGN2PHY5NGJQ\"><a href=\"https:\/\/subscription.cleveland.com\/\" rel=\"\" target=\"_blank\" title=\"http:\/\/subscription.cleveland.com\/\"><i>Subscribe to the Wake Up<\/i><\/a><i>, <\/i><a href=\"https:\/\/www.cleveland.com\/\" rel=\"\" target=\"_blank\" title=\"http:\/\/cleveland.com\"><i>cleveland.com<\/i><\/a><i>\u2019s free morning newsletter, delivered to your inbox weekdays at 5:30 a.m.<\/i><\/p>\n<p class=\"article__paragraph article__paragraph--left\" id=\"UKLZBQRJDJEUHBL32NLAL72PNE\">The National Association of Black Journalists is in Cleveland this week for its 50th annual convention and the timing couldn\u2019t be more meaningful. With diversity programs under political attack and newsroom budgets tightening, this year\u2019s gathering carries the weight of both celebration and resolve \u2014 honoring progress while recognizing how much work remains.<\/p>\n<p class=\"article__paragraph article__paragraph--left\" id=\"NB3Y2VN2CZGJTPBJA5NLF4XM3U\">The backdrop, of course, is Donald Trump\u2019s return to power and his administration\u2019s aggressive push to dismantle DEI initiatives across the country. For Black journalists and media professionals, it\u2019s added pressure in an industry where they\u2019ve long had to fight for opportunity.<\/p>\n<p class=\"article__paragraph article__paragraph--left\" id=\"BZF4J7HZAJDFLCWONPDESV5SLI\">Some companies that once showed up in full force at conferences like this are now noticeably absent. But others are leaning in \u2014 not just with words, but with hiring pipelines, support and visibility. And in this moment, attendees say, that commitment speaks volumes.<\/p>\n<p class=\"article__paragraph article__paragraph--left\" id=\"YUVHBGK3XZDI3HCESZYEWMBPBQ\">\u2014 Laura<\/p>\n<h3 class=\"article-heading\">Overnight Scores and Weather<\/h3>\n<p class=\"article__paragraph article__paragraph--left\" id=\"6F4D37G6R5DODDWADE5B2BDNZY\"><b>Guardians at New York Mets<\/b>: Juan Soto ruins Gavin Williams\u2019 no-hit bid in the ninth, but <a href=\"https:\/\/www.cleveland.com\/guardians\/2025\/08\/juan-soto-ruins-gavin-williams-no-hit-bid-as-guardians-complete-sweep-with-4-1-win-over-the-mets.html\" target=\"_blank\" rel=\"\">Guardians sweep Mets with 4-1 win<\/a><\/p>\n<p class=\"article__paragraph article__paragraph--left\" id=\"OK2UUVZCHFEFVFDSBFVHLHVFCU\"><b>Northeast Ohio weather forecast<\/b>: <a href=\"https:\/\/www.cleveland.com\/weather\/2025\/08\/will-ne-ohio-finally-see-its-first-august-rain.html\" target=\"_blank\" rel=\"\">Sunny and dry<\/a><\/p>\n<h3 class=\"article-heading\">Top Stories<\/h3>\n<p class=\"article__paragraph article__paragraph--left\" id=\"HIUEYDM65BH2TG243Q4YRZC2RI\"><b>NABJ convention<\/b>: The National Association of Black Journalists 50th convention is in Cleveland. <a href=\"https:\/\/www.cleveland.com\/news\/2025\/08\/amid-trumps-anti-dei-climate-national-association-of-black-journalists-finds-solidarity-in-cleveland.html\" target=\"_blank\" rel=\"\">Olivia Mitchell reports<\/a> on media professionals discussing the impact of anti-DEI policies and the challenges facing journalists of color in the current political climate.<\/p>\n<p class=\"article__paragraph article__paragraph--left\" id=\"L7KGAMZDVFCPTPUD5QWKSJV5PA\"><b>RTA U-Pass<\/b>: Cleveland State University will end student RTA passes due to a state budget provision, leaving students facing $95 monthly transit costs. <a href=\"https:\/\/www.cleveland.com\/open\/2025\/08\/ohio-governors-office-csu-students-will-lose-rta-passes-due-to-ridiculous-reading-of-law.html\" target=\"_blank\" rel=\"\">Laura Hancock reports<\/a> Gov. Mike DeWine\u2019s press secretary called CSU\u2019s interpretation of the new state budget language on student fees a \u201cridiculous reading\u201d of the law. <a href=\"https:\/\/www.cleveland.com\/education\/2025\/08\/heres-why-tri-c-students-can-still-get-transit-passes-even-as-csu-will-stop-offering-them.html\" target=\"_blank\" rel=\"\">Hancock reports<\/a> students attending Cuyahoga Community College will not lose their passes because because Tri-C doesn\u2019t pay for them with student fees.<\/p>\n<p class=\"article__paragraph article__paragraph--left\" id=\"FIKPTCMV7NDV3GUSL742EFYRL4\"><b>Immigration lawsuit<\/b>:<b> <\/b>A new legal fight has emerged over the continued jailing of Mario Monroy Villalta, an immigrant who was denied a chance to argue for bond in his civil immigration case. <a href=\"https:\/\/www.cleveland.com\/metro\/2025\/08\/new-legal-fight-launched-over-mans-continued-jailing-in-cleveland-immigration-case.html\" target=\"_blank\" rel=\"\">Adam Ferrise reports<\/a> Monroy Villalta\u2019s lawyer has filed a lawsuit challenging the detention, citing concerns about due process.<\/p>\n<p class=\"article__paragraph article__paragraph--left\" id=\"HOCVCQW3IBGGBL574FRPLZRDNA\"><b>Today in Ohio<\/b>: Gov. Mike DeWine wants to ban prop bets in Ohio after two Guardians players were placed under investigation. We\u2019re discussing the controversy surrounding a state lawmaker\u2019s push to preserve these potentially problematic wagers on <a href=\"https:\/\/www.cleveland.com\/news\/2025\/08\/why-would-any-sports-fan-let-alone-a-lawmaker-work-to-preserve-the-prop-bets-that-spark-cheating-today-in-ohio.html\" target=\"_blank\" rel=\"\">Today in Ohio<\/a>, cleveland.com\u2019s daily half-hour news podcast.<\/p>\n<h3 class=\"article-heading\">Statehouse and Politics<\/h3>\n<p class=\"article__paragraph article__paragraph--left\" id=\"ELKQWUPE5JGULPSNY276OW55M4\"><b>Property taxes<\/b>: Ohio Senate Republicans likely will wait until fall to override property tax vetoes despite having sufficient votes. <a href=\"https:\/\/www.cleveland.com\/news\/2025\/08\/ohio-property-tax-veto-overrides-will-likely-wait-until-fall.html\" target=\"_blank\" rel=\"\">Anna Staver reports<\/a> Senate President Rob McColley suggests delaying the veto override process.<\/p>\n<p class=\"article__paragraph article__paragraph--left\" id=\"F43ZQS4RSRBNLJB2SWOQOCSTZM\"><b>\u2018Holly\u2019s Act\u2019<\/b>:<b> <\/b>U.S. Sen. Bernie Moreno proposed \u201cHolly\u2019s Act\u201d after meeting with Cincinnati officials about a violent beating, seeking criminal justice reforms and increased police staffing. <a href=\"https:\/\/www.cleveland.com\/news\/2025\/08\/sen-moreno-proposes-hollys-act-with-cincinnati-beating-victim.html\" target=\"_blank\" rel=\"\">Sabrina Eaton reports<\/a> on the senator\u2019s support call for stricter sentencing.<\/p>\n<h3 class=\"article-heading\">Northeast Ohio News<\/h3>\n<p class=\"article__paragraph article__paragraph--left\" id=\"NDAPZ2ENUND4LBILIGEBY3GYDA\"><b>Jail bookings<\/b>: Cuyahoga County Council unanimously approved a new agreement Tuesday that would overhaul how Cleveland police book arrestees into the county jail, advancing a long-negotiated plan meant to curb unnecessary detentions and bring Cleveland\u2019s jail reimbursement rate more in line with current costs, <a href=\"https:\/\/www.cleveland.com\/news\/2025\/08\/new-jail-booking-agreement-clears-county-council-heads-to-cleveland.html\" target=\"_blank\" rel=\"\">Kaitlin Durbin reports<\/a>.<\/p>\n<p class=\"article__paragraph article__paragraph--left\" id=\"TFANQJEGDBAJZKQQPR3TXAXWMQ\"><b>Elections address<\/b>: Cuyahoga County\u2019s Board of Elections is now officially operating under a new street address \u2014 1803 Superior Ave. \u2014 following a recommendation from the U.S. Postal Service to ensure important election mail reaches the right destination on time, <a href=\"https:\/\/www.cleveland.com\/news\/2025\/08\/cuyahoga-boe-adopts-own-superior-avenue-address-to-prevent-election-mail-mix-ups.html\" target=\"_blank\" rel=\"\">Kaitlin Durbin reports<\/a>.<\/p>\n<p class=\"article__paragraph article__paragraph--left\" id=\"E3UC2DVBPZHWLNUDRPGH2Y72WA\"><b>RTA ridership<\/b>:<b> <\/b>Seven RTA routes each carried over 1 million passengers in 2024, with the Red Line Rapid leading at 3.2 million riders. <a href=\"https:\/\/www.cleveland.com\/news\/2025\/08\/these-7-rta-routes-each-carry-1-million-plus-passengers-a-year.html\" target=\"_blank\" rel=\"\">Rich Exner reports<\/a> that ridership remains around 74% of pre-COVID weekday levels.<\/p>\n<p class=\"article__paragraph article__paragraph--left\" id=\"QU3GC52LUVEV5HFJNAQY2TMJII\"><b>School levy<\/b>:<b> <\/b>West Geauga school leaders want to combine two expiring tax levies into one long-term funding measure and they\u2019re asking voters to approve it this November, <a href=\"https:\/\/www.cleveland.com\/geauga-county\/2025\/08\/west-geauga-schools-place-substitute-levy-on-november-ballot.html\" target=\"_blank\" rel=\"\">Molly Walsh reports<\/a>.<\/p>\n<figure class=\"image-gallery-wrapper\" id=\"gallery-KBO5JXEQKZFF7DMABZ345TPVP4\">\n<div class=\"image-gallery\" aria-live=\"polite\">\n<div class=\"image-gallery-content  image-gallery-thumbnails-bottom\">\n<div class=\"image-gallery-slide-wrapper  image-gallery-thumbnails-bottom\"><button type=\"button\" class=\"image-gallery-icon image-gallery-left-nav\" disabled=\"\" aria-label=\"Previous Slide\"><svg xmlns=\"http:\/\/www.w3.org\/2000\/svg\" class=\"image-gallery-svg\" viewbox=\"6 0 12 24\" fill=\"none\" stroke=\"currentColor\" stroke-width=\"1\" stroke-linecap=\"round\" stroke-linejoin=\"round\"><polyline points=\"15 18 9 12 15 6\"\/><\/svg><\/button><button type=\"button\" class=\"image-gallery-icon image-gallery-right-nav\" aria-label=\"Next Slide\"><svg xmlns=\"http:\/\/www.w3.org\/2000\/svg\" class=\"image-gallery-svg\" viewbox=\"6 0 12 24\" fill=\"none\" stroke=\"currentColor\" stroke-width=\"1\" stroke-linecap=\"round\" stroke-linejoin=\"round\"><polyline points=\"9 18 15 12 9 6\"\/><\/svg><\/button><\/p>\n<div class=\"image-gallery-swipe\">\n<div class=\"image-gallery-slides\">\n<div aria-label=\"Go to Slide 1\" tabindex=\"-1\" class=\"image-gallery-slide  image-gallery-center  image-gallery-slide--landscape\" style=\"display:inherit;-webkit-transform:translate3d(0%, 0, 0);-moz-transform:translate3d(0%, 0, 0);-ms-transform:translate3d(0%, 0, 0);-o-transform:translate3d(0%, 0, 0);transform:translate3d(0%, 0, 0)\" role=\"button\"><img decoding=\"async\" class=\"image-gallery-image\" src=\"https:\/\/www.cleveland.com\/resizer\/v2\/X3AJYHTSBFG2VPOQGVE6BVSAFU.jpg?auth=5724cc9ea88f6abea12d5268aab83eb7e074d6ed66a4c99c3f22c309a90ef3c5&amp;width=1280&amp;quality=90\" srcset=\"https:\/\/www.cleveland.com\/resizer\/v2\/X3AJYHTSBFG2VPOQGVE6BVSAFU.jpg?auth=5724cc9ea88f6abea12d5268aab83eb7e074d6ed66a4c99c3f22c309a90ef3c5&amp;width=500&amp;quality=90 500w, https:\/\/www.cleveland.com\/resizer\/v2\/X3AJYHTSBFG2VPOQGVE6BVSAFU.jpg?auth=5724cc9ea88f6abea12d5268aab83eb7e074d6ed66a4c99c3f22c309a90ef3c5&amp;width=800&amp;quality=90 800w, https:\/\/www.cleveland.com\/resizer\/v2\/X3AJYHTSBFG2VPOQGVE6BVSAFU.jpg?auth=5724cc9ea88f6abea12d5268aab83eb7e074d6ed66a4c99c3f22c309a90ef3c5&amp;width=1280&amp;quality=90 1280w\" loading=\"lazy\"\/><\/div>\n<div aria-label=\"Go to Slide 2\" tabindex=\"-1\" class=\"image-gallery-slide  image-gallery-right  image-gallery-slide--landscape\" style=\"display:inherit;-webkit-transform:translate3d(100%, 0, 0);-moz-transform:translate3d(100%, 0, 0);-ms-transform:translate3d(100%, 0, 0);-o-transform:translate3d(100%, 0, 0);transform:translate3d(100%, 0, 0)\" role=\"button\"><img decoding=\"async\" class=\"image-gallery-image\" src=\"https:\/\/www.cleveland.com\/resizer\/v2\/PB5KIFQUL5HWBLPWJAOWPMD6KM.jpg?auth=5aeeaff240a5ad9d6f21f13eb491f33afa4c2214d940e338dc5ab4ffb7866560&amp;width=1280&amp;quality=90\" srcset=\"https:\/\/www.cleveland.com\/resizer\/v2\/PB5KIFQUL5HWBLPWJAOWPMD6KM.jpg?auth=5aeeaff240a5ad9d6f21f13eb491f33afa4c2214d940e338dc5ab4ffb7866560&amp;width=500&amp;quality=90 500w, https:\/\/www.cleveland.com\/resizer\/v2\/PB5KIFQUL5HWBLPWJAOWPMD6KM.jpg?auth=5aeeaff240a5ad9d6f21f13eb491f33afa4c2214d940e338dc5ab4ffb7866560&amp;width=800&amp;quality=90 800w, https:\/\/www.cleveland.com\/resizer\/v2\/PB5KIFQUL5HWBLPWJAOWPMD6KM.jpg?auth=5aeeaff240a5ad9d6f21f13eb491f33afa4c2214d940e338dc5ab4ffb7866560&amp;width=1280&amp;quality=90 1280w\" loading=\"lazy\"\/><\/div>\n<\/div>\n<\/div>\n<p><span class=\"image-gallery-index-current\">1<\/span><span class=\"image-gallery-index-separator\">\/<\/span><span class=\"image-gallery-index-total\">14<\/span><\/p>\n<\/div>\n<\/div>\n<\/div><figcaption>\n<p class=\"image-gallery-caption\">Aerial images of funeral procession for Lorain Police Officer Phillip Wagner<\/p>\n<\/figcaption><\/figure>\n<p class=\"article__paragraph article__paragraph--left\" id=\"3HKTFDWM3ZCMXPBQLCDSW6WNSY\"><b>Support for officer<\/b>: One week after the tragic loss of Lorain police officer Phillip Wagner, the community demonstrated extraordinary solidarity and support during his funeral procession. <a href=\"https:\/\/www.cleveland.com\/news\/2025\/08\/we-never-had-to-look-far-lorain-police-leaders-say-community-support-carried-them-through-tragedy.html\" target=\"_blank\" rel=\"\">Hannah Drown reports<\/a> on the unity that emerged across Ohio, with residents and law-enforcement agencies coming together to honor Wagner\u2019s memory.<\/p>\n<p class=\"article__paragraph article__paragraph--left\" id=\"TBZ72EWBGVDZ7IGMRZ4TQHKDGA\"><b>Waterfront makeover<\/b>: Phase two of the Sunset Pier Park project in Lorain is making steady progress with the recent installation of a storm sewer system and a sanitary sewer installation expected to take place this week, <a href=\"https:\/\/www.cleveland.com\/news\/2025\/08\/lorains-waterfront-makeover-advances-as-sunset-pier-park-progresses-in-phase-2.html\" target=\"_blank\" rel=\"\">Hannah Drown reports<\/a>.<\/p>\n<h3 class=\"article-heading\">Business and Health<\/h3>\n<p class=\"article__paragraph article__paragraph--left\" id=\"DED5XEO2WVEVVKRB4KVWOICRTY\"><b>Amusement parks<\/b>: Attendance at Six Flags parks dropped 9% in the second quarter of 2025 compared to the same period last year, a disappointing start to the year that company officials attributed to lousy weather across much of the United States, <a href=\"https:\/\/www.cleveland.com\/business\/2025\/08\/cedar-point-parent-six-flags-reports-system-wide-9-attendance-drop-revises-2025-financial-outlook.html\" target=\"_blank\" rel=\"\">Susan Glaser reports<\/a>. <\/p>\n<p class=\"article__paragraph article__paragraph--left\" id=\"THL2I4QVV5CCFH3Q4T2TXSZUCY\"><b>CEO stepping down<\/b>: Richard Zimmerman, who oversaw the Six Flags-Cedar Fair merger, will step down as CEO at the end of 2025. <a href=\"https:\/\/www.cleveland.com\/business\/2025\/08\/richard-zimmerman-who-oversaw-six-flags-cedar-fair-merger-to-step-down.html\" target=\"_blank\" rel=\"\">Susan Glaser reports<\/a> on the 38-year industry veteran\u2019s leadership through the pandemic and controversial merger.<\/p>\n<p class=\"article__paragraph article__paragraph--left\" id=\"KN4IA4FOQJFL3HU4LV5E4RVHLY\"><b>Labor dispute<\/b>: Rising Star Coffee Lakewood currently are closed amid a labor dispute. <a href=\"https:\/\/www.cleveland.com\/entertainment\/2025\/08\/rising-star-coffee-lakewood-closed-amid-labor-dispute.html\" target=\"_blank\" rel=\"\">Paris Wolfe reports<\/a> on the conflict between baristas and owners over safety concerns, leading to employee terminations, suspensions and unionizing efforts.<\/p>\n<p class=\"article__paragraph article__paragraph--left\" id=\"VPSSH6SWQJCFNPLGEDCE3AN5GE\"><b>Harvest challenges<\/b>:<b> <\/b>Northeast Ohio farmers are battling weather extremes, experiencing late vegetable harvests because of a cold spring and challenging growing conditions, <a href=\"https:\/\/www.cleveland.com\/entertainment\/2025\/08\/northeast-ohio-farmers-battle-weather-extremes-report-late-vegetable-harvests-after-cold-spring.html\" target=\"_blank\" rel=\"\">Paris Wolfe reports<\/a>.<\/p>\n<h3 class=\"article-heading\">Crime and Courts<\/h3>\n<p class=\"article__paragraph article__paragraph--left\" id=\"7LUI22MFDZCD7KMOMSVMCZRXOE\"><b>Parlors raided<\/b>: Authorities <a href=\"https:\/\/www.cleveland.com\/crime\/2025\/08\/authorities-raid-4-northeast-ohio-massage-parlors-in-sex-trafficking-investigation.html\" target=\"_blank\" rel=\"\">raided four Northeast Ohio massage parlors<\/a> Wednesday in an investigation that they say targeted forced labor and sex trafficking. Police searched two businesses in Strongsville, one in Lorain and one in North Olmsted, according to Ohio Attorney General Dave Yost.<\/p>\n<p class=\"article__paragraph article__paragraph--left\" id=\"3ZHB7HT2K5BUHPGJ3E22MY6TPQ\"><b>Court review<\/b>: The Ohio Supreme Court will review the case of a Cleveland man whose rape conviction was overturned by an appellate court in March. At issue in the case is what, exactly, constitutes sufficient evidence in proving impairment, <a href=\"https:\/\/www.cleveland.com\/court-justice\/2025\/08\/overturned-cleveland-rape-conviction-heads-to-ohio-supreme-court.html\" target=\"_blank\" rel=\"\">David Gambino reports<\/a>.<\/p>\n<p class=\"article__paragraph article__paragraph--left\" id=\"AER63GPCKBEAFPYCHUYXOZBOUM\"><b>Sexual battery charges<\/b>:<b> <\/b>Chad Kendall, a former theater director at Archbishop Hoban High School, has been charged with <a href=\"https:\/\/www.cleveland.com\/court-justice\/2025\/08\/akron-hoban-teacher-charged-with-sexual-battery-involving-students-police-say.html\" target=\"_blank\" rel=\"\">sexual battery involving students<\/a> aged 16-17 during incidents in 2023 and 2024. A warrant was issued for his arrest and the school has placed him on administrative leave following the allegations.<\/p>\n<h3 class=\"article-heading\">Arts and Entertainment<\/h3>\n<p class=\"article__paragraph article__paragraph--left\" id=\"NFIYOPUXNRCK5D5XRDM2FL27EY\"><b>Taste of the Browns<\/b>: The upcoming Taste of the Browns fundraiser will feature over 35 local restaurants and businesses to benefit the Greater Cleveland Food Bank, <a href=\"https:\/\/www.cleveland.com\/entertainment\/2025\/08\/taste-of-the-browns-is-set-here-are-the-participating-restaurants.html\" target=\"_blank\" rel=\"\">Marc Bona reports<\/a>.<\/p>\n<p class=\"article__paragraph article__paragraph--left\" id=\"CXVVYGE2VBAMRB3C43SXZ3TUY4\"><b>MGK Day<\/b>: Hit-making pop star and rapper <a href=\"https:\/\/www.cleveland.com\/music\/2025\/08\/mgk-weekend-2025-opening-night-at-jacobs-pavilion-this-friday.html\" target=\"_blank\" rel=\"\">Machine Gun Kelly will perform Friday<\/a> at Jacobs Pavilion at Nautica as part of an \u201cmgk Weekend and XXcon 2025\u2033 celebration. MGK will be celebrating the release of his latest album, \u201cAmericana,\u201d which comes out Friday.<\/p>\n<figure class=\"image-gallery-wrapper\" id=\"gallery-KRGAFANRXJF5NPXGCZTSCRRWAA\">\n<div class=\"image-gallery\" aria-live=\"polite\">\n<div class=\"image-gallery-content  image-gallery-thumbnails-bottom\">\n<div class=\"image-gallery-slide-wrapper  image-gallery-thumbnails-bottom\"><button type=\"button\" class=\"image-gallery-icon image-gallery-left-nav\" disabled=\"\" aria-label=\"Previous Slide\"><svg xmlns=\"http:\/\/www.w3.org\/2000\/svg\" class=\"image-gallery-svg\" viewbox=\"6 0 12 24\" fill=\"none\" stroke=\"currentColor\" stroke-width=\"1\" stroke-linecap=\"round\" stroke-linejoin=\"round\"><polyline points=\"15 18 9 12 15 6\"\/><\/svg><\/button><button type=\"button\" class=\"image-gallery-icon image-gallery-right-nav\" aria-label=\"Next Slide\"><svg xmlns=\"http:\/\/www.w3.org\/2000\/svg\" class=\"image-gallery-svg\" viewbox=\"6 0 12 24\" fill=\"none\" stroke=\"currentColor\" stroke-width=\"1\" stroke-linecap=\"round\" stroke-linejoin=\"round\"><polyline points=\"9 18 15 12 9 6\"\/><\/svg><\/button><\/p>\n<div class=\"image-gallery-swipe\">\n<div class=\"image-gallery-slides\">\n<div aria-label=\"Go to Slide 1\" tabindex=\"-1\" class=\"image-gallery-slide  image-gallery-center  image-gallery-slide--landscape\" style=\"display:inherit;-webkit-transform:translate3d(0%, 0, 0);-moz-transform:translate3d(0%, 0, 0);-ms-transform:translate3d(0%, 0, 0);-o-transform:translate3d(0%, 0, 0);transform:translate3d(0%, 0, 0)\" role=\"button\"><img decoding=\"async\" class=\"image-gallery-image\" src=\"https:\/\/www.cleveland.com\/resizer\/v2\/TUX6XQWBWFDNFAOFBOQIWPR74M.JPG?auth=9445eaa61d0254bb35800ce0f0a98c7186a71b7273c8bda853e15ab23c6fff9b&amp;width=1280&amp;quality=90\" alt=\"nelly performs on stage during his where's the party at tour\" srcset=\"https:\/\/www.cleveland.com\/resizer\/v2\/TUX6XQWBWFDNFAOFBOQIWPR74M.JPG?auth=9445eaa61d0254bb35800ce0f0a98c7186a71b7273c8bda853e15ab23c6fff9b&amp;width=500&amp;quality=90 500w, https:\/\/www.cleveland.com\/resizer\/v2\/TUX6XQWBWFDNFAOFBOQIWPR74M.JPG?auth=9445eaa61d0254bb35800ce0f0a98c7186a71b7273c8bda853e15ab23c6fff9b&amp;width=800&amp;quality=90 800w, https:\/\/www.cleveland.com\/resizer\/v2\/TUX6XQWBWFDNFAOFBOQIWPR74M.JPG?auth=9445eaa61d0254bb35800ce0f0a98c7186a71b7273c8bda853e15ab23c6fff9b&amp;width=1280&amp;quality=90 1280w\" loading=\"lazy\"\/><\/div>\n<div aria-label=\"Go to Slide 2\" tabindex=\"-1\" class=\"image-gallery-slide  image-gallery-right  image-gallery-slide--landscape\" style=\"display:inherit;-webkit-transform:translate3d(100%, 0, 0);-moz-transform:translate3d(100%, 0, 0);-ms-transform:translate3d(100%, 0, 0);-o-transform:translate3d(100%, 0, 0);transform:translate3d(100%, 0, 0)\" role=\"button\"><img decoding=\"async\" class=\"image-gallery-image\" src=\"https:\/\/www.cleveland.com\/resizer\/v2\/2TIOA5QS4JGDHPGY5CWNXXM36Q.JPG?auth=cacaa90f72e5c9c43da1d53b9a01a5928a9f9a2bc2d2c87983773e90f64b0242&amp;width=1280&amp;quality=90\" alt=\"rapper Ja Rule performs on stage\" srcset=\"https:\/\/www.cleveland.com\/resizer\/v2\/2TIOA5QS4JGDHPGY5CWNXXM36Q.JPG?auth=cacaa90f72e5c9c43da1d53b9a01a5928a9f9a2bc2d2c87983773e90f64b0242&amp;width=500&amp;quality=90 500w, https:\/\/www.cleveland.com\/resizer\/v2\/2TIOA5QS4JGDHPGY5CWNXXM36Q.JPG?auth=cacaa90f72e5c9c43da1d53b9a01a5928a9f9a2bc2d2c87983773e90f64b0242&amp;width=800&amp;quality=90 800w, https:\/\/www.cleveland.com\/resizer\/v2\/2TIOA5QS4JGDHPGY5CWNXXM36Q.JPG?auth=cacaa90f72e5c9c43da1d53b9a01a5928a9f9a2bc2d2c87983773e90f64b0242&amp;width=1280&amp;quality=90 1280w\" loading=\"lazy\"\/><\/div>\n<\/div>\n<\/div>\n<p><span class=\"image-gallery-index-current\">1<\/span><span class=\"image-gallery-index-separator\">\/<\/span><span class=\"image-gallery-index-total\">65<\/span><\/p>\n<\/div>\n<\/div>\n<\/div><figcaption>\n<p class=\"image-gallery-caption\">Nelly&#8217;s Where&#8217;s the Party At Tour<\/p>\n<\/figcaption><\/figure>\n<p class=\"article__paragraph article__paragraph--left\" id=\"EGSULOLI2ZE3PNJWRPU26KGZOQ\"><b>\u2018Party\u2019 tour<\/b>: The \u201cWhere The Party At?\u201d tour, featuring Nelly, Ja Rule, and Eve, transformed Blossom Music Center into a nostalgic 2000s hip-hop time machine Tuesday, <a href=\"https:\/\/www.cleveland.com\/entertainment\/2025\/08\/nelly-ja-rule-eve-bring-2000s-hip-hop-hits-to-blossom-music-center-photos.html\" target=\"_blank\" rel=\"\">Malcolm X Abram reports<\/a>. <\/p>\n<p class=\"article__paragraph article__paragraph--left\" id=\"MPCEZ5UHTBDE5IRFA5IZCQ4TFA\"><b>Islands trip<\/b>: New York\u2019s Thousand Islands region features 1,864 islands, boating adventures, historic Boldt Castle, and diverse water activities, <a href=\"https:\/\/www.cleveland.com\/travel\/2025\/08\/exploring-new-yorks-thousand-islands-area-from-boldt-castle-to-boating-for-groceries.html\" target=\"_blank\" rel=\"\">Susan Glaser reports<\/a>.<\/p>\n<p class=\"article__paragraph article__paragraph--left\" id=\"EJPHI6ZCCZHDJIF6TPL623QCAA\"><b>Theater lineup<\/b>:<b> <\/b>Ensemble Theatre\u2019s 2025-26 season features two Pulitzer Prize-winning plays and a Cleveland premiere at their new John Carroll University venue, <a href=\"https:\/\/www.cleveland.com\/entertainment\/2025\/08\/ensemble-theatres-2025-26-season-features-two-pulitzer-winners-and-a-cleveland-premiere.html\" target=\"_blank\" rel=\"\">Joey Morona reports<\/a>.<\/p>\n<p class=\"article__paragraph article__paragraph--left\" id=\"CTMXRCHUUFHTJOIKICZS3NWD5U\"><b>\u20182 Chefs &amp; A Beat\u2019<\/b>:<b> <\/b>Jukebox Cleveland is hosting the \u201c2 Chefs &amp; A Beat\u201d popup, featuring culinary and musical performances. <a href=\"https:\/\/www.cleveland.com\/entertainment\/2025\/08\/jukebox-cleveland-to-host-2-chefs-a-beat-popup.html\" target=\"_blank\" rel=\"\">Marc Bona reports<\/a> on the unique event where chefs prepare dishes in each other\u2019s cuisine styles.<\/p>\n<p class=\"article__paragraph article__paragraph--left\" id=\"VUSGJDYFMRBTDOI3BCHGAHNYXY\"><b>Aquatic center<\/b>: The renovated Put-in-Bay Aquatic Visitor Center features expanded exhibits, live Lake Erie fish species and free fishing for children, <a href=\"https:\/\/www.cleveland.com\/travel\/2025\/08\/put-in-bay-aquatic-visitor-center-reopens-after-62-million-renovation.html\" target=\"_blank\" rel=\"\">Susan Glaser reports<\/a>.<\/p>\n<p class=\"article__paragraph article__paragraph--left\" id=\"2XWNXJYFNRCSVFK5CCHIBB24EA\"><b>Reaper on Red<\/b>: The post-punk duo Reaper On Red performs Friday at Beachland Ballroom and Tavern, bringing their dark, minimalist sound influenced by bands like Joy Division and Sisters of Mercy, <a href=\"https:\/\/www.cleveland.com\/entertainment\/2025\/08\/3-reasons-to-see-reaper-on-red-at-beachland-ballroom-on-friday-august-8.html\" target=\"_blank\" rel=\"\">Peter Chakerian reports<\/a>.<\/p>\n<h3 class=\"article-heading\">You\u2019re all caught up<\/h3>\n<p class=\"article__paragraph article__paragraph--left\" id=\"JOL5SVGMQZF65PTQFJSW5JQGCY\">Don\u2019t forget, you can always find the latest Cleveland news by visiting <a href=\"https:\/\/advancelocal-my.sharepoint.com\/personal\/cpincka1_advancelocal_net\/Documents\/cleveland.com\" target=\"_blank\" rel=\"\">cleveland.com<\/a>. If you value the hard work of Cleveland journalists, <a href=\"https:\/\/www.cleveland.com\/subscribe\/\" target=\"_blank\" rel=\"\">consider becoming a cleveland.com subscriber<\/a>.<\/p>\n<p class=\"article__paragraph article__paragraph--left\" id=\"ADBDKPHSPBDGTDYOHOECN4NAL4\">\u2014 Curated by content director <a href=\"https:\/\/www.cleveland.com\/staff\/ljohnsto\/posts.html\" target=\"_blank\" rel=\"\">Laura Johnston<\/a> with contributions by by <a href=\"https:\/\/www.cleveland.com\/staff\/cpinckar\/posts.html\" target=\"_blank\" rel=\"\">Cliff Pinckard.<\/a><\/p>\n<h3 class=\"article-heading\">Other Top Stories<\/h3>\n<p class=\"article__paragraph article__paragraph--left\" id=\"2TTOJTNCRBESFH55VJAXGWBUNI\">Teen misbehavior causes South Euclid\u2019s National Night Out event to come to premature end; SEPD chief says \u2018accountability is coming\u2019 <a href=\"https:\/\/www.cleveland.com\/community\/2025\/08\/teen-misbeavior-causes-south-euclids-national-night-out-event-to-come-to-premature-end-sepd-chief-says-accountability-is-coming.html\" target=\"_blank\" rel=\"\">Read more<\/a><\/p>\n<p class=\"article__paragraph article__paragraph--left\" id=\"72F32NTL7NA4FLI366LZ6Q2U7M\">2 blazes on Cleveland\u2019s East Side cause hundreds of thousands of dollars in damage Tuesday <a href=\"https:\/\/www.cleveland.com\/metro\/2025\/08\/2-blazes-on-clevelands-east-side-cause-hundreds-of-thousands-of-dollars-in-damage-tuesday.html\" target=\"_blank\" rel=\"\">Read more<\/a><\/p>\n<p class=\"article__paragraph article__paragraph--left\" id=\"O5ZF4GTYIBFBFHDNZLC3B7RLME\">North Ridgeville voters to decide on 0.75% income tax increase this November <a href=\"https:\/\/www.cleveland.com\/community\/2025\/08\/north-ridgeville-to-put-income-tax-hike-on-november-ballot.html\" target=\"_blank\" rel=\"\">Read more<\/a><\/p>\n<p class=\"article__paragraph article__paragraph--left\" id=\"CKTONDXXHBHO3EETX4AUHMF4KQ\">Yee-haw! Olmsted Township police lasso up youth bike rodeo <a href=\"https:\/\/www.cleveland.com\/community\/2025\/08\/yee-haw-olmsted-township-police-department-to-hold-youth-bike-rodeo.html\" target=\"_blank\" rel=\"\">Read more<\/a><\/p>\n<p class=\"article__paragraph article__paragraph--left\" id=\"QEMBLPTH3RCA5J5RJKSBIKGWXI\">Seven Hills embraces visit from Italian sister city\u2019s mayor <a href=\"https:\/\/www.cleveland.com\/community\/2025\/08\/seven-hills-welcomes-italian-sister-city-mayor-for-special-weekend.html\" target=\"_blank\" rel=\"\">Read more<\/a><\/p>\n<p class=\"article__paragraph article__paragraph--left\" id=\"3MQZJWBCQRBNLBNQSNWQFNI2CU\">Parma orange barrel season: Work on Snow Road continues, with Broadview Road looming <a href=\"https:\/\/www.cleveland.com\/community\/2025\/08\/parma-construction-season-snow-road-continues-with-broadview-road-looming.html\" target=\"_blank\" rel=\"\">Read more<\/a><\/p>\n<p class=\"article__paragraph article__paragraph--left\" id=\"YVXJINQVXVCZ3E27TV55AFFUKE\">Medina County Park District levy heads to November ballot <a href=\"https:\/\/www.cleveland.com\/community\/2025\/08\/levy-for-medina-county-park-district-to-be-placed-on-november-ballot.html\" target=\"_blank\" rel=\"\">Read more<\/a><\/p>\n<\/div>\n<p>If you purchase a product or register for an account through a link on our site, we may receive compensation.<span> By using this site, you consent to our <a href=\"https:\/\/www.advancelocal.com\/advancelocalUserAgreement\/user-agreement.html\" target=\"_blank\" rel=\"noopener noreferrer\">User Agreement<\/a> and agree that your clicks, interactions, and personal information may be collected, recorded, and\/or stored by us and social media and other third-party partners in accordance with our <a href=\"https:\/\/www.advancelocal.com\/advancelocalUserAgreement\/privacy-policy.html\" target=\"_blank\" rel=\"noopener noreferrer\">Privacy Policy.<\/a><\/span><\/p>\n<p><a href=\"https:\/\/www.cleveland.com\/metro\/2025\/08\/black-journalists-meet-for-cleveland-convention-amid-anti-dei-climate-the-wake-up-for-thursday-aug-7-2025.html\">Source link <\/a><\/p>","protected":false},"excerpt":{"rendered":"<p>Subscribe to the Wake Up, cleveland.com\u2019s free morning newsletter, delivered to your inbox weekdays at 5:30 a.m. The National Association of Black Journalists is in Cleveland this week for its 50th annual convention and the timing couldn\u2019t be more meaningful. With diversity programs under political attack and newsroom budgets tightening, this year\u2019s gathering carries the [&hellip;]<\/p>\n","protected":false},"author":1,"featured_media":63482,"comment_status":"","ping_status":"","sticky":false,"template":"","format":"standard","meta":{"googlesitekit_rrm_CAow2JLhCw:productID":"","_gspb_post_css":"","maa_idioma":"","maa_pais":"","footnotes":""},"categories":[4],"tags":[],"class_list":["post-63481","post","type-post","status-publish","format-standard","has-post-thumbnail","hentry","category-brasil"],"blocksy_meta":[],"yoast_head":"<!-- This site is optimized with the Yoast SEO Premium plugin v27.6 (Yoast SEO v27.6) - https:\/\/yoast.com\/product\/yoast-seo-premium-wordpress\/ -->\n<title>Black journalists meet for Cleveland convention amid increased challenges: The Wake Up for Thursday, Aug. 7, 2025 - Ubirat\u00e3 Online Not\u00edcias - A realidade ao seu alcance!<\/title>\n<meta name=\"description\" content=\"Subscribe to the Wake Up, cleveland.com\u2019s free morning newsletter, delivered to your inbox weekdays at 5:30 a.m.The National Association of Black\" \/>\n<meta name=\"robots\" content=\"index, follow, max-snippet:-1, max-image-preview:large, max-video-preview:-1\" \/>\n<link rel=\"canonical\" href=\"https:\/\/ubirataonline.com.br\/en\/black-journalists-meet-for-cleveland-convention-amid-increased-challenges-the-wake-up-for-thursday-aug-7-2025\/\" \/>\n<meta property=\"og:locale\" content=\"en_US\" \/>\n<meta property=\"og:type\" content=\"article\" \/>\n<meta property=\"og:title\" content=\"Black journalists meet for Cleveland convention amid increased challenges: The Wake Up for Thursday, Aug. 7, 2025\" \/>\n<meta property=\"og:description\" content=\"Subscribe to the Wake Up, cleveland.com\u2019s free morning newsletter, delivered to your inbox weekdays at 5:30 a.m.The National Association of Black\" \/>\n<meta property=\"og:url\" content=\"https:\/\/ubirataonline.com.br\/en\/black-journalists-meet-for-cleveland-convention-amid-increased-challenges-the-wake-up-for-thursday-aug-7-2025\/\" \/>\n<meta property=\"og:site_name\" content=\"Ubirat\u00e3 Online Not\u00edcias - A realidade ao seu alcance!\" \/>\n<meta property=\"article:publisher\" content=\"https:\/\/www.facebook.com\/portalubirataonline\" \/>\n<meta property=\"article:author\" content=\"https:\/\/www.facebook.com\/portalubirataonline\" \/>\n<meta property=\"article:published_time\" content=\"2025-08-08T14:36:17+00:00\" \/>\n<meta property=\"og:image\" content=\"https:\/\/www.cleveland.com\/resizer\/v2\/X3AJYHTSBFG2VPOQGVE6BVSAFU.jpg?auth=5724cc9ea88f6abea12d5268aab83eb7e074d6ed66a4c99c3f22c309a90ef3c5&amp;width=1280&amp;quality=90\" \/>\n<meta name=\"author\" content=\"REDA\u00c7\u00c3O: UBIRAT\u00c3 ONLINE - F\u00c1BIO AUGUSTO CELESTINO\" \/>\n<meta name=\"twitter:card\" content=\"summary_large_image\" \/>\n<meta name=\"twitter:creator\" content=\"@x.com\/ubirataonline\" \/>\n<meta name=\"twitter:site\" content=\"@ubirataonline\" \/>\n<meta name=\"twitter:label1\" content=\"Written by\" \/>\n\t<meta name=\"twitter:data1\" content=\"REDA\u00c7\u00c3O: UBIRAT\u00c3 ONLINE - F\u00c1BIO AUGUSTO CELESTINO\" \/>\n\t<meta name=\"twitter:label2\" content=\"Est. reading time\" \/>\n\t<meta name=\"twitter:data2\" content=\"7 minutes\" \/>\n<script type=\"application\/ld+json\" class=\"yoast-schema-graph\">{\"@context\":\"https:\\\/\\\/schema.org\",\"@graph\":[{\"@type\":\"NewsArticle\",\"@id\":\"https:\\\/\\\/ubirataonline.com.br\\\/black-journalists-meet-for-cleveland-convention-amid-increased-challenges-the-wake-up-for-thursday-aug-7-2025\\\/#article\",\"isPartOf\":{\"@id\":\"https:\\\/\\\/ubirataonline.com.br\\\/black-journalists-meet-for-cleveland-convention-amid-increased-challenges-the-wake-up-for-thursday-aug-7-2025\\\/\"},\"author\":{\"name\":\"REDA\u00c7\u00c3O: UBIRAT\u00c3 ONLINE - F\u00c1BIO AUGUSTO CELESTINO\",\"@id\":\"https:\\\/\\\/ubirataonline.com.br\\\/#\\\/schema\\\/person\\\/372f87bbd3fdd79b8556b84c98d0bc1c\"},\"headline\":\"Black journalists meet for Cleveland convention amid increased challenges: The Wake Up for Thursday, Aug. 7, 2025\",\"datePublished\":\"2025-08-08T14:36:17+00:00\",\"mainEntityOfPage\":{\"@id\":\"https:\\\/\\\/ubirataonline.com.br\\\/black-journalists-meet-for-cleveland-convention-amid-increased-challenges-the-wake-up-for-thursday-aug-7-2025\\\/\"},\"wordCount\":1496,\"publisher\":{\"@id\":\"https:\\\/\\\/ubirataonline.com.br\\\/#organization\"},\"image\":{\"@id\":\"https:\\\/\\\/ubirataonline.com.br\\\/black-journalists-meet-for-cleveland-convention-amid-increased-challenges-the-wake-up-for-thursday-aug-7-2025\\\/#primaryimage\"},\"thumbnailUrl\":\"https:\\\/\\\/ubirataonline.com.br\\\/wp-content\\\/uploads\\\/2025\\\/08\\\/F7V4UN72JVFR5IPZ5T2DFLTR34.JPG\",\"articleSection\":[\"Brasil\"],\"inLanguage\":\"en-US\",\"copyrightYear\":\"2025\",\"copyrightHolder\":{\"@id\":\"https:\\\/\\\/ubirataonline.com.br\\\/en\\\/#organization\"}},{\"@type\":\"WebPage\",\"@id\":\"https:\\\/\\\/ubirataonline.com.br\\\/black-journalists-meet-for-cleveland-convention-amid-increased-challenges-the-wake-up-for-thursday-aug-7-2025\\\/\",\"url\":\"https:\\\/\\\/ubirataonline.com.br\\\/black-journalists-meet-for-cleveland-convention-amid-increased-challenges-the-wake-up-for-thursday-aug-7-2025\\\/\",\"name\":\"Black journalists meet for Cleveland convention amid increased challenges: The Wake Up for Thursday, Aug. 7, 2025 - Ubirat\u00e3 Online Not\u00edcias - A realidade ao seu alcance!\",\"isPartOf\":{\"@id\":\"https:\\\/\\\/ubirataonline.com.br\\\/#website\"},\"primaryImageOfPage\":{\"@id\":\"https:\\\/\\\/ubirataonline.com.br\\\/black-journalists-meet-for-cleveland-convention-amid-increased-challenges-the-wake-up-for-thursday-aug-7-2025\\\/#primaryimage\"},\"image\":{\"@id\":\"https:\\\/\\\/ubirataonline.com.br\\\/black-journalists-meet-for-cleveland-convention-amid-increased-challenges-the-wake-up-for-thursday-aug-7-2025\\\/#primaryimage\"},\"thumbnailUrl\":\"https:\\\/\\\/ubirataonline.com.br\\\/wp-content\\\/uploads\\\/2025\\\/08\\\/F7V4UN72JVFR5IPZ5T2DFLTR34.JPG\",\"datePublished\":\"2025-08-08T14:36:17+00:00\",\"description\":\"Subscribe to the Wake Up, cleveland.com\u2019s free morning newsletter, delivered to your inbox weekdays at 5:30 a.m.The National Association of Black\",\"breadcrumb\":{\"@id\":\"https:\\\/\\\/ubirataonline.com.br\\\/black-journalists-meet-for-cleveland-convention-amid-increased-challenges-the-wake-up-for-thursday-aug-7-2025\\\/#breadcrumb\"},\"inLanguage\":\"en-US\",\"potentialAction\":[{\"@type\":\"ReadAction\",\"target\":[\"https:\\\/\\\/ubirataonline.com.br\\\/black-journalists-meet-for-cleveland-convention-amid-increased-challenges-the-wake-up-for-thursday-aug-7-2025\\\/\"]}]},{\"@type\":\"ImageObject\",\"inLanguage\":\"en-US\",\"@id\":\"https:\\\/\\\/ubirataonline.com.br\\\/black-journalists-meet-for-cleveland-convention-amid-increased-challenges-the-wake-up-for-thursday-aug-7-2025\\\/#primaryimage\",\"url\":\"https:\\\/\\\/ubirataonline.com.br\\\/wp-content\\\/uploads\\\/2025\\\/08\\\/F7V4UN72JVFR5IPZ5T2DFLTR34.JPG\",\"contentUrl\":\"https:\\\/\\\/ubirataonline.com.br\\\/wp-content\\\/uploads\\\/2025\\\/08\\\/F7V4UN72JVFR5IPZ5T2DFLTR34.JPG\",\"width\":1280,\"height\":843},{\"@type\":\"BreadcrumbList\",\"@id\":\"https:\\\/\\\/ubirataonline.com.br\\\/black-journalists-meet-for-cleveland-convention-amid-increased-challenges-the-wake-up-for-thursday-aug-7-2025\\\/#breadcrumb\",\"itemListElement\":[{\"@type\":\"ListItem\",\"position\":1,\"name\":\"In\u00edcio\",\"item\":\"https:\\\/\\\/ubirataonline.com.br\\\/\"},{\"@type\":\"ListItem\",\"position\":2,\"name\":\"Black journalists meet for Cleveland convention amid increased challenges: The Wake Up for Thursday, Aug. 7, 2025\"}]},{\"@type\":\"WebSite\",\"@id\":\"https:\\\/\\\/ubirataonline.com.br\\\/#website\",\"url\":\"https:\\\/\\\/ubirataonline.com.br\\\/\",\"name\":\"Ubirat\u00e3 Online Not\u00edcias\",\"description\":\"Not\u00edcias de Ubirat\u00e3, regi\u00e3o, Brasil e mundo, com informa\u00e7\u00e3o atualizada e compromisso com o leitor.\",\"publisher\":{\"@id\":\"https:\\\/\\\/ubirataonline.com.br\\\/#organization\"},\"alternateName\":\"Ubirat\u00e3 Online\",\"potentialAction\":[{\"@type\":\"SearchAction\",\"target\":{\"@type\":\"EntryPoint\",\"urlTemplate\":\"https:\\\/\\\/ubirataonline.com.br\\\/?s={search_term_string}\"},\"query-input\":{\"@type\":\"PropertyValueSpecification\",\"valueRequired\":true,\"valueName\":\"search_term_string\"}}],\"inLanguage\":\"en-US\"},{\"@type\":[\"Organization\",\"Place\"],\"@id\":\"https:\\\/\\\/ubirataonline.com.br\\\/#organization\",\"name\":\"Ubirat\u00e3 Online Not\u00edcias\",\"alternateName\":\"Ubirat\u00e3 Online\",\"url\":\"https:\\\/\\\/ubirataonline.com.br\\\/\",\"logo\":{\"@id\":\"https:\\\/\\\/ubirataonline.com.br\\\/black-journalists-meet-for-cleveland-convention-amid-increased-challenges-the-wake-up-for-thursday-aug-7-2025\\\/#local-main-organization-logo\"},\"image\":{\"@id\":\"https:\\\/\\\/ubirataonline.com.br\\\/black-journalists-meet-for-cleveland-convention-amid-increased-challenges-the-wake-up-for-thursday-aug-7-2025\\\/#local-main-organization-logo\"},\"sameAs\":[\"https:\\\/\\\/www.facebook.com\\\/portalubirataonline\",\"https:\\\/\\\/x.com\\\/ubirataonline\",\"https:\\\/\\\/mastodon.social\\\/@ubirataonline\",\"https:\\\/\\\/www.facebook.com\\\/groups\\\/311144672285604\",\"https:\\\/\\\/www.facebook.com\\\/UBTAOnline\",\"https:\\\/\\\/www.instagram.com\\\/portalubirataonline\\\/\",\"https:\\\/\\\/twitter.com\\\/ubirataonline\"],\"description\":\"Somos um portal de not\u00edcias independente, criado em 5 de janeiro de 2009, com o objetivo de informar, conectar e valorizar a nossa comunidade de Ubirat\u00e3 e toda aregi\u00e3o. Com conte\u00fado atualizado, confi\u00e1vel e relevante, o Ubirat\u00e3 Online \u00e9 o seu espa\u00e7o para ficar por dentro dos principais acontecimentos locais, regionais, Brasil, Mundo e de interesse geral. Nosso compromisso \u00e9 com a verdade, a transpar\u00eancia e o respeito ao leitor.\",\"legalName\":\"UBIRATA ONLINE NOT\u00cdCIAS\",\"foundingDate\":\"2009-01-05\",\"numberOfEmployees\":{\"@type\":\"QuantitativeValue\",\"minValue\":\"1\",\"maxValue\":\"10\"},\"publishingPrinciples\":\"https:\\\/\\\/ubirataonline.com.br\\\/faq\\\/\",\"address\":{\"@id\":\"https:\\\/\\\/ubirataonline.com.br\\\/black-journalists-meet-for-cleveland-convention-amid-increased-challenges-the-wake-up-for-thursday-aug-7-2025\\\/#local-main-place-address\"},\"geo\":{\"@type\":\"GeoCoordinates\",\"latitude\":\"-24.5361401\",\"longitude\":\"-52.9921776\"},\"telephone\":[\"+5544998308235\"],\"contactPoint\":{\"@type\":\"ContactPoint\",\"email\":\"contato@ubirataonline.com.br\"},\"openingHoursSpecification\":{\"@type\":\"OpeningHoursSpecification\",\"dayOfWeek\":[\"Monday\",\"Tuesday\",\"Wednesday\",\"Thursday\",\"Friday\",\"Saturday\",\"Sunday\"],\"opens\":\"00:00\",\"closes\":\"23:59\"},\"email\":\"contato@ubirataonline.com.br\",\"vatID\":\"47.621.418\\\/0001-80\"},{\"@type\":\"Person\",\"@id\":\"https:\\\/\\\/ubirataonline.com.br\\\/#\\\/schema\\\/person\\\/372f87bbd3fdd79b8556b84c98d0bc1c\",\"name\":\"REDA\u00c7\u00c3O: UBIRAT\u00c3 ONLINE - F\u00c1BIO AUGUSTO CELESTINO\",\"pronouns\":\"Ele\",\"description\":\"Desde 2003 trabalhando com not\u00edcias.\",\"sameAs\":[\"http:\\\/\\\/ubirataoline.com.br\",\"https:\\\/\\\/www.facebook.com\\\/portalubirataonline\",\"https:\\\/\\\/www.instagram.com\\\/ubirataonline_oficial\",\"https:\\\/\\\/x.com\\\/x.com\\\/ubirataonline\"],\"honorificPrefix\":\"Mr.\",\"honorificSuffix\":\"MD\",\"birthDate\":\"1980-06-16\",\"gender\":\"masculino\",\"award\":[\"V\u00e1rios pr\u00eamios de melhor portal da cidade\"],\"jobTitle\":\"Diretor\",\"url\":\"https:\\\/\\\/ubirataonline.com.br\\\/en\\\/author\\\/ubirataonline\\\/\"},{\"@type\":\"PostalAddress\",\"@id\":\"https:\\\/\\\/ubirataonline.com.br\\\/black-journalists-meet-for-cleveland-convention-amid-increased-challenges-the-wake-up-for-thursday-aug-7-2025\\\/#local-main-place-address\",\"streetAddress\":\"Rua dos Coqueiros, 104 - Bairro Boa Vista, Rua dos Coqueiros, 104 Bairro Boa Vista\",\"addressLocality\":\"UBIRATA\",\"postalCode\":\"85440-000\",\"addressRegion\":\"PR\",\"addressCountry\":\"BR\"},{\"@type\":\"ImageObject\",\"inLanguage\":\"en-US\",\"@id\":\"https:\\\/\\\/ubirataonline.com.br\\\/black-journalists-meet-for-cleveland-convention-amid-increased-challenges-the-wake-up-for-thursday-aug-7-2025\\\/#local-main-organization-logo\",\"url\":\"https:\\\/\\\/ubirataonline.com.br\\\/wp-content\\\/uploads\\\/2026\\\/06\\\/logoubirataonline-1.webp\",\"contentUrl\":\"https:\\\/\\\/ubirataonline.com.br\\\/wp-content\\\/uploads\\\/2026\\\/06\\\/logoubirataonline-1.webp\",\"width\":500,\"height\":500,\"caption\":\"Ubirat\u00e3 Online Not\u00edcias\"}]}<\/script>\n<meta name=\"geo.placename\" content=\"UBIRATA\" \/>\n<meta name=\"geo.position\" content=\"-24.5361401;-52.9921776\" \/>\n<meta name=\"geo.region\" content=\"Brazil\" \/>\n<!-- \/ Yoast SEO Premium plugin. -->","yoast_head_json":{"title":"Black journalists meet for Cleveland convention amid increased challenges: The Wake Up for Thursday, Aug. 7, 2025 - Ubirat\u00e3 Online Not\u00edcias - A realidade ao seu alcance!","description":"Subscribe to the Wake Up, cleveland.com\u2019s free morning newsletter, delivered to your inbox weekdays at 5:30 a.m.The National Association of Black","robots":{"index":"index","follow":"follow","max-snippet":"max-snippet:-1","max-image-preview":"max-image-preview:large","max-video-preview":"max-video-preview:-1"},"canonical":"https:\/\/ubirataonline.com.br\/en\/black-journalists-meet-for-cleveland-convention-amid-increased-challenges-the-wake-up-for-thursday-aug-7-2025\/","og_locale":"en_US","og_type":"article","og_title":"Black journalists meet for Cleveland convention amid increased challenges: The Wake Up for Thursday, Aug. 7, 2025","og_description":"Subscribe to the Wake Up, cleveland.com\u2019s free morning newsletter, delivered to your inbox weekdays at 5:30 a.m.The National Association of Black","og_url":"https:\/\/ubirataonline.com.br\/en\/black-journalists-meet-for-cleveland-convention-amid-increased-challenges-the-wake-up-for-thursday-aug-7-2025\/","og_site_name":"Ubirat\u00e3 Online Not\u00edcias - A realidade ao seu alcance!","article_publisher":"https:\/\/www.facebook.com\/portalubirataonline","article_author":"https:\/\/www.facebook.com\/portalubirataonline","article_published_time":"2025-08-08T14:36:17+00:00","og_image":[{"url":"https:\/\/www.cleveland.com\/resizer\/v2\/X3AJYHTSBFG2VPOQGVE6BVSAFU.jpg?auth=5724cc9ea88f6abea12d5268aab83eb7e074d6ed66a4c99c3f22c309a90ef3c5&amp;width=1280&amp;quality=90","type":"","width":"","height":""}],"author":"REDA\u00c7\u00c3O: UBIRAT\u00c3 ONLINE - F\u00c1BIO AUGUSTO CELESTINO","twitter_card":"summary_large_image","twitter_creator":"@x.com\/ubirataonline","twitter_site":"@ubirataonline","twitter_misc":{"Written by":"REDA\u00c7\u00c3O: UBIRAT\u00c3 ONLINE - F\u00c1BIO AUGUSTO CELESTINO","Est. reading time":"7 minutes"},"schema":{"@context":"https:\/\/schema.org","@graph":[{"@type":"NewsArticle","@id":"https:\/\/ubirataonline.com.br\/black-journalists-meet-for-cleveland-convention-amid-increased-challenges-the-wake-up-for-thursday-aug-7-2025\/#article","isPartOf":{"@id":"https:\/\/ubirataonline.com.br\/black-journalists-meet-for-cleveland-convention-amid-increased-challenges-the-wake-up-for-thursday-aug-7-2025\/"},"author":{"name":"REDA\u00c7\u00c3O: UBIRAT\u00c3 ONLINE - F\u00c1BIO AUGUSTO CELESTINO","@id":"https:\/\/ubirataonline.com.br\/#\/schema\/person\/372f87bbd3fdd79b8556b84c98d0bc1c"},"headline":"Black journalists meet for Cleveland convention amid increased challenges: The Wake Up for Thursday, Aug. 7, 2025","datePublished":"2025-08-08T14:36:17+00:00","mainEntityOfPage":{"@id":"https:\/\/ubirataonline.com.br\/black-journalists-meet-for-cleveland-convention-amid-increased-challenges-the-wake-up-for-thursday-aug-7-2025\/"},"wordCount":1496,"publisher":{"@id":"https:\/\/ubirataonline.com.br\/#organization"},"image":{"@id":"https:\/\/ubirataonline.com.br\/black-journalists-meet-for-cleveland-convention-amid-increased-challenges-the-wake-up-for-thursday-aug-7-2025\/#primaryimage"},"thumbnailUrl":"https:\/\/ubirataonline.com.br\/wp-content\/uploads\/2025\/08\/F7V4UN72JVFR5IPZ5T2DFLTR34.JPG","articleSection":["Brasil"],"inLanguage":"en-US","copyrightYear":"2025","copyrightHolder":{"@id":"https:\/\/ubirataonline.com.br\/en\/#organization"}},{"@type":"WebPage","@id":"https:\/\/ubirataonline.com.br\/black-journalists-meet-for-cleveland-convention-amid-increased-challenges-the-wake-up-for-thursday-aug-7-2025\/","url":"https:\/\/ubirataonline.com.br\/black-journalists-meet-for-cleveland-convention-amid-increased-challenges-the-wake-up-for-thursday-aug-7-2025\/","name":"Black journalists meet for Cleveland convention amid increased challenges: The Wake Up for Thursday, Aug. 7, 2025 - Ubirat\u00e3 Online Not\u00edcias - A realidade ao seu alcance!","isPartOf":{"@id":"https:\/\/ubirataonline.com.br\/#website"},"primaryImageOfPage":{"@id":"https:\/\/ubirataonline.com.br\/black-journalists-meet-for-cleveland-convention-amid-increased-challenges-the-wake-up-for-thursday-aug-7-2025\/#primaryimage"},"image":{"@id":"https:\/\/ubirataonline.com.br\/black-journalists-meet-for-cleveland-convention-amid-increased-challenges-the-wake-up-for-thursday-aug-7-2025\/#primaryimage"},"thumbnailUrl":"https:\/\/ubirataonline.com.br\/wp-content\/uploads\/2025\/08\/F7V4UN72JVFR5IPZ5T2DFLTR34.JPG","datePublished":"2025-08-08T14:36:17+00:00","description":"Subscribe to the Wake Up, cleveland.com\u2019s free morning newsletter, delivered to your inbox weekdays at 5:30 a.m.The National Association of Black","breadcrumb":{"@id":"https:\/\/ubirataonline.com.br\/black-journalists-meet-for-cleveland-convention-amid-increased-challenges-the-wake-up-for-thursday-aug-7-2025\/#breadcrumb"},"inLanguage":"en-US","potentialAction":[{"@type":"ReadAction","target":["https:\/\/ubirataonline.com.br\/black-journalists-meet-for-cleveland-convention-amid-increased-challenges-the-wake-up-for-thursday-aug-7-2025\/"]}]},{"@type":"ImageObject","inLanguage":"en-US","@id":"https:\/\/ubirataonline.com.br\/black-journalists-meet-for-cleveland-convention-amid-increased-challenges-the-wake-up-for-thursday-aug-7-2025\/#primaryimage","url":"https:\/\/ubirataonline.com.br\/wp-content\/uploads\/2025\/08\/F7V4UN72JVFR5IPZ5T2DFLTR34.JPG","contentUrl":"https:\/\/ubirataonline.com.br\/wp-content\/uploads\/2025\/08\/F7V4UN72JVFR5IPZ5T2DFLTR34.JPG","width":1280,"height":843},{"@type":"BreadcrumbList","@id":"https:\/\/ubirataonline.com.br\/black-journalists-meet-for-cleveland-convention-amid-increased-challenges-the-wake-up-for-thursday-aug-7-2025\/#breadcrumb","itemListElement":[{"@type":"ListItem","position":1,"name":"In\u00edcio","item":"https:\/\/ubirataonline.com.br\/"},{"@type":"ListItem","position":2,"name":"Black journalists meet for Cleveland convention amid increased challenges: The Wake Up for Thursday, Aug. 7, 2025"}]},{"@type":"WebSite","@id":"https:\/\/ubirataonline.com.br\/#website","url":"https:\/\/ubirataonline.com.br\/","name":"Ubirat\u00e3 Online Not\u00edcias","description":"Not\u00edcias de Ubirat\u00e3, regi\u00e3o, Brasil e mundo, com informa\u00e7\u00e3o atualizada e compromisso com o leitor.","publisher":{"@id":"https:\/\/ubirataonline.com.br\/#organization"},"alternateName":"Ubirat\u00e3 Online","potentialAction":[{"@type":"SearchAction","target":{"@type":"EntryPoint","urlTemplate":"https:\/\/ubirataonline.com.br\/?s={search_term_string}"},"query-input":{"@type":"PropertyValueSpecification","valueRequired":true,"valueName":"search_term_string"}}],"inLanguage":"en-US"},{"@type":["Organization","Place"],"@id":"https:\/\/ubirataonline.com.br\/#organization","name":"Ubirat\u00e3 Online Not\u00edcias","alternateName":"Ubirat\u00e3 Online","url":"https:\/\/ubirataonline.com.br\/","logo":{"@id":"https:\/\/ubirataonline.com.br\/black-journalists-meet-for-cleveland-convention-amid-increased-challenges-the-wake-up-for-thursday-aug-7-2025\/#local-main-organization-logo"},"image":{"@id":"https:\/\/ubirataonline.com.br\/black-journalists-meet-for-cleveland-convention-amid-increased-challenges-the-wake-up-for-thursday-aug-7-2025\/#local-main-organization-logo"},"sameAs":["https:\/\/www.facebook.com\/portalubirataonline","https:\/\/x.com\/ubirataonline","https:\/\/mastodon.social\/@ubirataonline","https:\/\/www.facebook.com\/groups\/311144672285604","https:\/\/www.facebook.com\/UBTAOnline","https:\/\/www.instagram.com\/portalubirataonline\/","https:\/\/twitter.com\/ubirataonline"],"description":"Somos um portal de not\u00edcias independente, criado em 5 de janeiro de 2009, com o objetivo de informar, conectar e valorizar a nossa comunidade de Ubirat\u00e3 e toda aregi\u00e3o. Com conte\u00fado atualizado, confi\u00e1vel e relevante, o Ubirat\u00e3 Online \u00e9 o seu espa\u00e7o para ficar por dentro dos principais acontecimentos locais, regionais, Brasil, Mundo e de interesse geral. Nosso compromisso \u00e9 com a verdade, a transpar\u00eancia e o respeito ao leitor.","legalName":"UBIRATA ONLINE NOT\u00cdCIAS","foundingDate":"2009-01-05","numberOfEmployees":{"@type":"QuantitativeValue","minValue":"1","maxValue":"10"},"publishingPrinciples":"https:\/\/ubirataonline.com.br\/faq\/","address":{"@id":"https:\/\/ubirataonline.com.br\/black-journalists-meet-for-cleveland-convention-amid-increased-challenges-the-wake-up-for-thursday-aug-7-2025\/#local-main-place-address"},"geo":{"@type":"GeoCoordinates","latitude":"-24.5361401","longitude":"-52.9921776"},"telephone":["+5544998308235"],"contactPoint":{"@type":"ContactPoint","email":"contato@ubirataonline.com.br"},"openingHoursSpecification":{"@type":"OpeningHoursSpecification","dayOfWeek":["Monday","Tuesday","Wednesday","Thursday","Friday","Saturday","Sunday"],"opens":"00:00","closes":"23:59"},"email":"contato@ubirataonline.com.br","vatID":"47.621.418\/0001-80"},{"@type":"Person","@id":"https:\/\/ubirataonline.com.br\/#\/schema\/person\/372f87bbd3fdd79b8556b84c98d0bc1c","name":"REDA\u00c7\u00c3O: UBIRAT\u00c3 ONLINE - F\u00c1BIO AUGUSTO CELESTINO","pronouns":"Ele","description":"Desde 2003 trabalhando com not\u00edcias.","sameAs":["http:\/\/ubirataoline.com.br","https:\/\/www.facebook.com\/portalubirataonline","https:\/\/www.instagram.com\/ubirataonline_oficial","https:\/\/x.com\/x.com\/ubirataonline"],"honorificPrefix":"Mr.","honorificSuffix":"MD","birthDate":"1980-06-16","gender":"masculino","award":["V\u00e1rios pr\u00eamios de melhor portal da cidade"],"jobTitle":"Diretor","url":"https:\/\/ubirataonline.com.br\/en\/author\/ubirataonline\/"},{"@type":"PostalAddress","@id":"https:\/\/ubirataonline.com.br\/black-journalists-meet-for-cleveland-convention-amid-increased-challenges-the-wake-up-for-thursday-aug-7-2025\/#local-main-place-address","streetAddress":"Rua dos Coqueiros, 104 - Bairro Boa Vista, Rua dos Coqueiros, 104 Bairro Boa Vista","addressLocality":"UBIRATA","postalCode":"85440-000","addressRegion":"PR","addressCountry":"BR"},{"@type":"ImageObject","inLanguage":"en-US","@id":"https:\/\/ubirataonline.com.br\/black-journalists-meet-for-cleveland-convention-amid-increased-challenges-the-wake-up-for-thursday-aug-7-2025\/#local-main-organization-logo","url":"https:\/\/ubirataonline.com.br\/wp-content\/uploads\/2026\/06\/logoubirataonline-1.webp","contentUrl":"https:\/\/ubirataonline.com.br\/wp-content\/uploads\/2026\/06\/logoubirataonline-1.webp","width":500,"height":500,"caption":"Ubirat\u00e3 Online Not\u00edcias"}]},"geo.placename":"UBIRATA","geo.position":{"lat":"-24.5361401","long":"-52.9921776"},"geo.region":"Brazil"},"_links":{"self":[{"href":"https:\/\/ubirataonline.com.br\/en\/wp-json\/wp\/v2\/posts\/63481","targetHints":{"allow":["GET"]}}],"collection":[{"href":"https:\/\/ubirataonline.com.br\/en\/wp-json\/wp\/v2\/posts"}],"about":[{"href":"https:\/\/ubirataonline.com.br\/en\/wp-json\/wp\/v2\/types\/post"}],"author":[{"embeddable":true,"href":"https:\/\/ubirataonline.com.br\/en\/wp-json\/wp\/v2\/users\/1"}],"replies":[{"embeddable":true,"href":"https:\/\/ubirataonline.com.br\/en\/wp-json\/wp\/v2\/comments?post=63481"}],"version-history":[{"count":0,"href":"https:\/\/ubirataonline.com.br\/en\/wp-json\/wp\/v2\/posts\/63481\/revisions"}],"wp:featuredmedia":[{"embeddable":true,"href":"https:\/\/ubirataonline.com.br\/en\/wp-json\/wp\/v2\/media\/63482"}],"wp:attachment":[{"href":"https:\/\/ubirataonline.com.br\/en\/wp-json\/wp\/v2\/media?parent=63481"}],"wp:term":[{"taxonomy":"category","embeddable":true,"href":"https:\/\/ubirataonline.com.br\/en\/wp-json\/wp\/v2\/categories?post=63481"},{"taxonomy":"post_tag","embeddable":true,"href":"https:\/\/ubirataonline.com.br\/en\/wp-json\/wp\/v2\/tags?post=63481"}],"curies":[{"name":"wp","href":"https:\/\/api.w.org\/{rel}","templated":true}]}}