{"id":64122,"date":"2025-08-15T07:57:15","date_gmt":"2025-08-15T10:57:15","guid":{"rendered":"https:\/\/ubirataonline.com.br\/apac-eleva-nivel-de-alerta-de-chuvas-na-rmr-e-mata-norte-recife-entra-em-estagio-de-mobilizacao\/"},"modified":"2025-08-15T07:57:15","modified_gmt":"2025-08-15T10:57:15","slug":"apac-eleva-nivel-de-alerta-de-chuvas-na-rmr-e-mata-norte-recife-entra-em-estagio-de-mobilizacao","status":"publish","type":"post","link":"https:\/\/ubirataonline.com.br\/en\/apac-eleva-nivel-de-alerta-de-chuvas-na-rmr-e-mata-norte-recife-entra-em-estagio-de-mobilizacao\/","title":{"rendered":"Apac eleva n\u00edvel de alerta de chuvas na RMR e Mata Norte; Recife entra em est\u00e1gio de mobiliza\u00e7\u00e3o"},"content":{"rendered":"<p><\/p>\n<div id=\"\">\n<style><![CDATA[.dn_noticiasRelacionadas.nrEsquerda,.dn_noticiasRelacionadas.nrDireita,.dn_imagemComLegenda.iclEsquerda,.dn_imagemComLegenda.iclDireita{max-width: 300px;}.dn_noticiasRelacionadas.nrEsquerda,.dn_imagemComLegenda.iclEsquerda{margin-right: 15px;}.dn_noticiasRelacionadas.nrDireita,.dn_imagemComLegenda.iclDireita{margin-left: 15px;}.dn_legendaImg{font-size: 11px;line-height: 15px;display: block;padding-top: 5px;}]]><\/style>\n<p>Por causa da continuidade da ocorr\u00eancia de chuvas nesta sexta-feira (15) e a previs\u00e3o de mais pancadas com intensidade de moderada a forte ao longo do dia, a Ag\u00eancia Pernambucana de \u00c1guas e Clima (Apac) renovou alerta e elevou o n\u00edvel do aviso para a Regi\u00e3o Metropolitana do Recife e Mata Norte do estado.<\/p>\n<p>&#13;<br \/>\n&#13;<\/p>\n<p>O novo alerta \u00e9 de n\u00edvel laranja, considerado o intermedi\u00e1rio pela ag\u00eancia. O aviso vale at\u00e9 23h46 desta sexta-feira.<\/p>\n<p>&#13;<br \/>\n&#13;<\/p>\n<p>Segundo a Apac, a <a href=\"https:\/\/www.folhape.com.br\/noticias\/apac-emite-alerta-de-chuvas-moderadas-e-pontualmente-fortes-a-partir\/431269\/\" target=\"_self\"><strong>atua\u00e7\u00e3o do sistema meteorol\u00f3gico conhecido como Cavado continua favorecendo a ocorr\u00eancia de pancadas de chuva<\/strong><\/a> moderada a forte nas regi\u00f5es.<\/p>\n<p>&#13;<br \/>\n&#13;<br \/>\n&#13;<br \/>\n&#13;<\/p>\n<p>Os <a href=\"https:\/\/www.folhape.com.br\/noticias\/chuvas-cidades-registram-acumulados-de-mais-de-30-mm-alerta-da-apac\/431401\/\" target=\"_self\"><strong>acumulados dever\u00e3o ficar acima dos 50 mil\u00edmetros<\/strong><\/a>, segundo a ag\u00eancia. Na Mata Sul, as pancadas dever\u00e3o ser entre moderadas e pontualmente fortes.<\/p>\n<p>&#13;<br \/>\n&#13;<\/p>\n<p>Nas seis horas contabilizadas at\u00e9 7h desta sexta-feira, o maior acumulado de chuvas registrado no estado foi em Goiana, na Mata Norte, com 43,86 mm. Na sequ\u00eancia, aparecem Paulista (32,24 mm), Olinda (28,88 mm), Itamarac\u00e1 (25,75 mm) e S\u00e3o Louren\u00e7o da Mata (25,16 mm).<\/p>\n<p>&#13;<br \/>\n&#13;<\/p>\n<p>No Recife, o maior acumulado foi contabilizado na esta\u00e7\u00e3o Alto Santa Terezinha, na Zona Norte, com 24 mm. A capital pernambucana entrou em est\u00e1gio de mobiliza\u00e7\u00e3o \u00e0s 6h, segundo o Centro de Opera\u00e7\u00f5es do Recife (COP).<\/p>\n<p>&#13;<br \/>\n&#13;<\/p>\n<p>&#8220;Devido \u00e0s chuvas registradas e previs\u00e3o para as pr\u00f3ximas horas, nossas equipes est\u00e3o de prontid\u00e3o. No momento n\u00e3o h\u00e1 impacto significativo na rotina da cidade, mas seguimos monitorando&#8221;, afirmou a prefeitura.<\/p>\n<p>&#13;<br \/>\n&#13;<\/p>\n<p>\u00a0<\/p>\n<p>&#13;<\/p>\n<section class=\"bannerBillboardDetalhe\"\/>\n<h2 class=\"titlePadrao\">Veja tamb\u00e9m<\/h2>\n<\/div>\n<p><a href=\"https:\/\/www.folhape.com.br\/noticias\/apac-eleva-nivel-de-alerta-de-chuvas-na-rmr-e-mata-norte-recife-entra\/431412\/\">Source link <\/a><\/p>\n","protected":false},"excerpt":{"rendered":"<p>Por causa da continuidade da ocorr\u00eancia de chuvas nesta sexta-feira (15) e a previs\u00e3o de mais pancadas com intensidade de moderada a forte ao longo do dia, a Ag\u00eancia Pernambucana de \u00c1guas e Clima (Apac) renovou alerta e elevou o n\u00edvel do aviso para a Regi\u00e3o Metropolitana do Recife e Mata Norte do estado. &#13; [&hellip;]<\/p>\n","protected":false},"author":1,"featured_media":64123,"comment_status":"","ping_status":"","sticky":false,"template":"","format":"standard","meta":{"googlesitekit_rrm_CAow2JLhCw:productID":"","_gspb_post_css":"","maa_idioma":"","maa_pais":"","footnotes":""},"categories":[4],"tags":[],"class_list":["post-64122","post","type-post","status-publish","format-standard","has-post-thumbnail","hentry","category-brasil"],"blocksy_meta":[],"yoast_head":"<!-- This site is optimized with the Yoast SEO Premium plugin v27.6 (Yoast SEO v27.6) - https:\/\/yoast.com\/product\/yoast-seo-premium-wordpress\/ -->\n<title>Apac eleva n\u00edvel de alerta de chuvas na RMR e Mata Norte; Recife entra em est\u00e1gio de mobiliza\u00e7\u00e3o - Ubirat\u00e3 Online Not\u00edcias - A realidade ao seu alcance!<\/title>\n<meta name=\"description\" content=\"Por causa da continuidade da ocorr\u00eancia de chuvas nesta sexta-feira (15) e a previs\u00e3o de mais pancadas com intensidade de moderada a forte ao longo do\" \/>\n<meta name=\"robots\" content=\"index, follow, max-snippet:-1, max-image-preview:large, max-video-preview:-1\" \/>\n<link rel=\"canonical\" href=\"https:\/\/ubirataonline.com.br\/en\/apac-eleva-nivel-de-alerta-de-chuvas-na-rmr-e-mata-norte-recife-entra-em-estagio-de-mobilizacao\/\" \/>\n<meta property=\"og:locale\" content=\"en_US\" \/>\n<meta property=\"og:type\" content=\"article\" \/>\n<meta property=\"og:title\" content=\"Apac eleva n\u00edvel de alerta de chuvas na RMR e Mata Norte; Recife entra em est\u00e1gio de mobiliza\u00e7\u00e3o\" \/>\n<meta property=\"og:description\" content=\"Por causa da continuidade da ocorr\u00eancia de chuvas nesta sexta-feira (15) e a previs\u00e3o de mais pancadas com intensidade de moderada a forte ao longo do\" \/>\n<meta property=\"og:url\" content=\"https:\/\/ubirataonline.com.br\/en\/apac-eleva-nivel-de-alerta-de-chuvas-na-rmr-e-mata-norte-recife-entra-em-estagio-de-mobilizacao\/\" \/>\n<meta property=\"og:site_name\" content=\"Ubirat\u00e3 Online Not\u00edcias - A realidade ao seu alcance!\" \/>\n<meta property=\"article:publisher\" content=\"https:\/\/www.facebook.com\/portalubirataonline\" \/>\n<meta property=\"article:author\" content=\"https:\/\/www.facebook.com\/portalubirataonline\" \/>\n<meta property=\"article:published_time\" content=\"2025-08-15T10:57:15+00:00\" \/>\n<meta property=\"og:image\" content=\"https:\/\/ubirataonline.com.br\/wp-content\/uploads\/2026\/05\/logo2026.webp\" \/>\n\t<meta property=\"og:image:width\" content=\"1531\" \/>\n\t<meta property=\"og:image:height\" content=\"418\" \/>\n\t<meta property=\"og:image:type\" content=\"image\/webp\" \/>\n<meta name=\"author\" content=\"REDA\u00c7\u00c3O: UBIRAT\u00c3 ONLINE - F\u00c1BIO AUGUSTO CELESTINO\" \/>\n<meta name=\"twitter:card\" content=\"summary_large_image\" \/>\n<meta name=\"twitter:creator\" content=\"@x.com\/ubirataonline\" \/>\n<meta name=\"twitter:site\" content=\"@ubirataonline\" \/>\n<meta name=\"twitter:label1\" content=\"Written by\" \/>\n\t<meta name=\"twitter:data1\" content=\"REDA\u00c7\u00c3O: UBIRAT\u00c3 ONLINE - F\u00c1BIO AUGUSTO CELESTINO\" \/>\n\t<meta name=\"twitter:label2\" content=\"Est. reading time\" \/>\n\t<meta name=\"twitter:data2\" content=\"1 minute\" \/>\n<script type=\"application\/ld+json\" class=\"yoast-schema-graph\">{\"@context\":\"https:\\\/\\\/schema.org\",\"@graph\":[{\"@type\":\"NewsArticle\",\"@id\":\"https:\\\/\\\/ubirataonline.com.br\\\/apac-eleva-nivel-de-alerta-de-chuvas-na-rmr-e-mata-norte-recife-entra-em-estagio-de-mobilizacao\\\/#article\",\"isPartOf\":{\"@id\":\"https:\\\/\\\/ubirataonline.com.br\\\/apac-eleva-nivel-de-alerta-de-chuvas-na-rmr-e-mata-norte-recife-entra-em-estagio-de-mobilizacao\\\/\"},\"author\":{\"name\":\"REDA\u00c7\u00c3O: UBIRAT\u00c3 ONLINE - F\u00c1BIO AUGUSTO CELESTINO\",\"@id\":\"https:\\\/\\\/ubirataonline.com.br\\\/#\\\/schema\\\/person\\\/372f87bbd3fdd79b8556b84c98d0bc1c\"},\"headline\":\"Apac eleva n\u00edvel de alerta de chuvas na RMR e Mata Norte; Recife entra em est\u00e1gio de mobiliza\u00e7\u00e3o\",\"datePublished\":\"2025-08-15T10:57:15+00:00\",\"mainEntityOfPage\":{\"@id\":\"https:\\\/\\\/ubirataonline.com.br\\\/apac-eleva-nivel-de-alerta-de-chuvas-na-rmr-e-mata-norte-recife-entra-em-estagio-de-mobilizacao\\\/\"},\"wordCount\":276,\"publisher\":{\"@id\":\"https:\\\/\\\/ubirataonline.com.br\\\/#organization\"},\"image\":{\"@id\":\"https:\\\/\\\/ubirataonline.com.br\\\/apac-eleva-nivel-de-alerta-de-chuvas-na-rmr-e-mata-norte-recife-entra-em-estagio-de-mobilizacao\\\/#primaryimage\"},\"thumbnailUrl\":\"https:\\\/\\\/ubirataonline.com.br\\\/wp-content\\\/uploads\\\/2025\\\/08\\\/whatsapp-image-2025-08-15-at-070100.jpeg\",\"articleSection\":[\"Brasil\"],\"inLanguage\":\"en-US\",\"copyrightYear\":\"2025\",\"copyrightHolder\":{\"@id\":\"https:\\\/\\\/ubirataonline.com.br\\\/en\\\/#organization\"}},{\"@type\":\"WebPage\",\"@id\":\"https:\\\/\\\/ubirataonline.com.br\\\/apac-eleva-nivel-de-alerta-de-chuvas-na-rmr-e-mata-norte-recife-entra-em-estagio-de-mobilizacao\\\/\",\"url\":\"https:\\\/\\\/ubirataonline.com.br\\\/apac-eleva-nivel-de-alerta-de-chuvas-na-rmr-e-mata-norte-recife-entra-em-estagio-de-mobilizacao\\\/\",\"name\":\"Apac eleva n\u00edvel de alerta de chuvas na RMR e Mata Norte; Recife entra em est\u00e1gio de mobiliza\u00e7\u00e3o - Ubirat\u00e3 Online Not\u00edcias - A realidade ao seu alcance!\",\"isPartOf\":{\"@id\":\"https:\\\/\\\/ubirataonline.com.br\\\/#website\"},\"primaryImageOfPage\":{\"@id\":\"https:\\\/\\\/ubirataonline.com.br\\\/apac-eleva-nivel-de-alerta-de-chuvas-na-rmr-e-mata-norte-recife-entra-em-estagio-de-mobilizacao\\\/#primaryimage\"},\"image\":{\"@id\":\"https:\\\/\\\/ubirataonline.com.br\\\/apac-eleva-nivel-de-alerta-de-chuvas-na-rmr-e-mata-norte-recife-entra-em-estagio-de-mobilizacao\\\/#primaryimage\"},\"thumbnailUrl\":\"https:\\\/\\\/ubirataonline.com.br\\\/wp-content\\\/uploads\\\/2025\\\/08\\\/whatsapp-image-2025-08-15-at-070100.jpeg\",\"datePublished\":\"2025-08-15T10:57:15+00:00\",\"description\":\"Por causa da continuidade da ocorr\u00eancia de chuvas nesta sexta-feira (15) e a previs\u00e3o de mais pancadas com intensidade de moderada a forte ao longo do\",\"breadcrumb\":{\"@id\":\"https:\\\/\\\/ubirataonline.com.br\\\/apac-eleva-nivel-de-alerta-de-chuvas-na-rmr-e-mata-norte-recife-entra-em-estagio-de-mobilizacao\\\/#breadcrumb\"},\"inLanguage\":\"en-US\",\"potentialAction\":[{\"@type\":\"ReadAction\",\"target\":[\"https:\\\/\\\/ubirataonline.com.br\\\/apac-eleva-nivel-de-alerta-de-chuvas-na-rmr-e-mata-norte-recife-entra-em-estagio-de-mobilizacao\\\/\"]}]},{\"@type\":\"ImageObject\",\"inLanguage\":\"en-US\",\"@id\":\"https:\\\/\\\/ubirataonline.com.br\\\/apac-eleva-nivel-de-alerta-de-chuvas-na-rmr-e-mata-norte-recife-entra-em-estagio-de-mobilizacao\\\/#primaryimage\",\"url\":\"https:\\\/\\\/ubirataonline.com.br\\\/wp-content\\\/uploads\\\/2025\\\/08\\\/whatsapp-image-2025-08-15-at-070100.jpeg\",\"contentUrl\":\"https:\\\/\\\/ubirataonline.com.br\\\/wp-content\\\/uploads\\\/2025\\\/08\\\/whatsapp-image-2025-08-15-at-070100.jpeg\",\"width\":800,\"height\":600},{\"@type\":\"BreadcrumbList\",\"@id\":\"https:\\\/\\\/ubirataonline.com.br\\\/apac-eleva-nivel-de-alerta-de-chuvas-na-rmr-e-mata-norte-recife-entra-em-estagio-de-mobilizacao\\\/#breadcrumb\",\"itemListElement\":[{\"@type\":\"ListItem\",\"position\":1,\"name\":\"In\u00edcio\",\"item\":\"https:\\\/\\\/ubirataonline.com.br\\\/\"},{\"@type\":\"ListItem\",\"position\":2,\"name\":\"Apac eleva n\u00edvel de alerta de chuvas na RMR e Mata Norte; Recife entra em est\u00e1gio de mobiliza\u00e7\u00e3o\"}]},{\"@type\":\"WebSite\",\"@id\":\"https:\\\/\\\/ubirataonline.com.br\\\/#website\",\"url\":\"https:\\\/\\\/ubirataonline.com.br\\\/\",\"name\":\"Ubirat\u00e3 Online Not\u00edcias\",\"description\":\"Not\u00edcias de Ubirat\u00e3, regi\u00e3o, Brasil e mundo, com informa\u00e7\u00e3o atualizada e compromisso com o leitor.\",\"publisher\":{\"@id\":\"https:\\\/\\\/ubirataonline.com.br\\\/#organization\"},\"alternateName\":\"Ubirat\u00e3 Online\",\"potentialAction\":[{\"@type\":\"SearchAction\",\"target\":{\"@type\":\"EntryPoint\",\"urlTemplate\":\"https:\\\/\\\/ubirataonline.com.br\\\/?s={search_term_string}\"},\"query-input\":{\"@type\":\"PropertyValueSpecification\",\"valueRequired\":true,\"valueName\":\"search_term_string\"}}],\"inLanguage\":\"en-US\"},{\"@type\":[\"Organization\",\"Place\"],\"@id\":\"https:\\\/\\\/ubirataonline.com.br\\\/#organization\",\"name\":\"Ubirat\u00e3 Online Not\u00edcias\",\"alternateName\":\"Ubirat\u00e3 Online\",\"url\":\"https:\\\/\\\/ubirataonline.com.br\\\/\",\"logo\":{\"@id\":\"https:\\\/\\\/ubirataonline.com.br\\\/apac-eleva-nivel-de-alerta-de-chuvas-na-rmr-e-mata-norte-recife-entra-em-estagio-de-mobilizacao\\\/#local-main-organization-logo\"},\"image\":{\"@id\":\"https:\\\/\\\/ubirataonline.com.br\\\/apac-eleva-nivel-de-alerta-de-chuvas-na-rmr-e-mata-norte-recife-entra-em-estagio-de-mobilizacao\\\/#local-main-organization-logo\"},\"sameAs\":[\"https:\\\/\\\/www.facebook.com\\\/portalubirataonline\",\"https:\\\/\\\/x.com\\\/ubirataonline\",\"https:\\\/\\\/mastodon.social\\\/@ubirataonline\",\"https:\\\/\\\/www.facebook.com\\\/groups\\\/311144672285604\",\"https:\\\/\\\/www.facebook.com\\\/UBTAOnline\",\"https:\\\/\\\/www.instagram.com\\\/portalubirataonline\\\/\",\"https:\\\/\\\/twitter.com\\\/ubirataonline\"],\"description\":\"Somos um portal de not\u00edcias independente, criado em 5 de janeiro de 2009, com o objetivo de informar, conectar e valorizar a nossa comunidade de Ubirat\u00e3 e toda aregi\u00e3o. Com conte\u00fado atualizado, confi\u00e1vel e relevante, o Ubirat\u00e3 Online \u00e9 o seu espa\u00e7o para ficar por dentro dos principais acontecimentos locais, regionais, Brasil, Mundo e de interesse geral. Nosso compromisso \u00e9 com a verdade, a transpar\u00eancia e o respeito ao leitor.\",\"legalName\":\"UBIRATA ONLINE NOT\u00cdCIAS\",\"foundingDate\":\"2009-01-05\",\"numberOfEmployees\":{\"@type\":\"QuantitativeValue\",\"minValue\":\"1\",\"maxValue\":\"10\"},\"publishingPrinciples\":\"https:\\\/\\\/ubirataonline.com.br\\\/faq\\\/\",\"address\":{\"@id\":\"https:\\\/\\\/ubirataonline.com.br\\\/apac-eleva-nivel-de-alerta-de-chuvas-na-rmr-e-mata-norte-recife-entra-em-estagio-de-mobilizacao\\\/#local-main-place-address\"},\"geo\":{\"@type\":\"GeoCoordinates\",\"latitude\":\"-24.5361401\",\"longitude\":\"-52.9921776\"},\"telephone\":[\"+5544998308235\"],\"contactPoint\":{\"@type\":\"ContactPoint\",\"email\":\"contato@ubirataonline.com.br\"},\"openingHoursSpecification\":{\"@type\":\"OpeningHoursSpecification\",\"dayOfWeek\":[\"Monday\",\"Tuesday\",\"Wednesday\",\"Thursday\",\"Friday\",\"Saturday\",\"Sunday\"],\"opens\":\"00:00\",\"closes\":\"23:59\"},\"email\":\"contato@ubirataonline.com.br\",\"vatID\":\"47.621.418\\\/0001-80\"},{\"@type\":\"Person\",\"@id\":\"https:\\\/\\\/ubirataonline.com.br\\\/#\\\/schema\\\/person\\\/372f87bbd3fdd79b8556b84c98d0bc1c\",\"name\":\"REDA\u00c7\u00c3O: UBIRAT\u00c3 ONLINE - F\u00c1BIO AUGUSTO CELESTINO\",\"pronouns\":\"Ele\",\"description\":\"Desde 2003 trabalhando com not\u00edcias.\",\"sameAs\":[\"http:\\\/\\\/ubirataoline.com.br\",\"https:\\\/\\\/www.facebook.com\\\/portalubirataonline\",\"https:\\\/\\\/www.instagram.com\\\/ubirataonline_oficial\",\"https:\\\/\\\/x.com\\\/x.com\\\/ubirataonline\"],\"honorificPrefix\":\"Mr.\",\"honorificSuffix\":\"MD\",\"birthDate\":\"1980-06-16\",\"gender\":\"masculino\",\"award\":[\"V\u00e1rios pr\u00eamios de melhor portal da cidade\"],\"jobTitle\":\"Diretor\",\"url\":\"https:\\\/\\\/ubirataonline.com.br\\\/en\\\/author\\\/ubirataonline\\\/\"},{\"@type\":\"PostalAddress\",\"@id\":\"https:\\\/\\\/ubirataonline.com.br\\\/apac-eleva-nivel-de-alerta-de-chuvas-na-rmr-e-mata-norte-recife-entra-em-estagio-de-mobilizacao\\\/#local-main-place-address\",\"streetAddress\":\"Rua dos Coqueiros, 104 - Bairro Boa Vista, Rua dos Coqueiros, 104 Bairro Boa Vista\",\"addressLocality\":\"UBIRATA\",\"postalCode\":\"85440-000\",\"addressRegion\":\"PR\",\"addressCountry\":\"BR\"},{\"@type\":\"ImageObject\",\"inLanguage\":\"en-US\",\"@id\":\"https:\\\/\\\/ubirataonline.com.br\\\/apac-eleva-nivel-de-alerta-de-chuvas-na-rmr-e-mata-norte-recife-entra-em-estagio-de-mobilizacao\\\/#local-main-organization-logo\",\"url\":\"https:\\\/\\\/ubirataonline.com.br\\\/wp-content\\\/uploads\\\/2026\\\/06\\\/logoubirataonline-1.webp\",\"contentUrl\":\"https:\\\/\\\/ubirataonline.com.br\\\/wp-content\\\/uploads\\\/2026\\\/06\\\/logoubirataonline-1.webp\",\"width\":500,\"height\":500,\"caption\":\"Ubirat\u00e3 Online Not\u00edcias\"}]}<\/script>\n<meta name=\"geo.placename\" content=\"UBIRATA\" \/>\n<meta name=\"geo.position\" content=\"-24.5361401;-52.9921776\" \/>\n<meta name=\"geo.region\" content=\"Brazil\" \/>\n<!-- \/ Yoast SEO Premium plugin. -->","yoast_head_json":{"title":"Apac eleva n\u00edvel de alerta de chuvas na RMR e Mata Norte; Recife entra em est\u00e1gio de mobiliza\u00e7\u00e3o - Ubirat\u00e3 Online Not\u00edcias - A realidade ao seu alcance!","description":"Por causa da continuidade da ocorr\u00eancia de chuvas nesta sexta-feira (15) e a previs\u00e3o de mais pancadas com intensidade de moderada a forte ao longo do","robots":{"index":"index","follow":"follow","max-snippet":"max-snippet:-1","max-image-preview":"max-image-preview:large","max-video-preview":"max-video-preview:-1"},"canonical":"https:\/\/ubirataonline.com.br\/en\/apac-eleva-nivel-de-alerta-de-chuvas-na-rmr-e-mata-norte-recife-entra-em-estagio-de-mobilizacao\/","og_locale":"en_US","og_type":"article","og_title":"Apac eleva n\u00edvel de alerta de chuvas na RMR e Mata Norte; Recife entra em est\u00e1gio de mobiliza\u00e7\u00e3o","og_description":"Por causa da continuidade da ocorr\u00eancia de chuvas nesta sexta-feira (15) e a previs\u00e3o de mais pancadas com intensidade de moderada a forte ao longo do","og_url":"https:\/\/ubirataonline.com.br\/en\/apac-eleva-nivel-de-alerta-de-chuvas-na-rmr-e-mata-norte-recife-entra-em-estagio-de-mobilizacao\/","og_site_name":"Ubirat\u00e3 Online Not\u00edcias - A realidade ao seu alcance!","article_publisher":"https:\/\/www.facebook.com\/portalubirataonline","article_author":"https:\/\/www.facebook.com\/portalubirataonline","article_published_time":"2025-08-15T10:57:15+00:00","og_image":[{"width":1531,"height":418,"url":"https:\/\/ubirataonline.com.br\/wp-content\/uploads\/2026\/05\/logo2026.webp","type":"image\/webp"}],"author":"REDA\u00c7\u00c3O: UBIRAT\u00c3 ONLINE - F\u00c1BIO AUGUSTO CELESTINO","twitter_card":"summary_large_image","twitter_creator":"@x.com\/ubirataonline","twitter_site":"@ubirataonline","twitter_misc":{"Written by":"REDA\u00c7\u00c3O: UBIRAT\u00c3 ONLINE - F\u00c1BIO AUGUSTO CELESTINO","Est. reading time":"1 minute"},"schema":{"@context":"https:\/\/schema.org","@graph":[{"@type":"NewsArticle","@id":"https:\/\/ubirataonline.com.br\/apac-eleva-nivel-de-alerta-de-chuvas-na-rmr-e-mata-norte-recife-entra-em-estagio-de-mobilizacao\/#article","isPartOf":{"@id":"https:\/\/ubirataonline.com.br\/apac-eleva-nivel-de-alerta-de-chuvas-na-rmr-e-mata-norte-recife-entra-em-estagio-de-mobilizacao\/"},"author":{"name":"REDA\u00c7\u00c3O: UBIRAT\u00c3 ONLINE - F\u00c1BIO AUGUSTO CELESTINO","@id":"https:\/\/ubirataonline.com.br\/#\/schema\/person\/372f87bbd3fdd79b8556b84c98d0bc1c"},"headline":"Apac eleva n\u00edvel de alerta de chuvas na RMR e Mata Norte; Recife entra em est\u00e1gio de mobiliza\u00e7\u00e3o","datePublished":"2025-08-15T10:57:15+00:00","mainEntityOfPage":{"@id":"https:\/\/ubirataonline.com.br\/apac-eleva-nivel-de-alerta-de-chuvas-na-rmr-e-mata-norte-recife-entra-em-estagio-de-mobilizacao\/"},"wordCount":276,"publisher":{"@id":"https:\/\/ubirataonline.com.br\/#organization"},"image":{"@id":"https:\/\/ubirataonline.com.br\/apac-eleva-nivel-de-alerta-de-chuvas-na-rmr-e-mata-norte-recife-entra-em-estagio-de-mobilizacao\/#primaryimage"},"thumbnailUrl":"https:\/\/ubirataonline.com.br\/wp-content\/uploads\/2025\/08\/whatsapp-image-2025-08-15-at-070100.jpeg","articleSection":["Brasil"],"inLanguage":"en-US","copyrightYear":"2025","copyrightHolder":{"@id":"https:\/\/ubirataonline.com.br\/en\/#organization"}},{"@type":"WebPage","@id":"https:\/\/ubirataonline.com.br\/apac-eleva-nivel-de-alerta-de-chuvas-na-rmr-e-mata-norte-recife-entra-em-estagio-de-mobilizacao\/","url":"https:\/\/ubirataonline.com.br\/apac-eleva-nivel-de-alerta-de-chuvas-na-rmr-e-mata-norte-recife-entra-em-estagio-de-mobilizacao\/","name":"Apac eleva n\u00edvel de alerta de chuvas na RMR e Mata Norte; Recife entra em est\u00e1gio de mobiliza\u00e7\u00e3o - Ubirat\u00e3 Online Not\u00edcias - A realidade ao seu alcance!","isPartOf":{"@id":"https:\/\/ubirataonline.com.br\/#website"},"primaryImageOfPage":{"@id":"https:\/\/ubirataonline.com.br\/apac-eleva-nivel-de-alerta-de-chuvas-na-rmr-e-mata-norte-recife-entra-em-estagio-de-mobilizacao\/#primaryimage"},"image":{"@id":"https:\/\/ubirataonline.com.br\/apac-eleva-nivel-de-alerta-de-chuvas-na-rmr-e-mata-norte-recife-entra-em-estagio-de-mobilizacao\/#primaryimage"},"thumbnailUrl":"https:\/\/ubirataonline.com.br\/wp-content\/uploads\/2025\/08\/whatsapp-image-2025-08-15-at-070100.jpeg","datePublished":"2025-08-15T10:57:15+00:00","description":"Por causa da continuidade da ocorr\u00eancia de chuvas nesta sexta-feira (15) e a previs\u00e3o de mais pancadas com intensidade de moderada a forte ao longo do","breadcrumb":{"@id":"https:\/\/ubirataonline.com.br\/apac-eleva-nivel-de-alerta-de-chuvas-na-rmr-e-mata-norte-recife-entra-em-estagio-de-mobilizacao\/#breadcrumb"},"inLanguage":"en-US","potentialAction":[{"@type":"ReadAction","target":["https:\/\/ubirataonline.com.br\/apac-eleva-nivel-de-alerta-de-chuvas-na-rmr-e-mata-norte-recife-entra-em-estagio-de-mobilizacao\/"]}]},{"@type":"ImageObject","inLanguage":"en-US","@id":"https:\/\/ubirataonline.com.br\/apac-eleva-nivel-de-alerta-de-chuvas-na-rmr-e-mata-norte-recife-entra-em-estagio-de-mobilizacao\/#primaryimage","url":"https:\/\/ubirataonline.com.br\/wp-content\/uploads\/2025\/08\/whatsapp-image-2025-08-15-at-070100.jpeg","contentUrl":"https:\/\/ubirataonline.com.br\/wp-content\/uploads\/2025\/08\/whatsapp-image-2025-08-15-at-070100.jpeg","width":800,"height":600},{"@type":"BreadcrumbList","@id":"https:\/\/ubirataonline.com.br\/apac-eleva-nivel-de-alerta-de-chuvas-na-rmr-e-mata-norte-recife-entra-em-estagio-de-mobilizacao\/#breadcrumb","itemListElement":[{"@type":"ListItem","position":1,"name":"In\u00edcio","item":"https:\/\/ubirataonline.com.br\/"},{"@type":"ListItem","position":2,"name":"Apac eleva n\u00edvel de alerta de chuvas na RMR e Mata Norte; Recife entra em est\u00e1gio de mobiliza\u00e7\u00e3o"}]},{"@type":"WebSite","@id":"https:\/\/ubirataonline.com.br\/#website","url":"https:\/\/ubirataonline.com.br\/","name":"Ubirat\u00e3 Online Not\u00edcias","description":"Not\u00edcias de Ubirat\u00e3, regi\u00e3o, Brasil e mundo, com informa\u00e7\u00e3o atualizada e compromisso com o leitor.","publisher":{"@id":"https:\/\/ubirataonline.com.br\/#organization"},"alternateName":"Ubirat\u00e3 Online","potentialAction":[{"@type":"SearchAction","target":{"@type":"EntryPoint","urlTemplate":"https:\/\/ubirataonline.com.br\/?s={search_term_string}"},"query-input":{"@type":"PropertyValueSpecification","valueRequired":true,"valueName":"search_term_string"}}],"inLanguage":"en-US"},{"@type":["Organization","Place"],"@id":"https:\/\/ubirataonline.com.br\/#organization","name":"Ubirat\u00e3 Online Not\u00edcias","alternateName":"Ubirat\u00e3 Online","url":"https:\/\/ubirataonline.com.br\/","logo":{"@id":"https:\/\/ubirataonline.com.br\/apac-eleva-nivel-de-alerta-de-chuvas-na-rmr-e-mata-norte-recife-entra-em-estagio-de-mobilizacao\/#local-main-organization-logo"},"image":{"@id":"https:\/\/ubirataonline.com.br\/apac-eleva-nivel-de-alerta-de-chuvas-na-rmr-e-mata-norte-recife-entra-em-estagio-de-mobilizacao\/#local-main-organization-logo"},"sameAs":["https:\/\/www.facebook.com\/portalubirataonline","https:\/\/x.com\/ubirataonline","https:\/\/mastodon.social\/@ubirataonline","https:\/\/www.facebook.com\/groups\/311144672285604","https:\/\/www.facebook.com\/UBTAOnline","https:\/\/www.instagram.com\/portalubirataonline\/","https:\/\/twitter.com\/ubirataonline"],"description":"Somos um portal de not\u00edcias independente, criado em 5 de janeiro de 2009, com o objetivo de informar, conectar e valorizar a nossa comunidade de Ubirat\u00e3 e toda aregi\u00e3o. Com conte\u00fado atualizado, confi\u00e1vel e relevante, o Ubirat\u00e3 Online \u00e9 o seu espa\u00e7o para ficar por dentro dos principais acontecimentos locais, regionais, Brasil, Mundo e de interesse geral. Nosso compromisso \u00e9 com a verdade, a transpar\u00eancia e o respeito ao leitor.","legalName":"UBIRATA ONLINE NOT\u00cdCIAS","foundingDate":"2009-01-05","numberOfEmployees":{"@type":"QuantitativeValue","minValue":"1","maxValue":"10"},"publishingPrinciples":"https:\/\/ubirataonline.com.br\/faq\/","address":{"@id":"https:\/\/ubirataonline.com.br\/apac-eleva-nivel-de-alerta-de-chuvas-na-rmr-e-mata-norte-recife-entra-em-estagio-de-mobilizacao\/#local-main-place-address"},"geo":{"@type":"GeoCoordinates","latitude":"-24.5361401","longitude":"-52.9921776"},"telephone":["+5544998308235"],"contactPoint":{"@type":"ContactPoint","email":"contato@ubirataonline.com.br"},"openingHoursSpecification":{"@type":"OpeningHoursSpecification","dayOfWeek":["Monday","Tuesday","Wednesday","Thursday","Friday","Saturday","Sunday"],"opens":"00:00","closes":"23:59"},"email":"contato@ubirataonline.com.br","vatID":"47.621.418\/0001-80"},{"@type":"Person","@id":"https:\/\/ubirataonline.com.br\/#\/schema\/person\/372f87bbd3fdd79b8556b84c98d0bc1c","name":"REDA\u00c7\u00c3O: UBIRAT\u00c3 ONLINE - F\u00c1BIO AUGUSTO CELESTINO","pronouns":"Ele","description":"Desde 2003 trabalhando com not\u00edcias.","sameAs":["http:\/\/ubirataoline.com.br","https:\/\/www.facebook.com\/portalubirataonline","https:\/\/www.instagram.com\/ubirataonline_oficial","https:\/\/x.com\/x.com\/ubirataonline"],"honorificPrefix":"Mr.","honorificSuffix":"MD","birthDate":"1980-06-16","gender":"masculino","award":["V\u00e1rios pr\u00eamios de melhor portal da cidade"],"jobTitle":"Diretor","url":"https:\/\/ubirataonline.com.br\/en\/author\/ubirataonline\/"},{"@type":"PostalAddress","@id":"https:\/\/ubirataonline.com.br\/apac-eleva-nivel-de-alerta-de-chuvas-na-rmr-e-mata-norte-recife-entra-em-estagio-de-mobilizacao\/#local-main-place-address","streetAddress":"Rua dos Coqueiros, 104 - Bairro Boa Vista, Rua dos Coqueiros, 104 Bairro Boa Vista","addressLocality":"UBIRATA","postalCode":"85440-000","addressRegion":"PR","addressCountry":"BR"},{"@type":"ImageObject","inLanguage":"en-US","@id":"https:\/\/ubirataonline.com.br\/apac-eleva-nivel-de-alerta-de-chuvas-na-rmr-e-mata-norte-recife-entra-em-estagio-de-mobilizacao\/#local-main-organization-logo","url":"https:\/\/ubirataonline.com.br\/wp-content\/uploads\/2026\/06\/logoubirataonline-1.webp","contentUrl":"https:\/\/ubirataonline.com.br\/wp-content\/uploads\/2026\/06\/logoubirataonline-1.webp","width":500,"height":500,"caption":"Ubirat\u00e3 Online Not\u00edcias"}]},"geo.placename":"UBIRATA","geo.position":{"lat":"-24.5361401","long":"-52.9921776"},"geo.region":"Brazil"},"_links":{"self":[{"href":"https:\/\/ubirataonline.com.br\/en\/wp-json\/wp\/v2\/posts\/64122","targetHints":{"allow":["GET"]}}],"collection":[{"href":"https:\/\/ubirataonline.com.br\/en\/wp-json\/wp\/v2\/posts"}],"about":[{"href":"https:\/\/ubirataonline.com.br\/en\/wp-json\/wp\/v2\/types\/post"}],"author":[{"embeddable":true,"href":"https:\/\/ubirataonline.com.br\/en\/wp-json\/wp\/v2\/users\/1"}],"replies":[{"embeddable":true,"href":"https:\/\/ubirataonline.com.br\/en\/wp-json\/wp\/v2\/comments?post=64122"}],"version-history":[{"count":0,"href":"https:\/\/ubirataonline.com.br\/en\/wp-json\/wp\/v2\/posts\/64122\/revisions"}],"wp:featuredmedia":[{"embeddable":true,"href":"https:\/\/ubirataonline.com.br\/en\/wp-json\/wp\/v2\/media\/64123"}],"wp:attachment":[{"href":"https:\/\/ubirataonline.com.br\/en\/wp-json\/wp\/v2\/media?parent=64122"}],"wp:term":[{"taxonomy":"category","embeddable":true,"href":"https:\/\/ubirataonline.com.br\/en\/wp-json\/wp\/v2\/categories?post=64122"},{"taxonomy":"post_tag","embeddable":true,"href":"https:\/\/ubirataonline.com.br\/en\/wp-json\/wp\/v2\/tags?post=64122"}],"curies":[{"name":"wp","href":"https:\/\/api.w.org\/{rel}","templated":true}]}}