{"id":655,"date":"2017-01-17T15:51:12","date_gmt":"2017-01-17T18:51:12","guid":{"rendered":"https:\/\/ubirataonline.com.br\/?p=655"},"modified":"2017-01-17T15:51:45","modified_gmt":"2017-01-17T18:51:45","slug":"seguro-desemprego-sera-pago-de-forma-escalonada-a-partir-desta-terca","status":"publish","type":"post","link":"https:\/\/ubirataonline.com.br\/en\/seguro-desemprego-sera-pago-de-forma-escalonada-a-partir-desta-terca\/","title":{"rendered":"Seguro-desemprego ser\u00e1 pago de forma escalonada a partir desta ter\u00e7a"},"content":{"rendered":"<div class=\"mc-column content-text active-extra-styles active-capital-letter\" data-block-type=\"unstyled\" data-block-weight=\"38\">\n<p class=\"content-text__container theme-color-primary-first-letter\" data-track-category=\"Link no Texto\" data-track-links=\"\">Minist\u00e9rio do Trabalho informou que inicia nesta ter\u00e7a-feira (17) o pagamento, de forma escalonada, do lote de pagamento do seguro-desemprego deste m\u00eas. Os valores j\u00e1 vir\u00e3o com o reajuste de 6,58% nas parcelas, anunciado na semana passada.<\/p>\n<\/div>\n<div class=\"mc-column content-text active-extra-styles\" data-block-type=\"unstyled\" data-block-weight=\"43\">\n<p class=\"content-text__container\" data-track-category=\"Link no Texto\" data-track-links=\"\">A justificativa do minist\u00e9rio para a medida \u00e9 o &#8220;grande volume de pagamentos&#8221; previsto para o per\u00edodo de 11 a 21 de janeiro. Por conta disso, os benef\u00edcios ser\u00e3o liberados gradualmente pelas ag\u00eancias da Caixa Econ\u00f4mica Federal, ordenados pelo n\u00famero final do PIS.<\/p>\n<\/div>\n<div class=\"mc-column content-text active-extra-styles\" data-block-type=\"unstyled\" data-block-weight=\"58\">\n<p class=\"content-text__container\" data-track-category=\"Link no Texto\" data-track-links=\"\">De acordo com o calend\u00e1rio divulgado pelo minist\u00e9rio, nesta ter\u00e7a-feira (17) recebem os trabalhadores cujos \u00faltimos d\u00edgitos do PIS sejam 1 e 2. Na quarta (18), recebem aqueles com os n\u00fameros finais do PIS 3 e 4. O processo segue at\u00e9 21 de janeiro, quando recebem os trabalhadores que tenham os d\u00edgitos finais do PIS 9 e 0.<\/p>\n<\/div>\n<div class=\"mc-column content-media content-media--normal\" data-block-type=\"backstage-photo\">\n<div class=\"content-media__container\">\n<div class=\"content-media__image-centered\">\n<div class=\"progressive-img\"><img decoding=\"async\" class=\"progressive-draft\" title=\"Calend\u00e1rio de pagamento do seguro-desemprego em janeiro (Foto: Divulga\u00e7\u00e3o\/Minist\u00e9rio do Trabalho)\" src=\"data:image\/jpeg;base64,\/9j\/4AAQSkZJRgABAQAAAQABAAD\/2wBDAAMCAgMCAgMDAwMEAwMEBQgFBQQEBQoHBwYIDAoMDAsKCwsNDhIQDQ4RDgsLEBYQERMUFRUVDA8XGBYUGBIUFRT\/2wBDAQMEBAUEBQkFBQkUDQsNFBQUFBQUFBQUFBQUFBQUFBQUFBQUFBQUFBQUFBQUFBQUFBQUFBQUFBQUFBQUFBQUFBT\/wgARCAANABkDASIAAhEBAxEB\/8QAFgABAQEAAAAAAAAAAAAAAAAABgcF\/8QAFgEBAQEAAAAAAAAAAAAAAAAABgME\/9oADAMBAAIQAxAAAAHSSilq402i1wj+e\/8A\/8QAHxAAAAUEAwAAAAAAAAAAAAAAAAECAwYEBRQVESEi\/9oACAEBAAEFAm7662myEmSPnFKFaexg+o27qajfcFiD\/8QAHBEAAgEFAQAAAAAAAAAAAAAAAQIAAwQSEyEx\/9oACAEDAQE\/AaTNmA\/kuQnNc\/\/EABsRAAICAwEAAAAAAAAAAAAAAAEDAAIEEhMy\/9oACAECAQE\/AX1oFkr9TDswbdTP\/8QAJBAAAQMCBQUBAAAAAAAAAAAAAQACAxESBBMhMnEiIzGRoaL\/2gAIAQEABj8CDMjDG0UqY9U+LExtibELwcOLSeUdZhw9bne0ev4pn0zbm0p4R7H6W74v\/8QAHxAAAgEEAgMAAAAAAAAAAAAAAREAITFR8EFhcbHh\/9oACAEBAAE\/IQbFuUS5Jd4DZFyjSKrHUDlHVqPqP7EJsz3ecCni1fce8MLajY68z\/\/aAAwDAQACAAMAAAAQdk\/\/xAAZEQACAwEAAAAAAAAAAAAAAAABEQAhQVH\/2gAIAQMBAT8QMIvcPqGvOKf\/xAAaEQADAAMBAAAAAAAAAAAAAAABESEAQVHB\/9oACAECAQE\/EADrQiV3KQ0mX1+Z\/8QAHxABAAICAQUBAAAAAAAAAAAAAREhADFBEFFhkcHw\/9oACAEBAAE\/EDrGBB05FRbzeSGsUzKDVuheENYSujiZVn4L7hoJlVLvhlBv7TdO3owIIkbary+hX\/\/Z\" alt=\"Calend\u00e1rio de pagamento do seguro-desemprego em janeiro (Foto: Divulga\u00e7\u00e3o\/Minist\u00e9rio do Trabalho)\" \/><picture><source media=\"(max-width: 1024px)\" data-src=\"http:\/\/s2.glbimg.com\/VP27MekozX89LXQdtcC--hmwAAs=\/0x0:620x317\/600x0\/smart\/filters:strip_icc()\/i.s3.glbimg.com\/v1\/AUTH_59edd422c0c84a879bd37670ae4f538a\/internal_photos\/bs\/2017\/S\/j\/HiWXBUSHu7fPKJWQWLdQ\/seguro-desemprego.jpg 1x, http:\/\/s2.glbimg.com\/8vuUgaemUG7L_PbABMXXnRKD4R0=\/0x0:620x317\/1200x0\/smart\/filters:strip_icc()\/i.s3.glbimg.com\/v1\/AUTH_59edd422c0c84a879bd37670ae4f538a\/internal_photos\/bs\/2017\/S\/j\/HiWXBUSHu7fPKJWQWLdQ\/seguro-desemprego.jpg 2x\" \/><source media=\"(max-width: 1280px)\" data-src=\"http:\/\/s2.glbimg.com\/tCmjsWpxW7L4JYlKS9HXnae4NMw=\/0x0:620x317\/640x0\/smart\/filters:strip_icc()\/i.s3.glbimg.com\/v1\/AUTH_59edd422c0c84a879bd37670ae4f538a\/internal_photos\/bs\/2017\/S\/j\/HiWXBUSHu7fPKJWQWLdQ\/seguro-desemprego.jpg 1x, http:\/\/s2.glbimg.com\/VTCqX_zhoy-p8jf9KXlts6Nd1xM=\/0x0:620x317\/1280x0\/smart\/filters:strip_icc()\/i.s3.glbimg.com\/v1\/AUTH_59edd422c0c84a879bd37670ae4f538a\/internal_photos\/bs\/2017\/S\/j\/HiWXBUSHu7fPKJWQWLdQ\/seguro-desemprego.jpg 2x\" \/><source media=\"(max-width: 1360px)\" data-src=\"http:\/\/s2.glbimg.com\/gUxU2deiwmfSPmCjgmjTEiGc_Uo=\/0x0:620x317\/984x0\/smart\/filters:strip_icc()\/i.s3.glbimg.com\/v1\/AUTH_59edd422c0c84a879bd37670ae4f538a\/internal_photos\/bs\/2017\/S\/j\/HiWXBUSHu7fPKJWQWLdQ\/seguro-desemprego.jpg 1x, http:\/\/s2.glbimg.com\/ASeJNamf_yVP-3VxD0ZnV6VCxj0=\/0x0:620x317\/1968x0\/smart\/filters:strip_icc()\/i.s3.glbimg.com\/v1\/AUTH_59edd422c0c84a879bd37670ae4f538a\/internal_photos\/bs\/2017\/S\/j\/HiWXBUSHu7fPKJWQWLdQ\/seguro-desemprego.jpg 2x\" \/><source media=\"(min-width: 1361px)\" data-src=\"http:\/\/s2.glbimg.com\/Qy7G38OqIN7uFigK-QIwNUBfo9s=\/0x0:620x317\/1000x0\/smart\/filters:strip_icc()\/i.s3.glbimg.com\/v1\/AUTH_59edd422c0c84a879bd37670ae4f538a\/internal_photos\/bs\/2017\/S\/j\/HiWXBUSHu7fPKJWQWLdQ\/seguro-desemprego.jpg 1x, http:\/\/s2.glbimg.com\/lL12MCjI46U7Klkz3wo4rmaFg-8=\/0x0:620x317\/2000x0\/smart\/filters:strip_icc()\/i.s3.glbimg.com\/v1\/AUTH_59edd422c0c84a879bd37670ae4f538a\/internal_photos\/bs\/2017\/S\/j\/HiWXBUSHu7fPKJWQWLdQ\/seguro-desemprego.jpg 2x\" \/><source data-src=\"http:\/\/s2.glbimg.com\/gUxU2deiwmfSPmCjgmjTEiGc_Uo=\/0x0:620x317\/984x0\/smart\/filters:strip_icc()\/i.s3.glbimg.com\/v1\/AUTH_59edd422c0c84a879bd37670ae4f538a\/internal_photos\/bs\/2017\/S\/j\/HiWXBUSHu7fPKJWQWLdQ\/seguro-desemprego.jpg\" \/><img decoding=\"async\" class=\"image content-media__image\" title=\"Calend\u00e1rio de pagamento do seguro-desemprego em janeiro (Foto: Divulga\u00e7\u00e3o\/Minist\u00e9rio do Trabalho)\" src=\"http:\/\/s2.glbimg.com\/gUxU2deiwmfSPmCjgmjTEiGc_Uo=\/0x0:620x317\/984x0\/smart\/filters:strip_icc()\/i.s3.glbimg.com\/v1\/AUTH_59edd422c0c84a879bd37670ae4f538a\/internal_photos\/bs\/2017\/S\/j\/HiWXBUSHu7fPKJWQWLdQ\/seguro-desemprego.jpg\" alt=\"Calend\u00e1rio de pagamento do seguro-desemprego em janeiro (Foto: Divulga\u00e7\u00e3o\/Minist\u00e9rio do Trabalho)\" \/><\/picture><\/div>\n<\/div>\n<div class=\"content-media__description-centered\">\n<p class=\"content-media__description\"><i class=\"content-media__description__icon theme-color-primary\"><\/i><span class=\"content-media__description__caption\">Calend\u00e1rio de pagamento do seguro-desemprego em janeiro (Foto: Divulga\u00e7\u00e3o\/Minist\u00e9rio do Trabalho)<\/span><\/p>\n<\/div>\n<\/div>\n<\/div>\n<div class=\"mc-column content-text active-extra-styles\" data-block-type=\"unstyled\" data-block-weight=\"52\">\n<p class=\"content-text__container\" data-track-category=\"Link no Texto\" data-track-links=\"\">O Minist\u00e9rio do Trabalho informou que esse pagamento, feito de forma escalonada, ser\u00e1 uma exce\u00e7\u00e3o em janeiro, e que o processo retornar\u00e1 o formato normal nos pr\u00f3ximos meses. Pelas regras, o seguro-desemprego deve ser pago em at\u00e9 30 dias ap\u00f3s seu requerimento, mas h\u00e1 locais nos quais o valor \u00e9 depositado antes.<\/p>\n<\/div>\n<div class=\"mc-column content-text active-extra-styles\" data-block-type=\"unstyled\" data-block-weight=\"51\">\n<p class=\"content-text__container\" data-track-category=\"Link no Texto\" data-track-links=\"\">Neste m\u00eas, por\u00e9m, como o valor do INPC de 2016 (necess\u00e1rio para corrigir os valores do seguro-desemprego a partir de janeiro) ainda n\u00e3o havia sido divulgado, at\u00e9 o momento n\u00e3o tinham sido pagas as parcelas dos dias 11, 12 e 13 de janeiro, de modo que houve um represamento dos pagamentos.<\/p>\n<\/div>\n<div class=\"content-ads content-ads--reveal\"><\/div>\n<div class=\"mc-column content-text active-extra-styles\" data-block-type=\"unstyled\" data-block-weight=\"21\">\n<p class=\"content-text__container\" data-track-category=\"Link no Texto\" data-track-links=\"\">Para n\u00e3o lotar as ag\u00eancias da Caixa Econ\u00f4mica Federal, onde os saques s\u00e3o feitos, o governo informou que optou pelo escalonamento.<\/p>\n<\/div>\n<div class=\"mc-column content-text active-extra-styles\" data-block-type=\"unstyled\" data-block-weight=\"59\">\n<p class=\"content-text__container\" data-track-category=\"Link no Texto\" data-track-links=\"\">Na semana passada, o governo informou que o valor foi reajustado com base no sal\u00e1rio m\u00ednimo e na varia\u00e7\u00e3o do \u00cdndice Nacional de Pre\u00e7os ao Consumidor (INPC). Com isso, o reajuste foi fixado em 6,58% e maior parcela passa a ser de R$ 1.643,72. O novo valor vale para as parcelas pagas a partir do dia 11 de janeiro.<\/p>\n<\/div>\n<div class=\"mc-column content-text active-extra-styles\" data-block-type=\"unstyled\" data-block-weight=\"70\">\n<p class=\"content-text__container\" data-track-category=\"Link no Texto\" data-track-links=\"\">A maior parcela paga ao trabalhador subiu de R$ 1.542,24 para R$ 1.643,72, ou seja, um aumento de R$ 101,48. J\u00e1 a menor parcela n\u00e3o pode ser inferior ao m\u00ednimo de R$ 937,00. A corre\u00e7\u00e3o dos valores pagos \u00e9 v\u00e1lida para todos os trabalhadores demitidos sem justa causa, pescadores artesanais em per\u00edodo do defeso, trabalhadores resgatados em condi\u00e7\u00f5es an\u00e1logas \u00e0 de escravo e profissionais com contratos de trabalho suspenso (lay-off).<\/p>\n<p class=\"content-text__container\" data-track-category=\"Link no Texto\" data-track-links=\"\">Fonte:\u00a0MINIST\u00c9RIO DO TRABALHO<\/p>\n<\/div>\n<div class=\"mc-column comments\"><\/div>","protected":false},"excerpt":{"rendered":"<p>Minist\u00e9rio do Trabalho informou que inicia nesta ter\u00e7a-feira (17) o pagamento, de forma escalonada, do lote de pagamento do seguro-desemprego deste m\u00eas. Os valores j\u00e1 vir\u00e3o com o reajuste de 6,58% nas parcelas, anunciado na semana passada. A justificativa do minist\u00e9rio para a medida \u00e9 o &#8220;grande volume de pagamentos&#8221; previsto para o per\u00edodo de [&hellip;]<\/p>\n","protected":false},"author":2,"featured_media":0,"comment_status":"closed","ping_status":"closed","sticky":false,"template":"","format":"standard","meta":{"googlesitekit_rrm_CAow2JLhCw:productID":"","_gspb_post_css":"","maa_idioma":"","maa_pais":"","footnotes":""},"categories":[],"tags":[],"class_list":["post-655","post","type-post","status-publish","format-standard","hentry"],"blocksy_meta":[],"yoast_head":"<!-- This site is optimized with the Yoast SEO Premium plugin v27.6 (Yoast SEO v27.6) - https:\/\/yoast.com\/product\/yoast-seo-premium-wordpress\/ -->\n<title>Seguro-desemprego ser\u00e1 pago de forma escalonada a partir desta ter\u00e7a - Ubirat\u00e3 Online Not\u00edcias - A realidade ao seu alcance!<\/title>\n<meta name=\"description\" content=\"Minist\u00e9rio do Trabalho informou que inicia nesta ter\u00e7a-feira (17) o pagamento, de forma escalonada, do lote de pagamento do seguro-desemprego deste m\u00eas.\" \/>\n<meta name=\"robots\" content=\"index, follow, max-snippet:-1, max-image-preview:large, max-video-preview:-1\" \/>\n<link rel=\"canonical\" href=\"https:\/\/ubirataonline.com.br\/en\/seguro-desemprego-sera-pago-de-forma-escalonada-a-partir-desta-terca\/\" \/>\n<meta property=\"og:locale\" content=\"en_US\" \/>\n<meta property=\"og:type\" content=\"article\" \/>\n<meta property=\"og:title\" content=\"Seguro-desemprego ser\u00e1 pago de forma escalonada a partir desta ter\u00e7a\" \/>\n<meta property=\"og:description\" content=\"Minist\u00e9rio do Trabalho informou que inicia nesta ter\u00e7a-feira (17) o pagamento, de forma escalonada, do lote de pagamento do seguro-desemprego deste m\u00eas.\" \/>\n<meta property=\"og:url\" content=\"https:\/\/ubirataonline.com.br\/en\/seguro-desemprego-sera-pago-de-forma-escalonada-a-partir-desta-terca\/\" \/>\n<meta property=\"og:site_name\" content=\"Ubirat\u00e3 Online Not\u00edcias - A realidade ao seu alcance!\" \/>\n<meta property=\"article:publisher\" content=\"https:\/\/www.facebook.com\/portalubirataonline\" \/>\n<meta property=\"article:published_time\" content=\"2017-01-17T18:51:12+00:00\" \/>\n<meta property=\"article:modified_time\" content=\"2017-01-17T18:51:45+00:00\" \/>\n<meta property=\"og:image\" content=\"http:\/\/s2.glbimg.com\/gUxU2deiwmfSPmCjgmjTEiGc_Uo=\/0x0:620x317\/984x0\/smart\/filters:strip_icc()\/i.s3.glbimg.com\/v1\/AUTH_59edd422c0c84a879bd37670ae4f538a\/internal_photos\/bs\/2017\/S\/j\/HiWXBUSHu7fPKJWQWLdQ\/seguro-desemprego.jpg\" \/>\n<meta name=\"author\" content=\"Vampeta\" \/>\n<meta name=\"twitter:card\" content=\"summary_large_image\" \/>\n<meta name=\"twitter:creator\" content=\"@ubirataonline\" \/>\n<meta name=\"twitter:site\" content=\"@ubirataonline\" \/>\n<meta name=\"twitter:label1\" content=\"Written by\" \/>\n\t<meta name=\"twitter:data1\" content=\"Vampeta\" \/>\n\t<meta name=\"twitter:label2\" content=\"Est. reading time\" \/>\n\t<meta name=\"twitter:data2\" content=\"2 minutes\" \/>\n<script type=\"application\/ld+json\" class=\"yoast-schema-graph\">{\"@context\":\"https:\\\/\\\/schema.org\",\"@graph\":[{\"@type\":\"NewsArticle\",\"@id\":\"https:\\\/\\\/ubirataonline.com.br\\\/seguro-desemprego-sera-pago-de-forma-escalonada-a-partir-desta-terca\\\/#article\",\"isPartOf\":{\"@id\":\"https:\\\/\\\/ubirataonline.com.br\\\/seguro-desemprego-sera-pago-de-forma-escalonada-a-partir-desta-terca\\\/\"},\"author\":{\"name\":\"Vampeta\",\"@id\":\"https:\\\/\\\/ubirataonline.com.br\\\/#\\\/schema\\\/person\\\/09f7a474bd1834b50dea8d1c197e976f\"},\"headline\":\"Seguro-desemprego ser\u00e1 pago de forma escalonada a partir desta ter\u00e7a\",\"datePublished\":\"2017-01-17T18:51:12+00:00\",\"dateModified\":\"2017-01-17T18:51:45+00:00\",\"mainEntityOfPage\":{\"@id\":\"https:\\\/\\\/ubirataonline.com.br\\\/seguro-desemprego-sera-pago-de-forma-escalonada-a-partir-desta-terca\\\/\"},\"wordCount\":434,\"publisher\":{\"@id\":\"https:\\\/\\\/ubirataonline.com.br\\\/#organization\"},\"image\":{\"@id\":\"https:\\\/\\\/ubirataonline.com.br\\\/seguro-desemprego-sera-pago-de-forma-escalonada-a-partir-desta-terca\\\/#primaryimage\"},\"thumbnailUrl\":\"http:\\\/\\\/s2.glbimg.com\\\/gUxU2deiwmfSPmCjgmjTEiGc_Uo=\\\/0x0:620x317\\\/984x0\\\/smart\\\/filters:strip_icc()\\\/i.s3.glbimg.com\\\/v1\\\/AUTH_59edd422c0c84a879bd37670ae4f538a\\\/internal_photos\\\/bs\\\/2017\\\/S\\\/j\\\/HiWXBUSHu7fPKJWQWLdQ\\\/seguro-desemprego.jpg\",\"inLanguage\":\"en-US\",\"copyrightYear\":\"2017\",\"copyrightHolder\":{\"@id\":\"https:\\\/\\\/ubirataonline.com.br\\\/en\\\/#organization\"}},{\"@type\":\"WebPage\",\"@id\":\"https:\\\/\\\/ubirataonline.com.br\\\/seguro-desemprego-sera-pago-de-forma-escalonada-a-partir-desta-terca\\\/\",\"url\":\"https:\\\/\\\/ubirataonline.com.br\\\/seguro-desemprego-sera-pago-de-forma-escalonada-a-partir-desta-terca\\\/\",\"name\":\"Seguro-desemprego ser\u00e1 pago de forma escalonada a partir desta ter\u00e7a - Ubirat\u00e3 Online Not\u00edcias - A realidade ao seu alcance!\",\"isPartOf\":{\"@id\":\"https:\\\/\\\/ubirataonline.com.br\\\/#website\"},\"primaryImageOfPage\":{\"@id\":\"https:\\\/\\\/ubirataonline.com.br\\\/seguro-desemprego-sera-pago-de-forma-escalonada-a-partir-desta-terca\\\/#primaryimage\"},\"image\":{\"@id\":\"https:\\\/\\\/ubirataonline.com.br\\\/seguro-desemprego-sera-pago-de-forma-escalonada-a-partir-desta-terca\\\/#primaryimage\"},\"thumbnailUrl\":\"http:\\\/\\\/s2.glbimg.com\\\/gUxU2deiwmfSPmCjgmjTEiGc_Uo=\\\/0x0:620x317\\\/984x0\\\/smart\\\/filters:strip_icc()\\\/i.s3.glbimg.com\\\/v1\\\/AUTH_59edd422c0c84a879bd37670ae4f538a\\\/internal_photos\\\/bs\\\/2017\\\/S\\\/j\\\/HiWXBUSHu7fPKJWQWLdQ\\\/seguro-desemprego.jpg\",\"datePublished\":\"2017-01-17T18:51:12+00:00\",\"dateModified\":\"2017-01-17T18:51:45+00:00\",\"description\":\"Minist\u00e9rio do Trabalho informou que inicia nesta ter\u00e7a-feira (17) o pagamento, de forma escalonada, do lote de pagamento do seguro-desemprego deste m\u00eas.\",\"breadcrumb\":{\"@id\":\"https:\\\/\\\/ubirataonline.com.br\\\/seguro-desemprego-sera-pago-de-forma-escalonada-a-partir-desta-terca\\\/#breadcrumb\"},\"inLanguage\":\"en-US\",\"potentialAction\":[{\"@type\":\"ReadAction\",\"target\":[\"https:\\\/\\\/ubirataonline.com.br\\\/seguro-desemprego-sera-pago-de-forma-escalonada-a-partir-desta-terca\\\/\"]}]},{\"@type\":\"ImageObject\",\"inLanguage\":\"en-US\",\"@id\":\"https:\\\/\\\/ubirataonline.com.br\\\/seguro-desemprego-sera-pago-de-forma-escalonada-a-partir-desta-terca\\\/#primaryimage\",\"url\":\"http:\\\/\\\/s2.glbimg.com\\\/gUxU2deiwmfSPmCjgmjTEiGc_Uo=\\\/0x0:620x317\\\/984x0\\\/smart\\\/filters:strip_icc()\\\/i.s3.glbimg.com\\\/v1\\\/AUTH_59edd422c0c84a879bd37670ae4f538a\\\/internal_photos\\\/bs\\\/2017\\\/S\\\/j\\\/HiWXBUSHu7fPKJWQWLdQ\\\/seguro-desemprego.jpg\",\"contentUrl\":\"http:\\\/\\\/s2.glbimg.com\\\/gUxU2deiwmfSPmCjgmjTEiGc_Uo=\\\/0x0:620x317\\\/984x0\\\/smart\\\/filters:strip_icc()\\\/i.s3.glbimg.com\\\/v1\\\/AUTH_59edd422c0c84a879bd37670ae4f538a\\\/internal_photos\\\/bs\\\/2017\\\/S\\\/j\\\/HiWXBUSHu7fPKJWQWLdQ\\\/seguro-desemprego.jpg\"},{\"@type\":\"BreadcrumbList\",\"@id\":\"https:\\\/\\\/ubirataonline.com.br\\\/seguro-desemprego-sera-pago-de-forma-escalonada-a-partir-desta-terca\\\/#breadcrumb\",\"itemListElement\":[{\"@type\":\"ListItem\",\"position\":1,\"name\":\"In\u00edcio\",\"item\":\"https:\\\/\\\/ubirataonline.com.br\\\/\"},{\"@type\":\"ListItem\",\"position\":2,\"name\":\"Seguro-desemprego ser\u00e1 pago de forma escalonada a partir desta ter\u00e7a\"}]},{\"@type\":\"WebSite\",\"@id\":\"https:\\\/\\\/ubirataonline.com.br\\\/#website\",\"url\":\"https:\\\/\\\/ubirataonline.com.br\\\/\",\"name\":\"Ubirat\u00e3 Online Not\u00edcias\",\"description\":\"Not\u00edcias de Ubirat\u00e3, regi\u00e3o, Brasil e mundo, com informa\u00e7\u00e3o atualizada e compromisso com o leitor.\",\"publisher\":{\"@id\":\"https:\\\/\\\/ubirataonline.com.br\\\/#organization\"},\"alternateName\":\"Ubirat\u00e3 Online\",\"potentialAction\":[{\"@type\":\"SearchAction\",\"target\":{\"@type\":\"EntryPoint\",\"urlTemplate\":\"https:\\\/\\\/ubirataonline.com.br\\\/?s={search_term_string}\"},\"query-input\":{\"@type\":\"PropertyValueSpecification\",\"valueRequired\":true,\"valueName\":\"search_term_string\"}}],\"inLanguage\":\"en-US\"},{\"@type\":[\"Organization\",\"Place\"],\"@id\":\"https:\\\/\\\/ubirataonline.com.br\\\/#organization\",\"name\":\"Ubirat\u00e3 Online Not\u00edcias\",\"alternateName\":\"Ubirat\u00e3 Online\",\"url\":\"https:\\\/\\\/ubirataonline.com.br\\\/\",\"logo\":{\"@id\":\"https:\\\/\\\/ubirataonline.com.br\\\/seguro-desemprego-sera-pago-de-forma-escalonada-a-partir-desta-terca\\\/#local-main-organization-logo\"},\"image\":{\"@id\":\"https:\\\/\\\/ubirataonline.com.br\\\/seguro-desemprego-sera-pago-de-forma-escalonada-a-partir-desta-terca\\\/#local-main-organization-logo\"},\"sameAs\":[\"https:\\\/\\\/www.facebook.com\\\/portalubirataonline\",\"https:\\\/\\\/x.com\\\/ubirataonline\",\"https:\\\/\\\/mastodon.social\\\/@ubirataonline\",\"https:\\\/\\\/www.facebook.com\\\/groups\\\/311144672285604\",\"https:\\\/\\\/www.facebook.com\\\/UBTAOnline\",\"https:\\\/\\\/www.instagram.com\\\/portalubirataonline\\\/\",\"https:\\\/\\\/twitter.com\\\/ubirataonline\"],\"description\":\"Somos um portal de not\u00edcias independente, criado em 5 de janeiro de 2009, com o objetivo de informar, conectar e valorizar a nossa comunidade de Ubirat\u00e3 e toda aregi\u00e3o. Com conte\u00fado atualizado, confi\u00e1vel e relevante, o Ubirat\u00e3 Online \u00e9 o seu espa\u00e7o para ficar por dentro dos principais acontecimentos locais, regionais, Brasil, Mundo e de interesse geral. Nosso compromisso \u00e9 com a verdade, a transpar\u00eancia e o respeito ao leitor.\",\"legalName\":\"UBIRATA ONLINE NOT\u00cdCIAS\",\"foundingDate\":\"2009-01-05\",\"numberOfEmployees\":{\"@type\":\"QuantitativeValue\",\"minValue\":\"1\",\"maxValue\":\"10\"},\"publishingPrinciples\":\"https:\\\/\\\/ubirataonline.com.br\\\/faq\\\/\",\"address\":{\"@id\":\"https:\\\/\\\/ubirataonline.com.br\\\/seguro-desemprego-sera-pago-de-forma-escalonada-a-partir-desta-terca\\\/#local-main-place-address\"},\"geo\":{\"@type\":\"GeoCoordinates\",\"latitude\":\"-24.5361401\",\"longitude\":\"-52.9921776\"},\"telephone\":[\"+5544998308235\"],\"contactPoint\":{\"@type\":\"ContactPoint\",\"email\":\"contato@ubirataonline.com.br\"},\"openingHoursSpecification\":{\"@type\":\"OpeningHoursSpecification\",\"dayOfWeek\":[\"Monday\",\"Tuesday\",\"Wednesday\",\"Thursday\",\"Friday\",\"Saturday\",\"Sunday\"],\"opens\":\"00:00\",\"closes\":\"23:59\"},\"email\":\"contato@ubirataonline.com.br\",\"vatID\":\"47.621.418\\\/0001-80\"},{\"@type\":\"Person\",\"@id\":\"https:\\\/\\\/ubirataonline.com.br\\\/#\\\/schema\\\/person\\\/09f7a474bd1834b50dea8d1c197e976f\",\"name\":\"Vampeta\",\"sameAs\":[\"https:\\\/\\\/ubirataonline.com.br\"],\"url\":\"https:\\\/\\\/ubirataonline.com.br\\\/en\\\/author\\\/vampeta\\\/\"},{\"@type\":\"PostalAddress\",\"@id\":\"https:\\\/\\\/ubirataonline.com.br\\\/seguro-desemprego-sera-pago-de-forma-escalonada-a-partir-desta-terca\\\/#local-main-place-address\",\"streetAddress\":\"Rua dos Coqueiros, 104 - Bairro Boa Vista, Rua dos Coqueiros, 104 Bairro Boa Vista\",\"addressLocality\":\"UBIRATA\",\"postalCode\":\"85440-000\",\"addressRegion\":\"PR\",\"addressCountry\":\"BR\"},{\"@type\":\"ImageObject\",\"inLanguage\":\"en-US\",\"@id\":\"https:\\\/\\\/ubirataonline.com.br\\\/seguro-desemprego-sera-pago-de-forma-escalonada-a-partir-desta-terca\\\/#local-main-organization-logo\",\"url\":\"https:\\\/\\\/ubirataonline.com.br\\\/wp-content\\\/uploads\\\/2026\\\/06\\\/logoubirataonline-1.webp\",\"contentUrl\":\"https:\\\/\\\/ubirataonline.com.br\\\/wp-content\\\/uploads\\\/2026\\\/06\\\/logoubirataonline-1.webp\",\"width\":500,\"height\":500,\"caption\":\"Ubirat\u00e3 Online Not\u00edcias\"}]}<\/script>\n<meta name=\"geo.placename\" content=\"UBIRATA\" \/>\n<meta name=\"geo.position\" content=\"-24.5361401;-52.9921776\" \/>\n<meta name=\"geo.region\" content=\"Brazil\" \/>\n<!-- \/ Yoast SEO Premium plugin. -->","yoast_head_json":{"title":"Seguro-desemprego ser\u00e1 pago de forma escalonada a partir desta ter\u00e7a - Ubirat\u00e3 Online Not\u00edcias - A realidade ao seu alcance!","description":"Minist\u00e9rio do Trabalho informou que inicia nesta ter\u00e7a-feira (17) o pagamento, de forma escalonada, do lote de pagamento do seguro-desemprego deste m\u00eas.","robots":{"index":"index","follow":"follow","max-snippet":"max-snippet:-1","max-image-preview":"max-image-preview:large","max-video-preview":"max-video-preview:-1"},"canonical":"https:\/\/ubirataonline.com.br\/en\/seguro-desemprego-sera-pago-de-forma-escalonada-a-partir-desta-terca\/","og_locale":"en_US","og_type":"article","og_title":"Seguro-desemprego ser\u00e1 pago de forma escalonada a partir desta ter\u00e7a","og_description":"Minist\u00e9rio do Trabalho informou que inicia nesta ter\u00e7a-feira (17) o pagamento, de forma escalonada, do lote de pagamento do seguro-desemprego deste m\u00eas.","og_url":"https:\/\/ubirataonline.com.br\/en\/seguro-desemprego-sera-pago-de-forma-escalonada-a-partir-desta-terca\/","og_site_name":"Ubirat\u00e3 Online Not\u00edcias - A realidade ao seu alcance!","article_publisher":"https:\/\/www.facebook.com\/portalubirataonline","article_published_time":"2017-01-17T18:51:12+00:00","article_modified_time":"2017-01-17T18:51:45+00:00","og_image":[{"url":"http:\/\/s2.glbimg.com\/gUxU2deiwmfSPmCjgmjTEiGc_Uo=\/0x0:620x317\/984x0\/smart\/filters:strip_icc()\/i.s3.glbimg.com\/v1\/AUTH_59edd422c0c84a879bd37670ae4f538a\/internal_photos\/bs\/2017\/S\/j\/HiWXBUSHu7fPKJWQWLdQ\/seguro-desemprego.jpg","type":"","width":"","height":""}],"author":"Vampeta","twitter_card":"summary_large_image","twitter_creator":"@ubirataonline","twitter_site":"@ubirataonline","twitter_misc":{"Written by":"Vampeta","Est. reading time":"2 minutes"},"schema":{"@context":"https:\/\/schema.org","@graph":[{"@type":"NewsArticle","@id":"https:\/\/ubirataonline.com.br\/seguro-desemprego-sera-pago-de-forma-escalonada-a-partir-desta-terca\/#article","isPartOf":{"@id":"https:\/\/ubirataonline.com.br\/seguro-desemprego-sera-pago-de-forma-escalonada-a-partir-desta-terca\/"},"author":{"name":"Vampeta","@id":"https:\/\/ubirataonline.com.br\/#\/schema\/person\/09f7a474bd1834b50dea8d1c197e976f"},"headline":"Seguro-desemprego ser\u00e1 pago de forma escalonada a partir desta ter\u00e7a","datePublished":"2017-01-17T18:51:12+00:00","dateModified":"2017-01-17T18:51:45+00:00","mainEntityOfPage":{"@id":"https:\/\/ubirataonline.com.br\/seguro-desemprego-sera-pago-de-forma-escalonada-a-partir-desta-terca\/"},"wordCount":434,"publisher":{"@id":"https:\/\/ubirataonline.com.br\/#organization"},"image":{"@id":"https:\/\/ubirataonline.com.br\/seguro-desemprego-sera-pago-de-forma-escalonada-a-partir-desta-terca\/#primaryimage"},"thumbnailUrl":"http:\/\/s2.glbimg.com\/gUxU2deiwmfSPmCjgmjTEiGc_Uo=\/0x0:620x317\/984x0\/smart\/filters:strip_icc()\/i.s3.glbimg.com\/v1\/AUTH_59edd422c0c84a879bd37670ae4f538a\/internal_photos\/bs\/2017\/S\/j\/HiWXBUSHu7fPKJWQWLdQ\/seguro-desemprego.jpg","inLanguage":"en-US","copyrightYear":"2017","copyrightHolder":{"@id":"https:\/\/ubirataonline.com.br\/en\/#organization"}},{"@type":"WebPage","@id":"https:\/\/ubirataonline.com.br\/seguro-desemprego-sera-pago-de-forma-escalonada-a-partir-desta-terca\/","url":"https:\/\/ubirataonline.com.br\/seguro-desemprego-sera-pago-de-forma-escalonada-a-partir-desta-terca\/","name":"Seguro-desemprego ser\u00e1 pago de forma escalonada a partir desta ter\u00e7a - Ubirat\u00e3 Online Not\u00edcias - A realidade ao seu alcance!","isPartOf":{"@id":"https:\/\/ubirataonline.com.br\/#website"},"primaryImageOfPage":{"@id":"https:\/\/ubirataonline.com.br\/seguro-desemprego-sera-pago-de-forma-escalonada-a-partir-desta-terca\/#primaryimage"},"image":{"@id":"https:\/\/ubirataonline.com.br\/seguro-desemprego-sera-pago-de-forma-escalonada-a-partir-desta-terca\/#primaryimage"},"thumbnailUrl":"http:\/\/s2.glbimg.com\/gUxU2deiwmfSPmCjgmjTEiGc_Uo=\/0x0:620x317\/984x0\/smart\/filters:strip_icc()\/i.s3.glbimg.com\/v1\/AUTH_59edd422c0c84a879bd37670ae4f538a\/internal_photos\/bs\/2017\/S\/j\/HiWXBUSHu7fPKJWQWLdQ\/seguro-desemprego.jpg","datePublished":"2017-01-17T18:51:12+00:00","dateModified":"2017-01-17T18:51:45+00:00","description":"Minist\u00e9rio do Trabalho informou que inicia nesta ter\u00e7a-feira (17) o pagamento, de forma escalonada, do lote de pagamento do seguro-desemprego deste m\u00eas.","breadcrumb":{"@id":"https:\/\/ubirataonline.com.br\/seguro-desemprego-sera-pago-de-forma-escalonada-a-partir-desta-terca\/#breadcrumb"},"inLanguage":"en-US","potentialAction":[{"@type":"ReadAction","target":["https:\/\/ubirataonline.com.br\/seguro-desemprego-sera-pago-de-forma-escalonada-a-partir-desta-terca\/"]}]},{"@type":"ImageObject","inLanguage":"en-US","@id":"https:\/\/ubirataonline.com.br\/seguro-desemprego-sera-pago-de-forma-escalonada-a-partir-desta-terca\/#primaryimage","url":"http:\/\/s2.glbimg.com\/gUxU2deiwmfSPmCjgmjTEiGc_Uo=\/0x0:620x317\/984x0\/smart\/filters:strip_icc()\/i.s3.glbimg.com\/v1\/AUTH_59edd422c0c84a879bd37670ae4f538a\/internal_photos\/bs\/2017\/S\/j\/HiWXBUSHu7fPKJWQWLdQ\/seguro-desemprego.jpg","contentUrl":"http:\/\/s2.glbimg.com\/gUxU2deiwmfSPmCjgmjTEiGc_Uo=\/0x0:620x317\/984x0\/smart\/filters:strip_icc()\/i.s3.glbimg.com\/v1\/AUTH_59edd422c0c84a879bd37670ae4f538a\/internal_photos\/bs\/2017\/S\/j\/HiWXBUSHu7fPKJWQWLdQ\/seguro-desemprego.jpg"},{"@type":"BreadcrumbList","@id":"https:\/\/ubirataonline.com.br\/seguro-desemprego-sera-pago-de-forma-escalonada-a-partir-desta-terca\/#breadcrumb","itemListElement":[{"@type":"ListItem","position":1,"name":"In\u00edcio","item":"https:\/\/ubirataonline.com.br\/"},{"@type":"ListItem","position":2,"name":"Seguro-desemprego ser\u00e1 pago de forma escalonada a partir desta ter\u00e7a"}]},{"@type":"WebSite","@id":"https:\/\/ubirataonline.com.br\/#website","url":"https:\/\/ubirataonline.com.br\/","name":"Ubirat\u00e3 Online Not\u00edcias","description":"Not\u00edcias de Ubirat\u00e3, regi\u00e3o, Brasil e mundo, com informa\u00e7\u00e3o atualizada e compromisso com o leitor.","publisher":{"@id":"https:\/\/ubirataonline.com.br\/#organization"},"alternateName":"Ubirat\u00e3 Online","potentialAction":[{"@type":"SearchAction","target":{"@type":"EntryPoint","urlTemplate":"https:\/\/ubirataonline.com.br\/?s={search_term_string}"},"query-input":{"@type":"PropertyValueSpecification","valueRequired":true,"valueName":"search_term_string"}}],"inLanguage":"en-US"},{"@type":["Organization","Place"],"@id":"https:\/\/ubirataonline.com.br\/#organization","name":"Ubirat\u00e3 Online Not\u00edcias","alternateName":"Ubirat\u00e3 Online","url":"https:\/\/ubirataonline.com.br\/","logo":{"@id":"https:\/\/ubirataonline.com.br\/seguro-desemprego-sera-pago-de-forma-escalonada-a-partir-desta-terca\/#local-main-organization-logo"},"image":{"@id":"https:\/\/ubirataonline.com.br\/seguro-desemprego-sera-pago-de-forma-escalonada-a-partir-desta-terca\/#local-main-organization-logo"},"sameAs":["https:\/\/www.facebook.com\/portalubirataonline","https:\/\/x.com\/ubirataonline","https:\/\/mastodon.social\/@ubirataonline","https:\/\/www.facebook.com\/groups\/311144672285604","https:\/\/www.facebook.com\/UBTAOnline","https:\/\/www.instagram.com\/portalubirataonline\/","https:\/\/twitter.com\/ubirataonline"],"description":"Somos um portal de not\u00edcias independente, criado em 5 de janeiro de 2009, com o objetivo de informar, conectar e valorizar a nossa comunidade de Ubirat\u00e3 e toda aregi\u00e3o. Com conte\u00fado atualizado, confi\u00e1vel e relevante, o Ubirat\u00e3 Online \u00e9 o seu espa\u00e7o para ficar por dentro dos principais acontecimentos locais, regionais, Brasil, Mundo e de interesse geral. Nosso compromisso \u00e9 com a verdade, a transpar\u00eancia e o respeito ao leitor.","legalName":"UBIRATA ONLINE NOT\u00cdCIAS","foundingDate":"2009-01-05","numberOfEmployees":{"@type":"QuantitativeValue","minValue":"1","maxValue":"10"},"publishingPrinciples":"https:\/\/ubirataonline.com.br\/faq\/","address":{"@id":"https:\/\/ubirataonline.com.br\/seguro-desemprego-sera-pago-de-forma-escalonada-a-partir-desta-terca\/#local-main-place-address"},"geo":{"@type":"GeoCoordinates","latitude":"-24.5361401","longitude":"-52.9921776"},"telephone":["+5544998308235"],"contactPoint":{"@type":"ContactPoint","email":"contato@ubirataonline.com.br"},"openingHoursSpecification":{"@type":"OpeningHoursSpecification","dayOfWeek":["Monday","Tuesday","Wednesday","Thursday","Friday","Saturday","Sunday"],"opens":"00:00","closes":"23:59"},"email":"contato@ubirataonline.com.br","vatID":"47.621.418\/0001-80"},{"@type":"Person","@id":"https:\/\/ubirataonline.com.br\/#\/schema\/person\/09f7a474bd1834b50dea8d1c197e976f","name":"Vampeta","sameAs":["https:\/\/ubirataonline.com.br"],"url":"https:\/\/ubirataonline.com.br\/en\/author\/vampeta\/"},{"@type":"PostalAddress","@id":"https:\/\/ubirataonline.com.br\/seguro-desemprego-sera-pago-de-forma-escalonada-a-partir-desta-terca\/#local-main-place-address","streetAddress":"Rua dos Coqueiros, 104 - Bairro Boa Vista, Rua dos Coqueiros, 104 Bairro Boa Vista","addressLocality":"UBIRATA","postalCode":"85440-000","addressRegion":"PR","addressCountry":"BR"},{"@type":"ImageObject","inLanguage":"en-US","@id":"https:\/\/ubirataonline.com.br\/seguro-desemprego-sera-pago-de-forma-escalonada-a-partir-desta-terca\/#local-main-organization-logo","url":"https:\/\/ubirataonline.com.br\/wp-content\/uploads\/2026\/06\/logoubirataonline-1.webp","contentUrl":"https:\/\/ubirataonline.com.br\/wp-content\/uploads\/2026\/06\/logoubirataonline-1.webp","width":500,"height":500,"caption":"Ubirat\u00e3 Online Not\u00edcias"}]},"geo.placename":"UBIRATA","geo.position":{"lat":"-24.5361401","long":"-52.9921776"},"geo.region":"Brazil"},"_links":{"self":[{"href":"https:\/\/ubirataonline.com.br\/en\/wp-json\/wp\/v2\/posts\/655","targetHints":{"allow":["GET"]}}],"collection":[{"href":"https:\/\/ubirataonline.com.br\/en\/wp-json\/wp\/v2\/posts"}],"about":[{"href":"https:\/\/ubirataonline.com.br\/en\/wp-json\/wp\/v2\/types\/post"}],"author":[{"embeddable":true,"href":"https:\/\/ubirataonline.com.br\/en\/wp-json\/wp\/v2\/users\/2"}],"replies":[{"embeddable":true,"href":"https:\/\/ubirataonline.com.br\/en\/wp-json\/wp\/v2\/comments?post=655"}],"version-history":[{"count":0,"href":"https:\/\/ubirataonline.com.br\/en\/wp-json\/wp\/v2\/posts\/655\/revisions"}],"wp:attachment":[{"href":"https:\/\/ubirataonline.com.br\/en\/wp-json\/wp\/v2\/media?parent=655"}],"wp:term":[{"taxonomy":"category","embeddable":true,"href":"https:\/\/ubirataonline.com.br\/en\/wp-json\/wp\/v2\/categories?post=655"},{"taxonomy":"post_tag","embeddable":true,"href":"https:\/\/ubirataonline.com.br\/en\/wp-json\/wp\/v2\/tags?post=655"}],"curies":[{"name":"wp","href":"https:\/\/api.w.org\/{rel}","templated":true}]}}