{"id":661,"date":"2017-01-17T20:53:26","date_gmt":"2017-01-17T23:53:26","guid":{"rendered":"https:\/\/ubirataonline.com.br\/?p=661"},"modified":"2017-01-17T21:14:00","modified_gmt":"2017-01-18T00:14:00","slug":"vereador-harri-tholken-participa-da-sessao-ordinaria-desta-terca-feira","status":"publish","type":"post","link":"https:\/\/ubirataonline.com.br\/en\/vereador-harri-tholken-participa-da-sessao-ordinaria-desta-terca-feira\/","title":{"rendered":"Confira as indica\u00e7\u00f5es do vereador Harri Tholken na sess\u00e3o ordin\u00e1ria desta ter\u00e7a-feira"},"content":{"rendered":"<h4><strong>Vereador fez reivindica\u00e7\u00f5es e parabenizou a Cooperativa Coagru&#8230;<\/strong><\/h4>\n<p>Foi realizado na noite desta ter\u00e7a-feira (17), mais uma sess\u00e3o ordin\u00e1ria na C\u00e2mara de Vereadores de Ubirat\u00e3. Sess\u00e3o que contou com a presen\u00e7a dos nove vereadores e transcorreu na normalidade.<\/p>\n<p>O vereador Harri Tholken fez a indica\u00e7\u00e3o ao executivo municipal juntamente com alguns companheiros para a constru\u00e7\u00e3o de uma via para interligar os loteamentos Parque dos Ip\u00eas e Parque do Lago, visto que os dois conjuntos est\u00e3o em pleno desenvolvimento e para que seja facilitado o acesso dos moradores daquela localidade que cobra do poder p\u00fablico que algo passa ser feito nesse sentido.<\/p>\n<p>Tholken tamb\u00e9m solicitou juntamente com outros vereadores a instala\u00e7\u00e3o de uma ATI (Academia da Terceira Idade) na Comunidade S\u00e3o Jo\u00e3o, devido ao grande n\u00famero de moradores que gostam de praticar esportes e necessita de um local como esse para realiza\u00e7\u00e3o dessas atividades.<\/p>\n<h3><\/h3>\n<h3 style=\"text-align: center;\"><\/h3>\n<h3 style=\"text-align: center;\"><span style=\"color: #0000ff;\">Uso da Palavra<\/span><\/h3>\n<h3 style=\"text-align: center;\"><span style=\"color: #0000ff;\">\u00a0<img loading=\"lazy\" decoding=\"async\" class=\"alignnone size-full wp-image-663\" src=\"https:\/\/ubirataonline.com.br\/wp-content\/uploads\/2017\/01\/a21f2b6b-c85a-4dc4-8499-a01284712509-3.jpg\" alt=\"\" width=\"102\" height=\"140\" \/><\/span><\/h3>\n<p>Ao usar a palavra o edil parabenizou a Cooperativa Coagru que realizou recentemente o Dia de Campo.<\/p>\n<blockquote><p><em><strong>Gostaria de parabenizar a diretoria da Coagru, cooperativa na qual fa\u00e7o parte\u00a0 como cooperado e que nos orgulha muito por ver a import\u00e2ncia que ela tem para nosso munic\u00edpio<\/strong><\/em>, destaca.<\/p><\/blockquote>\n<p>Na oportunidade ainda prestou esclarecimento com rela\u00e7\u00e3o \u00e0 cobran\u00e7a de alguns vereadores para com os servi\u00e7os prestados pela secretaria de Servi\u00e7os Urbanos.<\/p>\n<blockquote><p><em><strong>Conversei com Marcos Retamero, nosso secret\u00e1rio, porque tenho muitas indica\u00e7\u00f5es a ser feito, por\u00e9m, ele me pediu um pouco de paci\u00eancia pois est\u00e3o com poucos funcion\u00e1rios a disposi\u00e7\u00e3o e que novos funcion\u00e1rios ser\u00e3o contratados para suprir a demanda at\u00e9 meados do m\u00eas que v\u00eam se tudo correr bem<\/strong><\/em>, finaliza Tholken.<\/p><\/blockquote>","protected":false},"excerpt":{"rendered":"<p>Vereador fez reivindica\u00e7\u00f5es e parabenizou a Cooperativa Coagru&#8230; Foi realizado na noite desta ter\u00e7a-feira (17), mais uma sess\u00e3o ordin\u00e1ria na C\u00e2mara de Vereadores de Ubirat\u00e3. Sess\u00e3o que contou com a presen\u00e7a dos nove vereadores e transcorreu na normalidade. O vereador Harri Tholken fez a indica\u00e7\u00e3o ao executivo municipal juntamente com alguns companheiros para a constru\u00e7\u00e3o [&hellip;]<\/p>\n","protected":false},"author":2,"featured_media":0,"comment_status":"closed","ping_status":"closed","sticky":false,"template":"","format":"standard","meta":{"googlesitekit_rrm_CAow2JLhCw:productID":"","_gspb_post_css":"","maa_idioma":"","maa_pais":"","footnotes":""},"categories":[],"tags":[],"class_list":["post-661","post","type-post","status-publish","format-standard","hentry"],"blocksy_meta":[],"yoast_head":"<!-- This site is optimized with the Yoast SEO Premium plugin v27.6 (Yoast SEO v27.6) - https:\/\/yoast.com\/product\/yoast-seo-premium-wordpress\/ -->\n<title>Confira as indica\u00e7\u00f5es do vereador Harri Tholken na sess\u00e3o ordin\u00e1ria desta ter\u00e7a-feira - Ubirat\u00e3 Online Not\u00edcias - A realidade ao seu alcance!<\/title>\n<meta name=\"description\" content=\"Vereador fez reivindica\u00e7\u00f5es e parabenizou a Cooperativa Coagru... Foi realizado na noite desta ter\u00e7a-feira (17), mais uma sess\u00e3o ordin\u00e1ria na C\u00e2mara de\" \/>\n<meta name=\"robots\" content=\"index, follow, max-snippet:-1, max-image-preview:large, max-video-preview:-1\" \/>\n<link rel=\"canonical\" href=\"https:\/\/ubirataonline.com.br\/en\/vereador-harri-tholken-participa-da-sessao-ordinaria-desta-terca-feira\/\" \/>\n<meta property=\"og:locale\" content=\"en_US\" \/>\n<meta property=\"og:type\" content=\"article\" \/>\n<meta property=\"og:title\" content=\"Confira as indica\u00e7\u00f5es do vereador Harri Tholken na sess\u00e3o ordin\u00e1ria desta ter\u00e7a-feira\" \/>\n<meta property=\"og:description\" content=\"Vereador fez reivindica\u00e7\u00f5es e parabenizou a Cooperativa Coagru... Foi realizado na noite desta ter\u00e7a-feira (17), mais uma sess\u00e3o ordin\u00e1ria na C\u00e2mara de\" \/>\n<meta property=\"og:url\" content=\"https:\/\/ubirataonline.com.br\/en\/vereador-harri-tholken-participa-da-sessao-ordinaria-desta-terca-feira\/\" \/>\n<meta property=\"og:site_name\" content=\"Ubirat\u00e3 Online Not\u00edcias - A realidade ao seu alcance!\" \/>\n<meta property=\"article:publisher\" content=\"https:\/\/www.facebook.com\/portalubirataonline\" \/>\n<meta property=\"article:published_time\" content=\"2017-01-17T23:53:26+00:00\" \/>\n<meta property=\"article:modified_time\" content=\"2017-01-18T00:14:00+00:00\" \/>\n<meta property=\"og:image\" content=\"https:\/\/ubirataonline.com.br\/wp-content\/uploads\/2017\/01\/a21f2b6b-c85a-4dc4-8499-a01284712509-3.jpg\" \/>\n<meta name=\"author\" content=\"Vampeta\" \/>\n<meta name=\"twitter:card\" content=\"summary_large_image\" \/>\n<meta name=\"twitter:creator\" content=\"@ubirataonline\" \/>\n<meta name=\"twitter:site\" content=\"@ubirataonline\" \/>\n<meta name=\"twitter:label1\" content=\"Written by\" \/>\n\t<meta name=\"twitter:data1\" content=\"Vampeta\" \/>\n\t<meta name=\"twitter:label2\" content=\"Est. reading time\" \/>\n\t<meta name=\"twitter:data2\" content=\"1 minute\" \/>\n<script type=\"application\/ld+json\" class=\"yoast-schema-graph\">{\"@context\":\"https:\\\/\\\/schema.org\",\"@graph\":[{\"@type\":\"NewsArticle\",\"@id\":\"https:\\\/\\\/ubirataonline.com.br\\\/vereador-harri-tholken-participa-da-sessao-ordinaria-desta-terca-feira\\\/#article\",\"isPartOf\":{\"@id\":\"https:\\\/\\\/ubirataonline.com.br\\\/vereador-harri-tholken-participa-da-sessao-ordinaria-desta-terca-feira\\\/\"},\"author\":{\"name\":\"Vampeta\",\"@id\":\"https:\\\/\\\/ubirataonline.com.br\\\/#\\\/schema\\\/person\\\/09f7a474bd1834b50dea8d1c197e976f\"},\"headline\":\"Confira as indica\u00e7\u00f5es do vereador Harri Tholken na sess\u00e3o ordin\u00e1ria desta ter\u00e7a-feira\",\"datePublished\":\"2017-01-17T23:53:26+00:00\",\"dateModified\":\"2017-01-18T00:14:00+00:00\",\"mainEntityOfPage\":{\"@id\":\"https:\\\/\\\/ubirataonline.com.br\\\/vereador-harri-tholken-participa-da-sessao-ordinaria-desta-terca-feira\\\/\"},\"wordCount\":315,\"publisher\":{\"@id\":\"https:\\\/\\\/ubirataonline.com.br\\\/#organization\"},\"image\":{\"@id\":\"https:\\\/\\\/ubirataonline.com.br\\\/vereador-harri-tholken-participa-da-sessao-ordinaria-desta-terca-feira\\\/#primaryimage\"},\"thumbnailUrl\":\"https:\\\/\\\/ubirataonline.com.br\\\/wp-content\\\/uploads\\\/2017\\\/01\\\/a21f2b6b-c85a-4dc4-8499-a01284712509-3.jpg\",\"inLanguage\":\"en-US\",\"copyrightYear\":\"2017\",\"copyrightHolder\":{\"@id\":\"https:\\\/\\\/ubirataonline.com.br\\\/en\\\/#organization\"}},{\"@type\":\"WebPage\",\"@id\":\"https:\\\/\\\/ubirataonline.com.br\\\/vereador-harri-tholken-participa-da-sessao-ordinaria-desta-terca-feira\\\/\",\"url\":\"https:\\\/\\\/ubirataonline.com.br\\\/vereador-harri-tholken-participa-da-sessao-ordinaria-desta-terca-feira\\\/\",\"name\":\"Confira as indica\u00e7\u00f5es do vereador Harri Tholken na sess\u00e3o ordin\u00e1ria desta ter\u00e7a-feira - Ubirat\u00e3 Online Not\u00edcias - A realidade ao seu alcance!\",\"isPartOf\":{\"@id\":\"https:\\\/\\\/ubirataonline.com.br\\\/#website\"},\"primaryImageOfPage\":{\"@id\":\"https:\\\/\\\/ubirataonline.com.br\\\/vereador-harri-tholken-participa-da-sessao-ordinaria-desta-terca-feira\\\/#primaryimage\"},\"image\":{\"@id\":\"https:\\\/\\\/ubirataonline.com.br\\\/vereador-harri-tholken-participa-da-sessao-ordinaria-desta-terca-feira\\\/#primaryimage\"},\"thumbnailUrl\":\"https:\\\/\\\/ubirataonline.com.br\\\/wp-content\\\/uploads\\\/2017\\\/01\\\/a21f2b6b-c85a-4dc4-8499-a01284712509-3.jpg\",\"datePublished\":\"2017-01-17T23:53:26+00:00\",\"dateModified\":\"2017-01-18T00:14:00+00:00\",\"description\":\"Vereador fez reivindica\u00e7\u00f5es e parabenizou a Cooperativa Coagru... Foi realizado na noite desta ter\u00e7a-feira (17), mais uma sess\u00e3o ordin\u00e1ria na C\u00e2mara de\",\"breadcrumb\":{\"@id\":\"https:\\\/\\\/ubirataonline.com.br\\\/vereador-harri-tholken-participa-da-sessao-ordinaria-desta-terca-feira\\\/#breadcrumb\"},\"inLanguage\":\"en-US\",\"potentialAction\":[{\"@type\":\"ReadAction\",\"target\":[\"https:\\\/\\\/ubirataonline.com.br\\\/vereador-harri-tholken-participa-da-sessao-ordinaria-desta-terca-feira\\\/\"]}]},{\"@type\":\"ImageObject\",\"inLanguage\":\"en-US\",\"@id\":\"https:\\\/\\\/ubirataonline.com.br\\\/vereador-harri-tholken-participa-da-sessao-ordinaria-desta-terca-feira\\\/#primaryimage\",\"url\":\"https:\\\/\\\/ubirataonline.com.br\\\/wp-content\\\/uploads\\\/2017\\\/01\\\/a21f2b6b-c85a-4dc4-8499-a01284712509-3.jpg\",\"contentUrl\":\"https:\\\/\\\/ubirataonline.com.br\\\/wp-content\\\/uploads\\\/2017\\\/01\\\/a21f2b6b-c85a-4dc4-8499-a01284712509-3.jpg\"},{\"@type\":\"BreadcrumbList\",\"@id\":\"https:\\\/\\\/ubirataonline.com.br\\\/vereador-harri-tholken-participa-da-sessao-ordinaria-desta-terca-feira\\\/#breadcrumb\",\"itemListElement\":[{\"@type\":\"ListItem\",\"position\":1,\"name\":\"In\u00edcio\",\"item\":\"https:\\\/\\\/ubirataonline.com.br\\\/\"},{\"@type\":\"ListItem\",\"position\":2,\"name\":\"Confira as indica\u00e7\u00f5es do vereador Harri Tholken na sess\u00e3o ordin\u00e1ria desta ter\u00e7a-feira\"}]},{\"@type\":\"WebSite\",\"@id\":\"https:\\\/\\\/ubirataonline.com.br\\\/#website\",\"url\":\"https:\\\/\\\/ubirataonline.com.br\\\/\",\"name\":\"Ubirat\u00e3 Online Not\u00edcias\",\"description\":\"Not\u00edcias de Ubirat\u00e3, regi\u00e3o, Brasil e mundo, com informa\u00e7\u00e3o atualizada e compromisso com o leitor.\",\"publisher\":{\"@id\":\"https:\\\/\\\/ubirataonline.com.br\\\/#organization\"},\"alternateName\":\"Ubirat\u00e3 Online\",\"potentialAction\":[{\"@type\":\"SearchAction\",\"target\":{\"@type\":\"EntryPoint\",\"urlTemplate\":\"https:\\\/\\\/ubirataonline.com.br\\\/?s={search_term_string}\"},\"query-input\":{\"@type\":\"PropertyValueSpecification\",\"valueRequired\":true,\"valueName\":\"search_term_string\"}}],\"inLanguage\":\"en-US\"},{\"@type\":[\"Organization\",\"Place\"],\"@id\":\"https:\\\/\\\/ubirataonline.com.br\\\/#organization\",\"name\":\"Ubirat\u00e3 Online Not\u00edcias\",\"alternateName\":\"Ubirat\u00e3 Online\",\"url\":\"https:\\\/\\\/ubirataonline.com.br\\\/\",\"logo\":{\"@id\":\"https:\\\/\\\/ubirataonline.com.br\\\/vereador-harri-tholken-participa-da-sessao-ordinaria-desta-terca-feira\\\/#local-main-organization-logo\"},\"image\":{\"@id\":\"https:\\\/\\\/ubirataonline.com.br\\\/vereador-harri-tholken-participa-da-sessao-ordinaria-desta-terca-feira\\\/#local-main-organization-logo\"},\"sameAs\":[\"https:\\\/\\\/www.facebook.com\\\/portalubirataonline\",\"https:\\\/\\\/x.com\\\/ubirataonline\",\"https:\\\/\\\/mastodon.social\\\/@ubirataonline\",\"https:\\\/\\\/www.facebook.com\\\/groups\\\/311144672285604\",\"https:\\\/\\\/www.facebook.com\\\/UBTAOnline\",\"https:\\\/\\\/www.instagram.com\\\/portalubirataonline\\\/\",\"https:\\\/\\\/twitter.com\\\/ubirataonline\"],\"description\":\"Somos um portal de not\u00edcias independente, criado em 5 de janeiro de 2009, com o objetivo de informar, conectar e valorizar a nossa comunidade de Ubirat\u00e3 e toda aregi\u00e3o. Com conte\u00fado atualizado, confi\u00e1vel e relevante, o Ubirat\u00e3 Online \u00e9 o seu espa\u00e7o para ficar por dentro dos principais acontecimentos locais, regionais, Brasil, Mundo e de interesse geral. Nosso compromisso \u00e9 com a verdade, a transpar\u00eancia e o respeito ao leitor.\",\"legalName\":\"UBIRATA ONLINE NOT\u00cdCIAS\",\"foundingDate\":\"2009-01-05\",\"numberOfEmployees\":{\"@type\":\"QuantitativeValue\",\"minValue\":\"1\",\"maxValue\":\"10\"},\"publishingPrinciples\":\"https:\\\/\\\/ubirataonline.com.br\\\/faq\\\/\",\"address\":{\"@id\":\"https:\\\/\\\/ubirataonline.com.br\\\/vereador-harri-tholken-participa-da-sessao-ordinaria-desta-terca-feira\\\/#local-main-place-address\"},\"geo\":{\"@type\":\"GeoCoordinates\",\"latitude\":\"-24.5361401\",\"longitude\":\"-52.9921776\"},\"telephone\":[\"+5544998308235\"],\"contactPoint\":{\"@type\":\"ContactPoint\",\"email\":\"contato@ubirataonline.com.br\"},\"openingHoursSpecification\":{\"@type\":\"OpeningHoursSpecification\",\"dayOfWeek\":[\"Monday\",\"Tuesday\",\"Wednesday\",\"Thursday\",\"Friday\",\"Saturday\",\"Sunday\"],\"opens\":\"00:00\",\"closes\":\"23:59\"},\"email\":\"contato@ubirataonline.com.br\",\"vatID\":\"47.621.418\\\/0001-80\"},{\"@type\":\"Person\",\"@id\":\"https:\\\/\\\/ubirataonline.com.br\\\/#\\\/schema\\\/person\\\/09f7a474bd1834b50dea8d1c197e976f\",\"name\":\"Vampeta\",\"sameAs\":[\"https:\\\/\\\/ubirataonline.com.br\"],\"url\":\"https:\\\/\\\/ubirataonline.com.br\\\/en\\\/author\\\/vampeta\\\/\"},{\"@type\":\"PostalAddress\",\"@id\":\"https:\\\/\\\/ubirataonline.com.br\\\/vereador-harri-tholken-participa-da-sessao-ordinaria-desta-terca-feira\\\/#local-main-place-address\",\"streetAddress\":\"Rua dos Coqueiros, 104 - Bairro Boa Vista, Rua dos Coqueiros, 104 Bairro Boa Vista\",\"addressLocality\":\"UBIRATA\",\"postalCode\":\"85440-000\",\"addressRegion\":\"PR\",\"addressCountry\":\"BR\"},{\"@type\":\"ImageObject\",\"inLanguage\":\"en-US\",\"@id\":\"https:\\\/\\\/ubirataonline.com.br\\\/vereador-harri-tholken-participa-da-sessao-ordinaria-desta-terca-feira\\\/#local-main-organization-logo\",\"url\":\"https:\\\/\\\/ubirataonline.com.br\\\/wp-content\\\/uploads\\\/2026\\\/06\\\/logoubirataonline-1.webp\",\"contentUrl\":\"https:\\\/\\\/ubirataonline.com.br\\\/wp-content\\\/uploads\\\/2026\\\/06\\\/logoubirataonline-1.webp\",\"width\":500,\"height\":500,\"caption\":\"Ubirat\u00e3 Online Not\u00edcias\"}]}<\/script>\n<meta name=\"geo.placename\" content=\"UBIRATA\" \/>\n<meta name=\"geo.position\" content=\"-24.5361401;-52.9921776\" \/>\n<meta name=\"geo.region\" content=\"Brazil\" \/>\n<!-- \/ Yoast SEO Premium plugin. -->","yoast_head_json":{"title":"Confira as indica\u00e7\u00f5es do vereador Harri Tholken na sess\u00e3o ordin\u00e1ria desta ter\u00e7a-feira - Ubirat\u00e3 Online Not\u00edcias - A realidade ao seu alcance!","description":"Vereador fez reivindica\u00e7\u00f5es e parabenizou a Cooperativa Coagru... Foi realizado na noite desta ter\u00e7a-feira (17), mais uma sess\u00e3o ordin\u00e1ria na C\u00e2mara de","robots":{"index":"index","follow":"follow","max-snippet":"max-snippet:-1","max-image-preview":"max-image-preview:large","max-video-preview":"max-video-preview:-1"},"canonical":"https:\/\/ubirataonline.com.br\/en\/vereador-harri-tholken-participa-da-sessao-ordinaria-desta-terca-feira\/","og_locale":"en_US","og_type":"article","og_title":"Confira as indica\u00e7\u00f5es do vereador Harri Tholken na sess\u00e3o ordin\u00e1ria desta ter\u00e7a-feira","og_description":"Vereador fez reivindica\u00e7\u00f5es e parabenizou a Cooperativa Coagru... Foi realizado na noite desta ter\u00e7a-feira (17), mais uma sess\u00e3o ordin\u00e1ria na C\u00e2mara de","og_url":"https:\/\/ubirataonline.com.br\/en\/vereador-harri-tholken-participa-da-sessao-ordinaria-desta-terca-feira\/","og_site_name":"Ubirat\u00e3 Online Not\u00edcias - A realidade ao seu alcance!","article_publisher":"https:\/\/www.facebook.com\/portalubirataonline","article_published_time":"2017-01-17T23:53:26+00:00","article_modified_time":"2017-01-18T00:14:00+00:00","og_image":[{"url":"https:\/\/ubirataonline.com.br\/wp-content\/uploads\/2017\/01\/a21f2b6b-c85a-4dc4-8499-a01284712509-3.jpg","type":"","width":"","height":""}],"author":"Vampeta","twitter_card":"summary_large_image","twitter_creator":"@ubirataonline","twitter_site":"@ubirataonline","twitter_misc":{"Written by":"Vampeta","Est. reading time":"1 minute"},"schema":{"@context":"https:\/\/schema.org","@graph":[{"@type":"NewsArticle","@id":"https:\/\/ubirataonline.com.br\/vereador-harri-tholken-participa-da-sessao-ordinaria-desta-terca-feira\/#article","isPartOf":{"@id":"https:\/\/ubirataonline.com.br\/vereador-harri-tholken-participa-da-sessao-ordinaria-desta-terca-feira\/"},"author":{"name":"Vampeta","@id":"https:\/\/ubirataonline.com.br\/#\/schema\/person\/09f7a474bd1834b50dea8d1c197e976f"},"headline":"Confira as indica\u00e7\u00f5es do vereador Harri Tholken na sess\u00e3o ordin\u00e1ria desta ter\u00e7a-feira","datePublished":"2017-01-17T23:53:26+00:00","dateModified":"2017-01-18T00:14:00+00:00","mainEntityOfPage":{"@id":"https:\/\/ubirataonline.com.br\/vereador-harri-tholken-participa-da-sessao-ordinaria-desta-terca-feira\/"},"wordCount":315,"publisher":{"@id":"https:\/\/ubirataonline.com.br\/#organization"},"image":{"@id":"https:\/\/ubirataonline.com.br\/vereador-harri-tholken-participa-da-sessao-ordinaria-desta-terca-feira\/#primaryimage"},"thumbnailUrl":"https:\/\/ubirataonline.com.br\/wp-content\/uploads\/2017\/01\/a21f2b6b-c85a-4dc4-8499-a01284712509-3.jpg","inLanguage":"en-US","copyrightYear":"2017","copyrightHolder":{"@id":"https:\/\/ubirataonline.com.br\/en\/#organization"}},{"@type":"WebPage","@id":"https:\/\/ubirataonline.com.br\/vereador-harri-tholken-participa-da-sessao-ordinaria-desta-terca-feira\/","url":"https:\/\/ubirataonline.com.br\/vereador-harri-tholken-participa-da-sessao-ordinaria-desta-terca-feira\/","name":"Confira as indica\u00e7\u00f5es do vereador Harri Tholken na sess\u00e3o ordin\u00e1ria desta ter\u00e7a-feira - Ubirat\u00e3 Online Not\u00edcias - A realidade ao seu alcance!","isPartOf":{"@id":"https:\/\/ubirataonline.com.br\/#website"},"primaryImageOfPage":{"@id":"https:\/\/ubirataonline.com.br\/vereador-harri-tholken-participa-da-sessao-ordinaria-desta-terca-feira\/#primaryimage"},"image":{"@id":"https:\/\/ubirataonline.com.br\/vereador-harri-tholken-participa-da-sessao-ordinaria-desta-terca-feira\/#primaryimage"},"thumbnailUrl":"https:\/\/ubirataonline.com.br\/wp-content\/uploads\/2017\/01\/a21f2b6b-c85a-4dc4-8499-a01284712509-3.jpg","datePublished":"2017-01-17T23:53:26+00:00","dateModified":"2017-01-18T00:14:00+00:00","description":"Vereador fez reivindica\u00e7\u00f5es e parabenizou a Cooperativa Coagru... Foi realizado na noite desta ter\u00e7a-feira (17), mais uma sess\u00e3o ordin\u00e1ria na C\u00e2mara de","breadcrumb":{"@id":"https:\/\/ubirataonline.com.br\/vereador-harri-tholken-participa-da-sessao-ordinaria-desta-terca-feira\/#breadcrumb"},"inLanguage":"en-US","potentialAction":[{"@type":"ReadAction","target":["https:\/\/ubirataonline.com.br\/vereador-harri-tholken-participa-da-sessao-ordinaria-desta-terca-feira\/"]}]},{"@type":"ImageObject","inLanguage":"en-US","@id":"https:\/\/ubirataonline.com.br\/vereador-harri-tholken-participa-da-sessao-ordinaria-desta-terca-feira\/#primaryimage","url":"https:\/\/ubirataonline.com.br\/wp-content\/uploads\/2017\/01\/a21f2b6b-c85a-4dc4-8499-a01284712509-3.jpg","contentUrl":"https:\/\/ubirataonline.com.br\/wp-content\/uploads\/2017\/01\/a21f2b6b-c85a-4dc4-8499-a01284712509-3.jpg"},{"@type":"BreadcrumbList","@id":"https:\/\/ubirataonline.com.br\/vereador-harri-tholken-participa-da-sessao-ordinaria-desta-terca-feira\/#breadcrumb","itemListElement":[{"@type":"ListItem","position":1,"name":"In\u00edcio","item":"https:\/\/ubirataonline.com.br\/"},{"@type":"ListItem","position":2,"name":"Confira as indica\u00e7\u00f5es do vereador Harri Tholken na sess\u00e3o ordin\u00e1ria desta ter\u00e7a-feira"}]},{"@type":"WebSite","@id":"https:\/\/ubirataonline.com.br\/#website","url":"https:\/\/ubirataonline.com.br\/","name":"Ubirat\u00e3 Online Not\u00edcias","description":"Not\u00edcias de Ubirat\u00e3, regi\u00e3o, Brasil e mundo, com informa\u00e7\u00e3o atualizada e compromisso com o leitor.","publisher":{"@id":"https:\/\/ubirataonline.com.br\/#organization"},"alternateName":"Ubirat\u00e3 Online","potentialAction":[{"@type":"SearchAction","target":{"@type":"EntryPoint","urlTemplate":"https:\/\/ubirataonline.com.br\/?s={search_term_string}"},"query-input":{"@type":"PropertyValueSpecification","valueRequired":true,"valueName":"search_term_string"}}],"inLanguage":"en-US"},{"@type":["Organization","Place"],"@id":"https:\/\/ubirataonline.com.br\/#organization","name":"Ubirat\u00e3 Online Not\u00edcias","alternateName":"Ubirat\u00e3 Online","url":"https:\/\/ubirataonline.com.br\/","logo":{"@id":"https:\/\/ubirataonline.com.br\/vereador-harri-tholken-participa-da-sessao-ordinaria-desta-terca-feira\/#local-main-organization-logo"},"image":{"@id":"https:\/\/ubirataonline.com.br\/vereador-harri-tholken-participa-da-sessao-ordinaria-desta-terca-feira\/#local-main-organization-logo"},"sameAs":["https:\/\/www.facebook.com\/portalubirataonline","https:\/\/x.com\/ubirataonline","https:\/\/mastodon.social\/@ubirataonline","https:\/\/www.facebook.com\/groups\/311144672285604","https:\/\/www.facebook.com\/UBTAOnline","https:\/\/www.instagram.com\/portalubirataonline\/","https:\/\/twitter.com\/ubirataonline"],"description":"Somos um portal de not\u00edcias independente, criado em 5 de janeiro de 2009, com o objetivo de informar, conectar e valorizar a nossa comunidade de Ubirat\u00e3 e toda aregi\u00e3o. Com conte\u00fado atualizado, confi\u00e1vel e relevante, o Ubirat\u00e3 Online \u00e9 o seu espa\u00e7o para ficar por dentro dos principais acontecimentos locais, regionais, Brasil, Mundo e de interesse geral. Nosso compromisso \u00e9 com a verdade, a transpar\u00eancia e o respeito ao leitor.","legalName":"UBIRATA ONLINE NOT\u00cdCIAS","foundingDate":"2009-01-05","numberOfEmployees":{"@type":"QuantitativeValue","minValue":"1","maxValue":"10"},"publishingPrinciples":"https:\/\/ubirataonline.com.br\/faq\/","address":{"@id":"https:\/\/ubirataonline.com.br\/vereador-harri-tholken-participa-da-sessao-ordinaria-desta-terca-feira\/#local-main-place-address"},"geo":{"@type":"GeoCoordinates","latitude":"-24.5361401","longitude":"-52.9921776"},"telephone":["+5544998308235"],"contactPoint":{"@type":"ContactPoint","email":"contato@ubirataonline.com.br"},"openingHoursSpecification":{"@type":"OpeningHoursSpecification","dayOfWeek":["Monday","Tuesday","Wednesday","Thursday","Friday","Saturday","Sunday"],"opens":"00:00","closes":"23:59"},"email":"contato@ubirataonline.com.br","vatID":"47.621.418\/0001-80"},{"@type":"Person","@id":"https:\/\/ubirataonline.com.br\/#\/schema\/person\/09f7a474bd1834b50dea8d1c197e976f","name":"Vampeta","sameAs":["https:\/\/ubirataonline.com.br"],"url":"https:\/\/ubirataonline.com.br\/en\/author\/vampeta\/"},{"@type":"PostalAddress","@id":"https:\/\/ubirataonline.com.br\/vereador-harri-tholken-participa-da-sessao-ordinaria-desta-terca-feira\/#local-main-place-address","streetAddress":"Rua dos Coqueiros, 104 - Bairro Boa Vista, Rua dos Coqueiros, 104 Bairro Boa Vista","addressLocality":"UBIRATA","postalCode":"85440-000","addressRegion":"PR","addressCountry":"BR"},{"@type":"ImageObject","inLanguage":"en-US","@id":"https:\/\/ubirataonline.com.br\/vereador-harri-tholken-participa-da-sessao-ordinaria-desta-terca-feira\/#local-main-organization-logo","url":"https:\/\/ubirataonline.com.br\/wp-content\/uploads\/2026\/06\/logoubirataonline-1.webp","contentUrl":"https:\/\/ubirataonline.com.br\/wp-content\/uploads\/2026\/06\/logoubirataonline-1.webp","width":500,"height":500,"caption":"Ubirat\u00e3 Online Not\u00edcias"}]},"geo.placename":"UBIRATA","geo.position":{"lat":"-24.5361401","long":"-52.9921776"},"geo.region":"Brazil"},"_links":{"self":[{"href":"https:\/\/ubirataonline.com.br\/en\/wp-json\/wp\/v2\/posts\/661","targetHints":{"allow":["GET"]}}],"collection":[{"href":"https:\/\/ubirataonline.com.br\/en\/wp-json\/wp\/v2\/posts"}],"about":[{"href":"https:\/\/ubirataonline.com.br\/en\/wp-json\/wp\/v2\/types\/post"}],"author":[{"embeddable":true,"href":"https:\/\/ubirataonline.com.br\/en\/wp-json\/wp\/v2\/users\/2"}],"replies":[{"embeddable":true,"href":"https:\/\/ubirataonline.com.br\/en\/wp-json\/wp\/v2\/comments?post=661"}],"version-history":[{"count":0,"href":"https:\/\/ubirataonline.com.br\/en\/wp-json\/wp\/v2\/posts\/661\/revisions"}],"wp:attachment":[{"href":"https:\/\/ubirataonline.com.br\/en\/wp-json\/wp\/v2\/media?parent=661"}],"wp:term":[{"taxonomy":"category","embeddable":true,"href":"https:\/\/ubirataonline.com.br\/en\/wp-json\/wp\/v2\/categories?post=661"},{"taxonomy":"post_tag","embeddable":true,"href":"https:\/\/ubirataonline.com.br\/en\/wp-json\/wp\/v2\/tags?post=661"}],"curies":[{"name":"wp","href":"https:\/\/api.w.org\/{rel}","templated":true}]}}