{"id":66631,"date":"2025-08-31T11:15:25","date_gmt":"2025-08-31T14:15:25","guid":{"rendered":"https:\/\/ubirataonline.com.br\/inverno-esta-no-fim-setembro-traz-mais-calor-e-chuva-para-parana\/"},"modified":"2025-08-31T11:15:25","modified_gmt":"2025-08-31T14:15:25","slug":"inverno-esta-no-fim-setembro-traz-mais-calor-e-chuva-para-parana","status":"publish","type":"post","link":"https:\/\/ubirataonline.com.br\/en\/inverno-esta-no-fim-setembro-traz-mais-calor-e-chuva-para-parana\/","title":{"rendered":"Inverno est\u00e1 no fim! Setembro traz mais calor e chuva para Paran\u00e1"},"content":{"rendered":"<p><\/p>\n<div id=\"post-content\">\n<p>Apesar do calend\u00e1rio tradicional marcar o<strong> in\u00edcio da primavera <\/strong>em 22 de setembro, o calend\u00e1rio meteorol\u00f3gico anuncia, desde o dia 1\u00b0 do m\u00eas, a mudan\u00e7a de esta\u00e7\u00e3o. O tempo fica <strong>mais quente<\/strong>,<strong> mais \u00famido<\/strong>. As massas de ar frio entram com menos intensidade no <strong>Paran\u00e1<\/strong> e as massas de ar quente predominam com mais frequ\u00eancia. De acordo com o Sistema de Tecnologia e Monitoramento Ambiental do Paran\u00e1 (Simepar), setembro de 2025 ser\u00e1 muito caracter\u00edstico: dias de calor seguidos de dias de chuva, com temperaturas mais amenas.<\/p>\n<p>Historicamente, agosto \u00e9 o m\u00eas mais seco do ano. J\u00e1 setembro \u00e9 <strong>marcado pelo retorno das chuvas ao Paran\u00e1<\/strong>. \u201cEm setembro, o vento come\u00e7a a predominar da regi\u00e3o amaz\u00f4nica para o Sul do pa\u00eds, transportando calor e umidade. Os sistemas precipitantes se formam geralmente no Paraguai, Norte da Argentina, e faixa oeste da regi\u00e3o Sul. Dessa forma, as massas de ar frio n\u00e3o chegam com tanta for\u00e7a e as massas de ar quente e \u00famido come\u00e7am a predominar com mais frequ\u00eancia, por isso na segunda quinzena de setembro chove com mais frequ\u00eancia\u201d, explica o meteorologista do Simepar, Reinaldo Kneib.<\/p>\n<p>As regi\u00f5es que registram menores acumulados de chuva em setembro, conforme a m\u00e9dia hist\u00f3rica, s\u00e3o as cidades ao redor de Doutor Ulisses e Jaguaria\u00edva, bem como as pr\u00f3ximas a Cambar\u00e1, Jacarezinho e Santo Ant\u00f4nio da Platina, que acumulam em m\u00e9dia entre 75 mil\u00edmetros (mm) e 100 mm de chuva no m\u00eas inteiro.<\/p>\n<p>Na faixa que vai de Maring\u00e1 e Londrina at\u00e9 Curitiba, a m\u00e9dia de acumulado de chuva em setembro historicamente \u00e9 de 100 mm a 125 mm. As \u00e1reas onde mais chove, com acumulados entre 175 mm e 200 mm no m\u00eas, ficam no Centro Sul e Oeste, abrangendo cidades como Cascavel, Guarapuava e Tel\u00eamaco Borba. Em todo o resto do estado, a m\u00e9dia de acumulado de chuva fica entre 125 mm e 150 mm durante todo o m\u00eas.<\/p>\n<h2 class=\"wp-block-heading\" id=\"h-quais-sao-as-cidades-mais-frias-do-parana-em-setembro\">Quais s\u00e3o as cidades mais frias do Paran\u00e1 em setembro<\/h2>\n<p>Com rela\u00e7\u00e3o \u00e0s temperaturas, as regi\u00f5es mais frias do Paran\u00e1 no m\u00eas de setembro historicamente s\u00e3o as cidades mais pr\u00f3ximas a Palmas, General Carneiro e Curitiba, com temperatura m\u00e9dia de 12\u00b0C a 14\u00b0C. S\u00e3o as regi\u00f5es mais altas do estado e, por isso, t\u00eam predom\u00ednio do \u201cfrio de altitude\u201d neste per\u00edodo do ano.<\/p>\n<p>Em uma faixa que vai de Pato Branco a Guarapuava, chegando at\u00e9 a Regi\u00e3o Metropolitana de Curitiba (RMC), as temperaturas m\u00e9dias em setembro s\u00e3o de 14\u00b0C a 16\u00b0C. J\u00e1 de Francisco Beltr\u00e3o a Tel\u00eamaco Borba, incluindo a parte sul do Litoral paranaense e a cidade de Cascavel, as temperaturas m\u00e9dias em setembro ficam entre 16\u00b0C e 18\u00b0C.<\/p>\n<p>Em todo o Oeste (com exce\u00e7\u00e3o de Cascavel), chegando a Maring\u00e1 e a Guaraque\u00e7aba, no Litoral, as temperaturas m\u00e9dias s\u00e3o um pouco mais altas em setembro, alcan\u00e7ando valores entre 18\u00b0C e 20\u00b0C. As temperaturas m\u00e9dias mais altas de todo o estado no m\u00eas historicamente s\u00e3o registradas no Noroeste e no extremo norte, na \u00e1rea de divisa com S\u00e3o Paulo, chegando aos 22\u00b0C.<\/p>\n<h2 class=\"wp-block-heading\" id=\"h-previsao-do-tempo-para-inicio-de-setembro-no-parana\">Previs\u00e3o do tempo para in\u00edcio de setembro no Paran\u00e1<\/h2>\n<p>A virada do m\u00eas ser\u00e1 marcada por uma divis\u00e3o no tempo: a metade Leste segue com nebulosidade, e o interior com sol, pelo menos at\u00e9 ter\u00e7a-feira (02). \u201cEntre a capital e as praias, o vento predominante do oceano acaba transportando bastante umidade, por isso, o c\u00e9u se mant\u00e9m mais encoberto, com muitas nuvens durante o dia, pouca varia\u00e7\u00e3o das temperaturas e possibilidade garoa de forma bem ocasional\u201d, explica o meteorologista do Simepar, Samuel Braun.<\/p>\n<p>As m\u00ednimas em Curitiba ficam em torno de 13\u00b0C e as m\u00e1ximas n\u00e3o devem passar dos 20\u00b0C. No Litoral, as m\u00e1ximas chegam a 24\u00b0C. J\u00e1 no interior, o sol predomina e esquenta bastante. N\u00e3o h\u00e1 indicativo de chuva. Entre o Oeste, Noroeste e o Norte, as temperaturas m\u00e1ximas devem ultrapassar os 30\u00b0C.<\/p>\n<section class=\"virals\">\n<article class=\"cardnews cardnews--post cardnews--has-thumbnail cardnews--editorial-noticias\"> <a href=\"https:\/\/www.tribunapr.com.br\/blogs\/rango-barateza\/tres-buffets-livres-no-centro-de-curitiba-por-menos-de-r-25\/?utm_source=noticias-virais-rodape&amp;utm_medium=internal-tribuna&amp;utm_campaign=tribuna\" class=\"cardnews__postlink\"> <\/p>\n<div class=\"cardnews__image\" is-api-thumb=\"\"><img decoding=\"async\" src=\"https:\/\/www.tribunapr.com.br\/wp-content\/uploads\/2022\/10\/22073505\/Rango-Barateza-capa-1-370x210.jpg\" loading=\"lazy\" alt=\"Descubra 3 buffets no Centro de Curitiba por menos de R$ 25\"\/><\/div>\n<div class=\"cardnews__content cardhome__content\">\n<div class=\"cardnews__content-wrapper\">\n<p> <span style=\"\"> Rango dos bons! <\/span> <\/p>\n<p>Descubra 3 buffets no Centro de Curitiba por menos de R$ 25<\/p>\n<\/p><\/div>\n<\/p><\/div>\n<p> <\/a> <\/article>\n<article class=\"cardnews cardnews--post cardnews--has-thumbnail cardnews--editorial-noticias\"> <a href=\"https:\/\/www.tribunapr.com.br\/noticias\/curitiba-regiao\/curitiba-teve-um-acidente-em-canaleta-de-onibus-a-cada-32-horas-no-primeiro-semestre-de-2025\/?utm_source=noticias-virais-rodape&amp;utm_medium=internal-tribuna&amp;utm_campaign=tribuna\" class=\"cardnews__postlink\"> <\/p>\n<div class=\"cardnews__image\" is-api-thumb=\"\"><img decoding=\"async\" src=\"https:\/\/www.tribunapr.com.br\/wp-content\/uploads\/2025\/08\/24202214\/acidente-biarticulado-370x210.jpg\" loading=\"lazy\" alt=\"Curitiba registra acidente em canaleta a cada 32 horas em 2025\"\/><\/div>\n<div class=\"cardnews__content cardhome__content\">\n<div class=\"cardnews__content-wrapper\">\n<p> <span style=\"\"> Mobilidade Urbana <\/span> <\/p>\n<p>Curitiba registra acidente em canaleta a cada 32 horas em 2025<\/p>\n<\/p><\/div>\n<\/p><\/div>\n<p> <\/a> <\/article>\n<article class=\"cardnews cardnews--post cardnews--has-thumbnail cardnews--editorial-noticias\"> <a href=\"https:\/\/www.tribunapr.com.br\/noticias\/construcao-da-ponte-de-guaratuba-pode-ser-acompanhada-ao-vivo-24-horas-por-dia\/?utm_source=noticias-virais-rodape&amp;utm_medium=internal-tribuna&amp;utm_campaign=tribuna\" class=\"cardnews__postlink\"> <\/p>\n<div class=\"cardnews__image\" is-api-thumb=\"\"><img decoding=\"async\" src=\"https:\/\/www.tribunapr.com.br\/wp-content\/uploads\/2025\/08\/23160218\/Captura-de-tela-2025-08-23-155755-370x210.jpg\" loading=\"lazy\" alt=\"Ponte de Guaratuba: veja a constru\u00e7\u00e3o ao vivo 24 horas por dia\"\/><\/div>\n<div class=\"cardnews__content cardhome__content\">\n<div class=\"cardnews__content-wrapper\">\n<p> <span style=\"\"> Voc\u00ea sabia? <\/span> <\/p>\n<p>Ponte de Guaratuba: veja a constru\u00e7\u00e3o ao vivo 24 horas por dia<\/p>\n<\/p><\/div>\n<\/p><\/div>\n<p> <\/a> <\/article>\n<\/section>\n<section class=\"whatsapp-groups\">\n<div class=\"whatsapp-groups__image\"> <img decoding=\"async\" src=\"https:\/\/www.tribunapr.com.br\/resources\/images\/blocks\/whatsapp-groups\/logo-whatsapp.png\" alt=\"Grupos de WhatsApp da Tribuna\" loading=\"lazy\"\/> <\/div>\n<div class=\"whatsapp-groups__body\">\n<p> Receba Not\u00edcias no seu WhatsApp! <\/p>\n<p> Receba as not\u00edcias do seu bairro e do seu time pelo WhatsApp. <\/p>\n<p> <a href=\"https:\/\/www.tribunapr.com.br\/grupos-de-whatsapp-da-tribuna\/\" target=\"_blank\" class=\"whatsapp-groups__button\"> Participe dos Grupos da Tribuna <\/a> <\/div>\n<\/section><\/div>\n<p><a href=\"https:\/\/www.tribunapr.com.br\/noticias\/parana\/inverno-esta-no-fim-setembro-traz-mais-calor-e-chuva-para-o-parana\/\">Source link <\/a><\/p>","protected":false},"excerpt":{"rendered":"<p>Apesar do calend\u00e1rio tradicional marcar o in\u00edcio da primavera em 22 de setembro, o calend\u00e1rio meteorol\u00f3gico anuncia, desde o dia 1\u00b0 do m\u00eas, a mudan\u00e7a de esta\u00e7\u00e3o. O tempo fica mais quente, mais \u00famido. As massas de ar frio entram com menos intensidade no Paran\u00e1 e as massas de ar quente predominam com mais frequ\u00eancia. [&hellip;]<\/p>\n","protected":false},"author":1,"featured_media":66632,"comment_status":"","ping_status":"","sticky":false,"template":"","format":"standard","meta":{"googlesitekit_rrm_CAow2JLhCw:productID":"","_gspb_post_css":"","maa_idioma":"","maa_pais":"","footnotes":""},"categories":[1],"tags":[],"class_list":["post-66631","post","type-post","status-publish","format-standard","has-post-thumbnail","hentry","category-ubirata"],"blocksy_meta":[],"yoast_head":"<!-- This site is optimized with the Yoast SEO Premium plugin v27.6 (Yoast SEO v27.6) - https:\/\/yoast.com\/product\/yoast-seo-premium-wordpress\/ -->\n<title>Inverno est\u00e1 no fim! Setembro traz mais calor e chuva para Paran\u00e1 - Ubirat\u00e3 Online Not\u00edcias - A realidade ao seu alcance!<\/title>\n<meta name=\"description\" content=\"Apesar do calend\u00e1rio tradicional marcar o in\u00edcio da primavera em 22 de setembro, o calend\u00e1rio meteorol\u00f3gico anuncia, desde o dia 1\u00b0 do m\u00eas, a mudan\u00e7a de\" \/>\n<meta name=\"robots\" content=\"index, follow, max-snippet:-1, max-image-preview:large, max-video-preview:-1\" \/>\n<link rel=\"canonical\" href=\"https:\/\/ubirataonline.com.br\/en\/inverno-esta-no-fim-setembro-traz-mais-calor-e-chuva-para-parana\/\" \/>\n<meta property=\"og:locale\" content=\"en_US\" \/>\n<meta property=\"og:type\" content=\"article\" \/>\n<meta property=\"og:title\" content=\"Inverno est\u00e1 no fim! Setembro traz mais calor e chuva para Paran\u00e1\" \/>\n<meta property=\"og:description\" content=\"Apesar do calend\u00e1rio tradicional marcar o in\u00edcio da primavera em 22 de setembro, o calend\u00e1rio meteorol\u00f3gico anuncia, desde o dia 1\u00b0 do m\u00eas, a mudan\u00e7a de\" \/>\n<meta property=\"og:url\" content=\"https:\/\/ubirataonline.com.br\/en\/inverno-esta-no-fim-setembro-traz-mais-calor-e-chuva-para-parana\/\" \/>\n<meta property=\"og:site_name\" content=\"Ubirat\u00e3 Online Not\u00edcias - A realidade ao seu alcance!\" \/>\n<meta property=\"article:publisher\" content=\"https:\/\/www.facebook.com\/portalubirataonline\" \/>\n<meta property=\"article:author\" content=\"https:\/\/www.facebook.com\/portalubirataonline\" \/>\n<meta property=\"article:published_time\" content=\"2025-08-31T14:15:25+00:00\" \/>\n<meta property=\"og:image\" content=\"https:\/\/www.tribunapr.com.br\/wp-content\/uploads\/2022\/10\/22073505\/Rango-Barateza-capa-1-370x210.jpg\" \/>\n<meta name=\"author\" content=\"REDA\u00c7\u00c3O: UBIRAT\u00c3 ONLINE - F\u00c1BIO AUGUSTO CELESTINO\" \/>\n<meta name=\"twitter:card\" content=\"summary_large_image\" \/>\n<meta name=\"twitter:creator\" content=\"@x.com\/ubirataonline\" \/>\n<meta name=\"twitter:site\" content=\"@ubirataonline\" \/>\n<meta name=\"twitter:label1\" content=\"Written by\" \/>\n\t<meta name=\"twitter:data1\" content=\"REDA\u00c7\u00c3O: UBIRAT\u00c3 ONLINE - F\u00c1BIO AUGUSTO CELESTINO\" \/>\n\t<meta name=\"twitter:label2\" content=\"Est. reading time\" \/>\n\t<meta name=\"twitter:data2\" content=\"4 minutes\" \/>\n<script type=\"application\/ld+json\" class=\"yoast-schema-graph\">{\"@context\":\"https:\\\/\\\/schema.org\",\"@graph\":[{\"@type\":\"NewsArticle\",\"@id\":\"https:\\\/\\\/ubirataonline.com.br\\\/inverno-esta-no-fim-setembro-traz-mais-calor-e-chuva-para-parana\\\/#article\",\"isPartOf\":{\"@id\":\"https:\\\/\\\/ubirataonline.com.br\\\/inverno-esta-no-fim-setembro-traz-mais-calor-e-chuva-para-parana\\\/\"},\"author\":{\"name\":\"REDA\u00c7\u00c3O: UBIRAT\u00c3 ONLINE - F\u00c1BIO AUGUSTO CELESTINO\",\"@id\":\"https:\\\/\\\/ubirataonline.com.br\\\/#\\\/schema\\\/person\\\/372f87bbd3fdd79b8556b84c98d0bc1c\"},\"headline\":\"Inverno est\u00e1 no fim! Setembro traz mais calor e chuva para Paran\u00e1\",\"datePublished\":\"2025-08-31T14:15:25+00:00\",\"mainEntityOfPage\":{\"@id\":\"https:\\\/\\\/ubirataonline.com.br\\\/inverno-esta-no-fim-setembro-traz-mais-calor-e-chuva-para-parana\\\/\"},\"wordCount\":769,\"publisher\":{\"@id\":\"https:\\\/\\\/ubirataonline.com.br\\\/#organization\"},\"image\":{\"@id\":\"https:\\\/\\\/ubirataonline.com.br\\\/inverno-esta-no-fim-setembro-traz-mais-calor-e-chuva-para-parana\\\/#primaryimage\"},\"thumbnailUrl\":\"https:\\\/\\\/ubirataonline.com.br\\\/wp-content\\\/uploads\\\/2025\\\/08\\\/previsao-setembro-parana.jpg\",\"articleSection\":[\"Ubirat\u00e3\"],\"inLanguage\":\"en-US\",\"copyrightYear\":\"2025\",\"copyrightHolder\":{\"@id\":\"https:\\\/\\\/ubirataonline.com.br\\\/en\\\/#organization\"}},{\"@type\":\"WebPage\",\"@id\":\"https:\\\/\\\/ubirataonline.com.br\\\/inverno-esta-no-fim-setembro-traz-mais-calor-e-chuva-para-parana\\\/\",\"url\":\"https:\\\/\\\/ubirataonline.com.br\\\/inverno-esta-no-fim-setembro-traz-mais-calor-e-chuva-para-parana\\\/\",\"name\":\"Inverno est\u00e1 no fim! Setembro traz mais calor e chuva para Paran\u00e1 - Ubirat\u00e3 Online Not\u00edcias - A realidade ao seu alcance!\",\"isPartOf\":{\"@id\":\"https:\\\/\\\/ubirataonline.com.br\\\/#website\"},\"primaryImageOfPage\":{\"@id\":\"https:\\\/\\\/ubirataonline.com.br\\\/inverno-esta-no-fim-setembro-traz-mais-calor-e-chuva-para-parana\\\/#primaryimage\"},\"image\":{\"@id\":\"https:\\\/\\\/ubirataonline.com.br\\\/inverno-esta-no-fim-setembro-traz-mais-calor-e-chuva-para-parana\\\/#primaryimage\"},\"thumbnailUrl\":\"https:\\\/\\\/ubirataonline.com.br\\\/wp-content\\\/uploads\\\/2025\\\/08\\\/previsao-setembro-parana.jpg\",\"datePublished\":\"2025-08-31T14:15:25+00:00\",\"description\":\"Apesar do calend\u00e1rio tradicional marcar o in\u00edcio da primavera em 22 de setembro, o calend\u00e1rio meteorol\u00f3gico anuncia, desde o dia 1\u00b0 do m\u00eas, a mudan\u00e7a de\",\"breadcrumb\":{\"@id\":\"https:\\\/\\\/ubirataonline.com.br\\\/inverno-esta-no-fim-setembro-traz-mais-calor-e-chuva-para-parana\\\/#breadcrumb\"},\"inLanguage\":\"en-US\",\"potentialAction\":[{\"@type\":\"ReadAction\",\"target\":[\"https:\\\/\\\/ubirataonline.com.br\\\/inverno-esta-no-fim-setembro-traz-mais-calor-e-chuva-para-parana\\\/\"]}]},{\"@type\":\"ImageObject\",\"inLanguage\":\"en-US\",\"@id\":\"https:\\\/\\\/ubirataonline.com.br\\\/inverno-esta-no-fim-setembro-traz-mais-calor-e-chuva-para-parana\\\/#primaryimage\",\"url\":\"https:\\\/\\\/ubirataonline.com.br\\\/wp-content\\\/uploads\\\/2025\\\/08\\\/previsao-setembro-parana.jpg\",\"contentUrl\":\"https:\\\/\\\/ubirataonline.com.br\\\/wp-content\\\/uploads\\\/2025\\\/08\\\/previsao-setembro-parana.jpg\",\"width\":1200,\"height\":800},{\"@type\":\"BreadcrumbList\",\"@id\":\"https:\\\/\\\/ubirataonline.com.br\\\/inverno-esta-no-fim-setembro-traz-mais-calor-e-chuva-para-parana\\\/#breadcrumb\",\"itemListElement\":[{\"@type\":\"ListItem\",\"position\":1,\"name\":\"In\u00edcio\",\"item\":\"https:\\\/\\\/ubirataonline.com.br\\\/\"},{\"@type\":\"ListItem\",\"position\":2,\"name\":\"Inverno est\u00e1 no fim! Setembro traz mais calor e chuva para Paran\u00e1\"}]},{\"@type\":\"WebSite\",\"@id\":\"https:\\\/\\\/ubirataonline.com.br\\\/#website\",\"url\":\"https:\\\/\\\/ubirataonline.com.br\\\/\",\"name\":\"Ubirat\u00e3 Online Not\u00edcias\",\"description\":\"Not\u00edcias de Ubirat\u00e3, regi\u00e3o, Brasil e mundo, com informa\u00e7\u00e3o atualizada e compromisso com o leitor.\",\"publisher\":{\"@id\":\"https:\\\/\\\/ubirataonline.com.br\\\/#organization\"},\"alternateName\":\"Ubirat\u00e3 Online\",\"potentialAction\":[{\"@type\":\"SearchAction\",\"target\":{\"@type\":\"EntryPoint\",\"urlTemplate\":\"https:\\\/\\\/ubirataonline.com.br\\\/?s={search_term_string}\"},\"query-input\":{\"@type\":\"PropertyValueSpecification\",\"valueRequired\":true,\"valueName\":\"search_term_string\"}}],\"inLanguage\":\"en-US\"},{\"@type\":[\"Organization\",\"Place\"],\"@id\":\"https:\\\/\\\/ubirataonline.com.br\\\/#organization\",\"name\":\"Ubirat\u00e3 Online Not\u00edcias\",\"alternateName\":\"Ubirat\u00e3 Online\",\"url\":\"https:\\\/\\\/ubirataonline.com.br\\\/\",\"logo\":{\"@id\":\"https:\\\/\\\/ubirataonline.com.br\\\/inverno-esta-no-fim-setembro-traz-mais-calor-e-chuva-para-parana\\\/#local-main-organization-logo\"},\"image\":{\"@id\":\"https:\\\/\\\/ubirataonline.com.br\\\/inverno-esta-no-fim-setembro-traz-mais-calor-e-chuva-para-parana\\\/#local-main-organization-logo\"},\"sameAs\":[\"https:\\\/\\\/www.facebook.com\\\/portalubirataonline\",\"https:\\\/\\\/x.com\\\/ubirataonline\",\"https:\\\/\\\/mastodon.social\\\/@ubirataonline\",\"https:\\\/\\\/www.facebook.com\\\/groups\\\/311144672285604\",\"https:\\\/\\\/www.facebook.com\\\/UBTAOnline\",\"https:\\\/\\\/www.instagram.com\\\/portalubirataonline\\\/\",\"https:\\\/\\\/twitter.com\\\/ubirataonline\"],\"description\":\"Somos um portal de not\u00edcias independente, criado em 5 de janeiro de 2009, com o objetivo de informar, conectar e valorizar a nossa comunidade de Ubirat\u00e3 e toda aregi\u00e3o. Com conte\u00fado atualizado, confi\u00e1vel e relevante, o Ubirat\u00e3 Online \u00e9 o seu espa\u00e7o para ficar por dentro dos principais acontecimentos locais, regionais, Brasil, Mundo e de interesse geral. Nosso compromisso \u00e9 com a verdade, a transpar\u00eancia e o respeito ao leitor.\",\"legalName\":\"UBIRATA ONLINE NOT\u00cdCIAS\",\"foundingDate\":\"2009-01-05\",\"numberOfEmployees\":{\"@type\":\"QuantitativeValue\",\"minValue\":\"1\",\"maxValue\":\"10\"},\"publishingPrinciples\":\"https:\\\/\\\/ubirataonline.com.br\\\/faq\\\/\",\"address\":{\"@id\":\"https:\\\/\\\/ubirataonline.com.br\\\/inverno-esta-no-fim-setembro-traz-mais-calor-e-chuva-para-parana\\\/#local-main-place-address\"},\"geo\":{\"@type\":\"GeoCoordinates\",\"latitude\":\"-24.5361401\",\"longitude\":\"-52.9921776\"},\"telephone\":[\"+5544998308235\"],\"contactPoint\":{\"@type\":\"ContactPoint\",\"email\":\"contato@ubirataonline.com.br\"},\"openingHoursSpecification\":{\"@type\":\"OpeningHoursSpecification\",\"dayOfWeek\":[\"Monday\",\"Tuesday\",\"Wednesday\",\"Thursday\",\"Friday\",\"Saturday\",\"Sunday\"],\"opens\":\"00:00\",\"closes\":\"23:59\"},\"email\":\"contato@ubirataonline.com.br\",\"vatID\":\"47.621.418\\\/0001-80\"},{\"@type\":\"Person\",\"@id\":\"https:\\\/\\\/ubirataonline.com.br\\\/#\\\/schema\\\/person\\\/372f87bbd3fdd79b8556b84c98d0bc1c\",\"name\":\"REDA\u00c7\u00c3O: UBIRAT\u00c3 ONLINE - F\u00c1BIO AUGUSTO CELESTINO\",\"pronouns\":\"Ele\",\"description\":\"Desde 2003 trabalhando com not\u00edcias.\",\"sameAs\":[\"http:\\\/\\\/ubirataoline.com.br\",\"https:\\\/\\\/www.facebook.com\\\/portalubirataonline\",\"https:\\\/\\\/www.instagram.com\\\/ubirataonline_oficial\",\"https:\\\/\\\/x.com\\\/x.com\\\/ubirataonline\"],\"honorificPrefix\":\"Mr.\",\"honorificSuffix\":\"MD\",\"birthDate\":\"1980-06-16\",\"gender\":\"masculino\",\"award\":[\"V\u00e1rios pr\u00eamios de melhor portal da cidade\"],\"jobTitle\":\"Diretor\",\"url\":\"https:\\\/\\\/ubirataonline.com.br\\\/en\\\/author\\\/ubirataonline\\\/\"},{\"@type\":\"PostalAddress\",\"@id\":\"https:\\\/\\\/ubirataonline.com.br\\\/inverno-esta-no-fim-setembro-traz-mais-calor-e-chuva-para-parana\\\/#local-main-place-address\",\"streetAddress\":\"Rua dos Coqueiros, 104 - Bairro Boa Vista, Rua dos Coqueiros, 104 Bairro Boa Vista\",\"addressLocality\":\"UBIRATA\",\"postalCode\":\"85440-000\",\"addressRegion\":\"PR\",\"addressCountry\":\"BR\"},{\"@type\":\"ImageObject\",\"inLanguage\":\"en-US\",\"@id\":\"https:\\\/\\\/ubirataonline.com.br\\\/inverno-esta-no-fim-setembro-traz-mais-calor-e-chuva-para-parana\\\/#local-main-organization-logo\",\"url\":\"https:\\\/\\\/ubirataonline.com.br\\\/wp-content\\\/uploads\\\/2026\\\/06\\\/logoubirataonline-1.webp\",\"contentUrl\":\"https:\\\/\\\/ubirataonline.com.br\\\/wp-content\\\/uploads\\\/2026\\\/06\\\/logoubirataonline-1.webp\",\"width\":500,\"height\":500,\"caption\":\"Ubirat\u00e3 Online Not\u00edcias\"}]}<\/script>\n<meta name=\"geo.placename\" content=\"UBIRATA\" \/>\n<meta name=\"geo.position\" content=\"-24.5361401;-52.9921776\" \/>\n<meta name=\"geo.region\" content=\"Brazil\" \/>\n<!-- \/ Yoast SEO Premium plugin. -->","yoast_head_json":{"title":"Inverno est\u00e1 no fim! Setembro traz mais calor e chuva para Paran\u00e1 - Ubirat\u00e3 Online Not\u00edcias - A realidade ao seu alcance!","description":"Apesar do calend\u00e1rio tradicional marcar o in\u00edcio da primavera em 22 de setembro, o calend\u00e1rio meteorol\u00f3gico anuncia, desde o dia 1\u00b0 do m\u00eas, a mudan\u00e7a de","robots":{"index":"index","follow":"follow","max-snippet":"max-snippet:-1","max-image-preview":"max-image-preview:large","max-video-preview":"max-video-preview:-1"},"canonical":"https:\/\/ubirataonline.com.br\/en\/inverno-esta-no-fim-setembro-traz-mais-calor-e-chuva-para-parana\/","og_locale":"en_US","og_type":"article","og_title":"Inverno est\u00e1 no fim! Setembro traz mais calor e chuva para Paran\u00e1","og_description":"Apesar do calend\u00e1rio tradicional marcar o in\u00edcio da primavera em 22 de setembro, o calend\u00e1rio meteorol\u00f3gico anuncia, desde o dia 1\u00b0 do m\u00eas, a mudan\u00e7a de","og_url":"https:\/\/ubirataonline.com.br\/en\/inverno-esta-no-fim-setembro-traz-mais-calor-e-chuva-para-parana\/","og_site_name":"Ubirat\u00e3 Online Not\u00edcias - A realidade ao seu alcance!","article_publisher":"https:\/\/www.facebook.com\/portalubirataonline","article_author":"https:\/\/www.facebook.com\/portalubirataonline","article_published_time":"2025-08-31T14:15:25+00:00","og_image":[{"url":"https:\/\/www.tribunapr.com.br\/wp-content\/uploads\/2022\/10\/22073505\/Rango-Barateza-capa-1-370x210.jpg","type":"","width":"","height":""}],"author":"REDA\u00c7\u00c3O: UBIRAT\u00c3 ONLINE - F\u00c1BIO AUGUSTO CELESTINO","twitter_card":"summary_large_image","twitter_creator":"@x.com\/ubirataonline","twitter_site":"@ubirataonline","twitter_misc":{"Written by":"REDA\u00c7\u00c3O: UBIRAT\u00c3 ONLINE - F\u00c1BIO AUGUSTO CELESTINO","Est. reading time":"4 minutes"},"schema":{"@context":"https:\/\/schema.org","@graph":[{"@type":"NewsArticle","@id":"https:\/\/ubirataonline.com.br\/inverno-esta-no-fim-setembro-traz-mais-calor-e-chuva-para-parana\/#article","isPartOf":{"@id":"https:\/\/ubirataonline.com.br\/inverno-esta-no-fim-setembro-traz-mais-calor-e-chuva-para-parana\/"},"author":{"name":"REDA\u00c7\u00c3O: UBIRAT\u00c3 ONLINE - F\u00c1BIO AUGUSTO CELESTINO","@id":"https:\/\/ubirataonline.com.br\/#\/schema\/person\/372f87bbd3fdd79b8556b84c98d0bc1c"},"headline":"Inverno est\u00e1 no fim! Setembro traz mais calor e chuva para Paran\u00e1","datePublished":"2025-08-31T14:15:25+00:00","mainEntityOfPage":{"@id":"https:\/\/ubirataonline.com.br\/inverno-esta-no-fim-setembro-traz-mais-calor-e-chuva-para-parana\/"},"wordCount":769,"publisher":{"@id":"https:\/\/ubirataonline.com.br\/#organization"},"image":{"@id":"https:\/\/ubirataonline.com.br\/inverno-esta-no-fim-setembro-traz-mais-calor-e-chuva-para-parana\/#primaryimage"},"thumbnailUrl":"https:\/\/ubirataonline.com.br\/wp-content\/uploads\/2025\/08\/previsao-setembro-parana.jpg","articleSection":["Ubirat\u00e3"],"inLanguage":"en-US","copyrightYear":"2025","copyrightHolder":{"@id":"https:\/\/ubirataonline.com.br\/en\/#organization"}},{"@type":"WebPage","@id":"https:\/\/ubirataonline.com.br\/inverno-esta-no-fim-setembro-traz-mais-calor-e-chuva-para-parana\/","url":"https:\/\/ubirataonline.com.br\/inverno-esta-no-fim-setembro-traz-mais-calor-e-chuva-para-parana\/","name":"Inverno est\u00e1 no fim! Setembro traz mais calor e chuva para Paran\u00e1 - Ubirat\u00e3 Online Not\u00edcias - A realidade ao seu alcance!","isPartOf":{"@id":"https:\/\/ubirataonline.com.br\/#website"},"primaryImageOfPage":{"@id":"https:\/\/ubirataonline.com.br\/inverno-esta-no-fim-setembro-traz-mais-calor-e-chuva-para-parana\/#primaryimage"},"image":{"@id":"https:\/\/ubirataonline.com.br\/inverno-esta-no-fim-setembro-traz-mais-calor-e-chuva-para-parana\/#primaryimage"},"thumbnailUrl":"https:\/\/ubirataonline.com.br\/wp-content\/uploads\/2025\/08\/previsao-setembro-parana.jpg","datePublished":"2025-08-31T14:15:25+00:00","description":"Apesar do calend\u00e1rio tradicional marcar o in\u00edcio da primavera em 22 de setembro, o calend\u00e1rio meteorol\u00f3gico anuncia, desde o dia 1\u00b0 do m\u00eas, a mudan\u00e7a de","breadcrumb":{"@id":"https:\/\/ubirataonline.com.br\/inverno-esta-no-fim-setembro-traz-mais-calor-e-chuva-para-parana\/#breadcrumb"},"inLanguage":"en-US","potentialAction":[{"@type":"ReadAction","target":["https:\/\/ubirataonline.com.br\/inverno-esta-no-fim-setembro-traz-mais-calor-e-chuva-para-parana\/"]}]},{"@type":"ImageObject","inLanguage":"en-US","@id":"https:\/\/ubirataonline.com.br\/inverno-esta-no-fim-setembro-traz-mais-calor-e-chuva-para-parana\/#primaryimage","url":"https:\/\/ubirataonline.com.br\/wp-content\/uploads\/2025\/08\/previsao-setembro-parana.jpg","contentUrl":"https:\/\/ubirataonline.com.br\/wp-content\/uploads\/2025\/08\/previsao-setembro-parana.jpg","width":1200,"height":800},{"@type":"BreadcrumbList","@id":"https:\/\/ubirataonline.com.br\/inverno-esta-no-fim-setembro-traz-mais-calor-e-chuva-para-parana\/#breadcrumb","itemListElement":[{"@type":"ListItem","position":1,"name":"In\u00edcio","item":"https:\/\/ubirataonline.com.br\/"},{"@type":"ListItem","position":2,"name":"Inverno est\u00e1 no fim! Setembro traz mais calor e chuva para Paran\u00e1"}]},{"@type":"WebSite","@id":"https:\/\/ubirataonline.com.br\/#website","url":"https:\/\/ubirataonline.com.br\/","name":"Ubirat\u00e3 Online Not\u00edcias","description":"Not\u00edcias de Ubirat\u00e3, regi\u00e3o, Brasil e mundo, com informa\u00e7\u00e3o atualizada e compromisso com o leitor.","publisher":{"@id":"https:\/\/ubirataonline.com.br\/#organization"},"alternateName":"Ubirat\u00e3 Online","potentialAction":[{"@type":"SearchAction","target":{"@type":"EntryPoint","urlTemplate":"https:\/\/ubirataonline.com.br\/?s={search_term_string}"},"query-input":{"@type":"PropertyValueSpecification","valueRequired":true,"valueName":"search_term_string"}}],"inLanguage":"en-US"},{"@type":["Organization","Place"],"@id":"https:\/\/ubirataonline.com.br\/#organization","name":"Ubirat\u00e3 Online Not\u00edcias","alternateName":"Ubirat\u00e3 Online","url":"https:\/\/ubirataonline.com.br\/","logo":{"@id":"https:\/\/ubirataonline.com.br\/inverno-esta-no-fim-setembro-traz-mais-calor-e-chuva-para-parana\/#local-main-organization-logo"},"image":{"@id":"https:\/\/ubirataonline.com.br\/inverno-esta-no-fim-setembro-traz-mais-calor-e-chuva-para-parana\/#local-main-organization-logo"},"sameAs":["https:\/\/www.facebook.com\/portalubirataonline","https:\/\/x.com\/ubirataonline","https:\/\/mastodon.social\/@ubirataonline","https:\/\/www.facebook.com\/groups\/311144672285604","https:\/\/www.facebook.com\/UBTAOnline","https:\/\/www.instagram.com\/portalubirataonline\/","https:\/\/twitter.com\/ubirataonline"],"description":"Somos um portal de not\u00edcias independente, criado em 5 de janeiro de 2009, com o objetivo de informar, conectar e valorizar a nossa comunidade de Ubirat\u00e3 e toda aregi\u00e3o. Com conte\u00fado atualizado, confi\u00e1vel e relevante, o Ubirat\u00e3 Online \u00e9 o seu espa\u00e7o para ficar por dentro dos principais acontecimentos locais, regionais, Brasil, Mundo e de interesse geral. Nosso compromisso \u00e9 com a verdade, a transpar\u00eancia e o respeito ao leitor.","legalName":"UBIRATA ONLINE NOT\u00cdCIAS","foundingDate":"2009-01-05","numberOfEmployees":{"@type":"QuantitativeValue","minValue":"1","maxValue":"10"},"publishingPrinciples":"https:\/\/ubirataonline.com.br\/faq\/","address":{"@id":"https:\/\/ubirataonline.com.br\/inverno-esta-no-fim-setembro-traz-mais-calor-e-chuva-para-parana\/#local-main-place-address"},"geo":{"@type":"GeoCoordinates","latitude":"-24.5361401","longitude":"-52.9921776"},"telephone":["+5544998308235"],"contactPoint":{"@type":"ContactPoint","email":"contato@ubirataonline.com.br"},"openingHoursSpecification":{"@type":"OpeningHoursSpecification","dayOfWeek":["Monday","Tuesday","Wednesday","Thursday","Friday","Saturday","Sunday"],"opens":"00:00","closes":"23:59"},"email":"contato@ubirataonline.com.br","vatID":"47.621.418\/0001-80"},{"@type":"Person","@id":"https:\/\/ubirataonline.com.br\/#\/schema\/person\/372f87bbd3fdd79b8556b84c98d0bc1c","name":"REDA\u00c7\u00c3O: UBIRAT\u00c3 ONLINE - F\u00c1BIO AUGUSTO CELESTINO","pronouns":"Ele","description":"Desde 2003 trabalhando com not\u00edcias.","sameAs":["http:\/\/ubirataoline.com.br","https:\/\/www.facebook.com\/portalubirataonline","https:\/\/www.instagram.com\/ubirataonline_oficial","https:\/\/x.com\/x.com\/ubirataonline"],"honorificPrefix":"Mr.","honorificSuffix":"MD","birthDate":"1980-06-16","gender":"masculino","award":["V\u00e1rios pr\u00eamios de melhor portal da cidade"],"jobTitle":"Diretor","url":"https:\/\/ubirataonline.com.br\/en\/author\/ubirataonline\/"},{"@type":"PostalAddress","@id":"https:\/\/ubirataonline.com.br\/inverno-esta-no-fim-setembro-traz-mais-calor-e-chuva-para-parana\/#local-main-place-address","streetAddress":"Rua dos Coqueiros, 104 - Bairro Boa Vista, Rua dos Coqueiros, 104 Bairro Boa Vista","addressLocality":"UBIRATA","postalCode":"85440-000","addressRegion":"PR","addressCountry":"BR"},{"@type":"ImageObject","inLanguage":"en-US","@id":"https:\/\/ubirataonline.com.br\/inverno-esta-no-fim-setembro-traz-mais-calor-e-chuva-para-parana\/#local-main-organization-logo","url":"https:\/\/ubirataonline.com.br\/wp-content\/uploads\/2026\/06\/logoubirataonline-1.webp","contentUrl":"https:\/\/ubirataonline.com.br\/wp-content\/uploads\/2026\/06\/logoubirataonline-1.webp","width":500,"height":500,"caption":"Ubirat\u00e3 Online Not\u00edcias"}]},"geo.placename":"UBIRATA","geo.position":{"lat":"-24.5361401","long":"-52.9921776"},"geo.region":"Brazil"},"_links":{"self":[{"href":"https:\/\/ubirataonline.com.br\/en\/wp-json\/wp\/v2\/posts\/66631","targetHints":{"allow":["GET"]}}],"collection":[{"href":"https:\/\/ubirataonline.com.br\/en\/wp-json\/wp\/v2\/posts"}],"about":[{"href":"https:\/\/ubirataonline.com.br\/en\/wp-json\/wp\/v2\/types\/post"}],"author":[{"embeddable":true,"href":"https:\/\/ubirataonline.com.br\/en\/wp-json\/wp\/v2\/users\/1"}],"replies":[{"embeddable":true,"href":"https:\/\/ubirataonline.com.br\/en\/wp-json\/wp\/v2\/comments?post=66631"}],"version-history":[{"count":0,"href":"https:\/\/ubirataonline.com.br\/en\/wp-json\/wp\/v2\/posts\/66631\/revisions"}],"wp:featuredmedia":[{"embeddable":true,"href":"https:\/\/ubirataonline.com.br\/en\/wp-json\/wp\/v2\/media\/66632"}],"wp:attachment":[{"href":"https:\/\/ubirataonline.com.br\/en\/wp-json\/wp\/v2\/media?parent=66631"}],"wp:term":[{"taxonomy":"category","embeddable":true,"href":"https:\/\/ubirataonline.com.br\/en\/wp-json\/wp\/v2\/categories?post=66631"},{"taxonomy":"post_tag","embeddable":true,"href":"https:\/\/ubirataonline.com.br\/en\/wp-json\/wp\/v2\/tags?post=66631"}],"curies":[{"name":"wp","href":"https:\/\/api.w.org\/{rel}","templated":true}]}}