{"id":66882,"date":"2025-09-02T13:15:41","date_gmt":"2025-09-02T16:15:41","guid":{"rendered":"https:\/\/ubirataonline.com.br\/alerta-de-tempestade-encosta-em-curitiba-nesta-terca-feira\/"},"modified":"2025-09-02T13:15:41","modified_gmt":"2025-09-02T16:15:41","slug":"alerta-de-tempestade-encosta-em-curitiba-nesta-terca-feira","status":"publish","type":"post","link":"https:\/\/ubirataonline.com.br\/en\/alerta-de-tempestade-encosta-em-curitiba-nesta-terca-feira\/","title":{"rendered":"Alerta de tempestade encosta em Curitiba nesta ter\u00e7a-feira"},"content":{"rendered":"<p><\/p>\n<div id=\"post-content\">\n<p>A regi\u00e3o sul do Paran\u00e1 est\u00e1 sob um <strong>alerta de tempestade<\/strong>, que encosta em Curitiba, e promete n\u00e3o dar tr\u00e9gua pelas pr\u00f3ximas 22 horas. O aviso emitido pelo Instituto Nacional de Meteorologia (INMET) come\u00e7ou ao meio-dia desta ter\u00e7a-feira (02) e vai at\u00e9 \u00e0s 10 horas de quarta-feira (03).<\/p>\n<p>O grau de severidade \u00e9 classificado como \u201cperigo potencial\u201d, com previs\u00e3o de chuvas entre 20 e 30 mil\u00edmetros por hora, podendo acumular at\u00e9 50 mm ao longo do dia. Al\u00e9m da \u00e1gua, os ventos tamb\u00e9m n\u00e3o ser\u00e3o nada amig\u00e1veis \u2013 podem chegar a 60 km\/h, acompanhados de granizo.<\/p>\n<p>Segundo o instituto, existe baixo risco de corte de energia el\u00e9trica, estragos em planta\u00e7\u00f5es, queda de galhos de \u00e1rvores e alagamentos em pontos da cidade. <\/p>\n<p>Se voc\u00ea vai sair de casa, redobre a aten\u00e7\u00e3o. Durante as rajadas de vento, n\u00e3o se abrigue debaixo de \u00e1rvores \u2013 al\u00e9m do risco de queda de galhos, h\u00e1 chance de descargas el\u00e9tricas. Tamb\u00e9m evite estacionar perto de torres de transmiss\u00e3o e placas de propaganda.<\/p>\n<p>Para mais informa\u00e7\u00f5es ou em caso de emerg\u00eancia, entre em contato com a Defesa Civil pelo telefone 199 ou com o Corpo de Bombeiros pelo 193.<\/p>\n<section class=\"virals\">\n<article class=\"cardnews cardnews--post cardnews--has-thumbnail cardnews--editorial-noticias\"> <a href=\"https:\/\/www.tribunapr.com.br\/noticias\/curitiba-regiao\/novo-viaduto-de-curitiba-recebe-vigas-gigantes-em-nova-etapa-de-obra\/?utm_source=noticias-virais-rodape&amp;utm_medium=internal-tribuna&amp;utm_campaign=tribuna\" class=\"cardnews__postlink\"> <\/p>\n<div class=\"cardnews__image\" is-api-thumb=\"\"><img decoding=\"async\" src=\"https:\/\/www.tribunapr.com.br\/wp-content\/uploads\/2025\/09\/02071907\/00513295-370x210.jpg\" loading=\"lazy\" alt=\"Curitiba avan\u00e7a: viaduto recebe vigas gigantes em nova etapa!\"\/><\/div>\n<div class=\"cardnews__content cardhome__content\">\n<div class=\"cardnews__content-wrapper\">\n<p> <span style=\"\"> Obras e desvios! <\/span> <\/p>\n<p>Curitiba avan\u00e7a: viaduto recebe vigas gigantes em nova etapa!<\/p>\n<\/p><\/div>\n<\/p><\/div>\n<p> <\/a> <\/article>\n<article class=\"cardnews cardnews--post cardnews--has-thumbnail cardnews--editorial-noticias\"> <a href=\"https:\/\/www.tribunapr.com.br\/mais-pop\/william-bonner-deixa-jornal-nacional-apos-27-anos\/?utm_source=noticias-virais-rodape&amp;utm_medium=internal-tribuna&amp;utm_campaign=tribuna\" class=\"cardnews__postlink\"> <\/p>\n<div class=\"cardnews__image\" is-api-thumb=\"\"><img decoding=\"async\" src=\"https:\/\/www.tribunapr.com.br\/wp-content\/uploads\/2025\/09\/01190336\/William-Bonner-370x210.jpg\" loading=\"lazy\" alt=\"William Bonner surpreende com an\u00fancio ao vivo no Jornal Nacional\"\/><\/div>\n<div class=\"cardnews__content cardhome__content\">\n<div class=\"cardnews__content-wrapper\">\n<p> <span style=\"\"> Telejornalismo <\/span> <\/p>\n<p>William Bonner surpreende com an\u00fancio ao vivo no Jornal Nacional<\/p>\n<\/p><\/div>\n<\/p><\/div>\n<p> <\/a> <\/article>\n<article class=\"cardnews cardnews--post cardnews--has-thumbnail cardnews--editorial-noticias\"> <a href=\"https:\/\/www.tribunapr.com.br\/blogs\/rango-barateza\/lenda-pirata-provoca-a-busca-pelo-hamburguer-perfeito-em-curitiba\/?utm_source=noticias-virais-rodape&amp;utm_medium=internal-tribuna&amp;utm_campaign=tribuna\" class=\"cardnews__postlink\"> <\/p>\n<div class=\"cardnews__image\" is-api-thumb=\"\"><img decoding=\"async\" src=\"https:\/\/www.tribunapr.com.br\/wp-content\/uploads\/2022\/10\/29074252\/jack-01-970x550-1-370x210.webp\" loading=\"lazy\" alt=\"A lenda do pirata que guia a busca pelo hamb\u00farguer perfeito em Curitiba\"\/><\/div>\n<div class=\"cardnews__content cardhome__content\">\n<div class=\"cardnews__content-wrapper\">\n<p> <span style=\"\"> Rango Barateza! <\/span> <\/p>\n<p>A lenda do pirata que guia a busca pelo hamb\u00farguer perfeito em Curitiba<\/p>\n<\/p><\/div>\n<\/p><\/div>\n<p> <\/a> <\/article>\n<\/section>\n<section class=\"whatsapp-groups\">\n<div class=\"whatsapp-groups__image\"> <img decoding=\"async\" src=\"https:\/\/www.tribunapr.com.br\/resources\/images\/blocks\/whatsapp-groups\/logo-whatsapp.png\" alt=\"Grupos de WhatsApp da Tribuna\" loading=\"lazy\"\/> <\/div>\n<div class=\"whatsapp-groups__body\">\n<p> Receba Not\u00edcias no seu WhatsApp! <\/p>\n<p> Receba as not\u00edcias do seu bairro e do seu time pelo WhatsApp. <\/p>\n<p> <a href=\"https:\/\/www.tribunapr.com.br\/grupos-de-whatsapp-da-tribuna\/\" target=\"_blank\" class=\"whatsapp-groups__button\"> Participe dos Grupos da Tribuna <\/a> <\/div>\n<\/section><\/div>\n<p><a href=\"https:\/\/www.tribunapr.com.br\/noticias\/curitiba-regiao\/alerta-de-tempestade-encosta-em-curitiba-nesta-terca-feira\/\">Source link <\/a><\/p>","protected":false},"excerpt":{"rendered":"<p>A regi\u00e3o sul do Paran\u00e1 est\u00e1 sob um alerta de tempestade, que encosta em Curitiba, e promete n\u00e3o dar tr\u00e9gua pelas pr\u00f3ximas 22 horas. O aviso emitido pelo Instituto Nacional de Meteorologia (INMET) come\u00e7ou ao meio-dia desta ter\u00e7a-feira (02) e vai at\u00e9 \u00e0s 10 horas de quarta-feira (03). O grau de severidade \u00e9 classificado como [&hellip;]<\/p>\n","protected":false},"author":1,"featured_media":66883,"comment_status":"","ping_status":"","sticky":false,"template":"","format":"standard","meta":{"googlesitekit_rrm_CAow2JLhCw:productID":"","_gspb_post_css":"","maa_idioma":"","maa_pais":"","footnotes":""},"categories":[1],"tags":[],"class_list":["post-66882","post","type-post","status-publish","format-standard","has-post-thumbnail","hentry","category-ubirata"],"blocksy_meta":[],"yoast_head":"<!-- This site is optimized with the Yoast SEO Premium plugin v27.6 (Yoast SEO v27.6) - https:\/\/yoast.com\/product\/yoast-seo-premium-wordpress\/ -->\n<title>Alerta de tempestade encosta em Curitiba nesta ter\u00e7a-feira - Ubirat\u00e3 Online Not\u00edcias - A realidade ao seu alcance!<\/title>\n<meta name=\"description\" content=\"A regi\u00e3o sul do Paran\u00e1 est\u00e1 sob um alerta de tempestade, que encosta em Curitiba, e promete n\u00e3o dar tr\u00e9gua pelas pr\u00f3ximas 22 horas. O aviso emitido pelo\" \/>\n<meta name=\"robots\" content=\"index, follow, max-snippet:-1, max-image-preview:large, max-video-preview:-1\" \/>\n<link rel=\"canonical\" href=\"https:\/\/ubirataonline.com.br\/en\/alerta-de-tempestade-encosta-em-curitiba-nesta-terca-feira\/\" \/>\n<meta property=\"og:locale\" content=\"en_US\" \/>\n<meta property=\"og:type\" content=\"article\" \/>\n<meta property=\"og:title\" content=\"Alerta de tempestade encosta em Curitiba nesta ter\u00e7a-feira\" \/>\n<meta property=\"og:description\" content=\"A regi\u00e3o sul do Paran\u00e1 est\u00e1 sob um alerta de tempestade, que encosta em Curitiba, e promete n\u00e3o dar tr\u00e9gua pelas pr\u00f3ximas 22 horas. O aviso emitido pelo\" \/>\n<meta property=\"og:url\" content=\"https:\/\/ubirataonline.com.br\/en\/alerta-de-tempestade-encosta-em-curitiba-nesta-terca-feira\/\" \/>\n<meta property=\"og:site_name\" content=\"Ubirat\u00e3 Online Not\u00edcias - A realidade ao seu alcance!\" \/>\n<meta property=\"article:publisher\" content=\"https:\/\/www.facebook.com\/portalubirataonline\" \/>\n<meta property=\"article:author\" content=\"https:\/\/www.facebook.com\/portalubirataonline\" \/>\n<meta property=\"article:published_time\" content=\"2025-09-02T16:15:41+00:00\" \/>\n<meta property=\"og:image\" content=\"https:\/\/www.tribunapr.com.br\/wp-content\/uploads\/2025\/09\/02071907\/00513295-370x210.jpg\" \/>\n<meta name=\"author\" content=\"REDA\u00c7\u00c3O: UBIRAT\u00c3 ONLINE - F\u00c1BIO AUGUSTO CELESTINO\" \/>\n<meta name=\"twitter:card\" content=\"summary_large_image\" \/>\n<meta name=\"twitter:creator\" content=\"@x.com\/ubirataonline\" \/>\n<meta name=\"twitter:site\" content=\"@ubirataonline\" \/>\n<meta name=\"twitter:label1\" content=\"Written by\" \/>\n\t<meta name=\"twitter:data1\" content=\"REDA\u00c7\u00c3O: UBIRAT\u00c3 ONLINE - F\u00c1BIO AUGUSTO CELESTINO\" \/>\n\t<meta name=\"twitter:label2\" content=\"Est. reading time\" \/>\n\t<meta name=\"twitter:data2\" content=\"1 minute\" \/>\n<script type=\"application\/ld+json\" class=\"yoast-schema-graph\">{\"@context\":\"https:\\\/\\\/schema.org\",\"@graph\":[{\"@type\":\"NewsArticle\",\"@id\":\"https:\\\/\\\/ubirataonline.com.br\\\/alerta-de-tempestade-encosta-em-curitiba-nesta-terca-feira\\\/#article\",\"isPartOf\":{\"@id\":\"https:\\\/\\\/ubirataonline.com.br\\\/alerta-de-tempestade-encosta-em-curitiba-nesta-terca-feira\\\/\"},\"author\":{\"name\":\"REDA\u00c7\u00c3O: UBIRAT\u00c3 ONLINE - F\u00c1BIO AUGUSTO CELESTINO\",\"@id\":\"https:\\\/\\\/ubirataonline.com.br\\\/#\\\/schema\\\/person\\\/372f87bbd3fdd79b8556b84c98d0bc1c\"},\"headline\":\"Alerta de tempestade encosta em Curitiba nesta ter\u00e7a-feira\",\"datePublished\":\"2025-09-02T16:15:41+00:00\",\"mainEntityOfPage\":{\"@id\":\"https:\\\/\\\/ubirataonline.com.br\\\/alerta-de-tempestade-encosta-em-curitiba-nesta-terca-feira\\\/\"},\"wordCount\":279,\"publisher\":{\"@id\":\"https:\\\/\\\/ubirataonline.com.br\\\/#organization\"},\"image\":{\"@id\":\"https:\\\/\\\/ubirataonline.com.br\\\/alerta-de-tempestade-encosta-em-curitiba-nesta-terca-feira\\\/#primaryimage\"},\"thumbnailUrl\":\"https:\\\/\\\/ubirataonline.com.br\\\/wp-content\\\/uploads\\\/2025\\\/09\\\/Previsao-do-tempo-curitiba-chuva-intensa.jpg\",\"articleSection\":[\"Ubirat\u00e3\"],\"inLanguage\":\"en-US\",\"copyrightYear\":\"2025\",\"copyrightHolder\":{\"@id\":\"https:\\\/\\\/ubirataonline.com.br\\\/en\\\/#organization\"}},{\"@type\":\"WebPage\",\"@id\":\"https:\\\/\\\/ubirataonline.com.br\\\/alerta-de-tempestade-encosta-em-curitiba-nesta-terca-feira\\\/\",\"url\":\"https:\\\/\\\/ubirataonline.com.br\\\/alerta-de-tempestade-encosta-em-curitiba-nesta-terca-feira\\\/\",\"name\":\"Alerta de tempestade encosta em Curitiba nesta ter\u00e7a-feira - Ubirat\u00e3 Online Not\u00edcias - A realidade ao seu alcance!\",\"isPartOf\":{\"@id\":\"https:\\\/\\\/ubirataonline.com.br\\\/#website\"},\"primaryImageOfPage\":{\"@id\":\"https:\\\/\\\/ubirataonline.com.br\\\/alerta-de-tempestade-encosta-em-curitiba-nesta-terca-feira\\\/#primaryimage\"},\"image\":{\"@id\":\"https:\\\/\\\/ubirataonline.com.br\\\/alerta-de-tempestade-encosta-em-curitiba-nesta-terca-feira\\\/#primaryimage\"},\"thumbnailUrl\":\"https:\\\/\\\/ubirataonline.com.br\\\/wp-content\\\/uploads\\\/2025\\\/09\\\/Previsao-do-tempo-curitiba-chuva-intensa.jpg\",\"datePublished\":\"2025-09-02T16:15:41+00:00\",\"description\":\"A regi\u00e3o sul do Paran\u00e1 est\u00e1 sob um alerta de tempestade, que encosta em Curitiba, e promete n\u00e3o dar tr\u00e9gua pelas pr\u00f3ximas 22 horas. O aviso emitido pelo\",\"breadcrumb\":{\"@id\":\"https:\\\/\\\/ubirataonline.com.br\\\/alerta-de-tempestade-encosta-em-curitiba-nesta-terca-feira\\\/#breadcrumb\"},\"inLanguage\":\"en-US\",\"potentialAction\":[{\"@type\":\"ReadAction\",\"target\":[\"https:\\\/\\\/ubirataonline.com.br\\\/alerta-de-tempestade-encosta-em-curitiba-nesta-terca-feira\\\/\"]}]},{\"@type\":\"ImageObject\",\"inLanguage\":\"en-US\",\"@id\":\"https:\\\/\\\/ubirataonline.com.br\\\/alerta-de-tempestade-encosta-em-curitiba-nesta-terca-feira\\\/#primaryimage\",\"url\":\"https:\\\/\\\/ubirataonline.com.br\\\/wp-content\\\/uploads\\\/2025\\\/09\\\/Previsao-do-tempo-curitiba-chuva-intensa.jpg\",\"contentUrl\":\"https:\\\/\\\/ubirataonline.com.br\\\/wp-content\\\/uploads\\\/2025\\\/09\\\/Previsao-do-tempo-curitiba-chuva-intensa.jpg\",\"width\":1200,\"height\":800},{\"@type\":\"BreadcrumbList\",\"@id\":\"https:\\\/\\\/ubirataonline.com.br\\\/alerta-de-tempestade-encosta-em-curitiba-nesta-terca-feira\\\/#breadcrumb\",\"itemListElement\":[{\"@type\":\"ListItem\",\"position\":1,\"name\":\"In\u00edcio\",\"item\":\"https:\\\/\\\/ubirataonline.com.br\\\/\"},{\"@type\":\"ListItem\",\"position\":2,\"name\":\"Alerta de tempestade encosta em Curitiba nesta ter\u00e7a-feira\"}]},{\"@type\":\"WebSite\",\"@id\":\"https:\\\/\\\/ubirataonline.com.br\\\/#website\",\"url\":\"https:\\\/\\\/ubirataonline.com.br\\\/\",\"name\":\"Ubirat\u00e3 Online Not\u00edcias\",\"description\":\"Not\u00edcias de Ubirat\u00e3, regi\u00e3o, Brasil e mundo, com informa\u00e7\u00e3o atualizada e compromisso com o leitor.\",\"publisher\":{\"@id\":\"https:\\\/\\\/ubirataonline.com.br\\\/#organization\"},\"alternateName\":\"Ubirat\u00e3 Online\",\"potentialAction\":[{\"@type\":\"SearchAction\",\"target\":{\"@type\":\"EntryPoint\",\"urlTemplate\":\"https:\\\/\\\/ubirataonline.com.br\\\/?s={search_term_string}\"},\"query-input\":{\"@type\":\"PropertyValueSpecification\",\"valueRequired\":true,\"valueName\":\"search_term_string\"}}],\"inLanguage\":\"en-US\"},{\"@type\":[\"Organization\",\"Place\"],\"@id\":\"https:\\\/\\\/ubirataonline.com.br\\\/#organization\",\"name\":\"Ubirat\u00e3 Online Not\u00edcias\",\"alternateName\":\"Ubirat\u00e3 Online\",\"url\":\"https:\\\/\\\/ubirataonline.com.br\\\/\",\"logo\":{\"@id\":\"https:\\\/\\\/ubirataonline.com.br\\\/alerta-de-tempestade-encosta-em-curitiba-nesta-terca-feira\\\/#local-main-organization-logo\"},\"image\":{\"@id\":\"https:\\\/\\\/ubirataonline.com.br\\\/alerta-de-tempestade-encosta-em-curitiba-nesta-terca-feira\\\/#local-main-organization-logo\"},\"sameAs\":[\"https:\\\/\\\/www.facebook.com\\\/portalubirataonline\",\"https:\\\/\\\/x.com\\\/ubirataonline\",\"https:\\\/\\\/mastodon.social\\\/@ubirataonline\",\"https:\\\/\\\/www.facebook.com\\\/groups\\\/311144672285604\",\"https:\\\/\\\/www.facebook.com\\\/UBTAOnline\",\"https:\\\/\\\/www.instagram.com\\\/portalubirataonline\\\/\",\"https:\\\/\\\/twitter.com\\\/ubirataonline\"],\"description\":\"Somos um portal de not\u00edcias independente, criado em 5 de janeiro de 2009, com o objetivo de informar, conectar e valorizar a nossa comunidade de Ubirat\u00e3 e toda aregi\u00e3o. Com conte\u00fado atualizado, confi\u00e1vel e relevante, o Ubirat\u00e3 Online \u00e9 o seu espa\u00e7o para ficar por dentro dos principais acontecimentos locais, regionais, Brasil, Mundo e de interesse geral. Nosso compromisso \u00e9 com a verdade, a transpar\u00eancia e o respeito ao leitor.\",\"legalName\":\"UBIRATA ONLINE NOT\u00cdCIAS\",\"foundingDate\":\"2009-01-05\",\"numberOfEmployees\":{\"@type\":\"QuantitativeValue\",\"minValue\":\"1\",\"maxValue\":\"10\"},\"publishingPrinciples\":\"https:\\\/\\\/ubirataonline.com.br\\\/faq\\\/\",\"address\":{\"@id\":\"https:\\\/\\\/ubirataonline.com.br\\\/alerta-de-tempestade-encosta-em-curitiba-nesta-terca-feira\\\/#local-main-place-address\"},\"geo\":{\"@type\":\"GeoCoordinates\",\"latitude\":\"-24.5361401\",\"longitude\":\"-52.9921776\"},\"telephone\":[\"+5544998308235\"],\"contactPoint\":{\"@type\":\"ContactPoint\",\"email\":\"contato@ubirataonline.com.br\"},\"openingHoursSpecification\":{\"@type\":\"OpeningHoursSpecification\",\"dayOfWeek\":[\"Monday\",\"Tuesday\",\"Wednesday\",\"Thursday\",\"Friday\",\"Saturday\",\"Sunday\"],\"opens\":\"00:00\",\"closes\":\"23:59\"},\"email\":\"contato@ubirataonline.com.br\",\"vatID\":\"47.621.418\\\/0001-80\"},{\"@type\":\"Person\",\"@id\":\"https:\\\/\\\/ubirataonline.com.br\\\/#\\\/schema\\\/person\\\/372f87bbd3fdd79b8556b84c98d0bc1c\",\"name\":\"REDA\u00c7\u00c3O: UBIRAT\u00c3 ONLINE - F\u00c1BIO AUGUSTO CELESTINO\",\"pronouns\":\"Ele\",\"description\":\"Desde 2003 trabalhando com not\u00edcias.\",\"sameAs\":[\"http:\\\/\\\/ubirataoline.com.br\",\"https:\\\/\\\/www.facebook.com\\\/portalubirataonline\",\"https:\\\/\\\/www.instagram.com\\\/ubirataonline_oficial\",\"https:\\\/\\\/x.com\\\/x.com\\\/ubirataonline\"],\"honorificPrefix\":\"Mr.\",\"honorificSuffix\":\"MD\",\"birthDate\":\"1980-06-16\",\"gender\":\"masculino\",\"award\":[\"V\u00e1rios pr\u00eamios de melhor portal da cidade\"],\"jobTitle\":\"Diretor\",\"url\":\"https:\\\/\\\/ubirataonline.com.br\\\/en\\\/author\\\/ubirataonline\\\/\"},{\"@type\":\"PostalAddress\",\"@id\":\"https:\\\/\\\/ubirataonline.com.br\\\/alerta-de-tempestade-encosta-em-curitiba-nesta-terca-feira\\\/#local-main-place-address\",\"streetAddress\":\"Rua dos Coqueiros, 104 - Bairro Boa Vista, Rua dos Coqueiros, 104 Bairro Boa Vista\",\"addressLocality\":\"UBIRATA\",\"postalCode\":\"85440-000\",\"addressRegion\":\"PR\",\"addressCountry\":\"BR\"},{\"@type\":\"ImageObject\",\"inLanguage\":\"en-US\",\"@id\":\"https:\\\/\\\/ubirataonline.com.br\\\/alerta-de-tempestade-encosta-em-curitiba-nesta-terca-feira\\\/#local-main-organization-logo\",\"url\":\"https:\\\/\\\/ubirataonline.com.br\\\/wp-content\\\/uploads\\\/2026\\\/06\\\/logoubirataonline-1.webp\",\"contentUrl\":\"https:\\\/\\\/ubirataonline.com.br\\\/wp-content\\\/uploads\\\/2026\\\/06\\\/logoubirataonline-1.webp\",\"width\":500,\"height\":500,\"caption\":\"Ubirat\u00e3 Online Not\u00edcias\"}]}<\/script>\n<meta name=\"geo.placename\" content=\"UBIRATA\" \/>\n<meta name=\"geo.position\" content=\"-24.5361401;-52.9921776\" \/>\n<meta name=\"geo.region\" content=\"Brazil\" \/>\n<!-- \/ Yoast SEO Premium plugin. -->","yoast_head_json":{"title":"Alerta de tempestade encosta em Curitiba nesta ter\u00e7a-feira - Ubirat\u00e3 Online Not\u00edcias - A realidade ao seu alcance!","description":"A regi\u00e3o sul do Paran\u00e1 est\u00e1 sob um alerta de tempestade, que encosta em Curitiba, e promete n\u00e3o dar tr\u00e9gua pelas pr\u00f3ximas 22 horas. O aviso emitido pelo","robots":{"index":"index","follow":"follow","max-snippet":"max-snippet:-1","max-image-preview":"max-image-preview:large","max-video-preview":"max-video-preview:-1"},"canonical":"https:\/\/ubirataonline.com.br\/en\/alerta-de-tempestade-encosta-em-curitiba-nesta-terca-feira\/","og_locale":"en_US","og_type":"article","og_title":"Alerta de tempestade encosta em Curitiba nesta ter\u00e7a-feira","og_description":"A regi\u00e3o sul do Paran\u00e1 est\u00e1 sob um alerta de tempestade, que encosta em Curitiba, e promete n\u00e3o dar tr\u00e9gua pelas pr\u00f3ximas 22 horas. O aviso emitido pelo","og_url":"https:\/\/ubirataonline.com.br\/en\/alerta-de-tempestade-encosta-em-curitiba-nesta-terca-feira\/","og_site_name":"Ubirat\u00e3 Online Not\u00edcias - A realidade ao seu alcance!","article_publisher":"https:\/\/www.facebook.com\/portalubirataonline","article_author":"https:\/\/www.facebook.com\/portalubirataonline","article_published_time":"2025-09-02T16:15:41+00:00","og_image":[{"url":"https:\/\/www.tribunapr.com.br\/wp-content\/uploads\/2025\/09\/02071907\/00513295-370x210.jpg","type":"","width":"","height":""}],"author":"REDA\u00c7\u00c3O: UBIRAT\u00c3 ONLINE - F\u00c1BIO AUGUSTO CELESTINO","twitter_card":"summary_large_image","twitter_creator":"@x.com\/ubirataonline","twitter_site":"@ubirataonline","twitter_misc":{"Written by":"REDA\u00c7\u00c3O: UBIRAT\u00c3 ONLINE - F\u00c1BIO AUGUSTO CELESTINO","Est. reading time":"1 minute"},"schema":{"@context":"https:\/\/schema.org","@graph":[{"@type":"NewsArticle","@id":"https:\/\/ubirataonline.com.br\/alerta-de-tempestade-encosta-em-curitiba-nesta-terca-feira\/#article","isPartOf":{"@id":"https:\/\/ubirataonline.com.br\/alerta-de-tempestade-encosta-em-curitiba-nesta-terca-feira\/"},"author":{"name":"REDA\u00c7\u00c3O: UBIRAT\u00c3 ONLINE - F\u00c1BIO AUGUSTO CELESTINO","@id":"https:\/\/ubirataonline.com.br\/#\/schema\/person\/372f87bbd3fdd79b8556b84c98d0bc1c"},"headline":"Alerta de tempestade encosta em Curitiba nesta ter\u00e7a-feira","datePublished":"2025-09-02T16:15:41+00:00","mainEntityOfPage":{"@id":"https:\/\/ubirataonline.com.br\/alerta-de-tempestade-encosta-em-curitiba-nesta-terca-feira\/"},"wordCount":279,"publisher":{"@id":"https:\/\/ubirataonline.com.br\/#organization"},"image":{"@id":"https:\/\/ubirataonline.com.br\/alerta-de-tempestade-encosta-em-curitiba-nesta-terca-feira\/#primaryimage"},"thumbnailUrl":"https:\/\/ubirataonline.com.br\/wp-content\/uploads\/2025\/09\/Previsao-do-tempo-curitiba-chuva-intensa.jpg","articleSection":["Ubirat\u00e3"],"inLanguage":"en-US","copyrightYear":"2025","copyrightHolder":{"@id":"https:\/\/ubirataonline.com.br\/en\/#organization"}},{"@type":"WebPage","@id":"https:\/\/ubirataonline.com.br\/alerta-de-tempestade-encosta-em-curitiba-nesta-terca-feira\/","url":"https:\/\/ubirataonline.com.br\/alerta-de-tempestade-encosta-em-curitiba-nesta-terca-feira\/","name":"Alerta de tempestade encosta em Curitiba nesta ter\u00e7a-feira - Ubirat\u00e3 Online Not\u00edcias - A realidade ao seu alcance!","isPartOf":{"@id":"https:\/\/ubirataonline.com.br\/#website"},"primaryImageOfPage":{"@id":"https:\/\/ubirataonline.com.br\/alerta-de-tempestade-encosta-em-curitiba-nesta-terca-feira\/#primaryimage"},"image":{"@id":"https:\/\/ubirataonline.com.br\/alerta-de-tempestade-encosta-em-curitiba-nesta-terca-feira\/#primaryimage"},"thumbnailUrl":"https:\/\/ubirataonline.com.br\/wp-content\/uploads\/2025\/09\/Previsao-do-tempo-curitiba-chuva-intensa.jpg","datePublished":"2025-09-02T16:15:41+00:00","description":"A regi\u00e3o sul do Paran\u00e1 est\u00e1 sob um alerta de tempestade, que encosta em Curitiba, e promete n\u00e3o dar tr\u00e9gua pelas pr\u00f3ximas 22 horas. O aviso emitido pelo","breadcrumb":{"@id":"https:\/\/ubirataonline.com.br\/alerta-de-tempestade-encosta-em-curitiba-nesta-terca-feira\/#breadcrumb"},"inLanguage":"en-US","potentialAction":[{"@type":"ReadAction","target":["https:\/\/ubirataonline.com.br\/alerta-de-tempestade-encosta-em-curitiba-nesta-terca-feira\/"]}]},{"@type":"ImageObject","inLanguage":"en-US","@id":"https:\/\/ubirataonline.com.br\/alerta-de-tempestade-encosta-em-curitiba-nesta-terca-feira\/#primaryimage","url":"https:\/\/ubirataonline.com.br\/wp-content\/uploads\/2025\/09\/Previsao-do-tempo-curitiba-chuva-intensa.jpg","contentUrl":"https:\/\/ubirataonline.com.br\/wp-content\/uploads\/2025\/09\/Previsao-do-tempo-curitiba-chuva-intensa.jpg","width":1200,"height":800},{"@type":"BreadcrumbList","@id":"https:\/\/ubirataonline.com.br\/alerta-de-tempestade-encosta-em-curitiba-nesta-terca-feira\/#breadcrumb","itemListElement":[{"@type":"ListItem","position":1,"name":"In\u00edcio","item":"https:\/\/ubirataonline.com.br\/"},{"@type":"ListItem","position":2,"name":"Alerta de tempestade encosta em Curitiba nesta ter\u00e7a-feira"}]},{"@type":"WebSite","@id":"https:\/\/ubirataonline.com.br\/#website","url":"https:\/\/ubirataonline.com.br\/","name":"Ubirat\u00e3 Online Not\u00edcias","description":"Not\u00edcias de Ubirat\u00e3, regi\u00e3o, Brasil e mundo, com informa\u00e7\u00e3o atualizada e compromisso com o leitor.","publisher":{"@id":"https:\/\/ubirataonline.com.br\/#organization"},"alternateName":"Ubirat\u00e3 Online","potentialAction":[{"@type":"SearchAction","target":{"@type":"EntryPoint","urlTemplate":"https:\/\/ubirataonline.com.br\/?s={search_term_string}"},"query-input":{"@type":"PropertyValueSpecification","valueRequired":true,"valueName":"search_term_string"}}],"inLanguage":"en-US"},{"@type":["Organization","Place"],"@id":"https:\/\/ubirataonline.com.br\/#organization","name":"Ubirat\u00e3 Online Not\u00edcias","alternateName":"Ubirat\u00e3 Online","url":"https:\/\/ubirataonline.com.br\/","logo":{"@id":"https:\/\/ubirataonline.com.br\/alerta-de-tempestade-encosta-em-curitiba-nesta-terca-feira\/#local-main-organization-logo"},"image":{"@id":"https:\/\/ubirataonline.com.br\/alerta-de-tempestade-encosta-em-curitiba-nesta-terca-feira\/#local-main-organization-logo"},"sameAs":["https:\/\/www.facebook.com\/portalubirataonline","https:\/\/x.com\/ubirataonline","https:\/\/mastodon.social\/@ubirataonline","https:\/\/www.facebook.com\/groups\/311144672285604","https:\/\/www.facebook.com\/UBTAOnline","https:\/\/www.instagram.com\/portalubirataonline\/","https:\/\/twitter.com\/ubirataonline"],"description":"Somos um portal de not\u00edcias independente, criado em 5 de janeiro de 2009, com o objetivo de informar, conectar e valorizar a nossa comunidade de Ubirat\u00e3 e toda aregi\u00e3o. Com conte\u00fado atualizado, confi\u00e1vel e relevante, o Ubirat\u00e3 Online \u00e9 o seu espa\u00e7o para ficar por dentro dos principais acontecimentos locais, regionais, Brasil, Mundo e de interesse geral. Nosso compromisso \u00e9 com a verdade, a transpar\u00eancia e o respeito ao leitor.","legalName":"UBIRATA ONLINE NOT\u00cdCIAS","foundingDate":"2009-01-05","numberOfEmployees":{"@type":"QuantitativeValue","minValue":"1","maxValue":"10"},"publishingPrinciples":"https:\/\/ubirataonline.com.br\/faq\/","address":{"@id":"https:\/\/ubirataonline.com.br\/alerta-de-tempestade-encosta-em-curitiba-nesta-terca-feira\/#local-main-place-address"},"geo":{"@type":"GeoCoordinates","latitude":"-24.5361401","longitude":"-52.9921776"},"telephone":["+5544998308235"],"contactPoint":{"@type":"ContactPoint","email":"contato@ubirataonline.com.br"},"openingHoursSpecification":{"@type":"OpeningHoursSpecification","dayOfWeek":["Monday","Tuesday","Wednesday","Thursday","Friday","Saturday","Sunday"],"opens":"00:00","closes":"23:59"},"email":"contato@ubirataonline.com.br","vatID":"47.621.418\/0001-80"},{"@type":"Person","@id":"https:\/\/ubirataonline.com.br\/#\/schema\/person\/372f87bbd3fdd79b8556b84c98d0bc1c","name":"REDA\u00c7\u00c3O: UBIRAT\u00c3 ONLINE - F\u00c1BIO AUGUSTO CELESTINO","pronouns":"Ele","description":"Desde 2003 trabalhando com not\u00edcias.","sameAs":["http:\/\/ubirataoline.com.br","https:\/\/www.facebook.com\/portalubirataonline","https:\/\/www.instagram.com\/ubirataonline_oficial","https:\/\/x.com\/x.com\/ubirataonline"],"honorificPrefix":"Mr.","honorificSuffix":"MD","birthDate":"1980-06-16","gender":"masculino","award":["V\u00e1rios pr\u00eamios de melhor portal da cidade"],"jobTitle":"Diretor","url":"https:\/\/ubirataonline.com.br\/en\/author\/ubirataonline\/"},{"@type":"PostalAddress","@id":"https:\/\/ubirataonline.com.br\/alerta-de-tempestade-encosta-em-curitiba-nesta-terca-feira\/#local-main-place-address","streetAddress":"Rua dos Coqueiros, 104 - Bairro Boa Vista, Rua dos Coqueiros, 104 Bairro Boa Vista","addressLocality":"UBIRATA","postalCode":"85440-000","addressRegion":"PR","addressCountry":"BR"},{"@type":"ImageObject","inLanguage":"en-US","@id":"https:\/\/ubirataonline.com.br\/alerta-de-tempestade-encosta-em-curitiba-nesta-terca-feira\/#local-main-organization-logo","url":"https:\/\/ubirataonline.com.br\/wp-content\/uploads\/2026\/06\/logoubirataonline-1.webp","contentUrl":"https:\/\/ubirataonline.com.br\/wp-content\/uploads\/2026\/06\/logoubirataonline-1.webp","width":500,"height":500,"caption":"Ubirat\u00e3 Online Not\u00edcias"}]},"geo.placename":"UBIRATA","geo.position":{"lat":"-24.5361401","long":"-52.9921776"},"geo.region":"Brazil"},"_links":{"self":[{"href":"https:\/\/ubirataonline.com.br\/en\/wp-json\/wp\/v2\/posts\/66882","targetHints":{"allow":["GET"]}}],"collection":[{"href":"https:\/\/ubirataonline.com.br\/en\/wp-json\/wp\/v2\/posts"}],"about":[{"href":"https:\/\/ubirataonline.com.br\/en\/wp-json\/wp\/v2\/types\/post"}],"author":[{"embeddable":true,"href":"https:\/\/ubirataonline.com.br\/en\/wp-json\/wp\/v2\/users\/1"}],"replies":[{"embeddable":true,"href":"https:\/\/ubirataonline.com.br\/en\/wp-json\/wp\/v2\/comments?post=66882"}],"version-history":[{"count":0,"href":"https:\/\/ubirataonline.com.br\/en\/wp-json\/wp\/v2\/posts\/66882\/revisions"}],"wp:featuredmedia":[{"embeddable":true,"href":"https:\/\/ubirataonline.com.br\/en\/wp-json\/wp\/v2\/media\/66883"}],"wp:attachment":[{"href":"https:\/\/ubirataonline.com.br\/en\/wp-json\/wp\/v2\/media?parent=66882"}],"wp:term":[{"taxonomy":"category","embeddable":true,"href":"https:\/\/ubirataonline.com.br\/en\/wp-json\/wp\/v2\/categories?post=66882"},{"taxonomy":"post_tag","embeddable":true,"href":"https:\/\/ubirataonline.com.br\/en\/wp-json\/wp\/v2\/tags?post=66882"}],"curies":[{"name":"wp","href":"https:\/\/api.w.org\/{rel}","templated":true}]}}